{"id":127652,"date":"2019-08-03T20:12:17","date_gmt":"2019-08-03T20:12:17","guid":{"rendered":"http:\/\/candas365.es\/noticias\/?p=127652"},"modified":"2019-08-03T20:12:17","modified_gmt":"2019-08-03T20:12:17","slug":"fin-de-semana-de-charangas-en-candas","status":"publish","type":"post","link":"https:\/\/candas365.es\/noticias\/fin-de-semana-de-charangas-en-candas\/","title":{"rendered":"Fin de semana de \u201cCharangas\u201d en Cand\u00e1s"},"content":{"rendered":"<p><img fetchpriority=\"high\" decoding=\"async\" class=\"alignleft size-medium wp-image-127653\" src=\"https:\/\/candas365.es\/noticias\/wp-content\/uploads\/2019\/08\/music-647921_960_720-360x240.jpg\" alt=\"\" width=\"360\" height=\"240\" srcset=\"https:\/\/candas365.es\/noticias\/wp-content\/uploads\/2019\/08\/music-647921_960_720-360x240.jpg 360w, https:\/\/candas365.es\/noticias\/wp-content\/uploads\/2019\/08\/music-647921_960_720-768x512.jpg 768w, https:\/\/candas365.es\/noticias\/wp-content\/uploads\/2019\/08\/music-647921_960_720-655x437.jpg 655w, https:\/\/candas365.es\/noticias\/wp-content\/uploads\/2019\/08\/music-647921_960_720-696x464.jpg 696w, https:\/\/candas365.es\/noticias\/wp-content\/uploads\/2019\/08\/music-647921_960_720-630x420.jpg 630w, https:\/\/candas365.es\/noticias\/wp-content\/uploads\/2019\/08\/music-647921_960_720.jpg 960w\" sizes=\"(max-width: 360px) 100vw, 360px\" \/>La charanga candasina \u201cPepe el Chelo y sus marchosos\u201d en colaboraci\u00f3n el Ayuntamiento de Carre\u00f1o, organiza este fin de semana el <strong>\u201cVI Festival Internacional de Charangas\u201d Memorial Jos\u00e9 Manuel Mu\u00f1iz \u201cCol\u00f3n\u201d<\/strong> dos d\u00edas, <strong>3 y 4 de agosto<\/strong>, en los que las 7 fanfarrias participantes en esta edici\u00f3n ser\u00e1n las encargadas de llevar la m\u00fasica, el baile, el espect\u00e1culo, la luz, el color,\u2026 por las calles de la villa de Cand\u00e1s.<\/p>\n<p>En esta ocasi\u00f3n participan:<\/p>\n<p>\u2022 Charanga Disonancia-Huelva<br \/>\n\u2022 Charanga Los Cuatro Gatos- Le\u00f3n<br \/>\n\u2022 Charanga TNT-Galicia<br \/>\n\u2022 Charanga Super Panela-Francia<br \/>\n\u2022 Charanga Desmadre Orkesta-Argentina<br \/>\n\u2022 Charanga 101 Brass Band-Tenerife<br \/>\n\u2022 Charanga Pepe el Chelo y sus marchosos-de Cand\u00e1s (Asturias)<\/p>\n<p>\u201cEntre las novedades de esta sexta edici\u00f3n resalta que el Memorial, por primera vez en sus seis a\u00f1os de existencia pasa a ser internacional con la participaci\u00f3n de dos grupos, uno procedente del pa\u00eds vecino de Francia y el otro de Argentina. Tambi\u00e9n se ha cambiado el d\u00eda y la hora del acto principal, en el que participan todas las agrupaciones. Este ten\u00eda lugar en la noche del s\u00e1bado en el Parque de Les Conserveres, pero este a\u00f1o se celebrar\u00e1 en el mismo parque en la tarde del domingo a las 20:00 horas\u201d se\u00f1al\u00f3 Paula cuervo-Concejala de Festejos.<\/p>\n<p>\u201cDe esta forma en la Plaza de La Baraga\u00f1a acoger\u00e1 en la noche del s\u00e1bado, a partir de las 23:59 horas, un concierto en el que participar\u00e1n las fanfarrias de Argentina, Francia y Tenerife. Adem\u00e1s para que los y las fans de cada una de las agrupaciones puedan seguirlas en el programa de actos del festival viene recogido el horario en el que cada grupo desfilar\u00e1 y actuar\u00e1, indicando el recorrido de las calles por la que discurrir\u00e1\u201d relat\u00f3 la Edil.<\/p>\n<p>\u201cEl programa de actos dar\u00e1 comienzo ma\u00f1ana s\u00e1bado 3 de agosto a las 11:00 en la Plaza de La Baraga\u00f1a con la lectura del preg\u00f3n. La cual correr\u00e1 a cargo de V\u00edctor P\u00e9rez San Roque, componente de la Charanga \u201cDisonancia\u201d, con la que la agrupaci\u00f3n tiene unos fuertes lazos de amistad y una estrecha colaboraci\u00f3n como lo demuestra la presencia de la fanfarria candasina el pasado junio en la fiesta tradicional de \u201cLa Vel\u00e1 de San Juan\u201d en municipio onubense de Bollulos Par del Condado de donde es originaria la Charanga \u201cDisonancia\u201d prosigui\u00f3 Cuervo<\/p>\n<p>\u201cM\u00fasica, espect\u00e1culo y humor se fusionar\u00e1n para protagonizar un maravilloso fin de semana en Cand\u00e1s, donde el p\u00fablico asistente, sin duda alguna, disfrutar\u00e1 de la gran variedad y riqueza de estilos musicales y espect\u00e1culos juntados para la ocasi\u00f3n y predispuestos a pasar un fin de semana inolvidable, con el objetivo de que este VI Festival de Fanfarrias ponga el punto final a unas Fiestas de San F\u00e9lix inolvidables\u201d finaliz\u00f3 la Concejala.<\/p>\n<p>El evento musical contar\u00e1 con la participaci\u00f3n de 7 charangas y fanfarrias de distintos puntos de la geograf\u00eda nacional y regional.<\/p>\n<p>&nbsp;<\/p>\n","protected":false},"excerpt":{"rendered":"<p>La charanga candasina \u201cPepe el Chelo y sus marchosos\u201d en colaboraci\u00f3n el Ayuntamiento de Carre\u00f1o, organiza este fin de semana el \u201cVI Festival Internacional de Charangas\u201d Memorial Jos\u00e9 Manuel Mu\u00f1iz \u201cCol\u00f3n\u201d dos d\u00edas, 3 y 4 de agosto, en los que las 7 fanfarrias participantes en esta edici\u00f3n ser\u00e1n las encargadas de llevar la m\u00fasica,<\/p>\n","protected":false},"author":1,"featured_media":127653,"comment_status":"closed","ping_status":"closed","sticky":false,"template":"","format":"standard","meta":{"footnotes":""},"categories":[2],"tags":[],"class_list":{"0":"post-127652","1":"post","2":"type-post","3":"status-publish","4":"format-standard","5":"has-post-thumbnail","7":"category-noticias-carreno"},"aioseo_notices":[],"aioseo_head":"\n\t\t<!-- All in One SEO Pro 4.9.6.2 - aioseo.com -->\n\t<meta name=\"description\" content=\"La charanga candasina \u201cPepe el Chelo y sus marchosos\u201d en colaboraci\u00f3n el Ayuntamiento de Carre\u00f1o, organiza este fin de semana el \u201cVI Festival Internacional de Charangas\u201d Memorial Jos\u00e9 Manuel Mu\u00f1iz \u201cCol\u00f3n\u201d dos d\u00edas, 3 y 4 de agosto, en los que las 7 fanfarrias participantes en esta edici\u00f3n ser\u00e1n las encargadas de llevar la m\u00fasica,\" \/>\n\t<meta name=\"robots\" content=\"max-image-preview:large\" \/>\n\t<meta name=\"author\" content=\"Cand\u00e1s 365\"\/>\n\t<meta name=\"google-site-verification\" content=\"UA-32230408-1\" \/>\n\t<meta name=\"msvalidate.01\" content=\"354F3CDFB2DA171B47FBE9ABF1F88D5\" \/>\n\t<meta name=\"keywords\" content=\"noticias carre\u00f1o\" \/>\n\t<link rel=\"canonical\" href=\"https:\/\/candas365.es\/noticias\/fin-de-semana-de-charangas-en-candas\/\" \/>\n\t<meta name=\"generator\" content=\"All in One SEO Pro (AIOSEO) 4.9.6.2\" \/>\n\t\t<meta property=\"og:locale\" content=\"es_ES\" \/>\n\t\t<meta property=\"og:site_name\" content=\"Cand\u00e1s 365\" \/>\n\t\t<meta property=\"og:type\" content=\"article\" \/>\n\t\t<meta property=\"og:title\" content=\"Fin de semana de \u201cCharangas\u201d en Cand\u00e1s | Cand\u00e1s 365\" \/>\n\t\t<meta property=\"og:description\" content=\"La charanga candasina \u201cPepe el Chelo y sus marchosos\u201d en colaboraci\u00f3n el Ayuntamiento de Carre\u00f1o, organiza este fin de semana el \u201cVI Festival Internacional de Charangas\u201d Memorial Jos\u00e9 Manuel Mu\u00f1iz \u201cCol\u00f3n\u201d dos d\u00edas, 3 y 4 de agosto, en los que las 7 fanfarrias participantes en esta edici\u00f3n ser\u00e1n las encargadas de llevar la m\u00fasica,\" \/>\n\t\t<meta property=\"og:url\" content=\"https:\/\/candas365.es\/noticias\/fin-de-semana-de-charangas-en-candas\/\" \/>\n\t\t<meta property=\"og:image\" content=\"https:\/\/candas365.es\/noticias\/wp-content\/uploads\/2019\/08\/music-647921_960_720.jpg\" \/>\n\t\t<meta property=\"og:image:secure_url\" content=\"https:\/\/candas365.es\/noticias\/wp-content\/uploads\/2019\/08\/music-647921_960_720.jpg\" \/>\n\t\t<meta property=\"og:image:width\" content=\"960\" \/>\n\t\t<meta property=\"og:image:height\" content=\"640\" \/>\n\t\t<meta property=\"article:published_time\" content=\"2019-08-03T20:12:17+00:00\" \/>\n\t\t<meta property=\"article:modified_time\" content=\"2019-08-03T20:12:17+00:00\" \/>\n\t\t<meta property=\"article:publisher\" content=\"https:\/\/www.facebook.com\/Nachofdezber\" \/>\n\t\t<meta property=\"article:author\" content=\"https:\/\/www.facebook.com\/carrenoactualidad\" \/>\n\t\t<meta name=\"twitter:card\" content=\"summary_large_image\" \/>\n\t\t<meta name=\"twitter:site\" content=\"@NabercoDigital\" \/>\n\t\t<meta name=\"twitter:title\" content=\"Fin de semana de \u201cCharangas\u201d en Cand\u00e1s | Cand\u00e1s 365\" \/>\n\t\t<meta name=\"twitter:description\" content=\"La charanga candasina \u201cPepe el Chelo y sus marchosos\u201d en colaboraci\u00f3n el Ayuntamiento de Carre\u00f1o, organiza este fin de semana el \u201cVI Festival Internacional de Charangas\u201d Memorial Jos\u00e9 Manuel Mu\u00f1iz \u201cCol\u00f3n\u201d dos d\u00edas, 3 y 4 de agosto, en los que las 7 fanfarrias participantes en esta edici\u00f3n ser\u00e1n las encargadas de llevar la m\u00fasica,\" \/>\n\t\t<meta name=\"twitter:creator\" content=\"@nbasturias\" \/>\n\t\t<meta name=\"twitter:image\" content=\"https:\/\/candas365.es\/noticias\/wp-content\/uploads\/2019\/08\/music-647921_960_720.jpg\" \/>\n\t\t<meta name=\"twitter:label1\" content=\"Escrito por\" \/>\n\t\t<meta name=\"twitter:data1\" content=\"Cand\u00e1s 365\" \/>\n\t\t<meta name=\"twitter:label2\" content=\"Tiempo de lectura estimado\" \/>\n\t\t<meta name=\"twitter:data2\" content=\"3 minutos\" \/>\n\t\t<script type=\"application\/ld+json\" class=\"aioseo-schema\">\n\t\t\t{\"@context\":\"https:\\\/\\\/schema.org\",\"@graph\":[{\"@type\":\"BreadcrumbList\",\"@id\":\"https:\\\/\\\/candas365.es\\\/noticias\\\/fin-de-semana-de-charangas-en-candas\\\/#breadcrumblist\",\"itemListElement\":[{\"@type\":\"ListItem\",\"@id\":\"https:\\\/\\\/candas365.es\\\/noticias#listItem\",\"position\":1,\"name\":\"Home\",\"item\":\"https:\\\/\\\/candas365.es\\\/noticias\",\"nextItem\":{\"@type\":\"ListItem\",\"@id\":\"https:\\\/\\\/candas365.es\\\/noticias\\\/category\\\/noticias-carreno\\\/#listItem\",\"name\":\"Noticias Carre\\u00f1o\"}},{\"@type\":\"ListItem\",\"@id\":\"https:\\\/\\\/candas365.es\\\/noticias\\\/category\\\/noticias-carreno\\\/#listItem\",\"position\":2,\"name\":\"Noticias Carre\\u00f1o\",\"item\":\"https:\\\/\\\/candas365.es\\\/noticias\\\/category\\\/noticias-carreno\\\/\",\"nextItem\":{\"@type\":\"ListItem\",\"@id\":\"https:\\\/\\\/candas365.es\\\/noticias\\\/fin-de-semana-de-charangas-en-candas\\\/#listItem\",\"name\":\"Fin de semana de \\u201cCharangas\\u201d en Cand\\u00e1s\"},\"previousItem\":{\"@type\":\"ListItem\",\"@id\":\"https:\\\/\\\/candas365.es\\\/noticias#listItem\",\"name\":\"Home\"}},{\"@type\":\"ListItem\",\"@id\":\"https:\\\/\\\/candas365.es\\\/noticias\\\/fin-de-semana-de-charangas-en-candas\\\/#listItem\",\"position\":3,\"name\":\"Fin de semana de \\u201cCharangas\\u201d en Cand\\u00e1s\",\"previousItem\":{\"@type\":\"ListItem\",\"@id\":\"https:\\\/\\\/candas365.es\\\/noticias\\\/category\\\/noticias-carreno\\\/#listItem\",\"name\":\"Noticias Carre\\u00f1o\"}}]},{\"@type\":\"NewsArticle\",\"@id\":\"https:\\\/\\\/candas365.es\\\/noticias\\\/fin-de-semana-de-charangas-en-candas\\\/#newsarticle\",\"name\":\"Fin de semana de \\u201cCharangas\\u201d en Cand\\u00e1s | Cand\\u00e1s 365\",\"headline\":\"Fin de semana de \\u201cCharangas\\u201d en Cand\\u00e1s\",\"author\":{\"@id\":\"https:\\\/\\\/candas365.es\\\/noticias\\\/author\\\/admin\\\/#author\"},\"publisher\":{\"@id\":\"https:\\\/\\\/candas365.es\\\/noticias\\\/#organization\"},\"image\":{\"@type\":\"ImageObject\",\"url\":\"https:\\\/\\\/candas365.es\\\/noticias\\\/wp-content\\\/uploads\\\/2019\\\/08\\\/music-647921_960_720.jpg\",\"width\":960,\"height\":640},\"datePublished\":\"2019-08-03T20:12:17+02:00\",\"dateModified\":\"2019-08-03T20:12:17+02:00\",\"inLanguage\":\"es-ES\",\"mainEntityOfPage\":{\"@id\":\"https:\\\/\\\/candas365.es\\\/noticias\\\/fin-de-semana-de-charangas-en-candas\\\/#webpage\"},\"isPartOf\":{\"@id\":\"https:\\\/\\\/candas365.es\\\/noticias\\\/fin-de-semana-de-charangas-en-candas\\\/#webpage\"},\"articleSection\":\"Noticias Carre\\u00f1o\",\"dateline\":\"Publicado el agosto 3, 2019.\"},{\"@type\":\"Organization\",\"@id\":\"https:\\\/\\\/candas365.es\\\/noticias\\\/#organization\",\"name\":\"Cand\\u00e1s 365\",\"description\":\"Cand\\u00e1s 365 es un diario digital independiente, fundado en 2012, con base en Asturias. Informamos con rigor sobre actualidad, sociedad, cultura y ocio, con una mirada local y global.\",\"url\":\"https:\\\/\\\/candas365.es\\\/noticias\\\/\",\"email\":\"info@candas365.es\",\"telephone\":\"+34652131393\",\"foundingDate\":\"2012-06-10\",\"logo\":{\"@type\":\"ImageObject\",\"url\":\"https:\\\/\\\/candas365.es\\\/noticias\\\/wp-content\\\/uploads\\\/2024\\\/09\\\/Candas-365-Redes.jpg\",\"@id\":\"https:\\\/\\\/candas365.es\\\/noticias\\\/fin-de-semana-de-charangas-en-candas\\\/#organizationLogo\",\"width\":1152,\"height\":864,\"caption\":\"Cand\\u00e1s 365 Redes\"},\"image\":{\"@id\":\"https:\\\/\\\/candas365.es\\\/noticias\\\/fin-de-semana-de-charangas-en-candas\\\/#organizationLogo\"},\"sameAs\":[\"https:\\\/\\\/www.facebook.com\\\/Nachofdezber\",\"https:\\\/\\\/x.com\\\/NabercoDigital\",\"https:\\\/\\\/www.instagram.com\\\/nachofdezber\\\/\",\"https:\\\/\\\/www.youtube.com\\\/channel\\\/UCZP-2wLEB9Rv6erhFmqVnvg\"],\"address\":{\"@id\":\"https:\\\/\\\/candas365.es\\\/noticias\\\/#postaladdress\",\"@type\":\"PostalAddress\",\"streetAddress\":\"san antonio 4, san antonio 4\",\"postalCode\":\"33430\",\"addressLocality\":\"Cand\\u00e1s\",\"addressRegion\":\"Asturias\",\"addressCountry\":\"ES\"}},{\"@type\":\"Person\",\"@id\":\"https:\\\/\\\/candas365.es\\\/noticias\\\/author\\\/admin\\\/#author\",\"url\":\"https:\\\/\\\/candas365.es\\\/noticias\\\/author\\\/admin\\\/\",\"name\":\"Cand\\u00e1s 365\",\"image\":{\"@type\":\"ImageObject\",\"@id\":\"https:\\\/\\\/candas365.es\\\/noticias\\\/fin-de-semana-de-charangas-en-candas\\\/#authorImage\",\"url\":\"https:\\\/\\\/secure.gravatar.com\\\/avatar\\\/496a8e03d0c493ede1718b7934145dbdf8d89be1036b0eec9544e1094c9de390?s=96&d=mm&r=g\",\"width\":96,\"height\":96,\"caption\":\"Cand\\u00e1s 365\"},\"sameAs\":[\"https:\\\/\\\/www.facebook.com\\\/carrenoactualidad\",\"https:\\\/\\\/twitter.com\\\/nbasturias\",\"https:\\\/\\\/www.instagram.com\\\/nachofdezber\\\/\",\"https:\\\/\\\/www.youtube.com\\\/channel\\\/UCZP-2wLEB9Rv6erhFmqVnvg\"]},{\"@type\":\"WebPage\",\"@id\":\"https:\\\/\\\/candas365.es\\\/noticias\\\/fin-de-semana-de-charangas-en-candas\\\/#webpage\",\"url\":\"https:\\\/\\\/candas365.es\\\/noticias\\\/fin-de-semana-de-charangas-en-candas\\\/\",\"name\":\"Fin de semana de \\u201cCharangas\\u201d en Cand\\u00e1s | Cand\\u00e1s 365\",\"description\":\"La charanga candasina \\u201cPepe el Chelo y sus marchosos\\u201d en colaboraci\\u00f3n el Ayuntamiento de Carre\\u00f1o, organiza este fin de semana el \\u201cVI Festival Internacional de Charangas\\u201d Memorial Jos\\u00e9 Manuel Mu\\u00f1iz \\u201cCol\\u00f3n\\u201d dos d\\u00edas, 3 y 4 de agosto, en los que las 7 fanfarrias participantes en esta edici\\u00f3n ser\\u00e1n las encargadas de llevar la m\\u00fasica,\",\"inLanguage\":\"es-ES\",\"isPartOf\":{\"@id\":\"https:\\\/\\\/candas365.es\\\/noticias\\\/#website\"},\"breadcrumb\":{\"@id\":\"https:\\\/\\\/candas365.es\\\/noticias\\\/fin-de-semana-de-charangas-en-candas\\\/#breadcrumblist\"},\"author\":{\"@id\":\"https:\\\/\\\/candas365.es\\\/noticias\\\/author\\\/admin\\\/#author\"},\"creator\":{\"@id\":\"https:\\\/\\\/candas365.es\\\/noticias\\\/author\\\/admin\\\/#author\"},\"image\":{\"@type\":\"ImageObject\",\"url\":\"https:\\\/\\\/candas365.es\\\/noticias\\\/wp-content\\\/uploads\\\/2019\\\/08\\\/music-647921_960_720.jpg\",\"@id\":\"https:\\\/\\\/candas365.es\\\/noticias\\\/fin-de-semana-de-charangas-en-candas\\\/#mainImage\",\"width\":960,\"height\":640},\"primaryImageOfPage\":{\"@id\":\"https:\\\/\\\/candas365.es\\\/noticias\\\/fin-de-semana-de-charangas-en-candas\\\/#mainImage\"},\"datePublished\":\"2019-08-03T20:12:17+02:00\",\"dateModified\":\"2019-08-03T20:12:17+02:00\"},{\"@type\":\"WebSite\",\"@id\":\"https:\\\/\\\/candas365.es\\\/noticias\\\/#website\",\"url\":\"https:\\\/\\\/candas365.es\\\/noticias\\\/\",\"name\":\"Cand\\u00e1s 365\",\"alternateName\":\"Cand\\u00e1s 365 Noticias\",\"description\":\"Actualidad desde Carre\\u00f1o para el mundo\",\"inLanguage\":\"es-ES\",\"publisher\":{\"@id\":\"https:\\\/\\\/candas365.es\\\/noticias\\\/#organization\"}}]}\n\t\t<\/script>\n\t\t<!-- All in One SEO Pro -->\r\n\t\t<title>Fin de semana de \u201cCharangas\u201d en Cand\u00e1s | Cand\u00e1s 365<\/title>\n\n","aioseo_head_json":{"title":"Fin de semana de \u201cCharangas\u201d en Cand\u00e1s | Cand\u00e1s 365","description":"La charanga candasina \u201cPepe el Chelo y sus marchosos\u201d en colaboraci\u00f3n el Ayuntamiento de Carre\u00f1o, organiza este fin de semana el \u201cVI Festival Internacional de Charangas\u201d Memorial Jos\u00e9 Manuel Mu\u00f1iz \u201cCol\u00f3n\u201d dos d\u00edas, 3 y 4 de agosto, en los que las 7 fanfarrias participantes en esta edici\u00f3n ser\u00e1n las encargadas de llevar la m\u00fasica,","canonical_url":"https:\/\/candas365.es\/noticias\/fin-de-semana-de-charangas-en-candas\/","robots":"max-image-preview:large","keywords":"noticias carre\u00f1o","webmasterTools":{"google-site-verification":"UA-32230408-1","msvalidate.01":"354F3CDFB2DA171B47FBE9ABF1F88D5","miscellaneous":""},"schema":{"@context":"https:\/\/schema.org","@graph":[{"@type":"BreadcrumbList","@id":"https:\/\/candas365.es\/noticias\/fin-de-semana-de-charangas-en-candas\/#breadcrumblist","itemListElement":[{"@type":"ListItem","@id":"https:\/\/candas365.es\/noticias#listItem","position":1,"name":"Home","item":"https:\/\/candas365.es\/noticias","nextItem":{"@type":"ListItem","@id":"https:\/\/candas365.es\/noticias\/category\/noticias-carreno\/#listItem","name":"Noticias Carre\u00f1o"}},{"@type":"ListItem","@id":"https:\/\/candas365.es\/noticias\/category\/noticias-carreno\/#listItem","position":2,"name":"Noticias Carre\u00f1o","item":"https:\/\/candas365.es\/noticias\/category\/noticias-carreno\/","nextItem":{"@type":"ListItem","@id":"https:\/\/candas365.es\/noticias\/fin-de-semana-de-charangas-en-candas\/#listItem","name":"Fin de semana de \u201cCharangas\u201d en Cand\u00e1s"},"previousItem":{"@type":"ListItem","@id":"https:\/\/candas365.es\/noticias#listItem","name":"Home"}},{"@type":"ListItem","@id":"https:\/\/candas365.es\/noticias\/fin-de-semana-de-charangas-en-candas\/#listItem","position":3,"name":"Fin de semana de \u201cCharangas\u201d en Cand\u00e1s","previousItem":{"@type":"ListItem","@id":"https:\/\/candas365.es\/noticias\/category\/noticias-carreno\/#listItem","name":"Noticias Carre\u00f1o"}}]},{"@type":"NewsArticle","@id":"https:\/\/candas365.es\/noticias\/fin-de-semana-de-charangas-en-candas\/#newsarticle","name":"Fin de semana de \u201cCharangas\u201d en Cand\u00e1s | Cand\u00e1s 365","headline":"Fin de semana de \u201cCharangas\u201d en Cand\u00e1s","author":{"@id":"https:\/\/candas365.es\/noticias\/author\/admin\/#author"},"publisher":{"@id":"https:\/\/candas365.es\/noticias\/#organization"},"image":{"@type":"ImageObject","url":"https:\/\/candas365.es\/noticias\/wp-content\/uploads\/2019\/08\/music-647921_960_720.jpg","width":960,"height":640},"datePublished":"2019-08-03T20:12:17+02:00","dateModified":"2019-08-03T20:12:17+02:00","inLanguage":"es-ES","mainEntityOfPage":{"@id":"https:\/\/candas365.es\/noticias\/fin-de-semana-de-charangas-en-candas\/#webpage"},"isPartOf":{"@id":"https:\/\/candas365.es\/noticias\/fin-de-semana-de-charangas-en-candas\/#webpage"},"articleSection":"Noticias Carre\u00f1o","dateline":"Publicado el agosto 3, 2019."},{"@type":"Organization","@id":"https:\/\/candas365.es\/noticias\/#organization","name":"Cand\u00e1s 365","description":"Cand\u00e1s 365 es un diario digital independiente, fundado en 2012, con base en Asturias. Informamos con rigor sobre actualidad, sociedad, cultura y ocio, con una mirada local y global.","url":"https:\/\/candas365.es\/noticias\/","email":"info@candas365.es","telephone":"+34652131393","foundingDate":"2012-06-10","logo":{"@type":"ImageObject","url":"https:\/\/candas365.es\/noticias\/wp-content\/uploads\/2024\/09\/Candas-365-Redes.jpg","@id":"https:\/\/candas365.es\/noticias\/fin-de-semana-de-charangas-en-candas\/#organizationLogo","width":1152,"height":864,"caption":"Cand\u00e1s 365 Redes"},"image":{"@id":"https:\/\/candas365.es\/noticias\/fin-de-semana-de-charangas-en-candas\/#organizationLogo"},"sameAs":["https:\/\/www.facebook.com\/Nachofdezber","https:\/\/x.com\/NabercoDigital","https:\/\/www.instagram.com\/nachofdezber\/","https:\/\/www.youtube.com\/channel\/UCZP-2wLEB9Rv6erhFmqVnvg"],"address":{"@id":"https:\/\/candas365.es\/noticias\/#postaladdress","@type":"PostalAddress","streetAddress":"san antonio 4, san antonio 4","postalCode":"33430","addressLocality":"Cand\u00e1s","addressRegion":"Asturias","addressCountry":"ES"}},{"@type":"Person","@id":"https:\/\/candas365.es\/noticias\/author\/admin\/#author","url":"https:\/\/candas365.es\/noticias\/author\/admin\/","name":"Cand\u00e1s 365","image":{"@type":"ImageObject","@id":"https:\/\/candas365.es\/noticias\/fin-de-semana-de-charangas-en-candas\/#authorImage","url":"https:\/\/secure.gravatar.com\/avatar\/496a8e03d0c493ede1718b7934145dbdf8d89be1036b0eec9544e1094c9de390?s=96&d=mm&r=g","width":96,"height":96,"caption":"Cand\u00e1s 365"},"sameAs":["https:\/\/www.facebook.com\/carrenoactualidad","https:\/\/twitter.com\/nbasturias","https:\/\/www.instagram.com\/nachofdezber\/","https:\/\/www.youtube.com\/channel\/UCZP-2wLEB9Rv6erhFmqVnvg"]},{"@type":"WebPage","@id":"https:\/\/candas365.es\/noticias\/fin-de-semana-de-charangas-en-candas\/#webpage","url":"https:\/\/candas365.es\/noticias\/fin-de-semana-de-charangas-en-candas\/","name":"Fin de semana de \u201cCharangas\u201d en Cand\u00e1s | Cand\u00e1s 365","description":"La charanga candasina \u201cPepe el Chelo y sus marchosos\u201d en colaboraci\u00f3n el Ayuntamiento de Carre\u00f1o, organiza este fin de semana el \u201cVI Festival Internacional de Charangas\u201d Memorial Jos\u00e9 Manuel Mu\u00f1iz \u201cCol\u00f3n\u201d dos d\u00edas, 3 y 4 de agosto, en los que las 7 fanfarrias participantes en esta edici\u00f3n ser\u00e1n las encargadas de llevar la m\u00fasica,","inLanguage":"es-ES","isPartOf":{"@id":"https:\/\/candas365.es\/noticias\/#website"},"breadcrumb":{"@id":"https:\/\/candas365.es\/noticias\/fin-de-semana-de-charangas-en-candas\/#breadcrumblist"},"author":{"@id":"https:\/\/candas365.es\/noticias\/author\/admin\/#author"},"creator":{"@id":"https:\/\/candas365.es\/noticias\/author\/admin\/#author"},"image":{"@type":"ImageObject","url":"https:\/\/candas365.es\/noticias\/wp-content\/uploads\/2019\/08\/music-647921_960_720.jpg","@id":"https:\/\/candas365.es\/noticias\/fin-de-semana-de-charangas-en-candas\/#mainImage","width":960,"height":640},"primaryImageOfPage":{"@id":"https:\/\/candas365.es\/noticias\/fin-de-semana-de-charangas-en-candas\/#mainImage"},"datePublished":"2019-08-03T20:12:17+02:00","dateModified":"2019-08-03T20:12:17+02:00"},{"@type":"WebSite","@id":"https:\/\/candas365.es\/noticias\/#website","url":"https:\/\/candas365.es\/noticias\/","name":"Cand\u00e1s 365","alternateName":"Cand\u00e1s 365 Noticias","description":"Actualidad desde Carre\u00f1o para el mundo","inLanguage":"es-ES","publisher":{"@id":"https:\/\/candas365.es\/noticias\/#organization"}}]},"og:locale":"es_ES","og:site_name":"Cand\u00e1s 365","og:type":"article","og:title":"Fin de semana de \u201cCharangas\u201d en Cand\u00e1s | Cand\u00e1s 365","og:description":"La charanga candasina \u201cPepe el Chelo y sus marchosos\u201d en colaboraci\u00f3n el Ayuntamiento de Carre\u00f1o, organiza este fin de semana el \u201cVI Festival Internacional de Charangas\u201d Memorial Jos\u00e9 Manuel Mu\u00f1iz \u201cCol\u00f3n\u201d dos d\u00edas, 3 y 4 de agosto, en los que las 7 fanfarrias participantes en esta edici\u00f3n ser\u00e1n las encargadas de llevar la m\u00fasica,","og:url":"https:\/\/candas365.es\/noticias\/fin-de-semana-de-charangas-en-candas\/","og:image":"https:\/\/candas365.es\/noticias\/wp-content\/uploads\/2019\/08\/music-647921_960_720.jpg","og:image:secure_url":"https:\/\/candas365.es\/noticias\/wp-content\/uploads\/2019\/08\/music-647921_960_720.jpg","og:image:width":960,"og:image:height":640,"article:published_time":"2019-08-03T20:12:17+00:00","article:modified_time":"2019-08-03T20:12:17+00:00","article:publisher":"https:\/\/www.facebook.com\/Nachofdezber","article:author":"https:\/\/www.facebook.com\/carrenoactualidad","twitter:card":"summary_large_image","twitter:site":"@NabercoDigital","twitter:title":"Fin de semana de \u201cCharangas\u201d en Cand\u00e1s | Cand\u00e1s 365","twitter:description":"La charanga candasina \u201cPepe el Chelo y sus marchosos\u201d en colaboraci\u00f3n el Ayuntamiento de Carre\u00f1o, organiza este fin de semana el \u201cVI Festival Internacional de Charangas\u201d Memorial Jos\u00e9 Manuel Mu\u00f1iz \u201cCol\u00f3n\u201d dos d\u00edas, 3 y 4 de agosto, en los que las 7 fanfarrias participantes en esta edici\u00f3n ser\u00e1n las encargadas de llevar la m\u00fasica,","twitter:creator":"@nbasturias","twitter:image":"https:\/\/candas365.es\/noticias\/wp-content\/uploads\/2019\/08\/music-647921_960_720.jpg","twitter:label1":"Escrito por","twitter:data1":"Cand\u00e1s 365","twitter:label2":"Tiempo de lectura estimado","twitter:data2":"3 minutos"},"aioseo_meta_data":{"post_id":"127652","title":null,"description":null,"keywords":null,"keyphrases":null,"primary_term":null,"canonical_url":null,"og_title":null,"og_description":null,"og_object_type":"default","og_image_type":"default","og_image_url":null,"og_image_width":null,"og_image_height":null,"og_image_custom_url":null,"og_image_custom_fields":null,"og_video":null,"og_custom_url":null,"og_article_section":null,"og_article_tags":null,"twitter_use_og":false,"twitter_card":"default","twitter_image_type":"default","twitter_image_url":null,"twitter_image_custom_url":null,"twitter_image_custom_fields":null,"twitter_title":null,"twitter_description":null,"schema":{"blockGraphs":[],"customGraphs":[],"default":{"data":{"Article":[],"Course":[],"Dataset":[],"FAQPage":[],"Movie":[],"Person":[],"Product":[],"ProductReview":[],"Car":[],"Recipe":[],"Service":[],"SoftwareApplication":[],"WebPage":[]},"graphName":"","isEnabled":true},"graphs":[],"defaultGraph":"","defaultPostTypeGraph":""},"schema_type":null,"schema_type_options":null,"pillar_content":false,"robots_default":true,"robots_noindex":false,"robots_noarchive":false,"robots_nosnippet":false,"robots_nofollow":false,"robots_noimageindex":false,"robots_noodp":false,"robots_notranslate":false,"robots_max_snippet":null,"robots_max_videopreview":null,"robots_max_imagepreview":"large","priority":null,"frequency":null,"location":null,"local_seo":null,"seo_analyzer_scan_date":"2025-08-30 10:46:22","breadcrumb_settings":null,"limit_modified_date":false,"reviewed_by":null,"open_ai":null,"ai":null,"created":"2020-12-21 10:54:15","updated":"2025-08-30 10:46:22"},"aioseo_breadcrumb":"<div class=\"aioseo-breadcrumbs\"><span class=\"aioseo-breadcrumb\">\n\t<a href=\"https:\/\/candas365.es\/noticias\" title=\"Home\">Home<\/a>\n<\/span><span class=\"aioseo-breadcrumb-separator\">&ndash;<\/span><span class=\"aioseo-breadcrumb\">\n\t<a href=\"https:\/\/candas365.es\/noticias\/category\/noticias-carreno\/\" title=\"Noticias Carre\u00f1o\">Noticias Carre\u00f1o<\/a>\n<\/span><span class=\"aioseo-breadcrumb-separator\">&ndash;<\/span><span class=\"aioseo-breadcrumb\">\n\tFin de semana de \u201cCharangas\u201d en Cand\u00e1s\n<\/span><\/div>","aioseo_breadcrumb_json":[{"label":"Home","link":"https:\/\/candas365.es\/noticias"},{"label":"Noticias Carre\u00f1o","link":"https:\/\/candas365.es\/noticias\/category\/noticias-carreno\/"},{"label":"Fin de semana de \u201cCharangas\u201d en Cand\u00e1s","link":"https:\/\/candas365.es\/noticias\/fin-de-semana-de-charangas-en-candas\/"}],"_links":{"self":[{"href":"https:\/\/candas365.es\/noticias\/wp-json\/wp\/v2\/posts\/127652","targetHints":{"allow":["GET"]}}],"collection":[{"href":"https:\/\/candas365.es\/noticias\/wp-json\/wp\/v2\/posts"}],"about":[{"href":"https:\/\/candas365.es\/noticias\/wp-json\/wp\/v2\/types\/post"}],"author":[{"embeddable":true,"href":"https:\/\/candas365.es\/noticias\/wp-json\/wp\/v2\/users\/1"}],"replies":[{"embeddable":true,"href":"https:\/\/candas365.es\/noticias\/wp-json\/wp\/v2\/comments?post=127652"}],"version-history":[{"count":0,"href":"https:\/\/candas365.es\/noticias\/wp-json\/wp\/v2\/posts\/127652\/revisions"}],"wp:featuredmedia":[{"embeddable":true,"href":"https:\/\/candas365.es\/noticias\/wp-json\/wp\/v2\/media\/127653"}],"wp:attachment":[{"href":"https:\/\/candas365.es\/noticias\/wp-json\/wp\/v2\/media?parent=127652"}],"wp:term":[{"taxonomy":"category","embeddable":true,"href":"https:\/\/candas365.es\/noticias\/wp-json\/wp\/v2\/categories?post=127652"},{"taxonomy":"post_tag","embeddable":true,"href":"https:\/\/candas365.es\/noticias\/wp-json\/wp\/v2\/tags?post=127652"}],"curies":[{"name":"wp","href":"https:\/\/api.w.org\/{rel}","templated":true}]}}