{"id":127268,"date":"2019-07-30T20:35:12","date_gmt":"2019-07-30T20:35:12","guid":{"rendered":"http:\/\/candas365.es\/noticias\/?p=127268"},"modified":"2019-07-30T20:35:12","modified_gmt":"2019-07-30T20:35:12","slug":"candas-acogera-el-parlamento-rural-de-la-juventud","status":"publish","type":"post","link":"https:\/\/candas365.es\/noticias\/candas-acogera-el-parlamento-rural-de-la-juventud\/","title":{"rendered":"Cand\u00e1s acoger\u00e1 el Parlamento Rural de la Juventud"},"content":{"rendered":"<p><strong><img fetchpriority=\"high\" decoding=\"async\" class=\"alignleft size-medium wp-image-127269\" src=\"https:\/\/candas365.es\/noticias\/wp-content\/uploads\/2019\/07\/Presentacion-en-Cand\u00e1s-360x270.jpg\" alt=\"\" width=\"360\" height=\"270\" srcset=\"https:\/\/candas365.es\/noticias\/wp-content\/uploads\/2019\/07\/Presentacion-en-Cand\u00e1s-360x270.jpg 360w, https:\/\/candas365.es\/noticias\/wp-content\/uploads\/2019\/07\/Presentacion-en-Cand\u00e1s-768x576.jpg 768w, https:\/\/candas365.es\/noticias\/wp-content\/uploads\/2019\/07\/Presentacion-en-Cand\u00e1s-640x480.jpg 640w, https:\/\/candas365.es\/noticias\/wp-content\/uploads\/2019\/07\/Presentacion-en-Cand\u00e1s-80x60.jpg 80w, https:\/\/candas365.es\/noticias\/wp-content\/uploads\/2019\/07\/Presentacion-en-Cand\u00e1s-265x198.jpg 265w, https:\/\/candas365.es\/noticias\/wp-content\/uploads\/2019\/07\/Presentacion-en-Cand\u00e1s-696x522.jpg 696w, https:\/\/candas365.es\/noticias\/wp-content\/uploads\/2019\/07\/Presentacion-en-Cand\u00e1s-1068x801.jpg 1068w, https:\/\/candas365.es\/noticias\/wp-content\/uploads\/2019\/07\/Presentacion-en-Cand\u00e1s-560x420.jpg 560w, https:\/\/candas365.es\/noticias\/wp-content\/uploads\/2019\/07\/Presentacion-en-Cand\u00e1s.jpg 1600w\" sizes=\"(max-width: 360px) 100vw, 360px\" \/>La Red Asturiana de Desarrollo Rural<\/strong> (READER) <strong>organizar\u00e1<\/strong> entre el 4 y el 6 de noviembre <strong>en Cand\u00e1s el Parlamento Rural de la Juventud<\/strong> (ERYP por sus siglas en ingl\u00e9s). Este evento se sumar\u00e1 al Parlamento Rural Europeo (ERP en ingl\u00e9s) que tambi\u00e9n acoger\u00e1 la capital carre\u00f1ense a continuaci\u00f3n &#8211; entre los d\u00edas 6 y 9 del mismo mes, como ya hab\u00edamos informado anteriormente.<\/p>\n<p>El ERYP, que cumple su segunda edici\u00f3n, y <strong>reunir\u00e1 a m\u00e1s de 70 j\u00f3venes profesionales de 10 pa\u00edses europeos<\/strong> que expondr\u00e1n su perspectiva sobre el manifiesto rural europeo y que posteriormente debatir\u00e1n en Bruselas con representantes del Parlamento Europeo.<\/p>\n<p>De esta manera este encuentro se convierte en una poderosa plataforma para dar voz a la juventud europea en materia de desarrollo rural y los retos que se le presentan. As\u00ed se pondr\u00e1n sobre la mesa los temas m\u00e1s urgentes, tratando de buscar soluciones a trav\u00e9s de opiniones s\u00f3lidas de personas expertas procedentes de diferentes campos y pa\u00edses europeos.<\/p>\n<p>El Parlamento de la Juventud est\u00e1 organizado por el Foro Rural Let\u00f3n (Letonia), la Red Asturiana de Desarrollo Rural (Espa\u00f1a), el Centro de Desarrollo Econ\u00f3mico (Bosnia y Herzegovina y Desarrollo Rural), la Red Croata de Desarrollo Rural (Croacia) y el Movimiento Internacional de la Juventud Agr\u00edcola y Rural Cat\u00f3lica \u2013 Europa (paneuropea), GAL de la regi\u00f3n de Vysocina (Rep\u00fablica Checa), Red de Organizaciones para el Desarrollo Rural de Kosovo, Red de Desarrollo Rural de la Rep\u00fablica de Macedonia (Macedonia del Norte), Parlamento Rural Eslovaco (Eslovaquia) y Forum Synergies (paneuropeo).<\/p>\n<p>&nbsp;<\/p>\n","protected":false},"excerpt":{"rendered":"<p>La Red Asturiana de Desarrollo Rural (READER) organizar\u00e1 entre el 4 y el 6 de noviembre en Cand\u00e1s el Parlamento Rural de la Juventud (ERYP por sus siglas en ingl\u00e9s). Este evento se sumar\u00e1 al Parlamento Rural Europeo (ERP en ingl\u00e9s) que tambi\u00e9n acoger\u00e1 la capital carre\u00f1ense a continuaci\u00f3n &#8211; entre los d\u00edas 6 y<\/p>\n","protected":false},"author":1,"featured_media":127269,"comment_status":"closed","ping_status":"closed","sticky":false,"template":"","format":"standard","meta":{"footnotes":""},"categories":[2],"tags":[],"class_list":{"0":"post-127268","1":"post","2":"type-post","3":"status-publish","4":"format-standard","5":"has-post-thumbnail","7":"category-noticias-carreno"},"aioseo_notices":[],"aioseo_head":"\n\t\t<!-- All in One SEO Pro 4.9.6.2 - aioseo.com -->\n\t<meta name=\"description\" content=\"La Red Asturiana de Desarrollo Rural (READER) organizar\u00e1 entre el 4 y el 6 de noviembre en Cand\u00e1s el Parlamento Rural de la Juventud (ERYP por sus siglas en ingl\u00e9s). Este evento se sumar\u00e1 al Parlamento Rural Europeo (ERP en ingl\u00e9s) que tambi\u00e9n acoger\u00e1 la capital carre\u00f1ense a continuaci\u00f3n - entre los d\u00edas 6 y\" \/>\n\t<meta name=\"robots\" content=\"max-image-preview:large\" \/>\n\t<meta name=\"author\" content=\"Cand\u00e1s 365\"\/>\n\t<meta name=\"google-site-verification\" content=\"UA-32230408-1\" \/>\n\t<meta name=\"msvalidate.01\" content=\"354F3CDFB2DA171B47FBE9ABF1F88D5\" \/>\n\t<meta name=\"keywords\" content=\"noticias carre\u00f1o\" \/>\n\t<link rel=\"canonical\" href=\"https:\/\/candas365.es\/noticias\/candas-acogera-el-parlamento-rural-de-la-juventud\/\" \/>\n\t<meta name=\"generator\" content=\"All in One SEO Pro (AIOSEO) 4.9.6.2\" \/>\n\t\t<meta property=\"og:locale\" content=\"es_ES\" \/>\n\t\t<meta property=\"og:site_name\" content=\"Cand\u00e1s 365\" \/>\n\t\t<meta property=\"og:type\" content=\"article\" \/>\n\t\t<meta property=\"og:title\" content=\"Cand\u00e1s acoger\u00e1 el Parlamento Rural de la Juventud | Cand\u00e1s 365\" \/>\n\t\t<meta property=\"og:description\" content=\"La Red Asturiana de Desarrollo Rural (READER) organizar\u00e1 entre el 4 y el 6 de noviembre en Cand\u00e1s el Parlamento Rural de la Juventud (ERYP por sus siglas en ingl\u00e9s). Este evento se sumar\u00e1 al Parlamento Rural Europeo (ERP en ingl\u00e9s) que tambi\u00e9n acoger\u00e1 la capital carre\u00f1ense a continuaci\u00f3n - entre los d\u00edas 6 y\" \/>\n\t\t<meta property=\"og:url\" content=\"https:\/\/candas365.es\/noticias\/candas-acogera-el-parlamento-rural-de-la-juventud\/\" \/>\n\t\t<meta property=\"og:image\" content=\"https:\/\/candas365.es\/noticias\/wp-content\/uploads\/2019\/07\/Presentacion-en-Cand\u00e1s.jpg\" \/>\n\t\t<meta property=\"og:image:secure_url\" content=\"https:\/\/candas365.es\/noticias\/wp-content\/uploads\/2019\/07\/Presentacion-en-Cand\u00e1s.jpg\" \/>\n\t\t<meta property=\"og:image:width\" content=\"1600\" \/>\n\t\t<meta property=\"og:image:height\" content=\"1200\" \/>\n\t\t<meta property=\"article:published_time\" content=\"2019-07-30T20:35:12+00:00\" \/>\n\t\t<meta property=\"article:modified_time\" content=\"2019-07-30T20:35:12+00:00\" \/>\n\t\t<meta property=\"article:publisher\" content=\"https:\/\/www.facebook.com\/Nachofdezber\" \/>\n\t\t<meta property=\"article:author\" content=\"https:\/\/www.facebook.com\/carrenoactualidad\" \/>\n\t\t<meta name=\"twitter:card\" content=\"summary_large_image\" \/>\n\t\t<meta name=\"twitter:site\" content=\"@NabercoDigital\" \/>\n\t\t<meta name=\"twitter:title\" content=\"Cand\u00e1s acoger\u00e1 el Parlamento Rural de la Juventud | Cand\u00e1s 365\" \/>\n\t\t<meta name=\"twitter:description\" content=\"La Red Asturiana de Desarrollo Rural (READER) organizar\u00e1 entre el 4 y el 6 de noviembre en Cand\u00e1s el Parlamento Rural de la Juventud (ERYP por sus siglas en ingl\u00e9s). Este evento se sumar\u00e1 al Parlamento Rural Europeo (ERP en ingl\u00e9s) que tambi\u00e9n acoger\u00e1 la capital carre\u00f1ense a continuaci\u00f3n - entre los d\u00edas 6 y\" \/>\n\t\t<meta name=\"twitter:creator\" content=\"@nbasturias\" \/>\n\t\t<meta name=\"twitter:image\" content=\"https:\/\/candas365.es\/noticias\/wp-content\/uploads\/2019\/07\/Presentacion-en-Cand\u00e1s.jpg\" \/>\n\t\t<meta name=\"twitter:label1\" content=\"Escrito por\" \/>\n\t\t<meta name=\"twitter:data1\" content=\"Cand\u00e1s 365\" \/>\n\t\t<meta name=\"twitter:label2\" content=\"Tiempo de lectura estimado\" \/>\n\t\t<meta name=\"twitter:data2\" content=\"1 minuto\" \/>\n\t\t<script type=\"application\/ld+json\" class=\"aioseo-schema\">\n\t\t\t{\"@context\":\"https:\\\/\\\/schema.org\",\"@graph\":[{\"@type\":\"BreadcrumbList\",\"@id\":\"https:\\\/\\\/candas365.es\\\/noticias\\\/candas-acogera-el-parlamento-rural-de-la-juventud\\\/#breadcrumblist\",\"itemListElement\":[{\"@type\":\"ListItem\",\"@id\":\"https:\\\/\\\/candas365.es\\\/noticias#listItem\",\"position\":1,\"name\":\"Home\",\"item\":\"https:\\\/\\\/candas365.es\\\/noticias\",\"nextItem\":{\"@type\":\"ListItem\",\"@id\":\"https:\\\/\\\/candas365.es\\\/noticias\\\/category\\\/noticias-carreno\\\/#listItem\",\"name\":\"Noticias Carre\\u00f1o\"}},{\"@type\":\"ListItem\",\"@id\":\"https:\\\/\\\/candas365.es\\\/noticias\\\/category\\\/noticias-carreno\\\/#listItem\",\"position\":2,\"name\":\"Noticias Carre\\u00f1o\",\"item\":\"https:\\\/\\\/candas365.es\\\/noticias\\\/category\\\/noticias-carreno\\\/\",\"nextItem\":{\"@type\":\"ListItem\",\"@id\":\"https:\\\/\\\/candas365.es\\\/noticias\\\/candas-acogera-el-parlamento-rural-de-la-juventud\\\/#listItem\",\"name\":\"Cand\\u00e1s acoger\\u00e1 el Parlamento Rural de la Juventud\"},\"previousItem\":{\"@type\":\"ListItem\",\"@id\":\"https:\\\/\\\/candas365.es\\\/noticias#listItem\",\"name\":\"Home\"}},{\"@type\":\"ListItem\",\"@id\":\"https:\\\/\\\/candas365.es\\\/noticias\\\/candas-acogera-el-parlamento-rural-de-la-juventud\\\/#listItem\",\"position\":3,\"name\":\"Cand\\u00e1s acoger\\u00e1 el Parlamento Rural de la Juventud\",\"previousItem\":{\"@type\":\"ListItem\",\"@id\":\"https:\\\/\\\/candas365.es\\\/noticias\\\/category\\\/noticias-carreno\\\/#listItem\",\"name\":\"Noticias Carre\\u00f1o\"}}]},{\"@type\":\"NewsArticle\",\"@id\":\"https:\\\/\\\/candas365.es\\\/noticias\\\/candas-acogera-el-parlamento-rural-de-la-juventud\\\/#newsarticle\",\"name\":\"Cand\\u00e1s acoger\\u00e1 el Parlamento Rural de la Juventud | Cand\\u00e1s 365\",\"headline\":\"Cand\\u00e1s acoger\\u00e1 el Parlamento Rural de la Juventud\",\"author\":{\"@id\":\"https:\\\/\\\/candas365.es\\\/noticias\\\/author\\\/admin\\\/#author\"},\"publisher\":{\"@id\":\"https:\\\/\\\/candas365.es\\\/noticias\\\/#organization\"},\"image\":{\"@type\":\"ImageObject\",\"url\":\"https:\\\/\\\/candas365.es\\\/noticias\\\/wp-content\\\/uploads\\\/2019\\\/07\\\/Presentacion-en-Cand\\u00e1s.jpg\",\"width\":1600,\"height\":1200},\"datePublished\":\"2019-07-30T20:35:12+02:00\",\"dateModified\":\"2019-07-30T20:35:12+02:00\",\"inLanguage\":\"es-ES\",\"mainEntityOfPage\":{\"@id\":\"https:\\\/\\\/candas365.es\\\/noticias\\\/candas-acogera-el-parlamento-rural-de-la-juventud\\\/#webpage\"},\"isPartOf\":{\"@id\":\"https:\\\/\\\/candas365.es\\\/noticias\\\/candas-acogera-el-parlamento-rural-de-la-juventud\\\/#webpage\"},\"articleSection\":\"Noticias Carre\\u00f1o\",\"dateline\":\"Publicado el julio 30, 2019.\"},{\"@type\":\"Organization\",\"@id\":\"https:\\\/\\\/candas365.es\\\/noticias\\\/#organization\",\"name\":\"Cand\\u00e1s 365\",\"description\":\"Cand\\u00e1s 365 es un diario digital independiente, fundado en 2012, con base en Asturias. Informamos con rigor sobre actualidad, sociedad, cultura y ocio, con una mirada local y global.\",\"url\":\"https:\\\/\\\/candas365.es\\\/noticias\\\/\",\"email\":\"info@candas365.es\",\"telephone\":\"+34652131393\",\"foundingDate\":\"2012-06-10\",\"logo\":{\"@type\":\"ImageObject\",\"url\":\"https:\\\/\\\/candas365.es\\\/noticias\\\/wp-content\\\/uploads\\\/2024\\\/09\\\/Candas-365-Redes.jpg\",\"@id\":\"https:\\\/\\\/candas365.es\\\/noticias\\\/candas-acogera-el-parlamento-rural-de-la-juventud\\\/#organizationLogo\",\"width\":1152,\"height\":864,\"caption\":\"Cand\\u00e1s 365 Redes\"},\"image\":{\"@id\":\"https:\\\/\\\/candas365.es\\\/noticias\\\/candas-acogera-el-parlamento-rural-de-la-juventud\\\/#organizationLogo\"},\"sameAs\":[\"https:\\\/\\\/www.facebook.com\\\/Nachofdezber\",\"https:\\\/\\\/x.com\\\/NabercoDigital\",\"https:\\\/\\\/www.instagram.com\\\/nachofdezber\\\/\",\"https:\\\/\\\/www.youtube.com\\\/channel\\\/UCZP-2wLEB9Rv6erhFmqVnvg\"],\"address\":{\"@id\":\"https:\\\/\\\/candas365.es\\\/noticias\\\/#postaladdress\",\"@type\":\"PostalAddress\",\"streetAddress\":\"san antonio 4, san antonio 4\",\"postalCode\":\"33430\",\"addressLocality\":\"Cand\\u00e1s\",\"addressRegion\":\"Asturias\",\"addressCountry\":\"ES\"}},{\"@type\":\"Person\",\"@id\":\"https:\\\/\\\/candas365.es\\\/noticias\\\/author\\\/admin\\\/#author\",\"url\":\"https:\\\/\\\/candas365.es\\\/noticias\\\/author\\\/admin\\\/\",\"name\":\"Cand\\u00e1s 365\",\"image\":{\"@type\":\"ImageObject\",\"@id\":\"https:\\\/\\\/candas365.es\\\/noticias\\\/candas-acogera-el-parlamento-rural-de-la-juventud\\\/#authorImage\",\"url\":\"https:\\\/\\\/secure.gravatar.com\\\/avatar\\\/496a8e03d0c493ede1718b7934145dbdf8d89be1036b0eec9544e1094c9de390?s=96&d=mm&r=g\",\"width\":96,\"height\":96,\"caption\":\"Cand\\u00e1s 365\"},\"sameAs\":[\"https:\\\/\\\/www.facebook.com\\\/carrenoactualidad\",\"https:\\\/\\\/twitter.com\\\/nbasturias\",\"https:\\\/\\\/www.instagram.com\\\/nachofdezber\\\/\",\"https:\\\/\\\/www.youtube.com\\\/channel\\\/UCZP-2wLEB9Rv6erhFmqVnvg\"]},{\"@type\":\"WebPage\",\"@id\":\"https:\\\/\\\/candas365.es\\\/noticias\\\/candas-acogera-el-parlamento-rural-de-la-juventud\\\/#webpage\",\"url\":\"https:\\\/\\\/candas365.es\\\/noticias\\\/candas-acogera-el-parlamento-rural-de-la-juventud\\\/\",\"name\":\"Cand\\u00e1s acoger\\u00e1 el Parlamento Rural de la Juventud | Cand\\u00e1s 365\",\"description\":\"La Red Asturiana de Desarrollo Rural (READER) organizar\\u00e1 entre el 4 y el 6 de noviembre en Cand\\u00e1s el Parlamento Rural de la Juventud (ERYP por sus siglas en ingl\\u00e9s). Este evento se sumar\\u00e1 al Parlamento Rural Europeo (ERP en ingl\\u00e9s) que tambi\\u00e9n acoger\\u00e1 la capital carre\\u00f1ense a continuaci\\u00f3n - entre los d\\u00edas 6 y\",\"inLanguage\":\"es-ES\",\"isPartOf\":{\"@id\":\"https:\\\/\\\/candas365.es\\\/noticias\\\/#website\"},\"breadcrumb\":{\"@id\":\"https:\\\/\\\/candas365.es\\\/noticias\\\/candas-acogera-el-parlamento-rural-de-la-juventud\\\/#breadcrumblist\"},\"author\":{\"@id\":\"https:\\\/\\\/candas365.es\\\/noticias\\\/author\\\/admin\\\/#author\"},\"creator\":{\"@id\":\"https:\\\/\\\/candas365.es\\\/noticias\\\/author\\\/admin\\\/#author\"},\"image\":{\"@type\":\"ImageObject\",\"url\":\"https:\\\/\\\/candas365.es\\\/noticias\\\/wp-content\\\/uploads\\\/2019\\\/07\\\/Presentacion-en-Cand\\u00e1s.jpg\",\"@id\":\"https:\\\/\\\/candas365.es\\\/noticias\\\/candas-acogera-el-parlamento-rural-de-la-juventud\\\/#mainImage\",\"width\":1600,\"height\":1200},\"primaryImageOfPage\":{\"@id\":\"https:\\\/\\\/candas365.es\\\/noticias\\\/candas-acogera-el-parlamento-rural-de-la-juventud\\\/#mainImage\"},\"datePublished\":\"2019-07-30T20:35:12+02:00\",\"dateModified\":\"2019-07-30T20:35:12+02:00\"},{\"@type\":\"WebSite\",\"@id\":\"https:\\\/\\\/candas365.es\\\/noticias\\\/#website\",\"url\":\"https:\\\/\\\/candas365.es\\\/noticias\\\/\",\"name\":\"Cand\\u00e1s 365\",\"alternateName\":\"Cand\\u00e1s 365 Noticias\",\"description\":\"Actualidad desde Carre\\u00f1o para el mundo\",\"inLanguage\":\"es-ES\",\"publisher\":{\"@id\":\"https:\\\/\\\/candas365.es\\\/noticias\\\/#organization\"}}]}\n\t\t<\/script>\n\t\t<!-- All in One SEO Pro -->\r\n\t\t<title>Cand\u00e1s acoger\u00e1 el Parlamento Rural de la Juventud | Cand\u00e1s 365<\/title>\n\n","aioseo_head_json":{"title":"Cand\u00e1s acoger\u00e1 el Parlamento Rural de la Juventud | Cand\u00e1s 365","description":"La Red Asturiana de Desarrollo Rural (READER) organizar\u00e1 entre el 4 y el 6 de noviembre en Cand\u00e1s el Parlamento Rural de la Juventud (ERYP por sus siglas en ingl\u00e9s). Este evento se sumar\u00e1 al Parlamento Rural Europeo (ERP en ingl\u00e9s) que tambi\u00e9n acoger\u00e1 la capital carre\u00f1ense a continuaci\u00f3n - entre los d\u00edas 6 y","canonical_url":"https:\/\/candas365.es\/noticias\/candas-acogera-el-parlamento-rural-de-la-juventud\/","robots":"max-image-preview:large","keywords":"noticias carre\u00f1o","webmasterTools":{"google-site-verification":"UA-32230408-1","msvalidate.01":"354F3CDFB2DA171B47FBE9ABF1F88D5","miscellaneous":""},"schema":{"@context":"https:\/\/schema.org","@graph":[{"@type":"BreadcrumbList","@id":"https:\/\/candas365.es\/noticias\/candas-acogera-el-parlamento-rural-de-la-juventud\/#breadcrumblist","itemListElement":[{"@type":"ListItem","@id":"https:\/\/candas365.es\/noticias#listItem","position":1,"name":"Home","item":"https:\/\/candas365.es\/noticias","nextItem":{"@type":"ListItem","@id":"https:\/\/candas365.es\/noticias\/category\/noticias-carreno\/#listItem","name":"Noticias Carre\u00f1o"}},{"@type":"ListItem","@id":"https:\/\/candas365.es\/noticias\/category\/noticias-carreno\/#listItem","position":2,"name":"Noticias Carre\u00f1o","item":"https:\/\/candas365.es\/noticias\/category\/noticias-carreno\/","nextItem":{"@type":"ListItem","@id":"https:\/\/candas365.es\/noticias\/candas-acogera-el-parlamento-rural-de-la-juventud\/#listItem","name":"Cand\u00e1s acoger\u00e1 el Parlamento Rural de la Juventud"},"previousItem":{"@type":"ListItem","@id":"https:\/\/candas365.es\/noticias#listItem","name":"Home"}},{"@type":"ListItem","@id":"https:\/\/candas365.es\/noticias\/candas-acogera-el-parlamento-rural-de-la-juventud\/#listItem","position":3,"name":"Cand\u00e1s acoger\u00e1 el Parlamento Rural de la Juventud","previousItem":{"@type":"ListItem","@id":"https:\/\/candas365.es\/noticias\/category\/noticias-carreno\/#listItem","name":"Noticias Carre\u00f1o"}}]},{"@type":"NewsArticle","@id":"https:\/\/candas365.es\/noticias\/candas-acogera-el-parlamento-rural-de-la-juventud\/#newsarticle","name":"Cand\u00e1s acoger\u00e1 el Parlamento Rural de la Juventud | Cand\u00e1s 365","headline":"Cand\u00e1s acoger\u00e1 el Parlamento Rural de la Juventud","author":{"@id":"https:\/\/candas365.es\/noticias\/author\/admin\/#author"},"publisher":{"@id":"https:\/\/candas365.es\/noticias\/#organization"},"image":{"@type":"ImageObject","url":"https:\/\/candas365.es\/noticias\/wp-content\/uploads\/2019\/07\/Presentacion-en-Cand\u00e1s.jpg","width":1600,"height":1200},"datePublished":"2019-07-30T20:35:12+02:00","dateModified":"2019-07-30T20:35:12+02:00","inLanguage":"es-ES","mainEntityOfPage":{"@id":"https:\/\/candas365.es\/noticias\/candas-acogera-el-parlamento-rural-de-la-juventud\/#webpage"},"isPartOf":{"@id":"https:\/\/candas365.es\/noticias\/candas-acogera-el-parlamento-rural-de-la-juventud\/#webpage"},"articleSection":"Noticias Carre\u00f1o","dateline":"Publicado el julio 30, 2019."},{"@type":"Organization","@id":"https:\/\/candas365.es\/noticias\/#organization","name":"Cand\u00e1s 365","description":"Cand\u00e1s 365 es un diario digital independiente, fundado en 2012, con base en Asturias. Informamos con rigor sobre actualidad, sociedad, cultura y ocio, con una mirada local y global.","url":"https:\/\/candas365.es\/noticias\/","email":"info@candas365.es","telephone":"+34652131393","foundingDate":"2012-06-10","logo":{"@type":"ImageObject","url":"https:\/\/candas365.es\/noticias\/wp-content\/uploads\/2024\/09\/Candas-365-Redes.jpg","@id":"https:\/\/candas365.es\/noticias\/candas-acogera-el-parlamento-rural-de-la-juventud\/#organizationLogo","width":1152,"height":864,"caption":"Cand\u00e1s 365 Redes"},"image":{"@id":"https:\/\/candas365.es\/noticias\/candas-acogera-el-parlamento-rural-de-la-juventud\/#organizationLogo"},"sameAs":["https:\/\/www.facebook.com\/Nachofdezber","https:\/\/x.com\/NabercoDigital","https:\/\/www.instagram.com\/nachofdezber\/","https:\/\/www.youtube.com\/channel\/UCZP-2wLEB9Rv6erhFmqVnvg"],"address":{"@id":"https:\/\/candas365.es\/noticias\/#postaladdress","@type":"PostalAddress","streetAddress":"san antonio 4, san antonio 4","postalCode":"33430","addressLocality":"Cand\u00e1s","addressRegion":"Asturias","addressCountry":"ES"}},{"@type":"Person","@id":"https:\/\/candas365.es\/noticias\/author\/admin\/#author","url":"https:\/\/candas365.es\/noticias\/author\/admin\/","name":"Cand\u00e1s 365","image":{"@type":"ImageObject","@id":"https:\/\/candas365.es\/noticias\/candas-acogera-el-parlamento-rural-de-la-juventud\/#authorImage","url":"https:\/\/secure.gravatar.com\/avatar\/496a8e03d0c493ede1718b7934145dbdf8d89be1036b0eec9544e1094c9de390?s=96&d=mm&r=g","width":96,"height":96,"caption":"Cand\u00e1s 365"},"sameAs":["https:\/\/www.facebook.com\/carrenoactualidad","https:\/\/twitter.com\/nbasturias","https:\/\/www.instagram.com\/nachofdezber\/","https:\/\/www.youtube.com\/channel\/UCZP-2wLEB9Rv6erhFmqVnvg"]},{"@type":"WebPage","@id":"https:\/\/candas365.es\/noticias\/candas-acogera-el-parlamento-rural-de-la-juventud\/#webpage","url":"https:\/\/candas365.es\/noticias\/candas-acogera-el-parlamento-rural-de-la-juventud\/","name":"Cand\u00e1s acoger\u00e1 el Parlamento Rural de la Juventud | Cand\u00e1s 365","description":"La Red Asturiana de Desarrollo Rural (READER) organizar\u00e1 entre el 4 y el 6 de noviembre en Cand\u00e1s el Parlamento Rural de la Juventud (ERYP por sus siglas en ingl\u00e9s). Este evento se sumar\u00e1 al Parlamento Rural Europeo (ERP en ingl\u00e9s) que tambi\u00e9n acoger\u00e1 la capital carre\u00f1ense a continuaci\u00f3n - entre los d\u00edas 6 y","inLanguage":"es-ES","isPartOf":{"@id":"https:\/\/candas365.es\/noticias\/#website"},"breadcrumb":{"@id":"https:\/\/candas365.es\/noticias\/candas-acogera-el-parlamento-rural-de-la-juventud\/#breadcrumblist"},"author":{"@id":"https:\/\/candas365.es\/noticias\/author\/admin\/#author"},"creator":{"@id":"https:\/\/candas365.es\/noticias\/author\/admin\/#author"},"image":{"@type":"ImageObject","url":"https:\/\/candas365.es\/noticias\/wp-content\/uploads\/2019\/07\/Presentacion-en-Cand\u00e1s.jpg","@id":"https:\/\/candas365.es\/noticias\/candas-acogera-el-parlamento-rural-de-la-juventud\/#mainImage","width":1600,"height":1200},"primaryImageOfPage":{"@id":"https:\/\/candas365.es\/noticias\/candas-acogera-el-parlamento-rural-de-la-juventud\/#mainImage"},"datePublished":"2019-07-30T20:35:12+02:00","dateModified":"2019-07-30T20:35:12+02:00"},{"@type":"WebSite","@id":"https:\/\/candas365.es\/noticias\/#website","url":"https:\/\/candas365.es\/noticias\/","name":"Cand\u00e1s 365","alternateName":"Cand\u00e1s 365 Noticias","description":"Actualidad desde Carre\u00f1o para el mundo","inLanguage":"es-ES","publisher":{"@id":"https:\/\/candas365.es\/noticias\/#organization"}}]},"og:locale":"es_ES","og:site_name":"Cand\u00e1s 365","og:type":"article","og:title":"Cand\u00e1s acoger\u00e1 el Parlamento Rural de la Juventud | Cand\u00e1s 365","og:description":"La Red Asturiana de Desarrollo Rural (READER) organizar\u00e1 entre el 4 y el 6 de noviembre en Cand\u00e1s el Parlamento Rural de la Juventud (ERYP por sus siglas en ingl\u00e9s). Este evento se sumar\u00e1 al Parlamento Rural Europeo (ERP en ingl\u00e9s) que tambi\u00e9n acoger\u00e1 la capital carre\u00f1ense a continuaci\u00f3n - entre los d\u00edas 6 y","og:url":"https:\/\/candas365.es\/noticias\/candas-acogera-el-parlamento-rural-de-la-juventud\/","og:image":"https:\/\/candas365.es\/noticias\/wp-content\/uploads\/2019\/07\/Presentacion-en-Cand\u00e1s.jpg","og:image:secure_url":"https:\/\/candas365.es\/noticias\/wp-content\/uploads\/2019\/07\/Presentacion-en-Cand\u00e1s.jpg","og:image:width":1600,"og:image:height":1200,"article:published_time":"2019-07-30T20:35:12+00:00","article:modified_time":"2019-07-30T20:35:12+00:00","article:publisher":"https:\/\/www.facebook.com\/Nachofdezber","article:author":"https:\/\/www.facebook.com\/carrenoactualidad","twitter:card":"summary_large_image","twitter:site":"@NabercoDigital","twitter:title":"Cand\u00e1s acoger\u00e1 el Parlamento Rural de la Juventud | Cand\u00e1s 365","twitter:description":"La Red Asturiana de Desarrollo Rural (READER) organizar\u00e1 entre el 4 y el 6 de noviembre en Cand\u00e1s el Parlamento Rural de la Juventud (ERYP por sus siglas en ingl\u00e9s). Este evento se sumar\u00e1 al Parlamento Rural Europeo (ERP en ingl\u00e9s) que tambi\u00e9n acoger\u00e1 la capital carre\u00f1ense a continuaci\u00f3n - entre los d\u00edas 6 y","twitter:creator":"@nbasturias","twitter:image":"https:\/\/candas365.es\/noticias\/wp-content\/uploads\/2019\/07\/Presentacion-en-Cand\u00e1s.jpg","twitter:label1":"Escrito por","twitter:data1":"Cand\u00e1s 365","twitter:label2":"Tiempo de lectura estimado","twitter:data2":"1 minuto"},"aioseo_meta_data":{"post_id":"127268","title":null,"description":null,"keywords":null,"keyphrases":null,"primary_term":null,"canonical_url":null,"og_title":null,"og_description":null,"og_object_type":"default","og_image_type":"default","og_image_url":null,"og_image_width":null,"og_image_height":null,"og_image_custom_url":null,"og_image_custom_fields":null,"og_video":null,"og_custom_url":null,"og_article_section":null,"og_article_tags":null,"twitter_use_og":false,"twitter_card":"default","twitter_image_type":"default","twitter_image_url":null,"twitter_image_custom_url":null,"twitter_image_custom_fields":null,"twitter_title":null,"twitter_description":null,"schema":{"blockGraphs":[],"customGraphs":[],"default":{"data":{"Article":[],"Course":[],"Dataset":[],"FAQPage":[],"Movie":[],"Person":[],"Product":[],"ProductReview":[],"Car":[],"Recipe":[],"Service":[],"SoftwareApplication":[],"WebPage":[]},"graphName":"","isEnabled":true},"graphs":[],"defaultGraph":"","defaultPostTypeGraph":""},"schema_type":null,"schema_type_options":null,"pillar_content":false,"robots_default":true,"robots_noindex":false,"robots_noarchive":false,"robots_nosnippet":false,"robots_nofollow":false,"robots_noimageindex":false,"robots_noodp":false,"robots_notranslate":false,"robots_max_snippet":null,"robots_max_videopreview":null,"robots_max_imagepreview":"large","priority":null,"frequency":null,"location":null,"local_seo":null,"seo_analyzer_scan_date":"2025-08-30 10:29:12","breadcrumb_settings":null,"limit_modified_date":false,"reviewed_by":null,"open_ai":null,"ai":null,"created":"2020-12-21 10:54:22","updated":"2025-08-30 10:29:12"},"aioseo_breadcrumb":"<div class=\"aioseo-breadcrumbs\"><span class=\"aioseo-breadcrumb\">\n\t<a href=\"https:\/\/candas365.es\/noticias\" title=\"Home\">Home<\/a>\n<\/span><span class=\"aioseo-breadcrumb-separator\">&ndash;<\/span><span class=\"aioseo-breadcrumb\">\n\t<a href=\"https:\/\/candas365.es\/noticias\/category\/noticias-carreno\/\" title=\"Noticias Carre\u00f1o\">Noticias Carre\u00f1o<\/a>\n<\/span><span class=\"aioseo-breadcrumb-separator\">&ndash;<\/span><span class=\"aioseo-breadcrumb\">\n\tCand\u00e1s acoger\u00e1 el Parlamento Rural de la Juventud\n<\/span><\/div>","aioseo_breadcrumb_json":[{"label":"Home","link":"https:\/\/candas365.es\/noticias"},{"label":"Noticias Carre\u00f1o","link":"https:\/\/candas365.es\/noticias\/category\/noticias-carreno\/"},{"label":"Cand\u00e1s acoger\u00e1 el Parlamento Rural de la Juventud","link":"https:\/\/candas365.es\/noticias\/candas-acogera-el-parlamento-rural-de-la-juventud\/"}],"_links":{"self":[{"href":"https:\/\/candas365.es\/noticias\/wp-json\/wp\/v2\/posts\/127268","targetHints":{"allow":["GET"]}}],"collection":[{"href":"https:\/\/candas365.es\/noticias\/wp-json\/wp\/v2\/posts"}],"about":[{"href":"https:\/\/candas365.es\/noticias\/wp-json\/wp\/v2\/types\/post"}],"author":[{"embeddable":true,"href":"https:\/\/candas365.es\/noticias\/wp-json\/wp\/v2\/users\/1"}],"replies":[{"embeddable":true,"href":"https:\/\/candas365.es\/noticias\/wp-json\/wp\/v2\/comments?post=127268"}],"version-history":[{"count":0,"href":"https:\/\/candas365.es\/noticias\/wp-json\/wp\/v2\/posts\/127268\/revisions"}],"wp:featuredmedia":[{"embeddable":true,"href":"https:\/\/candas365.es\/noticias\/wp-json\/wp\/v2\/media\/127269"}],"wp:attachment":[{"href":"https:\/\/candas365.es\/noticias\/wp-json\/wp\/v2\/media?parent=127268"}],"wp:term":[{"taxonomy":"category","embeddable":true,"href":"https:\/\/candas365.es\/noticias\/wp-json\/wp\/v2\/categories?post=127268"},{"taxonomy":"post_tag","embeddable":true,"href":"https:\/\/candas365.es\/noticias\/wp-json\/wp\/v2\/tags?post=127268"}],"curies":[{"name":"wp","href":"https:\/\/api.w.org\/{rel}","templated":true}]}}