{"id":126767,"date":"2019-07-21T22:37:30","date_gmt":"2019-07-21T22:37:30","guid":{"rendered":"http:\/\/candas365.es\/noticias\/?p=126767"},"modified":"2019-07-21T22:37:30","modified_gmt":"2019-07-21T22:37:30","slug":"el-tiempo-lunes-dia-22-de-julio-de-2019","status":"publish","type":"post","link":"https:\/\/candas365.es\/noticias\/el-tiempo-lunes-dia-22-de-julio-de-2019\/","title":{"rendered":"El tiempo, lunes d\u00eda 22 de julio de 2019"},"content":{"rendered":"<p><img fetchpriority=\"high\" decoding=\"async\" class=\"alignleft size-medium wp-image-96813\" src=\"https:\/\/candas365.es\/noticias\/wp-content\/uploads\/2018\/05\/candas-puerto-360x258.jpg\" alt=\"\" width=\"360\" height=\"258\" srcset=\"https:\/\/candas365.es\/noticias\/wp-content\/uploads\/2018\/05\/candas-puerto-360x258.jpg 360w, https:\/\/candas365.es\/noticias\/wp-content\/uploads\/2018\/05\/candas-puerto-768x551.jpg 768w, https:\/\/candas365.es\/noticias\/wp-content\/uploads\/2018\/05\/candas-puerto-655x470.jpg 655w, https:\/\/candas365.es\/noticias\/wp-content\/uploads\/2018\/05\/candas-puerto-696x500.jpg 696w, https:\/\/candas365.es\/noticias\/wp-content\/uploads\/2018\/05\/candas-puerto-585x420.jpg 585w, https:\/\/candas365.es\/noticias\/wp-content\/uploads\/2018\/05\/candas-puerto.jpg 907w\" sizes=\"(max-width: 360px) 100vw, 360px\" \/>Predominio de cielos poco nubosos o despejados salvo en el interior peninsular, donde la nubosidad de evoluci\u00f3n diurna podr\u00e1 llegar a dar chubascos y tormentas, m\u00e1s probables en Pirineos, cordillera Cant\u00e1brica, sistema Central y sierras del sureste. Tambi\u00e9n se esperan abundantes nubes bajas al principio en el entorno del litoral Cant\u00e1brico, \u00e1rea del Estrecho y Melilla, con alguna precipitaci\u00f3n ocasional.<\/p>\n<p>En Canarias, intervalos nubosos en el norte de islas, con posibilidad de lluvia d\u00e9bil y local en las de mayor relieve, y poco nuboso en el sur.<\/p>\n<p>Temperaturas diurnas con pocos cambios en el sureste peninsular y en ascenso en el resto del pa\u00eds, sobre todo en el tercio norte. Estar\u00e1n por encima de los valores normales para la \u00e9poca del a\u00f1o en la Pen\u00ednsula, especialmente en el interior norte, y algo por debajo en Canarias.<\/p>\n<p>Intervalos de viento fuerte del este en el Estrecho y el litoral de Almer\u00eda. Vientos de componente norte en Galicia, componente este en el \u00e1rea mediterr\u00e1nea y alisios en Canarias. Flojo en el resto, aunque es probable que en la Meseta y el este de Andaluc\u00eda se den rachas muy fuertes asociadas a tormentas.<\/p>\n","protected":false},"excerpt":{"rendered":"<p>Predominio de cielos poco nubosos o despejados salvo en el interior peninsular, donde la nubosidad de evoluci\u00f3n diurna podr\u00e1 llegar a dar chubascos y tormentas, m\u00e1s probables en Pirineos, cordillera Cant\u00e1brica, sistema Central y sierras del sureste. Tambi\u00e9n se esperan abundantes nubes bajas al principio en el entorno del litoral Cant\u00e1brico, \u00e1rea del Estrecho y<\/p>\n","protected":false},"author":1,"featured_media":96813,"comment_status":"closed","ping_status":"closed","sticky":false,"template":"","format":"standard","meta":{"footnotes":""},"categories":[1],"tags":[],"class_list":{"0":"post-126767","1":"post","2":"type-post","3":"status-publish","4":"format-standard","5":"has-post-thumbnail","7":"category-agenda"},"aioseo_notices":[],"aioseo_head":"\n\t\t<!-- All in One SEO Pro 4.9.6.2 - aioseo.com -->\n\t<meta name=\"description\" content=\"Predominio de cielos poco nubosos o despejados salvo en el interior peninsular, donde la nubosidad de evoluci\u00f3n diurna podr\u00e1 llegar a dar chubascos y tormentas, m\u00e1s probables en Pirineos, cordillera Cant\u00e1brica, sistema Central y sierras del sureste. Tambi\u00e9n se esperan abundantes nubes bajas al principio en el entorno del litoral Cant\u00e1brico, \u00e1rea del Estrecho y\" \/>\n\t<meta name=\"robots\" content=\"max-image-preview:large\" \/>\n\t<meta name=\"author\" content=\"Cand\u00e1s 365\"\/>\n\t<meta name=\"google-site-verification\" content=\"UA-32230408-1\" \/>\n\t<meta name=\"msvalidate.01\" content=\"354F3CDFB2DA171B47FBE9ABF1F88D5\" \/>\n\t<meta name=\"keywords\" content=\"agenda\" \/>\n\t<link rel=\"canonical\" href=\"https:\/\/candas365.es\/noticias\/el-tiempo-lunes-dia-22-de-julio-de-2019\/\" \/>\n\t<meta name=\"generator\" content=\"All in One SEO Pro (AIOSEO) 4.9.6.2\" \/>\n\t\t<meta property=\"og:locale\" content=\"es_ES\" \/>\n\t\t<meta property=\"og:site_name\" content=\"Cand\u00e1s 365\" \/>\n\t\t<meta property=\"og:type\" content=\"article\" \/>\n\t\t<meta property=\"og:title\" content=\"El tiempo, lunes d\u00eda 22 de julio de 2019 | Cand\u00e1s 365\" \/>\n\t\t<meta property=\"og:description\" content=\"Predominio de cielos poco nubosos o despejados salvo en el interior peninsular, donde la nubosidad de evoluci\u00f3n diurna podr\u00e1 llegar a dar chubascos y tormentas, m\u00e1s probables en Pirineos, cordillera Cant\u00e1brica, sistema Central y sierras del sureste. Tambi\u00e9n se esperan abundantes nubes bajas al principio en el entorno del litoral Cant\u00e1brico, \u00e1rea del Estrecho y\" \/>\n\t\t<meta property=\"og:url\" content=\"https:\/\/candas365.es\/noticias\/el-tiempo-lunes-dia-22-de-julio-de-2019\/\" \/>\n\t\t<meta property=\"og:image\" content=\"https:\/\/candas365.es\/noticias\/wp-content\/uploads\/2018\/05\/candas-puerto.jpg\" \/>\n\t\t<meta property=\"og:image:secure_url\" content=\"https:\/\/candas365.es\/noticias\/wp-content\/uploads\/2018\/05\/candas-puerto.jpg\" \/>\n\t\t<meta property=\"og:image:width\" content=\"907\" \/>\n\t\t<meta property=\"og:image:height\" content=\"651\" \/>\n\t\t<meta property=\"article:published_time\" content=\"2019-07-21T22:37:30+00:00\" \/>\n\t\t<meta property=\"article:modified_time\" content=\"2019-07-21T22:37:30+00:00\" \/>\n\t\t<meta property=\"article:publisher\" content=\"https:\/\/www.facebook.com\/Nachofdezber\" \/>\n\t\t<meta property=\"article:author\" content=\"https:\/\/www.facebook.com\/carrenoactualidad\" \/>\n\t\t<meta name=\"twitter:card\" content=\"summary_large_image\" \/>\n\t\t<meta name=\"twitter:site\" content=\"@NabercoDigital\" \/>\n\t\t<meta name=\"twitter:title\" content=\"El tiempo, lunes d\u00eda 22 de julio de 2019 | Cand\u00e1s 365\" \/>\n\t\t<meta name=\"twitter:description\" content=\"Predominio de cielos poco nubosos o despejados salvo en el interior peninsular, donde la nubosidad de evoluci\u00f3n diurna podr\u00e1 llegar a dar chubascos y tormentas, m\u00e1s probables en Pirineos, cordillera Cant\u00e1brica, sistema Central y sierras del sureste. Tambi\u00e9n se esperan abundantes nubes bajas al principio en el entorno del litoral Cant\u00e1brico, \u00e1rea del Estrecho y\" \/>\n\t\t<meta name=\"twitter:creator\" content=\"@nbasturias\" \/>\n\t\t<meta name=\"twitter:image\" content=\"https:\/\/candas365.es\/noticias\/wp-content\/uploads\/2018\/05\/candas-puerto.jpg\" \/>\n\t\t<meta name=\"twitter:label1\" content=\"Escrito por\" \/>\n\t\t<meta name=\"twitter:data1\" content=\"Cand\u00e1s 365\" \/>\n\t\t<meta name=\"twitter:label2\" content=\"Tiempo de lectura estimado\" \/>\n\t\t<meta name=\"twitter:data2\" content=\"1 minuto\" \/>\n\t\t<script type=\"application\/ld+json\" class=\"aioseo-schema\">\n\t\t\t{\"@context\":\"https:\\\/\\\/schema.org\",\"@graph\":[{\"@type\":\"BreadcrumbList\",\"@id\":\"https:\\\/\\\/candas365.es\\\/noticias\\\/el-tiempo-lunes-dia-22-de-julio-de-2019\\\/#breadcrumblist\",\"itemListElement\":[{\"@type\":\"ListItem\",\"@id\":\"https:\\\/\\\/candas365.es\\\/noticias#listItem\",\"position\":1,\"name\":\"Home\",\"item\":\"https:\\\/\\\/candas365.es\\\/noticias\",\"nextItem\":{\"@type\":\"ListItem\",\"@id\":\"https:\\\/\\\/candas365.es\\\/noticias\\\/category\\\/agenda\\\/#listItem\",\"name\":\"Agenda\"}},{\"@type\":\"ListItem\",\"@id\":\"https:\\\/\\\/candas365.es\\\/noticias\\\/category\\\/agenda\\\/#listItem\",\"position\":2,\"name\":\"Agenda\",\"item\":\"https:\\\/\\\/candas365.es\\\/noticias\\\/category\\\/agenda\\\/\",\"nextItem\":{\"@type\":\"ListItem\",\"@id\":\"https:\\\/\\\/candas365.es\\\/noticias\\\/el-tiempo-lunes-dia-22-de-julio-de-2019\\\/#listItem\",\"name\":\"El tiempo, lunes d\\u00eda 22 de julio de 2019\"},\"previousItem\":{\"@type\":\"ListItem\",\"@id\":\"https:\\\/\\\/candas365.es\\\/noticias#listItem\",\"name\":\"Home\"}},{\"@type\":\"ListItem\",\"@id\":\"https:\\\/\\\/candas365.es\\\/noticias\\\/el-tiempo-lunes-dia-22-de-julio-de-2019\\\/#listItem\",\"position\":3,\"name\":\"El tiempo, lunes d\\u00eda 22 de julio de 2019\",\"previousItem\":{\"@type\":\"ListItem\",\"@id\":\"https:\\\/\\\/candas365.es\\\/noticias\\\/category\\\/agenda\\\/#listItem\",\"name\":\"Agenda\"}}]},{\"@type\":\"NewsArticle\",\"@id\":\"https:\\\/\\\/candas365.es\\\/noticias\\\/el-tiempo-lunes-dia-22-de-julio-de-2019\\\/#newsarticle\",\"name\":\"El tiempo, lunes d\\u00eda 22 de julio de 2019 | Cand\\u00e1s 365\",\"headline\":\"El tiempo, lunes d\\u00eda 22 de julio de 2019\",\"author\":{\"@id\":\"https:\\\/\\\/candas365.es\\\/noticias\\\/author\\\/admin\\\/#author\"},\"publisher\":{\"@id\":\"https:\\\/\\\/candas365.es\\\/noticias\\\/#organization\"},\"image\":{\"@type\":\"ImageObject\",\"url\":\"https:\\\/\\\/candas365.es\\\/noticias\\\/wp-content\\\/uploads\\\/2018\\\/05\\\/candas-puerto.jpg\",\"width\":907,\"height\":651,\"caption\":\"Cand\\u00e1s - Carre\\u00f1o\"},\"datePublished\":\"2019-07-21T22:37:30+02:00\",\"dateModified\":\"2019-07-21T22:37:30+02:00\",\"inLanguage\":\"es-ES\",\"mainEntityOfPage\":{\"@id\":\"https:\\\/\\\/candas365.es\\\/noticias\\\/el-tiempo-lunes-dia-22-de-julio-de-2019\\\/#webpage\"},\"isPartOf\":{\"@id\":\"https:\\\/\\\/candas365.es\\\/noticias\\\/el-tiempo-lunes-dia-22-de-julio-de-2019\\\/#webpage\"},\"articleSection\":\"Agenda\",\"dateline\":\"Publicado el julio 21, 2019.\"},{\"@type\":\"Organization\",\"@id\":\"https:\\\/\\\/candas365.es\\\/noticias\\\/#organization\",\"name\":\"Cand\\u00e1s 365\",\"description\":\"Cand\\u00e1s 365 es un diario digital independiente, fundado en 2012, con base en Asturias. Informamos con rigor sobre actualidad, sociedad, cultura y ocio, con una mirada local y global.\",\"url\":\"https:\\\/\\\/candas365.es\\\/noticias\\\/\",\"email\":\"info@candas365.es\",\"telephone\":\"+34652131393\",\"foundingDate\":\"2012-06-10\",\"logo\":{\"@type\":\"ImageObject\",\"url\":\"https:\\\/\\\/candas365.es\\\/noticias\\\/wp-content\\\/uploads\\\/2024\\\/09\\\/Candas-365-Redes.jpg\",\"@id\":\"https:\\\/\\\/candas365.es\\\/noticias\\\/el-tiempo-lunes-dia-22-de-julio-de-2019\\\/#organizationLogo\",\"width\":1152,\"height\":864,\"caption\":\"Cand\\u00e1s 365 Redes\"},\"image\":{\"@id\":\"https:\\\/\\\/candas365.es\\\/noticias\\\/el-tiempo-lunes-dia-22-de-julio-de-2019\\\/#organizationLogo\"},\"sameAs\":[\"https:\\\/\\\/www.facebook.com\\\/Nachofdezber\",\"https:\\\/\\\/x.com\\\/NabercoDigital\",\"https:\\\/\\\/www.instagram.com\\\/nachofdezber\\\/\",\"https:\\\/\\\/www.youtube.com\\\/channel\\\/UCZP-2wLEB9Rv6erhFmqVnvg\"],\"address\":{\"@id\":\"https:\\\/\\\/candas365.es\\\/noticias\\\/#postaladdress\",\"@type\":\"PostalAddress\",\"streetAddress\":\"san antonio 4, san antonio 4\",\"postalCode\":\"33430\",\"addressLocality\":\"Cand\\u00e1s\",\"addressRegion\":\"Asturias\",\"addressCountry\":\"ES\"}},{\"@type\":\"Person\",\"@id\":\"https:\\\/\\\/candas365.es\\\/noticias\\\/author\\\/admin\\\/#author\",\"url\":\"https:\\\/\\\/candas365.es\\\/noticias\\\/author\\\/admin\\\/\",\"name\":\"Cand\\u00e1s 365\",\"image\":{\"@type\":\"ImageObject\",\"@id\":\"https:\\\/\\\/candas365.es\\\/noticias\\\/el-tiempo-lunes-dia-22-de-julio-de-2019\\\/#authorImage\",\"url\":\"https:\\\/\\\/secure.gravatar.com\\\/avatar\\\/496a8e03d0c493ede1718b7934145dbdf8d89be1036b0eec9544e1094c9de390?s=96&d=mm&r=g\",\"width\":96,\"height\":96,\"caption\":\"Cand\\u00e1s 365\"},\"sameAs\":[\"https:\\\/\\\/www.facebook.com\\\/carrenoactualidad\",\"https:\\\/\\\/twitter.com\\\/nbasturias\",\"https:\\\/\\\/www.instagram.com\\\/nachofdezber\\\/\",\"https:\\\/\\\/www.youtube.com\\\/channel\\\/UCZP-2wLEB9Rv6erhFmqVnvg\"]},{\"@type\":\"WebPage\",\"@id\":\"https:\\\/\\\/candas365.es\\\/noticias\\\/el-tiempo-lunes-dia-22-de-julio-de-2019\\\/#webpage\",\"url\":\"https:\\\/\\\/candas365.es\\\/noticias\\\/el-tiempo-lunes-dia-22-de-julio-de-2019\\\/\",\"name\":\"El tiempo, lunes d\\u00eda 22 de julio de 2019 | Cand\\u00e1s 365\",\"description\":\"Predominio de cielos poco nubosos o despejados salvo en el interior peninsular, donde la nubosidad de evoluci\\u00f3n diurna podr\\u00e1 llegar a dar chubascos y tormentas, m\\u00e1s probables en Pirineos, cordillera Cant\\u00e1brica, sistema Central y sierras del sureste. Tambi\\u00e9n se esperan abundantes nubes bajas al principio en el entorno del litoral Cant\\u00e1brico, \\u00e1rea del Estrecho y\",\"inLanguage\":\"es-ES\",\"isPartOf\":{\"@id\":\"https:\\\/\\\/candas365.es\\\/noticias\\\/#website\"},\"breadcrumb\":{\"@id\":\"https:\\\/\\\/candas365.es\\\/noticias\\\/el-tiempo-lunes-dia-22-de-julio-de-2019\\\/#breadcrumblist\"},\"author\":{\"@id\":\"https:\\\/\\\/candas365.es\\\/noticias\\\/author\\\/admin\\\/#author\"},\"creator\":{\"@id\":\"https:\\\/\\\/candas365.es\\\/noticias\\\/author\\\/admin\\\/#author\"},\"image\":{\"@type\":\"ImageObject\",\"url\":\"https:\\\/\\\/candas365.es\\\/noticias\\\/wp-content\\\/uploads\\\/2018\\\/05\\\/candas-puerto.jpg\",\"@id\":\"https:\\\/\\\/candas365.es\\\/noticias\\\/el-tiempo-lunes-dia-22-de-julio-de-2019\\\/#mainImage\",\"width\":907,\"height\":651,\"caption\":\"Cand\\u00e1s - Carre\\u00f1o\"},\"primaryImageOfPage\":{\"@id\":\"https:\\\/\\\/candas365.es\\\/noticias\\\/el-tiempo-lunes-dia-22-de-julio-de-2019\\\/#mainImage\"},\"datePublished\":\"2019-07-21T22:37:30+02:00\",\"dateModified\":\"2019-07-21T22:37:30+02:00\"},{\"@type\":\"WebSite\",\"@id\":\"https:\\\/\\\/candas365.es\\\/noticias\\\/#website\",\"url\":\"https:\\\/\\\/candas365.es\\\/noticias\\\/\",\"name\":\"Cand\\u00e1s 365\",\"alternateName\":\"Cand\\u00e1s 365 Noticias\",\"description\":\"Actualidad desde Carre\\u00f1o para el mundo\",\"inLanguage\":\"es-ES\",\"publisher\":{\"@id\":\"https:\\\/\\\/candas365.es\\\/noticias\\\/#organization\"}}]}\n\t\t<\/script>\n\t\t<!-- All in One SEO Pro -->\r\n\t\t<title>El tiempo, lunes d\u00eda 22 de julio de 2019 | Cand\u00e1s 365<\/title>\n\n","aioseo_head_json":{"title":"El tiempo, lunes d\u00eda 22 de julio de 2019 | Cand\u00e1s 365","description":"Predominio de cielos poco nubosos o despejados salvo en el interior peninsular, donde la nubosidad de evoluci\u00f3n diurna podr\u00e1 llegar a dar chubascos y tormentas, m\u00e1s probables en Pirineos, cordillera Cant\u00e1brica, sistema Central y sierras del sureste. Tambi\u00e9n se esperan abundantes nubes bajas al principio en el entorno del litoral Cant\u00e1brico, \u00e1rea del Estrecho y","canonical_url":"https:\/\/candas365.es\/noticias\/el-tiempo-lunes-dia-22-de-julio-de-2019\/","robots":"max-image-preview:large","keywords":"agenda","webmasterTools":{"google-site-verification":"UA-32230408-1","msvalidate.01":"354F3CDFB2DA171B47FBE9ABF1F88D5","miscellaneous":""},"schema":{"@context":"https:\/\/schema.org","@graph":[{"@type":"BreadcrumbList","@id":"https:\/\/candas365.es\/noticias\/el-tiempo-lunes-dia-22-de-julio-de-2019\/#breadcrumblist","itemListElement":[{"@type":"ListItem","@id":"https:\/\/candas365.es\/noticias#listItem","position":1,"name":"Home","item":"https:\/\/candas365.es\/noticias","nextItem":{"@type":"ListItem","@id":"https:\/\/candas365.es\/noticias\/category\/agenda\/#listItem","name":"Agenda"}},{"@type":"ListItem","@id":"https:\/\/candas365.es\/noticias\/category\/agenda\/#listItem","position":2,"name":"Agenda","item":"https:\/\/candas365.es\/noticias\/category\/agenda\/","nextItem":{"@type":"ListItem","@id":"https:\/\/candas365.es\/noticias\/el-tiempo-lunes-dia-22-de-julio-de-2019\/#listItem","name":"El tiempo, lunes d\u00eda 22 de julio de 2019"},"previousItem":{"@type":"ListItem","@id":"https:\/\/candas365.es\/noticias#listItem","name":"Home"}},{"@type":"ListItem","@id":"https:\/\/candas365.es\/noticias\/el-tiempo-lunes-dia-22-de-julio-de-2019\/#listItem","position":3,"name":"El tiempo, lunes d\u00eda 22 de julio de 2019","previousItem":{"@type":"ListItem","@id":"https:\/\/candas365.es\/noticias\/category\/agenda\/#listItem","name":"Agenda"}}]},{"@type":"NewsArticle","@id":"https:\/\/candas365.es\/noticias\/el-tiempo-lunes-dia-22-de-julio-de-2019\/#newsarticle","name":"El tiempo, lunes d\u00eda 22 de julio de 2019 | Cand\u00e1s 365","headline":"El tiempo, lunes d\u00eda 22 de julio de 2019","author":{"@id":"https:\/\/candas365.es\/noticias\/author\/admin\/#author"},"publisher":{"@id":"https:\/\/candas365.es\/noticias\/#organization"},"image":{"@type":"ImageObject","url":"https:\/\/candas365.es\/noticias\/wp-content\/uploads\/2018\/05\/candas-puerto.jpg","width":907,"height":651,"caption":"Cand\u00e1s - Carre\u00f1o"},"datePublished":"2019-07-21T22:37:30+02:00","dateModified":"2019-07-21T22:37:30+02:00","inLanguage":"es-ES","mainEntityOfPage":{"@id":"https:\/\/candas365.es\/noticias\/el-tiempo-lunes-dia-22-de-julio-de-2019\/#webpage"},"isPartOf":{"@id":"https:\/\/candas365.es\/noticias\/el-tiempo-lunes-dia-22-de-julio-de-2019\/#webpage"},"articleSection":"Agenda","dateline":"Publicado el julio 21, 2019."},{"@type":"Organization","@id":"https:\/\/candas365.es\/noticias\/#organization","name":"Cand\u00e1s 365","description":"Cand\u00e1s 365 es un diario digital independiente, fundado en 2012, con base en Asturias. Informamos con rigor sobre actualidad, sociedad, cultura y ocio, con una mirada local y global.","url":"https:\/\/candas365.es\/noticias\/","email":"info@candas365.es","telephone":"+34652131393","foundingDate":"2012-06-10","logo":{"@type":"ImageObject","url":"https:\/\/candas365.es\/noticias\/wp-content\/uploads\/2024\/09\/Candas-365-Redes.jpg","@id":"https:\/\/candas365.es\/noticias\/el-tiempo-lunes-dia-22-de-julio-de-2019\/#organizationLogo","width":1152,"height":864,"caption":"Cand\u00e1s 365 Redes"},"image":{"@id":"https:\/\/candas365.es\/noticias\/el-tiempo-lunes-dia-22-de-julio-de-2019\/#organizationLogo"},"sameAs":["https:\/\/www.facebook.com\/Nachofdezber","https:\/\/x.com\/NabercoDigital","https:\/\/www.instagram.com\/nachofdezber\/","https:\/\/www.youtube.com\/channel\/UCZP-2wLEB9Rv6erhFmqVnvg"],"address":{"@id":"https:\/\/candas365.es\/noticias\/#postaladdress","@type":"PostalAddress","streetAddress":"san antonio 4, san antonio 4","postalCode":"33430","addressLocality":"Cand\u00e1s","addressRegion":"Asturias","addressCountry":"ES"}},{"@type":"Person","@id":"https:\/\/candas365.es\/noticias\/author\/admin\/#author","url":"https:\/\/candas365.es\/noticias\/author\/admin\/","name":"Cand\u00e1s 365","image":{"@type":"ImageObject","@id":"https:\/\/candas365.es\/noticias\/el-tiempo-lunes-dia-22-de-julio-de-2019\/#authorImage","url":"https:\/\/secure.gravatar.com\/avatar\/496a8e03d0c493ede1718b7934145dbdf8d89be1036b0eec9544e1094c9de390?s=96&d=mm&r=g","width":96,"height":96,"caption":"Cand\u00e1s 365"},"sameAs":["https:\/\/www.facebook.com\/carrenoactualidad","https:\/\/twitter.com\/nbasturias","https:\/\/www.instagram.com\/nachofdezber\/","https:\/\/www.youtube.com\/channel\/UCZP-2wLEB9Rv6erhFmqVnvg"]},{"@type":"WebPage","@id":"https:\/\/candas365.es\/noticias\/el-tiempo-lunes-dia-22-de-julio-de-2019\/#webpage","url":"https:\/\/candas365.es\/noticias\/el-tiempo-lunes-dia-22-de-julio-de-2019\/","name":"El tiempo, lunes d\u00eda 22 de julio de 2019 | Cand\u00e1s 365","description":"Predominio de cielos poco nubosos o despejados salvo en el interior peninsular, donde la nubosidad de evoluci\u00f3n diurna podr\u00e1 llegar a dar chubascos y tormentas, m\u00e1s probables en Pirineos, cordillera Cant\u00e1brica, sistema Central y sierras del sureste. Tambi\u00e9n se esperan abundantes nubes bajas al principio en el entorno del litoral Cant\u00e1brico, \u00e1rea del Estrecho y","inLanguage":"es-ES","isPartOf":{"@id":"https:\/\/candas365.es\/noticias\/#website"},"breadcrumb":{"@id":"https:\/\/candas365.es\/noticias\/el-tiempo-lunes-dia-22-de-julio-de-2019\/#breadcrumblist"},"author":{"@id":"https:\/\/candas365.es\/noticias\/author\/admin\/#author"},"creator":{"@id":"https:\/\/candas365.es\/noticias\/author\/admin\/#author"},"image":{"@type":"ImageObject","url":"https:\/\/candas365.es\/noticias\/wp-content\/uploads\/2018\/05\/candas-puerto.jpg","@id":"https:\/\/candas365.es\/noticias\/el-tiempo-lunes-dia-22-de-julio-de-2019\/#mainImage","width":907,"height":651,"caption":"Cand\u00e1s - Carre\u00f1o"},"primaryImageOfPage":{"@id":"https:\/\/candas365.es\/noticias\/el-tiempo-lunes-dia-22-de-julio-de-2019\/#mainImage"},"datePublished":"2019-07-21T22:37:30+02:00","dateModified":"2019-07-21T22:37:30+02:00"},{"@type":"WebSite","@id":"https:\/\/candas365.es\/noticias\/#website","url":"https:\/\/candas365.es\/noticias\/","name":"Cand\u00e1s 365","alternateName":"Cand\u00e1s 365 Noticias","description":"Actualidad desde Carre\u00f1o para el mundo","inLanguage":"es-ES","publisher":{"@id":"https:\/\/candas365.es\/noticias\/#organization"}}]},"og:locale":"es_ES","og:site_name":"Cand\u00e1s 365","og:type":"article","og:title":"El tiempo, lunes d\u00eda 22 de julio de 2019 | Cand\u00e1s 365","og:description":"Predominio de cielos poco nubosos o despejados salvo en el interior peninsular, donde la nubosidad de evoluci\u00f3n diurna podr\u00e1 llegar a dar chubascos y tormentas, m\u00e1s probables en Pirineos, cordillera Cant\u00e1brica, sistema Central y sierras del sureste. Tambi\u00e9n se esperan abundantes nubes bajas al principio en el entorno del litoral Cant\u00e1brico, \u00e1rea del Estrecho y","og:url":"https:\/\/candas365.es\/noticias\/el-tiempo-lunes-dia-22-de-julio-de-2019\/","og:image":"https:\/\/candas365.es\/noticias\/wp-content\/uploads\/2018\/05\/candas-puerto.jpg","og:image:secure_url":"https:\/\/candas365.es\/noticias\/wp-content\/uploads\/2018\/05\/candas-puerto.jpg","og:image:width":907,"og:image:height":651,"article:published_time":"2019-07-21T22:37:30+00:00","article:modified_time":"2019-07-21T22:37:30+00:00","article:publisher":"https:\/\/www.facebook.com\/Nachofdezber","article:author":"https:\/\/www.facebook.com\/carrenoactualidad","twitter:card":"summary_large_image","twitter:site":"@NabercoDigital","twitter:title":"El tiempo, lunes d\u00eda 22 de julio de 2019 | Cand\u00e1s 365","twitter:description":"Predominio de cielos poco nubosos o despejados salvo en el interior peninsular, donde la nubosidad de evoluci\u00f3n diurna podr\u00e1 llegar a dar chubascos y tormentas, m\u00e1s probables en Pirineos, cordillera Cant\u00e1brica, sistema Central y sierras del sureste. Tambi\u00e9n se esperan abundantes nubes bajas al principio en el entorno del litoral Cant\u00e1brico, \u00e1rea del Estrecho y","twitter:creator":"@nbasturias","twitter:image":"https:\/\/candas365.es\/noticias\/wp-content\/uploads\/2018\/05\/candas-puerto.jpg","twitter:label1":"Escrito por","twitter:data1":"Cand\u00e1s 365","twitter:label2":"Tiempo de lectura estimado","twitter:data2":"1 minuto"},"aioseo_meta_data":{"post_id":"126767","title":null,"description":null,"keywords":null,"keyphrases":null,"primary_term":null,"canonical_url":null,"og_title":null,"og_description":null,"og_object_type":"default","og_image_type":"default","og_image_url":null,"og_image_width":null,"og_image_height":null,"og_image_custom_url":null,"og_image_custom_fields":null,"og_video":null,"og_custom_url":null,"og_article_section":null,"og_article_tags":null,"twitter_use_og":false,"twitter_card":"default","twitter_image_type":"default","twitter_image_url":null,"twitter_image_custom_url":null,"twitter_image_custom_fields":null,"twitter_title":null,"twitter_description":null,"schema":{"blockGraphs":[],"customGraphs":[],"default":{"data":{"Article":[],"Course":[],"Dataset":[],"FAQPage":[],"Movie":[],"Person":[],"Product":[],"ProductReview":[],"Car":[],"Recipe":[],"Service":[],"SoftwareApplication":[],"WebPage":[]},"graphName":"","isEnabled":true},"graphs":[]},"schema_type":null,"schema_type_options":null,"pillar_content":false,"robots_default":true,"robots_noindex":false,"robots_noarchive":false,"robots_nosnippet":false,"robots_nofollow":false,"robots_noimageindex":false,"robots_noodp":false,"robots_notranslate":false,"robots_max_snippet":null,"robots_max_videopreview":null,"robots_max_imagepreview":"large","priority":null,"frequency":null,"location":null,"local_seo":null,"seo_analyzer_scan_date":"2025-08-30 09:08:14","breadcrumb_settings":null,"limit_modified_date":false,"reviewed_by":null,"open_ai":null,"ai":null,"created":"2020-12-21 10:54:43","updated":"2025-08-30 09:08:14"},"aioseo_breadcrumb":"<div class=\"aioseo-breadcrumbs\"><span class=\"aioseo-breadcrumb\">\n\t<a href=\"https:\/\/candas365.es\/noticias\" title=\"Home\">Home<\/a>\n<\/span><span class=\"aioseo-breadcrumb-separator\">&ndash;<\/span><span class=\"aioseo-breadcrumb\">\n\t<a href=\"https:\/\/candas365.es\/noticias\/category\/agenda\/\" title=\"Agenda\">Agenda<\/a>\n<\/span><span class=\"aioseo-breadcrumb-separator\">&ndash;<\/span><span class=\"aioseo-breadcrumb\">\n\tEl tiempo, lunes d\u00eda 22 de julio de 2019\n<\/span><\/div>","aioseo_breadcrumb_json":[{"label":"Home","link":"https:\/\/candas365.es\/noticias"},{"label":"Agenda","link":"https:\/\/candas365.es\/noticias\/category\/agenda\/"},{"label":"El tiempo, lunes d\u00eda 22 de julio de 2019","link":"https:\/\/candas365.es\/noticias\/el-tiempo-lunes-dia-22-de-julio-de-2019\/"}],"_links":{"self":[{"href":"https:\/\/candas365.es\/noticias\/wp-json\/wp\/v2\/posts\/126767","targetHints":{"allow":["GET"]}}],"collection":[{"href":"https:\/\/candas365.es\/noticias\/wp-json\/wp\/v2\/posts"}],"about":[{"href":"https:\/\/candas365.es\/noticias\/wp-json\/wp\/v2\/types\/post"}],"author":[{"embeddable":true,"href":"https:\/\/candas365.es\/noticias\/wp-json\/wp\/v2\/users\/1"}],"replies":[{"embeddable":true,"href":"https:\/\/candas365.es\/noticias\/wp-json\/wp\/v2\/comments?post=126767"}],"version-history":[{"count":0,"href":"https:\/\/candas365.es\/noticias\/wp-json\/wp\/v2\/posts\/126767\/revisions"}],"wp:featuredmedia":[{"embeddable":true,"href":"https:\/\/candas365.es\/noticias\/wp-json\/wp\/v2\/media\/96813"}],"wp:attachment":[{"href":"https:\/\/candas365.es\/noticias\/wp-json\/wp\/v2\/media?parent=126767"}],"wp:term":[{"taxonomy":"category","embeddable":true,"href":"https:\/\/candas365.es\/noticias\/wp-json\/wp\/v2\/categories?post=126767"},{"taxonomy":"post_tag","embeddable":true,"href":"https:\/\/candas365.es\/noticias\/wp-json\/wp\/v2\/tags?post=126767"}],"curies":[{"name":"wp","href":"https:\/\/api.w.org\/{rel}","templated":true}]}}