{"id":125968,"date":"2019-07-05T20:23:37","date_gmt":"2019-07-05T20:23:37","guid":{"rendered":"http:\/\/candas365.es\/noticias\/?p=125968"},"modified":"2019-07-05T20:23:37","modified_gmt":"2019-07-05T20:23:37","slug":"muestra-folklorica-interregional-en-candas","status":"publish","type":"post","link":"https:\/\/candas365.es\/noticias\/muestra-folklorica-interregional-en-candas\/","title":{"rendered":"Muestra folkl\u00f3rica interregional en Cand\u00e1s"},"content":{"rendered":"<p><img fetchpriority=\"high\" decoding=\"async\" class=\"alignleft size-medium wp-image-125969\" src=\"https:\/\/candas365.es\/noticias\/wp-content\/uploads\/2019\/07\/9191b36040a5-360x254.jpg\" alt=\"\" width=\"360\" height=\"254\" srcset=\"https:\/\/candas365.es\/noticias\/wp-content\/uploads\/2019\/07\/9191b36040a5-360x254.jpg 360w, https:\/\/candas365.es\/noticias\/wp-content\/uploads\/2019\/07\/9191b36040a5-100x70.jpg 100w, https:\/\/candas365.es\/noticias\/wp-content\/uploads\/2019\/07\/9191b36040a5.jpg 574w\" sizes=\"(max-width: 360px) 100vw, 360px\" \/>El grupo de baile tradicional La Folixa de Carre\u00f1o organiza, en colaboraci\u00f3n con la Concejal\u00eda de Festejos, una nueva edici\u00f3n de la muestra folkl\u00f3rica interregional.<\/p>\n<p>El grupo de baile la Folixa es oriundo de la zona rural carre\u00f1ense sus integrantes provienen, entre otras, de las parroquias de Amb\u00e1s, Prevera, El Valle, y Guimar\u00e1n.<\/p>\n<p>Surge en la d\u00e9cada de los 80 fruto del inter\u00e9s de un grupo de j\u00f3venes en la divulgaci\u00f3n y el estudio de la cultura asturiana. Entre sus actividades destacan, la organizaci\u00f3n de un festival folkl\u00f3rico que ha dado cabida a grupos y entidades de muy diversas procedencias. En Septiembre, coincidiendo con la festividad de la patrona del concejo de Carre\u00f1o, Ntra. Sra. de Los Remedios, en la falta del Monte Areo, se escenifica la tradicional Ofrenda del Ramu. Un acto que consiste en portar, por parte de 4 mozos del pueblo, una estructura piramidal con panes y flores que se ofrece en la Ermita. El Ramu, estructural piramidal con panes y flores, se ofrece por diversos motivos: la buena cosecha, el casamiento de una hija, la buena costera, etc&#8230; Lo puede ofrecer una familia o una persona a t\u00edtulo individual. Se entrega acompa\u00f1ado de las voces de las mozas del pueblo, que entonan una melod\u00eda y percuten panderetas con lazos de vistosos colores.<\/p>\n<p>La Folixa presenta una indumentaria rica y variada como el folclore carre\u00f1ense, con trajes de las mari\u00f1as ( pescadores), trajes de la zona de la monta\u00f1a ( manteos de la zona de Cangas de Narcea), y trajes de la zona centro ( saya de insiertu).<\/p>\n<p>Cabe destacar, su presencia activa en festivales internacionales as\u00ed como de \u00edndole regional en diversos puntos de la geograf\u00eda espa\u00f1ola. Y en el \u00e1mbito local es asidua su presencia en el Mercao Clariniano, la Feria de Artesan\u00eda de Cand\u00e1s, y la Feria Regional de Conservas de Pescado, as\u00ed como en fiestas de las parroquias del concejo.<\/p>\n<p>Tienen en su haber un documental titulado \u201c Sones y costumes\u201d cuya sinopsis versa sobre el paisaje, el paisanaje de los valles de Carre\u00f1o, y que est\u00e1 ambientado con los bailes y danzas del Grupo.<\/p>\n<p>\u201cA las 20:00 horas del s\u00e1bado 6, en el recinto ferial habilitado en la explanada del muelle local tendr\u00e1 lugar la XVIII Muestra Folkl\u00f3rica La Folixa 2019, en la que participar\u00e1n la \u00abAsociaci\u00f3n de Coros y Danzas Virgen de Magaceda\u201d procedentes de Villamayor de Santiago, Cuenca y el grupo organizador de la muestra \u201cLa Folixa\u201d de Carre\u00f1o. Un encuentro de dos culturas, la manchega y la asturiana, en la que podremos admirar las diferentes vestimentas y disfrutar de los bailes y m\u00fasica tradicional de las zonas\u201d se\u00f1al\u00f3 la Edil de turismo, Paula Cuervo.<\/p>\n<p>\u201cPor su parte el Club de Deporte Rural Monte Areo de Guimar\u00e1n participar\u00e1 y organizar\u00e1 una prueba de deporte tradicional, el desaf\u00edo de hacha por pareja. Una prueba que consiste en la corta de troncos con hachas por parejas procedentes no solo de Carre\u00f1o, sino de Asturias, Cantabria, participando muchos de estos deportistas en pruebas de las diferentes ligas en el Pa\u00eds Vasco. Adem\u00e1s habr\u00e1 una zona delimitada de juegos tradicionales exclusivamente para los ni\u00f1os y las ni\u00f1as. Esta actividad dar\u00e1 comienzo el domingo 7 a partir de las 12:00 horas\u201d prosigui\u00f3 Cuervo.<\/p>\n<p>&nbsp;<\/p>\n","protected":false},"excerpt":{"rendered":"<p>El grupo de baile tradicional La Folixa de Carre\u00f1o organiza, en colaboraci\u00f3n con la Concejal\u00eda de Festejos, una nueva edici\u00f3n de la muestra folkl\u00f3rica interregional. El grupo de baile la Folixa es oriundo de la zona rural carre\u00f1ense sus integrantes provienen, entre otras, de las parroquias de Amb\u00e1s, Prevera, El Valle, y Guimar\u00e1n. Surge en<\/p>\n","protected":false},"author":1,"featured_media":125969,"comment_status":"closed","ping_status":"closed","sticky":false,"template":"","format":"standard","meta":{"footnotes":""},"categories":[2],"tags":[],"class_list":{"0":"post-125968","1":"post","2":"type-post","3":"status-publish","4":"format-standard","5":"has-post-thumbnail","7":"category-noticias-carreno"},"aioseo_notices":[],"aioseo_head":"\n\t\t<!-- All in One SEO Pro 4.9.6.2 - aioseo.com -->\n\t<meta name=\"description\" content=\"El grupo de baile tradicional La Folixa de Carre\u00f1o organiza, en colaboraci\u00f3n con la Concejal\u00eda de Festejos, una nueva edici\u00f3n de la muestra folkl\u00f3rica interregional. El grupo de baile la Folixa es oriundo de la zona rural carre\u00f1ense sus integrantes provienen, entre otras, de las parroquias de Amb\u00e1s, Prevera, El Valle, y Guimar\u00e1n. Surge en\" \/>\n\t<meta name=\"robots\" content=\"max-image-preview:large\" \/>\n\t<meta name=\"author\" content=\"Cand\u00e1s 365\"\/>\n\t<meta name=\"google-site-verification\" content=\"UA-32230408-1\" \/>\n\t<meta name=\"msvalidate.01\" content=\"354F3CDFB2DA171B47FBE9ABF1F88D5\" \/>\n\t<meta name=\"keywords\" content=\"noticias carre\u00f1o\" \/>\n\t<link rel=\"canonical\" href=\"https:\/\/candas365.es\/noticias\/muestra-folklorica-interregional-en-candas\/\" \/>\n\t<meta name=\"generator\" content=\"All in One SEO Pro (AIOSEO) 4.9.6.2\" \/>\n\t\t<meta property=\"og:locale\" content=\"es_ES\" \/>\n\t\t<meta property=\"og:site_name\" content=\"Cand\u00e1s 365\" \/>\n\t\t<meta property=\"og:type\" content=\"article\" \/>\n\t\t<meta property=\"og:title\" content=\"Muestra folkl\u00f3rica interregional en Cand\u00e1s | Cand\u00e1s 365\" \/>\n\t\t<meta property=\"og:description\" content=\"El grupo de baile tradicional La Folixa de Carre\u00f1o organiza, en colaboraci\u00f3n con la Concejal\u00eda de Festejos, una nueva edici\u00f3n de la muestra folkl\u00f3rica interregional. El grupo de baile la Folixa es oriundo de la zona rural carre\u00f1ense sus integrantes provienen, entre otras, de las parroquias de Amb\u00e1s, Prevera, El Valle, y Guimar\u00e1n. Surge en\" \/>\n\t\t<meta property=\"og:url\" content=\"https:\/\/candas365.es\/noticias\/muestra-folklorica-interregional-en-candas\/\" \/>\n\t\t<meta property=\"og:image\" content=\"https:\/\/candas365.es\/noticias\/wp-content\/uploads\/2019\/07\/9191b36040a5.jpg\" \/>\n\t\t<meta property=\"og:image:secure_url\" content=\"https:\/\/candas365.es\/noticias\/wp-content\/uploads\/2019\/07\/9191b36040a5.jpg\" \/>\n\t\t<meta property=\"og:image:width\" content=\"574\" \/>\n\t\t<meta property=\"og:image:height\" content=\"405\" \/>\n\t\t<meta property=\"article:published_time\" content=\"2019-07-05T20:23:37+00:00\" \/>\n\t\t<meta property=\"article:modified_time\" content=\"2019-07-05T20:23:37+00:00\" \/>\n\t\t<meta property=\"article:publisher\" content=\"https:\/\/www.facebook.com\/Nachofdezber\" \/>\n\t\t<meta property=\"article:author\" content=\"https:\/\/www.facebook.com\/carrenoactualidad\" \/>\n\t\t<meta name=\"twitter:card\" content=\"summary_large_image\" \/>\n\t\t<meta name=\"twitter:site\" content=\"@NabercoDigital\" \/>\n\t\t<meta name=\"twitter:title\" content=\"Muestra folkl\u00f3rica interregional en Cand\u00e1s | Cand\u00e1s 365\" \/>\n\t\t<meta name=\"twitter:description\" content=\"El grupo de baile tradicional La Folixa de Carre\u00f1o organiza, en colaboraci\u00f3n con la Concejal\u00eda de Festejos, una nueva edici\u00f3n de la muestra folkl\u00f3rica interregional. El grupo de baile la Folixa es oriundo de la zona rural carre\u00f1ense sus integrantes provienen, entre otras, de las parroquias de Amb\u00e1s, Prevera, El Valle, y Guimar\u00e1n. Surge en\" \/>\n\t\t<meta name=\"twitter:creator\" content=\"@nbasturias\" \/>\n\t\t<meta name=\"twitter:image\" content=\"https:\/\/candas365.es\/noticias\/wp-content\/uploads\/2019\/07\/9191b36040a5.jpg\" \/>\n\t\t<meta name=\"twitter:label1\" content=\"Escrito por\" \/>\n\t\t<meta name=\"twitter:data1\" content=\"Cand\u00e1s 365\" \/>\n\t\t<meta name=\"twitter:label2\" content=\"Tiempo de lectura estimado\" \/>\n\t\t<meta name=\"twitter:data2\" content=\"3 minutos\" \/>\n\t\t<script type=\"application\/ld+json\" class=\"aioseo-schema\">\n\t\t\t{\"@context\":\"https:\\\/\\\/schema.org\",\"@graph\":[{\"@type\":\"BreadcrumbList\",\"@id\":\"https:\\\/\\\/candas365.es\\\/noticias\\\/muestra-folklorica-interregional-en-candas\\\/#breadcrumblist\",\"itemListElement\":[{\"@type\":\"ListItem\",\"@id\":\"https:\\\/\\\/candas365.es\\\/noticias#listItem\",\"position\":1,\"name\":\"Home\",\"item\":\"https:\\\/\\\/candas365.es\\\/noticias\",\"nextItem\":{\"@type\":\"ListItem\",\"@id\":\"https:\\\/\\\/candas365.es\\\/noticias\\\/category\\\/noticias-carreno\\\/#listItem\",\"name\":\"Noticias Carre\\u00f1o\"}},{\"@type\":\"ListItem\",\"@id\":\"https:\\\/\\\/candas365.es\\\/noticias\\\/category\\\/noticias-carreno\\\/#listItem\",\"position\":2,\"name\":\"Noticias Carre\\u00f1o\",\"item\":\"https:\\\/\\\/candas365.es\\\/noticias\\\/category\\\/noticias-carreno\\\/\",\"nextItem\":{\"@type\":\"ListItem\",\"@id\":\"https:\\\/\\\/candas365.es\\\/noticias\\\/muestra-folklorica-interregional-en-candas\\\/#listItem\",\"name\":\"Muestra folkl\\u00f3rica interregional en Cand\\u00e1s\"},\"previousItem\":{\"@type\":\"ListItem\",\"@id\":\"https:\\\/\\\/candas365.es\\\/noticias#listItem\",\"name\":\"Home\"}},{\"@type\":\"ListItem\",\"@id\":\"https:\\\/\\\/candas365.es\\\/noticias\\\/muestra-folklorica-interregional-en-candas\\\/#listItem\",\"position\":3,\"name\":\"Muestra folkl\\u00f3rica interregional en Cand\\u00e1s\",\"previousItem\":{\"@type\":\"ListItem\",\"@id\":\"https:\\\/\\\/candas365.es\\\/noticias\\\/category\\\/noticias-carreno\\\/#listItem\",\"name\":\"Noticias Carre\\u00f1o\"}}]},{\"@type\":\"NewsArticle\",\"@id\":\"https:\\\/\\\/candas365.es\\\/noticias\\\/muestra-folklorica-interregional-en-candas\\\/#newsarticle\",\"name\":\"Muestra folkl\\u00f3rica interregional en Cand\\u00e1s | Cand\\u00e1s 365\",\"headline\":\"Muestra folkl\\u00f3rica interregional en Cand\\u00e1s\",\"author\":{\"@id\":\"https:\\\/\\\/candas365.es\\\/noticias\\\/author\\\/admin\\\/#author\"},\"publisher\":{\"@id\":\"https:\\\/\\\/candas365.es\\\/noticias\\\/#organization\"},\"image\":{\"@type\":\"ImageObject\",\"url\":\"https:\\\/\\\/candas365.es\\\/noticias\\\/wp-content\\\/uploads\\\/2019\\\/07\\\/9191b36040a5.jpg\",\"width\":574,\"height\":405},\"datePublished\":\"2019-07-05T20:23:37+02:00\",\"dateModified\":\"2019-07-05T20:23:37+02:00\",\"inLanguage\":\"es-ES\",\"mainEntityOfPage\":{\"@id\":\"https:\\\/\\\/candas365.es\\\/noticias\\\/muestra-folklorica-interregional-en-candas\\\/#webpage\"},\"isPartOf\":{\"@id\":\"https:\\\/\\\/candas365.es\\\/noticias\\\/muestra-folklorica-interregional-en-candas\\\/#webpage\"},\"articleSection\":\"Noticias Carre\\u00f1o\",\"dateline\":\"Publicado el julio 5, 2019.\"},{\"@type\":\"Organization\",\"@id\":\"https:\\\/\\\/candas365.es\\\/noticias\\\/#organization\",\"name\":\"Cand\\u00e1s 365\",\"description\":\"Cand\\u00e1s 365 es un diario digital independiente, fundado en 2012, con base en Asturias. Informamos con rigor sobre actualidad, sociedad, cultura y ocio, con una mirada local y global.\",\"url\":\"https:\\\/\\\/candas365.es\\\/noticias\\\/\",\"email\":\"info@candas365.es\",\"telephone\":\"+34652131393\",\"foundingDate\":\"2012-06-10\",\"logo\":{\"@type\":\"ImageObject\",\"url\":\"https:\\\/\\\/candas365.es\\\/noticias\\\/wp-content\\\/uploads\\\/2024\\\/09\\\/Candas-365-Redes.jpg\",\"@id\":\"https:\\\/\\\/candas365.es\\\/noticias\\\/muestra-folklorica-interregional-en-candas\\\/#organizationLogo\",\"width\":1152,\"height\":864,\"caption\":\"Cand\\u00e1s 365 Redes\"},\"image\":{\"@id\":\"https:\\\/\\\/candas365.es\\\/noticias\\\/muestra-folklorica-interregional-en-candas\\\/#organizationLogo\"},\"sameAs\":[\"https:\\\/\\\/www.facebook.com\\\/Nachofdezber\",\"https:\\\/\\\/x.com\\\/NabercoDigital\",\"https:\\\/\\\/www.instagram.com\\\/nachofdezber\\\/\",\"https:\\\/\\\/www.youtube.com\\\/channel\\\/UCZP-2wLEB9Rv6erhFmqVnvg\"],\"address\":{\"@id\":\"https:\\\/\\\/candas365.es\\\/noticias\\\/#postaladdress\",\"@type\":\"PostalAddress\",\"streetAddress\":\"san antonio 4, san antonio 4\",\"postalCode\":\"33430\",\"addressLocality\":\"Cand\\u00e1s\",\"addressRegion\":\"Asturias\",\"addressCountry\":\"ES\"}},{\"@type\":\"Person\",\"@id\":\"https:\\\/\\\/candas365.es\\\/noticias\\\/author\\\/admin\\\/#author\",\"url\":\"https:\\\/\\\/candas365.es\\\/noticias\\\/author\\\/admin\\\/\",\"name\":\"Cand\\u00e1s 365\",\"image\":{\"@type\":\"ImageObject\",\"@id\":\"https:\\\/\\\/candas365.es\\\/noticias\\\/muestra-folklorica-interregional-en-candas\\\/#authorImage\",\"url\":\"https:\\\/\\\/secure.gravatar.com\\\/avatar\\\/496a8e03d0c493ede1718b7934145dbdf8d89be1036b0eec9544e1094c9de390?s=96&d=mm&r=g\",\"width\":96,\"height\":96,\"caption\":\"Cand\\u00e1s 365\"},\"sameAs\":[\"https:\\\/\\\/www.facebook.com\\\/carrenoactualidad\",\"https:\\\/\\\/twitter.com\\\/nbasturias\",\"https:\\\/\\\/www.instagram.com\\\/nachofdezber\\\/\",\"https:\\\/\\\/www.youtube.com\\\/channel\\\/UCZP-2wLEB9Rv6erhFmqVnvg\"]},{\"@type\":\"WebPage\",\"@id\":\"https:\\\/\\\/candas365.es\\\/noticias\\\/muestra-folklorica-interregional-en-candas\\\/#webpage\",\"url\":\"https:\\\/\\\/candas365.es\\\/noticias\\\/muestra-folklorica-interregional-en-candas\\\/\",\"name\":\"Muestra folkl\\u00f3rica interregional en Cand\\u00e1s | Cand\\u00e1s 365\",\"description\":\"El grupo de baile tradicional La Folixa de Carre\\u00f1o organiza, en colaboraci\\u00f3n con la Concejal\\u00eda de Festejos, una nueva edici\\u00f3n de la muestra folkl\\u00f3rica interregional. El grupo de baile la Folixa es oriundo de la zona rural carre\\u00f1ense sus integrantes provienen, entre otras, de las parroquias de Amb\\u00e1s, Prevera, El Valle, y Guimar\\u00e1n. Surge en\",\"inLanguage\":\"es-ES\",\"isPartOf\":{\"@id\":\"https:\\\/\\\/candas365.es\\\/noticias\\\/#website\"},\"breadcrumb\":{\"@id\":\"https:\\\/\\\/candas365.es\\\/noticias\\\/muestra-folklorica-interregional-en-candas\\\/#breadcrumblist\"},\"author\":{\"@id\":\"https:\\\/\\\/candas365.es\\\/noticias\\\/author\\\/admin\\\/#author\"},\"creator\":{\"@id\":\"https:\\\/\\\/candas365.es\\\/noticias\\\/author\\\/admin\\\/#author\"},\"image\":{\"@type\":\"ImageObject\",\"url\":\"https:\\\/\\\/candas365.es\\\/noticias\\\/wp-content\\\/uploads\\\/2019\\\/07\\\/9191b36040a5.jpg\",\"@id\":\"https:\\\/\\\/candas365.es\\\/noticias\\\/muestra-folklorica-interregional-en-candas\\\/#mainImage\",\"width\":574,\"height\":405},\"primaryImageOfPage\":{\"@id\":\"https:\\\/\\\/candas365.es\\\/noticias\\\/muestra-folklorica-interregional-en-candas\\\/#mainImage\"},\"datePublished\":\"2019-07-05T20:23:37+02:00\",\"dateModified\":\"2019-07-05T20:23:37+02:00\"},{\"@type\":\"WebSite\",\"@id\":\"https:\\\/\\\/candas365.es\\\/noticias\\\/#website\",\"url\":\"https:\\\/\\\/candas365.es\\\/noticias\\\/\",\"name\":\"Cand\\u00e1s 365\",\"alternateName\":\"Cand\\u00e1s 365 Noticias\",\"description\":\"Actualidad desde Carre\\u00f1o para el mundo\",\"inLanguage\":\"es-ES\",\"publisher\":{\"@id\":\"https:\\\/\\\/candas365.es\\\/noticias\\\/#organization\"}}]}\n\t\t<\/script>\n\t\t<!-- All in One SEO Pro -->\r\n\t\t<title>Muestra folkl\u00f3rica interregional en Cand\u00e1s | Cand\u00e1s 365<\/title>\n\n","aioseo_head_json":{"title":"Muestra folkl\u00f3rica interregional en Cand\u00e1s | Cand\u00e1s 365","description":"El grupo de baile tradicional La Folixa de Carre\u00f1o organiza, en colaboraci\u00f3n con la Concejal\u00eda de Festejos, una nueva edici\u00f3n de la muestra folkl\u00f3rica interregional. El grupo de baile la Folixa es oriundo de la zona rural carre\u00f1ense sus integrantes provienen, entre otras, de las parroquias de Amb\u00e1s, Prevera, El Valle, y Guimar\u00e1n. Surge en","canonical_url":"https:\/\/candas365.es\/noticias\/muestra-folklorica-interregional-en-candas\/","robots":"max-image-preview:large","keywords":"noticias carre\u00f1o","webmasterTools":{"google-site-verification":"UA-32230408-1","msvalidate.01":"354F3CDFB2DA171B47FBE9ABF1F88D5","miscellaneous":""},"schema":{"@context":"https:\/\/schema.org","@graph":[{"@type":"BreadcrumbList","@id":"https:\/\/candas365.es\/noticias\/muestra-folklorica-interregional-en-candas\/#breadcrumblist","itemListElement":[{"@type":"ListItem","@id":"https:\/\/candas365.es\/noticias#listItem","position":1,"name":"Home","item":"https:\/\/candas365.es\/noticias","nextItem":{"@type":"ListItem","@id":"https:\/\/candas365.es\/noticias\/category\/noticias-carreno\/#listItem","name":"Noticias Carre\u00f1o"}},{"@type":"ListItem","@id":"https:\/\/candas365.es\/noticias\/category\/noticias-carreno\/#listItem","position":2,"name":"Noticias Carre\u00f1o","item":"https:\/\/candas365.es\/noticias\/category\/noticias-carreno\/","nextItem":{"@type":"ListItem","@id":"https:\/\/candas365.es\/noticias\/muestra-folklorica-interregional-en-candas\/#listItem","name":"Muestra folkl\u00f3rica interregional en Cand\u00e1s"},"previousItem":{"@type":"ListItem","@id":"https:\/\/candas365.es\/noticias#listItem","name":"Home"}},{"@type":"ListItem","@id":"https:\/\/candas365.es\/noticias\/muestra-folklorica-interregional-en-candas\/#listItem","position":3,"name":"Muestra folkl\u00f3rica interregional en Cand\u00e1s","previousItem":{"@type":"ListItem","@id":"https:\/\/candas365.es\/noticias\/category\/noticias-carreno\/#listItem","name":"Noticias Carre\u00f1o"}}]},{"@type":"NewsArticle","@id":"https:\/\/candas365.es\/noticias\/muestra-folklorica-interregional-en-candas\/#newsarticle","name":"Muestra folkl\u00f3rica interregional en Cand\u00e1s | Cand\u00e1s 365","headline":"Muestra folkl\u00f3rica interregional en Cand\u00e1s","author":{"@id":"https:\/\/candas365.es\/noticias\/author\/admin\/#author"},"publisher":{"@id":"https:\/\/candas365.es\/noticias\/#organization"},"image":{"@type":"ImageObject","url":"https:\/\/candas365.es\/noticias\/wp-content\/uploads\/2019\/07\/9191b36040a5.jpg","width":574,"height":405},"datePublished":"2019-07-05T20:23:37+02:00","dateModified":"2019-07-05T20:23:37+02:00","inLanguage":"es-ES","mainEntityOfPage":{"@id":"https:\/\/candas365.es\/noticias\/muestra-folklorica-interregional-en-candas\/#webpage"},"isPartOf":{"@id":"https:\/\/candas365.es\/noticias\/muestra-folklorica-interregional-en-candas\/#webpage"},"articleSection":"Noticias Carre\u00f1o","dateline":"Publicado el julio 5, 2019."},{"@type":"Organization","@id":"https:\/\/candas365.es\/noticias\/#organization","name":"Cand\u00e1s 365","description":"Cand\u00e1s 365 es un diario digital independiente, fundado en 2012, con base en Asturias. Informamos con rigor sobre actualidad, sociedad, cultura y ocio, con una mirada local y global.","url":"https:\/\/candas365.es\/noticias\/","email":"info@candas365.es","telephone":"+34652131393","foundingDate":"2012-06-10","logo":{"@type":"ImageObject","url":"https:\/\/candas365.es\/noticias\/wp-content\/uploads\/2024\/09\/Candas-365-Redes.jpg","@id":"https:\/\/candas365.es\/noticias\/muestra-folklorica-interregional-en-candas\/#organizationLogo","width":1152,"height":864,"caption":"Cand\u00e1s 365 Redes"},"image":{"@id":"https:\/\/candas365.es\/noticias\/muestra-folklorica-interregional-en-candas\/#organizationLogo"},"sameAs":["https:\/\/www.facebook.com\/Nachofdezber","https:\/\/x.com\/NabercoDigital","https:\/\/www.instagram.com\/nachofdezber\/","https:\/\/www.youtube.com\/channel\/UCZP-2wLEB9Rv6erhFmqVnvg"],"address":{"@id":"https:\/\/candas365.es\/noticias\/#postaladdress","@type":"PostalAddress","streetAddress":"san antonio 4, san antonio 4","postalCode":"33430","addressLocality":"Cand\u00e1s","addressRegion":"Asturias","addressCountry":"ES"}},{"@type":"Person","@id":"https:\/\/candas365.es\/noticias\/author\/admin\/#author","url":"https:\/\/candas365.es\/noticias\/author\/admin\/","name":"Cand\u00e1s 365","image":{"@type":"ImageObject","@id":"https:\/\/candas365.es\/noticias\/muestra-folklorica-interregional-en-candas\/#authorImage","url":"https:\/\/secure.gravatar.com\/avatar\/496a8e03d0c493ede1718b7934145dbdf8d89be1036b0eec9544e1094c9de390?s=96&d=mm&r=g","width":96,"height":96,"caption":"Cand\u00e1s 365"},"sameAs":["https:\/\/www.facebook.com\/carrenoactualidad","https:\/\/twitter.com\/nbasturias","https:\/\/www.instagram.com\/nachofdezber\/","https:\/\/www.youtube.com\/channel\/UCZP-2wLEB9Rv6erhFmqVnvg"]},{"@type":"WebPage","@id":"https:\/\/candas365.es\/noticias\/muestra-folklorica-interregional-en-candas\/#webpage","url":"https:\/\/candas365.es\/noticias\/muestra-folklorica-interregional-en-candas\/","name":"Muestra folkl\u00f3rica interregional en Cand\u00e1s | Cand\u00e1s 365","description":"El grupo de baile tradicional La Folixa de Carre\u00f1o organiza, en colaboraci\u00f3n con la Concejal\u00eda de Festejos, una nueva edici\u00f3n de la muestra folkl\u00f3rica interregional. El grupo de baile la Folixa es oriundo de la zona rural carre\u00f1ense sus integrantes provienen, entre otras, de las parroquias de Amb\u00e1s, Prevera, El Valle, y Guimar\u00e1n. Surge en","inLanguage":"es-ES","isPartOf":{"@id":"https:\/\/candas365.es\/noticias\/#website"},"breadcrumb":{"@id":"https:\/\/candas365.es\/noticias\/muestra-folklorica-interregional-en-candas\/#breadcrumblist"},"author":{"@id":"https:\/\/candas365.es\/noticias\/author\/admin\/#author"},"creator":{"@id":"https:\/\/candas365.es\/noticias\/author\/admin\/#author"},"image":{"@type":"ImageObject","url":"https:\/\/candas365.es\/noticias\/wp-content\/uploads\/2019\/07\/9191b36040a5.jpg","@id":"https:\/\/candas365.es\/noticias\/muestra-folklorica-interregional-en-candas\/#mainImage","width":574,"height":405},"primaryImageOfPage":{"@id":"https:\/\/candas365.es\/noticias\/muestra-folklorica-interregional-en-candas\/#mainImage"},"datePublished":"2019-07-05T20:23:37+02:00","dateModified":"2019-07-05T20:23:37+02:00"},{"@type":"WebSite","@id":"https:\/\/candas365.es\/noticias\/#website","url":"https:\/\/candas365.es\/noticias\/","name":"Cand\u00e1s 365","alternateName":"Cand\u00e1s 365 Noticias","description":"Actualidad desde Carre\u00f1o para el mundo","inLanguage":"es-ES","publisher":{"@id":"https:\/\/candas365.es\/noticias\/#organization"}}]},"og:locale":"es_ES","og:site_name":"Cand\u00e1s 365","og:type":"article","og:title":"Muestra folkl\u00f3rica interregional en Cand\u00e1s | Cand\u00e1s 365","og:description":"El grupo de baile tradicional La Folixa de Carre\u00f1o organiza, en colaboraci\u00f3n con la Concejal\u00eda de Festejos, una nueva edici\u00f3n de la muestra folkl\u00f3rica interregional. El grupo de baile la Folixa es oriundo de la zona rural carre\u00f1ense sus integrantes provienen, entre otras, de las parroquias de Amb\u00e1s, Prevera, El Valle, y Guimar\u00e1n. Surge en","og:url":"https:\/\/candas365.es\/noticias\/muestra-folklorica-interregional-en-candas\/","og:image":"https:\/\/candas365.es\/noticias\/wp-content\/uploads\/2019\/07\/9191b36040a5.jpg","og:image:secure_url":"https:\/\/candas365.es\/noticias\/wp-content\/uploads\/2019\/07\/9191b36040a5.jpg","og:image:width":574,"og:image:height":405,"article:published_time":"2019-07-05T20:23:37+00:00","article:modified_time":"2019-07-05T20:23:37+00:00","article:publisher":"https:\/\/www.facebook.com\/Nachofdezber","article:author":"https:\/\/www.facebook.com\/carrenoactualidad","twitter:card":"summary_large_image","twitter:site":"@NabercoDigital","twitter:title":"Muestra folkl\u00f3rica interregional en Cand\u00e1s | Cand\u00e1s 365","twitter:description":"El grupo de baile tradicional La Folixa de Carre\u00f1o organiza, en colaboraci\u00f3n con la Concejal\u00eda de Festejos, una nueva edici\u00f3n de la muestra folkl\u00f3rica interregional. El grupo de baile la Folixa es oriundo de la zona rural carre\u00f1ense sus integrantes provienen, entre otras, de las parroquias de Amb\u00e1s, Prevera, El Valle, y Guimar\u00e1n. Surge en","twitter:creator":"@nbasturias","twitter:image":"https:\/\/candas365.es\/noticias\/wp-content\/uploads\/2019\/07\/9191b36040a5.jpg","twitter:label1":"Escrito por","twitter:data1":"Cand\u00e1s 365","twitter:label2":"Tiempo de lectura estimado","twitter:data2":"3 minutos"},"aioseo_meta_data":{"post_id":"125968","title":null,"description":null,"keywords":null,"keyphrases":null,"primary_term":null,"canonical_url":null,"og_title":null,"og_description":null,"og_object_type":"default","og_image_type":"default","og_image_url":null,"og_image_width":null,"og_image_height":null,"og_image_custom_url":null,"og_image_custom_fields":null,"og_video":null,"og_custom_url":null,"og_article_section":null,"og_article_tags":null,"twitter_use_og":false,"twitter_card":"default","twitter_image_type":"default","twitter_image_url":null,"twitter_image_custom_url":null,"twitter_image_custom_fields":null,"twitter_title":null,"twitter_description":null,"schema":{"blockGraphs":[],"customGraphs":[],"default":{"data":{"Article":[],"Course":[],"Dataset":[],"FAQPage":[],"Movie":[],"Person":[],"Product":[],"ProductReview":[],"Car":[],"Recipe":[],"Service":[],"SoftwareApplication":[],"WebPage":[]},"graphName":"","isEnabled":true},"graphs":[],"defaultGraph":"","defaultPostTypeGraph":""},"schema_type":null,"schema_type_options":null,"pillar_content":false,"robots_default":true,"robots_noindex":false,"robots_noarchive":false,"robots_nosnippet":false,"robots_nofollow":false,"robots_noimageindex":false,"robots_noodp":false,"robots_notranslate":false,"robots_max_snippet":null,"robots_max_videopreview":null,"robots_max_imagepreview":"large","priority":null,"frequency":null,"location":null,"local_seo":null,"seo_analyzer_scan_date":"2025-08-30 07:05:38","breadcrumb_settings":null,"limit_modified_date":false,"reviewed_by":null,"open_ai":null,"ai":null,"created":"2020-12-21 10:55:15","updated":"2025-08-30 07:05:38"},"aioseo_breadcrumb":"<div class=\"aioseo-breadcrumbs\"><span class=\"aioseo-breadcrumb\">\n\t<a href=\"https:\/\/candas365.es\/noticias\" title=\"Home\">Home<\/a>\n<\/span><span class=\"aioseo-breadcrumb-separator\">&ndash;<\/span><span class=\"aioseo-breadcrumb\">\n\t<a href=\"https:\/\/candas365.es\/noticias\/category\/noticias-carreno\/\" title=\"Noticias Carre\u00f1o\">Noticias Carre\u00f1o<\/a>\n<\/span><span class=\"aioseo-breadcrumb-separator\">&ndash;<\/span><span class=\"aioseo-breadcrumb\">\n\tMuestra folkl\u00f3rica interregional en Cand\u00e1s\n<\/span><\/div>","aioseo_breadcrumb_json":[{"label":"Home","link":"https:\/\/candas365.es\/noticias"},{"label":"Noticias Carre\u00f1o","link":"https:\/\/candas365.es\/noticias\/category\/noticias-carreno\/"},{"label":"Muestra folkl\u00f3rica interregional en Cand\u00e1s","link":"https:\/\/candas365.es\/noticias\/muestra-folklorica-interregional-en-candas\/"}],"_links":{"self":[{"href":"https:\/\/candas365.es\/noticias\/wp-json\/wp\/v2\/posts\/125968","targetHints":{"allow":["GET"]}}],"collection":[{"href":"https:\/\/candas365.es\/noticias\/wp-json\/wp\/v2\/posts"}],"about":[{"href":"https:\/\/candas365.es\/noticias\/wp-json\/wp\/v2\/types\/post"}],"author":[{"embeddable":true,"href":"https:\/\/candas365.es\/noticias\/wp-json\/wp\/v2\/users\/1"}],"replies":[{"embeddable":true,"href":"https:\/\/candas365.es\/noticias\/wp-json\/wp\/v2\/comments?post=125968"}],"version-history":[{"count":0,"href":"https:\/\/candas365.es\/noticias\/wp-json\/wp\/v2\/posts\/125968\/revisions"}],"wp:featuredmedia":[{"embeddable":true,"href":"https:\/\/candas365.es\/noticias\/wp-json\/wp\/v2\/media\/125969"}],"wp:attachment":[{"href":"https:\/\/candas365.es\/noticias\/wp-json\/wp\/v2\/media?parent=125968"}],"wp:term":[{"taxonomy":"category","embeddable":true,"href":"https:\/\/candas365.es\/noticias\/wp-json\/wp\/v2\/categories?post=125968"},{"taxonomy":"post_tag","embeddable":true,"href":"https:\/\/candas365.es\/noticias\/wp-json\/wp\/v2\/tags?post=125968"}],"curies":[{"name":"wp","href":"https:\/\/api.w.org\/{rel}","templated":true}]}}