{"id":125812,"date":"2019-07-03T10:42:01","date_gmt":"2019-07-03T10:42:01","guid":{"rendered":"http:\/\/candas365.es\/noticias\/?p=125812"},"modified":"2019-07-03T10:42:01","modified_gmt":"2019-07-03T10:42:01","slug":"arte-rupestre-para-todas-las-edades-este-verano-en-el-centro-tito-bustillo","status":"publish","type":"post","link":"https:\/\/candas365.es\/noticias\/arte-rupestre-para-todas-las-edades-este-verano-en-el-centro-tito-bustillo\/","title":{"rendered":"Arte rupestre para todas las edades, este verano en el Centro Tito Bustillo"},"content":{"rendered":"<p style=\"font-weight: 400;\"><img fetchpriority=\"high\" decoding=\"async\" class=\"alignleft size-medium wp-image-37281\" src=\"https:\/\/candas365.es\/noticias\/wp-content\/uploads\/2016\/11\/TitoBustillo-360x198.jpg\" alt=\"\" width=\"360\" height=\"198\" srcset=\"https:\/\/candas365.es\/noticias\/wp-content\/uploads\/2016\/11\/TitoBustillo-360x198.jpg 360w, https:\/\/candas365.es\/noticias\/wp-content\/uploads\/2016\/11\/TitoBustillo-650x357.jpg 650w, https:\/\/candas365.es\/noticias\/wp-content\/uploads\/2016\/11\/TitoBustillo-150x82.jpg 150w, https:\/\/candas365.es\/noticias\/wp-content\/uploads\/2016\/11\/TitoBustillo-450x247.jpg 450w, https:\/\/candas365.es\/noticias\/wp-content\/uploads\/2016\/11\/TitoBustillo.jpg 655w\" sizes=\"(max-width: 360px) 100vw, 360px\" \/>El\u00a0<strong>Centro de Arte Rupestre de Tito Bustillo<\/strong>\u00a0ha preparado para este verano talleres sobre arte rupestre para todas las edades.<\/p>\n<p style=\"font-weight: 400;\">El p\u00fablico infantil de 4 a 11 a\u00f1os experimentar\u00e1 con aer\u00f3grafos, pigmentos y piedras de colores para convertirse en artistas del Paleol\u00edtico y descubrir c\u00f3mo nuestros antepasados pintaron cuevas como la de Tito Bustillo. El taller<strong>\u201cPeque\u00f1os artistas de la Prehistoria\u201d<\/strong>\u00a0se realizar\u00e1 en julio y agosto, de mi\u00e9rcoles a domingo (excepto 20 de julio y 3, 4 y 10 de agosto), y en septiembre, los fines de semana, a las 12:00 h.<\/p>\n<p style=\"font-weight: 400;\">El p\u00fablico familiar aprender\u00e1 las t\u00e9cnicas que utilizaron nuestros antepasados para dejar su huella en las paredes de las cuevas en el mes de julio; har\u00e1n una\u00a0peque\u00f1a figura de arte mueble, la emblem\u00e1tica cabeza de cabra de Tito Bustillo, en agosto; y descubrir\u00e1 los secretos que esconden las excavaciones arqueol\u00f3gicas en septiembre. Esta actividad,\u00a0<strong>\u201cPrehistoria en familia\u201d<\/strong>, se celebrar\u00e1 en julio y agosto, de mi\u00e9rcoles a domingo (excepto 3 y 4 de agosto), y en septiembre, los fines de semana, a las 16:30 h.<\/p>\n<p style=\"font-weight: 400;\">Adem\u00e1s, este verano en el Centro Tito Bustillo se puede visitar la\u00a0<strong>exposici\u00f3n \u201cAmanecer en luces y sombras\u201d<\/strong>, que incluye 45 cuadros sobre temas y \u00e1mbitos prehist\u00f3ricos realizados por Ludovico Rodr\u00edguez Lia\u00f1o. Las manos en negativo encontradas en muchos rincones del mundo, las pinturas de Altamira, el arte de las cuevas francesas y de Asturias y Cantabria e incluso pinturas abor\u00edgenes australianas y pinturas m\u00e1s actuales del pueblo africano aparecen reflejadas en esta muestra temporal, que se puede ver hasta el 15 de septiembre. El propio artista, Rodr\u00edguez Lia\u00f1o, realizar\u00e1 el 20 de julio y el 10 de agosto un recorrido guiado por esta muestra temporal a las 12:00 horas y un taller sobre t\u00e9cnicas y formas de arte rupestre a las 13:00 horas para todos los p\u00fablicos.<\/p>\n<p style=\"font-weight: 400;\">Las entradas para todas las actividades se pueden adquirir en el propio Centro Tito Bustillo y en la web\u00a0<a href=\"http:\/\/www.centrotitobustillo.com\/\" data-saferedirecturl=\"https:\/\/www.google.com\/url?q=http:\/\/www.centrotitobustillo.com&amp;source=gmail&amp;ust=1562236644742000&amp;usg=AFQjCNE9R7Z6-nBd5QI-qcpjpAuZk4As4w\">www.centrotitobustillo.com<\/a>.<\/p>\n","protected":false},"excerpt":{"rendered":"<p>El\u00a0Centro de Arte Rupestre de Tito Bustillo\u00a0ha preparado para este verano talleres sobre arte rupestre para todas las edades. El p\u00fablico infantil de 4 a 11 a\u00f1os experimentar\u00e1 con aer\u00f3grafos, pigmentos y piedras de colores para convertirse en artistas del Paleol\u00edtico y descubrir c\u00f3mo nuestros antepasados pintaron cuevas como la de Tito Bustillo. El taller\u201cPeque\u00f1os<\/p>\n","protected":false},"author":1,"featured_media":37281,"comment_status":"closed","ping_status":"closed","sticky":false,"template":"","format":"standard","meta":{"footnotes":""},"categories":[1],"tags":[],"class_list":{"0":"post-125812","1":"post","2":"type-post","3":"status-publish","4":"format-standard","5":"has-post-thumbnail","7":"category-agenda"},"aioseo_notices":[],"aioseo_head":"\n\t\t<!-- All in One SEO Pro 4.9.6.2 - aioseo.com -->\n\t<meta name=\"description\" content=\"El Centro de Arte Rupestre de Tito Bustillo ha preparado para este verano talleres sobre arte rupestre para todas las edades. El p\u00fablico infantil de 4 a 11 a\u00f1os experimentar\u00e1 con aer\u00f3grafos, pigmentos y piedras de colores para convertirse en artistas del Paleol\u00edtico y descubrir c\u00f3mo nuestros antepasados pintaron cuevas como la de Tito Bustillo. El taller\u201cPeque\u00f1os\" \/>\n\t<meta name=\"robots\" content=\"max-image-preview:large\" \/>\n\t<meta name=\"author\" content=\"Cand\u00e1s 365\"\/>\n\t<meta name=\"google-site-verification\" content=\"UA-32230408-1\" \/>\n\t<meta name=\"msvalidate.01\" content=\"354F3CDFB2DA171B47FBE9ABF1F88D5\" \/>\n\t<meta name=\"keywords\" content=\"agenda\" \/>\n\t<link rel=\"canonical\" href=\"https:\/\/candas365.es\/noticias\/arte-rupestre-para-todas-las-edades-este-verano-en-el-centro-tito-bustillo\/\" \/>\n\t<meta name=\"generator\" content=\"All in One SEO Pro (AIOSEO) 4.9.6.2\" \/>\n\t\t<meta property=\"og:locale\" content=\"es_ES\" \/>\n\t\t<meta property=\"og:site_name\" content=\"Cand\u00e1s 365\" \/>\n\t\t<meta property=\"og:type\" content=\"article\" \/>\n\t\t<meta property=\"og:title\" content=\"Arte rupestre para todas las edades, este verano en el Centro Tito Bustillo | Cand\u00e1s 365\" \/>\n\t\t<meta property=\"og:description\" content=\"El Centro de Arte Rupestre de Tito Bustillo ha preparado para este verano talleres sobre arte rupestre para todas las edades. El p\u00fablico infantil de 4 a 11 a\u00f1os experimentar\u00e1 con aer\u00f3grafos, pigmentos y piedras de colores para convertirse en artistas del Paleol\u00edtico y descubrir c\u00f3mo nuestros antepasados pintaron cuevas como la de Tito Bustillo. El taller\u201cPeque\u00f1os\" \/>\n\t\t<meta property=\"og:url\" content=\"https:\/\/candas365.es\/noticias\/arte-rupestre-para-todas-las-edades-este-verano-en-el-centro-tito-bustillo\/\" \/>\n\t\t<meta property=\"og:image\" content=\"https:\/\/candas365.es\/noticias\/wp-content\/uploads\/2016\/11\/TitoBustillo.jpg\" \/>\n\t\t<meta property=\"og:image:secure_url\" content=\"https:\/\/candas365.es\/noticias\/wp-content\/uploads\/2016\/11\/TitoBustillo.jpg\" \/>\n\t\t<meta property=\"og:image:width\" content=\"655\" \/>\n\t\t<meta property=\"og:image:height\" content=\"360\" \/>\n\t\t<meta property=\"article:published_time\" content=\"2019-07-03T10:42:01+00:00\" \/>\n\t\t<meta property=\"article:modified_time\" content=\"2019-07-03T10:42:01+00:00\" \/>\n\t\t<meta property=\"article:publisher\" content=\"https:\/\/www.facebook.com\/Nachofdezber\" \/>\n\t\t<meta property=\"article:author\" content=\"https:\/\/www.facebook.com\/carrenoactualidad\" \/>\n\t\t<meta name=\"twitter:card\" content=\"summary_large_image\" \/>\n\t\t<meta name=\"twitter:site\" content=\"@NabercoDigital\" \/>\n\t\t<meta name=\"twitter:title\" content=\"Arte rupestre para todas las edades, este verano en el Centro Tito Bustillo | Cand\u00e1s 365\" \/>\n\t\t<meta name=\"twitter:description\" content=\"El Centro de Arte Rupestre de Tito Bustillo ha preparado para este verano talleres sobre arte rupestre para todas las edades. El p\u00fablico infantil de 4 a 11 a\u00f1os experimentar\u00e1 con aer\u00f3grafos, pigmentos y piedras de colores para convertirse en artistas del Paleol\u00edtico y descubrir c\u00f3mo nuestros antepasados pintaron cuevas como la de Tito Bustillo. El taller\u201cPeque\u00f1os\" \/>\n\t\t<meta name=\"twitter:creator\" content=\"@nbasturias\" \/>\n\t\t<meta name=\"twitter:image\" content=\"https:\/\/candas365.es\/noticias\/wp-content\/uploads\/2016\/11\/TitoBustillo.jpg\" \/>\n\t\t<meta name=\"twitter:label1\" content=\"Escrito por\" \/>\n\t\t<meta name=\"twitter:data1\" content=\"Cand\u00e1s 365\" \/>\n\t\t<meta name=\"twitter:label2\" content=\"Tiempo de lectura estimado\" \/>\n\t\t<meta name=\"twitter:data2\" content=\"2 minutos\" \/>\n\t\t<script type=\"application\/ld+json\" class=\"aioseo-schema\">\n\t\t\t{\"@context\":\"https:\\\/\\\/schema.org\",\"@graph\":[{\"@type\":\"BreadcrumbList\",\"@id\":\"https:\\\/\\\/candas365.es\\\/noticias\\\/arte-rupestre-para-todas-las-edades-este-verano-en-el-centro-tito-bustillo\\\/#breadcrumblist\",\"itemListElement\":[{\"@type\":\"ListItem\",\"@id\":\"https:\\\/\\\/candas365.es\\\/noticias#listItem\",\"position\":1,\"name\":\"Home\",\"item\":\"https:\\\/\\\/candas365.es\\\/noticias\",\"nextItem\":{\"@type\":\"ListItem\",\"@id\":\"https:\\\/\\\/candas365.es\\\/noticias\\\/category\\\/agenda\\\/#listItem\",\"name\":\"Agenda\"}},{\"@type\":\"ListItem\",\"@id\":\"https:\\\/\\\/candas365.es\\\/noticias\\\/category\\\/agenda\\\/#listItem\",\"position\":2,\"name\":\"Agenda\",\"item\":\"https:\\\/\\\/candas365.es\\\/noticias\\\/category\\\/agenda\\\/\",\"nextItem\":{\"@type\":\"ListItem\",\"@id\":\"https:\\\/\\\/candas365.es\\\/noticias\\\/arte-rupestre-para-todas-las-edades-este-verano-en-el-centro-tito-bustillo\\\/#listItem\",\"name\":\"Arte rupestre para todas las edades, este verano en el Centro Tito Bustillo\"},\"previousItem\":{\"@type\":\"ListItem\",\"@id\":\"https:\\\/\\\/candas365.es\\\/noticias#listItem\",\"name\":\"Home\"}},{\"@type\":\"ListItem\",\"@id\":\"https:\\\/\\\/candas365.es\\\/noticias\\\/arte-rupestre-para-todas-las-edades-este-verano-en-el-centro-tito-bustillo\\\/#listItem\",\"position\":3,\"name\":\"Arte rupestre para todas las edades, este verano en el Centro Tito Bustillo\",\"previousItem\":{\"@type\":\"ListItem\",\"@id\":\"https:\\\/\\\/candas365.es\\\/noticias\\\/category\\\/agenda\\\/#listItem\",\"name\":\"Agenda\"}}]},{\"@type\":\"NewsArticle\",\"@id\":\"https:\\\/\\\/candas365.es\\\/noticias\\\/arte-rupestre-para-todas-las-edades-este-verano-en-el-centro-tito-bustillo\\\/#newsarticle\",\"name\":\"Arte rupestre para todas las edades, este verano en el Centro Tito Bustillo | Cand\\u00e1s 365\",\"headline\":\"Arte rupestre para todas las edades, este verano en el Centro Tito Bustillo\",\"author\":{\"@id\":\"https:\\\/\\\/candas365.es\\\/noticias\\\/author\\\/admin\\\/#author\"},\"publisher\":{\"@id\":\"https:\\\/\\\/candas365.es\\\/noticias\\\/#organization\"},\"image\":{\"@type\":\"ImageObject\",\"url\":\"https:\\\/\\\/candas365.es\\\/noticias\\\/wp-content\\\/uploads\\\/2016\\\/11\\\/TitoBustillo.jpg\",\"width\":655,\"height\":360,\"caption\":\"Tito Bustillo\"},\"datePublished\":\"2019-07-03T10:42:01+02:00\",\"dateModified\":\"2019-07-03T10:42:01+02:00\",\"inLanguage\":\"es-ES\",\"mainEntityOfPage\":{\"@id\":\"https:\\\/\\\/candas365.es\\\/noticias\\\/arte-rupestre-para-todas-las-edades-este-verano-en-el-centro-tito-bustillo\\\/#webpage\"},\"isPartOf\":{\"@id\":\"https:\\\/\\\/candas365.es\\\/noticias\\\/arte-rupestre-para-todas-las-edades-este-verano-en-el-centro-tito-bustillo\\\/#webpage\"},\"articleSection\":\"Agenda\",\"dateline\":\"Publicado el julio 3, 2019.\"},{\"@type\":\"Organization\",\"@id\":\"https:\\\/\\\/candas365.es\\\/noticias\\\/#organization\",\"name\":\"Cand\\u00e1s 365\",\"description\":\"Cand\\u00e1s 365 es un diario digital independiente, fundado en 2012, con base en Asturias. Informamos con rigor sobre actualidad, sociedad, cultura y ocio, con una mirada local y global.\",\"url\":\"https:\\\/\\\/candas365.es\\\/noticias\\\/\",\"email\":\"info@candas365.es\",\"telephone\":\"+34652131393\",\"foundingDate\":\"2012-06-10\",\"logo\":{\"@type\":\"ImageObject\",\"url\":\"https:\\\/\\\/candas365.es\\\/noticias\\\/wp-content\\\/uploads\\\/2024\\\/09\\\/Candas-365-Redes.jpg\",\"@id\":\"https:\\\/\\\/candas365.es\\\/noticias\\\/arte-rupestre-para-todas-las-edades-este-verano-en-el-centro-tito-bustillo\\\/#organizationLogo\",\"width\":1152,\"height\":864,\"caption\":\"Cand\\u00e1s 365 Redes\"},\"image\":{\"@id\":\"https:\\\/\\\/candas365.es\\\/noticias\\\/arte-rupestre-para-todas-las-edades-este-verano-en-el-centro-tito-bustillo\\\/#organizationLogo\"},\"sameAs\":[\"https:\\\/\\\/www.facebook.com\\\/Nachofdezber\",\"https:\\\/\\\/x.com\\\/NabercoDigital\",\"https:\\\/\\\/www.instagram.com\\\/nachofdezber\\\/\",\"https:\\\/\\\/www.youtube.com\\\/channel\\\/UCZP-2wLEB9Rv6erhFmqVnvg\"],\"address\":{\"@id\":\"https:\\\/\\\/candas365.es\\\/noticias\\\/#postaladdress\",\"@type\":\"PostalAddress\",\"streetAddress\":\"san antonio 4, san antonio 4\",\"postalCode\":\"33430\",\"addressLocality\":\"Cand\\u00e1s\",\"addressRegion\":\"Asturias\",\"addressCountry\":\"ES\"}},{\"@type\":\"Person\",\"@id\":\"https:\\\/\\\/candas365.es\\\/noticias\\\/author\\\/admin\\\/#author\",\"url\":\"https:\\\/\\\/candas365.es\\\/noticias\\\/author\\\/admin\\\/\",\"name\":\"Cand\\u00e1s 365\",\"image\":{\"@type\":\"ImageObject\",\"@id\":\"https:\\\/\\\/candas365.es\\\/noticias\\\/arte-rupestre-para-todas-las-edades-este-verano-en-el-centro-tito-bustillo\\\/#authorImage\",\"url\":\"https:\\\/\\\/secure.gravatar.com\\\/avatar\\\/496a8e03d0c493ede1718b7934145dbdf8d89be1036b0eec9544e1094c9de390?s=96&d=mm&r=g\",\"width\":96,\"height\":96,\"caption\":\"Cand\\u00e1s 365\"},\"sameAs\":[\"https:\\\/\\\/www.facebook.com\\\/carrenoactualidad\",\"https:\\\/\\\/twitter.com\\\/nbasturias\",\"https:\\\/\\\/www.instagram.com\\\/nachofdezber\\\/\",\"https:\\\/\\\/www.youtube.com\\\/channel\\\/UCZP-2wLEB9Rv6erhFmqVnvg\"]},{\"@type\":\"WebPage\",\"@id\":\"https:\\\/\\\/candas365.es\\\/noticias\\\/arte-rupestre-para-todas-las-edades-este-verano-en-el-centro-tito-bustillo\\\/#webpage\",\"url\":\"https:\\\/\\\/candas365.es\\\/noticias\\\/arte-rupestre-para-todas-las-edades-este-verano-en-el-centro-tito-bustillo\\\/\",\"name\":\"Arte rupestre para todas las edades, este verano en el Centro Tito Bustillo | Cand\\u00e1s 365\",\"description\":\"El Centro de Arte Rupestre de Tito Bustillo ha preparado para este verano talleres sobre arte rupestre para todas las edades. El p\\u00fablico infantil de 4 a 11 a\\u00f1os experimentar\\u00e1 con aer\\u00f3grafos, pigmentos y piedras de colores para convertirse en artistas del Paleol\\u00edtico y descubrir c\\u00f3mo nuestros antepasados pintaron cuevas como la de Tito Bustillo. El taller\\u201cPeque\\u00f1os\",\"inLanguage\":\"es-ES\",\"isPartOf\":{\"@id\":\"https:\\\/\\\/candas365.es\\\/noticias\\\/#website\"},\"breadcrumb\":{\"@id\":\"https:\\\/\\\/candas365.es\\\/noticias\\\/arte-rupestre-para-todas-las-edades-este-verano-en-el-centro-tito-bustillo\\\/#breadcrumblist\"},\"author\":{\"@id\":\"https:\\\/\\\/candas365.es\\\/noticias\\\/author\\\/admin\\\/#author\"},\"creator\":{\"@id\":\"https:\\\/\\\/candas365.es\\\/noticias\\\/author\\\/admin\\\/#author\"},\"image\":{\"@type\":\"ImageObject\",\"url\":\"https:\\\/\\\/candas365.es\\\/noticias\\\/wp-content\\\/uploads\\\/2016\\\/11\\\/TitoBustillo.jpg\",\"@id\":\"https:\\\/\\\/candas365.es\\\/noticias\\\/arte-rupestre-para-todas-las-edades-este-verano-en-el-centro-tito-bustillo\\\/#mainImage\",\"width\":655,\"height\":360,\"caption\":\"Tito Bustillo\"},\"primaryImageOfPage\":{\"@id\":\"https:\\\/\\\/candas365.es\\\/noticias\\\/arte-rupestre-para-todas-las-edades-este-verano-en-el-centro-tito-bustillo\\\/#mainImage\"},\"datePublished\":\"2019-07-03T10:42:01+02:00\",\"dateModified\":\"2019-07-03T10:42:01+02:00\"},{\"@type\":\"WebSite\",\"@id\":\"https:\\\/\\\/candas365.es\\\/noticias\\\/#website\",\"url\":\"https:\\\/\\\/candas365.es\\\/noticias\\\/\",\"name\":\"Cand\\u00e1s 365\",\"alternateName\":\"Cand\\u00e1s 365 Noticias\",\"description\":\"Actualidad desde Carre\\u00f1o para el mundo\",\"inLanguage\":\"es-ES\",\"publisher\":{\"@id\":\"https:\\\/\\\/candas365.es\\\/noticias\\\/#organization\"}}]}\n\t\t<\/script>\n\t\t<!-- All in One SEO Pro -->\r\n\t\t<title>Arte rupestre para todas las edades, este verano en el Centro Tito Bustillo | Cand\u00e1s 365<\/title>\n\n","aioseo_head_json":{"title":"Arte rupestre para todas las edades, este verano en el Centro Tito Bustillo | Cand\u00e1s 365","description":"El Centro de Arte Rupestre de Tito Bustillo ha preparado para este verano talleres sobre arte rupestre para todas las edades. El p\u00fablico infantil de 4 a 11 a\u00f1os experimentar\u00e1 con aer\u00f3grafos, pigmentos y piedras de colores para convertirse en artistas del Paleol\u00edtico y descubrir c\u00f3mo nuestros antepasados pintaron cuevas como la de Tito Bustillo. El taller\u201cPeque\u00f1os","canonical_url":"https:\/\/candas365.es\/noticias\/arte-rupestre-para-todas-las-edades-este-verano-en-el-centro-tito-bustillo\/","robots":"max-image-preview:large","keywords":"agenda","webmasterTools":{"google-site-verification":"UA-32230408-1","msvalidate.01":"354F3CDFB2DA171B47FBE9ABF1F88D5","miscellaneous":""},"schema":{"@context":"https:\/\/schema.org","@graph":[{"@type":"BreadcrumbList","@id":"https:\/\/candas365.es\/noticias\/arte-rupestre-para-todas-las-edades-este-verano-en-el-centro-tito-bustillo\/#breadcrumblist","itemListElement":[{"@type":"ListItem","@id":"https:\/\/candas365.es\/noticias#listItem","position":1,"name":"Home","item":"https:\/\/candas365.es\/noticias","nextItem":{"@type":"ListItem","@id":"https:\/\/candas365.es\/noticias\/category\/agenda\/#listItem","name":"Agenda"}},{"@type":"ListItem","@id":"https:\/\/candas365.es\/noticias\/category\/agenda\/#listItem","position":2,"name":"Agenda","item":"https:\/\/candas365.es\/noticias\/category\/agenda\/","nextItem":{"@type":"ListItem","@id":"https:\/\/candas365.es\/noticias\/arte-rupestre-para-todas-las-edades-este-verano-en-el-centro-tito-bustillo\/#listItem","name":"Arte rupestre para todas las edades, este verano en el Centro Tito Bustillo"},"previousItem":{"@type":"ListItem","@id":"https:\/\/candas365.es\/noticias#listItem","name":"Home"}},{"@type":"ListItem","@id":"https:\/\/candas365.es\/noticias\/arte-rupestre-para-todas-las-edades-este-verano-en-el-centro-tito-bustillo\/#listItem","position":3,"name":"Arte rupestre para todas las edades, este verano en el Centro Tito Bustillo","previousItem":{"@type":"ListItem","@id":"https:\/\/candas365.es\/noticias\/category\/agenda\/#listItem","name":"Agenda"}}]},{"@type":"NewsArticle","@id":"https:\/\/candas365.es\/noticias\/arte-rupestre-para-todas-las-edades-este-verano-en-el-centro-tito-bustillo\/#newsarticle","name":"Arte rupestre para todas las edades, este verano en el Centro Tito Bustillo | Cand\u00e1s 365","headline":"Arte rupestre para todas las edades, este verano en el Centro Tito Bustillo","author":{"@id":"https:\/\/candas365.es\/noticias\/author\/admin\/#author"},"publisher":{"@id":"https:\/\/candas365.es\/noticias\/#organization"},"image":{"@type":"ImageObject","url":"https:\/\/candas365.es\/noticias\/wp-content\/uploads\/2016\/11\/TitoBustillo.jpg","width":655,"height":360,"caption":"Tito Bustillo"},"datePublished":"2019-07-03T10:42:01+02:00","dateModified":"2019-07-03T10:42:01+02:00","inLanguage":"es-ES","mainEntityOfPage":{"@id":"https:\/\/candas365.es\/noticias\/arte-rupestre-para-todas-las-edades-este-verano-en-el-centro-tito-bustillo\/#webpage"},"isPartOf":{"@id":"https:\/\/candas365.es\/noticias\/arte-rupestre-para-todas-las-edades-este-verano-en-el-centro-tito-bustillo\/#webpage"},"articleSection":"Agenda","dateline":"Publicado el julio 3, 2019."},{"@type":"Organization","@id":"https:\/\/candas365.es\/noticias\/#organization","name":"Cand\u00e1s 365","description":"Cand\u00e1s 365 es un diario digital independiente, fundado en 2012, con base en Asturias. Informamos con rigor sobre actualidad, sociedad, cultura y ocio, con una mirada local y global.","url":"https:\/\/candas365.es\/noticias\/","email":"info@candas365.es","telephone":"+34652131393","foundingDate":"2012-06-10","logo":{"@type":"ImageObject","url":"https:\/\/candas365.es\/noticias\/wp-content\/uploads\/2024\/09\/Candas-365-Redes.jpg","@id":"https:\/\/candas365.es\/noticias\/arte-rupestre-para-todas-las-edades-este-verano-en-el-centro-tito-bustillo\/#organizationLogo","width":1152,"height":864,"caption":"Cand\u00e1s 365 Redes"},"image":{"@id":"https:\/\/candas365.es\/noticias\/arte-rupestre-para-todas-las-edades-este-verano-en-el-centro-tito-bustillo\/#organizationLogo"},"sameAs":["https:\/\/www.facebook.com\/Nachofdezber","https:\/\/x.com\/NabercoDigital","https:\/\/www.instagram.com\/nachofdezber\/","https:\/\/www.youtube.com\/channel\/UCZP-2wLEB9Rv6erhFmqVnvg"],"address":{"@id":"https:\/\/candas365.es\/noticias\/#postaladdress","@type":"PostalAddress","streetAddress":"san antonio 4, san antonio 4","postalCode":"33430","addressLocality":"Cand\u00e1s","addressRegion":"Asturias","addressCountry":"ES"}},{"@type":"Person","@id":"https:\/\/candas365.es\/noticias\/author\/admin\/#author","url":"https:\/\/candas365.es\/noticias\/author\/admin\/","name":"Cand\u00e1s 365","image":{"@type":"ImageObject","@id":"https:\/\/candas365.es\/noticias\/arte-rupestre-para-todas-las-edades-este-verano-en-el-centro-tito-bustillo\/#authorImage","url":"https:\/\/secure.gravatar.com\/avatar\/496a8e03d0c493ede1718b7934145dbdf8d89be1036b0eec9544e1094c9de390?s=96&d=mm&r=g","width":96,"height":96,"caption":"Cand\u00e1s 365"},"sameAs":["https:\/\/www.facebook.com\/carrenoactualidad","https:\/\/twitter.com\/nbasturias","https:\/\/www.instagram.com\/nachofdezber\/","https:\/\/www.youtube.com\/channel\/UCZP-2wLEB9Rv6erhFmqVnvg"]},{"@type":"WebPage","@id":"https:\/\/candas365.es\/noticias\/arte-rupestre-para-todas-las-edades-este-verano-en-el-centro-tito-bustillo\/#webpage","url":"https:\/\/candas365.es\/noticias\/arte-rupestre-para-todas-las-edades-este-verano-en-el-centro-tito-bustillo\/","name":"Arte rupestre para todas las edades, este verano en el Centro Tito Bustillo | Cand\u00e1s 365","description":"El Centro de Arte Rupestre de Tito Bustillo ha preparado para este verano talleres sobre arte rupestre para todas las edades. El p\u00fablico infantil de 4 a 11 a\u00f1os experimentar\u00e1 con aer\u00f3grafos, pigmentos y piedras de colores para convertirse en artistas del Paleol\u00edtico y descubrir c\u00f3mo nuestros antepasados pintaron cuevas como la de Tito Bustillo. El taller\u201cPeque\u00f1os","inLanguage":"es-ES","isPartOf":{"@id":"https:\/\/candas365.es\/noticias\/#website"},"breadcrumb":{"@id":"https:\/\/candas365.es\/noticias\/arte-rupestre-para-todas-las-edades-este-verano-en-el-centro-tito-bustillo\/#breadcrumblist"},"author":{"@id":"https:\/\/candas365.es\/noticias\/author\/admin\/#author"},"creator":{"@id":"https:\/\/candas365.es\/noticias\/author\/admin\/#author"},"image":{"@type":"ImageObject","url":"https:\/\/candas365.es\/noticias\/wp-content\/uploads\/2016\/11\/TitoBustillo.jpg","@id":"https:\/\/candas365.es\/noticias\/arte-rupestre-para-todas-las-edades-este-verano-en-el-centro-tito-bustillo\/#mainImage","width":655,"height":360,"caption":"Tito Bustillo"},"primaryImageOfPage":{"@id":"https:\/\/candas365.es\/noticias\/arte-rupestre-para-todas-las-edades-este-verano-en-el-centro-tito-bustillo\/#mainImage"},"datePublished":"2019-07-03T10:42:01+02:00","dateModified":"2019-07-03T10:42:01+02:00"},{"@type":"WebSite","@id":"https:\/\/candas365.es\/noticias\/#website","url":"https:\/\/candas365.es\/noticias\/","name":"Cand\u00e1s 365","alternateName":"Cand\u00e1s 365 Noticias","description":"Actualidad desde Carre\u00f1o para el mundo","inLanguage":"es-ES","publisher":{"@id":"https:\/\/candas365.es\/noticias\/#organization"}}]},"og:locale":"es_ES","og:site_name":"Cand\u00e1s 365","og:type":"article","og:title":"Arte rupestre para todas las edades, este verano en el Centro Tito Bustillo | Cand\u00e1s 365","og:description":"El Centro de Arte Rupestre de Tito Bustillo ha preparado para este verano talleres sobre arte rupestre para todas las edades. El p\u00fablico infantil de 4 a 11 a\u00f1os experimentar\u00e1 con aer\u00f3grafos, pigmentos y piedras de colores para convertirse en artistas del Paleol\u00edtico y descubrir c\u00f3mo nuestros antepasados pintaron cuevas como la de Tito Bustillo. El taller\u201cPeque\u00f1os","og:url":"https:\/\/candas365.es\/noticias\/arte-rupestre-para-todas-las-edades-este-verano-en-el-centro-tito-bustillo\/","og:image":"https:\/\/candas365.es\/noticias\/wp-content\/uploads\/2016\/11\/TitoBustillo.jpg","og:image:secure_url":"https:\/\/candas365.es\/noticias\/wp-content\/uploads\/2016\/11\/TitoBustillo.jpg","og:image:width":655,"og:image:height":360,"article:published_time":"2019-07-03T10:42:01+00:00","article:modified_time":"2019-07-03T10:42:01+00:00","article:publisher":"https:\/\/www.facebook.com\/Nachofdezber","article:author":"https:\/\/www.facebook.com\/carrenoactualidad","twitter:card":"summary_large_image","twitter:site":"@NabercoDigital","twitter:title":"Arte rupestre para todas las edades, este verano en el Centro Tito Bustillo | Cand\u00e1s 365","twitter:description":"El Centro de Arte Rupestre de Tito Bustillo ha preparado para este verano talleres sobre arte rupestre para todas las edades. El p\u00fablico infantil de 4 a 11 a\u00f1os experimentar\u00e1 con aer\u00f3grafos, pigmentos y piedras de colores para convertirse en artistas del Paleol\u00edtico y descubrir c\u00f3mo nuestros antepasados pintaron cuevas como la de Tito Bustillo. El taller\u201cPeque\u00f1os","twitter:creator":"@nbasturias","twitter:image":"https:\/\/candas365.es\/noticias\/wp-content\/uploads\/2016\/11\/TitoBustillo.jpg","twitter:label1":"Escrito por","twitter:data1":"Cand\u00e1s 365","twitter:label2":"Tiempo de lectura estimado","twitter:data2":"2 minutos"},"aioseo_meta_data":{"post_id":"125812","title":null,"description":null,"keywords":null,"keyphrases":null,"primary_term":null,"canonical_url":null,"og_title":null,"og_description":null,"og_object_type":"default","og_image_type":"default","og_image_url":null,"og_image_width":null,"og_image_height":null,"og_image_custom_url":null,"og_image_custom_fields":null,"og_video":null,"og_custom_url":null,"og_article_section":null,"og_article_tags":null,"twitter_use_og":false,"twitter_card":"default","twitter_image_type":"default","twitter_image_url":null,"twitter_image_custom_url":null,"twitter_image_custom_fields":null,"twitter_title":null,"twitter_description":null,"schema":{"blockGraphs":[],"customGraphs":[],"default":{"data":{"Article":[],"Course":[],"Dataset":[],"FAQPage":[],"Movie":[],"Person":[],"Product":[],"ProductReview":[],"Car":[],"Recipe":[],"Service":[],"SoftwareApplication":[],"WebPage":[]},"graphName":"","isEnabled":true},"graphs":[],"defaultGraph":"","defaultPostTypeGraph":""},"schema_type":null,"schema_type_options":null,"pillar_content":false,"robots_default":true,"robots_noindex":false,"robots_noarchive":false,"robots_nosnippet":false,"robots_nofollow":false,"robots_noimageindex":false,"robots_noodp":false,"robots_notranslate":false,"robots_max_snippet":null,"robots_max_videopreview":null,"robots_max_imagepreview":"large","priority":null,"frequency":null,"location":null,"local_seo":null,"seo_analyzer_scan_date":"2025-08-30 06:39:16","breadcrumb_settings":null,"limit_modified_date":false,"reviewed_by":null,"open_ai":null,"ai":null,"created":"2020-12-21 10:55:21","updated":"2025-08-30 06:39:16"},"aioseo_breadcrumb":"<div class=\"aioseo-breadcrumbs\"><span class=\"aioseo-breadcrumb\">\n\t<a href=\"https:\/\/candas365.es\/noticias\" title=\"Home\">Home<\/a>\n<\/span><span class=\"aioseo-breadcrumb-separator\">&ndash;<\/span><span class=\"aioseo-breadcrumb\">\n\t<a href=\"https:\/\/candas365.es\/noticias\/category\/agenda\/\" title=\"Agenda\">Agenda<\/a>\n<\/span><span class=\"aioseo-breadcrumb-separator\">&ndash;<\/span><span class=\"aioseo-breadcrumb\">\n\tArte rupestre para todas las edades, este verano en el Centro Tito Bustillo\n<\/span><\/div>","aioseo_breadcrumb_json":[{"label":"Home","link":"https:\/\/candas365.es\/noticias"},{"label":"Agenda","link":"https:\/\/candas365.es\/noticias\/category\/agenda\/"},{"label":"Arte rupestre para todas las edades, este verano en el Centro Tito Bustillo","link":"https:\/\/candas365.es\/noticias\/arte-rupestre-para-todas-las-edades-este-verano-en-el-centro-tito-bustillo\/"}],"_links":{"self":[{"href":"https:\/\/candas365.es\/noticias\/wp-json\/wp\/v2\/posts\/125812","targetHints":{"allow":["GET"]}}],"collection":[{"href":"https:\/\/candas365.es\/noticias\/wp-json\/wp\/v2\/posts"}],"about":[{"href":"https:\/\/candas365.es\/noticias\/wp-json\/wp\/v2\/types\/post"}],"author":[{"embeddable":true,"href":"https:\/\/candas365.es\/noticias\/wp-json\/wp\/v2\/users\/1"}],"replies":[{"embeddable":true,"href":"https:\/\/candas365.es\/noticias\/wp-json\/wp\/v2\/comments?post=125812"}],"version-history":[{"count":0,"href":"https:\/\/candas365.es\/noticias\/wp-json\/wp\/v2\/posts\/125812\/revisions"}],"wp:featuredmedia":[{"embeddable":true,"href":"https:\/\/candas365.es\/noticias\/wp-json\/wp\/v2\/media\/37281"}],"wp:attachment":[{"href":"https:\/\/candas365.es\/noticias\/wp-json\/wp\/v2\/media?parent=125812"}],"wp:term":[{"taxonomy":"category","embeddable":true,"href":"https:\/\/candas365.es\/noticias\/wp-json\/wp\/v2\/categories?post=125812"},{"taxonomy":"post_tag","embeddable":true,"href":"https:\/\/candas365.es\/noticias\/wp-json\/wp\/v2\/tags?post=125812"}],"curies":[{"name":"wp","href":"https:\/\/api.w.org\/{rel}","templated":true}]}}