{"id":125745,"date":"2019-07-02T10:54:21","date_gmt":"2019-07-02T10:54:21","guid":{"rendered":"http:\/\/candas365.es\/noticias\/?p=125745"},"modified":"2019-07-02T10:54:21","modified_gmt":"2019-07-02T10:54:21","slug":"christina-rosenvinge-presentara-su-obra-literaria-debut-cuadernos-y-canciones","status":"publish","type":"post","link":"https:\/\/candas365.es\/noticias\/christina-rosenvinge-presentara-su-obra-literaria-debut-cuadernos-y-canciones\/","title":{"rendered":"Christina Rosenvinge presentar\u00e1 su obra literaria: \u201cDebut. Cuadernos y canciones\u201d"},"content":{"rendered":"<p><img fetchpriority=\"high\" decoding=\"async\" class=\"alignleft size-medium wp-image-125746\" src=\"https:\/\/candas365.es\/noticias\/wp-content\/uploads\/2019\/07\/Christina-Rosenvinge-250x300.jpg\" alt=\"\" width=\"250\" height=\"300\" srcset=\"https:\/\/candas365.es\/noticias\/wp-content\/uploads\/2019\/07\/Christina-Rosenvinge-250x300.jpg 250w, https:\/\/candas365.es\/noticias\/wp-content\/uploads\/2019\/07\/Christina-Rosenvinge-768x921.jpg 768w, https:\/\/candas365.es\/noticias\/wp-content\/uploads\/2019\/07\/Christina-Rosenvinge-400x480.jpg 400w, https:\/\/candas365.es\/noticias\/wp-content\/uploads\/2019\/07\/Christina-Rosenvinge-696x835.jpg 696w, https:\/\/candas365.es\/noticias\/wp-content\/uploads\/2019\/07\/Christina-Rosenvinge-350x420.jpg 350w, https:\/\/candas365.es\/noticias\/wp-content\/uploads\/2019\/07\/Christina-Rosenvinge.jpg 938w\" sizes=\"(max-width: 250px) 100vw, 250px\" \/>El Centro Niemeyer anunci\u00f3 recientemente mediante un comunicado de prensa que la cantautora madrile\u00f1a con ascendencia danesa, Christina Rosenvinge, participar\u00e1 en el Ciclo de Palabra del trimestre del verano para presentar su obra literaria titulada: \u201c<em>Debut. Cuadernos y canciones<\/em>\u201d. La cita ser\u00e1 el mi\u00e9rcoles 11 de septiembre a las 20:00.<\/p>\n<p>La cantante y escritora recoge en este libro m\u00e1s de veinticinco a\u00f1os de canciones y recorre los lugares, los relatos y las reflexiones que subyacen a sus letras. Sus textos retratan la intimidad de esos d\u00edas tranquilos entre gira y gira en los que, aparentemente, no ocurre nada y en realidad est\u00e1 pasando todo. Son tambi\u00e9n testimonios de una carrera que ha cruzado d\u00e9cadas, fronteras y estilos con una lucidez insobornable.<\/p>\n<p>Cruzan este libro las referencias literarias, musicales y art\u00edsticas que han influenciado la obra de la cantautora y cierra el volumen \u201cLa palabra exacta\u201d, un ensayo sobre los secretos de hilvanar letra y melod\u00eda en el verso cantado.<\/p>\n<p>Christina Rosenvinge es una de las mejores letristas del pop espa\u00f1ol y prueba de ello es \u201cDebut. Cuadernos y canciones\u201d, donde se atesora su arte para dar con la palabra exacta y, en definitiva, para la poes\u00eda. Rosenvinge es una cantautora, compositora y actriz espa\u00f1ola de proyecci\u00f3n internacional, icono pop adolescente en sus inicios, que ha llegado a convertirse en una referencia del pop rock independiente con fans de todas las edades.<\/p>\n<p>Como actriz ha participado en las pel\u00edculas \u201cTodo es mentira\u201d (1994, junto a Pen\u00e9lope Cruz y Coque Malla) y en \u201cLa pistola de mi hermano\u201d (1997, de Ray Loriga). En sus inicios present\u00f3 el programa musical FM2 que dirigi\u00f3 Diego A. Manrique en Televisi\u00f3n Espa\u00f1ola (1988-1989). Tambi\u00e9n ha colaborado con artistas conceptuales como Sophie Calle. Realiz\u00f3 una pieza para la obra \u201cPrenez soin de vous\u201d que Sophie Calle present\u00f3 en el pabell\u00f3n franc\u00e9s en la Biennale di Venezia en 2007.<\/p>\n<p>En 1993 recibe el Premio Artista Revelaci\u00f3n Radio 3, en 2018 fue galardonada con el premio Nacional de las M\u00fasicas Actuales, otorgado por el Ministerio de Cultura y Deporte en reconocimiento a la potencia emocional de su obra. En el mismo a\u00f1o recibe el Premio MIN de la Asociaci\u00f3n de la M\u00fasica Independiente al Mejor \u00c1lbum de Pop por \u201cUn Hombre rubio\u201d. En 2018 fue galardonada con el Premio Nacional de las M\u00fasicas Actuales.<\/p>\n<p>Las entradas para este evento est\u00e1n ya a la venta al precio de 1 \u20ac y se pueden adquirir en las recepciones del Centro Niemeyer, CITPA Oviedo y Laboral Ciudad de la Cultura en Gij\u00f3n, el tel\u00e9fono 902 106 601 y Liberbank \u2013 entradas (www.liberbank.es).<\/p>\n","protected":false},"excerpt":{"rendered":"<p>El Centro Niemeyer anunci\u00f3 recientemente mediante un comunicado de prensa que la cantautora madrile\u00f1a con ascendencia danesa, Christina Rosenvinge, participar\u00e1 en el Ciclo de Palabra del trimestre del verano para presentar su obra literaria titulada: \u201cDebut. Cuadernos y canciones\u201d. La cita ser\u00e1 el mi\u00e9rcoles 11 de septiembre a las 20:00. La cantante y escritora recoge<\/p>\n","protected":false},"author":1,"featured_media":125746,"comment_status":"closed","ping_status":"closed","sticky":false,"template":"","format":"standard","meta":{"footnotes":""},"categories":[1],"tags":[],"class_list":{"0":"post-125745","1":"post","2":"type-post","3":"status-publish","4":"format-standard","5":"has-post-thumbnail","7":"category-agenda"},"aioseo_notices":[],"aioseo_head":"\n\t\t<!-- All in One SEO Pro 4.9.6.2 - aioseo.com -->\n\t<meta name=\"description\" content=\"El Centro Niemeyer anunci\u00f3 recientemente mediante un comunicado de prensa que la cantautora madrile\u00f1a con ascendencia danesa, Christina Rosenvinge, participar\u00e1 en el Ciclo de Palabra del trimestre del verano para presentar su obra literaria titulada: \u201cDebut. Cuadernos y canciones\u201d. La cita ser\u00e1 el mi\u00e9rcoles 11 de septiembre a las 20:00. La cantante y escritora recoge\" \/>\n\t<meta name=\"robots\" content=\"max-image-preview:large\" \/>\n\t<meta name=\"author\" content=\"Cand\u00e1s 365\"\/>\n\t<meta name=\"google-site-verification\" content=\"UA-32230408-1\" \/>\n\t<meta name=\"msvalidate.01\" content=\"354F3CDFB2DA171B47FBE9ABF1F88D5\" \/>\n\t<meta name=\"keywords\" content=\"agenda\" \/>\n\t<link rel=\"canonical\" href=\"https:\/\/candas365.es\/noticias\/christina-rosenvinge-presentara-su-obra-literaria-debut-cuadernos-y-canciones\/\" \/>\n\t<meta name=\"generator\" content=\"All in One SEO Pro (AIOSEO) 4.9.6.2\" \/>\n\t\t<meta property=\"og:locale\" content=\"es_ES\" \/>\n\t\t<meta property=\"og:site_name\" content=\"Cand\u00e1s 365\" \/>\n\t\t<meta property=\"og:type\" content=\"article\" \/>\n\t\t<meta property=\"og:title\" content=\"Christina Rosenvinge presentar\u00e1 su obra literaria: \u201cDebut. Cuadernos y canciones\u201d | Cand\u00e1s 365\" \/>\n\t\t<meta property=\"og:description\" content=\"El Centro Niemeyer anunci\u00f3 recientemente mediante un comunicado de prensa que la cantautora madrile\u00f1a con ascendencia danesa, Christina Rosenvinge, participar\u00e1 en el Ciclo de Palabra del trimestre del verano para presentar su obra literaria titulada: \u201cDebut. Cuadernos y canciones\u201d. La cita ser\u00e1 el mi\u00e9rcoles 11 de septiembre a las 20:00. La cantante y escritora recoge\" \/>\n\t\t<meta property=\"og:url\" content=\"https:\/\/candas365.es\/noticias\/christina-rosenvinge-presentara-su-obra-literaria-debut-cuadernos-y-canciones\/\" \/>\n\t\t<meta property=\"og:image\" content=\"https:\/\/candas365.es\/noticias\/wp-content\/uploads\/2019\/07\/Christina-Rosenvinge.jpg\" \/>\n\t\t<meta property=\"og:image:secure_url\" content=\"https:\/\/candas365.es\/noticias\/wp-content\/uploads\/2019\/07\/Christina-Rosenvinge.jpg\" \/>\n\t\t<meta property=\"og:image:width\" content=\"938\" \/>\n\t\t<meta property=\"og:image:height\" content=\"1125\" \/>\n\t\t<meta property=\"article:published_time\" content=\"2019-07-02T10:54:21+00:00\" \/>\n\t\t<meta property=\"article:modified_time\" content=\"2019-07-02T10:54:21+00:00\" \/>\n\t\t<meta property=\"article:publisher\" content=\"https:\/\/www.facebook.com\/Nachofdezber\" \/>\n\t\t<meta property=\"article:author\" content=\"https:\/\/www.facebook.com\/carrenoactualidad\" \/>\n\t\t<meta name=\"twitter:card\" content=\"summary_large_image\" \/>\n\t\t<meta name=\"twitter:site\" content=\"@NabercoDigital\" \/>\n\t\t<meta name=\"twitter:title\" content=\"Christina Rosenvinge presentar\u00e1 su obra literaria: \u201cDebut. Cuadernos y canciones\u201d | Cand\u00e1s 365\" \/>\n\t\t<meta name=\"twitter:description\" content=\"El Centro Niemeyer anunci\u00f3 recientemente mediante un comunicado de prensa que la cantautora madrile\u00f1a con ascendencia danesa, Christina Rosenvinge, participar\u00e1 en el Ciclo de Palabra del trimestre del verano para presentar su obra literaria titulada: \u201cDebut. Cuadernos y canciones\u201d. La cita ser\u00e1 el mi\u00e9rcoles 11 de septiembre a las 20:00. La cantante y escritora recoge\" \/>\n\t\t<meta name=\"twitter:creator\" content=\"@nbasturias\" \/>\n\t\t<meta name=\"twitter:image\" content=\"https:\/\/candas365.es\/noticias\/wp-content\/uploads\/2019\/07\/Christina-Rosenvinge.jpg\" \/>\n\t\t<meta name=\"twitter:label1\" content=\"Escrito por\" \/>\n\t\t<meta name=\"twitter:data1\" content=\"Cand\u00e1s 365\" \/>\n\t\t<meta name=\"twitter:label2\" content=\"Tiempo de lectura estimado\" \/>\n\t\t<meta name=\"twitter:data2\" content=\"2 minutos\" \/>\n\t\t<script type=\"application\/ld+json\" class=\"aioseo-schema\">\n\t\t\t{\"@context\":\"https:\\\/\\\/schema.org\",\"@graph\":[{\"@type\":\"BreadcrumbList\",\"@id\":\"https:\\\/\\\/candas365.es\\\/noticias\\\/christina-rosenvinge-presentara-su-obra-literaria-debut-cuadernos-y-canciones\\\/#breadcrumblist\",\"itemListElement\":[{\"@type\":\"ListItem\",\"@id\":\"https:\\\/\\\/candas365.es\\\/noticias#listItem\",\"position\":1,\"name\":\"Home\",\"item\":\"https:\\\/\\\/candas365.es\\\/noticias\",\"nextItem\":{\"@type\":\"ListItem\",\"@id\":\"https:\\\/\\\/candas365.es\\\/noticias\\\/category\\\/agenda\\\/#listItem\",\"name\":\"Agenda\"}},{\"@type\":\"ListItem\",\"@id\":\"https:\\\/\\\/candas365.es\\\/noticias\\\/category\\\/agenda\\\/#listItem\",\"position\":2,\"name\":\"Agenda\",\"item\":\"https:\\\/\\\/candas365.es\\\/noticias\\\/category\\\/agenda\\\/\",\"nextItem\":{\"@type\":\"ListItem\",\"@id\":\"https:\\\/\\\/candas365.es\\\/noticias\\\/christina-rosenvinge-presentara-su-obra-literaria-debut-cuadernos-y-canciones\\\/#listItem\",\"name\":\"Christina Rosenvinge presentar\\u00e1 su obra literaria: \\u201cDebut. Cuadernos y canciones\\u201d\"},\"previousItem\":{\"@type\":\"ListItem\",\"@id\":\"https:\\\/\\\/candas365.es\\\/noticias#listItem\",\"name\":\"Home\"}},{\"@type\":\"ListItem\",\"@id\":\"https:\\\/\\\/candas365.es\\\/noticias\\\/christina-rosenvinge-presentara-su-obra-literaria-debut-cuadernos-y-canciones\\\/#listItem\",\"position\":3,\"name\":\"Christina Rosenvinge presentar\\u00e1 su obra literaria: \\u201cDebut. Cuadernos y canciones\\u201d\",\"previousItem\":{\"@type\":\"ListItem\",\"@id\":\"https:\\\/\\\/candas365.es\\\/noticias\\\/category\\\/agenda\\\/#listItem\",\"name\":\"Agenda\"}}]},{\"@type\":\"NewsArticle\",\"@id\":\"https:\\\/\\\/candas365.es\\\/noticias\\\/christina-rosenvinge-presentara-su-obra-literaria-debut-cuadernos-y-canciones\\\/#newsarticle\",\"name\":\"Christina Rosenvinge presentar\\u00e1 su obra literaria: \\u201cDebut. Cuadernos y canciones\\u201d | Cand\\u00e1s 365\",\"headline\":\"Christina Rosenvinge presentar\\u00e1 su obra literaria: \\u201cDebut. Cuadernos y canciones\\u201d\",\"author\":{\"@id\":\"https:\\\/\\\/candas365.es\\\/noticias\\\/author\\\/admin\\\/#author\"},\"publisher\":{\"@id\":\"https:\\\/\\\/candas365.es\\\/noticias\\\/#organization\"},\"image\":{\"@type\":\"ImageObject\",\"url\":\"https:\\\/\\\/candas365.es\\\/noticias\\\/wp-content\\\/uploads\\\/2019\\\/07\\\/Christina-Rosenvinge.jpg\",\"width\":938,\"height\":1125},\"datePublished\":\"2019-07-02T10:54:21+02:00\",\"dateModified\":\"2019-07-02T10:54:21+02:00\",\"inLanguage\":\"es-ES\",\"mainEntityOfPage\":{\"@id\":\"https:\\\/\\\/candas365.es\\\/noticias\\\/christina-rosenvinge-presentara-su-obra-literaria-debut-cuadernos-y-canciones\\\/#webpage\"},\"isPartOf\":{\"@id\":\"https:\\\/\\\/candas365.es\\\/noticias\\\/christina-rosenvinge-presentara-su-obra-literaria-debut-cuadernos-y-canciones\\\/#webpage\"},\"articleSection\":\"Agenda\",\"dateline\":\"Publicado el julio 2, 2019.\"},{\"@type\":\"Organization\",\"@id\":\"https:\\\/\\\/candas365.es\\\/noticias\\\/#organization\",\"name\":\"Cand\\u00e1s 365\",\"description\":\"Cand\\u00e1s 365 es un diario digital independiente, fundado en 2012, con base en Asturias. Informamos con rigor sobre actualidad, sociedad, cultura y ocio, con una mirada local y global.\",\"url\":\"https:\\\/\\\/candas365.es\\\/noticias\\\/\",\"email\":\"info@candas365.es\",\"telephone\":\"+34652131393\",\"foundingDate\":\"2012-06-10\",\"logo\":{\"@type\":\"ImageObject\",\"url\":\"https:\\\/\\\/candas365.es\\\/noticias\\\/wp-content\\\/uploads\\\/2024\\\/09\\\/Candas-365-Redes.jpg\",\"@id\":\"https:\\\/\\\/candas365.es\\\/noticias\\\/christina-rosenvinge-presentara-su-obra-literaria-debut-cuadernos-y-canciones\\\/#organizationLogo\",\"width\":1152,\"height\":864,\"caption\":\"Cand\\u00e1s 365 Redes\"},\"image\":{\"@id\":\"https:\\\/\\\/candas365.es\\\/noticias\\\/christina-rosenvinge-presentara-su-obra-literaria-debut-cuadernos-y-canciones\\\/#organizationLogo\"},\"sameAs\":[\"https:\\\/\\\/www.facebook.com\\\/Nachofdezber\",\"https:\\\/\\\/x.com\\\/NabercoDigital\",\"https:\\\/\\\/www.instagram.com\\\/nachofdezber\\\/\",\"https:\\\/\\\/www.youtube.com\\\/channel\\\/UCZP-2wLEB9Rv6erhFmqVnvg\"],\"address\":{\"@id\":\"https:\\\/\\\/candas365.es\\\/noticias\\\/#postaladdress\",\"@type\":\"PostalAddress\",\"streetAddress\":\"san antonio 4, san antonio 4\",\"postalCode\":\"33430\",\"addressLocality\":\"Cand\\u00e1s\",\"addressRegion\":\"Asturias\",\"addressCountry\":\"ES\"}},{\"@type\":\"Person\",\"@id\":\"https:\\\/\\\/candas365.es\\\/noticias\\\/author\\\/admin\\\/#author\",\"url\":\"https:\\\/\\\/candas365.es\\\/noticias\\\/author\\\/admin\\\/\",\"name\":\"Cand\\u00e1s 365\",\"image\":{\"@type\":\"ImageObject\",\"@id\":\"https:\\\/\\\/candas365.es\\\/noticias\\\/christina-rosenvinge-presentara-su-obra-literaria-debut-cuadernos-y-canciones\\\/#authorImage\",\"url\":\"https:\\\/\\\/secure.gravatar.com\\\/avatar\\\/496a8e03d0c493ede1718b7934145dbdf8d89be1036b0eec9544e1094c9de390?s=96&d=mm&r=g\",\"width\":96,\"height\":96,\"caption\":\"Cand\\u00e1s 365\"},\"sameAs\":[\"https:\\\/\\\/www.facebook.com\\\/carrenoactualidad\",\"https:\\\/\\\/twitter.com\\\/nbasturias\",\"https:\\\/\\\/www.instagram.com\\\/nachofdezber\\\/\",\"https:\\\/\\\/www.youtube.com\\\/channel\\\/UCZP-2wLEB9Rv6erhFmqVnvg\"]},{\"@type\":\"WebPage\",\"@id\":\"https:\\\/\\\/candas365.es\\\/noticias\\\/christina-rosenvinge-presentara-su-obra-literaria-debut-cuadernos-y-canciones\\\/#webpage\",\"url\":\"https:\\\/\\\/candas365.es\\\/noticias\\\/christina-rosenvinge-presentara-su-obra-literaria-debut-cuadernos-y-canciones\\\/\",\"name\":\"Christina Rosenvinge presentar\\u00e1 su obra literaria: \\u201cDebut. Cuadernos y canciones\\u201d | Cand\\u00e1s 365\",\"description\":\"El Centro Niemeyer anunci\\u00f3 recientemente mediante un comunicado de prensa que la cantautora madrile\\u00f1a con ascendencia danesa, Christina Rosenvinge, participar\\u00e1 en el Ciclo de Palabra del trimestre del verano para presentar su obra literaria titulada: \\u201cDebut. Cuadernos y canciones\\u201d. La cita ser\\u00e1 el mi\\u00e9rcoles 11 de septiembre a las 20:00. La cantante y escritora recoge\",\"inLanguage\":\"es-ES\",\"isPartOf\":{\"@id\":\"https:\\\/\\\/candas365.es\\\/noticias\\\/#website\"},\"breadcrumb\":{\"@id\":\"https:\\\/\\\/candas365.es\\\/noticias\\\/christina-rosenvinge-presentara-su-obra-literaria-debut-cuadernos-y-canciones\\\/#breadcrumblist\"},\"author\":{\"@id\":\"https:\\\/\\\/candas365.es\\\/noticias\\\/author\\\/admin\\\/#author\"},\"creator\":{\"@id\":\"https:\\\/\\\/candas365.es\\\/noticias\\\/author\\\/admin\\\/#author\"},\"image\":{\"@type\":\"ImageObject\",\"url\":\"https:\\\/\\\/candas365.es\\\/noticias\\\/wp-content\\\/uploads\\\/2019\\\/07\\\/Christina-Rosenvinge.jpg\",\"@id\":\"https:\\\/\\\/candas365.es\\\/noticias\\\/christina-rosenvinge-presentara-su-obra-literaria-debut-cuadernos-y-canciones\\\/#mainImage\",\"width\":938,\"height\":1125},\"primaryImageOfPage\":{\"@id\":\"https:\\\/\\\/candas365.es\\\/noticias\\\/christina-rosenvinge-presentara-su-obra-literaria-debut-cuadernos-y-canciones\\\/#mainImage\"},\"datePublished\":\"2019-07-02T10:54:21+02:00\",\"dateModified\":\"2019-07-02T10:54:21+02:00\"},{\"@type\":\"WebSite\",\"@id\":\"https:\\\/\\\/candas365.es\\\/noticias\\\/#website\",\"url\":\"https:\\\/\\\/candas365.es\\\/noticias\\\/\",\"name\":\"Cand\\u00e1s 365\",\"alternateName\":\"Cand\\u00e1s 365 Noticias\",\"description\":\"Actualidad desde Carre\\u00f1o para el mundo\",\"inLanguage\":\"es-ES\",\"publisher\":{\"@id\":\"https:\\\/\\\/candas365.es\\\/noticias\\\/#organization\"}}]}\n\t\t<\/script>\n\t\t<!-- All in One SEO Pro -->\r\n\t\t<title>Christina Rosenvinge presentar\u00e1 su obra literaria: \u201cDebut. Cuadernos y canciones\u201d | Cand\u00e1s 365<\/title>\n\n","aioseo_head_json":{"title":"Christina Rosenvinge presentar\u00e1 su obra literaria: \u201cDebut. Cuadernos y canciones\u201d | Cand\u00e1s 365","description":"El Centro Niemeyer anunci\u00f3 recientemente mediante un comunicado de prensa que la cantautora madrile\u00f1a con ascendencia danesa, Christina Rosenvinge, participar\u00e1 en el Ciclo de Palabra del trimestre del verano para presentar su obra literaria titulada: \u201cDebut. Cuadernos y canciones\u201d. La cita ser\u00e1 el mi\u00e9rcoles 11 de septiembre a las 20:00. La cantante y escritora recoge","canonical_url":"https:\/\/candas365.es\/noticias\/christina-rosenvinge-presentara-su-obra-literaria-debut-cuadernos-y-canciones\/","robots":"max-image-preview:large","keywords":"agenda","webmasterTools":{"google-site-verification":"UA-32230408-1","msvalidate.01":"354F3CDFB2DA171B47FBE9ABF1F88D5","miscellaneous":""},"schema":{"@context":"https:\/\/schema.org","@graph":[{"@type":"BreadcrumbList","@id":"https:\/\/candas365.es\/noticias\/christina-rosenvinge-presentara-su-obra-literaria-debut-cuadernos-y-canciones\/#breadcrumblist","itemListElement":[{"@type":"ListItem","@id":"https:\/\/candas365.es\/noticias#listItem","position":1,"name":"Home","item":"https:\/\/candas365.es\/noticias","nextItem":{"@type":"ListItem","@id":"https:\/\/candas365.es\/noticias\/category\/agenda\/#listItem","name":"Agenda"}},{"@type":"ListItem","@id":"https:\/\/candas365.es\/noticias\/category\/agenda\/#listItem","position":2,"name":"Agenda","item":"https:\/\/candas365.es\/noticias\/category\/agenda\/","nextItem":{"@type":"ListItem","@id":"https:\/\/candas365.es\/noticias\/christina-rosenvinge-presentara-su-obra-literaria-debut-cuadernos-y-canciones\/#listItem","name":"Christina Rosenvinge presentar\u00e1 su obra literaria: \u201cDebut. Cuadernos y canciones\u201d"},"previousItem":{"@type":"ListItem","@id":"https:\/\/candas365.es\/noticias#listItem","name":"Home"}},{"@type":"ListItem","@id":"https:\/\/candas365.es\/noticias\/christina-rosenvinge-presentara-su-obra-literaria-debut-cuadernos-y-canciones\/#listItem","position":3,"name":"Christina Rosenvinge presentar\u00e1 su obra literaria: \u201cDebut. Cuadernos y canciones\u201d","previousItem":{"@type":"ListItem","@id":"https:\/\/candas365.es\/noticias\/category\/agenda\/#listItem","name":"Agenda"}}]},{"@type":"NewsArticle","@id":"https:\/\/candas365.es\/noticias\/christina-rosenvinge-presentara-su-obra-literaria-debut-cuadernos-y-canciones\/#newsarticle","name":"Christina Rosenvinge presentar\u00e1 su obra literaria: \u201cDebut. Cuadernos y canciones\u201d | Cand\u00e1s 365","headline":"Christina Rosenvinge presentar\u00e1 su obra literaria: \u201cDebut. Cuadernos y canciones\u201d","author":{"@id":"https:\/\/candas365.es\/noticias\/author\/admin\/#author"},"publisher":{"@id":"https:\/\/candas365.es\/noticias\/#organization"},"image":{"@type":"ImageObject","url":"https:\/\/candas365.es\/noticias\/wp-content\/uploads\/2019\/07\/Christina-Rosenvinge.jpg","width":938,"height":1125},"datePublished":"2019-07-02T10:54:21+02:00","dateModified":"2019-07-02T10:54:21+02:00","inLanguage":"es-ES","mainEntityOfPage":{"@id":"https:\/\/candas365.es\/noticias\/christina-rosenvinge-presentara-su-obra-literaria-debut-cuadernos-y-canciones\/#webpage"},"isPartOf":{"@id":"https:\/\/candas365.es\/noticias\/christina-rosenvinge-presentara-su-obra-literaria-debut-cuadernos-y-canciones\/#webpage"},"articleSection":"Agenda","dateline":"Publicado el julio 2, 2019."},{"@type":"Organization","@id":"https:\/\/candas365.es\/noticias\/#organization","name":"Cand\u00e1s 365","description":"Cand\u00e1s 365 es un diario digital independiente, fundado en 2012, con base en Asturias. Informamos con rigor sobre actualidad, sociedad, cultura y ocio, con una mirada local y global.","url":"https:\/\/candas365.es\/noticias\/","email":"info@candas365.es","telephone":"+34652131393","foundingDate":"2012-06-10","logo":{"@type":"ImageObject","url":"https:\/\/candas365.es\/noticias\/wp-content\/uploads\/2024\/09\/Candas-365-Redes.jpg","@id":"https:\/\/candas365.es\/noticias\/christina-rosenvinge-presentara-su-obra-literaria-debut-cuadernos-y-canciones\/#organizationLogo","width":1152,"height":864,"caption":"Cand\u00e1s 365 Redes"},"image":{"@id":"https:\/\/candas365.es\/noticias\/christina-rosenvinge-presentara-su-obra-literaria-debut-cuadernos-y-canciones\/#organizationLogo"},"sameAs":["https:\/\/www.facebook.com\/Nachofdezber","https:\/\/x.com\/NabercoDigital","https:\/\/www.instagram.com\/nachofdezber\/","https:\/\/www.youtube.com\/channel\/UCZP-2wLEB9Rv6erhFmqVnvg"],"address":{"@id":"https:\/\/candas365.es\/noticias\/#postaladdress","@type":"PostalAddress","streetAddress":"san antonio 4, san antonio 4","postalCode":"33430","addressLocality":"Cand\u00e1s","addressRegion":"Asturias","addressCountry":"ES"}},{"@type":"Person","@id":"https:\/\/candas365.es\/noticias\/author\/admin\/#author","url":"https:\/\/candas365.es\/noticias\/author\/admin\/","name":"Cand\u00e1s 365","image":{"@type":"ImageObject","@id":"https:\/\/candas365.es\/noticias\/christina-rosenvinge-presentara-su-obra-literaria-debut-cuadernos-y-canciones\/#authorImage","url":"https:\/\/secure.gravatar.com\/avatar\/496a8e03d0c493ede1718b7934145dbdf8d89be1036b0eec9544e1094c9de390?s=96&d=mm&r=g","width":96,"height":96,"caption":"Cand\u00e1s 365"},"sameAs":["https:\/\/www.facebook.com\/carrenoactualidad","https:\/\/twitter.com\/nbasturias","https:\/\/www.instagram.com\/nachofdezber\/","https:\/\/www.youtube.com\/channel\/UCZP-2wLEB9Rv6erhFmqVnvg"]},{"@type":"WebPage","@id":"https:\/\/candas365.es\/noticias\/christina-rosenvinge-presentara-su-obra-literaria-debut-cuadernos-y-canciones\/#webpage","url":"https:\/\/candas365.es\/noticias\/christina-rosenvinge-presentara-su-obra-literaria-debut-cuadernos-y-canciones\/","name":"Christina Rosenvinge presentar\u00e1 su obra literaria: \u201cDebut. Cuadernos y canciones\u201d | Cand\u00e1s 365","description":"El Centro Niemeyer anunci\u00f3 recientemente mediante un comunicado de prensa que la cantautora madrile\u00f1a con ascendencia danesa, Christina Rosenvinge, participar\u00e1 en el Ciclo de Palabra del trimestre del verano para presentar su obra literaria titulada: \u201cDebut. Cuadernos y canciones\u201d. La cita ser\u00e1 el mi\u00e9rcoles 11 de septiembre a las 20:00. La cantante y escritora recoge","inLanguage":"es-ES","isPartOf":{"@id":"https:\/\/candas365.es\/noticias\/#website"},"breadcrumb":{"@id":"https:\/\/candas365.es\/noticias\/christina-rosenvinge-presentara-su-obra-literaria-debut-cuadernos-y-canciones\/#breadcrumblist"},"author":{"@id":"https:\/\/candas365.es\/noticias\/author\/admin\/#author"},"creator":{"@id":"https:\/\/candas365.es\/noticias\/author\/admin\/#author"},"image":{"@type":"ImageObject","url":"https:\/\/candas365.es\/noticias\/wp-content\/uploads\/2019\/07\/Christina-Rosenvinge.jpg","@id":"https:\/\/candas365.es\/noticias\/christina-rosenvinge-presentara-su-obra-literaria-debut-cuadernos-y-canciones\/#mainImage","width":938,"height":1125},"primaryImageOfPage":{"@id":"https:\/\/candas365.es\/noticias\/christina-rosenvinge-presentara-su-obra-literaria-debut-cuadernos-y-canciones\/#mainImage"},"datePublished":"2019-07-02T10:54:21+02:00","dateModified":"2019-07-02T10:54:21+02:00"},{"@type":"WebSite","@id":"https:\/\/candas365.es\/noticias\/#website","url":"https:\/\/candas365.es\/noticias\/","name":"Cand\u00e1s 365","alternateName":"Cand\u00e1s 365 Noticias","description":"Actualidad desde Carre\u00f1o para el mundo","inLanguage":"es-ES","publisher":{"@id":"https:\/\/candas365.es\/noticias\/#organization"}}]},"og:locale":"es_ES","og:site_name":"Cand\u00e1s 365","og:type":"article","og:title":"Christina Rosenvinge presentar\u00e1 su obra literaria: \u201cDebut. Cuadernos y canciones\u201d | Cand\u00e1s 365","og:description":"El Centro Niemeyer anunci\u00f3 recientemente mediante un comunicado de prensa que la cantautora madrile\u00f1a con ascendencia danesa, Christina Rosenvinge, participar\u00e1 en el Ciclo de Palabra del trimestre del verano para presentar su obra literaria titulada: \u201cDebut. Cuadernos y canciones\u201d. La cita ser\u00e1 el mi\u00e9rcoles 11 de septiembre a las 20:00. La cantante y escritora recoge","og:url":"https:\/\/candas365.es\/noticias\/christina-rosenvinge-presentara-su-obra-literaria-debut-cuadernos-y-canciones\/","og:image":"https:\/\/candas365.es\/noticias\/wp-content\/uploads\/2019\/07\/Christina-Rosenvinge.jpg","og:image:secure_url":"https:\/\/candas365.es\/noticias\/wp-content\/uploads\/2019\/07\/Christina-Rosenvinge.jpg","og:image:width":938,"og:image:height":1125,"article:published_time":"2019-07-02T10:54:21+00:00","article:modified_time":"2019-07-02T10:54:21+00:00","article:publisher":"https:\/\/www.facebook.com\/Nachofdezber","article:author":"https:\/\/www.facebook.com\/carrenoactualidad","twitter:card":"summary_large_image","twitter:site":"@NabercoDigital","twitter:title":"Christina Rosenvinge presentar\u00e1 su obra literaria: \u201cDebut. Cuadernos y canciones\u201d | Cand\u00e1s 365","twitter:description":"El Centro Niemeyer anunci\u00f3 recientemente mediante un comunicado de prensa que la cantautora madrile\u00f1a con ascendencia danesa, Christina Rosenvinge, participar\u00e1 en el Ciclo de Palabra del trimestre del verano para presentar su obra literaria titulada: \u201cDebut. Cuadernos y canciones\u201d. La cita ser\u00e1 el mi\u00e9rcoles 11 de septiembre a las 20:00. La cantante y escritora recoge","twitter:creator":"@nbasturias","twitter:image":"https:\/\/candas365.es\/noticias\/wp-content\/uploads\/2019\/07\/Christina-Rosenvinge.jpg","twitter:label1":"Escrito por","twitter:data1":"Cand\u00e1s 365","twitter:label2":"Tiempo de lectura estimado","twitter:data2":"2 minutos"},"aioseo_meta_data":{"post_id":"125745","title":null,"description":null,"keywords":null,"keyphrases":null,"primary_term":null,"canonical_url":null,"og_title":null,"og_description":null,"og_object_type":"default","og_image_type":"default","og_image_url":null,"og_image_width":null,"og_image_height":null,"og_image_custom_url":null,"og_image_custom_fields":null,"og_video":null,"og_custom_url":null,"og_article_section":null,"og_article_tags":null,"twitter_use_og":false,"twitter_card":"default","twitter_image_type":"default","twitter_image_url":null,"twitter_image_custom_url":null,"twitter_image_custom_fields":null,"twitter_title":null,"twitter_description":null,"schema":{"blockGraphs":[],"customGraphs":[],"default":{"data":{"Article":[],"Course":[],"Dataset":[],"FAQPage":[],"Movie":[],"Person":[],"Product":[],"ProductReview":[],"Car":[],"Recipe":[],"Service":[],"SoftwareApplication":[],"WebPage":[]},"graphName":"","isEnabled":true},"graphs":[]},"schema_type":null,"schema_type_options":null,"pillar_content":false,"robots_default":true,"robots_noindex":false,"robots_noarchive":false,"robots_nosnippet":false,"robots_nofollow":false,"robots_noimageindex":false,"robots_noodp":false,"robots_notranslate":false,"robots_max_snippet":null,"robots_max_videopreview":null,"robots_max_imagepreview":"large","priority":null,"frequency":null,"location":null,"local_seo":null,"seo_analyzer_scan_date":"2025-08-30 06:32:13","breadcrumb_settings":null,"limit_modified_date":false,"reviewed_by":null,"open_ai":null,"ai":null,"created":"2020-12-21 10:55:29","updated":"2025-08-30 06:32:13"},"aioseo_breadcrumb":"<div class=\"aioseo-breadcrumbs\"><span class=\"aioseo-breadcrumb\">\n\t<a href=\"https:\/\/candas365.es\/noticias\" title=\"Home\">Home<\/a>\n<\/span><span class=\"aioseo-breadcrumb-separator\">&ndash;<\/span><span class=\"aioseo-breadcrumb\">\n\t<a href=\"https:\/\/candas365.es\/noticias\/category\/agenda\/\" title=\"Agenda\">Agenda<\/a>\n<\/span><span class=\"aioseo-breadcrumb-separator\">&ndash;<\/span><span class=\"aioseo-breadcrumb\">\n\tChristina Rosenvinge presentar\u00e1 su obra literaria: \u201cDebut. Cuadernos y canciones\u201d\n<\/span><\/div>","aioseo_breadcrumb_json":[{"label":"Home","link":"https:\/\/candas365.es\/noticias"},{"label":"Agenda","link":"https:\/\/candas365.es\/noticias\/category\/agenda\/"},{"label":"Christina Rosenvinge presentar\u00e1 su obra literaria: \u201cDebut. Cuadernos y canciones\u201d","link":"https:\/\/candas365.es\/noticias\/christina-rosenvinge-presentara-su-obra-literaria-debut-cuadernos-y-canciones\/"}],"_links":{"self":[{"href":"https:\/\/candas365.es\/noticias\/wp-json\/wp\/v2\/posts\/125745","targetHints":{"allow":["GET"]}}],"collection":[{"href":"https:\/\/candas365.es\/noticias\/wp-json\/wp\/v2\/posts"}],"about":[{"href":"https:\/\/candas365.es\/noticias\/wp-json\/wp\/v2\/types\/post"}],"author":[{"embeddable":true,"href":"https:\/\/candas365.es\/noticias\/wp-json\/wp\/v2\/users\/1"}],"replies":[{"embeddable":true,"href":"https:\/\/candas365.es\/noticias\/wp-json\/wp\/v2\/comments?post=125745"}],"version-history":[{"count":0,"href":"https:\/\/candas365.es\/noticias\/wp-json\/wp\/v2\/posts\/125745\/revisions"}],"wp:featuredmedia":[{"embeddable":true,"href":"https:\/\/candas365.es\/noticias\/wp-json\/wp\/v2\/media\/125746"}],"wp:attachment":[{"href":"https:\/\/candas365.es\/noticias\/wp-json\/wp\/v2\/media?parent=125745"}],"wp:term":[{"taxonomy":"category","embeddable":true,"href":"https:\/\/candas365.es\/noticias\/wp-json\/wp\/v2\/categories?post=125745"},{"taxonomy":"post_tag","embeddable":true,"href":"https:\/\/candas365.es\/noticias\/wp-json\/wp\/v2\/tags?post=125745"}],"curies":[{"name":"wp","href":"https:\/\/api.w.org\/{rel}","templated":true}]}}