{"id":125736,"date":"2019-07-02T09:59:58","date_gmt":"2019-07-02T09:59:58","guid":{"rendered":"http:\/\/candas365.es\/noticias\/?p=125736"},"modified":"2019-07-02T09:59:58","modified_gmt":"2019-07-02T09:59:58","slug":"iu-pide-medidas-que-garanticen-el-empleo-en-zener","status":"publish","type":"post","link":"https:\/\/candas365.es\/noticias\/iu-pide-medidas-que-garanticen-el-empleo-en-zener\/","title":{"rendered":"IU pide medidas que garanticen el empleo en Zener"},"content":{"rendered":"<p><img fetchpriority=\"high\" decoding=\"async\" class=\"alignleft size-medium wp-image-125737\" src=\"https:\/\/candas365.es\/noticias\/wp-content\/uploads\/2019\/07\/2758-360x270.jpg\" alt=\"\" width=\"360\" height=\"270\" srcset=\"https:\/\/candas365.es\/noticias\/wp-content\/uploads\/2019\/07\/2758-360x270.jpg 360w, https:\/\/candas365.es\/noticias\/wp-content\/uploads\/2019\/07\/2758.jpg 640w, https:\/\/candas365.es\/noticias\/wp-content\/uploads\/2019\/07\/2758-80x60.jpg 80w, https:\/\/candas365.es\/noticias\/wp-content\/uploads\/2019\/07\/2758-265x198.jpg 265w, https:\/\/candas365.es\/noticias\/wp-content\/uploads\/2019\/07\/2758-560x420.jpg 560w\" sizes=\"(max-width: 360px) 100vw, 360px\" \/>Izquierda Unida reclam\u00f3 el lunes medidas que permitan garantizar el empleo en Zener, empresa instaladora de Telecable y que, ahora, tras la entrada del grupo vasco de comunicaciones Euskaltel, peligran. En total, 90 trabajadores pod\u00edan verse afectado si no se logra la subrogaci\u00f3n<\/p>\n<p>A partir del 1 de enero de 2029. La diputada de Asturias por la Izquierda, \u00c1ngela Vallina, se reuni\u00f3 con el comit\u00e9 de empresa, encabezado por Alejandro Viciosa, en un encuentro que ser\u00e1 el primero de otros que se prev\u00e9n con los distintos grupos pol\u00edticos de la Junta General del Principado y pr\u00f3logo de las movilizaciones que arrancar\u00e1n el viernes, con una concentraci\u00f3n en Gij\u00f3n y, para m\u00e1s adelante, otra en Derio (Vizcaya) frente a la sede de la operadora vasca.<\/p>\n<p>Vallina record\u00f3 que Telecable) fue creada con parte de capital p\u00fablico y con fondos de la Uni\u00f3n Europea y, ahora, se pierde \u00abun referente en el sector tecnol\u00f3gico en Asturias\u00bb y del que, enfatiz\u00f3, la Comunidad \u00abno puede prescindir y que es fundamental para nuestro futuro\u00bb.<\/p>\n<p>La soluci\u00f3n, seg\u00fan explicaron los trabajadores, debe llegar antes del 31 de diciembre, fecha en la que expira el contrato de mantenimiento de Zener con Telecable.<\/p>\n<p>Para Alejandro Viciosa es imprescindible que Euskaltel tenga en cuenta a los trabajadores en las clausulas que rijan el futuro contrato mediante el que se elegir\u00e1 qui\u00e9n realizar\u00e1 a partir del pr\u00f3ximo a\u00f1o las labores que hasta ahora prestaba Zener. \u00abHasta donde nosotros sabemos no est\u00e1 incluida ningun condicionante de subrogaci\u00f3n ni nada similar. Tenemos este tiempo para hacerle ver a la operadora de que los 90 trabajadores y trabajadoras que componemos el grupo Zener aqu\u00ed en Asturias llevamos m\u00e1s de 20 a\u00f1os trabajando en exclusividad para Telecable y ser\u00eda una atrocidad, que se ver\u00eda reflejado en la calidad del servicio\u00bb.<\/p>\n<p>La venta de Telecable est\u00e1 teniendo ya consecuencias pr\u00e1cticas con una deslocalizaci\u00f3n fiscal, ya que la entidad ha dejado de ser asturiana tambi\u00e9n en este aspecto, para radicar en Galicia. \u00abNosotros somos parte indispensable de este proyecto. Los trabajadores y trabajadoras del grupo Zener hemos conseguido lo que hoy es la operadora Telecable y que no nos vamos a ir de aqu\u00ed por las buenas: vamos a luchar hasta la \u00faltima gota de sudor para que esos 90 puestos de trabajo sigan en el conjunto de la Comunidad Auton\u00f3ma, porque esta Comunidad no se puede permitir ni un despido m\u00e1s\u00bb, concluy\u00f3 Viciosa.<\/p>\n<h3>Alcoa<\/h3>\n<p>En la rueda de prensa ofrecida tras una reuni\u00f3n con el Comit\u00e9 de empresa de Zener, la diputada \u00c1ngela Vallina llam\u00f3 la atenci\u00f3n sobre la incertidumbre en la que est\u00e1 inmersa Alcoa, donde exigi\u00f3 explicaciones sobre por qu\u00e9 se apost\u00f3 por la oferta de Parter y no por la del grupo alem\u00e1n que era el preferido por las centrales sindicales.<\/p>\n<p>&nbsp;<\/p>\n","protected":false},"excerpt":{"rendered":"<p>Izquierda Unida reclam\u00f3 el lunes medidas que permitan garantizar el empleo en Zener, empresa instaladora de Telecable y que, ahora, tras la entrada del grupo vasco de comunicaciones Euskaltel, peligran. En total, 90 trabajadores pod\u00edan verse afectado si no se logra la subrogaci\u00f3n A partir del 1 de enero de 2029. La diputada de Asturias<\/p>\n","protected":false},"author":1,"featured_media":125737,"comment_status":"closed","ping_status":"closed","sticky":false,"template":"","format":"standard","meta":{"footnotes":""},"categories":[7],"tags":[],"class_list":{"0":"post-125736","1":"post","2":"type-post","3":"status-publish","4":"format-standard","5":"has-post-thumbnail","7":"category-asturias"},"aioseo_notices":[],"aioseo_head":"\n\t\t<!-- All in One SEO Pro 4.9.6.2 - aioseo.com -->\n\t<meta name=\"description\" content=\"Izquierda Unida reclam\u00f3 el lunes medidas que permitan garantizar el empleo en Zener, empresa instaladora de Telecable y que, ahora, tras la entrada del grupo vasco de comunicaciones Euskaltel, peligran. En total, 90 trabajadores pod\u00edan verse afectado si no se logra la subrogaci\u00f3n A partir del 1 de enero de 2029. La diputada de Asturias\" \/>\n\t<meta name=\"robots\" content=\"max-image-preview:large\" \/>\n\t<meta name=\"author\" content=\"Cand\u00e1s 365\"\/>\n\t<meta name=\"google-site-verification\" content=\"UA-32230408-1\" \/>\n\t<meta name=\"msvalidate.01\" content=\"354F3CDFB2DA171B47FBE9ABF1F88D5\" \/>\n\t<meta name=\"keywords\" content=\"asturias\" \/>\n\t<link rel=\"canonical\" href=\"https:\/\/candas365.es\/noticias\/iu-pide-medidas-que-garanticen-el-empleo-en-zener\/\" \/>\n\t<meta name=\"generator\" content=\"All in One SEO Pro (AIOSEO) 4.9.6.2\" \/>\n\t\t<meta property=\"og:locale\" content=\"es_ES\" \/>\n\t\t<meta property=\"og:site_name\" content=\"Cand\u00e1s 365\" \/>\n\t\t<meta property=\"og:type\" content=\"article\" \/>\n\t\t<meta property=\"og:title\" content=\"IU pide medidas que garanticen el empleo en Zener | Cand\u00e1s 365\" \/>\n\t\t<meta property=\"og:description\" content=\"Izquierda Unida reclam\u00f3 el lunes medidas que permitan garantizar el empleo en Zener, empresa instaladora de Telecable y que, ahora, tras la entrada del grupo vasco de comunicaciones Euskaltel, peligran. En total, 90 trabajadores pod\u00edan verse afectado si no se logra la subrogaci\u00f3n A partir del 1 de enero de 2029. La diputada de Asturias\" \/>\n\t\t<meta property=\"og:url\" content=\"https:\/\/candas365.es\/noticias\/iu-pide-medidas-que-garanticen-el-empleo-en-zener\/\" \/>\n\t\t<meta property=\"og:image\" content=\"https:\/\/candas365.es\/noticias\/wp-content\/uploads\/2019\/07\/2758.jpg\" \/>\n\t\t<meta property=\"og:image:secure_url\" content=\"https:\/\/candas365.es\/noticias\/wp-content\/uploads\/2019\/07\/2758.jpg\" \/>\n\t\t<meta property=\"og:image:width\" content=\"640\" \/>\n\t\t<meta property=\"og:image:height\" content=\"480\" \/>\n\t\t<meta property=\"article:published_time\" content=\"2019-07-02T09:59:58+00:00\" \/>\n\t\t<meta property=\"article:modified_time\" content=\"2019-07-02T09:59:58+00:00\" \/>\n\t\t<meta property=\"article:publisher\" content=\"https:\/\/www.facebook.com\/Nachofdezber\" \/>\n\t\t<meta property=\"article:author\" content=\"https:\/\/www.facebook.com\/carrenoactualidad\" \/>\n\t\t<meta name=\"twitter:card\" content=\"summary_large_image\" \/>\n\t\t<meta name=\"twitter:site\" content=\"@NabercoDigital\" \/>\n\t\t<meta name=\"twitter:title\" content=\"IU pide medidas que garanticen el empleo en Zener | Cand\u00e1s 365\" \/>\n\t\t<meta name=\"twitter:description\" content=\"Izquierda Unida reclam\u00f3 el lunes medidas que permitan garantizar el empleo en Zener, empresa instaladora de Telecable y que, ahora, tras la entrada del grupo vasco de comunicaciones Euskaltel, peligran. En total, 90 trabajadores pod\u00edan verse afectado si no se logra la subrogaci\u00f3n A partir del 1 de enero de 2029. La diputada de Asturias\" \/>\n\t\t<meta name=\"twitter:creator\" content=\"@nbasturias\" \/>\n\t\t<meta name=\"twitter:image\" content=\"https:\/\/candas365.es\/noticias\/wp-content\/uploads\/2019\/07\/2758.jpg\" \/>\n\t\t<meta name=\"twitter:label1\" content=\"Escrito por\" \/>\n\t\t<meta name=\"twitter:data1\" content=\"Cand\u00e1s 365\" \/>\n\t\t<meta name=\"twitter:label2\" content=\"Tiempo de lectura estimado\" \/>\n\t\t<meta name=\"twitter:data2\" content=\"2 minutos\" \/>\n\t\t<script type=\"application\/ld+json\" class=\"aioseo-schema\">\n\t\t\t{\"@context\":\"https:\\\/\\\/schema.org\",\"@graph\":[{\"@type\":\"BreadcrumbList\",\"@id\":\"https:\\\/\\\/candas365.es\\\/noticias\\\/iu-pide-medidas-que-garanticen-el-empleo-en-zener\\\/#breadcrumblist\",\"itemListElement\":[{\"@type\":\"ListItem\",\"@id\":\"https:\\\/\\\/candas365.es\\\/noticias#listItem\",\"position\":1,\"name\":\"Home\",\"item\":\"https:\\\/\\\/candas365.es\\\/noticias\",\"nextItem\":{\"@type\":\"ListItem\",\"@id\":\"https:\\\/\\\/candas365.es\\\/noticias\\\/category\\\/asturias\\\/#listItem\",\"name\":\"Asturias\"}},{\"@type\":\"ListItem\",\"@id\":\"https:\\\/\\\/candas365.es\\\/noticias\\\/category\\\/asturias\\\/#listItem\",\"position\":2,\"name\":\"Asturias\",\"item\":\"https:\\\/\\\/candas365.es\\\/noticias\\\/category\\\/asturias\\\/\",\"nextItem\":{\"@type\":\"ListItem\",\"@id\":\"https:\\\/\\\/candas365.es\\\/noticias\\\/iu-pide-medidas-que-garanticen-el-empleo-en-zener\\\/#listItem\",\"name\":\"IU pide medidas que garanticen el empleo en Zener\"},\"previousItem\":{\"@type\":\"ListItem\",\"@id\":\"https:\\\/\\\/candas365.es\\\/noticias#listItem\",\"name\":\"Home\"}},{\"@type\":\"ListItem\",\"@id\":\"https:\\\/\\\/candas365.es\\\/noticias\\\/iu-pide-medidas-que-garanticen-el-empleo-en-zener\\\/#listItem\",\"position\":3,\"name\":\"IU pide medidas que garanticen el empleo en Zener\",\"previousItem\":{\"@type\":\"ListItem\",\"@id\":\"https:\\\/\\\/candas365.es\\\/noticias\\\/category\\\/asturias\\\/#listItem\",\"name\":\"Asturias\"}}]},{\"@type\":\"NewsArticle\",\"@id\":\"https:\\\/\\\/candas365.es\\\/noticias\\\/iu-pide-medidas-que-garanticen-el-empleo-en-zener\\\/#newsarticle\",\"name\":\"IU pide medidas que garanticen el empleo en Zener | Cand\\u00e1s 365\",\"headline\":\"IU pide medidas que garanticen el empleo en Zener\",\"author\":{\"@id\":\"https:\\\/\\\/candas365.es\\\/noticias\\\/author\\\/admin\\\/#author\"},\"publisher\":{\"@id\":\"https:\\\/\\\/candas365.es\\\/noticias\\\/#organization\"},\"image\":{\"@type\":\"ImageObject\",\"url\":\"https:\\\/\\\/candas365.es\\\/noticias\\\/wp-content\\\/uploads\\\/2019\\\/07\\\/2758.jpg\",\"width\":640,\"height\":480},\"datePublished\":\"2019-07-02T09:59:58+02:00\",\"dateModified\":\"2019-07-02T09:59:58+02:00\",\"inLanguage\":\"es-ES\",\"mainEntityOfPage\":{\"@id\":\"https:\\\/\\\/candas365.es\\\/noticias\\\/iu-pide-medidas-que-garanticen-el-empleo-en-zener\\\/#webpage\"},\"isPartOf\":{\"@id\":\"https:\\\/\\\/candas365.es\\\/noticias\\\/iu-pide-medidas-que-garanticen-el-empleo-en-zener\\\/#webpage\"},\"articleSection\":\"Asturias\",\"dateline\":\"Publicado el julio 2, 2019.\"},{\"@type\":\"Organization\",\"@id\":\"https:\\\/\\\/candas365.es\\\/noticias\\\/#organization\",\"name\":\"Cand\\u00e1s 365\",\"description\":\"Cand\\u00e1s 365 es un diario digital independiente, fundado en 2012, con base en Asturias. Informamos con rigor sobre actualidad, sociedad, cultura y ocio, con una mirada local y global.\",\"url\":\"https:\\\/\\\/candas365.es\\\/noticias\\\/\",\"email\":\"info@candas365.es\",\"telephone\":\"+34652131393\",\"foundingDate\":\"2012-06-10\",\"logo\":{\"@type\":\"ImageObject\",\"url\":\"https:\\\/\\\/candas365.es\\\/noticias\\\/wp-content\\\/uploads\\\/2024\\\/09\\\/Candas-365-Redes.jpg\",\"@id\":\"https:\\\/\\\/candas365.es\\\/noticias\\\/iu-pide-medidas-que-garanticen-el-empleo-en-zener\\\/#organizationLogo\",\"width\":1152,\"height\":864,\"caption\":\"Cand\\u00e1s 365 Redes\"},\"image\":{\"@id\":\"https:\\\/\\\/candas365.es\\\/noticias\\\/iu-pide-medidas-que-garanticen-el-empleo-en-zener\\\/#organizationLogo\"},\"sameAs\":[\"https:\\\/\\\/www.facebook.com\\\/Nachofdezber\",\"https:\\\/\\\/x.com\\\/NabercoDigital\",\"https:\\\/\\\/www.instagram.com\\\/nachofdezber\\\/\",\"https:\\\/\\\/www.youtube.com\\\/channel\\\/UCZP-2wLEB9Rv6erhFmqVnvg\"],\"address\":{\"@id\":\"https:\\\/\\\/candas365.es\\\/noticias\\\/#postaladdress\",\"@type\":\"PostalAddress\",\"streetAddress\":\"san antonio 4, san antonio 4\",\"postalCode\":\"33430\",\"addressLocality\":\"Cand\\u00e1s\",\"addressRegion\":\"Asturias\",\"addressCountry\":\"ES\"}},{\"@type\":\"Person\",\"@id\":\"https:\\\/\\\/candas365.es\\\/noticias\\\/author\\\/admin\\\/#author\",\"url\":\"https:\\\/\\\/candas365.es\\\/noticias\\\/author\\\/admin\\\/\",\"name\":\"Cand\\u00e1s 365\",\"image\":{\"@type\":\"ImageObject\",\"@id\":\"https:\\\/\\\/candas365.es\\\/noticias\\\/iu-pide-medidas-que-garanticen-el-empleo-en-zener\\\/#authorImage\",\"url\":\"https:\\\/\\\/secure.gravatar.com\\\/avatar\\\/496a8e03d0c493ede1718b7934145dbdf8d89be1036b0eec9544e1094c9de390?s=96&d=mm&r=g\",\"width\":96,\"height\":96,\"caption\":\"Cand\\u00e1s 365\"},\"sameAs\":[\"https:\\\/\\\/www.facebook.com\\\/carrenoactualidad\",\"https:\\\/\\\/twitter.com\\\/nbasturias\",\"https:\\\/\\\/www.instagram.com\\\/nachofdezber\\\/\",\"https:\\\/\\\/www.youtube.com\\\/channel\\\/UCZP-2wLEB9Rv6erhFmqVnvg\"]},{\"@type\":\"WebPage\",\"@id\":\"https:\\\/\\\/candas365.es\\\/noticias\\\/iu-pide-medidas-que-garanticen-el-empleo-en-zener\\\/#webpage\",\"url\":\"https:\\\/\\\/candas365.es\\\/noticias\\\/iu-pide-medidas-que-garanticen-el-empleo-en-zener\\\/\",\"name\":\"IU pide medidas que garanticen el empleo en Zener | Cand\\u00e1s 365\",\"description\":\"Izquierda Unida reclam\\u00f3 el lunes medidas que permitan garantizar el empleo en Zener, empresa instaladora de Telecable y que, ahora, tras la entrada del grupo vasco de comunicaciones Euskaltel, peligran. En total, 90 trabajadores pod\\u00edan verse afectado si no se logra la subrogaci\\u00f3n A partir del 1 de enero de 2029. La diputada de Asturias\",\"inLanguage\":\"es-ES\",\"isPartOf\":{\"@id\":\"https:\\\/\\\/candas365.es\\\/noticias\\\/#website\"},\"breadcrumb\":{\"@id\":\"https:\\\/\\\/candas365.es\\\/noticias\\\/iu-pide-medidas-que-garanticen-el-empleo-en-zener\\\/#breadcrumblist\"},\"author\":{\"@id\":\"https:\\\/\\\/candas365.es\\\/noticias\\\/author\\\/admin\\\/#author\"},\"creator\":{\"@id\":\"https:\\\/\\\/candas365.es\\\/noticias\\\/author\\\/admin\\\/#author\"},\"image\":{\"@type\":\"ImageObject\",\"url\":\"https:\\\/\\\/candas365.es\\\/noticias\\\/wp-content\\\/uploads\\\/2019\\\/07\\\/2758.jpg\",\"@id\":\"https:\\\/\\\/candas365.es\\\/noticias\\\/iu-pide-medidas-que-garanticen-el-empleo-en-zener\\\/#mainImage\",\"width\":640,\"height\":480},\"primaryImageOfPage\":{\"@id\":\"https:\\\/\\\/candas365.es\\\/noticias\\\/iu-pide-medidas-que-garanticen-el-empleo-en-zener\\\/#mainImage\"},\"datePublished\":\"2019-07-02T09:59:58+02:00\",\"dateModified\":\"2019-07-02T09:59:58+02:00\"},{\"@type\":\"WebSite\",\"@id\":\"https:\\\/\\\/candas365.es\\\/noticias\\\/#website\",\"url\":\"https:\\\/\\\/candas365.es\\\/noticias\\\/\",\"name\":\"Cand\\u00e1s 365\",\"alternateName\":\"Cand\\u00e1s 365 Noticias\",\"description\":\"Actualidad desde Carre\\u00f1o para el mundo\",\"inLanguage\":\"es-ES\",\"publisher\":{\"@id\":\"https:\\\/\\\/candas365.es\\\/noticias\\\/#organization\"}}]}\n\t\t<\/script>\n\t\t<!-- All in One SEO Pro -->\r\n\t\t<title>IU pide medidas que garanticen el empleo en Zener | Cand\u00e1s 365<\/title>\n\n","aioseo_head_json":{"title":"IU pide medidas que garanticen el empleo en Zener | Cand\u00e1s 365","description":"Izquierda Unida reclam\u00f3 el lunes medidas que permitan garantizar el empleo en Zener, empresa instaladora de Telecable y que, ahora, tras la entrada del grupo vasco de comunicaciones Euskaltel, peligran. En total, 90 trabajadores pod\u00edan verse afectado si no se logra la subrogaci\u00f3n A partir del 1 de enero de 2029. La diputada de Asturias","canonical_url":"https:\/\/candas365.es\/noticias\/iu-pide-medidas-que-garanticen-el-empleo-en-zener\/","robots":"max-image-preview:large","keywords":"asturias","webmasterTools":{"google-site-verification":"UA-32230408-1","msvalidate.01":"354F3CDFB2DA171B47FBE9ABF1F88D5","miscellaneous":""},"schema":{"@context":"https:\/\/schema.org","@graph":[{"@type":"BreadcrumbList","@id":"https:\/\/candas365.es\/noticias\/iu-pide-medidas-que-garanticen-el-empleo-en-zener\/#breadcrumblist","itemListElement":[{"@type":"ListItem","@id":"https:\/\/candas365.es\/noticias#listItem","position":1,"name":"Home","item":"https:\/\/candas365.es\/noticias","nextItem":{"@type":"ListItem","@id":"https:\/\/candas365.es\/noticias\/category\/asturias\/#listItem","name":"Asturias"}},{"@type":"ListItem","@id":"https:\/\/candas365.es\/noticias\/category\/asturias\/#listItem","position":2,"name":"Asturias","item":"https:\/\/candas365.es\/noticias\/category\/asturias\/","nextItem":{"@type":"ListItem","@id":"https:\/\/candas365.es\/noticias\/iu-pide-medidas-que-garanticen-el-empleo-en-zener\/#listItem","name":"IU pide medidas que garanticen el empleo en Zener"},"previousItem":{"@type":"ListItem","@id":"https:\/\/candas365.es\/noticias#listItem","name":"Home"}},{"@type":"ListItem","@id":"https:\/\/candas365.es\/noticias\/iu-pide-medidas-que-garanticen-el-empleo-en-zener\/#listItem","position":3,"name":"IU pide medidas que garanticen el empleo en Zener","previousItem":{"@type":"ListItem","@id":"https:\/\/candas365.es\/noticias\/category\/asturias\/#listItem","name":"Asturias"}}]},{"@type":"NewsArticle","@id":"https:\/\/candas365.es\/noticias\/iu-pide-medidas-que-garanticen-el-empleo-en-zener\/#newsarticle","name":"IU pide medidas que garanticen el empleo en Zener | Cand\u00e1s 365","headline":"IU pide medidas que garanticen el empleo en Zener","author":{"@id":"https:\/\/candas365.es\/noticias\/author\/admin\/#author"},"publisher":{"@id":"https:\/\/candas365.es\/noticias\/#organization"},"image":{"@type":"ImageObject","url":"https:\/\/candas365.es\/noticias\/wp-content\/uploads\/2019\/07\/2758.jpg","width":640,"height":480},"datePublished":"2019-07-02T09:59:58+02:00","dateModified":"2019-07-02T09:59:58+02:00","inLanguage":"es-ES","mainEntityOfPage":{"@id":"https:\/\/candas365.es\/noticias\/iu-pide-medidas-que-garanticen-el-empleo-en-zener\/#webpage"},"isPartOf":{"@id":"https:\/\/candas365.es\/noticias\/iu-pide-medidas-que-garanticen-el-empleo-en-zener\/#webpage"},"articleSection":"Asturias","dateline":"Publicado el julio 2, 2019."},{"@type":"Organization","@id":"https:\/\/candas365.es\/noticias\/#organization","name":"Cand\u00e1s 365","description":"Cand\u00e1s 365 es un diario digital independiente, fundado en 2012, con base en Asturias. Informamos con rigor sobre actualidad, sociedad, cultura y ocio, con una mirada local y global.","url":"https:\/\/candas365.es\/noticias\/","email":"info@candas365.es","telephone":"+34652131393","foundingDate":"2012-06-10","logo":{"@type":"ImageObject","url":"https:\/\/candas365.es\/noticias\/wp-content\/uploads\/2024\/09\/Candas-365-Redes.jpg","@id":"https:\/\/candas365.es\/noticias\/iu-pide-medidas-que-garanticen-el-empleo-en-zener\/#organizationLogo","width":1152,"height":864,"caption":"Cand\u00e1s 365 Redes"},"image":{"@id":"https:\/\/candas365.es\/noticias\/iu-pide-medidas-que-garanticen-el-empleo-en-zener\/#organizationLogo"},"sameAs":["https:\/\/www.facebook.com\/Nachofdezber","https:\/\/x.com\/NabercoDigital","https:\/\/www.instagram.com\/nachofdezber\/","https:\/\/www.youtube.com\/channel\/UCZP-2wLEB9Rv6erhFmqVnvg"],"address":{"@id":"https:\/\/candas365.es\/noticias\/#postaladdress","@type":"PostalAddress","streetAddress":"san antonio 4, san antonio 4","postalCode":"33430","addressLocality":"Cand\u00e1s","addressRegion":"Asturias","addressCountry":"ES"}},{"@type":"Person","@id":"https:\/\/candas365.es\/noticias\/author\/admin\/#author","url":"https:\/\/candas365.es\/noticias\/author\/admin\/","name":"Cand\u00e1s 365","image":{"@type":"ImageObject","@id":"https:\/\/candas365.es\/noticias\/iu-pide-medidas-que-garanticen-el-empleo-en-zener\/#authorImage","url":"https:\/\/secure.gravatar.com\/avatar\/496a8e03d0c493ede1718b7934145dbdf8d89be1036b0eec9544e1094c9de390?s=96&d=mm&r=g","width":96,"height":96,"caption":"Cand\u00e1s 365"},"sameAs":["https:\/\/www.facebook.com\/carrenoactualidad","https:\/\/twitter.com\/nbasturias","https:\/\/www.instagram.com\/nachofdezber\/","https:\/\/www.youtube.com\/channel\/UCZP-2wLEB9Rv6erhFmqVnvg"]},{"@type":"WebPage","@id":"https:\/\/candas365.es\/noticias\/iu-pide-medidas-que-garanticen-el-empleo-en-zener\/#webpage","url":"https:\/\/candas365.es\/noticias\/iu-pide-medidas-que-garanticen-el-empleo-en-zener\/","name":"IU pide medidas que garanticen el empleo en Zener | Cand\u00e1s 365","description":"Izquierda Unida reclam\u00f3 el lunes medidas que permitan garantizar el empleo en Zener, empresa instaladora de Telecable y que, ahora, tras la entrada del grupo vasco de comunicaciones Euskaltel, peligran. En total, 90 trabajadores pod\u00edan verse afectado si no se logra la subrogaci\u00f3n A partir del 1 de enero de 2029. La diputada de Asturias","inLanguage":"es-ES","isPartOf":{"@id":"https:\/\/candas365.es\/noticias\/#website"},"breadcrumb":{"@id":"https:\/\/candas365.es\/noticias\/iu-pide-medidas-que-garanticen-el-empleo-en-zener\/#breadcrumblist"},"author":{"@id":"https:\/\/candas365.es\/noticias\/author\/admin\/#author"},"creator":{"@id":"https:\/\/candas365.es\/noticias\/author\/admin\/#author"},"image":{"@type":"ImageObject","url":"https:\/\/candas365.es\/noticias\/wp-content\/uploads\/2019\/07\/2758.jpg","@id":"https:\/\/candas365.es\/noticias\/iu-pide-medidas-que-garanticen-el-empleo-en-zener\/#mainImage","width":640,"height":480},"primaryImageOfPage":{"@id":"https:\/\/candas365.es\/noticias\/iu-pide-medidas-que-garanticen-el-empleo-en-zener\/#mainImage"},"datePublished":"2019-07-02T09:59:58+02:00","dateModified":"2019-07-02T09:59:58+02:00"},{"@type":"WebSite","@id":"https:\/\/candas365.es\/noticias\/#website","url":"https:\/\/candas365.es\/noticias\/","name":"Cand\u00e1s 365","alternateName":"Cand\u00e1s 365 Noticias","description":"Actualidad desde Carre\u00f1o para el mundo","inLanguage":"es-ES","publisher":{"@id":"https:\/\/candas365.es\/noticias\/#organization"}}]},"og:locale":"es_ES","og:site_name":"Cand\u00e1s 365","og:type":"article","og:title":"IU pide medidas que garanticen el empleo en Zener | Cand\u00e1s 365","og:description":"Izquierda Unida reclam\u00f3 el lunes medidas que permitan garantizar el empleo en Zener, empresa instaladora de Telecable y que, ahora, tras la entrada del grupo vasco de comunicaciones Euskaltel, peligran. En total, 90 trabajadores pod\u00edan verse afectado si no se logra la subrogaci\u00f3n A partir del 1 de enero de 2029. La diputada de Asturias","og:url":"https:\/\/candas365.es\/noticias\/iu-pide-medidas-que-garanticen-el-empleo-en-zener\/","og:image":"https:\/\/candas365.es\/noticias\/wp-content\/uploads\/2019\/07\/2758.jpg","og:image:secure_url":"https:\/\/candas365.es\/noticias\/wp-content\/uploads\/2019\/07\/2758.jpg","og:image:width":640,"og:image:height":480,"article:published_time":"2019-07-02T09:59:58+00:00","article:modified_time":"2019-07-02T09:59:58+00:00","article:publisher":"https:\/\/www.facebook.com\/Nachofdezber","article:author":"https:\/\/www.facebook.com\/carrenoactualidad","twitter:card":"summary_large_image","twitter:site":"@NabercoDigital","twitter:title":"IU pide medidas que garanticen el empleo en Zener | Cand\u00e1s 365","twitter:description":"Izquierda Unida reclam\u00f3 el lunes medidas que permitan garantizar el empleo en Zener, empresa instaladora de Telecable y que, ahora, tras la entrada del grupo vasco de comunicaciones Euskaltel, peligran. En total, 90 trabajadores pod\u00edan verse afectado si no se logra la subrogaci\u00f3n A partir del 1 de enero de 2029. La diputada de Asturias","twitter:creator":"@nbasturias","twitter:image":"https:\/\/candas365.es\/noticias\/wp-content\/uploads\/2019\/07\/2758.jpg","twitter:label1":"Escrito por","twitter:data1":"Cand\u00e1s 365","twitter:label2":"Tiempo de lectura estimado","twitter:data2":"2 minutos"},"aioseo_meta_data":{"post_id":"125736","title":null,"description":null,"keywords":null,"keyphrases":null,"primary_term":null,"canonical_url":null,"og_title":null,"og_description":null,"og_object_type":"default","og_image_type":"default","og_image_url":null,"og_image_width":null,"og_image_height":null,"og_image_custom_url":null,"og_image_custom_fields":null,"og_video":null,"og_custom_url":null,"og_article_section":null,"og_article_tags":null,"twitter_use_og":false,"twitter_card":"default","twitter_image_type":"default","twitter_image_url":null,"twitter_image_custom_url":null,"twitter_image_custom_fields":null,"twitter_title":null,"twitter_description":null,"schema":{"blockGraphs":[],"customGraphs":[],"default":{"data":{"Article":[],"Course":[],"Dataset":[],"FAQPage":[],"Movie":[],"Person":[],"Product":[],"ProductReview":[],"Car":[],"Recipe":[],"Service":[],"SoftwareApplication":[],"WebPage":[]},"graphName":"","isEnabled":true},"graphs":[],"defaultGraph":"","defaultPostTypeGraph":""},"schema_type":null,"schema_type_options":null,"pillar_content":false,"robots_default":true,"robots_noindex":false,"robots_noarchive":false,"robots_nosnippet":false,"robots_nofollow":false,"robots_noimageindex":false,"robots_noodp":false,"robots_notranslate":false,"robots_max_snippet":null,"robots_max_videopreview":null,"robots_max_imagepreview":"large","priority":null,"frequency":null,"location":null,"local_seo":null,"seo_analyzer_scan_date":"2025-08-30 06:31:10","breadcrumb_settings":null,"limit_modified_date":false,"reviewed_by":null,"open_ai":null,"ai":null,"created":"2020-12-21 10:55:29","updated":"2025-08-30 06:31:10"},"aioseo_breadcrumb":"<div class=\"aioseo-breadcrumbs\"><span class=\"aioseo-breadcrumb\">\n\t<a href=\"https:\/\/candas365.es\/noticias\" title=\"Home\">Home<\/a>\n<\/span><span class=\"aioseo-breadcrumb-separator\">&ndash;<\/span><span class=\"aioseo-breadcrumb\">\n\t<a href=\"https:\/\/candas365.es\/noticias\/category\/asturias\/\" title=\"Asturias\">Asturias<\/a>\n<\/span><span class=\"aioseo-breadcrumb-separator\">&ndash;<\/span><span class=\"aioseo-breadcrumb\">\n\tIU pide medidas que garanticen el empleo en Zener\n<\/span><\/div>","aioseo_breadcrumb_json":[{"label":"Home","link":"https:\/\/candas365.es\/noticias"},{"label":"Asturias","link":"https:\/\/candas365.es\/noticias\/category\/asturias\/"},{"label":"IU pide medidas que garanticen el empleo en Zener","link":"https:\/\/candas365.es\/noticias\/iu-pide-medidas-que-garanticen-el-empleo-en-zener\/"}],"_links":{"self":[{"href":"https:\/\/candas365.es\/noticias\/wp-json\/wp\/v2\/posts\/125736","targetHints":{"allow":["GET"]}}],"collection":[{"href":"https:\/\/candas365.es\/noticias\/wp-json\/wp\/v2\/posts"}],"about":[{"href":"https:\/\/candas365.es\/noticias\/wp-json\/wp\/v2\/types\/post"}],"author":[{"embeddable":true,"href":"https:\/\/candas365.es\/noticias\/wp-json\/wp\/v2\/users\/1"}],"replies":[{"embeddable":true,"href":"https:\/\/candas365.es\/noticias\/wp-json\/wp\/v2\/comments?post=125736"}],"version-history":[{"count":0,"href":"https:\/\/candas365.es\/noticias\/wp-json\/wp\/v2\/posts\/125736\/revisions"}],"wp:featuredmedia":[{"embeddable":true,"href":"https:\/\/candas365.es\/noticias\/wp-json\/wp\/v2\/media\/125737"}],"wp:attachment":[{"href":"https:\/\/candas365.es\/noticias\/wp-json\/wp\/v2\/media?parent=125736"}],"wp:term":[{"taxonomy":"category","embeddable":true,"href":"https:\/\/candas365.es\/noticias\/wp-json\/wp\/v2\/categories?post=125736"},{"taxonomy":"post_tag","embeddable":true,"href":"https:\/\/candas365.es\/noticias\/wp-json\/wp\/v2\/tags?post=125736"}],"curies":[{"name":"wp","href":"https:\/\/api.w.org\/{rel}","templated":true}]}}