{"id":125219,"date":"2019-06-26T12:39:05","date_gmt":"2019-06-26T12:39:05","guid":{"rendered":"http:\/\/candas365.es\/noticias\/?p=125219"},"modified":"2019-06-26T12:40:32","modified_gmt":"2019-06-26T12:40:32","slug":"carreno-seguira-formando-parte-del-servicio-de-transporte-optibus-rural-2019","status":"publish","type":"post","link":"https:\/\/candas365.es\/noticias\/carreno-seguira-formando-parte-del-servicio-de-transporte-optibus-rural-2019\/","title":{"rendered":"Carre\u00f1o seguir\u00e1 formando parte del servicio de transporte \u201c\u00d3ptibus Rural\u201d 2019"},"content":{"rendered":"<p><img fetchpriority=\"high\" decoding=\"async\" class=\"alignleft size-medium wp-image-125220\" src=\"https:\/\/candas365.es\/noticias\/wp-content\/uploads\/2019\/06\/autobus-1-360x240.jpg\" alt=\"\" width=\"360\" height=\"240\" srcset=\"https:\/\/candas365.es\/noticias\/wp-content\/uploads\/2019\/06\/autobus-1-360x240.jpg 360w, https:\/\/candas365.es\/noticias\/wp-content\/uploads\/2019\/06\/autobus-1-768x511.jpg 768w, https:\/\/candas365.es\/noticias\/wp-content\/uploads\/2019\/06\/autobus-1-655x436.jpg 655w, https:\/\/candas365.es\/noticias\/wp-content\/uploads\/2019\/06\/autobus-1-696x463.jpg 696w, https:\/\/candas365.es\/noticias\/wp-content\/uploads\/2019\/06\/autobus-1-631x420.jpg 631w, https:\/\/candas365.es\/noticias\/wp-content\/uploads\/2019\/06\/autobus-1.jpg 960w\" sizes=\"(max-width: 360px) 100vw, 360px\" \/>La alcaldesa de Carre\u00f1o, Amelia Fern\u00e1ndez, anunci\u00f3 este mi\u00e9rcoles mediante un comunicado de prensa que debido al acuerdo de colaboraci\u00f3n entre el Ayuntamiento de Carre\u00f1o y el Consorcio de Transportes de Asturias, el municipio formar\u00e1 parte, un a\u00f1o m\u00e1s, del servicio \u201c\u00d3ptibus Rural\u201d 2019.<\/p>\n<p>En este sentido, el comunicado de prensa expone la siguiente informaci\u00f3n:<\/p>\n<p>\u201cEste servicio consiste en la puesta en marcha de dos l\u00edneas de Transporte P\u00fablico, a partir del s\u00e1bado 6 de julio, que recorrer\u00e1n todo el municipio, para acercar la zona rural a la villa de Cand\u00e1s. Cuyo objetivo principal es mantener durante la temporada estival determinadas rutas escolares durante el per\u00edodo no lectivo. En total ser\u00e1n 29 rutas las que el Consorcio de Transportes pondr\u00e1 en funcionamiento en 25 concejos asturianos. De las cu\u00e1les, dos pertenecen al Concejo de Carre\u00f1o.<\/p>\n<p>\u201cLa puesta en marcha en el 2018, de estas rutas, respondi\u00f3 a una demanda hist\u00f3rica de la vecindad de la zona rural de comunicarse, a trav\u00e9s de transporte p\u00fablico, con Cand\u00e1s. Es una necesidad importante para las parroquias rurales poder trasladarse a la villa como cabecera del municipio en la que se asientan los servicios y los comercios locales\u201d se\u00f1al\u00f3 Manuel Noceda-concejal de la Zona Rural.<\/p>\n<p>Dos ser\u00e1n las l\u00edneas que recorrer\u00e1n todo el Concejo finalizando ambas en la villa marinera siendo:<\/p>\n<ul>\n<li>L\u00ednea Tam\u00f3n (la Tabla)-Cand\u00e1s. Esta l\u00ednea tendr\u00e1 su comienzo en la parada de Bar Casa \u00c1ngel para continuar recorriendo las parroquias de Tam\u00f3n-Amb\u00e1s-El Valle-Guimar\u00e1n-Prevera-Carri\u00f3-Albandi-Perlora y llegada a Cand\u00e1s.<\/li>\n<\/ul>\n<p>Esta l\u00ednea tendr\u00e1 las siguientes paradas: Bar Casa \u00c1ngel &#8211; La Tabla &#8211; Villar de arriba &#8211; Villar de abajo &#8211; Bar Blanco &#8211; La Tejera &#8211; El Montico &#8211; El Cascayu (Orilla del r\u00edo) &#8211; Amb\u00e1s 24 (Amb\u00e1s Iglesia) \u2013 Nozal\u00edn \u2013 Casa Antona (El Valle) \u2013 Casa Duardo \u2013 El Fondo (Guimar\u00e1n) \u2013 Pervera \u2013 El Riego \u2013 El Empalme \u2013 Poblado de Albandi \u2013 Caicorrida \u2013 Casa Pe\u00f1\u00f3n \u2013 Casa Vi\u00f1a \u2013 Dorm\u00f3n (Perlora-Camping) \u2013 Perlora \u2013Cand\u00e1s.<\/p>\n<ul>\n<li>L\u00ednea Priendes &#8211; Cand\u00e1s. La l\u00ednea tendr\u00e1 su comienzo en Casa Gerardo en la parroquia de Priendes para continuar por las parroquias de Llorgozana-Perlora y llegada a Cand\u00e1s.<\/li>\n<\/ul>\n<p>Esta l\u00ednea tendr\u00e1 el siguiente recorrido: Restaurabte Casa Gerardo \u2013 La Rebollada \u2013 Casa Fal\u00edn (La Rebollada 2) \u2013 Sebades \u2013 Cruce Posada \u2013 La Escuela (Llorgozana) \u2013 Coyanca \u2013 Cruce Campanal \u2013 Ponteo \u2013 Rodiles \u2013 El Prado (Perlora) \u2013 La Nozaleda \u2013 Per\u00e1n y llegada a Cand\u00e1s.<\/p>\n<p>\u201cLa incorporaci\u00f3n en el verano de estas l\u00edneas supone adem\u00e1s de ampliar la oferta de transporte p\u00fablico en el municipio, un complemento a la iniciativa puesta en marcha con el transporte del curso escolar 2017-2018. A trav\u00e9s del cual el vecindario de la zona rural pod\u00eda acceder a las plazas libres de este transporte entre semana y acercarse a Cand\u00e1s. Con esta nueva iniciativa, este transporte se ampl\u00eda a los s\u00e1bados\u201d coment\u00f3 Noceda.<\/p>\n<p>\u201cLos trazados propuestos responden a dos de las rutas que ya se hacen en el transporte escolar, correspondiendo una a una ruta del Colegio Poeta Ant\u00f3n, mientas que la otra al Instituto de Educaci\u00f3n Secundaria.\u00a0 Si durante su desarrollo se detectasen necesidades distintas o cambios en los horarios, estos ser\u00e1n evaluados por el Consorcio para ver su posible adaptaci\u00f3n. Tras el \u00e9xito del pasado a\u00f1o se da continuidad a unas rutas que han demostrado su operatividad, siendo nuestro objetivo su consolidaci\u00f3n\u201d relat\u00f3 el concejal.<\/p>\n<p>Este servicio especial, que interconecta el Concejo, dar\u00e1 comienzo a partir del pr\u00f3ximo s\u00e1bado 6 de julio. Teniendo continuaci\u00f3n los siguientes s\u00e1bados del verano:<\/p>\n<ul>\n<li>D\u00edas 6, 13, 20 y 27 de Julio.<\/li>\n<li>D\u00edas 3, 10, 17, 24 y 31 de agosto.<\/li>\n<\/ul>\n<p>Siendo el horario de ida a las 9:00 horas y el servicio de vuelta a las 14:00 horas de los s\u00e1bados.<\/p>\n<p>El precio del billete ser\u00e1 de 1,55 \u20ac o 0,90 \u20ac a trav\u00e9s de la Tarjeta de Transporte del Consorcio.<\/p>\n<p>Estas rutas pioneras de transporte p\u00fablico facilitan el acceso los s\u00e1bados de verano a una serie de servicios como puede ser la visita al mercadillo semanal, el cual ofrece una variada oferta de productos; la realizaci\u00f3n de la compra semanal; ir a la playa; disfrutar de la biblioteca, polideportivo; disfrute de los servicios de cuidado personal, sin tener que depender del veh\u00edculo privado, evitando los problemas que conlleva su uso\u201d concluye el comunicado de la alcaldesa de Carre\u00f1o, Amelia Fern\u00e1ndez.<\/p>\n","protected":false},"excerpt":{"rendered":"<p>La alcaldesa de Carre\u00f1o, Amelia Fern\u00e1ndez, anunci\u00f3 este mi\u00e9rcoles mediante un comunicado de prensa que debido al acuerdo de colaboraci\u00f3n entre el Ayuntamiento de Carre\u00f1o y el Consorcio de Transportes de Asturias, el municipio formar\u00e1 parte, un a\u00f1o m\u00e1s, del servicio \u201c\u00d3ptibus Rural\u201d 2019. En este sentido, el comunicado de prensa expone la siguiente informaci\u00f3n:<\/p>\n","protected":false},"author":1,"featured_media":125220,"comment_status":"closed","ping_status":"closed","sticky":false,"template":"","format":"standard","meta":{"footnotes":""},"categories":[2],"tags":[],"class_list":{"0":"post-125219","1":"post","2":"type-post","3":"status-publish","4":"format-standard","5":"has-post-thumbnail","7":"category-noticias-carreno"},"aioseo_notices":[],"aioseo_head":"\n\t\t<!-- All in One SEO Pro 4.9.6.2 - aioseo.com -->\n\t<meta name=\"description\" content=\"La alcaldesa de Carre\u00f1o, Amelia Fern\u00e1ndez, anunci\u00f3 este mi\u00e9rcoles mediante un comunicado de prensa que debido al acuerdo de colaboraci\u00f3n entre el Ayuntamiento de Carre\u00f1o y el Consorcio de Transportes de Asturias, el municipio formar\u00e1 parte, un a\u00f1o m\u00e1s, del servicio \u201c\u00d3ptibus Rural\u201d 2019. En este sentido, el comunicado de prensa expone la siguiente informaci\u00f3n:\" \/>\n\t<meta name=\"robots\" content=\"max-image-preview:large\" \/>\n\t<meta name=\"author\" content=\"Cand\u00e1s 365\"\/>\n\t<meta name=\"google-site-verification\" content=\"UA-32230408-1\" \/>\n\t<meta name=\"msvalidate.01\" content=\"354F3CDFB2DA171B47FBE9ABF1F88D5\" \/>\n\t<meta name=\"keywords\" content=\"noticias carre\u00f1o\" \/>\n\t<link rel=\"canonical\" href=\"https:\/\/candas365.es\/noticias\/carreno-seguira-formando-parte-del-servicio-de-transporte-optibus-rural-2019\/\" \/>\n\t<meta name=\"generator\" content=\"All in One SEO Pro (AIOSEO) 4.9.6.2\" \/>\n\t\t<meta property=\"og:locale\" content=\"es_ES\" \/>\n\t\t<meta property=\"og:site_name\" content=\"Cand\u00e1s 365\" \/>\n\t\t<meta property=\"og:type\" content=\"article\" \/>\n\t\t<meta property=\"og:title\" content=\"Carre\u00f1o seguir\u00e1 formando parte del servicio de transporte \u201c\u00d3ptibus Rural\u201d 2019 | Cand\u00e1s 365\" \/>\n\t\t<meta property=\"og:description\" content=\"La alcaldesa de Carre\u00f1o, Amelia Fern\u00e1ndez, anunci\u00f3 este mi\u00e9rcoles mediante un comunicado de prensa que debido al acuerdo de colaboraci\u00f3n entre el Ayuntamiento de Carre\u00f1o y el Consorcio de Transportes de Asturias, el municipio formar\u00e1 parte, un a\u00f1o m\u00e1s, del servicio \u201c\u00d3ptibus Rural\u201d 2019. En este sentido, el comunicado de prensa expone la siguiente informaci\u00f3n:\" \/>\n\t\t<meta property=\"og:url\" content=\"https:\/\/candas365.es\/noticias\/carreno-seguira-formando-parte-del-servicio-de-transporte-optibus-rural-2019\/\" \/>\n\t\t<meta property=\"og:image\" content=\"https:\/\/candas365.es\/noticias\/wp-content\/uploads\/2019\/06\/autobus-1.jpg\" \/>\n\t\t<meta property=\"og:image:secure_url\" content=\"https:\/\/candas365.es\/noticias\/wp-content\/uploads\/2019\/06\/autobus-1.jpg\" \/>\n\t\t<meta property=\"og:image:width\" content=\"960\" \/>\n\t\t<meta property=\"og:image:height\" content=\"639\" \/>\n\t\t<meta property=\"article:published_time\" content=\"2019-06-26T12:39:05+00:00\" \/>\n\t\t<meta property=\"article:modified_time\" content=\"2019-06-26T12:40:32+00:00\" \/>\n\t\t<meta property=\"article:publisher\" content=\"https:\/\/www.facebook.com\/Nachofdezber\" \/>\n\t\t<meta property=\"article:author\" content=\"https:\/\/www.facebook.com\/carrenoactualidad\" \/>\n\t\t<meta name=\"twitter:card\" content=\"summary_large_image\" \/>\n\t\t<meta name=\"twitter:site\" content=\"@NabercoDigital\" \/>\n\t\t<meta name=\"twitter:title\" content=\"Carre\u00f1o seguir\u00e1 formando parte del servicio de transporte \u201c\u00d3ptibus Rural\u201d 2019 | Cand\u00e1s 365\" \/>\n\t\t<meta name=\"twitter:description\" content=\"La alcaldesa de Carre\u00f1o, Amelia Fern\u00e1ndez, anunci\u00f3 este mi\u00e9rcoles mediante un comunicado de prensa que debido al acuerdo de colaboraci\u00f3n entre el Ayuntamiento de Carre\u00f1o y el Consorcio de Transportes de Asturias, el municipio formar\u00e1 parte, un a\u00f1o m\u00e1s, del servicio \u201c\u00d3ptibus Rural\u201d 2019. En este sentido, el comunicado de prensa expone la siguiente informaci\u00f3n:\" \/>\n\t\t<meta name=\"twitter:creator\" content=\"@nbasturias\" \/>\n\t\t<meta name=\"twitter:image\" content=\"https:\/\/candas365.es\/noticias\/wp-content\/uploads\/2019\/06\/autobus-1.jpg\" \/>\n\t\t<meta name=\"twitter:label1\" content=\"Escrito por\" \/>\n\t\t<meta name=\"twitter:data1\" content=\"Cand\u00e1s 365\" \/>\n\t\t<meta name=\"twitter:label2\" content=\"Tiempo de lectura estimado\" \/>\n\t\t<meta name=\"twitter:data2\" content=\"4 minutos\" \/>\n\t\t<script type=\"application\/ld+json\" class=\"aioseo-schema\">\n\t\t\t{\"@context\":\"https:\\\/\\\/schema.org\",\"@graph\":[{\"@type\":\"BreadcrumbList\",\"@id\":\"https:\\\/\\\/candas365.es\\\/noticias\\\/carreno-seguira-formando-parte-del-servicio-de-transporte-optibus-rural-2019\\\/#breadcrumblist\",\"itemListElement\":[{\"@type\":\"ListItem\",\"@id\":\"https:\\\/\\\/candas365.es\\\/noticias#listItem\",\"position\":1,\"name\":\"Home\",\"item\":\"https:\\\/\\\/candas365.es\\\/noticias\",\"nextItem\":{\"@type\":\"ListItem\",\"@id\":\"https:\\\/\\\/candas365.es\\\/noticias\\\/category\\\/noticias-carreno\\\/#listItem\",\"name\":\"Noticias Carre\\u00f1o\"}},{\"@type\":\"ListItem\",\"@id\":\"https:\\\/\\\/candas365.es\\\/noticias\\\/category\\\/noticias-carreno\\\/#listItem\",\"position\":2,\"name\":\"Noticias Carre\\u00f1o\",\"item\":\"https:\\\/\\\/candas365.es\\\/noticias\\\/category\\\/noticias-carreno\\\/\",\"nextItem\":{\"@type\":\"ListItem\",\"@id\":\"https:\\\/\\\/candas365.es\\\/noticias\\\/carreno-seguira-formando-parte-del-servicio-de-transporte-optibus-rural-2019\\\/#listItem\",\"name\":\"Carre\\u00f1o seguir\\u00e1 formando parte del servicio de transporte \\u201c\\u00d3ptibus Rural\\u201d 2019\"},\"previousItem\":{\"@type\":\"ListItem\",\"@id\":\"https:\\\/\\\/candas365.es\\\/noticias#listItem\",\"name\":\"Home\"}},{\"@type\":\"ListItem\",\"@id\":\"https:\\\/\\\/candas365.es\\\/noticias\\\/carreno-seguira-formando-parte-del-servicio-de-transporte-optibus-rural-2019\\\/#listItem\",\"position\":3,\"name\":\"Carre\\u00f1o seguir\\u00e1 formando parte del servicio de transporte \\u201c\\u00d3ptibus Rural\\u201d 2019\",\"previousItem\":{\"@type\":\"ListItem\",\"@id\":\"https:\\\/\\\/candas365.es\\\/noticias\\\/category\\\/noticias-carreno\\\/#listItem\",\"name\":\"Noticias Carre\\u00f1o\"}}]},{\"@type\":\"NewsArticle\",\"@id\":\"https:\\\/\\\/candas365.es\\\/noticias\\\/carreno-seguira-formando-parte-del-servicio-de-transporte-optibus-rural-2019\\\/#newsarticle\",\"name\":\"Carre\\u00f1o seguir\\u00e1 formando parte del servicio de transporte \\u201c\\u00d3ptibus Rural\\u201d 2019 | Cand\\u00e1s 365\",\"headline\":\"Carre\\u00f1o seguir\\u00e1 formando parte del servicio de transporte \\u201c\\u00d3ptibus Rural\\u201d 2019\",\"author\":{\"@id\":\"https:\\\/\\\/candas365.es\\\/noticias\\\/author\\\/admin\\\/#author\"},\"publisher\":{\"@id\":\"https:\\\/\\\/candas365.es\\\/noticias\\\/#organization\"},\"image\":{\"@type\":\"ImageObject\",\"url\":\"https:\\\/\\\/candas365.es\\\/noticias\\\/wp-content\\\/uploads\\\/2019\\\/06\\\/autobus-1.jpg\",\"width\":960,\"height\":639},\"datePublished\":\"2019-06-26T12:39:05+02:00\",\"dateModified\":\"2019-06-26T12:40:32+02:00\",\"inLanguage\":\"es-ES\",\"mainEntityOfPage\":{\"@id\":\"https:\\\/\\\/candas365.es\\\/noticias\\\/carreno-seguira-formando-parte-del-servicio-de-transporte-optibus-rural-2019\\\/#webpage\"},\"isPartOf\":{\"@id\":\"https:\\\/\\\/candas365.es\\\/noticias\\\/carreno-seguira-formando-parte-del-servicio-de-transporte-optibus-rural-2019\\\/#webpage\"},\"articleSection\":\"Noticias Carre\\u00f1o\",\"dateline\":\"Publicado el junio 26, 2019.\"},{\"@type\":\"Organization\",\"@id\":\"https:\\\/\\\/candas365.es\\\/noticias\\\/#organization\",\"name\":\"Cand\\u00e1s 365\",\"description\":\"Cand\\u00e1s 365 es un diario digital independiente, fundado en 2012, con base en Asturias. Informamos con rigor sobre actualidad, sociedad, cultura y ocio, con una mirada local y global.\",\"url\":\"https:\\\/\\\/candas365.es\\\/noticias\\\/\",\"email\":\"info@candas365.es\",\"telephone\":\"+34652131393\",\"foundingDate\":\"2012-06-10\",\"logo\":{\"@type\":\"ImageObject\",\"url\":\"https:\\\/\\\/candas365.es\\\/noticias\\\/wp-content\\\/uploads\\\/2024\\\/09\\\/Candas-365-Redes.jpg\",\"@id\":\"https:\\\/\\\/candas365.es\\\/noticias\\\/carreno-seguira-formando-parte-del-servicio-de-transporte-optibus-rural-2019\\\/#organizationLogo\",\"width\":1152,\"height\":864,\"caption\":\"Cand\\u00e1s 365 Redes\"},\"image\":{\"@id\":\"https:\\\/\\\/candas365.es\\\/noticias\\\/carreno-seguira-formando-parte-del-servicio-de-transporte-optibus-rural-2019\\\/#organizationLogo\"},\"sameAs\":[\"https:\\\/\\\/www.facebook.com\\\/Nachofdezber\",\"https:\\\/\\\/x.com\\\/NabercoDigital\",\"https:\\\/\\\/www.instagram.com\\\/nachofdezber\\\/\",\"https:\\\/\\\/www.youtube.com\\\/channel\\\/UCZP-2wLEB9Rv6erhFmqVnvg\"],\"address\":{\"@id\":\"https:\\\/\\\/candas365.es\\\/noticias\\\/#postaladdress\",\"@type\":\"PostalAddress\",\"streetAddress\":\"san antonio 4, san antonio 4\",\"postalCode\":\"33430\",\"addressLocality\":\"Cand\\u00e1s\",\"addressRegion\":\"Asturias\",\"addressCountry\":\"ES\"}},{\"@type\":\"Person\",\"@id\":\"https:\\\/\\\/candas365.es\\\/noticias\\\/author\\\/admin\\\/#author\",\"url\":\"https:\\\/\\\/candas365.es\\\/noticias\\\/author\\\/admin\\\/\",\"name\":\"Cand\\u00e1s 365\",\"image\":{\"@type\":\"ImageObject\",\"@id\":\"https:\\\/\\\/candas365.es\\\/noticias\\\/carreno-seguira-formando-parte-del-servicio-de-transporte-optibus-rural-2019\\\/#authorImage\",\"url\":\"https:\\\/\\\/secure.gravatar.com\\\/avatar\\\/496a8e03d0c493ede1718b7934145dbdf8d89be1036b0eec9544e1094c9de390?s=96&d=mm&r=g\",\"width\":96,\"height\":96,\"caption\":\"Cand\\u00e1s 365\"},\"sameAs\":[\"https:\\\/\\\/www.facebook.com\\\/carrenoactualidad\",\"https:\\\/\\\/twitter.com\\\/nbasturias\",\"https:\\\/\\\/www.instagram.com\\\/nachofdezber\\\/\",\"https:\\\/\\\/www.youtube.com\\\/channel\\\/UCZP-2wLEB9Rv6erhFmqVnvg\"]},{\"@type\":\"WebPage\",\"@id\":\"https:\\\/\\\/candas365.es\\\/noticias\\\/carreno-seguira-formando-parte-del-servicio-de-transporte-optibus-rural-2019\\\/#webpage\",\"url\":\"https:\\\/\\\/candas365.es\\\/noticias\\\/carreno-seguira-formando-parte-del-servicio-de-transporte-optibus-rural-2019\\\/\",\"name\":\"Carre\\u00f1o seguir\\u00e1 formando parte del servicio de transporte \\u201c\\u00d3ptibus Rural\\u201d 2019 | Cand\\u00e1s 365\",\"description\":\"La alcaldesa de Carre\\u00f1o, Amelia Fern\\u00e1ndez, anunci\\u00f3 este mi\\u00e9rcoles mediante un comunicado de prensa que debido al acuerdo de colaboraci\\u00f3n entre el Ayuntamiento de Carre\\u00f1o y el Consorcio de Transportes de Asturias, el municipio formar\\u00e1 parte, un a\\u00f1o m\\u00e1s, del servicio \\u201c\\u00d3ptibus Rural\\u201d 2019. En este sentido, el comunicado de prensa expone la siguiente informaci\\u00f3n:\",\"inLanguage\":\"es-ES\",\"isPartOf\":{\"@id\":\"https:\\\/\\\/candas365.es\\\/noticias\\\/#website\"},\"breadcrumb\":{\"@id\":\"https:\\\/\\\/candas365.es\\\/noticias\\\/carreno-seguira-formando-parte-del-servicio-de-transporte-optibus-rural-2019\\\/#breadcrumblist\"},\"author\":{\"@id\":\"https:\\\/\\\/candas365.es\\\/noticias\\\/author\\\/admin\\\/#author\"},\"creator\":{\"@id\":\"https:\\\/\\\/candas365.es\\\/noticias\\\/author\\\/admin\\\/#author\"},\"image\":{\"@type\":\"ImageObject\",\"url\":\"https:\\\/\\\/candas365.es\\\/noticias\\\/wp-content\\\/uploads\\\/2019\\\/06\\\/autobus-1.jpg\",\"@id\":\"https:\\\/\\\/candas365.es\\\/noticias\\\/carreno-seguira-formando-parte-del-servicio-de-transporte-optibus-rural-2019\\\/#mainImage\",\"width\":960,\"height\":639},\"primaryImageOfPage\":{\"@id\":\"https:\\\/\\\/candas365.es\\\/noticias\\\/carreno-seguira-formando-parte-del-servicio-de-transporte-optibus-rural-2019\\\/#mainImage\"},\"datePublished\":\"2019-06-26T12:39:05+02:00\",\"dateModified\":\"2019-06-26T12:40:32+02:00\"},{\"@type\":\"WebSite\",\"@id\":\"https:\\\/\\\/candas365.es\\\/noticias\\\/#website\",\"url\":\"https:\\\/\\\/candas365.es\\\/noticias\\\/\",\"name\":\"Cand\\u00e1s 365\",\"alternateName\":\"Cand\\u00e1s 365 Noticias\",\"description\":\"Actualidad desde Carre\\u00f1o para el mundo\",\"inLanguage\":\"es-ES\",\"publisher\":{\"@id\":\"https:\\\/\\\/candas365.es\\\/noticias\\\/#organization\"}}]}\n\t\t<\/script>\n\t\t<!-- All in One SEO Pro -->\r\n\t\t<title>Carre\u00f1o seguir\u00e1 formando parte del servicio de transporte \u201c\u00d3ptibus Rural\u201d 2019 | Cand\u00e1s 365<\/title>\n\n","aioseo_head_json":{"title":"Carre\u00f1o seguir\u00e1 formando parte del servicio de transporte \u201c\u00d3ptibus Rural\u201d 2019 | Cand\u00e1s 365","description":"La alcaldesa de Carre\u00f1o, Amelia Fern\u00e1ndez, anunci\u00f3 este mi\u00e9rcoles mediante un comunicado de prensa que debido al acuerdo de colaboraci\u00f3n entre el Ayuntamiento de Carre\u00f1o y el Consorcio de Transportes de Asturias, el municipio formar\u00e1 parte, un a\u00f1o m\u00e1s, del servicio \u201c\u00d3ptibus Rural\u201d 2019. En este sentido, el comunicado de prensa expone la siguiente informaci\u00f3n:","canonical_url":"https:\/\/candas365.es\/noticias\/carreno-seguira-formando-parte-del-servicio-de-transporte-optibus-rural-2019\/","robots":"max-image-preview:large","keywords":"noticias carre\u00f1o","webmasterTools":{"google-site-verification":"UA-32230408-1","msvalidate.01":"354F3CDFB2DA171B47FBE9ABF1F88D5","miscellaneous":""},"schema":{"@context":"https:\/\/schema.org","@graph":[{"@type":"BreadcrumbList","@id":"https:\/\/candas365.es\/noticias\/carreno-seguira-formando-parte-del-servicio-de-transporte-optibus-rural-2019\/#breadcrumblist","itemListElement":[{"@type":"ListItem","@id":"https:\/\/candas365.es\/noticias#listItem","position":1,"name":"Home","item":"https:\/\/candas365.es\/noticias","nextItem":{"@type":"ListItem","@id":"https:\/\/candas365.es\/noticias\/category\/noticias-carreno\/#listItem","name":"Noticias Carre\u00f1o"}},{"@type":"ListItem","@id":"https:\/\/candas365.es\/noticias\/category\/noticias-carreno\/#listItem","position":2,"name":"Noticias Carre\u00f1o","item":"https:\/\/candas365.es\/noticias\/category\/noticias-carreno\/","nextItem":{"@type":"ListItem","@id":"https:\/\/candas365.es\/noticias\/carreno-seguira-formando-parte-del-servicio-de-transporte-optibus-rural-2019\/#listItem","name":"Carre\u00f1o seguir\u00e1 formando parte del servicio de transporte \u201c\u00d3ptibus Rural\u201d 2019"},"previousItem":{"@type":"ListItem","@id":"https:\/\/candas365.es\/noticias#listItem","name":"Home"}},{"@type":"ListItem","@id":"https:\/\/candas365.es\/noticias\/carreno-seguira-formando-parte-del-servicio-de-transporte-optibus-rural-2019\/#listItem","position":3,"name":"Carre\u00f1o seguir\u00e1 formando parte del servicio de transporte \u201c\u00d3ptibus Rural\u201d 2019","previousItem":{"@type":"ListItem","@id":"https:\/\/candas365.es\/noticias\/category\/noticias-carreno\/#listItem","name":"Noticias Carre\u00f1o"}}]},{"@type":"NewsArticle","@id":"https:\/\/candas365.es\/noticias\/carreno-seguira-formando-parte-del-servicio-de-transporte-optibus-rural-2019\/#newsarticle","name":"Carre\u00f1o seguir\u00e1 formando parte del servicio de transporte \u201c\u00d3ptibus Rural\u201d 2019 | Cand\u00e1s 365","headline":"Carre\u00f1o seguir\u00e1 formando parte del servicio de transporte \u201c\u00d3ptibus Rural\u201d 2019","author":{"@id":"https:\/\/candas365.es\/noticias\/author\/admin\/#author"},"publisher":{"@id":"https:\/\/candas365.es\/noticias\/#organization"},"image":{"@type":"ImageObject","url":"https:\/\/candas365.es\/noticias\/wp-content\/uploads\/2019\/06\/autobus-1.jpg","width":960,"height":639},"datePublished":"2019-06-26T12:39:05+02:00","dateModified":"2019-06-26T12:40:32+02:00","inLanguage":"es-ES","mainEntityOfPage":{"@id":"https:\/\/candas365.es\/noticias\/carreno-seguira-formando-parte-del-servicio-de-transporte-optibus-rural-2019\/#webpage"},"isPartOf":{"@id":"https:\/\/candas365.es\/noticias\/carreno-seguira-formando-parte-del-servicio-de-transporte-optibus-rural-2019\/#webpage"},"articleSection":"Noticias Carre\u00f1o","dateline":"Publicado el junio 26, 2019."},{"@type":"Organization","@id":"https:\/\/candas365.es\/noticias\/#organization","name":"Cand\u00e1s 365","description":"Cand\u00e1s 365 es un diario digital independiente, fundado en 2012, con base en Asturias. Informamos con rigor sobre actualidad, sociedad, cultura y ocio, con una mirada local y global.","url":"https:\/\/candas365.es\/noticias\/","email":"info@candas365.es","telephone":"+34652131393","foundingDate":"2012-06-10","logo":{"@type":"ImageObject","url":"https:\/\/candas365.es\/noticias\/wp-content\/uploads\/2024\/09\/Candas-365-Redes.jpg","@id":"https:\/\/candas365.es\/noticias\/carreno-seguira-formando-parte-del-servicio-de-transporte-optibus-rural-2019\/#organizationLogo","width":1152,"height":864,"caption":"Cand\u00e1s 365 Redes"},"image":{"@id":"https:\/\/candas365.es\/noticias\/carreno-seguira-formando-parte-del-servicio-de-transporte-optibus-rural-2019\/#organizationLogo"},"sameAs":["https:\/\/www.facebook.com\/Nachofdezber","https:\/\/x.com\/NabercoDigital","https:\/\/www.instagram.com\/nachofdezber\/","https:\/\/www.youtube.com\/channel\/UCZP-2wLEB9Rv6erhFmqVnvg"],"address":{"@id":"https:\/\/candas365.es\/noticias\/#postaladdress","@type":"PostalAddress","streetAddress":"san antonio 4, san antonio 4","postalCode":"33430","addressLocality":"Cand\u00e1s","addressRegion":"Asturias","addressCountry":"ES"}},{"@type":"Person","@id":"https:\/\/candas365.es\/noticias\/author\/admin\/#author","url":"https:\/\/candas365.es\/noticias\/author\/admin\/","name":"Cand\u00e1s 365","image":{"@type":"ImageObject","@id":"https:\/\/candas365.es\/noticias\/carreno-seguira-formando-parte-del-servicio-de-transporte-optibus-rural-2019\/#authorImage","url":"https:\/\/secure.gravatar.com\/avatar\/496a8e03d0c493ede1718b7934145dbdf8d89be1036b0eec9544e1094c9de390?s=96&d=mm&r=g","width":96,"height":96,"caption":"Cand\u00e1s 365"},"sameAs":["https:\/\/www.facebook.com\/carrenoactualidad","https:\/\/twitter.com\/nbasturias","https:\/\/www.instagram.com\/nachofdezber\/","https:\/\/www.youtube.com\/channel\/UCZP-2wLEB9Rv6erhFmqVnvg"]},{"@type":"WebPage","@id":"https:\/\/candas365.es\/noticias\/carreno-seguira-formando-parte-del-servicio-de-transporte-optibus-rural-2019\/#webpage","url":"https:\/\/candas365.es\/noticias\/carreno-seguira-formando-parte-del-servicio-de-transporte-optibus-rural-2019\/","name":"Carre\u00f1o seguir\u00e1 formando parte del servicio de transporte \u201c\u00d3ptibus Rural\u201d 2019 | Cand\u00e1s 365","description":"La alcaldesa de Carre\u00f1o, Amelia Fern\u00e1ndez, anunci\u00f3 este mi\u00e9rcoles mediante un comunicado de prensa que debido al acuerdo de colaboraci\u00f3n entre el Ayuntamiento de Carre\u00f1o y el Consorcio de Transportes de Asturias, el municipio formar\u00e1 parte, un a\u00f1o m\u00e1s, del servicio \u201c\u00d3ptibus Rural\u201d 2019. En este sentido, el comunicado de prensa expone la siguiente informaci\u00f3n:","inLanguage":"es-ES","isPartOf":{"@id":"https:\/\/candas365.es\/noticias\/#website"},"breadcrumb":{"@id":"https:\/\/candas365.es\/noticias\/carreno-seguira-formando-parte-del-servicio-de-transporte-optibus-rural-2019\/#breadcrumblist"},"author":{"@id":"https:\/\/candas365.es\/noticias\/author\/admin\/#author"},"creator":{"@id":"https:\/\/candas365.es\/noticias\/author\/admin\/#author"},"image":{"@type":"ImageObject","url":"https:\/\/candas365.es\/noticias\/wp-content\/uploads\/2019\/06\/autobus-1.jpg","@id":"https:\/\/candas365.es\/noticias\/carreno-seguira-formando-parte-del-servicio-de-transporte-optibus-rural-2019\/#mainImage","width":960,"height":639},"primaryImageOfPage":{"@id":"https:\/\/candas365.es\/noticias\/carreno-seguira-formando-parte-del-servicio-de-transporte-optibus-rural-2019\/#mainImage"},"datePublished":"2019-06-26T12:39:05+02:00","dateModified":"2019-06-26T12:40:32+02:00"},{"@type":"WebSite","@id":"https:\/\/candas365.es\/noticias\/#website","url":"https:\/\/candas365.es\/noticias\/","name":"Cand\u00e1s 365","alternateName":"Cand\u00e1s 365 Noticias","description":"Actualidad desde Carre\u00f1o para el mundo","inLanguage":"es-ES","publisher":{"@id":"https:\/\/candas365.es\/noticias\/#organization"}}]},"og:locale":"es_ES","og:site_name":"Cand\u00e1s 365","og:type":"article","og:title":"Carre\u00f1o seguir\u00e1 formando parte del servicio de transporte \u201c\u00d3ptibus Rural\u201d 2019 | Cand\u00e1s 365","og:description":"La alcaldesa de Carre\u00f1o, Amelia Fern\u00e1ndez, anunci\u00f3 este mi\u00e9rcoles mediante un comunicado de prensa que debido al acuerdo de colaboraci\u00f3n entre el Ayuntamiento de Carre\u00f1o y el Consorcio de Transportes de Asturias, el municipio formar\u00e1 parte, un a\u00f1o m\u00e1s, del servicio \u201c\u00d3ptibus Rural\u201d 2019. En este sentido, el comunicado de prensa expone la siguiente informaci\u00f3n:","og:url":"https:\/\/candas365.es\/noticias\/carreno-seguira-formando-parte-del-servicio-de-transporte-optibus-rural-2019\/","og:image":"https:\/\/candas365.es\/noticias\/wp-content\/uploads\/2019\/06\/autobus-1.jpg","og:image:secure_url":"https:\/\/candas365.es\/noticias\/wp-content\/uploads\/2019\/06\/autobus-1.jpg","og:image:width":960,"og:image:height":639,"article:published_time":"2019-06-26T12:39:05+00:00","article:modified_time":"2019-06-26T12:40:32+00:00","article:publisher":"https:\/\/www.facebook.com\/Nachofdezber","article:author":"https:\/\/www.facebook.com\/carrenoactualidad","twitter:card":"summary_large_image","twitter:site":"@NabercoDigital","twitter:title":"Carre\u00f1o seguir\u00e1 formando parte del servicio de transporte \u201c\u00d3ptibus Rural\u201d 2019 | Cand\u00e1s 365","twitter:description":"La alcaldesa de Carre\u00f1o, Amelia Fern\u00e1ndez, anunci\u00f3 este mi\u00e9rcoles mediante un comunicado de prensa que debido al acuerdo de colaboraci\u00f3n entre el Ayuntamiento de Carre\u00f1o y el Consorcio de Transportes de Asturias, el municipio formar\u00e1 parte, un a\u00f1o m\u00e1s, del servicio \u201c\u00d3ptibus Rural\u201d 2019. En este sentido, el comunicado de prensa expone la siguiente informaci\u00f3n:","twitter:creator":"@nbasturias","twitter:image":"https:\/\/candas365.es\/noticias\/wp-content\/uploads\/2019\/06\/autobus-1.jpg","twitter:label1":"Escrito por","twitter:data1":"Cand\u00e1s 365","twitter:label2":"Tiempo de lectura estimado","twitter:data2":"4 minutos"},"aioseo_meta_data":{"post_id":"125219","title":null,"description":null,"keywords":null,"keyphrases":null,"primary_term":null,"canonical_url":null,"og_title":null,"og_description":null,"og_object_type":"default","og_image_type":"default","og_image_url":null,"og_image_width":null,"og_image_height":null,"og_image_custom_url":null,"og_image_custom_fields":null,"og_video":null,"og_custom_url":null,"og_article_section":null,"og_article_tags":null,"twitter_use_og":false,"twitter_card":"default","twitter_image_type":"default","twitter_image_url":null,"twitter_image_custom_url":null,"twitter_image_custom_fields":null,"twitter_title":null,"twitter_description":null,"schema":{"blockGraphs":[],"customGraphs":[],"default":{"data":{"Article":[],"Course":[],"Dataset":[],"FAQPage":[],"Movie":[],"Person":[],"Product":[],"ProductReview":[],"Car":[],"Recipe":[],"Service":[],"SoftwareApplication":[],"WebPage":[]},"graphName":"","isEnabled":true},"graphs":[],"defaultGraph":"","defaultPostTypeGraph":""},"schema_type":null,"schema_type_options":null,"pillar_content":false,"robots_default":true,"robots_noindex":false,"robots_noarchive":false,"robots_nosnippet":false,"robots_nofollow":false,"robots_noimageindex":false,"robots_noodp":false,"robots_notranslate":false,"robots_max_snippet":null,"robots_max_videopreview":null,"robots_max_imagepreview":"large","priority":null,"frequency":null,"location":null,"local_seo":null,"seo_analyzer_scan_date":"2025-08-30 05:23:58","breadcrumb_settings":null,"limit_modified_date":false,"reviewed_by":null,"open_ai":null,"ai":null,"created":"2020-12-21 10:55:46","updated":"2025-08-30 05:23:58"},"aioseo_breadcrumb":"<div class=\"aioseo-breadcrumbs\"><span class=\"aioseo-breadcrumb\">\n\t<a href=\"https:\/\/candas365.es\/noticias\" title=\"Home\">Home<\/a>\n<\/span><span class=\"aioseo-breadcrumb-separator\">&ndash;<\/span><span class=\"aioseo-breadcrumb\">\n\t<a href=\"https:\/\/candas365.es\/noticias\/category\/noticias-carreno\/\" title=\"Noticias Carre\u00f1o\">Noticias Carre\u00f1o<\/a>\n<\/span><span class=\"aioseo-breadcrumb-separator\">&ndash;<\/span><span class=\"aioseo-breadcrumb\">\n\tCarre\u00f1o seguir\u00e1 formando parte del servicio de transporte \u201c\u00d3ptibus Rural\u201d 2019\n<\/span><\/div>","aioseo_breadcrumb_json":[{"label":"Home","link":"https:\/\/candas365.es\/noticias"},{"label":"Noticias Carre\u00f1o","link":"https:\/\/candas365.es\/noticias\/category\/noticias-carreno\/"},{"label":"Carre\u00f1o seguir\u00e1 formando parte del servicio de transporte \u201c\u00d3ptibus Rural\u201d 2019","link":"https:\/\/candas365.es\/noticias\/carreno-seguira-formando-parte-del-servicio-de-transporte-optibus-rural-2019\/"}],"_links":{"self":[{"href":"https:\/\/candas365.es\/noticias\/wp-json\/wp\/v2\/posts\/125219","targetHints":{"allow":["GET"]}}],"collection":[{"href":"https:\/\/candas365.es\/noticias\/wp-json\/wp\/v2\/posts"}],"about":[{"href":"https:\/\/candas365.es\/noticias\/wp-json\/wp\/v2\/types\/post"}],"author":[{"embeddable":true,"href":"https:\/\/candas365.es\/noticias\/wp-json\/wp\/v2\/users\/1"}],"replies":[{"embeddable":true,"href":"https:\/\/candas365.es\/noticias\/wp-json\/wp\/v2\/comments?post=125219"}],"version-history":[{"count":0,"href":"https:\/\/candas365.es\/noticias\/wp-json\/wp\/v2\/posts\/125219\/revisions"}],"wp:featuredmedia":[{"embeddable":true,"href":"https:\/\/candas365.es\/noticias\/wp-json\/wp\/v2\/media\/125220"}],"wp:attachment":[{"href":"https:\/\/candas365.es\/noticias\/wp-json\/wp\/v2\/media?parent=125219"}],"wp:term":[{"taxonomy":"category","embeddable":true,"href":"https:\/\/candas365.es\/noticias\/wp-json\/wp\/v2\/categories?post=125219"},{"taxonomy":"post_tag","embeddable":true,"href":"https:\/\/candas365.es\/noticias\/wp-json\/wp\/v2\/tags?post=125219"}],"curies":[{"name":"wp","href":"https:\/\/api.w.org\/{rel}","templated":true}]}}