{"id":125171,"date":"2019-06-25T04:34:50","date_gmt":"2019-06-25T04:34:50","guid":{"rendered":"http:\/\/candas365.es\/noticias\/?p=125171"},"modified":"2019-06-25T04:34:50","modified_gmt":"2019-06-25T04:34:50","slug":"pagina-dos-finaliza-temporada-con-un-especial","status":"publish","type":"post","link":"https:\/\/candas365.es\/noticias\/pagina-dos-finaliza-temporada-con-un-especial\/","title":{"rendered":"\u201cP\u00e1gina Dos\u201d finaliza temporada con un especial"},"content":{"rendered":"<p><img fetchpriority=\"high\" decoding=\"async\" class=\"alignleft size-medium wp-image-125172\" src=\"https:\/\/candas365.es\/noticias\/wp-content\/uploads\/2019\/06\/ndp-tele15061901-360x202.jpg\" alt=\"\" width=\"360\" height=\"202\" srcset=\"https:\/\/candas365.es\/noticias\/wp-content\/uploads\/2019\/06\/ndp-tele15061901-360x202.jpg 360w, https:\/\/candas365.es\/noticias\/wp-content\/uploads\/2019\/06\/ndp-tele15061901-768x431.jpg 768w, https:\/\/candas365.es\/noticias\/wp-content\/uploads\/2019\/06\/ndp-tele15061901-655x368.jpg 655w, https:\/\/candas365.es\/noticias\/wp-content\/uploads\/2019\/06\/ndp-tele15061901-696x391.jpg 696w, https:\/\/candas365.es\/noticias\/wp-content\/uploads\/2019\/06\/ndp-tele15061901-1068x599.jpg 1068w, https:\/\/candas365.es\/noticias\/wp-content\/uploads\/2019\/06\/ndp-tele15061901-748x420.jpg 748w, https:\/\/candas365.es\/noticias\/wp-content\/uploads\/2019\/06\/ndp-tele15061901.jpg 1600w\" sizes=\"(max-width: 360px) 100vw, 360px\" \/>Especial de verano de \u2018P\u00e1gina Dos\u2019 en el que \u00d3scar L\u00f3pez, director y presentador, hablar\u00e1 con Emilio Lara sobre &#8216;Tiempos de esperanza&#8217;, una novela que trasladar\u00e1 a los lectores a la Edad Media, cuando surgi\u00f3 en Francia la Cruzada de los Ni\u00f1os, con el fin de luchar contra los \u00e1rabes en Jerusal\u00e9n.<\/p>\n<p>El programa viajar\u00e1 a los Pirineos de la mano de la escritora Irene Sol\u00e0, para conocer su obra &#8216;Canto yo y la monta\u00f1a baila&#8217;, que se sumerge en la mitolog\u00eda y la poes\u00eda de esos lugares.<\/p>\n<p>\u00d3scar L\u00f3pez tambi\u00e9n charlar\u00e1 con las escritoras Luc\u00eda Lijtmaer y Edurne Portela y con el librero Gonzalo Queipo sobre las lecturas que les marcaron durante un verano de sus vidas y qu\u00e9 libro han previsto leer en \u00e9ste.<\/p>\n<p>\u2018P\u00e1gina Dos\u2019 finalizar\u00e1 con la lista de los libros m\u00e1s vendidos en junio e informar\u00e1 de la actualidad editorial de las pr\u00f3ximas semanas en &#8217;90 segundos&#8217; y de una infinidad de propuestas para leer durante las vacaciones.<\/p>\n","protected":false},"excerpt":{"rendered":"<p>Especial de verano de \u2018P\u00e1gina Dos\u2019 en el que \u00d3scar L\u00f3pez, director y presentador, hablar\u00e1 con Emilio Lara sobre &#8216;Tiempos de esperanza&#8217;, una novela que trasladar\u00e1 a los lectores a la Edad Media, cuando surgi\u00f3 en Francia la Cruzada de los Ni\u00f1os, con el fin de luchar contra los \u00e1rabes en Jerusal\u00e9n. El programa viajar\u00e1<\/p>\n","protected":false},"author":1,"featured_media":125172,"comment_status":"closed","ping_status":"closed","sticky":false,"template":"","format":"standard","meta":{"footnotes":""},"categories":[1],"tags":[],"class_list":{"0":"post-125171","1":"post","2":"type-post","3":"status-publish","4":"format-standard","5":"has-post-thumbnail","7":"category-agenda"},"aioseo_notices":[],"aioseo_head":"\n\t\t<!-- All in One SEO Pro 4.9.6.2 - aioseo.com -->\n\t<meta name=\"description\" content=\"Especial de verano de \u2018P\u00e1gina Dos\u2019 en el que \u00d3scar L\u00f3pez, director y presentador, hablar\u00e1 con Emilio Lara sobre &#039;Tiempos de esperanza&#039;, una novela que trasladar\u00e1 a los lectores a la Edad Media, cuando surgi\u00f3 en Francia la Cruzada de los Ni\u00f1os, con el fin de luchar contra los \u00e1rabes en Jerusal\u00e9n. El programa viajar\u00e1\" \/>\n\t<meta name=\"robots\" content=\"max-image-preview:large\" \/>\n\t<meta name=\"author\" content=\"Cand\u00e1s 365\"\/>\n\t<meta name=\"google-site-verification\" content=\"UA-32230408-1\" \/>\n\t<meta name=\"msvalidate.01\" content=\"354F3CDFB2DA171B47FBE9ABF1F88D5\" \/>\n\t<meta name=\"keywords\" content=\"agenda\" \/>\n\t<link rel=\"canonical\" href=\"https:\/\/candas365.es\/noticias\/pagina-dos-finaliza-temporada-con-un-especial\/\" \/>\n\t<meta name=\"generator\" content=\"All in One SEO Pro (AIOSEO) 4.9.6.2\" \/>\n\t\t<meta property=\"og:locale\" content=\"es_ES\" \/>\n\t\t<meta property=\"og:site_name\" content=\"Cand\u00e1s 365\" \/>\n\t\t<meta property=\"og:type\" content=\"article\" \/>\n\t\t<meta property=\"og:title\" content=\"\u201cP\u00e1gina Dos\u201d finaliza temporada con un especial | Cand\u00e1s 365\" \/>\n\t\t<meta property=\"og:description\" content=\"Especial de verano de \u2018P\u00e1gina Dos\u2019 en el que \u00d3scar L\u00f3pez, director y presentador, hablar\u00e1 con Emilio Lara sobre &#039;Tiempos de esperanza&#039;, una novela que trasladar\u00e1 a los lectores a la Edad Media, cuando surgi\u00f3 en Francia la Cruzada de los Ni\u00f1os, con el fin de luchar contra los \u00e1rabes en Jerusal\u00e9n. El programa viajar\u00e1\" \/>\n\t\t<meta property=\"og:url\" content=\"https:\/\/candas365.es\/noticias\/pagina-dos-finaliza-temporada-con-un-especial\/\" \/>\n\t\t<meta property=\"og:image\" content=\"https:\/\/candas365.es\/noticias\/wp-content\/uploads\/2019\/06\/ndp-tele15061901.jpg\" \/>\n\t\t<meta property=\"og:image:secure_url\" content=\"https:\/\/candas365.es\/noticias\/wp-content\/uploads\/2019\/06\/ndp-tele15061901.jpg\" \/>\n\t\t<meta property=\"og:image:width\" content=\"1600\" \/>\n\t\t<meta property=\"og:image:height\" content=\"898\" \/>\n\t\t<meta property=\"article:published_time\" content=\"2019-06-25T04:34:50+00:00\" \/>\n\t\t<meta property=\"article:modified_time\" content=\"2019-06-25T04:34:50+00:00\" \/>\n\t\t<meta property=\"article:publisher\" content=\"https:\/\/www.facebook.com\/Nachofdezber\" \/>\n\t\t<meta property=\"article:author\" content=\"https:\/\/www.facebook.com\/carrenoactualidad\" \/>\n\t\t<meta name=\"twitter:card\" content=\"summary_large_image\" \/>\n\t\t<meta name=\"twitter:site\" content=\"@NabercoDigital\" \/>\n\t\t<meta name=\"twitter:title\" content=\"\u201cP\u00e1gina Dos\u201d finaliza temporada con un especial | Cand\u00e1s 365\" \/>\n\t\t<meta name=\"twitter:description\" content=\"Especial de verano de \u2018P\u00e1gina Dos\u2019 en el que \u00d3scar L\u00f3pez, director y presentador, hablar\u00e1 con Emilio Lara sobre &#039;Tiempos de esperanza&#039;, una novela que trasladar\u00e1 a los lectores a la Edad Media, cuando surgi\u00f3 en Francia la Cruzada de los Ni\u00f1os, con el fin de luchar contra los \u00e1rabes en Jerusal\u00e9n. El programa viajar\u00e1\" \/>\n\t\t<meta name=\"twitter:creator\" content=\"@nbasturias\" \/>\n\t\t<meta name=\"twitter:image\" content=\"https:\/\/candas365.es\/noticias\/wp-content\/uploads\/2019\/06\/ndp-tele15061901.jpg\" \/>\n\t\t<meta name=\"twitter:label1\" content=\"Escrito por\" \/>\n\t\t<meta name=\"twitter:data1\" content=\"Cand\u00e1s 365\" \/>\n\t\t<meta name=\"twitter:label2\" content=\"Tiempo de lectura estimado\" \/>\n\t\t<meta name=\"twitter:data2\" content=\"1 minuto\" \/>\n\t\t<script type=\"application\/ld+json\" class=\"aioseo-schema\">\n\t\t\t{\"@context\":\"https:\\\/\\\/schema.org\",\"@graph\":[{\"@type\":\"BreadcrumbList\",\"@id\":\"https:\\\/\\\/candas365.es\\\/noticias\\\/pagina-dos-finaliza-temporada-con-un-especial\\\/#breadcrumblist\",\"itemListElement\":[{\"@type\":\"ListItem\",\"@id\":\"https:\\\/\\\/candas365.es\\\/noticias#listItem\",\"position\":1,\"name\":\"Home\",\"item\":\"https:\\\/\\\/candas365.es\\\/noticias\",\"nextItem\":{\"@type\":\"ListItem\",\"@id\":\"https:\\\/\\\/candas365.es\\\/noticias\\\/category\\\/agenda\\\/#listItem\",\"name\":\"Agenda\"}},{\"@type\":\"ListItem\",\"@id\":\"https:\\\/\\\/candas365.es\\\/noticias\\\/category\\\/agenda\\\/#listItem\",\"position\":2,\"name\":\"Agenda\",\"item\":\"https:\\\/\\\/candas365.es\\\/noticias\\\/category\\\/agenda\\\/\",\"nextItem\":{\"@type\":\"ListItem\",\"@id\":\"https:\\\/\\\/candas365.es\\\/noticias\\\/pagina-dos-finaliza-temporada-con-un-especial\\\/#listItem\",\"name\":\"\\u201cP\\u00e1gina Dos\\u201d finaliza temporada con un especial\"},\"previousItem\":{\"@type\":\"ListItem\",\"@id\":\"https:\\\/\\\/candas365.es\\\/noticias#listItem\",\"name\":\"Home\"}},{\"@type\":\"ListItem\",\"@id\":\"https:\\\/\\\/candas365.es\\\/noticias\\\/pagina-dos-finaliza-temporada-con-un-especial\\\/#listItem\",\"position\":3,\"name\":\"\\u201cP\\u00e1gina Dos\\u201d finaliza temporada con un especial\",\"previousItem\":{\"@type\":\"ListItem\",\"@id\":\"https:\\\/\\\/candas365.es\\\/noticias\\\/category\\\/agenda\\\/#listItem\",\"name\":\"Agenda\"}}]},{\"@type\":\"NewsArticle\",\"@id\":\"https:\\\/\\\/candas365.es\\\/noticias\\\/pagina-dos-finaliza-temporada-con-un-especial\\\/#newsarticle\",\"name\":\"\\u201cP\\u00e1gina Dos\\u201d finaliza temporada con un especial | Cand\\u00e1s 365\",\"headline\":\"\\u201cP\\u00e1gina Dos\\u201d finaliza temporada con un especial\",\"author\":{\"@id\":\"https:\\\/\\\/candas365.es\\\/noticias\\\/author\\\/admin\\\/#author\"},\"publisher\":{\"@id\":\"https:\\\/\\\/candas365.es\\\/noticias\\\/#organization\"},\"image\":{\"@type\":\"ImageObject\",\"url\":\"https:\\\/\\\/candas365.es\\\/noticias\\\/wp-content\\\/uploads\\\/2019\\\/06\\\/ndp-tele15061901.jpg\",\"width\":1600,\"height\":898},\"datePublished\":\"2019-06-25T04:34:50+02:00\",\"dateModified\":\"2019-06-25T04:34:50+02:00\",\"inLanguage\":\"es-ES\",\"mainEntityOfPage\":{\"@id\":\"https:\\\/\\\/candas365.es\\\/noticias\\\/pagina-dos-finaliza-temporada-con-un-especial\\\/#webpage\"},\"isPartOf\":{\"@id\":\"https:\\\/\\\/candas365.es\\\/noticias\\\/pagina-dos-finaliza-temporada-con-un-especial\\\/#webpage\"},\"articleSection\":\"Agenda\",\"dateline\":\"Publicado el junio 25, 2019.\"},{\"@type\":\"Organization\",\"@id\":\"https:\\\/\\\/candas365.es\\\/noticias\\\/#organization\",\"name\":\"Cand\\u00e1s 365\",\"description\":\"Cand\\u00e1s 365 es un diario digital independiente, fundado en 2012, con base en Asturias. Informamos con rigor sobre actualidad, sociedad, cultura y ocio, con una mirada local y global.\",\"url\":\"https:\\\/\\\/candas365.es\\\/noticias\\\/\",\"email\":\"info@candas365.es\",\"telephone\":\"+34652131393\",\"foundingDate\":\"2012-06-10\",\"logo\":{\"@type\":\"ImageObject\",\"url\":\"https:\\\/\\\/candas365.es\\\/noticias\\\/wp-content\\\/uploads\\\/2024\\\/09\\\/Candas-365-Redes.jpg\",\"@id\":\"https:\\\/\\\/candas365.es\\\/noticias\\\/pagina-dos-finaliza-temporada-con-un-especial\\\/#organizationLogo\",\"width\":1152,\"height\":864,\"caption\":\"Cand\\u00e1s 365 Redes\"},\"image\":{\"@id\":\"https:\\\/\\\/candas365.es\\\/noticias\\\/pagina-dos-finaliza-temporada-con-un-especial\\\/#organizationLogo\"},\"sameAs\":[\"https:\\\/\\\/www.facebook.com\\\/Nachofdezber\",\"https:\\\/\\\/x.com\\\/NabercoDigital\",\"https:\\\/\\\/www.instagram.com\\\/nachofdezber\\\/\",\"https:\\\/\\\/www.youtube.com\\\/channel\\\/UCZP-2wLEB9Rv6erhFmqVnvg\"],\"address\":{\"@id\":\"https:\\\/\\\/candas365.es\\\/noticias\\\/#postaladdress\",\"@type\":\"PostalAddress\",\"streetAddress\":\"san antonio 4, san antonio 4\",\"postalCode\":\"33430\",\"addressLocality\":\"Cand\\u00e1s\",\"addressRegion\":\"Asturias\",\"addressCountry\":\"ES\"}},{\"@type\":\"Person\",\"@id\":\"https:\\\/\\\/candas365.es\\\/noticias\\\/author\\\/admin\\\/#author\",\"url\":\"https:\\\/\\\/candas365.es\\\/noticias\\\/author\\\/admin\\\/\",\"name\":\"Cand\\u00e1s 365\",\"image\":{\"@type\":\"ImageObject\",\"@id\":\"https:\\\/\\\/candas365.es\\\/noticias\\\/pagina-dos-finaliza-temporada-con-un-especial\\\/#authorImage\",\"url\":\"https:\\\/\\\/secure.gravatar.com\\\/avatar\\\/496a8e03d0c493ede1718b7934145dbdf8d89be1036b0eec9544e1094c9de390?s=96&d=mm&r=g\",\"width\":96,\"height\":96,\"caption\":\"Cand\\u00e1s 365\"},\"sameAs\":[\"https:\\\/\\\/www.facebook.com\\\/carrenoactualidad\",\"https:\\\/\\\/twitter.com\\\/nbasturias\",\"https:\\\/\\\/www.instagram.com\\\/nachofdezber\\\/\",\"https:\\\/\\\/www.youtube.com\\\/channel\\\/UCZP-2wLEB9Rv6erhFmqVnvg\"]},{\"@type\":\"WebPage\",\"@id\":\"https:\\\/\\\/candas365.es\\\/noticias\\\/pagina-dos-finaliza-temporada-con-un-especial\\\/#webpage\",\"url\":\"https:\\\/\\\/candas365.es\\\/noticias\\\/pagina-dos-finaliza-temporada-con-un-especial\\\/\",\"name\":\"\\u201cP\\u00e1gina Dos\\u201d finaliza temporada con un especial | Cand\\u00e1s 365\",\"description\":\"Especial de verano de \\u2018P\\u00e1gina Dos\\u2019 en el que \\u00d3scar L\\u00f3pez, director y presentador, hablar\\u00e1 con Emilio Lara sobre 'Tiempos de esperanza', una novela que trasladar\\u00e1 a los lectores a la Edad Media, cuando surgi\\u00f3 en Francia la Cruzada de los Ni\\u00f1os, con el fin de luchar contra los \\u00e1rabes en Jerusal\\u00e9n. El programa viajar\\u00e1\",\"inLanguage\":\"es-ES\",\"isPartOf\":{\"@id\":\"https:\\\/\\\/candas365.es\\\/noticias\\\/#website\"},\"breadcrumb\":{\"@id\":\"https:\\\/\\\/candas365.es\\\/noticias\\\/pagina-dos-finaliza-temporada-con-un-especial\\\/#breadcrumblist\"},\"author\":{\"@id\":\"https:\\\/\\\/candas365.es\\\/noticias\\\/author\\\/admin\\\/#author\"},\"creator\":{\"@id\":\"https:\\\/\\\/candas365.es\\\/noticias\\\/author\\\/admin\\\/#author\"},\"image\":{\"@type\":\"ImageObject\",\"url\":\"https:\\\/\\\/candas365.es\\\/noticias\\\/wp-content\\\/uploads\\\/2019\\\/06\\\/ndp-tele15061901.jpg\",\"@id\":\"https:\\\/\\\/candas365.es\\\/noticias\\\/pagina-dos-finaliza-temporada-con-un-especial\\\/#mainImage\",\"width\":1600,\"height\":898},\"primaryImageOfPage\":{\"@id\":\"https:\\\/\\\/candas365.es\\\/noticias\\\/pagina-dos-finaliza-temporada-con-un-especial\\\/#mainImage\"},\"datePublished\":\"2019-06-25T04:34:50+02:00\",\"dateModified\":\"2019-06-25T04:34:50+02:00\"},{\"@type\":\"WebSite\",\"@id\":\"https:\\\/\\\/candas365.es\\\/noticias\\\/#website\",\"url\":\"https:\\\/\\\/candas365.es\\\/noticias\\\/\",\"name\":\"Cand\\u00e1s 365\",\"alternateName\":\"Cand\\u00e1s 365 Noticias\",\"description\":\"Actualidad desde Carre\\u00f1o para el mundo\",\"inLanguage\":\"es-ES\",\"publisher\":{\"@id\":\"https:\\\/\\\/candas365.es\\\/noticias\\\/#organization\"}}]}\n\t\t<\/script>\n\t\t<!-- All in One SEO Pro -->\r\n\t\t<title>\u201cP\u00e1gina Dos\u201d finaliza temporada con un especial | Cand\u00e1s 365<\/title>\n\n","aioseo_head_json":{"title":"\u201cP\u00e1gina Dos\u201d finaliza temporada con un especial | Cand\u00e1s 365","description":"Especial de verano de \u2018P\u00e1gina Dos\u2019 en el que \u00d3scar L\u00f3pez, director y presentador, hablar\u00e1 con Emilio Lara sobre 'Tiempos de esperanza', una novela que trasladar\u00e1 a los lectores a la Edad Media, cuando surgi\u00f3 en Francia la Cruzada de los Ni\u00f1os, con el fin de luchar contra los \u00e1rabes en Jerusal\u00e9n. El programa viajar\u00e1","canonical_url":"https:\/\/candas365.es\/noticias\/pagina-dos-finaliza-temporada-con-un-especial\/","robots":"max-image-preview:large","keywords":"agenda","webmasterTools":{"google-site-verification":"UA-32230408-1","msvalidate.01":"354F3CDFB2DA171B47FBE9ABF1F88D5","miscellaneous":""},"schema":{"@context":"https:\/\/schema.org","@graph":[{"@type":"BreadcrumbList","@id":"https:\/\/candas365.es\/noticias\/pagina-dos-finaliza-temporada-con-un-especial\/#breadcrumblist","itemListElement":[{"@type":"ListItem","@id":"https:\/\/candas365.es\/noticias#listItem","position":1,"name":"Home","item":"https:\/\/candas365.es\/noticias","nextItem":{"@type":"ListItem","@id":"https:\/\/candas365.es\/noticias\/category\/agenda\/#listItem","name":"Agenda"}},{"@type":"ListItem","@id":"https:\/\/candas365.es\/noticias\/category\/agenda\/#listItem","position":2,"name":"Agenda","item":"https:\/\/candas365.es\/noticias\/category\/agenda\/","nextItem":{"@type":"ListItem","@id":"https:\/\/candas365.es\/noticias\/pagina-dos-finaliza-temporada-con-un-especial\/#listItem","name":"\u201cP\u00e1gina Dos\u201d finaliza temporada con un especial"},"previousItem":{"@type":"ListItem","@id":"https:\/\/candas365.es\/noticias#listItem","name":"Home"}},{"@type":"ListItem","@id":"https:\/\/candas365.es\/noticias\/pagina-dos-finaliza-temporada-con-un-especial\/#listItem","position":3,"name":"\u201cP\u00e1gina Dos\u201d finaliza temporada con un especial","previousItem":{"@type":"ListItem","@id":"https:\/\/candas365.es\/noticias\/category\/agenda\/#listItem","name":"Agenda"}}]},{"@type":"NewsArticle","@id":"https:\/\/candas365.es\/noticias\/pagina-dos-finaliza-temporada-con-un-especial\/#newsarticle","name":"\u201cP\u00e1gina Dos\u201d finaliza temporada con un especial | Cand\u00e1s 365","headline":"\u201cP\u00e1gina Dos\u201d finaliza temporada con un especial","author":{"@id":"https:\/\/candas365.es\/noticias\/author\/admin\/#author"},"publisher":{"@id":"https:\/\/candas365.es\/noticias\/#organization"},"image":{"@type":"ImageObject","url":"https:\/\/candas365.es\/noticias\/wp-content\/uploads\/2019\/06\/ndp-tele15061901.jpg","width":1600,"height":898},"datePublished":"2019-06-25T04:34:50+02:00","dateModified":"2019-06-25T04:34:50+02:00","inLanguage":"es-ES","mainEntityOfPage":{"@id":"https:\/\/candas365.es\/noticias\/pagina-dos-finaliza-temporada-con-un-especial\/#webpage"},"isPartOf":{"@id":"https:\/\/candas365.es\/noticias\/pagina-dos-finaliza-temporada-con-un-especial\/#webpage"},"articleSection":"Agenda","dateline":"Publicado el junio 25, 2019."},{"@type":"Organization","@id":"https:\/\/candas365.es\/noticias\/#organization","name":"Cand\u00e1s 365","description":"Cand\u00e1s 365 es un diario digital independiente, fundado en 2012, con base en Asturias. Informamos con rigor sobre actualidad, sociedad, cultura y ocio, con una mirada local y global.","url":"https:\/\/candas365.es\/noticias\/","email":"info@candas365.es","telephone":"+34652131393","foundingDate":"2012-06-10","logo":{"@type":"ImageObject","url":"https:\/\/candas365.es\/noticias\/wp-content\/uploads\/2024\/09\/Candas-365-Redes.jpg","@id":"https:\/\/candas365.es\/noticias\/pagina-dos-finaliza-temporada-con-un-especial\/#organizationLogo","width":1152,"height":864,"caption":"Cand\u00e1s 365 Redes"},"image":{"@id":"https:\/\/candas365.es\/noticias\/pagina-dos-finaliza-temporada-con-un-especial\/#organizationLogo"},"sameAs":["https:\/\/www.facebook.com\/Nachofdezber","https:\/\/x.com\/NabercoDigital","https:\/\/www.instagram.com\/nachofdezber\/","https:\/\/www.youtube.com\/channel\/UCZP-2wLEB9Rv6erhFmqVnvg"],"address":{"@id":"https:\/\/candas365.es\/noticias\/#postaladdress","@type":"PostalAddress","streetAddress":"san antonio 4, san antonio 4","postalCode":"33430","addressLocality":"Cand\u00e1s","addressRegion":"Asturias","addressCountry":"ES"}},{"@type":"Person","@id":"https:\/\/candas365.es\/noticias\/author\/admin\/#author","url":"https:\/\/candas365.es\/noticias\/author\/admin\/","name":"Cand\u00e1s 365","image":{"@type":"ImageObject","@id":"https:\/\/candas365.es\/noticias\/pagina-dos-finaliza-temporada-con-un-especial\/#authorImage","url":"https:\/\/secure.gravatar.com\/avatar\/496a8e03d0c493ede1718b7934145dbdf8d89be1036b0eec9544e1094c9de390?s=96&d=mm&r=g","width":96,"height":96,"caption":"Cand\u00e1s 365"},"sameAs":["https:\/\/www.facebook.com\/carrenoactualidad","https:\/\/twitter.com\/nbasturias","https:\/\/www.instagram.com\/nachofdezber\/","https:\/\/www.youtube.com\/channel\/UCZP-2wLEB9Rv6erhFmqVnvg"]},{"@type":"WebPage","@id":"https:\/\/candas365.es\/noticias\/pagina-dos-finaliza-temporada-con-un-especial\/#webpage","url":"https:\/\/candas365.es\/noticias\/pagina-dos-finaliza-temporada-con-un-especial\/","name":"\u201cP\u00e1gina Dos\u201d finaliza temporada con un especial | Cand\u00e1s 365","description":"Especial de verano de \u2018P\u00e1gina Dos\u2019 en el que \u00d3scar L\u00f3pez, director y presentador, hablar\u00e1 con Emilio Lara sobre 'Tiempos de esperanza', una novela que trasladar\u00e1 a los lectores a la Edad Media, cuando surgi\u00f3 en Francia la Cruzada de los Ni\u00f1os, con el fin de luchar contra los \u00e1rabes en Jerusal\u00e9n. El programa viajar\u00e1","inLanguage":"es-ES","isPartOf":{"@id":"https:\/\/candas365.es\/noticias\/#website"},"breadcrumb":{"@id":"https:\/\/candas365.es\/noticias\/pagina-dos-finaliza-temporada-con-un-especial\/#breadcrumblist"},"author":{"@id":"https:\/\/candas365.es\/noticias\/author\/admin\/#author"},"creator":{"@id":"https:\/\/candas365.es\/noticias\/author\/admin\/#author"},"image":{"@type":"ImageObject","url":"https:\/\/candas365.es\/noticias\/wp-content\/uploads\/2019\/06\/ndp-tele15061901.jpg","@id":"https:\/\/candas365.es\/noticias\/pagina-dos-finaliza-temporada-con-un-especial\/#mainImage","width":1600,"height":898},"primaryImageOfPage":{"@id":"https:\/\/candas365.es\/noticias\/pagina-dos-finaliza-temporada-con-un-especial\/#mainImage"},"datePublished":"2019-06-25T04:34:50+02:00","dateModified":"2019-06-25T04:34:50+02:00"},{"@type":"WebSite","@id":"https:\/\/candas365.es\/noticias\/#website","url":"https:\/\/candas365.es\/noticias\/","name":"Cand\u00e1s 365","alternateName":"Cand\u00e1s 365 Noticias","description":"Actualidad desde Carre\u00f1o para el mundo","inLanguage":"es-ES","publisher":{"@id":"https:\/\/candas365.es\/noticias\/#organization"}}]},"og:locale":"es_ES","og:site_name":"Cand\u00e1s 365","og:type":"article","og:title":"\u201cP\u00e1gina Dos\u201d finaliza temporada con un especial | Cand\u00e1s 365","og:description":"Especial de verano de \u2018P\u00e1gina Dos\u2019 en el que \u00d3scar L\u00f3pez, director y presentador, hablar\u00e1 con Emilio Lara sobre 'Tiempos de esperanza', una novela que trasladar\u00e1 a los lectores a la Edad Media, cuando surgi\u00f3 en Francia la Cruzada de los Ni\u00f1os, con el fin de luchar contra los \u00e1rabes en Jerusal\u00e9n. El programa viajar\u00e1","og:url":"https:\/\/candas365.es\/noticias\/pagina-dos-finaliza-temporada-con-un-especial\/","og:image":"https:\/\/candas365.es\/noticias\/wp-content\/uploads\/2019\/06\/ndp-tele15061901.jpg","og:image:secure_url":"https:\/\/candas365.es\/noticias\/wp-content\/uploads\/2019\/06\/ndp-tele15061901.jpg","og:image:width":1600,"og:image:height":898,"article:published_time":"2019-06-25T04:34:50+00:00","article:modified_time":"2019-06-25T04:34:50+00:00","article:publisher":"https:\/\/www.facebook.com\/Nachofdezber","article:author":"https:\/\/www.facebook.com\/carrenoactualidad","twitter:card":"summary_large_image","twitter:site":"@NabercoDigital","twitter:title":"\u201cP\u00e1gina Dos\u201d finaliza temporada con un especial | Cand\u00e1s 365","twitter:description":"Especial de verano de \u2018P\u00e1gina Dos\u2019 en el que \u00d3scar L\u00f3pez, director y presentador, hablar\u00e1 con Emilio Lara sobre 'Tiempos de esperanza', una novela que trasladar\u00e1 a los lectores a la Edad Media, cuando surgi\u00f3 en Francia la Cruzada de los Ni\u00f1os, con el fin de luchar contra los \u00e1rabes en Jerusal\u00e9n. El programa viajar\u00e1","twitter:creator":"@nbasturias","twitter:image":"https:\/\/candas365.es\/noticias\/wp-content\/uploads\/2019\/06\/ndp-tele15061901.jpg","twitter:label1":"Escrito por","twitter:data1":"Cand\u00e1s 365","twitter:label2":"Tiempo de lectura estimado","twitter:data2":"1 minuto"},"aioseo_meta_data":{"post_id":"125171","title":null,"description":null,"keywords":null,"keyphrases":null,"primary_term":null,"canonical_url":null,"og_title":null,"og_description":null,"og_object_type":"default","og_image_type":"default","og_image_url":null,"og_image_width":null,"og_image_height":null,"og_image_custom_url":null,"og_image_custom_fields":null,"og_video":null,"og_custom_url":null,"og_article_section":null,"og_article_tags":null,"twitter_use_og":false,"twitter_card":"default","twitter_image_type":"default","twitter_image_url":null,"twitter_image_custom_url":null,"twitter_image_custom_fields":null,"twitter_title":null,"twitter_description":null,"schema":{"blockGraphs":[],"customGraphs":[],"default":{"data":{"Article":[],"Course":[],"Dataset":[],"FAQPage":[],"Movie":[],"Person":[],"Product":[],"ProductReview":[],"Car":[],"Recipe":[],"Service":[],"SoftwareApplication":[],"WebPage":[]},"graphName":"","isEnabled":true},"graphs":[],"defaultGraph":"","defaultPostTypeGraph":""},"schema_type":null,"schema_type_options":null,"pillar_content":false,"robots_default":true,"robots_noindex":false,"robots_noarchive":false,"robots_nosnippet":false,"robots_nofollow":false,"robots_noimageindex":false,"robots_noodp":false,"robots_notranslate":false,"robots_max_snippet":null,"robots_max_videopreview":null,"robots_max_imagepreview":"large","priority":null,"frequency":null,"location":null,"local_seo":null,"seo_analyzer_scan_date":"2025-08-30 05:18:12","breadcrumb_settings":null,"limit_modified_date":false,"reviewed_by":null,"open_ai":null,"ai":null,"created":"2020-12-21 10:55:46","updated":"2025-08-30 05:18:12"},"aioseo_breadcrumb":"<div class=\"aioseo-breadcrumbs\"><span class=\"aioseo-breadcrumb\">\n\t<a href=\"https:\/\/candas365.es\/noticias\" title=\"Home\">Home<\/a>\n<\/span><span class=\"aioseo-breadcrumb-separator\">&ndash;<\/span><span class=\"aioseo-breadcrumb\">\n\t<a href=\"https:\/\/candas365.es\/noticias\/category\/agenda\/\" title=\"Agenda\">Agenda<\/a>\n<\/span><span class=\"aioseo-breadcrumb-separator\">&ndash;<\/span><span class=\"aioseo-breadcrumb\">\n\t\u201cP\u00e1gina Dos\u201d finaliza temporada con un especial\n<\/span><\/div>","aioseo_breadcrumb_json":[{"label":"Home","link":"https:\/\/candas365.es\/noticias"},{"label":"Agenda","link":"https:\/\/candas365.es\/noticias\/category\/agenda\/"},{"label":"\u201cP\u00e1gina Dos\u201d finaliza temporada con un especial","link":"https:\/\/candas365.es\/noticias\/pagina-dos-finaliza-temporada-con-un-especial\/"}],"_links":{"self":[{"href":"https:\/\/candas365.es\/noticias\/wp-json\/wp\/v2\/posts\/125171","targetHints":{"allow":["GET"]}}],"collection":[{"href":"https:\/\/candas365.es\/noticias\/wp-json\/wp\/v2\/posts"}],"about":[{"href":"https:\/\/candas365.es\/noticias\/wp-json\/wp\/v2\/types\/post"}],"author":[{"embeddable":true,"href":"https:\/\/candas365.es\/noticias\/wp-json\/wp\/v2\/users\/1"}],"replies":[{"embeddable":true,"href":"https:\/\/candas365.es\/noticias\/wp-json\/wp\/v2\/comments?post=125171"}],"version-history":[{"count":0,"href":"https:\/\/candas365.es\/noticias\/wp-json\/wp\/v2\/posts\/125171\/revisions"}],"wp:featuredmedia":[{"embeddable":true,"href":"https:\/\/candas365.es\/noticias\/wp-json\/wp\/v2\/media\/125172"}],"wp:attachment":[{"href":"https:\/\/candas365.es\/noticias\/wp-json\/wp\/v2\/media?parent=125171"}],"wp:term":[{"taxonomy":"category","embeddable":true,"href":"https:\/\/candas365.es\/noticias\/wp-json\/wp\/v2\/categories?post=125171"},{"taxonomy":"post_tag","embeddable":true,"href":"https:\/\/candas365.es\/noticias\/wp-json\/wp\/v2\/tags?post=125171"}],"curies":[{"name":"wp","href":"https:\/\/api.w.org\/{rel}","templated":true}]}}