{"id":125144,"date":"2019-06-24T21:19:12","date_gmt":"2019-06-24T21:19:12","guid":{"rendered":"http:\/\/candas365.es\/noticias\/?p=125144"},"modified":"2019-06-24T21:19:12","modified_gmt":"2019-06-24T21:19:12","slug":"comienza-la-subasta-judicial-de-las-pertenencias-de-boris-becker","status":"publish","type":"post","link":"https:\/\/candas365.es\/noticias\/comienza-la-subasta-judicial-de-las-pertenencias-de-boris-becker\/","title":{"rendered":"Comienza la subasta judicial de las pertenencias de Boris Becker"},"content":{"rendered":"<figure id=\"attachment_125145\" aria-describedby=\"caption-attachment-125145\" style=\"width: 360px\" class=\"wp-caption alignleft\"><img fetchpriority=\"high\" decoding=\"async\" class=\"size-medium wp-image-125145\" src=\"https:\/\/candas365.es\/noticias\/wp-content\/uploads\/2019\/06\/subasta-360x268.jpg\" alt=\"\" width=\"360\" height=\"268\" srcset=\"https:\/\/candas365.es\/noticias\/wp-content\/uploads\/2019\/06\/subasta-360x268.jpg 360w, https:\/\/candas365.es\/noticias\/wp-content\/uploads\/2019\/06\/subasta-768x572.jpg 768w, https:\/\/candas365.es\/noticias\/wp-content\/uploads\/2019\/06\/subasta-644x480.jpg 644w, https:\/\/candas365.es\/noticias\/wp-content\/uploads\/2019\/06\/subasta-80x60.jpg 80w, https:\/\/candas365.es\/noticias\/wp-content\/uploads\/2019\/06\/subasta-265x198.jpg 265w, https:\/\/candas365.es\/noticias\/wp-content\/uploads\/2019\/06\/subasta-696x519.jpg 696w, https:\/\/candas365.es\/noticias\/wp-content\/uploads\/2019\/06\/subasta-563x420.jpg 563w, https:\/\/candas365.es\/noticias\/wp-content\/uploads\/2019\/06\/subasta.jpg 864w\" sizes=\"(max-width: 360px) 100vw, 360px\" \/><figcaption id=\"caption-attachment-125145\" class=\"wp-caption-text\">Foto: Wyles Hardy &amp; Co\/dpa &#8211;<\/figcaption><\/figure>\n<p>Londres, 24 jun (dpa) &#8211; Un total de 82 objetos propiedad del ex tenista alem\u00e1n Boris Becker ser\u00e1n subastados por Internet entre este lunes y el 11 de julio a los mejores postores, inform\u00f3 hoy a dpa la casa de subastas brit\u00e1nica Wyles Hardy &amp; Co en Hemel Hempstead, cerca de Londres.<\/p>\n<p>Becker fue declarado insolvente en junio de 2017 por un tribunal brit\u00e1nico. Por ello, se subastar\u00e1n numerosos art\u00edculos para recaudar dinero para pagar a los acreedores.<\/p>\n<p>Entre los productos en subasta figuran trofeos, medallas y raquetas, pero tambi\u00e9n art\u00edculos personales del tenista de 51 a\u00f1os, como relojes y hasta un par de medias.<\/p>\n<p>El tres veces campe\u00f3n de Wimbledon consider\u00f3 que la subasta hiere su dignidad. Los abogados de Becker lograron suspender en junio de 2018, en el \u00faltimo minuto, el remate de sus pertenencias a trav\u00e9s de un requerimiento judicial temporal.<\/p>\n<p>La ex estrella del tenis declar\u00f3 entonces que gozaba de inmunidad diplom\u00e1tica y que, por lo tanto, no pod\u00eda ser procesado: hab\u00eda sido nombrado agregado deportivo en la representaci\u00f3n de la Uni\u00f3n Europea en la Rep\u00fablica Centroafricana. Sin embargo, el Ministerio de Asuntos Exteriores del Estado africano lo contradijo.<\/p>\n<p>Finalmente, Becker declar\u00f3 en diciembre pasado que ya no reg\u00eda su estatus diplom\u00e1tico. El tribunal de quiebras prorrog\u00f3 su estado de insolvencia indefinidamente a finales de 2018. Adem\u00e1s de la cr\u00edtica situaci\u00f3n que vive por sus circunstancias econ\u00f3micas, Becker se separ\u00f3 de su esposa Lilly despu\u00e9s de nueve a\u00f1os de matrimonio.<\/p>\n","protected":false},"excerpt":{"rendered":"<p>Londres, 24 jun (dpa) &#8211; Un total de 82 objetos propiedad del ex tenista alem\u00e1n Boris Becker ser\u00e1n subastados por Internet entre este lunes y el 11 de julio a los mejores postores, inform\u00f3 hoy a dpa la casa de subastas brit\u00e1nica Wyles Hardy &amp; Co en Hemel Hempstead, cerca de Londres. Becker fue declarado<\/p>\n","protected":false},"author":1,"featured_media":125145,"comment_status":"closed","ping_status":"closed","sticky":false,"template":"","format":"standard","meta":{"footnotes":""},"categories":[343],"tags":[],"class_list":{"0":"post-125144","1":"post","2":"type-post","3":"status-publish","4":"format-standard","5":"has-post-thumbnail","7":"category-actualidad"},"aioseo_notices":[],"aioseo_head":"\n\t\t<!-- All in One SEO Pro 4.9.6.2 - aioseo.com -->\n\t<meta name=\"description\" content=\"Londres, 24 jun (dpa) - Un total de 82 objetos propiedad del ex tenista alem\u00e1n Boris Becker ser\u00e1n subastados por Internet entre este lunes y el 11 de julio a los mejores postores, inform\u00f3 hoy a dpa la casa de subastas brit\u00e1nica Wyles Hardy &amp; Co en Hemel Hempstead, cerca de Londres. Becker fue declarado\" \/>\n\t<meta name=\"robots\" content=\"max-image-preview:large\" \/>\n\t<meta name=\"author\" content=\"Cand\u00e1s 365\"\/>\n\t<meta name=\"google-site-verification\" content=\"UA-32230408-1\" \/>\n\t<meta name=\"msvalidate.01\" content=\"354F3CDFB2DA171B47FBE9ABF1F88D5\" \/>\n\t<meta name=\"keywords\" content=\"actualidad\" \/>\n\t<link rel=\"canonical\" href=\"https:\/\/candas365.es\/noticias\/comienza-la-subasta-judicial-de-las-pertenencias-de-boris-becker\/\" \/>\n\t<meta name=\"generator\" content=\"All in One SEO Pro (AIOSEO) 4.9.6.2\" \/>\n\t\t<meta property=\"og:locale\" content=\"es_ES\" \/>\n\t\t<meta property=\"og:site_name\" content=\"Cand\u00e1s 365\" \/>\n\t\t<meta property=\"og:type\" content=\"article\" \/>\n\t\t<meta property=\"og:title\" content=\"Comienza la subasta judicial de las pertenencias de Boris Becker | Cand\u00e1s 365\" \/>\n\t\t<meta property=\"og:description\" content=\"Londres, 24 jun (dpa) - Un total de 82 objetos propiedad del ex tenista alem\u00e1n Boris Becker ser\u00e1n subastados por Internet entre este lunes y el 11 de julio a los mejores postores, inform\u00f3 hoy a dpa la casa de subastas brit\u00e1nica Wyles Hardy &amp; Co en Hemel Hempstead, cerca de Londres. Becker fue declarado\" \/>\n\t\t<meta property=\"og:url\" content=\"https:\/\/candas365.es\/noticias\/comienza-la-subasta-judicial-de-las-pertenencias-de-boris-becker\/\" \/>\n\t\t<meta property=\"og:image\" content=\"https:\/\/candas365.es\/noticias\/wp-content\/uploads\/2019\/06\/subasta.jpg\" \/>\n\t\t<meta property=\"og:image:secure_url\" content=\"https:\/\/candas365.es\/noticias\/wp-content\/uploads\/2019\/06\/subasta.jpg\" \/>\n\t\t<meta property=\"og:image:width\" content=\"864\" \/>\n\t\t<meta property=\"og:image:height\" content=\"644\" \/>\n\t\t<meta property=\"article:published_time\" content=\"2019-06-24T21:19:12+00:00\" \/>\n\t\t<meta property=\"article:modified_time\" content=\"2019-06-24T21:19:12+00:00\" \/>\n\t\t<meta property=\"article:publisher\" content=\"https:\/\/www.facebook.com\/Nachofdezber\" \/>\n\t\t<meta property=\"article:author\" content=\"https:\/\/www.facebook.com\/carrenoactualidad\" \/>\n\t\t<meta name=\"twitter:card\" content=\"summary_large_image\" \/>\n\t\t<meta name=\"twitter:site\" content=\"@NabercoDigital\" \/>\n\t\t<meta name=\"twitter:title\" content=\"Comienza la subasta judicial de las pertenencias de Boris Becker | Cand\u00e1s 365\" \/>\n\t\t<meta name=\"twitter:description\" content=\"Londres, 24 jun (dpa) - Un total de 82 objetos propiedad del ex tenista alem\u00e1n Boris Becker ser\u00e1n subastados por Internet entre este lunes y el 11 de julio a los mejores postores, inform\u00f3 hoy a dpa la casa de subastas brit\u00e1nica Wyles Hardy &amp; Co en Hemel Hempstead, cerca de Londres. Becker fue declarado\" \/>\n\t\t<meta name=\"twitter:creator\" content=\"@nbasturias\" \/>\n\t\t<meta name=\"twitter:image\" content=\"https:\/\/candas365.es\/noticias\/wp-content\/uploads\/2019\/06\/subasta.jpg\" \/>\n\t\t<meta name=\"twitter:label1\" content=\"Escrito por\" \/>\n\t\t<meta name=\"twitter:data1\" content=\"Cand\u00e1s 365\" \/>\n\t\t<meta name=\"twitter:label2\" content=\"Tiempo de lectura estimado\" \/>\n\t\t<meta name=\"twitter:data2\" content=\"1 minuto\" \/>\n\t\t<script type=\"application\/ld+json\" class=\"aioseo-schema\">\n\t\t\t{\"@context\":\"https:\\\/\\\/schema.org\",\"@graph\":[{\"@type\":\"BreadcrumbList\",\"@id\":\"https:\\\/\\\/candas365.es\\\/noticias\\\/comienza-la-subasta-judicial-de-las-pertenencias-de-boris-becker\\\/#breadcrumblist\",\"itemListElement\":[{\"@type\":\"ListItem\",\"@id\":\"https:\\\/\\\/candas365.es\\\/noticias#listItem\",\"position\":1,\"name\":\"Home\",\"item\":\"https:\\\/\\\/candas365.es\\\/noticias\",\"nextItem\":{\"@type\":\"ListItem\",\"@id\":\"https:\\\/\\\/candas365.es\\\/noticias\\\/category\\\/actualidad\\\/#listItem\",\"name\":\"Actualidad\"}},{\"@type\":\"ListItem\",\"@id\":\"https:\\\/\\\/candas365.es\\\/noticias\\\/category\\\/actualidad\\\/#listItem\",\"position\":2,\"name\":\"Actualidad\",\"item\":\"https:\\\/\\\/candas365.es\\\/noticias\\\/category\\\/actualidad\\\/\",\"nextItem\":{\"@type\":\"ListItem\",\"@id\":\"https:\\\/\\\/candas365.es\\\/noticias\\\/comienza-la-subasta-judicial-de-las-pertenencias-de-boris-becker\\\/#listItem\",\"name\":\"Comienza la subasta judicial de las pertenencias de Boris Becker\"},\"previousItem\":{\"@type\":\"ListItem\",\"@id\":\"https:\\\/\\\/candas365.es\\\/noticias#listItem\",\"name\":\"Home\"}},{\"@type\":\"ListItem\",\"@id\":\"https:\\\/\\\/candas365.es\\\/noticias\\\/comienza-la-subasta-judicial-de-las-pertenencias-de-boris-becker\\\/#listItem\",\"position\":3,\"name\":\"Comienza la subasta judicial de las pertenencias de Boris Becker\",\"previousItem\":{\"@type\":\"ListItem\",\"@id\":\"https:\\\/\\\/candas365.es\\\/noticias\\\/category\\\/actualidad\\\/#listItem\",\"name\":\"Actualidad\"}}]},{\"@type\":\"NewsArticle\",\"@id\":\"https:\\\/\\\/candas365.es\\\/noticias\\\/comienza-la-subasta-judicial-de-las-pertenencias-de-boris-becker\\\/#newsarticle\",\"name\":\"Comienza la subasta judicial de las pertenencias de Boris Becker | Cand\\u00e1s 365\",\"headline\":\"Comienza la subasta judicial de las pertenencias de Boris Becker\",\"author\":{\"@id\":\"https:\\\/\\\/candas365.es\\\/noticias\\\/author\\\/admin\\\/#author\"},\"publisher\":{\"@id\":\"https:\\\/\\\/candas365.es\\\/noticias\\\/#organization\"},\"image\":{\"@type\":\"ImageObject\",\"url\":\"https:\\\/\\\/candas365.es\\\/noticias\\\/wp-content\\\/uploads\\\/2019\\\/06\\\/subasta.jpg\",\"width\":864,\"height\":644,\"caption\":\"Foto: Wyles Hardy & Co\\\/dpa -\"},\"datePublished\":\"2019-06-24T21:19:12+02:00\",\"dateModified\":\"2019-06-24T21:19:12+02:00\",\"inLanguage\":\"es-ES\",\"mainEntityOfPage\":{\"@id\":\"https:\\\/\\\/candas365.es\\\/noticias\\\/comienza-la-subasta-judicial-de-las-pertenencias-de-boris-becker\\\/#webpage\"},\"isPartOf\":{\"@id\":\"https:\\\/\\\/candas365.es\\\/noticias\\\/comienza-la-subasta-judicial-de-las-pertenencias-de-boris-becker\\\/#webpage\"},\"articleSection\":\"Actualidad\",\"dateline\":\"Publicado el junio 24, 2019.\"},{\"@type\":\"Organization\",\"@id\":\"https:\\\/\\\/candas365.es\\\/noticias\\\/#organization\",\"name\":\"Cand\\u00e1s 365\",\"description\":\"Cand\\u00e1s 365 es un diario digital independiente, fundado en 2012, con base en Asturias. Informamos con rigor sobre actualidad, sociedad, cultura y ocio, con una mirada local y global.\",\"url\":\"https:\\\/\\\/candas365.es\\\/noticias\\\/\",\"email\":\"info@candas365.es\",\"telephone\":\"+34652131393\",\"foundingDate\":\"2012-06-10\",\"logo\":{\"@type\":\"ImageObject\",\"url\":\"https:\\\/\\\/candas365.es\\\/noticias\\\/wp-content\\\/uploads\\\/2024\\\/09\\\/Candas-365-Redes.jpg\",\"@id\":\"https:\\\/\\\/candas365.es\\\/noticias\\\/comienza-la-subasta-judicial-de-las-pertenencias-de-boris-becker\\\/#organizationLogo\",\"width\":1152,\"height\":864,\"caption\":\"Cand\\u00e1s 365 Redes\"},\"image\":{\"@id\":\"https:\\\/\\\/candas365.es\\\/noticias\\\/comienza-la-subasta-judicial-de-las-pertenencias-de-boris-becker\\\/#organizationLogo\"},\"sameAs\":[\"https:\\\/\\\/www.facebook.com\\\/Nachofdezber\",\"https:\\\/\\\/x.com\\\/NabercoDigital\",\"https:\\\/\\\/www.instagram.com\\\/nachofdezber\\\/\",\"https:\\\/\\\/www.youtube.com\\\/channel\\\/UCZP-2wLEB9Rv6erhFmqVnvg\"],\"address\":{\"@id\":\"https:\\\/\\\/candas365.es\\\/noticias\\\/#postaladdress\",\"@type\":\"PostalAddress\",\"streetAddress\":\"san antonio 4, san antonio 4\",\"postalCode\":\"33430\",\"addressLocality\":\"Cand\\u00e1s\",\"addressRegion\":\"Asturias\",\"addressCountry\":\"ES\"}},{\"@type\":\"Person\",\"@id\":\"https:\\\/\\\/candas365.es\\\/noticias\\\/author\\\/admin\\\/#author\",\"url\":\"https:\\\/\\\/candas365.es\\\/noticias\\\/author\\\/admin\\\/\",\"name\":\"Cand\\u00e1s 365\",\"image\":{\"@type\":\"ImageObject\",\"@id\":\"https:\\\/\\\/candas365.es\\\/noticias\\\/comienza-la-subasta-judicial-de-las-pertenencias-de-boris-becker\\\/#authorImage\",\"url\":\"https:\\\/\\\/secure.gravatar.com\\\/avatar\\\/496a8e03d0c493ede1718b7934145dbdf8d89be1036b0eec9544e1094c9de390?s=96&d=mm&r=g\",\"width\":96,\"height\":96,\"caption\":\"Cand\\u00e1s 365\"},\"sameAs\":[\"https:\\\/\\\/www.facebook.com\\\/carrenoactualidad\",\"https:\\\/\\\/twitter.com\\\/nbasturias\",\"https:\\\/\\\/www.instagram.com\\\/nachofdezber\\\/\",\"https:\\\/\\\/www.youtube.com\\\/channel\\\/UCZP-2wLEB9Rv6erhFmqVnvg\"]},{\"@type\":\"WebPage\",\"@id\":\"https:\\\/\\\/candas365.es\\\/noticias\\\/comienza-la-subasta-judicial-de-las-pertenencias-de-boris-becker\\\/#webpage\",\"url\":\"https:\\\/\\\/candas365.es\\\/noticias\\\/comienza-la-subasta-judicial-de-las-pertenencias-de-boris-becker\\\/\",\"name\":\"Comienza la subasta judicial de las pertenencias de Boris Becker | Cand\\u00e1s 365\",\"description\":\"Londres, 24 jun (dpa) - Un total de 82 objetos propiedad del ex tenista alem\\u00e1n Boris Becker ser\\u00e1n subastados por Internet entre este lunes y el 11 de julio a los mejores postores, inform\\u00f3 hoy a dpa la casa de subastas brit\\u00e1nica Wyles Hardy & Co en Hemel Hempstead, cerca de Londres. Becker fue declarado\",\"inLanguage\":\"es-ES\",\"isPartOf\":{\"@id\":\"https:\\\/\\\/candas365.es\\\/noticias\\\/#website\"},\"breadcrumb\":{\"@id\":\"https:\\\/\\\/candas365.es\\\/noticias\\\/comienza-la-subasta-judicial-de-las-pertenencias-de-boris-becker\\\/#breadcrumblist\"},\"author\":{\"@id\":\"https:\\\/\\\/candas365.es\\\/noticias\\\/author\\\/admin\\\/#author\"},\"creator\":{\"@id\":\"https:\\\/\\\/candas365.es\\\/noticias\\\/author\\\/admin\\\/#author\"},\"image\":{\"@type\":\"ImageObject\",\"url\":\"https:\\\/\\\/candas365.es\\\/noticias\\\/wp-content\\\/uploads\\\/2019\\\/06\\\/subasta.jpg\",\"@id\":\"https:\\\/\\\/candas365.es\\\/noticias\\\/comienza-la-subasta-judicial-de-las-pertenencias-de-boris-becker\\\/#mainImage\",\"width\":864,\"height\":644,\"caption\":\"Foto: Wyles Hardy & Co\\\/dpa -\"},\"primaryImageOfPage\":{\"@id\":\"https:\\\/\\\/candas365.es\\\/noticias\\\/comienza-la-subasta-judicial-de-las-pertenencias-de-boris-becker\\\/#mainImage\"},\"datePublished\":\"2019-06-24T21:19:12+02:00\",\"dateModified\":\"2019-06-24T21:19:12+02:00\"},{\"@type\":\"WebSite\",\"@id\":\"https:\\\/\\\/candas365.es\\\/noticias\\\/#website\",\"url\":\"https:\\\/\\\/candas365.es\\\/noticias\\\/\",\"name\":\"Cand\\u00e1s 365\",\"alternateName\":\"Cand\\u00e1s 365 Noticias\",\"description\":\"Actualidad desde Carre\\u00f1o para el mundo\",\"inLanguage\":\"es-ES\",\"publisher\":{\"@id\":\"https:\\\/\\\/candas365.es\\\/noticias\\\/#organization\"}}]}\n\t\t<\/script>\n\t\t<!-- All in One SEO Pro -->\r\n\t\t<title>Comienza la subasta judicial de las pertenencias de Boris Becker | Cand\u00e1s 365<\/title>\n\n","aioseo_head_json":{"title":"Comienza la subasta judicial de las pertenencias de Boris Becker | Cand\u00e1s 365","description":"Londres, 24 jun (dpa) - Un total de 82 objetos propiedad del ex tenista alem\u00e1n Boris Becker ser\u00e1n subastados por Internet entre este lunes y el 11 de julio a los mejores postores, inform\u00f3 hoy a dpa la casa de subastas brit\u00e1nica Wyles Hardy & Co en Hemel Hempstead, cerca de Londres. Becker fue declarado","canonical_url":"https:\/\/candas365.es\/noticias\/comienza-la-subasta-judicial-de-las-pertenencias-de-boris-becker\/","robots":"max-image-preview:large","keywords":"actualidad","webmasterTools":{"google-site-verification":"UA-32230408-1","msvalidate.01":"354F3CDFB2DA171B47FBE9ABF1F88D5","miscellaneous":""},"schema":{"@context":"https:\/\/schema.org","@graph":[{"@type":"BreadcrumbList","@id":"https:\/\/candas365.es\/noticias\/comienza-la-subasta-judicial-de-las-pertenencias-de-boris-becker\/#breadcrumblist","itemListElement":[{"@type":"ListItem","@id":"https:\/\/candas365.es\/noticias#listItem","position":1,"name":"Home","item":"https:\/\/candas365.es\/noticias","nextItem":{"@type":"ListItem","@id":"https:\/\/candas365.es\/noticias\/category\/actualidad\/#listItem","name":"Actualidad"}},{"@type":"ListItem","@id":"https:\/\/candas365.es\/noticias\/category\/actualidad\/#listItem","position":2,"name":"Actualidad","item":"https:\/\/candas365.es\/noticias\/category\/actualidad\/","nextItem":{"@type":"ListItem","@id":"https:\/\/candas365.es\/noticias\/comienza-la-subasta-judicial-de-las-pertenencias-de-boris-becker\/#listItem","name":"Comienza la subasta judicial de las pertenencias de Boris Becker"},"previousItem":{"@type":"ListItem","@id":"https:\/\/candas365.es\/noticias#listItem","name":"Home"}},{"@type":"ListItem","@id":"https:\/\/candas365.es\/noticias\/comienza-la-subasta-judicial-de-las-pertenencias-de-boris-becker\/#listItem","position":3,"name":"Comienza la subasta judicial de las pertenencias de Boris Becker","previousItem":{"@type":"ListItem","@id":"https:\/\/candas365.es\/noticias\/category\/actualidad\/#listItem","name":"Actualidad"}}]},{"@type":"NewsArticle","@id":"https:\/\/candas365.es\/noticias\/comienza-la-subasta-judicial-de-las-pertenencias-de-boris-becker\/#newsarticle","name":"Comienza la subasta judicial de las pertenencias de Boris Becker | Cand\u00e1s 365","headline":"Comienza la subasta judicial de las pertenencias de Boris Becker","author":{"@id":"https:\/\/candas365.es\/noticias\/author\/admin\/#author"},"publisher":{"@id":"https:\/\/candas365.es\/noticias\/#organization"},"image":{"@type":"ImageObject","url":"https:\/\/candas365.es\/noticias\/wp-content\/uploads\/2019\/06\/subasta.jpg","width":864,"height":644,"caption":"Foto: Wyles Hardy & Co\/dpa -"},"datePublished":"2019-06-24T21:19:12+02:00","dateModified":"2019-06-24T21:19:12+02:00","inLanguage":"es-ES","mainEntityOfPage":{"@id":"https:\/\/candas365.es\/noticias\/comienza-la-subasta-judicial-de-las-pertenencias-de-boris-becker\/#webpage"},"isPartOf":{"@id":"https:\/\/candas365.es\/noticias\/comienza-la-subasta-judicial-de-las-pertenencias-de-boris-becker\/#webpage"},"articleSection":"Actualidad","dateline":"Publicado el junio 24, 2019."},{"@type":"Organization","@id":"https:\/\/candas365.es\/noticias\/#organization","name":"Cand\u00e1s 365","description":"Cand\u00e1s 365 es un diario digital independiente, fundado en 2012, con base en Asturias. Informamos con rigor sobre actualidad, sociedad, cultura y ocio, con una mirada local y global.","url":"https:\/\/candas365.es\/noticias\/","email":"info@candas365.es","telephone":"+34652131393","foundingDate":"2012-06-10","logo":{"@type":"ImageObject","url":"https:\/\/candas365.es\/noticias\/wp-content\/uploads\/2024\/09\/Candas-365-Redes.jpg","@id":"https:\/\/candas365.es\/noticias\/comienza-la-subasta-judicial-de-las-pertenencias-de-boris-becker\/#organizationLogo","width":1152,"height":864,"caption":"Cand\u00e1s 365 Redes"},"image":{"@id":"https:\/\/candas365.es\/noticias\/comienza-la-subasta-judicial-de-las-pertenencias-de-boris-becker\/#organizationLogo"},"sameAs":["https:\/\/www.facebook.com\/Nachofdezber","https:\/\/x.com\/NabercoDigital","https:\/\/www.instagram.com\/nachofdezber\/","https:\/\/www.youtube.com\/channel\/UCZP-2wLEB9Rv6erhFmqVnvg"],"address":{"@id":"https:\/\/candas365.es\/noticias\/#postaladdress","@type":"PostalAddress","streetAddress":"san antonio 4, san antonio 4","postalCode":"33430","addressLocality":"Cand\u00e1s","addressRegion":"Asturias","addressCountry":"ES"}},{"@type":"Person","@id":"https:\/\/candas365.es\/noticias\/author\/admin\/#author","url":"https:\/\/candas365.es\/noticias\/author\/admin\/","name":"Cand\u00e1s 365","image":{"@type":"ImageObject","@id":"https:\/\/candas365.es\/noticias\/comienza-la-subasta-judicial-de-las-pertenencias-de-boris-becker\/#authorImage","url":"https:\/\/secure.gravatar.com\/avatar\/496a8e03d0c493ede1718b7934145dbdf8d89be1036b0eec9544e1094c9de390?s=96&d=mm&r=g","width":96,"height":96,"caption":"Cand\u00e1s 365"},"sameAs":["https:\/\/www.facebook.com\/carrenoactualidad","https:\/\/twitter.com\/nbasturias","https:\/\/www.instagram.com\/nachofdezber\/","https:\/\/www.youtube.com\/channel\/UCZP-2wLEB9Rv6erhFmqVnvg"]},{"@type":"WebPage","@id":"https:\/\/candas365.es\/noticias\/comienza-la-subasta-judicial-de-las-pertenencias-de-boris-becker\/#webpage","url":"https:\/\/candas365.es\/noticias\/comienza-la-subasta-judicial-de-las-pertenencias-de-boris-becker\/","name":"Comienza la subasta judicial de las pertenencias de Boris Becker | Cand\u00e1s 365","description":"Londres, 24 jun (dpa) - Un total de 82 objetos propiedad del ex tenista alem\u00e1n Boris Becker ser\u00e1n subastados por Internet entre este lunes y el 11 de julio a los mejores postores, inform\u00f3 hoy a dpa la casa de subastas brit\u00e1nica Wyles Hardy & Co en Hemel Hempstead, cerca de Londres. Becker fue declarado","inLanguage":"es-ES","isPartOf":{"@id":"https:\/\/candas365.es\/noticias\/#website"},"breadcrumb":{"@id":"https:\/\/candas365.es\/noticias\/comienza-la-subasta-judicial-de-las-pertenencias-de-boris-becker\/#breadcrumblist"},"author":{"@id":"https:\/\/candas365.es\/noticias\/author\/admin\/#author"},"creator":{"@id":"https:\/\/candas365.es\/noticias\/author\/admin\/#author"},"image":{"@type":"ImageObject","url":"https:\/\/candas365.es\/noticias\/wp-content\/uploads\/2019\/06\/subasta.jpg","@id":"https:\/\/candas365.es\/noticias\/comienza-la-subasta-judicial-de-las-pertenencias-de-boris-becker\/#mainImage","width":864,"height":644,"caption":"Foto: Wyles Hardy & Co\/dpa -"},"primaryImageOfPage":{"@id":"https:\/\/candas365.es\/noticias\/comienza-la-subasta-judicial-de-las-pertenencias-de-boris-becker\/#mainImage"},"datePublished":"2019-06-24T21:19:12+02:00","dateModified":"2019-06-24T21:19:12+02:00"},{"@type":"WebSite","@id":"https:\/\/candas365.es\/noticias\/#website","url":"https:\/\/candas365.es\/noticias\/","name":"Cand\u00e1s 365","alternateName":"Cand\u00e1s 365 Noticias","description":"Actualidad desde Carre\u00f1o para el mundo","inLanguage":"es-ES","publisher":{"@id":"https:\/\/candas365.es\/noticias\/#organization"}}]},"og:locale":"es_ES","og:site_name":"Cand\u00e1s 365","og:type":"article","og:title":"Comienza la subasta judicial de las pertenencias de Boris Becker | Cand\u00e1s 365","og:description":"Londres, 24 jun (dpa) - Un total de 82 objetos propiedad del ex tenista alem\u00e1n Boris Becker ser\u00e1n subastados por Internet entre este lunes y el 11 de julio a los mejores postores, inform\u00f3 hoy a dpa la casa de subastas brit\u00e1nica Wyles Hardy &amp; Co en Hemel Hempstead, cerca de Londres. Becker fue declarado","og:url":"https:\/\/candas365.es\/noticias\/comienza-la-subasta-judicial-de-las-pertenencias-de-boris-becker\/","og:image":"https:\/\/candas365.es\/noticias\/wp-content\/uploads\/2019\/06\/subasta.jpg","og:image:secure_url":"https:\/\/candas365.es\/noticias\/wp-content\/uploads\/2019\/06\/subasta.jpg","og:image:width":864,"og:image:height":644,"article:published_time":"2019-06-24T21:19:12+00:00","article:modified_time":"2019-06-24T21:19:12+00:00","article:publisher":"https:\/\/www.facebook.com\/Nachofdezber","article:author":"https:\/\/www.facebook.com\/carrenoactualidad","twitter:card":"summary_large_image","twitter:site":"@NabercoDigital","twitter:title":"Comienza la subasta judicial de las pertenencias de Boris Becker | Cand\u00e1s 365","twitter:description":"Londres, 24 jun (dpa) - Un total de 82 objetos propiedad del ex tenista alem\u00e1n Boris Becker ser\u00e1n subastados por Internet entre este lunes y el 11 de julio a los mejores postores, inform\u00f3 hoy a dpa la casa de subastas brit\u00e1nica Wyles Hardy &amp; Co en Hemel Hempstead, cerca de Londres. Becker fue declarado","twitter:creator":"@nbasturias","twitter:image":"https:\/\/candas365.es\/noticias\/wp-content\/uploads\/2019\/06\/subasta.jpg","twitter:label1":"Escrito por","twitter:data1":"Cand\u00e1s 365","twitter:label2":"Tiempo de lectura estimado","twitter:data2":"1 minuto"},"aioseo_meta_data":{"post_id":"125144","title":null,"description":null,"keywords":null,"keyphrases":null,"primary_term":null,"canonical_url":null,"og_title":null,"og_description":null,"og_object_type":"default","og_image_type":"default","og_image_url":null,"og_image_width":null,"og_image_height":null,"og_image_custom_url":null,"og_image_custom_fields":null,"og_video":null,"og_custom_url":null,"og_article_section":null,"og_article_tags":null,"twitter_use_og":false,"twitter_card":"default","twitter_image_type":"default","twitter_image_url":null,"twitter_image_custom_url":null,"twitter_image_custom_fields":null,"twitter_title":null,"twitter_description":null,"schema":{"blockGraphs":[],"customGraphs":[],"default":{"data":{"Article":[],"Course":[],"Dataset":[],"FAQPage":[],"Movie":[],"Person":[],"Product":[],"ProductReview":[],"Car":[],"Recipe":[],"Service":[],"SoftwareApplication":[],"WebPage":[]},"graphName":"","isEnabled":true},"graphs":[]},"schema_type":null,"schema_type_options":null,"pillar_content":false,"robots_default":true,"robots_noindex":false,"robots_noarchive":false,"robots_nosnippet":false,"robots_nofollow":false,"robots_noimageindex":false,"robots_noodp":false,"robots_notranslate":false,"robots_max_snippet":null,"robots_max_videopreview":null,"robots_max_imagepreview":"large","priority":null,"frequency":null,"location":null,"local_seo":null,"seo_analyzer_scan_date":"2025-08-30 05:14:08","breadcrumb_settings":null,"limit_modified_date":false,"reviewed_by":null,"open_ai":null,"ai":null,"created":"2020-12-21 10:55:52","updated":"2025-08-30 05:14:08"},"aioseo_breadcrumb":"<div class=\"aioseo-breadcrumbs\"><span class=\"aioseo-breadcrumb\">\n\t<a href=\"https:\/\/candas365.es\/noticias\" title=\"Home\">Home<\/a>\n<\/span><span class=\"aioseo-breadcrumb-separator\">&ndash;<\/span><span class=\"aioseo-breadcrumb\">\n\t<a href=\"https:\/\/candas365.es\/noticias\/category\/actualidad\/\" title=\"Actualidad\">Actualidad<\/a>\n<\/span><span class=\"aioseo-breadcrumb-separator\">&ndash;<\/span><span class=\"aioseo-breadcrumb\">\n\tComienza la subasta judicial de las pertenencias de Boris Becker\n<\/span><\/div>","aioseo_breadcrumb_json":[{"label":"Home","link":"https:\/\/candas365.es\/noticias"},{"label":"Actualidad","link":"https:\/\/candas365.es\/noticias\/category\/actualidad\/"},{"label":"Comienza la subasta judicial de las pertenencias de Boris Becker","link":"https:\/\/candas365.es\/noticias\/comienza-la-subasta-judicial-de-las-pertenencias-de-boris-becker\/"}],"_links":{"self":[{"href":"https:\/\/candas365.es\/noticias\/wp-json\/wp\/v2\/posts\/125144","targetHints":{"allow":["GET"]}}],"collection":[{"href":"https:\/\/candas365.es\/noticias\/wp-json\/wp\/v2\/posts"}],"about":[{"href":"https:\/\/candas365.es\/noticias\/wp-json\/wp\/v2\/types\/post"}],"author":[{"embeddable":true,"href":"https:\/\/candas365.es\/noticias\/wp-json\/wp\/v2\/users\/1"}],"replies":[{"embeddable":true,"href":"https:\/\/candas365.es\/noticias\/wp-json\/wp\/v2\/comments?post=125144"}],"version-history":[{"count":0,"href":"https:\/\/candas365.es\/noticias\/wp-json\/wp\/v2\/posts\/125144\/revisions"}],"wp:featuredmedia":[{"embeddable":true,"href":"https:\/\/candas365.es\/noticias\/wp-json\/wp\/v2\/media\/125145"}],"wp:attachment":[{"href":"https:\/\/candas365.es\/noticias\/wp-json\/wp\/v2\/media?parent=125144"}],"wp:term":[{"taxonomy":"category","embeddable":true,"href":"https:\/\/candas365.es\/noticias\/wp-json\/wp\/v2\/categories?post=125144"},{"taxonomy":"post_tag","embeddable":true,"href":"https:\/\/candas365.es\/noticias\/wp-json\/wp\/v2\/tags?post=125144"}],"curies":[{"name":"wp","href":"https:\/\/api.w.org\/{rel}","templated":true}]}}