{"id":125064,"date":"2019-06-23T13:57:16","date_gmt":"2019-06-23T13:57:16","guid":{"rendered":"http:\/\/candas365.es\/noticias\/?p=125064"},"modified":"2019-06-23T13:57:16","modified_gmt":"2019-06-23T13:57:16","slug":"mick-schumacher-abandona-en-la-segunda-carrera-de-formula-2-en-francia","status":"publish","type":"post","link":"https:\/\/candas365.es\/noticias\/mick-schumacher-abandona-en-la-segunda-carrera-de-formula-2-en-francia\/","title":{"rendered":"Mick Schumacher abandona en la segunda carrera de F\u00f3rmula 2 en Francia"},"content":{"rendered":"<figure id=\"attachment_125065\" aria-describedby=\"caption-attachment-125065\" style=\"width: 360px\" class=\"wp-caption alignleft\"><img fetchpriority=\"high\" decoding=\"async\" class=\"wp-image-125065 size-medium\" src=\"https:\/\/candas365.es\/noticias\/wp-content\/uploads\/2019\/06\/Mick-Schumacher-360x244.jpg\" alt=\"\" width=\"360\" height=\"244\" srcset=\"https:\/\/candas365.es\/noticias\/wp-content\/uploads\/2019\/06\/Mick-Schumacher-360x244.jpg 360w, https:\/\/candas365.es\/noticias\/wp-content\/uploads\/2019\/06\/Mick-Schumacher-768x520.jpg 768w, https:\/\/candas365.es\/noticias\/wp-content\/uploads\/2019\/06\/Mick-Schumacher-655x443.jpg 655w, https:\/\/candas365.es\/noticias\/wp-content\/uploads\/2019\/06\/Mick-Schumacher-696x471.jpg 696w, https:\/\/candas365.es\/noticias\/wp-content\/uploads\/2019\/06\/Mick-Schumacher-621x420.jpg 621w, https:\/\/candas365.es\/noticias\/wp-content\/uploads\/2019\/06\/Mick-Schumacher.jpg 999w\" sizes=\"(max-width: 360px) 100vw, 360px\" \/><figcaption id=\"caption-attachment-125065\" class=\"wp-caption-text\">Mick Schumacher Foto: Uwe Anspach\/dpa<\/figcaption><\/figure>\n<p>Le Castellet (Francia), 23 jun (dpa)- El piloto alem\u00e1n Mick Schumacher tampoco logr\u00f3 llegar a la meta en la segunda carrera del fin de semana de F\u00f3rmula 2 en Francia debido a un defecto en su veh\u00edculo.<\/p>\n<p>Un d\u00eda despu\u00e9s del accidente con su compa\u00f1ero de equipo en Prema, Sean Gelael, el hijo del heptacampe\u00f3n alem\u00e1n de F\u00f3rmula 1 Michael Schumacher tuvo que abandonar hoy en la quinceava vuelta, por lo que el joven piloto germano sigui\u00f3 sin sumar puntos cuando se cumpli\u00f3 la sexta fecha del campeonato de F\u00f3rmula 2.<\/p>\n<p>Antes de quedar fuera, Schumacher hab\u00eda logrado avanzar desde el puesto 17 de la parrilla de salida hasta quedar decimotercero, pero un problema en un neum\u00e1tico lo oblig\u00f3 a hacer una parada en boxes. Poco despu\u00e9s, el piloto de 20 a\u00f1os se detuvo al borde del circuito.<\/p>\n<p>El franc\u00e9s Anthoine Hubert lleg\u00f3 primero a la meta en el circuito de Le Castellet.<\/p>\n<p>Tras un buen comienzo de la temporada, el piloto alem\u00e1n cosech\u00f3 en Francia el tercer fin de semana sin puntos en serie.<\/p>\n<p>Mick Schumacher gan\u00f3 el campeonato europeo de F\u00f3rmula 3 en la temporada pasada y logr\u00f3 ascender a la categor\u00eda m\u00e1s alta.<\/p>\n<p>&nbsp;<\/p>\n","protected":false},"excerpt":{"rendered":"<p>Le Castellet (Francia), 23 jun (dpa)- El piloto alem\u00e1n Mick Schumacher tampoco logr\u00f3 llegar a la meta en la segunda carrera del fin de semana de F\u00f3rmula 2 en Francia debido a un defecto en su veh\u00edculo. Un d\u00eda despu\u00e9s del accidente con su compa\u00f1ero de equipo en Prema, Sean Gelael, el hijo del heptacampe\u00f3n<\/p>\n","protected":false},"author":1,"featured_media":125065,"comment_status":"closed","ping_status":"closed","sticky":false,"template":"","format":"standard","meta":{"footnotes":""},"categories":[319],"tags":[],"class_list":{"0":"post-125064","1":"post","2":"type-post","3":"status-publish","4":"format-standard","5":"has-post-thumbnail","7":"category-deporte"},"aioseo_notices":[],"aioseo_head":"\n\t\t<!-- All in One SEO Pro 4.9.6.2 - aioseo.com -->\n\t<meta name=\"description\" content=\"Le Castellet (Francia), 23 jun (dpa)- El piloto alem\u00e1n Mick Schumacher tampoco logr\u00f3 llegar a la meta en la segunda carrera del fin de semana de F\u00f3rmula 2 en Francia debido a un defecto en su veh\u00edculo. Un d\u00eda despu\u00e9s del accidente con su compa\u00f1ero de equipo en Prema, Sean Gelael, el hijo del heptacampe\u00f3n\" \/>\n\t<meta name=\"robots\" content=\"max-image-preview:large\" \/>\n\t<meta name=\"author\" content=\"Cand\u00e1s 365\"\/>\n\t<meta name=\"google-site-verification\" content=\"UA-32230408-1\" \/>\n\t<meta name=\"msvalidate.01\" content=\"354F3CDFB2DA171B47FBE9ABF1F88D5\" \/>\n\t<meta name=\"keywords\" content=\"deporte\" \/>\n\t<link rel=\"canonical\" href=\"https:\/\/candas365.es\/noticias\/mick-schumacher-abandona-en-la-segunda-carrera-de-formula-2-en-francia\/\" \/>\n\t<meta name=\"generator\" content=\"All in One SEO Pro (AIOSEO) 4.9.6.2\" \/>\n\t\t<meta property=\"og:locale\" content=\"es_ES\" \/>\n\t\t<meta property=\"og:site_name\" content=\"Cand\u00e1s 365\" \/>\n\t\t<meta property=\"og:type\" content=\"article\" \/>\n\t\t<meta property=\"og:title\" content=\"Mick Schumacher abandona en la segunda carrera de F\u00f3rmula 2 en Francia | Cand\u00e1s 365\" \/>\n\t\t<meta property=\"og:description\" content=\"Le Castellet (Francia), 23 jun (dpa)- El piloto alem\u00e1n Mick Schumacher tampoco logr\u00f3 llegar a la meta en la segunda carrera del fin de semana de F\u00f3rmula 2 en Francia debido a un defecto en su veh\u00edculo. Un d\u00eda despu\u00e9s del accidente con su compa\u00f1ero de equipo en Prema, Sean Gelael, el hijo del heptacampe\u00f3n\" \/>\n\t\t<meta property=\"og:url\" content=\"https:\/\/candas365.es\/noticias\/mick-schumacher-abandona-en-la-segunda-carrera-de-formula-2-en-francia\/\" \/>\n\t\t<meta property=\"og:image\" content=\"https:\/\/candas365.es\/noticias\/wp-content\/uploads\/2019\/06\/Mick-Schumacher.jpg\" \/>\n\t\t<meta property=\"og:image:secure_url\" content=\"https:\/\/candas365.es\/noticias\/wp-content\/uploads\/2019\/06\/Mick-Schumacher.jpg\" \/>\n\t\t<meta property=\"og:image:width\" content=\"999\" \/>\n\t\t<meta property=\"og:image:height\" content=\"676\" \/>\n\t\t<meta property=\"article:published_time\" content=\"2019-06-23T13:57:16+00:00\" \/>\n\t\t<meta property=\"article:modified_time\" content=\"2019-06-23T13:57:16+00:00\" \/>\n\t\t<meta property=\"article:publisher\" content=\"https:\/\/www.facebook.com\/Nachofdezber\" \/>\n\t\t<meta property=\"article:author\" content=\"https:\/\/www.facebook.com\/carrenoactualidad\" \/>\n\t\t<meta name=\"twitter:card\" content=\"summary_large_image\" \/>\n\t\t<meta name=\"twitter:site\" content=\"@NabercoDigital\" \/>\n\t\t<meta name=\"twitter:title\" content=\"Mick Schumacher abandona en la segunda carrera de F\u00f3rmula 2 en Francia | Cand\u00e1s 365\" \/>\n\t\t<meta name=\"twitter:description\" content=\"Le Castellet (Francia), 23 jun (dpa)- El piloto alem\u00e1n Mick Schumacher tampoco logr\u00f3 llegar a la meta en la segunda carrera del fin de semana de F\u00f3rmula 2 en Francia debido a un defecto en su veh\u00edculo. Un d\u00eda despu\u00e9s del accidente con su compa\u00f1ero de equipo en Prema, Sean Gelael, el hijo del heptacampe\u00f3n\" \/>\n\t\t<meta name=\"twitter:creator\" content=\"@nbasturias\" \/>\n\t\t<meta name=\"twitter:image\" content=\"https:\/\/candas365.es\/noticias\/wp-content\/uploads\/2019\/06\/Mick-Schumacher.jpg\" \/>\n\t\t<meta name=\"twitter:label1\" content=\"Escrito por\" \/>\n\t\t<meta name=\"twitter:data1\" content=\"Cand\u00e1s 365\" \/>\n\t\t<meta name=\"twitter:label2\" content=\"Tiempo de lectura estimado\" \/>\n\t\t<meta name=\"twitter:data2\" content=\"1 minuto\" \/>\n\t\t<script type=\"application\/ld+json\" class=\"aioseo-schema\">\n\t\t\t{\"@context\":\"https:\\\/\\\/schema.org\",\"@graph\":[{\"@type\":\"BreadcrumbList\",\"@id\":\"https:\\\/\\\/candas365.es\\\/noticias\\\/mick-schumacher-abandona-en-la-segunda-carrera-de-formula-2-en-francia\\\/#breadcrumblist\",\"itemListElement\":[{\"@type\":\"ListItem\",\"@id\":\"https:\\\/\\\/candas365.es\\\/noticias#listItem\",\"position\":1,\"name\":\"Home\",\"item\":\"https:\\\/\\\/candas365.es\\\/noticias\",\"nextItem\":{\"@type\":\"ListItem\",\"@id\":\"https:\\\/\\\/candas365.es\\\/noticias\\\/category\\\/deporte\\\/#listItem\",\"name\":\"Deporte\"}},{\"@type\":\"ListItem\",\"@id\":\"https:\\\/\\\/candas365.es\\\/noticias\\\/category\\\/deporte\\\/#listItem\",\"position\":2,\"name\":\"Deporte\",\"item\":\"https:\\\/\\\/candas365.es\\\/noticias\\\/category\\\/deporte\\\/\",\"nextItem\":{\"@type\":\"ListItem\",\"@id\":\"https:\\\/\\\/candas365.es\\\/noticias\\\/mick-schumacher-abandona-en-la-segunda-carrera-de-formula-2-en-francia\\\/#listItem\",\"name\":\"Mick Schumacher abandona en la segunda carrera de F\\u00f3rmula 2 en Francia\"},\"previousItem\":{\"@type\":\"ListItem\",\"@id\":\"https:\\\/\\\/candas365.es\\\/noticias#listItem\",\"name\":\"Home\"}},{\"@type\":\"ListItem\",\"@id\":\"https:\\\/\\\/candas365.es\\\/noticias\\\/mick-schumacher-abandona-en-la-segunda-carrera-de-formula-2-en-francia\\\/#listItem\",\"position\":3,\"name\":\"Mick Schumacher abandona en la segunda carrera de F\\u00f3rmula 2 en Francia\",\"previousItem\":{\"@type\":\"ListItem\",\"@id\":\"https:\\\/\\\/candas365.es\\\/noticias\\\/category\\\/deporte\\\/#listItem\",\"name\":\"Deporte\"}}]},{\"@type\":\"NewsArticle\",\"@id\":\"https:\\\/\\\/candas365.es\\\/noticias\\\/mick-schumacher-abandona-en-la-segunda-carrera-de-formula-2-en-francia\\\/#newsarticle\",\"name\":\"Mick Schumacher abandona en la segunda carrera de F\\u00f3rmula 2 en Francia | Cand\\u00e1s 365\",\"headline\":\"Mick Schumacher abandona en la segunda carrera de F\\u00f3rmula 2 en Francia\",\"author\":{\"@id\":\"https:\\\/\\\/candas365.es\\\/noticias\\\/author\\\/admin\\\/#author\"},\"publisher\":{\"@id\":\"https:\\\/\\\/candas365.es\\\/noticias\\\/#organization\"},\"image\":{\"@type\":\"ImageObject\",\"url\":\"https:\\\/\\\/candas365.es\\\/noticias\\\/wp-content\\\/uploads\\\/2019\\\/06\\\/Mick-Schumacher.jpg\",\"width\":999,\"height\":676},\"datePublished\":\"2019-06-23T13:57:16+02:00\",\"dateModified\":\"2019-06-23T13:57:16+02:00\",\"inLanguage\":\"es-ES\",\"mainEntityOfPage\":{\"@id\":\"https:\\\/\\\/candas365.es\\\/noticias\\\/mick-schumacher-abandona-en-la-segunda-carrera-de-formula-2-en-francia\\\/#webpage\"},\"isPartOf\":{\"@id\":\"https:\\\/\\\/candas365.es\\\/noticias\\\/mick-schumacher-abandona-en-la-segunda-carrera-de-formula-2-en-francia\\\/#webpage\"},\"articleSection\":\"Deporte\",\"dateline\":\"Publicado el junio 23, 2019.\"},{\"@type\":\"Organization\",\"@id\":\"https:\\\/\\\/candas365.es\\\/noticias\\\/#organization\",\"name\":\"Cand\\u00e1s 365\",\"description\":\"Cand\\u00e1s 365 es un diario digital independiente, fundado en 2012, con base en Asturias. Informamos con rigor sobre actualidad, sociedad, cultura y ocio, con una mirada local y global.\",\"url\":\"https:\\\/\\\/candas365.es\\\/noticias\\\/\",\"email\":\"info@candas365.es\",\"telephone\":\"+34652131393\",\"foundingDate\":\"2012-06-10\",\"logo\":{\"@type\":\"ImageObject\",\"url\":\"https:\\\/\\\/candas365.es\\\/noticias\\\/wp-content\\\/uploads\\\/2024\\\/09\\\/Candas-365-Redes.jpg\",\"@id\":\"https:\\\/\\\/candas365.es\\\/noticias\\\/mick-schumacher-abandona-en-la-segunda-carrera-de-formula-2-en-francia\\\/#organizationLogo\",\"width\":1152,\"height\":864,\"caption\":\"Cand\\u00e1s 365 Redes\"},\"image\":{\"@id\":\"https:\\\/\\\/candas365.es\\\/noticias\\\/mick-schumacher-abandona-en-la-segunda-carrera-de-formula-2-en-francia\\\/#organizationLogo\"},\"sameAs\":[\"https:\\\/\\\/www.facebook.com\\\/Nachofdezber\",\"https:\\\/\\\/x.com\\\/NabercoDigital\",\"https:\\\/\\\/www.instagram.com\\\/nachofdezber\\\/\",\"https:\\\/\\\/www.youtube.com\\\/channel\\\/UCZP-2wLEB9Rv6erhFmqVnvg\"],\"address\":{\"@id\":\"https:\\\/\\\/candas365.es\\\/noticias\\\/#postaladdress\",\"@type\":\"PostalAddress\",\"streetAddress\":\"san antonio 4, san antonio 4\",\"postalCode\":\"33430\",\"addressLocality\":\"Cand\\u00e1s\",\"addressRegion\":\"Asturias\",\"addressCountry\":\"ES\"}},{\"@type\":\"Person\",\"@id\":\"https:\\\/\\\/candas365.es\\\/noticias\\\/author\\\/admin\\\/#author\",\"url\":\"https:\\\/\\\/candas365.es\\\/noticias\\\/author\\\/admin\\\/\",\"name\":\"Cand\\u00e1s 365\",\"image\":{\"@type\":\"ImageObject\",\"@id\":\"https:\\\/\\\/candas365.es\\\/noticias\\\/mick-schumacher-abandona-en-la-segunda-carrera-de-formula-2-en-francia\\\/#authorImage\",\"url\":\"https:\\\/\\\/secure.gravatar.com\\\/avatar\\\/496a8e03d0c493ede1718b7934145dbdf8d89be1036b0eec9544e1094c9de390?s=96&d=mm&r=g\",\"width\":96,\"height\":96,\"caption\":\"Cand\\u00e1s 365\"},\"sameAs\":[\"https:\\\/\\\/www.facebook.com\\\/carrenoactualidad\",\"https:\\\/\\\/twitter.com\\\/nbasturias\",\"https:\\\/\\\/www.instagram.com\\\/nachofdezber\\\/\",\"https:\\\/\\\/www.youtube.com\\\/channel\\\/UCZP-2wLEB9Rv6erhFmqVnvg\"]},{\"@type\":\"WebPage\",\"@id\":\"https:\\\/\\\/candas365.es\\\/noticias\\\/mick-schumacher-abandona-en-la-segunda-carrera-de-formula-2-en-francia\\\/#webpage\",\"url\":\"https:\\\/\\\/candas365.es\\\/noticias\\\/mick-schumacher-abandona-en-la-segunda-carrera-de-formula-2-en-francia\\\/\",\"name\":\"Mick Schumacher abandona en la segunda carrera de F\\u00f3rmula 2 en Francia | Cand\\u00e1s 365\",\"description\":\"Le Castellet (Francia), 23 jun (dpa)- El piloto alem\\u00e1n Mick Schumacher tampoco logr\\u00f3 llegar a la meta en la segunda carrera del fin de semana de F\\u00f3rmula 2 en Francia debido a un defecto en su veh\\u00edculo. Un d\\u00eda despu\\u00e9s del accidente con su compa\\u00f1ero de equipo en Prema, Sean Gelael, el hijo del heptacampe\\u00f3n\",\"inLanguage\":\"es-ES\",\"isPartOf\":{\"@id\":\"https:\\\/\\\/candas365.es\\\/noticias\\\/#website\"},\"breadcrumb\":{\"@id\":\"https:\\\/\\\/candas365.es\\\/noticias\\\/mick-schumacher-abandona-en-la-segunda-carrera-de-formula-2-en-francia\\\/#breadcrumblist\"},\"author\":{\"@id\":\"https:\\\/\\\/candas365.es\\\/noticias\\\/author\\\/admin\\\/#author\"},\"creator\":{\"@id\":\"https:\\\/\\\/candas365.es\\\/noticias\\\/author\\\/admin\\\/#author\"},\"image\":{\"@type\":\"ImageObject\",\"url\":\"https:\\\/\\\/candas365.es\\\/noticias\\\/wp-content\\\/uploads\\\/2019\\\/06\\\/Mick-Schumacher.jpg\",\"@id\":\"https:\\\/\\\/candas365.es\\\/noticias\\\/mick-schumacher-abandona-en-la-segunda-carrera-de-formula-2-en-francia\\\/#mainImage\",\"width\":999,\"height\":676},\"primaryImageOfPage\":{\"@id\":\"https:\\\/\\\/candas365.es\\\/noticias\\\/mick-schumacher-abandona-en-la-segunda-carrera-de-formula-2-en-francia\\\/#mainImage\"},\"datePublished\":\"2019-06-23T13:57:16+02:00\",\"dateModified\":\"2019-06-23T13:57:16+02:00\"},{\"@type\":\"WebSite\",\"@id\":\"https:\\\/\\\/candas365.es\\\/noticias\\\/#website\",\"url\":\"https:\\\/\\\/candas365.es\\\/noticias\\\/\",\"name\":\"Cand\\u00e1s 365\",\"alternateName\":\"Cand\\u00e1s 365 Noticias\",\"description\":\"Actualidad desde Carre\\u00f1o para el mundo\",\"inLanguage\":\"es-ES\",\"publisher\":{\"@id\":\"https:\\\/\\\/candas365.es\\\/noticias\\\/#organization\"}}]}\n\t\t<\/script>\n\t\t<!-- All in One SEO Pro -->\r\n\t\t<title>Mick Schumacher abandona en la segunda carrera de F\u00f3rmula 2 en Francia | Cand\u00e1s 365<\/title>\n\n","aioseo_head_json":{"title":"Mick Schumacher abandona en la segunda carrera de F\u00f3rmula 2 en Francia | Cand\u00e1s 365","description":"Le Castellet (Francia), 23 jun (dpa)- El piloto alem\u00e1n Mick Schumacher tampoco logr\u00f3 llegar a la meta en la segunda carrera del fin de semana de F\u00f3rmula 2 en Francia debido a un defecto en su veh\u00edculo. Un d\u00eda despu\u00e9s del accidente con su compa\u00f1ero de equipo en Prema, Sean Gelael, el hijo del heptacampe\u00f3n","canonical_url":"https:\/\/candas365.es\/noticias\/mick-schumacher-abandona-en-la-segunda-carrera-de-formula-2-en-francia\/","robots":"max-image-preview:large","keywords":"deporte","webmasterTools":{"google-site-verification":"UA-32230408-1","msvalidate.01":"354F3CDFB2DA171B47FBE9ABF1F88D5","miscellaneous":""},"schema":{"@context":"https:\/\/schema.org","@graph":[{"@type":"BreadcrumbList","@id":"https:\/\/candas365.es\/noticias\/mick-schumacher-abandona-en-la-segunda-carrera-de-formula-2-en-francia\/#breadcrumblist","itemListElement":[{"@type":"ListItem","@id":"https:\/\/candas365.es\/noticias#listItem","position":1,"name":"Home","item":"https:\/\/candas365.es\/noticias","nextItem":{"@type":"ListItem","@id":"https:\/\/candas365.es\/noticias\/category\/deporte\/#listItem","name":"Deporte"}},{"@type":"ListItem","@id":"https:\/\/candas365.es\/noticias\/category\/deporte\/#listItem","position":2,"name":"Deporte","item":"https:\/\/candas365.es\/noticias\/category\/deporte\/","nextItem":{"@type":"ListItem","@id":"https:\/\/candas365.es\/noticias\/mick-schumacher-abandona-en-la-segunda-carrera-de-formula-2-en-francia\/#listItem","name":"Mick Schumacher abandona en la segunda carrera de F\u00f3rmula 2 en Francia"},"previousItem":{"@type":"ListItem","@id":"https:\/\/candas365.es\/noticias#listItem","name":"Home"}},{"@type":"ListItem","@id":"https:\/\/candas365.es\/noticias\/mick-schumacher-abandona-en-la-segunda-carrera-de-formula-2-en-francia\/#listItem","position":3,"name":"Mick Schumacher abandona en la segunda carrera de F\u00f3rmula 2 en Francia","previousItem":{"@type":"ListItem","@id":"https:\/\/candas365.es\/noticias\/category\/deporte\/#listItem","name":"Deporte"}}]},{"@type":"NewsArticle","@id":"https:\/\/candas365.es\/noticias\/mick-schumacher-abandona-en-la-segunda-carrera-de-formula-2-en-francia\/#newsarticle","name":"Mick Schumacher abandona en la segunda carrera de F\u00f3rmula 2 en Francia | Cand\u00e1s 365","headline":"Mick Schumacher abandona en la segunda carrera de F\u00f3rmula 2 en Francia","author":{"@id":"https:\/\/candas365.es\/noticias\/author\/admin\/#author"},"publisher":{"@id":"https:\/\/candas365.es\/noticias\/#organization"},"image":{"@type":"ImageObject","url":"https:\/\/candas365.es\/noticias\/wp-content\/uploads\/2019\/06\/Mick-Schumacher.jpg","width":999,"height":676},"datePublished":"2019-06-23T13:57:16+02:00","dateModified":"2019-06-23T13:57:16+02:00","inLanguage":"es-ES","mainEntityOfPage":{"@id":"https:\/\/candas365.es\/noticias\/mick-schumacher-abandona-en-la-segunda-carrera-de-formula-2-en-francia\/#webpage"},"isPartOf":{"@id":"https:\/\/candas365.es\/noticias\/mick-schumacher-abandona-en-la-segunda-carrera-de-formula-2-en-francia\/#webpage"},"articleSection":"Deporte","dateline":"Publicado el junio 23, 2019."},{"@type":"Organization","@id":"https:\/\/candas365.es\/noticias\/#organization","name":"Cand\u00e1s 365","description":"Cand\u00e1s 365 es un diario digital independiente, fundado en 2012, con base en Asturias. Informamos con rigor sobre actualidad, sociedad, cultura y ocio, con una mirada local y global.","url":"https:\/\/candas365.es\/noticias\/","email":"info@candas365.es","telephone":"+34652131393","foundingDate":"2012-06-10","logo":{"@type":"ImageObject","url":"https:\/\/candas365.es\/noticias\/wp-content\/uploads\/2024\/09\/Candas-365-Redes.jpg","@id":"https:\/\/candas365.es\/noticias\/mick-schumacher-abandona-en-la-segunda-carrera-de-formula-2-en-francia\/#organizationLogo","width":1152,"height":864,"caption":"Cand\u00e1s 365 Redes"},"image":{"@id":"https:\/\/candas365.es\/noticias\/mick-schumacher-abandona-en-la-segunda-carrera-de-formula-2-en-francia\/#organizationLogo"},"sameAs":["https:\/\/www.facebook.com\/Nachofdezber","https:\/\/x.com\/NabercoDigital","https:\/\/www.instagram.com\/nachofdezber\/","https:\/\/www.youtube.com\/channel\/UCZP-2wLEB9Rv6erhFmqVnvg"],"address":{"@id":"https:\/\/candas365.es\/noticias\/#postaladdress","@type":"PostalAddress","streetAddress":"san antonio 4, san antonio 4","postalCode":"33430","addressLocality":"Cand\u00e1s","addressRegion":"Asturias","addressCountry":"ES"}},{"@type":"Person","@id":"https:\/\/candas365.es\/noticias\/author\/admin\/#author","url":"https:\/\/candas365.es\/noticias\/author\/admin\/","name":"Cand\u00e1s 365","image":{"@type":"ImageObject","@id":"https:\/\/candas365.es\/noticias\/mick-schumacher-abandona-en-la-segunda-carrera-de-formula-2-en-francia\/#authorImage","url":"https:\/\/secure.gravatar.com\/avatar\/496a8e03d0c493ede1718b7934145dbdf8d89be1036b0eec9544e1094c9de390?s=96&d=mm&r=g","width":96,"height":96,"caption":"Cand\u00e1s 365"},"sameAs":["https:\/\/www.facebook.com\/carrenoactualidad","https:\/\/twitter.com\/nbasturias","https:\/\/www.instagram.com\/nachofdezber\/","https:\/\/www.youtube.com\/channel\/UCZP-2wLEB9Rv6erhFmqVnvg"]},{"@type":"WebPage","@id":"https:\/\/candas365.es\/noticias\/mick-schumacher-abandona-en-la-segunda-carrera-de-formula-2-en-francia\/#webpage","url":"https:\/\/candas365.es\/noticias\/mick-schumacher-abandona-en-la-segunda-carrera-de-formula-2-en-francia\/","name":"Mick Schumacher abandona en la segunda carrera de F\u00f3rmula 2 en Francia | Cand\u00e1s 365","description":"Le Castellet (Francia), 23 jun (dpa)- El piloto alem\u00e1n Mick Schumacher tampoco logr\u00f3 llegar a la meta en la segunda carrera del fin de semana de F\u00f3rmula 2 en Francia debido a un defecto en su veh\u00edculo. Un d\u00eda despu\u00e9s del accidente con su compa\u00f1ero de equipo en Prema, Sean Gelael, el hijo del heptacampe\u00f3n","inLanguage":"es-ES","isPartOf":{"@id":"https:\/\/candas365.es\/noticias\/#website"},"breadcrumb":{"@id":"https:\/\/candas365.es\/noticias\/mick-schumacher-abandona-en-la-segunda-carrera-de-formula-2-en-francia\/#breadcrumblist"},"author":{"@id":"https:\/\/candas365.es\/noticias\/author\/admin\/#author"},"creator":{"@id":"https:\/\/candas365.es\/noticias\/author\/admin\/#author"},"image":{"@type":"ImageObject","url":"https:\/\/candas365.es\/noticias\/wp-content\/uploads\/2019\/06\/Mick-Schumacher.jpg","@id":"https:\/\/candas365.es\/noticias\/mick-schumacher-abandona-en-la-segunda-carrera-de-formula-2-en-francia\/#mainImage","width":999,"height":676},"primaryImageOfPage":{"@id":"https:\/\/candas365.es\/noticias\/mick-schumacher-abandona-en-la-segunda-carrera-de-formula-2-en-francia\/#mainImage"},"datePublished":"2019-06-23T13:57:16+02:00","dateModified":"2019-06-23T13:57:16+02:00"},{"@type":"WebSite","@id":"https:\/\/candas365.es\/noticias\/#website","url":"https:\/\/candas365.es\/noticias\/","name":"Cand\u00e1s 365","alternateName":"Cand\u00e1s 365 Noticias","description":"Actualidad desde Carre\u00f1o para el mundo","inLanguage":"es-ES","publisher":{"@id":"https:\/\/candas365.es\/noticias\/#organization"}}]},"og:locale":"es_ES","og:site_name":"Cand\u00e1s 365","og:type":"article","og:title":"Mick Schumacher abandona en la segunda carrera de F\u00f3rmula 2 en Francia | Cand\u00e1s 365","og:description":"Le Castellet (Francia), 23 jun (dpa)- El piloto alem\u00e1n Mick Schumacher tampoco logr\u00f3 llegar a la meta en la segunda carrera del fin de semana de F\u00f3rmula 2 en Francia debido a un defecto en su veh\u00edculo. Un d\u00eda despu\u00e9s del accidente con su compa\u00f1ero de equipo en Prema, Sean Gelael, el hijo del heptacampe\u00f3n","og:url":"https:\/\/candas365.es\/noticias\/mick-schumacher-abandona-en-la-segunda-carrera-de-formula-2-en-francia\/","og:image":"https:\/\/candas365.es\/noticias\/wp-content\/uploads\/2019\/06\/Mick-Schumacher.jpg","og:image:secure_url":"https:\/\/candas365.es\/noticias\/wp-content\/uploads\/2019\/06\/Mick-Schumacher.jpg","og:image:width":999,"og:image:height":676,"article:published_time":"2019-06-23T13:57:16+00:00","article:modified_time":"2019-06-23T13:57:16+00:00","article:publisher":"https:\/\/www.facebook.com\/Nachofdezber","article:author":"https:\/\/www.facebook.com\/carrenoactualidad","twitter:card":"summary_large_image","twitter:site":"@NabercoDigital","twitter:title":"Mick Schumacher abandona en la segunda carrera de F\u00f3rmula 2 en Francia | Cand\u00e1s 365","twitter:description":"Le Castellet (Francia), 23 jun (dpa)- El piloto alem\u00e1n Mick Schumacher tampoco logr\u00f3 llegar a la meta en la segunda carrera del fin de semana de F\u00f3rmula 2 en Francia debido a un defecto en su veh\u00edculo. Un d\u00eda despu\u00e9s del accidente con su compa\u00f1ero de equipo en Prema, Sean Gelael, el hijo del heptacampe\u00f3n","twitter:creator":"@nbasturias","twitter:image":"https:\/\/candas365.es\/noticias\/wp-content\/uploads\/2019\/06\/Mick-Schumacher.jpg","twitter:label1":"Escrito por","twitter:data1":"Cand\u00e1s 365","twitter:label2":"Tiempo de lectura estimado","twitter:data2":"1 minuto"},"aioseo_meta_data":{"post_id":"125064","title":null,"description":null,"keywords":null,"keyphrases":null,"primary_term":null,"canonical_url":null,"og_title":null,"og_description":null,"og_object_type":"default","og_image_type":"default","og_image_url":null,"og_image_width":null,"og_image_height":null,"og_image_custom_url":null,"og_image_custom_fields":null,"og_video":null,"og_custom_url":null,"og_article_section":null,"og_article_tags":null,"twitter_use_og":false,"twitter_card":"default","twitter_image_type":"default","twitter_image_url":null,"twitter_image_custom_url":null,"twitter_image_custom_fields":null,"twitter_title":null,"twitter_description":null,"schema":{"blockGraphs":[],"customGraphs":[],"default":{"data":{"Article":[],"Course":[],"Dataset":[],"FAQPage":[],"Movie":[],"Person":[],"Product":[],"ProductReview":[],"Car":[],"Recipe":[],"Service":[],"SoftwareApplication":[],"WebPage":[]},"graphName":"","isEnabled":true},"graphs":[]},"schema_type":null,"schema_type_options":null,"pillar_content":false,"robots_default":true,"robots_noindex":false,"robots_noarchive":false,"robots_nosnippet":false,"robots_nofollow":false,"robots_noimageindex":false,"robots_noodp":false,"robots_notranslate":false,"robots_max_snippet":null,"robots_max_videopreview":null,"robots_max_imagepreview":"large","priority":null,"frequency":null,"location":null,"local_seo":null,"seo_analyzer_scan_date":"2025-08-30 04:59:15","breadcrumb_settings":null,"limit_modified_date":false,"reviewed_by":null,"open_ai":null,"ai":null,"created":"2020-12-21 10:55:52","updated":"2025-08-30 04:59:15"},"aioseo_breadcrumb":"<div class=\"aioseo-breadcrumbs\"><span class=\"aioseo-breadcrumb\">\n\t<a href=\"https:\/\/candas365.es\/noticias\" title=\"Home\">Home<\/a>\n<\/span><span class=\"aioseo-breadcrumb-separator\">&ndash;<\/span><span class=\"aioseo-breadcrumb\">\n\t<a href=\"https:\/\/candas365.es\/noticias\/category\/deporte\/\" title=\"Deporte\">Deporte<\/a>\n<\/span><span class=\"aioseo-breadcrumb-separator\">&ndash;<\/span><span class=\"aioseo-breadcrumb\">\n\tMick Schumacher abandona en la segunda carrera de F\u00f3rmula 2 en Francia\n<\/span><\/div>","aioseo_breadcrumb_json":[{"label":"Home","link":"https:\/\/candas365.es\/noticias"},{"label":"Deporte","link":"https:\/\/candas365.es\/noticias\/category\/deporte\/"},{"label":"Mick Schumacher abandona en la segunda carrera de F\u00f3rmula 2 en Francia","link":"https:\/\/candas365.es\/noticias\/mick-schumacher-abandona-en-la-segunda-carrera-de-formula-2-en-francia\/"}],"_links":{"self":[{"href":"https:\/\/candas365.es\/noticias\/wp-json\/wp\/v2\/posts\/125064","targetHints":{"allow":["GET"]}}],"collection":[{"href":"https:\/\/candas365.es\/noticias\/wp-json\/wp\/v2\/posts"}],"about":[{"href":"https:\/\/candas365.es\/noticias\/wp-json\/wp\/v2\/types\/post"}],"author":[{"embeddable":true,"href":"https:\/\/candas365.es\/noticias\/wp-json\/wp\/v2\/users\/1"}],"replies":[{"embeddable":true,"href":"https:\/\/candas365.es\/noticias\/wp-json\/wp\/v2\/comments?post=125064"}],"version-history":[{"count":0,"href":"https:\/\/candas365.es\/noticias\/wp-json\/wp\/v2\/posts\/125064\/revisions"}],"wp:featuredmedia":[{"embeddable":true,"href":"https:\/\/candas365.es\/noticias\/wp-json\/wp\/v2\/media\/125065"}],"wp:attachment":[{"href":"https:\/\/candas365.es\/noticias\/wp-json\/wp\/v2\/media?parent=125064"}],"wp:term":[{"taxonomy":"category","embeddable":true,"href":"https:\/\/candas365.es\/noticias\/wp-json\/wp\/v2\/categories?post=125064"},{"taxonomy":"post_tag","embeddable":true,"href":"https:\/\/candas365.es\/noticias\/wp-json\/wp\/v2\/tags?post=125064"}],"curies":[{"name":"wp","href":"https:\/\/api.w.org\/{rel}","templated":true}]}}