{"id":124781,"date":"2019-06-19T18:52:34","date_gmt":"2019-06-19T18:52:34","guid":{"rendered":"http:\/\/candas365.es\/noticias\/?p=124781"},"modified":"2019-06-19T18:52:34","modified_gmt":"2019-06-19T18:52:34","slug":"la-venta-del-circuito-de-nurburgring-fue-legal-segun-el-tribunal-de-la-ue","status":"publish","type":"post","link":"https:\/\/candas365.es\/noticias\/la-venta-del-circuito-de-nurburgring-fue-legal-segun-el-tribunal-de-la-ue\/","title":{"rendered":"La venta del circuito de N\u00fcrburgring fue legal seg\u00fan el Tribunal de la UE"},"content":{"rendered":"<p><img fetchpriority=\"high\" decoding=\"async\" class=\"alignleft size-medium wp-image-98200\" src=\"https:\/\/candas365.es\/noticias\/wp-content\/uploads\/2018\/06\/flag-1645262_960_720-360x239.jpg\" alt=\"\" width=\"360\" height=\"239\" srcset=\"https:\/\/candas365.es\/noticias\/wp-content\/uploads\/2018\/06\/flag-1645262_960_720-360x239.jpg 360w, https:\/\/candas365.es\/noticias\/wp-content\/uploads\/2018\/06\/flag-1645262_960_720-768x510.jpg 768w, https:\/\/candas365.es\/noticias\/wp-content\/uploads\/2018\/06\/flag-1645262_960_720-655x435.jpg 655w, https:\/\/candas365.es\/noticias\/wp-content\/uploads\/2018\/06\/flag-1645262_960_720-696x463.jpg 696w, https:\/\/candas365.es\/noticias\/wp-content\/uploads\/2018\/06\/flag-1645262_960_720-632x420.jpg 632w, https:\/\/candas365.es\/noticias\/wp-content\/uploads\/2018\/06\/flag-1645262_960_720.jpg 960w\" sizes=\"(max-width: 360px) 100vw, 360px\" \/>N\u00fcrburg\/Luxemburgo, 19 jun (dpa) \u2013 El Tribunal General de la Uni\u00f3n Europea acord\u00f3 hoy que la venta del circuito alem\u00e1n de N\u00fcrburgring fue legal, tras desestimar un recurso de los licitadores que perdieron la compra.<\/p>\n<p>Seg\u00fan dictaminaron los jueces europeos en Luxemburgo, el procedimiento para la venta de N\u00fcrburgring en 2014 fue legal. El tribunal tambi\u00e9n confirm\u00f3 que la ayuda estatal ilegal no puede ser reclamada por el comprador.<\/p>\n<p>Los dos demandantes, la asociaci\u00f3n \u00abJa zum N\u00fcrburgring\u00bb y la empresa estadounidense Nexovation, se mostraron decepcionados y ya est\u00e1n examinando la posibilidad de presentar nuevos recursos legales. La siguiente y \u00faltima instancia ser\u00eda el Tribunal de Justicia de la Uni\u00f3n Europea (TJUE) (casos T-353\/15 y T-373\/15).<\/p>\n<p>La cuesti\u00f3n era si el antiguo circuito de propiedad p\u00fablica ubicado en la regi\u00f3n de Eifel, en el estado federado alem\u00e1n de Renania-Palatinado, se vend\u00eda a un precio demasiado bajo y en un procedimiento opaco al proveedor de la industria automovil\u00edstica Capricorn tras recibir ayudas ilegales cinco a\u00f1os antes.<\/p>\n<p>Los demandantes tambi\u00e9n quer\u00edan comprar el circuito, pero no tuvieron \u00e9xito. El argumento fue que el proceso de licitaci\u00f3n favoreci\u00f3 al comprador y no se tradujo en un precio de mercado justo. Capricorn se adjudic\u00f3 la compra por unos 77 millones de euros (m\u00e1s de 86 millones de d\u00f3lares).<\/p>\n<p>Con anterioridad, N\u00fcrburgring hab\u00eda sido subvencionado con fondos p\u00fablicos por valor de casi 500 millones de euros. Las instalaciones fueron ampliadas con un parque de atracciones, hoteles y restaurantes, gracias a las ayudas estatales, antes de que el operador quebrara y un tribunal ordenara su venta.<\/p>\n<p>En octubre de 2014, la Comisi\u00f3n de la Uni\u00f3n Europea decidi\u00f3 que ciertas subvenciones estatales, otorgadas entre 2002 y 2012, eran inadmisibles. Sin embargo, el procedimiento de licitaci\u00f3n fue abierto, transparente y no discriminatorio y el precio se ajust\u00f3 al mercado.<\/p>\n<p>No hab\u00eda \u00abcontinuidad econ\u00f3mica\u00bb entre los antiguos propietarios estatales de N\u00fcrburgring y Capricorn. Por lo tanto, no se pudo recuperar ninguna ayuda del comprador, concluy\u00f3 la Comisi\u00f3n.<\/p>\n<p>Esta decisi\u00f3n fue confirmada por el Tribunal de la Uni\u00f3n Europea y los recursos fueron desestimados. En parte por inadmisibles y por otra por infundados. El abogado de Nexovation, Matthias Nordmann, coment\u00f3: \u00abEstamos decepcionados de que el Tribunal no haya seguido nuestras argumentaciones y haya desestimado nuestra demanda. Esper\u00e1bamos un resultado diferente\u00bb.<\/p>\n<p>Las razones dadas por el Tribunal ser\u00e1n examinadas cuidadosamente y \u00abse sopesar\u00e1 la apelaci\u00f3n\u00bb, advirti\u00f3 el letrado.<\/p>\n<p>&nbsp;<\/p>\n","protected":false},"excerpt":{"rendered":"<p>N\u00fcrburg\/Luxemburgo, 19 jun (dpa) \u2013 El Tribunal General de la Uni\u00f3n Europea acord\u00f3 hoy que la venta del circuito alem\u00e1n de N\u00fcrburgring fue legal, tras desestimar un recurso de los licitadores que perdieron la compra. Seg\u00fan dictaminaron los jueces europeos en Luxemburgo, el procedimiento para la venta de N\u00fcrburgring en 2014 fue legal. El tribunal<\/p>\n","protected":false},"author":1,"featured_media":98200,"comment_status":"closed","ping_status":"closed","sticky":false,"template":"","format":"standard","meta":{"footnotes":""},"categories":[319],"tags":[],"class_list":{"0":"post-124781","1":"post","2":"type-post","3":"status-publish","4":"format-standard","5":"has-post-thumbnail","7":"category-deporte"},"aioseo_notices":[],"aioseo_head":"\n\t\t<!-- All in One SEO Pro 4.9.6.2 - aioseo.com -->\n\t<meta name=\"description\" content=\"N\u00fcrburg\/Luxemburgo, 19 jun (dpa) \u2013 El Tribunal General de la Uni\u00f3n Europea acord\u00f3 hoy que la venta del circuito alem\u00e1n de N\u00fcrburgring fue legal, tras desestimar un recurso de los licitadores que perdieron la compra. Seg\u00fan dictaminaron los jueces europeos en Luxemburgo, el procedimiento para la venta de N\u00fcrburgring en 2014 fue legal. El tribunal\" \/>\n\t<meta name=\"robots\" content=\"max-image-preview:large\" \/>\n\t<meta name=\"author\" content=\"Cand\u00e1s 365\"\/>\n\t<meta name=\"google-site-verification\" content=\"UA-32230408-1\" \/>\n\t<meta name=\"msvalidate.01\" content=\"354F3CDFB2DA171B47FBE9ABF1F88D5\" \/>\n\t<meta name=\"keywords\" content=\"deporte\" \/>\n\t<link rel=\"canonical\" href=\"https:\/\/candas365.es\/noticias\/la-venta-del-circuito-de-nurburgring-fue-legal-segun-el-tribunal-de-la-ue\/\" \/>\n\t<meta name=\"generator\" content=\"All in One SEO Pro (AIOSEO) 4.9.6.2\" \/>\n\t\t<meta property=\"og:locale\" content=\"es_ES\" \/>\n\t\t<meta property=\"og:site_name\" content=\"Cand\u00e1s 365\" \/>\n\t\t<meta property=\"og:type\" content=\"article\" \/>\n\t\t<meta property=\"og:title\" content=\"La venta del circuito de N\u00fcrburgring fue legal seg\u00fan el Tribunal de la UE | Cand\u00e1s 365\" \/>\n\t\t<meta property=\"og:description\" content=\"N\u00fcrburg\/Luxemburgo, 19 jun (dpa) \u2013 El Tribunal General de la Uni\u00f3n Europea acord\u00f3 hoy que la venta del circuito alem\u00e1n de N\u00fcrburgring fue legal, tras desestimar un recurso de los licitadores que perdieron la compra. Seg\u00fan dictaminaron los jueces europeos en Luxemburgo, el procedimiento para la venta de N\u00fcrburgring en 2014 fue legal. El tribunal\" \/>\n\t\t<meta property=\"og:url\" content=\"https:\/\/candas365.es\/noticias\/la-venta-del-circuito-de-nurburgring-fue-legal-segun-el-tribunal-de-la-ue\/\" \/>\n\t\t<meta property=\"og:image\" content=\"https:\/\/candas365.es\/noticias\/wp-content\/uploads\/2018\/06\/flag-1645262_960_720.jpg\" \/>\n\t\t<meta property=\"og:image:secure_url\" content=\"https:\/\/candas365.es\/noticias\/wp-content\/uploads\/2018\/06\/flag-1645262_960_720.jpg\" \/>\n\t\t<meta property=\"og:image:width\" content=\"960\" \/>\n\t\t<meta property=\"og:image:height\" content=\"638\" \/>\n\t\t<meta property=\"article:published_time\" content=\"2019-06-19T18:52:34+00:00\" \/>\n\t\t<meta property=\"article:modified_time\" content=\"2019-06-19T18:52:34+00:00\" \/>\n\t\t<meta property=\"article:publisher\" content=\"https:\/\/www.facebook.com\/Nachofdezber\" \/>\n\t\t<meta property=\"article:author\" content=\"https:\/\/www.facebook.com\/carrenoactualidad\" \/>\n\t\t<meta name=\"twitter:card\" content=\"summary_large_image\" \/>\n\t\t<meta name=\"twitter:site\" content=\"@NabercoDigital\" \/>\n\t\t<meta name=\"twitter:title\" content=\"La venta del circuito de N\u00fcrburgring fue legal seg\u00fan el Tribunal de la UE | Cand\u00e1s 365\" \/>\n\t\t<meta name=\"twitter:description\" content=\"N\u00fcrburg\/Luxemburgo, 19 jun (dpa) \u2013 El Tribunal General de la Uni\u00f3n Europea acord\u00f3 hoy que la venta del circuito alem\u00e1n de N\u00fcrburgring fue legal, tras desestimar un recurso de los licitadores que perdieron la compra. Seg\u00fan dictaminaron los jueces europeos en Luxemburgo, el procedimiento para la venta de N\u00fcrburgring en 2014 fue legal. El tribunal\" \/>\n\t\t<meta name=\"twitter:creator\" content=\"@nbasturias\" \/>\n\t\t<meta name=\"twitter:image\" content=\"https:\/\/candas365.es\/noticias\/wp-content\/uploads\/2018\/06\/flag-1645262_960_720.jpg\" \/>\n\t\t<meta name=\"twitter:label1\" content=\"Escrito por\" \/>\n\t\t<meta name=\"twitter:data1\" content=\"Cand\u00e1s 365\" \/>\n\t\t<meta name=\"twitter:label2\" content=\"Tiempo de lectura estimado\" \/>\n\t\t<meta name=\"twitter:data2\" content=\"2 minutos\" \/>\n\t\t<script type=\"application\/ld+json\" class=\"aioseo-schema\">\n\t\t\t{\"@context\":\"https:\\\/\\\/schema.org\",\"@graph\":[{\"@type\":\"BreadcrumbList\",\"@id\":\"https:\\\/\\\/candas365.es\\\/noticias\\\/la-venta-del-circuito-de-nurburgring-fue-legal-segun-el-tribunal-de-la-ue\\\/#breadcrumblist\",\"itemListElement\":[{\"@type\":\"ListItem\",\"@id\":\"https:\\\/\\\/candas365.es\\\/noticias#listItem\",\"position\":1,\"name\":\"Home\",\"item\":\"https:\\\/\\\/candas365.es\\\/noticias\",\"nextItem\":{\"@type\":\"ListItem\",\"@id\":\"https:\\\/\\\/candas365.es\\\/noticias\\\/category\\\/deporte\\\/#listItem\",\"name\":\"Deporte\"}},{\"@type\":\"ListItem\",\"@id\":\"https:\\\/\\\/candas365.es\\\/noticias\\\/category\\\/deporte\\\/#listItem\",\"position\":2,\"name\":\"Deporte\",\"item\":\"https:\\\/\\\/candas365.es\\\/noticias\\\/category\\\/deporte\\\/\",\"nextItem\":{\"@type\":\"ListItem\",\"@id\":\"https:\\\/\\\/candas365.es\\\/noticias\\\/la-venta-del-circuito-de-nurburgring-fue-legal-segun-el-tribunal-de-la-ue\\\/#listItem\",\"name\":\"La venta del circuito de N\\u00fcrburgring fue legal seg\\u00fan el Tribunal de la UE\"},\"previousItem\":{\"@type\":\"ListItem\",\"@id\":\"https:\\\/\\\/candas365.es\\\/noticias#listItem\",\"name\":\"Home\"}},{\"@type\":\"ListItem\",\"@id\":\"https:\\\/\\\/candas365.es\\\/noticias\\\/la-venta-del-circuito-de-nurburgring-fue-legal-segun-el-tribunal-de-la-ue\\\/#listItem\",\"position\":3,\"name\":\"La venta del circuito de N\\u00fcrburgring fue legal seg\\u00fan el Tribunal de la UE\",\"previousItem\":{\"@type\":\"ListItem\",\"@id\":\"https:\\\/\\\/candas365.es\\\/noticias\\\/category\\\/deporte\\\/#listItem\",\"name\":\"Deporte\"}}]},{\"@type\":\"NewsArticle\",\"@id\":\"https:\\\/\\\/candas365.es\\\/noticias\\\/la-venta-del-circuito-de-nurburgring-fue-legal-segun-el-tribunal-de-la-ue\\\/#newsarticle\",\"name\":\"La venta del circuito de N\\u00fcrburgring fue legal seg\\u00fan el Tribunal de la UE | Cand\\u00e1s 365\",\"headline\":\"La venta del circuito de N\\u00fcrburgring fue legal seg\\u00fan el Tribunal de la UE\",\"author\":{\"@id\":\"https:\\\/\\\/candas365.es\\\/noticias\\\/author\\\/admin\\\/#author\"},\"publisher\":{\"@id\":\"https:\\\/\\\/candas365.es\\\/noticias\\\/#organization\"},\"image\":{\"@type\":\"ImageObject\",\"url\":\"https:\\\/\\\/candas365.es\\\/noticias\\\/wp-content\\\/uploads\\\/2018\\\/06\\\/flag-1645262_960_720.jpg\",\"width\":960,\"height\":638},\"datePublished\":\"2019-06-19T18:52:34+02:00\",\"dateModified\":\"2019-06-19T18:52:34+02:00\",\"inLanguage\":\"es-ES\",\"mainEntityOfPage\":{\"@id\":\"https:\\\/\\\/candas365.es\\\/noticias\\\/la-venta-del-circuito-de-nurburgring-fue-legal-segun-el-tribunal-de-la-ue\\\/#webpage\"},\"isPartOf\":{\"@id\":\"https:\\\/\\\/candas365.es\\\/noticias\\\/la-venta-del-circuito-de-nurburgring-fue-legal-segun-el-tribunal-de-la-ue\\\/#webpage\"},\"articleSection\":\"Deporte\",\"dateline\":\"Publicado el junio 19, 2019.\"},{\"@type\":\"Organization\",\"@id\":\"https:\\\/\\\/candas365.es\\\/noticias\\\/#organization\",\"name\":\"Cand\\u00e1s 365\",\"description\":\"Cand\\u00e1s 365 es un diario digital independiente, fundado en 2012, con base en Asturias. Informamos con rigor sobre actualidad, sociedad, cultura y ocio, con una mirada local y global.\",\"url\":\"https:\\\/\\\/candas365.es\\\/noticias\\\/\",\"email\":\"info@candas365.es\",\"telephone\":\"+34652131393\",\"foundingDate\":\"2012-06-10\",\"logo\":{\"@type\":\"ImageObject\",\"url\":\"https:\\\/\\\/candas365.es\\\/noticias\\\/wp-content\\\/uploads\\\/2024\\\/09\\\/Candas-365-Redes.jpg\",\"@id\":\"https:\\\/\\\/candas365.es\\\/noticias\\\/la-venta-del-circuito-de-nurburgring-fue-legal-segun-el-tribunal-de-la-ue\\\/#organizationLogo\",\"width\":1152,\"height\":864,\"caption\":\"Cand\\u00e1s 365 Redes\"},\"image\":{\"@id\":\"https:\\\/\\\/candas365.es\\\/noticias\\\/la-venta-del-circuito-de-nurburgring-fue-legal-segun-el-tribunal-de-la-ue\\\/#organizationLogo\"},\"sameAs\":[\"https:\\\/\\\/www.facebook.com\\\/Nachofdezber\",\"https:\\\/\\\/x.com\\\/NabercoDigital\",\"https:\\\/\\\/www.instagram.com\\\/nachofdezber\\\/\",\"https:\\\/\\\/www.youtube.com\\\/channel\\\/UCZP-2wLEB9Rv6erhFmqVnvg\"],\"address\":{\"@id\":\"https:\\\/\\\/candas365.es\\\/noticias\\\/#postaladdress\",\"@type\":\"PostalAddress\",\"streetAddress\":\"san antonio 4, san antonio 4\",\"postalCode\":\"33430\",\"addressLocality\":\"Cand\\u00e1s\",\"addressRegion\":\"Asturias\",\"addressCountry\":\"ES\"}},{\"@type\":\"Person\",\"@id\":\"https:\\\/\\\/candas365.es\\\/noticias\\\/author\\\/admin\\\/#author\",\"url\":\"https:\\\/\\\/candas365.es\\\/noticias\\\/author\\\/admin\\\/\",\"name\":\"Cand\\u00e1s 365\",\"image\":{\"@type\":\"ImageObject\",\"@id\":\"https:\\\/\\\/candas365.es\\\/noticias\\\/la-venta-del-circuito-de-nurburgring-fue-legal-segun-el-tribunal-de-la-ue\\\/#authorImage\",\"url\":\"https:\\\/\\\/secure.gravatar.com\\\/avatar\\\/496a8e03d0c493ede1718b7934145dbdf8d89be1036b0eec9544e1094c9de390?s=96&d=mm&r=g\",\"width\":96,\"height\":96,\"caption\":\"Cand\\u00e1s 365\"},\"sameAs\":[\"https:\\\/\\\/www.facebook.com\\\/carrenoactualidad\",\"https:\\\/\\\/twitter.com\\\/nbasturias\",\"https:\\\/\\\/www.instagram.com\\\/nachofdezber\\\/\",\"https:\\\/\\\/www.youtube.com\\\/channel\\\/UCZP-2wLEB9Rv6erhFmqVnvg\"]},{\"@type\":\"WebPage\",\"@id\":\"https:\\\/\\\/candas365.es\\\/noticias\\\/la-venta-del-circuito-de-nurburgring-fue-legal-segun-el-tribunal-de-la-ue\\\/#webpage\",\"url\":\"https:\\\/\\\/candas365.es\\\/noticias\\\/la-venta-del-circuito-de-nurburgring-fue-legal-segun-el-tribunal-de-la-ue\\\/\",\"name\":\"La venta del circuito de N\\u00fcrburgring fue legal seg\\u00fan el Tribunal de la UE | Cand\\u00e1s 365\",\"description\":\"N\\u00fcrburg\\\/Luxemburgo, 19 jun (dpa) \\u2013 El Tribunal General de la Uni\\u00f3n Europea acord\\u00f3 hoy que la venta del circuito alem\\u00e1n de N\\u00fcrburgring fue legal, tras desestimar un recurso de los licitadores que perdieron la compra. Seg\\u00fan dictaminaron los jueces europeos en Luxemburgo, el procedimiento para la venta de N\\u00fcrburgring en 2014 fue legal. El tribunal\",\"inLanguage\":\"es-ES\",\"isPartOf\":{\"@id\":\"https:\\\/\\\/candas365.es\\\/noticias\\\/#website\"},\"breadcrumb\":{\"@id\":\"https:\\\/\\\/candas365.es\\\/noticias\\\/la-venta-del-circuito-de-nurburgring-fue-legal-segun-el-tribunal-de-la-ue\\\/#breadcrumblist\"},\"author\":{\"@id\":\"https:\\\/\\\/candas365.es\\\/noticias\\\/author\\\/admin\\\/#author\"},\"creator\":{\"@id\":\"https:\\\/\\\/candas365.es\\\/noticias\\\/author\\\/admin\\\/#author\"},\"image\":{\"@type\":\"ImageObject\",\"url\":\"https:\\\/\\\/candas365.es\\\/noticias\\\/wp-content\\\/uploads\\\/2018\\\/06\\\/flag-1645262_960_720.jpg\",\"@id\":\"https:\\\/\\\/candas365.es\\\/noticias\\\/la-venta-del-circuito-de-nurburgring-fue-legal-segun-el-tribunal-de-la-ue\\\/#mainImage\",\"width\":960,\"height\":638},\"primaryImageOfPage\":{\"@id\":\"https:\\\/\\\/candas365.es\\\/noticias\\\/la-venta-del-circuito-de-nurburgring-fue-legal-segun-el-tribunal-de-la-ue\\\/#mainImage\"},\"datePublished\":\"2019-06-19T18:52:34+02:00\",\"dateModified\":\"2019-06-19T18:52:34+02:00\"},{\"@type\":\"WebSite\",\"@id\":\"https:\\\/\\\/candas365.es\\\/noticias\\\/#website\",\"url\":\"https:\\\/\\\/candas365.es\\\/noticias\\\/\",\"name\":\"Cand\\u00e1s 365\",\"alternateName\":\"Cand\\u00e1s 365 Noticias\",\"description\":\"Actualidad desde Carre\\u00f1o para el mundo\",\"inLanguage\":\"es-ES\",\"publisher\":{\"@id\":\"https:\\\/\\\/candas365.es\\\/noticias\\\/#organization\"}}]}\n\t\t<\/script>\n\t\t<!-- All in One SEO Pro -->\r\n\t\t<title>La venta del circuito de N\u00fcrburgring fue legal seg\u00fan el Tribunal de la UE | Cand\u00e1s 365<\/title>\n\n","aioseo_head_json":{"title":"La venta del circuito de N\u00fcrburgring fue legal seg\u00fan el Tribunal de la UE | Cand\u00e1s 365","description":"N\u00fcrburg\/Luxemburgo, 19 jun (dpa) \u2013 El Tribunal General de la Uni\u00f3n Europea acord\u00f3 hoy que la venta del circuito alem\u00e1n de N\u00fcrburgring fue legal, tras desestimar un recurso de los licitadores que perdieron la compra. Seg\u00fan dictaminaron los jueces europeos en Luxemburgo, el procedimiento para la venta de N\u00fcrburgring en 2014 fue legal. El tribunal","canonical_url":"https:\/\/candas365.es\/noticias\/la-venta-del-circuito-de-nurburgring-fue-legal-segun-el-tribunal-de-la-ue\/","robots":"max-image-preview:large","keywords":"deporte","webmasterTools":{"google-site-verification":"UA-32230408-1","msvalidate.01":"354F3CDFB2DA171B47FBE9ABF1F88D5","miscellaneous":""},"schema":{"@context":"https:\/\/schema.org","@graph":[{"@type":"BreadcrumbList","@id":"https:\/\/candas365.es\/noticias\/la-venta-del-circuito-de-nurburgring-fue-legal-segun-el-tribunal-de-la-ue\/#breadcrumblist","itemListElement":[{"@type":"ListItem","@id":"https:\/\/candas365.es\/noticias#listItem","position":1,"name":"Home","item":"https:\/\/candas365.es\/noticias","nextItem":{"@type":"ListItem","@id":"https:\/\/candas365.es\/noticias\/category\/deporte\/#listItem","name":"Deporte"}},{"@type":"ListItem","@id":"https:\/\/candas365.es\/noticias\/category\/deporte\/#listItem","position":2,"name":"Deporte","item":"https:\/\/candas365.es\/noticias\/category\/deporte\/","nextItem":{"@type":"ListItem","@id":"https:\/\/candas365.es\/noticias\/la-venta-del-circuito-de-nurburgring-fue-legal-segun-el-tribunal-de-la-ue\/#listItem","name":"La venta del circuito de N\u00fcrburgring fue legal seg\u00fan el Tribunal de la UE"},"previousItem":{"@type":"ListItem","@id":"https:\/\/candas365.es\/noticias#listItem","name":"Home"}},{"@type":"ListItem","@id":"https:\/\/candas365.es\/noticias\/la-venta-del-circuito-de-nurburgring-fue-legal-segun-el-tribunal-de-la-ue\/#listItem","position":3,"name":"La venta del circuito de N\u00fcrburgring fue legal seg\u00fan el Tribunal de la UE","previousItem":{"@type":"ListItem","@id":"https:\/\/candas365.es\/noticias\/category\/deporte\/#listItem","name":"Deporte"}}]},{"@type":"NewsArticle","@id":"https:\/\/candas365.es\/noticias\/la-venta-del-circuito-de-nurburgring-fue-legal-segun-el-tribunal-de-la-ue\/#newsarticle","name":"La venta del circuito de N\u00fcrburgring fue legal seg\u00fan el Tribunal de la UE | Cand\u00e1s 365","headline":"La venta del circuito de N\u00fcrburgring fue legal seg\u00fan el Tribunal de la UE","author":{"@id":"https:\/\/candas365.es\/noticias\/author\/admin\/#author"},"publisher":{"@id":"https:\/\/candas365.es\/noticias\/#organization"},"image":{"@type":"ImageObject","url":"https:\/\/candas365.es\/noticias\/wp-content\/uploads\/2018\/06\/flag-1645262_960_720.jpg","width":960,"height":638},"datePublished":"2019-06-19T18:52:34+02:00","dateModified":"2019-06-19T18:52:34+02:00","inLanguage":"es-ES","mainEntityOfPage":{"@id":"https:\/\/candas365.es\/noticias\/la-venta-del-circuito-de-nurburgring-fue-legal-segun-el-tribunal-de-la-ue\/#webpage"},"isPartOf":{"@id":"https:\/\/candas365.es\/noticias\/la-venta-del-circuito-de-nurburgring-fue-legal-segun-el-tribunal-de-la-ue\/#webpage"},"articleSection":"Deporte","dateline":"Publicado el junio 19, 2019."},{"@type":"Organization","@id":"https:\/\/candas365.es\/noticias\/#organization","name":"Cand\u00e1s 365","description":"Cand\u00e1s 365 es un diario digital independiente, fundado en 2012, con base en Asturias. Informamos con rigor sobre actualidad, sociedad, cultura y ocio, con una mirada local y global.","url":"https:\/\/candas365.es\/noticias\/","email":"info@candas365.es","telephone":"+34652131393","foundingDate":"2012-06-10","logo":{"@type":"ImageObject","url":"https:\/\/candas365.es\/noticias\/wp-content\/uploads\/2024\/09\/Candas-365-Redes.jpg","@id":"https:\/\/candas365.es\/noticias\/la-venta-del-circuito-de-nurburgring-fue-legal-segun-el-tribunal-de-la-ue\/#organizationLogo","width":1152,"height":864,"caption":"Cand\u00e1s 365 Redes"},"image":{"@id":"https:\/\/candas365.es\/noticias\/la-venta-del-circuito-de-nurburgring-fue-legal-segun-el-tribunal-de-la-ue\/#organizationLogo"},"sameAs":["https:\/\/www.facebook.com\/Nachofdezber","https:\/\/x.com\/NabercoDigital","https:\/\/www.instagram.com\/nachofdezber\/","https:\/\/www.youtube.com\/channel\/UCZP-2wLEB9Rv6erhFmqVnvg"],"address":{"@id":"https:\/\/candas365.es\/noticias\/#postaladdress","@type":"PostalAddress","streetAddress":"san antonio 4, san antonio 4","postalCode":"33430","addressLocality":"Cand\u00e1s","addressRegion":"Asturias","addressCountry":"ES"}},{"@type":"Person","@id":"https:\/\/candas365.es\/noticias\/author\/admin\/#author","url":"https:\/\/candas365.es\/noticias\/author\/admin\/","name":"Cand\u00e1s 365","image":{"@type":"ImageObject","@id":"https:\/\/candas365.es\/noticias\/la-venta-del-circuito-de-nurburgring-fue-legal-segun-el-tribunal-de-la-ue\/#authorImage","url":"https:\/\/secure.gravatar.com\/avatar\/496a8e03d0c493ede1718b7934145dbdf8d89be1036b0eec9544e1094c9de390?s=96&d=mm&r=g","width":96,"height":96,"caption":"Cand\u00e1s 365"},"sameAs":["https:\/\/www.facebook.com\/carrenoactualidad","https:\/\/twitter.com\/nbasturias","https:\/\/www.instagram.com\/nachofdezber\/","https:\/\/www.youtube.com\/channel\/UCZP-2wLEB9Rv6erhFmqVnvg"]},{"@type":"WebPage","@id":"https:\/\/candas365.es\/noticias\/la-venta-del-circuito-de-nurburgring-fue-legal-segun-el-tribunal-de-la-ue\/#webpage","url":"https:\/\/candas365.es\/noticias\/la-venta-del-circuito-de-nurburgring-fue-legal-segun-el-tribunal-de-la-ue\/","name":"La venta del circuito de N\u00fcrburgring fue legal seg\u00fan el Tribunal de la UE | Cand\u00e1s 365","description":"N\u00fcrburg\/Luxemburgo, 19 jun (dpa) \u2013 El Tribunal General de la Uni\u00f3n Europea acord\u00f3 hoy que la venta del circuito alem\u00e1n de N\u00fcrburgring fue legal, tras desestimar un recurso de los licitadores que perdieron la compra. Seg\u00fan dictaminaron los jueces europeos en Luxemburgo, el procedimiento para la venta de N\u00fcrburgring en 2014 fue legal. El tribunal","inLanguage":"es-ES","isPartOf":{"@id":"https:\/\/candas365.es\/noticias\/#website"},"breadcrumb":{"@id":"https:\/\/candas365.es\/noticias\/la-venta-del-circuito-de-nurburgring-fue-legal-segun-el-tribunal-de-la-ue\/#breadcrumblist"},"author":{"@id":"https:\/\/candas365.es\/noticias\/author\/admin\/#author"},"creator":{"@id":"https:\/\/candas365.es\/noticias\/author\/admin\/#author"},"image":{"@type":"ImageObject","url":"https:\/\/candas365.es\/noticias\/wp-content\/uploads\/2018\/06\/flag-1645262_960_720.jpg","@id":"https:\/\/candas365.es\/noticias\/la-venta-del-circuito-de-nurburgring-fue-legal-segun-el-tribunal-de-la-ue\/#mainImage","width":960,"height":638},"primaryImageOfPage":{"@id":"https:\/\/candas365.es\/noticias\/la-venta-del-circuito-de-nurburgring-fue-legal-segun-el-tribunal-de-la-ue\/#mainImage"},"datePublished":"2019-06-19T18:52:34+02:00","dateModified":"2019-06-19T18:52:34+02:00"},{"@type":"WebSite","@id":"https:\/\/candas365.es\/noticias\/#website","url":"https:\/\/candas365.es\/noticias\/","name":"Cand\u00e1s 365","alternateName":"Cand\u00e1s 365 Noticias","description":"Actualidad desde Carre\u00f1o para el mundo","inLanguage":"es-ES","publisher":{"@id":"https:\/\/candas365.es\/noticias\/#organization"}}]},"og:locale":"es_ES","og:site_name":"Cand\u00e1s 365","og:type":"article","og:title":"La venta del circuito de N\u00fcrburgring fue legal seg\u00fan el Tribunal de la UE | Cand\u00e1s 365","og:description":"N\u00fcrburg\/Luxemburgo, 19 jun (dpa) \u2013 El Tribunal General de la Uni\u00f3n Europea acord\u00f3 hoy que la venta del circuito alem\u00e1n de N\u00fcrburgring fue legal, tras desestimar un recurso de los licitadores que perdieron la compra. Seg\u00fan dictaminaron los jueces europeos en Luxemburgo, el procedimiento para la venta de N\u00fcrburgring en 2014 fue legal. El tribunal","og:url":"https:\/\/candas365.es\/noticias\/la-venta-del-circuito-de-nurburgring-fue-legal-segun-el-tribunal-de-la-ue\/","og:image":"https:\/\/candas365.es\/noticias\/wp-content\/uploads\/2018\/06\/flag-1645262_960_720.jpg","og:image:secure_url":"https:\/\/candas365.es\/noticias\/wp-content\/uploads\/2018\/06\/flag-1645262_960_720.jpg","og:image:width":960,"og:image:height":638,"article:published_time":"2019-06-19T18:52:34+00:00","article:modified_time":"2019-06-19T18:52:34+00:00","article:publisher":"https:\/\/www.facebook.com\/Nachofdezber","article:author":"https:\/\/www.facebook.com\/carrenoactualidad","twitter:card":"summary_large_image","twitter:site":"@NabercoDigital","twitter:title":"La venta del circuito de N\u00fcrburgring fue legal seg\u00fan el Tribunal de la UE | Cand\u00e1s 365","twitter:description":"N\u00fcrburg\/Luxemburgo, 19 jun (dpa) \u2013 El Tribunal General de la Uni\u00f3n Europea acord\u00f3 hoy que la venta del circuito alem\u00e1n de N\u00fcrburgring fue legal, tras desestimar un recurso de los licitadores que perdieron la compra. Seg\u00fan dictaminaron los jueces europeos en Luxemburgo, el procedimiento para la venta de N\u00fcrburgring en 2014 fue legal. El tribunal","twitter:creator":"@nbasturias","twitter:image":"https:\/\/candas365.es\/noticias\/wp-content\/uploads\/2018\/06\/flag-1645262_960_720.jpg","twitter:label1":"Escrito por","twitter:data1":"Cand\u00e1s 365","twitter:label2":"Tiempo de lectura estimado","twitter:data2":"2 minutos"},"aioseo_meta_data":{"post_id":"124781","title":null,"description":null,"keywords":null,"keyphrases":null,"primary_term":null,"canonical_url":null,"og_title":null,"og_description":null,"og_object_type":"default","og_image_type":"default","og_image_url":null,"og_image_width":null,"og_image_height":null,"og_image_custom_url":null,"og_image_custom_fields":null,"og_video":null,"og_custom_url":null,"og_article_section":null,"og_article_tags":null,"twitter_use_og":false,"twitter_card":"default","twitter_image_type":"default","twitter_image_url":null,"twitter_image_custom_url":null,"twitter_image_custom_fields":null,"twitter_title":null,"twitter_description":null,"schema":{"blockGraphs":[],"customGraphs":[],"default":{"data":{"Article":[],"Course":[],"Dataset":[],"FAQPage":[],"Movie":[],"Person":[],"Product":[],"ProductReview":[],"Car":[],"Recipe":[],"Service":[],"SoftwareApplication":[],"WebPage":[]},"graphName":"","isEnabled":true},"graphs":[],"defaultGraph":"","defaultPostTypeGraph":""},"schema_type":null,"schema_type_options":null,"pillar_content":false,"robots_default":true,"robots_noindex":false,"robots_noarchive":false,"robots_nosnippet":false,"robots_nofollow":false,"robots_noimageindex":false,"robots_noodp":false,"robots_notranslate":false,"robots_max_snippet":null,"robots_max_videopreview":null,"robots_max_imagepreview":"large","priority":null,"frequency":null,"location":null,"local_seo":null,"seo_analyzer_scan_date":"2025-08-30 04:20:21","breadcrumb_settings":null,"limit_modified_date":false,"reviewed_by":null,"open_ai":null,"ai":null,"created":"2020-12-21 10:56:07","updated":"2025-08-30 04:20:21"},"aioseo_breadcrumb":"<div class=\"aioseo-breadcrumbs\"><span class=\"aioseo-breadcrumb\">\n\t<a href=\"https:\/\/candas365.es\/noticias\" title=\"Home\">Home<\/a>\n<\/span><span class=\"aioseo-breadcrumb-separator\">&ndash;<\/span><span class=\"aioseo-breadcrumb\">\n\t<a href=\"https:\/\/candas365.es\/noticias\/category\/deporte\/\" title=\"Deporte\">Deporte<\/a>\n<\/span><span class=\"aioseo-breadcrumb-separator\">&ndash;<\/span><span class=\"aioseo-breadcrumb\">\n\tLa venta del circuito de N\u00fcrburgring fue legal seg\u00fan el Tribunal de la UE\n<\/span><\/div>","aioseo_breadcrumb_json":[{"label":"Home","link":"https:\/\/candas365.es\/noticias"},{"label":"Deporte","link":"https:\/\/candas365.es\/noticias\/category\/deporte\/"},{"label":"La venta del circuito de N\u00fcrburgring fue legal seg\u00fan el Tribunal de la UE","link":"https:\/\/candas365.es\/noticias\/la-venta-del-circuito-de-nurburgring-fue-legal-segun-el-tribunal-de-la-ue\/"}],"_links":{"self":[{"href":"https:\/\/candas365.es\/noticias\/wp-json\/wp\/v2\/posts\/124781","targetHints":{"allow":["GET"]}}],"collection":[{"href":"https:\/\/candas365.es\/noticias\/wp-json\/wp\/v2\/posts"}],"about":[{"href":"https:\/\/candas365.es\/noticias\/wp-json\/wp\/v2\/types\/post"}],"author":[{"embeddable":true,"href":"https:\/\/candas365.es\/noticias\/wp-json\/wp\/v2\/users\/1"}],"replies":[{"embeddable":true,"href":"https:\/\/candas365.es\/noticias\/wp-json\/wp\/v2\/comments?post=124781"}],"version-history":[{"count":0,"href":"https:\/\/candas365.es\/noticias\/wp-json\/wp\/v2\/posts\/124781\/revisions"}],"wp:featuredmedia":[{"embeddable":true,"href":"https:\/\/candas365.es\/noticias\/wp-json\/wp\/v2\/media\/98200"}],"wp:attachment":[{"href":"https:\/\/candas365.es\/noticias\/wp-json\/wp\/v2\/media?parent=124781"}],"wp:term":[{"taxonomy":"category","embeddable":true,"href":"https:\/\/candas365.es\/noticias\/wp-json\/wp\/v2\/categories?post=124781"},{"taxonomy":"post_tag","embeddable":true,"href":"https:\/\/candas365.es\/noticias\/wp-json\/wp\/v2\/tags?post=124781"}],"curies":[{"name":"wp","href":"https:\/\/api.w.org\/{rel}","templated":true}]}}