{"id":124545,"date":"2019-06-15T16:59:22","date_gmt":"2019-06-15T16:59:22","guid":{"rendered":"http:\/\/candas365.es\/noticias\/?p=124545"},"modified":"2019-06-15T16:59:22","modified_gmt":"2019-06-15T16:59:22","slug":"almuth-schult-elogia-y-critica-a-su-equipo","status":"publish","type":"post","link":"https:\/\/candas365.es\/noticias\/almuth-schult-elogia-y-critica-a-su-equipo\/","title":{"rendered":"Almuth Schult elogia y critica a su equipo"},"content":{"rendered":"<p><img fetchpriority=\"high\" decoding=\"async\" class=\"alignleft size-medium wp-image-92011\" src=\"https:\/\/candas365.es\/noticias\/wp-content\/uploads\/2018\/03\/woman-638384_1280-360x239.jpg\" alt=\"\" width=\"360\" height=\"239\" srcset=\"https:\/\/candas365.es\/noticias\/wp-content\/uploads\/2018\/03\/woman-638384_1280-360x239.jpg 360w, https:\/\/candas365.es\/noticias\/wp-content\/uploads\/2018\/03\/woman-638384_1280-696x462.jpg 696w, https:\/\/candas365.es\/noticias\/wp-content\/uploads\/2018\/03\/woman-638384_1280-1068x709.jpg 1068w, https:\/\/candas365.es\/noticias\/wp-content\/uploads\/2018\/03\/woman-638384_1280-632x420.jpg 632w, https:\/\/candas365.es\/noticias\/wp-content\/uploads\/2018\/03\/woman-638384_1280-768x510.jpg 768w, https:\/\/candas365.es\/noticias\/wp-content\/uploads\/2018\/03\/woman-638384_1280-655x435.jpg 655w, https:\/\/candas365.es\/noticias\/wp-content\/uploads\/2018\/03\/woman-638384_1280.jpg 1280w\" sizes=\"(max-width: 360px) 100vw, 360px\" \/>Montpellier (Francia), 15 jun (dpa) &#8211; La portera de la selecci\u00f3n alemana de f\u00fatbol femenino, Almuth Schult, traz\u00f3 hoy un balance de puntos positivos y negativos de la participaci\u00f3n que hasta ahora mantuvo su equipo en el Mundial que se disputa en Francia.<\/p>\n<p>\u00abEste equipo tiene una muy fuerte voluntad y un muy buen estado f\u00edsico\u00bb, elogi\u00f3 la guardameta de 28 a\u00f1os a sus compa\u00f1eras durante una conferencia de prensa de la Federaci\u00f3n Alemana de F\u00fatbol (DFB) en Montpellier.<\/p>\n<p>Adem\u00e1s, Schult manifest\u00f3 estar conforme con que hasta ahora las germanas ganaron ambos partidos y no sufrieron goles en su propio arco. \u00abPero estamos insatisfechas por no haber jugado un f\u00fatbol tan lindo\u00bb, admiti\u00f3.<\/p>\n<p>Pese a la clasificaci\u00f3n ya asegurada para los octavos de final, se\u00f1al\u00f3 que no puede subestimarse el pr\u00f3ximo cotejo del lunes contra Sud\u00e1frica, \u00faltimo rival de las alemanas en la fase de grupos.<\/p>\n<p>Las africanas son un equipo que \u00abse destaca en el cambio de ritmos y frecuentemente es dur\u00edsimo en los duelos\u00bb, sostuvo. Si bien Sud\u00e1frica no siempre juega \u00abcon la mejor formaci\u00f3n t\u00e1ctica\u00bb, defiende con todo el equipo, advirti\u00f3 la arquera.<\/p>\n<p>Luego de que el equipo de f\u00fatbol femenino germano entrenara el viernes en una pista cubierta en Montpellier, este s\u00e1bado realiz\u00f3 pr\u00e1cticas por primera vez en el campo de juego de la ciudad en el sur de Francia.<\/p>\n<p>La centrocampista Dzsenifer Marozsan, que sufri\u00f3 la fractura del dedo medio del pie izquierdo durante el primer partido en el que las alemanas se impusieron 1-0 a China, calent\u00f3 con el seleccionado y luego realiz\u00f3 un programa de entrenamiento individual.<\/p>\n","protected":false},"excerpt":{"rendered":"<p>Montpellier (Francia), 15 jun (dpa) &#8211; La portera de la selecci\u00f3n alemana de f\u00fatbol femenino, Almuth Schult, traz\u00f3 hoy un balance de puntos positivos y negativos de la participaci\u00f3n que hasta ahora mantuvo su equipo en el Mundial que se disputa en Francia. \u00abEste equipo tiene una muy fuerte voluntad y un muy buen estado<\/p>\n","protected":false},"author":1,"featured_media":92011,"comment_status":"closed","ping_status":"closed","sticky":false,"template":"","format":"standard","meta":{"footnotes":""},"categories":[319],"tags":[],"class_list":{"0":"post-124545","1":"post","2":"type-post","3":"status-publish","4":"format-standard","5":"has-post-thumbnail","7":"category-deporte"},"aioseo_notices":[],"aioseo_head":"\n\t\t<!-- All in One SEO Pro 4.9.6.2 - aioseo.com -->\n\t<meta name=\"description\" content=\"Montpellier (Francia), 15 jun (dpa) - La portera de la selecci\u00f3n alemana de f\u00fatbol femenino, Almuth Schult, traz\u00f3 hoy un balance de puntos positivos y negativos de la participaci\u00f3n que hasta ahora mantuvo su equipo en el Mundial que se disputa en Francia. &quot;Este equipo tiene una muy fuerte voluntad y un muy buen estado\" \/>\n\t<meta name=\"robots\" content=\"max-image-preview:large\" \/>\n\t<meta name=\"author\" content=\"Cand\u00e1s 365\"\/>\n\t<meta name=\"google-site-verification\" content=\"UA-32230408-1\" \/>\n\t<meta name=\"msvalidate.01\" content=\"354F3CDFB2DA171B47FBE9ABF1F88D5\" \/>\n\t<meta name=\"keywords\" content=\"deporte\" \/>\n\t<link rel=\"canonical\" href=\"https:\/\/candas365.es\/noticias\/almuth-schult-elogia-y-critica-a-su-equipo\/\" \/>\n\t<meta name=\"generator\" content=\"All in One SEO Pro (AIOSEO) 4.9.6.2\" \/>\n\t\t<meta property=\"og:locale\" content=\"es_ES\" \/>\n\t\t<meta property=\"og:site_name\" content=\"Cand\u00e1s 365\" \/>\n\t\t<meta property=\"og:type\" content=\"article\" \/>\n\t\t<meta property=\"og:title\" content=\"Almuth Schult elogia y critica a su equipo | Cand\u00e1s 365\" \/>\n\t\t<meta property=\"og:description\" content=\"Montpellier (Francia), 15 jun (dpa) - La portera de la selecci\u00f3n alemana de f\u00fatbol femenino, Almuth Schult, traz\u00f3 hoy un balance de puntos positivos y negativos de la participaci\u00f3n que hasta ahora mantuvo su equipo en el Mundial que se disputa en Francia. &quot;Este equipo tiene una muy fuerte voluntad y un muy buen estado\" \/>\n\t\t<meta property=\"og:url\" content=\"https:\/\/candas365.es\/noticias\/almuth-schult-elogia-y-critica-a-su-equipo\/\" \/>\n\t\t<meta property=\"og:image\" content=\"https:\/\/candas365.es\/noticias\/wp-content\/uploads\/2018\/03\/woman-638384_1280.jpg\" \/>\n\t\t<meta property=\"og:image:secure_url\" content=\"https:\/\/candas365.es\/noticias\/wp-content\/uploads\/2018\/03\/woman-638384_1280.jpg\" \/>\n\t\t<meta property=\"og:image:width\" content=\"1280\" \/>\n\t\t<meta property=\"og:image:height\" content=\"850\" \/>\n\t\t<meta property=\"article:published_time\" content=\"2019-06-15T16:59:22+00:00\" \/>\n\t\t<meta property=\"article:modified_time\" content=\"2019-06-15T16:59:22+00:00\" \/>\n\t\t<meta property=\"article:publisher\" content=\"https:\/\/www.facebook.com\/Nachofdezber\" \/>\n\t\t<meta property=\"article:author\" content=\"https:\/\/www.facebook.com\/carrenoactualidad\" \/>\n\t\t<meta name=\"twitter:card\" content=\"summary_large_image\" \/>\n\t\t<meta name=\"twitter:site\" content=\"@NabercoDigital\" \/>\n\t\t<meta name=\"twitter:title\" content=\"Almuth Schult elogia y critica a su equipo | Cand\u00e1s 365\" \/>\n\t\t<meta name=\"twitter:description\" content=\"Montpellier (Francia), 15 jun (dpa) - La portera de la selecci\u00f3n alemana de f\u00fatbol femenino, Almuth Schult, traz\u00f3 hoy un balance de puntos positivos y negativos de la participaci\u00f3n que hasta ahora mantuvo su equipo en el Mundial que se disputa en Francia. &quot;Este equipo tiene una muy fuerte voluntad y un muy buen estado\" \/>\n\t\t<meta name=\"twitter:creator\" content=\"@nbasturias\" \/>\n\t\t<meta name=\"twitter:image\" content=\"https:\/\/candas365.es\/noticias\/wp-content\/uploads\/2018\/03\/woman-638384_1280.jpg\" \/>\n\t\t<meta name=\"twitter:label1\" content=\"Escrito por\" \/>\n\t\t<meta name=\"twitter:data1\" content=\"Cand\u00e1s 365\" \/>\n\t\t<meta name=\"twitter:label2\" content=\"Tiempo de lectura estimado\" \/>\n\t\t<meta name=\"twitter:data2\" content=\"1 minuto\" \/>\n\t\t<script type=\"application\/ld+json\" class=\"aioseo-schema\">\n\t\t\t{\"@context\":\"https:\\\/\\\/schema.org\",\"@graph\":[{\"@type\":\"BreadcrumbList\",\"@id\":\"https:\\\/\\\/candas365.es\\\/noticias\\\/almuth-schult-elogia-y-critica-a-su-equipo\\\/#breadcrumblist\",\"itemListElement\":[{\"@type\":\"ListItem\",\"@id\":\"https:\\\/\\\/candas365.es\\\/noticias#listItem\",\"position\":1,\"name\":\"Home\",\"item\":\"https:\\\/\\\/candas365.es\\\/noticias\",\"nextItem\":{\"@type\":\"ListItem\",\"@id\":\"https:\\\/\\\/candas365.es\\\/noticias\\\/category\\\/deporte\\\/#listItem\",\"name\":\"Deporte\"}},{\"@type\":\"ListItem\",\"@id\":\"https:\\\/\\\/candas365.es\\\/noticias\\\/category\\\/deporte\\\/#listItem\",\"position\":2,\"name\":\"Deporte\",\"item\":\"https:\\\/\\\/candas365.es\\\/noticias\\\/category\\\/deporte\\\/\",\"nextItem\":{\"@type\":\"ListItem\",\"@id\":\"https:\\\/\\\/candas365.es\\\/noticias\\\/almuth-schult-elogia-y-critica-a-su-equipo\\\/#listItem\",\"name\":\"Almuth Schult elogia y critica a su equipo\"},\"previousItem\":{\"@type\":\"ListItem\",\"@id\":\"https:\\\/\\\/candas365.es\\\/noticias#listItem\",\"name\":\"Home\"}},{\"@type\":\"ListItem\",\"@id\":\"https:\\\/\\\/candas365.es\\\/noticias\\\/almuth-schult-elogia-y-critica-a-su-equipo\\\/#listItem\",\"position\":3,\"name\":\"Almuth Schult elogia y critica a su equipo\",\"previousItem\":{\"@type\":\"ListItem\",\"@id\":\"https:\\\/\\\/candas365.es\\\/noticias\\\/category\\\/deporte\\\/#listItem\",\"name\":\"Deporte\"}}]},{\"@type\":\"NewsArticle\",\"@id\":\"https:\\\/\\\/candas365.es\\\/noticias\\\/almuth-schult-elogia-y-critica-a-su-equipo\\\/#newsarticle\",\"name\":\"Almuth Schult elogia y critica a su equipo | Cand\\u00e1s 365\",\"headline\":\"Almuth Schult elogia y critica a su equipo\",\"author\":{\"@id\":\"https:\\\/\\\/candas365.es\\\/noticias\\\/author\\\/admin\\\/#author\"},\"publisher\":{\"@id\":\"https:\\\/\\\/candas365.es\\\/noticias\\\/#organization\"},\"image\":{\"@type\":\"ImageObject\",\"url\":\"https:\\\/\\\/candas365.es\\\/noticias\\\/wp-content\\\/uploads\\\/2018\\\/03\\\/woman-638384_1280.jpg\",\"width\":1280,\"height\":850},\"datePublished\":\"2019-06-15T16:59:22+02:00\",\"dateModified\":\"2019-06-15T16:59:22+02:00\",\"inLanguage\":\"es-ES\",\"mainEntityOfPage\":{\"@id\":\"https:\\\/\\\/candas365.es\\\/noticias\\\/almuth-schult-elogia-y-critica-a-su-equipo\\\/#webpage\"},\"isPartOf\":{\"@id\":\"https:\\\/\\\/candas365.es\\\/noticias\\\/almuth-schult-elogia-y-critica-a-su-equipo\\\/#webpage\"},\"articleSection\":\"Deporte\",\"dateline\":\"Publicado el junio 15, 2019.\"},{\"@type\":\"Organization\",\"@id\":\"https:\\\/\\\/candas365.es\\\/noticias\\\/#organization\",\"name\":\"Cand\\u00e1s 365\",\"description\":\"Cand\\u00e1s 365 es un diario digital independiente, fundado en 2012, con base en Asturias. Informamos con rigor sobre actualidad, sociedad, cultura y ocio, con una mirada local y global.\",\"url\":\"https:\\\/\\\/candas365.es\\\/noticias\\\/\",\"email\":\"info@candas365.es\",\"telephone\":\"+34652131393\",\"foundingDate\":\"2012-06-10\",\"logo\":{\"@type\":\"ImageObject\",\"url\":\"https:\\\/\\\/candas365.es\\\/noticias\\\/wp-content\\\/uploads\\\/2024\\\/09\\\/Candas-365-Redes.jpg\",\"@id\":\"https:\\\/\\\/candas365.es\\\/noticias\\\/almuth-schult-elogia-y-critica-a-su-equipo\\\/#organizationLogo\",\"width\":1152,\"height\":864,\"caption\":\"Cand\\u00e1s 365 Redes\"},\"image\":{\"@id\":\"https:\\\/\\\/candas365.es\\\/noticias\\\/almuth-schult-elogia-y-critica-a-su-equipo\\\/#organizationLogo\"},\"sameAs\":[\"https:\\\/\\\/www.facebook.com\\\/Nachofdezber\",\"https:\\\/\\\/x.com\\\/NabercoDigital\",\"https:\\\/\\\/www.instagram.com\\\/nachofdezber\\\/\",\"https:\\\/\\\/www.youtube.com\\\/channel\\\/UCZP-2wLEB9Rv6erhFmqVnvg\"],\"address\":{\"@id\":\"https:\\\/\\\/candas365.es\\\/noticias\\\/#postaladdress\",\"@type\":\"PostalAddress\",\"streetAddress\":\"san antonio 4, san antonio 4\",\"postalCode\":\"33430\",\"addressLocality\":\"Cand\\u00e1s\",\"addressRegion\":\"Asturias\",\"addressCountry\":\"ES\"}},{\"@type\":\"Person\",\"@id\":\"https:\\\/\\\/candas365.es\\\/noticias\\\/author\\\/admin\\\/#author\",\"url\":\"https:\\\/\\\/candas365.es\\\/noticias\\\/author\\\/admin\\\/\",\"name\":\"Cand\\u00e1s 365\",\"image\":{\"@type\":\"ImageObject\",\"@id\":\"https:\\\/\\\/candas365.es\\\/noticias\\\/almuth-schult-elogia-y-critica-a-su-equipo\\\/#authorImage\",\"url\":\"https:\\\/\\\/secure.gravatar.com\\\/avatar\\\/496a8e03d0c493ede1718b7934145dbdf8d89be1036b0eec9544e1094c9de390?s=96&d=mm&r=g\",\"width\":96,\"height\":96,\"caption\":\"Cand\\u00e1s 365\"},\"sameAs\":[\"https:\\\/\\\/www.facebook.com\\\/carrenoactualidad\",\"https:\\\/\\\/twitter.com\\\/nbasturias\",\"https:\\\/\\\/www.instagram.com\\\/nachofdezber\\\/\",\"https:\\\/\\\/www.youtube.com\\\/channel\\\/UCZP-2wLEB9Rv6erhFmqVnvg\"]},{\"@type\":\"WebPage\",\"@id\":\"https:\\\/\\\/candas365.es\\\/noticias\\\/almuth-schult-elogia-y-critica-a-su-equipo\\\/#webpage\",\"url\":\"https:\\\/\\\/candas365.es\\\/noticias\\\/almuth-schult-elogia-y-critica-a-su-equipo\\\/\",\"name\":\"Almuth Schult elogia y critica a su equipo | Cand\\u00e1s 365\",\"description\":\"Montpellier (Francia), 15 jun (dpa) - La portera de la selecci\\u00f3n alemana de f\\u00fatbol femenino, Almuth Schult, traz\\u00f3 hoy un balance de puntos positivos y negativos de la participaci\\u00f3n que hasta ahora mantuvo su equipo en el Mundial que se disputa en Francia. \\\"Este equipo tiene una muy fuerte voluntad y un muy buen estado\",\"inLanguage\":\"es-ES\",\"isPartOf\":{\"@id\":\"https:\\\/\\\/candas365.es\\\/noticias\\\/#website\"},\"breadcrumb\":{\"@id\":\"https:\\\/\\\/candas365.es\\\/noticias\\\/almuth-schult-elogia-y-critica-a-su-equipo\\\/#breadcrumblist\"},\"author\":{\"@id\":\"https:\\\/\\\/candas365.es\\\/noticias\\\/author\\\/admin\\\/#author\"},\"creator\":{\"@id\":\"https:\\\/\\\/candas365.es\\\/noticias\\\/author\\\/admin\\\/#author\"},\"image\":{\"@type\":\"ImageObject\",\"url\":\"https:\\\/\\\/candas365.es\\\/noticias\\\/wp-content\\\/uploads\\\/2018\\\/03\\\/woman-638384_1280.jpg\",\"@id\":\"https:\\\/\\\/candas365.es\\\/noticias\\\/almuth-schult-elogia-y-critica-a-su-equipo\\\/#mainImage\",\"width\":1280,\"height\":850},\"primaryImageOfPage\":{\"@id\":\"https:\\\/\\\/candas365.es\\\/noticias\\\/almuth-schult-elogia-y-critica-a-su-equipo\\\/#mainImage\"},\"datePublished\":\"2019-06-15T16:59:22+02:00\",\"dateModified\":\"2019-06-15T16:59:22+02:00\"},{\"@type\":\"WebSite\",\"@id\":\"https:\\\/\\\/candas365.es\\\/noticias\\\/#website\",\"url\":\"https:\\\/\\\/candas365.es\\\/noticias\\\/\",\"name\":\"Cand\\u00e1s 365\",\"alternateName\":\"Cand\\u00e1s 365 Noticias\",\"description\":\"Actualidad desde Carre\\u00f1o para el mundo\",\"inLanguage\":\"es-ES\",\"publisher\":{\"@id\":\"https:\\\/\\\/candas365.es\\\/noticias\\\/#organization\"}}]}\n\t\t<\/script>\n\t\t<!-- All in One SEO Pro -->\r\n\t\t<title>Almuth Schult elogia y critica a su equipo | Cand\u00e1s 365<\/title>\n\n","aioseo_head_json":{"title":"Almuth Schult elogia y critica a su equipo | Cand\u00e1s 365","description":"Montpellier (Francia), 15 jun (dpa) - La portera de la selecci\u00f3n alemana de f\u00fatbol femenino, Almuth Schult, traz\u00f3 hoy un balance de puntos positivos y negativos de la participaci\u00f3n que hasta ahora mantuvo su equipo en el Mundial que se disputa en Francia. \"Este equipo tiene una muy fuerte voluntad y un muy buen estado","canonical_url":"https:\/\/candas365.es\/noticias\/almuth-schult-elogia-y-critica-a-su-equipo\/","robots":"max-image-preview:large","keywords":"deporte","webmasterTools":{"google-site-verification":"UA-32230408-1","msvalidate.01":"354F3CDFB2DA171B47FBE9ABF1F88D5","miscellaneous":""},"schema":{"@context":"https:\/\/schema.org","@graph":[{"@type":"BreadcrumbList","@id":"https:\/\/candas365.es\/noticias\/almuth-schult-elogia-y-critica-a-su-equipo\/#breadcrumblist","itemListElement":[{"@type":"ListItem","@id":"https:\/\/candas365.es\/noticias#listItem","position":1,"name":"Home","item":"https:\/\/candas365.es\/noticias","nextItem":{"@type":"ListItem","@id":"https:\/\/candas365.es\/noticias\/category\/deporte\/#listItem","name":"Deporte"}},{"@type":"ListItem","@id":"https:\/\/candas365.es\/noticias\/category\/deporte\/#listItem","position":2,"name":"Deporte","item":"https:\/\/candas365.es\/noticias\/category\/deporte\/","nextItem":{"@type":"ListItem","@id":"https:\/\/candas365.es\/noticias\/almuth-schult-elogia-y-critica-a-su-equipo\/#listItem","name":"Almuth Schult elogia y critica a su equipo"},"previousItem":{"@type":"ListItem","@id":"https:\/\/candas365.es\/noticias#listItem","name":"Home"}},{"@type":"ListItem","@id":"https:\/\/candas365.es\/noticias\/almuth-schult-elogia-y-critica-a-su-equipo\/#listItem","position":3,"name":"Almuth Schult elogia y critica a su equipo","previousItem":{"@type":"ListItem","@id":"https:\/\/candas365.es\/noticias\/category\/deporte\/#listItem","name":"Deporte"}}]},{"@type":"NewsArticle","@id":"https:\/\/candas365.es\/noticias\/almuth-schult-elogia-y-critica-a-su-equipo\/#newsarticle","name":"Almuth Schult elogia y critica a su equipo | Cand\u00e1s 365","headline":"Almuth Schult elogia y critica a su equipo","author":{"@id":"https:\/\/candas365.es\/noticias\/author\/admin\/#author"},"publisher":{"@id":"https:\/\/candas365.es\/noticias\/#organization"},"image":{"@type":"ImageObject","url":"https:\/\/candas365.es\/noticias\/wp-content\/uploads\/2018\/03\/woman-638384_1280.jpg","width":1280,"height":850},"datePublished":"2019-06-15T16:59:22+02:00","dateModified":"2019-06-15T16:59:22+02:00","inLanguage":"es-ES","mainEntityOfPage":{"@id":"https:\/\/candas365.es\/noticias\/almuth-schult-elogia-y-critica-a-su-equipo\/#webpage"},"isPartOf":{"@id":"https:\/\/candas365.es\/noticias\/almuth-schult-elogia-y-critica-a-su-equipo\/#webpage"},"articleSection":"Deporte","dateline":"Publicado el junio 15, 2019."},{"@type":"Organization","@id":"https:\/\/candas365.es\/noticias\/#organization","name":"Cand\u00e1s 365","description":"Cand\u00e1s 365 es un diario digital independiente, fundado en 2012, con base en Asturias. Informamos con rigor sobre actualidad, sociedad, cultura y ocio, con una mirada local y global.","url":"https:\/\/candas365.es\/noticias\/","email":"info@candas365.es","telephone":"+34652131393","foundingDate":"2012-06-10","logo":{"@type":"ImageObject","url":"https:\/\/candas365.es\/noticias\/wp-content\/uploads\/2024\/09\/Candas-365-Redes.jpg","@id":"https:\/\/candas365.es\/noticias\/almuth-schult-elogia-y-critica-a-su-equipo\/#organizationLogo","width":1152,"height":864,"caption":"Cand\u00e1s 365 Redes"},"image":{"@id":"https:\/\/candas365.es\/noticias\/almuth-schult-elogia-y-critica-a-su-equipo\/#organizationLogo"},"sameAs":["https:\/\/www.facebook.com\/Nachofdezber","https:\/\/x.com\/NabercoDigital","https:\/\/www.instagram.com\/nachofdezber\/","https:\/\/www.youtube.com\/channel\/UCZP-2wLEB9Rv6erhFmqVnvg"],"address":{"@id":"https:\/\/candas365.es\/noticias\/#postaladdress","@type":"PostalAddress","streetAddress":"san antonio 4, san antonio 4","postalCode":"33430","addressLocality":"Cand\u00e1s","addressRegion":"Asturias","addressCountry":"ES"}},{"@type":"Person","@id":"https:\/\/candas365.es\/noticias\/author\/admin\/#author","url":"https:\/\/candas365.es\/noticias\/author\/admin\/","name":"Cand\u00e1s 365","image":{"@type":"ImageObject","@id":"https:\/\/candas365.es\/noticias\/almuth-schult-elogia-y-critica-a-su-equipo\/#authorImage","url":"https:\/\/secure.gravatar.com\/avatar\/496a8e03d0c493ede1718b7934145dbdf8d89be1036b0eec9544e1094c9de390?s=96&d=mm&r=g","width":96,"height":96,"caption":"Cand\u00e1s 365"},"sameAs":["https:\/\/www.facebook.com\/carrenoactualidad","https:\/\/twitter.com\/nbasturias","https:\/\/www.instagram.com\/nachofdezber\/","https:\/\/www.youtube.com\/channel\/UCZP-2wLEB9Rv6erhFmqVnvg"]},{"@type":"WebPage","@id":"https:\/\/candas365.es\/noticias\/almuth-schult-elogia-y-critica-a-su-equipo\/#webpage","url":"https:\/\/candas365.es\/noticias\/almuth-schult-elogia-y-critica-a-su-equipo\/","name":"Almuth Schult elogia y critica a su equipo | Cand\u00e1s 365","description":"Montpellier (Francia), 15 jun (dpa) - La portera de la selecci\u00f3n alemana de f\u00fatbol femenino, Almuth Schult, traz\u00f3 hoy un balance de puntos positivos y negativos de la participaci\u00f3n que hasta ahora mantuvo su equipo en el Mundial que se disputa en Francia. \"Este equipo tiene una muy fuerte voluntad y un muy buen estado","inLanguage":"es-ES","isPartOf":{"@id":"https:\/\/candas365.es\/noticias\/#website"},"breadcrumb":{"@id":"https:\/\/candas365.es\/noticias\/almuth-schult-elogia-y-critica-a-su-equipo\/#breadcrumblist"},"author":{"@id":"https:\/\/candas365.es\/noticias\/author\/admin\/#author"},"creator":{"@id":"https:\/\/candas365.es\/noticias\/author\/admin\/#author"},"image":{"@type":"ImageObject","url":"https:\/\/candas365.es\/noticias\/wp-content\/uploads\/2018\/03\/woman-638384_1280.jpg","@id":"https:\/\/candas365.es\/noticias\/almuth-schult-elogia-y-critica-a-su-equipo\/#mainImage","width":1280,"height":850},"primaryImageOfPage":{"@id":"https:\/\/candas365.es\/noticias\/almuth-schult-elogia-y-critica-a-su-equipo\/#mainImage"},"datePublished":"2019-06-15T16:59:22+02:00","dateModified":"2019-06-15T16:59:22+02:00"},{"@type":"WebSite","@id":"https:\/\/candas365.es\/noticias\/#website","url":"https:\/\/candas365.es\/noticias\/","name":"Cand\u00e1s 365","alternateName":"Cand\u00e1s 365 Noticias","description":"Actualidad desde Carre\u00f1o para el mundo","inLanguage":"es-ES","publisher":{"@id":"https:\/\/candas365.es\/noticias\/#organization"}}]},"og:locale":"es_ES","og:site_name":"Cand\u00e1s 365","og:type":"article","og:title":"Almuth Schult elogia y critica a su equipo | Cand\u00e1s 365","og:description":"Montpellier (Francia), 15 jun (dpa) - La portera de la selecci\u00f3n alemana de f\u00fatbol femenino, Almuth Schult, traz\u00f3 hoy un balance de puntos positivos y negativos de la participaci\u00f3n que hasta ahora mantuvo su equipo en el Mundial que se disputa en Francia. &quot;Este equipo tiene una muy fuerte voluntad y un muy buen estado","og:url":"https:\/\/candas365.es\/noticias\/almuth-schult-elogia-y-critica-a-su-equipo\/","og:image":"https:\/\/candas365.es\/noticias\/wp-content\/uploads\/2018\/03\/woman-638384_1280.jpg","og:image:secure_url":"https:\/\/candas365.es\/noticias\/wp-content\/uploads\/2018\/03\/woman-638384_1280.jpg","og:image:width":1280,"og:image:height":850,"article:published_time":"2019-06-15T16:59:22+00:00","article:modified_time":"2019-06-15T16:59:22+00:00","article:publisher":"https:\/\/www.facebook.com\/Nachofdezber","article:author":"https:\/\/www.facebook.com\/carrenoactualidad","twitter:card":"summary_large_image","twitter:site":"@NabercoDigital","twitter:title":"Almuth Schult elogia y critica a su equipo | Cand\u00e1s 365","twitter:description":"Montpellier (Francia), 15 jun (dpa) - La portera de la selecci\u00f3n alemana de f\u00fatbol femenino, Almuth Schult, traz\u00f3 hoy un balance de puntos positivos y negativos de la participaci\u00f3n que hasta ahora mantuvo su equipo en el Mundial que se disputa en Francia. &quot;Este equipo tiene una muy fuerte voluntad y un muy buen estado","twitter:creator":"@nbasturias","twitter:image":"https:\/\/candas365.es\/noticias\/wp-content\/uploads\/2018\/03\/woman-638384_1280.jpg","twitter:label1":"Escrito por","twitter:data1":"Cand\u00e1s 365","twitter:label2":"Tiempo de lectura estimado","twitter:data2":"1 minuto"},"aioseo_meta_data":{"post_id":"124545","title":null,"description":null,"keywords":null,"keyphrases":null,"primary_term":null,"canonical_url":null,"og_title":null,"og_description":null,"og_object_type":"default","og_image_type":"default","og_image_url":null,"og_image_width":null,"og_image_height":null,"og_image_custom_url":null,"og_image_custom_fields":null,"og_video":null,"og_custom_url":null,"og_article_section":null,"og_article_tags":null,"twitter_use_og":false,"twitter_card":"default","twitter_image_type":"default","twitter_image_url":null,"twitter_image_custom_url":null,"twitter_image_custom_fields":null,"twitter_title":null,"twitter_description":null,"schema":{"blockGraphs":[],"customGraphs":[],"default":{"data":{"Article":[],"Course":[],"Dataset":[],"FAQPage":[],"Movie":[],"Person":[],"Product":[],"ProductReview":[],"Car":[],"Recipe":[],"Service":[],"SoftwareApplication":[],"WebPage":[]},"graphName":"","isEnabled":true},"graphs":[]},"schema_type":null,"schema_type_options":null,"pillar_content":false,"robots_default":true,"robots_noindex":false,"robots_noarchive":false,"robots_nosnippet":false,"robots_nofollow":false,"robots_noimageindex":false,"robots_noodp":false,"robots_notranslate":false,"robots_max_snippet":null,"robots_max_videopreview":null,"robots_max_imagepreview":"large","priority":null,"frequency":null,"location":null,"local_seo":null,"seo_analyzer_scan_date":"2025-08-30 03:47:20","breadcrumb_settings":null,"limit_modified_date":false,"reviewed_by":null,"open_ai":null,"ai":null,"created":"2020-12-21 10:56:15","updated":"2025-08-30 03:47:20"},"aioseo_breadcrumb":"<div class=\"aioseo-breadcrumbs\"><span class=\"aioseo-breadcrumb\">\n\t<a href=\"https:\/\/candas365.es\/noticias\" title=\"Home\">Home<\/a>\n<\/span><span class=\"aioseo-breadcrumb-separator\">&ndash;<\/span><span class=\"aioseo-breadcrumb\">\n\t<a href=\"https:\/\/candas365.es\/noticias\/category\/deporte\/\" title=\"Deporte\">Deporte<\/a>\n<\/span><span class=\"aioseo-breadcrumb-separator\">&ndash;<\/span><span class=\"aioseo-breadcrumb\">\n\tAlmuth Schult elogia y critica a su equipo\n<\/span><\/div>","aioseo_breadcrumb_json":[{"label":"Home","link":"https:\/\/candas365.es\/noticias"},{"label":"Deporte","link":"https:\/\/candas365.es\/noticias\/category\/deporte\/"},{"label":"Almuth Schult elogia y critica a su equipo","link":"https:\/\/candas365.es\/noticias\/almuth-schult-elogia-y-critica-a-su-equipo\/"}],"_links":{"self":[{"href":"https:\/\/candas365.es\/noticias\/wp-json\/wp\/v2\/posts\/124545","targetHints":{"allow":["GET"]}}],"collection":[{"href":"https:\/\/candas365.es\/noticias\/wp-json\/wp\/v2\/posts"}],"about":[{"href":"https:\/\/candas365.es\/noticias\/wp-json\/wp\/v2\/types\/post"}],"author":[{"embeddable":true,"href":"https:\/\/candas365.es\/noticias\/wp-json\/wp\/v2\/users\/1"}],"replies":[{"embeddable":true,"href":"https:\/\/candas365.es\/noticias\/wp-json\/wp\/v2\/comments?post=124545"}],"version-history":[{"count":0,"href":"https:\/\/candas365.es\/noticias\/wp-json\/wp\/v2\/posts\/124545\/revisions"}],"wp:featuredmedia":[{"embeddable":true,"href":"https:\/\/candas365.es\/noticias\/wp-json\/wp\/v2\/media\/92011"}],"wp:attachment":[{"href":"https:\/\/candas365.es\/noticias\/wp-json\/wp\/v2\/media?parent=124545"}],"wp:term":[{"taxonomy":"category","embeddable":true,"href":"https:\/\/candas365.es\/noticias\/wp-json\/wp\/v2\/categories?post=124545"},{"taxonomy":"post_tag","embeddable":true,"href":"https:\/\/candas365.es\/noticias\/wp-json\/wp\/v2\/tags?post=124545"}],"curies":[{"name":"wp","href":"https:\/\/api.w.org\/{rel}","templated":true}]}}