{"id":124321,"date":"2019-06-13T05:47:51","date_gmt":"2019-06-13T05:47:51","guid":{"rendered":"http:\/\/candas365.es\/noticias\/?p=124321"},"modified":"2019-06-13T05:47:51","modified_gmt":"2019-06-13T05:47:51","slug":"hoy-no-manana-pondra-mas-humor-a-la-1","status":"publish","type":"post","link":"https:\/\/candas365.es\/noticias\/hoy-no-manana-pondra-mas-humor-a-la-1\/","title":{"rendered":"\u201cHoy no, ma\u00f1ana\u201d, pondr\u00e1 m\u00e1s humor a La 1"},"content":{"rendered":"<p><img fetchpriority=\"high\" decoding=\"async\" class=\"alignleft size-medium wp-image-124322\" src=\"https:\/\/candas365.es\/noticias\/wp-content\/uploads\/2019\/06\/ndp-tele13061901-360x240.jpg\" alt=\"\" width=\"360\" height=\"240\" srcset=\"https:\/\/candas365.es\/noticias\/wp-content\/uploads\/2019\/06\/ndp-tele13061901-360x240.jpg 360w, https:\/\/candas365.es\/noticias\/wp-content\/uploads\/2019\/06\/ndp-tele13061901-768x512.jpg 768w, https:\/\/candas365.es\/noticias\/wp-content\/uploads\/2019\/06\/ndp-tele13061901-655x436.jpg 655w, https:\/\/candas365.es\/noticias\/wp-content\/uploads\/2019\/06\/ndp-tele13061901-696x464.jpg 696w, https:\/\/candas365.es\/noticias\/wp-content\/uploads\/2019\/06\/ndp-tele13061901-1068x712.jpg 1068w, https:\/\/candas365.es\/noticias\/wp-content\/uploads\/2019\/06\/ndp-tele13061901-630x420.jpg 630w, https:\/\/candas365.es\/noticias\/wp-content\/uploads\/2019\/06\/ndp-tele13061901.jpg 1600w\" sizes=\"(max-width: 360px) 100vw, 360px\" \/>Imitadores, actores de comedia y monologuistas se unen bajo la batuta de Jos\u00e9 Mota en <strong>\u2018Hoy no, ma\u00f1ana\u2019<\/strong>, una producci\u00f3n de RTVE en colaboraci\u00f3n con Nueva L\u00ednea. Con Santiago Segura como maestro de ceremonias, el <strong>nuevo programa de La 1<\/strong> mostrar\u00e1 al espectador una singular, disparatada y divertida visi\u00f3n del mundo de hoy.<\/p>\n<p>El equipo del programa est\u00e1 formado por imitadores como Ra\u00fal P\u00e9rez, Javier Quero, Federico de Juan, Max Mariages o Leticia L\u00f3pez, capaces de encarnar a todos los personajes conocidos de Espa\u00f1a e incluso de otras partes del mundo. Entre los monologuistas, caras muy conocidas por el p\u00fablico como Comandante Lara, Mago More, Agust\u00edn Dur\u00e1n o Marta Gonz\u00e1lez de Vega. Y entre los actores de comedia, nombres tan populares como Paco Collado \u201cEl Aberroncho\u201d, Sayago Ayuso, Maribel Salas, Iker Galartza o Andoni Agirregomezkorta, entre otros. Tambi\u00e9n intervendr\u00e1n como personajes recurrentes Isidro Montalvo (el \u201ccoach de la cincha\u201d) y el youtuber Salva.<\/p>\n<p>Santiago Segura se encarga de presentar y despedir el programa y de dar paso a los sketches con su particular estilo. En ocasiones, estas transiciones ser\u00e1n breves intervenciones de humoristas con peque\u00f1os mon\u00f3logos, a modo de separadores.<\/p>\n<p>Los sketches dar\u00e1n una amplia visi\u00f3n de lo que pasa en el mundo de hoy, incluso de lo que podr\u00eda pasar y de lo que jam\u00e1s pasar\u00e1. Todo ello desde la amplia perspectiva del humor m\u00e1s directo y familiar: parodias de programas y series de televisi\u00f3n, los esfuerzos de los pol\u00edticos por conquistar el poder, la influencia de las redes sociales, los nuevos modelos sociales y econ\u00f3micos, las relaciones entre hombres y mujeres o las noticias m\u00e1s importantes del a\u00f1o en todos los \u00e1mbitos.<\/p>\n<p>Cada uno desde su particular visi\u00f3n de la comedia, aunados bajo la direcci\u00f3n de Jos\u00e9 Mota y Javier Vicu\u00f1a y conducidos por Santiago Segura, configuran la mayor reuni\u00f3n de profesionales del humor bajo un mismo formato para diseccionar la sociedad actual como s\u00f3lo el humor puede hacerlo.<\/p>\n","protected":false},"excerpt":{"rendered":"<p>Imitadores, actores de comedia y monologuistas se unen bajo la batuta de Jos\u00e9 Mota en \u2018Hoy no, ma\u00f1ana\u2019, una producci\u00f3n de RTVE en colaboraci\u00f3n con Nueva L\u00ednea. Con Santiago Segura como maestro de ceremonias, el nuevo programa de La 1 mostrar\u00e1 al espectador una singular, disparatada y divertida visi\u00f3n del mundo de hoy. El equipo<\/p>\n","protected":false},"author":1,"featured_media":124322,"comment_status":"closed","ping_status":"closed","sticky":false,"template":"","format":"standard","meta":{"footnotes":""},"categories":[1],"tags":[],"class_list":{"0":"post-124321","1":"post","2":"type-post","3":"status-publish","4":"format-standard","5":"has-post-thumbnail","7":"category-agenda"},"aioseo_notices":[],"aioseo_head":"\n\t\t<!-- All in One SEO Pro 4.9.6.2 - aioseo.com -->\n\t<meta name=\"description\" content=\"Imitadores, actores de comedia y monologuistas se unen bajo la batuta de Jos\u00e9 Mota en \u2018Hoy no, ma\u00f1ana\u2019, una producci\u00f3n de RTVE en colaboraci\u00f3n con Nueva L\u00ednea. Con Santiago Segura como maestro de ceremonias, el nuevo programa de La 1 mostrar\u00e1 al espectador una singular, disparatada y divertida visi\u00f3n del mundo de hoy. El equipo\" \/>\n\t<meta name=\"robots\" content=\"max-image-preview:large\" \/>\n\t<meta name=\"author\" content=\"Cand\u00e1s 365\"\/>\n\t<meta name=\"google-site-verification\" content=\"UA-32230408-1\" \/>\n\t<meta name=\"msvalidate.01\" content=\"354F3CDFB2DA171B47FBE9ABF1F88D5\" \/>\n\t<meta name=\"keywords\" content=\"agenda\" \/>\n\t<link rel=\"canonical\" href=\"https:\/\/candas365.es\/noticias\/hoy-no-manana-pondra-mas-humor-a-la-1\/\" \/>\n\t<meta name=\"generator\" content=\"All in One SEO Pro (AIOSEO) 4.9.6.2\" \/>\n\t\t<meta property=\"og:locale\" content=\"es_ES\" \/>\n\t\t<meta property=\"og:site_name\" content=\"Cand\u00e1s 365\" \/>\n\t\t<meta property=\"og:type\" content=\"article\" \/>\n\t\t<meta property=\"og:title\" content=\"\u201cHoy no, ma\u00f1ana\u201d, pondr\u00e1 m\u00e1s humor a La 1 | Cand\u00e1s 365\" \/>\n\t\t<meta property=\"og:description\" content=\"Imitadores, actores de comedia y monologuistas se unen bajo la batuta de Jos\u00e9 Mota en \u2018Hoy no, ma\u00f1ana\u2019, una producci\u00f3n de RTVE en colaboraci\u00f3n con Nueva L\u00ednea. Con Santiago Segura como maestro de ceremonias, el nuevo programa de La 1 mostrar\u00e1 al espectador una singular, disparatada y divertida visi\u00f3n del mundo de hoy. El equipo\" \/>\n\t\t<meta property=\"og:url\" content=\"https:\/\/candas365.es\/noticias\/hoy-no-manana-pondra-mas-humor-a-la-1\/\" \/>\n\t\t<meta property=\"og:image\" content=\"https:\/\/candas365.es\/noticias\/wp-content\/uploads\/2019\/06\/ndp-tele13061901.jpg\" \/>\n\t\t<meta property=\"og:image:secure_url\" content=\"https:\/\/candas365.es\/noticias\/wp-content\/uploads\/2019\/06\/ndp-tele13061901.jpg\" \/>\n\t\t<meta property=\"og:image:width\" content=\"1600\" \/>\n\t\t<meta property=\"og:image:height\" content=\"1066\" \/>\n\t\t<meta property=\"article:published_time\" content=\"2019-06-13T05:47:51+00:00\" \/>\n\t\t<meta property=\"article:modified_time\" content=\"2019-06-13T05:47:51+00:00\" \/>\n\t\t<meta property=\"article:publisher\" content=\"https:\/\/www.facebook.com\/Nachofdezber\" \/>\n\t\t<meta property=\"article:author\" content=\"https:\/\/www.facebook.com\/carrenoactualidad\" \/>\n\t\t<meta name=\"twitter:card\" content=\"summary_large_image\" \/>\n\t\t<meta name=\"twitter:site\" content=\"@NabercoDigital\" \/>\n\t\t<meta name=\"twitter:title\" content=\"\u201cHoy no, ma\u00f1ana\u201d, pondr\u00e1 m\u00e1s humor a La 1 | Cand\u00e1s 365\" \/>\n\t\t<meta name=\"twitter:description\" content=\"Imitadores, actores de comedia y monologuistas se unen bajo la batuta de Jos\u00e9 Mota en \u2018Hoy no, ma\u00f1ana\u2019, una producci\u00f3n de RTVE en colaboraci\u00f3n con Nueva L\u00ednea. Con Santiago Segura como maestro de ceremonias, el nuevo programa de La 1 mostrar\u00e1 al espectador una singular, disparatada y divertida visi\u00f3n del mundo de hoy. El equipo\" \/>\n\t\t<meta name=\"twitter:creator\" content=\"@nbasturias\" \/>\n\t\t<meta name=\"twitter:image\" content=\"https:\/\/candas365.es\/noticias\/wp-content\/uploads\/2019\/06\/ndp-tele13061901.jpg\" \/>\n\t\t<meta name=\"twitter:label1\" content=\"Escrito por\" \/>\n\t\t<meta name=\"twitter:data1\" content=\"Cand\u00e1s 365\" \/>\n\t\t<meta name=\"twitter:label2\" content=\"Tiempo de lectura estimado\" \/>\n\t\t<meta name=\"twitter:data2\" content=\"2 minutos\" \/>\n\t\t<script type=\"application\/ld+json\" class=\"aioseo-schema\">\n\t\t\t{\"@context\":\"https:\\\/\\\/schema.org\",\"@graph\":[{\"@type\":\"BreadcrumbList\",\"@id\":\"https:\\\/\\\/candas365.es\\\/noticias\\\/hoy-no-manana-pondra-mas-humor-a-la-1\\\/#breadcrumblist\",\"itemListElement\":[{\"@type\":\"ListItem\",\"@id\":\"https:\\\/\\\/candas365.es\\\/noticias#listItem\",\"position\":1,\"name\":\"Home\",\"item\":\"https:\\\/\\\/candas365.es\\\/noticias\",\"nextItem\":{\"@type\":\"ListItem\",\"@id\":\"https:\\\/\\\/candas365.es\\\/noticias\\\/category\\\/agenda\\\/#listItem\",\"name\":\"Agenda\"}},{\"@type\":\"ListItem\",\"@id\":\"https:\\\/\\\/candas365.es\\\/noticias\\\/category\\\/agenda\\\/#listItem\",\"position\":2,\"name\":\"Agenda\",\"item\":\"https:\\\/\\\/candas365.es\\\/noticias\\\/category\\\/agenda\\\/\",\"nextItem\":{\"@type\":\"ListItem\",\"@id\":\"https:\\\/\\\/candas365.es\\\/noticias\\\/hoy-no-manana-pondra-mas-humor-a-la-1\\\/#listItem\",\"name\":\"\\u201cHoy no, ma\\u00f1ana\\u201d, pondr\\u00e1 m\\u00e1s humor a La 1\"},\"previousItem\":{\"@type\":\"ListItem\",\"@id\":\"https:\\\/\\\/candas365.es\\\/noticias#listItem\",\"name\":\"Home\"}},{\"@type\":\"ListItem\",\"@id\":\"https:\\\/\\\/candas365.es\\\/noticias\\\/hoy-no-manana-pondra-mas-humor-a-la-1\\\/#listItem\",\"position\":3,\"name\":\"\\u201cHoy no, ma\\u00f1ana\\u201d, pondr\\u00e1 m\\u00e1s humor a La 1\",\"previousItem\":{\"@type\":\"ListItem\",\"@id\":\"https:\\\/\\\/candas365.es\\\/noticias\\\/category\\\/agenda\\\/#listItem\",\"name\":\"Agenda\"}}]},{\"@type\":\"NewsArticle\",\"@id\":\"https:\\\/\\\/candas365.es\\\/noticias\\\/hoy-no-manana-pondra-mas-humor-a-la-1\\\/#newsarticle\",\"name\":\"\\u201cHoy no, ma\\u00f1ana\\u201d, pondr\\u00e1 m\\u00e1s humor a La 1 | Cand\\u00e1s 365\",\"headline\":\"\\u201cHoy no, ma\\u00f1ana\\u201d, pondr\\u00e1 m\\u00e1s humor a La 1\",\"author\":{\"@id\":\"https:\\\/\\\/candas365.es\\\/noticias\\\/author\\\/admin\\\/#author\"},\"publisher\":{\"@id\":\"https:\\\/\\\/candas365.es\\\/noticias\\\/#organization\"},\"image\":{\"@type\":\"ImageObject\",\"url\":\"https:\\\/\\\/candas365.es\\\/noticias\\\/wp-content\\\/uploads\\\/2019\\\/06\\\/ndp-tele13061901.jpg\",\"width\":1600,\"height\":1066},\"datePublished\":\"2019-06-13T05:47:51+02:00\",\"dateModified\":\"2019-06-13T05:47:51+02:00\",\"inLanguage\":\"es-ES\",\"mainEntityOfPage\":{\"@id\":\"https:\\\/\\\/candas365.es\\\/noticias\\\/hoy-no-manana-pondra-mas-humor-a-la-1\\\/#webpage\"},\"isPartOf\":{\"@id\":\"https:\\\/\\\/candas365.es\\\/noticias\\\/hoy-no-manana-pondra-mas-humor-a-la-1\\\/#webpage\"},\"articleSection\":\"Agenda\",\"dateline\":\"Publicado el junio 13, 2019.\"},{\"@type\":\"Organization\",\"@id\":\"https:\\\/\\\/candas365.es\\\/noticias\\\/#organization\",\"name\":\"Cand\\u00e1s 365\",\"description\":\"Cand\\u00e1s 365 es un diario digital independiente, fundado en 2012, con base en Asturias. Informamos con rigor sobre actualidad, sociedad, cultura y ocio, con una mirada local y global.\",\"url\":\"https:\\\/\\\/candas365.es\\\/noticias\\\/\",\"email\":\"info@candas365.es\",\"telephone\":\"+34652131393\",\"foundingDate\":\"2012-06-10\",\"logo\":{\"@type\":\"ImageObject\",\"url\":\"https:\\\/\\\/candas365.es\\\/noticias\\\/wp-content\\\/uploads\\\/2024\\\/09\\\/Candas-365-Redes.jpg\",\"@id\":\"https:\\\/\\\/candas365.es\\\/noticias\\\/hoy-no-manana-pondra-mas-humor-a-la-1\\\/#organizationLogo\",\"width\":1152,\"height\":864,\"caption\":\"Cand\\u00e1s 365 Redes\"},\"image\":{\"@id\":\"https:\\\/\\\/candas365.es\\\/noticias\\\/hoy-no-manana-pondra-mas-humor-a-la-1\\\/#organizationLogo\"},\"sameAs\":[\"https:\\\/\\\/www.facebook.com\\\/Nachofdezber\",\"https:\\\/\\\/x.com\\\/NabercoDigital\",\"https:\\\/\\\/www.instagram.com\\\/nachofdezber\\\/\",\"https:\\\/\\\/www.youtube.com\\\/channel\\\/UCZP-2wLEB9Rv6erhFmqVnvg\"],\"address\":{\"@id\":\"https:\\\/\\\/candas365.es\\\/noticias\\\/#postaladdress\",\"@type\":\"PostalAddress\",\"streetAddress\":\"san antonio 4, san antonio 4\",\"postalCode\":\"33430\",\"addressLocality\":\"Cand\\u00e1s\",\"addressRegion\":\"Asturias\",\"addressCountry\":\"ES\"}},{\"@type\":\"Person\",\"@id\":\"https:\\\/\\\/candas365.es\\\/noticias\\\/author\\\/admin\\\/#author\",\"url\":\"https:\\\/\\\/candas365.es\\\/noticias\\\/author\\\/admin\\\/\",\"name\":\"Cand\\u00e1s 365\",\"image\":{\"@type\":\"ImageObject\",\"@id\":\"https:\\\/\\\/candas365.es\\\/noticias\\\/hoy-no-manana-pondra-mas-humor-a-la-1\\\/#authorImage\",\"url\":\"https:\\\/\\\/secure.gravatar.com\\\/avatar\\\/496a8e03d0c493ede1718b7934145dbdf8d89be1036b0eec9544e1094c9de390?s=96&d=mm&r=g\",\"width\":96,\"height\":96,\"caption\":\"Cand\\u00e1s 365\"},\"sameAs\":[\"https:\\\/\\\/www.facebook.com\\\/carrenoactualidad\",\"https:\\\/\\\/twitter.com\\\/nbasturias\",\"https:\\\/\\\/www.instagram.com\\\/nachofdezber\\\/\",\"https:\\\/\\\/www.youtube.com\\\/channel\\\/UCZP-2wLEB9Rv6erhFmqVnvg\"]},{\"@type\":\"WebPage\",\"@id\":\"https:\\\/\\\/candas365.es\\\/noticias\\\/hoy-no-manana-pondra-mas-humor-a-la-1\\\/#webpage\",\"url\":\"https:\\\/\\\/candas365.es\\\/noticias\\\/hoy-no-manana-pondra-mas-humor-a-la-1\\\/\",\"name\":\"\\u201cHoy no, ma\\u00f1ana\\u201d, pondr\\u00e1 m\\u00e1s humor a La 1 | Cand\\u00e1s 365\",\"description\":\"Imitadores, actores de comedia y monologuistas se unen bajo la batuta de Jos\\u00e9 Mota en \\u2018Hoy no, ma\\u00f1ana\\u2019, una producci\\u00f3n de RTVE en colaboraci\\u00f3n con Nueva L\\u00ednea. Con Santiago Segura como maestro de ceremonias, el nuevo programa de La 1 mostrar\\u00e1 al espectador una singular, disparatada y divertida visi\\u00f3n del mundo de hoy. El equipo\",\"inLanguage\":\"es-ES\",\"isPartOf\":{\"@id\":\"https:\\\/\\\/candas365.es\\\/noticias\\\/#website\"},\"breadcrumb\":{\"@id\":\"https:\\\/\\\/candas365.es\\\/noticias\\\/hoy-no-manana-pondra-mas-humor-a-la-1\\\/#breadcrumblist\"},\"author\":{\"@id\":\"https:\\\/\\\/candas365.es\\\/noticias\\\/author\\\/admin\\\/#author\"},\"creator\":{\"@id\":\"https:\\\/\\\/candas365.es\\\/noticias\\\/author\\\/admin\\\/#author\"},\"image\":{\"@type\":\"ImageObject\",\"url\":\"https:\\\/\\\/candas365.es\\\/noticias\\\/wp-content\\\/uploads\\\/2019\\\/06\\\/ndp-tele13061901.jpg\",\"@id\":\"https:\\\/\\\/candas365.es\\\/noticias\\\/hoy-no-manana-pondra-mas-humor-a-la-1\\\/#mainImage\",\"width\":1600,\"height\":1066},\"primaryImageOfPage\":{\"@id\":\"https:\\\/\\\/candas365.es\\\/noticias\\\/hoy-no-manana-pondra-mas-humor-a-la-1\\\/#mainImage\"},\"datePublished\":\"2019-06-13T05:47:51+02:00\",\"dateModified\":\"2019-06-13T05:47:51+02:00\"},{\"@type\":\"WebSite\",\"@id\":\"https:\\\/\\\/candas365.es\\\/noticias\\\/#website\",\"url\":\"https:\\\/\\\/candas365.es\\\/noticias\\\/\",\"name\":\"Cand\\u00e1s 365\",\"alternateName\":\"Cand\\u00e1s 365 Noticias\",\"description\":\"Actualidad desde Carre\\u00f1o para el mundo\",\"inLanguage\":\"es-ES\",\"publisher\":{\"@id\":\"https:\\\/\\\/candas365.es\\\/noticias\\\/#organization\"}}]}\n\t\t<\/script>\n\t\t<!-- All in One SEO Pro -->\r\n\t\t<title>\u201cHoy no, ma\u00f1ana\u201d, pondr\u00e1 m\u00e1s humor a La 1 | Cand\u00e1s 365<\/title>\n\n","aioseo_head_json":{"title":"\u201cHoy no, ma\u00f1ana\u201d, pondr\u00e1 m\u00e1s humor a La 1 | Cand\u00e1s 365","description":"Imitadores, actores de comedia y monologuistas se unen bajo la batuta de Jos\u00e9 Mota en \u2018Hoy no, ma\u00f1ana\u2019, una producci\u00f3n de RTVE en colaboraci\u00f3n con Nueva L\u00ednea. Con Santiago Segura como maestro de ceremonias, el nuevo programa de La 1 mostrar\u00e1 al espectador una singular, disparatada y divertida visi\u00f3n del mundo de hoy. El equipo","canonical_url":"https:\/\/candas365.es\/noticias\/hoy-no-manana-pondra-mas-humor-a-la-1\/","robots":"max-image-preview:large","keywords":"agenda","webmasterTools":{"google-site-verification":"UA-32230408-1","msvalidate.01":"354F3CDFB2DA171B47FBE9ABF1F88D5","miscellaneous":""},"schema":{"@context":"https:\/\/schema.org","@graph":[{"@type":"BreadcrumbList","@id":"https:\/\/candas365.es\/noticias\/hoy-no-manana-pondra-mas-humor-a-la-1\/#breadcrumblist","itemListElement":[{"@type":"ListItem","@id":"https:\/\/candas365.es\/noticias#listItem","position":1,"name":"Home","item":"https:\/\/candas365.es\/noticias","nextItem":{"@type":"ListItem","@id":"https:\/\/candas365.es\/noticias\/category\/agenda\/#listItem","name":"Agenda"}},{"@type":"ListItem","@id":"https:\/\/candas365.es\/noticias\/category\/agenda\/#listItem","position":2,"name":"Agenda","item":"https:\/\/candas365.es\/noticias\/category\/agenda\/","nextItem":{"@type":"ListItem","@id":"https:\/\/candas365.es\/noticias\/hoy-no-manana-pondra-mas-humor-a-la-1\/#listItem","name":"\u201cHoy no, ma\u00f1ana\u201d, pondr\u00e1 m\u00e1s humor a La 1"},"previousItem":{"@type":"ListItem","@id":"https:\/\/candas365.es\/noticias#listItem","name":"Home"}},{"@type":"ListItem","@id":"https:\/\/candas365.es\/noticias\/hoy-no-manana-pondra-mas-humor-a-la-1\/#listItem","position":3,"name":"\u201cHoy no, ma\u00f1ana\u201d, pondr\u00e1 m\u00e1s humor a La 1","previousItem":{"@type":"ListItem","@id":"https:\/\/candas365.es\/noticias\/category\/agenda\/#listItem","name":"Agenda"}}]},{"@type":"NewsArticle","@id":"https:\/\/candas365.es\/noticias\/hoy-no-manana-pondra-mas-humor-a-la-1\/#newsarticle","name":"\u201cHoy no, ma\u00f1ana\u201d, pondr\u00e1 m\u00e1s humor a La 1 | Cand\u00e1s 365","headline":"\u201cHoy no, ma\u00f1ana\u201d, pondr\u00e1 m\u00e1s humor a La 1","author":{"@id":"https:\/\/candas365.es\/noticias\/author\/admin\/#author"},"publisher":{"@id":"https:\/\/candas365.es\/noticias\/#organization"},"image":{"@type":"ImageObject","url":"https:\/\/candas365.es\/noticias\/wp-content\/uploads\/2019\/06\/ndp-tele13061901.jpg","width":1600,"height":1066},"datePublished":"2019-06-13T05:47:51+02:00","dateModified":"2019-06-13T05:47:51+02:00","inLanguage":"es-ES","mainEntityOfPage":{"@id":"https:\/\/candas365.es\/noticias\/hoy-no-manana-pondra-mas-humor-a-la-1\/#webpage"},"isPartOf":{"@id":"https:\/\/candas365.es\/noticias\/hoy-no-manana-pondra-mas-humor-a-la-1\/#webpage"},"articleSection":"Agenda","dateline":"Publicado el junio 13, 2019."},{"@type":"Organization","@id":"https:\/\/candas365.es\/noticias\/#organization","name":"Cand\u00e1s 365","description":"Cand\u00e1s 365 es un diario digital independiente, fundado en 2012, con base en Asturias. Informamos con rigor sobre actualidad, sociedad, cultura y ocio, con una mirada local y global.","url":"https:\/\/candas365.es\/noticias\/","email":"info@candas365.es","telephone":"+34652131393","foundingDate":"2012-06-10","logo":{"@type":"ImageObject","url":"https:\/\/candas365.es\/noticias\/wp-content\/uploads\/2024\/09\/Candas-365-Redes.jpg","@id":"https:\/\/candas365.es\/noticias\/hoy-no-manana-pondra-mas-humor-a-la-1\/#organizationLogo","width":1152,"height":864,"caption":"Cand\u00e1s 365 Redes"},"image":{"@id":"https:\/\/candas365.es\/noticias\/hoy-no-manana-pondra-mas-humor-a-la-1\/#organizationLogo"},"sameAs":["https:\/\/www.facebook.com\/Nachofdezber","https:\/\/x.com\/NabercoDigital","https:\/\/www.instagram.com\/nachofdezber\/","https:\/\/www.youtube.com\/channel\/UCZP-2wLEB9Rv6erhFmqVnvg"],"address":{"@id":"https:\/\/candas365.es\/noticias\/#postaladdress","@type":"PostalAddress","streetAddress":"san antonio 4, san antonio 4","postalCode":"33430","addressLocality":"Cand\u00e1s","addressRegion":"Asturias","addressCountry":"ES"}},{"@type":"Person","@id":"https:\/\/candas365.es\/noticias\/author\/admin\/#author","url":"https:\/\/candas365.es\/noticias\/author\/admin\/","name":"Cand\u00e1s 365","image":{"@type":"ImageObject","@id":"https:\/\/candas365.es\/noticias\/hoy-no-manana-pondra-mas-humor-a-la-1\/#authorImage","url":"https:\/\/secure.gravatar.com\/avatar\/496a8e03d0c493ede1718b7934145dbdf8d89be1036b0eec9544e1094c9de390?s=96&d=mm&r=g","width":96,"height":96,"caption":"Cand\u00e1s 365"},"sameAs":["https:\/\/www.facebook.com\/carrenoactualidad","https:\/\/twitter.com\/nbasturias","https:\/\/www.instagram.com\/nachofdezber\/","https:\/\/www.youtube.com\/channel\/UCZP-2wLEB9Rv6erhFmqVnvg"]},{"@type":"WebPage","@id":"https:\/\/candas365.es\/noticias\/hoy-no-manana-pondra-mas-humor-a-la-1\/#webpage","url":"https:\/\/candas365.es\/noticias\/hoy-no-manana-pondra-mas-humor-a-la-1\/","name":"\u201cHoy no, ma\u00f1ana\u201d, pondr\u00e1 m\u00e1s humor a La 1 | Cand\u00e1s 365","description":"Imitadores, actores de comedia y monologuistas se unen bajo la batuta de Jos\u00e9 Mota en \u2018Hoy no, ma\u00f1ana\u2019, una producci\u00f3n de RTVE en colaboraci\u00f3n con Nueva L\u00ednea. Con Santiago Segura como maestro de ceremonias, el nuevo programa de La 1 mostrar\u00e1 al espectador una singular, disparatada y divertida visi\u00f3n del mundo de hoy. El equipo","inLanguage":"es-ES","isPartOf":{"@id":"https:\/\/candas365.es\/noticias\/#website"},"breadcrumb":{"@id":"https:\/\/candas365.es\/noticias\/hoy-no-manana-pondra-mas-humor-a-la-1\/#breadcrumblist"},"author":{"@id":"https:\/\/candas365.es\/noticias\/author\/admin\/#author"},"creator":{"@id":"https:\/\/candas365.es\/noticias\/author\/admin\/#author"},"image":{"@type":"ImageObject","url":"https:\/\/candas365.es\/noticias\/wp-content\/uploads\/2019\/06\/ndp-tele13061901.jpg","@id":"https:\/\/candas365.es\/noticias\/hoy-no-manana-pondra-mas-humor-a-la-1\/#mainImage","width":1600,"height":1066},"primaryImageOfPage":{"@id":"https:\/\/candas365.es\/noticias\/hoy-no-manana-pondra-mas-humor-a-la-1\/#mainImage"},"datePublished":"2019-06-13T05:47:51+02:00","dateModified":"2019-06-13T05:47:51+02:00"},{"@type":"WebSite","@id":"https:\/\/candas365.es\/noticias\/#website","url":"https:\/\/candas365.es\/noticias\/","name":"Cand\u00e1s 365","alternateName":"Cand\u00e1s 365 Noticias","description":"Actualidad desde Carre\u00f1o para el mundo","inLanguage":"es-ES","publisher":{"@id":"https:\/\/candas365.es\/noticias\/#organization"}}]},"og:locale":"es_ES","og:site_name":"Cand\u00e1s 365","og:type":"article","og:title":"\u201cHoy no, ma\u00f1ana\u201d, pondr\u00e1 m\u00e1s humor a La 1 | Cand\u00e1s 365","og:description":"Imitadores, actores de comedia y monologuistas se unen bajo la batuta de Jos\u00e9 Mota en \u2018Hoy no, ma\u00f1ana\u2019, una producci\u00f3n de RTVE en colaboraci\u00f3n con Nueva L\u00ednea. Con Santiago Segura como maestro de ceremonias, el nuevo programa de La 1 mostrar\u00e1 al espectador una singular, disparatada y divertida visi\u00f3n del mundo de hoy. El equipo","og:url":"https:\/\/candas365.es\/noticias\/hoy-no-manana-pondra-mas-humor-a-la-1\/","og:image":"https:\/\/candas365.es\/noticias\/wp-content\/uploads\/2019\/06\/ndp-tele13061901.jpg","og:image:secure_url":"https:\/\/candas365.es\/noticias\/wp-content\/uploads\/2019\/06\/ndp-tele13061901.jpg","og:image:width":1600,"og:image:height":1066,"article:published_time":"2019-06-13T05:47:51+00:00","article:modified_time":"2019-06-13T05:47:51+00:00","article:publisher":"https:\/\/www.facebook.com\/Nachofdezber","article:author":"https:\/\/www.facebook.com\/carrenoactualidad","twitter:card":"summary_large_image","twitter:site":"@NabercoDigital","twitter:title":"\u201cHoy no, ma\u00f1ana\u201d, pondr\u00e1 m\u00e1s humor a La 1 | Cand\u00e1s 365","twitter:description":"Imitadores, actores de comedia y monologuistas se unen bajo la batuta de Jos\u00e9 Mota en \u2018Hoy no, ma\u00f1ana\u2019, una producci\u00f3n de RTVE en colaboraci\u00f3n con Nueva L\u00ednea. Con Santiago Segura como maestro de ceremonias, el nuevo programa de La 1 mostrar\u00e1 al espectador una singular, disparatada y divertida visi\u00f3n del mundo de hoy. El equipo","twitter:creator":"@nbasturias","twitter:image":"https:\/\/candas365.es\/noticias\/wp-content\/uploads\/2019\/06\/ndp-tele13061901.jpg","twitter:label1":"Escrito por","twitter:data1":"Cand\u00e1s 365","twitter:label2":"Tiempo de lectura estimado","twitter:data2":"2 minutos"},"aioseo_meta_data":{"post_id":"124321","title":null,"description":null,"keywords":null,"keyphrases":null,"primary_term":null,"canonical_url":null,"og_title":null,"og_description":null,"og_object_type":"default","og_image_type":"default","og_image_url":null,"og_image_width":null,"og_image_height":null,"og_image_custom_url":null,"og_image_custom_fields":null,"og_video":null,"og_custom_url":null,"og_article_section":null,"og_article_tags":null,"twitter_use_og":false,"twitter_card":"default","twitter_image_type":"default","twitter_image_url":null,"twitter_image_custom_url":null,"twitter_image_custom_fields":null,"twitter_title":null,"twitter_description":null,"schema":{"blockGraphs":[],"customGraphs":[],"default":{"data":{"Article":[],"Course":[],"Dataset":[],"FAQPage":[],"Movie":[],"Person":[],"Product":[],"ProductReview":[],"Car":[],"Recipe":[],"Service":[],"SoftwareApplication":[],"WebPage":[]},"graphName":"","isEnabled":true},"graphs":[]},"schema_type":null,"schema_type_options":null,"pillar_content":false,"robots_default":true,"robots_noindex":false,"robots_noarchive":false,"robots_nosnippet":false,"robots_nofollow":false,"robots_noimageindex":false,"robots_noodp":false,"robots_notranslate":false,"robots_max_snippet":null,"robots_max_videopreview":null,"robots_max_imagepreview":"large","priority":null,"frequency":null,"location":null,"local_seo":null,"seo_analyzer_scan_date":"2025-08-30 03:17:13","breadcrumb_settings":null,"limit_modified_date":false,"reviewed_by":null,"open_ai":null,"ai":null,"created":"2020-12-21 10:56:21","updated":"2025-08-30 03:17:13"},"aioseo_breadcrumb":"<div class=\"aioseo-breadcrumbs\"><span class=\"aioseo-breadcrumb\">\n\t<a href=\"https:\/\/candas365.es\/noticias\" title=\"Home\">Home<\/a>\n<\/span><span class=\"aioseo-breadcrumb-separator\">&ndash;<\/span><span class=\"aioseo-breadcrumb\">\n\t<a href=\"https:\/\/candas365.es\/noticias\/category\/agenda\/\" title=\"Agenda\">Agenda<\/a>\n<\/span><span class=\"aioseo-breadcrumb-separator\">&ndash;<\/span><span class=\"aioseo-breadcrumb\">\n\t\u201cHoy no, ma\u00f1ana\u201d, pondr\u00e1 m\u00e1s humor a La 1\n<\/span><\/div>","aioseo_breadcrumb_json":[{"label":"Home","link":"https:\/\/candas365.es\/noticias"},{"label":"Agenda","link":"https:\/\/candas365.es\/noticias\/category\/agenda\/"},{"label":"\u201cHoy no, ma\u00f1ana\u201d, pondr\u00e1 m\u00e1s humor a La 1","link":"https:\/\/candas365.es\/noticias\/hoy-no-manana-pondra-mas-humor-a-la-1\/"}],"_links":{"self":[{"href":"https:\/\/candas365.es\/noticias\/wp-json\/wp\/v2\/posts\/124321","targetHints":{"allow":["GET"]}}],"collection":[{"href":"https:\/\/candas365.es\/noticias\/wp-json\/wp\/v2\/posts"}],"about":[{"href":"https:\/\/candas365.es\/noticias\/wp-json\/wp\/v2\/types\/post"}],"author":[{"embeddable":true,"href":"https:\/\/candas365.es\/noticias\/wp-json\/wp\/v2\/users\/1"}],"replies":[{"embeddable":true,"href":"https:\/\/candas365.es\/noticias\/wp-json\/wp\/v2\/comments?post=124321"}],"version-history":[{"count":0,"href":"https:\/\/candas365.es\/noticias\/wp-json\/wp\/v2\/posts\/124321\/revisions"}],"wp:featuredmedia":[{"embeddable":true,"href":"https:\/\/candas365.es\/noticias\/wp-json\/wp\/v2\/media\/124322"}],"wp:attachment":[{"href":"https:\/\/candas365.es\/noticias\/wp-json\/wp\/v2\/media?parent=124321"}],"wp:term":[{"taxonomy":"category","embeddable":true,"href":"https:\/\/candas365.es\/noticias\/wp-json\/wp\/v2\/categories?post=124321"},{"taxonomy":"post_tag","embeddable":true,"href":"https:\/\/candas365.es\/noticias\/wp-json\/wp\/v2\/tags?post=124321"}],"curies":[{"name":"wp","href":"https:\/\/api.w.org\/{rel}","templated":true}]}}