{"id":123761,"date":"2019-06-04T14:01:13","date_gmt":"2019-06-04T14:01:13","guid":{"rendered":"http:\/\/candas365.es\/noticias\/?p=123761"},"modified":"2019-06-04T14:01:13","modified_gmt":"2019-06-04T14:01:13","slug":"en-portada-nos-llevara-a-ecuador-con-amor-de-ley","status":"publish","type":"post","link":"https:\/\/candas365.es\/noticias\/en-portada-nos-llevara-a-ecuador-con-amor-de-ley\/","title":{"rendered":"\u201cEn Portada\u201d nos llevar\u00e1 a Ecuador con \u201cAmor de ley\u201d"},"content":{"rendered":"<p><img fetchpriority=\"high\" decoding=\"async\" class=\"alignleft size-medium wp-image-123762\" src=\"https:\/\/candas365.es\/noticias\/wp-content\/uploads\/2019\/06\/ndp-tele-4061903-360x270.jpg\" alt=\"\" width=\"360\" height=\"270\" srcset=\"https:\/\/candas365.es\/noticias\/wp-content\/uploads\/2019\/06\/ndp-tele-4061903-360x270.jpg 360w, https:\/\/candas365.es\/noticias\/wp-content\/uploads\/2019\/06\/ndp-tele-4061903-768x576.jpg 768w, https:\/\/candas365.es\/noticias\/wp-content\/uploads\/2019\/06\/ndp-tele-4061903-640x480.jpg 640w, https:\/\/candas365.es\/noticias\/wp-content\/uploads\/2019\/06\/ndp-tele-4061903-80x60.jpg 80w, https:\/\/candas365.es\/noticias\/wp-content\/uploads\/2019\/06\/ndp-tele-4061903-265x198.jpg 265w, https:\/\/candas365.es\/noticias\/wp-content\/uploads\/2019\/06\/ndp-tele-4061903-696x522.jpg 696w, https:\/\/candas365.es\/noticias\/wp-content\/uploads\/2019\/06\/ndp-tele-4061903-1068x801.jpg 1068w, https:\/\/candas365.es\/noticias\/wp-content\/uploads\/2019\/06\/ndp-tele-4061903-560x420.jpg 560w, https:\/\/candas365.es\/noticias\/wp-content\/uploads\/2019\/06\/ndp-tele-4061903.jpg 1600w\" sizes=\"(max-width: 360px) 100vw, 360px\" \/>\u2018En Portada\u2019 viaja a Ecuador para mostrar un \u00e9xito poco conocido que tuvo lugar en los barrios m\u00e1s duros de este pa\u00eds: la transformaci\u00f3n de las pandillas callejeras (Latin King, \u00d1etas, Masters y otras) en agrupaciones juveniles urbanas, con la consiguiente reducci\u00f3n de violencia y delincuencia.<\/p>\n<p>La clave ha sido, no la represi\u00f3n policial, sino la v\u00eda pol\u00edtica, la negociaci\u00f3n entre las autoridades y los distintos grupos para que, mediante programas de formaci\u00f3n y culturales, los j\u00f3venes mantuviesen su identidad grupal pero se desvincularan de la violencia.<\/p>\n<p>El programa, puesto en marcha hace m\u00e1s de 10 a\u00f1os, tuvo precedentes en Barcelona, Nueva York y Chicago. En todos los casos, ha probado su eficacia. En estos momentos, Ecuador tiene uno de los \u00edndices de violencia y delincuencia m\u00e1s bajos de Am\u00e9rica Latina.<\/p>\n<p>\u2018Amor de ley\u2019 es un reportaje para todos los p\u00fablicos con guion de Yolanda Sobero; realizaci\u00f3n de Mariano Rodrigo; imagen y sonido de Alejandro Coves y Antonio Garrido; montaje de Txomin V\u00e1rez; sonorizaci\u00f3n de Isabel Garc\u00eda Leal; producci\u00f3n de Andr\u00e9s Garc\u00eda de la Calera y Lourdes Calvo; producci\u00f3n ejecutiva de Domingo Isaba; subdirecci\u00f3n de Susana Jim\u00e9nez; y direcci\u00f3n de Jos\u00e9 A. Guardiola.<\/p>\n","protected":false},"excerpt":{"rendered":"<p>\u2018En Portada\u2019 viaja a Ecuador para mostrar un \u00e9xito poco conocido que tuvo lugar en los barrios m\u00e1s duros de este pa\u00eds: la transformaci\u00f3n de las pandillas callejeras (Latin King, \u00d1etas, Masters y otras) en agrupaciones juveniles urbanas, con la consiguiente reducci\u00f3n de violencia y delincuencia. La clave ha sido, no la represi\u00f3n policial, sino<\/p>\n","protected":false},"author":1,"featured_media":123762,"comment_status":"closed","ping_status":"closed","sticky":false,"template":"","format":"standard","meta":{"footnotes":""},"categories":[1],"tags":[],"class_list":{"0":"post-123761","1":"post","2":"type-post","3":"status-publish","4":"format-standard","5":"has-post-thumbnail","7":"category-agenda"},"aioseo_notices":[],"aioseo_head":"\n\t\t<!-- All in One SEO Pro 4.9.6.2 - aioseo.com -->\n\t<meta name=\"description\" content=\"\u2018En Portada\u2019 viaja a Ecuador para mostrar un \u00e9xito poco conocido que tuvo lugar en los barrios m\u00e1s duros de este pa\u00eds: la transformaci\u00f3n de las pandillas callejeras (Latin King, \u00d1etas, Masters y otras) en agrupaciones juveniles urbanas, con la consiguiente reducci\u00f3n de violencia y delincuencia. La clave ha sido, no la represi\u00f3n policial, sino\" \/>\n\t<meta name=\"robots\" content=\"max-image-preview:large\" \/>\n\t<meta name=\"author\" content=\"Cand\u00e1s 365\"\/>\n\t<meta name=\"google-site-verification\" content=\"UA-32230408-1\" \/>\n\t<meta name=\"msvalidate.01\" content=\"354F3CDFB2DA171B47FBE9ABF1F88D5\" \/>\n\t<meta name=\"keywords\" content=\"agenda\" \/>\n\t<link rel=\"canonical\" href=\"https:\/\/candas365.es\/noticias\/en-portada-nos-llevara-a-ecuador-con-amor-de-ley\/\" \/>\n\t<meta name=\"generator\" content=\"All in One SEO Pro (AIOSEO) 4.9.6.2\" \/>\n\t\t<meta property=\"og:locale\" content=\"es_ES\" \/>\n\t\t<meta property=\"og:site_name\" content=\"Cand\u00e1s 365\" \/>\n\t\t<meta property=\"og:type\" content=\"article\" \/>\n\t\t<meta property=\"og:title\" content=\"\u201cEn Portada\u201d nos llevar\u00e1 a Ecuador con \u201cAmor de ley\u201d | Cand\u00e1s 365\" \/>\n\t\t<meta property=\"og:description\" content=\"\u2018En Portada\u2019 viaja a Ecuador para mostrar un \u00e9xito poco conocido que tuvo lugar en los barrios m\u00e1s duros de este pa\u00eds: la transformaci\u00f3n de las pandillas callejeras (Latin King, \u00d1etas, Masters y otras) en agrupaciones juveniles urbanas, con la consiguiente reducci\u00f3n de violencia y delincuencia. La clave ha sido, no la represi\u00f3n policial, sino\" \/>\n\t\t<meta property=\"og:url\" content=\"https:\/\/candas365.es\/noticias\/en-portada-nos-llevara-a-ecuador-con-amor-de-ley\/\" \/>\n\t\t<meta property=\"og:image\" content=\"https:\/\/candas365.es\/noticias\/wp-content\/uploads\/2019\/06\/ndp-tele-4061903.jpg\" \/>\n\t\t<meta property=\"og:image:secure_url\" content=\"https:\/\/candas365.es\/noticias\/wp-content\/uploads\/2019\/06\/ndp-tele-4061903.jpg\" \/>\n\t\t<meta property=\"og:image:width\" content=\"1600\" \/>\n\t\t<meta property=\"og:image:height\" content=\"1200\" \/>\n\t\t<meta property=\"article:published_time\" content=\"2019-06-04T14:01:13+00:00\" \/>\n\t\t<meta property=\"article:modified_time\" content=\"2019-06-04T14:01:13+00:00\" \/>\n\t\t<meta property=\"article:publisher\" content=\"https:\/\/www.facebook.com\/Nachofdezber\" \/>\n\t\t<meta property=\"article:author\" content=\"https:\/\/www.facebook.com\/carrenoactualidad\" \/>\n\t\t<meta name=\"twitter:card\" content=\"summary_large_image\" \/>\n\t\t<meta name=\"twitter:site\" content=\"@NabercoDigital\" \/>\n\t\t<meta name=\"twitter:title\" content=\"\u201cEn Portada\u201d nos llevar\u00e1 a Ecuador con \u201cAmor de ley\u201d | Cand\u00e1s 365\" \/>\n\t\t<meta name=\"twitter:description\" content=\"\u2018En Portada\u2019 viaja a Ecuador para mostrar un \u00e9xito poco conocido que tuvo lugar en los barrios m\u00e1s duros de este pa\u00eds: la transformaci\u00f3n de las pandillas callejeras (Latin King, \u00d1etas, Masters y otras) en agrupaciones juveniles urbanas, con la consiguiente reducci\u00f3n de violencia y delincuencia. La clave ha sido, no la represi\u00f3n policial, sino\" \/>\n\t\t<meta name=\"twitter:creator\" content=\"@nbasturias\" \/>\n\t\t<meta name=\"twitter:image\" content=\"https:\/\/candas365.es\/noticias\/wp-content\/uploads\/2019\/06\/ndp-tele-4061903.jpg\" \/>\n\t\t<meta name=\"twitter:label1\" content=\"Escrito por\" \/>\n\t\t<meta name=\"twitter:data1\" content=\"Cand\u00e1s 365\" \/>\n\t\t<meta name=\"twitter:label2\" content=\"Tiempo de lectura estimado\" \/>\n\t\t<meta name=\"twitter:data2\" content=\"1 minuto\" \/>\n\t\t<script type=\"application\/ld+json\" class=\"aioseo-schema\">\n\t\t\t{\"@context\":\"https:\\\/\\\/schema.org\",\"@graph\":[{\"@type\":\"BreadcrumbList\",\"@id\":\"https:\\\/\\\/candas365.es\\\/noticias\\\/en-portada-nos-llevara-a-ecuador-con-amor-de-ley\\\/#breadcrumblist\",\"itemListElement\":[{\"@type\":\"ListItem\",\"@id\":\"https:\\\/\\\/candas365.es\\\/noticias#listItem\",\"position\":1,\"name\":\"Home\",\"item\":\"https:\\\/\\\/candas365.es\\\/noticias\",\"nextItem\":{\"@type\":\"ListItem\",\"@id\":\"https:\\\/\\\/candas365.es\\\/noticias\\\/category\\\/agenda\\\/#listItem\",\"name\":\"Agenda\"}},{\"@type\":\"ListItem\",\"@id\":\"https:\\\/\\\/candas365.es\\\/noticias\\\/category\\\/agenda\\\/#listItem\",\"position\":2,\"name\":\"Agenda\",\"item\":\"https:\\\/\\\/candas365.es\\\/noticias\\\/category\\\/agenda\\\/\",\"nextItem\":{\"@type\":\"ListItem\",\"@id\":\"https:\\\/\\\/candas365.es\\\/noticias\\\/en-portada-nos-llevara-a-ecuador-con-amor-de-ley\\\/#listItem\",\"name\":\"\\u201cEn Portada\\u201d nos llevar\\u00e1 a Ecuador con \\u201cAmor de ley\\u201d\"},\"previousItem\":{\"@type\":\"ListItem\",\"@id\":\"https:\\\/\\\/candas365.es\\\/noticias#listItem\",\"name\":\"Home\"}},{\"@type\":\"ListItem\",\"@id\":\"https:\\\/\\\/candas365.es\\\/noticias\\\/en-portada-nos-llevara-a-ecuador-con-amor-de-ley\\\/#listItem\",\"position\":3,\"name\":\"\\u201cEn Portada\\u201d nos llevar\\u00e1 a Ecuador con \\u201cAmor de ley\\u201d\",\"previousItem\":{\"@type\":\"ListItem\",\"@id\":\"https:\\\/\\\/candas365.es\\\/noticias\\\/category\\\/agenda\\\/#listItem\",\"name\":\"Agenda\"}}]},{\"@type\":\"NewsArticle\",\"@id\":\"https:\\\/\\\/candas365.es\\\/noticias\\\/en-portada-nos-llevara-a-ecuador-con-amor-de-ley\\\/#newsarticle\",\"name\":\"\\u201cEn Portada\\u201d nos llevar\\u00e1 a Ecuador con \\u201cAmor de ley\\u201d | Cand\\u00e1s 365\",\"headline\":\"\\u201cEn Portada\\u201d nos llevar\\u00e1 a Ecuador con \\u201cAmor de ley\\u201d\",\"author\":{\"@id\":\"https:\\\/\\\/candas365.es\\\/noticias\\\/author\\\/admin\\\/#author\"},\"publisher\":{\"@id\":\"https:\\\/\\\/candas365.es\\\/noticias\\\/#organization\"},\"image\":{\"@type\":\"ImageObject\",\"url\":\"https:\\\/\\\/candas365.es\\\/noticias\\\/wp-content\\\/uploads\\\/2019\\\/06\\\/ndp-tele-4061903.jpg\",\"width\":1600,\"height\":1200},\"datePublished\":\"2019-06-04T14:01:13+02:00\",\"dateModified\":\"2019-06-04T14:01:13+02:00\",\"inLanguage\":\"es-ES\",\"mainEntityOfPage\":{\"@id\":\"https:\\\/\\\/candas365.es\\\/noticias\\\/en-portada-nos-llevara-a-ecuador-con-amor-de-ley\\\/#webpage\"},\"isPartOf\":{\"@id\":\"https:\\\/\\\/candas365.es\\\/noticias\\\/en-portada-nos-llevara-a-ecuador-con-amor-de-ley\\\/#webpage\"},\"articleSection\":\"Agenda\",\"dateline\":\"Publicado el junio 4, 2019.\"},{\"@type\":\"Organization\",\"@id\":\"https:\\\/\\\/candas365.es\\\/noticias\\\/#organization\",\"name\":\"Cand\\u00e1s 365\",\"description\":\"Cand\\u00e1s 365 es un diario digital independiente, fundado en 2012, con base en Asturias. Informamos con rigor sobre actualidad, sociedad, cultura y ocio, con una mirada local y global.\",\"url\":\"https:\\\/\\\/candas365.es\\\/noticias\\\/\",\"email\":\"info@candas365.es\",\"telephone\":\"+34652131393\",\"foundingDate\":\"2012-06-10\",\"logo\":{\"@type\":\"ImageObject\",\"url\":\"https:\\\/\\\/candas365.es\\\/noticias\\\/wp-content\\\/uploads\\\/2024\\\/09\\\/Candas-365-Redes.jpg\",\"@id\":\"https:\\\/\\\/candas365.es\\\/noticias\\\/en-portada-nos-llevara-a-ecuador-con-amor-de-ley\\\/#organizationLogo\",\"width\":1152,\"height\":864,\"caption\":\"Cand\\u00e1s 365 Redes\"},\"image\":{\"@id\":\"https:\\\/\\\/candas365.es\\\/noticias\\\/en-portada-nos-llevara-a-ecuador-con-amor-de-ley\\\/#organizationLogo\"},\"sameAs\":[\"https:\\\/\\\/www.facebook.com\\\/Nachofdezber\",\"https:\\\/\\\/x.com\\\/NabercoDigital\",\"https:\\\/\\\/www.instagram.com\\\/nachofdezber\\\/\",\"https:\\\/\\\/www.youtube.com\\\/channel\\\/UCZP-2wLEB9Rv6erhFmqVnvg\"],\"address\":{\"@id\":\"https:\\\/\\\/candas365.es\\\/noticias\\\/#postaladdress\",\"@type\":\"PostalAddress\",\"streetAddress\":\"san antonio 4, san antonio 4\",\"postalCode\":\"33430\",\"addressLocality\":\"Cand\\u00e1s\",\"addressRegion\":\"Asturias\",\"addressCountry\":\"ES\"}},{\"@type\":\"Person\",\"@id\":\"https:\\\/\\\/candas365.es\\\/noticias\\\/author\\\/admin\\\/#author\",\"url\":\"https:\\\/\\\/candas365.es\\\/noticias\\\/author\\\/admin\\\/\",\"name\":\"Cand\\u00e1s 365\",\"image\":{\"@type\":\"ImageObject\",\"@id\":\"https:\\\/\\\/candas365.es\\\/noticias\\\/en-portada-nos-llevara-a-ecuador-con-amor-de-ley\\\/#authorImage\",\"url\":\"https:\\\/\\\/secure.gravatar.com\\\/avatar\\\/496a8e03d0c493ede1718b7934145dbdf8d89be1036b0eec9544e1094c9de390?s=96&d=mm&r=g\",\"width\":96,\"height\":96,\"caption\":\"Cand\\u00e1s 365\"},\"sameAs\":[\"https:\\\/\\\/www.facebook.com\\\/carrenoactualidad\",\"https:\\\/\\\/twitter.com\\\/nbasturias\",\"https:\\\/\\\/www.instagram.com\\\/nachofdezber\\\/\",\"https:\\\/\\\/www.youtube.com\\\/channel\\\/UCZP-2wLEB9Rv6erhFmqVnvg\"]},{\"@type\":\"WebPage\",\"@id\":\"https:\\\/\\\/candas365.es\\\/noticias\\\/en-portada-nos-llevara-a-ecuador-con-amor-de-ley\\\/#webpage\",\"url\":\"https:\\\/\\\/candas365.es\\\/noticias\\\/en-portada-nos-llevara-a-ecuador-con-amor-de-ley\\\/\",\"name\":\"\\u201cEn Portada\\u201d nos llevar\\u00e1 a Ecuador con \\u201cAmor de ley\\u201d | Cand\\u00e1s 365\",\"description\":\"\\u2018En Portada\\u2019 viaja a Ecuador para mostrar un \\u00e9xito poco conocido que tuvo lugar en los barrios m\\u00e1s duros de este pa\\u00eds: la transformaci\\u00f3n de las pandillas callejeras (Latin King, \\u00d1etas, Masters y otras) en agrupaciones juveniles urbanas, con la consiguiente reducci\\u00f3n de violencia y delincuencia. La clave ha sido, no la represi\\u00f3n policial, sino\",\"inLanguage\":\"es-ES\",\"isPartOf\":{\"@id\":\"https:\\\/\\\/candas365.es\\\/noticias\\\/#website\"},\"breadcrumb\":{\"@id\":\"https:\\\/\\\/candas365.es\\\/noticias\\\/en-portada-nos-llevara-a-ecuador-con-amor-de-ley\\\/#breadcrumblist\"},\"author\":{\"@id\":\"https:\\\/\\\/candas365.es\\\/noticias\\\/author\\\/admin\\\/#author\"},\"creator\":{\"@id\":\"https:\\\/\\\/candas365.es\\\/noticias\\\/author\\\/admin\\\/#author\"},\"image\":{\"@type\":\"ImageObject\",\"url\":\"https:\\\/\\\/candas365.es\\\/noticias\\\/wp-content\\\/uploads\\\/2019\\\/06\\\/ndp-tele-4061903.jpg\",\"@id\":\"https:\\\/\\\/candas365.es\\\/noticias\\\/en-portada-nos-llevara-a-ecuador-con-amor-de-ley\\\/#mainImage\",\"width\":1600,\"height\":1200},\"primaryImageOfPage\":{\"@id\":\"https:\\\/\\\/candas365.es\\\/noticias\\\/en-portada-nos-llevara-a-ecuador-con-amor-de-ley\\\/#mainImage\"},\"datePublished\":\"2019-06-04T14:01:13+02:00\",\"dateModified\":\"2019-06-04T14:01:13+02:00\"},{\"@type\":\"WebSite\",\"@id\":\"https:\\\/\\\/candas365.es\\\/noticias\\\/#website\",\"url\":\"https:\\\/\\\/candas365.es\\\/noticias\\\/\",\"name\":\"Cand\\u00e1s 365\",\"alternateName\":\"Cand\\u00e1s 365 Noticias\",\"description\":\"Actualidad desde Carre\\u00f1o para el mundo\",\"inLanguage\":\"es-ES\",\"publisher\":{\"@id\":\"https:\\\/\\\/candas365.es\\\/noticias\\\/#organization\"}}]}\n\t\t<\/script>\n\t\t<!-- All in One SEO Pro -->\r\n\t\t<title>\u201cEn Portada\u201d nos llevar\u00e1 a Ecuador con \u201cAmor de ley\u201d | Cand\u00e1s 365<\/title>\n\n","aioseo_head_json":{"title":"\u201cEn Portada\u201d nos llevar\u00e1 a Ecuador con \u201cAmor de ley\u201d | Cand\u00e1s 365","description":"\u2018En Portada\u2019 viaja a Ecuador para mostrar un \u00e9xito poco conocido que tuvo lugar en los barrios m\u00e1s duros de este pa\u00eds: la transformaci\u00f3n de las pandillas callejeras (Latin King, \u00d1etas, Masters y otras) en agrupaciones juveniles urbanas, con la consiguiente reducci\u00f3n de violencia y delincuencia. La clave ha sido, no la represi\u00f3n policial, sino","canonical_url":"https:\/\/candas365.es\/noticias\/en-portada-nos-llevara-a-ecuador-con-amor-de-ley\/","robots":"max-image-preview:large","keywords":"agenda","webmasterTools":{"google-site-verification":"UA-32230408-1","msvalidate.01":"354F3CDFB2DA171B47FBE9ABF1F88D5","miscellaneous":""},"schema":{"@context":"https:\/\/schema.org","@graph":[{"@type":"BreadcrumbList","@id":"https:\/\/candas365.es\/noticias\/en-portada-nos-llevara-a-ecuador-con-amor-de-ley\/#breadcrumblist","itemListElement":[{"@type":"ListItem","@id":"https:\/\/candas365.es\/noticias#listItem","position":1,"name":"Home","item":"https:\/\/candas365.es\/noticias","nextItem":{"@type":"ListItem","@id":"https:\/\/candas365.es\/noticias\/category\/agenda\/#listItem","name":"Agenda"}},{"@type":"ListItem","@id":"https:\/\/candas365.es\/noticias\/category\/agenda\/#listItem","position":2,"name":"Agenda","item":"https:\/\/candas365.es\/noticias\/category\/agenda\/","nextItem":{"@type":"ListItem","@id":"https:\/\/candas365.es\/noticias\/en-portada-nos-llevara-a-ecuador-con-amor-de-ley\/#listItem","name":"\u201cEn Portada\u201d nos llevar\u00e1 a Ecuador con \u201cAmor de ley\u201d"},"previousItem":{"@type":"ListItem","@id":"https:\/\/candas365.es\/noticias#listItem","name":"Home"}},{"@type":"ListItem","@id":"https:\/\/candas365.es\/noticias\/en-portada-nos-llevara-a-ecuador-con-amor-de-ley\/#listItem","position":3,"name":"\u201cEn Portada\u201d nos llevar\u00e1 a Ecuador con \u201cAmor de ley\u201d","previousItem":{"@type":"ListItem","@id":"https:\/\/candas365.es\/noticias\/category\/agenda\/#listItem","name":"Agenda"}}]},{"@type":"NewsArticle","@id":"https:\/\/candas365.es\/noticias\/en-portada-nos-llevara-a-ecuador-con-amor-de-ley\/#newsarticle","name":"\u201cEn Portada\u201d nos llevar\u00e1 a Ecuador con \u201cAmor de ley\u201d | Cand\u00e1s 365","headline":"\u201cEn Portada\u201d nos llevar\u00e1 a Ecuador con \u201cAmor de ley\u201d","author":{"@id":"https:\/\/candas365.es\/noticias\/author\/admin\/#author"},"publisher":{"@id":"https:\/\/candas365.es\/noticias\/#organization"},"image":{"@type":"ImageObject","url":"https:\/\/candas365.es\/noticias\/wp-content\/uploads\/2019\/06\/ndp-tele-4061903.jpg","width":1600,"height":1200},"datePublished":"2019-06-04T14:01:13+02:00","dateModified":"2019-06-04T14:01:13+02:00","inLanguage":"es-ES","mainEntityOfPage":{"@id":"https:\/\/candas365.es\/noticias\/en-portada-nos-llevara-a-ecuador-con-amor-de-ley\/#webpage"},"isPartOf":{"@id":"https:\/\/candas365.es\/noticias\/en-portada-nos-llevara-a-ecuador-con-amor-de-ley\/#webpage"},"articleSection":"Agenda","dateline":"Publicado el junio 4, 2019."},{"@type":"Organization","@id":"https:\/\/candas365.es\/noticias\/#organization","name":"Cand\u00e1s 365","description":"Cand\u00e1s 365 es un diario digital independiente, fundado en 2012, con base en Asturias. Informamos con rigor sobre actualidad, sociedad, cultura y ocio, con una mirada local y global.","url":"https:\/\/candas365.es\/noticias\/","email":"info@candas365.es","telephone":"+34652131393","foundingDate":"2012-06-10","logo":{"@type":"ImageObject","url":"https:\/\/candas365.es\/noticias\/wp-content\/uploads\/2024\/09\/Candas-365-Redes.jpg","@id":"https:\/\/candas365.es\/noticias\/en-portada-nos-llevara-a-ecuador-con-amor-de-ley\/#organizationLogo","width":1152,"height":864,"caption":"Cand\u00e1s 365 Redes"},"image":{"@id":"https:\/\/candas365.es\/noticias\/en-portada-nos-llevara-a-ecuador-con-amor-de-ley\/#organizationLogo"},"sameAs":["https:\/\/www.facebook.com\/Nachofdezber","https:\/\/x.com\/NabercoDigital","https:\/\/www.instagram.com\/nachofdezber\/","https:\/\/www.youtube.com\/channel\/UCZP-2wLEB9Rv6erhFmqVnvg"],"address":{"@id":"https:\/\/candas365.es\/noticias\/#postaladdress","@type":"PostalAddress","streetAddress":"san antonio 4, san antonio 4","postalCode":"33430","addressLocality":"Cand\u00e1s","addressRegion":"Asturias","addressCountry":"ES"}},{"@type":"Person","@id":"https:\/\/candas365.es\/noticias\/author\/admin\/#author","url":"https:\/\/candas365.es\/noticias\/author\/admin\/","name":"Cand\u00e1s 365","image":{"@type":"ImageObject","@id":"https:\/\/candas365.es\/noticias\/en-portada-nos-llevara-a-ecuador-con-amor-de-ley\/#authorImage","url":"https:\/\/secure.gravatar.com\/avatar\/496a8e03d0c493ede1718b7934145dbdf8d89be1036b0eec9544e1094c9de390?s=96&d=mm&r=g","width":96,"height":96,"caption":"Cand\u00e1s 365"},"sameAs":["https:\/\/www.facebook.com\/carrenoactualidad","https:\/\/twitter.com\/nbasturias","https:\/\/www.instagram.com\/nachofdezber\/","https:\/\/www.youtube.com\/channel\/UCZP-2wLEB9Rv6erhFmqVnvg"]},{"@type":"WebPage","@id":"https:\/\/candas365.es\/noticias\/en-portada-nos-llevara-a-ecuador-con-amor-de-ley\/#webpage","url":"https:\/\/candas365.es\/noticias\/en-portada-nos-llevara-a-ecuador-con-amor-de-ley\/","name":"\u201cEn Portada\u201d nos llevar\u00e1 a Ecuador con \u201cAmor de ley\u201d | Cand\u00e1s 365","description":"\u2018En Portada\u2019 viaja a Ecuador para mostrar un \u00e9xito poco conocido que tuvo lugar en los barrios m\u00e1s duros de este pa\u00eds: la transformaci\u00f3n de las pandillas callejeras (Latin King, \u00d1etas, Masters y otras) en agrupaciones juveniles urbanas, con la consiguiente reducci\u00f3n de violencia y delincuencia. La clave ha sido, no la represi\u00f3n policial, sino","inLanguage":"es-ES","isPartOf":{"@id":"https:\/\/candas365.es\/noticias\/#website"},"breadcrumb":{"@id":"https:\/\/candas365.es\/noticias\/en-portada-nos-llevara-a-ecuador-con-amor-de-ley\/#breadcrumblist"},"author":{"@id":"https:\/\/candas365.es\/noticias\/author\/admin\/#author"},"creator":{"@id":"https:\/\/candas365.es\/noticias\/author\/admin\/#author"},"image":{"@type":"ImageObject","url":"https:\/\/candas365.es\/noticias\/wp-content\/uploads\/2019\/06\/ndp-tele-4061903.jpg","@id":"https:\/\/candas365.es\/noticias\/en-portada-nos-llevara-a-ecuador-con-amor-de-ley\/#mainImage","width":1600,"height":1200},"primaryImageOfPage":{"@id":"https:\/\/candas365.es\/noticias\/en-portada-nos-llevara-a-ecuador-con-amor-de-ley\/#mainImage"},"datePublished":"2019-06-04T14:01:13+02:00","dateModified":"2019-06-04T14:01:13+02:00"},{"@type":"WebSite","@id":"https:\/\/candas365.es\/noticias\/#website","url":"https:\/\/candas365.es\/noticias\/","name":"Cand\u00e1s 365","alternateName":"Cand\u00e1s 365 Noticias","description":"Actualidad desde Carre\u00f1o para el mundo","inLanguage":"es-ES","publisher":{"@id":"https:\/\/candas365.es\/noticias\/#organization"}}]},"og:locale":"es_ES","og:site_name":"Cand\u00e1s 365","og:type":"article","og:title":"\u201cEn Portada\u201d nos llevar\u00e1 a Ecuador con \u201cAmor de ley\u201d | Cand\u00e1s 365","og:description":"\u2018En Portada\u2019 viaja a Ecuador para mostrar un \u00e9xito poco conocido que tuvo lugar en los barrios m\u00e1s duros de este pa\u00eds: la transformaci\u00f3n de las pandillas callejeras (Latin King, \u00d1etas, Masters y otras) en agrupaciones juveniles urbanas, con la consiguiente reducci\u00f3n de violencia y delincuencia. La clave ha sido, no la represi\u00f3n policial, sino","og:url":"https:\/\/candas365.es\/noticias\/en-portada-nos-llevara-a-ecuador-con-amor-de-ley\/","og:image":"https:\/\/candas365.es\/noticias\/wp-content\/uploads\/2019\/06\/ndp-tele-4061903.jpg","og:image:secure_url":"https:\/\/candas365.es\/noticias\/wp-content\/uploads\/2019\/06\/ndp-tele-4061903.jpg","og:image:width":1600,"og:image:height":1200,"article:published_time":"2019-06-04T14:01:13+00:00","article:modified_time":"2019-06-04T14:01:13+00:00","article:publisher":"https:\/\/www.facebook.com\/Nachofdezber","article:author":"https:\/\/www.facebook.com\/carrenoactualidad","twitter:card":"summary_large_image","twitter:site":"@NabercoDigital","twitter:title":"\u201cEn Portada\u201d nos llevar\u00e1 a Ecuador con \u201cAmor de ley\u201d | Cand\u00e1s 365","twitter:description":"\u2018En Portada\u2019 viaja a Ecuador para mostrar un \u00e9xito poco conocido que tuvo lugar en los barrios m\u00e1s duros de este pa\u00eds: la transformaci\u00f3n de las pandillas callejeras (Latin King, \u00d1etas, Masters y otras) en agrupaciones juveniles urbanas, con la consiguiente reducci\u00f3n de violencia y delincuencia. La clave ha sido, no la represi\u00f3n policial, sino","twitter:creator":"@nbasturias","twitter:image":"https:\/\/candas365.es\/noticias\/wp-content\/uploads\/2019\/06\/ndp-tele-4061903.jpg","twitter:label1":"Escrito por","twitter:data1":"Cand\u00e1s 365","twitter:label2":"Tiempo de lectura estimado","twitter:data2":"1 minuto"},"aioseo_meta_data":{"post_id":"123761","title":null,"description":null,"keywords":null,"keyphrases":null,"primary_term":null,"canonical_url":null,"og_title":null,"og_description":null,"og_object_type":"default","og_image_type":"default","og_image_url":null,"og_image_width":null,"og_image_height":null,"og_image_custom_url":null,"og_image_custom_fields":null,"og_video":null,"og_custom_url":null,"og_article_section":null,"og_article_tags":null,"twitter_use_og":false,"twitter_card":"default","twitter_image_type":"default","twitter_image_url":null,"twitter_image_custom_url":null,"twitter_image_custom_fields":null,"twitter_title":null,"twitter_description":null,"schema":{"blockGraphs":[],"customGraphs":[],"default":{"data":{"Article":[],"Course":[],"Dataset":[],"FAQPage":[],"Movie":[],"Person":[],"Product":[],"ProductReview":[],"Car":[],"Recipe":[],"Service":[],"SoftwareApplication":[],"WebPage":[]},"graphName":"","isEnabled":true},"graphs":[]},"schema_type":null,"schema_type_options":null,"pillar_content":false,"robots_default":true,"robots_noindex":false,"robots_noarchive":false,"robots_nosnippet":false,"robots_nofollow":false,"robots_noimageindex":false,"robots_noodp":false,"robots_notranslate":false,"robots_max_snippet":null,"robots_max_videopreview":null,"robots_max_imagepreview":"large","priority":null,"frequency":null,"location":null,"local_seo":null,"seo_analyzer_scan_date":"2025-08-30 01:57:00","breadcrumb_settings":null,"limit_modified_date":false,"reviewed_by":null,"open_ai":null,"ai":null,"created":"2020-12-21 10:56:44","updated":"2025-08-30 01:57:00"},"aioseo_breadcrumb":"<div class=\"aioseo-breadcrumbs\"><span class=\"aioseo-breadcrumb\">\n\t<a href=\"https:\/\/candas365.es\/noticias\" title=\"Home\">Home<\/a>\n<\/span><span class=\"aioseo-breadcrumb-separator\">&ndash;<\/span><span class=\"aioseo-breadcrumb\">\n\t<a href=\"https:\/\/candas365.es\/noticias\/category\/agenda\/\" title=\"Agenda\">Agenda<\/a>\n<\/span><span class=\"aioseo-breadcrumb-separator\">&ndash;<\/span><span class=\"aioseo-breadcrumb\">\n\t\u201cEn Portada\u201d nos llevar\u00e1 a Ecuador con \u201cAmor de ley\u201d\n<\/span><\/div>","aioseo_breadcrumb_json":[{"label":"Home","link":"https:\/\/candas365.es\/noticias"},{"label":"Agenda","link":"https:\/\/candas365.es\/noticias\/category\/agenda\/"},{"label":"\u201cEn Portada\u201d nos llevar\u00e1 a Ecuador con \u201cAmor de ley\u201d","link":"https:\/\/candas365.es\/noticias\/en-portada-nos-llevara-a-ecuador-con-amor-de-ley\/"}],"_links":{"self":[{"href":"https:\/\/candas365.es\/noticias\/wp-json\/wp\/v2\/posts\/123761","targetHints":{"allow":["GET"]}}],"collection":[{"href":"https:\/\/candas365.es\/noticias\/wp-json\/wp\/v2\/posts"}],"about":[{"href":"https:\/\/candas365.es\/noticias\/wp-json\/wp\/v2\/types\/post"}],"author":[{"embeddable":true,"href":"https:\/\/candas365.es\/noticias\/wp-json\/wp\/v2\/users\/1"}],"replies":[{"embeddable":true,"href":"https:\/\/candas365.es\/noticias\/wp-json\/wp\/v2\/comments?post=123761"}],"version-history":[{"count":0,"href":"https:\/\/candas365.es\/noticias\/wp-json\/wp\/v2\/posts\/123761\/revisions"}],"wp:featuredmedia":[{"embeddable":true,"href":"https:\/\/candas365.es\/noticias\/wp-json\/wp\/v2\/media\/123762"}],"wp:attachment":[{"href":"https:\/\/candas365.es\/noticias\/wp-json\/wp\/v2\/media?parent=123761"}],"wp:term":[{"taxonomy":"category","embeddable":true,"href":"https:\/\/candas365.es\/noticias\/wp-json\/wp\/v2\/categories?post=123761"},{"taxonomy":"post_tag","embeddable":true,"href":"https:\/\/candas365.es\/noticias\/wp-json\/wp\/v2\/tags?post=123761"}],"curies":[{"name":"wp","href":"https:\/\/api.w.org\/{rel}","templated":true}]}}