{"id":123742,"date":"2019-06-03T19:50:01","date_gmt":"2019-06-03T19:50:01","guid":{"rendered":"http:\/\/candas365.es\/noticias\/?p=123742"},"modified":"2019-06-03T19:50:01","modified_gmt":"2019-06-03T19:50:01","slug":"beckenbauer-deseria-tener-a-jurgen-klopp-en-el-bayern-munich","status":"publish","type":"post","link":"https:\/\/candas365.es\/noticias\/beckenbauer-deseria-tener-a-jurgen-klopp-en-el-bayern-munich\/","title":{"rendered":"Beckenbauer deser\u00eda tener a J\u00fcrgen Klopp en el Bayern M\u00fanich"},"content":{"rendered":"<p><img fetchpriority=\"high\" decoding=\"async\" class=\"alignleft size-medium wp-image-94574\" src=\"https:\/\/candas365.es\/noticias\/wp-content\/uploads\/2018\/04\/arena-1181668_960_720-360x240.jpg\" alt=\"\" width=\"360\" height=\"240\" srcset=\"https:\/\/candas365.es\/noticias\/wp-content\/uploads\/2018\/04\/arena-1181668_960_720-360x240.jpg 360w, https:\/\/candas365.es\/noticias\/wp-content\/uploads\/2018\/04\/arena-1181668_960_720-768x512.jpg 768w, https:\/\/candas365.es\/noticias\/wp-content\/uploads\/2018\/04\/arena-1181668_960_720-655x437.jpg 655w, https:\/\/candas365.es\/noticias\/wp-content\/uploads\/2018\/04\/arena-1181668_960_720-696x464.jpg 696w, https:\/\/candas365.es\/noticias\/wp-content\/uploads\/2018\/04\/arena-1181668_960_720-630x420.jpg 630w, https:\/\/candas365.es\/noticias\/wp-content\/uploads\/2018\/04\/arena-1181668_960_720.jpg 960w\" sizes=\"(max-width: 360px) 100vw, 360px\" \/>Berl\u00edn, 3 jun (dpa) \u2013 Los elogios de Franz Beckenbauer hacia el entrenador J\u00fcrgen Klopp tras coronar al Liverpool como campe\u00f3n de la Liga de Campeones, reafirman su deseo de verle entrenar en el futuro al Bayern M\u00fanich, seg\u00fan declaraciones que publica hoy el peri\u00f3dico alem\u00e1n \u00abBild\u00bb.<\/p>\n<p>\u00abNada me gustar\u00eda m\u00e1s que \u00e9l viniese alg\u00fan d\u00eda al Bayern M\u00fanich\u00bb, dijo Beckenbauer. \u00abEncajar\u00eda bien. Para m\u00ed, es uno de los mejores entrenadores del mundo\u00bb, a\u00f1adi\u00f3.<\/p>\n<p>Klopp \u00abtrajo el nuevo f\u00fatbol a Alemania. Juego de cambios r\u00e1pidos, con jugadores veloces en el ataque frente al rival. Eso reemplaz\u00f3 al insistente control del bal\u00f3n. Lo que empez\u00f3 en Dortmund, lo refin\u00f3 con el Liverpool\u00bb, explic\u00f3.<\/p>\n<p>Beckenbauer ya expres\u00f3 en marzo, tras la eliminaci\u00f3n del M\u00fanich en octavos de final de la Liga de Campeones contra el Liverpool, su deseo de que Klopp se convirtiera en entrenador del club b\u00e1varo. Klopp respondi\u00f3 que se sent\u00eda honrado, pero que encajaba en el Liverpool y que esperaba quedarse m\u00e1s tiempo.<\/p>\n<p>\u00abCreo que un trabajo en Inglaterra te robar\u00e1 tu fuerza. Como renombrado entrenador de un club de la Premier League, tienes a\u00fan m\u00e1s responsabilidad que un entrenador de la Bundesliga. Y con dos competiciones de Copa y la mejor Liga, el n\u00famero de partidos es mucho mayor que con nosotros\u00bb, le replic\u00f3 seg\u00fan en el peri\u00f3dico \u00abBild\u00bb.<\/p>\n<p>Klopp es entrenador del Liverpool desde 2015. Anteriormente, en la Bundesliga, entren\u00f3 al Borussia Dortmund y al Mainz.<\/p>\n","protected":false},"excerpt":{"rendered":"<p>Berl\u00edn, 3 jun (dpa) \u2013 Los elogios de Franz Beckenbauer hacia el entrenador J\u00fcrgen Klopp tras coronar al Liverpool como campe\u00f3n de la Liga de Campeones, reafirman su deseo de verle entrenar en el futuro al Bayern M\u00fanich, seg\u00fan declaraciones que publica hoy el peri\u00f3dico alem\u00e1n \u00abBild\u00bb. \u00abNada me gustar\u00eda m\u00e1s que \u00e9l viniese alg\u00fan<\/p>\n","protected":false},"author":1,"featured_media":94574,"comment_status":"closed","ping_status":"closed","sticky":false,"template":"","format":"standard","meta":{"footnotes":""},"categories":[319],"tags":[],"class_list":{"0":"post-123742","1":"post","2":"type-post","3":"status-publish","4":"format-standard","5":"has-post-thumbnail","7":"category-deporte"},"aioseo_notices":[],"aioseo_head":"\n\t\t<!-- All in One SEO Pro 4.9.6.2 - aioseo.com -->\n\t<meta name=\"description\" content=\"Berl\u00edn, 3 jun (dpa) \u2013 Los elogios de Franz Beckenbauer hacia el entrenador J\u00fcrgen Klopp tras coronar al Liverpool como campe\u00f3n de la Liga de Campeones, reafirman su deseo de verle entrenar en el futuro al Bayern M\u00fanich, seg\u00fan declaraciones que publica hoy el peri\u00f3dico alem\u00e1n &quot;Bild&quot;. &quot;Nada me gustar\u00eda m\u00e1s que \u00e9l viniese alg\u00fan\" \/>\n\t<meta name=\"robots\" content=\"max-image-preview:large\" \/>\n\t<meta name=\"author\" content=\"Cand\u00e1s 365\"\/>\n\t<meta name=\"google-site-verification\" content=\"UA-32230408-1\" \/>\n\t<meta name=\"msvalidate.01\" content=\"354F3CDFB2DA171B47FBE9ABF1F88D5\" \/>\n\t<meta name=\"keywords\" content=\"deporte\" \/>\n\t<link rel=\"canonical\" href=\"https:\/\/candas365.es\/noticias\/beckenbauer-deseria-tener-a-jurgen-klopp-en-el-bayern-munich\/\" \/>\n\t<meta name=\"generator\" content=\"All in One SEO Pro (AIOSEO) 4.9.6.2\" \/>\n\t\t<meta property=\"og:locale\" content=\"es_ES\" \/>\n\t\t<meta property=\"og:site_name\" content=\"Cand\u00e1s 365\" \/>\n\t\t<meta property=\"og:type\" content=\"article\" \/>\n\t\t<meta property=\"og:title\" content=\"Beckenbauer deser\u00eda tener a J\u00fcrgen Klopp en el Bayern M\u00fanich | Cand\u00e1s 365\" \/>\n\t\t<meta property=\"og:description\" content=\"Berl\u00edn, 3 jun (dpa) \u2013 Los elogios de Franz Beckenbauer hacia el entrenador J\u00fcrgen Klopp tras coronar al Liverpool como campe\u00f3n de la Liga de Campeones, reafirman su deseo de verle entrenar en el futuro al Bayern M\u00fanich, seg\u00fan declaraciones que publica hoy el peri\u00f3dico alem\u00e1n &quot;Bild&quot;. &quot;Nada me gustar\u00eda m\u00e1s que \u00e9l viniese alg\u00fan\" \/>\n\t\t<meta property=\"og:url\" content=\"https:\/\/candas365.es\/noticias\/beckenbauer-deseria-tener-a-jurgen-klopp-en-el-bayern-munich\/\" \/>\n\t\t<meta property=\"og:image\" content=\"https:\/\/candas365.es\/noticias\/wp-content\/uploads\/2018\/04\/arena-1181668_960_720.jpg\" \/>\n\t\t<meta property=\"og:image:secure_url\" content=\"https:\/\/candas365.es\/noticias\/wp-content\/uploads\/2018\/04\/arena-1181668_960_720.jpg\" \/>\n\t\t<meta property=\"og:image:width\" content=\"960\" \/>\n\t\t<meta property=\"og:image:height\" content=\"640\" \/>\n\t\t<meta property=\"article:published_time\" content=\"2019-06-03T19:50:01+00:00\" \/>\n\t\t<meta property=\"article:modified_time\" content=\"2019-06-03T19:50:01+00:00\" \/>\n\t\t<meta property=\"article:publisher\" content=\"https:\/\/www.facebook.com\/Nachofdezber\" \/>\n\t\t<meta property=\"article:author\" content=\"https:\/\/www.facebook.com\/carrenoactualidad\" \/>\n\t\t<meta name=\"twitter:card\" content=\"summary_large_image\" \/>\n\t\t<meta name=\"twitter:site\" content=\"@NabercoDigital\" \/>\n\t\t<meta name=\"twitter:title\" content=\"Beckenbauer deser\u00eda tener a J\u00fcrgen Klopp en el Bayern M\u00fanich | Cand\u00e1s 365\" \/>\n\t\t<meta name=\"twitter:description\" content=\"Berl\u00edn, 3 jun (dpa) \u2013 Los elogios de Franz Beckenbauer hacia el entrenador J\u00fcrgen Klopp tras coronar al Liverpool como campe\u00f3n de la Liga de Campeones, reafirman su deseo de verle entrenar en el futuro al Bayern M\u00fanich, seg\u00fan declaraciones que publica hoy el peri\u00f3dico alem\u00e1n &quot;Bild&quot;. &quot;Nada me gustar\u00eda m\u00e1s que \u00e9l viniese alg\u00fan\" \/>\n\t\t<meta name=\"twitter:creator\" content=\"@nbasturias\" \/>\n\t\t<meta name=\"twitter:image\" content=\"https:\/\/candas365.es\/noticias\/wp-content\/uploads\/2018\/04\/arena-1181668_960_720.jpg\" \/>\n\t\t<meta name=\"twitter:label1\" content=\"Escrito por\" \/>\n\t\t<meta name=\"twitter:data1\" content=\"Cand\u00e1s 365\" \/>\n\t\t<meta name=\"twitter:label2\" content=\"Tiempo de lectura estimado\" \/>\n\t\t<meta name=\"twitter:data2\" content=\"1 minuto\" \/>\n\t\t<script type=\"application\/ld+json\" class=\"aioseo-schema\">\n\t\t\t{\"@context\":\"https:\\\/\\\/schema.org\",\"@graph\":[{\"@type\":\"BreadcrumbList\",\"@id\":\"https:\\\/\\\/candas365.es\\\/noticias\\\/beckenbauer-deseria-tener-a-jurgen-klopp-en-el-bayern-munich\\\/#breadcrumblist\",\"itemListElement\":[{\"@type\":\"ListItem\",\"@id\":\"https:\\\/\\\/candas365.es\\\/noticias#listItem\",\"position\":1,\"name\":\"Home\",\"item\":\"https:\\\/\\\/candas365.es\\\/noticias\",\"nextItem\":{\"@type\":\"ListItem\",\"@id\":\"https:\\\/\\\/candas365.es\\\/noticias\\\/category\\\/deporte\\\/#listItem\",\"name\":\"Deporte\"}},{\"@type\":\"ListItem\",\"@id\":\"https:\\\/\\\/candas365.es\\\/noticias\\\/category\\\/deporte\\\/#listItem\",\"position\":2,\"name\":\"Deporte\",\"item\":\"https:\\\/\\\/candas365.es\\\/noticias\\\/category\\\/deporte\\\/\",\"nextItem\":{\"@type\":\"ListItem\",\"@id\":\"https:\\\/\\\/candas365.es\\\/noticias\\\/beckenbauer-deseria-tener-a-jurgen-klopp-en-el-bayern-munich\\\/#listItem\",\"name\":\"Beckenbauer deser\\u00eda tener a J\\u00fcrgen Klopp en el Bayern M\\u00fanich\"},\"previousItem\":{\"@type\":\"ListItem\",\"@id\":\"https:\\\/\\\/candas365.es\\\/noticias#listItem\",\"name\":\"Home\"}},{\"@type\":\"ListItem\",\"@id\":\"https:\\\/\\\/candas365.es\\\/noticias\\\/beckenbauer-deseria-tener-a-jurgen-klopp-en-el-bayern-munich\\\/#listItem\",\"position\":3,\"name\":\"Beckenbauer deser\\u00eda tener a J\\u00fcrgen Klopp en el Bayern M\\u00fanich\",\"previousItem\":{\"@type\":\"ListItem\",\"@id\":\"https:\\\/\\\/candas365.es\\\/noticias\\\/category\\\/deporte\\\/#listItem\",\"name\":\"Deporte\"}}]},{\"@type\":\"NewsArticle\",\"@id\":\"https:\\\/\\\/candas365.es\\\/noticias\\\/beckenbauer-deseria-tener-a-jurgen-klopp-en-el-bayern-munich\\\/#newsarticle\",\"name\":\"Beckenbauer deser\\u00eda tener a J\\u00fcrgen Klopp en el Bayern M\\u00fanich | Cand\\u00e1s 365\",\"headline\":\"Beckenbauer deser\\u00eda tener a J\\u00fcrgen Klopp en el Bayern M\\u00fanich\",\"author\":{\"@id\":\"https:\\\/\\\/candas365.es\\\/noticias\\\/author\\\/admin\\\/#author\"},\"publisher\":{\"@id\":\"https:\\\/\\\/candas365.es\\\/noticias\\\/#organization\"},\"image\":{\"@type\":\"ImageObject\",\"url\":\"https:\\\/\\\/candas365.es\\\/noticias\\\/wp-content\\\/uploads\\\/2018\\\/04\\\/arena-1181668_960_720.jpg\",\"width\":960,\"height\":640},\"datePublished\":\"2019-06-03T19:50:01+02:00\",\"dateModified\":\"2019-06-03T19:50:01+02:00\",\"inLanguage\":\"es-ES\",\"mainEntityOfPage\":{\"@id\":\"https:\\\/\\\/candas365.es\\\/noticias\\\/beckenbauer-deseria-tener-a-jurgen-klopp-en-el-bayern-munich\\\/#webpage\"},\"isPartOf\":{\"@id\":\"https:\\\/\\\/candas365.es\\\/noticias\\\/beckenbauer-deseria-tener-a-jurgen-klopp-en-el-bayern-munich\\\/#webpage\"},\"articleSection\":\"Deporte\",\"dateline\":\"Publicado el junio 3, 2019.\"},{\"@type\":\"Organization\",\"@id\":\"https:\\\/\\\/candas365.es\\\/noticias\\\/#organization\",\"name\":\"Cand\\u00e1s 365\",\"description\":\"Cand\\u00e1s 365 es un diario digital independiente, fundado en 2012, con base en Asturias. Informamos con rigor sobre actualidad, sociedad, cultura y ocio, con una mirada local y global.\",\"url\":\"https:\\\/\\\/candas365.es\\\/noticias\\\/\",\"email\":\"info@candas365.es\",\"telephone\":\"+34652131393\",\"foundingDate\":\"2012-06-10\",\"logo\":{\"@type\":\"ImageObject\",\"url\":\"https:\\\/\\\/candas365.es\\\/noticias\\\/wp-content\\\/uploads\\\/2024\\\/09\\\/Candas-365-Redes.jpg\",\"@id\":\"https:\\\/\\\/candas365.es\\\/noticias\\\/beckenbauer-deseria-tener-a-jurgen-klopp-en-el-bayern-munich\\\/#organizationLogo\",\"width\":1152,\"height\":864,\"caption\":\"Cand\\u00e1s 365 Redes\"},\"image\":{\"@id\":\"https:\\\/\\\/candas365.es\\\/noticias\\\/beckenbauer-deseria-tener-a-jurgen-klopp-en-el-bayern-munich\\\/#organizationLogo\"},\"sameAs\":[\"https:\\\/\\\/www.facebook.com\\\/Nachofdezber\",\"https:\\\/\\\/x.com\\\/NabercoDigital\",\"https:\\\/\\\/www.instagram.com\\\/nachofdezber\\\/\",\"https:\\\/\\\/www.youtube.com\\\/channel\\\/UCZP-2wLEB9Rv6erhFmqVnvg\"],\"address\":{\"@id\":\"https:\\\/\\\/candas365.es\\\/noticias\\\/#postaladdress\",\"@type\":\"PostalAddress\",\"streetAddress\":\"san antonio 4, san antonio 4\",\"postalCode\":\"33430\",\"addressLocality\":\"Cand\\u00e1s\",\"addressRegion\":\"Asturias\",\"addressCountry\":\"ES\"}},{\"@type\":\"Person\",\"@id\":\"https:\\\/\\\/candas365.es\\\/noticias\\\/author\\\/admin\\\/#author\",\"url\":\"https:\\\/\\\/candas365.es\\\/noticias\\\/author\\\/admin\\\/\",\"name\":\"Cand\\u00e1s 365\",\"image\":{\"@type\":\"ImageObject\",\"@id\":\"https:\\\/\\\/candas365.es\\\/noticias\\\/beckenbauer-deseria-tener-a-jurgen-klopp-en-el-bayern-munich\\\/#authorImage\",\"url\":\"https:\\\/\\\/secure.gravatar.com\\\/avatar\\\/496a8e03d0c493ede1718b7934145dbdf8d89be1036b0eec9544e1094c9de390?s=96&d=mm&r=g\",\"width\":96,\"height\":96,\"caption\":\"Cand\\u00e1s 365\"},\"sameAs\":[\"https:\\\/\\\/www.facebook.com\\\/carrenoactualidad\",\"https:\\\/\\\/twitter.com\\\/nbasturias\",\"https:\\\/\\\/www.instagram.com\\\/nachofdezber\\\/\",\"https:\\\/\\\/www.youtube.com\\\/channel\\\/UCZP-2wLEB9Rv6erhFmqVnvg\"]},{\"@type\":\"WebPage\",\"@id\":\"https:\\\/\\\/candas365.es\\\/noticias\\\/beckenbauer-deseria-tener-a-jurgen-klopp-en-el-bayern-munich\\\/#webpage\",\"url\":\"https:\\\/\\\/candas365.es\\\/noticias\\\/beckenbauer-deseria-tener-a-jurgen-klopp-en-el-bayern-munich\\\/\",\"name\":\"Beckenbauer deser\\u00eda tener a J\\u00fcrgen Klopp en el Bayern M\\u00fanich | Cand\\u00e1s 365\",\"description\":\"Berl\\u00edn, 3 jun (dpa) \\u2013 Los elogios de Franz Beckenbauer hacia el entrenador J\\u00fcrgen Klopp tras coronar al Liverpool como campe\\u00f3n de la Liga de Campeones, reafirman su deseo de verle entrenar en el futuro al Bayern M\\u00fanich, seg\\u00fan declaraciones que publica hoy el peri\\u00f3dico alem\\u00e1n \\\"Bild\\\". \\\"Nada me gustar\\u00eda m\\u00e1s que \\u00e9l viniese alg\\u00fan\",\"inLanguage\":\"es-ES\",\"isPartOf\":{\"@id\":\"https:\\\/\\\/candas365.es\\\/noticias\\\/#website\"},\"breadcrumb\":{\"@id\":\"https:\\\/\\\/candas365.es\\\/noticias\\\/beckenbauer-deseria-tener-a-jurgen-klopp-en-el-bayern-munich\\\/#breadcrumblist\"},\"author\":{\"@id\":\"https:\\\/\\\/candas365.es\\\/noticias\\\/author\\\/admin\\\/#author\"},\"creator\":{\"@id\":\"https:\\\/\\\/candas365.es\\\/noticias\\\/author\\\/admin\\\/#author\"},\"image\":{\"@type\":\"ImageObject\",\"url\":\"https:\\\/\\\/candas365.es\\\/noticias\\\/wp-content\\\/uploads\\\/2018\\\/04\\\/arena-1181668_960_720.jpg\",\"@id\":\"https:\\\/\\\/candas365.es\\\/noticias\\\/beckenbauer-deseria-tener-a-jurgen-klopp-en-el-bayern-munich\\\/#mainImage\",\"width\":960,\"height\":640},\"primaryImageOfPage\":{\"@id\":\"https:\\\/\\\/candas365.es\\\/noticias\\\/beckenbauer-deseria-tener-a-jurgen-klopp-en-el-bayern-munich\\\/#mainImage\"},\"datePublished\":\"2019-06-03T19:50:01+02:00\",\"dateModified\":\"2019-06-03T19:50:01+02:00\"},{\"@type\":\"WebSite\",\"@id\":\"https:\\\/\\\/candas365.es\\\/noticias\\\/#website\",\"url\":\"https:\\\/\\\/candas365.es\\\/noticias\\\/\",\"name\":\"Cand\\u00e1s 365\",\"alternateName\":\"Cand\\u00e1s 365 Noticias\",\"description\":\"Actualidad desde Carre\\u00f1o para el mundo\",\"inLanguage\":\"es-ES\",\"publisher\":{\"@id\":\"https:\\\/\\\/candas365.es\\\/noticias\\\/#organization\"}}]}\n\t\t<\/script>\n\t\t<!-- All in One SEO Pro -->\r\n\t\t<title>Beckenbauer deser\u00eda tener a J\u00fcrgen Klopp en el Bayern M\u00fanich | Cand\u00e1s 365<\/title>\n\n","aioseo_head_json":{"title":"Beckenbauer deser\u00eda tener a J\u00fcrgen Klopp en el Bayern M\u00fanich | Cand\u00e1s 365","description":"Berl\u00edn, 3 jun (dpa) \u2013 Los elogios de Franz Beckenbauer hacia el entrenador J\u00fcrgen Klopp tras coronar al Liverpool como campe\u00f3n de la Liga de Campeones, reafirman su deseo de verle entrenar en el futuro al Bayern M\u00fanich, seg\u00fan declaraciones que publica hoy el peri\u00f3dico alem\u00e1n \"Bild\". \"Nada me gustar\u00eda m\u00e1s que \u00e9l viniese alg\u00fan","canonical_url":"https:\/\/candas365.es\/noticias\/beckenbauer-deseria-tener-a-jurgen-klopp-en-el-bayern-munich\/","robots":"max-image-preview:large","keywords":"deporte","webmasterTools":{"google-site-verification":"UA-32230408-1","msvalidate.01":"354F3CDFB2DA171B47FBE9ABF1F88D5","miscellaneous":""},"schema":{"@context":"https:\/\/schema.org","@graph":[{"@type":"BreadcrumbList","@id":"https:\/\/candas365.es\/noticias\/beckenbauer-deseria-tener-a-jurgen-klopp-en-el-bayern-munich\/#breadcrumblist","itemListElement":[{"@type":"ListItem","@id":"https:\/\/candas365.es\/noticias#listItem","position":1,"name":"Home","item":"https:\/\/candas365.es\/noticias","nextItem":{"@type":"ListItem","@id":"https:\/\/candas365.es\/noticias\/category\/deporte\/#listItem","name":"Deporte"}},{"@type":"ListItem","@id":"https:\/\/candas365.es\/noticias\/category\/deporte\/#listItem","position":2,"name":"Deporte","item":"https:\/\/candas365.es\/noticias\/category\/deporte\/","nextItem":{"@type":"ListItem","@id":"https:\/\/candas365.es\/noticias\/beckenbauer-deseria-tener-a-jurgen-klopp-en-el-bayern-munich\/#listItem","name":"Beckenbauer deser\u00eda tener a J\u00fcrgen Klopp en el Bayern M\u00fanich"},"previousItem":{"@type":"ListItem","@id":"https:\/\/candas365.es\/noticias#listItem","name":"Home"}},{"@type":"ListItem","@id":"https:\/\/candas365.es\/noticias\/beckenbauer-deseria-tener-a-jurgen-klopp-en-el-bayern-munich\/#listItem","position":3,"name":"Beckenbauer deser\u00eda tener a J\u00fcrgen Klopp en el Bayern M\u00fanich","previousItem":{"@type":"ListItem","@id":"https:\/\/candas365.es\/noticias\/category\/deporte\/#listItem","name":"Deporte"}}]},{"@type":"NewsArticle","@id":"https:\/\/candas365.es\/noticias\/beckenbauer-deseria-tener-a-jurgen-klopp-en-el-bayern-munich\/#newsarticle","name":"Beckenbauer deser\u00eda tener a J\u00fcrgen Klopp en el Bayern M\u00fanich | Cand\u00e1s 365","headline":"Beckenbauer deser\u00eda tener a J\u00fcrgen Klopp en el Bayern M\u00fanich","author":{"@id":"https:\/\/candas365.es\/noticias\/author\/admin\/#author"},"publisher":{"@id":"https:\/\/candas365.es\/noticias\/#organization"},"image":{"@type":"ImageObject","url":"https:\/\/candas365.es\/noticias\/wp-content\/uploads\/2018\/04\/arena-1181668_960_720.jpg","width":960,"height":640},"datePublished":"2019-06-03T19:50:01+02:00","dateModified":"2019-06-03T19:50:01+02:00","inLanguage":"es-ES","mainEntityOfPage":{"@id":"https:\/\/candas365.es\/noticias\/beckenbauer-deseria-tener-a-jurgen-klopp-en-el-bayern-munich\/#webpage"},"isPartOf":{"@id":"https:\/\/candas365.es\/noticias\/beckenbauer-deseria-tener-a-jurgen-klopp-en-el-bayern-munich\/#webpage"},"articleSection":"Deporte","dateline":"Publicado el junio 3, 2019."},{"@type":"Organization","@id":"https:\/\/candas365.es\/noticias\/#organization","name":"Cand\u00e1s 365","description":"Cand\u00e1s 365 es un diario digital independiente, fundado en 2012, con base en Asturias. Informamos con rigor sobre actualidad, sociedad, cultura y ocio, con una mirada local y global.","url":"https:\/\/candas365.es\/noticias\/","email":"info@candas365.es","telephone":"+34652131393","foundingDate":"2012-06-10","logo":{"@type":"ImageObject","url":"https:\/\/candas365.es\/noticias\/wp-content\/uploads\/2024\/09\/Candas-365-Redes.jpg","@id":"https:\/\/candas365.es\/noticias\/beckenbauer-deseria-tener-a-jurgen-klopp-en-el-bayern-munich\/#organizationLogo","width":1152,"height":864,"caption":"Cand\u00e1s 365 Redes"},"image":{"@id":"https:\/\/candas365.es\/noticias\/beckenbauer-deseria-tener-a-jurgen-klopp-en-el-bayern-munich\/#organizationLogo"},"sameAs":["https:\/\/www.facebook.com\/Nachofdezber","https:\/\/x.com\/NabercoDigital","https:\/\/www.instagram.com\/nachofdezber\/","https:\/\/www.youtube.com\/channel\/UCZP-2wLEB9Rv6erhFmqVnvg"],"address":{"@id":"https:\/\/candas365.es\/noticias\/#postaladdress","@type":"PostalAddress","streetAddress":"san antonio 4, san antonio 4","postalCode":"33430","addressLocality":"Cand\u00e1s","addressRegion":"Asturias","addressCountry":"ES"}},{"@type":"Person","@id":"https:\/\/candas365.es\/noticias\/author\/admin\/#author","url":"https:\/\/candas365.es\/noticias\/author\/admin\/","name":"Cand\u00e1s 365","image":{"@type":"ImageObject","@id":"https:\/\/candas365.es\/noticias\/beckenbauer-deseria-tener-a-jurgen-klopp-en-el-bayern-munich\/#authorImage","url":"https:\/\/secure.gravatar.com\/avatar\/496a8e03d0c493ede1718b7934145dbdf8d89be1036b0eec9544e1094c9de390?s=96&d=mm&r=g","width":96,"height":96,"caption":"Cand\u00e1s 365"},"sameAs":["https:\/\/www.facebook.com\/carrenoactualidad","https:\/\/twitter.com\/nbasturias","https:\/\/www.instagram.com\/nachofdezber\/","https:\/\/www.youtube.com\/channel\/UCZP-2wLEB9Rv6erhFmqVnvg"]},{"@type":"WebPage","@id":"https:\/\/candas365.es\/noticias\/beckenbauer-deseria-tener-a-jurgen-klopp-en-el-bayern-munich\/#webpage","url":"https:\/\/candas365.es\/noticias\/beckenbauer-deseria-tener-a-jurgen-klopp-en-el-bayern-munich\/","name":"Beckenbauer deser\u00eda tener a J\u00fcrgen Klopp en el Bayern M\u00fanich | Cand\u00e1s 365","description":"Berl\u00edn, 3 jun (dpa) \u2013 Los elogios de Franz Beckenbauer hacia el entrenador J\u00fcrgen Klopp tras coronar al Liverpool como campe\u00f3n de la Liga de Campeones, reafirman su deseo de verle entrenar en el futuro al Bayern M\u00fanich, seg\u00fan declaraciones que publica hoy el peri\u00f3dico alem\u00e1n \"Bild\". \"Nada me gustar\u00eda m\u00e1s que \u00e9l viniese alg\u00fan","inLanguage":"es-ES","isPartOf":{"@id":"https:\/\/candas365.es\/noticias\/#website"},"breadcrumb":{"@id":"https:\/\/candas365.es\/noticias\/beckenbauer-deseria-tener-a-jurgen-klopp-en-el-bayern-munich\/#breadcrumblist"},"author":{"@id":"https:\/\/candas365.es\/noticias\/author\/admin\/#author"},"creator":{"@id":"https:\/\/candas365.es\/noticias\/author\/admin\/#author"},"image":{"@type":"ImageObject","url":"https:\/\/candas365.es\/noticias\/wp-content\/uploads\/2018\/04\/arena-1181668_960_720.jpg","@id":"https:\/\/candas365.es\/noticias\/beckenbauer-deseria-tener-a-jurgen-klopp-en-el-bayern-munich\/#mainImage","width":960,"height":640},"primaryImageOfPage":{"@id":"https:\/\/candas365.es\/noticias\/beckenbauer-deseria-tener-a-jurgen-klopp-en-el-bayern-munich\/#mainImage"},"datePublished":"2019-06-03T19:50:01+02:00","dateModified":"2019-06-03T19:50:01+02:00"},{"@type":"WebSite","@id":"https:\/\/candas365.es\/noticias\/#website","url":"https:\/\/candas365.es\/noticias\/","name":"Cand\u00e1s 365","alternateName":"Cand\u00e1s 365 Noticias","description":"Actualidad desde Carre\u00f1o para el mundo","inLanguage":"es-ES","publisher":{"@id":"https:\/\/candas365.es\/noticias\/#organization"}}]},"og:locale":"es_ES","og:site_name":"Cand\u00e1s 365","og:type":"article","og:title":"Beckenbauer deser\u00eda tener a J\u00fcrgen Klopp en el Bayern M\u00fanich | Cand\u00e1s 365","og:description":"Berl\u00edn, 3 jun (dpa) \u2013 Los elogios de Franz Beckenbauer hacia el entrenador J\u00fcrgen Klopp tras coronar al Liverpool como campe\u00f3n de la Liga de Campeones, reafirman su deseo de verle entrenar en el futuro al Bayern M\u00fanich, seg\u00fan declaraciones que publica hoy el peri\u00f3dico alem\u00e1n &quot;Bild&quot;. &quot;Nada me gustar\u00eda m\u00e1s que \u00e9l viniese alg\u00fan","og:url":"https:\/\/candas365.es\/noticias\/beckenbauer-deseria-tener-a-jurgen-klopp-en-el-bayern-munich\/","og:image":"https:\/\/candas365.es\/noticias\/wp-content\/uploads\/2018\/04\/arena-1181668_960_720.jpg","og:image:secure_url":"https:\/\/candas365.es\/noticias\/wp-content\/uploads\/2018\/04\/arena-1181668_960_720.jpg","og:image:width":960,"og:image:height":640,"article:published_time":"2019-06-03T19:50:01+00:00","article:modified_time":"2019-06-03T19:50:01+00:00","article:publisher":"https:\/\/www.facebook.com\/Nachofdezber","article:author":"https:\/\/www.facebook.com\/carrenoactualidad","twitter:card":"summary_large_image","twitter:site":"@NabercoDigital","twitter:title":"Beckenbauer deser\u00eda tener a J\u00fcrgen Klopp en el Bayern M\u00fanich | Cand\u00e1s 365","twitter:description":"Berl\u00edn, 3 jun (dpa) \u2013 Los elogios de Franz Beckenbauer hacia el entrenador J\u00fcrgen Klopp tras coronar al Liverpool como campe\u00f3n de la Liga de Campeones, reafirman su deseo de verle entrenar en el futuro al Bayern M\u00fanich, seg\u00fan declaraciones que publica hoy el peri\u00f3dico alem\u00e1n &quot;Bild&quot;. &quot;Nada me gustar\u00eda m\u00e1s que \u00e9l viniese alg\u00fan","twitter:creator":"@nbasturias","twitter:image":"https:\/\/candas365.es\/noticias\/wp-content\/uploads\/2018\/04\/arena-1181668_960_720.jpg","twitter:label1":"Escrito por","twitter:data1":"Cand\u00e1s 365","twitter:label2":"Tiempo de lectura estimado","twitter:data2":"1 minuto"},"aioseo_meta_data":{"post_id":"123742","title":null,"description":null,"keywords":null,"keyphrases":null,"primary_term":null,"canonical_url":null,"og_title":null,"og_description":null,"og_object_type":"default","og_image_type":"default","og_image_url":null,"og_image_width":null,"og_image_height":null,"og_image_custom_url":null,"og_image_custom_fields":null,"og_video":null,"og_custom_url":null,"og_article_section":null,"og_article_tags":null,"twitter_use_og":false,"twitter_card":"default","twitter_image_type":"default","twitter_image_url":null,"twitter_image_custom_url":null,"twitter_image_custom_fields":null,"twitter_title":null,"twitter_description":null,"schema":{"blockGraphs":[],"customGraphs":[],"default":{"data":{"Article":[],"Course":[],"Dataset":[],"FAQPage":[],"Movie":[],"Person":[],"Product":[],"ProductReview":[],"Car":[],"Recipe":[],"Service":[],"SoftwareApplication":[],"WebPage":[]},"graphName":"","isEnabled":true},"graphs":[],"defaultGraph":"","defaultPostTypeGraph":""},"schema_type":null,"schema_type_options":null,"pillar_content":false,"robots_default":true,"robots_noindex":false,"robots_noarchive":false,"robots_nosnippet":false,"robots_nofollow":false,"robots_noimageindex":false,"robots_noodp":false,"robots_notranslate":false,"robots_max_snippet":null,"robots_max_videopreview":null,"robots_max_imagepreview":"large","priority":null,"frequency":null,"location":null,"local_seo":null,"seo_analyzer_scan_date":"2025-08-30 01:55:34","breadcrumb_settings":null,"limit_modified_date":false,"reviewed_by":null,"open_ai":null,"ai":null,"created":"2020-12-21 10:56:44","updated":"2025-08-30 01:55:34"},"aioseo_breadcrumb":"<div class=\"aioseo-breadcrumbs\"><span class=\"aioseo-breadcrumb\">\n\t<a href=\"https:\/\/candas365.es\/noticias\" title=\"Home\">Home<\/a>\n<\/span><span class=\"aioseo-breadcrumb-separator\">&ndash;<\/span><span class=\"aioseo-breadcrumb\">\n\t<a href=\"https:\/\/candas365.es\/noticias\/category\/deporte\/\" title=\"Deporte\">Deporte<\/a>\n<\/span><span class=\"aioseo-breadcrumb-separator\">&ndash;<\/span><span class=\"aioseo-breadcrumb\">\n\tBeckenbauer deser\u00eda tener a J\u00fcrgen Klopp en el Bayern M\u00fanich\n<\/span><\/div>","aioseo_breadcrumb_json":[{"label":"Home","link":"https:\/\/candas365.es\/noticias"},{"label":"Deporte","link":"https:\/\/candas365.es\/noticias\/category\/deporte\/"},{"label":"Beckenbauer deser\u00eda tener a J\u00fcrgen Klopp en el Bayern M\u00fanich","link":"https:\/\/candas365.es\/noticias\/beckenbauer-deseria-tener-a-jurgen-klopp-en-el-bayern-munich\/"}],"_links":{"self":[{"href":"https:\/\/candas365.es\/noticias\/wp-json\/wp\/v2\/posts\/123742","targetHints":{"allow":["GET"]}}],"collection":[{"href":"https:\/\/candas365.es\/noticias\/wp-json\/wp\/v2\/posts"}],"about":[{"href":"https:\/\/candas365.es\/noticias\/wp-json\/wp\/v2\/types\/post"}],"author":[{"embeddable":true,"href":"https:\/\/candas365.es\/noticias\/wp-json\/wp\/v2\/users\/1"}],"replies":[{"embeddable":true,"href":"https:\/\/candas365.es\/noticias\/wp-json\/wp\/v2\/comments?post=123742"}],"version-history":[{"count":0,"href":"https:\/\/candas365.es\/noticias\/wp-json\/wp\/v2\/posts\/123742\/revisions"}],"wp:featuredmedia":[{"embeddable":true,"href":"https:\/\/candas365.es\/noticias\/wp-json\/wp\/v2\/media\/94574"}],"wp:attachment":[{"href":"https:\/\/candas365.es\/noticias\/wp-json\/wp\/v2\/media?parent=123742"}],"wp:term":[{"taxonomy":"category","embeddable":true,"href":"https:\/\/candas365.es\/noticias\/wp-json\/wp\/v2\/categories?post=123742"},{"taxonomy":"post_tag","embeddable":true,"href":"https:\/\/candas365.es\/noticias\/wp-json\/wp\/v2\/tags?post=123742"}],"curies":[{"name":"wp","href":"https:\/\/api.w.org\/{rel}","templated":true}]}}