{"id":123739,"date":"2019-06-03T19:47:46","date_gmt":"2019-06-03T19:47:46","guid":{"rendered":"http:\/\/candas365.es\/noticias\/?p=123739"},"modified":"2019-06-03T19:47:46","modified_gmt":"2019-06-03T19:47:46","slug":"horst-seehofer-la-candidatura-olimpica-alemana-para-2036-es-impensable","status":"publish","type":"post","link":"https:\/\/candas365.es\/noticias\/horst-seehofer-la-candidatura-olimpica-alemana-para-2036-es-impensable\/","title":{"rendered":"Horst Seehofer: \u201cLa candidatura ol\u00edmpica alemana para 2036 es impensable\u00bb"},"content":{"rendered":"<figure id=\"attachment_123740\" aria-describedby=\"caption-attachment-123740\" style=\"width: 360px\" class=\"wp-caption alignleft\"><img fetchpriority=\"high\" decoding=\"async\" class=\"size-medium wp-image-123740\" src=\"https:\/\/candas365.es\/noticias\/wp-content\/uploads\/2019\/06\/Seehofer-360x233.jpg\" alt=\"\" width=\"360\" height=\"233\" srcset=\"https:\/\/candas365.es\/noticias\/wp-content\/uploads\/2019\/06\/Seehofer-360x233.jpg 360w, https:\/\/candas365.es\/noticias\/wp-content\/uploads\/2019\/06\/Seehofer-768x496.jpg 768w, https:\/\/candas365.es\/noticias\/wp-content\/uploads\/2019\/06\/Seehofer-655x423.jpg 655w, https:\/\/candas365.es\/noticias\/wp-content\/uploads\/2019\/06\/Seehofer-696x450.jpg 696w, https:\/\/candas365.es\/noticias\/wp-content\/uploads\/2019\/06\/Seehofer-650x420.jpg 650w, https:\/\/candas365.es\/noticias\/wp-content\/uploads\/2019\/06\/Seehofer.jpg 1034w\" sizes=\"(max-width: 360px) 100vw, 360px\" \/><figcaption id=\"caption-attachment-123740\" class=\"wp-caption-text\">Foto: Stephan Jansen\/dpa<\/figcaption><\/figure>\n<p>Fr\u00e1ncfort, 3 jun (dpa) &#8211; El ministro alem\u00e1n del Interior, Horst Seehofer, rechaz\u00f3 claramente una posible candidatura alemana para albergar los Juegos Ol\u00edmpicos de 2036, en una entrevista que publica hoy el diario \u00abFrankfurter Allgemeine Zeitung\u00bb.<\/p>\n<p>\u00abNo considero que eso sea posible\u00bb, subray\u00f3 Seehofer, quien justific\u00f3 su rechazo debido a la historia ol\u00edmpica de Alemania, donde tuvieron lugar los Juegos de Verano de 1936 durante el r\u00e9gimen nazi.<\/p>\n<p>\u00abTendr\u00edamos una discusi\u00f3n internacional indescriptible y tambi\u00e9n perjudicar\u00edamos la idea de los Juegos Ol\u00edmpicos\u00bb, se\u00f1al\u00f3 el pol\u00edtico conservador. \u00ab\u00bfC\u00f3mo se ver\u00eda esto en el mundo? \u00bfLos alemanes est\u00e1n celebrando el centenario de las Olimpiadas nazis? Eso no puede ser\u00bb, afirm\u00f3.<\/p>\n<p>Tras el fracaso de las candidaturas ol\u00edmpicas de Berl\u00edn (2000), Leipzig (2012), M\u00fanich (2018 y 2022) y Hamburgo (2024), la iniciativa -de financiaci\u00f3n privada- \u00abRhein Ruhr City 2032\u00bb promueve actualmente una candidatura para los Juegos de Verano dentro de 13 a\u00f1os. El concepto ol\u00edmpico, que fue presentado a mediados de abril al presidente del COI, Thomas Bach, incluye 14 ciudades.<\/p>\n<p>Si este proyecto para 2032 fracasa, no habr\u00eda probablemente un segundo intento para optar a los Juegos de 2036. Alfons H\u00f6rmann, presidente de la Federaci\u00f3n Alemana de Deportes Ol\u00edmpicos (DOSB), tambi\u00e9n se mostr\u00f3 muy esc\u00e9ptico respecto a una candidatura en 2036.<\/p>\n<p>\u00abPersonalmente, no estoy convencido de que este proyecto tenga un enfoque orientado a los objetivos\u00bb, dijo.<\/p>\n<p>Los pr\u00f3ximos Juegos Ol\u00edmpicos se celebrar\u00e1n en Tokio en 2020, Par\u00eds en 2024 y Los \u00c1ngeles en 2028.<\/p>\n<p>&nbsp;<\/p>\n","protected":false},"excerpt":{"rendered":"<p>Fr\u00e1ncfort, 3 jun (dpa) &#8211; El ministro alem\u00e1n del Interior, Horst Seehofer, rechaz\u00f3 claramente una posible candidatura alemana para albergar los Juegos Ol\u00edmpicos de 2036, en una entrevista que publica hoy el diario \u00abFrankfurter Allgemeine Zeitung\u00bb. \u00abNo considero que eso sea posible\u00bb, subray\u00f3 Seehofer, quien justific\u00f3 su rechazo debido a la historia ol\u00edmpica de Alemania,<\/p>\n","protected":false},"author":1,"featured_media":123740,"comment_status":"closed","ping_status":"closed","sticky":false,"template":"","format":"standard","meta":{"footnotes":""},"categories":[319],"tags":[],"class_list":{"0":"post-123739","1":"post","2":"type-post","3":"status-publish","4":"format-standard","5":"has-post-thumbnail","7":"category-deporte"},"aioseo_notices":[],"aioseo_head":"\n\t\t<!-- All in One SEO Pro 4.9.6.2 - aioseo.com -->\n\t<meta name=\"description\" content=\"Fr\u00e1ncfort, 3 jun (dpa) - El ministro alem\u00e1n del Interior, Horst Seehofer, rechaz\u00f3 claramente una posible candidatura alemana para albergar los Juegos Ol\u00edmpicos de 2036, en una entrevista que publica hoy el diario &quot;Frankfurter Allgemeine Zeitung&quot;. &quot;No considero que eso sea posible&quot;, subray\u00f3 Seehofer, quien justific\u00f3 su rechazo debido a la historia ol\u00edmpica de Alemania,\" \/>\n\t<meta name=\"robots\" content=\"max-image-preview:large\" \/>\n\t<meta name=\"author\" content=\"Cand\u00e1s 365\"\/>\n\t<meta name=\"google-site-verification\" content=\"UA-32230408-1\" \/>\n\t<meta name=\"msvalidate.01\" content=\"354F3CDFB2DA171B47FBE9ABF1F88D5\" \/>\n\t<meta name=\"keywords\" content=\"deporte\" \/>\n\t<link rel=\"canonical\" href=\"https:\/\/candas365.es\/noticias\/horst-seehofer-la-candidatura-olimpica-alemana-para-2036-es-impensable\/\" \/>\n\t<meta name=\"generator\" content=\"All in One SEO Pro (AIOSEO) 4.9.6.2\" \/>\n\t\t<meta property=\"og:locale\" content=\"es_ES\" \/>\n\t\t<meta property=\"og:site_name\" content=\"Cand\u00e1s 365\" \/>\n\t\t<meta property=\"og:type\" content=\"article\" \/>\n\t\t<meta property=\"og:title\" content=\"Horst Seehofer: \u201cLa candidatura ol\u00edmpica alemana para 2036 es impensable\u00bb | Cand\u00e1s 365\" \/>\n\t\t<meta property=\"og:description\" content=\"Fr\u00e1ncfort, 3 jun (dpa) - El ministro alem\u00e1n del Interior, Horst Seehofer, rechaz\u00f3 claramente una posible candidatura alemana para albergar los Juegos Ol\u00edmpicos de 2036, en una entrevista que publica hoy el diario &quot;Frankfurter Allgemeine Zeitung&quot;. &quot;No considero que eso sea posible&quot;, subray\u00f3 Seehofer, quien justific\u00f3 su rechazo debido a la historia ol\u00edmpica de Alemania,\" \/>\n\t\t<meta property=\"og:url\" content=\"https:\/\/candas365.es\/noticias\/horst-seehofer-la-candidatura-olimpica-alemana-para-2036-es-impensable\/\" \/>\n\t\t<meta property=\"og:image\" content=\"https:\/\/candas365.es\/noticias\/wp-content\/uploads\/2019\/06\/Seehofer.jpg\" \/>\n\t\t<meta property=\"og:image:secure_url\" content=\"https:\/\/candas365.es\/noticias\/wp-content\/uploads\/2019\/06\/Seehofer.jpg\" \/>\n\t\t<meta property=\"og:image:width\" content=\"1034\" \/>\n\t\t<meta property=\"og:image:height\" content=\"668\" \/>\n\t\t<meta property=\"article:published_time\" content=\"2019-06-03T19:47:46+00:00\" \/>\n\t\t<meta property=\"article:modified_time\" content=\"2019-06-03T19:47:46+00:00\" \/>\n\t\t<meta property=\"article:publisher\" content=\"https:\/\/www.facebook.com\/Nachofdezber\" \/>\n\t\t<meta property=\"article:author\" content=\"https:\/\/www.facebook.com\/carrenoactualidad\" \/>\n\t\t<meta name=\"twitter:card\" content=\"summary_large_image\" \/>\n\t\t<meta name=\"twitter:site\" content=\"@NabercoDigital\" \/>\n\t\t<meta name=\"twitter:title\" content=\"Horst Seehofer: \u201cLa candidatura ol\u00edmpica alemana para 2036 es impensable\u00bb | Cand\u00e1s 365\" \/>\n\t\t<meta name=\"twitter:description\" content=\"Fr\u00e1ncfort, 3 jun (dpa) - El ministro alem\u00e1n del Interior, Horst Seehofer, rechaz\u00f3 claramente una posible candidatura alemana para albergar los Juegos Ol\u00edmpicos de 2036, en una entrevista que publica hoy el diario &quot;Frankfurter Allgemeine Zeitung&quot;. &quot;No considero que eso sea posible&quot;, subray\u00f3 Seehofer, quien justific\u00f3 su rechazo debido a la historia ol\u00edmpica de Alemania,\" \/>\n\t\t<meta name=\"twitter:creator\" content=\"@nbasturias\" \/>\n\t\t<meta name=\"twitter:image\" content=\"https:\/\/candas365.es\/noticias\/wp-content\/uploads\/2019\/06\/Seehofer.jpg\" \/>\n\t\t<meta name=\"twitter:label1\" content=\"Escrito por\" \/>\n\t\t<meta name=\"twitter:data1\" content=\"Cand\u00e1s 365\" \/>\n\t\t<meta name=\"twitter:label2\" content=\"Tiempo de lectura estimado\" \/>\n\t\t<meta name=\"twitter:data2\" content=\"1 minuto\" \/>\n\t\t<script type=\"application\/ld+json\" class=\"aioseo-schema\">\n\t\t\t{\"@context\":\"https:\\\/\\\/schema.org\",\"@graph\":[{\"@type\":\"BreadcrumbList\",\"@id\":\"https:\\\/\\\/candas365.es\\\/noticias\\\/horst-seehofer-la-candidatura-olimpica-alemana-para-2036-es-impensable\\\/#breadcrumblist\",\"itemListElement\":[{\"@type\":\"ListItem\",\"@id\":\"https:\\\/\\\/candas365.es\\\/noticias#listItem\",\"position\":1,\"name\":\"Home\",\"item\":\"https:\\\/\\\/candas365.es\\\/noticias\",\"nextItem\":{\"@type\":\"ListItem\",\"@id\":\"https:\\\/\\\/candas365.es\\\/noticias\\\/category\\\/deporte\\\/#listItem\",\"name\":\"Deporte\"}},{\"@type\":\"ListItem\",\"@id\":\"https:\\\/\\\/candas365.es\\\/noticias\\\/category\\\/deporte\\\/#listItem\",\"position\":2,\"name\":\"Deporte\",\"item\":\"https:\\\/\\\/candas365.es\\\/noticias\\\/category\\\/deporte\\\/\",\"nextItem\":{\"@type\":\"ListItem\",\"@id\":\"https:\\\/\\\/candas365.es\\\/noticias\\\/horst-seehofer-la-candidatura-olimpica-alemana-para-2036-es-impensable\\\/#listItem\",\"name\":\"Horst Seehofer: \\u201cLa candidatura ol\\u00edmpica alemana para 2036 es impensable\\u00bb\"},\"previousItem\":{\"@type\":\"ListItem\",\"@id\":\"https:\\\/\\\/candas365.es\\\/noticias#listItem\",\"name\":\"Home\"}},{\"@type\":\"ListItem\",\"@id\":\"https:\\\/\\\/candas365.es\\\/noticias\\\/horst-seehofer-la-candidatura-olimpica-alemana-para-2036-es-impensable\\\/#listItem\",\"position\":3,\"name\":\"Horst Seehofer: \\u201cLa candidatura ol\\u00edmpica alemana para 2036 es impensable\\u00bb\",\"previousItem\":{\"@type\":\"ListItem\",\"@id\":\"https:\\\/\\\/candas365.es\\\/noticias\\\/category\\\/deporte\\\/#listItem\",\"name\":\"Deporte\"}}]},{\"@type\":\"NewsArticle\",\"@id\":\"https:\\\/\\\/candas365.es\\\/noticias\\\/horst-seehofer-la-candidatura-olimpica-alemana-para-2036-es-impensable\\\/#newsarticle\",\"name\":\"Horst Seehofer: \\u201cLa candidatura ol\\u00edmpica alemana para 2036 es impensable\\u00bb | Cand\\u00e1s 365\",\"headline\":\"Horst Seehofer: \\u201cLa candidatura ol\\u00edmpica alemana para 2036 es impensable\\u00bb\",\"author\":{\"@id\":\"https:\\\/\\\/candas365.es\\\/noticias\\\/author\\\/admin\\\/#author\"},\"publisher\":{\"@id\":\"https:\\\/\\\/candas365.es\\\/noticias\\\/#organization\"},\"image\":{\"@type\":\"ImageObject\",\"url\":\"https:\\\/\\\/candas365.es\\\/noticias\\\/wp-content\\\/uploads\\\/2019\\\/06\\\/Seehofer.jpg\",\"width\":1034,\"height\":668,\"caption\":\"Foto: Stephan Jansen\\\/dpa\"},\"datePublished\":\"2019-06-03T19:47:46+02:00\",\"dateModified\":\"2019-06-03T19:47:46+02:00\",\"inLanguage\":\"es-ES\",\"mainEntityOfPage\":{\"@id\":\"https:\\\/\\\/candas365.es\\\/noticias\\\/horst-seehofer-la-candidatura-olimpica-alemana-para-2036-es-impensable\\\/#webpage\"},\"isPartOf\":{\"@id\":\"https:\\\/\\\/candas365.es\\\/noticias\\\/horst-seehofer-la-candidatura-olimpica-alemana-para-2036-es-impensable\\\/#webpage\"},\"articleSection\":\"Deporte\",\"dateline\":\"Publicado el junio 3, 2019.\"},{\"@type\":\"Organization\",\"@id\":\"https:\\\/\\\/candas365.es\\\/noticias\\\/#organization\",\"name\":\"Cand\\u00e1s 365\",\"description\":\"Cand\\u00e1s 365 es un diario digital independiente, fundado en 2012, con base en Asturias. Informamos con rigor sobre actualidad, sociedad, cultura y ocio, con una mirada local y global.\",\"url\":\"https:\\\/\\\/candas365.es\\\/noticias\\\/\",\"email\":\"info@candas365.es\",\"telephone\":\"+34652131393\",\"foundingDate\":\"2012-06-10\",\"logo\":{\"@type\":\"ImageObject\",\"url\":\"https:\\\/\\\/candas365.es\\\/noticias\\\/wp-content\\\/uploads\\\/2024\\\/09\\\/Candas-365-Redes.jpg\",\"@id\":\"https:\\\/\\\/candas365.es\\\/noticias\\\/horst-seehofer-la-candidatura-olimpica-alemana-para-2036-es-impensable\\\/#organizationLogo\",\"width\":1152,\"height\":864,\"caption\":\"Cand\\u00e1s 365 Redes\"},\"image\":{\"@id\":\"https:\\\/\\\/candas365.es\\\/noticias\\\/horst-seehofer-la-candidatura-olimpica-alemana-para-2036-es-impensable\\\/#organizationLogo\"},\"sameAs\":[\"https:\\\/\\\/www.facebook.com\\\/Nachofdezber\",\"https:\\\/\\\/x.com\\\/NabercoDigital\",\"https:\\\/\\\/www.instagram.com\\\/nachofdezber\\\/\",\"https:\\\/\\\/www.youtube.com\\\/channel\\\/UCZP-2wLEB9Rv6erhFmqVnvg\"],\"address\":{\"@id\":\"https:\\\/\\\/candas365.es\\\/noticias\\\/#postaladdress\",\"@type\":\"PostalAddress\",\"streetAddress\":\"san antonio 4, san antonio 4\",\"postalCode\":\"33430\",\"addressLocality\":\"Cand\\u00e1s\",\"addressRegion\":\"Asturias\",\"addressCountry\":\"ES\"}},{\"@type\":\"Person\",\"@id\":\"https:\\\/\\\/candas365.es\\\/noticias\\\/author\\\/admin\\\/#author\",\"url\":\"https:\\\/\\\/candas365.es\\\/noticias\\\/author\\\/admin\\\/\",\"name\":\"Cand\\u00e1s 365\",\"image\":{\"@type\":\"ImageObject\",\"@id\":\"https:\\\/\\\/candas365.es\\\/noticias\\\/horst-seehofer-la-candidatura-olimpica-alemana-para-2036-es-impensable\\\/#authorImage\",\"url\":\"https:\\\/\\\/secure.gravatar.com\\\/avatar\\\/496a8e03d0c493ede1718b7934145dbdf8d89be1036b0eec9544e1094c9de390?s=96&d=mm&r=g\",\"width\":96,\"height\":96,\"caption\":\"Cand\\u00e1s 365\"},\"sameAs\":[\"https:\\\/\\\/www.facebook.com\\\/carrenoactualidad\",\"https:\\\/\\\/twitter.com\\\/nbasturias\",\"https:\\\/\\\/www.instagram.com\\\/nachofdezber\\\/\",\"https:\\\/\\\/www.youtube.com\\\/channel\\\/UCZP-2wLEB9Rv6erhFmqVnvg\"]},{\"@type\":\"WebPage\",\"@id\":\"https:\\\/\\\/candas365.es\\\/noticias\\\/horst-seehofer-la-candidatura-olimpica-alemana-para-2036-es-impensable\\\/#webpage\",\"url\":\"https:\\\/\\\/candas365.es\\\/noticias\\\/horst-seehofer-la-candidatura-olimpica-alemana-para-2036-es-impensable\\\/\",\"name\":\"Horst Seehofer: \\u201cLa candidatura ol\\u00edmpica alemana para 2036 es impensable\\u00bb | Cand\\u00e1s 365\",\"description\":\"Fr\\u00e1ncfort, 3 jun (dpa) - El ministro alem\\u00e1n del Interior, Horst Seehofer, rechaz\\u00f3 claramente una posible candidatura alemana para albergar los Juegos Ol\\u00edmpicos de 2036, en una entrevista que publica hoy el diario \\\"Frankfurter Allgemeine Zeitung\\\". \\\"No considero que eso sea posible\\\", subray\\u00f3 Seehofer, quien justific\\u00f3 su rechazo debido a la historia ol\\u00edmpica de Alemania,\",\"inLanguage\":\"es-ES\",\"isPartOf\":{\"@id\":\"https:\\\/\\\/candas365.es\\\/noticias\\\/#website\"},\"breadcrumb\":{\"@id\":\"https:\\\/\\\/candas365.es\\\/noticias\\\/horst-seehofer-la-candidatura-olimpica-alemana-para-2036-es-impensable\\\/#breadcrumblist\"},\"author\":{\"@id\":\"https:\\\/\\\/candas365.es\\\/noticias\\\/author\\\/admin\\\/#author\"},\"creator\":{\"@id\":\"https:\\\/\\\/candas365.es\\\/noticias\\\/author\\\/admin\\\/#author\"},\"image\":{\"@type\":\"ImageObject\",\"url\":\"https:\\\/\\\/candas365.es\\\/noticias\\\/wp-content\\\/uploads\\\/2019\\\/06\\\/Seehofer.jpg\",\"@id\":\"https:\\\/\\\/candas365.es\\\/noticias\\\/horst-seehofer-la-candidatura-olimpica-alemana-para-2036-es-impensable\\\/#mainImage\",\"width\":1034,\"height\":668,\"caption\":\"Foto: Stephan Jansen\\\/dpa\"},\"primaryImageOfPage\":{\"@id\":\"https:\\\/\\\/candas365.es\\\/noticias\\\/horst-seehofer-la-candidatura-olimpica-alemana-para-2036-es-impensable\\\/#mainImage\"},\"datePublished\":\"2019-06-03T19:47:46+02:00\",\"dateModified\":\"2019-06-03T19:47:46+02:00\"},{\"@type\":\"WebSite\",\"@id\":\"https:\\\/\\\/candas365.es\\\/noticias\\\/#website\",\"url\":\"https:\\\/\\\/candas365.es\\\/noticias\\\/\",\"name\":\"Cand\\u00e1s 365\",\"alternateName\":\"Cand\\u00e1s 365 Noticias\",\"description\":\"Actualidad desde Carre\\u00f1o para el mundo\",\"inLanguage\":\"es-ES\",\"publisher\":{\"@id\":\"https:\\\/\\\/candas365.es\\\/noticias\\\/#organization\"}}]}\n\t\t<\/script>\n\t\t<!-- All in One SEO Pro -->\r\n\t\t<title>Horst Seehofer: \u201cLa candidatura ol\u00edmpica alemana para 2036 es impensable\u00bb | Cand\u00e1s 365<\/title>\n\n","aioseo_head_json":{"title":"Horst Seehofer: \u201cLa candidatura ol\u00edmpica alemana para 2036 es impensable\u00bb | Cand\u00e1s 365","description":"Fr\u00e1ncfort, 3 jun (dpa) - El ministro alem\u00e1n del Interior, Horst Seehofer, rechaz\u00f3 claramente una posible candidatura alemana para albergar los Juegos Ol\u00edmpicos de 2036, en una entrevista que publica hoy el diario \"Frankfurter Allgemeine Zeitung\". \"No considero que eso sea posible\", subray\u00f3 Seehofer, quien justific\u00f3 su rechazo debido a la historia ol\u00edmpica de Alemania,","canonical_url":"https:\/\/candas365.es\/noticias\/horst-seehofer-la-candidatura-olimpica-alemana-para-2036-es-impensable\/","robots":"max-image-preview:large","keywords":"deporte","webmasterTools":{"google-site-verification":"UA-32230408-1","msvalidate.01":"354F3CDFB2DA171B47FBE9ABF1F88D5","miscellaneous":""},"schema":{"@context":"https:\/\/schema.org","@graph":[{"@type":"BreadcrumbList","@id":"https:\/\/candas365.es\/noticias\/horst-seehofer-la-candidatura-olimpica-alemana-para-2036-es-impensable\/#breadcrumblist","itemListElement":[{"@type":"ListItem","@id":"https:\/\/candas365.es\/noticias#listItem","position":1,"name":"Home","item":"https:\/\/candas365.es\/noticias","nextItem":{"@type":"ListItem","@id":"https:\/\/candas365.es\/noticias\/category\/deporte\/#listItem","name":"Deporte"}},{"@type":"ListItem","@id":"https:\/\/candas365.es\/noticias\/category\/deporte\/#listItem","position":2,"name":"Deporte","item":"https:\/\/candas365.es\/noticias\/category\/deporte\/","nextItem":{"@type":"ListItem","@id":"https:\/\/candas365.es\/noticias\/horst-seehofer-la-candidatura-olimpica-alemana-para-2036-es-impensable\/#listItem","name":"Horst Seehofer: \u201cLa candidatura ol\u00edmpica alemana para 2036 es impensable\u00bb"},"previousItem":{"@type":"ListItem","@id":"https:\/\/candas365.es\/noticias#listItem","name":"Home"}},{"@type":"ListItem","@id":"https:\/\/candas365.es\/noticias\/horst-seehofer-la-candidatura-olimpica-alemana-para-2036-es-impensable\/#listItem","position":3,"name":"Horst Seehofer: \u201cLa candidatura ol\u00edmpica alemana para 2036 es impensable\u00bb","previousItem":{"@type":"ListItem","@id":"https:\/\/candas365.es\/noticias\/category\/deporte\/#listItem","name":"Deporte"}}]},{"@type":"NewsArticle","@id":"https:\/\/candas365.es\/noticias\/horst-seehofer-la-candidatura-olimpica-alemana-para-2036-es-impensable\/#newsarticle","name":"Horst Seehofer: \u201cLa candidatura ol\u00edmpica alemana para 2036 es impensable\u00bb | Cand\u00e1s 365","headline":"Horst Seehofer: \u201cLa candidatura ol\u00edmpica alemana para 2036 es impensable\u00bb","author":{"@id":"https:\/\/candas365.es\/noticias\/author\/admin\/#author"},"publisher":{"@id":"https:\/\/candas365.es\/noticias\/#organization"},"image":{"@type":"ImageObject","url":"https:\/\/candas365.es\/noticias\/wp-content\/uploads\/2019\/06\/Seehofer.jpg","width":1034,"height":668,"caption":"Foto: Stephan Jansen\/dpa"},"datePublished":"2019-06-03T19:47:46+02:00","dateModified":"2019-06-03T19:47:46+02:00","inLanguage":"es-ES","mainEntityOfPage":{"@id":"https:\/\/candas365.es\/noticias\/horst-seehofer-la-candidatura-olimpica-alemana-para-2036-es-impensable\/#webpage"},"isPartOf":{"@id":"https:\/\/candas365.es\/noticias\/horst-seehofer-la-candidatura-olimpica-alemana-para-2036-es-impensable\/#webpage"},"articleSection":"Deporte","dateline":"Publicado el junio 3, 2019."},{"@type":"Organization","@id":"https:\/\/candas365.es\/noticias\/#organization","name":"Cand\u00e1s 365","description":"Cand\u00e1s 365 es un diario digital independiente, fundado en 2012, con base en Asturias. Informamos con rigor sobre actualidad, sociedad, cultura y ocio, con una mirada local y global.","url":"https:\/\/candas365.es\/noticias\/","email":"info@candas365.es","telephone":"+34652131393","foundingDate":"2012-06-10","logo":{"@type":"ImageObject","url":"https:\/\/candas365.es\/noticias\/wp-content\/uploads\/2024\/09\/Candas-365-Redes.jpg","@id":"https:\/\/candas365.es\/noticias\/horst-seehofer-la-candidatura-olimpica-alemana-para-2036-es-impensable\/#organizationLogo","width":1152,"height":864,"caption":"Cand\u00e1s 365 Redes"},"image":{"@id":"https:\/\/candas365.es\/noticias\/horst-seehofer-la-candidatura-olimpica-alemana-para-2036-es-impensable\/#organizationLogo"},"sameAs":["https:\/\/www.facebook.com\/Nachofdezber","https:\/\/x.com\/NabercoDigital","https:\/\/www.instagram.com\/nachofdezber\/","https:\/\/www.youtube.com\/channel\/UCZP-2wLEB9Rv6erhFmqVnvg"],"address":{"@id":"https:\/\/candas365.es\/noticias\/#postaladdress","@type":"PostalAddress","streetAddress":"san antonio 4, san antonio 4","postalCode":"33430","addressLocality":"Cand\u00e1s","addressRegion":"Asturias","addressCountry":"ES"}},{"@type":"Person","@id":"https:\/\/candas365.es\/noticias\/author\/admin\/#author","url":"https:\/\/candas365.es\/noticias\/author\/admin\/","name":"Cand\u00e1s 365","image":{"@type":"ImageObject","@id":"https:\/\/candas365.es\/noticias\/horst-seehofer-la-candidatura-olimpica-alemana-para-2036-es-impensable\/#authorImage","url":"https:\/\/secure.gravatar.com\/avatar\/496a8e03d0c493ede1718b7934145dbdf8d89be1036b0eec9544e1094c9de390?s=96&d=mm&r=g","width":96,"height":96,"caption":"Cand\u00e1s 365"},"sameAs":["https:\/\/www.facebook.com\/carrenoactualidad","https:\/\/twitter.com\/nbasturias","https:\/\/www.instagram.com\/nachofdezber\/","https:\/\/www.youtube.com\/channel\/UCZP-2wLEB9Rv6erhFmqVnvg"]},{"@type":"WebPage","@id":"https:\/\/candas365.es\/noticias\/horst-seehofer-la-candidatura-olimpica-alemana-para-2036-es-impensable\/#webpage","url":"https:\/\/candas365.es\/noticias\/horst-seehofer-la-candidatura-olimpica-alemana-para-2036-es-impensable\/","name":"Horst Seehofer: \u201cLa candidatura ol\u00edmpica alemana para 2036 es impensable\u00bb | Cand\u00e1s 365","description":"Fr\u00e1ncfort, 3 jun (dpa) - El ministro alem\u00e1n del Interior, Horst Seehofer, rechaz\u00f3 claramente una posible candidatura alemana para albergar los Juegos Ol\u00edmpicos de 2036, en una entrevista que publica hoy el diario \"Frankfurter Allgemeine Zeitung\". \"No considero que eso sea posible\", subray\u00f3 Seehofer, quien justific\u00f3 su rechazo debido a la historia ol\u00edmpica de Alemania,","inLanguage":"es-ES","isPartOf":{"@id":"https:\/\/candas365.es\/noticias\/#website"},"breadcrumb":{"@id":"https:\/\/candas365.es\/noticias\/horst-seehofer-la-candidatura-olimpica-alemana-para-2036-es-impensable\/#breadcrumblist"},"author":{"@id":"https:\/\/candas365.es\/noticias\/author\/admin\/#author"},"creator":{"@id":"https:\/\/candas365.es\/noticias\/author\/admin\/#author"},"image":{"@type":"ImageObject","url":"https:\/\/candas365.es\/noticias\/wp-content\/uploads\/2019\/06\/Seehofer.jpg","@id":"https:\/\/candas365.es\/noticias\/horst-seehofer-la-candidatura-olimpica-alemana-para-2036-es-impensable\/#mainImage","width":1034,"height":668,"caption":"Foto: Stephan Jansen\/dpa"},"primaryImageOfPage":{"@id":"https:\/\/candas365.es\/noticias\/horst-seehofer-la-candidatura-olimpica-alemana-para-2036-es-impensable\/#mainImage"},"datePublished":"2019-06-03T19:47:46+02:00","dateModified":"2019-06-03T19:47:46+02:00"},{"@type":"WebSite","@id":"https:\/\/candas365.es\/noticias\/#website","url":"https:\/\/candas365.es\/noticias\/","name":"Cand\u00e1s 365","alternateName":"Cand\u00e1s 365 Noticias","description":"Actualidad desde Carre\u00f1o para el mundo","inLanguage":"es-ES","publisher":{"@id":"https:\/\/candas365.es\/noticias\/#organization"}}]},"og:locale":"es_ES","og:site_name":"Cand\u00e1s 365","og:type":"article","og:title":"Horst Seehofer: \u201cLa candidatura ol\u00edmpica alemana para 2036 es impensable\u00bb | Cand\u00e1s 365","og:description":"Fr\u00e1ncfort, 3 jun (dpa) - El ministro alem\u00e1n del Interior, Horst Seehofer, rechaz\u00f3 claramente una posible candidatura alemana para albergar los Juegos Ol\u00edmpicos de 2036, en una entrevista que publica hoy el diario &quot;Frankfurter Allgemeine Zeitung&quot;. &quot;No considero que eso sea posible&quot;, subray\u00f3 Seehofer, quien justific\u00f3 su rechazo debido a la historia ol\u00edmpica de Alemania,","og:url":"https:\/\/candas365.es\/noticias\/horst-seehofer-la-candidatura-olimpica-alemana-para-2036-es-impensable\/","og:image":"https:\/\/candas365.es\/noticias\/wp-content\/uploads\/2019\/06\/Seehofer.jpg","og:image:secure_url":"https:\/\/candas365.es\/noticias\/wp-content\/uploads\/2019\/06\/Seehofer.jpg","og:image:width":1034,"og:image:height":668,"article:published_time":"2019-06-03T19:47:46+00:00","article:modified_time":"2019-06-03T19:47:46+00:00","article:publisher":"https:\/\/www.facebook.com\/Nachofdezber","article:author":"https:\/\/www.facebook.com\/carrenoactualidad","twitter:card":"summary_large_image","twitter:site":"@NabercoDigital","twitter:title":"Horst Seehofer: \u201cLa candidatura ol\u00edmpica alemana para 2036 es impensable\u00bb | Cand\u00e1s 365","twitter:description":"Fr\u00e1ncfort, 3 jun (dpa) - El ministro alem\u00e1n del Interior, Horst Seehofer, rechaz\u00f3 claramente una posible candidatura alemana para albergar los Juegos Ol\u00edmpicos de 2036, en una entrevista que publica hoy el diario &quot;Frankfurter Allgemeine Zeitung&quot;. &quot;No considero que eso sea posible&quot;, subray\u00f3 Seehofer, quien justific\u00f3 su rechazo debido a la historia ol\u00edmpica de Alemania,","twitter:creator":"@nbasturias","twitter:image":"https:\/\/candas365.es\/noticias\/wp-content\/uploads\/2019\/06\/Seehofer.jpg","twitter:label1":"Escrito por","twitter:data1":"Cand\u00e1s 365","twitter:label2":"Tiempo de lectura estimado","twitter:data2":"1 minuto"},"aioseo_meta_data":{"post_id":"123739","title":null,"description":null,"keywords":null,"keyphrases":null,"primary_term":null,"canonical_url":null,"og_title":null,"og_description":null,"og_object_type":"default","og_image_type":"default","og_image_url":null,"og_image_width":null,"og_image_height":null,"og_image_custom_url":null,"og_image_custom_fields":null,"og_video":null,"og_custom_url":null,"og_article_section":null,"og_article_tags":null,"twitter_use_og":false,"twitter_card":"default","twitter_image_type":"default","twitter_image_url":null,"twitter_image_custom_url":null,"twitter_image_custom_fields":null,"twitter_title":null,"twitter_description":null,"schema":{"blockGraphs":[],"customGraphs":[],"default":{"data":{"Article":[],"Course":[],"Dataset":[],"FAQPage":[],"Movie":[],"Person":[],"Product":[],"ProductReview":[],"Car":[],"Recipe":[],"Service":[],"SoftwareApplication":[],"WebPage":[]},"graphName":"","isEnabled":true},"graphs":[]},"schema_type":null,"schema_type_options":null,"pillar_content":false,"robots_default":true,"robots_noindex":false,"robots_noarchive":false,"robots_nosnippet":false,"robots_nofollow":false,"robots_noimageindex":false,"robots_noodp":false,"robots_notranslate":false,"robots_max_snippet":null,"robots_max_videopreview":null,"robots_max_imagepreview":"large","priority":null,"frequency":null,"location":null,"local_seo":null,"seo_analyzer_scan_date":"2025-08-30 01:54:13","breadcrumb_settings":null,"limit_modified_date":false,"reviewed_by":null,"open_ai":null,"ai":null,"created":"2020-12-21 10:56:44","updated":"2025-08-30 01:54:13"},"aioseo_breadcrumb":"<div class=\"aioseo-breadcrumbs\"><span class=\"aioseo-breadcrumb\">\n\t<a href=\"https:\/\/candas365.es\/noticias\" title=\"Home\">Home<\/a>\n<\/span><span class=\"aioseo-breadcrumb-separator\">&ndash;<\/span><span class=\"aioseo-breadcrumb\">\n\t<a href=\"https:\/\/candas365.es\/noticias\/category\/deporte\/\" title=\"Deporte\">Deporte<\/a>\n<\/span><span class=\"aioseo-breadcrumb-separator\">&ndash;<\/span><span class=\"aioseo-breadcrumb\">\n\tHorst Seehofer: \u201cLa candidatura ol\u00edmpica alemana para 2036 es impensable\u00bb\n<\/span><\/div>","aioseo_breadcrumb_json":[{"label":"Home","link":"https:\/\/candas365.es\/noticias"},{"label":"Deporte","link":"https:\/\/candas365.es\/noticias\/category\/deporte\/"},{"label":"Horst Seehofer: \u201cLa candidatura ol\u00edmpica alemana para 2036 es impensable\u00bb","link":"https:\/\/candas365.es\/noticias\/horst-seehofer-la-candidatura-olimpica-alemana-para-2036-es-impensable\/"}],"_links":{"self":[{"href":"https:\/\/candas365.es\/noticias\/wp-json\/wp\/v2\/posts\/123739","targetHints":{"allow":["GET"]}}],"collection":[{"href":"https:\/\/candas365.es\/noticias\/wp-json\/wp\/v2\/posts"}],"about":[{"href":"https:\/\/candas365.es\/noticias\/wp-json\/wp\/v2\/types\/post"}],"author":[{"embeddable":true,"href":"https:\/\/candas365.es\/noticias\/wp-json\/wp\/v2\/users\/1"}],"replies":[{"embeddable":true,"href":"https:\/\/candas365.es\/noticias\/wp-json\/wp\/v2\/comments?post=123739"}],"version-history":[{"count":0,"href":"https:\/\/candas365.es\/noticias\/wp-json\/wp\/v2\/posts\/123739\/revisions"}],"wp:featuredmedia":[{"embeddable":true,"href":"https:\/\/candas365.es\/noticias\/wp-json\/wp\/v2\/media\/123740"}],"wp:attachment":[{"href":"https:\/\/candas365.es\/noticias\/wp-json\/wp\/v2\/media?parent=123739"}],"wp:term":[{"taxonomy":"category","embeddable":true,"href":"https:\/\/candas365.es\/noticias\/wp-json\/wp\/v2\/categories?post=123739"},{"taxonomy":"post_tag","embeddable":true,"href":"https:\/\/candas365.es\/noticias\/wp-json\/wp\/v2\/tags?post=123739"}],"curies":[{"name":"wp","href":"https:\/\/api.w.org\/{rel}","templated":true}]}}