{"id":123645,"date":"2019-06-02T19:01:20","date_gmt":"2019-06-02T19:01:20","guid":{"rendered":"http:\/\/candas365.es\/noticias\/?p=123645"},"modified":"2019-06-02T19:01:20","modified_gmt":"2019-06-02T19:01:20","slug":"dennis-schroder-valora-comprometerse-politicamente","status":"publish","type":"post","link":"https:\/\/candas365.es\/noticias\/dennis-schroder-valora-comprometerse-politicamente\/","title":{"rendered":"Dennis Schr\u00f6der valora comprometerse pol\u00edticamente"},"content":{"rendered":"<figure id=\"attachment_123646\" aria-describedby=\"caption-attachment-123646\" style=\"width: 360px\" class=\"wp-caption alignleft\"><img fetchpriority=\"high\" decoding=\"async\" class=\"wp-image-123646 size-medium\" src=\"https:\/\/candas365.es\/noticias\/wp-content\/uploads\/2019\/06\/Schroeder-360x239.jpg\" alt=\"\" width=\"360\" height=\"239\" srcset=\"https:\/\/candas365.es\/noticias\/wp-content\/uploads\/2019\/06\/Schroeder-360x239.jpg 360w, https:\/\/candas365.es\/noticias\/wp-content\/uploads\/2019\/06\/Schroeder-768x510.jpg 768w, https:\/\/candas365.es\/noticias\/wp-content\/uploads\/2019\/06\/Schroeder-655x435.jpg 655w, https:\/\/candas365.es\/noticias\/wp-content\/uploads\/2019\/06\/Schroeder-696x462.jpg 696w, https:\/\/candas365.es\/noticias\/wp-content\/uploads\/2019\/06\/Schroeder-632x420.jpg 632w, https:\/\/candas365.es\/noticias\/wp-content\/uploads\/2019\/06\/Schroeder.jpg 1013w\" sizes=\"(max-width: 360px) 100vw, 360px\" \/><figcaption id=\"caption-attachment-123646\" class=\"wp-caption-text\">El jugador alem\u00e1n de baloncesto Dennis Schr\u00f6der. Foto: Swen Pf\u00f6rtner\/dpa<\/figcaption><\/figure>\n<p>Brunswick (Alemania), 2 jun (dpa) &#8211; El jugador alem\u00e1n de baloncesto Dennis Schr\u00f6der valora comprometerse en el futuro con un partido pol\u00edtico con la finalidad de ayudar a los m\u00e1s d\u00e9biles, seg\u00fan publica hoy el dominical \u00abBild am Sonntag\u00bb.<\/p>\n<p>El internacional germano, de 25 a\u00f1os que milita actualmente en los Oklahoma City Thunder de la NBA, reconoci\u00f3 que nunca ejerci\u00f3 a\u00fan el derecho a voto pero que \u201ceso cambiar\u00e1 en los pr\u00f3ximos a\u00f1os\u201d.<\/p>\n<p>\u00abMe gustar\u00eda influir en la pol\u00edtica\u00bb, asegur\u00f3, y a\u00f1adi\u00f3 que su hermano Cheyassin y \u00e9l estaban \u00abhablando con dos o tres partidos\u00bb y que era posible que se \u00abinvolucrasen con uno de ellos\u00bb.<\/p>\n<p>La raz\u00f3n de estas consideraciones son claras para el jugador, originario de Brunswick, en el norte del pa\u00eds. Una de ellas es su propia biograf\u00eda. \u00abSabemos lo que es crecer como miembros de una minor\u00eda en Alemania\u00bb, dijo Schr\u00f6der, cuya madre proviene de Gambia.<\/p>\n<p>\u00abPor eso queremos ayudar a los m\u00e1s d\u00e9biles de la sociedad y defenderlos\u00bb, agreg\u00f3.<\/p>\n<p>Ya en la guarder\u00eda tuvo que escuchar comentarios sobre el color de su piel e insultos, afirm\u00f3 Schr\u00f6der al recordar c\u00f3mo sufri\u00f3 el racismo personalmente.<\/p>\n<p>\u00abUna y otra vez tuve que sentir que otras personas me consideraban inferior. Pero hoy les agradezco a todos por esos comentarios. Los insultos me han hecho m\u00e1s fuerte\u00bb, agreg\u00f3.<\/p>\n<p>Schr\u00f6der complet\u00f3 este a\u00f1o su sexta temporada en la NBA y quiere liderar la selecci\u00f3n alemana en el Mundial de China, que se celebrar\u00e1 del 31 de agosto al 15 de septiembre.<\/p>\n","protected":false},"excerpt":{"rendered":"<p>Brunswick (Alemania), 2 jun (dpa) &#8211; El jugador alem\u00e1n de baloncesto Dennis Schr\u00f6der valora comprometerse en el futuro con un partido pol\u00edtico con la finalidad de ayudar a los m\u00e1s d\u00e9biles, seg\u00fan publica hoy el dominical \u00abBild am Sonntag\u00bb. El internacional germano, de 25 a\u00f1os que milita actualmente en los Oklahoma City Thunder de la<\/p>\n","protected":false},"author":1,"featured_media":123646,"comment_status":"closed","ping_status":"closed","sticky":false,"template":"","format":"standard","meta":{"footnotes":""},"categories":[319],"tags":[],"class_list":{"0":"post-123645","1":"post","2":"type-post","3":"status-publish","4":"format-standard","5":"has-post-thumbnail","7":"category-deporte"},"aioseo_notices":[],"aioseo_head":"\n\t\t<!-- All in One SEO Pro 4.9.6.2 - aioseo.com -->\n\t<meta name=\"description\" content=\"Brunswick (Alemania), 2 jun (dpa) - El jugador alem\u00e1n de baloncesto Dennis Schr\u00f6der valora comprometerse en el futuro con un partido pol\u00edtico con la finalidad de ayudar a los m\u00e1s d\u00e9biles, seg\u00fan publica hoy el dominical &quot;Bild am Sonntag&quot;. El internacional germano, de 25 a\u00f1os que milita actualmente en los Oklahoma City Thunder de la\" \/>\n\t<meta name=\"robots\" content=\"max-image-preview:large\" \/>\n\t<meta name=\"author\" content=\"Cand\u00e1s 365\"\/>\n\t<meta name=\"google-site-verification\" content=\"UA-32230408-1\" \/>\n\t<meta name=\"msvalidate.01\" content=\"354F3CDFB2DA171B47FBE9ABF1F88D5\" \/>\n\t<meta name=\"keywords\" content=\"deporte\" \/>\n\t<link rel=\"canonical\" href=\"https:\/\/candas365.es\/noticias\/dennis-schroder-valora-comprometerse-politicamente\/\" \/>\n\t<meta name=\"generator\" content=\"All in One SEO Pro (AIOSEO) 4.9.6.2\" \/>\n\t\t<meta property=\"og:locale\" content=\"es_ES\" \/>\n\t\t<meta property=\"og:site_name\" content=\"Cand\u00e1s 365\" \/>\n\t\t<meta property=\"og:type\" content=\"article\" \/>\n\t\t<meta property=\"og:title\" content=\"Dennis Schr\u00f6der valora comprometerse pol\u00edticamente | Cand\u00e1s 365\" \/>\n\t\t<meta property=\"og:description\" content=\"Brunswick (Alemania), 2 jun (dpa) - El jugador alem\u00e1n de baloncesto Dennis Schr\u00f6der valora comprometerse en el futuro con un partido pol\u00edtico con la finalidad de ayudar a los m\u00e1s d\u00e9biles, seg\u00fan publica hoy el dominical &quot;Bild am Sonntag&quot;. El internacional germano, de 25 a\u00f1os que milita actualmente en los Oklahoma City Thunder de la\" \/>\n\t\t<meta property=\"og:url\" content=\"https:\/\/candas365.es\/noticias\/dennis-schroder-valora-comprometerse-politicamente\/\" \/>\n\t\t<meta property=\"og:image\" content=\"https:\/\/candas365.es\/noticias\/wp-content\/uploads\/2019\/06\/Schroeder.jpg\" \/>\n\t\t<meta property=\"og:image:secure_url\" content=\"https:\/\/candas365.es\/noticias\/wp-content\/uploads\/2019\/06\/Schroeder.jpg\" \/>\n\t\t<meta property=\"og:image:width\" content=\"1013\" \/>\n\t\t<meta property=\"og:image:height\" content=\"673\" \/>\n\t\t<meta property=\"article:published_time\" content=\"2019-06-02T19:01:20+00:00\" \/>\n\t\t<meta property=\"article:modified_time\" content=\"2019-06-02T19:01:20+00:00\" \/>\n\t\t<meta property=\"article:publisher\" content=\"https:\/\/www.facebook.com\/Nachofdezber\" \/>\n\t\t<meta property=\"article:author\" content=\"https:\/\/www.facebook.com\/carrenoactualidad\" \/>\n\t\t<meta name=\"twitter:card\" content=\"summary_large_image\" \/>\n\t\t<meta name=\"twitter:site\" content=\"@NabercoDigital\" \/>\n\t\t<meta name=\"twitter:title\" content=\"Dennis Schr\u00f6der valora comprometerse pol\u00edticamente | Cand\u00e1s 365\" \/>\n\t\t<meta name=\"twitter:description\" content=\"Brunswick (Alemania), 2 jun (dpa) - El jugador alem\u00e1n de baloncesto Dennis Schr\u00f6der valora comprometerse en el futuro con un partido pol\u00edtico con la finalidad de ayudar a los m\u00e1s d\u00e9biles, seg\u00fan publica hoy el dominical &quot;Bild am Sonntag&quot;. El internacional germano, de 25 a\u00f1os que milita actualmente en los Oklahoma City Thunder de la\" \/>\n\t\t<meta name=\"twitter:creator\" content=\"@nbasturias\" \/>\n\t\t<meta name=\"twitter:image\" content=\"https:\/\/candas365.es\/noticias\/wp-content\/uploads\/2019\/06\/Schroeder.jpg\" \/>\n\t\t<meta name=\"twitter:label1\" content=\"Escrito por\" \/>\n\t\t<meta name=\"twitter:data1\" content=\"Cand\u00e1s 365\" \/>\n\t\t<meta name=\"twitter:label2\" content=\"Tiempo de lectura estimado\" \/>\n\t\t<meta name=\"twitter:data2\" content=\"1 minuto\" \/>\n\t\t<script type=\"application\/ld+json\" class=\"aioseo-schema\">\n\t\t\t{\"@context\":\"https:\\\/\\\/schema.org\",\"@graph\":[{\"@type\":\"BreadcrumbList\",\"@id\":\"https:\\\/\\\/candas365.es\\\/noticias\\\/dennis-schroder-valora-comprometerse-politicamente\\\/#breadcrumblist\",\"itemListElement\":[{\"@type\":\"ListItem\",\"@id\":\"https:\\\/\\\/candas365.es\\\/noticias#listItem\",\"position\":1,\"name\":\"Home\",\"item\":\"https:\\\/\\\/candas365.es\\\/noticias\",\"nextItem\":{\"@type\":\"ListItem\",\"@id\":\"https:\\\/\\\/candas365.es\\\/noticias\\\/category\\\/deporte\\\/#listItem\",\"name\":\"Deporte\"}},{\"@type\":\"ListItem\",\"@id\":\"https:\\\/\\\/candas365.es\\\/noticias\\\/category\\\/deporte\\\/#listItem\",\"position\":2,\"name\":\"Deporte\",\"item\":\"https:\\\/\\\/candas365.es\\\/noticias\\\/category\\\/deporte\\\/\",\"nextItem\":{\"@type\":\"ListItem\",\"@id\":\"https:\\\/\\\/candas365.es\\\/noticias\\\/dennis-schroder-valora-comprometerse-politicamente\\\/#listItem\",\"name\":\"Dennis Schr\\u00f6der valora comprometerse pol\\u00edticamente\"},\"previousItem\":{\"@type\":\"ListItem\",\"@id\":\"https:\\\/\\\/candas365.es\\\/noticias#listItem\",\"name\":\"Home\"}},{\"@type\":\"ListItem\",\"@id\":\"https:\\\/\\\/candas365.es\\\/noticias\\\/dennis-schroder-valora-comprometerse-politicamente\\\/#listItem\",\"position\":3,\"name\":\"Dennis Schr\\u00f6der valora comprometerse pol\\u00edticamente\",\"previousItem\":{\"@type\":\"ListItem\",\"@id\":\"https:\\\/\\\/candas365.es\\\/noticias\\\/category\\\/deporte\\\/#listItem\",\"name\":\"Deporte\"}}]},{\"@type\":\"NewsArticle\",\"@id\":\"https:\\\/\\\/candas365.es\\\/noticias\\\/dennis-schroder-valora-comprometerse-politicamente\\\/#newsarticle\",\"name\":\"Dennis Schr\\u00f6der valora comprometerse pol\\u00edticamente | Cand\\u00e1s 365\",\"headline\":\"Dennis Schr\\u00f6der valora comprometerse pol\\u00edticamente\",\"author\":{\"@id\":\"https:\\\/\\\/candas365.es\\\/noticias\\\/author\\\/admin\\\/#author\"},\"publisher\":{\"@id\":\"https:\\\/\\\/candas365.es\\\/noticias\\\/#organization\"},\"image\":{\"@type\":\"ImageObject\",\"url\":\"https:\\\/\\\/candas365.es\\\/noticias\\\/wp-content\\\/uploads\\\/2019\\\/06\\\/Schroeder.jpg\",\"width\":1013,\"height\":673},\"datePublished\":\"2019-06-02T19:01:20+02:00\",\"dateModified\":\"2019-06-02T19:01:20+02:00\",\"inLanguage\":\"es-ES\",\"mainEntityOfPage\":{\"@id\":\"https:\\\/\\\/candas365.es\\\/noticias\\\/dennis-schroder-valora-comprometerse-politicamente\\\/#webpage\"},\"isPartOf\":{\"@id\":\"https:\\\/\\\/candas365.es\\\/noticias\\\/dennis-schroder-valora-comprometerse-politicamente\\\/#webpage\"},\"articleSection\":\"Deporte\",\"dateline\":\"Publicado el junio 2, 2019.\"},{\"@type\":\"Organization\",\"@id\":\"https:\\\/\\\/candas365.es\\\/noticias\\\/#organization\",\"name\":\"Cand\\u00e1s 365\",\"description\":\"Cand\\u00e1s 365 es un diario digital independiente, fundado en 2012, con base en Asturias. Informamos con rigor sobre actualidad, sociedad, cultura y ocio, con una mirada local y global.\",\"url\":\"https:\\\/\\\/candas365.es\\\/noticias\\\/\",\"email\":\"info@candas365.es\",\"telephone\":\"+34652131393\",\"foundingDate\":\"2012-06-10\",\"logo\":{\"@type\":\"ImageObject\",\"url\":\"https:\\\/\\\/candas365.es\\\/noticias\\\/wp-content\\\/uploads\\\/2024\\\/09\\\/Candas-365-Redes.jpg\",\"@id\":\"https:\\\/\\\/candas365.es\\\/noticias\\\/dennis-schroder-valora-comprometerse-politicamente\\\/#organizationLogo\",\"width\":1152,\"height\":864,\"caption\":\"Cand\\u00e1s 365 Redes\"},\"image\":{\"@id\":\"https:\\\/\\\/candas365.es\\\/noticias\\\/dennis-schroder-valora-comprometerse-politicamente\\\/#organizationLogo\"},\"sameAs\":[\"https:\\\/\\\/www.facebook.com\\\/Nachofdezber\",\"https:\\\/\\\/x.com\\\/NabercoDigital\",\"https:\\\/\\\/www.instagram.com\\\/nachofdezber\\\/\",\"https:\\\/\\\/www.youtube.com\\\/channel\\\/UCZP-2wLEB9Rv6erhFmqVnvg\"],\"address\":{\"@id\":\"https:\\\/\\\/candas365.es\\\/noticias\\\/#postaladdress\",\"@type\":\"PostalAddress\",\"streetAddress\":\"san antonio 4, san antonio 4\",\"postalCode\":\"33430\",\"addressLocality\":\"Cand\\u00e1s\",\"addressRegion\":\"Asturias\",\"addressCountry\":\"ES\"}},{\"@type\":\"Person\",\"@id\":\"https:\\\/\\\/candas365.es\\\/noticias\\\/author\\\/admin\\\/#author\",\"url\":\"https:\\\/\\\/candas365.es\\\/noticias\\\/author\\\/admin\\\/\",\"name\":\"Cand\\u00e1s 365\",\"image\":{\"@type\":\"ImageObject\",\"@id\":\"https:\\\/\\\/candas365.es\\\/noticias\\\/dennis-schroder-valora-comprometerse-politicamente\\\/#authorImage\",\"url\":\"https:\\\/\\\/secure.gravatar.com\\\/avatar\\\/496a8e03d0c493ede1718b7934145dbdf8d89be1036b0eec9544e1094c9de390?s=96&d=mm&r=g\",\"width\":96,\"height\":96,\"caption\":\"Cand\\u00e1s 365\"},\"sameAs\":[\"https:\\\/\\\/www.facebook.com\\\/carrenoactualidad\",\"https:\\\/\\\/twitter.com\\\/nbasturias\",\"https:\\\/\\\/www.instagram.com\\\/nachofdezber\\\/\",\"https:\\\/\\\/www.youtube.com\\\/channel\\\/UCZP-2wLEB9Rv6erhFmqVnvg\"]},{\"@type\":\"WebPage\",\"@id\":\"https:\\\/\\\/candas365.es\\\/noticias\\\/dennis-schroder-valora-comprometerse-politicamente\\\/#webpage\",\"url\":\"https:\\\/\\\/candas365.es\\\/noticias\\\/dennis-schroder-valora-comprometerse-politicamente\\\/\",\"name\":\"Dennis Schr\\u00f6der valora comprometerse pol\\u00edticamente | Cand\\u00e1s 365\",\"description\":\"Brunswick (Alemania), 2 jun (dpa) - El jugador alem\\u00e1n de baloncesto Dennis Schr\\u00f6der valora comprometerse en el futuro con un partido pol\\u00edtico con la finalidad de ayudar a los m\\u00e1s d\\u00e9biles, seg\\u00fan publica hoy el dominical \\\"Bild am Sonntag\\\". El internacional germano, de 25 a\\u00f1os que milita actualmente en los Oklahoma City Thunder de la\",\"inLanguage\":\"es-ES\",\"isPartOf\":{\"@id\":\"https:\\\/\\\/candas365.es\\\/noticias\\\/#website\"},\"breadcrumb\":{\"@id\":\"https:\\\/\\\/candas365.es\\\/noticias\\\/dennis-schroder-valora-comprometerse-politicamente\\\/#breadcrumblist\"},\"author\":{\"@id\":\"https:\\\/\\\/candas365.es\\\/noticias\\\/author\\\/admin\\\/#author\"},\"creator\":{\"@id\":\"https:\\\/\\\/candas365.es\\\/noticias\\\/author\\\/admin\\\/#author\"},\"image\":{\"@type\":\"ImageObject\",\"url\":\"https:\\\/\\\/candas365.es\\\/noticias\\\/wp-content\\\/uploads\\\/2019\\\/06\\\/Schroeder.jpg\",\"@id\":\"https:\\\/\\\/candas365.es\\\/noticias\\\/dennis-schroder-valora-comprometerse-politicamente\\\/#mainImage\",\"width\":1013,\"height\":673},\"primaryImageOfPage\":{\"@id\":\"https:\\\/\\\/candas365.es\\\/noticias\\\/dennis-schroder-valora-comprometerse-politicamente\\\/#mainImage\"},\"datePublished\":\"2019-06-02T19:01:20+02:00\",\"dateModified\":\"2019-06-02T19:01:20+02:00\"},{\"@type\":\"WebSite\",\"@id\":\"https:\\\/\\\/candas365.es\\\/noticias\\\/#website\",\"url\":\"https:\\\/\\\/candas365.es\\\/noticias\\\/\",\"name\":\"Cand\\u00e1s 365\",\"alternateName\":\"Cand\\u00e1s 365 Noticias\",\"description\":\"Actualidad desde Carre\\u00f1o para el mundo\",\"inLanguage\":\"es-ES\",\"publisher\":{\"@id\":\"https:\\\/\\\/candas365.es\\\/noticias\\\/#organization\"}}]}\n\t\t<\/script>\n\t\t<!-- All in One SEO Pro -->\r\n\t\t<title>Dennis Schr\u00f6der valora comprometerse pol\u00edticamente | Cand\u00e1s 365<\/title>\n\n","aioseo_head_json":{"title":"Dennis Schr\u00f6der valora comprometerse pol\u00edticamente | Cand\u00e1s 365","description":"Brunswick (Alemania), 2 jun (dpa) - El jugador alem\u00e1n de baloncesto Dennis Schr\u00f6der valora comprometerse en el futuro con un partido pol\u00edtico con la finalidad de ayudar a los m\u00e1s d\u00e9biles, seg\u00fan publica hoy el dominical \"Bild am Sonntag\". El internacional germano, de 25 a\u00f1os que milita actualmente en los Oklahoma City Thunder de la","canonical_url":"https:\/\/candas365.es\/noticias\/dennis-schroder-valora-comprometerse-politicamente\/","robots":"max-image-preview:large","keywords":"deporte","webmasterTools":{"google-site-verification":"UA-32230408-1","msvalidate.01":"354F3CDFB2DA171B47FBE9ABF1F88D5","miscellaneous":""},"schema":{"@context":"https:\/\/schema.org","@graph":[{"@type":"BreadcrumbList","@id":"https:\/\/candas365.es\/noticias\/dennis-schroder-valora-comprometerse-politicamente\/#breadcrumblist","itemListElement":[{"@type":"ListItem","@id":"https:\/\/candas365.es\/noticias#listItem","position":1,"name":"Home","item":"https:\/\/candas365.es\/noticias","nextItem":{"@type":"ListItem","@id":"https:\/\/candas365.es\/noticias\/category\/deporte\/#listItem","name":"Deporte"}},{"@type":"ListItem","@id":"https:\/\/candas365.es\/noticias\/category\/deporte\/#listItem","position":2,"name":"Deporte","item":"https:\/\/candas365.es\/noticias\/category\/deporte\/","nextItem":{"@type":"ListItem","@id":"https:\/\/candas365.es\/noticias\/dennis-schroder-valora-comprometerse-politicamente\/#listItem","name":"Dennis Schr\u00f6der valora comprometerse pol\u00edticamente"},"previousItem":{"@type":"ListItem","@id":"https:\/\/candas365.es\/noticias#listItem","name":"Home"}},{"@type":"ListItem","@id":"https:\/\/candas365.es\/noticias\/dennis-schroder-valora-comprometerse-politicamente\/#listItem","position":3,"name":"Dennis Schr\u00f6der valora comprometerse pol\u00edticamente","previousItem":{"@type":"ListItem","@id":"https:\/\/candas365.es\/noticias\/category\/deporte\/#listItem","name":"Deporte"}}]},{"@type":"NewsArticle","@id":"https:\/\/candas365.es\/noticias\/dennis-schroder-valora-comprometerse-politicamente\/#newsarticle","name":"Dennis Schr\u00f6der valora comprometerse pol\u00edticamente | Cand\u00e1s 365","headline":"Dennis Schr\u00f6der valora comprometerse pol\u00edticamente","author":{"@id":"https:\/\/candas365.es\/noticias\/author\/admin\/#author"},"publisher":{"@id":"https:\/\/candas365.es\/noticias\/#organization"},"image":{"@type":"ImageObject","url":"https:\/\/candas365.es\/noticias\/wp-content\/uploads\/2019\/06\/Schroeder.jpg","width":1013,"height":673},"datePublished":"2019-06-02T19:01:20+02:00","dateModified":"2019-06-02T19:01:20+02:00","inLanguage":"es-ES","mainEntityOfPage":{"@id":"https:\/\/candas365.es\/noticias\/dennis-schroder-valora-comprometerse-politicamente\/#webpage"},"isPartOf":{"@id":"https:\/\/candas365.es\/noticias\/dennis-schroder-valora-comprometerse-politicamente\/#webpage"},"articleSection":"Deporte","dateline":"Publicado el junio 2, 2019."},{"@type":"Organization","@id":"https:\/\/candas365.es\/noticias\/#organization","name":"Cand\u00e1s 365","description":"Cand\u00e1s 365 es un diario digital independiente, fundado en 2012, con base en Asturias. Informamos con rigor sobre actualidad, sociedad, cultura y ocio, con una mirada local y global.","url":"https:\/\/candas365.es\/noticias\/","email":"info@candas365.es","telephone":"+34652131393","foundingDate":"2012-06-10","logo":{"@type":"ImageObject","url":"https:\/\/candas365.es\/noticias\/wp-content\/uploads\/2024\/09\/Candas-365-Redes.jpg","@id":"https:\/\/candas365.es\/noticias\/dennis-schroder-valora-comprometerse-politicamente\/#organizationLogo","width":1152,"height":864,"caption":"Cand\u00e1s 365 Redes"},"image":{"@id":"https:\/\/candas365.es\/noticias\/dennis-schroder-valora-comprometerse-politicamente\/#organizationLogo"},"sameAs":["https:\/\/www.facebook.com\/Nachofdezber","https:\/\/x.com\/NabercoDigital","https:\/\/www.instagram.com\/nachofdezber\/","https:\/\/www.youtube.com\/channel\/UCZP-2wLEB9Rv6erhFmqVnvg"],"address":{"@id":"https:\/\/candas365.es\/noticias\/#postaladdress","@type":"PostalAddress","streetAddress":"san antonio 4, san antonio 4","postalCode":"33430","addressLocality":"Cand\u00e1s","addressRegion":"Asturias","addressCountry":"ES"}},{"@type":"Person","@id":"https:\/\/candas365.es\/noticias\/author\/admin\/#author","url":"https:\/\/candas365.es\/noticias\/author\/admin\/","name":"Cand\u00e1s 365","image":{"@type":"ImageObject","@id":"https:\/\/candas365.es\/noticias\/dennis-schroder-valora-comprometerse-politicamente\/#authorImage","url":"https:\/\/secure.gravatar.com\/avatar\/496a8e03d0c493ede1718b7934145dbdf8d89be1036b0eec9544e1094c9de390?s=96&d=mm&r=g","width":96,"height":96,"caption":"Cand\u00e1s 365"},"sameAs":["https:\/\/www.facebook.com\/carrenoactualidad","https:\/\/twitter.com\/nbasturias","https:\/\/www.instagram.com\/nachofdezber\/","https:\/\/www.youtube.com\/channel\/UCZP-2wLEB9Rv6erhFmqVnvg"]},{"@type":"WebPage","@id":"https:\/\/candas365.es\/noticias\/dennis-schroder-valora-comprometerse-politicamente\/#webpage","url":"https:\/\/candas365.es\/noticias\/dennis-schroder-valora-comprometerse-politicamente\/","name":"Dennis Schr\u00f6der valora comprometerse pol\u00edticamente | Cand\u00e1s 365","description":"Brunswick (Alemania), 2 jun (dpa) - El jugador alem\u00e1n de baloncesto Dennis Schr\u00f6der valora comprometerse en el futuro con un partido pol\u00edtico con la finalidad de ayudar a los m\u00e1s d\u00e9biles, seg\u00fan publica hoy el dominical \"Bild am Sonntag\". El internacional germano, de 25 a\u00f1os que milita actualmente en los Oklahoma City Thunder de la","inLanguage":"es-ES","isPartOf":{"@id":"https:\/\/candas365.es\/noticias\/#website"},"breadcrumb":{"@id":"https:\/\/candas365.es\/noticias\/dennis-schroder-valora-comprometerse-politicamente\/#breadcrumblist"},"author":{"@id":"https:\/\/candas365.es\/noticias\/author\/admin\/#author"},"creator":{"@id":"https:\/\/candas365.es\/noticias\/author\/admin\/#author"},"image":{"@type":"ImageObject","url":"https:\/\/candas365.es\/noticias\/wp-content\/uploads\/2019\/06\/Schroeder.jpg","@id":"https:\/\/candas365.es\/noticias\/dennis-schroder-valora-comprometerse-politicamente\/#mainImage","width":1013,"height":673},"primaryImageOfPage":{"@id":"https:\/\/candas365.es\/noticias\/dennis-schroder-valora-comprometerse-politicamente\/#mainImage"},"datePublished":"2019-06-02T19:01:20+02:00","dateModified":"2019-06-02T19:01:20+02:00"},{"@type":"WebSite","@id":"https:\/\/candas365.es\/noticias\/#website","url":"https:\/\/candas365.es\/noticias\/","name":"Cand\u00e1s 365","alternateName":"Cand\u00e1s 365 Noticias","description":"Actualidad desde Carre\u00f1o para el mundo","inLanguage":"es-ES","publisher":{"@id":"https:\/\/candas365.es\/noticias\/#organization"}}]},"og:locale":"es_ES","og:site_name":"Cand\u00e1s 365","og:type":"article","og:title":"Dennis Schr\u00f6der valora comprometerse pol\u00edticamente | Cand\u00e1s 365","og:description":"Brunswick (Alemania), 2 jun (dpa) - El jugador alem\u00e1n de baloncesto Dennis Schr\u00f6der valora comprometerse en el futuro con un partido pol\u00edtico con la finalidad de ayudar a los m\u00e1s d\u00e9biles, seg\u00fan publica hoy el dominical &quot;Bild am Sonntag&quot;. El internacional germano, de 25 a\u00f1os que milita actualmente en los Oklahoma City Thunder de la","og:url":"https:\/\/candas365.es\/noticias\/dennis-schroder-valora-comprometerse-politicamente\/","og:image":"https:\/\/candas365.es\/noticias\/wp-content\/uploads\/2019\/06\/Schroeder.jpg","og:image:secure_url":"https:\/\/candas365.es\/noticias\/wp-content\/uploads\/2019\/06\/Schroeder.jpg","og:image:width":1013,"og:image:height":673,"article:published_time":"2019-06-02T19:01:20+00:00","article:modified_time":"2019-06-02T19:01:20+00:00","article:publisher":"https:\/\/www.facebook.com\/Nachofdezber","article:author":"https:\/\/www.facebook.com\/carrenoactualidad","twitter:card":"summary_large_image","twitter:site":"@NabercoDigital","twitter:title":"Dennis Schr\u00f6der valora comprometerse pol\u00edticamente | Cand\u00e1s 365","twitter:description":"Brunswick (Alemania), 2 jun (dpa) - El jugador alem\u00e1n de baloncesto Dennis Schr\u00f6der valora comprometerse en el futuro con un partido pol\u00edtico con la finalidad de ayudar a los m\u00e1s d\u00e9biles, seg\u00fan publica hoy el dominical &quot;Bild am Sonntag&quot;. El internacional germano, de 25 a\u00f1os que milita actualmente en los Oklahoma City Thunder de la","twitter:creator":"@nbasturias","twitter:image":"https:\/\/candas365.es\/noticias\/wp-content\/uploads\/2019\/06\/Schroeder.jpg","twitter:label1":"Escrito por","twitter:data1":"Cand\u00e1s 365","twitter:label2":"Tiempo de lectura estimado","twitter:data2":"1 minuto"},"aioseo_meta_data":{"post_id":"123645","title":null,"description":null,"keywords":null,"keyphrases":null,"primary_term":null,"canonical_url":null,"og_title":null,"og_description":null,"og_object_type":"default","og_image_type":"default","og_image_url":null,"og_image_width":null,"og_image_height":null,"og_image_custom_url":null,"og_image_custom_fields":null,"og_video":null,"og_custom_url":null,"og_article_section":null,"og_article_tags":null,"twitter_use_og":false,"twitter_card":"default","twitter_image_type":"default","twitter_image_url":null,"twitter_image_custom_url":null,"twitter_image_custom_fields":null,"twitter_title":null,"twitter_description":null,"schema":{"blockGraphs":[],"customGraphs":[],"default":{"data":{"Article":[],"Course":[],"Dataset":[],"FAQPage":[],"Movie":[],"Person":[],"Product":[],"ProductReview":[],"Car":[],"Recipe":[],"Service":[],"SoftwareApplication":[],"WebPage":[]},"graphName":"","isEnabled":true},"graphs":[],"defaultGraph":"","defaultPostTypeGraph":""},"schema_type":null,"schema_type_options":null,"pillar_content":false,"robots_default":true,"robots_noindex":false,"robots_noarchive":false,"robots_nosnippet":false,"robots_nofollow":false,"robots_noimageindex":false,"robots_noodp":false,"robots_notranslate":false,"robots_max_snippet":null,"robots_max_videopreview":null,"robots_max_imagepreview":"large","priority":null,"frequency":null,"location":null,"local_seo":null,"seo_analyzer_scan_date":"2025-08-30 01:39:20","breadcrumb_settings":null,"limit_modified_date":false,"reviewed_by":null,"open_ai":null,"ai":null,"created":"2020-12-21 10:56:52","updated":"2025-08-30 01:39:20"},"aioseo_breadcrumb":"<div class=\"aioseo-breadcrumbs\"><span class=\"aioseo-breadcrumb\">\n\t<a href=\"https:\/\/candas365.es\/noticias\" title=\"Home\">Home<\/a>\n<\/span><span class=\"aioseo-breadcrumb-separator\">&ndash;<\/span><span class=\"aioseo-breadcrumb\">\n\t<a href=\"https:\/\/candas365.es\/noticias\/category\/deporte\/\" title=\"Deporte\">Deporte<\/a>\n<\/span><span class=\"aioseo-breadcrumb-separator\">&ndash;<\/span><span class=\"aioseo-breadcrumb\">\n\tDennis Schr\u00f6der valora comprometerse pol\u00edticamente\n<\/span><\/div>","aioseo_breadcrumb_json":[{"label":"Home","link":"https:\/\/candas365.es\/noticias"},{"label":"Deporte","link":"https:\/\/candas365.es\/noticias\/category\/deporte\/"},{"label":"Dennis Schr\u00f6der valora comprometerse pol\u00edticamente","link":"https:\/\/candas365.es\/noticias\/dennis-schroder-valora-comprometerse-politicamente\/"}],"_links":{"self":[{"href":"https:\/\/candas365.es\/noticias\/wp-json\/wp\/v2\/posts\/123645","targetHints":{"allow":["GET"]}}],"collection":[{"href":"https:\/\/candas365.es\/noticias\/wp-json\/wp\/v2\/posts"}],"about":[{"href":"https:\/\/candas365.es\/noticias\/wp-json\/wp\/v2\/types\/post"}],"author":[{"embeddable":true,"href":"https:\/\/candas365.es\/noticias\/wp-json\/wp\/v2\/users\/1"}],"replies":[{"embeddable":true,"href":"https:\/\/candas365.es\/noticias\/wp-json\/wp\/v2\/comments?post=123645"}],"version-history":[{"count":0,"href":"https:\/\/candas365.es\/noticias\/wp-json\/wp\/v2\/posts\/123645\/revisions"}],"wp:featuredmedia":[{"embeddable":true,"href":"https:\/\/candas365.es\/noticias\/wp-json\/wp\/v2\/media\/123646"}],"wp:attachment":[{"href":"https:\/\/candas365.es\/noticias\/wp-json\/wp\/v2\/media?parent=123645"}],"wp:term":[{"taxonomy":"category","embeddable":true,"href":"https:\/\/candas365.es\/noticias\/wp-json\/wp\/v2\/categories?post=123645"},{"taxonomy":"post_tag","embeddable":true,"href":"https:\/\/candas365.es\/noticias\/wp-json\/wp\/v2\/tags?post=123645"}],"curies":[{"name":"wp","href":"https:\/\/api.w.org\/{rel}","templated":true}]}}