{"id":123613,"date":"2019-06-02T14:03:18","date_gmt":"2019-06-02T14:03:18","guid":{"rendered":"http:\/\/candas365.es\/noticias\/?p=123613"},"modified":"2019-06-02T14:03:18","modified_gmt":"2019-06-02T14:03:18","slug":"klopp-canta-tras-ganar-la-chamnpions","status":"publish","type":"post","link":"https:\/\/candas365.es\/noticias\/klopp-canta-tras-ganar-la-chamnpions\/","title":{"rendered":"Klopp \u00abcanta\u00bb tras ganar la Chamnpions"},"content":{"rendered":"<p><img fetchpriority=\"high\" decoding=\"async\" class=\"alignleft size-medium wp-image-123614\" src=\"https:\/\/candas365.es\/noticias\/wp-content\/uploads\/2019\/06\/Champions-2019-360x265.jpg\" alt=\"\" width=\"360\" height=\"265\" srcset=\"https:\/\/candas365.es\/noticias\/wp-content\/uploads\/2019\/06\/Champions-2019-360x265.jpg 360w, https:\/\/candas365.es\/noticias\/wp-content\/uploads\/2019\/06\/Champions-2019-768x565.jpg 768w, https:\/\/candas365.es\/noticias\/wp-content\/uploads\/2019\/06\/Champions-2019-652x480.jpg 652w, https:\/\/candas365.es\/noticias\/wp-content\/uploads\/2019\/06\/Champions-2019-80x60.jpg 80w, https:\/\/candas365.es\/noticias\/wp-content\/uploads\/2019\/06\/Champions-2019-696x512.jpg 696w, https:\/\/candas365.es\/noticias\/wp-content\/uploads\/2019\/06\/Champions-2019-571x420.jpg 571w, https:\/\/candas365.es\/noticias\/wp-content\/uploads\/2019\/06\/Champions-2019.jpg 912w\" sizes=\"(max-width: 360px) 100vw, 360px\" \/>Madrid, 2 jun (dpa) \u2013 El entrenador alem\u00e1n del Liverpool, J\u00fcrgen Klopp, y Campino, estrella del grupo de rock alem\u00e1n \u00abDie Toten Hosen\u00bb, volvieron a versionar su canci\u00f3n de promesa de Liga de Campeones en un v\u00eddeo realizado durante las celebraciones del Liverpool por el t\u00edtulo.<\/p>\n<p>Tras el triunfo del Liverpool por 2-0 en la final de la Liga de Campeones ante el Tottenham Hotspur el s\u00e1bado por la noche en Madrid, el t\u00e9cnico y el cantante de rock cantaron con br\u00edo en ingl\u00e9s en un v\u00eddeo de ambos difundido en Internet.<\/p>\n<p>\u00abEnviamos saludos desde Madrid. Esta noche hemos llegado al n\u00famero seis. Trajimos (el trofeo) de vuelta a Liverpool porque lo prometimos\u00bb, (des)entonaron en esta ocasi\u00f3n.<\/p>\n<p>Hace un a\u00f1o, Klopp y Andreas Frege, conocido como Campino, cantaron en un v\u00eddeo similar la promesa de volver a llevar el trofeo de la Liga de Campeones a Liverpool, despu\u00e9s de que los \u00abReds\u00bb perdieran la final contra el Real Madrid. La victoria del s\u00e1bado le dio al Liverpool el sexto t\u00edtulo de la Liga de Campeones de Europa.<\/p>\n<p>La nueva grabaci\u00f3n de Klopp y Campino tuvo lugar aparentemente el domingo de madrugada en la fiesta de celebraci\u00f3n del Liverpool. En el v\u00eddeo se ve a un alegre Klopp sosteniendo firmemente la copa en sus manos, mientras Campino, ferviente admirador del club, dirige meciendo la parte superior de su cuerpo.<\/p>\n<p>Anteriormente, J\u00fcrgen Klopp hab\u00eda recibido la llamada de su hom\u00f3logo del Manchester City, Josep Guardiola, en la que este le felicit\u00f3 por la victoria conseguida.<\/p>\n<p>\u00abAcabo de hablar con Pep Guardiola por tel\u00e9fono\u00bb, dijo Klopp el s\u00e1bado por la noche en la conferencia de prensa tras el triunfo. \u00abPrometimos volver a patearnos el trasero la pr\u00f3xima temporada. Lo intentaremos todo de nuevo y veremos si podemos volver a ganar\u00bb, a\u00f1adi\u00f3 el t\u00e9cnico germano.<\/p>\n<p>El Liverpool termin\u00f3 la temporada de la Premier League en segundo lugar, a un punto del equipo de Guardiola, que sin embargo fue eliminado por el Tottenham en cuartos de final de la Liga de Campeones.<\/p>\n<p>Klopp se mostr\u00f3 tambi\u00e9n convencido de que su equipo tendr\u00e1 m\u00e1s \u00e9xitos en los pr\u00f3ximos a\u00f1os. \u00abEste grupo a\u00fan es joven, tiene una edad maravillosa, todav\u00eda tiene por delante los mejores momentos de su carrera\u00bb, opin\u00f3 Klopp tras el partido del s\u00e1bado por la noche.<\/p>\n<p>\u00abNo era tan importante para m\u00ed personalmente alzar el trofeo. Pero me alegro al ver las im\u00e1genes de mis jugadores con \u00e9l en sus manos. Volver a Liverpool con este trofeo es fant\u00e1stico\u00bb, afirm\u00f3, a la vez que se mostr\u00f3 feliz por ellos.<\/p>\n<p>Tuvo asimismo un momento personal, al mostrarse contento por su familia. \u00abCuando sea un poco m\u00e1s mayor, tal vez tambi\u00e9n por m\u00ed mismo\u00bb, a\u00f1adi\u00f3.<\/p>\n<p>Klopp tambi\u00e9n tuvo palabras de reconocimiento para su rival.<br \/>\n\u00abQuiz\u00e1 yo sepa mejor que nadie c\u00f3mo se siente el Tottenham ahora. Tambi\u00e9n jugaron una gran temporada\u00bb, destac\u00f3, sin duda recordando la derrota del a\u00f1o pasado en la final de la misma competici\u00f3n, contra el Real Madrid, y la de la final de la Europa League de 2016, contra el Sevilla.<\/p>\n","protected":false},"excerpt":{"rendered":"<p>Madrid, 2 jun (dpa) \u2013 El entrenador alem\u00e1n del Liverpool, J\u00fcrgen Klopp, y Campino, estrella del grupo de rock alem\u00e1n \u00abDie Toten Hosen\u00bb, volvieron a versionar su canci\u00f3n de promesa de Liga de Campeones en un v\u00eddeo realizado durante las celebraciones del Liverpool por el t\u00edtulo. Tras el triunfo del Liverpool por 2-0 en la<\/p>\n","protected":false},"author":1,"featured_media":123614,"comment_status":"closed","ping_status":"closed","sticky":false,"template":"","format":"standard","meta":{"footnotes":""},"categories":[319],"tags":[],"class_list":{"0":"post-123613","1":"post","2":"type-post","3":"status-publish","4":"format-standard","5":"has-post-thumbnail","7":"category-deporte"},"aioseo_notices":[],"aioseo_head":"\n\t\t<!-- All in One SEO Pro 4.9.6.2 - aioseo.com -->\n\t<meta name=\"description\" content=\"Madrid, 2 jun (dpa) \u2013 El entrenador alem\u00e1n del Liverpool, J\u00fcrgen Klopp, y Campino, estrella del grupo de rock alem\u00e1n &quot;Die Toten Hosen&quot;, volvieron a versionar su canci\u00f3n de promesa de Liga de Campeones en un v\u00eddeo realizado durante las celebraciones del Liverpool por el t\u00edtulo. Tras el triunfo del Liverpool por 2-0 en la\" \/>\n\t<meta name=\"robots\" content=\"max-image-preview:large\" \/>\n\t<meta name=\"author\" content=\"Cand\u00e1s 365\"\/>\n\t<meta name=\"google-site-verification\" content=\"UA-32230408-1\" \/>\n\t<meta name=\"msvalidate.01\" content=\"354F3CDFB2DA171B47FBE9ABF1F88D5\" \/>\n\t<meta name=\"keywords\" content=\"deporte\" \/>\n\t<link rel=\"canonical\" href=\"https:\/\/candas365.es\/noticias\/klopp-canta-tras-ganar-la-chamnpions\/\" \/>\n\t<meta name=\"generator\" content=\"All in One SEO Pro (AIOSEO) 4.9.6.2\" \/>\n\t\t<meta property=\"og:locale\" content=\"es_ES\" \/>\n\t\t<meta property=\"og:site_name\" content=\"Cand\u00e1s 365\" \/>\n\t\t<meta property=\"og:type\" content=\"article\" \/>\n\t\t<meta property=\"og:title\" content=\"Klopp \u00abcanta\u00bb tras ganar la Chamnpions | Cand\u00e1s 365\" \/>\n\t\t<meta property=\"og:description\" content=\"Madrid, 2 jun (dpa) \u2013 El entrenador alem\u00e1n del Liverpool, J\u00fcrgen Klopp, y Campino, estrella del grupo de rock alem\u00e1n &quot;Die Toten Hosen&quot;, volvieron a versionar su canci\u00f3n de promesa de Liga de Campeones en un v\u00eddeo realizado durante las celebraciones del Liverpool por el t\u00edtulo. Tras el triunfo del Liverpool por 2-0 en la\" \/>\n\t\t<meta property=\"og:url\" content=\"https:\/\/candas365.es\/noticias\/klopp-canta-tras-ganar-la-chamnpions\/\" \/>\n\t\t<meta property=\"og:image\" content=\"https:\/\/candas365.es\/noticias\/wp-content\/uploads\/2019\/06\/Champions-2019.jpg\" \/>\n\t\t<meta property=\"og:image:secure_url\" content=\"https:\/\/candas365.es\/noticias\/wp-content\/uploads\/2019\/06\/Champions-2019.jpg\" \/>\n\t\t<meta property=\"og:image:width\" content=\"912\" \/>\n\t\t<meta property=\"og:image:height\" content=\"671\" \/>\n\t\t<meta property=\"article:published_time\" content=\"2019-06-02T14:03:18+00:00\" \/>\n\t\t<meta property=\"article:modified_time\" content=\"2019-06-02T14:03:18+00:00\" \/>\n\t\t<meta property=\"article:publisher\" content=\"https:\/\/www.facebook.com\/Nachofdezber\" \/>\n\t\t<meta property=\"article:author\" content=\"https:\/\/www.facebook.com\/carrenoactualidad\" \/>\n\t\t<meta name=\"twitter:card\" content=\"summary_large_image\" \/>\n\t\t<meta name=\"twitter:site\" content=\"@NabercoDigital\" \/>\n\t\t<meta name=\"twitter:title\" content=\"Klopp \u00abcanta\u00bb tras ganar la Chamnpions | Cand\u00e1s 365\" \/>\n\t\t<meta name=\"twitter:description\" content=\"Madrid, 2 jun (dpa) \u2013 El entrenador alem\u00e1n del Liverpool, J\u00fcrgen Klopp, y Campino, estrella del grupo de rock alem\u00e1n &quot;Die Toten Hosen&quot;, volvieron a versionar su canci\u00f3n de promesa de Liga de Campeones en un v\u00eddeo realizado durante las celebraciones del Liverpool por el t\u00edtulo. Tras el triunfo del Liverpool por 2-0 en la\" \/>\n\t\t<meta name=\"twitter:creator\" content=\"@nbasturias\" \/>\n\t\t<meta name=\"twitter:image\" content=\"https:\/\/candas365.es\/noticias\/wp-content\/uploads\/2019\/06\/Champions-2019.jpg\" \/>\n\t\t<meta name=\"twitter:label1\" content=\"Escrito por\" \/>\n\t\t<meta name=\"twitter:data1\" content=\"Cand\u00e1s 365\" \/>\n\t\t<meta name=\"twitter:label2\" content=\"Tiempo de lectura estimado\" \/>\n\t\t<meta name=\"twitter:data2\" content=\"3 minutos\" \/>\n\t\t<script type=\"application\/ld+json\" class=\"aioseo-schema\">\n\t\t\t{\"@context\":\"https:\\\/\\\/schema.org\",\"@graph\":[{\"@type\":\"BreadcrumbList\",\"@id\":\"https:\\\/\\\/candas365.es\\\/noticias\\\/klopp-canta-tras-ganar-la-chamnpions\\\/#breadcrumblist\",\"itemListElement\":[{\"@type\":\"ListItem\",\"@id\":\"https:\\\/\\\/candas365.es\\\/noticias#listItem\",\"position\":1,\"name\":\"Home\",\"item\":\"https:\\\/\\\/candas365.es\\\/noticias\",\"nextItem\":{\"@type\":\"ListItem\",\"@id\":\"https:\\\/\\\/candas365.es\\\/noticias\\\/category\\\/deporte\\\/#listItem\",\"name\":\"Deporte\"}},{\"@type\":\"ListItem\",\"@id\":\"https:\\\/\\\/candas365.es\\\/noticias\\\/category\\\/deporte\\\/#listItem\",\"position\":2,\"name\":\"Deporte\",\"item\":\"https:\\\/\\\/candas365.es\\\/noticias\\\/category\\\/deporte\\\/\",\"nextItem\":{\"@type\":\"ListItem\",\"@id\":\"https:\\\/\\\/candas365.es\\\/noticias\\\/klopp-canta-tras-ganar-la-chamnpions\\\/#listItem\",\"name\":\"Klopp \\u00abcanta\\u00bb tras ganar la Chamnpions\"},\"previousItem\":{\"@type\":\"ListItem\",\"@id\":\"https:\\\/\\\/candas365.es\\\/noticias#listItem\",\"name\":\"Home\"}},{\"@type\":\"ListItem\",\"@id\":\"https:\\\/\\\/candas365.es\\\/noticias\\\/klopp-canta-tras-ganar-la-chamnpions\\\/#listItem\",\"position\":3,\"name\":\"Klopp \\u00abcanta\\u00bb tras ganar la Chamnpions\",\"previousItem\":{\"@type\":\"ListItem\",\"@id\":\"https:\\\/\\\/candas365.es\\\/noticias\\\/category\\\/deporte\\\/#listItem\",\"name\":\"Deporte\"}}]},{\"@type\":\"NewsArticle\",\"@id\":\"https:\\\/\\\/candas365.es\\\/noticias\\\/klopp-canta-tras-ganar-la-chamnpions\\\/#newsarticle\",\"name\":\"Klopp \\u00abcanta\\u00bb tras ganar la Chamnpions | Cand\\u00e1s 365\",\"headline\":\"Klopp \\u00abcanta\\u00bb tras ganar la Chamnpions\",\"author\":{\"@id\":\"https:\\\/\\\/candas365.es\\\/noticias\\\/author\\\/admin\\\/#author\"},\"publisher\":{\"@id\":\"https:\\\/\\\/candas365.es\\\/noticias\\\/#organization\"},\"image\":{\"@type\":\"ImageObject\",\"url\":\"https:\\\/\\\/candas365.es\\\/noticias\\\/wp-content\\\/uploads\\\/2019\\\/06\\\/Champions-2019.jpg\",\"width\":912,\"height\":671},\"datePublished\":\"2019-06-02T14:03:18+02:00\",\"dateModified\":\"2019-06-02T14:03:18+02:00\",\"inLanguage\":\"es-ES\",\"mainEntityOfPage\":{\"@id\":\"https:\\\/\\\/candas365.es\\\/noticias\\\/klopp-canta-tras-ganar-la-chamnpions\\\/#webpage\"},\"isPartOf\":{\"@id\":\"https:\\\/\\\/candas365.es\\\/noticias\\\/klopp-canta-tras-ganar-la-chamnpions\\\/#webpage\"},\"articleSection\":\"Deporte\",\"dateline\":\"Publicado el junio 2, 2019.\"},{\"@type\":\"Organization\",\"@id\":\"https:\\\/\\\/candas365.es\\\/noticias\\\/#organization\",\"name\":\"Cand\\u00e1s 365\",\"description\":\"Cand\\u00e1s 365 es un diario digital independiente, fundado en 2012, con base en Asturias. Informamos con rigor sobre actualidad, sociedad, cultura y ocio, con una mirada local y global.\",\"url\":\"https:\\\/\\\/candas365.es\\\/noticias\\\/\",\"email\":\"info@candas365.es\",\"telephone\":\"+34652131393\",\"foundingDate\":\"2012-06-10\",\"logo\":{\"@type\":\"ImageObject\",\"url\":\"https:\\\/\\\/candas365.es\\\/noticias\\\/wp-content\\\/uploads\\\/2024\\\/09\\\/Candas-365-Redes.jpg\",\"@id\":\"https:\\\/\\\/candas365.es\\\/noticias\\\/klopp-canta-tras-ganar-la-chamnpions\\\/#organizationLogo\",\"width\":1152,\"height\":864,\"caption\":\"Cand\\u00e1s 365 Redes\"},\"image\":{\"@id\":\"https:\\\/\\\/candas365.es\\\/noticias\\\/klopp-canta-tras-ganar-la-chamnpions\\\/#organizationLogo\"},\"sameAs\":[\"https:\\\/\\\/www.facebook.com\\\/Nachofdezber\",\"https:\\\/\\\/x.com\\\/NabercoDigital\",\"https:\\\/\\\/www.instagram.com\\\/nachofdezber\\\/\",\"https:\\\/\\\/www.youtube.com\\\/channel\\\/UCZP-2wLEB9Rv6erhFmqVnvg\"],\"address\":{\"@id\":\"https:\\\/\\\/candas365.es\\\/noticias\\\/#postaladdress\",\"@type\":\"PostalAddress\",\"streetAddress\":\"san antonio 4, san antonio 4\",\"postalCode\":\"33430\",\"addressLocality\":\"Cand\\u00e1s\",\"addressRegion\":\"Asturias\",\"addressCountry\":\"ES\"}},{\"@type\":\"Person\",\"@id\":\"https:\\\/\\\/candas365.es\\\/noticias\\\/author\\\/admin\\\/#author\",\"url\":\"https:\\\/\\\/candas365.es\\\/noticias\\\/author\\\/admin\\\/\",\"name\":\"Cand\\u00e1s 365\",\"image\":{\"@type\":\"ImageObject\",\"@id\":\"https:\\\/\\\/candas365.es\\\/noticias\\\/klopp-canta-tras-ganar-la-chamnpions\\\/#authorImage\",\"url\":\"https:\\\/\\\/secure.gravatar.com\\\/avatar\\\/496a8e03d0c493ede1718b7934145dbdf8d89be1036b0eec9544e1094c9de390?s=96&d=mm&r=g\",\"width\":96,\"height\":96,\"caption\":\"Cand\\u00e1s 365\"},\"sameAs\":[\"https:\\\/\\\/www.facebook.com\\\/carrenoactualidad\",\"https:\\\/\\\/twitter.com\\\/nbasturias\",\"https:\\\/\\\/www.instagram.com\\\/nachofdezber\\\/\",\"https:\\\/\\\/www.youtube.com\\\/channel\\\/UCZP-2wLEB9Rv6erhFmqVnvg\"]},{\"@type\":\"WebPage\",\"@id\":\"https:\\\/\\\/candas365.es\\\/noticias\\\/klopp-canta-tras-ganar-la-chamnpions\\\/#webpage\",\"url\":\"https:\\\/\\\/candas365.es\\\/noticias\\\/klopp-canta-tras-ganar-la-chamnpions\\\/\",\"name\":\"Klopp \\u00abcanta\\u00bb tras ganar la Chamnpions | Cand\\u00e1s 365\",\"description\":\"Madrid, 2 jun (dpa) \\u2013 El entrenador alem\\u00e1n del Liverpool, J\\u00fcrgen Klopp, y Campino, estrella del grupo de rock alem\\u00e1n \\\"Die Toten Hosen\\\", volvieron a versionar su canci\\u00f3n de promesa de Liga de Campeones en un v\\u00eddeo realizado durante las celebraciones del Liverpool por el t\\u00edtulo. Tras el triunfo del Liverpool por 2-0 en la\",\"inLanguage\":\"es-ES\",\"isPartOf\":{\"@id\":\"https:\\\/\\\/candas365.es\\\/noticias\\\/#website\"},\"breadcrumb\":{\"@id\":\"https:\\\/\\\/candas365.es\\\/noticias\\\/klopp-canta-tras-ganar-la-chamnpions\\\/#breadcrumblist\"},\"author\":{\"@id\":\"https:\\\/\\\/candas365.es\\\/noticias\\\/author\\\/admin\\\/#author\"},\"creator\":{\"@id\":\"https:\\\/\\\/candas365.es\\\/noticias\\\/author\\\/admin\\\/#author\"},\"image\":{\"@type\":\"ImageObject\",\"url\":\"https:\\\/\\\/candas365.es\\\/noticias\\\/wp-content\\\/uploads\\\/2019\\\/06\\\/Champions-2019.jpg\",\"@id\":\"https:\\\/\\\/candas365.es\\\/noticias\\\/klopp-canta-tras-ganar-la-chamnpions\\\/#mainImage\",\"width\":912,\"height\":671},\"primaryImageOfPage\":{\"@id\":\"https:\\\/\\\/candas365.es\\\/noticias\\\/klopp-canta-tras-ganar-la-chamnpions\\\/#mainImage\"},\"datePublished\":\"2019-06-02T14:03:18+02:00\",\"dateModified\":\"2019-06-02T14:03:18+02:00\"},{\"@type\":\"WebSite\",\"@id\":\"https:\\\/\\\/candas365.es\\\/noticias\\\/#website\",\"url\":\"https:\\\/\\\/candas365.es\\\/noticias\\\/\",\"name\":\"Cand\\u00e1s 365\",\"alternateName\":\"Cand\\u00e1s 365 Noticias\",\"description\":\"Actualidad desde Carre\\u00f1o para el mundo\",\"inLanguage\":\"es-ES\",\"publisher\":{\"@id\":\"https:\\\/\\\/candas365.es\\\/noticias\\\/#organization\"}}]}\n\t\t<\/script>\n\t\t<!-- All in One SEO Pro -->\r\n\t\t<title>Klopp \u00abcanta\u00bb tras ganar la Chamnpions | Cand\u00e1s 365<\/title>\n\n","aioseo_head_json":{"title":"Klopp \u00abcanta\u00bb tras ganar la Chamnpions | Cand\u00e1s 365","description":"Madrid, 2 jun (dpa) \u2013 El entrenador alem\u00e1n del Liverpool, J\u00fcrgen Klopp, y Campino, estrella del grupo de rock alem\u00e1n \"Die Toten Hosen\", volvieron a versionar su canci\u00f3n de promesa de Liga de Campeones en un v\u00eddeo realizado durante las celebraciones del Liverpool por el t\u00edtulo. Tras el triunfo del Liverpool por 2-0 en la","canonical_url":"https:\/\/candas365.es\/noticias\/klopp-canta-tras-ganar-la-chamnpions\/","robots":"max-image-preview:large","keywords":"deporte","webmasterTools":{"google-site-verification":"UA-32230408-1","msvalidate.01":"354F3CDFB2DA171B47FBE9ABF1F88D5","miscellaneous":""},"schema":{"@context":"https:\/\/schema.org","@graph":[{"@type":"BreadcrumbList","@id":"https:\/\/candas365.es\/noticias\/klopp-canta-tras-ganar-la-chamnpions\/#breadcrumblist","itemListElement":[{"@type":"ListItem","@id":"https:\/\/candas365.es\/noticias#listItem","position":1,"name":"Home","item":"https:\/\/candas365.es\/noticias","nextItem":{"@type":"ListItem","@id":"https:\/\/candas365.es\/noticias\/category\/deporte\/#listItem","name":"Deporte"}},{"@type":"ListItem","@id":"https:\/\/candas365.es\/noticias\/category\/deporte\/#listItem","position":2,"name":"Deporte","item":"https:\/\/candas365.es\/noticias\/category\/deporte\/","nextItem":{"@type":"ListItem","@id":"https:\/\/candas365.es\/noticias\/klopp-canta-tras-ganar-la-chamnpions\/#listItem","name":"Klopp \u00abcanta\u00bb tras ganar la Chamnpions"},"previousItem":{"@type":"ListItem","@id":"https:\/\/candas365.es\/noticias#listItem","name":"Home"}},{"@type":"ListItem","@id":"https:\/\/candas365.es\/noticias\/klopp-canta-tras-ganar-la-chamnpions\/#listItem","position":3,"name":"Klopp \u00abcanta\u00bb tras ganar la Chamnpions","previousItem":{"@type":"ListItem","@id":"https:\/\/candas365.es\/noticias\/category\/deporte\/#listItem","name":"Deporte"}}]},{"@type":"NewsArticle","@id":"https:\/\/candas365.es\/noticias\/klopp-canta-tras-ganar-la-chamnpions\/#newsarticle","name":"Klopp \u00abcanta\u00bb tras ganar la Chamnpions | Cand\u00e1s 365","headline":"Klopp \u00abcanta\u00bb tras ganar la Chamnpions","author":{"@id":"https:\/\/candas365.es\/noticias\/author\/admin\/#author"},"publisher":{"@id":"https:\/\/candas365.es\/noticias\/#organization"},"image":{"@type":"ImageObject","url":"https:\/\/candas365.es\/noticias\/wp-content\/uploads\/2019\/06\/Champions-2019.jpg","width":912,"height":671},"datePublished":"2019-06-02T14:03:18+02:00","dateModified":"2019-06-02T14:03:18+02:00","inLanguage":"es-ES","mainEntityOfPage":{"@id":"https:\/\/candas365.es\/noticias\/klopp-canta-tras-ganar-la-chamnpions\/#webpage"},"isPartOf":{"@id":"https:\/\/candas365.es\/noticias\/klopp-canta-tras-ganar-la-chamnpions\/#webpage"},"articleSection":"Deporte","dateline":"Publicado el junio 2, 2019."},{"@type":"Organization","@id":"https:\/\/candas365.es\/noticias\/#organization","name":"Cand\u00e1s 365","description":"Cand\u00e1s 365 es un diario digital independiente, fundado en 2012, con base en Asturias. Informamos con rigor sobre actualidad, sociedad, cultura y ocio, con una mirada local y global.","url":"https:\/\/candas365.es\/noticias\/","email":"info@candas365.es","telephone":"+34652131393","foundingDate":"2012-06-10","logo":{"@type":"ImageObject","url":"https:\/\/candas365.es\/noticias\/wp-content\/uploads\/2024\/09\/Candas-365-Redes.jpg","@id":"https:\/\/candas365.es\/noticias\/klopp-canta-tras-ganar-la-chamnpions\/#organizationLogo","width":1152,"height":864,"caption":"Cand\u00e1s 365 Redes"},"image":{"@id":"https:\/\/candas365.es\/noticias\/klopp-canta-tras-ganar-la-chamnpions\/#organizationLogo"},"sameAs":["https:\/\/www.facebook.com\/Nachofdezber","https:\/\/x.com\/NabercoDigital","https:\/\/www.instagram.com\/nachofdezber\/","https:\/\/www.youtube.com\/channel\/UCZP-2wLEB9Rv6erhFmqVnvg"],"address":{"@id":"https:\/\/candas365.es\/noticias\/#postaladdress","@type":"PostalAddress","streetAddress":"san antonio 4, san antonio 4","postalCode":"33430","addressLocality":"Cand\u00e1s","addressRegion":"Asturias","addressCountry":"ES"}},{"@type":"Person","@id":"https:\/\/candas365.es\/noticias\/author\/admin\/#author","url":"https:\/\/candas365.es\/noticias\/author\/admin\/","name":"Cand\u00e1s 365","image":{"@type":"ImageObject","@id":"https:\/\/candas365.es\/noticias\/klopp-canta-tras-ganar-la-chamnpions\/#authorImage","url":"https:\/\/secure.gravatar.com\/avatar\/496a8e03d0c493ede1718b7934145dbdf8d89be1036b0eec9544e1094c9de390?s=96&d=mm&r=g","width":96,"height":96,"caption":"Cand\u00e1s 365"},"sameAs":["https:\/\/www.facebook.com\/carrenoactualidad","https:\/\/twitter.com\/nbasturias","https:\/\/www.instagram.com\/nachofdezber\/","https:\/\/www.youtube.com\/channel\/UCZP-2wLEB9Rv6erhFmqVnvg"]},{"@type":"WebPage","@id":"https:\/\/candas365.es\/noticias\/klopp-canta-tras-ganar-la-chamnpions\/#webpage","url":"https:\/\/candas365.es\/noticias\/klopp-canta-tras-ganar-la-chamnpions\/","name":"Klopp \u00abcanta\u00bb tras ganar la Chamnpions | Cand\u00e1s 365","description":"Madrid, 2 jun (dpa) \u2013 El entrenador alem\u00e1n del Liverpool, J\u00fcrgen Klopp, y Campino, estrella del grupo de rock alem\u00e1n \"Die Toten Hosen\", volvieron a versionar su canci\u00f3n de promesa de Liga de Campeones en un v\u00eddeo realizado durante las celebraciones del Liverpool por el t\u00edtulo. Tras el triunfo del Liverpool por 2-0 en la","inLanguage":"es-ES","isPartOf":{"@id":"https:\/\/candas365.es\/noticias\/#website"},"breadcrumb":{"@id":"https:\/\/candas365.es\/noticias\/klopp-canta-tras-ganar-la-chamnpions\/#breadcrumblist"},"author":{"@id":"https:\/\/candas365.es\/noticias\/author\/admin\/#author"},"creator":{"@id":"https:\/\/candas365.es\/noticias\/author\/admin\/#author"},"image":{"@type":"ImageObject","url":"https:\/\/candas365.es\/noticias\/wp-content\/uploads\/2019\/06\/Champions-2019.jpg","@id":"https:\/\/candas365.es\/noticias\/klopp-canta-tras-ganar-la-chamnpions\/#mainImage","width":912,"height":671},"primaryImageOfPage":{"@id":"https:\/\/candas365.es\/noticias\/klopp-canta-tras-ganar-la-chamnpions\/#mainImage"},"datePublished":"2019-06-02T14:03:18+02:00","dateModified":"2019-06-02T14:03:18+02:00"},{"@type":"WebSite","@id":"https:\/\/candas365.es\/noticias\/#website","url":"https:\/\/candas365.es\/noticias\/","name":"Cand\u00e1s 365","alternateName":"Cand\u00e1s 365 Noticias","description":"Actualidad desde Carre\u00f1o para el mundo","inLanguage":"es-ES","publisher":{"@id":"https:\/\/candas365.es\/noticias\/#organization"}}]},"og:locale":"es_ES","og:site_name":"Cand\u00e1s 365","og:type":"article","og:title":"Klopp \u00abcanta\u00bb tras ganar la Chamnpions | Cand\u00e1s 365","og:description":"Madrid, 2 jun (dpa) \u2013 El entrenador alem\u00e1n del Liverpool, J\u00fcrgen Klopp, y Campino, estrella del grupo de rock alem\u00e1n &quot;Die Toten Hosen&quot;, volvieron a versionar su canci\u00f3n de promesa de Liga de Campeones en un v\u00eddeo realizado durante las celebraciones del Liverpool por el t\u00edtulo. Tras el triunfo del Liverpool por 2-0 en la","og:url":"https:\/\/candas365.es\/noticias\/klopp-canta-tras-ganar-la-chamnpions\/","og:image":"https:\/\/candas365.es\/noticias\/wp-content\/uploads\/2019\/06\/Champions-2019.jpg","og:image:secure_url":"https:\/\/candas365.es\/noticias\/wp-content\/uploads\/2019\/06\/Champions-2019.jpg","og:image:width":912,"og:image:height":671,"article:published_time":"2019-06-02T14:03:18+00:00","article:modified_time":"2019-06-02T14:03:18+00:00","article:publisher":"https:\/\/www.facebook.com\/Nachofdezber","article:author":"https:\/\/www.facebook.com\/carrenoactualidad","twitter:card":"summary_large_image","twitter:site":"@NabercoDigital","twitter:title":"Klopp \u00abcanta\u00bb tras ganar la Chamnpions | Cand\u00e1s 365","twitter:description":"Madrid, 2 jun (dpa) \u2013 El entrenador alem\u00e1n del Liverpool, J\u00fcrgen Klopp, y Campino, estrella del grupo de rock alem\u00e1n &quot;Die Toten Hosen&quot;, volvieron a versionar su canci\u00f3n de promesa de Liga de Campeones en un v\u00eddeo realizado durante las celebraciones del Liverpool por el t\u00edtulo. Tras el triunfo del Liverpool por 2-0 en la","twitter:creator":"@nbasturias","twitter:image":"https:\/\/candas365.es\/noticias\/wp-content\/uploads\/2019\/06\/Champions-2019.jpg","twitter:label1":"Escrito por","twitter:data1":"Cand\u00e1s 365","twitter:label2":"Tiempo de lectura estimado","twitter:data2":"3 minutos"},"aioseo_meta_data":{"post_id":"123613","title":null,"description":null,"keywords":null,"keyphrases":null,"primary_term":null,"canonical_url":null,"og_title":null,"og_description":null,"og_object_type":"default","og_image_type":"default","og_image_url":null,"og_image_width":null,"og_image_height":null,"og_image_custom_url":null,"og_image_custom_fields":null,"og_video":null,"og_custom_url":null,"og_article_section":null,"og_article_tags":null,"twitter_use_og":false,"twitter_card":"default","twitter_image_type":"default","twitter_image_url":null,"twitter_image_custom_url":null,"twitter_image_custom_fields":null,"twitter_title":null,"twitter_description":null,"schema":{"blockGraphs":[],"customGraphs":[],"default":{"data":{"Article":[],"Course":[],"Dataset":[],"FAQPage":[],"Movie":[],"Person":[],"Product":[],"ProductReview":[],"Car":[],"Recipe":[],"Service":[],"SoftwareApplication":[],"WebPage":[]},"graphName":"","isEnabled":true},"graphs":[],"defaultGraph":"","defaultPostTypeGraph":""},"schema_type":null,"schema_type_options":null,"pillar_content":false,"robots_default":true,"robots_noindex":false,"robots_noarchive":false,"robots_nosnippet":false,"robots_nofollow":false,"robots_noimageindex":false,"robots_noodp":false,"robots_notranslate":false,"robots_max_snippet":null,"robots_max_videopreview":null,"robots_max_imagepreview":"large","priority":null,"frequency":null,"location":null,"local_seo":null,"seo_analyzer_scan_date":"2025-08-30 01:33:12","breadcrumb_settings":null,"limit_modified_date":false,"reviewed_by":null,"open_ai":null,"ai":null,"created":"2020-12-21 10:56:52","updated":"2025-08-30 01:33:12"},"aioseo_breadcrumb":"<div class=\"aioseo-breadcrumbs\"><span class=\"aioseo-breadcrumb\">\n\t<a href=\"https:\/\/candas365.es\/noticias\" title=\"Home\">Home<\/a>\n<\/span><span class=\"aioseo-breadcrumb-separator\">&ndash;<\/span><span class=\"aioseo-breadcrumb\">\n\t<a href=\"https:\/\/candas365.es\/noticias\/category\/deporte\/\" title=\"Deporte\">Deporte<\/a>\n<\/span><span class=\"aioseo-breadcrumb-separator\">&ndash;<\/span><span class=\"aioseo-breadcrumb\">\n\tKlopp \u00abcanta\u00bb tras ganar la Chamnpions\n<\/span><\/div>","aioseo_breadcrumb_json":[{"label":"Home","link":"https:\/\/candas365.es\/noticias"},{"label":"Deporte","link":"https:\/\/candas365.es\/noticias\/category\/deporte\/"},{"label":"Klopp \u00abcanta\u00bb tras ganar la Chamnpions","link":"https:\/\/candas365.es\/noticias\/klopp-canta-tras-ganar-la-chamnpions\/"}],"_links":{"self":[{"href":"https:\/\/candas365.es\/noticias\/wp-json\/wp\/v2\/posts\/123613","targetHints":{"allow":["GET"]}}],"collection":[{"href":"https:\/\/candas365.es\/noticias\/wp-json\/wp\/v2\/posts"}],"about":[{"href":"https:\/\/candas365.es\/noticias\/wp-json\/wp\/v2\/types\/post"}],"author":[{"embeddable":true,"href":"https:\/\/candas365.es\/noticias\/wp-json\/wp\/v2\/users\/1"}],"replies":[{"embeddable":true,"href":"https:\/\/candas365.es\/noticias\/wp-json\/wp\/v2\/comments?post=123613"}],"version-history":[{"count":0,"href":"https:\/\/candas365.es\/noticias\/wp-json\/wp\/v2\/posts\/123613\/revisions"}],"wp:featuredmedia":[{"embeddable":true,"href":"https:\/\/candas365.es\/noticias\/wp-json\/wp\/v2\/media\/123614"}],"wp:attachment":[{"href":"https:\/\/candas365.es\/noticias\/wp-json\/wp\/v2\/media?parent=123613"}],"wp:term":[{"taxonomy":"category","embeddable":true,"href":"https:\/\/candas365.es\/noticias\/wp-json\/wp\/v2\/categories?post=123613"},{"taxonomy":"post_tag","embeddable":true,"href":"https:\/\/candas365.es\/noticias\/wp-json\/wp\/v2\/tags?post=123613"}],"curies":[{"name":"wp","href":"https:\/\/api.w.org\/{rel}","templated":true}]}}