{"id":123608,"date":"2019-06-01T21:16:19","date_gmt":"2019-06-01T21:16:19","guid":{"rendered":"http:\/\/candas365.es\/noticias\/?p=123608"},"modified":"2019-06-01T21:16:19","modified_gmt":"2019-06-01T21:16:19","slug":"sven-ulreich-convocado-con-la-seleccion-alemana","status":"publish","type":"post","link":"https:\/\/candas365.es\/noticias\/sven-ulreich-convocado-con-la-seleccion-alemana\/","title":{"rendered":"Sven Ulreich convocado con la selecci\u00f3n alemana"},"content":{"rendered":"<figure id=\"attachment_123609\" aria-describedby=\"caption-attachment-123609\" style=\"width: 360px\" class=\"wp-caption alignleft\"><img fetchpriority=\"high\" decoding=\"async\" class=\"size-medium wp-image-123609\" src=\"https:\/\/candas365.es\/noticias\/wp-content\/uploads\/2019\/06\/Sven-Ulreich-360x244.jpg\" alt=\"\" width=\"360\" height=\"244\" srcset=\"https:\/\/candas365.es\/noticias\/wp-content\/uploads\/2019\/06\/Sven-Ulreich-360x244.jpg 360w, https:\/\/candas365.es\/noticias\/wp-content\/uploads\/2019\/06\/Sven-Ulreich-768x520.jpg 768w, https:\/\/candas365.es\/noticias\/wp-content\/uploads\/2019\/06\/Sven-Ulreich-655x444.jpg 655w, https:\/\/candas365.es\/noticias\/wp-content\/uploads\/2019\/06\/Sven-Ulreich-696x472.jpg 696w, https:\/\/candas365.es\/noticias\/wp-content\/uploads\/2019\/06\/Sven-Ulreich-620x420.jpg 620w, https:\/\/candas365.es\/noticias\/wp-content\/uploads\/2019\/06\/Sven-Ulreich.jpg 980w\" sizes=\"(max-width: 360px) 100vw, 360px\" \/><figcaption id=\"caption-attachment-123609\" class=\"wp-caption-text\">Sven Ulreich, portero del Bayern M\u00fanich. Foto: Soeren Stache\/dpa<\/figcaption><\/figure>\n<p>Berl\u00edn, 1 jun (dpa) &#8211; El portero Sven Ulreich, del Bayern M\u00fanich, recibi\u00f3 hoy una buena noticia al ser convocado por primera vez a la selecci\u00f3n alemana de f\u00fatbol en reemplazo del lesionado Bernd Leno para disputar los pr\u00f3ximos dos partidos clasificatorios para la Eurocopa 2020.<\/p>\n<p>El arquero suplente del campe\u00f3n alem\u00e1n, de 30 a\u00f1os, se sumar\u00e1 a la selecci\u00f3n que se medir\u00e1 el 8 de junio con Bielorrusia y tres d\u00edas despu\u00e9s, con Estonia por el pase a la Eurocopa 2020.<\/p>\n<p>Leno, portero del Arsenal ingl\u00e9s, sufre desde hace varias semanas una lesi\u00f3n de ligamentos en el pulgar, por lo que tuvo que cancelar la final de la temporada internacional, inform\u00f3 la Federaci\u00f3n Alemana de F\u00fatbol (DFB).<\/p>\n<p>\u00abEl pulgar est\u00e1 inmovilizado con una f\u00e9rula, as\u00ed que tendremos que prescindir de \u00e9l en los pr\u00f3ximos partidos internacionales\u00bb, explic\u00f3 hoy el entrenador de porteros de la selecci\u00f3n alemana, Andreas K\u00f6pke.<\/p>\n<p>Al igual que en el Bayern, Ulreich ser\u00e1 el suplente del arquero campe\u00f3n del mundo en 2014, Manuel Neuer. \u00abSven se ha ganado el puesto. Cuando se le necesit\u00f3 esta temporada, estuvo all\u00ed y mostr\u00f3 un gran rendimiento en el Bayern. Es una gran cualidad\u00bb, destac\u00f3 K\u00f6pke.<\/p>\n<p>Ulreich jug\u00f3 doce partidos de la Bundesliga y la Copa Alemana esta temporada, al reemplazar a Neuer durante una lesi\u00f3n, y por eso fue un protagonista importante de la doble corona conquistada este a\u00f1o por el Bayern M\u00fanich.<\/p>\n<p>Marc-Andr\u00e9 ter Stegen, del Barcelona, no fue convocado esta vez a la selecci\u00f3n porque padeci\u00f3 en el final de la temporada problemas en la rodillas. Adem\u00e1s de Neuer y Ulreich, Kevin Trapp, del Frankfurt, tambi\u00e9n forma parte del grupo de porteros de la selecci\u00f3n nacional para la \u00faltima doble jornada internacional de 2018\/2019.<\/p>\n<p>La selecci\u00f3n alemana de f\u00fatbol ser\u00e1 dirigida en estos dos \u00faltimos partidos internacionales de la temporada por Marcus Sorg de forma interina, luego de que Joachim L\u00f6w fuera hospitalizado por problemas circulatorios. La DFB convoc\u00f3 en tanto a Antonio di Salvo como entrenador suplente.<\/p>\n<p>Sorg y Di Salvo ya trabajaron juntos entre 2013 y 2016 en la selecci\u00f3n Sub 19 y ganaron el Campeonato Europeo de 2014.<\/p>\n<p>Di Salvo, de 39 a\u00f1os, integra actualmente el equipo t\u00e9cnico del entrenador de la selecci\u00f3n Sub 21, Stefan Kuntz.<\/p>\n<p>\u00abConozco a Toni hace mucho tiempo y le estoy muy agradecido, tambi\u00e9n a Stefan Kuntz, por ayudarnos en esta etapa excepcional\u00bb, declar\u00f3 Sorg en un comunicado de la DFB.<\/p>\n","protected":false},"excerpt":{"rendered":"<p>Berl\u00edn, 1 jun (dpa) &#8211; El portero Sven Ulreich, del Bayern M\u00fanich, recibi\u00f3 hoy una buena noticia al ser convocado por primera vez a la selecci\u00f3n alemana de f\u00fatbol en reemplazo del lesionado Bernd Leno para disputar los pr\u00f3ximos dos partidos clasificatorios para la Eurocopa 2020. El arquero suplente del campe\u00f3n alem\u00e1n, de 30 a\u00f1os,<\/p>\n","protected":false},"author":1,"featured_media":123609,"comment_status":"closed","ping_status":"closed","sticky":false,"template":"","format":"standard","meta":{"footnotes":""},"categories":[319],"tags":[],"class_list":{"0":"post-123608","1":"post","2":"type-post","3":"status-publish","4":"format-standard","5":"has-post-thumbnail","7":"category-deporte"},"aioseo_notices":[],"aioseo_head":"\n\t\t<!-- All in One SEO Pro 4.9.6.2 - aioseo.com -->\n\t<meta name=\"description\" content=\"Berl\u00edn, 1 jun (dpa) - El portero Sven Ulreich, del Bayern M\u00fanich, recibi\u00f3 hoy una buena noticia al ser convocado por primera vez a la selecci\u00f3n alemana de f\u00fatbol en reemplazo del lesionado Bernd Leno para disputar los pr\u00f3ximos dos partidos clasificatorios para la Eurocopa 2020. El arquero suplente del campe\u00f3n alem\u00e1n, de 30 a\u00f1os,\" \/>\n\t<meta name=\"robots\" content=\"max-image-preview:large\" \/>\n\t<meta name=\"author\" content=\"Cand\u00e1s 365\"\/>\n\t<meta name=\"google-site-verification\" content=\"UA-32230408-1\" \/>\n\t<meta name=\"msvalidate.01\" content=\"354F3CDFB2DA171B47FBE9ABF1F88D5\" \/>\n\t<meta name=\"keywords\" content=\"deporte\" \/>\n\t<link rel=\"canonical\" href=\"https:\/\/candas365.es\/noticias\/sven-ulreich-convocado-con-la-seleccion-alemana\/\" \/>\n\t<meta name=\"generator\" content=\"All in One SEO Pro (AIOSEO) 4.9.6.2\" \/>\n\t\t<meta property=\"og:locale\" content=\"es_ES\" \/>\n\t\t<meta property=\"og:site_name\" content=\"Cand\u00e1s 365\" \/>\n\t\t<meta property=\"og:type\" content=\"article\" \/>\n\t\t<meta property=\"og:title\" content=\"Sven Ulreich convocado con la selecci\u00f3n alemana | Cand\u00e1s 365\" \/>\n\t\t<meta property=\"og:description\" content=\"Berl\u00edn, 1 jun (dpa) - El portero Sven Ulreich, del Bayern M\u00fanich, recibi\u00f3 hoy una buena noticia al ser convocado por primera vez a la selecci\u00f3n alemana de f\u00fatbol en reemplazo del lesionado Bernd Leno para disputar los pr\u00f3ximos dos partidos clasificatorios para la Eurocopa 2020. El arquero suplente del campe\u00f3n alem\u00e1n, de 30 a\u00f1os,\" \/>\n\t\t<meta property=\"og:url\" content=\"https:\/\/candas365.es\/noticias\/sven-ulreich-convocado-con-la-seleccion-alemana\/\" \/>\n\t\t<meta property=\"og:image\" content=\"https:\/\/candas365.es\/noticias\/wp-content\/uploads\/2019\/06\/Sven-Ulreich.jpg\" \/>\n\t\t<meta property=\"og:image:secure_url\" content=\"https:\/\/candas365.es\/noticias\/wp-content\/uploads\/2019\/06\/Sven-Ulreich.jpg\" \/>\n\t\t<meta property=\"og:image:width\" content=\"980\" \/>\n\t\t<meta property=\"og:image:height\" content=\"664\" \/>\n\t\t<meta property=\"article:published_time\" content=\"2019-06-01T21:16:19+00:00\" \/>\n\t\t<meta property=\"article:modified_time\" content=\"2019-06-01T21:16:19+00:00\" \/>\n\t\t<meta property=\"article:publisher\" content=\"https:\/\/www.facebook.com\/Nachofdezber\" \/>\n\t\t<meta property=\"article:author\" content=\"https:\/\/www.facebook.com\/carrenoactualidad\" \/>\n\t\t<meta name=\"twitter:card\" content=\"summary_large_image\" \/>\n\t\t<meta name=\"twitter:site\" content=\"@NabercoDigital\" \/>\n\t\t<meta name=\"twitter:title\" content=\"Sven Ulreich convocado con la selecci\u00f3n alemana | Cand\u00e1s 365\" \/>\n\t\t<meta name=\"twitter:description\" content=\"Berl\u00edn, 1 jun (dpa) - El portero Sven Ulreich, del Bayern M\u00fanich, recibi\u00f3 hoy una buena noticia al ser convocado por primera vez a la selecci\u00f3n alemana de f\u00fatbol en reemplazo del lesionado Bernd Leno para disputar los pr\u00f3ximos dos partidos clasificatorios para la Eurocopa 2020. El arquero suplente del campe\u00f3n alem\u00e1n, de 30 a\u00f1os,\" \/>\n\t\t<meta name=\"twitter:creator\" content=\"@nbasturias\" \/>\n\t\t<meta name=\"twitter:image\" content=\"https:\/\/candas365.es\/noticias\/wp-content\/uploads\/2019\/06\/Sven-Ulreich.jpg\" \/>\n\t\t<meta name=\"twitter:label1\" content=\"Escrito por\" \/>\n\t\t<meta name=\"twitter:data1\" content=\"Cand\u00e1s 365\" \/>\n\t\t<meta name=\"twitter:label2\" content=\"Tiempo de lectura estimado\" \/>\n\t\t<meta name=\"twitter:data2\" content=\"2 minutos\" \/>\n\t\t<script type=\"application\/ld+json\" class=\"aioseo-schema\">\n\t\t\t{\"@context\":\"https:\\\/\\\/schema.org\",\"@graph\":[{\"@type\":\"BreadcrumbList\",\"@id\":\"https:\\\/\\\/candas365.es\\\/noticias\\\/sven-ulreich-convocado-con-la-seleccion-alemana\\\/#breadcrumblist\",\"itemListElement\":[{\"@type\":\"ListItem\",\"@id\":\"https:\\\/\\\/candas365.es\\\/noticias#listItem\",\"position\":1,\"name\":\"Home\",\"item\":\"https:\\\/\\\/candas365.es\\\/noticias\",\"nextItem\":{\"@type\":\"ListItem\",\"@id\":\"https:\\\/\\\/candas365.es\\\/noticias\\\/category\\\/deporte\\\/#listItem\",\"name\":\"Deporte\"}},{\"@type\":\"ListItem\",\"@id\":\"https:\\\/\\\/candas365.es\\\/noticias\\\/category\\\/deporte\\\/#listItem\",\"position\":2,\"name\":\"Deporte\",\"item\":\"https:\\\/\\\/candas365.es\\\/noticias\\\/category\\\/deporte\\\/\",\"nextItem\":{\"@type\":\"ListItem\",\"@id\":\"https:\\\/\\\/candas365.es\\\/noticias\\\/sven-ulreich-convocado-con-la-seleccion-alemana\\\/#listItem\",\"name\":\"Sven Ulreich convocado con la selecci\\u00f3n alemana\"},\"previousItem\":{\"@type\":\"ListItem\",\"@id\":\"https:\\\/\\\/candas365.es\\\/noticias#listItem\",\"name\":\"Home\"}},{\"@type\":\"ListItem\",\"@id\":\"https:\\\/\\\/candas365.es\\\/noticias\\\/sven-ulreich-convocado-con-la-seleccion-alemana\\\/#listItem\",\"position\":3,\"name\":\"Sven Ulreich convocado con la selecci\\u00f3n alemana\",\"previousItem\":{\"@type\":\"ListItem\",\"@id\":\"https:\\\/\\\/candas365.es\\\/noticias\\\/category\\\/deporte\\\/#listItem\",\"name\":\"Deporte\"}}]},{\"@type\":\"NewsArticle\",\"@id\":\"https:\\\/\\\/candas365.es\\\/noticias\\\/sven-ulreich-convocado-con-la-seleccion-alemana\\\/#newsarticle\",\"name\":\"Sven Ulreich convocado con la selecci\\u00f3n alemana | Cand\\u00e1s 365\",\"headline\":\"Sven Ulreich convocado con la selecci\\u00f3n alemana\",\"author\":{\"@id\":\"https:\\\/\\\/candas365.es\\\/noticias\\\/author\\\/admin\\\/#author\"},\"publisher\":{\"@id\":\"https:\\\/\\\/candas365.es\\\/noticias\\\/#organization\"},\"image\":{\"@type\":\"ImageObject\",\"url\":\"https:\\\/\\\/candas365.es\\\/noticias\\\/wp-content\\\/uploads\\\/2019\\\/06\\\/Sven-Ulreich.jpg\",\"width\":980,\"height\":664,\"caption\":\"Sven Ulreich, portero del Bayern M\\u00fanich. Foto: Soeren Stache\\\/dpa\"},\"datePublished\":\"2019-06-01T21:16:19+02:00\",\"dateModified\":\"2019-06-01T21:16:19+02:00\",\"inLanguage\":\"es-ES\",\"mainEntityOfPage\":{\"@id\":\"https:\\\/\\\/candas365.es\\\/noticias\\\/sven-ulreich-convocado-con-la-seleccion-alemana\\\/#webpage\"},\"isPartOf\":{\"@id\":\"https:\\\/\\\/candas365.es\\\/noticias\\\/sven-ulreich-convocado-con-la-seleccion-alemana\\\/#webpage\"},\"articleSection\":\"Deporte\",\"dateline\":\"Publicado el junio 1, 2019.\"},{\"@type\":\"Organization\",\"@id\":\"https:\\\/\\\/candas365.es\\\/noticias\\\/#organization\",\"name\":\"Cand\\u00e1s 365\",\"description\":\"Cand\\u00e1s 365 es un diario digital independiente, fundado en 2012, con base en Asturias. Informamos con rigor sobre actualidad, sociedad, cultura y ocio, con una mirada local y global.\",\"url\":\"https:\\\/\\\/candas365.es\\\/noticias\\\/\",\"email\":\"info@candas365.es\",\"telephone\":\"+34652131393\",\"foundingDate\":\"2012-06-10\",\"logo\":{\"@type\":\"ImageObject\",\"url\":\"https:\\\/\\\/candas365.es\\\/noticias\\\/wp-content\\\/uploads\\\/2024\\\/09\\\/Candas-365-Redes.jpg\",\"@id\":\"https:\\\/\\\/candas365.es\\\/noticias\\\/sven-ulreich-convocado-con-la-seleccion-alemana\\\/#organizationLogo\",\"width\":1152,\"height\":864,\"caption\":\"Cand\\u00e1s 365 Redes\"},\"image\":{\"@id\":\"https:\\\/\\\/candas365.es\\\/noticias\\\/sven-ulreich-convocado-con-la-seleccion-alemana\\\/#organizationLogo\"},\"sameAs\":[\"https:\\\/\\\/www.facebook.com\\\/Nachofdezber\",\"https:\\\/\\\/x.com\\\/NabercoDigital\",\"https:\\\/\\\/www.instagram.com\\\/nachofdezber\\\/\",\"https:\\\/\\\/www.youtube.com\\\/channel\\\/UCZP-2wLEB9Rv6erhFmqVnvg\"],\"address\":{\"@id\":\"https:\\\/\\\/candas365.es\\\/noticias\\\/#postaladdress\",\"@type\":\"PostalAddress\",\"streetAddress\":\"san antonio 4, san antonio 4\",\"postalCode\":\"33430\",\"addressLocality\":\"Cand\\u00e1s\",\"addressRegion\":\"Asturias\",\"addressCountry\":\"ES\"}},{\"@type\":\"Person\",\"@id\":\"https:\\\/\\\/candas365.es\\\/noticias\\\/author\\\/admin\\\/#author\",\"url\":\"https:\\\/\\\/candas365.es\\\/noticias\\\/author\\\/admin\\\/\",\"name\":\"Cand\\u00e1s 365\",\"image\":{\"@type\":\"ImageObject\",\"@id\":\"https:\\\/\\\/candas365.es\\\/noticias\\\/sven-ulreich-convocado-con-la-seleccion-alemana\\\/#authorImage\",\"url\":\"https:\\\/\\\/secure.gravatar.com\\\/avatar\\\/496a8e03d0c493ede1718b7934145dbdf8d89be1036b0eec9544e1094c9de390?s=96&d=mm&r=g\",\"width\":96,\"height\":96,\"caption\":\"Cand\\u00e1s 365\"},\"sameAs\":[\"https:\\\/\\\/www.facebook.com\\\/carrenoactualidad\",\"https:\\\/\\\/twitter.com\\\/nbasturias\",\"https:\\\/\\\/www.instagram.com\\\/nachofdezber\\\/\",\"https:\\\/\\\/www.youtube.com\\\/channel\\\/UCZP-2wLEB9Rv6erhFmqVnvg\"]},{\"@type\":\"WebPage\",\"@id\":\"https:\\\/\\\/candas365.es\\\/noticias\\\/sven-ulreich-convocado-con-la-seleccion-alemana\\\/#webpage\",\"url\":\"https:\\\/\\\/candas365.es\\\/noticias\\\/sven-ulreich-convocado-con-la-seleccion-alemana\\\/\",\"name\":\"Sven Ulreich convocado con la selecci\\u00f3n alemana | Cand\\u00e1s 365\",\"description\":\"Berl\\u00edn, 1 jun (dpa) - El portero Sven Ulreich, del Bayern M\\u00fanich, recibi\\u00f3 hoy una buena noticia al ser convocado por primera vez a la selecci\\u00f3n alemana de f\\u00fatbol en reemplazo del lesionado Bernd Leno para disputar los pr\\u00f3ximos dos partidos clasificatorios para la Eurocopa 2020. El arquero suplente del campe\\u00f3n alem\\u00e1n, de 30 a\\u00f1os,\",\"inLanguage\":\"es-ES\",\"isPartOf\":{\"@id\":\"https:\\\/\\\/candas365.es\\\/noticias\\\/#website\"},\"breadcrumb\":{\"@id\":\"https:\\\/\\\/candas365.es\\\/noticias\\\/sven-ulreich-convocado-con-la-seleccion-alemana\\\/#breadcrumblist\"},\"author\":{\"@id\":\"https:\\\/\\\/candas365.es\\\/noticias\\\/author\\\/admin\\\/#author\"},\"creator\":{\"@id\":\"https:\\\/\\\/candas365.es\\\/noticias\\\/author\\\/admin\\\/#author\"},\"image\":{\"@type\":\"ImageObject\",\"url\":\"https:\\\/\\\/candas365.es\\\/noticias\\\/wp-content\\\/uploads\\\/2019\\\/06\\\/Sven-Ulreich.jpg\",\"@id\":\"https:\\\/\\\/candas365.es\\\/noticias\\\/sven-ulreich-convocado-con-la-seleccion-alemana\\\/#mainImage\",\"width\":980,\"height\":664,\"caption\":\"Sven Ulreich, portero del Bayern M\\u00fanich. Foto: Soeren Stache\\\/dpa\"},\"primaryImageOfPage\":{\"@id\":\"https:\\\/\\\/candas365.es\\\/noticias\\\/sven-ulreich-convocado-con-la-seleccion-alemana\\\/#mainImage\"},\"datePublished\":\"2019-06-01T21:16:19+02:00\",\"dateModified\":\"2019-06-01T21:16:19+02:00\"},{\"@type\":\"WebSite\",\"@id\":\"https:\\\/\\\/candas365.es\\\/noticias\\\/#website\",\"url\":\"https:\\\/\\\/candas365.es\\\/noticias\\\/\",\"name\":\"Cand\\u00e1s 365\",\"alternateName\":\"Cand\\u00e1s 365 Noticias\",\"description\":\"Actualidad desde Carre\\u00f1o para el mundo\",\"inLanguage\":\"es-ES\",\"publisher\":{\"@id\":\"https:\\\/\\\/candas365.es\\\/noticias\\\/#organization\"}}]}\n\t\t<\/script>\n\t\t<!-- All in One SEO Pro -->\r\n\t\t<title>Sven Ulreich convocado con la selecci\u00f3n alemana | Cand\u00e1s 365<\/title>\n\n","aioseo_head_json":{"title":"Sven Ulreich convocado con la selecci\u00f3n alemana | Cand\u00e1s 365","description":"Berl\u00edn, 1 jun (dpa) - El portero Sven Ulreich, del Bayern M\u00fanich, recibi\u00f3 hoy una buena noticia al ser convocado por primera vez a la selecci\u00f3n alemana de f\u00fatbol en reemplazo del lesionado Bernd Leno para disputar los pr\u00f3ximos dos partidos clasificatorios para la Eurocopa 2020. El arquero suplente del campe\u00f3n alem\u00e1n, de 30 a\u00f1os,","canonical_url":"https:\/\/candas365.es\/noticias\/sven-ulreich-convocado-con-la-seleccion-alemana\/","robots":"max-image-preview:large","keywords":"deporte","webmasterTools":{"google-site-verification":"UA-32230408-1","msvalidate.01":"354F3CDFB2DA171B47FBE9ABF1F88D5","miscellaneous":""},"schema":{"@context":"https:\/\/schema.org","@graph":[{"@type":"BreadcrumbList","@id":"https:\/\/candas365.es\/noticias\/sven-ulreich-convocado-con-la-seleccion-alemana\/#breadcrumblist","itemListElement":[{"@type":"ListItem","@id":"https:\/\/candas365.es\/noticias#listItem","position":1,"name":"Home","item":"https:\/\/candas365.es\/noticias","nextItem":{"@type":"ListItem","@id":"https:\/\/candas365.es\/noticias\/category\/deporte\/#listItem","name":"Deporte"}},{"@type":"ListItem","@id":"https:\/\/candas365.es\/noticias\/category\/deporte\/#listItem","position":2,"name":"Deporte","item":"https:\/\/candas365.es\/noticias\/category\/deporte\/","nextItem":{"@type":"ListItem","@id":"https:\/\/candas365.es\/noticias\/sven-ulreich-convocado-con-la-seleccion-alemana\/#listItem","name":"Sven Ulreich convocado con la selecci\u00f3n alemana"},"previousItem":{"@type":"ListItem","@id":"https:\/\/candas365.es\/noticias#listItem","name":"Home"}},{"@type":"ListItem","@id":"https:\/\/candas365.es\/noticias\/sven-ulreich-convocado-con-la-seleccion-alemana\/#listItem","position":3,"name":"Sven Ulreich convocado con la selecci\u00f3n alemana","previousItem":{"@type":"ListItem","@id":"https:\/\/candas365.es\/noticias\/category\/deporte\/#listItem","name":"Deporte"}}]},{"@type":"NewsArticle","@id":"https:\/\/candas365.es\/noticias\/sven-ulreich-convocado-con-la-seleccion-alemana\/#newsarticle","name":"Sven Ulreich convocado con la selecci\u00f3n alemana | Cand\u00e1s 365","headline":"Sven Ulreich convocado con la selecci\u00f3n alemana","author":{"@id":"https:\/\/candas365.es\/noticias\/author\/admin\/#author"},"publisher":{"@id":"https:\/\/candas365.es\/noticias\/#organization"},"image":{"@type":"ImageObject","url":"https:\/\/candas365.es\/noticias\/wp-content\/uploads\/2019\/06\/Sven-Ulreich.jpg","width":980,"height":664,"caption":"Sven Ulreich, portero del Bayern M\u00fanich. Foto: Soeren Stache\/dpa"},"datePublished":"2019-06-01T21:16:19+02:00","dateModified":"2019-06-01T21:16:19+02:00","inLanguage":"es-ES","mainEntityOfPage":{"@id":"https:\/\/candas365.es\/noticias\/sven-ulreich-convocado-con-la-seleccion-alemana\/#webpage"},"isPartOf":{"@id":"https:\/\/candas365.es\/noticias\/sven-ulreich-convocado-con-la-seleccion-alemana\/#webpage"},"articleSection":"Deporte","dateline":"Publicado el junio 1, 2019."},{"@type":"Organization","@id":"https:\/\/candas365.es\/noticias\/#organization","name":"Cand\u00e1s 365","description":"Cand\u00e1s 365 es un diario digital independiente, fundado en 2012, con base en Asturias. Informamos con rigor sobre actualidad, sociedad, cultura y ocio, con una mirada local y global.","url":"https:\/\/candas365.es\/noticias\/","email":"info@candas365.es","telephone":"+34652131393","foundingDate":"2012-06-10","logo":{"@type":"ImageObject","url":"https:\/\/candas365.es\/noticias\/wp-content\/uploads\/2024\/09\/Candas-365-Redes.jpg","@id":"https:\/\/candas365.es\/noticias\/sven-ulreich-convocado-con-la-seleccion-alemana\/#organizationLogo","width":1152,"height":864,"caption":"Cand\u00e1s 365 Redes"},"image":{"@id":"https:\/\/candas365.es\/noticias\/sven-ulreich-convocado-con-la-seleccion-alemana\/#organizationLogo"},"sameAs":["https:\/\/www.facebook.com\/Nachofdezber","https:\/\/x.com\/NabercoDigital","https:\/\/www.instagram.com\/nachofdezber\/","https:\/\/www.youtube.com\/channel\/UCZP-2wLEB9Rv6erhFmqVnvg"],"address":{"@id":"https:\/\/candas365.es\/noticias\/#postaladdress","@type":"PostalAddress","streetAddress":"san antonio 4, san antonio 4","postalCode":"33430","addressLocality":"Cand\u00e1s","addressRegion":"Asturias","addressCountry":"ES"}},{"@type":"Person","@id":"https:\/\/candas365.es\/noticias\/author\/admin\/#author","url":"https:\/\/candas365.es\/noticias\/author\/admin\/","name":"Cand\u00e1s 365","image":{"@type":"ImageObject","@id":"https:\/\/candas365.es\/noticias\/sven-ulreich-convocado-con-la-seleccion-alemana\/#authorImage","url":"https:\/\/secure.gravatar.com\/avatar\/496a8e03d0c493ede1718b7934145dbdf8d89be1036b0eec9544e1094c9de390?s=96&d=mm&r=g","width":96,"height":96,"caption":"Cand\u00e1s 365"},"sameAs":["https:\/\/www.facebook.com\/carrenoactualidad","https:\/\/twitter.com\/nbasturias","https:\/\/www.instagram.com\/nachofdezber\/","https:\/\/www.youtube.com\/channel\/UCZP-2wLEB9Rv6erhFmqVnvg"]},{"@type":"WebPage","@id":"https:\/\/candas365.es\/noticias\/sven-ulreich-convocado-con-la-seleccion-alemana\/#webpage","url":"https:\/\/candas365.es\/noticias\/sven-ulreich-convocado-con-la-seleccion-alemana\/","name":"Sven Ulreich convocado con la selecci\u00f3n alemana | Cand\u00e1s 365","description":"Berl\u00edn, 1 jun (dpa) - El portero Sven Ulreich, del Bayern M\u00fanich, recibi\u00f3 hoy una buena noticia al ser convocado por primera vez a la selecci\u00f3n alemana de f\u00fatbol en reemplazo del lesionado Bernd Leno para disputar los pr\u00f3ximos dos partidos clasificatorios para la Eurocopa 2020. El arquero suplente del campe\u00f3n alem\u00e1n, de 30 a\u00f1os,","inLanguage":"es-ES","isPartOf":{"@id":"https:\/\/candas365.es\/noticias\/#website"},"breadcrumb":{"@id":"https:\/\/candas365.es\/noticias\/sven-ulreich-convocado-con-la-seleccion-alemana\/#breadcrumblist"},"author":{"@id":"https:\/\/candas365.es\/noticias\/author\/admin\/#author"},"creator":{"@id":"https:\/\/candas365.es\/noticias\/author\/admin\/#author"},"image":{"@type":"ImageObject","url":"https:\/\/candas365.es\/noticias\/wp-content\/uploads\/2019\/06\/Sven-Ulreich.jpg","@id":"https:\/\/candas365.es\/noticias\/sven-ulreich-convocado-con-la-seleccion-alemana\/#mainImage","width":980,"height":664,"caption":"Sven Ulreich, portero del Bayern M\u00fanich. Foto: Soeren Stache\/dpa"},"primaryImageOfPage":{"@id":"https:\/\/candas365.es\/noticias\/sven-ulreich-convocado-con-la-seleccion-alemana\/#mainImage"},"datePublished":"2019-06-01T21:16:19+02:00","dateModified":"2019-06-01T21:16:19+02:00"},{"@type":"WebSite","@id":"https:\/\/candas365.es\/noticias\/#website","url":"https:\/\/candas365.es\/noticias\/","name":"Cand\u00e1s 365","alternateName":"Cand\u00e1s 365 Noticias","description":"Actualidad desde Carre\u00f1o para el mundo","inLanguage":"es-ES","publisher":{"@id":"https:\/\/candas365.es\/noticias\/#organization"}}]},"og:locale":"es_ES","og:site_name":"Cand\u00e1s 365","og:type":"article","og:title":"Sven Ulreich convocado con la selecci\u00f3n alemana | Cand\u00e1s 365","og:description":"Berl\u00edn, 1 jun (dpa) - El portero Sven Ulreich, del Bayern M\u00fanich, recibi\u00f3 hoy una buena noticia al ser convocado por primera vez a la selecci\u00f3n alemana de f\u00fatbol en reemplazo del lesionado Bernd Leno para disputar los pr\u00f3ximos dos partidos clasificatorios para la Eurocopa 2020. El arquero suplente del campe\u00f3n alem\u00e1n, de 30 a\u00f1os,","og:url":"https:\/\/candas365.es\/noticias\/sven-ulreich-convocado-con-la-seleccion-alemana\/","og:image":"https:\/\/candas365.es\/noticias\/wp-content\/uploads\/2019\/06\/Sven-Ulreich.jpg","og:image:secure_url":"https:\/\/candas365.es\/noticias\/wp-content\/uploads\/2019\/06\/Sven-Ulreich.jpg","og:image:width":980,"og:image:height":664,"article:published_time":"2019-06-01T21:16:19+00:00","article:modified_time":"2019-06-01T21:16:19+00:00","article:publisher":"https:\/\/www.facebook.com\/Nachofdezber","article:author":"https:\/\/www.facebook.com\/carrenoactualidad","twitter:card":"summary_large_image","twitter:site":"@NabercoDigital","twitter:title":"Sven Ulreich convocado con la selecci\u00f3n alemana | Cand\u00e1s 365","twitter:description":"Berl\u00edn, 1 jun (dpa) - El portero Sven Ulreich, del Bayern M\u00fanich, recibi\u00f3 hoy una buena noticia al ser convocado por primera vez a la selecci\u00f3n alemana de f\u00fatbol en reemplazo del lesionado Bernd Leno para disputar los pr\u00f3ximos dos partidos clasificatorios para la Eurocopa 2020. El arquero suplente del campe\u00f3n alem\u00e1n, de 30 a\u00f1os,","twitter:creator":"@nbasturias","twitter:image":"https:\/\/candas365.es\/noticias\/wp-content\/uploads\/2019\/06\/Sven-Ulreich.jpg","twitter:label1":"Escrito por","twitter:data1":"Cand\u00e1s 365","twitter:label2":"Tiempo de lectura estimado","twitter:data2":"2 minutos"},"aioseo_meta_data":{"post_id":"123608","title":null,"description":null,"keywords":null,"keyphrases":null,"primary_term":null,"canonical_url":null,"og_title":null,"og_description":null,"og_object_type":"default","og_image_type":"default","og_image_url":null,"og_image_width":null,"og_image_height":null,"og_image_custom_url":null,"og_image_custom_fields":null,"og_video":null,"og_custom_url":null,"og_article_section":null,"og_article_tags":null,"twitter_use_og":false,"twitter_card":"default","twitter_image_type":"default","twitter_image_url":null,"twitter_image_custom_url":null,"twitter_image_custom_fields":null,"twitter_title":null,"twitter_description":null,"schema":{"blockGraphs":[],"customGraphs":[],"default":{"data":{"Article":[],"Course":[],"Dataset":[],"FAQPage":[],"Movie":[],"Person":[],"Product":[],"ProductReview":[],"Car":[],"Recipe":[],"Service":[],"SoftwareApplication":[],"WebPage":[]},"graphName":"","isEnabled":true},"graphs":[],"defaultGraph":"","defaultPostTypeGraph":""},"schema_type":null,"schema_type_options":null,"pillar_content":false,"robots_default":true,"robots_noindex":false,"robots_noarchive":false,"robots_nosnippet":false,"robots_nofollow":false,"robots_noimageindex":false,"robots_noodp":false,"robots_notranslate":false,"robots_max_snippet":null,"robots_max_videopreview":null,"robots_max_imagepreview":"large","priority":null,"frequency":null,"location":null,"local_seo":null,"seo_analyzer_scan_date":"2025-08-30 01:33:10","breadcrumb_settings":null,"limit_modified_date":false,"reviewed_by":null,"open_ai":null,"ai":null,"created":"2020-12-21 10:56:52","updated":"2025-08-30 01:33:10"},"aioseo_breadcrumb":"<div class=\"aioseo-breadcrumbs\"><span class=\"aioseo-breadcrumb\">\n\t<a href=\"https:\/\/candas365.es\/noticias\" title=\"Home\">Home<\/a>\n<\/span><span class=\"aioseo-breadcrumb-separator\">&ndash;<\/span><span class=\"aioseo-breadcrumb\">\n\t<a href=\"https:\/\/candas365.es\/noticias\/category\/deporte\/\" title=\"Deporte\">Deporte<\/a>\n<\/span><span class=\"aioseo-breadcrumb-separator\">&ndash;<\/span><span class=\"aioseo-breadcrumb\">\n\tSven Ulreich convocado con la selecci\u00f3n alemana\n<\/span><\/div>","aioseo_breadcrumb_json":[{"label":"Home","link":"https:\/\/candas365.es\/noticias"},{"label":"Deporte","link":"https:\/\/candas365.es\/noticias\/category\/deporte\/"},{"label":"Sven Ulreich convocado con la selecci\u00f3n alemana","link":"https:\/\/candas365.es\/noticias\/sven-ulreich-convocado-con-la-seleccion-alemana\/"}],"_links":{"self":[{"href":"https:\/\/candas365.es\/noticias\/wp-json\/wp\/v2\/posts\/123608","targetHints":{"allow":["GET"]}}],"collection":[{"href":"https:\/\/candas365.es\/noticias\/wp-json\/wp\/v2\/posts"}],"about":[{"href":"https:\/\/candas365.es\/noticias\/wp-json\/wp\/v2\/types\/post"}],"author":[{"embeddable":true,"href":"https:\/\/candas365.es\/noticias\/wp-json\/wp\/v2\/users\/1"}],"replies":[{"embeddable":true,"href":"https:\/\/candas365.es\/noticias\/wp-json\/wp\/v2\/comments?post=123608"}],"version-history":[{"count":0,"href":"https:\/\/candas365.es\/noticias\/wp-json\/wp\/v2\/posts\/123608\/revisions"}],"wp:featuredmedia":[{"embeddable":true,"href":"https:\/\/candas365.es\/noticias\/wp-json\/wp\/v2\/media\/123609"}],"wp:attachment":[{"href":"https:\/\/candas365.es\/noticias\/wp-json\/wp\/v2\/media?parent=123608"}],"wp:term":[{"taxonomy":"category","embeddable":true,"href":"https:\/\/candas365.es\/noticias\/wp-json\/wp\/v2\/categories?post=123608"},{"taxonomy":"post_tag","embeddable":true,"href":"https:\/\/candas365.es\/noticias\/wp-json\/wp\/v2\/tags?post=123608"}],"curies":[{"name":"wp","href":"https:\/\/api.w.org\/{rel}","templated":true}]}}