{"id":123574,"date":"2019-05-31T21:37:39","date_gmt":"2019-05-31T21:37:39","guid":{"rendered":"http:\/\/candas365.es\/noticias\/?p=123574"},"modified":"2019-05-31T21:37:39","modified_gmt":"2019-05-31T21:37:39","slug":"mundial-prima-record-para-la-seleccion-alemana-de-futbol-femenino","status":"publish","type":"post","link":"https:\/\/candas365.es\/noticias\/mundial-prima-record-para-la-seleccion-alemana-de-futbol-femenino\/","title":{"rendered":"Mundial: Prima r\u00e9cord para la selecci\u00f3n alemana de f\u00fatbol femenino"},"content":{"rendered":"<figure id=\"attachment_123575\" aria-describedby=\"caption-attachment-123575\" style=\"width: 360px\" class=\"wp-caption alignleft\"><img fetchpriority=\"high\" decoding=\"async\" class=\"wp-image-123575 size-medium\" src=\"https:\/\/candas365.es\/noticias\/wp-content\/uploads\/2019\/05\/Mundial-Femenino-360x206.jpg\" alt=\"\" width=\"360\" height=\"206\" srcset=\"https:\/\/candas365.es\/noticias\/wp-content\/uploads\/2019\/05\/Mundial-Femenino-360x206.jpg 360w, https:\/\/candas365.es\/noticias\/wp-content\/uploads\/2019\/05\/Mundial-Femenino-768x440.jpg 768w, https:\/\/candas365.es\/noticias\/wp-content\/uploads\/2019\/05\/Mundial-Femenino-655x375.jpg 655w, https:\/\/candas365.es\/noticias\/wp-content\/uploads\/2019\/05\/Mundial-Femenino-696x399.jpg 696w, https:\/\/candas365.es\/noticias\/wp-content\/uploads\/2019\/05\/Mundial-Femenino-1068x612.jpg 1068w, https:\/\/candas365.es\/noticias\/wp-content\/uploads\/2019\/05\/Mundial-Femenino-733x420.jpg 733w, https:\/\/candas365.es\/noticias\/wp-content\/uploads\/2019\/05\/Mundial-Femenino.jpg 1148w\" sizes=\"(max-width: 360px) 100vw, 360px\" \/><figcaption id=\"caption-attachment-123575\" class=\"wp-caption-text\">Foto: Sven Hoppe\/dpa<\/figcaption><\/figure>\n<p>D\u00fcsseldorf (Alemania), 31 may (dpa) &#8211; Si la selecci\u00f3n alemana de f\u00fatbol femenino gana el t\u00edtulo del Mundial de Francia 2019, cada jugadora recibir\u00e1 una prima de 75.000 euros (unos 83.000 d\u00f3lares), anunci\u00f3 hoy la Federaci\u00f3n Alemana de F\u00fatbol (DFB).<\/p>\n<p>El importe es el m\u00e1s elevado hasta la fecha. Basado en el rendimiento, se establece que el triunfo en el Mundial ser\u00e1 recompensado con 65.000 euros, m\u00e1s un bono de 10.000 euros por conseguir la clasificaci\u00f3n para las Olimpiadas.<\/p>\n<p>A modo de comparaci\u00f3n, los jugadores de la selecci\u00f3n masculina hubieran recibido cada uno 350.000 euros por la victoria en el Mundial de Rusia 2018, aunque al final quedaron apeados en la primera fase y sin premio alguno.<\/p>\n<p>La clasificaci\u00f3n para los cuartos de final les habr\u00eda reportado 75.000 euros a cada futbolista, exactamente la suma que obtendr\u00edan ahora las mujeres por el t\u00edtulo.<\/p>\n<p>Para asegurarse la participaci\u00f3n en los Juegos Ol\u00edmpicos de verano de 2020 en Tokio, el equipo de la entrenadora Martina Voss-Tecklenburg debe acabar entre los tres mejores conjuntos europeos en el Mundial que se celebra del 7 de junio al 7 de julio.<\/p>\n<p>El consejo de jugadoras de la capitana Alexandra Popp y la DFB tambi\u00e9n acordaron las siguientes primas. Por conquistar el segundo puesto cada jugadora obtendr\u00eda 40.000 euros, mientras que el tercer puesto supondr\u00eda 30.000 euros. El cuarto lugar ser\u00eda recompensado con 25.000 y llegar a los cuartos de final con 10.000 euros.<\/p>\n<p>En marzo, el proveedor y fabricante alem\u00e1n de art\u00edculos deportivos Adidas anunci\u00f3 que pagar\u00eda a las mujeres los mismos premios que a los varones en caso de ganar el t\u00edtulo en el Mundial de Francia 2019.<\/p>\n<p>Desde el primer triunfo en el Mundial 2003, las primas para las mujeres aumentaron de forma significativa, aunque no se aproximan a lo que reciben los hombres.<\/p>\n","protected":false},"excerpt":{"rendered":"<p>D\u00fcsseldorf (Alemania), 31 may (dpa) &#8211; Si la selecci\u00f3n alemana de f\u00fatbol femenino gana el t\u00edtulo del Mundial de Francia 2019, cada jugadora recibir\u00e1 una prima de 75.000 euros (unos 83.000 d\u00f3lares), anunci\u00f3 hoy la Federaci\u00f3n Alemana de F\u00fatbol (DFB). El importe es el m\u00e1s elevado hasta la fecha. Basado en el rendimiento, se establece<\/p>\n","protected":false},"author":1,"featured_media":123575,"comment_status":"closed","ping_status":"closed","sticky":false,"template":"","format":"standard","meta":{"footnotes":""},"categories":[319],"tags":[],"class_list":{"0":"post-123574","1":"post","2":"type-post","3":"status-publish","4":"format-standard","5":"has-post-thumbnail","7":"category-deporte"},"aioseo_notices":[],"aioseo_head":"\n\t\t<!-- All in One SEO Pro 4.9.6.2 - aioseo.com -->\n\t<meta name=\"description\" content=\"D\u00fcsseldorf (Alemania), 31 may (dpa) - Si la selecci\u00f3n alemana de f\u00fatbol femenino gana el t\u00edtulo del Mundial de Francia 2019, cada jugadora recibir\u00e1 una prima de 75.000 euros (unos 83.000 d\u00f3lares), anunci\u00f3 hoy la Federaci\u00f3n Alemana de F\u00fatbol (DFB). El importe es el m\u00e1s elevado hasta la fecha. Basado en el rendimiento, se establece\" \/>\n\t<meta name=\"robots\" content=\"max-image-preview:large\" \/>\n\t<meta name=\"author\" content=\"Cand\u00e1s 365\"\/>\n\t<meta name=\"google-site-verification\" content=\"UA-32230408-1\" \/>\n\t<meta name=\"msvalidate.01\" content=\"354F3CDFB2DA171B47FBE9ABF1F88D5\" \/>\n\t<meta name=\"keywords\" content=\"deporte\" \/>\n\t<link rel=\"canonical\" href=\"https:\/\/candas365.es\/noticias\/mundial-prima-record-para-la-seleccion-alemana-de-futbol-femenino\/\" \/>\n\t<meta name=\"generator\" content=\"All in One SEO Pro (AIOSEO) 4.9.6.2\" \/>\n\t\t<meta property=\"og:locale\" content=\"es_ES\" \/>\n\t\t<meta property=\"og:site_name\" content=\"Cand\u00e1s 365\" \/>\n\t\t<meta property=\"og:type\" content=\"article\" \/>\n\t\t<meta property=\"og:title\" content=\"Mundial: Prima r\u00e9cord para la selecci\u00f3n alemana de f\u00fatbol femenino | Cand\u00e1s 365\" \/>\n\t\t<meta property=\"og:description\" content=\"D\u00fcsseldorf (Alemania), 31 may (dpa) - Si la selecci\u00f3n alemana de f\u00fatbol femenino gana el t\u00edtulo del Mundial de Francia 2019, cada jugadora recibir\u00e1 una prima de 75.000 euros (unos 83.000 d\u00f3lares), anunci\u00f3 hoy la Federaci\u00f3n Alemana de F\u00fatbol (DFB). El importe es el m\u00e1s elevado hasta la fecha. Basado en el rendimiento, se establece\" \/>\n\t\t<meta property=\"og:url\" content=\"https:\/\/candas365.es\/noticias\/mundial-prima-record-para-la-seleccion-alemana-de-futbol-femenino\/\" \/>\n\t\t<meta property=\"og:image\" content=\"https:\/\/candas365.es\/noticias\/wp-content\/uploads\/2019\/05\/Mundial-Femenino.jpg\" \/>\n\t\t<meta property=\"og:image:secure_url\" content=\"https:\/\/candas365.es\/noticias\/wp-content\/uploads\/2019\/05\/Mundial-Femenino.jpg\" \/>\n\t\t<meta property=\"og:image:width\" content=\"1148\" \/>\n\t\t<meta property=\"og:image:height\" content=\"658\" \/>\n\t\t<meta property=\"article:published_time\" content=\"2019-05-31T21:37:39+00:00\" \/>\n\t\t<meta property=\"article:modified_time\" content=\"2019-05-31T21:37:39+00:00\" \/>\n\t\t<meta property=\"article:publisher\" content=\"https:\/\/www.facebook.com\/Nachofdezber\" \/>\n\t\t<meta property=\"article:author\" content=\"https:\/\/www.facebook.com\/carrenoactualidad\" \/>\n\t\t<meta name=\"twitter:card\" content=\"summary_large_image\" \/>\n\t\t<meta name=\"twitter:site\" content=\"@NabercoDigital\" \/>\n\t\t<meta name=\"twitter:title\" content=\"Mundial: Prima r\u00e9cord para la selecci\u00f3n alemana de f\u00fatbol femenino | Cand\u00e1s 365\" \/>\n\t\t<meta name=\"twitter:description\" content=\"D\u00fcsseldorf (Alemania), 31 may (dpa) - Si la selecci\u00f3n alemana de f\u00fatbol femenino gana el t\u00edtulo del Mundial de Francia 2019, cada jugadora recibir\u00e1 una prima de 75.000 euros (unos 83.000 d\u00f3lares), anunci\u00f3 hoy la Federaci\u00f3n Alemana de F\u00fatbol (DFB). El importe es el m\u00e1s elevado hasta la fecha. Basado en el rendimiento, se establece\" \/>\n\t\t<meta name=\"twitter:creator\" content=\"@nbasturias\" \/>\n\t\t<meta name=\"twitter:image\" content=\"https:\/\/candas365.es\/noticias\/wp-content\/uploads\/2019\/05\/Mundial-Femenino.jpg\" \/>\n\t\t<meta name=\"twitter:label1\" content=\"Escrito por\" \/>\n\t\t<meta name=\"twitter:data1\" content=\"Cand\u00e1s 365\" \/>\n\t\t<meta name=\"twitter:label2\" content=\"Tiempo de lectura estimado\" \/>\n\t\t<meta name=\"twitter:data2\" content=\"2 minutos\" \/>\n\t\t<script type=\"application\/ld+json\" class=\"aioseo-schema\">\n\t\t\t{\"@context\":\"https:\\\/\\\/schema.org\",\"@graph\":[{\"@type\":\"BreadcrumbList\",\"@id\":\"https:\\\/\\\/candas365.es\\\/noticias\\\/mundial-prima-record-para-la-seleccion-alemana-de-futbol-femenino\\\/#breadcrumblist\",\"itemListElement\":[{\"@type\":\"ListItem\",\"@id\":\"https:\\\/\\\/candas365.es\\\/noticias#listItem\",\"position\":1,\"name\":\"Home\",\"item\":\"https:\\\/\\\/candas365.es\\\/noticias\",\"nextItem\":{\"@type\":\"ListItem\",\"@id\":\"https:\\\/\\\/candas365.es\\\/noticias\\\/category\\\/deporte\\\/#listItem\",\"name\":\"Deporte\"}},{\"@type\":\"ListItem\",\"@id\":\"https:\\\/\\\/candas365.es\\\/noticias\\\/category\\\/deporte\\\/#listItem\",\"position\":2,\"name\":\"Deporte\",\"item\":\"https:\\\/\\\/candas365.es\\\/noticias\\\/category\\\/deporte\\\/\",\"nextItem\":{\"@type\":\"ListItem\",\"@id\":\"https:\\\/\\\/candas365.es\\\/noticias\\\/mundial-prima-record-para-la-seleccion-alemana-de-futbol-femenino\\\/#listItem\",\"name\":\"Mundial: Prima r\\u00e9cord para la selecci\\u00f3n alemana de f\\u00fatbol femenino\"},\"previousItem\":{\"@type\":\"ListItem\",\"@id\":\"https:\\\/\\\/candas365.es\\\/noticias#listItem\",\"name\":\"Home\"}},{\"@type\":\"ListItem\",\"@id\":\"https:\\\/\\\/candas365.es\\\/noticias\\\/mundial-prima-record-para-la-seleccion-alemana-de-futbol-femenino\\\/#listItem\",\"position\":3,\"name\":\"Mundial: Prima r\\u00e9cord para la selecci\\u00f3n alemana de f\\u00fatbol femenino\",\"previousItem\":{\"@type\":\"ListItem\",\"@id\":\"https:\\\/\\\/candas365.es\\\/noticias\\\/category\\\/deporte\\\/#listItem\",\"name\":\"Deporte\"}}]},{\"@type\":\"NewsArticle\",\"@id\":\"https:\\\/\\\/candas365.es\\\/noticias\\\/mundial-prima-record-para-la-seleccion-alemana-de-futbol-femenino\\\/#newsarticle\",\"name\":\"Mundial: Prima r\\u00e9cord para la selecci\\u00f3n alemana de f\\u00fatbol femenino | Cand\\u00e1s 365\",\"headline\":\"Mundial: Prima r\\u00e9cord para la selecci\\u00f3n alemana de f\\u00fatbol femenino\",\"author\":{\"@id\":\"https:\\\/\\\/candas365.es\\\/noticias\\\/author\\\/admin\\\/#author\"},\"publisher\":{\"@id\":\"https:\\\/\\\/candas365.es\\\/noticias\\\/#organization\"},\"image\":{\"@type\":\"ImageObject\",\"url\":\"https:\\\/\\\/candas365.es\\\/noticias\\\/wp-content\\\/uploads\\\/2019\\\/05\\\/Mundial-Femenino.jpg\",\"width\":1148,\"height\":658},\"datePublished\":\"2019-05-31T21:37:39+02:00\",\"dateModified\":\"2019-05-31T21:37:39+02:00\",\"inLanguage\":\"es-ES\",\"mainEntityOfPage\":{\"@id\":\"https:\\\/\\\/candas365.es\\\/noticias\\\/mundial-prima-record-para-la-seleccion-alemana-de-futbol-femenino\\\/#webpage\"},\"isPartOf\":{\"@id\":\"https:\\\/\\\/candas365.es\\\/noticias\\\/mundial-prima-record-para-la-seleccion-alemana-de-futbol-femenino\\\/#webpage\"},\"articleSection\":\"Deporte\",\"dateline\":\"Publicado el mayo 31, 2019.\"},{\"@type\":\"Organization\",\"@id\":\"https:\\\/\\\/candas365.es\\\/noticias\\\/#organization\",\"name\":\"Cand\\u00e1s 365\",\"description\":\"Cand\\u00e1s 365 es un diario digital independiente, fundado en 2012, con base en Asturias. Informamos con rigor sobre actualidad, sociedad, cultura y ocio, con una mirada local y global.\",\"url\":\"https:\\\/\\\/candas365.es\\\/noticias\\\/\",\"email\":\"info@candas365.es\",\"telephone\":\"+34652131393\",\"foundingDate\":\"2012-06-10\",\"logo\":{\"@type\":\"ImageObject\",\"url\":\"https:\\\/\\\/candas365.es\\\/noticias\\\/wp-content\\\/uploads\\\/2024\\\/09\\\/Candas-365-Redes.jpg\",\"@id\":\"https:\\\/\\\/candas365.es\\\/noticias\\\/mundial-prima-record-para-la-seleccion-alemana-de-futbol-femenino\\\/#organizationLogo\",\"width\":1152,\"height\":864,\"caption\":\"Cand\\u00e1s 365 Redes\"},\"image\":{\"@id\":\"https:\\\/\\\/candas365.es\\\/noticias\\\/mundial-prima-record-para-la-seleccion-alemana-de-futbol-femenino\\\/#organizationLogo\"},\"sameAs\":[\"https:\\\/\\\/www.facebook.com\\\/Nachofdezber\",\"https:\\\/\\\/x.com\\\/NabercoDigital\",\"https:\\\/\\\/www.instagram.com\\\/nachofdezber\\\/\",\"https:\\\/\\\/www.youtube.com\\\/channel\\\/UCZP-2wLEB9Rv6erhFmqVnvg\"],\"address\":{\"@id\":\"https:\\\/\\\/candas365.es\\\/noticias\\\/#postaladdress\",\"@type\":\"PostalAddress\",\"streetAddress\":\"san antonio 4, san antonio 4\",\"postalCode\":\"33430\",\"addressLocality\":\"Cand\\u00e1s\",\"addressRegion\":\"Asturias\",\"addressCountry\":\"ES\"}},{\"@type\":\"Person\",\"@id\":\"https:\\\/\\\/candas365.es\\\/noticias\\\/author\\\/admin\\\/#author\",\"url\":\"https:\\\/\\\/candas365.es\\\/noticias\\\/author\\\/admin\\\/\",\"name\":\"Cand\\u00e1s 365\",\"image\":{\"@type\":\"ImageObject\",\"@id\":\"https:\\\/\\\/candas365.es\\\/noticias\\\/mundial-prima-record-para-la-seleccion-alemana-de-futbol-femenino\\\/#authorImage\",\"url\":\"https:\\\/\\\/secure.gravatar.com\\\/avatar\\\/496a8e03d0c493ede1718b7934145dbdf8d89be1036b0eec9544e1094c9de390?s=96&d=mm&r=g\",\"width\":96,\"height\":96,\"caption\":\"Cand\\u00e1s 365\"},\"sameAs\":[\"https:\\\/\\\/www.facebook.com\\\/carrenoactualidad\",\"https:\\\/\\\/twitter.com\\\/nbasturias\",\"https:\\\/\\\/www.instagram.com\\\/nachofdezber\\\/\",\"https:\\\/\\\/www.youtube.com\\\/channel\\\/UCZP-2wLEB9Rv6erhFmqVnvg\"]},{\"@type\":\"WebPage\",\"@id\":\"https:\\\/\\\/candas365.es\\\/noticias\\\/mundial-prima-record-para-la-seleccion-alemana-de-futbol-femenino\\\/#webpage\",\"url\":\"https:\\\/\\\/candas365.es\\\/noticias\\\/mundial-prima-record-para-la-seleccion-alemana-de-futbol-femenino\\\/\",\"name\":\"Mundial: Prima r\\u00e9cord para la selecci\\u00f3n alemana de f\\u00fatbol femenino | Cand\\u00e1s 365\",\"description\":\"D\\u00fcsseldorf (Alemania), 31 may (dpa) - Si la selecci\\u00f3n alemana de f\\u00fatbol femenino gana el t\\u00edtulo del Mundial de Francia 2019, cada jugadora recibir\\u00e1 una prima de 75.000 euros (unos 83.000 d\\u00f3lares), anunci\\u00f3 hoy la Federaci\\u00f3n Alemana de F\\u00fatbol (DFB). El importe es el m\\u00e1s elevado hasta la fecha. Basado en el rendimiento, se establece\",\"inLanguage\":\"es-ES\",\"isPartOf\":{\"@id\":\"https:\\\/\\\/candas365.es\\\/noticias\\\/#website\"},\"breadcrumb\":{\"@id\":\"https:\\\/\\\/candas365.es\\\/noticias\\\/mundial-prima-record-para-la-seleccion-alemana-de-futbol-femenino\\\/#breadcrumblist\"},\"author\":{\"@id\":\"https:\\\/\\\/candas365.es\\\/noticias\\\/author\\\/admin\\\/#author\"},\"creator\":{\"@id\":\"https:\\\/\\\/candas365.es\\\/noticias\\\/author\\\/admin\\\/#author\"},\"image\":{\"@type\":\"ImageObject\",\"url\":\"https:\\\/\\\/candas365.es\\\/noticias\\\/wp-content\\\/uploads\\\/2019\\\/05\\\/Mundial-Femenino.jpg\",\"@id\":\"https:\\\/\\\/candas365.es\\\/noticias\\\/mundial-prima-record-para-la-seleccion-alemana-de-futbol-femenino\\\/#mainImage\",\"width\":1148,\"height\":658},\"primaryImageOfPage\":{\"@id\":\"https:\\\/\\\/candas365.es\\\/noticias\\\/mundial-prima-record-para-la-seleccion-alemana-de-futbol-femenino\\\/#mainImage\"},\"datePublished\":\"2019-05-31T21:37:39+02:00\",\"dateModified\":\"2019-05-31T21:37:39+02:00\"},{\"@type\":\"WebSite\",\"@id\":\"https:\\\/\\\/candas365.es\\\/noticias\\\/#website\",\"url\":\"https:\\\/\\\/candas365.es\\\/noticias\\\/\",\"name\":\"Cand\\u00e1s 365\",\"alternateName\":\"Cand\\u00e1s 365 Noticias\",\"description\":\"Actualidad desde Carre\\u00f1o para el mundo\",\"inLanguage\":\"es-ES\",\"publisher\":{\"@id\":\"https:\\\/\\\/candas365.es\\\/noticias\\\/#organization\"}}]}\n\t\t<\/script>\n\t\t<!-- All in One SEO Pro -->\r\n\t\t<title>Mundial: Prima r\u00e9cord para la selecci\u00f3n alemana de f\u00fatbol femenino | Cand\u00e1s 365<\/title>\n\n","aioseo_head_json":{"title":"Mundial: Prima r\u00e9cord para la selecci\u00f3n alemana de f\u00fatbol femenino | Cand\u00e1s 365","description":"D\u00fcsseldorf (Alemania), 31 may (dpa) - Si la selecci\u00f3n alemana de f\u00fatbol femenino gana el t\u00edtulo del Mundial de Francia 2019, cada jugadora recibir\u00e1 una prima de 75.000 euros (unos 83.000 d\u00f3lares), anunci\u00f3 hoy la Federaci\u00f3n Alemana de F\u00fatbol (DFB). El importe es el m\u00e1s elevado hasta la fecha. Basado en el rendimiento, se establece","canonical_url":"https:\/\/candas365.es\/noticias\/mundial-prima-record-para-la-seleccion-alemana-de-futbol-femenino\/","robots":"max-image-preview:large","keywords":"deporte","webmasterTools":{"google-site-verification":"UA-32230408-1","msvalidate.01":"354F3CDFB2DA171B47FBE9ABF1F88D5","miscellaneous":""},"schema":{"@context":"https:\/\/schema.org","@graph":[{"@type":"BreadcrumbList","@id":"https:\/\/candas365.es\/noticias\/mundial-prima-record-para-la-seleccion-alemana-de-futbol-femenino\/#breadcrumblist","itemListElement":[{"@type":"ListItem","@id":"https:\/\/candas365.es\/noticias#listItem","position":1,"name":"Home","item":"https:\/\/candas365.es\/noticias","nextItem":{"@type":"ListItem","@id":"https:\/\/candas365.es\/noticias\/category\/deporte\/#listItem","name":"Deporte"}},{"@type":"ListItem","@id":"https:\/\/candas365.es\/noticias\/category\/deporte\/#listItem","position":2,"name":"Deporte","item":"https:\/\/candas365.es\/noticias\/category\/deporte\/","nextItem":{"@type":"ListItem","@id":"https:\/\/candas365.es\/noticias\/mundial-prima-record-para-la-seleccion-alemana-de-futbol-femenino\/#listItem","name":"Mundial: Prima r\u00e9cord para la selecci\u00f3n alemana de f\u00fatbol femenino"},"previousItem":{"@type":"ListItem","@id":"https:\/\/candas365.es\/noticias#listItem","name":"Home"}},{"@type":"ListItem","@id":"https:\/\/candas365.es\/noticias\/mundial-prima-record-para-la-seleccion-alemana-de-futbol-femenino\/#listItem","position":3,"name":"Mundial: Prima r\u00e9cord para la selecci\u00f3n alemana de f\u00fatbol femenino","previousItem":{"@type":"ListItem","@id":"https:\/\/candas365.es\/noticias\/category\/deporte\/#listItem","name":"Deporte"}}]},{"@type":"NewsArticle","@id":"https:\/\/candas365.es\/noticias\/mundial-prima-record-para-la-seleccion-alemana-de-futbol-femenino\/#newsarticle","name":"Mundial: Prima r\u00e9cord para la selecci\u00f3n alemana de f\u00fatbol femenino | Cand\u00e1s 365","headline":"Mundial: Prima r\u00e9cord para la selecci\u00f3n alemana de f\u00fatbol femenino","author":{"@id":"https:\/\/candas365.es\/noticias\/author\/admin\/#author"},"publisher":{"@id":"https:\/\/candas365.es\/noticias\/#organization"},"image":{"@type":"ImageObject","url":"https:\/\/candas365.es\/noticias\/wp-content\/uploads\/2019\/05\/Mundial-Femenino.jpg","width":1148,"height":658},"datePublished":"2019-05-31T21:37:39+02:00","dateModified":"2019-05-31T21:37:39+02:00","inLanguage":"es-ES","mainEntityOfPage":{"@id":"https:\/\/candas365.es\/noticias\/mundial-prima-record-para-la-seleccion-alemana-de-futbol-femenino\/#webpage"},"isPartOf":{"@id":"https:\/\/candas365.es\/noticias\/mundial-prima-record-para-la-seleccion-alemana-de-futbol-femenino\/#webpage"},"articleSection":"Deporte","dateline":"Publicado el mayo 31, 2019."},{"@type":"Organization","@id":"https:\/\/candas365.es\/noticias\/#organization","name":"Cand\u00e1s 365","description":"Cand\u00e1s 365 es un diario digital independiente, fundado en 2012, con base en Asturias. Informamos con rigor sobre actualidad, sociedad, cultura y ocio, con una mirada local y global.","url":"https:\/\/candas365.es\/noticias\/","email":"info@candas365.es","telephone":"+34652131393","foundingDate":"2012-06-10","logo":{"@type":"ImageObject","url":"https:\/\/candas365.es\/noticias\/wp-content\/uploads\/2024\/09\/Candas-365-Redes.jpg","@id":"https:\/\/candas365.es\/noticias\/mundial-prima-record-para-la-seleccion-alemana-de-futbol-femenino\/#organizationLogo","width":1152,"height":864,"caption":"Cand\u00e1s 365 Redes"},"image":{"@id":"https:\/\/candas365.es\/noticias\/mundial-prima-record-para-la-seleccion-alemana-de-futbol-femenino\/#organizationLogo"},"sameAs":["https:\/\/www.facebook.com\/Nachofdezber","https:\/\/x.com\/NabercoDigital","https:\/\/www.instagram.com\/nachofdezber\/","https:\/\/www.youtube.com\/channel\/UCZP-2wLEB9Rv6erhFmqVnvg"],"address":{"@id":"https:\/\/candas365.es\/noticias\/#postaladdress","@type":"PostalAddress","streetAddress":"san antonio 4, san antonio 4","postalCode":"33430","addressLocality":"Cand\u00e1s","addressRegion":"Asturias","addressCountry":"ES"}},{"@type":"Person","@id":"https:\/\/candas365.es\/noticias\/author\/admin\/#author","url":"https:\/\/candas365.es\/noticias\/author\/admin\/","name":"Cand\u00e1s 365","image":{"@type":"ImageObject","@id":"https:\/\/candas365.es\/noticias\/mundial-prima-record-para-la-seleccion-alemana-de-futbol-femenino\/#authorImage","url":"https:\/\/secure.gravatar.com\/avatar\/496a8e03d0c493ede1718b7934145dbdf8d89be1036b0eec9544e1094c9de390?s=96&d=mm&r=g","width":96,"height":96,"caption":"Cand\u00e1s 365"},"sameAs":["https:\/\/www.facebook.com\/carrenoactualidad","https:\/\/twitter.com\/nbasturias","https:\/\/www.instagram.com\/nachofdezber\/","https:\/\/www.youtube.com\/channel\/UCZP-2wLEB9Rv6erhFmqVnvg"]},{"@type":"WebPage","@id":"https:\/\/candas365.es\/noticias\/mundial-prima-record-para-la-seleccion-alemana-de-futbol-femenino\/#webpage","url":"https:\/\/candas365.es\/noticias\/mundial-prima-record-para-la-seleccion-alemana-de-futbol-femenino\/","name":"Mundial: Prima r\u00e9cord para la selecci\u00f3n alemana de f\u00fatbol femenino | Cand\u00e1s 365","description":"D\u00fcsseldorf (Alemania), 31 may (dpa) - Si la selecci\u00f3n alemana de f\u00fatbol femenino gana el t\u00edtulo del Mundial de Francia 2019, cada jugadora recibir\u00e1 una prima de 75.000 euros (unos 83.000 d\u00f3lares), anunci\u00f3 hoy la Federaci\u00f3n Alemana de F\u00fatbol (DFB). El importe es el m\u00e1s elevado hasta la fecha. Basado en el rendimiento, se establece","inLanguage":"es-ES","isPartOf":{"@id":"https:\/\/candas365.es\/noticias\/#website"},"breadcrumb":{"@id":"https:\/\/candas365.es\/noticias\/mundial-prima-record-para-la-seleccion-alemana-de-futbol-femenino\/#breadcrumblist"},"author":{"@id":"https:\/\/candas365.es\/noticias\/author\/admin\/#author"},"creator":{"@id":"https:\/\/candas365.es\/noticias\/author\/admin\/#author"},"image":{"@type":"ImageObject","url":"https:\/\/candas365.es\/noticias\/wp-content\/uploads\/2019\/05\/Mundial-Femenino.jpg","@id":"https:\/\/candas365.es\/noticias\/mundial-prima-record-para-la-seleccion-alemana-de-futbol-femenino\/#mainImage","width":1148,"height":658},"primaryImageOfPage":{"@id":"https:\/\/candas365.es\/noticias\/mundial-prima-record-para-la-seleccion-alemana-de-futbol-femenino\/#mainImage"},"datePublished":"2019-05-31T21:37:39+02:00","dateModified":"2019-05-31T21:37:39+02:00"},{"@type":"WebSite","@id":"https:\/\/candas365.es\/noticias\/#website","url":"https:\/\/candas365.es\/noticias\/","name":"Cand\u00e1s 365","alternateName":"Cand\u00e1s 365 Noticias","description":"Actualidad desde Carre\u00f1o para el mundo","inLanguage":"es-ES","publisher":{"@id":"https:\/\/candas365.es\/noticias\/#organization"}}]},"og:locale":"es_ES","og:site_name":"Cand\u00e1s 365","og:type":"article","og:title":"Mundial: Prima r\u00e9cord para la selecci\u00f3n alemana de f\u00fatbol femenino | Cand\u00e1s 365","og:description":"D\u00fcsseldorf (Alemania), 31 may (dpa) - Si la selecci\u00f3n alemana de f\u00fatbol femenino gana el t\u00edtulo del Mundial de Francia 2019, cada jugadora recibir\u00e1 una prima de 75.000 euros (unos 83.000 d\u00f3lares), anunci\u00f3 hoy la Federaci\u00f3n Alemana de F\u00fatbol (DFB). El importe es el m\u00e1s elevado hasta la fecha. Basado en el rendimiento, se establece","og:url":"https:\/\/candas365.es\/noticias\/mundial-prima-record-para-la-seleccion-alemana-de-futbol-femenino\/","og:image":"https:\/\/candas365.es\/noticias\/wp-content\/uploads\/2019\/05\/Mundial-Femenino.jpg","og:image:secure_url":"https:\/\/candas365.es\/noticias\/wp-content\/uploads\/2019\/05\/Mundial-Femenino.jpg","og:image:width":1148,"og:image:height":658,"article:published_time":"2019-05-31T21:37:39+00:00","article:modified_time":"2019-05-31T21:37:39+00:00","article:publisher":"https:\/\/www.facebook.com\/Nachofdezber","article:author":"https:\/\/www.facebook.com\/carrenoactualidad","twitter:card":"summary_large_image","twitter:site":"@NabercoDigital","twitter:title":"Mundial: Prima r\u00e9cord para la selecci\u00f3n alemana de f\u00fatbol femenino | Cand\u00e1s 365","twitter:description":"D\u00fcsseldorf (Alemania), 31 may (dpa) - Si la selecci\u00f3n alemana de f\u00fatbol femenino gana el t\u00edtulo del Mundial de Francia 2019, cada jugadora recibir\u00e1 una prima de 75.000 euros (unos 83.000 d\u00f3lares), anunci\u00f3 hoy la Federaci\u00f3n Alemana de F\u00fatbol (DFB). El importe es el m\u00e1s elevado hasta la fecha. Basado en el rendimiento, se establece","twitter:creator":"@nbasturias","twitter:image":"https:\/\/candas365.es\/noticias\/wp-content\/uploads\/2019\/05\/Mundial-Femenino.jpg","twitter:label1":"Escrito por","twitter:data1":"Cand\u00e1s 365","twitter:label2":"Tiempo de lectura estimado","twitter:data2":"2 minutos"},"aioseo_meta_data":{"post_id":"123574","title":null,"description":null,"keywords":null,"keyphrases":null,"primary_term":null,"canonical_url":null,"og_title":null,"og_description":null,"og_object_type":"default","og_image_type":"default","og_image_url":null,"og_image_width":null,"og_image_height":null,"og_image_custom_url":null,"og_image_custom_fields":null,"og_video":null,"og_custom_url":null,"og_article_section":null,"og_article_tags":null,"twitter_use_og":false,"twitter_card":"default","twitter_image_type":"default","twitter_image_url":null,"twitter_image_custom_url":null,"twitter_image_custom_fields":null,"twitter_title":null,"twitter_description":null,"schema":{"blockGraphs":[],"customGraphs":[],"default":{"data":{"Article":[],"Course":[],"Dataset":[],"FAQPage":[],"Movie":[],"Person":[],"Product":[],"ProductReview":[],"Car":[],"Recipe":[],"Service":[],"SoftwareApplication":[],"WebPage":[]},"graphName":"","isEnabled":true},"graphs":[],"defaultGraph":"","defaultPostTypeGraph":""},"schema_type":null,"schema_type_options":null,"pillar_content":false,"robots_default":true,"robots_noindex":false,"robots_noarchive":false,"robots_nosnippet":false,"robots_nofollow":false,"robots_noimageindex":false,"robots_noodp":false,"robots_notranslate":false,"robots_max_snippet":null,"robots_max_videopreview":null,"robots_max_imagepreview":"large","priority":null,"frequency":null,"location":null,"local_seo":null,"seo_analyzer_scan_date":"2025-08-30 01:25:19","breadcrumb_settings":null,"limit_modified_date":false,"reviewed_by":null,"open_ai":null,"ai":null,"created":"2020-12-21 10:56:52","updated":"2025-08-30 01:25:19"},"aioseo_breadcrumb":"<div class=\"aioseo-breadcrumbs\"><span class=\"aioseo-breadcrumb\">\n\t<a href=\"https:\/\/candas365.es\/noticias\" title=\"Home\">Home<\/a>\n<\/span><span class=\"aioseo-breadcrumb-separator\">&ndash;<\/span><span class=\"aioseo-breadcrumb\">\n\t<a href=\"https:\/\/candas365.es\/noticias\/category\/deporte\/\" title=\"Deporte\">Deporte<\/a>\n<\/span><span class=\"aioseo-breadcrumb-separator\">&ndash;<\/span><span class=\"aioseo-breadcrumb\">\n\tMundial: Prima r\u00e9cord para la selecci\u00f3n alemana de f\u00fatbol femenino\n<\/span><\/div>","aioseo_breadcrumb_json":[{"label":"Home","link":"https:\/\/candas365.es\/noticias"},{"label":"Deporte","link":"https:\/\/candas365.es\/noticias\/category\/deporte\/"},{"label":"Mundial: Prima r\u00e9cord para la selecci\u00f3n alemana de f\u00fatbol femenino","link":"https:\/\/candas365.es\/noticias\/mundial-prima-record-para-la-seleccion-alemana-de-futbol-femenino\/"}],"_links":{"self":[{"href":"https:\/\/candas365.es\/noticias\/wp-json\/wp\/v2\/posts\/123574","targetHints":{"allow":["GET"]}}],"collection":[{"href":"https:\/\/candas365.es\/noticias\/wp-json\/wp\/v2\/posts"}],"about":[{"href":"https:\/\/candas365.es\/noticias\/wp-json\/wp\/v2\/types\/post"}],"author":[{"embeddable":true,"href":"https:\/\/candas365.es\/noticias\/wp-json\/wp\/v2\/users\/1"}],"replies":[{"embeddable":true,"href":"https:\/\/candas365.es\/noticias\/wp-json\/wp\/v2\/comments?post=123574"}],"version-history":[{"count":0,"href":"https:\/\/candas365.es\/noticias\/wp-json\/wp\/v2\/posts\/123574\/revisions"}],"wp:featuredmedia":[{"embeddable":true,"href":"https:\/\/candas365.es\/noticias\/wp-json\/wp\/v2\/media\/123575"}],"wp:attachment":[{"href":"https:\/\/candas365.es\/noticias\/wp-json\/wp\/v2\/media?parent=123574"}],"wp:term":[{"taxonomy":"category","embeddable":true,"href":"https:\/\/candas365.es\/noticias\/wp-json\/wp\/v2\/categories?post=123574"},{"taxonomy":"post_tag","embeddable":true,"href":"https:\/\/candas365.es\/noticias\/wp-json\/wp\/v2\/tags?post=123574"}],"curies":[{"name":"wp","href":"https:\/\/api.w.org\/{rel}","templated":true}]}}