{"id":123518,"date":"2019-05-31T12:44:52","date_gmt":"2019-05-31T12:44:52","guid":{"rendered":"http:\/\/candas365.es\/noticias\/?p=123518"},"modified":"2019-05-31T12:44:52","modified_gmt":"2019-05-31T12:44:52","slug":"andrea-petkovic-medita-retirarse-en-2020","status":"publish","type":"post","link":"https:\/\/candas365.es\/noticias\/andrea-petkovic-medita-retirarse-en-2020\/","title":{"rendered":"Andrea Petkovic medita retirarse en 2020"},"content":{"rendered":"<figure id=\"attachment_123519\" aria-describedby=\"caption-attachment-123519\" style=\"width: 360px\" class=\"wp-caption alignleft\"><img fetchpriority=\"high\" decoding=\"async\" class=\"size-medium wp-image-123519\" src=\"https:\/\/candas365.es\/noticias\/wp-content\/uploads\/2019\/05\/Andrea-Petkovic-360x250.jpg\" alt=\"\" width=\"360\" height=\"250\" srcset=\"https:\/\/candas365.es\/noticias\/wp-content\/uploads\/2019\/05\/Andrea-Petkovic-360x250.jpg 360w, https:\/\/candas365.es\/noticias\/wp-content\/uploads\/2019\/05\/Andrea-Petkovic-768x534.jpg 768w, https:\/\/candas365.es\/noticias\/wp-content\/uploads\/2019\/05\/Andrea-Petkovic-655x455.jpg 655w, https:\/\/candas365.es\/noticias\/wp-content\/uploads\/2019\/05\/Andrea-Petkovic-100x70.jpg 100w, https:\/\/candas365.es\/noticias\/wp-content\/uploads\/2019\/05\/Andrea-Petkovic-218x150.jpg 218w, https:\/\/candas365.es\/noticias\/wp-content\/uploads\/2019\/05\/Andrea-Petkovic-696x484.jpg 696w, https:\/\/candas365.es\/noticias\/wp-content\/uploads\/2019\/05\/Andrea-Petkovic-604x420.jpg 604w, https:\/\/candas365.es\/noticias\/wp-content\/uploads\/2019\/05\/Andrea-Petkovic.jpg 971w\" sizes=\"(max-width: 360px) 100vw, 360px\" \/><figcaption id=\"caption-attachment-123519\" class=\"wp-caption-text\">La tenista alemana Andrea Petkovic jugando en el torneo de Stuttgart. Foto: Marijan Murat\/dpa<\/figcaption><\/figure>\n<p>Par\u00eds, 31 may (dpa) &#8211; La tenista alemana Andrea Petkovic planea poner fin a su carrera profesional cuando termine la temporada 2020, dijo tras clasificarse para la tercera ronda del Abierto de Francia.<\/p>\n<p>\u00abVoy a jugar este y el pr\u00f3ximo a\u00f1o, siempre que tenga salud. Y luego tomar\u00e9 una decisi\u00f3n\u00bb, indic\u00f3 la deportista de 31 a\u00f1os.<\/p>\n<p>La antigua semifinalista en la arcilla parisina es la \u00fanica tenista germana que se mantiene en el prestigioso torneo de las siete que lo iniciaron.<\/p>\n<p>Petkovic se medir\u00e1 ma\u00f1ana con la australiana Ashleigh Barty, la octava cabeza de serie del Abierto de Francia. Petkovic disput\u00f3 en 2011 los cuartos de final de Roland Garros y las semifinales en 2014.<\/p>\n<p>En el r\u00e1nking mundial ocupa el puesto 69. Petkovic gan\u00f3 en Roland Garros por primera vez este a\u00f1o en un torneo dos partidos consecutivos.<\/p>\n","protected":false},"excerpt":{"rendered":"<p>Par\u00eds, 31 may (dpa) &#8211; La tenista alemana Andrea Petkovic planea poner fin a su carrera profesional cuando termine la temporada 2020, dijo tras clasificarse para la tercera ronda del Abierto de Francia. \u00abVoy a jugar este y el pr\u00f3ximo a\u00f1o, siempre que tenga salud. Y luego tomar\u00e9 una decisi\u00f3n\u00bb, indic\u00f3 la deportista de 31<\/p>\n","protected":false},"author":1,"featured_media":123519,"comment_status":"closed","ping_status":"closed","sticky":false,"template":"","format":"standard","meta":{"footnotes":""},"categories":[319],"tags":[],"class_list":{"0":"post-123518","1":"post","2":"type-post","3":"status-publish","4":"format-standard","5":"has-post-thumbnail","7":"category-deporte"},"aioseo_notices":[],"aioseo_head":"\n\t\t<!-- All in One SEO Pro 4.9.6.2 - aioseo.com -->\n\t<meta name=\"description\" content=\"Par\u00eds, 31 may (dpa) - La tenista alemana Andrea Petkovic planea poner fin a su carrera profesional cuando termine la temporada 2020, dijo tras clasificarse para la tercera ronda del Abierto de Francia. &quot;Voy a jugar este y el pr\u00f3ximo a\u00f1o, siempre que tenga salud. Y luego tomar\u00e9 una decisi\u00f3n&quot;, indic\u00f3 la deportista de 31\" \/>\n\t<meta name=\"robots\" content=\"max-image-preview:large\" \/>\n\t<meta name=\"author\" content=\"Cand\u00e1s 365\"\/>\n\t<meta name=\"google-site-verification\" content=\"UA-32230408-1\" \/>\n\t<meta name=\"msvalidate.01\" content=\"354F3CDFB2DA171B47FBE9ABF1F88D5\" \/>\n\t<meta name=\"keywords\" content=\"deporte\" \/>\n\t<link rel=\"canonical\" href=\"https:\/\/candas365.es\/noticias\/andrea-petkovic-medita-retirarse-en-2020\/\" \/>\n\t<meta name=\"generator\" content=\"All in One SEO Pro (AIOSEO) 4.9.6.2\" \/>\n\t\t<meta property=\"og:locale\" content=\"es_ES\" \/>\n\t\t<meta property=\"og:site_name\" content=\"Cand\u00e1s 365\" \/>\n\t\t<meta property=\"og:type\" content=\"article\" \/>\n\t\t<meta property=\"og:title\" content=\"Andrea Petkovic medita retirarse en 2020 | Cand\u00e1s 365\" \/>\n\t\t<meta property=\"og:description\" content=\"Par\u00eds, 31 may (dpa) - La tenista alemana Andrea Petkovic planea poner fin a su carrera profesional cuando termine la temporada 2020, dijo tras clasificarse para la tercera ronda del Abierto de Francia. &quot;Voy a jugar este y el pr\u00f3ximo a\u00f1o, siempre que tenga salud. Y luego tomar\u00e9 una decisi\u00f3n&quot;, indic\u00f3 la deportista de 31\" \/>\n\t\t<meta property=\"og:url\" content=\"https:\/\/candas365.es\/noticias\/andrea-petkovic-medita-retirarse-en-2020\/\" \/>\n\t\t<meta property=\"og:image\" content=\"https:\/\/candas365.es\/noticias\/wp-content\/uploads\/2019\/05\/Andrea-Petkovic.jpg\" \/>\n\t\t<meta property=\"og:image:secure_url\" content=\"https:\/\/candas365.es\/noticias\/wp-content\/uploads\/2019\/05\/Andrea-Petkovic.jpg\" \/>\n\t\t<meta property=\"og:image:width\" content=\"971\" \/>\n\t\t<meta property=\"og:image:height\" content=\"675\" \/>\n\t\t<meta property=\"article:published_time\" content=\"2019-05-31T12:44:52+00:00\" \/>\n\t\t<meta property=\"article:modified_time\" content=\"2019-05-31T12:44:52+00:00\" \/>\n\t\t<meta property=\"article:publisher\" content=\"https:\/\/www.facebook.com\/Nachofdezber\" \/>\n\t\t<meta property=\"article:author\" content=\"https:\/\/www.facebook.com\/carrenoactualidad\" \/>\n\t\t<meta name=\"twitter:card\" content=\"summary_large_image\" \/>\n\t\t<meta name=\"twitter:site\" content=\"@NabercoDigital\" \/>\n\t\t<meta name=\"twitter:title\" content=\"Andrea Petkovic medita retirarse en 2020 | Cand\u00e1s 365\" \/>\n\t\t<meta name=\"twitter:description\" content=\"Par\u00eds, 31 may (dpa) - La tenista alemana Andrea Petkovic planea poner fin a su carrera profesional cuando termine la temporada 2020, dijo tras clasificarse para la tercera ronda del Abierto de Francia. &quot;Voy a jugar este y el pr\u00f3ximo a\u00f1o, siempre que tenga salud. Y luego tomar\u00e9 una decisi\u00f3n&quot;, indic\u00f3 la deportista de 31\" \/>\n\t\t<meta name=\"twitter:creator\" content=\"@nbasturias\" \/>\n\t\t<meta name=\"twitter:image\" content=\"https:\/\/candas365.es\/noticias\/wp-content\/uploads\/2019\/05\/Andrea-Petkovic.jpg\" \/>\n\t\t<meta name=\"twitter:label1\" content=\"Escrito por\" \/>\n\t\t<meta name=\"twitter:data1\" content=\"Cand\u00e1s 365\" \/>\n\t\t<meta name=\"twitter:label2\" content=\"Tiempo de lectura estimado\" \/>\n\t\t<meta name=\"twitter:data2\" content=\"1 minuto\" \/>\n\t\t<script type=\"application\/ld+json\" class=\"aioseo-schema\">\n\t\t\t{\"@context\":\"https:\\\/\\\/schema.org\",\"@graph\":[{\"@type\":\"BreadcrumbList\",\"@id\":\"https:\\\/\\\/candas365.es\\\/noticias\\\/andrea-petkovic-medita-retirarse-en-2020\\\/#breadcrumblist\",\"itemListElement\":[{\"@type\":\"ListItem\",\"@id\":\"https:\\\/\\\/candas365.es\\\/noticias#listItem\",\"position\":1,\"name\":\"Home\",\"item\":\"https:\\\/\\\/candas365.es\\\/noticias\",\"nextItem\":{\"@type\":\"ListItem\",\"@id\":\"https:\\\/\\\/candas365.es\\\/noticias\\\/category\\\/deporte\\\/#listItem\",\"name\":\"Deporte\"}},{\"@type\":\"ListItem\",\"@id\":\"https:\\\/\\\/candas365.es\\\/noticias\\\/category\\\/deporte\\\/#listItem\",\"position\":2,\"name\":\"Deporte\",\"item\":\"https:\\\/\\\/candas365.es\\\/noticias\\\/category\\\/deporte\\\/\",\"nextItem\":{\"@type\":\"ListItem\",\"@id\":\"https:\\\/\\\/candas365.es\\\/noticias\\\/andrea-petkovic-medita-retirarse-en-2020\\\/#listItem\",\"name\":\"Andrea Petkovic medita retirarse en 2020\"},\"previousItem\":{\"@type\":\"ListItem\",\"@id\":\"https:\\\/\\\/candas365.es\\\/noticias#listItem\",\"name\":\"Home\"}},{\"@type\":\"ListItem\",\"@id\":\"https:\\\/\\\/candas365.es\\\/noticias\\\/andrea-petkovic-medita-retirarse-en-2020\\\/#listItem\",\"position\":3,\"name\":\"Andrea Petkovic medita retirarse en 2020\",\"previousItem\":{\"@type\":\"ListItem\",\"@id\":\"https:\\\/\\\/candas365.es\\\/noticias\\\/category\\\/deporte\\\/#listItem\",\"name\":\"Deporte\"}}]},{\"@type\":\"NewsArticle\",\"@id\":\"https:\\\/\\\/candas365.es\\\/noticias\\\/andrea-petkovic-medita-retirarse-en-2020\\\/#newsarticle\",\"name\":\"Andrea Petkovic medita retirarse en 2020 | Cand\\u00e1s 365\",\"headline\":\"Andrea Petkovic medita retirarse en 2020\",\"author\":{\"@id\":\"https:\\\/\\\/candas365.es\\\/noticias\\\/author\\\/admin\\\/#author\"},\"publisher\":{\"@id\":\"https:\\\/\\\/candas365.es\\\/noticias\\\/#organization\"},\"image\":{\"@type\":\"ImageObject\",\"url\":\"https:\\\/\\\/candas365.es\\\/noticias\\\/wp-content\\\/uploads\\\/2019\\\/05\\\/Andrea-Petkovic.jpg\",\"width\":971,\"height\":675,\"caption\":\"La tenista alemana Andrea Petkovic jugando en el torneo de Stuttgart. Foto: Marijan Murat\\\/dpa\"},\"datePublished\":\"2019-05-31T12:44:52+02:00\",\"dateModified\":\"2019-05-31T12:44:52+02:00\",\"inLanguage\":\"es-ES\",\"mainEntityOfPage\":{\"@id\":\"https:\\\/\\\/candas365.es\\\/noticias\\\/andrea-petkovic-medita-retirarse-en-2020\\\/#webpage\"},\"isPartOf\":{\"@id\":\"https:\\\/\\\/candas365.es\\\/noticias\\\/andrea-petkovic-medita-retirarse-en-2020\\\/#webpage\"},\"articleSection\":\"Deporte\",\"dateline\":\"Publicado el mayo 31, 2019.\"},{\"@type\":\"Organization\",\"@id\":\"https:\\\/\\\/candas365.es\\\/noticias\\\/#organization\",\"name\":\"Cand\\u00e1s 365\",\"description\":\"Cand\\u00e1s 365 es un diario digital independiente, fundado en 2012, con base en Asturias. Informamos con rigor sobre actualidad, sociedad, cultura y ocio, con una mirada local y global.\",\"url\":\"https:\\\/\\\/candas365.es\\\/noticias\\\/\",\"email\":\"info@candas365.es\",\"telephone\":\"+34652131393\",\"foundingDate\":\"2012-06-10\",\"logo\":{\"@type\":\"ImageObject\",\"url\":\"https:\\\/\\\/candas365.es\\\/noticias\\\/wp-content\\\/uploads\\\/2024\\\/09\\\/Candas-365-Redes.jpg\",\"@id\":\"https:\\\/\\\/candas365.es\\\/noticias\\\/andrea-petkovic-medita-retirarse-en-2020\\\/#organizationLogo\",\"width\":1152,\"height\":864,\"caption\":\"Cand\\u00e1s 365 Redes\"},\"image\":{\"@id\":\"https:\\\/\\\/candas365.es\\\/noticias\\\/andrea-petkovic-medita-retirarse-en-2020\\\/#organizationLogo\"},\"sameAs\":[\"https:\\\/\\\/www.facebook.com\\\/Nachofdezber\",\"https:\\\/\\\/x.com\\\/NabercoDigital\",\"https:\\\/\\\/www.instagram.com\\\/nachofdezber\\\/\",\"https:\\\/\\\/www.youtube.com\\\/channel\\\/UCZP-2wLEB9Rv6erhFmqVnvg\"],\"address\":{\"@id\":\"https:\\\/\\\/candas365.es\\\/noticias\\\/#postaladdress\",\"@type\":\"PostalAddress\",\"streetAddress\":\"san antonio 4, san antonio 4\",\"postalCode\":\"33430\",\"addressLocality\":\"Cand\\u00e1s\",\"addressRegion\":\"Asturias\",\"addressCountry\":\"ES\"}},{\"@type\":\"Person\",\"@id\":\"https:\\\/\\\/candas365.es\\\/noticias\\\/author\\\/admin\\\/#author\",\"url\":\"https:\\\/\\\/candas365.es\\\/noticias\\\/author\\\/admin\\\/\",\"name\":\"Cand\\u00e1s 365\",\"image\":{\"@type\":\"ImageObject\",\"@id\":\"https:\\\/\\\/candas365.es\\\/noticias\\\/andrea-petkovic-medita-retirarse-en-2020\\\/#authorImage\",\"url\":\"https:\\\/\\\/secure.gravatar.com\\\/avatar\\\/496a8e03d0c493ede1718b7934145dbdf8d89be1036b0eec9544e1094c9de390?s=96&d=mm&r=g\",\"width\":96,\"height\":96,\"caption\":\"Cand\\u00e1s 365\"},\"sameAs\":[\"https:\\\/\\\/www.facebook.com\\\/carrenoactualidad\",\"https:\\\/\\\/twitter.com\\\/nbasturias\",\"https:\\\/\\\/www.instagram.com\\\/nachofdezber\\\/\",\"https:\\\/\\\/www.youtube.com\\\/channel\\\/UCZP-2wLEB9Rv6erhFmqVnvg\"]},{\"@type\":\"WebPage\",\"@id\":\"https:\\\/\\\/candas365.es\\\/noticias\\\/andrea-petkovic-medita-retirarse-en-2020\\\/#webpage\",\"url\":\"https:\\\/\\\/candas365.es\\\/noticias\\\/andrea-petkovic-medita-retirarse-en-2020\\\/\",\"name\":\"Andrea Petkovic medita retirarse en 2020 | Cand\\u00e1s 365\",\"description\":\"Par\\u00eds, 31 may (dpa) - La tenista alemana Andrea Petkovic planea poner fin a su carrera profesional cuando termine la temporada 2020, dijo tras clasificarse para la tercera ronda del Abierto de Francia. \\\"Voy a jugar este y el pr\\u00f3ximo a\\u00f1o, siempre que tenga salud. Y luego tomar\\u00e9 una decisi\\u00f3n\\\", indic\\u00f3 la deportista de 31\",\"inLanguage\":\"es-ES\",\"isPartOf\":{\"@id\":\"https:\\\/\\\/candas365.es\\\/noticias\\\/#website\"},\"breadcrumb\":{\"@id\":\"https:\\\/\\\/candas365.es\\\/noticias\\\/andrea-petkovic-medita-retirarse-en-2020\\\/#breadcrumblist\"},\"author\":{\"@id\":\"https:\\\/\\\/candas365.es\\\/noticias\\\/author\\\/admin\\\/#author\"},\"creator\":{\"@id\":\"https:\\\/\\\/candas365.es\\\/noticias\\\/author\\\/admin\\\/#author\"},\"image\":{\"@type\":\"ImageObject\",\"url\":\"https:\\\/\\\/candas365.es\\\/noticias\\\/wp-content\\\/uploads\\\/2019\\\/05\\\/Andrea-Petkovic.jpg\",\"@id\":\"https:\\\/\\\/candas365.es\\\/noticias\\\/andrea-petkovic-medita-retirarse-en-2020\\\/#mainImage\",\"width\":971,\"height\":675,\"caption\":\"La tenista alemana Andrea Petkovic jugando en el torneo de Stuttgart. Foto: Marijan Murat\\\/dpa\"},\"primaryImageOfPage\":{\"@id\":\"https:\\\/\\\/candas365.es\\\/noticias\\\/andrea-petkovic-medita-retirarse-en-2020\\\/#mainImage\"},\"datePublished\":\"2019-05-31T12:44:52+02:00\",\"dateModified\":\"2019-05-31T12:44:52+02:00\"},{\"@type\":\"WebSite\",\"@id\":\"https:\\\/\\\/candas365.es\\\/noticias\\\/#website\",\"url\":\"https:\\\/\\\/candas365.es\\\/noticias\\\/\",\"name\":\"Cand\\u00e1s 365\",\"alternateName\":\"Cand\\u00e1s 365 Noticias\",\"description\":\"Actualidad desde Carre\\u00f1o para el mundo\",\"inLanguage\":\"es-ES\",\"publisher\":{\"@id\":\"https:\\\/\\\/candas365.es\\\/noticias\\\/#organization\"}}]}\n\t\t<\/script>\n\t\t<!-- All in One SEO Pro -->\r\n\t\t<title>Andrea Petkovic medita retirarse en 2020 | Cand\u00e1s 365<\/title>\n\n","aioseo_head_json":{"title":"Andrea Petkovic medita retirarse en 2020 | Cand\u00e1s 365","description":"Par\u00eds, 31 may (dpa) - La tenista alemana Andrea Petkovic planea poner fin a su carrera profesional cuando termine la temporada 2020, dijo tras clasificarse para la tercera ronda del Abierto de Francia. \"Voy a jugar este y el pr\u00f3ximo a\u00f1o, siempre que tenga salud. Y luego tomar\u00e9 una decisi\u00f3n\", indic\u00f3 la deportista de 31","canonical_url":"https:\/\/candas365.es\/noticias\/andrea-petkovic-medita-retirarse-en-2020\/","robots":"max-image-preview:large","keywords":"deporte","webmasterTools":{"google-site-verification":"UA-32230408-1","msvalidate.01":"354F3CDFB2DA171B47FBE9ABF1F88D5","miscellaneous":""},"schema":{"@context":"https:\/\/schema.org","@graph":[{"@type":"BreadcrumbList","@id":"https:\/\/candas365.es\/noticias\/andrea-petkovic-medita-retirarse-en-2020\/#breadcrumblist","itemListElement":[{"@type":"ListItem","@id":"https:\/\/candas365.es\/noticias#listItem","position":1,"name":"Home","item":"https:\/\/candas365.es\/noticias","nextItem":{"@type":"ListItem","@id":"https:\/\/candas365.es\/noticias\/category\/deporte\/#listItem","name":"Deporte"}},{"@type":"ListItem","@id":"https:\/\/candas365.es\/noticias\/category\/deporte\/#listItem","position":2,"name":"Deporte","item":"https:\/\/candas365.es\/noticias\/category\/deporte\/","nextItem":{"@type":"ListItem","@id":"https:\/\/candas365.es\/noticias\/andrea-petkovic-medita-retirarse-en-2020\/#listItem","name":"Andrea Petkovic medita retirarse en 2020"},"previousItem":{"@type":"ListItem","@id":"https:\/\/candas365.es\/noticias#listItem","name":"Home"}},{"@type":"ListItem","@id":"https:\/\/candas365.es\/noticias\/andrea-petkovic-medita-retirarse-en-2020\/#listItem","position":3,"name":"Andrea Petkovic medita retirarse en 2020","previousItem":{"@type":"ListItem","@id":"https:\/\/candas365.es\/noticias\/category\/deporte\/#listItem","name":"Deporte"}}]},{"@type":"NewsArticle","@id":"https:\/\/candas365.es\/noticias\/andrea-petkovic-medita-retirarse-en-2020\/#newsarticle","name":"Andrea Petkovic medita retirarse en 2020 | Cand\u00e1s 365","headline":"Andrea Petkovic medita retirarse en 2020","author":{"@id":"https:\/\/candas365.es\/noticias\/author\/admin\/#author"},"publisher":{"@id":"https:\/\/candas365.es\/noticias\/#organization"},"image":{"@type":"ImageObject","url":"https:\/\/candas365.es\/noticias\/wp-content\/uploads\/2019\/05\/Andrea-Petkovic.jpg","width":971,"height":675,"caption":"La tenista alemana Andrea Petkovic jugando en el torneo de Stuttgart. Foto: Marijan Murat\/dpa"},"datePublished":"2019-05-31T12:44:52+02:00","dateModified":"2019-05-31T12:44:52+02:00","inLanguage":"es-ES","mainEntityOfPage":{"@id":"https:\/\/candas365.es\/noticias\/andrea-petkovic-medita-retirarse-en-2020\/#webpage"},"isPartOf":{"@id":"https:\/\/candas365.es\/noticias\/andrea-petkovic-medita-retirarse-en-2020\/#webpage"},"articleSection":"Deporte","dateline":"Publicado el mayo 31, 2019."},{"@type":"Organization","@id":"https:\/\/candas365.es\/noticias\/#organization","name":"Cand\u00e1s 365","description":"Cand\u00e1s 365 es un diario digital independiente, fundado en 2012, con base en Asturias. Informamos con rigor sobre actualidad, sociedad, cultura y ocio, con una mirada local y global.","url":"https:\/\/candas365.es\/noticias\/","email":"info@candas365.es","telephone":"+34652131393","foundingDate":"2012-06-10","logo":{"@type":"ImageObject","url":"https:\/\/candas365.es\/noticias\/wp-content\/uploads\/2024\/09\/Candas-365-Redes.jpg","@id":"https:\/\/candas365.es\/noticias\/andrea-petkovic-medita-retirarse-en-2020\/#organizationLogo","width":1152,"height":864,"caption":"Cand\u00e1s 365 Redes"},"image":{"@id":"https:\/\/candas365.es\/noticias\/andrea-petkovic-medita-retirarse-en-2020\/#organizationLogo"},"sameAs":["https:\/\/www.facebook.com\/Nachofdezber","https:\/\/x.com\/NabercoDigital","https:\/\/www.instagram.com\/nachofdezber\/","https:\/\/www.youtube.com\/channel\/UCZP-2wLEB9Rv6erhFmqVnvg"],"address":{"@id":"https:\/\/candas365.es\/noticias\/#postaladdress","@type":"PostalAddress","streetAddress":"san antonio 4, san antonio 4","postalCode":"33430","addressLocality":"Cand\u00e1s","addressRegion":"Asturias","addressCountry":"ES"}},{"@type":"Person","@id":"https:\/\/candas365.es\/noticias\/author\/admin\/#author","url":"https:\/\/candas365.es\/noticias\/author\/admin\/","name":"Cand\u00e1s 365","image":{"@type":"ImageObject","@id":"https:\/\/candas365.es\/noticias\/andrea-petkovic-medita-retirarse-en-2020\/#authorImage","url":"https:\/\/secure.gravatar.com\/avatar\/496a8e03d0c493ede1718b7934145dbdf8d89be1036b0eec9544e1094c9de390?s=96&d=mm&r=g","width":96,"height":96,"caption":"Cand\u00e1s 365"},"sameAs":["https:\/\/www.facebook.com\/carrenoactualidad","https:\/\/twitter.com\/nbasturias","https:\/\/www.instagram.com\/nachofdezber\/","https:\/\/www.youtube.com\/channel\/UCZP-2wLEB9Rv6erhFmqVnvg"]},{"@type":"WebPage","@id":"https:\/\/candas365.es\/noticias\/andrea-petkovic-medita-retirarse-en-2020\/#webpage","url":"https:\/\/candas365.es\/noticias\/andrea-petkovic-medita-retirarse-en-2020\/","name":"Andrea Petkovic medita retirarse en 2020 | Cand\u00e1s 365","description":"Par\u00eds, 31 may (dpa) - La tenista alemana Andrea Petkovic planea poner fin a su carrera profesional cuando termine la temporada 2020, dijo tras clasificarse para la tercera ronda del Abierto de Francia. \"Voy a jugar este y el pr\u00f3ximo a\u00f1o, siempre que tenga salud. Y luego tomar\u00e9 una decisi\u00f3n\", indic\u00f3 la deportista de 31","inLanguage":"es-ES","isPartOf":{"@id":"https:\/\/candas365.es\/noticias\/#website"},"breadcrumb":{"@id":"https:\/\/candas365.es\/noticias\/andrea-petkovic-medita-retirarse-en-2020\/#breadcrumblist"},"author":{"@id":"https:\/\/candas365.es\/noticias\/author\/admin\/#author"},"creator":{"@id":"https:\/\/candas365.es\/noticias\/author\/admin\/#author"},"image":{"@type":"ImageObject","url":"https:\/\/candas365.es\/noticias\/wp-content\/uploads\/2019\/05\/Andrea-Petkovic.jpg","@id":"https:\/\/candas365.es\/noticias\/andrea-petkovic-medita-retirarse-en-2020\/#mainImage","width":971,"height":675,"caption":"La tenista alemana Andrea Petkovic jugando en el torneo de Stuttgart. Foto: Marijan Murat\/dpa"},"primaryImageOfPage":{"@id":"https:\/\/candas365.es\/noticias\/andrea-petkovic-medita-retirarse-en-2020\/#mainImage"},"datePublished":"2019-05-31T12:44:52+02:00","dateModified":"2019-05-31T12:44:52+02:00"},{"@type":"WebSite","@id":"https:\/\/candas365.es\/noticias\/#website","url":"https:\/\/candas365.es\/noticias\/","name":"Cand\u00e1s 365","alternateName":"Cand\u00e1s 365 Noticias","description":"Actualidad desde Carre\u00f1o para el mundo","inLanguage":"es-ES","publisher":{"@id":"https:\/\/candas365.es\/noticias\/#organization"}}]},"og:locale":"es_ES","og:site_name":"Cand\u00e1s 365","og:type":"article","og:title":"Andrea Petkovic medita retirarse en 2020 | Cand\u00e1s 365","og:description":"Par\u00eds, 31 may (dpa) - La tenista alemana Andrea Petkovic planea poner fin a su carrera profesional cuando termine la temporada 2020, dijo tras clasificarse para la tercera ronda del Abierto de Francia. &quot;Voy a jugar este y el pr\u00f3ximo a\u00f1o, siempre que tenga salud. Y luego tomar\u00e9 una decisi\u00f3n&quot;, indic\u00f3 la deportista de 31","og:url":"https:\/\/candas365.es\/noticias\/andrea-petkovic-medita-retirarse-en-2020\/","og:image":"https:\/\/candas365.es\/noticias\/wp-content\/uploads\/2019\/05\/Andrea-Petkovic.jpg","og:image:secure_url":"https:\/\/candas365.es\/noticias\/wp-content\/uploads\/2019\/05\/Andrea-Petkovic.jpg","og:image:width":971,"og:image:height":675,"article:published_time":"2019-05-31T12:44:52+00:00","article:modified_time":"2019-05-31T12:44:52+00:00","article:publisher":"https:\/\/www.facebook.com\/Nachofdezber","article:author":"https:\/\/www.facebook.com\/carrenoactualidad","twitter:card":"summary_large_image","twitter:site":"@NabercoDigital","twitter:title":"Andrea Petkovic medita retirarse en 2020 | Cand\u00e1s 365","twitter:description":"Par\u00eds, 31 may (dpa) - La tenista alemana Andrea Petkovic planea poner fin a su carrera profesional cuando termine la temporada 2020, dijo tras clasificarse para la tercera ronda del Abierto de Francia. &quot;Voy a jugar este y el pr\u00f3ximo a\u00f1o, siempre que tenga salud. Y luego tomar\u00e9 una decisi\u00f3n&quot;, indic\u00f3 la deportista de 31","twitter:creator":"@nbasturias","twitter:image":"https:\/\/candas365.es\/noticias\/wp-content\/uploads\/2019\/05\/Andrea-Petkovic.jpg","twitter:label1":"Escrito por","twitter:data1":"Cand\u00e1s 365","twitter:label2":"Tiempo de lectura estimado","twitter:data2":"1 minuto"},"aioseo_meta_data":{"post_id":"123518","title":null,"description":null,"keywords":null,"keyphrases":null,"primary_term":null,"canonical_url":null,"og_title":null,"og_description":null,"og_object_type":"default","og_image_type":"default","og_image_url":null,"og_image_width":null,"og_image_height":null,"og_image_custom_url":null,"og_image_custom_fields":null,"og_video":null,"og_custom_url":null,"og_article_section":null,"og_article_tags":null,"twitter_use_og":false,"twitter_card":"default","twitter_image_type":"default","twitter_image_url":null,"twitter_image_custom_url":null,"twitter_image_custom_fields":null,"twitter_title":null,"twitter_description":null,"schema":{"blockGraphs":[],"customGraphs":[],"default":{"data":{"Article":[],"Course":[],"Dataset":[],"FAQPage":[],"Movie":[],"Person":[],"Product":[],"ProductReview":[],"Car":[],"Recipe":[],"Service":[],"SoftwareApplication":[],"WebPage":[]},"graphName":"","isEnabled":true},"graphs":[]},"schema_type":null,"schema_type_options":null,"pillar_content":false,"robots_default":true,"robots_noindex":false,"robots_noarchive":false,"robots_nosnippet":false,"robots_nofollow":false,"robots_noimageindex":false,"robots_noodp":false,"robots_notranslate":false,"robots_max_snippet":null,"robots_max_videopreview":null,"robots_max_imagepreview":"large","priority":null,"frequency":null,"location":null,"local_seo":null,"seo_analyzer_scan_date":"2025-08-30 01:18:17","breadcrumb_settings":null,"limit_modified_date":false,"reviewed_by":null,"open_ai":null,"ai":null,"created":"2020-12-21 10:56:59","updated":"2025-08-30 01:18:17"},"aioseo_breadcrumb":"<div class=\"aioseo-breadcrumbs\"><span class=\"aioseo-breadcrumb\">\n\t<a href=\"https:\/\/candas365.es\/noticias\" title=\"Home\">Home<\/a>\n<\/span><span class=\"aioseo-breadcrumb-separator\">&ndash;<\/span><span class=\"aioseo-breadcrumb\">\n\t<a href=\"https:\/\/candas365.es\/noticias\/category\/deporte\/\" title=\"Deporte\">Deporte<\/a>\n<\/span><span class=\"aioseo-breadcrumb-separator\">&ndash;<\/span><span class=\"aioseo-breadcrumb\">\n\tAndrea Petkovic medita retirarse en 2020\n<\/span><\/div>","aioseo_breadcrumb_json":[{"label":"Home","link":"https:\/\/candas365.es\/noticias"},{"label":"Deporte","link":"https:\/\/candas365.es\/noticias\/category\/deporte\/"},{"label":"Andrea Petkovic medita retirarse en 2020","link":"https:\/\/candas365.es\/noticias\/andrea-petkovic-medita-retirarse-en-2020\/"}],"_links":{"self":[{"href":"https:\/\/candas365.es\/noticias\/wp-json\/wp\/v2\/posts\/123518","targetHints":{"allow":["GET"]}}],"collection":[{"href":"https:\/\/candas365.es\/noticias\/wp-json\/wp\/v2\/posts"}],"about":[{"href":"https:\/\/candas365.es\/noticias\/wp-json\/wp\/v2\/types\/post"}],"author":[{"embeddable":true,"href":"https:\/\/candas365.es\/noticias\/wp-json\/wp\/v2\/users\/1"}],"replies":[{"embeddable":true,"href":"https:\/\/candas365.es\/noticias\/wp-json\/wp\/v2\/comments?post=123518"}],"version-history":[{"count":0,"href":"https:\/\/candas365.es\/noticias\/wp-json\/wp\/v2\/posts\/123518\/revisions"}],"wp:featuredmedia":[{"embeddable":true,"href":"https:\/\/candas365.es\/noticias\/wp-json\/wp\/v2\/media\/123519"}],"wp:attachment":[{"href":"https:\/\/candas365.es\/noticias\/wp-json\/wp\/v2\/media?parent=123518"}],"wp:term":[{"taxonomy":"category","embeddable":true,"href":"https:\/\/candas365.es\/noticias\/wp-json\/wp\/v2\/categories?post=123518"},{"taxonomy":"post_tag","embeddable":true,"href":"https:\/\/candas365.es\/noticias\/wp-json\/wp\/v2\/tags?post=123518"}],"curies":[{"name":"wp","href":"https:\/\/api.w.org\/{rel}","templated":true}]}}