{"id":123382,"date":"2019-05-29T13:30:38","date_gmt":"2019-05-29T13:30:38","guid":{"rendered":"http:\/\/candas365.es\/noticias\/?p=123382"},"modified":"2019-05-29T13:30:38","modified_gmt":"2019-05-29T13:30:38","slug":"hoenes-reconoce-la-complejidad-economica-en-el-fichaje-de-sane","status":"publish","type":"post","link":"https:\/\/candas365.es\/noticias\/hoenes-reconoce-la-complejidad-economica-en-el-fichaje-de-sane\/","title":{"rendered":"Hoene\u00df reconoce la complejidad econ\u00f3mica en el fichaje de San\u00e9"},"content":{"rendered":"<p><img fetchpriority=\"high\" decoding=\"async\" class=\"alignleft size-medium wp-image-94574\" src=\"https:\/\/candas365.es\/noticias\/wp-content\/uploads\/2018\/04\/arena-1181668_960_720-360x240.jpg\" alt=\"\" width=\"360\" height=\"240\" srcset=\"https:\/\/candas365.es\/noticias\/wp-content\/uploads\/2018\/04\/arena-1181668_960_720-360x240.jpg 360w, https:\/\/candas365.es\/noticias\/wp-content\/uploads\/2018\/04\/arena-1181668_960_720-768x512.jpg 768w, https:\/\/candas365.es\/noticias\/wp-content\/uploads\/2018\/04\/arena-1181668_960_720-655x437.jpg 655w, https:\/\/candas365.es\/noticias\/wp-content\/uploads\/2018\/04\/arena-1181668_960_720-696x464.jpg 696w, https:\/\/candas365.es\/noticias\/wp-content\/uploads\/2018\/04\/arena-1181668_960_720-630x420.jpg 630w, https:\/\/candas365.es\/noticias\/wp-content\/uploads\/2018\/04\/arena-1181668_960_720.jpg 960w\" sizes=\"(max-width: 360px) 100vw, 360px\" \/>M\u00fanich, 29 may (dpa) &#8211; El Bayern M\u00fanich reconoci\u00f3 el desaf\u00edo que supone la contrataci\u00f3n del internacional alem\u00e1n Leroy San\u00e9, indic\u00f3 el presidente del club b\u00e1varo, Uli Hoene\u00df, a la edici\u00f3n de hoy de la revista \u00abSport Bild\u00bb.<\/p>\n<p>\u00abNo tengo cifras exactas todav\u00eda, pero creo que el marco financiero ser\u00e1 muy dif\u00edcil\u00bb, dijo Hoene\u00df. \u00abTodo el paquete es dif\u00edcil\u00bb. Adem\u00e1s de una elevada tarifa de traspaso, el Bayern M\u00fanich tendr\u00eda que abonar un salario atractivo en el caso del fichaje del jugador de banda del Manchester City.<\/p>\n<p>Seg\u00fan informes de los medios de comunicaci\u00f3n, el conjunto ingl\u00e9s pretende realizar un nuevo intento para extender el contrato con San\u00e9, de 23 a\u00f1os.<\/p>\n<p>Por su parte, el director general del club alem\u00e1n de f\u00fatbol, Karl-Heinz Rummenigge, tambi\u00e9n se\u00f1al\u00f3 la dif\u00edcil tarea que supone esta transferencia. \u00abNo se debe olvidar: Tiene un contrato de dos a\u00f1os. Y el Manchester City no es un club que necesite vender jugadores\u00bb, explic\u00f3 Rummenigge.<\/p>\n<p>El directivo de 63 a\u00f1os tambi\u00e9n hizo campa\u00f1a por San\u00e9: \u00abSer\u00eda aqu\u00ed un interesante sucesor de Franck (Rib\u00e9ry) y Arjen (Robben). Como jugador eso siempre me seducir\u00eda\u00bb.<\/p>\n<p>Hoene\u00df no quiere gastar sumas astron\u00f3micas, como enfatiz\u00f3 hace m\u00e1s de una semana despu\u00e9s de la celebraci\u00f3n del campeonato de la Bundesliga.<\/p>\n<p>\u00abNo estamos aqu\u00ed en el Monopoly\u00bb, se\u00f1al\u00f3. Pero tampoco hay un l\u00edmite superior fijo. \u00abHasan (Salihamidzic) primero debe encontrar jugadores que encajen con nosotros, y luego hablaremos sobre el dinero\u00bb, afirm\u00f3 Hoene\u00df el pasado fin de semana.<\/p>\n","protected":false},"excerpt":{"rendered":"<p>M\u00fanich, 29 may (dpa) &#8211; El Bayern M\u00fanich reconoci\u00f3 el desaf\u00edo que supone la contrataci\u00f3n del internacional alem\u00e1n Leroy San\u00e9, indic\u00f3 el presidente del club b\u00e1varo, Uli Hoene\u00df, a la edici\u00f3n de hoy de la revista \u00abSport Bild\u00bb. \u00abNo tengo cifras exactas todav\u00eda, pero creo que el marco financiero ser\u00e1 muy dif\u00edcil\u00bb, dijo Hoene\u00df. \u00abTodo<\/p>\n","protected":false},"author":1,"featured_media":94574,"comment_status":"closed","ping_status":"closed","sticky":false,"template":"","format":"standard","meta":{"footnotes":""},"categories":[319],"tags":[],"class_list":{"0":"post-123382","1":"post","2":"type-post","3":"status-publish","4":"format-standard","5":"has-post-thumbnail","7":"category-deporte"},"aioseo_notices":[],"aioseo_head":"\n\t\t<!-- All in One SEO Pro 4.9.6.2 - aioseo.com -->\n\t<meta name=\"description\" content=\"M\u00fanich, 29 may (dpa) - El Bayern M\u00fanich reconoci\u00f3 el desaf\u00edo que supone la contrataci\u00f3n del internacional alem\u00e1n Leroy San\u00e9, indic\u00f3 el presidente del club b\u00e1varo, Uli Hoene\u00df, a la edici\u00f3n de hoy de la revista &quot;Sport Bild&quot;. &quot;No tengo cifras exactas todav\u00eda, pero creo que el marco financiero ser\u00e1 muy dif\u00edcil&quot;, dijo Hoene\u00df. &quot;Todo\" \/>\n\t<meta name=\"robots\" content=\"max-image-preview:large\" \/>\n\t<meta name=\"author\" content=\"Cand\u00e1s 365\"\/>\n\t<meta name=\"google-site-verification\" content=\"UA-32230408-1\" \/>\n\t<meta name=\"msvalidate.01\" content=\"354F3CDFB2DA171B47FBE9ABF1F88D5\" \/>\n\t<meta name=\"keywords\" content=\"deporte\" \/>\n\t<link rel=\"canonical\" href=\"https:\/\/candas365.es\/noticias\/hoenes-reconoce-la-complejidad-economica-en-el-fichaje-de-sane\/\" \/>\n\t<meta name=\"generator\" content=\"All in One SEO Pro (AIOSEO) 4.9.6.2\" \/>\n\t\t<meta property=\"og:locale\" content=\"es_ES\" \/>\n\t\t<meta property=\"og:site_name\" content=\"Cand\u00e1s 365\" \/>\n\t\t<meta property=\"og:type\" content=\"article\" \/>\n\t\t<meta property=\"og:title\" content=\"Hoene\u00df reconoce la complejidad econ\u00f3mica en el fichaje de San\u00e9 | Cand\u00e1s 365\" \/>\n\t\t<meta property=\"og:description\" content=\"M\u00fanich, 29 may (dpa) - El Bayern M\u00fanich reconoci\u00f3 el desaf\u00edo que supone la contrataci\u00f3n del internacional alem\u00e1n Leroy San\u00e9, indic\u00f3 el presidente del club b\u00e1varo, Uli Hoene\u00df, a la edici\u00f3n de hoy de la revista &quot;Sport Bild&quot;. &quot;No tengo cifras exactas todav\u00eda, pero creo que el marco financiero ser\u00e1 muy dif\u00edcil&quot;, dijo Hoene\u00df. &quot;Todo\" \/>\n\t\t<meta property=\"og:url\" content=\"https:\/\/candas365.es\/noticias\/hoenes-reconoce-la-complejidad-economica-en-el-fichaje-de-sane\/\" \/>\n\t\t<meta property=\"og:image\" content=\"https:\/\/candas365.es\/noticias\/wp-content\/uploads\/2018\/04\/arena-1181668_960_720.jpg\" \/>\n\t\t<meta property=\"og:image:secure_url\" content=\"https:\/\/candas365.es\/noticias\/wp-content\/uploads\/2018\/04\/arena-1181668_960_720.jpg\" \/>\n\t\t<meta property=\"og:image:width\" content=\"960\" \/>\n\t\t<meta property=\"og:image:height\" content=\"640\" \/>\n\t\t<meta property=\"article:published_time\" content=\"2019-05-29T13:30:38+00:00\" \/>\n\t\t<meta property=\"article:modified_time\" content=\"2019-05-29T13:30:38+00:00\" \/>\n\t\t<meta property=\"article:publisher\" content=\"https:\/\/www.facebook.com\/Nachofdezber\" \/>\n\t\t<meta property=\"article:author\" content=\"https:\/\/www.facebook.com\/carrenoactualidad\" \/>\n\t\t<meta name=\"twitter:card\" content=\"summary_large_image\" \/>\n\t\t<meta name=\"twitter:site\" content=\"@NabercoDigital\" \/>\n\t\t<meta name=\"twitter:title\" content=\"Hoene\u00df reconoce la complejidad econ\u00f3mica en el fichaje de San\u00e9 | Cand\u00e1s 365\" \/>\n\t\t<meta name=\"twitter:description\" content=\"M\u00fanich, 29 may (dpa) - El Bayern M\u00fanich reconoci\u00f3 el desaf\u00edo que supone la contrataci\u00f3n del internacional alem\u00e1n Leroy San\u00e9, indic\u00f3 el presidente del club b\u00e1varo, Uli Hoene\u00df, a la edici\u00f3n de hoy de la revista &quot;Sport Bild&quot;. &quot;No tengo cifras exactas todav\u00eda, pero creo que el marco financiero ser\u00e1 muy dif\u00edcil&quot;, dijo Hoene\u00df. &quot;Todo\" \/>\n\t\t<meta name=\"twitter:creator\" content=\"@nbasturias\" \/>\n\t\t<meta name=\"twitter:image\" content=\"https:\/\/candas365.es\/noticias\/wp-content\/uploads\/2018\/04\/arena-1181668_960_720.jpg\" \/>\n\t\t<meta name=\"twitter:label1\" content=\"Escrito por\" \/>\n\t\t<meta name=\"twitter:data1\" content=\"Cand\u00e1s 365\" \/>\n\t\t<meta name=\"twitter:label2\" content=\"Tiempo de lectura estimado\" \/>\n\t\t<meta name=\"twitter:data2\" content=\"1 minuto\" \/>\n\t\t<script type=\"application\/ld+json\" class=\"aioseo-schema\">\n\t\t\t{\"@context\":\"https:\\\/\\\/schema.org\",\"@graph\":[{\"@type\":\"BreadcrumbList\",\"@id\":\"https:\\\/\\\/candas365.es\\\/noticias\\\/hoenes-reconoce-la-complejidad-economica-en-el-fichaje-de-sane\\\/#breadcrumblist\",\"itemListElement\":[{\"@type\":\"ListItem\",\"@id\":\"https:\\\/\\\/candas365.es\\\/noticias#listItem\",\"position\":1,\"name\":\"Home\",\"item\":\"https:\\\/\\\/candas365.es\\\/noticias\",\"nextItem\":{\"@type\":\"ListItem\",\"@id\":\"https:\\\/\\\/candas365.es\\\/noticias\\\/category\\\/deporte\\\/#listItem\",\"name\":\"Deporte\"}},{\"@type\":\"ListItem\",\"@id\":\"https:\\\/\\\/candas365.es\\\/noticias\\\/category\\\/deporte\\\/#listItem\",\"position\":2,\"name\":\"Deporte\",\"item\":\"https:\\\/\\\/candas365.es\\\/noticias\\\/category\\\/deporte\\\/\",\"nextItem\":{\"@type\":\"ListItem\",\"@id\":\"https:\\\/\\\/candas365.es\\\/noticias\\\/hoenes-reconoce-la-complejidad-economica-en-el-fichaje-de-sane\\\/#listItem\",\"name\":\"Hoene\\u00df reconoce la complejidad econ\\u00f3mica en el fichaje de San\\u00e9\"},\"previousItem\":{\"@type\":\"ListItem\",\"@id\":\"https:\\\/\\\/candas365.es\\\/noticias#listItem\",\"name\":\"Home\"}},{\"@type\":\"ListItem\",\"@id\":\"https:\\\/\\\/candas365.es\\\/noticias\\\/hoenes-reconoce-la-complejidad-economica-en-el-fichaje-de-sane\\\/#listItem\",\"position\":3,\"name\":\"Hoene\\u00df reconoce la complejidad econ\\u00f3mica en el fichaje de San\\u00e9\",\"previousItem\":{\"@type\":\"ListItem\",\"@id\":\"https:\\\/\\\/candas365.es\\\/noticias\\\/category\\\/deporte\\\/#listItem\",\"name\":\"Deporte\"}}]},{\"@type\":\"NewsArticle\",\"@id\":\"https:\\\/\\\/candas365.es\\\/noticias\\\/hoenes-reconoce-la-complejidad-economica-en-el-fichaje-de-sane\\\/#newsarticle\",\"name\":\"Hoene\\u00df reconoce la complejidad econ\\u00f3mica en el fichaje de San\\u00e9 | Cand\\u00e1s 365\",\"headline\":\"Hoene\\u00df reconoce la complejidad econ\\u00f3mica en el fichaje de San\\u00e9\",\"author\":{\"@id\":\"https:\\\/\\\/candas365.es\\\/noticias\\\/author\\\/admin\\\/#author\"},\"publisher\":{\"@id\":\"https:\\\/\\\/candas365.es\\\/noticias\\\/#organization\"},\"image\":{\"@type\":\"ImageObject\",\"url\":\"https:\\\/\\\/candas365.es\\\/noticias\\\/wp-content\\\/uploads\\\/2018\\\/04\\\/arena-1181668_960_720.jpg\",\"width\":960,\"height\":640},\"datePublished\":\"2019-05-29T13:30:38+02:00\",\"dateModified\":\"2019-05-29T13:30:38+02:00\",\"inLanguage\":\"es-ES\",\"mainEntityOfPage\":{\"@id\":\"https:\\\/\\\/candas365.es\\\/noticias\\\/hoenes-reconoce-la-complejidad-economica-en-el-fichaje-de-sane\\\/#webpage\"},\"isPartOf\":{\"@id\":\"https:\\\/\\\/candas365.es\\\/noticias\\\/hoenes-reconoce-la-complejidad-economica-en-el-fichaje-de-sane\\\/#webpage\"},\"articleSection\":\"Deporte\",\"dateline\":\"Publicado el mayo 29, 2019.\"},{\"@type\":\"Organization\",\"@id\":\"https:\\\/\\\/candas365.es\\\/noticias\\\/#organization\",\"name\":\"Cand\\u00e1s 365\",\"description\":\"Cand\\u00e1s 365 es un diario digital independiente, fundado en 2012, con base en Asturias. Informamos con rigor sobre actualidad, sociedad, cultura y ocio, con una mirada local y global.\",\"url\":\"https:\\\/\\\/candas365.es\\\/noticias\\\/\",\"email\":\"info@candas365.es\",\"telephone\":\"+34652131393\",\"foundingDate\":\"2012-06-10\",\"logo\":{\"@type\":\"ImageObject\",\"url\":\"https:\\\/\\\/candas365.es\\\/noticias\\\/wp-content\\\/uploads\\\/2024\\\/09\\\/Candas-365-Redes.jpg\",\"@id\":\"https:\\\/\\\/candas365.es\\\/noticias\\\/hoenes-reconoce-la-complejidad-economica-en-el-fichaje-de-sane\\\/#organizationLogo\",\"width\":1152,\"height\":864,\"caption\":\"Cand\\u00e1s 365 Redes\"},\"image\":{\"@id\":\"https:\\\/\\\/candas365.es\\\/noticias\\\/hoenes-reconoce-la-complejidad-economica-en-el-fichaje-de-sane\\\/#organizationLogo\"},\"sameAs\":[\"https:\\\/\\\/www.facebook.com\\\/Nachofdezber\",\"https:\\\/\\\/x.com\\\/NabercoDigital\",\"https:\\\/\\\/www.instagram.com\\\/nachofdezber\\\/\",\"https:\\\/\\\/www.youtube.com\\\/channel\\\/UCZP-2wLEB9Rv6erhFmqVnvg\"],\"address\":{\"@id\":\"https:\\\/\\\/candas365.es\\\/noticias\\\/#postaladdress\",\"@type\":\"PostalAddress\",\"streetAddress\":\"san antonio 4, san antonio 4\",\"postalCode\":\"33430\",\"addressLocality\":\"Cand\\u00e1s\",\"addressRegion\":\"Asturias\",\"addressCountry\":\"ES\"}},{\"@type\":\"Person\",\"@id\":\"https:\\\/\\\/candas365.es\\\/noticias\\\/author\\\/admin\\\/#author\",\"url\":\"https:\\\/\\\/candas365.es\\\/noticias\\\/author\\\/admin\\\/\",\"name\":\"Cand\\u00e1s 365\",\"image\":{\"@type\":\"ImageObject\",\"@id\":\"https:\\\/\\\/candas365.es\\\/noticias\\\/hoenes-reconoce-la-complejidad-economica-en-el-fichaje-de-sane\\\/#authorImage\",\"url\":\"https:\\\/\\\/secure.gravatar.com\\\/avatar\\\/496a8e03d0c493ede1718b7934145dbdf8d89be1036b0eec9544e1094c9de390?s=96&d=mm&r=g\",\"width\":96,\"height\":96,\"caption\":\"Cand\\u00e1s 365\"},\"sameAs\":[\"https:\\\/\\\/www.facebook.com\\\/carrenoactualidad\",\"https:\\\/\\\/twitter.com\\\/nbasturias\",\"https:\\\/\\\/www.instagram.com\\\/nachofdezber\\\/\",\"https:\\\/\\\/www.youtube.com\\\/channel\\\/UCZP-2wLEB9Rv6erhFmqVnvg\"]},{\"@type\":\"WebPage\",\"@id\":\"https:\\\/\\\/candas365.es\\\/noticias\\\/hoenes-reconoce-la-complejidad-economica-en-el-fichaje-de-sane\\\/#webpage\",\"url\":\"https:\\\/\\\/candas365.es\\\/noticias\\\/hoenes-reconoce-la-complejidad-economica-en-el-fichaje-de-sane\\\/\",\"name\":\"Hoene\\u00df reconoce la complejidad econ\\u00f3mica en el fichaje de San\\u00e9 | Cand\\u00e1s 365\",\"description\":\"M\\u00fanich, 29 may (dpa) - El Bayern M\\u00fanich reconoci\\u00f3 el desaf\\u00edo que supone la contrataci\\u00f3n del internacional alem\\u00e1n Leroy San\\u00e9, indic\\u00f3 el presidente del club b\\u00e1varo, Uli Hoene\\u00df, a la edici\\u00f3n de hoy de la revista \\\"Sport Bild\\\". \\\"No tengo cifras exactas todav\\u00eda, pero creo que el marco financiero ser\\u00e1 muy dif\\u00edcil\\\", dijo Hoene\\u00df. \\\"Todo\",\"inLanguage\":\"es-ES\",\"isPartOf\":{\"@id\":\"https:\\\/\\\/candas365.es\\\/noticias\\\/#website\"},\"breadcrumb\":{\"@id\":\"https:\\\/\\\/candas365.es\\\/noticias\\\/hoenes-reconoce-la-complejidad-economica-en-el-fichaje-de-sane\\\/#breadcrumblist\"},\"author\":{\"@id\":\"https:\\\/\\\/candas365.es\\\/noticias\\\/author\\\/admin\\\/#author\"},\"creator\":{\"@id\":\"https:\\\/\\\/candas365.es\\\/noticias\\\/author\\\/admin\\\/#author\"},\"image\":{\"@type\":\"ImageObject\",\"url\":\"https:\\\/\\\/candas365.es\\\/noticias\\\/wp-content\\\/uploads\\\/2018\\\/04\\\/arena-1181668_960_720.jpg\",\"@id\":\"https:\\\/\\\/candas365.es\\\/noticias\\\/hoenes-reconoce-la-complejidad-economica-en-el-fichaje-de-sane\\\/#mainImage\",\"width\":960,\"height\":640},\"primaryImageOfPage\":{\"@id\":\"https:\\\/\\\/candas365.es\\\/noticias\\\/hoenes-reconoce-la-complejidad-economica-en-el-fichaje-de-sane\\\/#mainImage\"},\"datePublished\":\"2019-05-29T13:30:38+02:00\",\"dateModified\":\"2019-05-29T13:30:38+02:00\"},{\"@type\":\"WebSite\",\"@id\":\"https:\\\/\\\/candas365.es\\\/noticias\\\/#website\",\"url\":\"https:\\\/\\\/candas365.es\\\/noticias\\\/\",\"name\":\"Cand\\u00e1s 365\",\"alternateName\":\"Cand\\u00e1s 365 Noticias\",\"description\":\"Actualidad desde Carre\\u00f1o para el mundo\",\"inLanguage\":\"es-ES\",\"publisher\":{\"@id\":\"https:\\\/\\\/candas365.es\\\/noticias\\\/#organization\"}}]}\n\t\t<\/script>\n\t\t<!-- All in One SEO Pro -->\r\n\t\t<title>Hoene\u00df reconoce la complejidad econ\u00f3mica en el fichaje de San\u00e9 | Cand\u00e1s 365<\/title>\n\n","aioseo_head_json":{"title":"Hoene\u00df reconoce la complejidad econ\u00f3mica en el fichaje de San\u00e9 | Cand\u00e1s 365","description":"M\u00fanich, 29 may (dpa) - El Bayern M\u00fanich reconoci\u00f3 el desaf\u00edo que supone la contrataci\u00f3n del internacional alem\u00e1n Leroy San\u00e9, indic\u00f3 el presidente del club b\u00e1varo, Uli Hoene\u00df, a la edici\u00f3n de hoy de la revista \"Sport Bild\". \"No tengo cifras exactas todav\u00eda, pero creo que el marco financiero ser\u00e1 muy dif\u00edcil\", dijo Hoene\u00df. \"Todo","canonical_url":"https:\/\/candas365.es\/noticias\/hoenes-reconoce-la-complejidad-economica-en-el-fichaje-de-sane\/","robots":"max-image-preview:large","keywords":"deporte","webmasterTools":{"google-site-verification":"UA-32230408-1","msvalidate.01":"354F3CDFB2DA171B47FBE9ABF1F88D5","miscellaneous":""},"schema":{"@context":"https:\/\/schema.org","@graph":[{"@type":"BreadcrumbList","@id":"https:\/\/candas365.es\/noticias\/hoenes-reconoce-la-complejidad-economica-en-el-fichaje-de-sane\/#breadcrumblist","itemListElement":[{"@type":"ListItem","@id":"https:\/\/candas365.es\/noticias#listItem","position":1,"name":"Home","item":"https:\/\/candas365.es\/noticias","nextItem":{"@type":"ListItem","@id":"https:\/\/candas365.es\/noticias\/category\/deporte\/#listItem","name":"Deporte"}},{"@type":"ListItem","@id":"https:\/\/candas365.es\/noticias\/category\/deporte\/#listItem","position":2,"name":"Deporte","item":"https:\/\/candas365.es\/noticias\/category\/deporte\/","nextItem":{"@type":"ListItem","@id":"https:\/\/candas365.es\/noticias\/hoenes-reconoce-la-complejidad-economica-en-el-fichaje-de-sane\/#listItem","name":"Hoene\u00df reconoce la complejidad econ\u00f3mica en el fichaje de San\u00e9"},"previousItem":{"@type":"ListItem","@id":"https:\/\/candas365.es\/noticias#listItem","name":"Home"}},{"@type":"ListItem","@id":"https:\/\/candas365.es\/noticias\/hoenes-reconoce-la-complejidad-economica-en-el-fichaje-de-sane\/#listItem","position":3,"name":"Hoene\u00df reconoce la complejidad econ\u00f3mica en el fichaje de San\u00e9","previousItem":{"@type":"ListItem","@id":"https:\/\/candas365.es\/noticias\/category\/deporte\/#listItem","name":"Deporte"}}]},{"@type":"NewsArticle","@id":"https:\/\/candas365.es\/noticias\/hoenes-reconoce-la-complejidad-economica-en-el-fichaje-de-sane\/#newsarticle","name":"Hoene\u00df reconoce la complejidad econ\u00f3mica en el fichaje de San\u00e9 | Cand\u00e1s 365","headline":"Hoene\u00df reconoce la complejidad econ\u00f3mica en el fichaje de San\u00e9","author":{"@id":"https:\/\/candas365.es\/noticias\/author\/admin\/#author"},"publisher":{"@id":"https:\/\/candas365.es\/noticias\/#organization"},"image":{"@type":"ImageObject","url":"https:\/\/candas365.es\/noticias\/wp-content\/uploads\/2018\/04\/arena-1181668_960_720.jpg","width":960,"height":640},"datePublished":"2019-05-29T13:30:38+02:00","dateModified":"2019-05-29T13:30:38+02:00","inLanguage":"es-ES","mainEntityOfPage":{"@id":"https:\/\/candas365.es\/noticias\/hoenes-reconoce-la-complejidad-economica-en-el-fichaje-de-sane\/#webpage"},"isPartOf":{"@id":"https:\/\/candas365.es\/noticias\/hoenes-reconoce-la-complejidad-economica-en-el-fichaje-de-sane\/#webpage"},"articleSection":"Deporte","dateline":"Publicado el mayo 29, 2019."},{"@type":"Organization","@id":"https:\/\/candas365.es\/noticias\/#organization","name":"Cand\u00e1s 365","description":"Cand\u00e1s 365 es un diario digital independiente, fundado en 2012, con base en Asturias. Informamos con rigor sobre actualidad, sociedad, cultura y ocio, con una mirada local y global.","url":"https:\/\/candas365.es\/noticias\/","email":"info@candas365.es","telephone":"+34652131393","foundingDate":"2012-06-10","logo":{"@type":"ImageObject","url":"https:\/\/candas365.es\/noticias\/wp-content\/uploads\/2024\/09\/Candas-365-Redes.jpg","@id":"https:\/\/candas365.es\/noticias\/hoenes-reconoce-la-complejidad-economica-en-el-fichaje-de-sane\/#organizationLogo","width":1152,"height":864,"caption":"Cand\u00e1s 365 Redes"},"image":{"@id":"https:\/\/candas365.es\/noticias\/hoenes-reconoce-la-complejidad-economica-en-el-fichaje-de-sane\/#organizationLogo"},"sameAs":["https:\/\/www.facebook.com\/Nachofdezber","https:\/\/x.com\/NabercoDigital","https:\/\/www.instagram.com\/nachofdezber\/","https:\/\/www.youtube.com\/channel\/UCZP-2wLEB9Rv6erhFmqVnvg"],"address":{"@id":"https:\/\/candas365.es\/noticias\/#postaladdress","@type":"PostalAddress","streetAddress":"san antonio 4, san antonio 4","postalCode":"33430","addressLocality":"Cand\u00e1s","addressRegion":"Asturias","addressCountry":"ES"}},{"@type":"Person","@id":"https:\/\/candas365.es\/noticias\/author\/admin\/#author","url":"https:\/\/candas365.es\/noticias\/author\/admin\/","name":"Cand\u00e1s 365","image":{"@type":"ImageObject","@id":"https:\/\/candas365.es\/noticias\/hoenes-reconoce-la-complejidad-economica-en-el-fichaje-de-sane\/#authorImage","url":"https:\/\/secure.gravatar.com\/avatar\/496a8e03d0c493ede1718b7934145dbdf8d89be1036b0eec9544e1094c9de390?s=96&d=mm&r=g","width":96,"height":96,"caption":"Cand\u00e1s 365"},"sameAs":["https:\/\/www.facebook.com\/carrenoactualidad","https:\/\/twitter.com\/nbasturias","https:\/\/www.instagram.com\/nachofdezber\/","https:\/\/www.youtube.com\/channel\/UCZP-2wLEB9Rv6erhFmqVnvg"]},{"@type":"WebPage","@id":"https:\/\/candas365.es\/noticias\/hoenes-reconoce-la-complejidad-economica-en-el-fichaje-de-sane\/#webpage","url":"https:\/\/candas365.es\/noticias\/hoenes-reconoce-la-complejidad-economica-en-el-fichaje-de-sane\/","name":"Hoene\u00df reconoce la complejidad econ\u00f3mica en el fichaje de San\u00e9 | Cand\u00e1s 365","description":"M\u00fanich, 29 may (dpa) - El Bayern M\u00fanich reconoci\u00f3 el desaf\u00edo que supone la contrataci\u00f3n del internacional alem\u00e1n Leroy San\u00e9, indic\u00f3 el presidente del club b\u00e1varo, Uli Hoene\u00df, a la edici\u00f3n de hoy de la revista \"Sport Bild\". \"No tengo cifras exactas todav\u00eda, pero creo que el marco financiero ser\u00e1 muy dif\u00edcil\", dijo Hoene\u00df. \"Todo","inLanguage":"es-ES","isPartOf":{"@id":"https:\/\/candas365.es\/noticias\/#website"},"breadcrumb":{"@id":"https:\/\/candas365.es\/noticias\/hoenes-reconoce-la-complejidad-economica-en-el-fichaje-de-sane\/#breadcrumblist"},"author":{"@id":"https:\/\/candas365.es\/noticias\/author\/admin\/#author"},"creator":{"@id":"https:\/\/candas365.es\/noticias\/author\/admin\/#author"},"image":{"@type":"ImageObject","url":"https:\/\/candas365.es\/noticias\/wp-content\/uploads\/2018\/04\/arena-1181668_960_720.jpg","@id":"https:\/\/candas365.es\/noticias\/hoenes-reconoce-la-complejidad-economica-en-el-fichaje-de-sane\/#mainImage","width":960,"height":640},"primaryImageOfPage":{"@id":"https:\/\/candas365.es\/noticias\/hoenes-reconoce-la-complejidad-economica-en-el-fichaje-de-sane\/#mainImage"},"datePublished":"2019-05-29T13:30:38+02:00","dateModified":"2019-05-29T13:30:38+02:00"},{"@type":"WebSite","@id":"https:\/\/candas365.es\/noticias\/#website","url":"https:\/\/candas365.es\/noticias\/","name":"Cand\u00e1s 365","alternateName":"Cand\u00e1s 365 Noticias","description":"Actualidad desde Carre\u00f1o para el mundo","inLanguage":"es-ES","publisher":{"@id":"https:\/\/candas365.es\/noticias\/#organization"}}]},"og:locale":"es_ES","og:site_name":"Cand\u00e1s 365","og:type":"article","og:title":"Hoene\u00df reconoce la complejidad econ\u00f3mica en el fichaje de San\u00e9 | Cand\u00e1s 365","og:description":"M\u00fanich, 29 may (dpa) - El Bayern M\u00fanich reconoci\u00f3 el desaf\u00edo que supone la contrataci\u00f3n del internacional alem\u00e1n Leroy San\u00e9, indic\u00f3 el presidente del club b\u00e1varo, Uli Hoene\u00df, a la edici\u00f3n de hoy de la revista &quot;Sport Bild&quot;. &quot;No tengo cifras exactas todav\u00eda, pero creo que el marco financiero ser\u00e1 muy dif\u00edcil&quot;, dijo Hoene\u00df. &quot;Todo","og:url":"https:\/\/candas365.es\/noticias\/hoenes-reconoce-la-complejidad-economica-en-el-fichaje-de-sane\/","og:image":"https:\/\/candas365.es\/noticias\/wp-content\/uploads\/2018\/04\/arena-1181668_960_720.jpg","og:image:secure_url":"https:\/\/candas365.es\/noticias\/wp-content\/uploads\/2018\/04\/arena-1181668_960_720.jpg","og:image:width":960,"og:image:height":640,"article:published_time":"2019-05-29T13:30:38+00:00","article:modified_time":"2019-05-29T13:30:38+00:00","article:publisher":"https:\/\/www.facebook.com\/Nachofdezber","article:author":"https:\/\/www.facebook.com\/carrenoactualidad","twitter:card":"summary_large_image","twitter:site":"@NabercoDigital","twitter:title":"Hoene\u00df reconoce la complejidad econ\u00f3mica en el fichaje de San\u00e9 | Cand\u00e1s 365","twitter:description":"M\u00fanich, 29 may (dpa) - El Bayern M\u00fanich reconoci\u00f3 el desaf\u00edo que supone la contrataci\u00f3n del internacional alem\u00e1n Leroy San\u00e9, indic\u00f3 el presidente del club b\u00e1varo, Uli Hoene\u00df, a la edici\u00f3n de hoy de la revista &quot;Sport Bild&quot;. &quot;No tengo cifras exactas todav\u00eda, pero creo que el marco financiero ser\u00e1 muy dif\u00edcil&quot;, dijo Hoene\u00df. &quot;Todo","twitter:creator":"@nbasturias","twitter:image":"https:\/\/candas365.es\/noticias\/wp-content\/uploads\/2018\/04\/arena-1181668_960_720.jpg","twitter:label1":"Escrito por","twitter:data1":"Cand\u00e1s 365","twitter:label2":"Tiempo de lectura estimado","twitter:data2":"1 minuto"},"aioseo_meta_data":{"post_id":"123382","title":null,"description":null,"keywords":null,"keyphrases":null,"primary_term":null,"canonical_url":null,"og_title":null,"og_description":null,"og_object_type":"default","og_image_type":"default","og_image_url":null,"og_image_width":null,"og_image_height":null,"og_image_custom_url":null,"og_image_custom_fields":null,"og_video":null,"og_custom_url":null,"og_article_section":null,"og_article_tags":null,"twitter_use_og":false,"twitter_card":"default","twitter_image_type":"default","twitter_image_url":null,"twitter_image_custom_url":null,"twitter_image_custom_fields":null,"twitter_title":null,"twitter_description":null,"schema":{"blockGraphs":[],"customGraphs":[],"default":{"data":{"Article":[],"Course":[],"Dataset":[],"FAQPage":[],"Movie":[],"Person":[],"Product":[],"ProductReview":[],"Car":[],"Recipe":[],"Service":[],"SoftwareApplication":[],"WebPage":[]},"graphName":"","isEnabled":true},"graphs":[],"defaultGraph":"","defaultPostTypeGraph":""},"schema_type":null,"schema_type_options":null,"pillar_content":false,"robots_default":true,"robots_noindex":false,"robots_noarchive":false,"robots_nosnippet":false,"robots_nofollow":false,"robots_noimageindex":false,"robots_noodp":false,"robots_notranslate":false,"robots_max_snippet":null,"robots_max_videopreview":null,"robots_max_imagepreview":"large","priority":null,"frequency":null,"location":null,"local_seo":null,"seo_analyzer_scan_date":"2025-08-30 00:56:12","breadcrumb_settings":null,"limit_modified_date":false,"reviewed_by":null,"open_ai":null,"ai":null,"created":"2020-12-21 10:56:59","updated":"2025-08-30 00:56:12"},"aioseo_breadcrumb":"<div class=\"aioseo-breadcrumbs\"><span class=\"aioseo-breadcrumb\">\n\t<a href=\"https:\/\/candas365.es\/noticias\" title=\"Home\">Home<\/a>\n<\/span><span class=\"aioseo-breadcrumb-separator\">&ndash;<\/span><span class=\"aioseo-breadcrumb\">\n\t<a href=\"https:\/\/candas365.es\/noticias\/category\/deporte\/\" title=\"Deporte\">Deporte<\/a>\n<\/span><span class=\"aioseo-breadcrumb-separator\">&ndash;<\/span><span class=\"aioseo-breadcrumb\">\n\tHoene\u00df reconoce la complejidad econ\u00f3mica en el fichaje de San\u00e9\n<\/span><\/div>","aioseo_breadcrumb_json":[{"label":"Home","link":"https:\/\/candas365.es\/noticias"},{"label":"Deporte","link":"https:\/\/candas365.es\/noticias\/category\/deporte\/"},{"label":"Hoene\u00df reconoce la complejidad econ\u00f3mica en el fichaje de San\u00e9","link":"https:\/\/candas365.es\/noticias\/hoenes-reconoce-la-complejidad-economica-en-el-fichaje-de-sane\/"}],"_links":{"self":[{"href":"https:\/\/candas365.es\/noticias\/wp-json\/wp\/v2\/posts\/123382","targetHints":{"allow":["GET"]}}],"collection":[{"href":"https:\/\/candas365.es\/noticias\/wp-json\/wp\/v2\/posts"}],"about":[{"href":"https:\/\/candas365.es\/noticias\/wp-json\/wp\/v2\/types\/post"}],"author":[{"embeddable":true,"href":"https:\/\/candas365.es\/noticias\/wp-json\/wp\/v2\/users\/1"}],"replies":[{"embeddable":true,"href":"https:\/\/candas365.es\/noticias\/wp-json\/wp\/v2\/comments?post=123382"}],"version-history":[{"count":0,"href":"https:\/\/candas365.es\/noticias\/wp-json\/wp\/v2\/posts\/123382\/revisions"}],"wp:featuredmedia":[{"embeddable":true,"href":"https:\/\/candas365.es\/noticias\/wp-json\/wp\/v2\/media\/94574"}],"wp:attachment":[{"href":"https:\/\/candas365.es\/noticias\/wp-json\/wp\/v2\/media?parent=123382"}],"wp:term":[{"taxonomy":"category","embeddable":true,"href":"https:\/\/candas365.es\/noticias\/wp-json\/wp\/v2\/categories?post=123382"},{"taxonomy":"post_tag","embeddable":true,"href":"https:\/\/candas365.es\/noticias\/wp-json\/wp\/v2\/tags?post=123382"}],"curies":[{"name":"wp","href":"https:\/\/api.w.org\/{rel}","templated":true}]}}