{"id":123380,"date":"2019-05-29T12:48:46","date_gmt":"2019-05-29T12:48:46","guid":{"rendered":"http:\/\/candas365.es\/noticias\/?p=123380"},"modified":"2019-05-29T12:48:46","modified_gmt":"2019-05-29T12:48:46","slug":"nagelsmann-quiere-titulos-con-el-leipzig-en-los-proximos-cuatro-anos","status":"publish","type":"post","link":"https:\/\/candas365.es\/noticias\/nagelsmann-quiere-titulos-con-el-leipzig-en-los-proximos-cuatro-anos\/","title":{"rendered":"Nagelsmann quiere t\u00edtulos con el Leipzig en los pr\u00f3ximos cuatro a\u00f1os"},"content":{"rendered":"<p><img fetchpriority=\"high\" decoding=\"async\" class=\"alignleft size-medium wp-image-92011\" src=\"https:\/\/candas365.es\/noticias\/wp-content\/uploads\/2018\/03\/woman-638384_1280-360x239.jpg\" alt=\"\" width=\"360\" height=\"239\" srcset=\"https:\/\/candas365.es\/noticias\/wp-content\/uploads\/2018\/03\/woman-638384_1280-360x239.jpg 360w, https:\/\/candas365.es\/noticias\/wp-content\/uploads\/2018\/03\/woman-638384_1280-696x462.jpg 696w, https:\/\/candas365.es\/noticias\/wp-content\/uploads\/2018\/03\/woman-638384_1280-1068x709.jpg 1068w, https:\/\/candas365.es\/noticias\/wp-content\/uploads\/2018\/03\/woman-638384_1280-632x420.jpg 632w, https:\/\/candas365.es\/noticias\/wp-content\/uploads\/2018\/03\/woman-638384_1280-768x510.jpg 768w, https:\/\/candas365.es\/noticias\/wp-content\/uploads\/2018\/03\/woman-638384_1280-655x435.jpg 655w, https:\/\/candas365.es\/noticias\/wp-content\/uploads\/2018\/03\/woman-638384_1280.jpg 1280w\" sizes=\"(max-width: 360px) 100vw, 360px\" \/>Leipzig (Alemania), 29 may (dpa) &#8211; El joven entrenador alem\u00e1n Julian Nagelsmann asumir\u00e1 el 1 de julio su cargo al frente del finalista de la Copa Alemana Leipzig con mucha ambici\u00f3n, como se\u00f1al\u00f3 el t\u00e9cnico en una entrevista con la revista \u00abSport Bild\u00bb publicada hoy.<\/p>\n<p>\u00abBueno, en principio es un objetivo ganar un t\u00edtulo en los cuatro a\u00f1os\u00bb, afirm\u00f3 Nagelsmann. Si no tuviera \u00e9xito en su prop\u00f3sito, buscar\u00eda un club con el que conseguir un t\u00edtulo sea posible, a\u00f1adi\u00f3.<\/p>\n<p>\u00abPero si no logro un t\u00edtulo con el Leipzig, entonces tal vez ning\u00fan otro equipo me quiera\u00bb, dijo.<\/p>\n<p>A Nagelsmann le gustar\u00eda ganar la Copa Alemana con el Leipzig, indic\u00f3 en la entrevista, ya que no lo pudo hacer con el Hoffenheim. El entrenador aspira tambi\u00e9n a superar la fase de grupos de la Liga de Campeones con su nuevo club, subray\u00f3 Nagelsmann, lo que tampoco pudo culminar con su ex equipo.<\/p>\n<p>El Leipzig termin\u00f3 tercero en la Bundesliga alemana y disputar\u00e1 la Liga de Campeones la pr\u00f3xima campa\u00f1a. El club del este de Alemania logr\u00f3 clasificarse para una competencia internacional por tercera vez consecutiva desde su ascenso a la m\u00e1xima categor\u00eda del f\u00fatbol germano en el verano de 2016.<\/p>\n<p>Nagelsmann, de 31 a\u00f1os, deja el Hoffenheim y sustituir\u00e1 a Ralf Rangnick en el banco del Leipzig. Rangnick, de 60 a\u00f1os, volver\u00e1 -despu\u00e9s de una temporada ejerciendo un doble rol- nuevamente a ser director deportivo del conjunto alem\u00e1n.<\/p>\n","protected":false},"excerpt":{"rendered":"<p>Leipzig (Alemania), 29 may (dpa) &#8211; El joven entrenador alem\u00e1n Julian Nagelsmann asumir\u00e1 el 1 de julio su cargo al frente del finalista de la Copa Alemana Leipzig con mucha ambici\u00f3n, como se\u00f1al\u00f3 el t\u00e9cnico en una entrevista con la revista \u00abSport Bild\u00bb publicada hoy. \u00abBueno, en principio es un objetivo ganar un t\u00edtulo en<\/p>\n","protected":false},"author":1,"featured_media":92011,"comment_status":"closed","ping_status":"closed","sticky":false,"template":"","format":"standard","meta":{"footnotes":""},"categories":[319],"tags":[],"class_list":{"0":"post-123380","1":"post","2":"type-post","3":"status-publish","4":"format-standard","5":"has-post-thumbnail","7":"category-deporte"},"aioseo_notices":[],"aioseo_head":"\n\t\t<!-- All in One SEO Pro 4.9.6.2 - aioseo.com -->\n\t<meta name=\"description\" content=\"Leipzig (Alemania), 29 may (dpa) - El joven entrenador alem\u00e1n Julian Nagelsmann asumir\u00e1 el 1 de julio su cargo al frente del finalista de la Copa Alemana Leipzig con mucha ambici\u00f3n, como se\u00f1al\u00f3 el t\u00e9cnico en una entrevista con la revista &quot;Sport Bild&quot; publicada hoy. &quot;Bueno, en principio es un objetivo ganar un t\u00edtulo en\" \/>\n\t<meta name=\"robots\" content=\"max-image-preview:large\" \/>\n\t<meta name=\"author\" content=\"Cand\u00e1s 365\"\/>\n\t<meta name=\"google-site-verification\" content=\"UA-32230408-1\" \/>\n\t<meta name=\"msvalidate.01\" content=\"354F3CDFB2DA171B47FBE9ABF1F88D5\" \/>\n\t<meta name=\"keywords\" content=\"deporte\" \/>\n\t<link rel=\"canonical\" href=\"https:\/\/candas365.es\/noticias\/nagelsmann-quiere-titulos-con-el-leipzig-en-los-proximos-cuatro-anos\/\" \/>\n\t<meta name=\"generator\" content=\"All in One SEO Pro (AIOSEO) 4.9.6.2\" \/>\n\t\t<meta property=\"og:locale\" content=\"es_ES\" \/>\n\t\t<meta property=\"og:site_name\" content=\"Cand\u00e1s 365\" \/>\n\t\t<meta property=\"og:type\" content=\"article\" \/>\n\t\t<meta property=\"og:title\" content=\"Nagelsmann quiere t\u00edtulos con el Leipzig en los pr\u00f3ximos cuatro a\u00f1os | Cand\u00e1s 365\" \/>\n\t\t<meta property=\"og:description\" content=\"Leipzig (Alemania), 29 may (dpa) - El joven entrenador alem\u00e1n Julian Nagelsmann asumir\u00e1 el 1 de julio su cargo al frente del finalista de la Copa Alemana Leipzig con mucha ambici\u00f3n, como se\u00f1al\u00f3 el t\u00e9cnico en una entrevista con la revista &quot;Sport Bild&quot; publicada hoy. &quot;Bueno, en principio es un objetivo ganar un t\u00edtulo en\" \/>\n\t\t<meta property=\"og:url\" content=\"https:\/\/candas365.es\/noticias\/nagelsmann-quiere-titulos-con-el-leipzig-en-los-proximos-cuatro-anos\/\" \/>\n\t\t<meta property=\"og:image\" content=\"https:\/\/candas365.es\/noticias\/wp-content\/uploads\/2018\/03\/woman-638384_1280.jpg\" \/>\n\t\t<meta property=\"og:image:secure_url\" content=\"https:\/\/candas365.es\/noticias\/wp-content\/uploads\/2018\/03\/woman-638384_1280.jpg\" \/>\n\t\t<meta property=\"og:image:width\" content=\"1280\" \/>\n\t\t<meta property=\"og:image:height\" content=\"850\" \/>\n\t\t<meta property=\"article:published_time\" content=\"2019-05-29T12:48:46+00:00\" \/>\n\t\t<meta property=\"article:modified_time\" content=\"2019-05-29T12:48:46+00:00\" \/>\n\t\t<meta property=\"article:publisher\" content=\"https:\/\/www.facebook.com\/Nachofdezber\" \/>\n\t\t<meta property=\"article:author\" content=\"https:\/\/www.facebook.com\/carrenoactualidad\" \/>\n\t\t<meta name=\"twitter:card\" content=\"summary_large_image\" \/>\n\t\t<meta name=\"twitter:site\" content=\"@NabercoDigital\" \/>\n\t\t<meta name=\"twitter:title\" content=\"Nagelsmann quiere t\u00edtulos con el Leipzig en los pr\u00f3ximos cuatro a\u00f1os | Cand\u00e1s 365\" \/>\n\t\t<meta name=\"twitter:description\" content=\"Leipzig (Alemania), 29 may (dpa) - El joven entrenador alem\u00e1n Julian Nagelsmann asumir\u00e1 el 1 de julio su cargo al frente del finalista de la Copa Alemana Leipzig con mucha ambici\u00f3n, como se\u00f1al\u00f3 el t\u00e9cnico en una entrevista con la revista &quot;Sport Bild&quot; publicada hoy. &quot;Bueno, en principio es un objetivo ganar un t\u00edtulo en\" \/>\n\t\t<meta name=\"twitter:creator\" content=\"@nbasturias\" \/>\n\t\t<meta name=\"twitter:image\" content=\"https:\/\/candas365.es\/noticias\/wp-content\/uploads\/2018\/03\/woman-638384_1280.jpg\" \/>\n\t\t<meta name=\"twitter:label1\" content=\"Escrito por\" \/>\n\t\t<meta name=\"twitter:data1\" content=\"Cand\u00e1s 365\" \/>\n\t\t<meta name=\"twitter:label2\" content=\"Tiempo de lectura estimado\" \/>\n\t\t<meta name=\"twitter:data2\" content=\"1 minuto\" \/>\n\t\t<script type=\"application\/ld+json\" class=\"aioseo-schema\">\n\t\t\t{\"@context\":\"https:\\\/\\\/schema.org\",\"@graph\":[{\"@type\":\"BreadcrumbList\",\"@id\":\"https:\\\/\\\/candas365.es\\\/noticias\\\/nagelsmann-quiere-titulos-con-el-leipzig-en-los-proximos-cuatro-anos\\\/#breadcrumblist\",\"itemListElement\":[{\"@type\":\"ListItem\",\"@id\":\"https:\\\/\\\/candas365.es\\\/noticias#listItem\",\"position\":1,\"name\":\"Home\",\"item\":\"https:\\\/\\\/candas365.es\\\/noticias\",\"nextItem\":{\"@type\":\"ListItem\",\"@id\":\"https:\\\/\\\/candas365.es\\\/noticias\\\/category\\\/deporte\\\/#listItem\",\"name\":\"Deporte\"}},{\"@type\":\"ListItem\",\"@id\":\"https:\\\/\\\/candas365.es\\\/noticias\\\/category\\\/deporte\\\/#listItem\",\"position\":2,\"name\":\"Deporte\",\"item\":\"https:\\\/\\\/candas365.es\\\/noticias\\\/category\\\/deporte\\\/\",\"nextItem\":{\"@type\":\"ListItem\",\"@id\":\"https:\\\/\\\/candas365.es\\\/noticias\\\/nagelsmann-quiere-titulos-con-el-leipzig-en-los-proximos-cuatro-anos\\\/#listItem\",\"name\":\"Nagelsmann quiere t\\u00edtulos con el Leipzig en los pr\\u00f3ximos cuatro a\\u00f1os\"},\"previousItem\":{\"@type\":\"ListItem\",\"@id\":\"https:\\\/\\\/candas365.es\\\/noticias#listItem\",\"name\":\"Home\"}},{\"@type\":\"ListItem\",\"@id\":\"https:\\\/\\\/candas365.es\\\/noticias\\\/nagelsmann-quiere-titulos-con-el-leipzig-en-los-proximos-cuatro-anos\\\/#listItem\",\"position\":3,\"name\":\"Nagelsmann quiere t\\u00edtulos con el Leipzig en los pr\\u00f3ximos cuatro a\\u00f1os\",\"previousItem\":{\"@type\":\"ListItem\",\"@id\":\"https:\\\/\\\/candas365.es\\\/noticias\\\/category\\\/deporte\\\/#listItem\",\"name\":\"Deporte\"}}]},{\"@type\":\"NewsArticle\",\"@id\":\"https:\\\/\\\/candas365.es\\\/noticias\\\/nagelsmann-quiere-titulos-con-el-leipzig-en-los-proximos-cuatro-anos\\\/#newsarticle\",\"name\":\"Nagelsmann quiere t\\u00edtulos con el Leipzig en los pr\\u00f3ximos cuatro a\\u00f1os | Cand\\u00e1s 365\",\"headline\":\"Nagelsmann quiere t\\u00edtulos con el Leipzig en los pr\\u00f3ximos cuatro a\\u00f1os\",\"author\":{\"@id\":\"https:\\\/\\\/candas365.es\\\/noticias\\\/author\\\/admin\\\/#author\"},\"publisher\":{\"@id\":\"https:\\\/\\\/candas365.es\\\/noticias\\\/#organization\"},\"image\":{\"@type\":\"ImageObject\",\"url\":\"https:\\\/\\\/candas365.es\\\/noticias\\\/wp-content\\\/uploads\\\/2018\\\/03\\\/woman-638384_1280.jpg\",\"width\":1280,\"height\":850},\"datePublished\":\"2019-05-29T12:48:46+02:00\",\"dateModified\":\"2019-05-29T12:48:46+02:00\",\"inLanguage\":\"es-ES\",\"mainEntityOfPage\":{\"@id\":\"https:\\\/\\\/candas365.es\\\/noticias\\\/nagelsmann-quiere-titulos-con-el-leipzig-en-los-proximos-cuatro-anos\\\/#webpage\"},\"isPartOf\":{\"@id\":\"https:\\\/\\\/candas365.es\\\/noticias\\\/nagelsmann-quiere-titulos-con-el-leipzig-en-los-proximos-cuatro-anos\\\/#webpage\"},\"articleSection\":\"Deporte\",\"dateline\":\"Publicado el mayo 29, 2019.\"},{\"@type\":\"Organization\",\"@id\":\"https:\\\/\\\/candas365.es\\\/noticias\\\/#organization\",\"name\":\"Cand\\u00e1s 365\",\"description\":\"Cand\\u00e1s 365 es un diario digital independiente, fundado en 2012, con base en Asturias. Informamos con rigor sobre actualidad, sociedad, cultura y ocio, con una mirada local y global.\",\"url\":\"https:\\\/\\\/candas365.es\\\/noticias\\\/\",\"email\":\"info@candas365.es\",\"telephone\":\"+34652131393\",\"foundingDate\":\"2012-06-10\",\"logo\":{\"@type\":\"ImageObject\",\"url\":\"https:\\\/\\\/candas365.es\\\/noticias\\\/wp-content\\\/uploads\\\/2024\\\/09\\\/Candas-365-Redes.jpg\",\"@id\":\"https:\\\/\\\/candas365.es\\\/noticias\\\/nagelsmann-quiere-titulos-con-el-leipzig-en-los-proximos-cuatro-anos\\\/#organizationLogo\",\"width\":1152,\"height\":864,\"caption\":\"Cand\\u00e1s 365 Redes\"},\"image\":{\"@id\":\"https:\\\/\\\/candas365.es\\\/noticias\\\/nagelsmann-quiere-titulos-con-el-leipzig-en-los-proximos-cuatro-anos\\\/#organizationLogo\"},\"sameAs\":[\"https:\\\/\\\/www.facebook.com\\\/Nachofdezber\",\"https:\\\/\\\/x.com\\\/NabercoDigital\",\"https:\\\/\\\/www.instagram.com\\\/nachofdezber\\\/\",\"https:\\\/\\\/www.youtube.com\\\/channel\\\/UCZP-2wLEB9Rv6erhFmqVnvg\"],\"address\":{\"@id\":\"https:\\\/\\\/candas365.es\\\/noticias\\\/#postaladdress\",\"@type\":\"PostalAddress\",\"streetAddress\":\"san antonio 4, san antonio 4\",\"postalCode\":\"33430\",\"addressLocality\":\"Cand\\u00e1s\",\"addressRegion\":\"Asturias\",\"addressCountry\":\"ES\"}},{\"@type\":\"Person\",\"@id\":\"https:\\\/\\\/candas365.es\\\/noticias\\\/author\\\/admin\\\/#author\",\"url\":\"https:\\\/\\\/candas365.es\\\/noticias\\\/author\\\/admin\\\/\",\"name\":\"Cand\\u00e1s 365\",\"image\":{\"@type\":\"ImageObject\",\"@id\":\"https:\\\/\\\/candas365.es\\\/noticias\\\/nagelsmann-quiere-titulos-con-el-leipzig-en-los-proximos-cuatro-anos\\\/#authorImage\",\"url\":\"https:\\\/\\\/secure.gravatar.com\\\/avatar\\\/496a8e03d0c493ede1718b7934145dbdf8d89be1036b0eec9544e1094c9de390?s=96&d=mm&r=g\",\"width\":96,\"height\":96,\"caption\":\"Cand\\u00e1s 365\"},\"sameAs\":[\"https:\\\/\\\/www.facebook.com\\\/carrenoactualidad\",\"https:\\\/\\\/twitter.com\\\/nbasturias\",\"https:\\\/\\\/www.instagram.com\\\/nachofdezber\\\/\",\"https:\\\/\\\/www.youtube.com\\\/channel\\\/UCZP-2wLEB9Rv6erhFmqVnvg\"]},{\"@type\":\"WebPage\",\"@id\":\"https:\\\/\\\/candas365.es\\\/noticias\\\/nagelsmann-quiere-titulos-con-el-leipzig-en-los-proximos-cuatro-anos\\\/#webpage\",\"url\":\"https:\\\/\\\/candas365.es\\\/noticias\\\/nagelsmann-quiere-titulos-con-el-leipzig-en-los-proximos-cuatro-anos\\\/\",\"name\":\"Nagelsmann quiere t\\u00edtulos con el Leipzig en los pr\\u00f3ximos cuatro a\\u00f1os | Cand\\u00e1s 365\",\"description\":\"Leipzig (Alemania), 29 may (dpa) - El joven entrenador alem\\u00e1n Julian Nagelsmann asumir\\u00e1 el 1 de julio su cargo al frente del finalista de la Copa Alemana Leipzig con mucha ambici\\u00f3n, como se\\u00f1al\\u00f3 el t\\u00e9cnico en una entrevista con la revista \\\"Sport Bild\\\" publicada hoy. \\\"Bueno, en principio es un objetivo ganar un t\\u00edtulo en\",\"inLanguage\":\"es-ES\",\"isPartOf\":{\"@id\":\"https:\\\/\\\/candas365.es\\\/noticias\\\/#website\"},\"breadcrumb\":{\"@id\":\"https:\\\/\\\/candas365.es\\\/noticias\\\/nagelsmann-quiere-titulos-con-el-leipzig-en-los-proximos-cuatro-anos\\\/#breadcrumblist\"},\"author\":{\"@id\":\"https:\\\/\\\/candas365.es\\\/noticias\\\/author\\\/admin\\\/#author\"},\"creator\":{\"@id\":\"https:\\\/\\\/candas365.es\\\/noticias\\\/author\\\/admin\\\/#author\"},\"image\":{\"@type\":\"ImageObject\",\"url\":\"https:\\\/\\\/candas365.es\\\/noticias\\\/wp-content\\\/uploads\\\/2018\\\/03\\\/woman-638384_1280.jpg\",\"@id\":\"https:\\\/\\\/candas365.es\\\/noticias\\\/nagelsmann-quiere-titulos-con-el-leipzig-en-los-proximos-cuatro-anos\\\/#mainImage\",\"width\":1280,\"height\":850},\"primaryImageOfPage\":{\"@id\":\"https:\\\/\\\/candas365.es\\\/noticias\\\/nagelsmann-quiere-titulos-con-el-leipzig-en-los-proximos-cuatro-anos\\\/#mainImage\"},\"datePublished\":\"2019-05-29T12:48:46+02:00\",\"dateModified\":\"2019-05-29T12:48:46+02:00\"},{\"@type\":\"WebSite\",\"@id\":\"https:\\\/\\\/candas365.es\\\/noticias\\\/#website\",\"url\":\"https:\\\/\\\/candas365.es\\\/noticias\\\/\",\"name\":\"Cand\\u00e1s 365\",\"alternateName\":\"Cand\\u00e1s 365 Noticias\",\"description\":\"Actualidad desde Carre\\u00f1o para el mundo\",\"inLanguage\":\"es-ES\",\"publisher\":{\"@id\":\"https:\\\/\\\/candas365.es\\\/noticias\\\/#organization\"}}]}\n\t\t<\/script>\n\t\t<!-- All in One SEO Pro -->\r\n\t\t<title>Nagelsmann quiere t\u00edtulos con el Leipzig en los pr\u00f3ximos cuatro a\u00f1os | Cand\u00e1s 365<\/title>\n\n","aioseo_head_json":{"title":"Nagelsmann quiere t\u00edtulos con el Leipzig en los pr\u00f3ximos cuatro a\u00f1os | Cand\u00e1s 365","description":"Leipzig (Alemania), 29 may (dpa) - El joven entrenador alem\u00e1n Julian Nagelsmann asumir\u00e1 el 1 de julio su cargo al frente del finalista de la Copa Alemana Leipzig con mucha ambici\u00f3n, como se\u00f1al\u00f3 el t\u00e9cnico en una entrevista con la revista \"Sport Bild\" publicada hoy. \"Bueno, en principio es un objetivo ganar un t\u00edtulo en","canonical_url":"https:\/\/candas365.es\/noticias\/nagelsmann-quiere-titulos-con-el-leipzig-en-los-proximos-cuatro-anos\/","robots":"max-image-preview:large","keywords":"deporte","webmasterTools":{"google-site-verification":"UA-32230408-1","msvalidate.01":"354F3CDFB2DA171B47FBE9ABF1F88D5","miscellaneous":""},"schema":{"@context":"https:\/\/schema.org","@graph":[{"@type":"BreadcrumbList","@id":"https:\/\/candas365.es\/noticias\/nagelsmann-quiere-titulos-con-el-leipzig-en-los-proximos-cuatro-anos\/#breadcrumblist","itemListElement":[{"@type":"ListItem","@id":"https:\/\/candas365.es\/noticias#listItem","position":1,"name":"Home","item":"https:\/\/candas365.es\/noticias","nextItem":{"@type":"ListItem","@id":"https:\/\/candas365.es\/noticias\/category\/deporte\/#listItem","name":"Deporte"}},{"@type":"ListItem","@id":"https:\/\/candas365.es\/noticias\/category\/deporte\/#listItem","position":2,"name":"Deporte","item":"https:\/\/candas365.es\/noticias\/category\/deporte\/","nextItem":{"@type":"ListItem","@id":"https:\/\/candas365.es\/noticias\/nagelsmann-quiere-titulos-con-el-leipzig-en-los-proximos-cuatro-anos\/#listItem","name":"Nagelsmann quiere t\u00edtulos con el Leipzig en los pr\u00f3ximos cuatro a\u00f1os"},"previousItem":{"@type":"ListItem","@id":"https:\/\/candas365.es\/noticias#listItem","name":"Home"}},{"@type":"ListItem","@id":"https:\/\/candas365.es\/noticias\/nagelsmann-quiere-titulos-con-el-leipzig-en-los-proximos-cuatro-anos\/#listItem","position":3,"name":"Nagelsmann quiere t\u00edtulos con el Leipzig en los pr\u00f3ximos cuatro a\u00f1os","previousItem":{"@type":"ListItem","@id":"https:\/\/candas365.es\/noticias\/category\/deporte\/#listItem","name":"Deporte"}}]},{"@type":"NewsArticle","@id":"https:\/\/candas365.es\/noticias\/nagelsmann-quiere-titulos-con-el-leipzig-en-los-proximos-cuatro-anos\/#newsarticle","name":"Nagelsmann quiere t\u00edtulos con el Leipzig en los pr\u00f3ximos cuatro a\u00f1os | Cand\u00e1s 365","headline":"Nagelsmann quiere t\u00edtulos con el Leipzig en los pr\u00f3ximos cuatro a\u00f1os","author":{"@id":"https:\/\/candas365.es\/noticias\/author\/admin\/#author"},"publisher":{"@id":"https:\/\/candas365.es\/noticias\/#organization"},"image":{"@type":"ImageObject","url":"https:\/\/candas365.es\/noticias\/wp-content\/uploads\/2018\/03\/woman-638384_1280.jpg","width":1280,"height":850},"datePublished":"2019-05-29T12:48:46+02:00","dateModified":"2019-05-29T12:48:46+02:00","inLanguage":"es-ES","mainEntityOfPage":{"@id":"https:\/\/candas365.es\/noticias\/nagelsmann-quiere-titulos-con-el-leipzig-en-los-proximos-cuatro-anos\/#webpage"},"isPartOf":{"@id":"https:\/\/candas365.es\/noticias\/nagelsmann-quiere-titulos-con-el-leipzig-en-los-proximos-cuatro-anos\/#webpage"},"articleSection":"Deporte","dateline":"Publicado el mayo 29, 2019."},{"@type":"Organization","@id":"https:\/\/candas365.es\/noticias\/#organization","name":"Cand\u00e1s 365","description":"Cand\u00e1s 365 es un diario digital independiente, fundado en 2012, con base en Asturias. Informamos con rigor sobre actualidad, sociedad, cultura y ocio, con una mirada local y global.","url":"https:\/\/candas365.es\/noticias\/","email":"info@candas365.es","telephone":"+34652131393","foundingDate":"2012-06-10","logo":{"@type":"ImageObject","url":"https:\/\/candas365.es\/noticias\/wp-content\/uploads\/2024\/09\/Candas-365-Redes.jpg","@id":"https:\/\/candas365.es\/noticias\/nagelsmann-quiere-titulos-con-el-leipzig-en-los-proximos-cuatro-anos\/#organizationLogo","width":1152,"height":864,"caption":"Cand\u00e1s 365 Redes"},"image":{"@id":"https:\/\/candas365.es\/noticias\/nagelsmann-quiere-titulos-con-el-leipzig-en-los-proximos-cuatro-anos\/#organizationLogo"},"sameAs":["https:\/\/www.facebook.com\/Nachofdezber","https:\/\/x.com\/NabercoDigital","https:\/\/www.instagram.com\/nachofdezber\/","https:\/\/www.youtube.com\/channel\/UCZP-2wLEB9Rv6erhFmqVnvg"],"address":{"@id":"https:\/\/candas365.es\/noticias\/#postaladdress","@type":"PostalAddress","streetAddress":"san antonio 4, san antonio 4","postalCode":"33430","addressLocality":"Cand\u00e1s","addressRegion":"Asturias","addressCountry":"ES"}},{"@type":"Person","@id":"https:\/\/candas365.es\/noticias\/author\/admin\/#author","url":"https:\/\/candas365.es\/noticias\/author\/admin\/","name":"Cand\u00e1s 365","image":{"@type":"ImageObject","@id":"https:\/\/candas365.es\/noticias\/nagelsmann-quiere-titulos-con-el-leipzig-en-los-proximos-cuatro-anos\/#authorImage","url":"https:\/\/secure.gravatar.com\/avatar\/496a8e03d0c493ede1718b7934145dbdf8d89be1036b0eec9544e1094c9de390?s=96&d=mm&r=g","width":96,"height":96,"caption":"Cand\u00e1s 365"},"sameAs":["https:\/\/www.facebook.com\/carrenoactualidad","https:\/\/twitter.com\/nbasturias","https:\/\/www.instagram.com\/nachofdezber\/","https:\/\/www.youtube.com\/channel\/UCZP-2wLEB9Rv6erhFmqVnvg"]},{"@type":"WebPage","@id":"https:\/\/candas365.es\/noticias\/nagelsmann-quiere-titulos-con-el-leipzig-en-los-proximos-cuatro-anos\/#webpage","url":"https:\/\/candas365.es\/noticias\/nagelsmann-quiere-titulos-con-el-leipzig-en-los-proximos-cuatro-anos\/","name":"Nagelsmann quiere t\u00edtulos con el Leipzig en los pr\u00f3ximos cuatro a\u00f1os | Cand\u00e1s 365","description":"Leipzig (Alemania), 29 may (dpa) - El joven entrenador alem\u00e1n Julian Nagelsmann asumir\u00e1 el 1 de julio su cargo al frente del finalista de la Copa Alemana Leipzig con mucha ambici\u00f3n, como se\u00f1al\u00f3 el t\u00e9cnico en una entrevista con la revista \"Sport Bild\" publicada hoy. \"Bueno, en principio es un objetivo ganar un t\u00edtulo en","inLanguage":"es-ES","isPartOf":{"@id":"https:\/\/candas365.es\/noticias\/#website"},"breadcrumb":{"@id":"https:\/\/candas365.es\/noticias\/nagelsmann-quiere-titulos-con-el-leipzig-en-los-proximos-cuatro-anos\/#breadcrumblist"},"author":{"@id":"https:\/\/candas365.es\/noticias\/author\/admin\/#author"},"creator":{"@id":"https:\/\/candas365.es\/noticias\/author\/admin\/#author"},"image":{"@type":"ImageObject","url":"https:\/\/candas365.es\/noticias\/wp-content\/uploads\/2018\/03\/woman-638384_1280.jpg","@id":"https:\/\/candas365.es\/noticias\/nagelsmann-quiere-titulos-con-el-leipzig-en-los-proximos-cuatro-anos\/#mainImage","width":1280,"height":850},"primaryImageOfPage":{"@id":"https:\/\/candas365.es\/noticias\/nagelsmann-quiere-titulos-con-el-leipzig-en-los-proximos-cuatro-anos\/#mainImage"},"datePublished":"2019-05-29T12:48:46+02:00","dateModified":"2019-05-29T12:48:46+02:00"},{"@type":"WebSite","@id":"https:\/\/candas365.es\/noticias\/#website","url":"https:\/\/candas365.es\/noticias\/","name":"Cand\u00e1s 365","alternateName":"Cand\u00e1s 365 Noticias","description":"Actualidad desde Carre\u00f1o para el mundo","inLanguage":"es-ES","publisher":{"@id":"https:\/\/candas365.es\/noticias\/#organization"}}]},"og:locale":"es_ES","og:site_name":"Cand\u00e1s 365","og:type":"article","og:title":"Nagelsmann quiere t\u00edtulos con el Leipzig en los pr\u00f3ximos cuatro a\u00f1os | Cand\u00e1s 365","og:description":"Leipzig (Alemania), 29 may (dpa) - El joven entrenador alem\u00e1n Julian Nagelsmann asumir\u00e1 el 1 de julio su cargo al frente del finalista de la Copa Alemana Leipzig con mucha ambici\u00f3n, como se\u00f1al\u00f3 el t\u00e9cnico en una entrevista con la revista &quot;Sport Bild&quot; publicada hoy. &quot;Bueno, en principio es un objetivo ganar un t\u00edtulo en","og:url":"https:\/\/candas365.es\/noticias\/nagelsmann-quiere-titulos-con-el-leipzig-en-los-proximos-cuatro-anos\/","og:image":"https:\/\/candas365.es\/noticias\/wp-content\/uploads\/2018\/03\/woman-638384_1280.jpg","og:image:secure_url":"https:\/\/candas365.es\/noticias\/wp-content\/uploads\/2018\/03\/woman-638384_1280.jpg","og:image:width":1280,"og:image:height":850,"article:published_time":"2019-05-29T12:48:46+00:00","article:modified_time":"2019-05-29T12:48:46+00:00","article:publisher":"https:\/\/www.facebook.com\/Nachofdezber","article:author":"https:\/\/www.facebook.com\/carrenoactualidad","twitter:card":"summary_large_image","twitter:site":"@NabercoDigital","twitter:title":"Nagelsmann quiere t\u00edtulos con el Leipzig en los pr\u00f3ximos cuatro a\u00f1os | Cand\u00e1s 365","twitter:description":"Leipzig (Alemania), 29 may (dpa) - El joven entrenador alem\u00e1n Julian Nagelsmann asumir\u00e1 el 1 de julio su cargo al frente del finalista de la Copa Alemana Leipzig con mucha ambici\u00f3n, como se\u00f1al\u00f3 el t\u00e9cnico en una entrevista con la revista &quot;Sport Bild&quot; publicada hoy. &quot;Bueno, en principio es un objetivo ganar un t\u00edtulo en","twitter:creator":"@nbasturias","twitter:image":"https:\/\/candas365.es\/noticias\/wp-content\/uploads\/2018\/03\/woman-638384_1280.jpg","twitter:label1":"Escrito por","twitter:data1":"Cand\u00e1s 365","twitter:label2":"Tiempo de lectura estimado","twitter:data2":"1 minuto"},"aioseo_meta_data":{"post_id":"123380","title":null,"description":null,"keywords":null,"keyphrases":null,"primary_term":null,"canonical_url":null,"og_title":null,"og_description":null,"og_object_type":"default","og_image_type":"default","og_image_url":null,"og_image_width":null,"og_image_height":null,"og_image_custom_url":null,"og_image_custom_fields":null,"og_video":null,"og_custom_url":null,"og_article_section":null,"og_article_tags":null,"twitter_use_og":false,"twitter_card":"default","twitter_image_type":"default","twitter_image_url":null,"twitter_image_custom_url":null,"twitter_image_custom_fields":null,"twitter_title":null,"twitter_description":null,"schema":{"blockGraphs":[],"customGraphs":[],"default":{"data":{"Article":[],"Course":[],"Dataset":[],"FAQPage":[],"Movie":[],"Person":[],"Product":[],"ProductReview":[],"Car":[],"Recipe":[],"Service":[],"SoftwareApplication":[],"WebPage":[]},"graphName":"","isEnabled":true},"graphs":[],"defaultGraph":"","defaultPostTypeGraph":""},"schema_type":null,"schema_type_options":null,"pillar_content":false,"robots_default":true,"robots_noindex":false,"robots_noarchive":false,"robots_nosnippet":false,"robots_nofollow":false,"robots_noimageindex":false,"robots_noodp":false,"robots_notranslate":false,"robots_max_snippet":null,"robots_max_videopreview":null,"robots_max_imagepreview":"large","priority":null,"frequency":null,"location":null,"local_seo":null,"seo_analyzer_scan_date":"2025-08-30 00:56:11","breadcrumb_settings":null,"limit_modified_date":false,"reviewed_by":null,"open_ai":null,"ai":null,"created":"2020-12-21 10:56:59","updated":"2025-08-30 00:56:11"},"aioseo_breadcrumb":"<div class=\"aioseo-breadcrumbs\"><span class=\"aioseo-breadcrumb\">\n\t<a href=\"https:\/\/candas365.es\/noticias\" title=\"Home\">Home<\/a>\n<\/span><span class=\"aioseo-breadcrumb-separator\">&ndash;<\/span><span class=\"aioseo-breadcrumb\">\n\t<a href=\"https:\/\/candas365.es\/noticias\/category\/deporte\/\" title=\"Deporte\">Deporte<\/a>\n<\/span><span class=\"aioseo-breadcrumb-separator\">&ndash;<\/span><span class=\"aioseo-breadcrumb\">\n\tNagelsmann quiere t\u00edtulos con el Leipzig en los pr\u00f3ximos cuatro a\u00f1os\n<\/span><\/div>","aioseo_breadcrumb_json":[{"label":"Home","link":"https:\/\/candas365.es\/noticias"},{"label":"Deporte","link":"https:\/\/candas365.es\/noticias\/category\/deporte\/"},{"label":"Nagelsmann quiere t\u00edtulos con el Leipzig en los pr\u00f3ximos cuatro a\u00f1os","link":"https:\/\/candas365.es\/noticias\/nagelsmann-quiere-titulos-con-el-leipzig-en-los-proximos-cuatro-anos\/"}],"_links":{"self":[{"href":"https:\/\/candas365.es\/noticias\/wp-json\/wp\/v2\/posts\/123380","targetHints":{"allow":["GET"]}}],"collection":[{"href":"https:\/\/candas365.es\/noticias\/wp-json\/wp\/v2\/posts"}],"about":[{"href":"https:\/\/candas365.es\/noticias\/wp-json\/wp\/v2\/types\/post"}],"author":[{"embeddable":true,"href":"https:\/\/candas365.es\/noticias\/wp-json\/wp\/v2\/users\/1"}],"replies":[{"embeddable":true,"href":"https:\/\/candas365.es\/noticias\/wp-json\/wp\/v2\/comments?post=123380"}],"version-history":[{"count":0,"href":"https:\/\/candas365.es\/noticias\/wp-json\/wp\/v2\/posts\/123380\/revisions"}],"wp:featuredmedia":[{"embeddable":true,"href":"https:\/\/candas365.es\/noticias\/wp-json\/wp\/v2\/media\/92011"}],"wp:attachment":[{"href":"https:\/\/candas365.es\/noticias\/wp-json\/wp\/v2\/media?parent=123380"}],"wp:term":[{"taxonomy":"category","embeddable":true,"href":"https:\/\/candas365.es\/noticias\/wp-json\/wp\/v2\/categories?post=123380"},{"taxonomy":"post_tag","embeddable":true,"href":"https:\/\/candas365.es\/noticias\/wp-json\/wp\/v2\/tags?post=123380"}],"curies":[{"name":"wp","href":"https:\/\/api.w.org\/{rel}","templated":true}]}}