{"id":123186,"date":"2019-05-27T15:49:18","date_gmt":"2019-05-27T15:49:18","guid":{"rendered":"http:\/\/candas365.es\/noticias\/?p=123186"},"modified":"2019-05-27T15:49:18","modified_gmt":"2019-05-27T15:49:18","slug":"mischa-zverev-cae-en-primera-ronda-de-roland-garros","status":"publish","type":"post","link":"https:\/\/candas365.es\/noticias\/mischa-zverev-cae-en-primera-ronda-de-roland-garros\/","title":{"rendered":"Mischa Zverev cae en primera ronda de Roland Garros"},"content":{"rendered":"<figure id=\"attachment_123187\" aria-describedby=\"caption-attachment-123187\" style=\"width: 360px\" class=\"wp-caption alignleft\"><img fetchpriority=\"high\" decoding=\"async\" class=\"size-medium wp-image-123187\" src=\"https:\/\/candas365.es\/noticias\/wp-content\/uploads\/2019\/05\/Mischa-Zverev-360x244.jpg\" alt=\"\" width=\"360\" height=\"244\" srcset=\"https:\/\/candas365.es\/noticias\/wp-content\/uploads\/2019\/05\/Mischa-Zverev-360x244.jpg 360w, https:\/\/candas365.es\/noticias\/wp-content\/uploads\/2019\/05\/Mischa-Zverev-768x520.jpg 768w, https:\/\/candas365.es\/noticias\/wp-content\/uploads\/2019\/05\/Mischa-Zverev-655x444.jpg 655w, https:\/\/candas365.es\/noticias\/wp-content\/uploads\/2019\/05\/Mischa-Zverev-696x472.jpg 696w, https:\/\/candas365.es\/noticias\/wp-content\/uploads\/2019\/05\/Mischa-Zverev-620x420.jpg 620w, https:\/\/candas365.es\/noticias\/wp-content\/uploads\/2019\/05\/Mischa-Zverev.jpg 1002w\" sizes=\"(max-width: 360px) 100vw, 360px\" \/><figcaption id=\"caption-attachment-123187\" class=\"wp-caption-text\">Mischa Zverev Foto: Marijan Murat\/dpa<\/figcaption><\/figure>\n<p>Par\u00eds, 27 may (dpa) &#8211; Mischa Zverev, hermano mayor de la estrella del tenis alem\u00e1n Alexander Zverev, cay\u00f3 hoy en la primera ronda de Roland Garros, el segundo Grand Slam de la temporada.<\/p>\n<p>Zverev perdi\u00f3 ante el franc\u00e9s Richard Gasquet 3-6, 4-6 y 3-6 en 1:39 horas.<\/p>\n<p>Para el tenista de 31 a\u00f1os fue la s\u00e9ptima derrota en la primera ronda de sus ocho presentaciones en el torneo parisino. S\u00f3lo el a\u00f1o pasado lleg\u00f3 a la tercera ronda del Abierto de Francia.<\/p>\n<p>Por su parte, Alexander Zverev, quinto del ranking mundial, debutar\u00e1 en Roland Garros este martes ante el australiano John Millman.<\/p>\n","protected":false},"excerpt":{"rendered":"<p>Par\u00eds, 27 may (dpa) &#8211; Mischa Zverev, hermano mayor de la estrella del tenis alem\u00e1n Alexander Zverev, cay\u00f3 hoy en la primera ronda de Roland Garros, el segundo Grand Slam de la temporada. Zverev perdi\u00f3 ante el franc\u00e9s Richard Gasquet 3-6, 4-6 y 3-6 en 1:39 horas. Para el tenista de 31 a\u00f1os fue la<\/p>\n","protected":false},"author":1,"featured_media":123187,"comment_status":"closed","ping_status":"closed","sticky":false,"template":"","format":"standard","meta":{"footnotes":""},"categories":[319],"tags":[],"class_list":{"0":"post-123186","1":"post","2":"type-post","3":"status-publish","4":"format-standard","5":"has-post-thumbnail","7":"category-deporte"},"aioseo_notices":[],"aioseo_head":"\n\t\t<!-- All in One SEO Pro 4.9.6.2 - aioseo.com -->\n\t<meta name=\"description\" content=\"Par\u00eds, 27 may (dpa) - Mischa Zverev, hermano mayor de la estrella del tenis alem\u00e1n Alexander Zverev, cay\u00f3 hoy en la primera ronda de Roland Garros, el segundo Grand Slam de la temporada. Zverev perdi\u00f3 ante el franc\u00e9s Richard Gasquet 3-6, 4-6 y 3-6 en 1:39 horas. Para el tenista de 31 a\u00f1os fue la\" \/>\n\t<meta name=\"robots\" content=\"max-image-preview:large\" \/>\n\t<meta name=\"author\" content=\"Cand\u00e1s 365\"\/>\n\t<meta name=\"google-site-verification\" content=\"UA-32230408-1\" \/>\n\t<meta name=\"msvalidate.01\" content=\"354F3CDFB2DA171B47FBE9ABF1F88D5\" \/>\n\t<meta name=\"keywords\" content=\"deporte\" \/>\n\t<link rel=\"canonical\" href=\"https:\/\/candas365.es\/noticias\/mischa-zverev-cae-en-primera-ronda-de-roland-garros\/\" \/>\n\t<meta name=\"generator\" content=\"All in One SEO Pro (AIOSEO) 4.9.6.2\" \/>\n\t\t<meta property=\"og:locale\" content=\"es_ES\" \/>\n\t\t<meta property=\"og:site_name\" content=\"Cand\u00e1s 365\" \/>\n\t\t<meta property=\"og:type\" content=\"article\" \/>\n\t\t<meta property=\"og:title\" content=\"Mischa Zverev cae en primera ronda de Roland Garros | Cand\u00e1s 365\" \/>\n\t\t<meta property=\"og:description\" content=\"Par\u00eds, 27 may (dpa) - Mischa Zverev, hermano mayor de la estrella del tenis alem\u00e1n Alexander Zverev, cay\u00f3 hoy en la primera ronda de Roland Garros, el segundo Grand Slam de la temporada. Zverev perdi\u00f3 ante el franc\u00e9s Richard Gasquet 3-6, 4-6 y 3-6 en 1:39 horas. Para el tenista de 31 a\u00f1os fue la\" \/>\n\t\t<meta property=\"og:url\" content=\"https:\/\/candas365.es\/noticias\/mischa-zverev-cae-en-primera-ronda-de-roland-garros\/\" \/>\n\t\t<meta property=\"og:image\" content=\"https:\/\/candas365.es\/noticias\/wp-content\/uploads\/2019\/05\/Mischa-Zverev.jpg\" \/>\n\t\t<meta property=\"og:image:secure_url\" content=\"https:\/\/candas365.es\/noticias\/wp-content\/uploads\/2019\/05\/Mischa-Zverev.jpg\" \/>\n\t\t<meta property=\"og:image:width\" content=\"1002\" \/>\n\t\t<meta property=\"og:image:height\" content=\"679\" \/>\n\t\t<meta property=\"article:published_time\" content=\"2019-05-27T15:49:18+00:00\" \/>\n\t\t<meta property=\"article:modified_time\" content=\"2019-05-27T15:49:18+00:00\" \/>\n\t\t<meta property=\"article:publisher\" content=\"https:\/\/www.facebook.com\/Nachofdezber\" \/>\n\t\t<meta property=\"article:author\" content=\"https:\/\/www.facebook.com\/carrenoactualidad\" \/>\n\t\t<meta name=\"twitter:card\" content=\"summary_large_image\" \/>\n\t\t<meta name=\"twitter:site\" content=\"@NabercoDigital\" \/>\n\t\t<meta name=\"twitter:title\" content=\"Mischa Zverev cae en primera ronda de Roland Garros | Cand\u00e1s 365\" \/>\n\t\t<meta name=\"twitter:description\" content=\"Par\u00eds, 27 may (dpa) - Mischa Zverev, hermano mayor de la estrella del tenis alem\u00e1n Alexander Zverev, cay\u00f3 hoy en la primera ronda de Roland Garros, el segundo Grand Slam de la temporada. Zverev perdi\u00f3 ante el franc\u00e9s Richard Gasquet 3-6, 4-6 y 3-6 en 1:39 horas. Para el tenista de 31 a\u00f1os fue la\" \/>\n\t\t<meta name=\"twitter:creator\" content=\"@nbasturias\" \/>\n\t\t<meta name=\"twitter:image\" content=\"https:\/\/candas365.es\/noticias\/wp-content\/uploads\/2019\/05\/Mischa-Zverev.jpg\" \/>\n\t\t<meta name=\"twitter:label1\" content=\"Escrito por\" \/>\n\t\t<meta name=\"twitter:data1\" content=\"Cand\u00e1s 365\" \/>\n\t\t<meta name=\"twitter:label2\" content=\"Tiempo de lectura estimado\" \/>\n\t\t<meta name=\"twitter:data2\" content=\"1 minuto\" \/>\n\t\t<script type=\"application\/ld+json\" class=\"aioseo-schema\">\n\t\t\t{\"@context\":\"https:\\\/\\\/schema.org\",\"@graph\":[{\"@type\":\"BreadcrumbList\",\"@id\":\"https:\\\/\\\/candas365.es\\\/noticias\\\/mischa-zverev-cae-en-primera-ronda-de-roland-garros\\\/#breadcrumblist\",\"itemListElement\":[{\"@type\":\"ListItem\",\"@id\":\"https:\\\/\\\/candas365.es\\\/noticias#listItem\",\"position\":1,\"name\":\"Home\",\"item\":\"https:\\\/\\\/candas365.es\\\/noticias\",\"nextItem\":{\"@type\":\"ListItem\",\"@id\":\"https:\\\/\\\/candas365.es\\\/noticias\\\/category\\\/deporte\\\/#listItem\",\"name\":\"Deporte\"}},{\"@type\":\"ListItem\",\"@id\":\"https:\\\/\\\/candas365.es\\\/noticias\\\/category\\\/deporte\\\/#listItem\",\"position\":2,\"name\":\"Deporte\",\"item\":\"https:\\\/\\\/candas365.es\\\/noticias\\\/category\\\/deporte\\\/\",\"nextItem\":{\"@type\":\"ListItem\",\"@id\":\"https:\\\/\\\/candas365.es\\\/noticias\\\/mischa-zverev-cae-en-primera-ronda-de-roland-garros\\\/#listItem\",\"name\":\"Mischa Zverev cae en primera ronda de Roland Garros\"},\"previousItem\":{\"@type\":\"ListItem\",\"@id\":\"https:\\\/\\\/candas365.es\\\/noticias#listItem\",\"name\":\"Home\"}},{\"@type\":\"ListItem\",\"@id\":\"https:\\\/\\\/candas365.es\\\/noticias\\\/mischa-zverev-cae-en-primera-ronda-de-roland-garros\\\/#listItem\",\"position\":3,\"name\":\"Mischa Zverev cae en primera ronda de Roland Garros\",\"previousItem\":{\"@type\":\"ListItem\",\"@id\":\"https:\\\/\\\/candas365.es\\\/noticias\\\/category\\\/deporte\\\/#listItem\",\"name\":\"Deporte\"}}]},{\"@type\":\"NewsArticle\",\"@id\":\"https:\\\/\\\/candas365.es\\\/noticias\\\/mischa-zverev-cae-en-primera-ronda-de-roland-garros\\\/#newsarticle\",\"name\":\"Mischa Zverev cae en primera ronda de Roland Garros | Cand\\u00e1s 365\",\"headline\":\"Mischa Zverev cae en primera ronda de Roland Garros\",\"author\":{\"@id\":\"https:\\\/\\\/candas365.es\\\/noticias\\\/author\\\/admin\\\/#author\"},\"publisher\":{\"@id\":\"https:\\\/\\\/candas365.es\\\/noticias\\\/#organization\"},\"image\":{\"@type\":\"ImageObject\",\"url\":\"https:\\\/\\\/candas365.es\\\/noticias\\\/wp-content\\\/uploads\\\/2019\\\/05\\\/Mischa-Zverev.jpg\",\"width\":1002,\"height\":679,\"caption\":\"Mischa Zverev Foto: Marijan Murat\\\/dpa\"},\"datePublished\":\"2019-05-27T15:49:18+02:00\",\"dateModified\":\"2019-05-27T15:49:18+02:00\",\"inLanguage\":\"es-ES\",\"mainEntityOfPage\":{\"@id\":\"https:\\\/\\\/candas365.es\\\/noticias\\\/mischa-zverev-cae-en-primera-ronda-de-roland-garros\\\/#webpage\"},\"isPartOf\":{\"@id\":\"https:\\\/\\\/candas365.es\\\/noticias\\\/mischa-zverev-cae-en-primera-ronda-de-roland-garros\\\/#webpage\"},\"articleSection\":\"Deporte\",\"dateline\":\"Publicado el mayo 27, 2019.\"},{\"@type\":\"Organization\",\"@id\":\"https:\\\/\\\/candas365.es\\\/noticias\\\/#organization\",\"name\":\"Cand\\u00e1s 365\",\"description\":\"Cand\\u00e1s 365 es un diario digital independiente, fundado en 2012, con base en Asturias. Informamos con rigor sobre actualidad, sociedad, cultura y ocio, con una mirada local y global.\",\"url\":\"https:\\\/\\\/candas365.es\\\/noticias\\\/\",\"email\":\"info@candas365.es\",\"telephone\":\"+34652131393\",\"foundingDate\":\"2012-06-10\",\"logo\":{\"@type\":\"ImageObject\",\"url\":\"https:\\\/\\\/candas365.es\\\/noticias\\\/wp-content\\\/uploads\\\/2024\\\/09\\\/Candas-365-Redes.jpg\",\"@id\":\"https:\\\/\\\/candas365.es\\\/noticias\\\/mischa-zverev-cae-en-primera-ronda-de-roland-garros\\\/#organizationLogo\",\"width\":1152,\"height\":864,\"caption\":\"Cand\\u00e1s 365 Redes\"},\"image\":{\"@id\":\"https:\\\/\\\/candas365.es\\\/noticias\\\/mischa-zverev-cae-en-primera-ronda-de-roland-garros\\\/#organizationLogo\"},\"sameAs\":[\"https:\\\/\\\/www.facebook.com\\\/Nachofdezber\",\"https:\\\/\\\/x.com\\\/NabercoDigital\",\"https:\\\/\\\/www.instagram.com\\\/nachofdezber\\\/\",\"https:\\\/\\\/www.youtube.com\\\/channel\\\/UCZP-2wLEB9Rv6erhFmqVnvg\"],\"address\":{\"@id\":\"https:\\\/\\\/candas365.es\\\/noticias\\\/#postaladdress\",\"@type\":\"PostalAddress\",\"streetAddress\":\"san antonio 4, san antonio 4\",\"postalCode\":\"33430\",\"addressLocality\":\"Cand\\u00e1s\",\"addressRegion\":\"Asturias\",\"addressCountry\":\"ES\"}},{\"@type\":\"Person\",\"@id\":\"https:\\\/\\\/candas365.es\\\/noticias\\\/author\\\/admin\\\/#author\",\"url\":\"https:\\\/\\\/candas365.es\\\/noticias\\\/author\\\/admin\\\/\",\"name\":\"Cand\\u00e1s 365\",\"image\":{\"@type\":\"ImageObject\",\"@id\":\"https:\\\/\\\/candas365.es\\\/noticias\\\/mischa-zverev-cae-en-primera-ronda-de-roland-garros\\\/#authorImage\",\"url\":\"https:\\\/\\\/secure.gravatar.com\\\/avatar\\\/496a8e03d0c493ede1718b7934145dbdf8d89be1036b0eec9544e1094c9de390?s=96&d=mm&r=g\",\"width\":96,\"height\":96,\"caption\":\"Cand\\u00e1s 365\"},\"sameAs\":[\"https:\\\/\\\/www.facebook.com\\\/carrenoactualidad\",\"https:\\\/\\\/twitter.com\\\/nbasturias\",\"https:\\\/\\\/www.instagram.com\\\/nachofdezber\\\/\",\"https:\\\/\\\/www.youtube.com\\\/channel\\\/UCZP-2wLEB9Rv6erhFmqVnvg\"]},{\"@type\":\"WebPage\",\"@id\":\"https:\\\/\\\/candas365.es\\\/noticias\\\/mischa-zverev-cae-en-primera-ronda-de-roland-garros\\\/#webpage\",\"url\":\"https:\\\/\\\/candas365.es\\\/noticias\\\/mischa-zverev-cae-en-primera-ronda-de-roland-garros\\\/\",\"name\":\"Mischa Zverev cae en primera ronda de Roland Garros | Cand\\u00e1s 365\",\"description\":\"Par\\u00eds, 27 may (dpa) - Mischa Zverev, hermano mayor de la estrella del tenis alem\\u00e1n Alexander Zverev, cay\\u00f3 hoy en la primera ronda de Roland Garros, el segundo Grand Slam de la temporada. Zverev perdi\\u00f3 ante el franc\\u00e9s Richard Gasquet 3-6, 4-6 y 3-6 en 1:39 horas. Para el tenista de 31 a\\u00f1os fue la\",\"inLanguage\":\"es-ES\",\"isPartOf\":{\"@id\":\"https:\\\/\\\/candas365.es\\\/noticias\\\/#website\"},\"breadcrumb\":{\"@id\":\"https:\\\/\\\/candas365.es\\\/noticias\\\/mischa-zverev-cae-en-primera-ronda-de-roland-garros\\\/#breadcrumblist\"},\"author\":{\"@id\":\"https:\\\/\\\/candas365.es\\\/noticias\\\/author\\\/admin\\\/#author\"},\"creator\":{\"@id\":\"https:\\\/\\\/candas365.es\\\/noticias\\\/author\\\/admin\\\/#author\"},\"image\":{\"@type\":\"ImageObject\",\"url\":\"https:\\\/\\\/candas365.es\\\/noticias\\\/wp-content\\\/uploads\\\/2019\\\/05\\\/Mischa-Zverev.jpg\",\"@id\":\"https:\\\/\\\/candas365.es\\\/noticias\\\/mischa-zverev-cae-en-primera-ronda-de-roland-garros\\\/#mainImage\",\"width\":1002,\"height\":679,\"caption\":\"Mischa Zverev Foto: Marijan Murat\\\/dpa\"},\"primaryImageOfPage\":{\"@id\":\"https:\\\/\\\/candas365.es\\\/noticias\\\/mischa-zverev-cae-en-primera-ronda-de-roland-garros\\\/#mainImage\"},\"datePublished\":\"2019-05-27T15:49:18+02:00\",\"dateModified\":\"2019-05-27T15:49:18+02:00\"},{\"@type\":\"WebSite\",\"@id\":\"https:\\\/\\\/candas365.es\\\/noticias\\\/#website\",\"url\":\"https:\\\/\\\/candas365.es\\\/noticias\\\/\",\"name\":\"Cand\\u00e1s 365\",\"alternateName\":\"Cand\\u00e1s 365 Noticias\",\"description\":\"Actualidad desde Carre\\u00f1o para el mundo\",\"inLanguage\":\"es-ES\",\"publisher\":{\"@id\":\"https:\\\/\\\/candas365.es\\\/noticias\\\/#organization\"}}]}\n\t\t<\/script>\n\t\t<!-- All in One SEO Pro -->\r\n\t\t<title>Mischa Zverev cae en primera ronda de Roland Garros | Cand\u00e1s 365<\/title>\n\n","aioseo_head_json":{"title":"Mischa Zverev cae en primera ronda de Roland Garros | Cand\u00e1s 365","description":"Par\u00eds, 27 may (dpa) - Mischa Zverev, hermano mayor de la estrella del tenis alem\u00e1n Alexander Zverev, cay\u00f3 hoy en la primera ronda de Roland Garros, el segundo Grand Slam de la temporada. Zverev perdi\u00f3 ante el franc\u00e9s Richard Gasquet 3-6, 4-6 y 3-6 en 1:39 horas. Para el tenista de 31 a\u00f1os fue la","canonical_url":"https:\/\/candas365.es\/noticias\/mischa-zverev-cae-en-primera-ronda-de-roland-garros\/","robots":"max-image-preview:large","keywords":"deporte","webmasterTools":{"google-site-verification":"UA-32230408-1","msvalidate.01":"354F3CDFB2DA171B47FBE9ABF1F88D5","miscellaneous":""},"schema":{"@context":"https:\/\/schema.org","@graph":[{"@type":"BreadcrumbList","@id":"https:\/\/candas365.es\/noticias\/mischa-zverev-cae-en-primera-ronda-de-roland-garros\/#breadcrumblist","itemListElement":[{"@type":"ListItem","@id":"https:\/\/candas365.es\/noticias#listItem","position":1,"name":"Home","item":"https:\/\/candas365.es\/noticias","nextItem":{"@type":"ListItem","@id":"https:\/\/candas365.es\/noticias\/category\/deporte\/#listItem","name":"Deporte"}},{"@type":"ListItem","@id":"https:\/\/candas365.es\/noticias\/category\/deporte\/#listItem","position":2,"name":"Deporte","item":"https:\/\/candas365.es\/noticias\/category\/deporte\/","nextItem":{"@type":"ListItem","@id":"https:\/\/candas365.es\/noticias\/mischa-zverev-cae-en-primera-ronda-de-roland-garros\/#listItem","name":"Mischa Zverev cae en primera ronda de Roland Garros"},"previousItem":{"@type":"ListItem","@id":"https:\/\/candas365.es\/noticias#listItem","name":"Home"}},{"@type":"ListItem","@id":"https:\/\/candas365.es\/noticias\/mischa-zverev-cae-en-primera-ronda-de-roland-garros\/#listItem","position":3,"name":"Mischa Zverev cae en primera ronda de Roland Garros","previousItem":{"@type":"ListItem","@id":"https:\/\/candas365.es\/noticias\/category\/deporte\/#listItem","name":"Deporte"}}]},{"@type":"NewsArticle","@id":"https:\/\/candas365.es\/noticias\/mischa-zverev-cae-en-primera-ronda-de-roland-garros\/#newsarticle","name":"Mischa Zverev cae en primera ronda de Roland Garros | Cand\u00e1s 365","headline":"Mischa Zverev cae en primera ronda de Roland Garros","author":{"@id":"https:\/\/candas365.es\/noticias\/author\/admin\/#author"},"publisher":{"@id":"https:\/\/candas365.es\/noticias\/#organization"},"image":{"@type":"ImageObject","url":"https:\/\/candas365.es\/noticias\/wp-content\/uploads\/2019\/05\/Mischa-Zverev.jpg","width":1002,"height":679,"caption":"Mischa Zverev Foto: Marijan Murat\/dpa"},"datePublished":"2019-05-27T15:49:18+02:00","dateModified":"2019-05-27T15:49:18+02:00","inLanguage":"es-ES","mainEntityOfPage":{"@id":"https:\/\/candas365.es\/noticias\/mischa-zverev-cae-en-primera-ronda-de-roland-garros\/#webpage"},"isPartOf":{"@id":"https:\/\/candas365.es\/noticias\/mischa-zverev-cae-en-primera-ronda-de-roland-garros\/#webpage"},"articleSection":"Deporte","dateline":"Publicado el mayo 27, 2019."},{"@type":"Organization","@id":"https:\/\/candas365.es\/noticias\/#organization","name":"Cand\u00e1s 365","description":"Cand\u00e1s 365 es un diario digital independiente, fundado en 2012, con base en Asturias. Informamos con rigor sobre actualidad, sociedad, cultura y ocio, con una mirada local y global.","url":"https:\/\/candas365.es\/noticias\/","email":"info@candas365.es","telephone":"+34652131393","foundingDate":"2012-06-10","logo":{"@type":"ImageObject","url":"https:\/\/candas365.es\/noticias\/wp-content\/uploads\/2024\/09\/Candas-365-Redes.jpg","@id":"https:\/\/candas365.es\/noticias\/mischa-zverev-cae-en-primera-ronda-de-roland-garros\/#organizationLogo","width":1152,"height":864,"caption":"Cand\u00e1s 365 Redes"},"image":{"@id":"https:\/\/candas365.es\/noticias\/mischa-zverev-cae-en-primera-ronda-de-roland-garros\/#organizationLogo"},"sameAs":["https:\/\/www.facebook.com\/Nachofdezber","https:\/\/x.com\/NabercoDigital","https:\/\/www.instagram.com\/nachofdezber\/","https:\/\/www.youtube.com\/channel\/UCZP-2wLEB9Rv6erhFmqVnvg"],"address":{"@id":"https:\/\/candas365.es\/noticias\/#postaladdress","@type":"PostalAddress","streetAddress":"san antonio 4, san antonio 4","postalCode":"33430","addressLocality":"Cand\u00e1s","addressRegion":"Asturias","addressCountry":"ES"}},{"@type":"Person","@id":"https:\/\/candas365.es\/noticias\/author\/admin\/#author","url":"https:\/\/candas365.es\/noticias\/author\/admin\/","name":"Cand\u00e1s 365","image":{"@type":"ImageObject","@id":"https:\/\/candas365.es\/noticias\/mischa-zverev-cae-en-primera-ronda-de-roland-garros\/#authorImage","url":"https:\/\/secure.gravatar.com\/avatar\/496a8e03d0c493ede1718b7934145dbdf8d89be1036b0eec9544e1094c9de390?s=96&d=mm&r=g","width":96,"height":96,"caption":"Cand\u00e1s 365"},"sameAs":["https:\/\/www.facebook.com\/carrenoactualidad","https:\/\/twitter.com\/nbasturias","https:\/\/www.instagram.com\/nachofdezber\/","https:\/\/www.youtube.com\/channel\/UCZP-2wLEB9Rv6erhFmqVnvg"]},{"@type":"WebPage","@id":"https:\/\/candas365.es\/noticias\/mischa-zverev-cae-en-primera-ronda-de-roland-garros\/#webpage","url":"https:\/\/candas365.es\/noticias\/mischa-zverev-cae-en-primera-ronda-de-roland-garros\/","name":"Mischa Zverev cae en primera ronda de Roland Garros | Cand\u00e1s 365","description":"Par\u00eds, 27 may (dpa) - Mischa Zverev, hermano mayor de la estrella del tenis alem\u00e1n Alexander Zverev, cay\u00f3 hoy en la primera ronda de Roland Garros, el segundo Grand Slam de la temporada. Zverev perdi\u00f3 ante el franc\u00e9s Richard Gasquet 3-6, 4-6 y 3-6 en 1:39 horas. Para el tenista de 31 a\u00f1os fue la","inLanguage":"es-ES","isPartOf":{"@id":"https:\/\/candas365.es\/noticias\/#website"},"breadcrumb":{"@id":"https:\/\/candas365.es\/noticias\/mischa-zverev-cae-en-primera-ronda-de-roland-garros\/#breadcrumblist"},"author":{"@id":"https:\/\/candas365.es\/noticias\/author\/admin\/#author"},"creator":{"@id":"https:\/\/candas365.es\/noticias\/author\/admin\/#author"},"image":{"@type":"ImageObject","url":"https:\/\/candas365.es\/noticias\/wp-content\/uploads\/2019\/05\/Mischa-Zverev.jpg","@id":"https:\/\/candas365.es\/noticias\/mischa-zverev-cae-en-primera-ronda-de-roland-garros\/#mainImage","width":1002,"height":679,"caption":"Mischa Zverev Foto: Marijan Murat\/dpa"},"primaryImageOfPage":{"@id":"https:\/\/candas365.es\/noticias\/mischa-zverev-cae-en-primera-ronda-de-roland-garros\/#mainImage"},"datePublished":"2019-05-27T15:49:18+02:00","dateModified":"2019-05-27T15:49:18+02:00"},{"@type":"WebSite","@id":"https:\/\/candas365.es\/noticias\/#website","url":"https:\/\/candas365.es\/noticias\/","name":"Cand\u00e1s 365","alternateName":"Cand\u00e1s 365 Noticias","description":"Actualidad desde Carre\u00f1o para el mundo","inLanguage":"es-ES","publisher":{"@id":"https:\/\/candas365.es\/noticias\/#organization"}}]},"og:locale":"es_ES","og:site_name":"Cand\u00e1s 365","og:type":"article","og:title":"Mischa Zverev cae en primera ronda de Roland Garros | Cand\u00e1s 365","og:description":"Par\u00eds, 27 may (dpa) - Mischa Zverev, hermano mayor de la estrella del tenis alem\u00e1n Alexander Zverev, cay\u00f3 hoy en la primera ronda de Roland Garros, el segundo Grand Slam de la temporada. Zverev perdi\u00f3 ante el franc\u00e9s Richard Gasquet 3-6, 4-6 y 3-6 en 1:39 horas. Para el tenista de 31 a\u00f1os fue la","og:url":"https:\/\/candas365.es\/noticias\/mischa-zverev-cae-en-primera-ronda-de-roland-garros\/","og:image":"https:\/\/candas365.es\/noticias\/wp-content\/uploads\/2019\/05\/Mischa-Zverev.jpg","og:image:secure_url":"https:\/\/candas365.es\/noticias\/wp-content\/uploads\/2019\/05\/Mischa-Zverev.jpg","og:image:width":1002,"og:image:height":679,"article:published_time":"2019-05-27T15:49:18+00:00","article:modified_time":"2019-05-27T15:49:18+00:00","article:publisher":"https:\/\/www.facebook.com\/Nachofdezber","article:author":"https:\/\/www.facebook.com\/carrenoactualidad","twitter:card":"summary_large_image","twitter:site":"@NabercoDigital","twitter:title":"Mischa Zverev cae en primera ronda de Roland Garros | Cand\u00e1s 365","twitter:description":"Par\u00eds, 27 may (dpa) - Mischa Zverev, hermano mayor de la estrella del tenis alem\u00e1n Alexander Zverev, cay\u00f3 hoy en la primera ronda de Roland Garros, el segundo Grand Slam de la temporada. Zverev perdi\u00f3 ante el franc\u00e9s Richard Gasquet 3-6, 4-6 y 3-6 en 1:39 horas. Para el tenista de 31 a\u00f1os fue la","twitter:creator":"@nbasturias","twitter:image":"https:\/\/candas365.es\/noticias\/wp-content\/uploads\/2019\/05\/Mischa-Zverev.jpg","twitter:label1":"Escrito por","twitter:data1":"Cand\u00e1s 365","twitter:label2":"Tiempo de lectura estimado","twitter:data2":"1 minuto"},"aioseo_meta_data":{"post_id":"123186","title":null,"description":null,"keywords":null,"keyphrases":null,"primary_term":null,"canonical_url":null,"og_title":null,"og_description":null,"og_object_type":"default","og_image_type":"default","og_image_url":null,"og_image_width":null,"og_image_height":null,"og_image_custom_url":null,"og_image_custom_fields":null,"og_video":null,"og_custom_url":null,"og_article_section":null,"og_article_tags":null,"twitter_use_og":false,"twitter_card":"default","twitter_image_type":"default","twitter_image_url":null,"twitter_image_custom_url":null,"twitter_image_custom_fields":null,"twitter_title":null,"twitter_description":null,"schema":{"blockGraphs":[],"customGraphs":[],"default":{"data":{"Article":[],"Course":[],"Dataset":[],"FAQPage":[],"Movie":[],"Person":[],"Product":[],"ProductReview":[],"Car":[],"Recipe":[],"Service":[],"SoftwareApplication":[],"WebPage":[]},"graphName":"","isEnabled":true},"graphs":[],"defaultGraph":"","defaultPostTypeGraph":""},"schema_type":null,"schema_type_options":null,"pillar_content":false,"robots_default":true,"robots_noindex":false,"robots_noarchive":false,"robots_nosnippet":false,"robots_nofollow":false,"robots_noimageindex":false,"robots_noodp":false,"robots_notranslate":false,"robots_max_snippet":null,"robots_max_videopreview":null,"robots_max_imagepreview":"large","priority":null,"frequency":null,"location":null,"local_seo":null,"seo_analyzer_scan_date":"2025-08-30 00:26:25","breadcrumb_settings":null,"limit_modified_date":false,"reviewed_by":null,"open_ai":null,"ai":null,"created":"2020-12-21 10:57:07","updated":"2025-08-30 00:26:25"},"aioseo_breadcrumb":"<div class=\"aioseo-breadcrumbs\"><span class=\"aioseo-breadcrumb\">\n\t<a href=\"https:\/\/candas365.es\/noticias\" title=\"Home\">Home<\/a>\n<\/span><span class=\"aioseo-breadcrumb-separator\">&ndash;<\/span><span class=\"aioseo-breadcrumb\">\n\t<a href=\"https:\/\/candas365.es\/noticias\/category\/deporte\/\" title=\"Deporte\">Deporte<\/a>\n<\/span><span class=\"aioseo-breadcrumb-separator\">&ndash;<\/span><span class=\"aioseo-breadcrumb\">\n\tMischa Zverev cae en primera ronda de Roland Garros\n<\/span><\/div>","aioseo_breadcrumb_json":[{"label":"Home","link":"https:\/\/candas365.es\/noticias"},{"label":"Deporte","link":"https:\/\/candas365.es\/noticias\/category\/deporte\/"},{"label":"Mischa Zverev cae en primera ronda de Roland Garros","link":"https:\/\/candas365.es\/noticias\/mischa-zverev-cae-en-primera-ronda-de-roland-garros\/"}],"_links":{"self":[{"href":"https:\/\/candas365.es\/noticias\/wp-json\/wp\/v2\/posts\/123186","targetHints":{"allow":["GET"]}}],"collection":[{"href":"https:\/\/candas365.es\/noticias\/wp-json\/wp\/v2\/posts"}],"about":[{"href":"https:\/\/candas365.es\/noticias\/wp-json\/wp\/v2\/types\/post"}],"author":[{"embeddable":true,"href":"https:\/\/candas365.es\/noticias\/wp-json\/wp\/v2\/users\/1"}],"replies":[{"embeddable":true,"href":"https:\/\/candas365.es\/noticias\/wp-json\/wp\/v2\/comments?post=123186"}],"version-history":[{"count":0,"href":"https:\/\/candas365.es\/noticias\/wp-json\/wp\/v2\/posts\/123186\/revisions"}],"wp:featuredmedia":[{"embeddable":true,"href":"https:\/\/candas365.es\/noticias\/wp-json\/wp\/v2\/media\/123187"}],"wp:attachment":[{"href":"https:\/\/candas365.es\/noticias\/wp-json\/wp\/v2\/media?parent=123186"}],"wp:term":[{"taxonomy":"category","embeddable":true,"href":"https:\/\/candas365.es\/noticias\/wp-json\/wp\/v2\/categories?post=123186"},{"taxonomy":"post_tag","embeddable":true,"href":"https:\/\/candas365.es\/noticias\/wp-json\/wp\/v2\/tags?post=123186"}],"curies":[{"name":"wp","href":"https:\/\/api.w.org\/{rel}","templated":true}]}}