{"id":123045,"date":"2019-05-23T17:59:20","date_gmt":"2019-05-23T17:59:20","guid":{"rendered":"http:\/\/candas365.es\/noticias\/?p=123045"},"modified":"2019-05-23T17:59:20","modified_gmt":"2019-05-23T17:59:20","slug":"joachim-low-deja-fuera-de-la-convocatoria-a-gotze-kroos-y-ter-stegen","status":"publish","type":"post","link":"https:\/\/candas365.es\/noticias\/joachim-low-deja-fuera-de-la-convocatoria-a-gotze-kroos-y-ter-stegen\/","title":{"rendered":"Joachim L\u00f6w deja fuera de la convocatoria a G\u00f6tze, Kroos y ter Stegen"},"content":{"rendered":"<figure id=\"attachment_123046\" aria-describedby=\"caption-attachment-123046\" style=\"width: 360px\" class=\"wp-caption alignleft\"><img fetchpriority=\"high\" decoding=\"async\" class=\"wp-image-123046 size-medium\" src=\"https:\/\/candas365.es\/noticias\/wp-content\/uploads\/2019\/05\/Low-22051901-360x246.jpg\" alt=\"\" width=\"360\" height=\"246\" srcset=\"https:\/\/candas365.es\/noticias\/wp-content\/uploads\/2019\/05\/Low-22051901-360x246.jpg 360w, https:\/\/candas365.es\/noticias\/wp-content\/uploads\/2019\/05\/Low-22051901-768x524.jpg 768w, https:\/\/candas365.es\/noticias\/wp-content\/uploads\/2019\/05\/Low-22051901-655x447.jpg 655w, https:\/\/candas365.es\/noticias\/wp-content\/uploads\/2019\/05\/Low-22051901-218x150.jpg 218w, https:\/\/candas365.es\/noticias\/wp-content\/uploads\/2019\/05\/Low-22051901-696x475.jpg 696w, https:\/\/candas365.es\/noticias\/wp-content\/uploads\/2019\/05\/Low-22051901-615x420.jpg 615w, https:\/\/candas365.es\/noticias\/wp-content\/uploads\/2019\/05\/Low-22051901.jpg 939w\" sizes=\"(max-width: 360px) 100vw, 360px\" \/><figcaption id=\"caption-attachment-123046\" class=\"wp-caption-text\">El seleccionador alem\u00e1n de f\u00fatbol, Joachim L\u00f6w. Foto: Christian Charisius\/dpa<\/figcaption><\/figure>\n<p>M\u00fanich, 22 may (dpa) \u2013 El seleccionador alem\u00e1n de f\u00fatbol, Joachim L\u00f6w, anunci\u00f3 hoy la convocatoria de la selecci\u00f3n alemana de f\u00fatbol para medirse con Bielorrusia el 8 de junio en Minsk y a Estonia el d\u00eda 11 en Maguncia, en partidos clasificatorios para la Eurocopa 2020 en la que destaca la nueva ausencia de Mario G\u00f6tze.<\/p>\n<p>Tras una buena segunda mitad de temporada en el Borussia Dortmund, G\u00f6tze sigue sin ser convocado con la selecci\u00f3n desde hace a\u00f1o y medio.<\/p>\n<p>En noviembre de 2017 disput\u00f3 su \u00faltimo partido con la selecci\u00f3n, el n\u00famero 63 en su palmar\u00e9s, que acab\u00f3 en empate 2-2 contra Francia en Colonia. Y su condici\u00f3n de ser el autor del gol que dio el Mundial 2014 a Alemania sigue sin reservarle un puesto en las convocatorias de L\u00f6w.<\/p>\n<p>L\u00f6w tendr\u00e1 que afrontar los dos partidos al final de una temporada llena de sobresaltos deportivos sin el portero Marc-Andr\u00e9 ter Stegen, por problemas de rodilla, y el centrocampista Toni Kroos, debido a molestias musculares.<\/p>\n<p>El arquero del Barcelona y el mediocampista del Real Madrid tendr\u00e1n tiempo para recuperarse y prepararse bien para la larga temporada que culminar\u00e1 con la Eurocopa 2020.<\/p>\n<p>Manuel Neuer lidera como capit\u00e1n el equipo de 22 hombres, a pesar de haber estado de baja durante varias semanas debido a una lesi\u00f3n en la pantorrilla. Sin embargo, la convocatoria del portero titular del Bayern M\u00fanich, de 33 a\u00f1os, se intuye como provisional debido a las dudas sobre su estado f\u00edsico.<\/p>\n<p>Tras una pausa de varias semanas, Neuer tiene previsto volver bajo los palos de su club en la final de la Copa Alemana, que enfrentar\u00e1 el s\u00e1bado a los b\u00e1varos y al Leipzig en Berl\u00edn.<\/p>\n<p>L\u00f6w quiere esperar y ver c\u00f3mo \u00abprogresa el proceso de recuperaci\u00f3n\u00bb de Neuer. La selecci\u00f3n no se reunir\u00e1 hasta el 2 de junio en Venlo (Holanda) para prepararse a fondo para los dos pr\u00f3ximos partidos.<\/p>\n<p>Tras el exitoso comienzo de la fase de clasificaci\u00f3n para la Eurocopa con una victoria por 3-2 en Holanda, L\u00f6w se fij\u00f3 como objetivo conseguir los \u00abseis puntos\u00bb contra dos equipos considerados f\u00e1ciles.<\/p>\n<p>El guardameta del Arsenal Bernd Leno, Jonas Hector, del reci\u00e9n ascendido a la Bundesliga Colonia, y el centrocampista del Paris Saint-Germain Julian Draxler, recuperado de una reciente lesi\u00f3n, regresan a la selecci\u00f3n.<\/p>\n","protected":false},"excerpt":{"rendered":"<p>M\u00fanich, 22 may (dpa) \u2013 El seleccionador alem\u00e1n de f\u00fatbol, Joachim L\u00f6w, anunci\u00f3 hoy la convocatoria de la selecci\u00f3n alemana de f\u00fatbol para medirse con Bielorrusia el 8 de junio en Minsk y a Estonia el d\u00eda 11 en Maguncia, en partidos clasificatorios para la Eurocopa 2020 en la que destaca la nueva ausencia de<\/p>\n","protected":false},"author":1,"featured_media":123046,"comment_status":"closed","ping_status":"closed","sticky":false,"template":"","format":"standard","meta":{"footnotes":""},"categories":[319],"tags":[],"class_list":{"0":"post-123045","1":"post","2":"type-post","3":"status-publish","4":"format-standard","5":"has-post-thumbnail","7":"category-deporte"},"aioseo_notices":[],"aioseo_head":"\n\t\t<!-- All in One SEO Pro 4.9.6.2 - aioseo.com -->\n\t<meta name=\"description\" content=\"M\u00fanich, 22 may (dpa) \u2013 El seleccionador alem\u00e1n de f\u00fatbol, Joachim L\u00f6w, anunci\u00f3 hoy la convocatoria de la selecci\u00f3n alemana de f\u00fatbol para medirse con Bielorrusia el 8 de junio en Minsk y a Estonia el d\u00eda 11 en Maguncia, en partidos clasificatorios para la Eurocopa 2020 en la que destaca la nueva ausencia de\" \/>\n\t<meta name=\"robots\" content=\"max-image-preview:large\" \/>\n\t<meta name=\"author\" content=\"Cand\u00e1s 365\"\/>\n\t<meta name=\"google-site-verification\" content=\"UA-32230408-1\" \/>\n\t<meta name=\"msvalidate.01\" content=\"354F3CDFB2DA171B47FBE9ABF1F88D5\" \/>\n\t<meta name=\"keywords\" content=\"deporte\" \/>\n\t<link rel=\"canonical\" href=\"https:\/\/candas365.es\/noticias\/joachim-low-deja-fuera-de-la-convocatoria-a-gotze-kroos-y-ter-stegen\/\" \/>\n\t<meta name=\"generator\" content=\"All in One SEO Pro (AIOSEO) 4.9.6.2\" \/>\n\t\t<meta property=\"og:locale\" content=\"es_ES\" \/>\n\t\t<meta property=\"og:site_name\" content=\"Cand\u00e1s 365\" \/>\n\t\t<meta property=\"og:type\" content=\"article\" \/>\n\t\t<meta property=\"og:title\" content=\"Joachim L\u00f6w deja fuera de la convocatoria a G\u00f6tze, Kroos y ter Stegen | Cand\u00e1s 365\" \/>\n\t\t<meta property=\"og:description\" content=\"M\u00fanich, 22 may (dpa) \u2013 El seleccionador alem\u00e1n de f\u00fatbol, Joachim L\u00f6w, anunci\u00f3 hoy la convocatoria de la selecci\u00f3n alemana de f\u00fatbol para medirse con Bielorrusia el 8 de junio en Minsk y a Estonia el d\u00eda 11 en Maguncia, en partidos clasificatorios para la Eurocopa 2020 en la que destaca la nueva ausencia de\" \/>\n\t\t<meta property=\"og:url\" content=\"https:\/\/candas365.es\/noticias\/joachim-low-deja-fuera-de-la-convocatoria-a-gotze-kroos-y-ter-stegen\/\" \/>\n\t\t<meta property=\"og:image\" content=\"https:\/\/candas365.es\/noticias\/wp-content\/uploads\/2019\/05\/Low-22051901.jpg\" \/>\n\t\t<meta property=\"og:image:secure_url\" content=\"https:\/\/candas365.es\/noticias\/wp-content\/uploads\/2019\/05\/Low-22051901.jpg\" \/>\n\t\t<meta property=\"og:image:width\" content=\"939\" \/>\n\t\t<meta property=\"og:image:height\" content=\"641\" \/>\n\t\t<meta property=\"article:published_time\" content=\"2019-05-23T17:59:20+00:00\" \/>\n\t\t<meta property=\"article:modified_time\" content=\"2019-05-23T17:59:20+00:00\" \/>\n\t\t<meta property=\"article:publisher\" content=\"https:\/\/www.facebook.com\/Nachofdezber\" \/>\n\t\t<meta property=\"article:author\" content=\"https:\/\/www.facebook.com\/carrenoactualidad\" \/>\n\t\t<meta name=\"twitter:card\" content=\"summary_large_image\" \/>\n\t\t<meta name=\"twitter:site\" content=\"@NabercoDigital\" \/>\n\t\t<meta name=\"twitter:title\" content=\"Joachim L\u00f6w deja fuera de la convocatoria a G\u00f6tze, Kroos y ter Stegen | Cand\u00e1s 365\" \/>\n\t\t<meta name=\"twitter:description\" content=\"M\u00fanich, 22 may (dpa) \u2013 El seleccionador alem\u00e1n de f\u00fatbol, Joachim L\u00f6w, anunci\u00f3 hoy la convocatoria de la selecci\u00f3n alemana de f\u00fatbol para medirse con Bielorrusia el 8 de junio en Minsk y a Estonia el d\u00eda 11 en Maguncia, en partidos clasificatorios para la Eurocopa 2020 en la que destaca la nueva ausencia de\" \/>\n\t\t<meta name=\"twitter:creator\" content=\"@nbasturias\" \/>\n\t\t<meta name=\"twitter:image\" content=\"https:\/\/candas365.es\/noticias\/wp-content\/uploads\/2019\/05\/Low-22051901.jpg\" \/>\n\t\t<meta name=\"twitter:label1\" content=\"Escrito por\" \/>\n\t\t<meta name=\"twitter:data1\" content=\"Cand\u00e1s 365\" \/>\n\t\t<meta name=\"twitter:label2\" content=\"Tiempo de lectura estimado\" \/>\n\t\t<meta name=\"twitter:data2\" content=\"2 minutos\" \/>\n\t\t<script type=\"application\/ld+json\" class=\"aioseo-schema\">\n\t\t\t{\"@context\":\"https:\\\/\\\/schema.org\",\"@graph\":[{\"@type\":\"BreadcrumbList\",\"@id\":\"https:\\\/\\\/candas365.es\\\/noticias\\\/joachim-low-deja-fuera-de-la-convocatoria-a-gotze-kroos-y-ter-stegen\\\/#breadcrumblist\",\"itemListElement\":[{\"@type\":\"ListItem\",\"@id\":\"https:\\\/\\\/candas365.es\\\/noticias#listItem\",\"position\":1,\"name\":\"Home\",\"item\":\"https:\\\/\\\/candas365.es\\\/noticias\",\"nextItem\":{\"@type\":\"ListItem\",\"@id\":\"https:\\\/\\\/candas365.es\\\/noticias\\\/category\\\/deporte\\\/#listItem\",\"name\":\"Deporte\"}},{\"@type\":\"ListItem\",\"@id\":\"https:\\\/\\\/candas365.es\\\/noticias\\\/category\\\/deporte\\\/#listItem\",\"position\":2,\"name\":\"Deporte\",\"item\":\"https:\\\/\\\/candas365.es\\\/noticias\\\/category\\\/deporte\\\/\",\"nextItem\":{\"@type\":\"ListItem\",\"@id\":\"https:\\\/\\\/candas365.es\\\/noticias\\\/joachim-low-deja-fuera-de-la-convocatoria-a-gotze-kroos-y-ter-stegen\\\/#listItem\",\"name\":\"Joachim L\\u00f6w deja fuera de la convocatoria a G\\u00f6tze, Kroos y ter Stegen\"},\"previousItem\":{\"@type\":\"ListItem\",\"@id\":\"https:\\\/\\\/candas365.es\\\/noticias#listItem\",\"name\":\"Home\"}},{\"@type\":\"ListItem\",\"@id\":\"https:\\\/\\\/candas365.es\\\/noticias\\\/joachim-low-deja-fuera-de-la-convocatoria-a-gotze-kroos-y-ter-stegen\\\/#listItem\",\"position\":3,\"name\":\"Joachim L\\u00f6w deja fuera de la convocatoria a G\\u00f6tze, Kroos y ter Stegen\",\"previousItem\":{\"@type\":\"ListItem\",\"@id\":\"https:\\\/\\\/candas365.es\\\/noticias\\\/category\\\/deporte\\\/#listItem\",\"name\":\"Deporte\"}}]},{\"@type\":\"NewsArticle\",\"@id\":\"https:\\\/\\\/candas365.es\\\/noticias\\\/joachim-low-deja-fuera-de-la-convocatoria-a-gotze-kroos-y-ter-stegen\\\/#newsarticle\",\"name\":\"Joachim L\\u00f6w deja fuera de la convocatoria a G\\u00f6tze, Kroos y ter Stegen | Cand\\u00e1s 365\",\"headline\":\"Joachim L\\u00f6w deja fuera de la convocatoria a G\\u00f6tze, Kroos y ter Stegen\",\"author\":{\"@id\":\"https:\\\/\\\/candas365.es\\\/noticias\\\/author\\\/admin\\\/#author\"},\"publisher\":{\"@id\":\"https:\\\/\\\/candas365.es\\\/noticias\\\/#organization\"},\"image\":{\"@type\":\"ImageObject\",\"url\":\"https:\\\/\\\/candas365.es\\\/noticias\\\/wp-content\\\/uploads\\\/2019\\\/05\\\/Low-22051901.jpg\",\"width\":939,\"height\":641},\"datePublished\":\"2019-05-23T17:59:20+02:00\",\"dateModified\":\"2019-05-23T17:59:20+02:00\",\"inLanguage\":\"es-ES\",\"mainEntityOfPage\":{\"@id\":\"https:\\\/\\\/candas365.es\\\/noticias\\\/joachim-low-deja-fuera-de-la-convocatoria-a-gotze-kroos-y-ter-stegen\\\/#webpage\"},\"isPartOf\":{\"@id\":\"https:\\\/\\\/candas365.es\\\/noticias\\\/joachim-low-deja-fuera-de-la-convocatoria-a-gotze-kroos-y-ter-stegen\\\/#webpage\"},\"articleSection\":\"Deporte\",\"dateline\":\"Publicado el mayo 23, 2019.\"},{\"@type\":\"Organization\",\"@id\":\"https:\\\/\\\/candas365.es\\\/noticias\\\/#organization\",\"name\":\"Cand\\u00e1s 365\",\"description\":\"Cand\\u00e1s 365 es un diario digital independiente, fundado en 2012, con base en Asturias. Informamos con rigor sobre actualidad, sociedad, cultura y ocio, con una mirada local y global.\",\"url\":\"https:\\\/\\\/candas365.es\\\/noticias\\\/\",\"email\":\"info@candas365.es\",\"telephone\":\"+34652131393\",\"foundingDate\":\"2012-06-10\",\"logo\":{\"@type\":\"ImageObject\",\"url\":\"https:\\\/\\\/candas365.es\\\/noticias\\\/wp-content\\\/uploads\\\/2024\\\/09\\\/Candas-365-Redes.jpg\",\"@id\":\"https:\\\/\\\/candas365.es\\\/noticias\\\/joachim-low-deja-fuera-de-la-convocatoria-a-gotze-kroos-y-ter-stegen\\\/#organizationLogo\",\"width\":1152,\"height\":864,\"caption\":\"Cand\\u00e1s 365 Redes\"},\"image\":{\"@id\":\"https:\\\/\\\/candas365.es\\\/noticias\\\/joachim-low-deja-fuera-de-la-convocatoria-a-gotze-kroos-y-ter-stegen\\\/#organizationLogo\"},\"sameAs\":[\"https:\\\/\\\/www.facebook.com\\\/Nachofdezber\",\"https:\\\/\\\/x.com\\\/NabercoDigital\",\"https:\\\/\\\/www.instagram.com\\\/nachofdezber\\\/\",\"https:\\\/\\\/www.youtube.com\\\/channel\\\/UCZP-2wLEB9Rv6erhFmqVnvg\"],\"address\":{\"@id\":\"https:\\\/\\\/candas365.es\\\/noticias\\\/#postaladdress\",\"@type\":\"PostalAddress\",\"streetAddress\":\"san antonio 4, san antonio 4\",\"postalCode\":\"33430\",\"addressLocality\":\"Cand\\u00e1s\",\"addressRegion\":\"Asturias\",\"addressCountry\":\"ES\"}},{\"@type\":\"Person\",\"@id\":\"https:\\\/\\\/candas365.es\\\/noticias\\\/author\\\/admin\\\/#author\",\"url\":\"https:\\\/\\\/candas365.es\\\/noticias\\\/author\\\/admin\\\/\",\"name\":\"Cand\\u00e1s 365\",\"image\":{\"@type\":\"ImageObject\",\"@id\":\"https:\\\/\\\/candas365.es\\\/noticias\\\/joachim-low-deja-fuera-de-la-convocatoria-a-gotze-kroos-y-ter-stegen\\\/#authorImage\",\"url\":\"https:\\\/\\\/secure.gravatar.com\\\/avatar\\\/496a8e03d0c493ede1718b7934145dbdf8d89be1036b0eec9544e1094c9de390?s=96&d=mm&r=g\",\"width\":96,\"height\":96,\"caption\":\"Cand\\u00e1s 365\"},\"sameAs\":[\"https:\\\/\\\/www.facebook.com\\\/carrenoactualidad\",\"https:\\\/\\\/twitter.com\\\/nbasturias\",\"https:\\\/\\\/www.instagram.com\\\/nachofdezber\\\/\",\"https:\\\/\\\/www.youtube.com\\\/channel\\\/UCZP-2wLEB9Rv6erhFmqVnvg\"]},{\"@type\":\"WebPage\",\"@id\":\"https:\\\/\\\/candas365.es\\\/noticias\\\/joachim-low-deja-fuera-de-la-convocatoria-a-gotze-kroos-y-ter-stegen\\\/#webpage\",\"url\":\"https:\\\/\\\/candas365.es\\\/noticias\\\/joachim-low-deja-fuera-de-la-convocatoria-a-gotze-kroos-y-ter-stegen\\\/\",\"name\":\"Joachim L\\u00f6w deja fuera de la convocatoria a G\\u00f6tze, Kroos y ter Stegen | Cand\\u00e1s 365\",\"description\":\"M\\u00fanich, 22 may (dpa) \\u2013 El seleccionador alem\\u00e1n de f\\u00fatbol, Joachim L\\u00f6w, anunci\\u00f3 hoy la convocatoria de la selecci\\u00f3n alemana de f\\u00fatbol para medirse con Bielorrusia el 8 de junio en Minsk y a Estonia el d\\u00eda 11 en Maguncia, en partidos clasificatorios para la Eurocopa 2020 en la que destaca la nueva ausencia de\",\"inLanguage\":\"es-ES\",\"isPartOf\":{\"@id\":\"https:\\\/\\\/candas365.es\\\/noticias\\\/#website\"},\"breadcrumb\":{\"@id\":\"https:\\\/\\\/candas365.es\\\/noticias\\\/joachim-low-deja-fuera-de-la-convocatoria-a-gotze-kroos-y-ter-stegen\\\/#breadcrumblist\"},\"author\":{\"@id\":\"https:\\\/\\\/candas365.es\\\/noticias\\\/author\\\/admin\\\/#author\"},\"creator\":{\"@id\":\"https:\\\/\\\/candas365.es\\\/noticias\\\/author\\\/admin\\\/#author\"},\"image\":{\"@type\":\"ImageObject\",\"url\":\"https:\\\/\\\/candas365.es\\\/noticias\\\/wp-content\\\/uploads\\\/2019\\\/05\\\/Low-22051901.jpg\",\"@id\":\"https:\\\/\\\/candas365.es\\\/noticias\\\/joachim-low-deja-fuera-de-la-convocatoria-a-gotze-kroos-y-ter-stegen\\\/#mainImage\",\"width\":939,\"height\":641},\"primaryImageOfPage\":{\"@id\":\"https:\\\/\\\/candas365.es\\\/noticias\\\/joachim-low-deja-fuera-de-la-convocatoria-a-gotze-kroos-y-ter-stegen\\\/#mainImage\"},\"datePublished\":\"2019-05-23T17:59:20+02:00\",\"dateModified\":\"2019-05-23T17:59:20+02:00\"},{\"@type\":\"WebSite\",\"@id\":\"https:\\\/\\\/candas365.es\\\/noticias\\\/#website\",\"url\":\"https:\\\/\\\/candas365.es\\\/noticias\\\/\",\"name\":\"Cand\\u00e1s 365\",\"alternateName\":\"Cand\\u00e1s 365 Noticias\",\"description\":\"Actualidad desde Carre\\u00f1o para el mundo\",\"inLanguage\":\"es-ES\",\"publisher\":{\"@id\":\"https:\\\/\\\/candas365.es\\\/noticias\\\/#organization\"}}]}\n\t\t<\/script>\n\t\t<!-- All in One SEO Pro -->\r\n\t\t<title>Joachim L\u00f6w deja fuera de la convocatoria a G\u00f6tze, Kroos y ter Stegen | Cand\u00e1s 365<\/title>\n\n","aioseo_head_json":{"title":"Joachim L\u00f6w deja fuera de la convocatoria a G\u00f6tze, Kroos y ter Stegen | Cand\u00e1s 365","description":"M\u00fanich, 22 may (dpa) \u2013 El seleccionador alem\u00e1n de f\u00fatbol, Joachim L\u00f6w, anunci\u00f3 hoy la convocatoria de la selecci\u00f3n alemana de f\u00fatbol para medirse con Bielorrusia el 8 de junio en Minsk y a Estonia el d\u00eda 11 en Maguncia, en partidos clasificatorios para la Eurocopa 2020 en la que destaca la nueva ausencia de","canonical_url":"https:\/\/candas365.es\/noticias\/joachim-low-deja-fuera-de-la-convocatoria-a-gotze-kroos-y-ter-stegen\/","robots":"max-image-preview:large","keywords":"deporte","webmasterTools":{"google-site-verification":"UA-32230408-1","msvalidate.01":"354F3CDFB2DA171B47FBE9ABF1F88D5","miscellaneous":""},"schema":{"@context":"https:\/\/schema.org","@graph":[{"@type":"BreadcrumbList","@id":"https:\/\/candas365.es\/noticias\/joachim-low-deja-fuera-de-la-convocatoria-a-gotze-kroos-y-ter-stegen\/#breadcrumblist","itemListElement":[{"@type":"ListItem","@id":"https:\/\/candas365.es\/noticias#listItem","position":1,"name":"Home","item":"https:\/\/candas365.es\/noticias","nextItem":{"@type":"ListItem","@id":"https:\/\/candas365.es\/noticias\/category\/deporte\/#listItem","name":"Deporte"}},{"@type":"ListItem","@id":"https:\/\/candas365.es\/noticias\/category\/deporte\/#listItem","position":2,"name":"Deporte","item":"https:\/\/candas365.es\/noticias\/category\/deporte\/","nextItem":{"@type":"ListItem","@id":"https:\/\/candas365.es\/noticias\/joachim-low-deja-fuera-de-la-convocatoria-a-gotze-kroos-y-ter-stegen\/#listItem","name":"Joachim L\u00f6w deja fuera de la convocatoria a G\u00f6tze, Kroos y ter Stegen"},"previousItem":{"@type":"ListItem","@id":"https:\/\/candas365.es\/noticias#listItem","name":"Home"}},{"@type":"ListItem","@id":"https:\/\/candas365.es\/noticias\/joachim-low-deja-fuera-de-la-convocatoria-a-gotze-kroos-y-ter-stegen\/#listItem","position":3,"name":"Joachim L\u00f6w deja fuera de la convocatoria a G\u00f6tze, Kroos y ter Stegen","previousItem":{"@type":"ListItem","@id":"https:\/\/candas365.es\/noticias\/category\/deporte\/#listItem","name":"Deporte"}}]},{"@type":"NewsArticle","@id":"https:\/\/candas365.es\/noticias\/joachim-low-deja-fuera-de-la-convocatoria-a-gotze-kroos-y-ter-stegen\/#newsarticle","name":"Joachim L\u00f6w deja fuera de la convocatoria a G\u00f6tze, Kroos y ter Stegen | Cand\u00e1s 365","headline":"Joachim L\u00f6w deja fuera de la convocatoria a G\u00f6tze, Kroos y ter Stegen","author":{"@id":"https:\/\/candas365.es\/noticias\/author\/admin\/#author"},"publisher":{"@id":"https:\/\/candas365.es\/noticias\/#organization"},"image":{"@type":"ImageObject","url":"https:\/\/candas365.es\/noticias\/wp-content\/uploads\/2019\/05\/Low-22051901.jpg","width":939,"height":641},"datePublished":"2019-05-23T17:59:20+02:00","dateModified":"2019-05-23T17:59:20+02:00","inLanguage":"es-ES","mainEntityOfPage":{"@id":"https:\/\/candas365.es\/noticias\/joachim-low-deja-fuera-de-la-convocatoria-a-gotze-kroos-y-ter-stegen\/#webpage"},"isPartOf":{"@id":"https:\/\/candas365.es\/noticias\/joachim-low-deja-fuera-de-la-convocatoria-a-gotze-kroos-y-ter-stegen\/#webpage"},"articleSection":"Deporte","dateline":"Publicado el mayo 23, 2019."},{"@type":"Organization","@id":"https:\/\/candas365.es\/noticias\/#organization","name":"Cand\u00e1s 365","description":"Cand\u00e1s 365 es un diario digital independiente, fundado en 2012, con base en Asturias. Informamos con rigor sobre actualidad, sociedad, cultura y ocio, con una mirada local y global.","url":"https:\/\/candas365.es\/noticias\/","email":"info@candas365.es","telephone":"+34652131393","foundingDate":"2012-06-10","logo":{"@type":"ImageObject","url":"https:\/\/candas365.es\/noticias\/wp-content\/uploads\/2024\/09\/Candas-365-Redes.jpg","@id":"https:\/\/candas365.es\/noticias\/joachim-low-deja-fuera-de-la-convocatoria-a-gotze-kroos-y-ter-stegen\/#organizationLogo","width":1152,"height":864,"caption":"Cand\u00e1s 365 Redes"},"image":{"@id":"https:\/\/candas365.es\/noticias\/joachim-low-deja-fuera-de-la-convocatoria-a-gotze-kroos-y-ter-stegen\/#organizationLogo"},"sameAs":["https:\/\/www.facebook.com\/Nachofdezber","https:\/\/x.com\/NabercoDigital","https:\/\/www.instagram.com\/nachofdezber\/","https:\/\/www.youtube.com\/channel\/UCZP-2wLEB9Rv6erhFmqVnvg"],"address":{"@id":"https:\/\/candas365.es\/noticias\/#postaladdress","@type":"PostalAddress","streetAddress":"san antonio 4, san antonio 4","postalCode":"33430","addressLocality":"Cand\u00e1s","addressRegion":"Asturias","addressCountry":"ES"}},{"@type":"Person","@id":"https:\/\/candas365.es\/noticias\/author\/admin\/#author","url":"https:\/\/candas365.es\/noticias\/author\/admin\/","name":"Cand\u00e1s 365","image":{"@type":"ImageObject","@id":"https:\/\/candas365.es\/noticias\/joachim-low-deja-fuera-de-la-convocatoria-a-gotze-kroos-y-ter-stegen\/#authorImage","url":"https:\/\/secure.gravatar.com\/avatar\/496a8e03d0c493ede1718b7934145dbdf8d89be1036b0eec9544e1094c9de390?s=96&d=mm&r=g","width":96,"height":96,"caption":"Cand\u00e1s 365"},"sameAs":["https:\/\/www.facebook.com\/carrenoactualidad","https:\/\/twitter.com\/nbasturias","https:\/\/www.instagram.com\/nachofdezber\/","https:\/\/www.youtube.com\/channel\/UCZP-2wLEB9Rv6erhFmqVnvg"]},{"@type":"WebPage","@id":"https:\/\/candas365.es\/noticias\/joachim-low-deja-fuera-de-la-convocatoria-a-gotze-kroos-y-ter-stegen\/#webpage","url":"https:\/\/candas365.es\/noticias\/joachim-low-deja-fuera-de-la-convocatoria-a-gotze-kroos-y-ter-stegen\/","name":"Joachim L\u00f6w deja fuera de la convocatoria a G\u00f6tze, Kroos y ter Stegen | Cand\u00e1s 365","description":"M\u00fanich, 22 may (dpa) \u2013 El seleccionador alem\u00e1n de f\u00fatbol, Joachim L\u00f6w, anunci\u00f3 hoy la convocatoria de la selecci\u00f3n alemana de f\u00fatbol para medirse con Bielorrusia el 8 de junio en Minsk y a Estonia el d\u00eda 11 en Maguncia, en partidos clasificatorios para la Eurocopa 2020 en la que destaca la nueva ausencia de","inLanguage":"es-ES","isPartOf":{"@id":"https:\/\/candas365.es\/noticias\/#website"},"breadcrumb":{"@id":"https:\/\/candas365.es\/noticias\/joachim-low-deja-fuera-de-la-convocatoria-a-gotze-kroos-y-ter-stegen\/#breadcrumblist"},"author":{"@id":"https:\/\/candas365.es\/noticias\/author\/admin\/#author"},"creator":{"@id":"https:\/\/candas365.es\/noticias\/author\/admin\/#author"},"image":{"@type":"ImageObject","url":"https:\/\/candas365.es\/noticias\/wp-content\/uploads\/2019\/05\/Low-22051901.jpg","@id":"https:\/\/candas365.es\/noticias\/joachim-low-deja-fuera-de-la-convocatoria-a-gotze-kroos-y-ter-stegen\/#mainImage","width":939,"height":641},"primaryImageOfPage":{"@id":"https:\/\/candas365.es\/noticias\/joachim-low-deja-fuera-de-la-convocatoria-a-gotze-kroos-y-ter-stegen\/#mainImage"},"datePublished":"2019-05-23T17:59:20+02:00","dateModified":"2019-05-23T17:59:20+02:00"},{"@type":"WebSite","@id":"https:\/\/candas365.es\/noticias\/#website","url":"https:\/\/candas365.es\/noticias\/","name":"Cand\u00e1s 365","alternateName":"Cand\u00e1s 365 Noticias","description":"Actualidad desde Carre\u00f1o para el mundo","inLanguage":"es-ES","publisher":{"@id":"https:\/\/candas365.es\/noticias\/#organization"}}]},"og:locale":"es_ES","og:site_name":"Cand\u00e1s 365","og:type":"article","og:title":"Joachim L\u00f6w deja fuera de la convocatoria a G\u00f6tze, Kroos y ter Stegen | Cand\u00e1s 365","og:description":"M\u00fanich, 22 may (dpa) \u2013 El seleccionador alem\u00e1n de f\u00fatbol, Joachim L\u00f6w, anunci\u00f3 hoy la convocatoria de la selecci\u00f3n alemana de f\u00fatbol para medirse con Bielorrusia el 8 de junio en Minsk y a Estonia el d\u00eda 11 en Maguncia, en partidos clasificatorios para la Eurocopa 2020 en la que destaca la nueva ausencia de","og:url":"https:\/\/candas365.es\/noticias\/joachim-low-deja-fuera-de-la-convocatoria-a-gotze-kroos-y-ter-stegen\/","og:image":"https:\/\/candas365.es\/noticias\/wp-content\/uploads\/2019\/05\/Low-22051901.jpg","og:image:secure_url":"https:\/\/candas365.es\/noticias\/wp-content\/uploads\/2019\/05\/Low-22051901.jpg","og:image:width":939,"og:image:height":641,"article:published_time":"2019-05-23T17:59:20+00:00","article:modified_time":"2019-05-23T17:59:20+00:00","article:publisher":"https:\/\/www.facebook.com\/Nachofdezber","article:author":"https:\/\/www.facebook.com\/carrenoactualidad","twitter:card":"summary_large_image","twitter:site":"@NabercoDigital","twitter:title":"Joachim L\u00f6w deja fuera de la convocatoria a G\u00f6tze, Kroos y ter Stegen | Cand\u00e1s 365","twitter:description":"M\u00fanich, 22 may (dpa) \u2013 El seleccionador alem\u00e1n de f\u00fatbol, Joachim L\u00f6w, anunci\u00f3 hoy la convocatoria de la selecci\u00f3n alemana de f\u00fatbol para medirse con Bielorrusia el 8 de junio en Minsk y a Estonia el d\u00eda 11 en Maguncia, en partidos clasificatorios para la Eurocopa 2020 en la que destaca la nueva ausencia de","twitter:creator":"@nbasturias","twitter:image":"https:\/\/candas365.es\/noticias\/wp-content\/uploads\/2019\/05\/Low-22051901.jpg","twitter:label1":"Escrito por","twitter:data1":"Cand\u00e1s 365","twitter:label2":"Tiempo de lectura estimado","twitter:data2":"2 minutos"},"aioseo_meta_data":{"post_id":"123045","title":null,"description":null,"keywords":null,"keyphrases":null,"primary_term":null,"canonical_url":null,"og_title":null,"og_description":null,"og_object_type":"default","og_image_type":"default","og_image_url":null,"og_image_width":null,"og_image_height":null,"og_image_custom_url":null,"og_image_custom_fields":null,"og_video":null,"og_custom_url":null,"og_article_section":null,"og_article_tags":null,"twitter_use_og":false,"twitter_card":"default","twitter_image_type":"default","twitter_image_url":null,"twitter_image_custom_url":null,"twitter_image_custom_fields":null,"twitter_title":null,"twitter_description":null,"schema":{"blockGraphs":[],"customGraphs":[],"default":{"data":{"Article":[],"Course":[],"Dataset":[],"FAQPage":[],"Movie":[],"Person":[],"Product":[],"ProductReview":[],"Car":[],"Recipe":[],"Service":[],"SoftwareApplication":[],"WebPage":[]},"graphName":"","isEnabled":true},"graphs":[]},"schema_type":null,"schema_type_options":null,"pillar_content":false,"robots_default":true,"robots_noindex":false,"robots_noarchive":false,"robots_nosnippet":false,"robots_nofollow":false,"robots_noimageindex":false,"robots_noodp":false,"robots_notranslate":false,"robots_max_snippet":null,"robots_max_videopreview":null,"robots_max_imagepreview":"large","priority":null,"frequency":null,"location":null,"local_seo":null,"seo_analyzer_scan_date":"2025-08-30 00:05:18","breadcrumb_settings":null,"limit_modified_date":false,"reviewed_by":null,"open_ai":null,"ai":null,"created":"2020-12-21 10:57:16","updated":"2025-08-30 00:05:18"},"aioseo_breadcrumb":"<div class=\"aioseo-breadcrumbs\"><span class=\"aioseo-breadcrumb\">\n\t<a href=\"https:\/\/candas365.es\/noticias\" title=\"Home\">Home<\/a>\n<\/span><span class=\"aioseo-breadcrumb-separator\">&ndash;<\/span><span class=\"aioseo-breadcrumb\">\n\t<a href=\"https:\/\/candas365.es\/noticias\/category\/deporte\/\" title=\"Deporte\">Deporte<\/a>\n<\/span><span class=\"aioseo-breadcrumb-separator\">&ndash;<\/span><span class=\"aioseo-breadcrumb\">\n\tJoachim L\u00f6w deja fuera de la convocatoria a G\u00f6tze, Kroos y ter Stegen\n<\/span><\/div>","aioseo_breadcrumb_json":[{"label":"Home","link":"https:\/\/candas365.es\/noticias"},{"label":"Deporte","link":"https:\/\/candas365.es\/noticias\/category\/deporte\/"},{"label":"Joachim L\u00f6w deja fuera de la convocatoria a G\u00f6tze, Kroos y ter Stegen","link":"https:\/\/candas365.es\/noticias\/joachim-low-deja-fuera-de-la-convocatoria-a-gotze-kroos-y-ter-stegen\/"}],"_links":{"self":[{"href":"https:\/\/candas365.es\/noticias\/wp-json\/wp\/v2\/posts\/123045","targetHints":{"allow":["GET"]}}],"collection":[{"href":"https:\/\/candas365.es\/noticias\/wp-json\/wp\/v2\/posts"}],"about":[{"href":"https:\/\/candas365.es\/noticias\/wp-json\/wp\/v2\/types\/post"}],"author":[{"embeddable":true,"href":"https:\/\/candas365.es\/noticias\/wp-json\/wp\/v2\/users\/1"}],"replies":[{"embeddable":true,"href":"https:\/\/candas365.es\/noticias\/wp-json\/wp\/v2\/comments?post=123045"}],"version-history":[{"count":0,"href":"https:\/\/candas365.es\/noticias\/wp-json\/wp\/v2\/posts\/123045\/revisions"}],"wp:featuredmedia":[{"embeddable":true,"href":"https:\/\/candas365.es\/noticias\/wp-json\/wp\/v2\/media\/123046"}],"wp:attachment":[{"href":"https:\/\/candas365.es\/noticias\/wp-json\/wp\/v2\/media?parent=123045"}],"wp:term":[{"taxonomy":"category","embeddable":true,"href":"https:\/\/candas365.es\/noticias\/wp-json\/wp\/v2\/categories?post=123045"},{"taxonomy":"post_tag","embeddable":true,"href":"https:\/\/candas365.es\/noticias\/wp-json\/wp\/v2\/tags?post=123045"}],"curies":[{"name":"wp","href":"https:\/\/api.w.org\/{rel}","templated":true}]}}