{"id":123001,"date":"2019-05-23T11:27:08","date_gmt":"2019-05-23T11:27:08","guid":{"rendered":"http:\/\/candas365.es\/noticias\/?p=123001"},"modified":"2019-05-23T11:27:08","modified_gmt":"2019-05-23T11:27:08","slug":"nueva-edicion-de-los-talleres-de-pesca-en-candas","status":"publish","type":"post","link":"https:\/\/candas365.es\/noticias\/nueva-edicion-de-los-talleres-de-pesca-en-candas\/","title":{"rendered":"Nueva Edici\u00f3n de los \u201cTalleres de Pesca\u201d, en Cand\u00e1s"},"content":{"rendered":"<p><img fetchpriority=\"high\" decoding=\"async\" class=\"alignleft size-medium wp-image-94663\" src=\"https:\/\/candas365.es\/noticias\/wp-content\/uploads\/2018\/04\/candas-360x223.jpg\" alt=\"\" width=\"360\" height=\"223\" srcset=\"https:\/\/candas365.es\/noticias\/wp-content\/uploads\/2018\/04\/candas-360x223.jpg 360w, https:\/\/candas365.es\/noticias\/wp-content\/uploads\/2018\/04\/candas-768x475.jpg 768w, https:\/\/candas365.es\/noticias\/wp-content\/uploads\/2018\/04\/candas-655x405.jpg 655w, https:\/\/candas365.es\/noticias\/wp-content\/uploads\/2018\/04\/candas-356x220.jpg 356w, https:\/\/candas365.es\/noticias\/wp-content\/uploads\/2018\/04\/candas-696x431.jpg 696w, https:\/\/candas365.es\/noticias\/wp-content\/uploads\/2018\/04\/candas-679x420.jpg 679w, https:\/\/candas365.es\/noticias\/wp-content\/uploads\/2018\/04\/candas.jpg 892w\" sizes=\"(max-width: 360px) 100vw, 360px\" \/>El Ayuntamiento de Carre\u00f1o a trav\u00e9s de la Oficina de Informaci\u00f3n Juvenil de la Mancomunidad del Cabo Pe\u00f1as y la Concejal\u00eda de Juventud programa, un a\u00f1o m\u00e1s, una nueva edici\u00f3n de los \u201cTalleres de Pesca\u201d. En este caso ser\u00e1 la XI edici\u00f3n y los desarrollar\u00e1 el Club Na\u00fatico \u201cCuatro Vientos\u201d de Cand\u00e1s.<\/p>\n<p>\u201cCon la programaci\u00f3n de estos \u201cTalleres\u201d pretendemos que los ni\u00f1os y las ni\u00f1as tengan un acercamiento a la pesca, no solo desde un aspecto l\u00fadico sino tambi\u00e9n del conocimiento de las especies y medio marino, adem\u00e1s de sensibilizarles con la problem\u00e1tica de la contaminaci\u00f3n y la conveniencia de la conservaci\u00f3n de los espacios y el desarrollo sostenible\u201d\u2013 explic\u00f3 Roberto Bueno- Concejal de Juventud.<\/p>\n<p>Los talleres INFANTILES est\u00e1n dirigidos a ni\u00f1os y ni\u00f1as de entre seis y doce a\u00f1os, y los de pesca INCLUSIVA van destinados a las personas con diversidad funcional usuarias del Centro de Apoyo a la Integraci\u00f3n de Cand\u00e1s. Se impartir\u00e1n entre el 24 y el 29 de Junio en el Puerto de Cand\u00e1s y en alta mar en las embarcaciones del club, estando los ritmos de la programaci\u00f3n condicionados por los factores climatol\u00f3gicos. Siendo los turnos de los talleres dos:<\/p>\n<ul>\n<li>1\u00ba taller de 10:00 a 12:00 horas.<\/li>\n<li>2\u00ba taller de 12:00 a 14:00 horas.<\/li>\n<\/ul>\n<p>La actividad tiene dos objetivos generales: acercamiento a la pesca ya no solo desde un aspecto l\u00fadico sino tambi\u00e9n del conocimiento de las especies y medio marino (mareas, corrientes, oleaje,..) y sensibilizarse con la problem\u00e1tica de la contaminaci\u00f3n y la conveniencia de la conservaci\u00f3n de los espacios y el desarrollo sostenible, y cuatro objetivos espec\u00edficos: montaje y utilizaci\u00f3n de distintos elementos para la pesca, conocimiento de distintas t\u00e9cnicas de pesca, identificaci\u00f3n de distintas especies as\u00ed como el conocimiento de sus costumbres y ecosistemas y la normativa de pesca: tallas m\u00ednimas, periodos de vedas, valor econ\u00f3mico de la especie.<\/p>\n<p>Los contenidos did\u00e1cticos que se impartir\u00e1n en este ciclo de talleres de pesca infantil e inclusiva son los que siguen:<\/p>\n<p>\u2022 L\u00e9xico marinero.<br \/>\n\u2022 Normas de seguridad. C\u00f3mo actuar ante determinadas situaciones.<br \/>\n\u2022 Identificaci\u00f3n de especies. Tallas m\u00ednimas. Periodos de veda.<br \/>\n\u2022 Nociones b\u00e1sicas de nudos y habilidades marineras.<br \/>\n\u2022 T\u00e9cnica de Pesca a Fondo. Material necesario y montaje.<br \/>\n\u2022 T\u00e9cnica de Pesca a Boya. Material necesario y montaje.<\/p>\n<p>\u201cLa actividad docente correr\u00e1 a cargo de personal experimentado de la Secci\u00f3n de Pesca del Club N\u00e1utico Cuatro Vientos inscrito en la Federaci\u00f3n de Pesca y Casting del Principado de Asturias, los cuales transmitir\u00e1n la informaci\u00f3n mediante una explicaci\u00f3n inicial de los contenidos programados para posteriormente proceder a su puesta en pr\u00e1ctica, siempre bajo la orientaci\u00f3n y supervisi\u00f3n de los monitores\u201d a\u00f1adi\u00f3 el concejal.<\/p>\n<p>Las inscripciones de podr\u00e1n realizar los d\u00edas 3, 5 y 7 de junio presentado el modelo oficial de solicitud \u201cTalleres de Pesca\u201dde dos formas:<\/p>\n<p>\u2022 Presencial. Acudiendo a la Oficina Joven Cabo Pe\u00f1as ubicada en el Edificio Polivalente \u201cLa Baraga\u00f1a\u201d en Cand\u00e1s en las fechas de inscripci\u00f3nde 9:00 a 14:00h<br \/>\n\u2022 On-line. Enviando la solicitud oficial al correo electr\u00f3nico a oij@mcabop.com<\/p>\n<p>El coste de la actividad ser\u00e1 de 5 euros para los cuatro d\u00edas que dura el programa de ocio y ser\u00e1 abonado en el Servicio de Recaudaci\u00f3n del Ayuntamiento de Carre\u00f1o una vez confirmada la admisi\u00f3n. La inscripci\u00f3n no ser\u00e1 efectiva hasta que se efect\u00fae el pago. El listado de admisi\u00f3n se publicar\u00e1 en la web municipal www.ayto-carreno.es (agenda) y en tabl\u00f3n de anuncios de la Oficina Joven Cabo Pe\u00f1as en el Centro Polivalente \u201cLa Baraga\u00f1a\u201d.<\/p>\n<p>La asignaci\u00f3n de las plazas se har\u00e1 por riguroso de inscripci\u00f3n siguiendo los siguientes criterios de admisi\u00f3n de entre las solicitudes presentadas dentro del plazo marcado para tal fin:1\u00ba Menores residentes en Carre\u00f1o con empadronamiento en el municipio, por orden de inscripci\u00f3n hasta agotar las plazas disponibles; 2\u00ba Menores con vinculaci\u00f3n en Carre\u00f1o, es decir, familias residentes en el Concejo, segunda residencia,\u2026 por orden de inscripci\u00f3n hasta agotar, en su caso las plazas disponibles no cubiertas por la opci\u00f3n anterior; 3\u00ba Menores residentes fuera del Municipio por orden de inscripci\u00f3n<\/p>\n<p>\u201cPor tercer a\u00f1o consecutivo, el d\u00eda 26 de junio, a\u00f1adimos a los talleres una jornada de bautismo de vela, que ser\u00e1 opcional para los ni\u00f1os y las ni\u00f1as con edades comprendidas entre los ocho y los doce a\u00f1os de edad que sepan nadar. La jornada de vela tendr\u00e1, al igual que los talleres de pesca, una duraci\u00f3n de dos horas y se desarrollar\u00e1 por turnos. Aquellas que est\u00e9n interesadas en esta actividad complementaria deber\u00e1n ponerse en contacto con el Club N\u00e1utico \u201cCuatro Vientos\u201d \u2013 concluy\u00f3 el edil<\/p>\n","protected":false},"excerpt":{"rendered":"<p>El Ayuntamiento de Carre\u00f1o a trav\u00e9s de la Oficina de Informaci\u00f3n Juvenil de la Mancomunidad del Cabo Pe\u00f1as y la Concejal\u00eda de Juventud programa, un a\u00f1o m\u00e1s, una nueva edici\u00f3n de los \u201cTalleres de Pesca\u201d. En este caso ser\u00e1 la XI edici\u00f3n y los desarrollar\u00e1 el Club Na\u00fatico \u201cCuatro Vientos\u201d de Cand\u00e1s. \u201cCon la programaci\u00f3n<\/p>\n","protected":false},"author":1,"featured_media":94663,"comment_status":"closed","ping_status":"closed","sticky":false,"template":"","format":"standard","meta":{"footnotes":""},"categories":[2],"tags":[],"class_list":{"0":"post-123001","1":"post","2":"type-post","3":"status-publish","4":"format-standard","5":"has-post-thumbnail","7":"category-noticias-carreno"},"aioseo_notices":[],"aioseo_head":"\n\t\t<!-- All in One SEO Pro 4.9.6.2 - aioseo.com -->\n\t<meta name=\"description\" content=\"El Ayuntamiento de Carre\u00f1o a trav\u00e9s de la Oficina de Informaci\u00f3n Juvenil de la Mancomunidad del Cabo Pe\u00f1as y la Concejal\u00eda de Juventud programa, un a\u00f1o m\u00e1s, una nueva edici\u00f3n de los \u201cTalleres de Pesca\u201d. En este caso ser\u00e1 la XI edici\u00f3n y los desarrollar\u00e1 el Club Na\u00fatico \u201cCuatro Vientos\u201d de Cand\u00e1s. \u201cCon la programaci\u00f3n\" \/>\n\t<meta name=\"robots\" content=\"max-image-preview:large\" \/>\n\t<meta name=\"author\" content=\"Cand\u00e1s 365\"\/>\n\t<meta name=\"google-site-verification\" content=\"UA-32230408-1\" \/>\n\t<meta name=\"msvalidate.01\" content=\"354F3CDFB2DA171B47FBE9ABF1F88D5\" \/>\n\t<meta name=\"keywords\" content=\"noticias carre\u00f1o\" \/>\n\t<link rel=\"canonical\" href=\"https:\/\/candas365.es\/noticias\/nueva-edicion-de-los-talleres-de-pesca-en-candas\/\" \/>\n\t<meta name=\"generator\" content=\"All in One SEO Pro (AIOSEO) 4.9.6.2\" \/>\n\t\t<meta property=\"og:locale\" content=\"es_ES\" \/>\n\t\t<meta property=\"og:site_name\" content=\"Cand\u00e1s 365\" \/>\n\t\t<meta property=\"og:type\" content=\"article\" \/>\n\t\t<meta property=\"og:title\" content=\"Nueva Edici\u00f3n de los \u201cTalleres de Pesca\u201d, en Cand\u00e1s | Cand\u00e1s 365\" \/>\n\t\t<meta property=\"og:description\" content=\"El Ayuntamiento de Carre\u00f1o a trav\u00e9s de la Oficina de Informaci\u00f3n Juvenil de la Mancomunidad del Cabo Pe\u00f1as y la Concejal\u00eda de Juventud programa, un a\u00f1o m\u00e1s, una nueva edici\u00f3n de los \u201cTalleres de Pesca\u201d. En este caso ser\u00e1 la XI edici\u00f3n y los desarrollar\u00e1 el Club Na\u00fatico \u201cCuatro Vientos\u201d de Cand\u00e1s. \u201cCon la programaci\u00f3n\" \/>\n\t\t<meta property=\"og:url\" content=\"https:\/\/candas365.es\/noticias\/nueva-edicion-de-los-talleres-de-pesca-en-candas\/\" \/>\n\t\t<meta property=\"og:image\" content=\"https:\/\/candas365.es\/noticias\/wp-content\/uploads\/2018\/04\/candas.jpg\" \/>\n\t\t<meta property=\"og:image:secure_url\" content=\"https:\/\/candas365.es\/noticias\/wp-content\/uploads\/2018\/04\/candas.jpg\" \/>\n\t\t<meta property=\"og:image:width\" content=\"892\" \/>\n\t\t<meta property=\"og:image:height\" content=\"552\" \/>\n\t\t<meta property=\"article:published_time\" content=\"2019-05-23T11:27:08+00:00\" \/>\n\t\t<meta property=\"article:modified_time\" content=\"2019-05-23T11:27:08+00:00\" \/>\n\t\t<meta property=\"article:publisher\" content=\"https:\/\/www.facebook.com\/Nachofdezber\" \/>\n\t\t<meta property=\"article:author\" content=\"https:\/\/www.facebook.com\/carrenoactualidad\" \/>\n\t\t<meta name=\"twitter:card\" content=\"summary_large_image\" \/>\n\t\t<meta name=\"twitter:site\" content=\"@NabercoDigital\" \/>\n\t\t<meta name=\"twitter:title\" content=\"Nueva Edici\u00f3n de los \u201cTalleres de Pesca\u201d, en Cand\u00e1s | Cand\u00e1s 365\" \/>\n\t\t<meta name=\"twitter:description\" content=\"El Ayuntamiento de Carre\u00f1o a trav\u00e9s de la Oficina de Informaci\u00f3n Juvenil de la Mancomunidad del Cabo Pe\u00f1as y la Concejal\u00eda de Juventud programa, un a\u00f1o m\u00e1s, una nueva edici\u00f3n de los \u201cTalleres de Pesca\u201d. En este caso ser\u00e1 la XI edici\u00f3n y los desarrollar\u00e1 el Club Na\u00fatico \u201cCuatro Vientos\u201d de Cand\u00e1s. \u201cCon la programaci\u00f3n\" \/>\n\t\t<meta name=\"twitter:creator\" content=\"@nbasturias\" \/>\n\t\t<meta name=\"twitter:image\" content=\"https:\/\/candas365.es\/noticias\/wp-content\/uploads\/2018\/04\/candas.jpg\" \/>\n\t\t<meta name=\"twitter:label1\" content=\"Escrito por\" \/>\n\t\t<meta name=\"twitter:data1\" content=\"Cand\u00e1s 365\" \/>\n\t\t<meta name=\"twitter:label2\" content=\"Tiempo de lectura estimado\" \/>\n\t\t<meta name=\"twitter:data2\" content=\"4 minutos\" \/>\n\t\t<script type=\"application\/ld+json\" class=\"aioseo-schema\">\n\t\t\t{\"@context\":\"https:\\\/\\\/schema.org\",\"@graph\":[{\"@type\":\"BreadcrumbList\",\"@id\":\"https:\\\/\\\/candas365.es\\\/noticias\\\/nueva-edicion-de-los-talleres-de-pesca-en-candas\\\/#breadcrumblist\",\"itemListElement\":[{\"@type\":\"ListItem\",\"@id\":\"https:\\\/\\\/candas365.es\\\/noticias#listItem\",\"position\":1,\"name\":\"Home\",\"item\":\"https:\\\/\\\/candas365.es\\\/noticias\",\"nextItem\":{\"@type\":\"ListItem\",\"@id\":\"https:\\\/\\\/candas365.es\\\/noticias\\\/category\\\/noticias-carreno\\\/#listItem\",\"name\":\"Noticias Carre\\u00f1o\"}},{\"@type\":\"ListItem\",\"@id\":\"https:\\\/\\\/candas365.es\\\/noticias\\\/category\\\/noticias-carreno\\\/#listItem\",\"position\":2,\"name\":\"Noticias Carre\\u00f1o\",\"item\":\"https:\\\/\\\/candas365.es\\\/noticias\\\/category\\\/noticias-carreno\\\/\",\"nextItem\":{\"@type\":\"ListItem\",\"@id\":\"https:\\\/\\\/candas365.es\\\/noticias\\\/nueva-edicion-de-los-talleres-de-pesca-en-candas\\\/#listItem\",\"name\":\"Nueva Edici\\u00f3n de los \\u201cTalleres de Pesca\\u201d, en Cand\\u00e1s\"},\"previousItem\":{\"@type\":\"ListItem\",\"@id\":\"https:\\\/\\\/candas365.es\\\/noticias#listItem\",\"name\":\"Home\"}},{\"@type\":\"ListItem\",\"@id\":\"https:\\\/\\\/candas365.es\\\/noticias\\\/nueva-edicion-de-los-talleres-de-pesca-en-candas\\\/#listItem\",\"position\":3,\"name\":\"Nueva Edici\\u00f3n de los \\u201cTalleres de Pesca\\u201d, en Cand\\u00e1s\",\"previousItem\":{\"@type\":\"ListItem\",\"@id\":\"https:\\\/\\\/candas365.es\\\/noticias\\\/category\\\/noticias-carreno\\\/#listItem\",\"name\":\"Noticias Carre\\u00f1o\"}}]},{\"@type\":\"NewsArticle\",\"@id\":\"https:\\\/\\\/candas365.es\\\/noticias\\\/nueva-edicion-de-los-talleres-de-pesca-en-candas\\\/#newsarticle\",\"name\":\"Nueva Edici\\u00f3n de los \\u201cTalleres de Pesca\\u201d, en Cand\\u00e1s | Cand\\u00e1s 365\",\"headline\":\"Nueva Edici\\u00f3n de los \\u201cTalleres de Pesca\\u201d, en Cand\\u00e1s\",\"author\":{\"@id\":\"https:\\\/\\\/candas365.es\\\/noticias\\\/author\\\/admin\\\/#author\"},\"publisher\":{\"@id\":\"https:\\\/\\\/candas365.es\\\/noticias\\\/#organization\"},\"image\":{\"@type\":\"ImageObject\",\"url\":\"https:\\\/\\\/candas365.es\\\/noticias\\\/wp-content\\\/uploads\\\/2018\\\/04\\\/candas.jpg\",\"width\":892,\"height\":552,\"caption\":\"Cand\\u00e1s\"},\"datePublished\":\"2019-05-23T11:27:08+02:00\",\"dateModified\":\"2019-05-23T11:27:08+02:00\",\"inLanguage\":\"es-ES\",\"mainEntityOfPage\":{\"@id\":\"https:\\\/\\\/candas365.es\\\/noticias\\\/nueva-edicion-de-los-talleres-de-pesca-en-candas\\\/#webpage\"},\"isPartOf\":{\"@id\":\"https:\\\/\\\/candas365.es\\\/noticias\\\/nueva-edicion-de-los-talleres-de-pesca-en-candas\\\/#webpage\"},\"articleSection\":\"Noticias Carre\\u00f1o\",\"dateline\":\"Publicado el mayo 23, 2019.\"},{\"@type\":\"Organization\",\"@id\":\"https:\\\/\\\/candas365.es\\\/noticias\\\/#organization\",\"name\":\"Cand\\u00e1s 365\",\"description\":\"Cand\\u00e1s 365 es un diario digital independiente, fundado en 2012, con base en Asturias. Informamos con rigor sobre actualidad, sociedad, cultura y ocio, con una mirada local y global.\",\"url\":\"https:\\\/\\\/candas365.es\\\/noticias\\\/\",\"email\":\"info@candas365.es\",\"telephone\":\"+34652131393\",\"foundingDate\":\"2012-06-10\",\"logo\":{\"@type\":\"ImageObject\",\"url\":\"https:\\\/\\\/candas365.es\\\/noticias\\\/wp-content\\\/uploads\\\/2024\\\/09\\\/Candas-365-Redes.jpg\",\"@id\":\"https:\\\/\\\/candas365.es\\\/noticias\\\/nueva-edicion-de-los-talleres-de-pesca-en-candas\\\/#organizationLogo\",\"width\":1152,\"height\":864,\"caption\":\"Cand\\u00e1s 365 Redes\"},\"image\":{\"@id\":\"https:\\\/\\\/candas365.es\\\/noticias\\\/nueva-edicion-de-los-talleres-de-pesca-en-candas\\\/#organizationLogo\"},\"sameAs\":[\"https:\\\/\\\/www.facebook.com\\\/Nachofdezber\",\"https:\\\/\\\/x.com\\\/NabercoDigital\",\"https:\\\/\\\/www.instagram.com\\\/nachofdezber\\\/\",\"https:\\\/\\\/www.youtube.com\\\/channel\\\/UCZP-2wLEB9Rv6erhFmqVnvg\"],\"address\":{\"@id\":\"https:\\\/\\\/candas365.es\\\/noticias\\\/#postaladdress\",\"@type\":\"PostalAddress\",\"streetAddress\":\"san antonio 4, san antonio 4\",\"postalCode\":\"33430\",\"addressLocality\":\"Cand\\u00e1s\",\"addressRegion\":\"Asturias\",\"addressCountry\":\"ES\"}},{\"@type\":\"Person\",\"@id\":\"https:\\\/\\\/candas365.es\\\/noticias\\\/author\\\/admin\\\/#author\",\"url\":\"https:\\\/\\\/candas365.es\\\/noticias\\\/author\\\/admin\\\/\",\"name\":\"Cand\\u00e1s 365\",\"image\":{\"@type\":\"ImageObject\",\"@id\":\"https:\\\/\\\/candas365.es\\\/noticias\\\/nueva-edicion-de-los-talleres-de-pesca-en-candas\\\/#authorImage\",\"url\":\"https:\\\/\\\/secure.gravatar.com\\\/avatar\\\/496a8e03d0c493ede1718b7934145dbdf8d89be1036b0eec9544e1094c9de390?s=96&d=mm&r=g\",\"width\":96,\"height\":96,\"caption\":\"Cand\\u00e1s 365\"},\"sameAs\":[\"https:\\\/\\\/www.facebook.com\\\/carrenoactualidad\",\"https:\\\/\\\/twitter.com\\\/nbasturias\",\"https:\\\/\\\/www.instagram.com\\\/nachofdezber\\\/\",\"https:\\\/\\\/www.youtube.com\\\/channel\\\/UCZP-2wLEB9Rv6erhFmqVnvg\"]},{\"@type\":\"WebPage\",\"@id\":\"https:\\\/\\\/candas365.es\\\/noticias\\\/nueva-edicion-de-los-talleres-de-pesca-en-candas\\\/#webpage\",\"url\":\"https:\\\/\\\/candas365.es\\\/noticias\\\/nueva-edicion-de-los-talleres-de-pesca-en-candas\\\/\",\"name\":\"Nueva Edici\\u00f3n de los \\u201cTalleres de Pesca\\u201d, en Cand\\u00e1s | Cand\\u00e1s 365\",\"description\":\"El Ayuntamiento de Carre\\u00f1o a trav\\u00e9s de la Oficina de Informaci\\u00f3n Juvenil de la Mancomunidad del Cabo Pe\\u00f1as y la Concejal\\u00eda de Juventud programa, un a\\u00f1o m\\u00e1s, una nueva edici\\u00f3n de los \\u201cTalleres de Pesca\\u201d. En este caso ser\\u00e1 la XI edici\\u00f3n y los desarrollar\\u00e1 el Club Na\\u00fatico \\u201cCuatro Vientos\\u201d de Cand\\u00e1s. \\u201cCon la programaci\\u00f3n\",\"inLanguage\":\"es-ES\",\"isPartOf\":{\"@id\":\"https:\\\/\\\/candas365.es\\\/noticias\\\/#website\"},\"breadcrumb\":{\"@id\":\"https:\\\/\\\/candas365.es\\\/noticias\\\/nueva-edicion-de-los-talleres-de-pesca-en-candas\\\/#breadcrumblist\"},\"author\":{\"@id\":\"https:\\\/\\\/candas365.es\\\/noticias\\\/author\\\/admin\\\/#author\"},\"creator\":{\"@id\":\"https:\\\/\\\/candas365.es\\\/noticias\\\/author\\\/admin\\\/#author\"},\"image\":{\"@type\":\"ImageObject\",\"url\":\"https:\\\/\\\/candas365.es\\\/noticias\\\/wp-content\\\/uploads\\\/2018\\\/04\\\/candas.jpg\",\"@id\":\"https:\\\/\\\/candas365.es\\\/noticias\\\/nueva-edicion-de-los-talleres-de-pesca-en-candas\\\/#mainImage\",\"width\":892,\"height\":552,\"caption\":\"Cand\\u00e1s\"},\"primaryImageOfPage\":{\"@id\":\"https:\\\/\\\/candas365.es\\\/noticias\\\/nueva-edicion-de-los-talleres-de-pesca-en-candas\\\/#mainImage\"},\"datePublished\":\"2019-05-23T11:27:08+02:00\",\"dateModified\":\"2019-05-23T11:27:08+02:00\"},{\"@type\":\"WebSite\",\"@id\":\"https:\\\/\\\/candas365.es\\\/noticias\\\/#website\",\"url\":\"https:\\\/\\\/candas365.es\\\/noticias\\\/\",\"name\":\"Cand\\u00e1s 365\",\"alternateName\":\"Cand\\u00e1s 365 Noticias\",\"description\":\"Actualidad desde Carre\\u00f1o para el mundo\",\"inLanguage\":\"es-ES\",\"publisher\":{\"@id\":\"https:\\\/\\\/candas365.es\\\/noticias\\\/#organization\"}}]}\n\t\t<\/script>\n\t\t<!-- All in One SEO Pro -->\r\n\t\t<title>Nueva Edici\u00f3n de los \u201cTalleres de Pesca\u201d, en Cand\u00e1s | Cand\u00e1s 365<\/title>\n\n","aioseo_head_json":{"title":"Nueva Edici\u00f3n de los \u201cTalleres de Pesca\u201d, en Cand\u00e1s | Cand\u00e1s 365","description":"El Ayuntamiento de Carre\u00f1o a trav\u00e9s de la Oficina de Informaci\u00f3n Juvenil de la Mancomunidad del Cabo Pe\u00f1as y la Concejal\u00eda de Juventud programa, un a\u00f1o m\u00e1s, una nueva edici\u00f3n de los \u201cTalleres de Pesca\u201d. En este caso ser\u00e1 la XI edici\u00f3n y los desarrollar\u00e1 el Club Na\u00fatico \u201cCuatro Vientos\u201d de Cand\u00e1s. \u201cCon la programaci\u00f3n","canonical_url":"https:\/\/candas365.es\/noticias\/nueva-edicion-de-los-talleres-de-pesca-en-candas\/","robots":"max-image-preview:large","keywords":"noticias carre\u00f1o","webmasterTools":{"google-site-verification":"UA-32230408-1","msvalidate.01":"354F3CDFB2DA171B47FBE9ABF1F88D5","miscellaneous":""},"schema":{"@context":"https:\/\/schema.org","@graph":[{"@type":"BreadcrumbList","@id":"https:\/\/candas365.es\/noticias\/nueva-edicion-de-los-talleres-de-pesca-en-candas\/#breadcrumblist","itemListElement":[{"@type":"ListItem","@id":"https:\/\/candas365.es\/noticias#listItem","position":1,"name":"Home","item":"https:\/\/candas365.es\/noticias","nextItem":{"@type":"ListItem","@id":"https:\/\/candas365.es\/noticias\/category\/noticias-carreno\/#listItem","name":"Noticias Carre\u00f1o"}},{"@type":"ListItem","@id":"https:\/\/candas365.es\/noticias\/category\/noticias-carreno\/#listItem","position":2,"name":"Noticias Carre\u00f1o","item":"https:\/\/candas365.es\/noticias\/category\/noticias-carreno\/","nextItem":{"@type":"ListItem","@id":"https:\/\/candas365.es\/noticias\/nueva-edicion-de-los-talleres-de-pesca-en-candas\/#listItem","name":"Nueva Edici\u00f3n de los \u201cTalleres de Pesca\u201d, en Cand\u00e1s"},"previousItem":{"@type":"ListItem","@id":"https:\/\/candas365.es\/noticias#listItem","name":"Home"}},{"@type":"ListItem","@id":"https:\/\/candas365.es\/noticias\/nueva-edicion-de-los-talleres-de-pesca-en-candas\/#listItem","position":3,"name":"Nueva Edici\u00f3n de los \u201cTalleres de Pesca\u201d, en Cand\u00e1s","previousItem":{"@type":"ListItem","@id":"https:\/\/candas365.es\/noticias\/category\/noticias-carreno\/#listItem","name":"Noticias Carre\u00f1o"}}]},{"@type":"NewsArticle","@id":"https:\/\/candas365.es\/noticias\/nueva-edicion-de-los-talleres-de-pesca-en-candas\/#newsarticle","name":"Nueva Edici\u00f3n de los \u201cTalleres de Pesca\u201d, en Cand\u00e1s | Cand\u00e1s 365","headline":"Nueva Edici\u00f3n de los \u201cTalleres de Pesca\u201d, en Cand\u00e1s","author":{"@id":"https:\/\/candas365.es\/noticias\/author\/admin\/#author"},"publisher":{"@id":"https:\/\/candas365.es\/noticias\/#organization"},"image":{"@type":"ImageObject","url":"https:\/\/candas365.es\/noticias\/wp-content\/uploads\/2018\/04\/candas.jpg","width":892,"height":552,"caption":"Cand\u00e1s"},"datePublished":"2019-05-23T11:27:08+02:00","dateModified":"2019-05-23T11:27:08+02:00","inLanguage":"es-ES","mainEntityOfPage":{"@id":"https:\/\/candas365.es\/noticias\/nueva-edicion-de-los-talleres-de-pesca-en-candas\/#webpage"},"isPartOf":{"@id":"https:\/\/candas365.es\/noticias\/nueva-edicion-de-los-talleres-de-pesca-en-candas\/#webpage"},"articleSection":"Noticias Carre\u00f1o","dateline":"Publicado el mayo 23, 2019."},{"@type":"Organization","@id":"https:\/\/candas365.es\/noticias\/#organization","name":"Cand\u00e1s 365","description":"Cand\u00e1s 365 es un diario digital independiente, fundado en 2012, con base en Asturias. Informamos con rigor sobre actualidad, sociedad, cultura y ocio, con una mirada local y global.","url":"https:\/\/candas365.es\/noticias\/","email":"info@candas365.es","telephone":"+34652131393","foundingDate":"2012-06-10","logo":{"@type":"ImageObject","url":"https:\/\/candas365.es\/noticias\/wp-content\/uploads\/2024\/09\/Candas-365-Redes.jpg","@id":"https:\/\/candas365.es\/noticias\/nueva-edicion-de-los-talleres-de-pesca-en-candas\/#organizationLogo","width":1152,"height":864,"caption":"Cand\u00e1s 365 Redes"},"image":{"@id":"https:\/\/candas365.es\/noticias\/nueva-edicion-de-los-talleres-de-pesca-en-candas\/#organizationLogo"},"sameAs":["https:\/\/www.facebook.com\/Nachofdezber","https:\/\/x.com\/NabercoDigital","https:\/\/www.instagram.com\/nachofdezber\/","https:\/\/www.youtube.com\/channel\/UCZP-2wLEB9Rv6erhFmqVnvg"],"address":{"@id":"https:\/\/candas365.es\/noticias\/#postaladdress","@type":"PostalAddress","streetAddress":"san antonio 4, san antonio 4","postalCode":"33430","addressLocality":"Cand\u00e1s","addressRegion":"Asturias","addressCountry":"ES"}},{"@type":"Person","@id":"https:\/\/candas365.es\/noticias\/author\/admin\/#author","url":"https:\/\/candas365.es\/noticias\/author\/admin\/","name":"Cand\u00e1s 365","image":{"@type":"ImageObject","@id":"https:\/\/candas365.es\/noticias\/nueva-edicion-de-los-talleres-de-pesca-en-candas\/#authorImage","url":"https:\/\/secure.gravatar.com\/avatar\/496a8e03d0c493ede1718b7934145dbdf8d89be1036b0eec9544e1094c9de390?s=96&d=mm&r=g","width":96,"height":96,"caption":"Cand\u00e1s 365"},"sameAs":["https:\/\/www.facebook.com\/carrenoactualidad","https:\/\/twitter.com\/nbasturias","https:\/\/www.instagram.com\/nachofdezber\/","https:\/\/www.youtube.com\/channel\/UCZP-2wLEB9Rv6erhFmqVnvg"]},{"@type":"WebPage","@id":"https:\/\/candas365.es\/noticias\/nueva-edicion-de-los-talleres-de-pesca-en-candas\/#webpage","url":"https:\/\/candas365.es\/noticias\/nueva-edicion-de-los-talleres-de-pesca-en-candas\/","name":"Nueva Edici\u00f3n de los \u201cTalleres de Pesca\u201d, en Cand\u00e1s | Cand\u00e1s 365","description":"El Ayuntamiento de Carre\u00f1o a trav\u00e9s de la Oficina de Informaci\u00f3n Juvenil de la Mancomunidad del Cabo Pe\u00f1as y la Concejal\u00eda de Juventud programa, un a\u00f1o m\u00e1s, una nueva edici\u00f3n de los \u201cTalleres de Pesca\u201d. En este caso ser\u00e1 la XI edici\u00f3n y los desarrollar\u00e1 el Club Na\u00fatico \u201cCuatro Vientos\u201d de Cand\u00e1s. \u201cCon la programaci\u00f3n","inLanguage":"es-ES","isPartOf":{"@id":"https:\/\/candas365.es\/noticias\/#website"},"breadcrumb":{"@id":"https:\/\/candas365.es\/noticias\/nueva-edicion-de-los-talleres-de-pesca-en-candas\/#breadcrumblist"},"author":{"@id":"https:\/\/candas365.es\/noticias\/author\/admin\/#author"},"creator":{"@id":"https:\/\/candas365.es\/noticias\/author\/admin\/#author"},"image":{"@type":"ImageObject","url":"https:\/\/candas365.es\/noticias\/wp-content\/uploads\/2018\/04\/candas.jpg","@id":"https:\/\/candas365.es\/noticias\/nueva-edicion-de-los-talleres-de-pesca-en-candas\/#mainImage","width":892,"height":552,"caption":"Cand\u00e1s"},"primaryImageOfPage":{"@id":"https:\/\/candas365.es\/noticias\/nueva-edicion-de-los-talleres-de-pesca-en-candas\/#mainImage"},"datePublished":"2019-05-23T11:27:08+02:00","dateModified":"2019-05-23T11:27:08+02:00"},{"@type":"WebSite","@id":"https:\/\/candas365.es\/noticias\/#website","url":"https:\/\/candas365.es\/noticias\/","name":"Cand\u00e1s 365","alternateName":"Cand\u00e1s 365 Noticias","description":"Actualidad desde Carre\u00f1o para el mundo","inLanguage":"es-ES","publisher":{"@id":"https:\/\/candas365.es\/noticias\/#organization"}}]},"og:locale":"es_ES","og:site_name":"Cand\u00e1s 365","og:type":"article","og:title":"Nueva Edici\u00f3n de los \u201cTalleres de Pesca\u201d, en Cand\u00e1s | Cand\u00e1s 365","og:description":"El Ayuntamiento de Carre\u00f1o a trav\u00e9s de la Oficina de Informaci\u00f3n Juvenil de la Mancomunidad del Cabo Pe\u00f1as y la Concejal\u00eda de Juventud programa, un a\u00f1o m\u00e1s, una nueva edici\u00f3n de los \u201cTalleres de Pesca\u201d. En este caso ser\u00e1 la XI edici\u00f3n y los desarrollar\u00e1 el Club Na\u00fatico \u201cCuatro Vientos\u201d de Cand\u00e1s. \u201cCon la programaci\u00f3n","og:url":"https:\/\/candas365.es\/noticias\/nueva-edicion-de-los-talleres-de-pesca-en-candas\/","og:image":"https:\/\/candas365.es\/noticias\/wp-content\/uploads\/2018\/04\/candas.jpg","og:image:secure_url":"https:\/\/candas365.es\/noticias\/wp-content\/uploads\/2018\/04\/candas.jpg","og:image:width":892,"og:image:height":552,"article:published_time":"2019-05-23T11:27:08+00:00","article:modified_time":"2019-05-23T11:27:08+00:00","article:publisher":"https:\/\/www.facebook.com\/Nachofdezber","article:author":"https:\/\/www.facebook.com\/carrenoactualidad","twitter:card":"summary_large_image","twitter:site":"@NabercoDigital","twitter:title":"Nueva Edici\u00f3n de los \u201cTalleres de Pesca\u201d, en Cand\u00e1s | Cand\u00e1s 365","twitter:description":"El Ayuntamiento de Carre\u00f1o a trav\u00e9s de la Oficina de Informaci\u00f3n Juvenil de la Mancomunidad del Cabo Pe\u00f1as y la Concejal\u00eda de Juventud programa, un a\u00f1o m\u00e1s, una nueva edici\u00f3n de los \u201cTalleres de Pesca\u201d. En este caso ser\u00e1 la XI edici\u00f3n y los desarrollar\u00e1 el Club Na\u00fatico \u201cCuatro Vientos\u201d de Cand\u00e1s. \u201cCon la programaci\u00f3n","twitter:creator":"@nbasturias","twitter:image":"https:\/\/candas365.es\/noticias\/wp-content\/uploads\/2018\/04\/candas.jpg","twitter:label1":"Escrito por","twitter:data1":"Cand\u00e1s 365","twitter:label2":"Tiempo de lectura estimado","twitter:data2":"4 minutos"},"aioseo_meta_data":{"post_id":"123001","title":null,"description":null,"keywords":null,"keyphrases":null,"primary_term":null,"canonical_url":null,"og_title":null,"og_description":null,"og_object_type":"default","og_image_type":"default","og_image_url":null,"og_image_width":null,"og_image_height":null,"og_image_custom_url":null,"og_image_custom_fields":null,"og_video":null,"og_custom_url":null,"og_article_section":null,"og_article_tags":null,"twitter_use_og":false,"twitter_card":"default","twitter_image_type":"default","twitter_image_url":null,"twitter_image_custom_url":null,"twitter_image_custom_fields":null,"twitter_title":null,"twitter_description":null,"schema":{"blockGraphs":[],"customGraphs":[],"default":{"data":{"Article":[],"Course":[],"Dataset":[],"FAQPage":[],"Movie":[],"Person":[],"Product":[],"ProductReview":[],"Car":[],"Recipe":[],"Service":[],"SoftwareApplication":[],"WebPage":[]},"graphName":"","isEnabled":true},"graphs":[]},"schema_type":null,"schema_type_options":null,"pillar_content":false,"robots_default":true,"robots_noindex":false,"robots_noarchive":false,"robots_nosnippet":false,"robots_nofollow":false,"robots_noimageindex":false,"robots_noodp":false,"robots_notranslate":false,"robots_max_snippet":null,"robots_max_videopreview":null,"robots_max_imagepreview":"large","priority":null,"frequency":null,"location":null,"local_seo":null,"seo_analyzer_scan_date":"2025-08-29 23:57:18","breadcrumb_settings":null,"limit_modified_date":false,"reviewed_by":null,"open_ai":null,"ai":null,"created":"2020-12-21 10:57:16","updated":"2025-08-29 23:57:18"},"aioseo_breadcrumb":"<div class=\"aioseo-breadcrumbs\"><span class=\"aioseo-breadcrumb\">\n\t<a href=\"https:\/\/candas365.es\/noticias\" title=\"Home\">Home<\/a>\n<\/span><span class=\"aioseo-breadcrumb-separator\">&ndash;<\/span><span class=\"aioseo-breadcrumb\">\n\t<a href=\"https:\/\/candas365.es\/noticias\/category\/noticias-carreno\/\" title=\"Noticias Carre\u00f1o\">Noticias Carre\u00f1o<\/a>\n<\/span><span class=\"aioseo-breadcrumb-separator\">&ndash;<\/span><span class=\"aioseo-breadcrumb\">\n\tNueva Edici\u00f3n de los \u201cTalleres de Pesca\u201d, en Cand\u00e1s\n<\/span><\/div>","aioseo_breadcrumb_json":[{"label":"Home","link":"https:\/\/candas365.es\/noticias"},{"label":"Noticias Carre\u00f1o","link":"https:\/\/candas365.es\/noticias\/category\/noticias-carreno\/"},{"label":"Nueva Edici\u00f3n de los \u201cTalleres de Pesca\u201d, en Cand\u00e1s","link":"https:\/\/candas365.es\/noticias\/nueva-edicion-de-los-talleres-de-pesca-en-candas\/"}],"_links":{"self":[{"href":"https:\/\/candas365.es\/noticias\/wp-json\/wp\/v2\/posts\/123001","targetHints":{"allow":["GET"]}}],"collection":[{"href":"https:\/\/candas365.es\/noticias\/wp-json\/wp\/v2\/posts"}],"about":[{"href":"https:\/\/candas365.es\/noticias\/wp-json\/wp\/v2\/types\/post"}],"author":[{"embeddable":true,"href":"https:\/\/candas365.es\/noticias\/wp-json\/wp\/v2\/users\/1"}],"replies":[{"embeddable":true,"href":"https:\/\/candas365.es\/noticias\/wp-json\/wp\/v2\/comments?post=123001"}],"version-history":[{"count":0,"href":"https:\/\/candas365.es\/noticias\/wp-json\/wp\/v2\/posts\/123001\/revisions"}],"wp:featuredmedia":[{"embeddable":true,"href":"https:\/\/candas365.es\/noticias\/wp-json\/wp\/v2\/media\/94663"}],"wp:attachment":[{"href":"https:\/\/candas365.es\/noticias\/wp-json\/wp\/v2\/media?parent=123001"}],"wp:term":[{"taxonomy":"category","embeddable":true,"href":"https:\/\/candas365.es\/noticias\/wp-json\/wp\/v2\/categories?post=123001"},{"taxonomy":"post_tag","embeddable":true,"href":"https:\/\/candas365.es\/noticias\/wp-json\/wp\/v2\/tags?post=123001"}],"curies":[{"name":"wp","href":"https:\/\/api.w.org\/{rel}","templated":true}]}}