{"id":122800,"date":"2019-05-19T01:06:07","date_gmt":"2019-05-19T01:06:07","guid":{"rendered":"http:\/\/candas365.es\/noticias\/?p=122800"},"modified":"2019-05-19T01:06:07","modified_gmt":"2019-05-19T01:06:07","slug":"septima-bundesliga-consecutiva-para-el-bayern","status":"publish","type":"post","link":"https:\/\/candas365.es\/noticias\/septima-bundesliga-consecutiva-para-el-bayern\/","title":{"rendered":"S\u00e9ptima Bundesliga consecutiva para el Bayern"},"content":{"rendered":"<figure id=\"attachment_122801\" aria-describedby=\"caption-attachment-122801\" style=\"width: 360px\" class=\"wp-caption alignleft\"><img fetchpriority=\"high\" decoding=\"async\" class=\"size-medium wp-image-122801\" src=\"https:\/\/candas365.es\/noticias\/wp-content\/uploads\/2019\/05\/Bayer-Bundesliga-360x220.jpg\" alt=\"\" width=\"360\" height=\"220\" srcset=\"https:\/\/candas365.es\/noticias\/wp-content\/uploads\/2019\/05\/Bayer-Bundesliga-360x220.jpg 360w, https:\/\/candas365.es\/noticias\/wp-content\/uploads\/2019\/05\/Bayer-Bundesliga-768x470.jpg 768w, https:\/\/candas365.es\/noticias\/wp-content\/uploads\/2019\/05\/Bayer-Bundesliga-655x401.jpg 655w, https:\/\/candas365.es\/noticias\/wp-content\/uploads\/2019\/05\/Bayer-Bundesliga-696x426.jpg 696w, https:\/\/candas365.es\/noticias\/wp-content\/uploads\/2019\/05\/Bayer-Bundesliga-1068x654.jpg 1068w, https:\/\/candas365.es\/noticias\/wp-content\/uploads\/2019\/05\/Bayer-Bundesliga-686x420.jpg 686w, https:\/\/candas365.es\/noticias\/wp-content\/uploads\/2019\/05\/Bayer-Bundesliga.jpg 1101w\" sizes=\"(max-width: 360px) 100vw, 360px\" \/><figcaption id=\"caption-attachment-122801\" class=\"wp-caption-text\">Los jugadores del Bayern M\u00fanich levantan el trofeo de campe\u00f3n de la Bundesliga. Foto: Sven Hoppe\/dpa<\/figcaption><\/figure>\n<p>Berl\u00edn, 18 may (dpa) &#8211; El Bayern M\u00fanich se proclam\u00f3 hoy campe\u00f3n de la Bundesliga alemana de f\u00fatbol por s\u00e9ptima vez consecutiva al vencer con rotundidad por 5-1 en su cancha al Eintracht Frankfurt en la \u00faltima fecha de la temporada.<\/p>\n<p>Con el de este s\u00e1bado, el conjunto b\u00e1varo se alz\u00f3 con su t\u00edtulo n\u00famero 29 de la Liga alemana.<\/p>\n<p>Mientras, el Dortmund se qued\u00f3 con la miel en los labios despu\u00e9s de llegar a la \u00faltima fecha de la Liga con opciones de ganar el campeonato.<\/p>\n<p>En la pl\u00e1cida victoria del Bayern marc\u00f3 ya a los cuatro minutos del encuentro el franc\u00e9s Kingsley Coman. En la segunda parte, David Alaba (53&#8242;) el luso Renato Sanches (58&#8242;), Franck Rib\u00e9ry (72&#8242;) y Arjen Robben (78&#8242;) ampliaron la ventaja en el marcador. El tanto del Eintracht Frankfurt lo logr\u00f3 el franc\u00e9s S\u00e9bastien Haller (50&#8242;).<\/p>\n<p>El Dortmund se impuso por 2-0 en su visita al Borussia M\u00f6nchengladbach con los goles de Jadon Sancho (45&#8242;) y Marco Reus (54&#8242;), pero no le fue suficiente para alzarse con su primer t\u00edtulo desde 2012.<\/p>\n<p>Por otra parte, el Bayer Leverkusen se adjudic\u00f3 el \u00faltimo puesto libre para la Liga de Campeones con una victoria frente al Hertha que dej\u00f3 al M\u00f6nchengladbach en el quinto lugar que da acceso a la Liga Europa.<\/p>\n<p>El Wolfsburgo y el Frankfurt lograron tambi\u00e9n terminar en los puestos europeos.<\/p>\n","protected":false},"excerpt":{"rendered":"<p>Berl\u00edn, 18 may (dpa) &#8211; El Bayern M\u00fanich se proclam\u00f3 hoy campe\u00f3n de la Bundesliga alemana de f\u00fatbol por s\u00e9ptima vez consecutiva al vencer con rotundidad por 5-1 en su cancha al Eintracht Frankfurt en la \u00faltima fecha de la temporada. Con el de este s\u00e1bado, el conjunto b\u00e1varo se alz\u00f3 con su t\u00edtulo n\u00famero<\/p>\n","protected":false},"author":1,"featured_media":122801,"comment_status":"closed","ping_status":"closed","sticky":false,"template":"","format":"standard","meta":{"footnotes":""},"categories":[319],"tags":[],"class_list":{"0":"post-122800","1":"post","2":"type-post","3":"status-publish","4":"format-standard","5":"has-post-thumbnail","7":"category-deporte"},"aioseo_notices":[],"aioseo_head":"\n\t\t<!-- All in One SEO Pro 4.9.6.2 - aioseo.com -->\n\t<meta name=\"description\" content=\"Berl\u00edn, 18 may (dpa) - El Bayern M\u00fanich se proclam\u00f3 hoy campe\u00f3n de la Bundesliga alemana de f\u00fatbol por s\u00e9ptima vez consecutiva al vencer con rotundidad por 5-1 en su cancha al Eintracht Frankfurt en la \u00faltima fecha de la temporada. Con el de este s\u00e1bado, el conjunto b\u00e1varo se alz\u00f3 con su t\u00edtulo n\u00famero\" \/>\n\t<meta name=\"robots\" content=\"max-image-preview:large\" \/>\n\t<meta name=\"author\" content=\"Cand\u00e1s 365\"\/>\n\t<meta name=\"google-site-verification\" content=\"UA-32230408-1\" \/>\n\t<meta name=\"msvalidate.01\" content=\"354F3CDFB2DA171B47FBE9ABF1F88D5\" \/>\n\t<meta name=\"keywords\" content=\"deporte\" \/>\n\t<link rel=\"canonical\" href=\"https:\/\/candas365.es\/noticias\/septima-bundesliga-consecutiva-para-el-bayern\/\" \/>\n\t<meta name=\"generator\" content=\"All in One SEO Pro (AIOSEO) 4.9.6.2\" \/>\n\t\t<meta property=\"og:locale\" content=\"es_ES\" \/>\n\t\t<meta property=\"og:site_name\" content=\"Cand\u00e1s 365\" \/>\n\t\t<meta property=\"og:type\" content=\"article\" \/>\n\t\t<meta property=\"og:title\" content=\"S\u00e9ptima Bundesliga consecutiva para el Bayern | Cand\u00e1s 365\" \/>\n\t\t<meta property=\"og:description\" content=\"Berl\u00edn, 18 may (dpa) - El Bayern M\u00fanich se proclam\u00f3 hoy campe\u00f3n de la Bundesliga alemana de f\u00fatbol por s\u00e9ptima vez consecutiva al vencer con rotundidad por 5-1 en su cancha al Eintracht Frankfurt en la \u00faltima fecha de la temporada. Con el de este s\u00e1bado, el conjunto b\u00e1varo se alz\u00f3 con su t\u00edtulo n\u00famero\" \/>\n\t\t<meta property=\"og:url\" content=\"https:\/\/candas365.es\/noticias\/septima-bundesliga-consecutiva-para-el-bayern\/\" \/>\n\t\t<meta property=\"og:image\" content=\"https:\/\/candas365.es\/noticias\/wp-content\/uploads\/2019\/05\/Bayer-Bundesliga.jpg\" \/>\n\t\t<meta property=\"og:image:secure_url\" content=\"https:\/\/candas365.es\/noticias\/wp-content\/uploads\/2019\/05\/Bayer-Bundesliga.jpg\" \/>\n\t\t<meta property=\"og:image:width\" content=\"1101\" \/>\n\t\t<meta property=\"og:image:height\" content=\"674\" \/>\n\t\t<meta property=\"article:published_time\" content=\"2019-05-19T01:06:07+00:00\" \/>\n\t\t<meta property=\"article:modified_time\" content=\"2019-05-19T01:06:07+00:00\" \/>\n\t\t<meta property=\"article:publisher\" content=\"https:\/\/www.facebook.com\/Nachofdezber\" \/>\n\t\t<meta property=\"article:author\" content=\"https:\/\/www.facebook.com\/carrenoactualidad\" \/>\n\t\t<meta name=\"twitter:card\" content=\"summary_large_image\" \/>\n\t\t<meta name=\"twitter:site\" content=\"@NabercoDigital\" \/>\n\t\t<meta name=\"twitter:title\" content=\"S\u00e9ptima Bundesliga consecutiva para el Bayern | Cand\u00e1s 365\" \/>\n\t\t<meta name=\"twitter:description\" content=\"Berl\u00edn, 18 may (dpa) - El Bayern M\u00fanich se proclam\u00f3 hoy campe\u00f3n de la Bundesliga alemana de f\u00fatbol por s\u00e9ptima vez consecutiva al vencer con rotundidad por 5-1 en su cancha al Eintracht Frankfurt en la \u00faltima fecha de la temporada. Con el de este s\u00e1bado, el conjunto b\u00e1varo se alz\u00f3 con su t\u00edtulo n\u00famero\" \/>\n\t\t<meta name=\"twitter:creator\" content=\"@nbasturias\" \/>\n\t\t<meta name=\"twitter:image\" content=\"https:\/\/candas365.es\/noticias\/wp-content\/uploads\/2019\/05\/Bayer-Bundesliga.jpg\" \/>\n\t\t<meta name=\"twitter:label1\" content=\"Escrito por\" \/>\n\t\t<meta name=\"twitter:data1\" content=\"Cand\u00e1s 365\" \/>\n\t\t<meta name=\"twitter:label2\" content=\"Tiempo de lectura estimado\" \/>\n\t\t<meta name=\"twitter:data2\" content=\"1 minuto\" \/>\n\t\t<script type=\"application\/ld+json\" class=\"aioseo-schema\">\n\t\t\t{\"@context\":\"https:\\\/\\\/schema.org\",\"@graph\":[{\"@type\":\"BreadcrumbList\",\"@id\":\"https:\\\/\\\/candas365.es\\\/noticias\\\/septima-bundesliga-consecutiva-para-el-bayern\\\/#breadcrumblist\",\"itemListElement\":[{\"@type\":\"ListItem\",\"@id\":\"https:\\\/\\\/candas365.es\\\/noticias#listItem\",\"position\":1,\"name\":\"Home\",\"item\":\"https:\\\/\\\/candas365.es\\\/noticias\",\"nextItem\":{\"@type\":\"ListItem\",\"@id\":\"https:\\\/\\\/candas365.es\\\/noticias\\\/category\\\/deporte\\\/#listItem\",\"name\":\"Deporte\"}},{\"@type\":\"ListItem\",\"@id\":\"https:\\\/\\\/candas365.es\\\/noticias\\\/category\\\/deporte\\\/#listItem\",\"position\":2,\"name\":\"Deporte\",\"item\":\"https:\\\/\\\/candas365.es\\\/noticias\\\/category\\\/deporte\\\/\",\"nextItem\":{\"@type\":\"ListItem\",\"@id\":\"https:\\\/\\\/candas365.es\\\/noticias\\\/septima-bundesliga-consecutiva-para-el-bayern\\\/#listItem\",\"name\":\"S\\u00e9ptima Bundesliga consecutiva para el Bayern\"},\"previousItem\":{\"@type\":\"ListItem\",\"@id\":\"https:\\\/\\\/candas365.es\\\/noticias#listItem\",\"name\":\"Home\"}},{\"@type\":\"ListItem\",\"@id\":\"https:\\\/\\\/candas365.es\\\/noticias\\\/septima-bundesliga-consecutiva-para-el-bayern\\\/#listItem\",\"position\":3,\"name\":\"S\\u00e9ptima Bundesliga consecutiva para el Bayern\",\"previousItem\":{\"@type\":\"ListItem\",\"@id\":\"https:\\\/\\\/candas365.es\\\/noticias\\\/category\\\/deporte\\\/#listItem\",\"name\":\"Deporte\"}}]},{\"@type\":\"NewsArticle\",\"@id\":\"https:\\\/\\\/candas365.es\\\/noticias\\\/septima-bundesliga-consecutiva-para-el-bayern\\\/#newsarticle\",\"name\":\"S\\u00e9ptima Bundesliga consecutiva para el Bayern | Cand\\u00e1s 365\",\"headline\":\"S\\u00e9ptima Bundesliga consecutiva para el Bayern\",\"author\":{\"@id\":\"https:\\\/\\\/candas365.es\\\/noticias\\\/author\\\/admin\\\/#author\"},\"publisher\":{\"@id\":\"https:\\\/\\\/candas365.es\\\/noticias\\\/#organization\"},\"image\":{\"@type\":\"ImageObject\",\"url\":\"https:\\\/\\\/candas365.es\\\/noticias\\\/wp-content\\\/uploads\\\/2019\\\/05\\\/Bayer-Bundesliga.jpg\",\"width\":1101,\"height\":674,\"caption\":\"Los jugadores del Bayern M\\u00fanich levantan el trofeo de campe\\u00f3n de la Bundesliga. Foto: Sven Hoppe\\\/dpa\"},\"datePublished\":\"2019-05-19T01:06:07+02:00\",\"dateModified\":\"2019-05-19T01:06:07+02:00\",\"inLanguage\":\"es-ES\",\"mainEntityOfPage\":{\"@id\":\"https:\\\/\\\/candas365.es\\\/noticias\\\/septima-bundesliga-consecutiva-para-el-bayern\\\/#webpage\"},\"isPartOf\":{\"@id\":\"https:\\\/\\\/candas365.es\\\/noticias\\\/septima-bundesliga-consecutiva-para-el-bayern\\\/#webpage\"},\"articleSection\":\"Deporte\",\"dateline\":\"Publicado el mayo 19, 2019.\"},{\"@type\":\"Organization\",\"@id\":\"https:\\\/\\\/candas365.es\\\/noticias\\\/#organization\",\"name\":\"Cand\\u00e1s 365\",\"description\":\"Cand\\u00e1s 365 es un diario digital independiente, fundado en 2012, con base en Asturias. Informamos con rigor sobre actualidad, sociedad, cultura y ocio, con una mirada local y global.\",\"url\":\"https:\\\/\\\/candas365.es\\\/noticias\\\/\",\"email\":\"info@candas365.es\",\"telephone\":\"+34652131393\",\"foundingDate\":\"2012-06-10\",\"logo\":{\"@type\":\"ImageObject\",\"url\":\"https:\\\/\\\/candas365.es\\\/noticias\\\/wp-content\\\/uploads\\\/2024\\\/09\\\/Candas-365-Redes.jpg\",\"@id\":\"https:\\\/\\\/candas365.es\\\/noticias\\\/septima-bundesliga-consecutiva-para-el-bayern\\\/#organizationLogo\",\"width\":1152,\"height\":864,\"caption\":\"Cand\\u00e1s 365 Redes\"},\"image\":{\"@id\":\"https:\\\/\\\/candas365.es\\\/noticias\\\/septima-bundesliga-consecutiva-para-el-bayern\\\/#organizationLogo\"},\"sameAs\":[\"https:\\\/\\\/www.facebook.com\\\/Nachofdezber\",\"https:\\\/\\\/x.com\\\/NabercoDigital\",\"https:\\\/\\\/www.instagram.com\\\/nachofdezber\\\/\",\"https:\\\/\\\/www.youtube.com\\\/channel\\\/UCZP-2wLEB9Rv6erhFmqVnvg\"],\"address\":{\"@id\":\"https:\\\/\\\/candas365.es\\\/noticias\\\/#postaladdress\",\"@type\":\"PostalAddress\",\"streetAddress\":\"san antonio 4, san antonio 4\",\"postalCode\":\"33430\",\"addressLocality\":\"Cand\\u00e1s\",\"addressRegion\":\"Asturias\",\"addressCountry\":\"ES\"}},{\"@type\":\"Person\",\"@id\":\"https:\\\/\\\/candas365.es\\\/noticias\\\/author\\\/admin\\\/#author\",\"url\":\"https:\\\/\\\/candas365.es\\\/noticias\\\/author\\\/admin\\\/\",\"name\":\"Cand\\u00e1s 365\",\"image\":{\"@type\":\"ImageObject\",\"@id\":\"https:\\\/\\\/candas365.es\\\/noticias\\\/septima-bundesliga-consecutiva-para-el-bayern\\\/#authorImage\",\"url\":\"https:\\\/\\\/secure.gravatar.com\\\/avatar\\\/496a8e03d0c493ede1718b7934145dbdf8d89be1036b0eec9544e1094c9de390?s=96&d=mm&r=g\",\"width\":96,\"height\":96,\"caption\":\"Cand\\u00e1s 365\"},\"sameAs\":[\"https:\\\/\\\/www.facebook.com\\\/carrenoactualidad\",\"https:\\\/\\\/twitter.com\\\/nbasturias\",\"https:\\\/\\\/www.instagram.com\\\/nachofdezber\\\/\",\"https:\\\/\\\/www.youtube.com\\\/channel\\\/UCZP-2wLEB9Rv6erhFmqVnvg\"]},{\"@type\":\"WebPage\",\"@id\":\"https:\\\/\\\/candas365.es\\\/noticias\\\/septima-bundesliga-consecutiva-para-el-bayern\\\/#webpage\",\"url\":\"https:\\\/\\\/candas365.es\\\/noticias\\\/septima-bundesliga-consecutiva-para-el-bayern\\\/\",\"name\":\"S\\u00e9ptima Bundesliga consecutiva para el Bayern | Cand\\u00e1s 365\",\"description\":\"Berl\\u00edn, 18 may (dpa) - El Bayern M\\u00fanich se proclam\\u00f3 hoy campe\\u00f3n de la Bundesliga alemana de f\\u00fatbol por s\\u00e9ptima vez consecutiva al vencer con rotundidad por 5-1 en su cancha al Eintracht Frankfurt en la \\u00faltima fecha de la temporada. Con el de este s\\u00e1bado, el conjunto b\\u00e1varo se alz\\u00f3 con su t\\u00edtulo n\\u00famero\",\"inLanguage\":\"es-ES\",\"isPartOf\":{\"@id\":\"https:\\\/\\\/candas365.es\\\/noticias\\\/#website\"},\"breadcrumb\":{\"@id\":\"https:\\\/\\\/candas365.es\\\/noticias\\\/septima-bundesliga-consecutiva-para-el-bayern\\\/#breadcrumblist\"},\"author\":{\"@id\":\"https:\\\/\\\/candas365.es\\\/noticias\\\/author\\\/admin\\\/#author\"},\"creator\":{\"@id\":\"https:\\\/\\\/candas365.es\\\/noticias\\\/author\\\/admin\\\/#author\"},\"image\":{\"@type\":\"ImageObject\",\"url\":\"https:\\\/\\\/candas365.es\\\/noticias\\\/wp-content\\\/uploads\\\/2019\\\/05\\\/Bayer-Bundesliga.jpg\",\"@id\":\"https:\\\/\\\/candas365.es\\\/noticias\\\/septima-bundesliga-consecutiva-para-el-bayern\\\/#mainImage\",\"width\":1101,\"height\":674,\"caption\":\"Los jugadores del Bayern M\\u00fanich levantan el trofeo de campe\\u00f3n de la Bundesliga. Foto: Sven Hoppe\\\/dpa\"},\"primaryImageOfPage\":{\"@id\":\"https:\\\/\\\/candas365.es\\\/noticias\\\/septima-bundesliga-consecutiva-para-el-bayern\\\/#mainImage\"},\"datePublished\":\"2019-05-19T01:06:07+02:00\",\"dateModified\":\"2019-05-19T01:06:07+02:00\"},{\"@type\":\"WebSite\",\"@id\":\"https:\\\/\\\/candas365.es\\\/noticias\\\/#website\",\"url\":\"https:\\\/\\\/candas365.es\\\/noticias\\\/\",\"name\":\"Cand\\u00e1s 365\",\"alternateName\":\"Cand\\u00e1s 365 Noticias\",\"description\":\"Actualidad desde Carre\\u00f1o para el mundo\",\"inLanguage\":\"es-ES\",\"publisher\":{\"@id\":\"https:\\\/\\\/candas365.es\\\/noticias\\\/#organization\"}}]}\n\t\t<\/script>\n\t\t<!-- All in One SEO Pro -->\r\n\t\t<title>S\u00e9ptima Bundesliga consecutiva para el Bayern | Cand\u00e1s 365<\/title>\n\n","aioseo_head_json":{"title":"S\u00e9ptima Bundesliga consecutiva para el Bayern | Cand\u00e1s 365","description":"Berl\u00edn, 18 may (dpa) - El Bayern M\u00fanich se proclam\u00f3 hoy campe\u00f3n de la Bundesliga alemana de f\u00fatbol por s\u00e9ptima vez consecutiva al vencer con rotundidad por 5-1 en su cancha al Eintracht Frankfurt en la \u00faltima fecha de la temporada. Con el de este s\u00e1bado, el conjunto b\u00e1varo se alz\u00f3 con su t\u00edtulo n\u00famero","canonical_url":"https:\/\/candas365.es\/noticias\/septima-bundesliga-consecutiva-para-el-bayern\/","robots":"max-image-preview:large","keywords":"deporte","webmasterTools":{"google-site-verification":"UA-32230408-1","msvalidate.01":"354F3CDFB2DA171B47FBE9ABF1F88D5","miscellaneous":""},"schema":{"@context":"https:\/\/schema.org","@graph":[{"@type":"BreadcrumbList","@id":"https:\/\/candas365.es\/noticias\/septima-bundesliga-consecutiva-para-el-bayern\/#breadcrumblist","itemListElement":[{"@type":"ListItem","@id":"https:\/\/candas365.es\/noticias#listItem","position":1,"name":"Home","item":"https:\/\/candas365.es\/noticias","nextItem":{"@type":"ListItem","@id":"https:\/\/candas365.es\/noticias\/category\/deporte\/#listItem","name":"Deporte"}},{"@type":"ListItem","@id":"https:\/\/candas365.es\/noticias\/category\/deporte\/#listItem","position":2,"name":"Deporte","item":"https:\/\/candas365.es\/noticias\/category\/deporte\/","nextItem":{"@type":"ListItem","@id":"https:\/\/candas365.es\/noticias\/septima-bundesliga-consecutiva-para-el-bayern\/#listItem","name":"S\u00e9ptima Bundesliga consecutiva para el Bayern"},"previousItem":{"@type":"ListItem","@id":"https:\/\/candas365.es\/noticias#listItem","name":"Home"}},{"@type":"ListItem","@id":"https:\/\/candas365.es\/noticias\/septima-bundesliga-consecutiva-para-el-bayern\/#listItem","position":3,"name":"S\u00e9ptima Bundesliga consecutiva para el Bayern","previousItem":{"@type":"ListItem","@id":"https:\/\/candas365.es\/noticias\/category\/deporte\/#listItem","name":"Deporte"}}]},{"@type":"NewsArticle","@id":"https:\/\/candas365.es\/noticias\/septima-bundesliga-consecutiva-para-el-bayern\/#newsarticle","name":"S\u00e9ptima Bundesliga consecutiva para el Bayern | Cand\u00e1s 365","headline":"S\u00e9ptima Bundesliga consecutiva para el Bayern","author":{"@id":"https:\/\/candas365.es\/noticias\/author\/admin\/#author"},"publisher":{"@id":"https:\/\/candas365.es\/noticias\/#organization"},"image":{"@type":"ImageObject","url":"https:\/\/candas365.es\/noticias\/wp-content\/uploads\/2019\/05\/Bayer-Bundesliga.jpg","width":1101,"height":674,"caption":"Los jugadores del Bayern M\u00fanich levantan el trofeo de campe\u00f3n de la Bundesliga. Foto: Sven Hoppe\/dpa"},"datePublished":"2019-05-19T01:06:07+02:00","dateModified":"2019-05-19T01:06:07+02:00","inLanguage":"es-ES","mainEntityOfPage":{"@id":"https:\/\/candas365.es\/noticias\/septima-bundesliga-consecutiva-para-el-bayern\/#webpage"},"isPartOf":{"@id":"https:\/\/candas365.es\/noticias\/septima-bundesliga-consecutiva-para-el-bayern\/#webpage"},"articleSection":"Deporte","dateline":"Publicado el mayo 19, 2019."},{"@type":"Organization","@id":"https:\/\/candas365.es\/noticias\/#organization","name":"Cand\u00e1s 365","description":"Cand\u00e1s 365 es un diario digital independiente, fundado en 2012, con base en Asturias. Informamos con rigor sobre actualidad, sociedad, cultura y ocio, con una mirada local y global.","url":"https:\/\/candas365.es\/noticias\/","email":"info@candas365.es","telephone":"+34652131393","foundingDate":"2012-06-10","logo":{"@type":"ImageObject","url":"https:\/\/candas365.es\/noticias\/wp-content\/uploads\/2024\/09\/Candas-365-Redes.jpg","@id":"https:\/\/candas365.es\/noticias\/septima-bundesliga-consecutiva-para-el-bayern\/#organizationLogo","width":1152,"height":864,"caption":"Cand\u00e1s 365 Redes"},"image":{"@id":"https:\/\/candas365.es\/noticias\/septima-bundesliga-consecutiva-para-el-bayern\/#organizationLogo"},"sameAs":["https:\/\/www.facebook.com\/Nachofdezber","https:\/\/x.com\/NabercoDigital","https:\/\/www.instagram.com\/nachofdezber\/","https:\/\/www.youtube.com\/channel\/UCZP-2wLEB9Rv6erhFmqVnvg"],"address":{"@id":"https:\/\/candas365.es\/noticias\/#postaladdress","@type":"PostalAddress","streetAddress":"san antonio 4, san antonio 4","postalCode":"33430","addressLocality":"Cand\u00e1s","addressRegion":"Asturias","addressCountry":"ES"}},{"@type":"Person","@id":"https:\/\/candas365.es\/noticias\/author\/admin\/#author","url":"https:\/\/candas365.es\/noticias\/author\/admin\/","name":"Cand\u00e1s 365","image":{"@type":"ImageObject","@id":"https:\/\/candas365.es\/noticias\/septima-bundesliga-consecutiva-para-el-bayern\/#authorImage","url":"https:\/\/secure.gravatar.com\/avatar\/496a8e03d0c493ede1718b7934145dbdf8d89be1036b0eec9544e1094c9de390?s=96&d=mm&r=g","width":96,"height":96,"caption":"Cand\u00e1s 365"},"sameAs":["https:\/\/www.facebook.com\/carrenoactualidad","https:\/\/twitter.com\/nbasturias","https:\/\/www.instagram.com\/nachofdezber\/","https:\/\/www.youtube.com\/channel\/UCZP-2wLEB9Rv6erhFmqVnvg"]},{"@type":"WebPage","@id":"https:\/\/candas365.es\/noticias\/septima-bundesliga-consecutiva-para-el-bayern\/#webpage","url":"https:\/\/candas365.es\/noticias\/septima-bundesliga-consecutiva-para-el-bayern\/","name":"S\u00e9ptima Bundesliga consecutiva para el Bayern | Cand\u00e1s 365","description":"Berl\u00edn, 18 may (dpa) - El Bayern M\u00fanich se proclam\u00f3 hoy campe\u00f3n de la Bundesliga alemana de f\u00fatbol por s\u00e9ptima vez consecutiva al vencer con rotundidad por 5-1 en su cancha al Eintracht Frankfurt en la \u00faltima fecha de la temporada. Con el de este s\u00e1bado, el conjunto b\u00e1varo se alz\u00f3 con su t\u00edtulo n\u00famero","inLanguage":"es-ES","isPartOf":{"@id":"https:\/\/candas365.es\/noticias\/#website"},"breadcrumb":{"@id":"https:\/\/candas365.es\/noticias\/septima-bundesliga-consecutiva-para-el-bayern\/#breadcrumblist"},"author":{"@id":"https:\/\/candas365.es\/noticias\/author\/admin\/#author"},"creator":{"@id":"https:\/\/candas365.es\/noticias\/author\/admin\/#author"},"image":{"@type":"ImageObject","url":"https:\/\/candas365.es\/noticias\/wp-content\/uploads\/2019\/05\/Bayer-Bundesliga.jpg","@id":"https:\/\/candas365.es\/noticias\/septima-bundesliga-consecutiva-para-el-bayern\/#mainImage","width":1101,"height":674,"caption":"Los jugadores del Bayern M\u00fanich levantan el trofeo de campe\u00f3n de la Bundesliga. Foto: Sven Hoppe\/dpa"},"primaryImageOfPage":{"@id":"https:\/\/candas365.es\/noticias\/septima-bundesliga-consecutiva-para-el-bayern\/#mainImage"},"datePublished":"2019-05-19T01:06:07+02:00","dateModified":"2019-05-19T01:06:07+02:00"},{"@type":"WebSite","@id":"https:\/\/candas365.es\/noticias\/#website","url":"https:\/\/candas365.es\/noticias\/","name":"Cand\u00e1s 365","alternateName":"Cand\u00e1s 365 Noticias","description":"Actualidad desde Carre\u00f1o para el mundo","inLanguage":"es-ES","publisher":{"@id":"https:\/\/candas365.es\/noticias\/#organization"}}]},"og:locale":"es_ES","og:site_name":"Cand\u00e1s 365","og:type":"article","og:title":"S\u00e9ptima Bundesliga consecutiva para el Bayern | Cand\u00e1s 365","og:description":"Berl\u00edn, 18 may (dpa) - El Bayern M\u00fanich se proclam\u00f3 hoy campe\u00f3n de la Bundesliga alemana de f\u00fatbol por s\u00e9ptima vez consecutiva al vencer con rotundidad por 5-1 en su cancha al Eintracht Frankfurt en la \u00faltima fecha de la temporada. Con el de este s\u00e1bado, el conjunto b\u00e1varo se alz\u00f3 con su t\u00edtulo n\u00famero","og:url":"https:\/\/candas365.es\/noticias\/septima-bundesliga-consecutiva-para-el-bayern\/","og:image":"https:\/\/candas365.es\/noticias\/wp-content\/uploads\/2019\/05\/Bayer-Bundesliga.jpg","og:image:secure_url":"https:\/\/candas365.es\/noticias\/wp-content\/uploads\/2019\/05\/Bayer-Bundesliga.jpg","og:image:width":1101,"og:image:height":674,"article:published_time":"2019-05-19T01:06:07+00:00","article:modified_time":"2019-05-19T01:06:07+00:00","article:publisher":"https:\/\/www.facebook.com\/Nachofdezber","article:author":"https:\/\/www.facebook.com\/carrenoactualidad","twitter:card":"summary_large_image","twitter:site":"@NabercoDigital","twitter:title":"S\u00e9ptima Bundesliga consecutiva para el Bayern | Cand\u00e1s 365","twitter:description":"Berl\u00edn, 18 may (dpa) - El Bayern M\u00fanich se proclam\u00f3 hoy campe\u00f3n de la Bundesliga alemana de f\u00fatbol por s\u00e9ptima vez consecutiva al vencer con rotundidad por 5-1 en su cancha al Eintracht Frankfurt en la \u00faltima fecha de la temporada. Con el de este s\u00e1bado, el conjunto b\u00e1varo se alz\u00f3 con su t\u00edtulo n\u00famero","twitter:creator":"@nbasturias","twitter:image":"https:\/\/candas365.es\/noticias\/wp-content\/uploads\/2019\/05\/Bayer-Bundesliga.jpg","twitter:label1":"Escrito por","twitter:data1":"Cand\u00e1s 365","twitter:label2":"Tiempo de lectura estimado","twitter:data2":"1 minuto"},"aioseo_meta_data":{"post_id":"122800","title":null,"description":null,"keywords":null,"keyphrases":null,"primary_term":null,"canonical_url":null,"og_title":null,"og_description":null,"og_object_type":"default","og_image_type":"default","og_image_url":null,"og_image_width":null,"og_image_height":null,"og_image_custom_url":null,"og_image_custom_fields":null,"og_video":null,"og_custom_url":null,"og_article_section":null,"og_article_tags":null,"twitter_use_og":false,"twitter_card":"default","twitter_image_type":"default","twitter_image_url":null,"twitter_image_custom_url":null,"twitter_image_custom_fields":null,"twitter_title":null,"twitter_description":null,"schema":{"blockGraphs":[],"customGraphs":[],"default":{"data":{"Article":[],"Course":[],"Dataset":[],"FAQPage":[],"Movie":[],"Person":[],"Product":[],"ProductReview":[],"Car":[],"Recipe":[],"Service":[],"SoftwareApplication":[],"WebPage":[]},"graphName":"","isEnabled":true},"graphs":[],"defaultGraph":"","defaultPostTypeGraph":""},"schema_type":null,"schema_type_options":null,"pillar_content":false,"robots_default":true,"robots_noindex":false,"robots_noarchive":false,"robots_nosnippet":false,"robots_nofollow":false,"robots_noimageindex":false,"robots_noodp":false,"robots_notranslate":false,"robots_max_snippet":null,"robots_max_videopreview":null,"robots_max_imagepreview":"large","priority":null,"frequency":null,"location":null,"local_seo":null,"seo_analyzer_scan_date":"2025-08-29 23:24:12","breadcrumb_settings":null,"limit_modified_date":false,"reviewed_by":null,"open_ai":null,"ai":null,"created":"2020-12-21 10:57:30","updated":"2025-08-29 23:24:12"},"aioseo_breadcrumb":"<div class=\"aioseo-breadcrumbs\"><span class=\"aioseo-breadcrumb\">\n\t<a href=\"https:\/\/candas365.es\/noticias\" title=\"Home\">Home<\/a>\n<\/span><span class=\"aioseo-breadcrumb-separator\">&ndash;<\/span><span class=\"aioseo-breadcrumb\">\n\t<a href=\"https:\/\/candas365.es\/noticias\/category\/deporte\/\" title=\"Deporte\">Deporte<\/a>\n<\/span><span class=\"aioseo-breadcrumb-separator\">&ndash;<\/span><span class=\"aioseo-breadcrumb\">\n\tS\u00e9ptima Bundesliga consecutiva para el Bayern\n<\/span><\/div>","aioseo_breadcrumb_json":[{"label":"Home","link":"https:\/\/candas365.es\/noticias"},{"label":"Deporte","link":"https:\/\/candas365.es\/noticias\/category\/deporte\/"},{"label":"S\u00e9ptima Bundesliga consecutiva para el Bayern","link":"https:\/\/candas365.es\/noticias\/septima-bundesliga-consecutiva-para-el-bayern\/"}],"_links":{"self":[{"href":"https:\/\/candas365.es\/noticias\/wp-json\/wp\/v2\/posts\/122800","targetHints":{"allow":["GET"]}}],"collection":[{"href":"https:\/\/candas365.es\/noticias\/wp-json\/wp\/v2\/posts"}],"about":[{"href":"https:\/\/candas365.es\/noticias\/wp-json\/wp\/v2\/types\/post"}],"author":[{"embeddable":true,"href":"https:\/\/candas365.es\/noticias\/wp-json\/wp\/v2\/users\/1"}],"replies":[{"embeddable":true,"href":"https:\/\/candas365.es\/noticias\/wp-json\/wp\/v2\/comments?post=122800"}],"version-history":[{"count":0,"href":"https:\/\/candas365.es\/noticias\/wp-json\/wp\/v2\/posts\/122800\/revisions"}],"wp:featuredmedia":[{"embeddable":true,"href":"https:\/\/candas365.es\/noticias\/wp-json\/wp\/v2\/media\/122801"}],"wp:attachment":[{"href":"https:\/\/candas365.es\/noticias\/wp-json\/wp\/v2\/media?parent=122800"}],"wp:term":[{"taxonomy":"category","embeddable":true,"href":"https:\/\/candas365.es\/noticias\/wp-json\/wp\/v2\/categories?post=122800"},{"taxonomy":"post_tag","embeddable":true,"href":"https:\/\/candas365.es\/noticias\/wp-json\/wp\/v2\/tags?post=122800"}],"curies":[{"name":"wp","href":"https:\/\/api.w.org\/{rel}","templated":true}]}}