{"id":122718,"date":"2019-05-17T17:16:36","date_gmt":"2019-05-17T17:16:36","guid":{"rendered":"http:\/\/candas365.es\/noticias\/?p=122718"},"modified":"2019-05-17T17:16:36","modified_gmt":"2019-05-17T17:16:36","slug":"el-bayern-munich-jugara-sin-neuer-ni-james-contra-frankfurt","status":"publish","type":"post","link":"https:\/\/candas365.es\/noticias\/el-bayern-munich-jugara-sin-neuer-ni-james-contra-frankfurt\/","title":{"rendered":"El Bayern M\u00fanich jugar\u00e1 sin Neuer ni James contra Frankfurt"},"content":{"rendered":"<p><img fetchpriority=\"high\" decoding=\"async\" class=\"alignleft size-medium wp-image-94574\" src=\"https:\/\/candas365.es\/noticias\/wp-content\/uploads\/2018\/04\/arena-1181668_960_720-360x240.jpg\" alt=\"\" width=\"360\" height=\"240\" srcset=\"https:\/\/candas365.es\/noticias\/wp-content\/uploads\/2018\/04\/arena-1181668_960_720-360x240.jpg 360w, https:\/\/candas365.es\/noticias\/wp-content\/uploads\/2018\/04\/arena-1181668_960_720-768x512.jpg 768w, https:\/\/candas365.es\/noticias\/wp-content\/uploads\/2018\/04\/arena-1181668_960_720-655x437.jpg 655w, https:\/\/candas365.es\/noticias\/wp-content\/uploads\/2018\/04\/arena-1181668_960_720-696x464.jpg 696w, https:\/\/candas365.es\/noticias\/wp-content\/uploads\/2018\/04\/arena-1181668_960_720-630x420.jpg 630w, https:\/\/candas365.es\/noticias\/wp-content\/uploads\/2018\/04\/arena-1181668_960_720.jpg 960w\" sizes=\"(max-width: 360px) 100vw, 360px\" \/>M\u00fanich, 16 may (dpa) &#8211; El Bayern M\u00fanich deber\u00e1 prescindir de los servicios del arquero Manuel Neuer y del centrocampista James Rodr\u00edguez en el decisivo duelo que dirimir\u00e1 el s\u00e1bado en casa contra el Eintracht Frankfurt en la \u00faltima fecha del campeonato alem\u00e1n de f\u00fatbol.<\/p>\n<p>\u00abManuel Neuer hizo buenos avances hoy. Est\u00e1 en v\u00edas de recuperaci\u00f3n pero no jugar\u00e1 el fin de semana\u00bb, dijo a la prensa el t\u00e9cnico Niko Kovac. \u00abJames Rodr\u00edguez tambi\u00e9n sigue de baja\u00bb, agreg\u00f3 sobre el colombiano, a\u00fan aquejado de problemas musculares.<\/p>\n<p>Neuer, sin embargo, podr\u00eda estar listo para disputar la final de la Copa Alemana contra el Leipzig el 25 de mayo en el Estadio Ol\u00edmpico de Berl\u00edn.<\/p>\n<p>Tambi\u00e9n Joshua Kimmich, Thiago y Javi Mart\u00ednez estar\u00edan recuperados para el duelo del fin de semana en el Allianz Arena. El puntero Bayern M\u00fanich necesita un triunfo o un empate con el Frankfurt para alzar la Ensaladera de la Bundesliga por s\u00e9ptima temporada consecutiva.<\/p>\n<p>\u00abVamos a jugar 90 minutos para ganar. Es la orden clara que daremos\u00bb, dijo Kovac.<\/p>\n<p>El Dortmund, dos puntos por detr\u00e1s, podr\u00eda cantar campe\u00f3n s\u00f3lo si gana al Borussia M\u00f6nchengladbach y al mismo tiempo el Bayern cae derrotado en casa.<\/p>\n","protected":false},"excerpt":{"rendered":"<p>M\u00fanich, 16 may (dpa) &#8211; El Bayern M\u00fanich deber\u00e1 prescindir de los servicios del arquero Manuel Neuer y del centrocampista James Rodr\u00edguez en el decisivo duelo que dirimir\u00e1 el s\u00e1bado en casa contra el Eintracht Frankfurt en la \u00faltima fecha del campeonato alem\u00e1n de f\u00fatbol. \u00abManuel Neuer hizo buenos avances hoy. Est\u00e1 en v\u00edas de<\/p>\n","protected":false},"author":1,"featured_media":94574,"comment_status":"closed","ping_status":"closed","sticky":false,"template":"","format":"standard","meta":{"footnotes":""},"categories":[319],"tags":[],"class_list":{"0":"post-122718","1":"post","2":"type-post","3":"status-publish","4":"format-standard","5":"has-post-thumbnail","7":"category-deporte"},"aioseo_notices":[],"aioseo_head":"\n\t\t<!-- All in One SEO Pro 4.9.6.2 - aioseo.com -->\n\t<meta name=\"description\" content=\"M\u00fanich, 16 may (dpa) - El Bayern M\u00fanich deber\u00e1 prescindir de los servicios del arquero Manuel Neuer y del centrocampista James Rodr\u00edguez en el decisivo duelo que dirimir\u00e1 el s\u00e1bado en casa contra el Eintracht Frankfurt en la \u00faltima fecha del campeonato alem\u00e1n de f\u00fatbol. &quot;Manuel Neuer hizo buenos avances hoy. Est\u00e1 en v\u00edas de\" \/>\n\t<meta name=\"robots\" content=\"max-image-preview:large\" \/>\n\t<meta name=\"author\" content=\"Cand\u00e1s 365\"\/>\n\t<meta name=\"google-site-verification\" content=\"UA-32230408-1\" \/>\n\t<meta name=\"msvalidate.01\" content=\"354F3CDFB2DA171B47FBE9ABF1F88D5\" \/>\n\t<meta name=\"keywords\" content=\"deporte\" \/>\n\t<link rel=\"canonical\" href=\"https:\/\/candas365.es\/noticias\/el-bayern-munich-jugara-sin-neuer-ni-james-contra-frankfurt\/\" \/>\n\t<meta name=\"generator\" content=\"All in One SEO Pro (AIOSEO) 4.9.6.2\" \/>\n\t\t<meta property=\"og:locale\" content=\"es_ES\" \/>\n\t\t<meta property=\"og:site_name\" content=\"Cand\u00e1s 365\" \/>\n\t\t<meta property=\"og:type\" content=\"article\" \/>\n\t\t<meta property=\"og:title\" content=\"El Bayern M\u00fanich jugar\u00e1 sin Neuer ni James contra Frankfurt | Cand\u00e1s 365\" \/>\n\t\t<meta property=\"og:description\" content=\"M\u00fanich, 16 may (dpa) - El Bayern M\u00fanich deber\u00e1 prescindir de los servicios del arquero Manuel Neuer y del centrocampista James Rodr\u00edguez en el decisivo duelo que dirimir\u00e1 el s\u00e1bado en casa contra el Eintracht Frankfurt en la \u00faltima fecha del campeonato alem\u00e1n de f\u00fatbol. &quot;Manuel Neuer hizo buenos avances hoy. Est\u00e1 en v\u00edas de\" \/>\n\t\t<meta property=\"og:url\" content=\"https:\/\/candas365.es\/noticias\/el-bayern-munich-jugara-sin-neuer-ni-james-contra-frankfurt\/\" \/>\n\t\t<meta property=\"og:image\" content=\"https:\/\/candas365.es\/noticias\/wp-content\/uploads\/2018\/04\/arena-1181668_960_720.jpg\" \/>\n\t\t<meta property=\"og:image:secure_url\" content=\"https:\/\/candas365.es\/noticias\/wp-content\/uploads\/2018\/04\/arena-1181668_960_720.jpg\" \/>\n\t\t<meta property=\"og:image:width\" content=\"960\" \/>\n\t\t<meta property=\"og:image:height\" content=\"640\" \/>\n\t\t<meta property=\"article:published_time\" content=\"2019-05-17T17:16:36+00:00\" \/>\n\t\t<meta property=\"article:modified_time\" content=\"2019-05-17T17:16:36+00:00\" \/>\n\t\t<meta property=\"article:publisher\" content=\"https:\/\/www.facebook.com\/Nachofdezber\" \/>\n\t\t<meta property=\"article:author\" content=\"https:\/\/www.facebook.com\/carrenoactualidad\" \/>\n\t\t<meta name=\"twitter:card\" content=\"summary_large_image\" \/>\n\t\t<meta name=\"twitter:site\" content=\"@NabercoDigital\" \/>\n\t\t<meta name=\"twitter:title\" content=\"El Bayern M\u00fanich jugar\u00e1 sin Neuer ni James contra Frankfurt | Cand\u00e1s 365\" \/>\n\t\t<meta name=\"twitter:description\" content=\"M\u00fanich, 16 may (dpa) - El Bayern M\u00fanich deber\u00e1 prescindir de los servicios del arquero Manuel Neuer y del centrocampista James Rodr\u00edguez en el decisivo duelo que dirimir\u00e1 el s\u00e1bado en casa contra el Eintracht Frankfurt en la \u00faltima fecha del campeonato alem\u00e1n de f\u00fatbol. &quot;Manuel Neuer hizo buenos avances hoy. Est\u00e1 en v\u00edas de\" \/>\n\t\t<meta name=\"twitter:creator\" content=\"@nbasturias\" \/>\n\t\t<meta name=\"twitter:image\" content=\"https:\/\/candas365.es\/noticias\/wp-content\/uploads\/2018\/04\/arena-1181668_960_720.jpg\" \/>\n\t\t<meta name=\"twitter:label1\" content=\"Escrito por\" \/>\n\t\t<meta name=\"twitter:data1\" content=\"Cand\u00e1s 365\" \/>\n\t\t<meta name=\"twitter:label2\" content=\"Tiempo de lectura estimado\" \/>\n\t\t<meta name=\"twitter:data2\" content=\"1 minuto\" \/>\n\t\t<script type=\"application\/ld+json\" class=\"aioseo-schema\">\n\t\t\t{\"@context\":\"https:\\\/\\\/schema.org\",\"@graph\":[{\"@type\":\"BreadcrumbList\",\"@id\":\"https:\\\/\\\/candas365.es\\\/noticias\\\/el-bayern-munich-jugara-sin-neuer-ni-james-contra-frankfurt\\\/#breadcrumblist\",\"itemListElement\":[{\"@type\":\"ListItem\",\"@id\":\"https:\\\/\\\/candas365.es\\\/noticias#listItem\",\"position\":1,\"name\":\"Home\",\"item\":\"https:\\\/\\\/candas365.es\\\/noticias\",\"nextItem\":{\"@type\":\"ListItem\",\"@id\":\"https:\\\/\\\/candas365.es\\\/noticias\\\/category\\\/deporte\\\/#listItem\",\"name\":\"Deporte\"}},{\"@type\":\"ListItem\",\"@id\":\"https:\\\/\\\/candas365.es\\\/noticias\\\/category\\\/deporte\\\/#listItem\",\"position\":2,\"name\":\"Deporte\",\"item\":\"https:\\\/\\\/candas365.es\\\/noticias\\\/category\\\/deporte\\\/\",\"nextItem\":{\"@type\":\"ListItem\",\"@id\":\"https:\\\/\\\/candas365.es\\\/noticias\\\/el-bayern-munich-jugara-sin-neuer-ni-james-contra-frankfurt\\\/#listItem\",\"name\":\"El Bayern M\\u00fanich jugar\\u00e1 sin Neuer ni James contra Frankfurt\"},\"previousItem\":{\"@type\":\"ListItem\",\"@id\":\"https:\\\/\\\/candas365.es\\\/noticias#listItem\",\"name\":\"Home\"}},{\"@type\":\"ListItem\",\"@id\":\"https:\\\/\\\/candas365.es\\\/noticias\\\/el-bayern-munich-jugara-sin-neuer-ni-james-contra-frankfurt\\\/#listItem\",\"position\":3,\"name\":\"El Bayern M\\u00fanich jugar\\u00e1 sin Neuer ni James contra Frankfurt\",\"previousItem\":{\"@type\":\"ListItem\",\"@id\":\"https:\\\/\\\/candas365.es\\\/noticias\\\/category\\\/deporte\\\/#listItem\",\"name\":\"Deporte\"}}]},{\"@type\":\"NewsArticle\",\"@id\":\"https:\\\/\\\/candas365.es\\\/noticias\\\/el-bayern-munich-jugara-sin-neuer-ni-james-contra-frankfurt\\\/#newsarticle\",\"name\":\"El Bayern M\\u00fanich jugar\\u00e1 sin Neuer ni James contra Frankfurt | Cand\\u00e1s 365\",\"headline\":\"El Bayern M\\u00fanich jugar\\u00e1 sin Neuer ni James contra Frankfurt\",\"author\":{\"@id\":\"https:\\\/\\\/candas365.es\\\/noticias\\\/author\\\/admin\\\/#author\"},\"publisher\":{\"@id\":\"https:\\\/\\\/candas365.es\\\/noticias\\\/#organization\"},\"image\":{\"@type\":\"ImageObject\",\"url\":\"https:\\\/\\\/candas365.es\\\/noticias\\\/wp-content\\\/uploads\\\/2018\\\/04\\\/arena-1181668_960_720.jpg\",\"width\":960,\"height\":640},\"datePublished\":\"2019-05-17T17:16:36+02:00\",\"dateModified\":\"2019-05-17T17:16:36+02:00\",\"inLanguage\":\"es-ES\",\"mainEntityOfPage\":{\"@id\":\"https:\\\/\\\/candas365.es\\\/noticias\\\/el-bayern-munich-jugara-sin-neuer-ni-james-contra-frankfurt\\\/#webpage\"},\"isPartOf\":{\"@id\":\"https:\\\/\\\/candas365.es\\\/noticias\\\/el-bayern-munich-jugara-sin-neuer-ni-james-contra-frankfurt\\\/#webpage\"},\"articleSection\":\"Deporte\",\"dateline\":\"Publicado el mayo 17, 2019.\"},{\"@type\":\"Organization\",\"@id\":\"https:\\\/\\\/candas365.es\\\/noticias\\\/#organization\",\"name\":\"Cand\\u00e1s 365\",\"description\":\"Cand\\u00e1s 365 es un diario digital independiente, fundado en 2012, con base en Asturias. Informamos con rigor sobre actualidad, sociedad, cultura y ocio, con una mirada local y global.\",\"url\":\"https:\\\/\\\/candas365.es\\\/noticias\\\/\",\"email\":\"info@candas365.es\",\"telephone\":\"+34652131393\",\"foundingDate\":\"2012-06-10\",\"logo\":{\"@type\":\"ImageObject\",\"url\":\"https:\\\/\\\/candas365.es\\\/noticias\\\/wp-content\\\/uploads\\\/2024\\\/09\\\/Candas-365-Redes.jpg\",\"@id\":\"https:\\\/\\\/candas365.es\\\/noticias\\\/el-bayern-munich-jugara-sin-neuer-ni-james-contra-frankfurt\\\/#organizationLogo\",\"width\":1152,\"height\":864,\"caption\":\"Cand\\u00e1s 365 Redes\"},\"image\":{\"@id\":\"https:\\\/\\\/candas365.es\\\/noticias\\\/el-bayern-munich-jugara-sin-neuer-ni-james-contra-frankfurt\\\/#organizationLogo\"},\"sameAs\":[\"https:\\\/\\\/www.facebook.com\\\/Nachofdezber\",\"https:\\\/\\\/x.com\\\/NabercoDigital\",\"https:\\\/\\\/www.instagram.com\\\/nachofdezber\\\/\",\"https:\\\/\\\/www.youtube.com\\\/channel\\\/UCZP-2wLEB9Rv6erhFmqVnvg\"],\"address\":{\"@id\":\"https:\\\/\\\/candas365.es\\\/noticias\\\/#postaladdress\",\"@type\":\"PostalAddress\",\"streetAddress\":\"san antonio 4, san antonio 4\",\"postalCode\":\"33430\",\"addressLocality\":\"Cand\\u00e1s\",\"addressRegion\":\"Asturias\",\"addressCountry\":\"ES\"}},{\"@type\":\"Person\",\"@id\":\"https:\\\/\\\/candas365.es\\\/noticias\\\/author\\\/admin\\\/#author\",\"url\":\"https:\\\/\\\/candas365.es\\\/noticias\\\/author\\\/admin\\\/\",\"name\":\"Cand\\u00e1s 365\",\"image\":{\"@type\":\"ImageObject\",\"@id\":\"https:\\\/\\\/candas365.es\\\/noticias\\\/el-bayern-munich-jugara-sin-neuer-ni-james-contra-frankfurt\\\/#authorImage\",\"url\":\"https:\\\/\\\/secure.gravatar.com\\\/avatar\\\/496a8e03d0c493ede1718b7934145dbdf8d89be1036b0eec9544e1094c9de390?s=96&d=mm&r=g\",\"width\":96,\"height\":96,\"caption\":\"Cand\\u00e1s 365\"},\"sameAs\":[\"https:\\\/\\\/www.facebook.com\\\/carrenoactualidad\",\"https:\\\/\\\/twitter.com\\\/nbasturias\",\"https:\\\/\\\/www.instagram.com\\\/nachofdezber\\\/\",\"https:\\\/\\\/www.youtube.com\\\/channel\\\/UCZP-2wLEB9Rv6erhFmqVnvg\"]},{\"@type\":\"WebPage\",\"@id\":\"https:\\\/\\\/candas365.es\\\/noticias\\\/el-bayern-munich-jugara-sin-neuer-ni-james-contra-frankfurt\\\/#webpage\",\"url\":\"https:\\\/\\\/candas365.es\\\/noticias\\\/el-bayern-munich-jugara-sin-neuer-ni-james-contra-frankfurt\\\/\",\"name\":\"El Bayern M\\u00fanich jugar\\u00e1 sin Neuer ni James contra Frankfurt | Cand\\u00e1s 365\",\"description\":\"M\\u00fanich, 16 may (dpa) - El Bayern M\\u00fanich deber\\u00e1 prescindir de los servicios del arquero Manuel Neuer y del centrocampista James Rodr\\u00edguez en el decisivo duelo que dirimir\\u00e1 el s\\u00e1bado en casa contra el Eintracht Frankfurt en la \\u00faltima fecha del campeonato alem\\u00e1n de f\\u00fatbol. \\\"Manuel Neuer hizo buenos avances hoy. Est\\u00e1 en v\\u00edas de\",\"inLanguage\":\"es-ES\",\"isPartOf\":{\"@id\":\"https:\\\/\\\/candas365.es\\\/noticias\\\/#website\"},\"breadcrumb\":{\"@id\":\"https:\\\/\\\/candas365.es\\\/noticias\\\/el-bayern-munich-jugara-sin-neuer-ni-james-contra-frankfurt\\\/#breadcrumblist\"},\"author\":{\"@id\":\"https:\\\/\\\/candas365.es\\\/noticias\\\/author\\\/admin\\\/#author\"},\"creator\":{\"@id\":\"https:\\\/\\\/candas365.es\\\/noticias\\\/author\\\/admin\\\/#author\"},\"image\":{\"@type\":\"ImageObject\",\"url\":\"https:\\\/\\\/candas365.es\\\/noticias\\\/wp-content\\\/uploads\\\/2018\\\/04\\\/arena-1181668_960_720.jpg\",\"@id\":\"https:\\\/\\\/candas365.es\\\/noticias\\\/el-bayern-munich-jugara-sin-neuer-ni-james-contra-frankfurt\\\/#mainImage\",\"width\":960,\"height\":640},\"primaryImageOfPage\":{\"@id\":\"https:\\\/\\\/candas365.es\\\/noticias\\\/el-bayern-munich-jugara-sin-neuer-ni-james-contra-frankfurt\\\/#mainImage\"},\"datePublished\":\"2019-05-17T17:16:36+02:00\",\"dateModified\":\"2019-05-17T17:16:36+02:00\"},{\"@type\":\"WebSite\",\"@id\":\"https:\\\/\\\/candas365.es\\\/noticias\\\/#website\",\"url\":\"https:\\\/\\\/candas365.es\\\/noticias\\\/\",\"name\":\"Cand\\u00e1s 365\",\"alternateName\":\"Cand\\u00e1s 365 Noticias\",\"description\":\"Actualidad desde Carre\\u00f1o para el mundo\",\"inLanguage\":\"es-ES\",\"publisher\":{\"@id\":\"https:\\\/\\\/candas365.es\\\/noticias\\\/#organization\"}}]}\n\t\t<\/script>\n\t\t<!-- All in One SEO Pro -->\r\n\t\t<title>El Bayern M\u00fanich jugar\u00e1 sin Neuer ni James contra Frankfurt | Cand\u00e1s 365<\/title>\n\n","aioseo_head_json":{"title":"El Bayern M\u00fanich jugar\u00e1 sin Neuer ni James contra Frankfurt | Cand\u00e1s 365","description":"M\u00fanich, 16 may (dpa) - El Bayern M\u00fanich deber\u00e1 prescindir de los servicios del arquero Manuel Neuer y del centrocampista James Rodr\u00edguez en el decisivo duelo que dirimir\u00e1 el s\u00e1bado en casa contra el Eintracht Frankfurt en la \u00faltima fecha del campeonato alem\u00e1n de f\u00fatbol. \"Manuel Neuer hizo buenos avances hoy. Est\u00e1 en v\u00edas de","canonical_url":"https:\/\/candas365.es\/noticias\/el-bayern-munich-jugara-sin-neuer-ni-james-contra-frankfurt\/","robots":"max-image-preview:large","keywords":"deporte","webmasterTools":{"google-site-verification":"UA-32230408-1","msvalidate.01":"354F3CDFB2DA171B47FBE9ABF1F88D5","miscellaneous":""},"schema":{"@context":"https:\/\/schema.org","@graph":[{"@type":"BreadcrumbList","@id":"https:\/\/candas365.es\/noticias\/el-bayern-munich-jugara-sin-neuer-ni-james-contra-frankfurt\/#breadcrumblist","itemListElement":[{"@type":"ListItem","@id":"https:\/\/candas365.es\/noticias#listItem","position":1,"name":"Home","item":"https:\/\/candas365.es\/noticias","nextItem":{"@type":"ListItem","@id":"https:\/\/candas365.es\/noticias\/category\/deporte\/#listItem","name":"Deporte"}},{"@type":"ListItem","@id":"https:\/\/candas365.es\/noticias\/category\/deporte\/#listItem","position":2,"name":"Deporte","item":"https:\/\/candas365.es\/noticias\/category\/deporte\/","nextItem":{"@type":"ListItem","@id":"https:\/\/candas365.es\/noticias\/el-bayern-munich-jugara-sin-neuer-ni-james-contra-frankfurt\/#listItem","name":"El Bayern M\u00fanich jugar\u00e1 sin Neuer ni James contra Frankfurt"},"previousItem":{"@type":"ListItem","@id":"https:\/\/candas365.es\/noticias#listItem","name":"Home"}},{"@type":"ListItem","@id":"https:\/\/candas365.es\/noticias\/el-bayern-munich-jugara-sin-neuer-ni-james-contra-frankfurt\/#listItem","position":3,"name":"El Bayern M\u00fanich jugar\u00e1 sin Neuer ni James contra Frankfurt","previousItem":{"@type":"ListItem","@id":"https:\/\/candas365.es\/noticias\/category\/deporte\/#listItem","name":"Deporte"}}]},{"@type":"NewsArticle","@id":"https:\/\/candas365.es\/noticias\/el-bayern-munich-jugara-sin-neuer-ni-james-contra-frankfurt\/#newsarticle","name":"El Bayern M\u00fanich jugar\u00e1 sin Neuer ni James contra Frankfurt | Cand\u00e1s 365","headline":"El Bayern M\u00fanich jugar\u00e1 sin Neuer ni James contra Frankfurt","author":{"@id":"https:\/\/candas365.es\/noticias\/author\/admin\/#author"},"publisher":{"@id":"https:\/\/candas365.es\/noticias\/#organization"},"image":{"@type":"ImageObject","url":"https:\/\/candas365.es\/noticias\/wp-content\/uploads\/2018\/04\/arena-1181668_960_720.jpg","width":960,"height":640},"datePublished":"2019-05-17T17:16:36+02:00","dateModified":"2019-05-17T17:16:36+02:00","inLanguage":"es-ES","mainEntityOfPage":{"@id":"https:\/\/candas365.es\/noticias\/el-bayern-munich-jugara-sin-neuer-ni-james-contra-frankfurt\/#webpage"},"isPartOf":{"@id":"https:\/\/candas365.es\/noticias\/el-bayern-munich-jugara-sin-neuer-ni-james-contra-frankfurt\/#webpage"},"articleSection":"Deporte","dateline":"Publicado el mayo 17, 2019."},{"@type":"Organization","@id":"https:\/\/candas365.es\/noticias\/#organization","name":"Cand\u00e1s 365","description":"Cand\u00e1s 365 es un diario digital independiente, fundado en 2012, con base en Asturias. Informamos con rigor sobre actualidad, sociedad, cultura y ocio, con una mirada local y global.","url":"https:\/\/candas365.es\/noticias\/","email":"info@candas365.es","telephone":"+34652131393","foundingDate":"2012-06-10","logo":{"@type":"ImageObject","url":"https:\/\/candas365.es\/noticias\/wp-content\/uploads\/2024\/09\/Candas-365-Redes.jpg","@id":"https:\/\/candas365.es\/noticias\/el-bayern-munich-jugara-sin-neuer-ni-james-contra-frankfurt\/#organizationLogo","width":1152,"height":864,"caption":"Cand\u00e1s 365 Redes"},"image":{"@id":"https:\/\/candas365.es\/noticias\/el-bayern-munich-jugara-sin-neuer-ni-james-contra-frankfurt\/#organizationLogo"},"sameAs":["https:\/\/www.facebook.com\/Nachofdezber","https:\/\/x.com\/NabercoDigital","https:\/\/www.instagram.com\/nachofdezber\/","https:\/\/www.youtube.com\/channel\/UCZP-2wLEB9Rv6erhFmqVnvg"],"address":{"@id":"https:\/\/candas365.es\/noticias\/#postaladdress","@type":"PostalAddress","streetAddress":"san antonio 4, san antonio 4","postalCode":"33430","addressLocality":"Cand\u00e1s","addressRegion":"Asturias","addressCountry":"ES"}},{"@type":"Person","@id":"https:\/\/candas365.es\/noticias\/author\/admin\/#author","url":"https:\/\/candas365.es\/noticias\/author\/admin\/","name":"Cand\u00e1s 365","image":{"@type":"ImageObject","@id":"https:\/\/candas365.es\/noticias\/el-bayern-munich-jugara-sin-neuer-ni-james-contra-frankfurt\/#authorImage","url":"https:\/\/secure.gravatar.com\/avatar\/496a8e03d0c493ede1718b7934145dbdf8d89be1036b0eec9544e1094c9de390?s=96&d=mm&r=g","width":96,"height":96,"caption":"Cand\u00e1s 365"},"sameAs":["https:\/\/www.facebook.com\/carrenoactualidad","https:\/\/twitter.com\/nbasturias","https:\/\/www.instagram.com\/nachofdezber\/","https:\/\/www.youtube.com\/channel\/UCZP-2wLEB9Rv6erhFmqVnvg"]},{"@type":"WebPage","@id":"https:\/\/candas365.es\/noticias\/el-bayern-munich-jugara-sin-neuer-ni-james-contra-frankfurt\/#webpage","url":"https:\/\/candas365.es\/noticias\/el-bayern-munich-jugara-sin-neuer-ni-james-contra-frankfurt\/","name":"El Bayern M\u00fanich jugar\u00e1 sin Neuer ni James contra Frankfurt | Cand\u00e1s 365","description":"M\u00fanich, 16 may (dpa) - El Bayern M\u00fanich deber\u00e1 prescindir de los servicios del arquero Manuel Neuer y del centrocampista James Rodr\u00edguez en el decisivo duelo que dirimir\u00e1 el s\u00e1bado en casa contra el Eintracht Frankfurt en la \u00faltima fecha del campeonato alem\u00e1n de f\u00fatbol. \"Manuel Neuer hizo buenos avances hoy. Est\u00e1 en v\u00edas de","inLanguage":"es-ES","isPartOf":{"@id":"https:\/\/candas365.es\/noticias\/#website"},"breadcrumb":{"@id":"https:\/\/candas365.es\/noticias\/el-bayern-munich-jugara-sin-neuer-ni-james-contra-frankfurt\/#breadcrumblist"},"author":{"@id":"https:\/\/candas365.es\/noticias\/author\/admin\/#author"},"creator":{"@id":"https:\/\/candas365.es\/noticias\/author\/admin\/#author"},"image":{"@type":"ImageObject","url":"https:\/\/candas365.es\/noticias\/wp-content\/uploads\/2018\/04\/arena-1181668_960_720.jpg","@id":"https:\/\/candas365.es\/noticias\/el-bayern-munich-jugara-sin-neuer-ni-james-contra-frankfurt\/#mainImage","width":960,"height":640},"primaryImageOfPage":{"@id":"https:\/\/candas365.es\/noticias\/el-bayern-munich-jugara-sin-neuer-ni-james-contra-frankfurt\/#mainImage"},"datePublished":"2019-05-17T17:16:36+02:00","dateModified":"2019-05-17T17:16:36+02:00"},{"@type":"WebSite","@id":"https:\/\/candas365.es\/noticias\/#website","url":"https:\/\/candas365.es\/noticias\/","name":"Cand\u00e1s 365","alternateName":"Cand\u00e1s 365 Noticias","description":"Actualidad desde Carre\u00f1o para el mundo","inLanguage":"es-ES","publisher":{"@id":"https:\/\/candas365.es\/noticias\/#organization"}}]},"og:locale":"es_ES","og:site_name":"Cand\u00e1s 365","og:type":"article","og:title":"El Bayern M\u00fanich jugar\u00e1 sin Neuer ni James contra Frankfurt | Cand\u00e1s 365","og:description":"M\u00fanich, 16 may (dpa) - El Bayern M\u00fanich deber\u00e1 prescindir de los servicios del arquero Manuel Neuer y del centrocampista James Rodr\u00edguez en el decisivo duelo que dirimir\u00e1 el s\u00e1bado en casa contra el Eintracht Frankfurt en la \u00faltima fecha del campeonato alem\u00e1n de f\u00fatbol. &quot;Manuel Neuer hizo buenos avances hoy. Est\u00e1 en v\u00edas de","og:url":"https:\/\/candas365.es\/noticias\/el-bayern-munich-jugara-sin-neuer-ni-james-contra-frankfurt\/","og:image":"https:\/\/candas365.es\/noticias\/wp-content\/uploads\/2018\/04\/arena-1181668_960_720.jpg","og:image:secure_url":"https:\/\/candas365.es\/noticias\/wp-content\/uploads\/2018\/04\/arena-1181668_960_720.jpg","og:image:width":960,"og:image:height":640,"article:published_time":"2019-05-17T17:16:36+00:00","article:modified_time":"2019-05-17T17:16:36+00:00","article:publisher":"https:\/\/www.facebook.com\/Nachofdezber","article:author":"https:\/\/www.facebook.com\/carrenoactualidad","twitter:card":"summary_large_image","twitter:site":"@NabercoDigital","twitter:title":"El Bayern M\u00fanich jugar\u00e1 sin Neuer ni James contra Frankfurt | Cand\u00e1s 365","twitter:description":"M\u00fanich, 16 may (dpa) - El Bayern M\u00fanich deber\u00e1 prescindir de los servicios del arquero Manuel Neuer y del centrocampista James Rodr\u00edguez en el decisivo duelo que dirimir\u00e1 el s\u00e1bado en casa contra el Eintracht Frankfurt en la \u00faltima fecha del campeonato alem\u00e1n de f\u00fatbol. &quot;Manuel Neuer hizo buenos avances hoy. Est\u00e1 en v\u00edas de","twitter:creator":"@nbasturias","twitter:image":"https:\/\/candas365.es\/noticias\/wp-content\/uploads\/2018\/04\/arena-1181668_960_720.jpg","twitter:label1":"Escrito por","twitter:data1":"Cand\u00e1s 365","twitter:label2":"Tiempo de lectura estimado","twitter:data2":"1 minuto"},"aioseo_meta_data":{"post_id":"122718","title":null,"description":null,"keywords":null,"keyphrases":null,"primary_term":null,"canonical_url":null,"og_title":null,"og_description":null,"og_object_type":"default","og_image_type":"default","og_image_url":null,"og_image_width":null,"og_image_height":null,"og_image_custom_url":null,"og_image_custom_fields":null,"og_video":null,"og_custom_url":null,"og_article_section":null,"og_article_tags":null,"twitter_use_og":false,"twitter_card":"default","twitter_image_type":"default","twitter_image_url":null,"twitter_image_custom_url":null,"twitter_image_custom_fields":null,"twitter_title":null,"twitter_description":null,"schema":{"blockGraphs":[],"customGraphs":[],"default":{"data":{"Article":[],"Course":[],"Dataset":[],"FAQPage":[],"Movie":[],"Person":[],"Product":[],"ProductReview":[],"Car":[],"Recipe":[],"Service":[],"SoftwareApplication":[],"WebPage":[]},"graphName":"","isEnabled":true},"graphs":[],"defaultGraph":"","defaultPostTypeGraph":""},"schema_type":null,"schema_type_options":null,"pillar_content":false,"robots_default":true,"robots_noindex":false,"robots_noarchive":false,"robots_nosnippet":false,"robots_nofollow":false,"robots_noimageindex":false,"robots_noodp":false,"robots_notranslate":false,"robots_max_snippet":null,"robots_max_videopreview":null,"robots_max_imagepreview":"large","priority":null,"frequency":null,"location":null,"local_seo":null,"seo_analyzer_scan_date":"2025-08-29 23:12:10","breadcrumb_settings":null,"limit_modified_date":false,"reviewed_by":null,"open_ai":null,"ai":null,"created":"2020-12-21 10:57:30","updated":"2025-08-29 23:12:10"},"aioseo_breadcrumb":"<div class=\"aioseo-breadcrumbs\"><span class=\"aioseo-breadcrumb\">\n\t<a href=\"https:\/\/candas365.es\/noticias\" title=\"Home\">Home<\/a>\n<\/span><span class=\"aioseo-breadcrumb-separator\">&ndash;<\/span><span class=\"aioseo-breadcrumb\">\n\t<a href=\"https:\/\/candas365.es\/noticias\/category\/deporte\/\" title=\"Deporte\">Deporte<\/a>\n<\/span><span class=\"aioseo-breadcrumb-separator\">&ndash;<\/span><span class=\"aioseo-breadcrumb\">\n\tEl Bayern M\u00fanich jugar\u00e1 sin Neuer ni James contra Frankfurt\n<\/span><\/div>","aioseo_breadcrumb_json":[{"label":"Home","link":"https:\/\/candas365.es\/noticias"},{"label":"Deporte","link":"https:\/\/candas365.es\/noticias\/category\/deporte\/"},{"label":"El Bayern M\u00fanich jugar\u00e1 sin Neuer ni James contra Frankfurt","link":"https:\/\/candas365.es\/noticias\/el-bayern-munich-jugara-sin-neuer-ni-james-contra-frankfurt\/"}],"_links":{"self":[{"href":"https:\/\/candas365.es\/noticias\/wp-json\/wp\/v2\/posts\/122718","targetHints":{"allow":["GET"]}}],"collection":[{"href":"https:\/\/candas365.es\/noticias\/wp-json\/wp\/v2\/posts"}],"about":[{"href":"https:\/\/candas365.es\/noticias\/wp-json\/wp\/v2\/types\/post"}],"author":[{"embeddable":true,"href":"https:\/\/candas365.es\/noticias\/wp-json\/wp\/v2\/users\/1"}],"replies":[{"embeddable":true,"href":"https:\/\/candas365.es\/noticias\/wp-json\/wp\/v2\/comments?post=122718"}],"version-history":[{"count":0,"href":"https:\/\/candas365.es\/noticias\/wp-json\/wp\/v2\/posts\/122718\/revisions"}],"wp:featuredmedia":[{"embeddable":true,"href":"https:\/\/candas365.es\/noticias\/wp-json\/wp\/v2\/media\/94574"}],"wp:attachment":[{"href":"https:\/\/candas365.es\/noticias\/wp-json\/wp\/v2\/media?parent=122718"}],"wp:term":[{"taxonomy":"category","embeddable":true,"href":"https:\/\/candas365.es\/noticias\/wp-json\/wp\/v2\/categories?post=122718"},{"taxonomy":"post_tag","embeddable":true,"href":"https:\/\/candas365.es\/noticias\/wp-json\/wp\/v2\/tags?post=122718"}],"curies":[{"name":"wp","href":"https:\/\/api.w.org\/{rel}","templated":true}]}}