{"id":122675,"date":"2019-05-17T11:45:56","date_gmt":"2019-05-17T11:45:56","guid":{"rendered":"http:\/\/candas365.es\/noticias\/?p=122675"},"modified":"2019-05-17T11:45:56","modified_gmt":"2019-05-17T11:45:56","slug":"la-vuelta-2019-tendra-un-final-inedito-en-el-alto-de-la-cubilla","status":"publish","type":"post","link":"https:\/\/candas365.es\/noticias\/la-vuelta-2019-tendra-un-final-inedito-en-el-alto-de-la-cubilla\/","title":{"rendered":"La Vuelta 2019 tendr\u00e1 un final in\u00e9dito en el alto de La Cubilla"},"content":{"rendered":"<p><img fetchpriority=\"high\" decoding=\"async\" class=\"alignleft size-medium wp-image-122676\" src=\"https:\/\/candas365.es\/noticias\/wp-content\/uploads\/2019\/05\/presentacion-vuelta-lena-360x228.jpg\" alt=\"\" width=\"360\" height=\"228\" srcset=\"https:\/\/candas365.es\/noticias\/wp-content\/uploads\/2019\/05\/presentacion-vuelta-lena-360x228.jpg 360w, https:\/\/candas365.es\/noticias\/wp-content\/uploads\/2019\/05\/presentacion-vuelta-lena-768x487.jpg 768w, https:\/\/candas365.es\/noticias\/wp-content\/uploads\/2019\/05\/presentacion-vuelta-lena-655x416.jpg 655w, https:\/\/candas365.es\/noticias\/wp-content\/uploads\/2019\/05\/presentacion-vuelta-lena-696x442.jpg 696w, https:\/\/candas365.es\/noticias\/wp-content\/uploads\/2019\/05\/presentacion-vuelta-lena-1068x678.jpg 1068w, https:\/\/candas365.es\/noticias\/wp-content\/uploads\/2019\/05\/presentacion-vuelta-lena-662x420.jpg 662w, https:\/\/candas365.es\/noticias\/wp-content\/uploads\/2019\/05\/presentacion-vuelta-lena.jpg 1280w\" sizes=\"(max-width: 360px) 100vw, 360px\" \/>La decimosexta etapa de La Vuelta, que tendr\u00e1 lugar el 9 de septiembre, finalizar\u00e1 en el alto de La Cubilla (Lena), tras un recorrido de 155 kil\u00f3metros que comenzar\u00e1 en Pravia y que incluye dos puertos de tercera categor\u00eda (altos de Mallecina y de La Cabru\u00f1ana) y tres de primera (puerto de Marabio, La Cobertoria y La Cubilla).<\/p>\n<p>El director general de Comercio y Turismo, Julio Gonz\u00e1lez Zapico, que ha presentado la carrera junto con la alcaldesa de Lena, Gema \u00c1lvarez, y el director de La Vuelta, Javier Guill\u00e9n, se ha felicitado por que el suroccidente asturiano cuente con una etapa propia, \u201cque mostrar\u00e1 sus imponentes paisajes, entre los que se encuentran espacios tan singulares como el bosque de Muniellos\u201d.<\/p>\n<p>Zapico ha destacado la importante promoci\u00f3n que ofrece al Principado una competici\u00f3n con el prestigio y difusi\u00f3n de La Vuelta. \u201cContribuye a descubrir para el gran p\u00fablico enclaves que se convierten en aut\u00e9nticos iconos para el ciclismo, algo que esperamos que ocurra tambi\u00e9n con la Cubilla\u201d, ha apuntado.<\/p>\n<p>Los itinerarios asturianos de La Vuelta 2019 comprenden zonas de costa y monta\u00f1a, urbanas y rurales, del oriente, del centro y del occidente de la comunidad. Las tres etapas se desarrollar\u00e1n los d\u00edas 7, 8 y 9 de septiembre con los siguientes recorridos: San Vicente de la Barquera-Oviedo, Tineo\u2013santuario del Acebo y Pravia\u2013alto de La Cubilla.<\/p>\n","protected":false},"excerpt":{"rendered":"<p>La decimosexta etapa de La Vuelta, que tendr\u00e1 lugar el 9 de septiembre, finalizar\u00e1 en el alto de La Cubilla (Lena), tras un recorrido de 155 kil\u00f3metros que comenzar\u00e1 en Pravia y que incluye dos puertos de tercera categor\u00eda (altos de Mallecina y de La Cabru\u00f1ana) y tres de primera (puerto de Marabio, La Cobertoria<\/p>\n","protected":false},"author":1,"featured_media":122676,"comment_status":"closed","ping_status":"closed","sticky":false,"template":"","format":"standard","meta":{"footnotes":""},"categories":[319],"tags":[],"class_list":{"0":"post-122675","1":"post","2":"type-post","3":"status-publish","4":"format-standard","5":"has-post-thumbnail","7":"category-deporte"},"aioseo_notices":[],"aioseo_head":"\n\t\t<!-- All in One SEO Pro 4.9.6.2 - aioseo.com -->\n\t<meta name=\"description\" content=\"La decimosexta etapa de La Vuelta, que tendr\u00e1 lugar el 9 de septiembre, finalizar\u00e1 en el alto de La Cubilla (Lena), tras un recorrido de 155 kil\u00f3metros que comenzar\u00e1 en Pravia y que incluye dos puertos de tercera categor\u00eda (altos de Mallecina y de La Cabru\u00f1ana) y tres de primera (puerto de Marabio, La Cobertoria\" \/>\n\t<meta name=\"robots\" content=\"max-image-preview:large\" \/>\n\t<meta name=\"author\" content=\"Cand\u00e1s 365\"\/>\n\t<meta name=\"google-site-verification\" content=\"UA-32230408-1\" \/>\n\t<meta name=\"msvalidate.01\" content=\"354F3CDFB2DA171B47FBE9ABF1F88D5\" \/>\n\t<meta name=\"keywords\" content=\"deporte\" \/>\n\t<link rel=\"canonical\" href=\"https:\/\/candas365.es\/noticias\/la-vuelta-2019-tendra-un-final-inedito-en-el-alto-de-la-cubilla\/\" \/>\n\t<meta name=\"generator\" content=\"All in One SEO Pro (AIOSEO) 4.9.6.2\" \/>\n\t\t<meta property=\"og:locale\" content=\"es_ES\" \/>\n\t\t<meta property=\"og:site_name\" content=\"Cand\u00e1s 365\" \/>\n\t\t<meta property=\"og:type\" content=\"article\" \/>\n\t\t<meta property=\"og:title\" content=\"La Vuelta 2019 tendr\u00e1 un final in\u00e9dito en el alto de La Cubilla | Cand\u00e1s 365\" \/>\n\t\t<meta property=\"og:description\" content=\"La decimosexta etapa de La Vuelta, que tendr\u00e1 lugar el 9 de septiembre, finalizar\u00e1 en el alto de La Cubilla (Lena), tras un recorrido de 155 kil\u00f3metros que comenzar\u00e1 en Pravia y que incluye dos puertos de tercera categor\u00eda (altos de Mallecina y de La Cabru\u00f1ana) y tres de primera (puerto de Marabio, La Cobertoria\" \/>\n\t\t<meta property=\"og:url\" content=\"https:\/\/candas365.es\/noticias\/la-vuelta-2019-tendra-un-final-inedito-en-el-alto-de-la-cubilla\/\" \/>\n\t\t<meta property=\"og:image\" content=\"https:\/\/candas365.es\/noticias\/wp-content\/uploads\/2019\/05\/presentacion-vuelta-lena.jpg\" \/>\n\t\t<meta property=\"og:image:secure_url\" content=\"https:\/\/candas365.es\/noticias\/wp-content\/uploads\/2019\/05\/presentacion-vuelta-lena.jpg\" \/>\n\t\t<meta property=\"og:image:width\" content=\"1280\" \/>\n\t\t<meta property=\"og:image:height\" content=\"812\" \/>\n\t\t<meta property=\"article:published_time\" content=\"2019-05-17T11:45:56+00:00\" \/>\n\t\t<meta property=\"article:modified_time\" content=\"2019-05-17T11:45:56+00:00\" \/>\n\t\t<meta property=\"article:publisher\" content=\"https:\/\/www.facebook.com\/Nachofdezber\" \/>\n\t\t<meta property=\"article:author\" content=\"https:\/\/www.facebook.com\/carrenoactualidad\" \/>\n\t\t<meta name=\"twitter:card\" content=\"summary_large_image\" \/>\n\t\t<meta name=\"twitter:site\" content=\"@NabercoDigital\" \/>\n\t\t<meta name=\"twitter:title\" content=\"La Vuelta 2019 tendr\u00e1 un final in\u00e9dito en el alto de La Cubilla | Cand\u00e1s 365\" \/>\n\t\t<meta name=\"twitter:description\" content=\"La decimosexta etapa de La Vuelta, que tendr\u00e1 lugar el 9 de septiembre, finalizar\u00e1 en el alto de La Cubilla (Lena), tras un recorrido de 155 kil\u00f3metros que comenzar\u00e1 en Pravia y que incluye dos puertos de tercera categor\u00eda (altos de Mallecina y de La Cabru\u00f1ana) y tres de primera (puerto de Marabio, La Cobertoria\" \/>\n\t\t<meta name=\"twitter:creator\" content=\"@nbasturias\" \/>\n\t\t<meta name=\"twitter:image\" content=\"https:\/\/candas365.es\/noticias\/wp-content\/uploads\/2019\/05\/presentacion-vuelta-lena.jpg\" \/>\n\t\t<meta name=\"twitter:label1\" content=\"Escrito por\" \/>\n\t\t<meta name=\"twitter:data1\" content=\"Cand\u00e1s 365\" \/>\n\t\t<meta name=\"twitter:label2\" content=\"Tiempo de lectura estimado\" \/>\n\t\t<meta name=\"twitter:data2\" content=\"1 minuto\" \/>\n\t\t<script type=\"application\/ld+json\" class=\"aioseo-schema\">\n\t\t\t{\"@context\":\"https:\\\/\\\/schema.org\",\"@graph\":[{\"@type\":\"BreadcrumbList\",\"@id\":\"https:\\\/\\\/candas365.es\\\/noticias\\\/la-vuelta-2019-tendra-un-final-inedito-en-el-alto-de-la-cubilla\\\/#breadcrumblist\",\"itemListElement\":[{\"@type\":\"ListItem\",\"@id\":\"https:\\\/\\\/candas365.es\\\/noticias#listItem\",\"position\":1,\"name\":\"Home\",\"item\":\"https:\\\/\\\/candas365.es\\\/noticias\",\"nextItem\":{\"@type\":\"ListItem\",\"@id\":\"https:\\\/\\\/candas365.es\\\/noticias\\\/category\\\/deporte\\\/#listItem\",\"name\":\"Deporte\"}},{\"@type\":\"ListItem\",\"@id\":\"https:\\\/\\\/candas365.es\\\/noticias\\\/category\\\/deporte\\\/#listItem\",\"position\":2,\"name\":\"Deporte\",\"item\":\"https:\\\/\\\/candas365.es\\\/noticias\\\/category\\\/deporte\\\/\",\"nextItem\":{\"@type\":\"ListItem\",\"@id\":\"https:\\\/\\\/candas365.es\\\/noticias\\\/la-vuelta-2019-tendra-un-final-inedito-en-el-alto-de-la-cubilla\\\/#listItem\",\"name\":\"La Vuelta 2019 tendr\\u00e1 un final in\\u00e9dito en el alto de La Cubilla\"},\"previousItem\":{\"@type\":\"ListItem\",\"@id\":\"https:\\\/\\\/candas365.es\\\/noticias#listItem\",\"name\":\"Home\"}},{\"@type\":\"ListItem\",\"@id\":\"https:\\\/\\\/candas365.es\\\/noticias\\\/la-vuelta-2019-tendra-un-final-inedito-en-el-alto-de-la-cubilla\\\/#listItem\",\"position\":3,\"name\":\"La Vuelta 2019 tendr\\u00e1 un final in\\u00e9dito en el alto de La Cubilla\",\"previousItem\":{\"@type\":\"ListItem\",\"@id\":\"https:\\\/\\\/candas365.es\\\/noticias\\\/category\\\/deporte\\\/#listItem\",\"name\":\"Deporte\"}}]},{\"@type\":\"NewsArticle\",\"@id\":\"https:\\\/\\\/candas365.es\\\/noticias\\\/la-vuelta-2019-tendra-un-final-inedito-en-el-alto-de-la-cubilla\\\/#newsarticle\",\"name\":\"La Vuelta 2019 tendr\\u00e1 un final in\\u00e9dito en el alto de La Cubilla | Cand\\u00e1s 365\",\"headline\":\"La Vuelta 2019 tendr\\u00e1 un final in\\u00e9dito en el alto de La Cubilla\",\"author\":{\"@id\":\"https:\\\/\\\/candas365.es\\\/noticias\\\/author\\\/admin\\\/#author\"},\"publisher\":{\"@id\":\"https:\\\/\\\/candas365.es\\\/noticias\\\/#organization\"},\"image\":{\"@type\":\"ImageObject\",\"url\":\"https:\\\/\\\/candas365.es\\\/noticias\\\/wp-content\\\/uploads\\\/2019\\\/05\\\/presentacion-vuelta-lena.jpg\",\"width\":1280,\"height\":812},\"datePublished\":\"2019-05-17T11:45:56+02:00\",\"dateModified\":\"2019-05-17T11:45:56+02:00\",\"inLanguage\":\"es-ES\",\"mainEntityOfPage\":{\"@id\":\"https:\\\/\\\/candas365.es\\\/noticias\\\/la-vuelta-2019-tendra-un-final-inedito-en-el-alto-de-la-cubilla\\\/#webpage\"},\"isPartOf\":{\"@id\":\"https:\\\/\\\/candas365.es\\\/noticias\\\/la-vuelta-2019-tendra-un-final-inedito-en-el-alto-de-la-cubilla\\\/#webpage\"},\"articleSection\":\"Deporte\",\"dateline\":\"Publicado el mayo 17, 2019.\"},{\"@type\":\"Organization\",\"@id\":\"https:\\\/\\\/candas365.es\\\/noticias\\\/#organization\",\"name\":\"Cand\\u00e1s 365\",\"description\":\"Cand\\u00e1s 365 es un diario digital independiente, fundado en 2012, con base en Asturias. Informamos con rigor sobre actualidad, sociedad, cultura y ocio, con una mirada local y global.\",\"url\":\"https:\\\/\\\/candas365.es\\\/noticias\\\/\",\"email\":\"info@candas365.es\",\"telephone\":\"+34652131393\",\"foundingDate\":\"2012-06-10\",\"logo\":{\"@type\":\"ImageObject\",\"url\":\"https:\\\/\\\/candas365.es\\\/noticias\\\/wp-content\\\/uploads\\\/2024\\\/09\\\/Candas-365-Redes.jpg\",\"@id\":\"https:\\\/\\\/candas365.es\\\/noticias\\\/la-vuelta-2019-tendra-un-final-inedito-en-el-alto-de-la-cubilla\\\/#organizationLogo\",\"width\":1152,\"height\":864,\"caption\":\"Cand\\u00e1s 365 Redes\"},\"image\":{\"@id\":\"https:\\\/\\\/candas365.es\\\/noticias\\\/la-vuelta-2019-tendra-un-final-inedito-en-el-alto-de-la-cubilla\\\/#organizationLogo\"},\"sameAs\":[\"https:\\\/\\\/www.facebook.com\\\/Nachofdezber\",\"https:\\\/\\\/x.com\\\/NabercoDigital\",\"https:\\\/\\\/www.instagram.com\\\/nachofdezber\\\/\",\"https:\\\/\\\/www.youtube.com\\\/channel\\\/UCZP-2wLEB9Rv6erhFmqVnvg\"],\"address\":{\"@id\":\"https:\\\/\\\/candas365.es\\\/noticias\\\/#postaladdress\",\"@type\":\"PostalAddress\",\"streetAddress\":\"san antonio 4, san antonio 4\",\"postalCode\":\"33430\",\"addressLocality\":\"Cand\\u00e1s\",\"addressRegion\":\"Asturias\",\"addressCountry\":\"ES\"}},{\"@type\":\"Person\",\"@id\":\"https:\\\/\\\/candas365.es\\\/noticias\\\/author\\\/admin\\\/#author\",\"url\":\"https:\\\/\\\/candas365.es\\\/noticias\\\/author\\\/admin\\\/\",\"name\":\"Cand\\u00e1s 365\",\"image\":{\"@type\":\"ImageObject\",\"@id\":\"https:\\\/\\\/candas365.es\\\/noticias\\\/la-vuelta-2019-tendra-un-final-inedito-en-el-alto-de-la-cubilla\\\/#authorImage\",\"url\":\"https:\\\/\\\/secure.gravatar.com\\\/avatar\\\/496a8e03d0c493ede1718b7934145dbdf8d89be1036b0eec9544e1094c9de390?s=96&d=mm&r=g\",\"width\":96,\"height\":96,\"caption\":\"Cand\\u00e1s 365\"},\"sameAs\":[\"https:\\\/\\\/www.facebook.com\\\/carrenoactualidad\",\"https:\\\/\\\/twitter.com\\\/nbasturias\",\"https:\\\/\\\/www.instagram.com\\\/nachofdezber\\\/\",\"https:\\\/\\\/www.youtube.com\\\/channel\\\/UCZP-2wLEB9Rv6erhFmqVnvg\"]},{\"@type\":\"WebPage\",\"@id\":\"https:\\\/\\\/candas365.es\\\/noticias\\\/la-vuelta-2019-tendra-un-final-inedito-en-el-alto-de-la-cubilla\\\/#webpage\",\"url\":\"https:\\\/\\\/candas365.es\\\/noticias\\\/la-vuelta-2019-tendra-un-final-inedito-en-el-alto-de-la-cubilla\\\/\",\"name\":\"La Vuelta 2019 tendr\\u00e1 un final in\\u00e9dito en el alto de La Cubilla | Cand\\u00e1s 365\",\"description\":\"La decimosexta etapa de La Vuelta, que tendr\\u00e1 lugar el 9 de septiembre, finalizar\\u00e1 en el alto de La Cubilla (Lena), tras un recorrido de 155 kil\\u00f3metros que comenzar\\u00e1 en Pravia y que incluye dos puertos de tercera categor\\u00eda (altos de Mallecina y de La Cabru\\u00f1ana) y tres de primera (puerto de Marabio, La Cobertoria\",\"inLanguage\":\"es-ES\",\"isPartOf\":{\"@id\":\"https:\\\/\\\/candas365.es\\\/noticias\\\/#website\"},\"breadcrumb\":{\"@id\":\"https:\\\/\\\/candas365.es\\\/noticias\\\/la-vuelta-2019-tendra-un-final-inedito-en-el-alto-de-la-cubilla\\\/#breadcrumblist\"},\"author\":{\"@id\":\"https:\\\/\\\/candas365.es\\\/noticias\\\/author\\\/admin\\\/#author\"},\"creator\":{\"@id\":\"https:\\\/\\\/candas365.es\\\/noticias\\\/author\\\/admin\\\/#author\"},\"image\":{\"@type\":\"ImageObject\",\"url\":\"https:\\\/\\\/candas365.es\\\/noticias\\\/wp-content\\\/uploads\\\/2019\\\/05\\\/presentacion-vuelta-lena.jpg\",\"@id\":\"https:\\\/\\\/candas365.es\\\/noticias\\\/la-vuelta-2019-tendra-un-final-inedito-en-el-alto-de-la-cubilla\\\/#mainImage\",\"width\":1280,\"height\":812},\"primaryImageOfPage\":{\"@id\":\"https:\\\/\\\/candas365.es\\\/noticias\\\/la-vuelta-2019-tendra-un-final-inedito-en-el-alto-de-la-cubilla\\\/#mainImage\"},\"datePublished\":\"2019-05-17T11:45:56+02:00\",\"dateModified\":\"2019-05-17T11:45:56+02:00\"},{\"@type\":\"WebSite\",\"@id\":\"https:\\\/\\\/candas365.es\\\/noticias\\\/#website\",\"url\":\"https:\\\/\\\/candas365.es\\\/noticias\\\/\",\"name\":\"Cand\\u00e1s 365\",\"alternateName\":\"Cand\\u00e1s 365 Noticias\",\"description\":\"Actualidad desde Carre\\u00f1o para el mundo\",\"inLanguage\":\"es-ES\",\"publisher\":{\"@id\":\"https:\\\/\\\/candas365.es\\\/noticias\\\/#organization\"}}]}\n\t\t<\/script>\n\t\t<!-- All in One SEO Pro -->\r\n\t\t<title>La Vuelta 2019 tendr\u00e1 un final in\u00e9dito en el alto de La Cubilla | Cand\u00e1s 365<\/title>\n\n","aioseo_head_json":{"title":"La Vuelta 2019 tendr\u00e1 un final in\u00e9dito en el alto de La Cubilla | Cand\u00e1s 365","description":"La decimosexta etapa de La Vuelta, que tendr\u00e1 lugar el 9 de septiembre, finalizar\u00e1 en el alto de La Cubilla (Lena), tras un recorrido de 155 kil\u00f3metros que comenzar\u00e1 en Pravia y que incluye dos puertos de tercera categor\u00eda (altos de Mallecina y de La Cabru\u00f1ana) y tres de primera (puerto de Marabio, La Cobertoria","canonical_url":"https:\/\/candas365.es\/noticias\/la-vuelta-2019-tendra-un-final-inedito-en-el-alto-de-la-cubilla\/","robots":"max-image-preview:large","keywords":"deporte","webmasterTools":{"google-site-verification":"UA-32230408-1","msvalidate.01":"354F3CDFB2DA171B47FBE9ABF1F88D5","miscellaneous":""},"schema":{"@context":"https:\/\/schema.org","@graph":[{"@type":"BreadcrumbList","@id":"https:\/\/candas365.es\/noticias\/la-vuelta-2019-tendra-un-final-inedito-en-el-alto-de-la-cubilla\/#breadcrumblist","itemListElement":[{"@type":"ListItem","@id":"https:\/\/candas365.es\/noticias#listItem","position":1,"name":"Home","item":"https:\/\/candas365.es\/noticias","nextItem":{"@type":"ListItem","@id":"https:\/\/candas365.es\/noticias\/category\/deporte\/#listItem","name":"Deporte"}},{"@type":"ListItem","@id":"https:\/\/candas365.es\/noticias\/category\/deporte\/#listItem","position":2,"name":"Deporte","item":"https:\/\/candas365.es\/noticias\/category\/deporte\/","nextItem":{"@type":"ListItem","@id":"https:\/\/candas365.es\/noticias\/la-vuelta-2019-tendra-un-final-inedito-en-el-alto-de-la-cubilla\/#listItem","name":"La Vuelta 2019 tendr\u00e1 un final in\u00e9dito en el alto de La Cubilla"},"previousItem":{"@type":"ListItem","@id":"https:\/\/candas365.es\/noticias#listItem","name":"Home"}},{"@type":"ListItem","@id":"https:\/\/candas365.es\/noticias\/la-vuelta-2019-tendra-un-final-inedito-en-el-alto-de-la-cubilla\/#listItem","position":3,"name":"La Vuelta 2019 tendr\u00e1 un final in\u00e9dito en el alto de La Cubilla","previousItem":{"@type":"ListItem","@id":"https:\/\/candas365.es\/noticias\/category\/deporte\/#listItem","name":"Deporte"}}]},{"@type":"NewsArticle","@id":"https:\/\/candas365.es\/noticias\/la-vuelta-2019-tendra-un-final-inedito-en-el-alto-de-la-cubilla\/#newsarticle","name":"La Vuelta 2019 tendr\u00e1 un final in\u00e9dito en el alto de La Cubilla | Cand\u00e1s 365","headline":"La Vuelta 2019 tendr\u00e1 un final in\u00e9dito en el alto de La Cubilla","author":{"@id":"https:\/\/candas365.es\/noticias\/author\/admin\/#author"},"publisher":{"@id":"https:\/\/candas365.es\/noticias\/#organization"},"image":{"@type":"ImageObject","url":"https:\/\/candas365.es\/noticias\/wp-content\/uploads\/2019\/05\/presentacion-vuelta-lena.jpg","width":1280,"height":812},"datePublished":"2019-05-17T11:45:56+02:00","dateModified":"2019-05-17T11:45:56+02:00","inLanguage":"es-ES","mainEntityOfPage":{"@id":"https:\/\/candas365.es\/noticias\/la-vuelta-2019-tendra-un-final-inedito-en-el-alto-de-la-cubilla\/#webpage"},"isPartOf":{"@id":"https:\/\/candas365.es\/noticias\/la-vuelta-2019-tendra-un-final-inedito-en-el-alto-de-la-cubilla\/#webpage"},"articleSection":"Deporte","dateline":"Publicado el mayo 17, 2019."},{"@type":"Organization","@id":"https:\/\/candas365.es\/noticias\/#organization","name":"Cand\u00e1s 365","description":"Cand\u00e1s 365 es un diario digital independiente, fundado en 2012, con base en Asturias. Informamos con rigor sobre actualidad, sociedad, cultura y ocio, con una mirada local y global.","url":"https:\/\/candas365.es\/noticias\/","email":"info@candas365.es","telephone":"+34652131393","foundingDate":"2012-06-10","logo":{"@type":"ImageObject","url":"https:\/\/candas365.es\/noticias\/wp-content\/uploads\/2024\/09\/Candas-365-Redes.jpg","@id":"https:\/\/candas365.es\/noticias\/la-vuelta-2019-tendra-un-final-inedito-en-el-alto-de-la-cubilla\/#organizationLogo","width":1152,"height":864,"caption":"Cand\u00e1s 365 Redes"},"image":{"@id":"https:\/\/candas365.es\/noticias\/la-vuelta-2019-tendra-un-final-inedito-en-el-alto-de-la-cubilla\/#organizationLogo"},"sameAs":["https:\/\/www.facebook.com\/Nachofdezber","https:\/\/x.com\/NabercoDigital","https:\/\/www.instagram.com\/nachofdezber\/","https:\/\/www.youtube.com\/channel\/UCZP-2wLEB9Rv6erhFmqVnvg"],"address":{"@id":"https:\/\/candas365.es\/noticias\/#postaladdress","@type":"PostalAddress","streetAddress":"san antonio 4, san antonio 4","postalCode":"33430","addressLocality":"Cand\u00e1s","addressRegion":"Asturias","addressCountry":"ES"}},{"@type":"Person","@id":"https:\/\/candas365.es\/noticias\/author\/admin\/#author","url":"https:\/\/candas365.es\/noticias\/author\/admin\/","name":"Cand\u00e1s 365","image":{"@type":"ImageObject","@id":"https:\/\/candas365.es\/noticias\/la-vuelta-2019-tendra-un-final-inedito-en-el-alto-de-la-cubilla\/#authorImage","url":"https:\/\/secure.gravatar.com\/avatar\/496a8e03d0c493ede1718b7934145dbdf8d89be1036b0eec9544e1094c9de390?s=96&d=mm&r=g","width":96,"height":96,"caption":"Cand\u00e1s 365"},"sameAs":["https:\/\/www.facebook.com\/carrenoactualidad","https:\/\/twitter.com\/nbasturias","https:\/\/www.instagram.com\/nachofdezber\/","https:\/\/www.youtube.com\/channel\/UCZP-2wLEB9Rv6erhFmqVnvg"]},{"@type":"WebPage","@id":"https:\/\/candas365.es\/noticias\/la-vuelta-2019-tendra-un-final-inedito-en-el-alto-de-la-cubilla\/#webpage","url":"https:\/\/candas365.es\/noticias\/la-vuelta-2019-tendra-un-final-inedito-en-el-alto-de-la-cubilla\/","name":"La Vuelta 2019 tendr\u00e1 un final in\u00e9dito en el alto de La Cubilla | Cand\u00e1s 365","description":"La decimosexta etapa de La Vuelta, que tendr\u00e1 lugar el 9 de septiembre, finalizar\u00e1 en el alto de La Cubilla (Lena), tras un recorrido de 155 kil\u00f3metros que comenzar\u00e1 en Pravia y que incluye dos puertos de tercera categor\u00eda (altos de Mallecina y de La Cabru\u00f1ana) y tres de primera (puerto de Marabio, La Cobertoria","inLanguage":"es-ES","isPartOf":{"@id":"https:\/\/candas365.es\/noticias\/#website"},"breadcrumb":{"@id":"https:\/\/candas365.es\/noticias\/la-vuelta-2019-tendra-un-final-inedito-en-el-alto-de-la-cubilla\/#breadcrumblist"},"author":{"@id":"https:\/\/candas365.es\/noticias\/author\/admin\/#author"},"creator":{"@id":"https:\/\/candas365.es\/noticias\/author\/admin\/#author"},"image":{"@type":"ImageObject","url":"https:\/\/candas365.es\/noticias\/wp-content\/uploads\/2019\/05\/presentacion-vuelta-lena.jpg","@id":"https:\/\/candas365.es\/noticias\/la-vuelta-2019-tendra-un-final-inedito-en-el-alto-de-la-cubilla\/#mainImage","width":1280,"height":812},"primaryImageOfPage":{"@id":"https:\/\/candas365.es\/noticias\/la-vuelta-2019-tendra-un-final-inedito-en-el-alto-de-la-cubilla\/#mainImage"},"datePublished":"2019-05-17T11:45:56+02:00","dateModified":"2019-05-17T11:45:56+02:00"},{"@type":"WebSite","@id":"https:\/\/candas365.es\/noticias\/#website","url":"https:\/\/candas365.es\/noticias\/","name":"Cand\u00e1s 365","alternateName":"Cand\u00e1s 365 Noticias","description":"Actualidad desde Carre\u00f1o para el mundo","inLanguage":"es-ES","publisher":{"@id":"https:\/\/candas365.es\/noticias\/#organization"}}]},"og:locale":"es_ES","og:site_name":"Cand\u00e1s 365","og:type":"article","og:title":"La Vuelta 2019 tendr\u00e1 un final in\u00e9dito en el alto de La Cubilla | Cand\u00e1s 365","og:description":"La decimosexta etapa de La Vuelta, que tendr\u00e1 lugar el 9 de septiembre, finalizar\u00e1 en el alto de La Cubilla (Lena), tras un recorrido de 155 kil\u00f3metros que comenzar\u00e1 en Pravia y que incluye dos puertos de tercera categor\u00eda (altos de Mallecina y de La Cabru\u00f1ana) y tres de primera (puerto de Marabio, La Cobertoria","og:url":"https:\/\/candas365.es\/noticias\/la-vuelta-2019-tendra-un-final-inedito-en-el-alto-de-la-cubilla\/","og:image":"https:\/\/candas365.es\/noticias\/wp-content\/uploads\/2019\/05\/presentacion-vuelta-lena.jpg","og:image:secure_url":"https:\/\/candas365.es\/noticias\/wp-content\/uploads\/2019\/05\/presentacion-vuelta-lena.jpg","og:image:width":1280,"og:image:height":812,"article:published_time":"2019-05-17T11:45:56+00:00","article:modified_time":"2019-05-17T11:45:56+00:00","article:publisher":"https:\/\/www.facebook.com\/Nachofdezber","article:author":"https:\/\/www.facebook.com\/carrenoactualidad","twitter:card":"summary_large_image","twitter:site":"@NabercoDigital","twitter:title":"La Vuelta 2019 tendr\u00e1 un final in\u00e9dito en el alto de La Cubilla | Cand\u00e1s 365","twitter:description":"La decimosexta etapa de La Vuelta, que tendr\u00e1 lugar el 9 de septiembre, finalizar\u00e1 en el alto de La Cubilla (Lena), tras un recorrido de 155 kil\u00f3metros que comenzar\u00e1 en Pravia y que incluye dos puertos de tercera categor\u00eda (altos de Mallecina y de La Cabru\u00f1ana) y tres de primera (puerto de Marabio, La Cobertoria","twitter:creator":"@nbasturias","twitter:image":"https:\/\/candas365.es\/noticias\/wp-content\/uploads\/2019\/05\/presentacion-vuelta-lena.jpg","twitter:label1":"Escrito por","twitter:data1":"Cand\u00e1s 365","twitter:label2":"Tiempo de lectura estimado","twitter:data2":"1 minuto"},"aioseo_meta_data":{"post_id":"122675","title":null,"description":null,"keywords":null,"keyphrases":null,"primary_term":null,"canonical_url":null,"og_title":null,"og_description":null,"og_object_type":"default","og_image_type":"default","og_image_url":null,"og_image_width":null,"og_image_height":null,"og_image_custom_url":null,"og_image_custom_fields":null,"og_video":null,"og_custom_url":null,"og_article_section":null,"og_article_tags":null,"twitter_use_og":false,"twitter_card":"default","twitter_image_type":"default","twitter_image_url":null,"twitter_image_custom_url":null,"twitter_image_custom_fields":null,"twitter_title":null,"twitter_description":null,"schema":{"blockGraphs":[],"customGraphs":[],"default":{"data":{"Article":[],"Course":[],"Dataset":[],"FAQPage":[],"Movie":[],"Person":[],"Product":[],"ProductReview":[],"Car":[],"Recipe":[],"Service":[],"SoftwareApplication":[],"WebPage":[]},"graphName":"","isEnabled":true},"graphs":[],"defaultGraph":"","defaultPostTypeGraph":""},"schema_type":null,"schema_type_options":null,"pillar_content":false,"robots_default":true,"robots_noindex":false,"robots_noarchive":false,"robots_nosnippet":false,"robots_nofollow":false,"robots_noimageindex":false,"robots_noodp":false,"robots_notranslate":false,"robots_max_snippet":null,"robots_max_videopreview":null,"robots_max_imagepreview":"large","priority":null,"frequency":null,"location":null,"local_seo":null,"seo_analyzer_scan_date":"2025-08-29 23:04:21","breadcrumb_settings":null,"limit_modified_date":false,"reviewed_by":null,"open_ai":null,"ai":null,"created":"2020-12-21 10:57:30","updated":"2025-08-29 23:04:21"},"aioseo_breadcrumb":"<div class=\"aioseo-breadcrumbs\"><span class=\"aioseo-breadcrumb\">\n\t<a href=\"https:\/\/candas365.es\/noticias\" title=\"Home\">Home<\/a>\n<\/span><span class=\"aioseo-breadcrumb-separator\">&ndash;<\/span><span class=\"aioseo-breadcrumb\">\n\t<a href=\"https:\/\/candas365.es\/noticias\/category\/deporte\/\" title=\"Deporte\">Deporte<\/a>\n<\/span><span class=\"aioseo-breadcrumb-separator\">&ndash;<\/span><span class=\"aioseo-breadcrumb\">\n\tLa Vuelta 2019 tendr\u00e1 un final in\u00e9dito en el alto de La Cubilla\n<\/span><\/div>","aioseo_breadcrumb_json":[{"label":"Home","link":"https:\/\/candas365.es\/noticias"},{"label":"Deporte","link":"https:\/\/candas365.es\/noticias\/category\/deporte\/"},{"label":"La Vuelta 2019 tendr\u00e1 un final in\u00e9dito en el alto de La Cubilla","link":"https:\/\/candas365.es\/noticias\/la-vuelta-2019-tendra-un-final-inedito-en-el-alto-de-la-cubilla\/"}],"_links":{"self":[{"href":"https:\/\/candas365.es\/noticias\/wp-json\/wp\/v2\/posts\/122675","targetHints":{"allow":["GET"]}}],"collection":[{"href":"https:\/\/candas365.es\/noticias\/wp-json\/wp\/v2\/posts"}],"about":[{"href":"https:\/\/candas365.es\/noticias\/wp-json\/wp\/v2\/types\/post"}],"author":[{"embeddable":true,"href":"https:\/\/candas365.es\/noticias\/wp-json\/wp\/v2\/users\/1"}],"replies":[{"embeddable":true,"href":"https:\/\/candas365.es\/noticias\/wp-json\/wp\/v2\/comments?post=122675"}],"version-history":[{"count":0,"href":"https:\/\/candas365.es\/noticias\/wp-json\/wp\/v2\/posts\/122675\/revisions"}],"wp:featuredmedia":[{"embeddable":true,"href":"https:\/\/candas365.es\/noticias\/wp-json\/wp\/v2\/media\/122676"}],"wp:attachment":[{"href":"https:\/\/candas365.es\/noticias\/wp-json\/wp\/v2\/media?parent=122675"}],"wp:term":[{"taxonomy":"category","embeddable":true,"href":"https:\/\/candas365.es\/noticias\/wp-json\/wp\/v2\/categories?post=122675"},{"taxonomy":"post_tag","embeddable":true,"href":"https:\/\/candas365.es\/noticias\/wp-json\/wp\/v2\/tags?post=122675"}],"curies":[{"name":"wp","href":"https:\/\/api.w.org\/{rel}","templated":true}]}}