{"id":122664,"date":"2019-05-17T09:45:21","date_gmt":"2019-05-17T09:45:21","guid":{"rendered":"http:\/\/candas365.es\/noticias\/?p=122664"},"modified":"2019-05-17T09:45:21","modified_gmt":"2019-05-17T09:45:21","slug":"carreno-selecciona-socorristas-para-sus-playas","status":"publish","type":"post","link":"https:\/\/candas365.es\/noticias\/carreno-selecciona-socorristas-para-sus-playas\/","title":{"rendered":"Carre\u00f1o selecciona socorristas para sus playas"},"content":{"rendered":"<p><img fetchpriority=\"high\" decoding=\"async\" class=\"alignleft size-medium wp-image-94663\" src=\"https:\/\/candas365.es\/noticias\/wp-content\/uploads\/2018\/04\/candas-360x223.jpg\" alt=\"\" width=\"360\" height=\"223\" srcset=\"https:\/\/candas365.es\/noticias\/wp-content\/uploads\/2018\/04\/candas-360x223.jpg 360w, https:\/\/candas365.es\/noticias\/wp-content\/uploads\/2018\/04\/candas-768x475.jpg 768w, https:\/\/candas365.es\/noticias\/wp-content\/uploads\/2018\/04\/candas-655x405.jpg 655w, https:\/\/candas365.es\/noticias\/wp-content\/uploads\/2018\/04\/candas-356x220.jpg 356w, https:\/\/candas365.es\/noticias\/wp-content\/uploads\/2018\/04\/candas-696x431.jpg 696w, https:\/\/candas365.es\/noticias\/wp-content\/uploads\/2018\/04\/candas-679x420.jpg 679w, https:\/\/candas365.es\/noticias\/wp-content\/uploads\/2018\/04\/candas.jpg 892w\" sizes=\"(max-width: 360px) 100vw, 360px\" \/>El Servicio de Socorrismo en las Playas del concejo de Carre\u00f1o ser\u00e1 prestado este verano por la <strong>Federaci\u00f3n Asturias de Concejo<\/strong>s (FACC) como medio propio y servicio t\u00e9cnico de los ayuntamientos asturianos.<\/p>\n<p>El servicio de salvamento en Carre\u00f1o dar\u00e1 cobertura diaria, de Lunes a Domingo, a las playas de Palmera, Huelgues, Carranques y Xivares-Pe\u00f1a Mar\u00eda en horario de 11:30 a 19:30 horas.<\/p>\n<p>Dichos servicios se desarrollar\u00e1n desde el s\u00e1bado 15 de junio al domingo 15 de septiembre.<\/p>\n<p>El equipo de trabajo estar\u00e1 integrado por 26 personas:<\/p>\n<ul>\n<li>18 personas que har\u00e1n las labores de socorristas.<\/li>\n<li>4 personas que har\u00e1n las labores de socorristas, adem\u00e1s de ser responsables de cada uno de los arenales.<\/li>\n<li>2 patrones en cobertura diaria de 11:30 a 19:30 horas, para la embarcaci\u00f3n<\/li>\n<li>1 coordinador\/a del salvamento de las playas del concejo tambi\u00e9n en cobertura diaria de 11:30 a 19:30 horas.<\/li>\n<li>1 persona responsable del proyecto.<\/li>\n<\/ul>\n<p>\u201cDentro del servicio contratado se incluyen medidas de apoyo al ba\u00f1o del programa <strong>Un Mar Sin Barreras<\/strong>, el cual facilita, previa reserva, una atenci\u00f3n en la playa de Palmera en Cand\u00e1s m\u00e1s integral y polivalente. Esta atenci\u00f3n est\u00e1 enfocada a las personas con diversidad funcional, personas mayores, o personas con movilidad reducida, con el fin de facilitarles, tambi\u00e9n a sus familias, el uso y disfrute de la playa incluido el ba\u00f1o. Se trata de intervenciones espec\u00edficas que favorecen la inclusi\u00f3n social en el entorno como el desarrollo de su autonom\u00eda personal. Este Servicio estar\u00e1 disponible siempre con cita previa y reserva concertada, los jueves, viernes, fines de semana y d\u00edas Festivos. Estos apoyos tendr\u00e1n una duraci\u00f3n de 60 min. por persona y d\u00eda. Se prestar\u00e1n, en los d\u00edas se\u00f1alados, en horario de 11:30 a 19:30 horas.Las reservas deber\u00e1n formalizarse con antelaci\u00f3n\u201d &#8211; se\u00f1al\u00f3 On\u00e9simo Velasco, concejal de playas.<\/p>\n<p>Entre los <strong>requisitos necesarios para trabajar en los arenales del Concejo<\/strong> ser\u00e1 necesario estar en posesi\u00f3n de los certificados o titulaciones de Primeros Auxilios, Socorrismo Acu\u00e1tico, Auxiliar de Transporte Sanitario, T\u00edtulo de Patr\u00f3n exigido para el manejo de la embarcaci\u00f3n asignada al Concejo, manejo del DESA,\u2026 seg\u00fan el tipo de actividad que se est\u00e9 adscrito\/a, as\u00ed como aquellas otras titulaciones espec\u00edficas que exija el desempe\u00f1o de las tareas que le fueran encomendadas.<\/p>\n<p>Todas aquellas personas interesadas en participar laboralmente en este proyecto podr\u00e1n remitir su curriculum vitae y solicitud accediendo a la <a href=\"http:\/\/www.facc.info\" target=\"_blank\" rel=\"nofollow noopener noreferrer\"><span style=\"color: #ff6600;\"><strong>p\u00e1gina web<\/strong><\/span><\/a> de la Federaci\u00f3n Asturiana de Concejos, a continuaci\u00f3n pinchando en Agencia de colocaci\u00f3n o en el <a href=\"https:\/\/gestionandote.com\/Candidatos\/cuenta\/registrarse?orga_id=1410\" target=\"_blank\" rel=\"nofollow noopener noreferrer\"><span style=\"color: #ff6600;\"><strong>siguiente enlace pulsando aqu<\/strong><\/span><\/a>\u00ed.<\/p>\n","protected":false},"excerpt":{"rendered":"<p>El Servicio de Socorrismo en las Playas del concejo de Carre\u00f1o ser\u00e1 prestado este verano por la Federaci\u00f3n Asturias de Concejos (FACC) como medio propio y servicio t\u00e9cnico de los ayuntamientos asturianos. El servicio de salvamento en Carre\u00f1o dar\u00e1 cobertura diaria, de Lunes a Domingo, a las playas de Palmera, Huelgues, Carranques y Xivares-Pe\u00f1a Mar\u00eda<\/p>\n","protected":false},"author":1,"featured_media":94663,"comment_status":"closed","ping_status":"closed","sticky":false,"template":"","format":"standard","meta":{"footnotes":""},"categories":[2],"tags":[],"class_list":{"0":"post-122664","1":"post","2":"type-post","3":"status-publish","4":"format-standard","5":"has-post-thumbnail","7":"category-noticias-carreno"},"aioseo_notices":[],"aioseo_head":"\n\t\t<!-- All in One SEO Pro 4.9.6.2 - aioseo.com -->\n\t<meta name=\"description\" content=\"El Servicio de Socorrismo en las Playas del concejo de Carre\u00f1o ser\u00e1 prestado este verano por la Federaci\u00f3n Asturias de Concejos (FACC) como medio propio y servicio t\u00e9cnico de los ayuntamientos asturianos. El servicio de salvamento en Carre\u00f1o dar\u00e1 cobertura diaria, de Lunes a Domingo, a las playas de Palmera, Huelgues, Carranques y Xivares-Pe\u00f1a Mar\u00eda\" \/>\n\t<meta name=\"robots\" content=\"max-image-preview:large\" \/>\n\t<meta name=\"author\" content=\"Cand\u00e1s 365\"\/>\n\t<meta name=\"google-site-verification\" content=\"UA-32230408-1\" \/>\n\t<meta name=\"msvalidate.01\" content=\"354F3CDFB2DA171B47FBE9ABF1F88D5\" \/>\n\t<meta name=\"keywords\" content=\"noticias carre\u00f1o\" \/>\n\t<link rel=\"canonical\" href=\"https:\/\/candas365.es\/noticias\/carreno-selecciona-socorristas-para-sus-playas\/\" \/>\n\t<meta name=\"generator\" content=\"All in One SEO Pro (AIOSEO) 4.9.6.2\" \/>\n\t\t<meta property=\"og:locale\" content=\"es_ES\" \/>\n\t\t<meta property=\"og:site_name\" content=\"Cand\u00e1s 365\" \/>\n\t\t<meta property=\"og:type\" content=\"article\" \/>\n\t\t<meta property=\"og:title\" content=\"Carre\u00f1o selecciona socorristas para sus playas | Cand\u00e1s 365\" \/>\n\t\t<meta property=\"og:description\" content=\"El Servicio de Socorrismo en las Playas del concejo de Carre\u00f1o ser\u00e1 prestado este verano por la Federaci\u00f3n Asturias de Concejos (FACC) como medio propio y servicio t\u00e9cnico de los ayuntamientos asturianos. El servicio de salvamento en Carre\u00f1o dar\u00e1 cobertura diaria, de Lunes a Domingo, a las playas de Palmera, Huelgues, Carranques y Xivares-Pe\u00f1a Mar\u00eda\" \/>\n\t\t<meta property=\"og:url\" content=\"https:\/\/candas365.es\/noticias\/carreno-selecciona-socorristas-para-sus-playas\/\" \/>\n\t\t<meta property=\"og:image\" content=\"https:\/\/candas365.es\/noticias\/wp-content\/uploads\/2018\/04\/candas.jpg\" \/>\n\t\t<meta property=\"og:image:secure_url\" content=\"https:\/\/candas365.es\/noticias\/wp-content\/uploads\/2018\/04\/candas.jpg\" \/>\n\t\t<meta property=\"og:image:width\" content=\"892\" \/>\n\t\t<meta property=\"og:image:height\" content=\"552\" \/>\n\t\t<meta property=\"article:published_time\" content=\"2019-05-17T09:45:21+00:00\" \/>\n\t\t<meta property=\"article:modified_time\" content=\"2019-05-17T09:45:21+00:00\" \/>\n\t\t<meta property=\"article:publisher\" content=\"https:\/\/www.facebook.com\/Nachofdezber\" \/>\n\t\t<meta property=\"article:author\" content=\"https:\/\/www.facebook.com\/carrenoactualidad\" \/>\n\t\t<meta name=\"twitter:card\" content=\"summary_large_image\" \/>\n\t\t<meta name=\"twitter:site\" content=\"@NabercoDigital\" \/>\n\t\t<meta name=\"twitter:title\" content=\"Carre\u00f1o selecciona socorristas para sus playas | Cand\u00e1s 365\" \/>\n\t\t<meta name=\"twitter:description\" content=\"El Servicio de Socorrismo en las Playas del concejo de Carre\u00f1o ser\u00e1 prestado este verano por la Federaci\u00f3n Asturias de Concejos (FACC) como medio propio y servicio t\u00e9cnico de los ayuntamientos asturianos. El servicio de salvamento en Carre\u00f1o dar\u00e1 cobertura diaria, de Lunes a Domingo, a las playas de Palmera, Huelgues, Carranques y Xivares-Pe\u00f1a Mar\u00eda\" \/>\n\t\t<meta name=\"twitter:creator\" content=\"@nbasturias\" \/>\n\t\t<meta name=\"twitter:image\" content=\"https:\/\/candas365.es\/noticias\/wp-content\/uploads\/2018\/04\/candas.jpg\" \/>\n\t\t<meta name=\"twitter:label1\" content=\"Escrito por\" \/>\n\t\t<meta name=\"twitter:data1\" content=\"Cand\u00e1s 365\" \/>\n\t\t<meta name=\"twitter:label2\" content=\"Tiempo de lectura estimado\" \/>\n\t\t<meta name=\"twitter:data2\" content=\"2 minutos\" \/>\n\t\t<script type=\"application\/ld+json\" class=\"aioseo-schema\">\n\t\t\t{\"@context\":\"https:\\\/\\\/schema.org\",\"@graph\":[{\"@type\":\"BreadcrumbList\",\"@id\":\"https:\\\/\\\/candas365.es\\\/noticias\\\/carreno-selecciona-socorristas-para-sus-playas\\\/#breadcrumblist\",\"itemListElement\":[{\"@type\":\"ListItem\",\"@id\":\"https:\\\/\\\/candas365.es\\\/noticias#listItem\",\"position\":1,\"name\":\"Home\",\"item\":\"https:\\\/\\\/candas365.es\\\/noticias\",\"nextItem\":{\"@type\":\"ListItem\",\"@id\":\"https:\\\/\\\/candas365.es\\\/noticias\\\/category\\\/noticias-carreno\\\/#listItem\",\"name\":\"Noticias Carre\\u00f1o\"}},{\"@type\":\"ListItem\",\"@id\":\"https:\\\/\\\/candas365.es\\\/noticias\\\/category\\\/noticias-carreno\\\/#listItem\",\"position\":2,\"name\":\"Noticias Carre\\u00f1o\",\"item\":\"https:\\\/\\\/candas365.es\\\/noticias\\\/category\\\/noticias-carreno\\\/\",\"nextItem\":{\"@type\":\"ListItem\",\"@id\":\"https:\\\/\\\/candas365.es\\\/noticias\\\/carreno-selecciona-socorristas-para-sus-playas\\\/#listItem\",\"name\":\"Carre\\u00f1o selecciona socorristas para sus playas\"},\"previousItem\":{\"@type\":\"ListItem\",\"@id\":\"https:\\\/\\\/candas365.es\\\/noticias#listItem\",\"name\":\"Home\"}},{\"@type\":\"ListItem\",\"@id\":\"https:\\\/\\\/candas365.es\\\/noticias\\\/carreno-selecciona-socorristas-para-sus-playas\\\/#listItem\",\"position\":3,\"name\":\"Carre\\u00f1o selecciona socorristas para sus playas\",\"previousItem\":{\"@type\":\"ListItem\",\"@id\":\"https:\\\/\\\/candas365.es\\\/noticias\\\/category\\\/noticias-carreno\\\/#listItem\",\"name\":\"Noticias Carre\\u00f1o\"}}]},{\"@type\":\"NewsArticle\",\"@id\":\"https:\\\/\\\/candas365.es\\\/noticias\\\/carreno-selecciona-socorristas-para-sus-playas\\\/#newsarticle\",\"name\":\"Carre\\u00f1o selecciona socorristas para sus playas | Cand\\u00e1s 365\",\"headline\":\"Carre\\u00f1o selecciona socorristas para sus playas\",\"author\":{\"@id\":\"https:\\\/\\\/candas365.es\\\/noticias\\\/author\\\/admin\\\/#author\"},\"publisher\":{\"@id\":\"https:\\\/\\\/candas365.es\\\/noticias\\\/#organization\"},\"image\":{\"@type\":\"ImageObject\",\"url\":\"https:\\\/\\\/candas365.es\\\/noticias\\\/wp-content\\\/uploads\\\/2018\\\/04\\\/candas.jpg\",\"width\":892,\"height\":552,\"caption\":\"Cand\\u00e1s\"},\"datePublished\":\"2019-05-17T09:45:21+02:00\",\"dateModified\":\"2019-05-17T09:45:21+02:00\",\"inLanguage\":\"es-ES\",\"mainEntityOfPage\":{\"@id\":\"https:\\\/\\\/candas365.es\\\/noticias\\\/carreno-selecciona-socorristas-para-sus-playas\\\/#webpage\"},\"isPartOf\":{\"@id\":\"https:\\\/\\\/candas365.es\\\/noticias\\\/carreno-selecciona-socorristas-para-sus-playas\\\/#webpage\"},\"articleSection\":\"Noticias Carre\\u00f1o\",\"dateline\":\"Publicado el mayo 17, 2019.\"},{\"@type\":\"Organization\",\"@id\":\"https:\\\/\\\/candas365.es\\\/noticias\\\/#organization\",\"name\":\"Cand\\u00e1s 365\",\"description\":\"Cand\\u00e1s 365 es un diario digital independiente, fundado en 2012, con base en Asturias. Informamos con rigor sobre actualidad, sociedad, cultura y ocio, con una mirada local y global.\",\"url\":\"https:\\\/\\\/candas365.es\\\/noticias\\\/\",\"email\":\"info@candas365.es\",\"telephone\":\"+34652131393\",\"foundingDate\":\"2012-06-10\",\"logo\":{\"@type\":\"ImageObject\",\"url\":\"https:\\\/\\\/candas365.es\\\/noticias\\\/wp-content\\\/uploads\\\/2024\\\/09\\\/Candas-365-Redes.jpg\",\"@id\":\"https:\\\/\\\/candas365.es\\\/noticias\\\/carreno-selecciona-socorristas-para-sus-playas\\\/#organizationLogo\",\"width\":1152,\"height\":864,\"caption\":\"Cand\\u00e1s 365 Redes\"},\"image\":{\"@id\":\"https:\\\/\\\/candas365.es\\\/noticias\\\/carreno-selecciona-socorristas-para-sus-playas\\\/#organizationLogo\"},\"sameAs\":[\"https:\\\/\\\/www.facebook.com\\\/Nachofdezber\",\"https:\\\/\\\/x.com\\\/NabercoDigital\",\"https:\\\/\\\/www.instagram.com\\\/nachofdezber\\\/\",\"https:\\\/\\\/www.youtube.com\\\/channel\\\/UCZP-2wLEB9Rv6erhFmqVnvg\"],\"address\":{\"@id\":\"https:\\\/\\\/candas365.es\\\/noticias\\\/#postaladdress\",\"@type\":\"PostalAddress\",\"streetAddress\":\"san antonio 4, san antonio 4\",\"postalCode\":\"33430\",\"addressLocality\":\"Cand\\u00e1s\",\"addressRegion\":\"Asturias\",\"addressCountry\":\"ES\"}},{\"@type\":\"Person\",\"@id\":\"https:\\\/\\\/candas365.es\\\/noticias\\\/author\\\/admin\\\/#author\",\"url\":\"https:\\\/\\\/candas365.es\\\/noticias\\\/author\\\/admin\\\/\",\"name\":\"Cand\\u00e1s 365\",\"image\":{\"@type\":\"ImageObject\",\"@id\":\"https:\\\/\\\/candas365.es\\\/noticias\\\/carreno-selecciona-socorristas-para-sus-playas\\\/#authorImage\",\"url\":\"https:\\\/\\\/secure.gravatar.com\\\/avatar\\\/496a8e03d0c493ede1718b7934145dbdf8d89be1036b0eec9544e1094c9de390?s=96&d=mm&r=g\",\"width\":96,\"height\":96,\"caption\":\"Cand\\u00e1s 365\"},\"sameAs\":[\"https:\\\/\\\/www.facebook.com\\\/carrenoactualidad\",\"https:\\\/\\\/twitter.com\\\/nbasturias\",\"https:\\\/\\\/www.instagram.com\\\/nachofdezber\\\/\",\"https:\\\/\\\/www.youtube.com\\\/channel\\\/UCZP-2wLEB9Rv6erhFmqVnvg\"]},{\"@type\":\"WebPage\",\"@id\":\"https:\\\/\\\/candas365.es\\\/noticias\\\/carreno-selecciona-socorristas-para-sus-playas\\\/#webpage\",\"url\":\"https:\\\/\\\/candas365.es\\\/noticias\\\/carreno-selecciona-socorristas-para-sus-playas\\\/\",\"name\":\"Carre\\u00f1o selecciona socorristas para sus playas | Cand\\u00e1s 365\",\"description\":\"El Servicio de Socorrismo en las Playas del concejo de Carre\\u00f1o ser\\u00e1 prestado este verano por la Federaci\\u00f3n Asturias de Concejos (FACC) como medio propio y servicio t\\u00e9cnico de los ayuntamientos asturianos. El servicio de salvamento en Carre\\u00f1o dar\\u00e1 cobertura diaria, de Lunes a Domingo, a las playas de Palmera, Huelgues, Carranques y Xivares-Pe\\u00f1a Mar\\u00eda\",\"inLanguage\":\"es-ES\",\"isPartOf\":{\"@id\":\"https:\\\/\\\/candas365.es\\\/noticias\\\/#website\"},\"breadcrumb\":{\"@id\":\"https:\\\/\\\/candas365.es\\\/noticias\\\/carreno-selecciona-socorristas-para-sus-playas\\\/#breadcrumblist\"},\"author\":{\"@id\":\"https:\\\/\\\/candas365.es\\\/noticias\\\/author\\\/admin\\\/#author\"},\"creator\":{\"@id\":\"https:\\\/\\\/candas365.es\\\/noticias\\\/author\\\/admin\\\/#author\"},\"image\":{\"@type\":\"ImageObject\",\"url\":\"https:\\\/\\\/candas365.es\\\/noticias\\\/wp-content\\\/uploads\\\/2018\\\/04\\\/candas.jpg\",\"@id\":\"https:\\\/\\\/candas365.es\\\/noticias\\\/carreno-selecciona-socorristas-para-sus-playas\\\/#mainImage\",\"width\":892,\"height\":552,\"caption\":\"Cand\\u00e1s\"},\"primaryImageOfPage\":{\"@id\":\"https:\\\/\\\/candas365.es\\\/noticias\\\/carreno-selecciona-socorristas-para-sus-playas\\\/#mainImage\"},\"datePublished\":\"2019-05-17T09:45:21+02:00\",\"dateModified\":\"2019-05-17T09:45:21+02:00\"},{\"@type\":\"WebSite\",\"@id\":\"https:\\\/\\\/candas365.es\\\/noticias\\\/#website\",\"url\":\"https:\\\/\\\/candas365.es\\\/noticias\\\/\",\"name\":\"Cand\\u00e1s 365\",\"alternateName\":\"Cand\\u00e1s 365 Noticias\",\"description\":\"Actualidad desde Carre\\u00f1o para el mundo\",\"inLanguage\":\"es-ES\",\"publisher\":{\"@id\":\"https:\\\/\\\/candas365.es\\\/noticias\\\/#organization\"}}]}\n\t\t<\/script>\n\t\t<!-- All in One SEO Pro -->\r\n\t\t<title>Carre\u00f1o selecciona socorristas para sus playas | Cand\u00e1s 365<\/title>\n\n","aioseo_head_json":{"title":"Carre\u00f1o selecciona socorristas para sus playas | Cand\u00e1s 365","description":"El Servicio de Socorrismo en las Playas del concejo de Carre\u00f1o ser\u00e1 prestado este verano por la Federaci\u00f3n Asturias de Concejos (FACC) como medio propio y servicio t\u00e9cnico de los ayuntamientos asturianos. El servicio de salvamento en Carre\u00f1o dar\u00e1 cobertura diaria, de Lunes a Domingo, a las playas de Palmera, Huelgues, Carranques y Xivares-Pe\u00f1a Mar\u00eda","canonical_url":"https:\/\/candas365.es\/noticias\/carreno-selecciona-socorristas-para-sus-playas\/","robots":"max-image-preview:large","keywords":"noticias carre\u00f1o","webmasterTools":{"google-site-verification":"UA-32230408-1","msvalidate.01":"354F3CDFB2DA171B47FBE9ABF1F88D5","miscellaneous":""},"schema":{"@context":"https:\/\/schema.org","@graph":[{"@type":"BreadcrumbList","@id":"https:\/\/candas365.es\/noticias\/carreno-selecciona-socorristas-para-sus-playas\/#breadcrumblist","itemListElement":[{"@type":"ListItem","@id":"https:\/\/candas365.es\/noticias#listItem","position":1,"name":"Home","item":"https:\/\/candas365.es\/noticias","nextItem":{"@type":"ListItem","@id":"https:\/\/candas365.es\/noticias\/category\/noticias-carreno\/#listItem","name":"Noticias Carre\u00f1o"}},{"@type":"ListItem","@id":"https:\/\/candas365.es\/noticias\/category\/noticias-carreno\/#listItem","position":2,"name":"Noticias Carre\u00f1o","item":"https:\/\/candas365.es\/noticias\/category\/noticias-carreno\/","nextItem":{"@type":"ListItem","@id":"https:\/\/candas365.es\/noticias\/carreno-selecciona-socorristas-para-sus-playas\/#listItem","name":"Carre\u00f1o selecciona socorristas para sus playas"},"previousItem":{"@type":"ListItem","@id":"https:\/\/candas365.es\/noticias#listItem","name":"Home"}},{"@type":"ListItem","@id":"https:\/\/candas365.es\/noticias\/carreno-selecciona-socorristas-para-sus-playas\/#listItem","position":3,"name":"Carre\u00f1o selecciona socorristas para sus playas","previousItem":{"@type":"ListItem","@id":"https:\/\/candas365.es\/noticias\/category\/noticias-carreno\/#listItem","name":"Noticias Carre\u00f1o"}}]},{"@type":"NewsArticle","@id":"https:\/\/candas365.es\/noticias\/carreno-selecciona-socorristas-para-sus-playas\/#newsarticle","name":"Carre\u00f1o selecciona socorristas para sus playas | Cand\u00e1s 365","headline":"Carre\u00f1o selecciona socorristas para sus playas","author":{"@id":"https:\/\/candas365.es\/noticias\/author\/admin\/#author"},"publisher":{"@id":"https:\/\/candas365.es\/noticias\/#organization"},"image":{"@type":"ImageObject","url":"https:\/\/candas365.es\/noticias\/wp-content\/uploads\/2018\/04\/candas.jpg","width":892,"height":552,"caption":"Cand\u00e1s"},"datePublished":"2019-05-17T09:45:21+02:00","dateModified":"2019-05-17T09:45:21+02:00","inLanguage":"es-ES","mainEntityOfPage":{"@id":"https:\/\/candas365.es\/noticias\/carreno-selecciona-socorristas-para-sus-playas\/#webpage"},"isPartOf":{"@id":"https:\/\/candas365.es\/noticias\/carreno-selecciona-socorristas-para-sus-playas\/#webpage"},"articleSection":"Noticias Carre\u00f1o","dateline":"Publicado el mayo 17, 2019."},{"@type":"Organization","@id":"https:\/\/candas365.es\/noticias\/#organization","name":"Cand\u00e1s 365","description":"Cand\u00e1s 365 es un diario digital independiente, fundado en 2012, con base en Asturias. Informamos con rigor sobre actualidad, sociedad, cultura y ocio, con una mirada local y global.","url":"https:\/\/candas365.es\/noticias\/","email":"info@candas365.es","telephone":"+34652131393","foundingDate":"2012-06-10","logo":{"@type":"ImageObject","url":"https:\/\/candas365.es\/noticias\/wp-content\/uploads\/2024\/09\/Candas-365-Redes.jpg","@id":"https:\/\/candas365.es\/noticias\/carreno-selecciona-socorristas-para-sus-playas\/#organizationLogo","width":1152,"height":864,"caption":"Cand\u00e1s 365 Redes"},"image":{"@id":"https:\/\/candas365.es\/noticias\/carreno-selecciona-socorristas-para-sus-playas\/#organizationLogo"},"sameAs":["https:\/\/www.facebook.com\/Nachofdezber","https:\/\/x.com\/NabercoDigital","https:\/\/www.instagram.com\/nachofdezber\/","https:\/\/www.youtube.com\/channel\/UCZP-2wLEB9Rv6erhFmqVnvg"],"address":{"@id":"https:\/\/candas365.es\/noticias\/#postaladdress","@type":"PostalAddress","streetAddress":"san antonio 4, san antonio 4","postalCode":"33430","addressLocality":"Cand\u00e1s","addressRegion":"Asturias","addressCountry":"ES"}},{"@type":"Person","@id":"https:\/\/candas365.es\/noticias\/author\/admin\/#author","url":"https:\/\/candas365.es\/noticias\/author\/admin\/","name":"Cand\u00e1s 365","image":{"@type":"ImageObject","@id":"https:\/\/candas365.es\/noticias\/carreno-selecciona-socorristas-para-sus-playas\/#authorImage","url":"https:\/\/secure.gravatar.com\/avatar\/496a8e03d0c493ede1718b7934145dbdf8d89be1036b0eec9544e1094c9de390?s=96&d=mm&r=g","width":96,"height":96,"caption":"Cand\u00e1s 365"},"sameAs":["https:\/\/www.facebook.com\/carrenoactualidad","https:\/\/twitter.com\/nbasturias","https:\/\/www.instagram.com\/nachofdezber\/","https:\/\/www.youtube.com\/channel\/UCZP-2wLEB9Rv6erhFmqVnvg"]},{"@type":"WebPage","@id":"https:\/\/candas365.es\/noticias\/carreno-selecciona-socorristas-para-sus-playas\/#webpage","url":"https:\/\/candas365.es\/noticias\/carreno-selecciona-socorristas-para-sus-playas\/","name":"Carre\u00f1o selecciona socorristas para sus playas | Cand\u00e1s 365","description":"El Servicio de Socorrismo en las Playas del concejo de Carre\u00f1o ser\u00e1 prestado este verano por la Federaci\u00f3n Asturias de Concejos (FACC) como medio propio y servicio t\u00e9cnico de los ayuntamientos asturianos. El servicio de salvamento en Carre\u00f1o dar\u00e1 cobertura diaria, de Lunes a Domingo, a las playas de Palmera, Huelgues, Carranques y Xivares-Pe\u00f1a Mar\u00eda","inLanguage":"es-ES","isPartOf":{"@id":"https:\/\/candas365.es\/noticias\/#website"},"breadcrumb":{"@id":"https:\/\/candas365.es\/noticias\/carreno-selecciona-socorristas-para-sus-playas\/#breadcrumblist"},"author":{"@id":"https:\/\/candas365.es\/noticias\/author\/admin\/#author"},"creator":{"@id":"https:\/\/candas365.es\/noticias\/author\/admin\/#author"},"image":{"@type":"ImageObject","url":"https:\/\/candas365.es\/noticias\/wp-content\/uploads\/2018\/04\/candas.jpg","@id":"https:\/\/candas365.es\/noticias\/carreno-selecciona-socorristas-para-sus-playas\/#mainImage","width":892,"height":552,"caption":"Cand\u00e1s"},"primaryImageOfPage":{"@id":"https:\/\/candas365.es\/noticias\/carreno-selecciona-socorristas-para-sus-playas\/#mainImage"},"datePublished":"2019-05-17T09:45:21+02:00","dateModified":"2019-05-17T09:45:21+02:00"},{"@type":"WebSite","@id":"https:\/\/candas365.es\/noticias\/#website","url":"https:\/\/candas365.es\/noticias\/","name":"Cand\u00e1s 365","alternateName":"Cand\u00e1s 365 Noticias","description":"Actualidad desde Carre\u00f1o para el mundo","inLanguage":"es-ES","publisher":{"@id":"https:\/\/candas365.es\/noticias\/#organization"}}]},"og:locale":"es_ES","og:site_name":"Cand\u00e1s 365","og:type":"article","og:title":"Carre\u00f1o selecciona socorristas para sus playas | Cand\u00e1s 365","og:description":"El Servicio de Socorrismo en las Playas del concejo de Carre\u00f1o ser\u00e1 prestado este verano por la Federaci\u00f3n Asturias de Concejos (FACC) como medio propio y servicio t\u00e9cnico de los ayuntamientos asturianos. El servicio de salvamento en Carre\u00f1o dar\u00e1 cobertura diaria, de Lunes a Domingo, a las playas de Palmera, Huelgues, Carranques y Xivares-Pe\u00f1a Mar\u00eda","og:url":"https:\/\/candas365.es\/noticias\/carreno-selecciona-socorristas-para-sus-playas\/","og:image":"https:\/\/candas365.es\/noticias\/wp-content\/uploads\/2018\/04\/candas.jpg","og:image:secure_url":"https:\/\/candas365.es\/noticias\/wp-content\/uploads\/2018\/04\/candas.jpg","og:image:width":892,"og:image:height":552,"article:published_time":"2019-05-17T09:45:21+00:00","article:modified_time":"2019-05-17T09:45:21+00:00","article:publisher":"https:\/\/www.facebook.com\/Nachofdezber","article:author":"https:\/\/www.facebook.com\/carrenoactualidad","twitter:card":"summary_large_image","twitter:site":"@NabercoDigital","twitter:title":"Carre\u00f1o selecciona socorristas para sus playas | Cand\u00e1s 365","twitter:description":"El Servicio de Socorrismo en las Playas del concejo de Carre\u00f1o ser\u00e1 prestado este verano por la Federaci\u00f3n Asturias de Concejos (FACC) como medio propio y servicio t\u00e9cnico de los ayuntamientos asturianos. El servicio de salvamento en Carre\u00f1o dar\u00e1 cobertura diaria, de Lunes a Domingo, a las playas de Palmera, Huelgues, Carranques y Xivares-Pe\u00f1a Mar\u00eda","twitter:creator":"@nbasturias","twitter:image":"https:\/\/candas365.es\/noticias\/wp-content\/uploads\/2018\/04\/candas.jpg","twitter:label1":"Escrito por","twitter:data1":"Cand\u00e1s 365","twitter:label2":"Tiempo de lectura estimado","twitter:data2":"2 minutos"},"aioseo_meta_data":{"post_id":"122664","title":null,"description":null,"keywords":null,"keyphrases":null,"primary_term":null,"canonical_url":null,"og_title":null,"og_description":null,"og_object_type":"default","og_image_type":"default","og_image_url":null,"og_image_width":null,"og_image_height":null,"og_image_custom_url":null,"og_image_custom_fields":null,"og_video":null,"og_custom_url":null,"og_article_section":null,"og_article_tags":null,"twitter_use_og":false,"twitter_card":"default","twitter_image_type":"default","twitter_image_url":null,"twitter_image_custom_url":null,"twitter_image_custom_fields":null,"twitter_title":null,"twitter_description":null,"schema":{"blockGraphs":[],"customGraphs":[],"default":{"data":{"Article":[],"Course":[],"Dataset":[],"FAQPage":[],"Movie":[],"Person":[],"Product":[],"ProductReview":[],"Car":[],"Recipe":[],"Service":[],"SoftwareApplication":[],"WebPage":[]},"graphName":"","isEnabled":true},"graphs":[],"defaultGraph":"","defaultPostTypeGraph":""},"schema_type":null,"schema_type_options":null,"pillar_content":false,"robots_default":true,"robots_noindex":false,"robots_noarchive":false,"robots_nosnippet":false,"robots_nofollow":false,"robots_noimageindex":false,"robots_noodp":false,"robots_notranslate":false,"robots_max_snippet":null,"robots_max_videopreview":null,"robots_max_imagepreview":"large","priority":null,"frequency":null,"location":null,"local_seo":null,"seo_analyzer_scan_date":"2025-08-29 23:02:22","breadcrumb_settings":null,"limit_modified_date":false,"reviewed_by":null,"open_ai":null,"ai":null,"created":"2020-12-21 10:57:30","updated":"2025-08-29 23:02:22"},"aioseo_breadcrumb":"<div class=\"aioseo-breadcrumbs\"><span class=\"aioseo-breadcrumb\">\n\t<a href=\"https:\/\/candas365.es\/noticias\" title=\"Home\">Home<\/a>\n<\/span><span class=\"aioseo-breadcrumb-separator\">&ndash;<\/span><span class=\"aioseo-breadcrumb\">\n\t<a href=\"https:\/\/candas365.es\/noticias\/category\/noticias-carreno\/\" title=\"Noticias Carre\u00f1o\">Noticias Carre\u00f1o<\/a>\n<\/span><span class=\"aioseo-breadcrumb-separator\">&ndash;<\/span><span class=\"aioseo-breadcrumb\">\n\tCarre\u00f1o selecciona socorristas para sus playas\n<\/span><\/div>","aioseo_breadcrumb_json":[{"label":"Home","link":"https:\/\/candas365.es\/noticias"},{"label":"Noticias Carre\u00f1o","link":"https:\/\/candas365.es\/noticias\/category\/noticias-carreno\/"},{"label":"Carre\u00f1o selecciona socorristas para sus playas","link":"https:\/\/candas365.es\/noticias\/carreno-selecciona-socorristas-para-sus-playas\/"}],"_links":{"self":[{"href":"https:\/\/candas365.es\/noticias\/wp-json\/wp\/v2\/posts\/122664","targetHints":{"allow":["GET"]}}],"collection":[{"href":"https:\/\/candas365.es\/noticias\/wp-json\/wp\/v2\/posts"}],"about":[{"href":"https:\/\/candas365.es\/noticias\/wp-json\/wp\/v2\/types\/post"}],"author":[{"embeddable":true,"href":"https:\/\/candas365.es\/noticias\/wp-json\/wp\/v2\/users\/1"}],"replies":[{"embeddable":true,"href":"https:\/\/candas365.es\/noticias\/wp-json\/wp\/v2\/comments?post=122664"}],"version-history":[{"count":0,"href":"https:\/\/candas365.es\/noticias\/wp-json\/wp\/v2\/posts\/122664\/revisions"}],"wp:featuredmedia":[{"embeddable":true,"href":"https:\/\/candas365.es\/noticias\/wp-json\/wp\/v2\/media\/94663"}],"wp:attachment":[{"href":"https:\/\/candas365.es\/noticias\/wp-json\/wp\/v2\/media?parent=122664"}],"wp:term":[{"taxonomy":"category","embeddable":true,"href":"https:\/\/candas365.es\/noticias\/wp-json\/wp\/v2\/categories?post=122664"},{"taxonomy":"post_tag","embeddable":true,"href":"https:\/\/candas365.es\/noticias\/wp-json\/wp\/v2\/tags?post=122664"}],"curies":[{"name":"wp","href":"https:\/\/api.w.org\/{rel}","templated":true}]}}