{"id":122659,"date":"2019-05-17T09:28:51","date_gmt":"2019-05-17T09:28:51","guid":{"rendered":"http:\/\/candas365.es\/noticias\/?p=122659"},"modified":"2019-05-17T09:28:51","modified_gmt":"2019-05-17T09:28:51","slug":"paula-cuervo-el-ajuste-del-gasto-se-llevara-a-cabo-tomando-medidas-internas","status":"publish","type":"post","link":"https:\/\/candas365.es\/noticias\/paula-cuervo-el-ajuste-del-gasto-se-llevara-a-cabo-tomando-medidas-internas\/","title":{"rendered":"Paula Cuervo: \u201cEl ajuste del gasto se llevar\u00e1 a cabo tomando medidas internas\u201d"},"content":{"rendered":"<p><img fetchpriority=\"high\" decoding=\"async\" class=\"alignleft size-medium wp-image-6453\" src=\"https:\/\/candas365.es\/noticias\/wp-content\/uploads\/2015\/01\/ayuntamiento-360x270.jpg\" alt=\"\" width=\"360\" height=\"270\" srcset=\"https:\/\/candas365.es\/noticias\/wp-content\/uploads\/2015\/01\/ayuntamiento-360x270.jpg 360w, https:\/\/candas365.es\/noticias\/wp-content\/uploads\/2015\/01\/ayuntamiento-640x480.jpg 640w, https:\/\/candas365.es\/noticias\/wp-content\/uploads\/2015\/01\/ayuntamiento-768x576.jpg 768w, https:\/\/candas365.es\/noticias\/wp-content\/uploads\/2015\/01\/ayuntamiento-150x113.jpg 150w, https:\/\/candas365.es\/noticias\/wp-content\/uploads\/2015\/01\/ayuntamiento-450x338.jpg 450w, https:\/\/candas365.es\/noticias\/wp-content\/uploads\/2015\/01\/ayuntamiento-80x60.jpg 80w, https:\/\/candas365.es\/noticias\/wp-content\/uploads\/2015\/01\/ayuntamiento-265x198.jpg 265w, https:\/\/candas365.es\/noticias\/wp-content\/uploads\/2015\/01\/ayuntamiento-696x522.jpg 696w, https:\/\/candas365.es\/noticias\/wp-content\/uploads\/2015\/01\/ayuntamiento-560x420.jpg 560w, https:\/\/candas365.es\/noticias\/wp-content\/uploads\/2015\/01\/ayuntamiento-90x67.jpg 90w, https:\/\/candas365.es\/noticias\/wp-content\/uploads\/2015\/01\/ayuntamiento.jpg 800w\" sizes=\"(max-width: 360px) 100vw, 360px\" \/>\u201cEl Ayuntamiento de Carre\u00f1o ha logrado alcanzar la deuda cero durante la legislatura que llega a su fin y hemos sido capaces de generar recursos que hoy tenemos en los bancos ( tres millones de euros), sin embargo la imposici\u00f3n de la regla del techo de gasto a las entidades locales nos lleva a presentar un plan econ\u00f3mico financiero\u201d, explic\u00f3 Paula Cuervo, portavoz del gobierno socialista.<\/p>\n<p>El Ayuntamiento de Carre\u00f1o, en un escenario de pr\u00f3rroga presupuestaria, afronta la aprobaci\u00f3n en el pr\u00f3ximo Pleno de un Plan Econ\u00f3mico Financiero. Consecuencia de ese escenario de presupuesto prorrogado, y al haber aprobado gastos superiores a los previstos en relaci\u00f3n con el incremento de precio anual de la prestaci\u00f3n de servicios y el coste que suponen las mejoras laborales aprobadas por la Corporaci\u00f3n para el personal municipal, a pesar de que el Ayuntamiento en el a\u00f1o 2019 cumple con estabilidad presupuestaria, no podr\u00e1 gastar m\u00e1s de 11.775.653,39 de euros. Esta cantidad es el techo de gasto que fija el Ministerio para el a\u00f1o que viene y por ello, el consistorio tendr\u00e1 que acomodar sus previsiones de gasto en el plan econ\u00f3mico financiero, de tal manera que permita cumplir con dicha regla de gasto.<\/p>\n<p>\u201cEl ajuste del gasto se llevar\u00e1 a cabo tomando medidas internas que contemplan adaptar la capacidad inversora en 70 mil euros para estar dentro del l\u00edmite disponible para invertir. En este sentido se ajustar\u00e1n algunos gastos cubriendo aquellos puestos cuya baja supere el mes y existen plazas que no se van a poder cubrir porque proceso de cobertura se est\u00e1 elaborando por el Principado por lo que se limitar\u00e1 el gasto en materia de personal y, por otro lado, se adaptar\u00e1n los gastos en otras partidas a la previsi\u00f3n real para este ejercicio\u201d, explic\u00f3 Paula Cuervo.<\/p>\n<p>La comisi\u00f3n de Hacienda est\u00e1 convocada desde ayer y se celebrar\u00e1, seg\u00fan lo previsto, el lunes, 20 a las 11 horas . La aprobaci\u00f3n del Plan se debatir\u00e1 en el \u00faltimo pleno de la esta legislatura, antes de remitirse al Ministerio de Hacienda y Funci\u00f3n P\u00fablica para su aprobaci\u00f3n definitiva y seguimiento<\/p>\n","protected":false},"excerpt":{"rendered":"<p>\u201cEl Ayuntamiento de Carre\u00f1o ha logrado alcanzar la deuda cero durante la legislatura que llega a su fin y hemos sido capaces de generar recursos que hoy tenemos en los bancos ( tres millones de euros), sin embargo la imposici\u00f3n de la regla del techo de gasto a las entidades locales nos lleva a presentar<\/p>\n","protected":false},"author":1,"featured_media":6453,"comment_status":"closed","ping_status":"closed","sticky":false,"template":"","format":"standard","meta":{"footnotes":""},"categories":[2],"tags":[],"class_list":{"0":"post-122659","1":"post","2":"type-post","3":"status-publish","4":"format-standard","5":"has-post-thumbnail","7":"category-noticias-carreno"},"aioseo_notices":[],"aioseo_head":"\n\t\t<!-- All in One SEO Pro 4.9.6.2 - aioseo.com -->\n\t<meta name=\"description\" content=\"\u201cEl Ayuntamiento de Carre\u00f1o ha logrado alcanzar la deuda cero durante la legislatura que llega a su fin y hemos sido capaces de generar recursos que hoy tenemos en los bancos ( tres millones de euros), sin embargo la imposici\u00f3n de la regla del techo de gasto a las entidades locales nos lleva a presentar\" \/>\n\t<meta name=\"robots\" content=\"max-image-preview:large\" \/>\n\t<meta name=\"author\" content=\"Cand\u00e1s 365\"\/>\n\t<meta name=\"google-site-verification\" content=\"UA-32230408-1\" \/>\n\t<meta name=\"msvalidate.01\" content=\"354F3CDFB2DA171B47FBE9ABF1F88D5\" \/>\n\t<meta name=\"keywords\" content=\"noticias carre\u00f1o\" \/>\n\t<link rel=\"canonical\" href=\"https:\/\/candas365.es\/noticias\/paula-cuervo-el-ajuste-del-gasto-se-llevara-a-cabo-tomando-medidas-internas\/\" \/>\n\t<meta name=\"generator\" content=\"All in One SEO Pro (AIOSEO) 4.9.6.2\" \/>\n\t\t<meta property=\"og:locale\" content=\"es_ES\" \/>\n\t\t<meta property=\"og:site_name\" content=\"Cand\u00e1s 365\" \/>\n\t\t<meta property=\"og:type\" content=\"article\" \/>\n\t\t<meta property=\"og:title\" content=\"Paula Cuervo: \u201cEl ajuste del gasto se llevar\u00e1 a cabo tomando medidas internas\u201d | Cand\u00e1s 365\" \/>\n\t\t<meta property=\"og:description\" content=\"\u201cEl Ayuntamiento de Carre\u00f1o ha logrado alcanzar la deuda cero durante la legislatura que llega a su fin y hemos sido capaces de generar recursos que hoy tenemos en los bancos ( tres millones de euros), sin embargo la imposici\u00f3n de la regla del techo de gasto a las entidades locales nos lleva a presentar\" \/>\n\t\t<meta property=\"og:url\" content=\"https:\/\/candas365.es\/noticias\/paula-cuervo-el-ajuste-del-gasto-se-llevara-a-cabo-tomando-medidas-internas\/\" \/>\n\t\t<meta property=\"og:image\" content=\"https:\/\/candas365.es\/noticias\/wp-content\/uploads\/2015\/01\/ayuntamiento.jpg\" \/>\n\t\t<meta property=\"og:image:secure_url\" content=\"https:\/\/candas365.es\/noticias\/wp-content\/uploads\/2015\/01\/ayuntamiento.jpg\" \/>\n\t\t<meta property=\"og:image:width\" content=\"800\" \/>\n\t\t<meta property=\"og:image:height\" content=\"600\" \/>\n\t\t<meta property=\"article:published_time\" content=\"2019-05-17T09:28:51+00:00\" \/>\n\t\t<meta property=\"article:modified_time\" content=\"2019-05-17T09:28:51+00:00\" \/>\n\t\t<meta property=\"article:publisher\" content=\"https:\/\/www.facebook.com\/Nachofdezber\" \/>\n\t\t<meta property=\"article:author\" content=\"https:\/\/www.facebook.com\/carrenoactualidad\" \/>\n\t\t<meta name=\"twitter:card\" content=\"summary_large_image\" \/>\n\t\t<meta name=\"twitter:site\" content=\"@NabercoDigital\" \/>\n\t\t<meta name=\"twitter:title\" content=\"Paula Cuervo: \u201cEl ajuste del gasto se llevar\u00e1 a cabo tomando medidas internas\u201d | Cand\u00e1s 365\" \/>\n\t\t<meta name=\"twitter:description\" content=\"\u201cEl Ayuntamiento de Carre\u00f1o ha logrado alcanzar la deuda cero durante la legislatura que llega a su fin y hemos sido capaces de generar recursos que hoy tenemos en los bancos ( tres millones de euros), sin embargo la imposici\u00f3n de la regla del techo de gasto a las entidades locales nos lleva a presentar\" \/>\n\t\t<meta name=\"twitter:creator\" content=\"@nbasturias\" \/>\n\t\t<meta name=\"twitter:image\" content=\"https:\/\/candas365.es\/noticias\/wp-content\/uploads\/2015\/01\/ayuntamiento.jpg\" \/>\n\t\t<meta name=\"twitter:label1\" content=\"Escrito por\" \/>\n\t\t<meta name=\"twitter:data1\" content=\"Cand\u00e1s 365\" \/>\n\t\t<meta name=\"twitter:label2\" content=\"Tiempo de lectura estimado\" \/>\n\t\t<meta name=\"twitter:data2\" content=\"2 minutos\" \/>\n\t\t<script type=\"application\/ld+json\" class=\"aioseo-schema\">\n\t\t\t{\"@context\":\"https:\\\/\\\/schema.org\",\"@graph\":[{\"@type\":\"BreadcrumbList\",\"@id\":\"https:\\\/\\\/candas365.es\\\/noticias\\\/paula-cuervo-el-ajuste-del-gasto-se-llevara-a-cabo-tomando-medidas-internas\\\/#breadcrumblist\",\"itemListElement\":[{\"@type\":\"ListItem\",\"@id\":\"https:\\\/\\\/candas365.es\\\/noticias#listItem\",\"position\":1,\"name\":\"Home\",\"item\":\"https:\\\/\\\/candas365.es\\\/noticias\",\"nextItem\":{\"@type\":\"ListItem\",\"@id\":\"https:\\\/\\\/candas365.es\\\/noticias\\\/category\\\/noticias-carreno\\\/#listItem\",\"name\":\"Noticias Carre\\u00f1o\"}},{\"@type\":\"ListItem\",\"@id\":\"https:\\\/\\\/candas365.es\\\/noticias\\\/category\\\/noticias-carreno\\\/#listItem\",\"position\":2,\"name\":\"Noticias Carre\\u00f1o\",\"item\":\"https:\\\/\\\/candas365.es\\\/noticias\\\/category\\\/noticias-carreno\\\/\",\"nextItem\":{\"@type\":\"ListItem\",\"@id\":\"https:\\\/\\\/candas365.es\\\/noticias\\\/paula-cuervo-el-ajuste-del-gasto-se-llevara-a-cabo-tomando-medidas-internas\\\/#listItem\",\"name\":\"Paula Cuervo: \\u201cEl ajuste del gasto se llevar\\u00e1 a cabo tomando medidas internas\\u201d\"},\"previousItem\":{\"@type\":\"ListItem\",\"@id\":\"https:\\\/\\\/candas365.es\\\/noticias#listItem\",\"name\":\"Home\"}},{\"@type\":\"ListItem\",\"@id\":\"https:\\\/\\\/candas365.es\\\/noticias\\\/paula-cuervo-el-ajuste-del-gasto-se-llevara-a-cabo-tomando-medidas-internas\\\/#listItem\",\"position\":3,\"name\":\"Paula Cuervo: \\u201cEl ajuste del gasto se llevar\\u00e1 a cabo tomando medidas internas\\u201d\",\"previousItem\":{\"@type\":\"ListItem\",\"@id\":\"https:\\\/\\\/candas365.es\\\/noticias\\\/category\\\/noticias-carreno\\\/#listItem\",\"name\":\"Noticias Carre\\u00f1o\"}}]},{\"@type\":\"NewsArticle\",\"@id\":\"https:\\\/\\\/candas365.es\\\/noticias\\\/paula-cuervo-el-ajuste-del-gasto-se-llevara-a-cabo-tomando-medidas-internas\\\/#newsarticle\",\"name\":\"Paula Cuervo: \\u201cEl ajuste del gasto se llevar\\u00e1 a cabo tomando medidas internas\\u201d | Cand\\u00e1s 365\",\"headline\":\"Paula Cuervo: \\u201cEl ajuste del gasto se llevar\\u00e1 a cabo tomando medidas internas\\u201d\",\"author\":{\"@id\":\"https:\\\/\\\/candas365.es\\\/noticias\\\/author\\\/admin\\\/#author\"},\"publisher\":{\"@id\":\"https:\\\/\\\/candas365.es\\\/noticias\\\/#organization\"},\"image\":{\"@type\":\"ImageObject\",\"url\":\"https:\\\/\\\/candas365.es\\\/noticias\\\/wp-content\\\/uploads\\\/2015\\\/01\\\/ayuntamiento.jpg\",\"width\":800,\"height\":600,\"caption\":\"Carre\\u00f1o\"},\"datePublished\":\"2019-05-17T09:28:51+02:00\",\"dateModified\":\"2019-05-17T09:28:51+02:00\",\"inLanguage\":\"es-ES\",\"mainEntityOfPage\":{\"@id\":\"https:\\\/\\\/candas365.es\\\/noticias\\\/paula-cuervo-el-ajuste-del-gasto-se-llevara-a-cabo-tomando-medidas-internas\\\/#webpage\"},\"isPartOf\":{\"@id\":\"https:\\\/\\\/candas365.es\\\/noticias\\\/paula-cuervo-el-ajuste-del-gasto-se-llevara-a-cabo-tomando-medidas-internas\\\/#webpage\"},\"articleSection\":\"Noticias Carre\\u00f1o\",\"dateline\":\"Publicado el mayo 17, 2019.\"},{\"@type\":\"Organization\",\"@id\":\"https:\\\/\\\/candas365.es\\\/noticias\\\/#organization\",\"name\":\"Cand\\u00e1s 365\",\"description\":\"Cand\\u00e1s 365 es un diario digital independiente, fundado en 2012, con base en Asturias. Informamos con rigor sobre actualidad, sociedad, cultura y ocio, con una mirada local y global.\",\"url\":\"https:\\\/\\\/candas365.es\\\/noticias\\\/\",\"email\":\"info@candas365.es\",\"telephone\":\"+34652131393\",\"foundingDate\":\"2012-06-10\",\"logo\":{\"@type\":\"ImageObject\",\"url\":\"https:\\\/\\\/candas365.es\\\/noticias\\\/wp-content\\\/uploads\\\/2024\\\/09\\\/Candas-365-Redes.jpg\",\"@id\":\"https:\\\/\\\/candas365.es\\\/noticias\\\/paula-cuervo-el-ajuste-del-gasto-se-llevara-a-cabo-tomando-medidas-internas\\\/#organizationLogo\",\"width\":1152,\"height\":864,\"caption\":\"Cand\\u00e1s 365 Redes\"},\"image\":{\"@id\":\"https:\\\/\\\/candas365.es\\\/noticias\\\/paula-cuervo-el-ajuste-del-gasto-se-llevara-a-cabo-tomando-medidas-internas\\\/#organizationLogo\"},\"sameAs\":[\"https:\\\/\\\/www.facebook.com\\\/Nachofdezber\",\"https:\\\/\\\/x.com\\\/NabercoDigital\",\"https:\\\/\\\/www.instagram.com\\\/nachofdezber\\\/\",\"https:\\\/\\\/www.youtube.com\\\/channel\\\/UCZP-2wLEB9Rv6erhFmqVnvg\"],\"address\":{\"@id\":\"https:\\\/\\\/candas365.es\\\/noticias\\\/#postaladdress\",\"@type\":\"PostalAddress\",\"streetAddress\":\"san antonio 4, san antonio 4\",\"postalCode\":\"33430\",\"addressLocality\":\"Cand\\u00e1s\",\"addressRegion\":\"Asturias\",\"addressCountry\":\"ES\"}},{\"@type\":\"Person\",\"@id\":\"https:\\\/\\\/candas365.es\\\/noticias\\\/author\\\/admin\\\/#author\",\"url\":\"https:\\\/\\\/candas365.es\\\/noticias\\\/author\\\/admin\\\/\",\"name\":\"Cand\\u00e1s 365\",\"image\":{\"@type\":\"ImageObject\",\"@id\":\"https:\\\/\\\/candas365.es\\\/noticias\\\/paula-cuervo-el-ajuste-del-gasto-se-llevara-a-cabo-tomando-medidas-internas\\\/#authorImage\",\"url\":\"https:\\\/\\\/secure.gravatar.com\\\/avatar\\\/496a8e03d0c493ede1718b7934145dbdf8d89be1036b0eec9544e1094c9de390?s=96&d=mm&r=g\",\"width\":96,\"height\":96,\"caption\":\"Cand\\u00e1s 365\"},\"sameAs\":[\"https:\\\/\\\/www.facebook.com\\\/carrenoactualidad\",\"https:\\\/\\\/twitter.com\\\/nbasturias\",\"https:\\\/\\\/www.instagram.com\\\/nachofdezber\\\/\",\"https:\\\/\\\/www.youtube.com\\\/channel\\\/UCZP-2wLEB9Rv6erhFmqVnvg\"]},{\"@type\":\"WebPage\",\"@id\":\"https:\\\/\\\/candas365.es\\\/noticias\\\/paula-cuervo-el-ajuste-del-gasto-se-llevara-a-cabo-tomando-medidas-internas\\\/#webpage\",\"url\":\"https:\\\/\\\/candas365.es\\\/noticias\\\/paula-cuervo-el-ajuste-del-gasto-se-llevara-a-cabo-tomando-medidas-internas\\\/\",\"name\":\"Paula Cuervo: \\u201cEl ajuste del gasto se llevar\\u00e1 a cabo tomando medidas internas\\u201d | Cand\\u00e1s 365\",\"description\":\"\\u201cEl Ayuntamiento de Carre\\u00f1o ha logrado alcanzar la deuda cero durante la legislatura que llega a su fin y hemos sido capaces de generar recursos que hoy tenemos en los bancos ( tres millones de euros), sin embargo la imposici\\u00f3n de la regla del techo de gasto a las entidades locales nos lleva a presentar\",\"inLanguage\":\"es-ES\",\"isPartOf\":{\"@id\":\"https:\\\/\\\/candas365.es\\\/noticias\\\/#website\"},\"breadcrumb\":{\"@id\":\"https:\\\/\\\/candas365.es\\\/noticias\\\/paula-cuervo-el-ajuste-del-gasto-se-llevara-a-cabo-tomando-medidas-internas\\\/#breadcrumblist\"},\"author\":{\"@id\":\"https:\\\/\\\/candas365.es\\\/noticias\\\/author\\\/admin\\\/#author\"},\"creator\":{\"@id\":\"https:\\\/\\\/candas365.es\\\/noticias\\\/author\\\/admin\\\/#author\"},\"image\":{\"@type\":\"ImageObject\",\"url\":\"https:\\\/\\\/candas365.es\\\/noticias\\\/wp-content\\\/uploads\\\/2015\\\/01\\\/ayuntamiento.jpg\",\"@id\":\"https:\\\/\\\/candas365.es\\\/noticias\\\/paula-cuervo-el-ajuste-del-gasto-se-llevara-a-cabo-tomando-medidas-internas\\\/#mainImage\",\"width\":800,\"height\":600,\"caption\":\"Carre\\u00f1o\"},\"primaryImageOfPage\":{\"@id\":\"https:\\\/\\\/candas365.es\\\/noticias\\\/paula-cuervo-el-ajuste-del-gasto-se-llevara-a-cabo-tomando-medidas-internas\\\/#mainImage\"},\"datePublished\":\"2019-05-17T09:28:51+02:00\",\"dateModified\":\"2019-05-17T09:28:51+02:00\"},{\"@type\":\"WebSite\",\"@id\":\"https:\\\/\\\/candas365.es\\\/noticias\\\/#website\",\"url\":\"https:\\\/\\\/candas365.es\\\/noticias\\\/\",\"name\":\"Cand\\u00e1s 365\",\"alternateName\":\"Cand\\u00e1s 365 Noticias\",\"description\":\"Actualidad desde Carre\\u00f1o para el mundo\",\"inLanguage\":\"es-ES\",\"publisher\":{\"@id\":\"https:\\\/\\\/candas365.es\\\/noticias\\\/#organization\"}}]}\n\t\t<\/script>\n\t\t<!-- All in One SEO Pro -->\r\n\t\t<title>Paula Cuervo: \u201cEl ajuste del gasto se llevar\u00e1 a cabo tomando medidas internas\u201d | Cand\u00e1s 365<\/title>\n\n","aioseo_head_json":{"title":"Paula Cuervo: \u201cEl ajuste del gasto se llevar\u00e1 a cabo tomando medidas internas\u201d | Cand\u00e1s 365","description":"\u201cEl Ayuntamiento de Carre\u00f1o ha logrado alcanzar la deuda cero durante la legislatura que llega a su fin y hemos sido capaces de generar recursos que hoy tenemos en los bancos ( tres millones de euros), sin embargo la imposici\u00f3n de la regla del techo de gasto a las entidades locales nos lleva a presentar","canonical_url":"https:\/\/candas365.es\/noticias\/paula-cuervo-el-ajuste-del-gasto-se-llevara-a-cabo-tomando-medidas-internas\/","robots":"max-image-preview:large","keywords":"noticias carre\u00f1o","webmasterTools":{"google-site-verification":"UA-32230408-1","msvalidate.01":"354F3CDFB2DA171B47FBE9ABF1F88D5","miscellaneous":""},"schema":{"@context":"https:\/\/schema.org","@graph":[{"@type":"BreadcrumbList","@id":"https:\/\/candas365.es\/noticias\/paula-cuervo-el-ajuste-del-gasto-se-llevara-a-cabo-tomando-medidas-internas\/#breadcrumblist","itemListElement":[{"@type":"ListItem","@id":"https:\/\/candas365.es\/noticias#listItem","position":1,"name":"Home","item":"https:\/\/candas365.es\/noticias","nextItem":{"@type":"ListItem","@id":"https:\/\/candas365.es\/noticias\/category\/noticias-carreno\/#listItem","name":"Noticias Carre\u00f1o"}},{"@type":"ListItem","@id":"https:\/\/candas365.es\/noticias\/category\/noticias-carreno\/#listItem","position":2,"name":"Noticias Carre\u00f1o","item":"https:\/\/candas365.es\/noticias\/category\/noticias-carreno\/","nextItem":{"@type":"ListItem","@id":"https:\/\/candas365.es\/noticias\/paula-cuervo-el-ajuste-del-gasto-se-llevara-a-cabo-tomando-medidas-internas\/#listItem","name":"Paula Cuervo: \u201cEl ajuste del gasto se llevar\u00e1 a cabo tomando medidas internas\u201d"},"previousItem":{"@type":"ListItem","@id":"https:\/\/candas365.es\/noticias#listItem","name":"Home"}},{"@type":"ListItem","@id":"https:\/\/candas365.es\/noticias\/paula-cuervo-el-ajuste-del-gasto-se-llevara-a-cabo-tomando-medidas-internas\/#listItem","position":3,"name":"Paula Cuervo: \u201cEl ajuste del gasto se llevar\u00e1 a cabo tomando medidas internas\u201d","previousItem":{"@type":"ListItem","@id":"https:\/\/candas365.es\/noticias\/category\/noticias-carreno\/#listItem","name":"Noticias Carre\u00f1o"}}]},{"@type":"NewsArticle","@id":"https:\/\/candas365.es\/noticias\/paula-cuervo-el-ajuste-del-gasto-se-llevara-a-cabo-tomando-medidas-internas\/#newsarticle","name":"Paula Cuervo: \u201cEl ajuste del gasto se llevar\u00e1 a cabo tomando medidas internas\u201d | Cand\u00e1s 365","headline":"Paula Cuervo: \u201cEl ajuste del gasto se llevar\u00e1 a cabo tomando medidas internas\u201d","author":{"@id":"https:\/\/candas365.es\/noticias\/author\/admin\/#author"},"publisher":{"@id":"https:\/\/candas365.es\/noticias\/#organization"},"image":{"@type":"ImageObject","url":"https:\/\/candas365.es\/noticias\/wp-content\/uploads\/2015\/01\/ayuntamiento.jpg","width":800,"height":600,"caption":"Carre\u00f1o"},"datePublished":"2019-05-17T09:28:51+02:00","dateModified":"2019-05-17T09:28:51+02:00","inLanguage":"es-ES","mainEntityOfPage":{"@id":"https:\/\/candas365.es\/noticias\/paula-cuervo-el-ajuste-del-gasto-se-llevara-a-cabo-tomando-medidas-internas\/#webpage"},"isPartOf":{"@id":"https:\/\/candas365.es\/noticias\/paula-cuervo-el-ajuste-del-gasto-se-llevara-a-cabo-tomando-medidas-internas\/#webpage"},"articleSection":"Noticias Carre\u00f1o","dateline":"Publicado el mayo 17, 2019."},{"@type":"Organization","@id":"https:\/\/candas365.es\/noticias\/#organization","name":"Cand\u00e1s 365","description":"Cand\u00e1s 365 es un diario digital independiente, fundado en 2012, con base en Asturias. Informamos con rigor sobre actualidad, sociedad, cultura y ocio, con una mirada local y global.","url":"https:\/\/candas365.es\/noticias\/","email":"info@candas365.es","telephone":"+34652131393","foundingDate":"2012-06-10","logo":{"@type":"ImageObject","url":"https:\/\/candas365.es\/noticias\/wp-content\/uploads\/2024\/09\/Candas-365-Redes.jpg","@id":"https:\/\/candas365.es\/noticias\/paula-cuervo-el-ajuste-del-gasto-se-llevara-a-cabo-tomando-medidas-internas\/#organizationLogo","width":1152,"height":864,"caption":"Cand\u00e1s 365 Redes"},"image":{"@id":"https:\/\/candas365.es\/noticias\/paula-cuervo-el-ajuste-del-gasto-se-llevara-a-cabo-tomando-medidas-internas\/#organizationLogo"},"sameAs":["https:\/\/www.facebook.com\/Nachofdezber","https:\/\/x.com\/NabercoDigital","https:\/\/www.instagram.com\/nachofdezber\/","https:\/\/www.youtube.com\/channel\/UCZP-2wLEB9Rv6erhFmqVnvg"],"address":{"@id":"https:\/\/candas365.es\/noticias\/#postaladdress","@type":"PostalAddress","streetAddress":"san antonio 4, san antonio 4","postalCode":"33430","addressLocality":"Cand\u00e1s","addressRegion":"Asturias","addressCountry":"ES"}},{"@type":"Person","@id":"https:\/\/candas365.es\/noticias\/author\/admin\/#author","url":"https:\/\/candas365.es\/noticias\/author\/admin\/","name":"Cand\u00e1s 365","image":{"@type":"ImageObject","@id":"https:\/\/candas365.es\/noticias\/paula-cuervo-el-ajuste-del-gasto-se-llevara-a-cabo-tomando-medidas-internas\/#authorImage","url":"https:\/\/secure.gravatar.com\/avatar\/496a8e03d0c493ede1718b7934145dbdf8d89be1036b0eec9544e1094c9de390?s=96&d=mm&r=g","width":96,"height":96,"caption":"Cand\u00e1s 365"},"sameAs":["https:\/\/www.facebook.com\/carrenoactualidad","https:\/\/twitter.com\/nbasturias","https:\/\/www.instagram.com\/nachofdezber\/","https:\/\/www.youtube.com\/channel\/UCZP-2wLEB9Rv6erhFmqVnvg"]},{"@type":"WebPage","@id":"https:\/\/candas365.es\/noticias\/paula-cuervo-el-ajuste-del-gasto-se-llevara-a-cabo-tomando-medidas-internas\/#webpage","url":"https:\/\/candas365.es\/noticias\/paula-cuervo-el-ajuste-del-gasto-se-llevara-a-cabo-tomando-medidas-internas\/","name":"Paula Cuervo: \u201cEl ajuste del gasto se llevar\u00e1 a cabo tomando medidas internas\u201d | Cand\u00e1s 365","description":"\u201cEl Ayuntamiento de Carre\u00f1o ha logrado alcanzar la deuda cero durante la legislatura que llega a su fin y hemos sido capaces de generar recursos que hoy tenemos en los bancos ( tres millones de euros), sin embargo la imposici\u00f3n de la regla del techo de gasto a las entidades locales nos lleva a presentar","inLanguage":"es-ES","isPartOf":{"@id":"https:\/\/candas365.es\/noticias\/#website"},"breadcrumb":{"@id":"https:\/\/candas365.es\/noticias\/paula-cuervo-el-ajuste-del-gasto-se-llevara-a-cabo-tomando-medidas-internas\/#breadcrumblist"},"author":{"@id":"https:\/\/candas365.es\/noticias\/author\/admin\/#author"},"creator":{"@id":"https:\/\/candas365.es\/noticias\/author\/admin\/#author"},"image":{"@type":"ImageObject","url":"https:\/\/candas365.es\/noticias\/wp-content\/uploads\/2015\/01\/ayuntamiento.jpg","@id":"https:\/\/candas365.es\/noticias\/paula-cuervo-el-ajuste-del-gasto-se-llevara-a-cabo-tomando-medidas-internas\/#mainImage","width":800,"height":600,"caption":"Carre\u00f1o"},"primaryImageOfPage":{"@id":"https:\/\/candas365.es\/noticias\/paula-cuervo-el-ajuste-del-gasto-se-llevara-a-cabo-tomando-medidas-internas\/#mainImage"},"datePublished":"2019-05-17T09:28:51+02:00","dateModified":"2019-05-17T09:28:51+02:00"},{"@type":"WebSite","@id":"https:\/\/candas365.es\/noticias\/#website","url":"https:\/\/candas365.es\/noticias\/","name":"Cand\u00e1s 365","alternateName":"Cand\u00e1s 365 Noticias","description":"Actualidad desde Carre\u00f1o para el mundo","inLanguage":"es-ES","publisher":{"@id":"https:\/\/candas365.es\/noticias\/#organization"}}]},"og:locale":"es_ES","og:site_name":"Cand\u00e1s 365","og:type":"article","og:title":"Paula Cuervo: \u201cEl ajuste del gasto se llevar\u00e1 a cabo tomando medidas internas\u201d | Cand\u00e1s 365","og:description":"\u201cEl Ayuntamiento de Carre\u00f1o ha logrado alcanzar la deuda cero durante la legislatura que llega a su fin y hemos sido capaces de generar recursos que hoy tenemos en los bancos ( tres millones de euros), sin embargo la imposici\u00f3n de la regla del techo de gasto a las entidades locales nos lleva a presentar","og:url":"https:\/\/candas365.es\/noticias\/paula-cuervo-el-ajuste-del-gasto-se-llevara-a-cabo-tomando-medidas-internas\/","og:image":"https:\/\/candas365.es\/noticias\/wp-content\/uploads\/2015\/01\/ayuntamiento.jpg","og:image:secure_url":"https:\/\/candas365.es\/noticias\/wp-content\/uploads\/2015\/01\/ayuntamiento.jpg","og:image:width":800,"og:image:height":600,"article:published_time":"2019-05-17T09:28:51+00:00","article:modified_time":"2019-05-17T09:28:51+00:00","article:publisher":"https:\/\/www.facebook.com\/Nachofdezber","article:author":"https:\/\/www.facebook.com\/carrenoactualidad","twitter:card":"summary_large_image","twitter:site":"@NabercoDigital","twitter:title":"Paula Cuervo: \u201cEl ajuste del gasto se llevar\u00e1 a cabo tomando medidas internas\u201d | Cand\u00e1s 365","twitter:description":"\u201cEl Ayuntamiento de Carre\u00f1o ha logrado alcanzar la deuda cero durante la legislatura que llega a su fin y hemos sido capaces de generar recursos que hoy tenemos en los bancos ( tres millones de euros), sin embargo la imposici\u00f3n de la regla del techo de gasto a las entidades locales nos lleva a presentar","twitter:creator":"@nbasturias","twitter:image":"https:\/\/candas365.es\/noticias\/wp-content\/uploads\/2015\/01\/ayuntamiento.jpg","twitter:label1":"Escrito por","twitter:data1":"Cand\u00e1s 365","twitter:label2":"Tiempo de lectura estimado","twitter:data2":"2 minutos"},"aioseo_meta_data":{"post_id":"122659","title":null,"description":null,"keywords":null,"keyphrases":null,"primary_term":null,"canonical_url":null,"og_title":null,"og_description":null,"og_object_type":"default","og_image_type":"default","og_image_url":null,"og_image_width":null,"og_image_height":null,"og_image_custom_url":null,"og_image_custom_fields":null,"og_video":null,"og_custom_url":null,"og_article_section":null,"og_article_tags":null,"twitter_use_og":false,"twitter_card":"default","twitter_image_type":"default","twitter_image_url":null,"twitter_image_custom_url":null,"twitter_image_custom_fields":null,"twitter_title":null,"twitter_description":null,"schema":{"blockGraphs":[],"customGraphs":[],"default":{"data":{"Article":[],"Course":[],"Dataset":[],"FAQPage":[],"Movie":[],"Person":[],"Product":[],"ProductReview":[],"Car":[],"Recipe":[],"Service":[],"SoftwareApplication":[],"WebPage":[]},"graphName":"","isEnabled":true},"graphs":[],"defaultGraph":"","defaultPostTypeGraph":""},"schema_type":null,"schema_type_options":null,"pillar_content":false,"robots_default":true,"robots_noindex":false,"robots_noarchive":false,"robots_nosnippet":false,"robots_nofollow":false,"robots_noimageindex":false,"robots_noodp":false,"robots_notranslate":false,"robots_max_snippet":null,"robots_max_videopreview":null,"robots_max_imagepreview":"large","priority":null,"frequency":null,"location":null,"local_seo":null,"seo_analyzer_scan_date":"2025-08-29 23:02:11","breadcrumb_settings":null,"limit_modified_date":false,"reviewed_by":null,"open_ai":null,"ai":null,"created":"2020-12-21 10:57:30","updated":"2025-08-29 23:02:11"},"aioseo_breadcrumb":"<div class=\"aioseo-breadcrumbs\"><span class=\"aioseo-breadcrumb\">\n\t<a href=\"https:\/\/candas365.es\/noticias\" title=\"Home\">Home<\/a>\n<\/span><span class=\"aioseo-breadcrumb-separator\">&ndash;<\/span><span class=\"aioseo-breadcrumb\">\n\t<a href=\"https:\/\/candas365.es\/noticias\/category\/noticias-carreno\/\" title=\"Noticias Carre\u00f1o\">Noticias Carre\u00f1o<\/a>\n<\/span><span class=\"aioseo-breadcrumb-separator\">&ndash;<\/span><span class=\"aioseo-breadcrumb\">\n\tPaula Cuervo: \u201cEl ajuste del gasto se llevar\u00e1 a cabo tomando medidas internas\u201d\n<\/span><\/div>","aioseo_breadcrumb_json":[{"label":"Home","link":"https:\/\/candas365.es\/noticias"},{"label":"Noticias Carre\u00f1o","link":"https:\/\/candas365.es\/noticias\/category\/noticias-carreno\/"},{"label":"Paula Cuervo: \u201cEl ajuste del gasto se llevar\u00e1 a cabo tomando medidas internas\u201d","link":"https:\/\/candas365.es\/noticias\/paula-cuervo-el-ajuste-del-gasto-se-llevara-a-cabo-tomando-medidas-internas\/"}],"_links":{"self":[{"href":"https:\/\/candas365.es\/noticias\/wp-json\/wp\/v2\/posts\/122659","targetHints":{"allow":["GET"]}}],"collection":[{"href":"https:\/\/candas365.es\/noticias\/wp-json\/wp\/v2\/posts"}],"about":[{"href":"https:\/\/candas365.es\/noticias\/wp-json\/wp\/v2\/types\/post"}],"author":[{"embeddable":true,"href":"https:\/\/candas365.es\/noticias\/wp-json\/wp\/v2\/users\/1"}],"replies":[{"embeddable":true,"href":"https:\/\/candas365.es\/noticias\/wp-json\/wp\/v2\/comments?post=122659"}],"version-history":[{"count":0,"href":"https:\/\/candas365.es\/noticias\/wp-json\/wp\/v2\/posts\/122659\/revisions"}],"wp:featuredmedia":[{"embeddable":true,"href":"https:\/\/candas365.es\/noticias\/wp-json\/wp\/v2\/media\/6453"}],"wp:attachment":[{"href":"https:\/\/candas365.es\/noticias\/wp-json\/wp\/v2\/media?parent=122659"}],"wp:term":[{"taxonomy":"category","embeddable":true,"href":"https:\/\/candas365.es\/noticias\/wp-json\/wp\/v2\/categories?post=122659"},{"taxonomy":"post_tag","embeddable":true,"href":"https:\/\/candas365.es\/noticias\/wp-json\/wp\/v2\/tags?post=122659"}],"curies":[{"name":"wp","href":"https:\/\/api.w.org\/{rel}","templated":true}]}}