{"id":122380,"date":"2019-05-14T17:16:40","date_gmt":"2019-05-14T17:16:40","guid":{"rendered":"http:\/\/candas365.es\/noticias\/?p=122380"},"modified":"2019-05-14T17:16:40","modified_gmt":"2019-05-14T17:16:40","slug":"adrian-barbon-ha-visitado-dos-escuelas-rurales-de-carreno","status":"publish","type":"post","link":"https:\/\/candas365.es\/noticias\/adrian-barbon-ha-visitado-dos-escuelas-rurales-de-carreno\/","title":{"rendered":"Adri\u00e1n Barb\u00f3n ha visitado dos escuelas rurales de Carre\u00f1o"},"content":{"rendered":"<figure id=\"attachment_122381\" aria-describedby=\"caption-attachment-122381\" style=\"width: 360px\" class=\"wp-caption alignleft\"><img fetchpriority=\"high\" decoding=\"async\" class=\"size-medium wp-image-122381\" src=\"https:\/\/candas365.es\/noticias\/wp-content\/uploads\/2019\/05\/CARREN\u0303O-BARBON-360x240.jpg\" alt=\"\" width=\"360\" height=\"240\" srcset=\"https:\/\/candas365.es\/noticias\/wp-content\/uploads\/2019\/05\/CARREN\u0303O-BARBON-360x240.jpg 360w, https:\/\/candas365.es\/noticias\/wp-content\/uploads\/2019\/05\/CARREN\u0303O-BARBON-768x511.jpg 768w, https:\/\/candas365.es\/noticias\/wp-content\/uploads\/2019\/05\/CARREN\u0303O-BARBON-655x436.jpg 655w, https:\/\/candas365.es\/noticias\/wp-content\/uploads\/2019\/05\/CARREN\u0303O-BARBON-696x463.jpg 696w, https:\/\/candas365.es\/noticias\/wp-content\/uploads\/2019\/05\/CARREN\u0303O-BARBON-1068x711.jpg 1068w, https:\/\/candas365.es\/noticias\/wp-content\/uploads\/2019\/05\/CARREN\u0303O-BARBON-631x420.jpg 631w, https:\/\/candas365.es\/noticias\/wp-content\/uploads\/2019\/05\/CARREN\u0303O-BARBON.jpg 1280w\" sizes=\"(max-width: 360px) 100vw, 360px\" \/><figcaption id=\"caption-attachment-122381\" class=\"wp-caption-text\">Foto: Palmira Escobar Martos<\/figcaption><\/figure>\n<p>Hoy, martes, 14 de Mayo, <strong>Adri\u00e1n Barb\u00f3n<\/strong> visit\u00f3 el concejo de Carre\u00f1o, para conocer la labor educativa que desarrollan en las dos escuelas rurales del municipio en el que recientemente se ha constituido el <strong>Observatorio de la Escuela Rural en Asturias<\/strong>.<\/p>\n<p>Particip\u00f3 de la actividad escolar conjunta sobre la Prehistoria en el aula did\u00e1ctica del Neol\u00edtico. En el <strong>Centro de Iniciativa Rural Monte Areo en El Valle de Carre\u00f1o<\/strong> acompa\u00f1\u00f3 al alumnado de la escuela de Llorgozana y de la de Guimar\u00e1n \u2013 El Valle.<\/p>\n<p>Barb\u00f3n conoci\u00f3, de primera mano, los proyectos educativos singulares que en sus escuelas rurales se vienen desarrollando como el de \u201cCarre\u00f1o Concejo Cardioprotegido\u201d. En dicho proyecto, con la colaboraci\u00f3n del m\u00e9dico Vicente Gonz\u00e1lez, ense\u00f1aron al a poblaci\u00f3n escolar del municipio a actuar ante una parada cardiaca o un atragantamiento. <em>El candidato a la Presidencia del Principado fue agasajado con un DVD resumen de la iniciativa<\/em>.<\/p>\n<p>Seguidamente visit\u00f3 equipamientos municipales construidos por gobiernos socialistas para fomentar el desarrollo rural, la participaci\u00f3n y contribuir al bienestar de las personas que habitan en el medio rural. Equipamientos municipales, como los denominados Centros de Iniciativa Rural, que con f\u00f3rmulas de gesti\u00f3n p\u00fablico privada, dan servicios al vecindario de las zonas y crean empleo aut\u00f3nomo. En el transcurso de la visita departi\u00f3 con el vecindario de la zona.<\/p>\n<p>Concluy\u00f3 la jornada matinal con una visita al Monte Areo que alberga la necr\u00f3polis mayor de Asturias y una de las mayores de Espa\u00f1a con la existencia de elementos funerarios con una antig\u00fcedad de cinco mil a tres mil a\u00f1os en el caso de los d\u00f3lmenes.<\/p>\n<p>En la actualidad existen cerca de treinta t\u00famulos funerarios del Neol\u00edtico repartidos por la mitad de la ladera y la cima, en dos zonas denominadas Cierru Los Llanos y Les G\u00fcelgues de San Pablo. Recorri\u00f3, acompa\u00f1ado de la Alcaldesa, Amelia Fern\u00e1ndez, los restos arqueol\u00f3gicos m\u00e1s destacables las dos c\u00e1maras funerarias cuya planta es cuadrada y un dolmen de planta trapezoidal.<\/p>\n<p>La <strong>Necr\u00f3polis megal\u00edtica del Monte Areo<\/strong> est\u00e1 catalogada como Bien de Inter\u00e9s Cultural desde 1997 y en dicha zona, dirigi\u00f3 las excavaciones y las labores arqueol\u00f3gicas de investigaci\u00f3n un equipo perteneciente al departamento de Prehistoria y Arqueolog\u00eda de la Universidad de Oviedo, bajo la supervisi\u00f3n de Miguel \u00c1ngel de Blas Cortina, catedr\u00e1tico de dicha universidad.<\/p>\n","protected":false},"excerpt":{"rendered":"<p>Hoy, martes, 14 de Mayo, Adri\u00e1n Barb\u00f3n visit\u00f3 el concejo de Carre\u00f1o, para conocer la labor educativa que desarrollan en las dos escuelas rurales del municipio en el que recientemente se ha constituido el Observatorio de la Escuela Rural en Asturias. Particip\u00f3 de la actividad escolar conjunta sobre la Prehistoria en el aula did\u00e1ctica del<\/p>\n","protected":false},"author":1,"featured_media":122381,"comment_status":"closed","ping_status":"closed","sticky":false,"template":"","format":"standard","meta":{"footnotes":""},"categories":[2],"tags":[],"class_list":{"0":"post-122380","1":"post","2":"type-post","3":"status-publish","4":"format-standard","5":"has-post-thumbnail","7":"category-noticias-carreno"},"aioseo_notices":[],"aioseo_head":"\n\t\t<!-- All in One SEO Pro 4.9.6.2 - aioseo.com -->\n\t<meta name=\"description\" content=\"Hoy, martes, 14 de Mayo, Adri\u00e1n Barb\u00f3n visit\u00f3 el concejo de Carre\u00f1o, para conocer la labor educativa que desarrollan en las dos escuelas rurales del municipio en el que recientemente se ha constituido el Observatorio de la Escuela Rural en Asturias. Particip\u00f3 de la actividad escolar conjunta sobre la Prehistoria en el aula did\u00e1ctica del\" \/>\n\t<meta name=\"robots\" content=\"max-image-preview:large\" \/>\n\t<meta name=\"author\" content=\"Cand\u00e1s 365\"\/>\n\t<meta name=\"google-site-verification\" content=\"UA-32230408-1\" \/>\n\t<meta name=\"msvalidate.01\" content=\"354F3CDFB2DA171B47FBE9ABF1F88D5\" \/>\n\t<meta name=\"keywords\" content=\"noticias carre\u00f1o\" \/>\n\t<link rel=\"canonical\" href=\"https:\/\/candas365.es\/noticias\/adrian-barbon-ha-visitado-dos-escuelas-rurales-de-carreno\/\" \/>\n\t<meta name=\"generator\" content=\"All in One SEO Pro (AIOSEO) 4.9.6.2\" \/>\n\t\t<meta property=\"og:locale\" content=\"es_ES\" \/>\n\t\t<meta property=\"og:site_name\" content=\"Cand\u00e1s 365\" \/>\n\t\t<meta property=\"og:type\" content=\"article\" \/>\n\t\t<meta property=\"og:title\" content=\"Adri\u00e1n Barb\u00f3n ha visitado dos escuelas rurales de Carre\u00f1o | Cand\u00e1s 365\" \/>\n\t\t<meta property=\"og:description\" content=\"Hoy, martes, 14 de Mayo, Adri\u00e1n Barb\u00f3n visit\u00f3 el concejo de Carre\u00f1o, para conocer la labor educativa que desarrollan en las dos escuelas rurales del municipio en el que recientemente se ha constituido el Observatorio de la Escuela Rural en Asturias. Particip\u00f3 de la actividad escolar conjunta sobre la Prehistoria en el aula did\u00e1ctica del\" \/>\n\t\t<meta property=\"og:url\" content=\"https:\/\/candas365.es\/noticias\/adrian-barbon-ha-visitado-dos-escuelas-rurales-de-carreno\/\" \/>\n\t\t<meta property=\"og:image\" content=\"https:\/\/candas365.es\/noticias\/wp-content\/uploads\/2019\/05\/CARREN\u0303O-BARBON.jpg\" \/>\n\t\t<meta property=\"og:image:secure_url\" content=\"https:\/\/candas365.es\/noticias\/wp-content\/uploads\/2019\/05\/CARREN\u0303O-BARBON.jpg\" \/>\n\t\t<meta property=\"og:image:width\" content=\"1280\" \/>\n\t\t<meta property=\"og:image:height\" content=\"852\" \/>\n\t\t<meta property=\"article:published_time\" content=\"2019-05-14T17:16:40+00:00\" \/>\n\t\t<meta property=\"article:modified_time\" content=\"2019-05-14T17:16:40+00:00\" \/>\n\t\t<meta property=\"article:publisher\" content=\"https:\/\/www.facebook.com\/Nachofdezber\" \/>\n\t\t<meta property=\"article:author\" content=\"https:\/\/www.facebook.com\/carrenoactualidad\" \/>\n\t\t<meta name=\"twitter:card\" content=\"summary_large_image\" \/>\n\t\t<meta name=\"twitter:site\" content=\"@NabercoDigital\" \/>\n\t\t<meta name=\"twitter:title\" content=\"Adri\u00e1n Barb\u00f3n ha visitado dos escuelas rurales de Carre\u00f1o | Cand\u00e1s 365\" \/>\n\t\t<meta name=\"twitter:description\" content=\"Hoy, martes, 14 de Mayo, Adri\u00e1n Barb\u00f3n visit\u00f3 el concejo de Carre\u00f1o, para conocer la labor educativa que desarrollan en las dos escuelas rurales del municipio en el que recientemente se ha constituido el Observatorio de la Escuela Rural en Asturias. Particip\u00f3 de la actividad escolar conjunta sobre la Prehistoria en el aula did\u00e1ctica del\" \/>\n\t\t<meta name=\"twitter:creator\" content=\"@nbasturias\" \/>\n\t\t<meta name=\"twitter:image\" content=\"https:\/\/candas365.es\/noticias\/wp-content\/uploads\/2019\/05\/CARREN\u0303O-BARBON.jpg\" \/>\n\t\t<meta name=\"twitter:label1\" content=\"Escrito por\" \/>\n\t\t<meta name=\"twitter:data1\" content=\"Cand\u00e1s 365\" \/>\n\t\t<meta name=\"twitter:label2\" content=\"Tiempo de lectura estimado\" \/>\n\t\t<meta name=\"twitter:data2\" content=\"2 minutos\" \/>\n\t\t<script type=\"application\/ld+json\" class=\"aioseo-schema\">\n\t\t\t{\"@context\":\"https:\\\/\\\/schema.org\",\"@graph\":[{\"@type\":\"BreadcrumbList\",\"@id\":\"https:\\\/\\\/candas365.es\\\/noticias\\\/adrian-barbon-ha-visitado-dos-escuelas-rurales-de-carreno\\\/#breadcrumblist\",\"itemListElement\":[{\"@type\":\"ListItem\",\"@id\":\"https:\\\/\\\/candas365.es\\\/noticias#listItem\",\"position\":1,\"name\":\"Home\",\"item\":\"https:\\\/\\\/candas365.es\\\/noticias\",\"nextItem\":{\"@type\":\"ListItem\",\"@id\":\"https:\\\/\\\/candas365.es\\\/noticias\\\/category\\\/noticias-carreno\\\/#listItem\",\"name\":\"Noticias Carre\\u00f1o\"}},{\"@type\":\"ListItem\",\"@id\":\"https:\\\/\\\/candas365.es\\\/noticias\\\/category\\\/noticias-carreno\\\/#listItem\",\"position\":2,\"name\":\"Noticias Carre\\u00f1o\",\"item\":\"https:\\\/\\\/candas365.es\\\/noticias\\\/category\\\/noticias-carreno\\\/\",\"nextItem\":{\"@type\":\"ListItem\",\"@id\":\"https:\\\/\\\/candas365.es\\\/noticias\\\/adrian-barbon-ha-visitado-dos-escuelas-rurales-de-carreno\\\/#listItem\",\"name\":\"Adri\\u00e1n Barb\\u00f3n ha visitado dos escuelas rurales de Carre\\u00f1o\"},\"previousItem\":{\"@type\":\"ListItem\",\"@id\":\"https:\\\/\\\/candas365.es\\\/noticias#listItem\",\"name\":\"Home\"}},{\"@type\":\"ListItem\",\"@id\":\"https:\\\/\\\/candas365.es\\\/noticias\\\/adrian-barbon-ha-visitado-dos-escuelas-rurales-de-carreno\\\/#listItem\",\"position\":3,\"name\":\"Adri\\u00e1n Barb\\u00f3n ha visitado dos escuelas rurales de Carre\\u00f1o\",\"previousItem\":{\"@type\":\"ListItem\",\"@id\":\"https:\\\/\\\/candas365.es\\\/noticias\\\/category\\\/noticias-carreno\\\/#listItem\",\"name\":\"Noticias Carre\\u00f1o\"}}]},{\"@type\":\"NewsArticle\",\"@id\":\"https:\\\/\\\/candas365.es\\\/noticias\\\/adrian-barbon-ha-visitado-dos-escuelas-rurales-de-carreno\\\/#newsarticle\",\"name\":\"Adri\\u00e1n Barb\\u00f3n ha visitado dos escuelas rurales de Carre\\u00f1o | Cand\\u00e1s 365\",\"headline\":\"Adri\\u00e1n Barb\\u00f3n ha visitado dos escuelas rurales de Carre\\u00f1o\",\"author\":{\"@id\":\"https:\\\/\\\/candas365.es\\\/noticias\\\/author\\\/admin\\\/#author\"},\"publisher\":{\"@id\":\"https:\\\/\\\/candas365.es\\\/noticias\\\/#organization\"},\"image\":{\"@type\":\"ImageObject\",\"url\":\"https:\\\/\\\/candas365.es\\\/noticias\\\/wp-content\\\/uploads\\\/2019\\\/05\\\/CARREN\\u0303O-BARBON.jpg\",\"width\":1280,\"height\":852,\"caption\":\"Foto:  Palmira Escobar Martos\"},\"datePublished\":\"2019-05-14T17:16:40+02:00\",\"dateModified\":\"2019-05-14T17:16:40+02:00\",\"inLanguage\":\"es-ES\",\"mainEntityOfPage\":{\"@id\":\"https:\\\/\\\/candas365.es\\\/noticias\\\/adrian-barbon-ha-visitado-dos-escuelas-rurales-de-carreno\\\/#webpage\"},\"isPartOf\":{\"@id\":\"https:\\\/\\\/candas365.es\\\/noticias\\\/adrian-barbon-ha-visitado-dos-escuelas-rurales-de-carreno\\\/#webpage\"},\"articleSection\":\"Noticias Carre\\u00f1o\",\"dateline\":\"Publicado el mayo 14, 2019.\"},{\"@type\":\"Organization\",\"@id\":\"https:\\\/\\\/candas365.es\\\/noticias\\\/#organization\",\"name\":\"Cand\\u00e1s 365\",\"description\":\"Cand\\u00e1s 365 es un diario digital independiente, fundado en 2012, con base en Asturias. Informamos con rigor sobre actualidad, sociedad, cultura y ocio, con una mirada local y global.\",\"url\":\"https:\\\/\\\/candas365.es\\\/noticias\\\/\",\"email\":\"info@candas365.es\",\"telephone\":\"+34652131393\",\"foundingDate\":\"2012-06-10\",\"logo\":{\"@type\":\"ImageObject\",\"url\":\"https:\\\/\\\/candas365.es\\\/noticias\\\/wp-content\\\/uploads\\\/2024\\\/09\\\/Candas-365-Redes.jpg\",\"@id\":\"https:\\\/\\\/candas365.es\\\/noticias\\\/adrian-barbon-ha-visitado-dos-escuelas-rurales-de-carreno\\\/#organizationLogo\",\"width\":1152,\"height\":864,\"caption\":\"Cand\\u00e1s 365 Redes\"},\"image\":{\"@id\":\"https:\\\/\\\/candas365.es\\\/noticias\\\/adrian-barbon-ha-visitado-dos-escuelas-rurales-de-carreno\\\/#organizationLogo\"},\"sameAs\":[\"https:\\\/\\\/www.facebook.com\\\/Nachofdezber\",\"https:\\\/\\\/x.com\\\/NabercoDigital\",\"https:\\\/\\\/www.instagram.com\\\/nachofdezber\\\/\",\"https:\\\/\\\/www.youtube.com\\\/channel\\\/UCZP-2wLEB9Rv6erhFmqVnvg\"],\"address\":{\"@id\":\"https:\\\/\\\/candas365.es\\\/noticias\\\/#postaladdress\",\"@type\":\"PostalAddress\",\"streetAddress\":\"san antonio 4, san antonio 4\",\"postalCode\":\"33430\",\"addressLocality\":\"Cand\\u00e1s\",\"addressRegion\":\"Asturias\",\"addressCountry\":\"ES\"}},{\"@type\":\"Person\",\"@id\":\"https:\\\/\\\/candas365.es\\\/noticias\\\/author\\\/admin\\\/#author\",\"url\":\"https:\\\/\\\/candas365.es\\\/noticias\\\/author\\\/admin\\\/\",\"name\":\"Cand\\u00e1s 365\",\"image\":{\"@type\":\"ImageObject\",\"@id\":\"https:\\\/\\\/candas365.es\\\/noticias\\\/adrian-barbon-ha-visitado-dos-escuelas-rurales-de-carreno\\\/#authorImage\",\"url\":\"https:\\\/\\\/secure.gravatar.com\\\/avatar\\\/496a8e03d0c493ede1718b7934145dbdf8d89be1036b0eec9544e1094c9de390?s=96&d=mm&r=g\",\"width\":96,\"height\":96,\"caption\":\"Cand\\u00e1s 365\"},\"sameAs\":[\"https:\\\/\\\/www.facebook.com\\\/carrenoactualidad\",\"https:\\\/\\\/twitter.com\\\/nbasturias\",\"https:\\\/\\\/www.instagram.com\\\/nachofdezber\\\/\",\"https:\\\/\\\/www.youtube.com\\\/channel\\\/UCZP-2wLEB9Rv6erhFmqVnvg\"]},{\"@type\":\"WebPage\",\"@id\":\"https:\\\/\\\/candas365.es\\\/noticias\\\/adrian-barbon-ha-visitado-dos-escuelas-rurales-de-carreno\\\/#webpage\",\"url\":\"https:\\\/\\\/candas365.es\\\/noticias\\\/adrian-barbon-ha-visitado-dos-escuelas-rurales-de-carreno\\\/\",\"name\":\"Adri\\u00e1n Barb\\u00f3n ha visitado dos escuelas rurales de Carre\\u00f1o | Cand\\u00e1s 365\",\"description\":\"Hoy, martes, 14 de Mayo, Adri\\u00e1n Barb\\u00f3n visit\\u00f3 el concejo de Carre\\u00f1o, para conocer la labor educativa que desarrollan en las dos escuelas rurales del municipio en el que recientemente se ha constituido el Observatorio de la Escuela Rural en Asturias. Particip\\u00f3 de la actividad escolar conjunta sobre la Prehistoria en el aula did\\u00e1ctica del\",\"inLanguage\":\"es-ES\",\"isPartOf\":{\"@id\":\"https:\\\/\\\/candas365.es\\\/noticias\\\/#website\"},\"breadcrumb\":{\"@id\":\"https:\\\/\\\/candas365.es\\\/noticias\\\/adrian-barbon-ha-visitado-dos-escuelas-rurales-de-carreno\\\/#breadcrumblist\"},\"author\":{\"@id\":\"https:\\\/\\\/candas365.es\\\/noticias\\\/author\\\/admin\\\/#author\"},\"creator\":{\"@id\":\"https:\\\/\\\/candas365.es\\\/noticias\\\/author\\\/admin\\\/#author\"},\"image\":{\"@type\":\"ImageObject\",\"url\":\"https:\\\/\\\/candas365.es\\\/noticias\\\/wp-content\\\/uploads\\\/2019\\\/05\\\/CARREN\\u0303O-BARBON.jpg\",\"@id\":\"https:\\\/\\\/candas365.es\\\/noticias\\\/adrian-barbon-ha-visitado-dos-escuelas-rurales-de-carreno\\\/#mainImage\",\"width\":1280,\"height\":852,\"caption\":\"Foto:  Palmira Escobar Martos\"},\"primaryImageOfPage\":{\"@id\":\"https:\\\/\\\/candas365.es\\\/noticias\\\/adrian-barbon-ha-visitado-dos-escuelas-rurales-de-carreno\\\/#mainImage\"},\"datePublished\":\"2019-05-14T17:16:40+02:00\",\"dateModified\":\"2019-05-14T17:16:40+02:00\"},{\"@type\":\"WebSite\",\"@id\":\"https:\\\/\\\/candas365.es\\\/noticias\\\/#website\",\"url\":\"https:\\\/\\\/candas365.es\\\/noticias\\\/\",\"name\":\"Cand\\u00e1s 365\",\"alternateName\":\"Cand\\u00e1s 365 Noticias\",\"description\":\"Actualidad desde Carre\\u00f1o para el mundo\",\"inLanguage\":\"es-ES\",\"publisher\":{\"@id\":\"https:\\\/\\\/candas365.es\\\/noticias\\\/#organization\"}}]}\n\t\t<\/script>\n\t\t<!-- All in One SEO Pro -->\r\n\t\t<title>Adri\u00e1n Barb\u00f3n ha visitado dos escuelas rurales de Carre\u00f1o | Cand\u00e1s 365<\/title>\n\n","aioseo_head_json":{"title":"Adri\u00e1n Barb\u00f3n ha visitado dos escuelas rurales de Carre\u00f1o | Cand\u00e1s 365","description":"Hoy, martes, 14 de Mayo, Adri\u00e1n Barb\u00f3n visit\u00f3 el concejo de Carre\u00f1o, para conocer la labor educativa que desarrollan en las dos escuelas rurales del municipio en el que recientemente se ha constituido el Observatorio de la Escuela Rural en Asturias. Particip\u00f3 de la actividad escolar conjunta sobre la Prehistoria en el aula did\u00e1ctica del","canonical_url":"https:\/\/candas365.es\/noticias\/adrian-barbon-ha-visitado-dos-escuelas-rurales-de-carreno\/","robots":"max-image-preview:large","keywords":"noticias carre\u00f1o","webmasterTools":{"google-site-verification":"UA-32230408-1","msvalidate.01":"354F3CDFB2DA171B47FBE9ABF1F88D5","miscellaneous":""},"schema":{"@context":"https:\/\/schema.org","@graph":[{"@type":"BreadcrumbList","@id":"https:\/\/candas365.es\/noticias\/adrian-barbon-ha-visitado-dos-escuelas-rurales-de-carreno\/#breadcrumblist","itemListElement":[{"@type":"ListItem","@id":"https:\/\/candas365.es\/noticias#listItem","position":1,"name":"Home","item":"https:\/\/candas365.es\/noticias","nextItem":{"@type":"ListItem","@id":"https:\/\/candas365.es\/noticias\/category\/noticias-carreno\/#listItem","name":"Noticias Carre\u00f1o"}},{"@type":"ListItem","@id":"https:\/\/candas365.es\/noticias\/category\/noticias-carreno\/#listItem","position":2,"name":"Noticias Carre\u00f1o","item":"https:\/\/candas365.es\/noticias\/category\/noticias-carreno\/","nextItem":{"@type":"ListItem","@id":"https:\/\/candas365.es\/noticias\/adrian-barbon-ha-visitado-dos-escuelas-rurales-de-carreno\/#listItem","name":"Adri\u00e1n Barb\u00f3n ha visitado dos escuelas rurales de Carre\u00f1o"},"previousItem":{"@type":"ListItem","@id":"https:\/\/candas365.es\/noticias#listItem","name":"Home"}},{"@type":"ListItem","@id":"https:\/\/candas365.es\/noticias\/adrian-barbon-ha-visitado-dos-escuelas-rurales-de-carreno\/#listItem","position":3,"name":"Adri\u00e1n Barb\u00f3n ha visitado dos escuelas rurales de Carre\u00f1o","previousItem":{"@type":"ListItem","@id":"https:\/\/candas365.es\/noticias\/category\/noticias-carreno\/#listItem","name":"Noticias Carre\u00f1o"}}]},{"@type":"NewsArticle","@id":"https:\/\/candas365.es\/noticias\/adrian-barbon-ha-visitado-dos-escuelas-rurales-de-carreno\/#newsarticle","name":"Adri\u00e1n Barb\u00f3n ha visitado dos escuelas rurales de Carre\u00f1o | Cand\u00e1s 365","headline":"Adri\u00e1n Barb\u00f3n ha visitado dos escuelas rurales de Carre\u00f1o","author":{"@id":"https:\/\/candas365.es\/noticias\/author\/admin\/#author"},"publisher":{"@id":"https:\/\/candas365.es\/noticias\/#organization"},"image":{"@type":"ImageObject","url":"https:\/\/candas365.es\/noticias\/wp-content\/uploads\/2019\/05\/CARREN\u0303O-BARBON.jpg","width":1280,"height":852,"caption":"Foto:  Palmira Escobar Martos"},"datePublished":"2019-05-14T17:16:40+02:00","dateModified":"2019-05-14T17:16:40+02:00","inLanguage":"es-ES","mainEntityOfPage":{"@id":"https:\/\/candas365.es\/noticias\/adrian-barbon-ha-visitado-dos-escuelas-rurales-de-carreno\/#webpage"},"isPartOf":{"@id":"https:\/\/candas365.es\/noticias\/adrian-barbon-ha-visitado-dos-escuelas-rurales-de-carreno\/#webpage"},"articleSection":"Noticias Carre\u00f1o","dateline":"Publicado el mayo 14, 2019."},{"@type":"Organization","@id":"https:\/\/candas365.es\/noticias\/#organization","name":"Cand\u00e1s 365","description":"Cand\u00e1s 365 es un diario digital independiente, fundado en 2012, con base en Asturias. Informamos con rigor sobre actualidad, sociedad, cultura y ocio, con una mirada local y global.","url":"https:\/\/candas365.es\/noticias\/","email":"info@candas365.es","telephone":"+34652131393","foundingDate":"2012-06-10","logo":{"@type":"ImageObject","url":"https:\/\/candas365.es\/noticias\/wp-content\/uploads\/2024\/09\/Candas-365-Redes.jpg","@id":"https:\/\/candas365.es\/noticias\/adrian-barbon-ha-visitado-dos-escuelas-rurales-de-carreno\/#organizationLogo","width":1152,"height":864,"caption":"Cand\u00e1s 365 Redes"},"image":{"@id":"https:\/\/candas365.es\/noticias\/adrian-barbon-ha-visitado-dos-escuelas-rurales-de-carreno\/#organizationLogo"},"sameAs":["https:\/\/www.facebook.com\/Nachofdezber","https:\/\/x.com\/NabercoDigital","https:\/\/www.instagram.com\/nachofdezber\/","https:\/\/www.youtube.com\/channel\/UCZP-2wLEB9Rv6erhFmqVnvg"],"address":{"@id":"https:\/\/candas365.es\/noticias\/#postaladdress","@type":"PostalAddress","streetAddress":"san antonio 4, san antonio 4","postalCode":"33430","addressLocality":"Cand\u00e1s","addressRegion":"Asturias","addressCountry":"ES"}},{"@type":"Person","@id":"https:\/\/candas365.es\/noticias\/author\/admin\/#author","url":"https:\/\/candas365.es\/noticias\/author\/admin\/","name":"Cand\u00e1s 365","image":{"@type":"ImageObject","@id":"https:\/\/candas365.es\/noticias\/adrian-barbon-ha-visitado-dos-escuelas-rurales-de-carreno\/#authorImage","url":"https:\/\/secure.gravatar.com\/avatar\/496a8e03d0c493ede1718b7934145dbdf8d89be1036b0eec9544e1094c9de390?s=96&d=mm&r=g","width":96,"height":96,"caption":"Cand\u00e1s 365"},"sameAs":["https:\/\/www.facebook.com\/carrenoactualidad","https:\/\/twitter.com\/nbasturias","https:\/\/www.instagram.com\/nachofdezber\/","https:\/\/www.youtube.com\/channel\/UCZP-2wLEB9Rv6erhFmqVnvg"]},{"@type":"WebPage","@id":"https:\/\/candas365.es\/noticias\/adrian-barbon-ha-visitado-dos-escuelas-rurales-de-carreno\/#webpage","url":"https:\/\/candas365.es\/noticias\/adrian-barbon-ha-visitado-dos-escuelas-rurales-de-carreno\/","name":"Adri\u00e1n Barb\u00f3n ha visitado dos escuelas rurales de Carre\u00f1o | Cand\u00e1s 365","description":"Hoy, martes, 14 de Mayo, Adri\u00e1n Barb\u00f3n visit\u00f3 el concejo de Carre\u00f1o, para conocer la labor educativa que desarrollan en las dos escuelas rurales del municipio en el que recientemente se ha constituido el Observatorio de la Escuela Rural en Asturias. Particip\u00f3 de la actividad escolar conjunta sobre la Prehistoria en el aula did\u00e1ctica del","inLanguage":"es-ES","isPartOf":{"@id":"https:\/\/candas365.es\/noticias\/#website"},"breadcrumb":{"@id":"https:\/\/candas365.es\/noticias\/adrian-barbon-ha-visitado-dos-escuelas-rurales-de-carreno\/#breadcrumblist"},"author":{"@id":"https:\/\/candas365.es\/noticias\/author\/admin\/#author"},"creator":{"@id":"https:\/\/candas365.es\/noticias\/author\/admin\/#author"},"image":{"@type":"ImageObject","url":"https:\/\/candas365.es\/noticias\/wp-content\/uploads\/2019\/05\/CARREN\u0303O-BARBON.jpg","@id":"https:\/\/candas365.es\/noticias\/adrian-barbon-ha-visitado-dos-escuelas-rurales-de-carreno\/#mainImage","width":1280,"height":852,"caption":"Foto:  Palmira Escobar Martos"},"primaryImageOfPage":{"@id":"https:\/\/candas365.es\/noticias\/adrian-barbon-ha-visitado-dos-escuelas-rurales-de-carreno\/#mainImage"},"datePublished":"2019-05-14T17:16:40+02:00","dateModified":"2019-05-14T17:16:40+02:00"},{"@type":"WebSite","@id":"https:\/\/candas365.es\/noticias\/#website","url":"https:\/\/candas365.es\/noticias\/","name":"Cand\u00e1s 365","alternateName":"Cand\u00e1s 365 Noticias","description":"Actualidad desde Carre\u00f1o para el mundo","inLanguage":"es-ES","publisher":{"@id":"https:\/\/candas365.es\/noticias\/#organization"}}]},"og:locale":"es_ES","og:site_name":"Cand\u00e1s 365","og:type":"article","og:title":"Adri\u00e1n Barb\u00f3n ha visitado dos escuelas rurales de Carre\u00f1o | Cand\u00e1s 365","og:description":"Hoy, martes, 14 de Mayo, Adri\u00e1n Barb\u00f3n visit\u00f3 el concejo de Carre\u00f1o, para conocer la labor educativa que desarrollan en las dos escuelas rurales del municipio en el que recientemente se ha constituido el Observatorio de la Escuela Rural en Asturias. Particip\u00f3 de la actividad escolar conjunta sobre la Prehistoria en el aula did\u00e1ctica del","og:url":"https:\/\/candas365.es\/noticias\/adrian-barbon-ha-visitado-dos-escuelas-rurales-de-carreno\/","og:image":"https:\/\/candas365.es\/noticias\/wp-content\/uploads\/2019\/05\/CARREN\u0303O-BARBON.jpg","og:image:secure_url":"https:\/\/candas365.es\/noticias\/wp-content\/uploads\/2019\/05\/CARREN\u0303O-BARBON.jpg","og:image:width":1280,"og:image:height":852,"article:published_time":"2019-05-14T17:16:40+00:00","article:modified_time":"2019-05-14T17:16:40+00:00","article:publisher":"https:\/\/www.facebook.com\/Nachofdezber","article:author":"https:\/\/www.facebook.com\/carrenoactualidad","twitter:card":"summary_large_image","twitter:site":"@NabercoDigital","twitter:title":"Adri\u00e1n Barb\u00f3n ha visitado dos escuelas rurales de Carre\u00f1o | Cand\u00e1s 365","twitter:description":"Hoy, martes, 14 de Mayo, Adri\u00e1n Barb\u00f3n visit\u00f3 el concejo de Carre\u00f1o, para conocer la labor educativa que desarrollan en las dos escuelas rurales del municipio en el que recientemente se ha constituido el Observatorio de la Escuela Rural en Asturias. Particip\u00f3 de la actividad escolar conjunta sobre la Prehistoria en el aula did\u00e1ctica del","twitter:creator":"@nbasturias","twitter:image":"https:\/\/candas365.es\/noticias\/wp-content\/uploads\/2019\/05\/CARREN\u0303O-BARBON.jpg","twitter:label1":"Escrito por","twitter:data1":"Cand\u00e1s 365","twitter:label2":"Tiempo de lectura estimado","twitter:data2":"2 minutos"},"aioseo_meta_data":{"post_id":"122380","title":null,"description":null,"keywords":null,"keyphrases":null,"primary_term":null,"canonical_url":null,"og_title":null,"og_description":null,"og_object_type":"default","og_image_type":"default","og_image_url":null,"og_image_width":null,"og_image_height":null,"og_image_custom_url":null,"og_image_custom_fields":null,"og_video":null,"og_custom_url":null,"og_article_section":null,"og_article_tags":null,"twitter_use_og":false,"twitter_card":"default","twitter_image_type":"default","twitter_image_url":null,"twitter_image_custom_url":null,"twitter_image_custom_fields":null,"twitter_title":null,"twitter_description":null,"schema":{"blockGraphs":[],"customGraphs":[],"default":{"data":{"Article":[],"Course":[],"Dataset":[],"FAQPage":[],"Movie":[],"Person":[],"Product":[],"ProductReview":[],"Car":[],"Recipe":[],"Service":[],"SoftwareApplication":[],"WebPage":[]},"graphName":"","isEnabled":true},"graphs":[],"defaultGraph":"","defaultPostTypeGraph":""},"schema_type":null,"schema_type_options":null,"pillar_content":false,"robots_default":true,"robots_noindex":false,"robots_noarchive":false,"robots_nosnippet":false,"robots_nofollow":false,"robots_noimageindex":false,"robots_noodp":false,"robots_notranslate":false,"robots_max_snippet":null,"robots_max_videopreview":null,"robots_max_imagepreview":"large","priority":null,"frequency":null,"location":null,"local_seo":null,"seo_analyzer_scan_date":"2025-08-29 22:40:17","breadcrumb_settings":null,"limit_modified_date":false,"reviewed_by":null,"open_ai":null,"ai":null,"created":"2020-12-21 10:57:36","updated":"2025-08-29 22:40:17"},"aioseo_breadcrumb":"<div class=\"aioseo-breadcrumbs\"><span class=\"aioseo-breadcrumb\">\n\t<a href=\"https:\/\/candas365.es\/noticias\" title=\"Home\">Home<\/a>\n<\/span><span class=\"aioseo-breadcrumb-separator\">&ndash;<\/span><span class=\"aioseo-breadcrumb\">\n\t<a href=\"https:\/\/candas365.es\/noticias\/category\/noticias-carreno\/\" title=\"Noticias Carre\u00f1o\">Noticias Carre\u00f1o<\/a>\n<\/span><span class=\"aioseo-breadcrumb-separator\">&ndash;<\/span><span class=\"aioseo-breadcrumb\">\n\tAdri\u00e1n Barb\u00f3n ha visitado dos escuelas rurales de Carre\u00f1o\n<\/span><\/div>","aioseo_breadcrumb_json":[{"label":"Home","link":"https:\/\/candas365.es\/noticias"},{"label":"Noticias Carre\u00f1o","link":"https:\/\/candas365.es\/noticias\/category\/noticias-carreno\/"},{"label":"Adri\u00e1n Barb\u00f3n ha visitado dos escuelas rurales de Carre\u00f1o","link":"https:\/\/candas365.es\/noticias\/adrian-barbon-ha-visitado-dos-escuelas-rurales-de-carreno\/"}],"_links":{"self":[{"href":"https:\/\/candas365.es\/noticias\/wp-json\/wp\/v2\/posts\/122380","targetHints":{"allow":["GET"]}}],"collection":[{"href":"https:\/\/candas365.es\/noticias\/wp-json\/wp\/v2\/posts"}],"about":[{"href":"https:\/\/candas365.es\/noticias\/wp-json\/wp\/v2\/types\/post"}],"author":[{"embeddable":true,"href":"https:\/\/candas365.es\/noticias\/wp-json\/wp\/v2\/users\/1"}],"replies":[{"embeddable":true,"href":"https:\/\/candas365.es\/noticias\/wp-json\/wp\/v2\/comments?post=122380"}],"version-history":[{"count":0,"href":"https:\/\/candas365.es\/noticias\/wp-json\/wp\/v2\/posts\/122380\/revisions"}],"wp:featuredmedia":[{"embeddable":true,"href":"https:\/\/candas365.es\/noticias\/wp-json\/wp\/v2\/media\/122381"}],"wp:attachment":[{"href":"https:\/\/candas365.es\/noticias\/wp-json\/wp\/v2\/media?parent=122380"}],"wp:term":[{"taxonomy":"category","embeddable":true,"href":"https:\/\/candas365.es\/noticias\/wp-json\/wp\/v2\/categories?post=122380"},{"taxonomy":"post_tag","embeddable":true,"href":"https:\/\/candas365.es\/noticias\/wp-json\/wp\/v2\/tags?post=122380"}],"curies":[{"name":"wp","href":"https:\/\/api.w.org\/{rel}","templated":true}]}}