{"id":122216,"date":"2019-05-10T15:35:47","date_gmt":"2019-05-10T15:35:47","guid":{"rendered":"http:\/\/candas365.es\/noticias\/?p=122216"},"modified":"2019-05-10T15:35:47","modified_gmt":"2019-05-10T15:35:47","slug":"la-federacion-alemana-de-futbol-construye-su-propia-academia","status":"publish","type":"post","link":"https:\/\/candas365.es\/noticias\/la-federacion-alemana-de-futbol-construye-su-propia-academia\/","title":{"rendered":"La Federaci\u00f3n Alemana de F\u00fatbol construye su propia academia"},"content":{"rendered":"<figure id=\"attachment_122217\" aria-describedby=\"caption-attachment-122217\" style=\"width: 360px\" class=\"wp-caption alignleft\"><img fetchpriority=\"high\" decoding=\"async\" class=\"size-medium wp-image-122217\" src=\"https:\/\/candas365.es\/noticias\/wp-content\/uploads\/2019\/05\/Oliver-Bierhoff-360x230.jpg\" alt=\"\" width=\"360\" height=\"230\" srcset=\"https:\/\/candas365.es\/noticias\/wp-content\/uploads\/2019\/05\/Oliver-Bierhoff-360x230.jpg 360w, https:\/\/candas365.es\/noticias\/wp-content\/uploads\/2019\/05\/Oliver-Bierhoff-768x492.jpg 768w, https:\/\/candas365.es\/noticias\/wp-content\/uploads\/2019\/05\/Oliver-Bierhoff-655x419.jpg 655w, https:\/\/candas365.es\/noticias\/wp-content\/uploads\/2019\/05\/Oliver-Bierhoff-696x446.jpg 696w, https:\/\/candas365.es\/noticias\/wp-content\/uploads\/2019\/05\/Oliver-Bierhoff-656x420.jpg 656w, https:\/\/candas365.es\/noticias\/wp-content\/uploads\/2019\/05\/Oliver-Bierhoff.jpg 1034w\" sizes=\"(max-width: 360px) 100vw, 360px\" \/><figcaption id=\"caption-attachment-122217\" class=\"wp-caption-text\">El director deportivo de la Federaci\u00f3n Alemana de F\u00fatbol (DFB), Oliver Bierhoff, durante una charla con la prensa. Foto: Peter Steffen\/dpa<\/figcaption><\/figure>\n<p>Fr\u00e1ncfort (dpa) &#8211; La Federaci\u00f3n Alemana de F\u00fatbol (DFB, seg\u00fan sus siglas en alem\u00e1n) puso d\u00edas atr\u00e1s en el reciente del antiguo hip\u00f3dromo de Fr\u00e1ncfort la primera piedra para la construcci\u00f3n de una academia de f\u00fatbol, una inversi\u00f3n de 150 millones de euros (casi 170 millones de d\u00f3lares) con la que aspira a comenzar una nueva era.<\/p>\n<p>Para Oliver Bierhoff, el proyecto puede convertirse en \u00abel Silicon Valley, el Harvard del f\u00fatbol\u00bb, como subray\u00f3 el director deportivo de la DFB.<\/p>\n<p>Bajo el lema \u00abcalidad, auge, patria\u00bb, el f\u00fatbol y la administraci\u00f3n estar\u00e1n en el futuro bajo un mismo techo y las selecciones nacionales tendr\u00e1n un nuevo espacio para preparar sus partidos.<\/p>\n<p>Tras un refer\u00e9ndum y una disputa legal de a\u00f1os, la DFB recibi\u00f3 en enero el permiso de construcci\u00f3n y en marzo, el recinto. El 3 de mayo se comenz\u00f3 a construir y las obras seguir\u00e1n hasta el 2021.<\/p>\n<p>Ahora los responsables quieren alcanzar lo antes posible, sobre todo en lo que a infraestructura se refiere, el nivel de la \u00e9lite del f\u00fatbol mundial, donde estos centros modernos son habituales hace tiempo.<\/p>\n<p>\u00abSe trata de algo \u00fanico en el f\u00fatbol global. Ninguna federaci\u00f3n concentra todo el saber en un solo lugar\u00bb, asegur\u00f3 el flamante director de la academia, Tobias Haupt.<\/p>\n<p>La hist\u00f3rica eliminaci\u00f3n de la selecci\u00f3n alemana en el Mundial de Rusia en la fase de grupos incit\u00f3 a la DFB a buscar mejorar en todos los aspectos. Ya mucho antes de que esto ocurriera, Bierhoff record\u00f3 la temprana eliminaci\u00f3n en la Eurocopa 2000 y advirti\u00f3 que esta vez no hab\u00eda que \u00abesperar a una gran derrota deportiva\u00bb.<\/p>\n<p>Bierhoff est\u00e1 seguro de que el f\u00fatbol alem\u00e1n volver\u00e1 \u00abde forma permanente a la cima mundial\u00bb gracias a esta construcci\u00f3n, como dijo en unas palabras de saludo a la \u00abnueva DFB y su academia\u00bb.<\/p>\n<p>La dirigencia del f\u00fatbol germano no s\u00f3lo quiere construir un moderno complejo, tambi\u00e9n pretende modificaciones de contenido como optimizar el rendimiento de los jugadores, mejorar el apoyo a los juveniles e impulsar un intercambio m\u00e1s fluido entre profesionales, entrenadores y expertos.<\/p>\n<p>Hay grandes esperanzas puestas sobre el director Haupt, quien se ocupa de manera competente y con pasi\u00f3n de la parte conceptual. Haupt tambi\u00e9n suele aconsejar a ex jugadores cr\u00edticos que se dirijan a la Federaci\u00f3n con propuestas de mejora.<\/p>\n<p>Francia y B\u00e9lgica, dos naciones futbol\u00edsticas que sobresalieron considerablemente en los \u00faltimos a\u00f1os, tienen en sus centros de Clairefontaine y Tubize aquello que ahora espera tener la DFB en Fr\u00e1ncfort.<\/p>\n<p>\u00abLa DFB necesita esta estructura para seguir siendo eficiente a nivel internacional y responder a las crecientes demandas de una administraci\u00f3n central\u00bb, dijo el tesorero de la entidad, Stephan Osnabr\u00fcgge.<\/p>\n<p>Haupt, que previamente fue cofundador del Instituto Internacional de F\u00fatbol en Ismaning, analiza numerosas estad\u00edsticas y desarrolla conceptos que aspiran a impulsar sobre todo a la cantera.<\/p>\n<p>Entre esas iniciativas est\u00e1 el llamado programa de mentores, en el que j\u00f3venes talentosos trabajan junto con ex profesionales. \u00abSe trata de aprovechar la experiencia, pero tambi\u00e9n de dar motivaci\u00f3n\u00bb, dijo Haupt, de 35 a\u00f1os.<\/p>\n<p>El directivo, ex arquero de la cuarta divisi\u00f3n de la Liga alemana confiesa que si hubiera tenido en sus a\u00f1os mozos la posibilidad de encontrarse con su \u00eddolo Oliver Kahn, \u00abhubiera tenido motivaci\u00f3n para todo el a\u00f1o\u00bb.<\/p>\n<p>Por Patrick Reichardt (dpa)<\/p>\n","protected":false},"excerpt":{"rendered":"<p>Fr\u00e1ncfort (dpa) &#8211; La Federaci\u00f3n Alemana de F\u00fatbol (DFB, seg\u00fan sus siglas en alem\u00e1n) puso d\u00edas atr\u00e1s en el reciente del antiguo hip\u00f3dromo de Fr\u00e1ncfort la primera piedra para la construcci\u00f3n de una academia de f\u00fatbol, una inversi\u00f3n de 150 millones de euros (casi 170 millones de d\u00f3lares) con la que aspira a comenzar una<\/p>\n","protected":false},"author":1,"featured_media":122217,"comment_status":"closed","ping_status":"closed","sticky":false,"template":"","format":"standard","meta":{"footnotes":""},"categories":[319],"tags":[],"class_list":{"0":"post-122216","1":"post","2":"type-post","3":"status-publish","4":"format-standard","5":"has-post-thumbnail","7":"category-deporte"},"aioseo_notices":[],"aioseo_head":"\n\t\t<!-- All in One SEO Pro 4.9.6.2 - aioseo.com -->\n\t<meta name=\"description\" content=\"Fr\u00e1ncfort (dpa) - La Federaci\u00f3n Alemana de F\u00fatbol (DFB, seg\u00fan sus siglas en alem\u00e1n) puso d\u00edas atr\u00e1s en el reciente del antiguo hip\u00f3dromo de Fr\u00e1ncfort la primera piedra para la construcci\u00f3n de una academia de f\u00fatbol, una inversi\u00f3n de 150 millones de euros (casi 170 millones de d\u00f3lares) con la que aspira a comenzar una\" \/>\n\t<meta name=\"robots\" content=\"max-image-preview:large\" \/>\n\t<meta name=\"author\" content=\"Cand\u00e1s 365\"\/>\n\t<meta name=\"google-site-verification\" content=\"UA-32230408-1\" \/>\n\t<meta name=\"msvalidate.01\" content=\"354F3CDFB2DA171B47FBE9ABF1F88D5\" \/>\n\t<meta name=\"keywords\" content=\"deporte\" \/>\n\t<link rel=\"canonical\" href=\"https:\/\/candas365.es\/noticias\/la-federacion-alemana-de-futbol-construye-su-propia-academia\/\" \/>\n\t<meta name=\"generator\" content=\"All in One SEO Pro (AIOSEO) 4.9.6.2\" \/>\n\t\t<meta property=\"og:locale\" content=\"es_ES\" \/>\n\t\t<meta property=\"og:site_name\" content=\"Cand\u00e1s 365\" \/>\n\t\t<meta property=\"og:type\" content=\"article\" \/>\n\t\t<meta property=\"og:title\" content=\"La Federaci\u00f3n Alemana de F\u00fatbol construye su propia academia | Cand\u00e1s 365\" \/>\n\t\t<meta property=\"og:description\" content=\"Fr\u00e1ncfort (dpa) - La Federaci\u00f3n Alemana de F\u00fatbol (DFB, seg\u00fan sus siglas en alem\u00e1n) puso d\u00edas atr\u00e1s en el reciente del antiguo hip\u00f3dromo de Fr\u00e1ncfort la primera piedra para la construcci\u00f3n de una academia de f\u00fatbol, una inversi\u00f3n de 150 millones de euros (casi 170 millones de d\u00f3lares) con la que aspira a comenzar una\" \/>\n\t\t<meta property=\"og:url\" content=\"https:\/\/candas365.es\/noticias\/la-federacion-alemana-de-futbol-construye-su-propia-academia\/\" \/>\n\t\t<meta property=\"og:image\" content=\"https:\/\/candas365.es\/noticias\/wp-content\/uploads\/2019\/05\/Oliver-Bierhoff.jpg\" \/>\n\t\t<meta property=\"og:image:secure_url\" content=\"https:\/\/candas365.es\/noticias\/wp-content\/uploads\/2019\/05\/Oliver-Bierhoff.jpg\" \/>\n\t\t<meta property=\"og:image:width\" content=\"1034\" \/>\n\t\t<meta property=\"og:image:height\" content=\"662\" \/>\n\t\t<meta property=\"article:published_time\" content=\"2019-05-10T15:35:47+00:00\" \/>\n\t\t<meta property=\"article:modified_time\" content=\"2019-05-10T15:35:47+00:00\" \/>\n\t\t<meta property=\"article:publisher\" content=\"https:\/\/www.facebook.com\/Nachofdezber\" \/>\n\t\t<meta property=\"article:author\" content=\"https:\/\/www.facebook.com\/carrenoactualidad\" \/>\n\t\t<meta name=\"twitter:card\" content=\"summary_large_image\" \/>\n\t\t<meta name=\"twitter:site\" content=\"@NabercoDigital\" \/>\n\t\t<meta name=\"twitter:title\" content=\"La Federaci\u00f3n Alemana de F\u00fatbol construye su propia academia | Cand\u00e1s 365\" \/>\n\t\t<meta name=\"twitter:description\" content=\"Fr\u00e1ncfort (dpa) - La Federaci\u00f3n Alemana de F\u00fatbol (DFB, seg\u00fan sus siglas en alem\u00e1n) puso d\u00edas atr\u00e1s en el reciente del antiguo hip\u00f3dromo de Fr\u00e1ncfort la primera piedra para la construcci\u00f3n de una academia de f\u00fatbol, una inversi\u00f3n de 150 millones de euros (casi 170 millones de d\u00f3lares) con la que aspira a comenzar una\" \/>\n\t\t<meta name=\"twitter:creator\" content=\"@nbasturias\" \/>\n\t\t<meta name=\"twitter:image\" content=\"https:\/\/candas365.es\/noticias\/wp-content\/uploads\/2019\/05\/Oliver-Bierhoff.jpg\" \/>\n\t\t<meta name=\"twitter:label1\" content=\"Escrito por\" \/>\n\t\t<meta name=\"twitter:data1\" content=\"Cand\u00e1s 365\" \/>\n\t\t<meta name=\"twitter:label2\" content=\"Tiempo de lectura estimado\" \/>\n\t\t<meta name=\"twitter:data2\" content=\"3 minutos\" \/>\n\t\t<script type=\"application\/ld+json\" class=\"aioseo-schema\">\n\t\t\t{\"@context\":\"https:\\\/\\\/schema.org\",\"@graph\":[{\"@type\":\"BreadcrumbList\",\"@id\":\"https:\\\/\\\/candas365.es\\\/noticias\\\/la-federacion-alemana-de-futbol-construye-su-propia-academia\\\/#breadcrumblist\",\"itemListElement\":[{\"@type\":\"ListItem\",\"@id\":\"https:\\\/\\\/candas365.es\\\/noticias#listItem\",\"position\":1,\"name\":\"Home\",\"item\":\"https:\\\/\\\/candas365.es\\\/noticias\",\"nextItem\":{\"@type\":\"ListItem\",\"@id\":\"https:\\\/\\\/candas365.es\\\/noticias\\\/category\\\/deporte\\\/#listItem\",\"name\":\"Deporte\"}},{\"@type\":\"ListItem\",\"@id\":\"https:\\\/\\\/candas365.es\\\/noticias\\\/category\\\/deporte\\\/#listItem\",\"position\":2,\"name\":\"Deporte\",\"item\":\"https:\\\/\\\/candas365.es\\\/noticias\\\/category\\\/deporte\\\/\",\"nextItem\":{\"@type\":\"ListItem\",\"@id\":\"https:\\\/\\\/candas365.es\\\/noticias\\\/la-federacion-alemana-de-futbol-construye-su-propia-academia\\\/#listItem\",\"name\":\"La Federaci\\u00f3n Alemana de F\\u00fatbol construye su propia academia\"},\"previousItem\":{\"@type\":\"ListItem\",\"@id\":\"https:\\\/\\\/candas365.es\\\/noticias#listItem\",\"name\":\"Home\"}},{\"@type\":\"ListItem\",\"@id\":\"https:\\\/\\\/candas365.es\\\/noticias\\\/la-federacion-alemana-de-futbol-construye-su-propia-academia\\\/#listItem\",\"position\":3,\"name\":\"La Federaci\\u00f3n Alemana de F\\u00fatbol construye su propia academia\",\"previousItem\":{\"@type\":\"ListItem\",\"@id\":\"https:\\\/\\\/candas365.es\\\/noticias\\\/category\\\/deporte\\\/#listItem\",\"name\":\"Deporte\"}}]},{\"@type\":\"NewsArticle\",\"@id\":\"https:\\\/\\\/candas365.es\\\/noticias\\\/la-federacion-alemana-de-futbol-construye-su-propia-academia\\\/#newsarticle\",\"name\":\"La Federaci\\u00f3n Alemana de F\\u00fatbol construye su propia academia | Cand\\u00e1s 365\",\"headline\":\"La Federaci\\u00f3n Alemana de F\\u00fatbol construye su propia academia\",\"author\":{\"@id\":\"https:\\\/\\\/candas365.es\\\/noticias\\\/author\\\/admin\\\/#author\"},\"publisher\":{\"@id\":\"https:\\\/\\\/candas365.es\\\/noticias\\\/#organization\"},\"image\":{\"@type\":\"ImageObject\",\"url\":\"https:\\\/\\\/candas365.es\\\/noticias\\\/wp-content\\\/uploads\\\/2019\\\/05\\\/Oliver-Bierhoff.jpg\",\"width\":1034,\"height\":662,\"caption\":\"El director deportivo de la Federaci\\u00f3n Alemana de F\\u00fatbol (DFB), Oliver Bierhoff, durante una charla con la prensa. Foto: Peter Steffen\\\/dpa\"},\"datePublished\":\"2019-05-10T15:35:47+02:00\",\"dateModified\":\"2019-05-10T15:35:47+02:00\",\"inLanguage\":\"es-ES\",\"mainEntityOfPage\":{\"@id\":\"https:\\\/\\\/candas365.es\\\/noticias\\\/la-federacion-alemana-de-futbol-construye-su-propia-academia\\\/#webpage\"},\"isPartOf\":{\"@id\":\"https:\\\/\\\/candas365.es\\\/noticias\\\/la-federacion-alemana-de-futbol-construye-su-propia-academia\\\/#webpage\"},\"articleSection\":\"Deporte\",\"dateline\":\"Publicado el mayo 10, 2019.\"},{\"@type\":\"Organization\",\"@id\":\"https:\\\/\\\/candas365.es\\\/noticias\\\/#organization\",\"name\":\"Cand\\u00e1s 365\",\"description\":\"Cand\\u00e1s 365 es un diario digital independiente, fundado en 2012, con base en Asturias. Informamos con rigor sobre actualidad, sociedad, cultura y ocio, con una mirada local y global.\",\"url\":\"https:\\\/\\\/candas365.es\\\/noticias\\\/\",\"email\":\"info@candas365.es\",\"telephone\":\"+34652131393\",\"foundingDate\":\"2012-06-10\",\"logo\":{\"@type\":\"ImageObject\",\"url\":\"https:\\\/\\\/candas365.es\\\/noticias\\\/wp-content\\\/uploads\\\/2024\\\/09\\\/Candas-365-Redes.jpg\",\"@id\":\"https:\\\/\\\/candas365.es\\\/noticias\\\/la-federacion-alemana-de-futbol-construye-su-propia-academia\\\/#organizationLogo\",\"width\":1152,\"height\":864,\"caption\":\"Cand\\u00e1s 365 Redes\"},\"image\":{\"@id\":\"https:\\\/\\\/candas365.es\\\/noticias\\\/la-federacion-alemana-de-futbol-construye-su-propia-academia\\\/#organizationLogo\"},\"sameAs\":[\"https:\\\/\\\/www.facebook.com\\\/Nachofdezber\",\"https:\\\/\\\/x.com\\\/NabercoDigital\",\"https:\\\/\\\/www.instagram.com\\\/nachofdezber\\\/\",\"https:\\\/\\\/www.youtube.com\\\/channel\\\/UCZP-2wLEB9Rv6erhFmqVnvg\"],\"address\":{\"@id\":\"https:\\\/\\\/candas365.es\\\/noticias\\\/#postaladdress\",\"@type\":\"PostalAddress\",\"streetAddress\":\"san antonio 4, san antonio 4\",\"postalCode\":\"33430\",\"addressLocality\":\"Cand\\u00e1s\",\"addressRegion\":\"Asturias\",\"addressCountry\":\"ES\"}},{\"@type\":\"Person\",\"@id\":\"https:\\\/\\\/candas365.es\\\/noticias\\\/author\\\/admin\\\/#author\",\"url\":\"https:\\\/\\\/candas365.es\\\/noticias\\\/author\\\/admin\\\/\",\"name\":\"Cand\\u00e1s 365\",\"image\":{\"@type\":\"ImageObject\",\"@id\":\"https:\\\/\\\/candas365.es\\\/noticias\\\/la-federacion-alemana-de-futbol-construye-su-propia-academia\\\/#authorImage\",\"url\":\"https:\\\/\\\/secure.gravatar.com\\\/avatar\\\/496a8e03d0c493ede1718b7934145dbdf8d89be1036b0eec9544e1094c9de390?s=96&d=mm&r=g\",\"width\":96,\"height\":96,\"caption\":\"Cand\\u00e1s 365\"},\"sameAs\":[\"https:\\\/\\\/www.facebook.com\\\/carrenoactualidad\",\"https:\\\/\\\/twitter.com\\\/nbasturias\",\"https:\\\/\\\/www.instagram.com\\\/nachofdezber\\\/\",\"https:\\\/\\\/www.youtube.com\\\/channel\\\/UCZP-2wLEB9Rv6erhFmqVnvg\"]},{\"@type\":\"WebPage\",\"@id\":\"https:\\\/\\\/candas365.es\\\/noticias\\\/la-federacion-alemana-de-futbol-construye-su-propia-academia\\\/#webpage\",\"url\":\"https:\\\/\\\/candas365.es\\\/noticias\\\/la-federacion-alemana-de-futbol-construye-su-propia-academia\\\/\",\"name\":\"La Federaci\\u00f3n Alemana de F\\u00fatbol construye su propia academia | Cand\\u00e1s 365\",\"description\":\"Fr\\u00e1ncfort (dpa) - La Federaci\\u00f3n Alemana de F\\u00fatbol (DFB, seg\\u00fan sus siglas en alem\\u00e1n) puso d\\u00edas atr\\u00e1s en el reciente del antiguo hip\\u00f3dromo de Fr\\u00e1ncfort la primera piedra para la construcci\\u00f3n de una academia de f\\u00fatbol, una inversi\\u00f3n de 150 millones de euros (casi 170 millones de d\\u00f3lares) con la que aspira a comenzar una\",\"inLanguage\":\"es-ES\",\"isPartOf\":{\"@id\":\"https:\\\/\\\/candas365.es\\\/noticias\\\/#website\"},\"breadcrumb\":{\"@id\":\"https:\\\/\\\/candas365.es\\\/noticias\\\/la-federacion-alemana-de-futbol-construye-su-propia-academia\\\/#breadcrumblist\"},\"author\":{\"@id\":\"https:\\\/\\\/candas365.es\\\/noticias\\\/author\\\/admin\\\/#author\"},\"creator\":{\"@id\":\"https:\\\/\\\/candas365.es\\\/noticias\\\/author\\\/admin\\\/#author\"},\"image\":{\"@type\":\"ImageObject\",\"url\":\"https:\\\/\\\/candas365.es\\\/noticias\\\/wp-content\\\/uploads\\\/2019\\\/05\\\/Oliver-Bierhoff.jpg\",\"@id\":\"https:\\\/\\\/candas365.es\\\/noticias\\\/la-federacion-alemana-de-futbol-construye-su-propia-academia\\\/#mainImage\",\"width\":1034,\"height\":662,\"caption\":\"El director deportivo de la Federaci\\u00f3n Alemana de F\\u00fatbol (DFB), Oliver Bierhoff, durante una charla con la prensa. Foto: Peter Steffen\\\/dpa\"},\"primaryImageOfPage\":{\"@id\":\"https:\\\/\\\/candas365.es\\\/noticias\\\/la-federacion-alemana-de-futbol-construye-su-propia-academia\\\/#mainImage\"},\"datePublished\":\"2019-05-10T15:35:47+02:00\",\"dateModified\":\"2019-05-10T15:35:47+02:00\"},{\"@type\":\"WebSite\",\"@id\":\"https:\\\/\\\/candas365.es\\\/noticias\\\/#website\",\"url\":\"https:\\\/\\\/candas365.es\\\/noticias\\\/\",\"name\":\"Cand\\u00e1s 365\",\"alternateName\":\"Cand\\u00e1s 365 Noticias\",\"description\":\"Actualidad desde Carre\\u00f1o para el mundo\",\"inLanguage\":\"es-ES\",\"publisher\":{\"@id\":\"https:\\\/\\\/candas365.es\\\/noticias\\\/#organization\"}}]}\n\t\t<\/script>\n\t\t<!-- All in One SEO Pro -->\r\n\t\t<title>La Federaci\u00f3n Alemana de F\u00fatbol construye su propia academia | Cand\u00e1s 365<\/title>\n\n","aioseo_head_json":{"title":"La Federaci\u00f3n Alemana de F\u00fatbol construye su propia academia | Cand\u00e1s 365","description":"Fr\u00e1ncfort (dpa) - La Federaci\u00f3n Alemana de F\u00fatbol (DFB, seg\u00fan sus siglas en alem\u00e1n) puso d\u00edas atr\u00e1s en el reciente del antiguo hip\u00f3dromo de Fr\u00e1ncfort la primera piedra para la construcci\u00f3n de una academia de f\u00fatbol, una inversi\u00f3n de 150 millones de euros (casi 170 millones de d\u00f3lares) con la que aspira a comenzar una","canonical_url":"https:\/\/candas365.es\/noticias\/la-federacion-alemana-de-futbol-construye-su-propia-academia\/","robots":"max-image-preview:large","keywords":"deporte","webmasterTools":{"google-site-verification":"UA-32230408-1","msvalidate.01":"354F3CDFB2DA171B47FBE9ABF1F88D5","miscellaneous":""},"schema":{"@context":"https:\/\/schema.org","@graph":[{"@type":"BreadcrumbList","@id":"https:\/\/candas365.es\/noticias\/la-federacion-alemana-de-futbol-construye-su-propia-academia\/#breadcrumblist","itemListElement":[{"@type":"ListItem","@id":"https:\/\/candas365.es\/noticias#listItem","position":1,"name":"Home","item":"https:\/\/candas365.es\/noticias","nextItem":{"@type":"ListItem","@id":"https:\/\/candas365.es\/noticias\/category\/deporte\/#listItem","name":"Deporte"}},{"@type":"ListItem","@id":"https:\/\/candas365.es\/noticias\/category\/deporte\/#listItem","position":2,"name":"Deporte","item":"https:\/\/candas365.es\/noticias\/category\/deporte\/","nextItem":{"@type":"ListItem","@id":"https:\/\/candas365.es\/noticias\/la-federacion-alemana-de-futbol-construye-su-propia-academia\/#listItem","name":"La Federaci\u00f3n Alemana de F\u00fatbol construye su propia academia"},"previousItem":{"@type":"ListItem","@id":"https:\/\/candas365.es\/noticias#listItem","name":"Home"}},{"@type":"ListItem","@id":"https:\/\/candas365.es\/noticias\/la-federacion-alemana-de-futbol-construye-su-propia-academia\/#listItem","position":3,"name":"La Federaci\u00f3n Alemana de F\u00fatbol construye su propia academia","previousItem":{"@type":"ListItem","@id":"https:\/\/candas365.es\/noticias\/category\/deporte\/#listItem","name":"Deporte"}}]},{"@type":"NewsArticle","@id":"https:\/\/candas365.es\/noticias\/la-federacion-alemana-de-futbol-construye-su-propia-academia\/#newsarticle","name":"La Federaci\u00f3n Alemana de F\u00fatbol construye su propia academia | Cand\u00e1s 365","headline":"La Federaci\u00f3n Alemana de F\u00fatbol construye su propia academia","author":{"@id":"https:\/\/candas365.es\/noticias\/author\/admin\/#author"},"publisher":{"@id":"https:\/\/candas365.es\/noticias\/#organization"},"image":{"@type":"ImageObject","url":"https:\/\/candas365.es\/noticias\/wp-content\/uploads\/2019\/05\/Oliver-Bierhoff.jpg","width":1034,"height":662,"caption":"El director deportivo de la Federaci\u00f3n Alemana de F\u00fatbol (DFB), Oliver Bierhoff, durante una charla con la prensa. Foto: Peter Steffen\/dpa"},"datePublished":"2019-05-10T15:35:47+02:00","dateModified":"2019-05-10T15:35:47+02:00","inLanguage":"es-ES","mainEntityOfPage":{"@id":"https:\/\/candas365.es\/noticias\/la-federacion-alemana-de-futbol-construye-su-propia-academia\/#webpage"},"isPartOf":{"@id":"https:\/\/candas365.es\/noticias\/la-federacion-alemana-de-futbol-construye-su-propia-academia\/#webpage"},"articleSection":"Deporte","dateline":"Publicado el mayo 10, 2019."},{"@type":"Organization","@id":"https:\/\/candas365.es\/noticias\/#organization","name":"Cand\u00e1s 365","description":"Cand\u00e1s 365 es un diario digital independiente, fundado en 2012, con base en Asturias. Informamos con rigor sobre actualidad, sociedad, cultura y ocio, con una mirada local y global.","url":"https:\/\/candas365.es\/noticias\/","email":"info@candas365.es","telephone":"+34652131393","foundingDate":"2012-06-10","logo":{"@type":"ImageObject","url":"https:\/\/candas365.es\/noticias\/wp-content\/uploads\/2024\/09\/Candas-365-Redes.jpg","@id":"https:\/\/candas365.es\/noticias\/la-federacion-alemana-de-futbol-construye-su-propia-academia\/#organizationLogo","width":1152,"height":864,"caption":"Cand\u00e1s 365 Redes"},"image":{"@id":"https:\/\/candas365.es\/noticias\/la-federacion-alemana-de-futbol-construye-su-propia-academia\/#organizationLogo"},"sameAs":["https:\/\/www.facebook.com\/Nachofdezber","https:\/\/x.com\/NabercoDigital","https:\/\/www.instagram.com\/nachofdezber\/","https:\/\/www.youtube.com\/channel\/UCZP-2wLEB9Rv6erhFmqVnvg"],"address":{"@id":"https:\/\/candas365.es\/noticias\/#postaladdress","@type":"PostalAddress","streetAddress":"san antonio 4, san antonio 4","postalCode":"33430","addressLocality":"Cand\u00e1s","addressRegion":"Asturias","addressCountry":"ES"}},{"@type":"Person","@id":"https:\/\/candas365.es\/noticias\/author\/admin\/#author","url":"https:\/\/candas365.es\/noticias\/author\/admin\/","name":"Cand\u00e1s 365","image":{"@type":"ImageObject","@id":"https:\/\/candas365.es\/noticias\/la-federacion-alemana-de-futbol-construye-su-propia-academia\/#authorImage","url":"https:\/\/secure.gravatar.com\/avatar\/496a8e03d0c493ede1718b7934145dbdf8d89be1036b0eec9544e1094c9de390?s=96&d=mm&r=g","width":96,"height":96,"caption":"Cand\u00e1s 365"},"sameAs":["https:\/\/www.facebook.com\/carrenoactualidad","https:\/\/twitter.com\/nbasturias","https:\/\/www.instagram.com\/nachofdezber\/","https:\/\/www.youtube.com\/channel\/UCZP-2wLEB9Rv6erhFmqVnvg"]},{"@type":"WebPage","@id":"https:\/\/candas365.es\/noticias\/la-federacion-alemana-de-futbol-construye-su-propia-academia\/#webpage","url":"https:\/\/candas365.es\/noticias\/la-federacion-alemana-de-futbol-construye-su-propia-academia\/","name":"La Federaci\u00f3n Alemana de F\u00fatbol construye su propia academia | Cand\u00e1s 365","description":"Fr\u00e1ncfort (dpa) - La Federaci\u00f3n Alemana de F\u00fatbol (DFB, seg\u00fan sus siglas en alem\u00e1n) puso d\u00edas atr\u00e1s en el reciente del antiguo hip\u00f3dromo de Fr\u00e1ncfort la primera piedra para la construcci\u00f3n de una academia de f\u00fatbol, una inversi\u00f3n de 150 millones de euros (casi 170 millones de d\u00f3lares) con la que aspira a comenzar una","inLanguage":"es-ES","isPartOf":{"@id":"https:\/\/candas365.es\/noticias\/#website"},"breadcrumb":{"@id":"https:\/\/candas365.es\/noticias\/la-federacion-alemana-de-futbol-construye-su-propia-academia\/#breadcrumblist"},"author":{"@id":"https:\/\/candas365.es\/noticias\/author\/admin\/#author"},"creator":{"@id":"https:\/\/candas365.es\/noticias\/author\/admin\/#author"},"image":{"@type":"ImageObject","url":"https:\/\/candas365.es\/noticias\/wp-content\/uploads\/2019\/05\/Oliver-Bierhoff.jpg","@id":"https:\/\/candas365.es\/noticias\/la-federacion-alemana-de-futbol-construye-su-propia-academia\/#mainImage","width":1034,"height":662,"caption":"El director deportivo de la Federaci\u00f3n Alemana de F\u00fatbol (DFB), Oliver Bierhoff, durante una charla con la prensa. Foto: Peter Steffen\/dpa"},"primaryImageOfPage":{"@id":"https:\/\/candas365.es\/noticias\/la-federacion-alemana-de-futbol-construye-su-propia-academia\/#mainImage"},"datePublished":"2019-05-10T15:35:47+02:00","dateModified":"2019-05-10T15:35:47+02:00"},{"@type":"WebSite","@id":"https:\/\/candas365.es\/noticias\/#website","url":"https:\/\/candas365.es\/noticias\/","name":"Cand\u00e1s 365","alternateName":"Cand\u00e1s 365 Noticias","description":"Actualidad desde Carre\u00f1o para el mundo","inLanguage":"es-ES","publisher":{"@id":"https:\/\/candas365.es\/noticias\/#organization"}}]},"og:locale":"es_ES","og:site_name":"Cand\u00e1s 365","og:type":"article","og:title":"La Federaci\u00f3n Alemana de F\u00fatbol construye su propia academia | Cand\u00e1s 365","og:description":"Fr\u00e1ncfort (dpa) - La Federaci\u00f3n Alemana de F\u00fatbol (DFB, seg\u00fan sus siglas en alem\u00e1n) puso d\u00edas atr\u00e1s en el reciente del antiguo hip\u00f3dromo de Fr\u00e1ncfort la primera piedra para la construcci\u00f3n de una academia de f\u00fatbol, una inversi\u00f3n de 150 millones de euros (casi 170 millones de d\u00f3lares) con la que aspira a comenzar una","og:url":"https:\/\/candas365.es\/noticias\/la-federacion-alemana-de-futbol-construye-su-propia-academia\/","og:image":"https:\/\/candas365.es\/noticias\/wp-content\/uploads\/2019\/05\/Oliver-Bierhoff.jpg","og:image:secure_url":"https:\/\/candas365.es\/noticias\/wp-content\/uploads\/2019\/05\/Oliver-Bierhoff.jpg","og:image:width":1034,"og:image:height":662,"article:published_time":"2019-05-10T15:35:47+00:00","article:modified_time":"2019-05-10T15:35:47+00:00","article:publisher":"https:\/\/www.facebook.com\/Nachofdezber","article:author":"https:\/\/www.facebook.com\/carrenoactualidad","twitter:card":"summary_large_image","twitter:site":"@NabercoDigital","twitter:title":"La Federaci\u00f3n Alemana de F\u00fatbol construye su propia academia | Cand\u00e1s 365","twitter:description":"Fr\u00e1ncfort (dpa) - La Federaci\u00f3n Alemana de F\u00fatbol (DFB, seg\u00fan sus siglas en alem\u00e1n) puso d\u00edas atr\u00e1s en el reciente del antiguo hip\u00f3dromo de Fr\u00e1ncfort la primera piedra para la construcci\u00f3n de una academia de f\u00fatbol, una inversi\u00f3n de 150 millones de euros (casi 170 millones de d\u00f3lares) con la que aspira a comenzar una","twitter:creator":"@nbasturias","twitter:image":"https:\/\/candas365.es\/noticias\/wp-content\/uploads\/2019\/05\/Oliver-Bierhoff.jpg","twitter:label1":"Escrito por","twitter:data1":"Cand\u00e1s 365","twitter:label2":"Tiempo de lectura estimado","twitter:data2":"3 minutos"},"aioseo_meta_data":{"post_id":"122216","title":null,"description":null,"keywords":null,"keyphrases":null,"primary_term":null,"canonical_url":null,"og_title":null,"og_description":null,"og_object_type":"default","og_image_type":"default","og_image_url":null,"og_image_width":null,"og_image_height":null,"og_image_custom_url":null,"og_image_custom_fields":null,"og_video":null,"og_custom_url":null,"og_article_section":null,"og_article_tags":null,"twitter_use_og":false,"twitter_card":"default","twitter_image_type":"default","twitter_image_url":null,"twitter_image_custom_url":null,"twitter_image_custom_fields":null,"twitter_title":null,"twitter_description":null,"schema":{"blockGraphs":[],"customGraphs":[],"default":{"data":{"Article":[],"Course":[],"Dataset":[],"FAQPage":[],"Movie":[],"Person":[],"Product":[],"ProductReview":[],"Car":[],"Recipe":[],"Service":[],"SoftwareApplication":[],"WebPage":[]},"graphName":"","isEnabled":true},"graphs":[],"defaultGraph":"","defaultPostTypeGraph":""},"schema_type":null,"schema_type_options":null,"pillar_content":false,"robots_default":true,"robots_noindex":false,"robots_noarchive":false,"robots_nosnippet":false,"robots_nofollow":false,"robots_noimageindex":false,"robots_noodp":false,"robots_notranslate":false,"robots_max_snippet":null,"robots_max_videopreview":null,"robots_max_imagepreview":"large","priority":null,"frequency":null,"location":null,"local_seo":null,"seo_analyzer_scan_date":"2025-08-29 22:12:12","breadcrumb_settings":null,"limit_modified_date":false,"reviewed_by":null,"open_ai":null,"ai":null,"created":"2020-12-21 10:57:44","updated":"2025-08-29 22:12:12"},"aioseo_breadcrumb":"<div class=\"aioseo-breadcrumbs\"><span class=\"aioseo-breadcrumb\">\n\t<a href=\"https:\/\/candas365.es\/noticias\" title=\"Home\">Home<\/a>\n<\/span><span class=\"aioseo-breadcrumb-separator\">&ndash;<\/span><span class=\"aioseo-breadcrumb\">\n\t<a href=\"https:\/\/candas365.es\/noticias\/category\/deporte\/\" title=\"Deporte\">Deporte<\/a>\n<\/span><span class=\"aioseo-breadcrumb-separator\">&ndash;<\/span><span class=\"aioseo-breadcrumb\">\n\tLa Federaci\u00f3n Alemana de F\u00fatbol construye su propia academia\n<\/span><\/div>","aioseo_breadcrumb_json":[{"label":"Home","link":"https:\/\/candas365.es\/noticias"},{"label":"Deporte","link":"https:\/\/candas365.es\/noticias\/category\/deporte\/"},{"label":"La Federaci\u00f3n Alemana de F\u00fatbol construye su propia academia","link":"https:\/\/candas365.es\/noticias\/la-federacion-alemana-de-futbol-construye-su-propia-academia\/"}],"_links":{"self":[{"href":"https:\/\/candas365.es\/noticias\/wp-json\/wp\/v2\/posts\/122216","targetHints":{"allow":["GET"]}}],"collection":[{"href":"https:\/\/candas365.es\/noticias\/wp-json\/wp\/v2\/posts"}],"about":[{"href":"https:\/\/candas365.es\/noticias\/wp-json\/wp\/v2\/types\/post"}],"author":[{"embeddable":true,"href":"https:\/\/candas365.es\/noticias\/wp-json\/wp\/v2\/users\/1"}],"replies":[{"embeddable":true,"href":"https:\/\/candas365.es\/noticias\/wp-json\/wp\/v2\/comments?post=122216"}],"version-history":[{"count":0,"href":"https:\/\/candas365.es\/noticias\/wp-json\/wp\/v2\/posts\/122216\/revisions"}],"wp:featuredmedia":[{"embeddable":true,"href":"https:\/\/candas365.es\/noticias\/wp-json\/wp\/v2\/media\/122217"}],"wp:attachment":[{"href":"https:\/\/candas365.es\/noticias\/wp-json\/wp\/v2\/media?parent=122216"}],"wp:term":[{"taxonomy":"category","embeddable":true,"href":"https:\/\/candas365.es\/noticias\/wp-json\/wp\/v2\/categories?post=122216"},{"taxonomy":"post_tag","embeddable":true,"href":"https:\/\/candas365.es\/noticias\/wp-json\/wp\/v2\/tags?post=122216"}],"curies":[{"name":"wp","href":"https:\/\/api.w.org\/{rel}","templated":true}]}}