{"id":122208,"date":"2019-05-10T13:04:20","date_gmt":"2019-05-10T13:04:20","guid":{"rendered":"http:\/\/candas365.es\/noticias\/?p=122208"},"modified":"2019-05-10T13:04:20","modified_gmt":"2019-05-10T13:04:20","slug":"carreno-recoge-2000-firmas-para-apoyar-la-candidatura-de-la-cultura-sidrera-asturiana","status":"publish","type":"post","link":"https:\/\/candas365.es\/noticias\/carreno-recoge-2000-firmas-para-apoyar-la-candidatura-de-la-cultura-sidrera-asturiana\/","title":{"rendered":"Carre\u00f1o recoge 2000 firmas para apoyar la candidatura de la \u201ccultura sidrera asturiana\u201d"},"content":{"rendered":"<p><img fetchpriority=\"high\" decoding=\"async\" class=\"alignleft size-medium wp-image-122209\" src=\"https:\/\/candas365.es\/noticias\/wp-content\/uploads\/2019\/05\/firma-carre\u00f1o-360x270.jpg\" alt=\"\" width=\"360\" height=\"270\" srcset=\"https:\/\/candas365.es\/noticias\/wp-content\/uploads\/2019\/05\/firma-carre\u00f1o-360x270.jpg 360w, https:\/\/candas365.es\/noticias\/wp-content\/uploads\/2019\/05\/firma-carre\u00f1o-768x576.jpg 768w, https:\/\/candas365.es\/noticias\/wp-content\/uploads\/2019\/05\/firma-carre\u00f1o-640x480.jpg 640w, https:\/\/candas365.es\/noticias\/wp-content\/uploads\/2019\/05\/firma-carre\u00f1o-80x60.jpg 80w, https:\/\/candas365.es\/noticias\/wp-content\/uploads\/2019\/05\/firma-carre\u00f1o-265x198.jpg 265w, https:\/\/candas365.es\/noticias\/wp-content\/uploads\/2019\/05\/firma-carre\u00f1o-696x522.jpg 696w, https:\/\/candas365.es\/noticias\/wp-content\/uploads\/2019\/05\/firma-carre\u00f1o-560x420.jpg 560w, https:\/\/candas365.es\/noticias\/wp-content\/uploads\/2019\/05\/firma-carre\u00f1o.jpg 900w\" sizes=\"(max-width: 360px) 100vw, 360px\" \/>La alcaldesa de Carre\u00f1o, Amelia Fern\u00e1ndez, anunci\u00f3 este viernes mediante un comunicado de prensa que el Ayuntamiento ha aportado dos mil firmas de apoyo a la candidatura regional de la \u201ccultura sidrera asturiana\u201d como patrimonio inmaterial de la humanidad.<\/p>\n<p>El comunicado completo expone la siguiente informaci\u00f3n:<\/p>\n<p>\u201cLos embajadores de la iniciativa en Carre\u00f1o, la Asociaci\u00f3n de Sidra Casera de Carre\u00f1o y Jos\u00e9 Manuel Rodr\u00edguez Fern\u00e1ndez, coordinador del rally de la sidra que organizan las Pe\u00f1as marineras en Cand\u00e1s cada a\u00f1o, entregaron hoy en el Ayuntamiento para su remisi\u00f3n al Principado todas las firmas. De \u00e9stas 1.348 fueron recogidas en la zona rural del concejo y el resto en Cand\u00e1s.<\/p>\n<p>No importa qu\u00e9 lejanos pa\u00edses acojan a los asturianos y las asturianas, no importa el tiempo transcurrido ni los avatares que la vida nos imponga. La sola imagen de la sidra rompiendo contra el cristal evoca en cualquiera de nosotros\/as una mezcla de sensaciones sacando a la superficie de la memoria las emociones m\u00e1s personales e \u00edntima de cada uno\/a. Porque el l\u00edquido dorado tiene su sabor, su olor, sus canciones, pero, sobre todo, supone una gozosa celebraci\u00f3n de grupo, de la amistad y de la vida misma.<\/p>\n<p>La \u201cCultura Sidrera\u201d y el \u201cEscanciado de Sidra\u201d es una de las se\u00f1as de identidad que mejor representa a Asturias en el mundo. Esta imagen constituye un poderoso s\u00edmbolo de nuestra tierra, en el que nos reconocemos y por el que nos identifican los de afuera.\u00a0 El Principado de Asturias consciente de este sentimiento, del tesoro que encierra la \u201cCultura Sidrera\u201d, quiere que el mundo conozca y reconozca los v\u00ednculos de amistad universal que encierra esta bebida emblem\u00e1tica. A tal fin, el Ayuntamiento de Carre\u00f1o designo c\u00f3mo embajadores en el municipio a la Asociaci\u00f3n de Sidra Casera de Carre\u00f1o y a Jos\u00e9 Manuel Rodr\u00edguez Fern\u00e1ndez, coordinador del rally de la sidra que organizan las Pe\u00f1as marineras en Cand\u00e1s cada a\u00f1o.<\/p>\n<p>\u201cLa labor tanto de F\u00e9lix\u201d como de \u201cManolo\u201d fue la de dar apoyo y gestionar la difusi\u00f3n de la candidatura en nuestro concejo. Se responsabilizaron de la gesti\u00f3n del libro de firmas de apoyo, la coordinaci\u00f3n con el resto de las asociaciones o entidades en la recogida de todos los apoyos, entregando los distintivos a los establecimientos que apoyaron a la candidatura, distribuyendo material informativo y promocional y la de participar tanto a nivel regional como en el municipio en las actividades programadas.\u201d \u2013 explic\u00f3 la alcaldesa.<\/p>\n<p>\u201cCarre\u00f1o siempre ha tenido fama de buena mano con la sidra. La prueba de ello es que en los a\u00f1os 20 se contaba con cerca de 90 lagares registrados oficialmente. Sin contar aquellos otros totalmente caseros de los que no hab\u00eda constancia legal. Hoy en d\u00eda quedan dos profesionales, en El Valle y Albandi, pero son muchos los elaboradores que mantienen la tradici\u00f3n de elaborarla en casa. En aquellos a\u00f1os 20 la sidra carre\u00f1ense ten\u00eda caracter\u00edsticas propias, un estilo diferente al del resto de Asturias. En sus caldos predominaba un color rojizo, fuerte sabor e intenso aroma como consecuencia de ciertas variedades de manzanas. Con los a\u00f1os el gusto de la poblaci\u00f3n fue variando hac\u00eda unos caldos m\u00e1s p\u00e1lidos con un sabor m\u00e1s suave, en los que tuve que ver una esmerada elaboraci\u00f3n y el uso de la t\u00e9cnica de los trasiegos, hasta ese momento no utilizada en la mayor\u00eda de los llagares de Carre\u00f1o. Unos caldos similares a los que a d\u00eda se elaboran en nuestros llagares\u201d \u2013a\u00f1adi\u00f3 Fern\u00e1ndez.<\/p>\n","protected":false},"excerpt":{"rendered":"<p>La alcaldesa de Carre\u00f1o, Amelia Fern\u00e1ndez, anunci\u00f3 este viernes mediante un comunicado de prensa que el Ayuntamiento ha aportado dos mil firmas de apoyo a la candidatura regional de la \u201ccultura sidrera asturiana\u201d como patrimonio inmaterial de la humanidad. El comunicado completo expone la siguiente informaci\u00f3n: \u201cLos embajadores de la iniciativa en Carre\u00f1o, la Asociaci\u00f3n<\/p>\n","protected":false},"author":1,"featured_media":122209,"comment_status":"closed","ping_status":"closed","sticky":false,"template":"","format":"standard","meta":{"footnotes":""},"categories":[2],"tags":[],"class_list":{"0":"post-122208","1":"post","2":"type-post","3":"status-publish","4":"format-standard","5":"has-post-thumbnail","7":"category-noticias-carreno"},"aioseo_notices":[],"aioseo_head":"\n\t\t<!-- All in One SEO Pro 4.9.6.2 - aioseo.com -->\n\t<meta name=\"description\" content=\"La alcaldesa de Carre\u00f1o, Amelia Fern\u00e1ndez, anunci\u00f3 este viernes mediante un comunicado de prensa que el Ayuntamiento ha aportado dos mil firmas de apoyo a la candidatura regional de la \u201ccultura sidrera asturiana\u201d como patrimonio inmaterial de la humanidad. El comunicado completo expone la siguiente informaci\u00f3n: \u201cLos embajadores de la iniciativa en Carre\u00f1o, la Asociaci\u00f3n\" \/>\n\t<meta name=\"robots\" content=\"max-image-preview:large\" \/>\n\t<meta name=\"author\" content=\"Cand\u00e1s 365\"\/>\n\t<meta name=\"google-site-verification\" content=\"UA-32230408-1\" \/>\n\t<meta name=\"msvalidate.01\" content=\"354F3CDFB2DA171B47FBE9ABF1F88D5\" \/>\n\t<meta name=\"keywords\" content=\"noticias carre\u00f1o\" \/>\n\t<link rel=\"canonical\" href=\"https:\/\/candas365.es\/noticias\/carreno-recoge-2000-firmas-para-apoyar-la-candidatura-de-la-cultura-sidrera-asturiana\/\" \/>\n\t<meta name=\"generator\" content=\"All in One SEO Pro (AIOSEO) 4.9.6.2\" \/>\n\t\t<meta property=\"og:locale\" content=\"es_ES\" \/>\n\t\t<meta property=\"og:site_name\" content=\"Cand\u00e1s 365\" \/>\n\t\t<meta property=\"og:type\" content=\"article\" \/>\n\t\t<meta property=\"og:title\" content=\"Carre\u00f1o recoge 2000 firmas para apoyar la candidatura de la \u201ccultura sidrera asturiana\u201d | Cand\u00e1s 365\" \/>\n\t\t<meta property=\"og:description\" content=\"La alcaldesa de Carre\u00f1o, Amelia Fern\u00e1ndez, anunci\u00f3 este viernes mediante un comunicado de prensa que el Ayuntamiento ha aportado dos mil firmas de apoyo a la candidatura regional de la \u201ccultura sidrera asturiana\u201d como patrimonio inmaterial de la humanidad. El comunicado completo expone la siguiente informaci\u00f3n: \u201cLos embajadores de la iniciativa en Carre\u00f1o, la Asociaci\u00f3n\" \/>\n\t\t<meta property=\"og:url\" content=\"https:\/\/candas365.es\/noticias\/carreno-recoge-2000-firmas-para-apoyar-la-candidatura-de-la-cultura-sidrera-asturiana\/\" \/>\n\t\t<meta property=\"og:image\" content=\"https:\/\/candas365.es\/noticias\/wp-content\/uploads\/2019\/05\/firma-carre\u00f1o.jpg\" \/>\n\t\t<meta property=\"og:image:secure_url\" content=\"https:\/\/candas365.es\/noticias\/wp-content\/uploads\/2019\/05\/firma-carre\u00f1o.jpg\" \/>\n\t\t<meta property=\"og:image:width\" content=\"900\" \/>\n\t\t<meta property=\"og:image:height\" content=\"675\" \/>\n\t\t<meta property=\"article:published_time\" content=\"2019-05-10T13:04:20+00:00\" \/>\n\t\t<meta property=\"article:modified_time\" content=\"2019-05-10T13:04:20+00:00\" \/>\n\t\t<meta property=\"article:publisher\" content=\"https:\/\/www.facebook.com\/Nachofdezber\" \/>\n\t\t<meta property=\"article:author\" content=\"https:\/\/www.facebook.com\/carrenoactualidad\" \/>\n\t\t<meta name=\"twitter:card\" content=\"summary_large_image\" \/>\n\t\t<meta name=\"twitter:site\" content=\"@NabercoDigital\" \/>\n\t\t<meta name=\"twitter:title\" content=\"Carre\u00f1o recoge 2000 firmas para apoyar la candidatura de la \u201ccultura sidrera asturiana\u201d | Cand\u00e1s 365\" \/>\n\t\t<meta name=\"twitter:description\" content=\"La alcaldesa de Carre\u00f1o, Amelia Fern\u00e1ndez, anunci\u00f3 este viernes mediante un comunicado de prensa que el Ayuntamiento ha aportado dos mil firmas de apoyo a la candidatura regional de la \u201ccultura sidrera asturiana\u201d como patrimonio inmaterial de la humanidad. El comunicado completo expone la siguiente informaci\u00f3n: \u201cLos embajadores de la iniciativa en Carre\u00f1o, la Asociaci\u00f3n\" \/>\n\t\t<meta name=\"twitter:creator\" content=\"@nbasturias\" \/>\n\t\t<meta name=\"twitter:image\" content=\"https:\/\/candas365.es\/noticias\/wp-content\/uploads\/2019\/05\/firma-carre\u00f1o.jpg\" \/>\n\t\t<meta name=\"twitter:label1\" content=\"Escrito por\" \/>\n\t\t<meta name=\"twitter:data1\" content=\"Cand\u00e1s 365\" \/>\n\t\t<meta name=\"twitter:label2\" content=\"Tiempo de lectura estimado\" \/>\n\t\t<meta name=\"twitter:data2\" content=\"3 minutos\" \/>\n\t\t<script type=\"application\/ld+json\" class=\"aioseo-schema\">\n\t\t\t{\"@context\":\"https:\\\/\\\/schema.org\",\"@graph\":[{\"@type\":\"BreadcrumbList\",\"@id\":\"https:\\\/\\\/candas365.es\\\/noticias\\\/carreno-recoge-2000-firmas-para-apoyar-la-candidatura-de-la-cultura-sidrera-asturiana\\\/#breadcrumblist\",\"itemListElement\":[{\"@type\":\"ListItem\",\"@id\":\"https:\\\/\\\/candas365.es\\\/noticias#listItem\",\"position\":1,\"name\":\"Home\",\"item\":\"https:\\\/\\\/candas365.es\\\/noticias\",\"nextItem\":{\"@type\":\"ListItem\",\"@id\":\"https:\\\/\\\/candas365.es\\\/noticias\\\/category\\\/noticias-carreno\\\/#listItem\",\"name\":\"Noticias Carre\\u00f1o\"}},{\"@type\":\"ListItem\",\"@id\":\"https:\\\/\\\/candas365.es\\\/noticias\\\/category\\\/noticias-carreno\\\/#listItem\",\"position\":2,\"name\":\"Noticias Carre\\u00f1o\",\"item\":\"https:\\\/\\\/candas365.es\\\/noticias\\\/category\\\/noticias-carreno\\\/\",\"nextItem\":{\"@type\":\"ListItem\",\"@id\":\"https:\\\/\\\/candas365.es\\\/noticias\\\/carreno-recoge-2000-firmas-para-apoyar-la-candidatura-de-la-cultura-sidrera-asturiana\\\/#listItem\",\"name\":\"Carre\\u00f1o recoge 2000 firmas para apoyar la candidatura de la \\u201ccultura sidrera asturiana\\u201d\"},\"previousItem\":{\"@type\":\"ListItem\",\"@id\":\"https:\\\/\\\/candas365.es\\\/noticias#listItem\",\"name\":\"Home\"}},{\"@type\":\"ListItem\",\"@id\":\"https:\\\/\\\/candas365.es\\\/noticias\\\/carreno-recoge-2000-firmas-para-apoyar-la-candidatura-de-la-cultura-sidrera-asturiana\\\/#listItem\",\"position\":3,\"name\":\"Carre\\u00f1o recoge 2000 firmas para apoyar la candidatura de la \\u201ccultura sidrera asturiana\\u201d\",\"previousItem\":{\"@type\":\"ListItem\",\"@id\":\"https:\\\/\\\/candas365.es\\\/noticias\\\/category\\\/noticias-carreno\\\/#listItem\",\"name\":\"Noticias Carre\\u00f1o\"}}]},{\"@type\":\"NewsArticle\",\"@id\":\"https:\\\/\\\/candas365.es\\\/noticias\\\/carreno-recoge-2000-firmas-para-apoyar-la-candidatura-de-la-cultura-sidrera-asturiana\\\/#newsarticle\",\"name\":\"Carre\\u00f1o recoge 2000 firmas para apoyar la candidatura de la \\u201ccultura sidrera asturiana\\u201d | Cand\\u00e1s 365\",\"headline\":\"Carre\\u00f1o recoge 2000 firmas para apoyar la candidatura de la \\u201ccultura sidrera asturiana\\u201d\",\"author\":{\"@id\":\"https:\\\/\\\/candas365.es\\\/noticias\\\/author\\\/admin\\\/#author\"},\"publisher\":{\"@id\":\"https:\\\/\\\/candas365.es\\\/noticias\\\/#organization\"},\"image\":{\"@type\":\"ImageObject\",\"url\":\"https:\\\/\\\/candas365.es\\\/noticias\\\/wp-content\\\/uploads\\\/2019\\\/05\\\/firma-carre\\u00f1o.jpg\",\"width\":900,\"height\":675},\"datePublished\":\"2019-05-10T13:04:20+02:00\",\"dateModified\":\"2019-05-10T13:04:20+02:00\",\"inLanguage\":\"es-ES\",\"mainEntityOfPage\":{\"@id\":\"https:\\\/\\\/candas365.es\\\/noticias\\\/carreno-recoge-2000-firmas-para-apoyar-la-candidatura-de-la-cultura-sidrera-asturiana\\\/#webpage\"},\"isPartOf\":{\"@id\":\"https:\\\/\\\/candas365.es\\\/noticias\\\/carreno-recoge-2000-firmas-para-apoyar-la-candidatura-de-la-cultura-sidrera-asturiana\\\/#webpage\"},\"articleSection\":\"Noticias Carre\\u00f1o\",\"dateline\":\"Publicado el mayo 10, 2019.\"},{\"@type\":\"Organization\",\"@id\":\"https:\\\/\\\/candas365.es\\\/noticias\\\/#organization\",\"name\":\"Cand\\u00e1s 365\",\"description\":\"Cand\\u00e1s 365 es un diario digital independiente, fundado en 2012, con base en Asturias. Informamos con rigor sobre actualidad, sociedad, cultura y ocio, con una mirada local y global.\",\"url\":\"https:\\\/\\\/candas365.es\\\/noticias\\\/\",\"email\":\"info@candas365.es\",\"telephone\":\"+34652131393\",\"foundingDate\":\"2012-06-10\",\"logo\":{\"@type\":\"ImageObject\",\"url\":\"https:\\\/\\\/candas365.es\\\/noticias\\\/wp-content\\\/uploads\\\/2024\\\/09\\\/Candas-365-Redes.jpg\",\"@id\":\"https:\\\/\\\/candas365.es\\\/noticias\\\/carreno-recoge-2000-firmas-para-apoyar-la-candidatura-de-la-cultura-sidrera-asturiana\\\/#organizationLogo\",\"width\":1152,\"height\":864,\"caption\":\"Cand\\u00e1s 365 Redes\"},\"image\":{\"@id\":\"https:\\\/\\\/candas365.es\\\/noticias\\\/carreno-recoge-2000-firmas-para-apoyar-la-candidatura-de-la-cultura-sidrera-asturiana\\\/#organizationLogo\"},\"sameAs\":[\"https:\\\/\\\/www.facebook.com\\\/Nachofdezber\",\"https:\\\/\\\/x.com\\\/NabercoDigital\",\"https:\\\/\\\/www.instagram.com\\\/nachofdezber\\\/\",\"https:\\\/\\\/www.youtube.com\\\/channel\\\/UCZP-2wLEB9Rv6erhFmqVnvg\"],\"address\":{\"@id\":\"https:\\\/\\\/candas365.es\\\/noticias\\\/#postaladdress\",\"@type\":\"PostalAddress\",\"streetAddress\":\"san antonio 4, san antonio 4\",\"postalCode\":\"33430\",\"addressLocality\":\"Cand\\u00e1s\",\"addressRegion\":\"Asturias\",\"addressCountry\":\"ES\"}},{\"@type\":\"Person\",\"@id\":\"https:\\\/\\\/candas365.es\\\/noticias\\\/author\\\/admin\\\/#author\",\"url\":\"https:\\\/\\\/candas365.es\\\/noticias\\\/author\\\/admin\\\/\",\"name\":\"Cand\\u00e1s 365\",\"image\":{\"@type\":\"ImageObject\",\"@id\":\"https:\\\/\\\/candas365.es\\\/noticias\\\/carreno-recoge-2000-firmas-para-apoyar-la-candidatura-de-la-cultura-sidrera-asturiana\\\/#authorImage\",\"url\":\"https:\\\/\\\/secure.gravatar.com\\\/avatar\\\/496a8e03d0c493ede1718b7934145dbdf8d89be1036b0eec9544e1094c9de390?s=96&d=mm&r=g\",\"width\":96,\"height\":96,\"caption\":\"Cand\\u00e1s 365\"},\"sameAs\":[\"https:\\\/\\\/www.facebook.com\\\/carrenoactualidad\",\"https:\\\/\\\/twitter.com\\\/nbasturias\",\"https:\\\/\\\/www.instagram.com\\\/nachofdezber\\\/\",\"https:\\\/\\\/www.youtube.com\\\/channel\\\/UCZP-2wLEB9Rv6erhFmqVnvg\"]},{\"@type\":\"WebPage\",\"@id\":\"https:\\\/\\\/candas365.es\\\/noticias\\\/carreno-recoge-2000-firmas-para-apoyar-la-candidatura-de-la-cultura-sidrera-asturiana\\\/#webpage\",\"url\":\"https:\\\/\\\/candas365.es\\\/noticias\\\/carreno-recoge-2000-firmas-para-apoyar-la-candidatura-de-la-cultura-sidrera-asturiana\\\/\",\"name\":\"Carre\\u00f1o recoge 2000 firmas para apoyar la candidatura de la \\u201ccultura sidrera asturiana\\u201d | Cand\\u00e1s 365\",\"description\":\"La alcaldesa de Carre\\u00f1o, Amelia Fern\\u00e1ndez, anunci\\u00f3 este viernes mediante un comunicado de prensa que el Ayuntamiento ha aportado dos mil firmas de apoyo a la candidatura regional de la \\u201ccultura sidrera asturiana\\u201d como patrimonio inmaterial de la humanidad. El comunicado completo expone la siguiente informaci\\u00f3n: \\u201cLos embajadores de la iniciativa en Carre\\u00f1o, la Asociaci\\u00f3n\",\"inLanguage\":\"es-ES\",\"isPartOf\":{\"@id\":\"https:\\\/\\\/candas365.es\\\/noticias\\\/#website\"},\"breadcrumb\":{\"@id\":\"https:\\\/\\\/candas365.es\\\/noticias\\\/carreno-recoge-2000-firmas-para-apoyar-la-candidatura-de-la-cultura-sidrera-asturiana\\\/#breadcrumblist\"},\"author\":{\"@id\":\"https:\\\/\\\/candas365.es\\\/noticias\\\/author\\\/admin\\\/#author\"},\"creator\":{\"@id\":\"https:\\\/\\\/candas365.es\\\/noticias\\\/author\\\/admin\\\/#author\"},\"image\":{\"@type\":\"ImageObject\",\"url\":\"https:\\\/\\\/candas365.es\\\/noticias\\\/wp-content\\\/uploads\\\/2019\\\/05\\\/firma-carre\\u00f1o.jpg\",\"@id\":\"https:\\\/\\\/candas365.es\\\/noticias\\\/carreno-recoge-2000-firmas-para-apoyar-la-candidatura-de-la-cultura-sidrera-asturiana\\\/#mainImage\",\"width\":900,\"height\":675},\"primaryImageOfPage\":{\"@id\":\"https:\\\/\\\/candas365.es\\\/noticias\\\/carreno-recoge-2000-firmas-para-apoyar-la-candidatura-de-la-cultura-sidrera-asturiana\\\/#mainImage\"},\"datePublished\":\"2019-05-10T13:04:20+02:00\",\"dateModified\":\"2019-05-10T13:04:20+02:00\"},{\"@type\":\"WebSite\",\"@id\":\"https:\\\/\\\/candas365.es\\\/noticias\\\/#website\",\"url\":\"https:\\\/\\\/candas365.es\\\/noticias\\\/\",\"name\":\"Cand\\u00e1s 365\",\"alternateName\":\"Cand\\u00e1s 365 Noticias\",\"description\":\"Actualidad desde Carre\\u00f1o para el mundo\",\"inLanguage\":\"es-ES\",\"publisher\":{\"@id\":\"https:\\\/\\\/candas365.es\\\/noticias\\\/#organization\"}}]}\n\t\t<\/script>\n\t\t<!-- All in One SEO Pro -->\r\n\t\t<title>Carre\u00f1o recoge 2000 firmas para apoyar la candidatura de la \u201ccultura sidrera asturiana\u201d | Cand\u00e1s 365<\/title>\n\n","aioseo_head_json":{"title":"Carre\u00f1o recoge 2000 firmas para apoyar la candidatura de la \u201ccultura sidrera asturiana\u201d | Cand\u00e1s 365","description":"La alcaldesa de Carre\u00f1o, Amelia Fern\u00e1ndez, anunci\u00f3 este viernes mediante un comunicado de prensa que el Ayuntamiento ha aportado dos mil firmas de apoyo a la candidatura regional de la \u201ccultura sidrera asturiana\u201d como patrimonio inmaterial de la humanidad. El comunicado completo expone la siguiente informaci\u00f3n: \u201cLos embajadores de la iniciativa en Carre\u00f1o, la Asociaci\u00f3n","canonical_url":"https:\/\/candas365.es\/noticias\/carreno-recoge-2000-firmas-para-apoyar-la-candidatura-de-la-cultura-sidrera-asturiana\/","robots":"max-image-preview:large","keywords":"noticias carre\u00f1o","webmasterTools":{"google-site-verification":"UA-32230408-1","msvalidate.01":"354F3CDFB2DA171B47FBE9ABF1F88D5","miscellaneous":""},"schema":{"@context":"https:\/\/schema.org","@graph":[{"@type":"BreadcrumbList","@id":"https:\/\/candas365.es\/noticias\/carreno-recoge-2000-firmas-para-apoyar-la-candidatura-de-la-cultura-sidrera-asturiana\/#breadcrumblist","itemListElement":[{"@type":"ListItem","@id":"https:\/\/candas365.es\/noticias#listItem","position":1,"name":"Home","item":"https:\/\/candas365.es\/noticias","nextItem":{"@type":"ListItem","@id":"https:\/\/candas365.es\/noticias\/category\/noticias-carreno\/#listItem","name":"Noticias Carre\u00f1o"}},{"@type":"ListItem","@id":"https:\/\/candas365.es\/noticias\/category\/noticias-carreno\/#listItem","position":2,"name":"Noticias Carre\u00f1o","item":"https:\/\/candas365.es\/noticias\/category\/noticias-carreno\/","nextItem":{"@type":"ListItem","@id":"https:\/\/candas365.es\/noticias\/carreno-recoge-2000-firmas-para-apoyar-la-candidatura-de-la-cultura-sidrera-asturiana\/#listItem","name":"Carre\u00f1o recoge 2000 firmas para apoyar la candidatura de la \u201ccultura sidrera asturiana\u201d"},"previousItem":{"@type":"ListItem","@id":"https:\/\/candas365.es\/noticias#listItem","name":"Home"}},{"@type":"ListItem","@id":"https:\/\/candas365.es\/noticias\/carreno-recoge-2000-firmas-para-apoyar-la-candidatura-de-la-cultura-sidrera-asturiana\/#listItem","position":3,"name":"Carre\u00f1o recoge 2000 firmas para apoyar la candidatura de la \u201ccultura sidrera asturiana\u201d","previousItem":{"@type":"ListItem","@id":"https:\/\/candas365.es\/noticias\/category\/noticias-carreno\/#listItem","name":"Noticias Carre\u00f1o"}}]},{"@type":"NewsArticle","@id":"https:\/\/candas365.es\/noticias\/carreno-recoge-2000-firmas-para-apoyar-la-candidatura-de-la-cultura-sidrera-asturiana\/#newsarticle","name":"Carre\u00f1o recoge 2000 firmas para apoyar la candidatura de la \u201ccultura sidrera asturiana\u201d | Cand\u00e1s 365","headline":"Carre\u00f1o recoge 2000 firmas para apoyar la candidatura de la \u201ccultura sidrera asturiana\u201d","author":{"@id":"https:\/\/candas365.es\/noticias\/author\/admin\/#author"},"publisher":{"@id":"https:\/\/candas365.es\/noticias\/#organization"},"image":{"@type":"ImageObject","url":"https:\/\/candas365.es\/noticias\/wp-content\/uploads\/2019\/05\/firma-carre\u00f1o.jpg","width":900,"height":675},"datePublished":"2019-05-10T13:04:20+02:00","dateModified":"2019-05-10T13:04:20+02:00","inLanguage":"es-ES","mainEntityOfPage":{"@id":"https:\/\/candas365.es\/noticias\/carreno-recoge-2000-firmas-para-apoyar-la-candidatura-de-la-cultura-sidrera-asturiana\/#webpage"},"isPartOf":{"@id":"https:\/\/candas365.es\/noticias\/carreno-recoge-2000-firmas-para-apoyar-la-candidatura-de-la-cultura-sidrera-asturiana\/#webpage"},"articleSection":"Noticias Carre\u00f1o","dateline":"Publicado el mayo 10, 2019."},{"@type":"Organization","@id":"https:\/\/candas365.es\/noticias\/#organization","name":"Cand\u00e1s 365","description":"Cand\u00e1s 365 es un diario digital independiente, fundado en 2012, con base en Asturias. Informamos con rigor sobre actualidad, sociedad, cultura y ocio, con una mirada local y global.","url":"https:\/\/candas365.es\/noticias\/","email":"info@candas365.es","telephone":"+34652131393","foundingDate":"2012-06-10","logo":{"@type":"ImageObject","url":"https:\/\/candas365.es\/noticias\/wp-content\/uploads\/2024\/09\/Candas-365-Redes.jpg","@id":"https:\/\/candas365.es\/noticias\/carreno-recoge-2000-firmas-para-apoyar-la-candidatura-de-la-cultura-sidrera-asturiana\/#organizationLogo","width":1152,"height":864,"caption":"Cand\u00e1s 365 Redes"},"image":{"@id":"https:\/\/candas365.es\/noticias\/carreno-recoge-2000-firmas-para-apoyar-la-candidatura-de-la-cultura-sidrera-asturiana\/#organizationLogo"},"sameAs":["https:\/\/www.facebook.com\/Nachofdezber","https:\/\/x.com\/NabercoDigital","https:\/\/www.instagram.com\/nachofdezber\/","https:\/\/www.youtube.com\/channel\/UCZP-2wLEB9Rv6erhFmqVnvg"],"address":{"@id":"https:\/\/candas365.es\/noticias\/#postaladdress","@type":"PostalAddress","streetAddress":"san antonio 4, san antonio 4","postalCode":"33430","addressLocality":"Cand\u00e1s","addressRegion":"Asturias","addressCountry":"ES"}},{"@type":"Person","@id":"https:\/\/candas365.es\/noticias\/author\/admin\/#author","url":"https:\/\/candas365.es\/noticias\/author\/admin\/","name":"Cand\u00e1s 365","image":{"@type":"ImageObject","@id":"https:\/\/candas365.es\/noticias\/carreno-recoge-2000-firmas-para-apoyar-la-candidatura-de-la-cultura-sidrera-asturiana\/#authorImage","url":"https:\/\/secure.gravatar.com\/avatar\/496a8e03d0c493ede1718b7934145dbdf8d89be1036b0eec9544e1094c9de390?s=96&d=mm&r=g","width":96,"height":96,"caption":"Cand\u00e1s 365"},"sameAs":["https:\/\/www.facebook.com\/carrenoactualidad","https:\/\/twitter.com\/nbasturias","https:\/\/www.instagram.com\/nachofdezber\/","https:\/\/www.youtube.com\/channel\/UCZP-2wLEB9Rv6erhFmqVnvg"]},{"@type":"WebPage","@id":"https:\/\/candas365.es\/noticias\/carreno-recoge-2000-firmas-para-apoyar-la-candidatura-de-la-cultura-sidrera-asturiana\/#webpage","url":"https:\/\/candas365.es\/noticias\/carreno-recoge-2000-firmas-para-apoyar-la-candidatura-de-la-cultura-sidrera-asturiana\/","name":"Carre\u00f1o recoge 2000 firmas para apoyar la candidatura de la \u201ccultura sidrera asturiana\u201d | Cand\u00e1s 365","description":"La alcaldesa de Carre\u00f1o, Amelia Fern\u00e1ndez, anunci\u00f3 este viernes mediante un comunicado de prensa que el Ayuntamiento ha aportado dos mil firmas de apoyo a la candidatura regional de la \u201ccultura sidrera asturiana\u201d como patrimonio inmaterial de la humanidad. El comunicado completo expone la siguiente informaci\u00f3n: \u201cLos embajadores de la iniciativa en Carre\u00f1o, la Asociaci\u00f3n","inLanguage":"es-ES","isPartOf":{"@id":"https:\/\/candas365.es\/noticias\/#website"},"breadcrumb":{"@id":"https:\/\/candas365.es\/noticias\/carreno-recoge-2000-firmas-para-apoyar-la-candidatura-de-la-cultura-sidrera-asturiana\/#breadcrumblist"},"author":{"@id":"https:\/\/candas365.es\/noticias\/author\/admin\/#author"},"creator":{"@id":"https:\/\/candas365.es\/noticias\/author\/admin\/#author"},"image":{"@type":"ImageObject","url":"https:\/\/candas365.es\/noticias\/wp-content\/uploads\/2019\/05\/firma-carre\u00f1o.jpg","@id":"https:\/\/candas365.es\/noticias\/carreno-recoge-2000-firmas-para-apoyar-la-candidatura-de-la-cultura-sidrera-asturiana\/#mainImage","width":900,"height":675},"primaryImageOfPage":{"@id":"https:\/\/candas365.es\/noticias\/carreno-recoge-2000-firmas-para-apoyar-la-candidatura-de-la-cultura-sidrera-asturiana\/#mainImage"},"datePublished":"2019-05-10T13:04:20+02:00","dateModified":"2019-05-10T13:04:20+02:00"},{"@type":"WebSite","@id":"https:\/\/candas365.es\/noticias\/#website","url":"https:\/\/candas365.es\/noticias\/","name":"Cand\u00e1s 365","alternateName":"Cand\u00e1s 365 Noticias","description":"Actualidad desde Carre\u00f1o para el mundo","inLanguage":"es-ES","publisher":{"@id":"https:\/\/candas365.es\/noticias\/#organization"}}]},"og:locale":"es_ES","og:site_name":"Cand\u00e1s 365","og:type":"article","og:title":"Carre\u00f1o recoge 2000 firmas para apoyar la candidatura de la \u201ccultura sidrera asturiana\u201d | Cand\u00e1s 365","og:description":"La alcaldesa de Carre\u00f1o, Amelia Fern\u00e1ndez, anunci\u00f3 este viernes mediante un comunicado de prensa que el Ayuntamiento ha aportado dos mil firmas de apoyo a la candidatura regional de la \u201ccultura sidrera asturiana\u201d como patrimonio inmaterial de la humanidad. El comunicado completo expone la siguiente informaci\u00f3n: \u201cLos embajadores de la iniciativa en Carre\u00f1o, la Asociaci\u00f3n","og:url":"https:\/\/candas365.es\/noticias\/carreno-recoge-2000-firmas-para-apoyar-la-candidatura-de-la-cultura-sidrera-asturiana\/","og:image":"https:\/\/candas365.es\/noticias\/wp-content\/uploads\/2019\/05\/firma-carre\u00f1o.jpg","og:image:secure_url":"https:\/\/candas365.es\/noticias\/wp-content\/uploads\/2019\/05\/firma-carre\u00f1o.jpg","og:image:width":900,"og:image:height":675,"article:published_time":"2019-05-10T13:04:20+00:00","article:modified_time":"2019-05-10T13:04:20+00:00","article:publisher":"https:\/\/www.facebook.com\/Nachofdezber","article:author":"https:\/\/www.facebook.com\/carrenoactualidad","twitter:card":"summary_large_image","twitter:site":"@NabercoDigital","twitter:title":"Carre\u00f1o recoge 2000 firmas para apoyar la candidatura de la \u201ccultura sidrera asturiana\u201d | Cand\u00e1s 365","twitter:description":"La alcaldesa de Carre\u00f1o, Amelia Fern\u00e1ndez, anunci\u00f3 este viernes mediante un comunicado de prensa que el Ayuntamiento ha aportado dos mil firmas de apoyo a la candidatura regional de la \u201ccultura sidrera asturiana\u201d como patrimonio inmaterial de la humanidad. El comunicado completo expone la siguiente informaci\u00f3n: \u201cLos embajadores de la iniciativa en Carre\u00f1o, la Asociaci\u00f3n","twitter:creator":"@nbasturias","twitter:image":"https:\/\/candas365.es\/noticias\/wp-content\/uploads\/2019\/05\/firma-carre\u00f1o.jpg","twitter:label1":"Escrito por","twitter:data1":"Cand\u00e1s 365","twitter:label2":"Tiempo de lectura estimado","twitter:data2":"3 minutos"},"aioseo_meta_data":{"post_id":"122208","title":null,"description":null,"keywords":null,"keyphrases":null,"primary_term":null,"canonical_url":null,"og_title":null,"og_description":null,"og_object_type":"default","og_image_type":"default","og_image_url":null,"og_image_width":null,"og_image_height":null,"og_image_custom_url":null,"og_image_custom_fields":null,"og_video":null,"og_custom_url":null,"og_article_section":null,"og_article_tags":null,"twitter_use_og":false,"twitter_card":"default","twitter_image_type":"default","twitter_image_url":null,"twitter_image_custom_url":null,"twitter_image_custom_fields":null,"twitter_title":null,"twitter_description":null,"schema":{"blockGraphs":[],"customGraphs":[],"default":{"data":{"Article":[],"Course":[],"Dataset":[],"FAQPage":[],"Movie":[],"Person":[],"Product":[],"ProductReview":[],"Car":[],"Recipe":[],"Service":[],"SoftwareApplication":[],"WebPage":[]},"graphName":"","isEnabled":true},"graphs":[],"defaultGraph":"","defaultPostTypeGraph":""},"schema_type":null,"schema_type_options":null,"pillar_content":false,"robots_default":true,"robots_noindex":false,"robots_noarchive":false,"robots_nosnippet":false,"robots_nofollow":false,"robots_noimageindex":false,"robots_noodp":false,"robots_notranslate":false,"robots_max_snippet":null,"robots_max_videopreview":null,"robots_max_imagepreview":"large","priority":null,"frequency":null,"location":null,"local_seo":null,"seo_analyzer_scan_date":"2025-08-29 22:12:10","breadcrumb_settings":null,"limit_modified_date":false,"reviewed_by":null,"open_ai":null,"ai":null,"created":"2020-12-21 10:57:44","updated":"2025-08-29 22:12:10"},"aioseo_breadcrumb":"<div class=\"aioseo-breadcrumbs\"><span class=\"aioseo-breadcrumb\">\n\t<a href=\"https:\/\/candas365.es\/noticias\" title=\"Home\">Home<\/a>\n<\/span><span class=\"aioseo-breadcrumb-separator\">&ndash;<\/span><span class=\"aioseo-breadcrumb\">\n\t<a href=\"https:\/\/candas365.es\/noticias\/category\/noticias-carreno\/\" title=\"Noticias Carre\u00f1o\">Noticias Carre\u00f1o<\/a>\n<\/span><span class=\"aioseo-breadcrumb-separator\">&ndash;<\/span><span class=\"aioseo-breadcrumb\">\n\tCarre\u00f1o recoge 2000 firmas para apoyar la candidatura de la \u201ccultura sidrera asturiana\u201d\n<\/span><\/div>","aioseo_breadcrumb_json":[{"label":"Home","link":"https:\/\/candas365.es\/noticias"},{"label":"Noticias Carre\u00f1o","link":"https:\/\/candas365.es\/noticias\/category\/noticias-carreno\/"},{"label":"Carre\u00f1o recoge 2000 firmas para apoyar la candidatura de la \u201ccultura sidrera asturiana\u201d","link":"https:\/\/candas365.es\/noticias\/carreno-recoge-2000-firmas-para-apoyar-la-candidatura-de-la-cultura-sidrera-asturiana\/"}],"_links":{"self":[{"href":"https:\/\/candas365.es\/noticias\/wp-json\/wp\/v2\/posts\/122208","targetHints":{"allow":["GET"]}}],"collection":[{"href":"https:\/\/candas365.es\/noticias\/wp-json\/wp\/v2\/posts"}],"about":[{"href":"https:\/\/candas365.es\/noticias\/wp-json\/wp\/v2\/types\/post"}],"author":[{"embeddable":true,"href":"https:\/\/candas365.es\/noticias\/wp-json\/wp\/v2\/users\/1"}],"replies":[{"embeddable":true,"href":"https:\/\/candas365.es\/noticias\/wp-json\/wp\/v2\/comments?post=122208"}],"version-history":[{"count":0,"href":"https:\/\/candas365.es\/noticias\/wp-json\/wp\/v2\/posts\/122208\/revisions"}],"wp:featuredmedia":[{"embeddable":true,"href":"https:\/\/candas365.es\/noticias\/wp-json\/wp\/v2\/media\/122209"}],"wp:attachment":[{"href":"https:\/\/candas365.es\/noticias\/wp-json\/wp\/v2\/media?parent=122208"}],"wp:term":[{"taxonomy":"category","embeddable":true,"href":"https:\/\/candas365.es\/noticias\/wp-json\/wp\/v2\/categories?post=122208"},{"taxonomy":"post_tag","embeddable":true,"href":"https:\/\/candas365.es\/noticias\/wp-json\/wp\/v2\/tags?post=122208"}],"curies":[{"name":"wp","href":"https:\/\/api.w.org\/{rel}","templated":true}]}}