{"id":122170,"date":"2019-05-09T09:39:42","date_gmt":"2019-05-09T09:39:42","guid":{"rendered":"http:\/\/candas365.es\/noticias\/?p=122170"},"modified":"2019-05-09T09:39:42","modified_gmt":"2019-05-09T09:39:42","slug":"carreno-destinara-38-000-euros-a-la-mejora-del-medio-rural-del-concejo","status":"publish","type":"post","link":"https:\/\/candas365.es\/noticias\/carreno-destinara-38-000-euros-a-la-mejora-del-medio-rural-del-concejo\/","title":{"rendered":"Carre\u00f1o destinar\u00e1 38.000 euros a la mejora del medio rural del concejo"},"content":{"rendered":"<p><img fetchpriority=\"high\" decoding=\"async\" class=\"alignleft size-medium wp-image-6453\" src=\"https:\/\/candas365.es\/noticias\/wp-content\/uploads\/2015\/01\/ayuntamiento-360x270.jpg\" alt=\"\" width=\"360\" height=\"270\" srcset=\"https:\/\/candas365.es\/noticias\/wp-content\/uploads\/2015\/01\/ayuntamiento-360x270.jpg 360w, https:\/\/candas365.es\/noticias\/wp-content\/uploads\/2015\/01\/ayuntamiento-640x480.jpg 640w, https:\/\/candas365.es\/noticias\/wp-content\/uploads\/2015\/01\/ayuntamiento-768x576.jpg 768w, https:\/\/candas365.es\/noticias\/wp-content\/uploads\/2015\/01\/ayuntamiento-150x113.jpg 150w, https:\/\/candas365.es\/noticias\/wp-content\/uploads\/2015\/01\/ayuntamiento-450x338.jpg 450w, https:\/\/candas365.es\/noticias\/wp-content\/uploads\/2015\/01\/ayuntamiento-80x60.jpg 80w, https:\/\/candas365.es\/noticias\/wp-content\/uploads\/2015\/01\/ayuntamiento-265x198.jpg 265w, https:\/\/candas365.es\/noticias\/wp-content\/uploads\/2015\/01\/ayuntamiento-696x522.jpg 696w, https:\/\/candas365.es\/noticias\/wp-content\/uploads\/2015\/01\/ayuntamiento-560x420.jpg 560w, https:\/\/candas365.es\/noticias\/wp-content\/uploads\/2015\/01\/ayuntamiento-90x67.jpg 90w, https:\/\/candas365.es\/noticias\/wp-content\/uploads\/2015\/01\/ayuntamiento.jpg 800w\" sizes=\"(max-width: 360px) 100vw, 360px\" \/>La alcaldesa de Carre\u00f1o, Amelia Fern\u00e1ndez, anunci\u00f3 este jueves mediante un comunicado de prensa que el Ayuntamiento de Carre\u00f1o recibir\u00e1 m\u00e1s de 38.000 euros para inversiones destinadas a la mejora del medio rural del concejo.<\/p>\n<p>El comunicado de prensa completo expone la siguiente informaci\u00f3n:<\/p>\n<p>\u201cEl Ayuntamiento de Carre\u00f1o logra la concesi\u00f3n de un nuevo paquete de fondos europeos del programa LEADER, gestionados por la Asociaci\u00f3n para el Desarrollo Integrado del Centro de Asturias Periurbano (ADICAP).<\/p>\n<p>El Consistorio carre\u00f1ense present\u00f3 a la convocatoria de estas ayudas dos proyectos diferentes, que movilizar\u00e1n una inversi\u00f3n total superior a los 59.000 \u20ac. Ambos proyectos han sido aprobados, lo que supone la concesi\u00f3n de una subvenci\u00f3n total de 38.627,06 \u20ac.<\/p>\n<p>El primero de los proyectos consistir\u00e1 en la adquisici\u00f3n de una serie de m\u00e1quinas y herramientas para mejorar el servicio de obras, que facilitar\u00e1n el mantenimiento, la restauraci\u00f3n y la mejora del patrimonio natural y del paisaje rural del concejo de Carre\u00f1o: 1 furgoneta el\u00e9ctrica, 1 minidumper y 1 segadora.<\/p>\n<p>El segundo proyecto, que se desarrollar\u00e1 durante 2019, tiene una \u00edndole m\u00e1s deportiva: consistir\u00e1 en la adquisici\u00f3n e instalaci\u00f3n de equipamientos para el fomento del ciclismo, y en particular para la promoci\u00f3n de la pr\u00e1ctica de la bicicleta de monta\u00f1a (BTT).<\/p>\n<p>Las inversiones que se prev\u00e9n realizar son: taquillas para su uso por ciclistas, un box de lavado de bicicletas y aparcabicis (a instalar en el CIR Monte Areo, y en el Polideportivo municipal, en Cand\u00e1s), as\u00ed como dos hidrolimpiadoras.<\/p>\n<p>Con estos dos proyectos el Ayuntamiento de Carre\u00f1o pretende contribuir a poner en valor el Patrimonio cultural y el paisaje de las parroquias rurales de Carre\u00f1o, para atraer nuevos visitantes al concejo\u201d, concluye el comunicado de prensa del Ayuntamiento de Carre\u00f1o.<\/p>\n","protected":false},"excerpt":{"rendered":"<p>La alcaldesa de Carre\u00f1o, Amelia Fern\u00e1ndez, anunci\u00f3 este jueves mediante un comunicado de prensa que el Ayuntamiento de Carre\u00f1o recibir\u00e1 m\u00e1s de 38.000 euros para inversiones destinadas a la mejora del medio rural del concejo. El comunicado de prensa completo expone la siguiente informaci\u00f3n: \u201cEl Ayuntamiento de Carre\u00f1o logra la concesi\u00f3n de un nuevo paquete<\/p>\n","protected":false},"author":1,"featured_media":6453,"comment_status":"closed","ping_status":"closed","sticky":false,"template":"","format":"standard","meta":{"footnotes":""},"categories":[2],"tags":[],"class_list":{"0":"post-122170","1":"post","2":"type-post","3":"status-publish","4":"format-standard","5":"has-post-thumbnail","7":"category-noticias-carreno"},"aioseo_notices":[],"aioseo_head":"\n\t\t<!-- All in One SEO Pro 4.9.6.2 - aioseo.com -->\n\t<meta name=\"description\" content=\"La alcaldesa de Carre\u00f1o, Amelia Fern\u00e1ndez, anunci\u00f3 este jueves mediante un comunicado de prensa que el Ayuntamiento de Carre\u00f1o recibir\u00e1 m\u00e1s de 38.000 euros para inversiones destinadas a la mejora del medio rural del concejo. El comunicado de prensa completo expone la siguiente informaci\u00f3n: \u201cEl Ayuntamiento de Carre\u00f1o logra la concesi\u00f3n de un nuevo paquete\" \/>\n\t<meta name=\"robots\" content=\"max-image-preview:large\" \/>\n\t<meta name=\"author\" content=\"Cand\u00e1s 365\"\/>\n\t<meta name=\"google-site-verification\" content=\"UA-32230408-1\" \/>\n\t<meta name=\"msvalidate.01\" content=\"354F3CDFB2DA171B47FBE9ABF1F88D5\" \/>\n\t<meta name=\"keywords\" content=\"noticias carre\u00f1o\" \/>\n\t<link rel=\"canonical\" href=\"https:\/\/candas365.es\/noticias\/carreno-destinara-38-000-euros-a-la-mejora-del-medio-rural-del-concejo\/\" \/>\n\t<meta name=\"generator\" content=\"All in One SEO Pro (AIOSEO) 4.9.6.2\" \/>\n\t\t<meta property=\"og:locale\" content=\"es_ES\" \/>\n\t\t<meta property=\"og:site_name\" content=\"Cand\u00e1s 365\" \/>\n\t\t<meta property=\"og:type\" content=\"article\" \/>\n\t\t<meta property=\"og:title\" content=\"Carre\u00f1o destinar\u00e1 38.000 euros a la mejora del medio rural del concejo | Cand\u00e1s 365\" \/>\n\t\t<meta property=\"og:description\" content=\"La alcaldesa de Carre\u00f1o, Amelia Fern\u00e1ndez, anunci\u00f3 este jueves mediante un comunicado de prensa que el Ayuntamiento de Carre\u00f1o recibir\u00e1 m\u00e1s de 38.000 euros para inversiones destinadas a la mejora del medio rural del concejo. El comunicado de prensa completo expone la siguiente informaci\u00f3n: \u201cEl Ayuntamiento de Carre\u00f1o logra la concesi\u00f3n de un nuevo paquete\" \/>\n\t\t<meta property=\"og:url\" content=\"https:\/\/candas365.es\/noticias\/carreno-destinara-38-000-euros-a-la-mejora-del-medio-rural-del-concejo\/\" \/>\n\t\t<meta property=\"og:image\" content=\"https:\/\/candas365.es\/noticias\/wp-content\/uploads\/2015\/01\/ayuntamiento.jpg\" \/>\n\t\t<meta property=\"og:image:secure_url\" content=\"https:\/\/candas365.es\/noticias\/wp-content\/uploads\/2015\/01\/ayuntamiento.jpg\" \/>\n\t\t<meta property=\"og:image:width\" content=\"800\" \/>\n\t\t<meta property=\"og:image:height\" content=\"600\" \/>\n\t\t<meta property=\"article:published_time\" content=\"2019-05-09T09:39:42+00:00\" \/>\n\t\t<meta property=\"article:modified_time\" content=\"2019-05-09T09:39:42+00:00\" \/>\n\t\t<meta property=\"article:publisher\" content=\"https:\/\/www.facebook.com\/Nachofdezber\" \/>\n\t\t<meta property=\"article:author\" content=\"https:\/\/www.facebook.com\/carrenoactualidad\" \/>\n\t\t<meta name=\"twitter:card\" content=\"summary_large_image\" \/>\n\t\t<meta name=\"twitter:site\" content=\"@NabercoDigital\" \/>\n\t\t<meta name=\"twitter:title\" content=\"Carre\u00f1o destinar\u00e1 38.000 euros a la mejora del medio rural del concejo | Cand\u00e1s 365\" \/>\n\t\t<meta name=\"twitter:description\" content=\"La alcaldesa de Carre\u00f1o, Amelia Fern\u00e1ndez, anunci\u00f3 este jueves mediante un comunicado de prensa que el Ayuntamiento de Carre\u00f1o recibir\u00e1 m\u00e1s de 38.000 euros para inversiones destinadas a la mejora del medio rural del concejo. El comunicado de prensa completo expone la siguiente informaci\u00f3n: \u201cEl Ayuntamiento de Carre\u00f1o logra la concesi\u00f3n de un nuevo paquete\" \/>\n\t\t<meta name=\"twitter:creator\" content=\"@nbasturias\" \/>\n\t\t<meta name=\"twitter:image\" content=\"https:\/\/candas365.es\/noticias\/wp-content\/uploads\/2015\/01\/ayuntamiento.jpg\" \/>\n\t\t<meta name=\"twitter:label1\" content=\"Escrito por\" \/>\n\t\t<meta name=\"twitter:data1\" content=\"Cand\u00e1s 365\" \/>\n\t\t<meta name=\"twitter:label2\" content=\"Tiempo de lectura estimado\" \/>\n\t\t<meta name=\"twitter:data2\" content=\"2 minutos\" \/>\n\t\t<script type=\"application\/ld+json\" class=\"aioseo-schema\">\n\t\t\t{\"@context\":\"https:\\\/\\\/schema.org\",\"@graph\":[{\"@type\":\"BreadcrumbList\",\"@id\":\"https:\\\/\\\/candas365.es\\\/noticias\\\/carreno-destinara-38-000-euros-a-la-mejora-del-medio-rural-del-concejo\\\/#breadcrumblist\",\"itemListElement\":[{\"@type\":\"ListItem\",\"@id\":\"https:\\\/\\\/candas365.es\\\/noticias#listItem\",\"position\":1,\"name\":\"Home\",\"item\":\"https:\\\/\\\/candas365.es\\\/noticias\",\"nextItem\":{\"@type\":\"ListItem\",\"@id\":\"https:\\\/\\\/candas365.es\\\/noticias\\\/category\\\/noticias-carreno\\\/#listItem\",\"name\":\"Noticias Carre\\u00f1o\"}},{\"@type\":\"ListItem\",\"@id\":\"https:\\\/\\\/candas365.es\\\/noticias\\\/category\\\/noticias-carreno\\\/#listItem\",\"position\":2,\"name\":\"Noticias Carre\\u00f1o\",\"item\":\"https:\\\/\\\/candas365.es\\\/noticias\\\/category\\\/noticias-carreno\\\/\",\"nextItem\":{\"@type\":\"ListItem\",\"@id\":\"https:\\\/\\\/candas365.es\\\/noticias\\\/carreno-destinara-38-000-euros-a-la-mejora-del-medio-rural-del-concejo\\\/#listItem\",\"name\":\"Carre\\u00f1o destinar\\u00e1 38.000 euros a la mejora del medio rural del concejo\"},\"previousItem\":{\"@type\":\"ListItem\",\"@id\":\"https:\\\/\\\/candas365.es\\\/noticias#listItem\",\"name\":\"Home\"}},{\"@type\":\"ListItem\",\"@id\":\"https:\\\/\\\/candas365.es\\\/noticias\\\/carreno-destinara-38-000-euros-a-la-mejora-del-medio-rural-del-concejo\\\/#listItem\",\"position\":3,\"name\":\"Carre\\u00f1o destinar\\u00e1 38.000 euros a la mejora del medio rural del concejo\",\"previousItem\":{\"@type\":\"ListItem\",\"@id\":\"https:\\\/\\\/candas365.es\\\/noticias\\\/category\\\/noticias-carreno\\\/#listItem\",\"name\":\"Noticias Carre\\u00f1o\"}}]},{\"@type\":\"NewsArticle\",\"@id\":\"https:\\\/\\\/candas365.es\\\/noticias\\\/carreno-destinara-38-000-euros-a-la-mejora-del-medio-rural-del-concejo\\\/#newsarticle\",\"name\":\"Carre\\u00f1o destinar\\u00e1 38.000 euros a la mejora del medio rural del concejo | Cand\\u00e1s 365\",\"headline\":\"Carre\\u00f1o destinar\\u00e1 38.000 euros a la mejora del medio rural del concejo\",\"author\":{\"@id\":\"https:\\\/\\\/candas365.es\\\/noticias\\\/author\\\/admin\\\/#author\"},\"publisher\":{\"@id\":\"https:\\\/\\\/candas365.es\\\/noticias\\\/#organization\"},\"image\":{\"@type\":\"ImageObject\",\"url\":\"https:\\\/\\\/candas365.es\\\/noticias\\\/wp-content\\\/uploads\\\/2015\\\/01\\\/ayuntamiento.jpg\",\"width\":800,\"height\":600,\"caption\":\"Carre\\u00f1o\"},\"datePublished\":\"2019-05-09T09:39:42+02:00\",\"dateModified\":\"2019-05-09T09:39:42+02:00\",\"inLanguage\":\"es-ES\",\"mainEntityOfPage\":{\"@id\":\"https:\\\/\\\/candas365.es\\\/noticias\\\/carreno-destinara-38-000-euros-a-la-mejora-del-medio-rural-del-concejo\\\/#webpage\"},\"isPartOf\":{\"@id\":\"https:\\\/\\\/candas365.es\\\/noticias\\\/carreno-destinara-38-000-euros-a-la-mejora-del-medio-rural-del-concejo\\\/#webpage\"},\"articleSection\":\"Noticias Carre\\u00f1o\",\"dateline\":\"Publicado el mayo 9, 2019.\"},{\"@type\":\"Organization\",\"@id\":\"https:\\\/\\\/candas365.es\\\/noticias\\\/#organization\",\"name\":\"Cand\\u00e1s 365\",\"description\":\"Cand\\u00e1s 365 es un diario digital independiente, fundado en 2012, con base en Asturias. Informamos con rigor sobre actualidad, sociedad, cultura y ocio, con una mirada local y global.\",\"url\":\"https:\\\/\\\/candas365.es\\\/noticias\\\/\",\"email\":\"info@candas365.es\",\"telephone\":\"+34652131393\",\"foundingDate\":\"2012-06-10\",\"logo\":{\"@type\":\"ImageObject\",\"url\":\"https:\\\/\\\/candas365.es\\\/noticias\\\/wp-content\\\/uploads\\\/2024\\\/09\\\/Candas-365-Redes.jpg\",\"@id\":\"https:\\\/\\\/candas365.es\\\/noticias\\\/carreno-destinara-38-000-euros-a-la-mejora-del-medio-rural-del-concejo\\\/#organizationLogo\",\"width\":1152,\"height\":864,\"caption\":\"Cand\\u00e1s 365 Redes\"},\"image\":{\"@id\":\"https:\\\/\\\/candas365.es\\\/noticias\\\/carreno-destinara-38-000-euros-a-la-mejora-del-medio-rural-del-concejo\\\/#organizationLogo\"},\"sameAs\":[\"https:\\\/\\\/www.facebook.com\\\/Nachofdezber\",\"https:\\\/\\\/x.com\\\/NabercoDigital\",\"https:\\\/\\\/www.instagram.com\\\/nachofdezber\\\/\",\"https:\\\/\\\/www.youtube.com\\\/channel\\\/UCZP-2wLEB9Rv6erhFmqVnvg\"],\"address\":{\"@id\":\"https:\\\/\\\/candas365.es\\\/noticias\\\/#postaladdress\",\"@type\":\"PostalAddress\",\"streetAddress\":\"san antonio 4, san antonio 4\",\"postalCode\":\"33430\",\"addressLocality\":\"Cand\\u00e1s\",\"addressRegion\":\"Asturias\",\"addressCountry\":\"ES\"}},{\"@type\":\"Person\",\"@id\":\"https:\\\/\\\/candas365.es\\\/noticias\\\/author\\\/admin\\\/#author\",\"url\":\"https:\\\/\\\/candas365.es\\\/noticias\\\/author\\\/admin\\\/\",\"name\":\"Cand\\u00e1s 365\",\"image\":{\"@type\":\"ImageObject\",\"@id\":\"https:\\\/\\\/candas365.es\\\/noticias\\\/carreno-destinara-38-000-euros-a-la-mejora-del-medio-rural-del-concejo\\\/#authorImage\",\"url\":\"https:\\\/\\\/secure.gravatar.com\\\/avatar\\\/496a8e03d0c493ede1718b7934145dbdf8d89be1036b0eec9544e1094c9de390?s=96&d=mm&r=g\",\"width\":96,\"height\":96,\"caption\":\"Cand\\u00e1s 365\"},\"sameAs\":[\"https:\\\/\\\/www.facebook.com\\\/carrenoactualidad\",\"https:\\\/\\\/twitter.com\\\/nbasturias\",\"https:\\\/\\\/www.instagram.com\\\/nachofdezber\\\/\",\"https:\\\/\\\/www.youtube.com\\\/channel\\\/UCZP-2wLEB9Rv6erhFmqVnvg\"]},{\"@type\":\"WebPage\",\"@id\":\"https:\\\/\\\/candas365.es\\\/noticias\\\/carreno-destinara-38-000-euros-a-la-mejora-del-medio-rural-del-concejo\\\/#webpage\",\"url\":\"https:\\\/\\\/candas365.es\\\/noticias\\\/carreno-destinara-38-000-euros-a-la-mejora-del-medio-rural-del-concejo\\\/\",\"name\":\"Carre\\u00f1o destinar\\u00e1 38.000 euros a la mejora del medio rural del concejo | Cand\\u00e1s 365\",\"description\":\"La alcaldesa de Carre\\u00f1o, Amelia Fern\\u00e1ndez, anunci\\u00f3 este jueves mediante un comunicado de prensa que el Ayuntamiento de Carre\\u00f1o recibir\\u00e1 m\\u00e1s de 38.000 euros para inversiones destinadas a la mejora del medio rural del concejo. El comunicado de prensa completo expone la siguiente informaci\\u00f3n: \\u201cEl Ayuntamiento de Carre\\u00f1o logra la concesi\\u00f3n de un nuevo paquete\",\"inLanguage\":\"es-ES\",\"isPartOf\":{\"@id\":\"https:\\\/\\\/candas365.es\\\/noticias\\\/#website\"},\"breadcrumb\":{\"@id\":\"https:\\\/\\\/candas365.es\\\/noticias\\\/carreno-destinara-38-000-euros-a-la-mejora-del-medio-rural-del-concejo\\\/#breadcrumblist\"},\"author\":{\"@id\":\"https:\\\/\\\/candas365.es\\\/noticias\\\/author\\\/admin\\\/#author\"},\"creator\":{\"@id\":\"https:\\\/\\\/candas365.es\\\/noticias\\\/author\\\/admin\\\/#author\"},\"image\":{\"@type\":\"ImageObject\",\"url\":\"https:\\\/\\\/candas365.es\\\/noticias\\\/wp-content\\\/uploads\\\/2015\\\/01\\\/ayuntamiento.jpg\",\"@id\":\"https:\\\/\\\/candas365.es\\\/noticias\\\/carreno-destinara-38-000-euros-a-la-mejora-del-medio-rural-del-concejo\\\/#mainImage\",\"width\":800,\"height\":600,\"caption\":\"Carre\\u00f1o\"},\"primaryImageOfPage\":{\"@id\":\"https:\\\/\\\/candas365.es\\\/noticias\\\/carreno-destinara-38-000-euros-a-la-mejora-del-medio-rural-del-concejo\\\/#mainImage\"},\"datePublished\":\"2019-05-09T09:39:42+02:00\",\"dateModified\":\"2019-05-09T09:39:42+02:00\"},{\"@type\":\"WebSite\",\"@id\":\"https:\\\/\\\/candas365.es\\\/noticias\\\/#website\",\"url\":\"https:\\\/\\\/candas365.es\\\/noticias\\\/\",\"name\":\"Cand\\u00e1s 365\",\"alternateName\":\"Cand\\u00e1s 365 Noticias\",\"description\":\"Actualidad desde Carre\\u00f1o para el mundo\",\"inLanguage\":\"es-ES\",\"publisher\":{\"@id\":\"https:\\\/\\\/candas365.es\\\/noticias\\\/#organization\"}}]}\n\t\t<\/script>\n\t\t<!-- All in One SEO Pro -->\r\n\t\t<title>Carre\u00f1o destinar\u00e1 38.000 euros a la mejora del medio rural del concejo | Cand\u00e1s 365<\/title>\n\n","aioseo_head_json":{"title":"Carre\u00f1o destinar\u00e1 38.000 euros a la mejora del medio rural del concejo | Cand\u00e1s 365","description":"La alcaldesa de Carre\u00f1o, Amelia Fern\u00e1ndez, anunci\u00f3 este jueves mediante un comunicado de prensa que el Ayuntamiento de Carre\u00f1o recibir\u00e1 m\u00e1s de 38.000 euros para inversiones destinadas a la mejora del medio rural del concejo. El comunicado de prensa completo expone la siguiente informaci\u00f3n: \u201cEl Ayuntamiento de Carre\u00f1o logra la concesi\u00f3n de un nuevo paquete","canonical_url":"https:\/\/candas365.es\/noticias\/carreno-destinara-38-000-euros-a-la-mejora-del-medio-rural-del-concejo\/","robots":"max-image-preview:large","keywords":"noticias carre\u00f1o","webmasterTools":{"google-site-verification":"UA-32230408-1","msvalidate.01":"354F3CDFB2DA171B47FBE9ABF1F88D5","miscellaneous":""},"schema":{"@context":"https:\/\/schema.org","@graph":[{"@type":"BreadcrumbList","@id":"https:\/\/candas365.es\/noticias\/carreno-destinara-38-000-euros-a-la-mejora-del-medio-rural-del-concejo\/#breadcrumblist","itemListElement":[{"@type":"ListItem","@id":"https:\/\/candas365.es\/noticias#listItem","position":1,"name":"Home","item":"https:\/\/candas365.es\/noticias","nextItem":{"@type":"ListItem","@id":"https:\/\/candas365.es\/noticias\/category\/noticias-carreno\/#listItem","name":"Noticias Carre\u00f1o"}},{"@type":"ListItem","@id":"https:\/\/candas365.es\/noticias\/category\/noticias-carreno\/#listItem","position":2,"name":"Noticias Carre\u00f1o","item":"https:\/\/candas365.es\/noticias\/category\/noticias-carreno\/","nextItem":{"@type":"ListItem","@id":"https:\/\/candas365.es\/noticias\/carreno-destinara-38-000-euros-a-la-mejora-del-medio-rural-del-concejo\/#listItem","name":"Carre\u00f1o destinar\u00e1 38.000 euros a la mejora del medio rural del concejo"},"previousItem":{"@type":"ListItem","@id":"https:\/\/candas365.es\/noticias#listItem","name":"Home"}},{"@type":"ListItem","@id":"https:\/\/candas365.es\/noticias\/carreno-destinara-38-000-euros-a-la-mejora-del-medio-rural-del-concejo\/#listItem","position":3,"name":"Carre\u00f1o destinar\u00e1 38.000 euros a la mejora del medio rural del concejo","previousItem":{"@type":"ListItem","@id":"https:\/\/candas365.es\/noticias\/category\/noticias-carreno\/#listItem","name":"Noticias Carre\u00f1o"}}]},{"@type":"NewsArticle","@id":"https:\/\/candas365.es\/noticias\/carreno-destinara-38-000-euros-a-la-mejora-del-medio-rural-del-concejo\/#newsarticle","name":"Carre\u00f1o destinar\u00e1 38.000 euros a la mejora del medio rural del concejo | Cand\u00e1s 365","headline":"Carre\u00f1o destinar\u00e1 38.000 euros a la mejora del medio rural del concejo","author":{"@id":"https:\/\/candas365.es\/noticias\/author\/admin\/#author"},"publisher":{"@id":"https:\/\/candas365.es\/noticias\/#organization"},"image":{"@type":"ImageObject","url":"https:\/\/candas365.es\/noticias\/wp-content\/uploads\/2015\/01\/ayuntamiento.jpg","width":800,"height":600,"caption":"Carre\u00f1o"},"datePublished":"2019-05-09T09:39:42+02:00","dateModified":"2019-05-09T09:39:42+02:00","inLanguage":"es-ES","mainEntityOfPage":{"@id":"https:\/\/candas365.es\/noticias\/carreno-destinara-38-000-euros-a-la-mejora-del-medio-rural-del-concejo\/#webpage"},"isPartOf":{"@id":"https:\/\/candas365.es\/noticias\/carreno-destinara-38-000-euros-a-la-mejora-del-medio-rural-del-concejo\/#webpage"},"articleSection":"Noticias Carre\u00f1o","dateline":"Publicado el mayo 9, 2019."},{"@type":"Organization","@id":"https:\/\/candas365.es\/noticias\/#organization","name":"Cand\u00e1s 365","description":"Cand\u00e1s 365 es un diario digital independiente, fundado en 2012, con base en Asturias. Informamos con rigor sobre actualidad, sociedad, cultura y ocio, con una mirada local y global.","url":"https:\/\/candas365.es\/noticias\/","email":"info@candas365.es","telephone":"+34652131393","foundingDate":"2012-06-10","logo":{"@type":"ImageObject","url":"https:\/\/candas365.es\/noticias\/wp-content\/uploads\/2024\/09\/Candas-365-Redes.jpg","@id":"https:\/\/candas365.es\/noticias\/carreno-destinara-38-000-euros-a-la-mejora-del-medio-rural-del-concejo\/#organizationLogo","width":1152,"height":864,"caption":"Cand\u00e1s 365 Redes"},"image":{"@id":"https:\/\/candas365.es\/noticias\/carreno-destinara-38-000-euros-a-la-mejora-del-medio-rural-del-concejo\/#organizationLogo"},"sameAs":["https:\/\/www.facebook.com\/Nachofdezber","https:\/\/x.com\/NabercoDigital","https:\/\/www.instagram.com\/nachofdezber\/","https:\/\/www.youtube.com\/channel\/UCZP-2wLEB9Rv6erhFmqVnvg"],"address":{"@id":"https:\/\/candas365.es\/noticias\/#postaladdress","@type":"PostalAddress","streetAddress":"san antonio 4, san antonio 4","postalCode":"33430","addressLocality":"Cand\u00e1s","addressRegion":"Asturias","addressCountry":"ES"}},{"@type":"Person","@id":"https:\/\/candas365.es\/noticias\/author\/admin\/#author","url":"https:\/\/candas365.es\/noticias\/author\/admin\/","name":"Cand\u00e1s 365","image":{"@type":"ImageObject","@id":"https:\/\/candas365.es\/noticias\/carreno-destinara-38-000-euros-a-la-mejora-del-medio-rural-del-concejo\/#authorImage","url":"https:\/\/secure.gravatar.com\/avatar\/496a8e03d0c493ede1718b7934145dbdf8d89be1036b0eec9544e1094c9de390?s=96&d=mm&r=g","width":96,"height":96,"caption":"Cand\u00e1s 365"},"sameAs":["https:\/\/www.facebook.com\/carrenoactualidad","https:\/\/twitter.com\/nbasturias","https:\/\/www.instagram.com\/nachofdezber\/","https:\/\/www.youtube.com\/channel\/UCZP-2wLEB9Rv6erhFmqVnvg"]},{"@type":"WebPage","@id":"https:\/\/candas365.es\/noticias\/carreno-destinara-38-000-euros-a-la-mejora-del-medio-rural-del-concejo\/#webpage","url":"https:\/\/candas365.es\/noticias\/carreno-destinara-38-000-euros-a-la-mejora-del-medio-rural-del-concejo\/","name":"Carre\u00f1o destinar\u00e1 38.000 euros a la mejora del medio rural del concejo | Cand\u00e1s 365","description":"La alcaldesa de Carre\u00f1o, Amelia Fern\u00e1ndez, anunci\u00f3 este jueves mediante un comunicado de prensa que el Ayuntamiento de Carre\u00f1o recibir\u00e1 m\u00e1s de 38.000 euros para inversiones destinadas a la mejora del medio rural del concejo. El comunicado de prensa completo expone la siguiente informaci\u00f3n: \u201cEl Ayuntamiento de Carre\u00f1o logra la concesi\u00f3n de un nuevo paquete","inLanguage":"es-ES","isPartOf":{"@id":"https:\/\/candas365.es\/noticias\/#website"},"breadcrumb":{"@id":"https:\/\/candas365.es\/noticias\/carreno-destinara-38-000-euros-a-la-mejora-del-medio-rural-del-concejo\/#breadcrumblist"},"author":{"@id":"https:\/\/candas365.es\/noticias\/author\/admin\/#author"},"creator":{"@id":"https:\/\/candas365.es\/noticias\/author\/admin\/#author"},"image":{"@type":"ImageObject","url":"https:\/\/candas365.es\/noticias\/wp-content\/uploads\/2015\/01\/ayuntamiento.jpg","@id":"https:\/\/candas365.es\/noticias\/carreno-destinara-38-000-euros-a-la-mejora-del-medio-rural-del-concejo\/#mainImage","width":800,"height":600,"caption":"Carre\u00f1o"},"primaryImageOfPage":{"@id":"https:\/\/candas365.es\/noticias\/carreno-destinara-38-000-euros-a-la-mejora-del-medio-rural-del-concejo\/#mainImage"},"datePublished":"2019-05-09T09:39:42+02:00","dateModified":"2019-05-09T09:39:42+02:00"},{"@type":"WebSite","@id":"https:\/\/candas365.es\/noticias\/#website","url":"https:\/\/candas365.es\/noticias\/","name":"Cand\u00e1s 365","alternateName":"Cand\u00e1s 365 Noticias","description":"Actualidad desde Carre\u00f1o para el mundo","inLanguage":"es-ES","publisher":{"@id":"https:\/\/candas365.es\/noticias\/#organization"}}]},"og:locale":"es_ES","og:site_name":"Cand\u00e1s 365","og:type":"article","og:title":"Carre\u00f1o destinar\u00e1 38.000 euros a la mejora del medio rural del concejo | Cand\u00e1s 365","og:description":"La alcaldesa de Carre\u00f1o, Amelia Fern\u00e1ndez, anunci\u00f3 este jueves mediante un comunicado de prensa que el Ayuntamiento de Carre\u00f1o recibir\u00e1 m\u00e1s de 38.000 euros para inversiones destinadas a la mejora del medio rural del concejo. El comunicado de prensa completo expone la siguiente informaci\u00f3n: \u201cEl Ayuntamiento de Carre\u00f1o logra la concesi\u00f3n de un nuevo paquete","og:url":"https:\/\/candas365.es\/noticias\/carreno-destinara-38-000-euros-a-la-mejora-del-medio-rural-del-concejo\/","og:image":"https:\/\/candas365.es\/noticias\/wp-content\/uploads\/2015\/01\/ayuntamiento.jpg","og:image:secure_url":"https:\/\/candas365.es\/noticias\/wp-content\/uploads\/2015\/01\/ayuntamiento.jpg","og:image:width":800,"og:image:height":600,"article:published_time":"2019-05-09T09:39:42+00:00","article:modified_time":"2019-05-09T09:39:42+00:00","article:publisher":"https:\/\/www.facebook.com\/Nachofdezber","article:author":"https:\/\/www.facebook.com\/carrenoactualidad","twitter:card":"summary_large_image","twitter:site":"@NabercoDigital","twitter:title":"Carre\u00f1o destinar\u00e1 38.000 euros a la mejora del medio rural del concejo | Cand\u00e1s 365","twitter:description":"La alcaldesa de Carre\u00f1o, Amelia Fern\u00e1ndez, anunci\u00f3 este jueves mediante un comunicado de prensa que el Ayuntamiento de Carre\u00f1o recibir\u00e1 m\u00e1s de 38.000 euros para inversiones destinadas a la mejora del medio rural del concejo. El comunicado de prensa completo expone la siguiente informaci\u00f3n: \u201cEl Ayuntamiento de Carre\u00f1o logra la concesi\u00f3n de un nuevo paquete","twitter:creator":"@nbasturias","twitter:image":"https:\/\/candas365.es\/noticias\/wp-content\/uploads\/2015\/01\/ayuntamiento.jpg","twitter:label1":"Escrito por","twitter:data1":"Cand\u00e1s 365","twitter:label2":"Tiempo de lectura estimado","twitter:data2":"2 minutos"},"aioseo_meta_data":{"post_id":"122170","title":null,"description":null,"keywords":null,"keyphrases":null,"primary_term":null,"canonical_url":null,"og_title":null,"og_description":null,"og_object_type":"default","og_image_type":"default","og_image_url":null,"og_image_width":null,"og_image_height":null,"og_image_custom_url":null,"og_image_custom_fields":null,"og_video":null,"og_custom_url":null,"og_article_section":null,"og_article_tags":null,"twitter_use_og":false,"twitter_card":"default","twitter_image_type":"default","twitter_image_url":null,"twitter_image_custom_url":null,"twitter_image_custom_fields":null,"twitter_title":null,"twitter_description":null,"schema":{"blockGraphs":[],"customGraphs":[],"default":{"data":{"Article":[],"Course":[],"Dataset":[],"FAQPage":[],"Movie":[],"Person":[],"Product":[],"ProductReview":[],"Car":[],"Recipe":[],"Service":[],"SoftwareApplication":[],"WebPage":[]},"graphName":"","isEnabled":true},"graphs":[],"defaultGraph":"","defaultPostTypeGraph":""},"schema_type":null,"schema_type_options":null,"pillar_content":false,"robots_default":true,"robots_noindex":false,"robots_noarchive":false,"robots_nosnippet":false,"robots_nofollow":false,"robots_noimageindex":false,"robots_noodp":false,"robots_notranslate":false,"robots_max_snippet":null,"robots_max_videopreview":null,"robots_max_imagepreview":"large","priority":null,"frequency":null,"location":null,"local_seo":null,"seo_analyzer_scan_date":"2025-08-29 22:05:18","breadcrumb_settings":null,"limit_modified_date":false,"reviewed_by":null,"open_ai":null,"ai":null,"created":"2020-12-21 10:57:44","updated":"2025-08-29 22:05:18"},"aioseo_breadcrumb":"<div class=\"aioseo-breadcrumbs\"><span class=\"aioseo-breadcrumb\">\n\t<a href=\"https:\/\/candas365.es\/noticias\" title=\"Home\">Home<\/a>\n<\/span><span class=\"aioseo-breadcrumb-separator\">&ndash;<\/span><span class=\"aioseo-breadcrumb\">\n\t<a href=\"https:\/\/candas365.es\/noticias\/category\/noticias-carreno\/\" title=\"Noticias Carre\u00f1o\">Noticias Carre\u00f1o<\/a>\n<\/span><span class=\"aioseo-breadcrumb-separator\">&ndash;<\/span><span class=\"aioseo-breadcrumb\">\n\tCarre\u00f1o destinar\u00e1 38.000 euros a la mejora del medio rural del concejo\n<\/span><\/div>","aioseo_breadcrumb_json":[{"label":"Home","link":"https:\/\/candas365.es\/noticias"},{"label":"Noticias Carre\u00f1o","link":"https:\/\/candas365.es\/noticias\/category\/noticias-carreno\/"},{"label":"Carre\u00f1o destinar\u00e1 38.000 euros a la mejora del medio rural del concejo","link":"https:\/\/candas365.es\/noticias\/carreno-destinara-38-000-euros-a-la-mejora-del-medio-rural-del-concejo\/"}],"_links":{"self":[{"href":"https:\/\/candas365.es\/noticias\/wp-json\/wp\/v2\/posts\/122170","targetHints":{"allow":["GET"]}}],"collection":[{"href":"https:\/\/candas365.es\/noticias\/wp-json\/wp\/v2\/posts"}],"about":[{"href":"https:\/\/candas365.es\/noticias\/wp-json\/wp\/v2\/types\/post"}],"author":[{"embeddable":true,"href":"https:\/\/candas365.es\/noticias\/wp-json\/wp\/v2\/users\/1"}],"replies":[{"embeddable":true,"href":"https:\/\/candas365.es\/noticias\/wp-json\/wp\/v2\/comments?post=122170"}],"version-history":[{"count":0,"href":"https:\/\/candas365.es\/noticias\/wp-json\/wp\/v2\/posts\/122170\/revisions"}],"wp:featuredmedia":[{"embeddable":true,"href":"https:\/\/candas365.es\/noticias\/wp-json\/wp\/v2\/media\/6453"}],"wp:attachment":[{"href":"https:\/\/candas365.es\/noticias\/wp-json\/wp\/v2\/media?parent=122170"}],"wp:term":[{"taxonomy":"category","embeddable":true,"href":"https:\/\/candas365.es\/noticias\/wp-json\/wp\/v2\/categories?post=122170"},{"taxonomy":"post_tag","embeddable":true,"href":"https:\/\/candas365.es\/noticias\/wp-json\/wp\/v2\/tags?post=122170"}],"curies":[{"name":"wp","href":"https:\/\/api.w.org\/{rel}","templated":true}]}}