{"id":122167,"date":"2019-05-09T09:31:09","date_gmt":"2019-05-09T09:31:09","guid":{"rendered":"http:\/\/candas365.es\/noticias\/?p=122167"},"modified":"2019-05-09T09:31:09","modified_gmt":"2019-05-09T09:31:09","slug":"la-galeria-de-arte-le-petit-atelier-acogera-nueva-exposicion-de-joaquin-vina","status":"publish","type":"post","link":"https:\/\/candas365.es\/noticias\/la-galeria-de-arte-le-petit-atelier-acogera-nueva-exposicion-de-joaquin-vina\/","title":{"rendered":"La galer\u00eda de arte \u201cLe Petit Atelier\u201d acoger\u00e1 nueva exposici\u00f3n de Joaqu\u00edn Vi\u00f1a"},"content":{"rendered":"<p><img fetchpriority=\"high\" decoding=\"async\" class=\"alignleft size-medium wp-image-122168\" src=\"https:\/\/candas365.es\/noticias\/wp-content\/uploads\/2019\/05\/exposicion-joaquin-vi\u00f1a-360x270.jpg\" alt=\"\" width=\"360\" height=\"270\" srcset=\"https:\/\/candas365.es\/noticias\/wp-content\/uploads\/2019\/05\/exposicion-joaquin-vi\u00f1a-360x270.jpg 360w, https:\/\/candas365.es\/noticias\/wp-content\/uploads\/2019\/05\/exposicion-joaquin-vi\u00f1a-768x576.jpg 768w, https:\/\/candas365.es\/noticias\/wp-content\/uploads\/2019\/05\/exposicion-joaquin-vi\u00f1a-640x480.jpg 640w, https:\/\/candas365.es\/noticias\/wp-content\/uploads\/2019\/05\/exposicion-joaquin-vi\u00f1a-80x60.jpg 80w, https:\/\/candas365.es\/noticias\/wp-content\/uploads\/2019\/05\/exposicion-joaquin-vi\u00f1a-265x198.jpg 265w, https:\/\/candas365.es\/noticias\/wp-content\/uploads\/2019\/05\/exposicion-joaquin-vi\u00f1a-696x522.jpg 696w, https:\/\/candas365.es\/noticias\/wp-content\/uploads\/2019\/05\/exposicion-joaquin-vi\u00f1a-1068x801.jpg 1068w, https:\/\/candas365.es\/noticias\/wp-content\/uploads\/2019\/05\/exposicion-joaquin-vi\u00f1a-560x420.jpg 560w, https:\/\/candas365.es\/noticias\/wp-content\/uploads\/2019\/05\/exposicion-joaquin-vi\u00f1a.jpg 1600w\" sizes=\"(max-width: 360px) 100vw, 360px\" \/>La alcaldesa de Carre\u00f1o, Amelia Fern\u00e1ndez, anunci\u00f3 este jueves mediante un comunicado de prensa que la Galer\u00eda de Arte-Sala de Exposiciones \u201cLe Petit Atelier\u201d acoger\u00e1 desde hoy hasta el 3 de junio una exposici\u00f3n denominada \u201cSmells Like Pop Spirit\u201d del pintor candas\u00edn Joaqu\u00edn Vi\u00f1a.<\/p>\n<p>El comunicado de prensa del Ayuntamiento de Carre\u00f1o recoge la siguiente informaci\u00f3n:<\/p>\n<p>\u201cSmells like pop spirit\u201d es un homenaje a uno de los himnos de la m\u00fasica de principios de los a\u00f1os noventa, al tema, de la banda Nirvana liderada por Kurt Cobain, \u201cSmells Like Teen Spirit\u201d. Es una vuelta del autor a su adolescencia, a su juventud. Una obra en su conjunto que se presenta como una fiesta, como si de nuevo sonase el himno de la Generaci\u00f3n X y los adolescentes se olvidasen de sus renuncias y se entregasen a un baile fren\u00e9tico mientras suena el primer corte del \u201cNevermind\u201d.<\/p>\n<p>La exposici\u00f3n representa la vuelta de Joaqu\u00edn Vi\u00f1a a una adolescencia en la que no busca la trascendencia sino la diversi\u00f3n. Los lienzos que componen \u201cPop Spirit\u201d son como aquellas canciones que invitaban a ponerse a pegar saltos. Son composiciones en las que se superponen distintas capas para construir una explosi\u00f3n final que da sentido a la mezcla. El autor viaja a su pasado personal y musical para traerlo al presente completamente modificado, pero manteniendo esa esencia festiva. Es ese regreso a la adolescencia, con la sabidur\u00eda de la madurez, lo que le permite ponerse \u201cgamberro\u201d y desarrollar una colecci\u00f3n en la que lo \u00fanico importante es la sensaci\u00f3n de explosi\u00f3n festiva de un buen riff de guitarra.<\/p>\n<p>La exposici\u00f3n se podr\u00e1 visitar desde el 9 de mayo hasta el 3 de junio, ambos inclusive, en el siguiente horario:<\/p>\n<p>De lunes a viernes de 10:00 a 13:30 horas y de 17:00 a 20:30 horas.<\/p>\n<p>S\u00e1bados de 10:00 a 13:30 horas. En este caso si se quiere visitar en el horario de tarde ser\u00e1 necesario concertar cita previa.<\/p>\n<p>La Galer\u00eda de Arte-Sala de Exposiciones \u201cLe Petit Atelier\u201d se encuentra en la calle Amsterdam, 4 en la ciudad de Lleida\u201d, concluye el comunicado de prensa.<\/p>\n","protected":false},"excerpt":{"rendered":"<p>La alcaldesa de Carre\u00f1o, Amelia Fern\u00e1ndez, anunci\u00f3 este jueves mediante un comunicado de prensa que la Galer\u00eda de Arte-Sala de Exposiciones \u201cLe Petit Atelier\u201d acoger\u00e1 desde hoy hasta el 3 de junio una exposici\u00f3n denominada \u201cSmells Like Pop Spirit\u201d del pintor candas\u00edn Joaqu\u00edn Vi\u00f1a. El comunicado de prensa del Ayuntamiento de Carre\u00f1o recoge la siguiente<\/p>\n","protected":false},"author":1,"featured_media":122168,"comment_status":"closed","ping_status":"closed","sticky":false,"template":"","format":"standard","meta":{"footnotes":""},"categories":[2],"tags":[],"class_list":{"0":"post-122167","1":"post","2":"type-post","3":"status-publish","4":"format-standard","5":"has-post-thumbnail","7":"category-noticias-carreno"},"aioseo_notices":[],"aioseo_head":"\n\t\t<!-- All in One SEO Pro 4.9.6.2 - aioseo.com -->\n\t<meta name=\"description\" content=\"La alcaldesa de Carre\u00f1o, Amelia Fern\u00e1ndez, anunci\u00f3 este jueves mediante un comunicado de prensa que la Galer\u00eda de Arte-Sala de Exposiciones \u201cLe Petit Atelier\u201d acoger\u00e1 desde hoy hasta el 3 de junio una exposici\u00f3n denominada \u201cSmells Like Pop Spirit\u201d del pintor candas\u00edn Joaqu\u00edn Vi\u00f1a. El comunicado de prensa del Ayuntamiento de Carre\u00f1o recoge la siguiente\" \/>\n\t<meta name=\"robots\" content=\"max-image-preview:large\" \/>\n\t<meta name=\"author\" content=\"Cand\u00e1s 365\"\/>\n\t<meta name=\"google-site-verification\" content=\"UA-32230408-1\" \/>\n\t<meta name=\"msvalidate.01\" content=\"354F3CDFB2DA171B47FBE9ABF1F88D5\" \/>\n\t<meta name=\"keywords\" content=\"noticias carre\u00f1o\" \/>\n\t<link rel=\"canonical\" href=\"https:\/\/candas365.es\/noticias\/la-galeria-de-arte-le-petit-atelier-acogera-nueva-exposicion-de-joaquin-vina\/\" \/>\n\t<meta name=\"generator\" content=\"All in One SEO Pro (AIOSEO) 4.9.6.2\" \/>\n\t\t<meta property=\"og:locale\" content=\"es_ES\" \/>\n\t\t<meta property=\"og:site_name\" content=\"Cand\u00e1s 365\" \/>\n\t\t<meta property=\"og:type\" content=\"article\" \/>\n\t\t<meta property=\"og:title\" content=\"La galer\u00eda de arte \u201cLe Petit Atelier\u201d acoger\u00e1 nueva exposici\u00f3n de Joaqu\u00edn Vi\u00f1a | Cand\u00e1s 365\" \/>\n\t\t<meta property=\"og:description\" content=\"La alcaldesa de Carre\u00f1o, Amelia Fern\u00e1ndez, anunci\u00f3 este jueves mediante un comunicado de prensa que la Galer\u00eda de Arte-Sala de Exposiciones \u201cLe Petit Atelier\u201d acoger\u00e1 desde hoy hasta el 3 de junio una exposici\u00f3n denominada \u201cSmells Like Pop Spirit\u201d del pintor candas\u00edn Joaqu\u00edn Vi\u00f1a. El comunicado de prensa del Ayuntamiento de Carre\u00f1o recoge la siguiente\" \/>\n\t\t<meta property=\"og:url\" content=\"https:\/\/candas365.es\/noticias\/la-galeria-de-arte-le-petit-atelier-acogera-nueva-exposicion-de-joaquin-vina\/\" \/>\n\t\t<meta property=\"og:image\" content=\"https:\/\/candas365.es\/noticias\/wp-content\/uploads\/2019\/05\/exposicion-joaquin-vi\u00f1a.jpg\" \/>\n\t\t<meta property=\"og:image:secure_url\" content=\"https:\/\/candas365.es\/noticias\/wp-content\/uploads\/2019\/05\/exposicion-joaquin-vi\u00f1a.jpg\" \/>\n\t\t<meta property=\"og:image:width\" content=\"1600\" \/>\n\t\t<meta property=\"og:image:height\" content=\"1200\" \/>\n\t\t<meta property=\"article:published_time\" content=\"2019-05-09T09:31:09+00:00\" \/>\n\t\t<meta property=\"article:modified_time\" content=\"2019-05-09T09:31:09+00:00\" \/>\n\t\t<meta property=\"article:publisher\" content=\"https:\/\/www.facebook.com\/Nachofdezber\" \/>\n\t\t<meta property=\"article:author\" content=\"https:\/\/www.facebook.com\/carrenoactualidad\" \/>\n\t\t<meta name=\"twitter:card\" content=\"summary_large_image\" \/>\n\t\t<meta name=\"twitter:site\" content=\"@NabercoDigital\" \/>\n\t\t<meta name=\"twitter:title\" content=\"La galer\u00eda de arte \u201cLe Petit Atelier\u201d acoger\u00e1 nueva exposici\u00f3n de Joaqu\u00edn Vi\u00f1a | Cand\u00e1s 365\" \/>\n\t\t<meta name=\"twitter:description\" content=\"La alcaldesa de Carre\u00f1o, Amelia Fern\u00e1ndez, anunci\u00f3 este jueves mediante un comunicado de prensa que la Galer\u00eda de Arte-Sala de Exposiciones \u201cLe Petit Atelier\u201d acoger\u00e1 desde hoy hasta el 3 de junio una exposici\u00f3n denominada \u201cSmells Like Pop Spirit\u201d del pintor candas\u00edn Joaqu\u00edn Vi\u00f1a. El comunicado de prensa del Ayuntamiento de Carre\u00f1o recoge la siguiente\" \/>\n\t\t<meta name=\"twitter:creator\" content=\"@nbasturias\" \/>\n\t\t<meta name=\"twitter:image\" content=\"https:\/\/candas365.es\/noticias\/wp-content\/uploads\/2019\/05\/exposicion-joaquin-vi\u00f1a.jpg\" \/>\n\t\t<meta name=\"twitter:label1\" content=\"Escrito por\" \/>\n\t\t<meta name=\"twitter:data1\" content=\"Cand\u00e1s 365\" \/>\n\t\t<meta name=\"twitter:label2\" content=\"Tiempo de lectura estimado\" \/>\n\t\t<meta name=\"twitter:data2\" content=\"2 minutos\" \/>\n\t\t<script type=\"application\/ld+json\" class=\"aioseo-schema\">\n\t\t\t{\"@context\":\"https:\\\/\\\/schema.org\",\"@graph\":[{\"@type\":\"BreadcrumbList\",\"@id\":\"https:\\\/\\\/candas365.es\\\/noticias\\\/la-galeria-de-arte-le-petit-atelier-acogera-nueva-exposicion-de-joaquin-vina\\\/#breadcrumblist\",\"itemListElement\":[{\"@type\":\"ListItem\",\"@id\":\"https:\\\/\\\/candas365.es\\\/noticias#listItem\",\"position\":1,\"name\":\"Home\",\"item\":\"https:\\\/\\\/candas365.es\\\/noticias\",\"nextItem\":{\"@type\":\"ListItem\",\"@id\":\"https:\\\/\\\/candas365.es\\\/noticias\\\/category\\\/noticias-carreno\\\/#listItem\",\"name\":\"Noticias Carre\\u00f1o\"}},{\"@type\":\"ListItem\",\"@id\":\"https:\\\/\\\/candas365.es\\\/noticias\\\/category\\\/noticias-carreno\\\/#listItem\",\"position\":2,\"name\":\"Noticias Carre\\u00f1o\",\"item\":\"https:\\\/\\\/candas365.es\\\/noticias\\\/category\\\/noticias-carreno\\\/\",\"nextItem\":{\"@type\":\"ListItem\",\"@id\":\"https:\\\/\\\/candas365.es\\\/noticias\\\/la-galeria-de-arte-le-petit-atelier-acogera-nueva-exposicion-de-joaquin-vina\\\/#listItem\",\"name\":\"La galer\\u00eda de arte \\u201cLe Petit Atelier\\u201d acoger\\u00e1 nueva exposici\\u00f3n de Joaqu\\u00edn Vi\\u00f1a\"},\"previousItem\":{\"@type\":\"ListItem\",\"@id\":\"https:\\\/\\\/candas365.es\\\/noticias#listItem\",\"name\":\"Home\"}},{\"@type\":\"ListItem\",\"@id\":\"https:\\\/\\\/candas365.es\\\/noticias\\\/la-galeria-de-arte-le-petit-atelier-acogera-nueva-exposicion-de-joaquin-vina\\\/#listItem\",\"position\":3,\"name\":\"La galer\\u00eda de arte \\u201cLe Petit Atelier\\u201d acoger\\u00e1 nueva exposici\\u00f3n de Joaqu\\u00edn Vi\\u00f1a\",\"previousItem\":{\"@type\":\"ListItem\",\"@id\":\"https:\\\/\\\/candas365.es\\\/noticias\\\/category\\\/noticias-carreno\\\/#listItem\",\"name\":\"Noticias Carre\\u00f1o\"}}]},{\"@type\":\"NewsArticle\",\"@id\":\"https:\\\/\\\/candas365.es\\\/noticias\\\/la-galeria-de-arte-le-petit-atelier-acogera-nueva-exposicion-de-joaquin-vina\\\/#newsarticle\",\"name\":\"La galer\\u00eda de arte \\u201cLe Petit Atelier\\u201d acoger\\u00e1 nueva exposici\\u00f3n de Joaqu\\u00edn Vi\\u00f1a | Cand\\u00e1s 365\",\"headline\":\"La galer\\u00eda de arte \\u201cLe Petit Atelier\\u201d acoger\\u00e1 nueva exposici\\u00f3n de Joaqu\\u00edn Vi\\u00f1a\",\"author\":{\"@id\":\"https:\\\/\\\/candas365.es\\\/noticias\\\/author\\\/admin\\\/#author\"},\"publisher\":{\"@id\":\"https:\\\/\\\/candas365.es\\\/noticias\\\/#organization\"},\"image\":{\"@type\":\"ImageObject\",\"url\":\"https:\\\/\\\/candas365.es\\\/noticias\\\/wp-content\\\/uploads\\\/2019\\\/05\\\/exposicion-joaquin-vi\\u00f1a.jpg\",\"width\":1600,\"height\":1200},\"datePublished\":\"2019-05-09T09:31:09+02:00\",\"dateModified\":\"2019-05-09T09:31:09+02:00\",\"inLanguage\":\"es-ES\",\"mainEntityOfPage\":{\"@id\":\"https:\\\/\\\/candas365.es\\\/noticias\\\/la-galeria-de-arte-le-petit-atelier-acogera-nueva-exposicion-de-joaquin-vina\\\/#webpage\"},\"isPartOf\":{\"@id\":\"https:\\\/\\\/candas365.es\\\/noticias\\\/la-galeria-de-arte-le-petit-atelier-acogera-nueva-exposicion-de-joaquin-vina\\\/#webpage\"},\"articleSection\":\"Noticias Carre\\u00f1o\",\"dateline\":\"Publicado el mayo 9, 2019.\"},{\"@type\":\"Organization\",\"@id\":\"https:\\\/\\\/candas365.es\\\/noticias\\\/#organization\",\"name\":\"Cand\\u00e1s 365\",\"description\":\"Cand\\u00e1s 365 es un diario digital independiente, fundado en 2012, con base en Asturias. Informamos con rigor sobre actualidad, sociedad, cultura y ocio, con una mirada local y global.\",\"url\":\"https:\\\/\\\/candas365.es\\\/noticias\\\/\",\"email\":\"info@candas365.es\",\"telephone\":\"+34652131393\",\"foundingDate\":\"2012-06-10\",\"logo\":{\"@type\":\"ImageObject\",\"url\":\"https:\\\/\\\/candas365.es\\\/noticias\\\/wp-content\\\/uploads\\\/2024\\\/09\\\/Candas-365-Redes.jpg\",\"@id\":\"https:\\\/\\\/candas365.es\\\/noticias\\\/la-galeria-de-arte-le-petit-atelier-acogera-nueva-exposicion-de-joaquin-vina\\\/#organizationLogo\",\"width\":1152,\"height\":864,\"caption\":\"Cand\\u00e1s 365 Redes\"},\"image\":{\"@id\":\"https:\\\/\\\/candas365.es\\\/noticias\\\/la-galeria-de-arte-le-petit-atelier-acogera-nueva-exposicion-de-joaquin-vina\\\/#organizationLogo\"},\"sameAs\":[\"https:\\\/\\\/www.facebook.com\\\/Nachofdezber\",\"https:\\\/\\\/x.com\\\/NabercoDigital\",\"https:\\\/\\\/www.instagram.com\\\/nachofdezber\\\/\",\"https:\\\/\\\/www.youtube.com\\\/channel\\\/UCZP-2wLEB9Rv6erhFmqVnvg\"],\"address\":{\"@id\":\"https:\\\/\\\/candas365.es\\\/noticias\\\/#postaladdress\",\"@type\":\"PostalAddress\",\"streetAddress\":\"san antonio 4, san antonio 4\",\"postalCode\":\"33430\",\"addressLocality\":\"Cand\\u00e1s\",\"addressRegion\":\"Asturias\",\"addressCountry\":\"ES\"}},{\"@type\":\"Person\",\"@id\":\"https:\\\/\\\/candas365.es\\\/noticias\\\/author\\\/admin\\\/#author\",\"url\":\"https:\\\/\\\/candas365.es\\\/noticias\\\/author\\\/admin\\\/\",\"name\":\"Cand\\u00e1s 365\",\"image\":{\"@type\":\"ImageObject\",\"@id\":\"https:\\\/\\\/candas365.es\\\/noticias\\\/la-galeria-de-arte-le-petit-atelier-acogera-nueva-exposicion-de-joaquin-vina\\\/#authorImage\",\"url\":\"https:\\\/\\\/secure.gravatar.com\\\/avatar\\\/496a8e03d0c493ede1718b7934145dbdf8d89be1036b0eec9544e1094c9de390?s=96&d=mm&r=g\",\"width\":96,\"height\":96,\"caption\":\"Cand\\u00e1s 365\"},\"sameAs\":[\"https:\\\/\\\/www.facebook.com\\\/carrenoactualidad\",\"https:\\\/\\\/twitter.com\\\/nbasturias\",\"https:\\\/\\\/www.instagram.com\\\/nachofdezber\\\/\",\"https:\\\/\\\/www.youtube.com\\\/channel\\\/UCZP-2wLEB9Rv6erhFmqVnvg\"]},{\"@type\":\"WebPage\",\"@id\":\"https:\\\/\\\/candas365.es\\\/noticias\\\/la-galeria-de-arte-le-petit-atelier-acogera-nueva-exposicion-de-joaquin-vina\\\/#webpage\",\"url\":\"https:\\\/\\\/candas365.es\\\/noticias\\\/la-galeria-de-arte-le-petit-atelier-acogera-nueva-exposicion-de-joaquin-vina\\\/\",\"name\":\"La galer\\u00eda de arte \\u201cLe Petit Atelier\\u201d acoger\\u00e1 nueva exposici\\u00f3n de Joaqu\\u00edn Vi\\u00f1a | Cand\\u00e1s 365\",\"description\":\"La alcaldesa de Carre\\u00f1o, Amelia Fern\\u00e1ndez, anunci\\u00f3 este jueves mediante un comunicado de prensa que la Galer\\u00eda de Arte-Sala de Exposiciones \\u201cLe Petit Atelier\\u201d acoger\\u00e1 desde hoy hasta el 3 de junio una exposici\\u00f3n denominada \\u201cSmells Like Pop Spirit\\u201d del pintor candas\\u00edn Joaqu\\u00edn Vi\\u00f1a. El comunicado de prensa del Ayuntamiento de Carre\\u00f1o recoge la siguiente\",\"inLanguage\":\"es-ES\",\"isPartOf\":{\"@id\":\"https:\\\/\\\/candas365.es\\\/noticias\\\/#website\"},\"breadcrumb\":{\"@id\":\"https:\\\/\\\/candas365.es\\\/noticias\\\/la-galeria-de-arte-le-petit-atelier-acogera-nueva-exposicion-de-joaquin-vina\\\/#breadcrumblist\"},\"author\":{\"@id\":\"https:\\\/\\\/candas365.es\\\/noticias\\\/author\\\/admin\\\/#author\"},\"creator\":{\"@id\":\"https:\\\/\\\/candas365.es\\\/noticias\\\/author\\\/admin\\\/#author\"},\"image\":{\"@type\":\"ImageObject\",\"url\":\"https:\\\/\\\/candas365.es\\\/noticias\\\/wp-content\\\/uploads\\\/2019\\\/05\\\/exposicion-joaquin-vi\\u00f1a.jpg\",\"@id\":\"https:\\\/\\\/candas365.es\\\/noticias\\\/la-galeria-de-arte-le-petit-atelier-acogera-nueva-exposicion-de-joaquin-vina\\\/#mainImage\",\"width\":1600,\"height\":1200},\"primaryImageOfPage\":{\"@id\":\"https:\\\/\\\/candas365.es\\\/noticias\\\/la-galeria-de-arte-le-petit-atelier-acogera-nueva-exposicion-de-joaquin-vina\\\/#mainImage\"},\"datePublished\":\"2019-05-09T09:31:09+02:00\",\"dateModified\":\"2019-05-09T09:31:09+02:00\"},{\"@type\":\"WebSite\",\"@id\":\"https:\\\/\\\/candas365.es\\\/noticias\\\/#website\",\"url\":\"https:\\\/\\\/candas365.es\\\/noticias\\\/\",\"name\":\"Cand\\u00e1s 365\",\"alternateName\":\"Cand\\u00e1s 365 Noticias\",\"description\":\"Actualidad desde Carre\\u00f1o para el mundo\",\"inLanguage\":\"es-ES\",\"publisher\":{\"@id\":\"https:\\\/\\\/candas365.es\\\/noticias\\\/#organization\"}}]}\n\t\t<\/script>\n\t\t<!-- All in One SEO Pro -->\r\n\t\t<title>La galer\u00eda de arte \u201cLe Petit Atelier\u201d acoger\u00e1 nueva exposici\u00f3n de Joaqu\u00edn Vi\u00f1a | Cand\u00e1s 365<\/title>\n\n","aioseo_head_json":{"title":"La galer\u00eda de arte \u201cLe Petit Atelier\u201d acoger\u00e1 nueva exposici\u00f3n de Joaqu\u00edn Vi\u00f1a | Cand\u00e1s 365","description":"La alcaldesa de Carre\u00f1o, Amelia Fern\u00e1ndez, anunci\u00f3 este jueves mediante un comunicado de prensa que la Galer\u00eda de Arte-Sala de Exposiciones \u201cLe Petit Atelier\u201d acoger\u00e1 desde hoy hasta el 3 de junio una exposici\u00f3n denominada \u201cSmells Like Pop Spirit\u201d del pintor candas\u00edn Joaqu\u00edn Vi\u00f1a. El comunicado de prensa del Ayuntamiento de Carre\u00f1o recoge la siguiente","canonical_url":"https:\/\/candas365.es\/noticias\/la-galeria-de-arte-le-petit-atelier-acogera-nueva-exposicion-de-joaquin-vina\/","robots":"max-image-preview:large","keywords":"noticias carre\u00f1o","webmasterTools":{"google-site-verification":"UA-32230408-1","msvalidate.01":"354F3CDFB2DA171B47FBE9ABF1F88D5","miscellaneous":""},"schema":{"@context":"https:\/\/schema.org","@graph":[{"@type":"BreadcrumbList","@id":"https:\/\/candas365.es\/noticias\/la-galeria-de-arte-le-petit-atelier-acogera-nueva-exposicion-de-joaquin-vina\/#breadcrumblist","itemListElement":[{"@type":"ListItem","@id":"https:\/\/candas365.es\/noticias#listItem","position":1,"name":"Home","item":"https:\/\/candas365.es\/noticias","nextItem":{"@type":"ListItem","@id":"https:\/\/candas365.es\/noticias\/category\/noticias-carreno\/#listItem","name":"Noticias Carre\u00f1o"}},{"@type":"ListItem","@id":"https:\/\/candas365.es\/noticias\/category\/noticias-carreno\/#listItem","position":2,"name":"Noticias Carre\u00f1o","item":"https:\/\/candas365.es\/noticias\/category\/noticias-carreno\/","nextItem":{"@type":"ListItem","@id":"https:\/\/candas365.es\/noticias\/la-galeria-de-arte-le-petit-atelier-acogera-nueva-exposicion-de-joaquin-vina\/#listItem","name":"La galer\u00eda de arte \u201cLe Petit Atelier\u201d acoger\u00e1 nueva exposici\u00f3n de Joaqu\u00edn Vi\u00f1a"},"previousItem":{"@type":"ListItem","@id":"https:\/\/candas365.es\/noticias#listItem","name":"Home"}},{"@type":"ListItem","@id":"https:\/\/candas365.es\/noticias\/la-galeria-de-arte-le-petit-atelier-acogera-nueva-exposicion-de-joaquin-vina\/#listItem","position":3,"name":"La galer\u00eda de arte \u201cLe Petit Atelier\u201d acoger\u00e1 nueva exposici\u00f3n de Joaqu\u00edn Vi\u00f1a","previousItem":{"@type":"ListItem","@id":"https:\/\/candas365.es\/noticias\/category\/noticias-carreno\/#listItem","name":"Noticias Carre\u00f1o"}}]},{"@type":"NewsArticle","@id":"https:\/\/candas365.es\/noticias\/la-galeria-de-arte-le-petit-atelier-acogera-nueva-exposicion-de-joaquin-vina\/#newsarticle","name":"La galer\u00eda de arte \u201cLe Petit Atelier\u201d acoger\u00e1 nueva exposici\u00f3n de Joaqu\u00edn Vi\u00f1a | Cand\u00e1s 365","headline":"La galer\u00eda de arte \u201cLe Petit Atelier\u201d acoger\u00e1 nueva exposici\u00f3n de Joaqu\u00edn Vi\u00f1a","author":{"@id":"https:\/\/candas365.es\/noticias\/author\/admin\/#author"},"publisher":{"@id":"https:\/\/candas365.es\/noticias\/#organization"},"image":{"@type":"ImageObject","url":"https:\/\/candas365.es\/noticias\/wp-content\/uploads\/2019\/05\/exposicion-joaquin-vi\u00f1a.jpg","width":1600,"height":1200},"datePublished":"2019-05-09T09:31:09+02:00","dateModified":"2019-05-09T09:31:09+02:00","inLanguage":"es-ES","mainEntityOfPage":{"@id":"https:\/\/candas365.es\/noticias\/la-galeria-de-arte-le-petit-atelier-acogera-nueva-exposicion-de-joaquin-vina\/#webpage"},"isPartOf":{"@id":"https:\/\/candas365.es\/noticias\/la-galeria-de-arte-le-petit-atelier-acogera-nueva-exposicion-de-joaquin-vina\/#webpage"},"articleSection":"Noticias Carre\u00f1o","dateline":"Publicado el mayo 9, 2019."},{"@type":"Organization","@id":"https:\/\/candas365.es\/noticias\/#organization","name":"Cand\u00e1s 365","description":"Cand\u00e1s 365 es un diario digital independiente, fundado en 2012, con base en Asturias. Informamos con rigor sobre actualidad, sociedad, cultura y ocio, con una mirada local y global.","url":"https:\/\/candas365.es\/noticias\/","email":"info@candas365.es","telephone":"+34652131393","foundingDate":"2012-06-10","logo":{"@type":"ImageObject","url":"https:\/\/candas365.es\/noticias\/wp-content\/uploads\/2024\/09\/Candas-365-Redes.jpg","@id":"https:\/\/candas365.es\/noticias\/la-galeria-de-arte-le-petit-atelier-acogera-nueva-exposicion-de-joaquin-vina\/#organizationLogo","width":1152,"height":864,"caption":"Cand\u00e1s 365 Redes"},"image":{"@id":"https:\/\/candas365.es\/noticias\/la-galeria-de-arte-le-petit-atelier-acogera-nueva-exposicion-de-joaquin-vina\/#organizationLogo"},"sameAs":["https:\/\/www.facebook.com\/Nachofdezber","https:\/\/x.com\/NabercoDigital","https:\/\/www.instagram.com\/nachofdezber\/","https:\/\/www.youtube.com\/channel\/UCZP-2wLEB9Rv6erhFmqVnvg"],"address":{"@id":"https:\/\/candas365.es\/noticias\/#postaladdress","@type":"PostalAddress","streetAddress":"san antonio 4, san antonio 4","postalCode":"33430","addressLocality":"Cand\u00e1s","addressRegion":"Asturias","addressCountry":"ES"}},{"@type":"Person","@id":"https:\/\/candas365.es\/noticias\/author\/admin\/#author","url":"https:\/\/candas365.es\/noticias\/author\/admin\/","name":"Cand\u00e1s 365","image":{"@type":"ImageObject","@id":"https:\/\/candas365.es\/noticias\/la-galeria-de-arte-le-petit-atelier-acogera-nueva-exposicion-de-joaquin-vina\/#authorImage","url":"https:\/\/secure.gravatar.com\/avatar\/496a8e03d0c493ede1718b7934145dbdf8d89be1036b0eec9544e1094c9de390?s=96&d=mm&r=g","width":96,"height":96,"caption":"Cand\u00e1s 365"},"sameAs":["https:\/\/www.facebook.com\/carrenoactualidad","https:\/\/twitter.com\/nbasturias","https:\/\/www.instagram.com\/nachofdezber\/","https:\/\/www.youtube.com\/channel\/UCZP-2wLEB9Rv6erhFmqVnvg"]},{"@type":"WebPage","@id":"https:\/\/candas365.es\/noticias\/la-galeria-de-arte-le-petit-atelier-acogera-nueva-exposicion-de-joaquin-vina\/#webpage","url":"https:\/\/candas365.es\/noticias\/la-galeria-de-arte-le-petit-atelier-acogera-nueva-exposicion-de-joaquin-vina\/","name":"La galer\u00eda de arte \u201cLe Petit Atelier\u201d acoger\u00e1 nueva exposici\u00f3n de Joaqu\u00edn Vi\u00f1a | Cand\u00e1s 365","description":"La alcaldesa de Carre\u00f1o, Amelia Fern\u00e1ndez, anunci\u00f3 este jueves mediante un comunicado de prensa que la Galer\u00eda de Arte-Sala de Exposiciones \u201cLe Petit Atelier\u201d acoger\u00e1 desde hoy hasta el 3 de junio una exposici\u00f3n denominada \u201cSmells Like Pop Spirit\u201d del pintor candas\u00edn Joaqu\u00edn Vi\u00f1a. El comunicado de prensa del Ayuntamiento de Carre\u00f1o recoge la siguiente","inLanguage":"es-ES","isPartOf":{"@id":"https:\/\/candas365.es\/noticias\/#website"},"breadcrumb":{"@id":"https:\/\/candas365.es\/noticias\/la-galeria-de-arte-le-petit-atelier-acogera-nueva-exposicion-de-joaquin-vina\/#breadcrumblist"},"author":{"@id":"https:\/\/candas365.es\/noticias\/author\/admin\/#author"},"creator":{"@id":"https:\/\/candas365.es\/noticias\/author\/admin\/#author"},"image":{"@type":"ImageObject","url":"https:\/\/candas365.es\/noticias\/wp-content\/uploads\/2019\/05\/exposicion-joaquin-vi\u00f1a.jpg","@id":"https:\/\/candas365.es\/noticias\/la-galeria-de-arte-le-petit-atelier-acogera-nueva-exposicion-de-joaquin-vina\/#mainImage","width":1600,"height":1200},"primaryImageOfPage":{"@id":"https:\/\/candas365.es\/noticias\/la-galeria-de-arte-le-petit-atelier-acogera-nueva-exposicion-de-joaquin-vina\/#mainImage"},"datePublished":"2019-05-09T09:31:09+02:00","dateModified":"2019-05-09T09:31:09+02:00"},{"@type":"WebSite","@id":"https:\/\/candas365.es\/noticias\/#website","url":"https:\/\/candas365.es\/noticias\/","name":"Cand\u00e1s 365","alternateName":"Cand\u00e1s 365 Noticias","description":"Actualidad desde Carre\u00f1o para el mundo","inLanguage":"es-ES","publisher":{"@id":"https:\/\/candas365.es\/noticias\/#organization"}}]},"og:locale":"es_ES","og:site_name":"Cand\u00e1s 365","og:type":"article","og:title":"La galer\u00eda de arte \u201cLe Petit Atelier\u201d acoger\u00e1 nueva exposici\u00f3n de Joaqu\u00edn Vi\u00f1a | Cand\u00e1s 365","og:description":"La alcaldesa de Carre\u00f1o, Amelia Fern\u00e1ndez, anunci\u00f3 este jueves mediante un comunicado de prensa que la Galer\u00eda de Arte-Sala de Exposiciones \u201cLe Petit Atelier\u201d acoger\u00e1 desde hoy hasta el 3 de junio una exposici\u00f3n denominada \u201cSmells Like Pop Spirit\u201d del pintor candas\u00edn Joaqu\u00edn Vi\u00f1a. El comunicado de prensa del Ayuntamiento de Carre\u00f1o recoge la siguiente","og:url":"https:\/\/candas365.es\/noticias\/la-galeria-de-arte-le-petit-atelier-acogera-nueva-exposicion-de-joaquin-vina\/","og:image":"https:\/\/candas365.es\/noticias\/wp-content\/uploads\/2019\/05\/exposicion-joaquin-vi\u00f1a.jpg","og:image:secure_url":"https:\/\/candas365.es\/noticias\/wp-content\/uploads\/2019\/05\/exposicion-joaquin-vi\u00f1a.jpg","og:image:width":1600,"og:image:height":1200,"article:published_time":"2019-05-09T09:31:09+00:00","article:modified_time":"2019-05-09T09:31:09+00:00","article:publisher":"https:\/\/www.facebook.com\/Nachofdezber","article:author":"https:\/\/www.facebook.com\/carrenoactualidad","twitter:card":"summary_large_image","twitter:site":"@NabercoDigital","twitter:title":"La galer\u00eda de arte \u201cLe Petit Atelier\u201d acoger\u00e1 nueva exposici\u00f3n de Joaqu\u00edn Vi\u00f1a | Cand\u00e1s 365","twitter:description":"La alcaldesa de Carre\u00f1o, Amelia Fern\u00e1ndez, anunci\u00f3 este jueves mediante un comunicado de prensa que la Galer\u00eda de Arte-Sala de Exposiciones \u201cLe Petit Atelier\u201d acoger\u00e1 desde hoy hasta el 3 de junio una exposici\u00f3n denominada \u201cSmells Like Pop Spirit\u201d del pintor candas\u00edn Joaqu\u00edn Vi\u00f1a. El comunicado de prensa del Ayuntamiento de Carre\u00f1o recoge la siguiente","twitter:creator":"@nbasturias","twitter:image":"https:\/\/candas365.es\/noticias\/wp-content\/uploads\/2019\/05\/exposicion-joaquin-vi\u00f1a.jpg","twitter:label1":"Escrito por","twitter:data1":"Cand\u00e1s 365","twitter:label2":"Tiempo de lectura estimado","twitter:data2":"2 minutos"},"aioseo_meta_data":{"post_id":"122167","title":null,"description":null,"keywords":null,"keyphrases":null,"primary_term":null,"canonical_url":null,"og_title":null,"og_description":null,"og_object_type":"default","og_image_type":"default","og_image_url":null,"og_image_width":null,"og_image_height":null,"og_image_custom_url":null,"og_image_custom_fields":null,"og_video":null,"og_custom_url":null,"og_article_section":null,"og_article_tags":null,"twitter_use_og":false,"twitter_card":"default","twitter_image_type":"default","twitter_image_url":null,"twitter_image_custom_url":null,"twitter_image_custom_fields":null,"twitter_title":null,"twitter_description":null,"schema":{"blockGraphs":[],"customGraphs":[],"default":{"data":{"Article":[],"Course":[],"Dataset":[],"FAQPage":[],"Movie":[],"Person":[],"Product":[],"ProductReview":[],"Car":[],"Recipe":[],"Service":[],"SoftwareApplication":[],"WebPage":[]},"graphName":"","isEnabled":true},"graphs":[]},"schema_type":null,"schema_type_options":null,"pillar_content":false,"robots_default":true,"robots_noindex":false,"robots_noarchive":false,"robots_nosnippet":false,"robots_nofollow":false,"robots_noimageindex":false,"robots_noodp":false,"robots_notranslate":false,"robots_max_snippet":null,"robots_max_videopreview":null,"robots_max_imagepreview":"large","priority":null,"frequency":null,"location":null,"local_seo":null,"seo_analyzer_scan_date":"2025-08-29 22:05:17","breadcrumb_settings":null,"limit_modified_date":false,"reviewed_by":null,"open_ai":null,"ai":null,"created":"2020-12-21 10:57:44","updated":"2025-08-29 22:05:17"},"aioseo_breadcrumb":"<div class=\"aioseo-breadcrumbs\"><span class=\"aioseo-breadcrumb\">\n\t<a href=\"https:\/\/candas365.es\/noticias\" title=\"Home\">Home<\/a>\n<\/span><span class=\"aioseo-breadcrumb-separator\">&ndash;<\/span><span class=\"aioseo-breadcrumb\">\n\t<a href=\"https:\/\/candas365.es\/noticias\/category\/noticias-carreno\/\" title=\"Noticias Carre\u00f1o\">Noticias Carre\u00f1o<\/a>\n<\/span><span class=\"aioseo-breadcrumb-separator\">&ndash;<\/span><span class=\"aioseo-breadcrumb\">\n\tLa galer\u00eda de arte \u201cLe Petit Atelier\u201d acoger\u00e1 nueva exposici\u00f3n de Joaqu\u00edn Vi\u00f1a\n<\/span><\/div>","aioseo_breadcrumb_json":[{"label":"Home","link":"https:\/\/candas365.es\/noticias"},{"label":"Noticias Carre\u00f1o","link":"https:\/\/candas365.es\/noticias\/category\/noticias-carreno\/"},{"label":"La galer\u00eda de arte \u201cLe Petit Atelier\u201d acoger\u00e1 nueva exposici\u00f3n de Joaqu\u00edn Vi\u00f1a","link":"https:\/\/candas365.es\/noticias\/la-galeria-de-arte-le-petit-atelier-acogera-nueva-exposicion-de-joaquin-vina\/"}],"_links":{"self":[{"href":"https:\/\/candas365.es\/noticias\/wp-json\/wp\/v2\/posts\/122167","targetHints":{"allow":["GET"]}}],"collection":[{"href":"https:\/\/candas365.es\/noticias\/wp-json\/wp\/v2\/posts"}],"about":[{"href":"https:\/\/candas365.es\/noticias\/wp-json\/wp\/v2\/types\/post"}],"author":[{"embeddable":true,"href":"https:\/\/candas365.es\/noticias\/wp-json\/wp\/v2\/users\/1"}],"replies":[{"embeddable":true,"href":"https:\/\/candas365.es\/noticias\/wp-json\/wp\/v2\/comments?post=122167"}],"version-history":[{"count":0,"href":"https:\/\/candas365.es\/noticias\/wp-json\/wp\/v2\/posts\/122167\/revisions"}],"wp:featuredmedia":[{"embeddable":true,"href":"https:\/\/candas365.es\/noticias\/wp-json\/wp\/v2\/media\/122168"}],"wp:attachment":[{"href":"https:\/\/candas365.es\/noticias\/wp-json\/wp\/v2\/media?parent=122167"}],"wp:term":[{"taxonomy":"category","embeddable":true,"href":"https:\/\/candas365.es\/noticias\/wp-json\/wp\/v2\/categories?post=122167"},{"taxonomy":"post_tag","embeddable":true,"href":"https:\/\/candas365.es\/noticias\/wp-json\/wp\/v2\/tags?post=122167"}],"curies":[{"name":"wp","href":"https:\/\/api.w.org\/{rel}","templated":true}]}}