{"id":122049,"date":"2019-05-07T06:09:22","date_gmt":"2019-05-07T06:09:22","guid":{"rendered":"http:\/\/candas365.es\/noticias\/?p=122049"},"modified":"2019-05-07T06:09:22","modified_gmt":"2019-05-07T06:09:22","slug":"el-frankfurt-desmiente-contactos-con-el-real-madrid-por-jovic","status":"publish","type":"post","link":"https:\/\/candas365.es\/noticias\/el-frankfurt-desmiente-contactos-con-el-real-madrid-por-jovic\/","title":{"rendered":"El Frankfurt desmiente contactos con el Real Madrid por Jovic"},"content":{"rendered":"<figure id=\"attachment_122050\" aria-describedby=\"caption-attachment-122050\" style=\"width: 360px\" class=\"wp-caption alignleft\"><img fetchpriority=\"high\" decoding=\"async\" class=\"size-medium wp-image-122050\" src=\"https:\/\/candas365.es\/noticias\/wp-content\/uploads\/2019\/05\/Rumores-Jovic-360x241.jpg\" alt=\"\" width=\"360\" height=\"241\" srcset=\"https:\/\/candas365.es\/noticias\/wp-content\/uploads\/2019\/05\/Rumores-Jovic-360x241.jpg 360w, https:\/\/candas365.es\/noticias\/wp-content\/uploads\/2019\/05\/Rumores-Jovic-768x515.jpg 768w, https:\/\/candas365.es\/noticias\/wp-content\/uploads\/2019\/05\/Rumores-Jovic-655x439.jpg 655w, https:\/\/candas365.es\/noticias\/wp-content\/uploads\/2019\/05\/Rumores-Jovic-696x467.jpg 696w, https:\/\/candas365.es\/noticias\/wp-content\/uploads\/2019\/05\/Rumores-Jovic-627x420.jpg 627w, https:\/\/candas365.es\/noticias\/wp-content\/uploads\/2019\/05\/Rumores-Jovic.jpg 992w\" sizes=\"(max-width: 360px) 100vw, 360px\" \/><figcaption id=\"caption-attachment-122050\" class=\"wp-caption-text\">El director deportivo del Eintracht Frankfurt, Fredi Bobic. Foto: Uwe Anspach\/dpa<\/figcaption><\/figure>\n<p>Fr\u00e1ncfort\/Madrid, 6 may (dpa) &#8211; El director deportivo del Eintracht Frankfurt, Fredi Bobic, desminti\u00f3 cualquier contacto por el jugador serbio del equipo alem\u00e1n Luka Jovic por parte del Real Madrid.<\/p>\n<p>\u00abPor una vez no necesito mentir. Realmente no hubo ning\u00fan contacto\u00bb, dijo Bobic al canal de televisi\u00f3n deportivo estadounidense ESPN.<\/p>\n<p>Por su parte, Jan Strasheim, el director de comunicaci\u00f3n del Eintracht, se\u00f1al\u00f3 el s\u00e1bado a dpa que el equipo de la Bundesliga \u00abno har\u00e1 ning\u00fan pronunciamiento a cualquier tipo de rumores\u00bb.<\/p>\n<p>Seg\u00fan el diario deportivo espa\u00f1ol \u00abAS\u00bb, el delantero serbio fichar\u00e1 la pr\u00f3xima temporada por el club de la capital de Espa\u00f1a por 60 millones de euros, en un contrato de seis a\u00f1os de duraci\u00f3n.<\/p>\n<p>La noticia asegura que el Eintracht Frankfurt recibir\u00eda 48 millones de euros (casi 54 millones de d\u00f3lares). Los otros 12 millones ir\u00edan a parar al Benfica de Lisboa, el anterior equipo del goleador de 21 a\u00f1os.<\/p>\n<p>\u00abDichas informaciones de prensa son a veces prematuras y se les da credibilidad\u00bb, dijo Bobic el domingo en el canal de televisi\u00f3n Sky antes del partido de la Bundesliga del Eintracht Frankfurt ante el Bayer Leverkusen.<\/p>\n<p>\u00abEst\u00e1 claro que es un jugador incre\u00edblemente codiciado en el mercado\u00bb, afirm\u00f3 Bobic.<\/p>\n<p>Hasta ahora, Jovic anot\u00f3 17 goles esta temporada de la Bundesliga y nueve en la Liga Europa. El jueves pasado hizo el tanto de su equipo en el duelo de ida de las semifinales de la Liga Europa contra el Chelsea (1-1).<\/p>\n<p>El Frankfurt hizo hace dos semanas efectiva una opci\u00f3n de compra del jugador cedido por el Benfica y firm\u00f3 un contrato hasta el 30 de junio de 2023.<\/p>\n<p>El club germano no brind\u00f3 detalles sobre la suma de transferencia, que los medios calculaban en unos siete millones de euros. Jovic fue prestado al Frankfurt a mediados de 2017.<\/p>\n<p>El Real Madrid y el Eintracht mantienen buenas relaciones desde hace mucho tiempo. Lucas Torr\u00f3, Omar Mascarell y Jes\u00fas Vallejo pasaron los \u00faltimos a\u00f1os por el club germano procedentes del equipo blanco.<\/p>\n","protected":false},"excerpt":{"rendered":"<p>Fr\u00e1ncfort\/Madrid, 6 may (dpa) &#8211; El director deportivo del Eintracht Frankfurt, Fredi Bobic, desminti\u00f3 cualquier contacto por el jugador serbio del equipo alem\u00e1n Luka Jovic por parte del Real Madrid. \u00abPor una vez no necesito mentir. Realmente no hubo ning\u00fan contacto\u00bb, dijo Bobic al canal de televisi\u00f3n deportivo estadounidense ESPN. Por su parte, Jan Strasheim,<\/p>\n","protected":false},"author":1,"featured_media":122050,"comment_status":"closed","ping_status":"closed","sticky":false,"template":"","format":"standard","meta":{"footnotes":""},"categories":[319],"tags":[],"class_list":{"0":"post-122049","1":"post","2":"type-post","3":"status-publish","4":"format-standard","5":"has-post-thumbnail","7":"category-deporte"},"aioseo_notices":[],"aioseo_head":"\n\t\t<!-- All in One SEO Pro 4.9.6.2 - aioseo.com -->\n\t<meta name=\"description\" content=\"Fr\u00e1ncfort\/Madrid, 6 may (dpa) - El director deportivo del Eintracht Frankfurt, Fredi Bobic, desminti\u00f3 cualquier contacto por el jugador serbio del equipo alem\u00e1n Luka Jovic por parte del Real Madrid. &quot;Por una vez no necesito mentir. Realmente no hubo ning\u00fan contacto&quot;, dijo Bobic al canal de televisi\u00f3n deportivo estadounidense ESPN. Por su parte, Jan Strasheim,\" \/>\n\t<meta name=\"robots\" content=\"max-image-preview:large\" \/>\n\t<meta name=\"author\" content=\"Cand\u00e1s 365\"\/>\n\t<meta name=\"google-site-verification\" content=\"UA-32230408-1\" \/>\n\t<meta name=\"msvalidate.01\" content=\"354F3CDFB2DA171B47FBE9ABF1F88D5\" \/>\n\t<meta name=\"keywords\" content=\"deporte\" \/>\n\t<link rel=\"canonical\" href=\"https:\/\/candas365.es\/noticias\/el-frankfurt-desmiente-contactos-con-el-real-madrid-por-jovic\/\" \/>\n\t<meta name=\"generator\" content=\"All in One SEO Pro (AIOSEO) 4.9.6.2\" \/>\n\t\t<meta property=\"og:locale\" content=\"es_ES\" \/>\n\t\t<meta property=\"og:site_name\" content=\"Cand\u00e1s 365\" \/>\n\t\t<meta property=\"og:type\" content=\"article\" \/>\n\t\t<meta property=\"og:title\" content=\"El Frankfurt desmiente contactos con el Real Madrid por Jovic | Cand\u00e1s 365\" \/>\n\t\t<meta property=\"og:description\" content=\"Fr\u00e1ncfort\/Madrid, 6 may (dpa) - El director deportivo del Eintracht Frankfurt, Fredi Bobic, desminti\u00f3 cualquier contacto por el jugador serbio del equipo alem\u00e1n Luka Jovic por parte del Real Madrid. &quot;Por una vez no necesito mentir. Realmente no hubo ning\u00fan contacto&quot;, dijo Bobic al canal de televisi\u00f3n deportivo estadounidense ESPN. Por su parte, Jan Strasheim,\" \/>\n\t\t<meta property=\"og:url\" content=\"https:\/\/candas365.es\/noticias\/el-frankfurt-desmiente-contactos-con-el-real-madrid-por-jovic\/\" \/>\n\t\t<meta property=\"og:image\" content=\"https:\/\/candas365.es\/noticias\/wp-content\/uploads\/2019\/05\/Rumores-Jovic.jpg\" \/>\n\t\t<meta property=\"og:image:secure_url\" content=\"https:\/\/candas365.es\/noticias\/wp-content\/uploads\/2019\/05\/Rumores-Jovic.jpg\" \/>\n\t\t<meta property=\"og:image:width\" content=\"992\" \/>\n\t\t<meta property=\"og:image:height\" content=\"665\" \/>\n\t\t<meta property=\"article:published_time\" content=\"2019-05-07T06:09:22+00:00\" \/>\n\t\t<meta property=\"article:modified_time\" content=\"2019-05-07T06:09:22+00:00\" \/>\n\t\t<meta property=\"article:publisher\" content=\"https:\/\/www.facebook.com\/Nachofdezber\" \/>\n\t\t<meta property=\"article:author\" content=\"https:\/\/www.facebook.com\/carrenoactualidad\" \/>\n\t\t<meta name=\"twitter:card\" content=\"summary_large_image\" \/>\n\t\t<meta name=\"twitter:site\" content=\"@NabercoDigital\" \/>\n\t\t<meta name=\"twitter:title\" content=\"El Frankfurt desmiente contactos con el Real Madrid por Jovic | Cand\u00e1s 365\" \/>\n\t\t<meta name=\"twitter:description\" content=\"Fr\u00e1ncfort\/Madrid, 6 may (dpa) - El director deportivo del Eintracht Frankfurt, Fredi Bobic, desminti\u00f3 cualquier contacto por el jugador serbio del equipo alem\u00e1n Luka Jovic por parte del Real Madrid. &quot;Por una vez no necesito mentir. Realmente no hubo ning\u00fan contacto&quot;, dijo Bobic al canal de televisi\u00f3n deportivo estadounidense ESPN. Por su parte, Jan Strasheim,\" \/>\n\t\t<meta name=\"twitter:creator\" content=\"@nbasturias\" \/>\n\t\t<meta name=\"twitter:image\" content=\"https:\/\/candas365.es\/noticias\/wp-content\/uploads\/2019\/05\/Rumores-Jovic.jpg\" \/>\n\t\t<meta name=\"twitter:label1\" content=\"Escrito por\" \/>\n\t\t<meta name=\"twitter:data1\" content=\"Cand\u00e1s 365\" \/>\n\t\t<meta name=\"twitter:label2\" content=\"Tiempo de lectura estimado\" \/>\n\t\t<meta name=\"twitter:data2\" content=\"2 minutos\" \/>\n\t\t<script type=\"application\/ld+json\" class=\"aioseo-schema\">\n\t\t\t{\"@context\":\"https:\\\/\\\/schema.org\",\"@graph\":[{\"@type\":\"BreadcrumbList\",\"@id\":\"https:\\\/\\\/candas365.es\\\/noticias\\\/el-frankfurt-desmiente-contactos-con-el-real-madrid-por-jovic\\\/#breadcrumblist\",\"itemListElement\":[{\"@type\":\"ListItem\",\"@id\":\"https:\\\/\\\/candas365.es\\\/noticias#listItem\",\"position\":1,\"name\":\"Home\",\"item\":\"https:\\\/\\\/candas365.es\\\/noticias\",\"nextItem\":{\"@type\":\"ListItem\",\"@id\":\"https:\\\/\\\/candas365.es\\\/noticias\\\/category\\\/deporte\\\/#listItem\",\"name\":\"Deporte\"}},{\"@type\":\"ListItem\",\"@id\":\"https:\\\/\\\/candas365.es\\\/noticias\\\/category\\\/deporte\\\/#listItem\",\"position\":2,\"name\":\"Deporte\",\"item\":\"https:\\\/\\\/candas365.es\\\/noticias\\\/category\\\/deporte\\\/\",\"nextItem\":{\"@type\":\"ListItem\",\"@id\":\"https:\\\/\\\/candas365.es\\\/noticias\\\/el-frankfurt-desmiente-contactos-con-el-real-madrid-por-jovic\\\/#listItem\",\"name\":\"El Frankfurt desmiente contactos con el Real Madrid por Jovic\"},\"previousItem\":{\"@type\":\"ListItem\",\"@id\":\"https:\\\/\\\/candas365.es\\\/noticias#listItem\",\"name\":\"Home\"}},{\"@type\":\"ListItem\",\"@id\":\"https:\\\/\\\/candas365.es\\\/noticias\\\/el-frankfurt-desmiente-contactos-con-el-real-madrid-por-jovic\\\/#listItem\",\"position\":3,\"name\":\"El Frankfurt desmiente contactos con el Real Madrid por Jovic\",\"previousItem\":{\"@type\":\"ListItem\",\"@id\":\"https:\\\/\\\/candas365.es\\\/noticias\\\/category\\\/deporte\\\/#listItem\",\"name\":\"Deporte\"}}]},{\"@type\":\"NewsArticle\",\"@id\":\"https:\\\/\\\/candas365.es\\\/noticias\\\/el-frankfurt-desmiente-contactos-con-el-real-madrid-por-jovic\\\/#newsarticle\",\"name\":\"El Frankfurt desmiente contactos con el Real Madrid por Jovic | Cand\\u00e1s 365\",\"headline\":\"El Frankfurt desmiente contactos con el Real Madrid por Jovic\",\"author\":{\"@id\":\"https:\\\/\\\/candas365.es\\\/noticias\\\/author\\\/admin\\\/#author\"},\"publisher\":{\"@id\":\"https:\\\/\\\/candas365.es\\\/noticias\\\/#organization\"},\"image\":{\"@type\":\"ImageObject\",\"url\":\"https:\\\/\\\/candas365.es\\\/noticias\\\/wp-content\\\/uploads\\\/2019\\\/05\\\/Rumores-Jovic.jpg\",\"width\":992,\"height\":665,\"caption\":\"El director deportivo del Eintracht Frankfurt, Fredi Bobic. Foto: Uwe Anspach\\\/dpa\"},\"datePublished\":\"2019-05-07T06:09:22+02:00\",\"dateModified\":\"2019-05-07T06:09:22+02:00\",\"inLanguage\":\"es-ES\",\"mainEntityOfPage\":{\"@id\":\"https:\\\/\\\/candas365.es\\\/noticias\\\/el-frankfurt-desmiente-contactos-con-el-real-madrid-por-jovic\\\/#webpage\"},\"isPartOf\":{\"@id\":\"https:\\\/\\\/candas365.es\\\/noticias\\\/el-frankfurt-desmiente-contactos-con-el-real-madrid-por-jovic\\\/#webpage\"},\"articleSection\":\"Deporte\",\"dateline\":\"Publicado el mayo 7, 2019.\"},{\"@type\":\"Organization\",\"@id\":\"https:\\\/\\\/candas365.es\\\/noticias\\\/#organization\",\"name\":\"Cand\\u00e1s 365\",\"description\":\"Cand\\u00e1s 365 es un diario digital independiente, fundado en 2012, con base en Asturias. Informamos con rigor sobre actualidad, sociedad, cultura y ocio, con una mirada local y global.\",\"url\":\"https:\\\/\\\/candas365.es\\\/noticias\\\/\",\"email\":\"info@candas365.es\",\"telephone\":\"+34652131393\",\"foundingDate\":\"2012-06-10\",\"logo\":{\"@type\":\"ImageObject\",\"url\":\"https:\\\/\\\/candas365.es\\\/noticias\\\/wp-content\\\/uploads\\\/2024\\\/09\\\/Candas-365-Redes.jpg\",\"@id\":\"https:\\\/\\\/candas365.es\\\/noticias\\\/el-frankfurt-desmiente-contactos-con-el-real-madrid-por-jovic\\\/#organizationLogo\",\"width\":1152,\"height\":864,\"caption\":\"Cand\\u00e1s 365 Redes\"},\"image\":{\"@id\":\"https:\\\/\\\/candas365.es\\\/noticias\\\/el-frankfurt-desmiente-contactos-con-el-real-madrid-por-jovic\\\/#organizationLogo\"},\"sameAs\":[\"https:\\\/\\\/www.facebook.com\\\/Nachofdezber\",\"https:\\\/\\\/x.com\\\/NabercoDigital\",\"https:\\\/\\\/www.instagram.com\\\/nachofdezber\\\/\",\"https:\\\/\\\/www.youtube.com\\\/channel\\\/UCZP-2wLEB9Rv6erhFmqVnvg\"],\"address\":{\"@id\":\"https:\\\/\\\/candas365.es\\\/noticias\\\/#postaladdress\",\"@type\":\"PostalAddress\",\"streetAddress\":\"san antonio 4, san antonio 4\",\"postalCode\":\"33430\",\"addressLocality\":\"Cand\\u00e1s\",\"addressRegion\":\"Asturias\",\"addressCountry\":\"ES\"}},{\"@type\":\"Person\",\"@id\":\"https:\\\/\\\/candas365.es\\\/noticias\\\/author\\\/admin\\\/#author\",\"url\":\"https:\\\/\\\/candas365.es\\\/noticias\\\/author\\\/admin\\\/\",\"name\":\"Cand\\u00e1s 365\",\"image\":{\"@type\":\"ImageObject\",\"@id\":\"https:\\\/\\\/candas365.es\\\/noticias\\\/el-frankfurt-desmiente-contactos-con-el-real-madrid-por-jovic\\\/#authorImage\",\"url\":\"https:\\\/\\\/secure.gravatar.com\\\/avatar\\\/496a8e03d0c493ede1718b7934145dbdf8d89be1036b0eec9544e1094c9de390?s=96&d=mm&r=g\",\"width\":96,\"height\":96,\"caption\":\"Cand\\u00e1s 365\"},\"sameAs\":[\"https:\\\/\\\/www.facebook.com\\\/carrenoactualidad\",\"https:\\\/\\\/twitter.com\\\/nbasturias\",\"https:\\\/\\\/www.instagram.com\\\/nachofdezber\\\/\",\"https:\\\/\\\/www.youtube.com\\\/channel\\\/UCZP-2wLEB9Rv6erhFmqVnvg\"]},{\"@type\":\"WebPage\",\"@id\":\"https:\\\/\\\/candas365.es\\\/noticias\\\/el-frankfurt-desmiente-contactos-con-el-real-madrid-por-jovic\\\/#webpage\",\"url\":\"https:\\\/\\\/candas365.es\\\/noticias\\\/el-frankfurt-desmiente-contactos-con-el-real-madrid-por-jovic\\\/\",\"name\":\"El Frankfurt desmiente contactos con el Real Madrid por Jovic | Cand\\u00e1s 365\",\"description\":\"Fr\\u00e1ncfort\\\/Madrid, 6 may (dpa) - El director deportivo del Eintracht Frankfurt, Fredi Bobic, desminti\\u00f3 cualquier contacto por el jugador serbio del equipo alem\\u00e1n Luka Jovic por parte del Real Madrid. \\\"Por una vez no necesito mentir. Realmente no hubo ning\\u00fan contacto\\\", dijo Bobic al canal de televisi\\u00f3n deportivo estadounidense ESPN. Por su parte, Jan Strasheim,\",\"inLanguage\":\"es-ES\",\"isPartOf\":{\"@id\":\"https:\\\/\\\/candas365.es\\\/noticias\\\/#website\"},\"breadcrumb\":{\"@id\":\"https:\\\/\\\/candas365.es\\\/noticias\\\/el-frankfurt-desmiente-contactos-con-el-real-madrid-por-jovic\\\/#breadcrumblist\"},\"author\":{\"@id\":\"https:\\\/\\\/candas365.es\\\/noticias\\\/author\\\/admin\\\/#author\"},\"creator\":{\"@id\":\"https:\\\/\\\/candas365.es\\\/noticias\\\/author\\\/admin\\\/#author\"},\"image\":{\"@type\":\"ImageObject\",\"url\":\"https:\\\/\\\/candas365.es\\\/noticias\\\/wp-content\\\/uploads\\\/2019\\\/05\\\/Rumores-Jovic.jpg\",\"@id\":\"https:\\\/\\\/candas365.es\\\/noticias\\\/el-frankfurt-desmiente-contactos-con-el-real-madrid-por-jovic\\\/#mainImage\",\"width\":992,\"height\":665,\"caption\":\"El director deportivo del Eintracht Frankfurt, Fredi Bobic. Foto: Uwe Anspach\\\/dpa\"},\"primaryImageOfPage\":{\"@id\":\"https:\\\/\\\/candas365.es\\\/noticias\\\/el-frankfurt-desmiente-contactos-con-el-real-madrid-por-jovic\\\/#mainImage\"},\"datePublished\":\"2019-05-07T06:09:22+02:00\",\"dateModified\":\"2019-05-07T06:09:22+02:00\"},{\"@type\":\"WebSite\",\"@id\":\"https:\\\/\\\/candas365.es\\\/noticias\\\/#website\",\"url\":\"https:\\\/\\\/candas365.es\\\/noticias\\\/\",\"name\":\"Cand\\u00e1s 365\",\"alternateName\":\"Cand\\u00e1s 365 Noticias\",\"description\":\"Actualidad desde Carre\\u00f1o para el mundo\",\"inLanguage\":\"es-ES\",\"publisher\":{\"@id\":\"https:\\\/\\\/candas365.es\\\/noticias\\\/#organization\"}}]}\n\t\t<\/script>\n\t\t<!-- All in One SEO Pro -->\r\n\t\t<title>El Frankfurt desmiente contactos con el Real Madrid por Jovic | Cand\u00e1s 365<\/title>\n\n","aioseo_head_json":{"title":"El Frankfurt desmiente contactos con el Real Madrid por Jovic | Cand\u00e1s 365","description":"Fr\u00e1ncfort\/Madrid, 6 may (dpa) - El director deportivo del Eintracht Frankfurt, Fredi Bobic, desminti\u00f3 cualquier contacto por el jugador serbio del equipo alem\u00e1n Luka Jovic por parte del Real Madrid. \"Por una vez no necesito mentir. Realmente no hubo ning\u00fan contacto\", dijo Bobic al canal de televisi\u00f3n deportivo estadounidense ESPN. Por su parte, Jan Strasheim,","canonical_url":"https:\/\/candas365.es\/noticias\/el-frankfurt-desmiente-contactos-con-el-real-madrid-por-jovic\/","robots":"max-image-preview:large","keywords":"deporte","webmasterTools":{"google-site-verification":"UA-32230408-1","msvalidate.01":"354F3CDFB2DA171B47FBE9ABF1F88D5","miscellaneous":""},"schema":{"@context":"https:\/\/schema.org","@graph":[{"@type":"BreadcrumbList","@id":"https:\/\/candas365.es\/noticias\/el-frankfurt-desmiente-contactos-con-el-real-madrid-por-jovic\/#breadcrumblist","itemListElement":[{"@type":"ListItem","@id":"https:\/\/candas365.es\/noticias#listItem","position":1,"name":"Home","item":"https:\/\/candas365.es\/noticias","nextItem":{"@type":"ListItem","@id":"https:\/\/candas365.es\/noticias\/category\/deporte\/#listItem","name":"Deporte"}},{"@type":"ListItem","@id":"https:\/\/candas365.es\/noticias\/category\/deporte\/#listItem","position":2,"name":"Deporte","item":"https:\/\/candas365.es\/noticias\/category\/deporte\/","nextItem":{"@type":"ListItem","@id":"https:\/\/candas365.es\/noticias\/el-frankfurt-desmiente-contactos-con-el-real-madrid-por-jovic\/#listItem","name":"El Frankfurt desmiente contactos con el Real Madrid por Jovic"},"previousItem":{"@type":"ListItem","@id":"https:\/\/candas365.es\/noticias#listItem","name":"Home"}},{"@type":"ListItem","@id":"https:\/\/candas365.es\/noticias\/el-frankfurt-desmiente-contactos-con-el-real-madrid-por-jovic\/#listItem","position":3,"name":"El Frankfurt desmiente contactos con el Real Madrid por Jovic","previousItem":{"@type":"ListItem","@id":"https:\/\/candas365.es\/noticias\/category\/deporte\/#listItem","name":"Deporte"}}]},{"@type":"NewsArticle","@id":"https:\/\/candas365.es\/noticias\/el-frankfurt-desmiente-contactos-con-el-real-madrid-por-jovic\/#newsarticle","name":"El Frankfurt desmiente contactos con el Real Madrid por Jovic | Cand\u00e1s 365","headline":"El Frankfurt desmiente contactos con el Real Madrid por Jovic","author":{"@id":"https:\/\/candas365.es\/noticias\/author\/admin\/#author"},"publisher":{"@id":"https:\/\/candas365.es\/noticias\/#organization"},"image":{"@type":"ImageObject","url":"https:\/\/candas365.es\/noticias\/wp-content\/uploads\/2019\/05\/Rumores-Jovic.jpg","width":992,"height":665,"caption":"El director deportivo del Eintracht Frankfurt, Fredi Bobic. Foto: Uwe Anspach\/dpa"},"datePublished":"2019-05-07T06:09:22+02:00","dateModified":"2019-05-07T06:09:22+02:00","inLanguage":"es-ES","mainEntityOfPage":{"@id":"https:\/\/candas365.es\/noticias\/el-frankfurt-desmiente-contactos-con-el-real-madrid-por-jovic\/#webpage"},"isPartOf":{"@id":"https:\/\/candas365.es\/noticias\/el-frankfurt-desmiente-contactos-con-el-real-madrid-por-jovic\/#webpage"},"articleSection":"Deporte","dateline":"Publicado el mayo 7, 2019."},{"@type":"Organization","@id":"https:\/\/candas365.es\/noticias\/#organization","name":"Cand\u00e1s 365","description":"Cand\u00e1s 365 es un diario digital independiente, fundado en 2012, con base en Asturias. Informamos con rigor sobre actualidad, sociedad, cultura y ocio, con una mirada local y global.","url":"https:\/\/candas365.es\/noticias\/","email":"info@candas365.es","telephone":"+34652131393","foundingDate":"2012-06-10","logo":{"@type":"ImageObject","url":"https:\/\/candas365.es\/noticias\/wp-content\/uploads\/2024\/09\/Candas-365-Redes.jpg","@id":"https:\/\/candas365.es\/noticias\/el-frankfurt-desmiente-contactos-con-el-real-madrid-por-jovic\/#organizationLogo","width":1152,"height":864,"caption":"Cand\u00e1s 365 Redes"},"image":{"@id":"https:\/\/candas365.es\/noticias\/el-frankfurt-desmiente-contactos-con-el-real-madrid-por-jovic\/#organizationLogo"},"sameAs":["https:\/\/www.facebook.com\/Nachofdezber","https:\/\/x.com\/NabercoDigital","https:\/\/www.instagram.com\/nachofdezber\/","https:\/\/www.youtube.com\/channel\/UCZP-2wLEB9Rv6erhFmqVnvg"],"address":{"@id":"https:\/\/candas365.es\/noticias\/#postaladdress","@type":"PostalAddress","streetAddress":"san antonio 4, san antonio 4","postalCode":"33430","addressLocality":"Cand\u00e1s","addressRegion":"Asturias","addressCountry":"ES"}},{"@type":"Person","@id":"https:\/\/candas365.es\/noticias\/author\/admin\/#author","url":"https:\/\/candas365.es\/noticias\/author\/admin\/","name":"Cand\u00e1s 365","image":{"@type":"ImageObject","@id":"https:\/\/candas365.es\/noticias\/el-frankfurt-desmiente-contactos-con-el-real-madrid-por-jovic\/#authorImage","url":"https:\/\/secure.gravatar.com\/avatar\/496a8e03d0c493ede1718b7934145dbdf8d89be1036b0eec9544e1094c9de390?s=96&d=mm&r=g","width":96,"height":96,"caption":"Cand\u00e1s 365"},"sameAs":["https:\/\/www.facebook.com\/carrenoactualidad","https:\/\/twitter.com\/nbasturias","https:\/\/www.instagram.com\/nachofdezber\/","https:\/\/www.youtube.com\/channel\/UCZP-2wLEB9Rv6erhFmqVnvg"]},{"@type":"WebPage","@id":"https:\/\/candas365.es\/noticias\/el-frankfurt-desmiente-contactos-con-el-real-madrid-por-jovic\/#webpage","url":"https:\/\/candas365.es\/noticias\/el-frankfurt-desmiente-contactos-con-el-real-madrid-por-jovic\/","name":"El Frankfurt desmiente contactos con el Real Madrid por Jovic | Cand\u00e1s 365","description":"Fr\u00e1ncfort\/Madrid, 6 may (dpa) - El director deportivo del Eintracht Frankfurt, Fredi Bobic, desminti\u00f3 cualquier contacto por el jugador serbio del equipo alem\u00e1n Luka Jovic por parte del Real Madrid. \"Por una vez no necesito mentir. Realmente no hubo ning\u00fan contacto\", dijo Bobic al canal de televisi\u00f3n deportivo estadounidense ESPN. Por su parte, Jan Strasheim,","inLanguage":"es-ES","isPartOf":{"@id":"https:\/\/candas365.es\/noticias\/#website"},"breadcrumb":{"@id":"https:\/\/candas365.es\/noticias\/el-frankfurt-desmiente-contactos-con-el-real-madrid-por-jovic\/#breadcrumblist"},"author":{"@id":"https:\/\/candas365.es\/noticias\/author\/admin\/#author"},"creator":{"@id":"https:\/\/candas365.es\/noticias\/author\/admin\/#author"},"image":{"@type":"ImageObject","url":"https:\/\/candas365.es\/noticias\/wp-content\/uploads\/2019\/05\/Rumores-Jovic.jpg","@id":"https:\/\/candas365.es\/noticias\/el-frankfurt-desmiente-contactos-con-el-real-madrid-por-jovic\/#mainImage","width":992,"height":665,"caption":"El director deportivo del Eintracht Frankfurt, Fredi Bobic. Foto: Uwe Anspach\/dpa"},"primaryImageOfPage":{"@id":"https:\/\/candas365.es\/noticias\/el-frankfurt-desmiente-contactos-con-el-real-madrid-por-jovic\/#mainImage"},"datePublished":"2019-05-07T06:09:22+02:00","dateModified":"2019-05-07T06:09:22+02:00"},{"@type":"WebSite","@id":"https:\/\/candas365.es\/noticias\/#website","url":"https:\/\/candas365.es\/noticias\/","name":"Cand\u00e1s 365","alternateName":"Cand\u00e1s 365 Noticias","description":"Actualidad desde Carre\u00f1o para el mundo","inLanguage":"es-ES","publisher":{"@id":"https:\/\/candas365.es\/noticias\/#organization"}}]},"og:locale":"es_ES","og:site_name":"Cand\u00e1s 365","og:type":"article","og:title":"El Frankfurt desmiente contactos con el Real Madrid por Jovic | Cand\u00e1s 365","og:description":"Fr\u00e1ncfort\/Madrid, 6 may (dpa) - El director deportivo del Eintracht Frankfurt, Fredi Bobic, desminti\u00f3 cualquier contacto por el jugador serbio del equipo alem\u00e1n Luka Jovic por parte del Real Madrid. &quot;Por una vez no necesito mentir. Realmente no hubo ning\u00fan contacto&quot;, dijo Bobic al canal de televisi\u00f3n deportivo estadounidense ESPN. Por su parte, Jan Strasheim,","og:url":"https:\/\/candas365.es\/noticias\/el-frankfurt-desmiente-contactos-con-el-real-madrid-por-jovic\/","og:image":"https:\/\/candas365.es\/noticias\/wp-content\/uploads\/2019\/05\/Rumores-Jovic.jpg","og:image:secure_url":"https:\/\/candas365.es\/noticias\/wp-content\/uploads\/2019\/05\/Rumores-Jovic.jpg","og:image:width":992,"og:image:height":665,"article:published_time":"2019-05-07T06:09:22+00:00","article:modified_time":"2019-05-07T06:09:22+00:00","article:publisher":"https:\/\/www.facebook.com\/Nachofdezber","article:author":"https:\/\/www.facebook.com\/carrenoactualidad","twitter:card":"summary_large_image","twitter:site":"@NabercoDigital","twitter:title":"El Frankfurt desmiente contactos con el Real Madrid por Jovic | Cand\u00e1s 365","twitter:description":"Fr\u00e1ncfort\/Madrid, 6 may (dpa) - El director deportivo del Eintracht Frankfurt, Fredi Bobic, desminti\u00f3 cualquier contacto por el jugador serbio del equipo alem\u00e1n Luka Jovic por parte del Real Madrid. &quot;Por una vez no necesito mentir. Realmente no hubo ning\u00fan contacto&quot;, dijo Bobic al canal de televisi\u00f3n deportivo estadounidense ESPN. Por su parte, Jan Strasheim,","twitter:creator":"@nbasturias","twitter:image":"https:\/\/candas365.es\/noticias\/wp-content\/uploads\/2019\/05\/Rumores-Jovic.jpg","twitter:label1":"Escrito por","twitter:data1":"Cand\u00e1s 365","twitter:label2":"Tiempo de lectura estimado","twitter:data2":"2 minutos"},"aioseo_meta_data":{"post_id":"122049","title":null,"description":null,"keywords":null,"keyphrases":null,"primary_term":null,"canonical_url":null,"og_title":null,"og_description":null,"og_object_type":"default","og_image_type":"default","og_image_url":null,"og_image_width":null,"og_image_height":null,"og_image_custom_url":null,"og_image_custom_fields":null,"og_video":null,"og_custom_url":null,"og_article_section":null,"og_article_tags":null,"twitter_use_og":false,"twitter_card":"default","twitter_image_type":"default","twitter_image_url":null,"twitter_image_custom_url":null,"twitter_image_custom_fields":null,"twitter_title":null,"twitter_description":null,"schema":{"blockGraphs":[],"customGraphs":[],"default":{"data":{"Article":[],"Course":[],"Dataset":[],"FAQPage":[],"Movie":[],"Person":[],"Product":[],"ProductReview":[],"Car":[],"Recipe":[],"Service":[],"SoftwareApplication":[],"WebPage":[]},"graphName":"","isEnabled":true},"graphs":[]},"schema_type":null,"schema_type_options":null,"pillar_content":false,"robots_default":true,"robots_noindex":false,"robots_noarchive":false,"robots_nosnippet":false,"robots_nofollow":false,"robots_noimageindex":false,"robots_noodp":false,"robots_notranslate":false,"robots_max_snippet":null,"robots_max_videopreview":null,"robots_max_imagepreview":"large","priority":null,"frequency":null,"location":null,"local_seo":null,"seo_analyzer_scan_date":"2025-08-29 21:44:35","breadcrumb_settings":null,"limit_modified_date":false,"reviewed_by":null,"open_ai":null,"ai":null,"created":"2020-12-21 10:57:50","updated":"2025-08-29 21:44:35"},"aioseo_breadcrumb":"<div class=\"aioseo-breadcrumbs\"><span class=\"aioseo-breadcrumb\">\n\t<a href=\"https:\/\/candas365.es\/noticias\" title=\"Home\">Home<\/a>\n<\/span><span class=\"aioseo-breadcrumb-separator\">&ndash;<\/span><span class=\"aioseo-breadcrumb\">\n\t<a href=\"https:\/\/candas365.es\/noticias\/category\/deporte\/\" title=\"Deporte\">Deporte<\/a>\n<\/span><span class=\"aioseo-breadcrumb-separator\">&ndash;<\/span><span class=\"aioseo-breadcrumb\">\n\tEl Frankfurt desmiente contactos con el Real Madrid por Jovic\n<\/span><\/div>","aioseo_breadcrumb_json":[{"label":"Home","link":"https:\/\/candas365.es\/noticias"},{"label":"Deporte","link":"https:\/\/candas365.es\/noticias\/category\/deporte\/"},{"label":"El Frankfurt desmiente contactos con el Real Madrid por Jovic","link":"https:\/\/candas365.es\/noticias\/el-frankfurt-desmiente-contactos-con-el-real-madrid-por-jovic\/"}],"_links":{"self":[{"href":"https:\/\/candas365.es\/noticias\/wp-json\/wp\/v2\/posts\/122049","targetHints":{"allow":["GET"]}}],"collection":[{"href":"https:\/\/candas365.es\/noticias\/wp-json\/wp\/v2\/posts"}],"about":[{"href":"https:\/\/candas365.es\/noticias\/wp-json\/wp\/v2\/types\/post"}],"author":[{"embeddable":true,"href":"https:\/\/candas365.es\/noticias\/wp-json\/wp\/v2\/users\/1"}],"replies":[{"embeddable":true,"href":"https:\/\/candas365.es\/noticias\/wp-json\/wp\/v2\/comments?post=122049"}],"version-history":[{"count":0,"href":"https:\/\/candas365.es\/noticias\/wp-json\/wp\/v2\/posts\/122049\/revisions"}],"wp:featuredmedia":[{"embeddable":true,"href":"https:\/\/candas365.es\/noticias\/wp-json\/wp\/v2\/media\/122050"}],"wp:attachment":[{"href":"https:\/\/candas365.es\/noticias\/wp-json\/wp\/v2\/media?parent=122049"}],"wp:term":[{"taxonomy":"category","embeddable":true,"href":"https:\/\/candas365.es\/noticias\/wp-json\/wp\/v2\/categories?post=122049"},{"taxonomy":"post_tag","embeddable":true,"href":"https:\/\/candas365.es\/noticias\/wp-json\/wp\/v2\/tags?post=122049"}],"curies":[{"name":"wp","href":"https:\/\/api.w.org\/{rel}","templated":true}]}}