{"id":121962,"date":"2019-05-05T21:35:34","date_gmt":"2019-05-05T21:35:34","guid":{"rendered":"http:\/\/candas365.es\/noticias\/?p=121962"},"modified":"2019-05-05T21:35:34","modified_gmt":"2019-05-05T21:35:34","slug":"presentada-la-candidatura-de-foro-carreno","status":"publish","type":"post","link":"https:\/\/candas365.es\/noticias\/presentada-la-candidatura-de-foro-carreno\/","title":{"rendered":"Presentada la candidatura de FORO Carre\u00f1o"},"content":{"rendered":"<p><img fetchpriority=\"high\" decoding=\"async\" class=\"alignleft size-medium wp-image-121963\" src=\"https:\/\/candas365.es\/noticias\/wp-content\/uploads\/2019\/05\/presentacion-candidatura-carre\u00f1o-360x238.jpg\" alt=\"\" width=\"360\" height=\"238\" srcset=\"https:\/\/candas365.es\/noticias\/wp-content\/uploads\/2019\/05\/presentacion-candidatura-carre\u00f1o-360x238.jpg 360w, https:\/\/candas365.es\/noticias\/wp-content\/uploads\/2019\/05\/presentacion-candidatura-carre\u00f1o-768x508.jpg 768w, https:\/\/candas365.es\/noticias\/wp-content\/uploads\/2019\/05\/presentacion-candidatura-carre\u00f1o-655x433.jpg 655w, https:\/\/candas365.es\/noticias\/wp-content\/uploads\/2019\/05\/presentacion-candidatura-carre\u00f1o-696x460.jpg 696w, https:\/\/candas365.es\/noticias\/wp-content\/uploads\/2019\/05\/presentacion-candidatura-carre\u00f1o-1068x706.jpg 1068w, https:\/\/candas365.es\/noticias\/wp-content\/uploads\/2019\/05\/presentacion-candidatura-carre\u00f1o-635x420.jpg 635w, https:\/\/candas365.es\/noticias\/wp-content\/uploads\/2019\/05\/presentacion-candidatura-carre\u00f1o.jpg 1280w\" sizes=\"(max-width: 360px) 100vw, 360px\" \/>La presidenta de FORO Carre\u00f1o y candidata a la alcald\u00eda, Alejandra Mart\u00ednez, ha presentado hoy a los miembros de la candidatura local ante los medios de comunicaci\u00f3n. Estuvo acompa\u00f1ada por secretario general, Adri\u00e1n Pumares, y los diputados auton\u00f3micos Pedro Leal y Carmen Fern\u00e1ndez. Sandra, como es conocida en el concejo, se mostr\u00f3 feliz y orgullosa de su equipo. \u201cSin duda hoy presento un equipo para cambiar la actual situaci\u00f3n de declive de Carre\u00f1o, con personas sensatas y trabajadoras que tienen ganas de mejorar\u201d.<\/p>\n<p>Alejandra Mart\u00ednez, natural de Gij\u00f3n, es vecina de Cand\u00e1s desde hace doce a\u00f1os, ha regentado en la capital del concejo un negocio de hosteler\u00eda mientras que se dedicaba a otras funciones, a las que ahora dispone su plena actividad, como gestora inmobiliaria. Ha se\u00f1alado que \u201cme respaldan grandes profesionales como Violeta Fern\u00e1ndez, arquitecta en activo, y Javier Berdasco, especialista en red de aguas, con los que junto con Dimas \u00c1lvarez, pescador, y Faustino Rodr\u00edguez, ganadero, sumamos un gran abanico de experiencia. En este sentido, no puedo dejar de reconocer y agradecer el trabajo, val\u00eda y entrega de absolutamente todos los integrantes de la candidatura y el equipo que me acompa\u00f1a\u201d. \u201cIdeas tenemos muchas, pero ahora es necesario que los ciudadanos nos apoyen para poder ponerlas en funcionamiento\u201d a\u00f1adi\u00f3 Mart\u00ednez<\/p>\n<p>\u201cEl pasado jueves a trav\u00e9s de las redes lanzamos un v\u00eddeo bonito y positivo sobre nuestro concejo, con se\u00f1as de identidad de nuestro pueblo\u201d, indic\u00f3. \u201cLo hemos hecho nosotros, en equipo, y trata de nuestro concejo, mostrando nuestras costumbres y posibilidades de crecimiento, porque vamos a trabajar en positivo\u201d. A\u00f1adi\u00f3 que \u201ctratamos de dar a conocer nuestro municipio, mostrando el orgullo de ser carre\u00f1enses y la necesidad de generar nuevas pol\u00edticas para mejorar la vida de los vecinos\u201d.<\/p>\n<p>Para finalizar ha querido tambi\u00e9n expresar el compromiso de FORO con el medio rural y con los pueblos que forman Carre\u00f1o algo que ha asociado tambi\u00e9n con la candidatura, \u201cla zona rural est\u00e1 representada en este grupo principal por Tino, de Albandi, y Javi, de Prendes, ambos muy conocidos en sus pueblos por su buena vecindad\u201d concluy\u00f3 la candidata de FORO.<\/p>\n","protected":false},"excerpt":{"rendered":"<p>La presidenta de FORO Carre\u00f1o y candidata a la alcald\u00eda, Alejandra Mart\u00ednez, ha presentado hoy a los miembros de la candidatura local ante los medios de comunicaci\u00f3n. Estuvo acompa\u00f1ada por secretario general, Adri\u00e1n Pumares, y los diputados auton\u00f3micos Pedro Leal y Carmen Fern\u00e1ndez. Sandra, como es conocida en el concejo, se mostr\u00f3 feliz y orgullosa<\/p>\n","protected":false},"author":1,"featured_media":121963,"comment_status":"closed","ping_status":"closed","sticky":false,"template":"","format":"standard","meta":{"footnotes":""},"categories":[2],"tags":[],"class_list":{"0":"post-121962","1":"post","2":"type-post","3":"status-publish","4":"format-standard","5":"has-post-thumbnail","7":"category-noticias-carreno"},"aioseo_notices":[],"aioseo_head":"\n\t\t<!-- All in One SEO Pro 4.9.6.2 - aioseo.com -->\n\t<meta name=\"description\" content=\"La presidenta de FORO Carre\u00f1o y candidata a la alcald\u00eda, Alejandra Mart\u00ednez, ha presentado hoy a los miembros de la candidatura local ante los medios de comunicaci\u00f3n. Estuvo acompa\u00f1ada por secretario general, Adri\u00e1n Pumares, y los diputados auton\u00f3micos Pedro Leal y Carmen Fern\u00e1ndez. Sandra, como es conocida en el concejo, se mostr\u00f3 feliz y orgullosa\" \/>\n\t<meta name=\"robots\" content=\"max-image-preview:large\" \/>\n\t<meta name=\"author\" content=\"Cand\u00e1s 365\"\/>\n\t<meta name=\"google-site-verification\" content=\"UA-32230408-1\" \/>\n\t<meta name=\"msvalidate.01\" content=\"354F3CDFB2DA171B47FBE9ABF1F88D5\" \/>\n\t<meta name=\"keywords\" content=\"noticias carre\u00f1o\" \/>\n\t<link rel=\"canonical\" href=\"https:\/\/candas365.es\/noticias\/presentada-la-candidatura-de-foro-carreno\/\" \/>\n\t<meta name=\"generator\" content=\"All in One SEO Pro (AIOSEO) 4.9.6.2\" \/>\n\t\t<meta property=\"og:locale\" content=\"es_ES\" \/>\n\t\t<meta property=\"og:site_name\" content=\"Cand\u00e1s 365\" \/>\n\t\t<meta property=\"og:type\" content=\"article\" \/>\n\t\t<meta property=\"og:title\" content=\"Presentada la candidatura de FORO Carre\u00f1o | Cand\u00e1s 365\" \/>\n\t\t<meta property=\"og:description\" content=\"La presidenta de FORO Carre\u00f1o y candidata a la alcald\u00eda, Alejandra Mart\u00ednez, ha presentado hoy a los miembros de la candidatura local ante los medios de comunicaci\u00f3n. Estuvo acompa\u00f1ada por secretario general, Adri\u00e1n Pumares, y los diputados auton\u00f3micos Pedro Leal y Carmen Fern\u00e1ndez. Sandra, como es conocida en el concejo, se mostr\u00f3 feliz y orgullosa\" \/>\n\t\t<meta property=\"og:url\" content=\"https:\/\/candas365.es\/noticias\/presentada-la-candidatura-de-foro-carreno\/\" \/>\n\t\t<meta property=\"og:image\" content=\"https:\/\/candas365.es\/noticias\/wp-content\/uploads\/2019\/05\/presentacion-candidatura-carre\u00f1o.jpg\" \/>\n\t\t<meta property=\"og:image:secure_url\" content=\"https:\/\/candas365.es\/noticias\/wp-content\/uploads\/2019\/05\/presentacion-candidatura-carre\u00f1o.jpg\" \/>\n\t\t<meta property=\"og:image:width\" content=\"1280\" \/>\n\t\t<meta property=\"og:image:height\" content=\"846\" \/>\n\t\t<meta property=\"article:published_time\" content=\"2019-05-05T21:35:34+00:00\" \/>\n\t\t<meta property=\"article:modified_time\" content=\"2019-05-05T21:35:34+00:00\" \/>\n\t\t<meta property=\"article:publisher\" content=\"https:\/\/www.facebook.com\/Nachofdezber\" \/>\n\t\t<meta property=\"article:author\" content=\"https:\/\/www.facebook.com\/carrenoactualidad\" \/>\n\t\t<meta name=\"twitter:card\" content=\"summary_large_image\" \/>\n\t\t<meta name=\"twitter:site\" content=\"@NabercoDigital\" \/>\n\t\t<meta name=\"twitter:title\" content=\"Presentada la candidatura de FORO Carre\u00f1o | Cand\u00e1s 365\" \/>\n\t\t<meta name=\"twitter:description\" content=\"La presidenta de FORO Carre\u00f1o y candidata a la alcald\u00eda, Alejandra Mart\u00ednez, ha presentado hoy a los miembros de la candidatura local ante los medios de comunicaci\u00f3n. Estuvo acompa\u00f1ada por secretario general, Adri\u00e1n Pumares, y los diputados auton\u00f3micos Pedro Leal y Carmen Fern\u00e1ndez. Sandra, como es conocida en el concejo, se mostr\u00f3 feliz y orgullosa\" \/>\n\t\t<meta name=\"twitter:creator\" content=\"@nbasturias\" \/>\n\t\t<meta name=\"twitter:image\" content=\"https:\/\/candas365.es\/noticias\/wp-content\/uploads\/2019\/05\/presentacion-candidatura-carre\u00f1o.jpg\" \/>\n\t\t<meta name=\"twitter:label1\" content=\"Escrito por\" \/>\n\t\t<meta name=\"twitter:data1\" content=\"Cand\u00e1s 365\" \/>\n\t\t<meta name=\"twitter:label2\" content=\"Tiempo de lectura estimado\" \/>\n\t\t<meta name=\"twitter:data2\" content=\"2 minutos\" \/>\n\t\t<script type=\"application\/ld+json\" class=\"aioseo-schema\">\n\t\t\t{\"@context\":\"https:\\\/\\\/schema.org\",\"@graph\":[{\"@type\":\"BreadcrumbList\",\"@id\":\"https:\\\/\\\/candas365.es\\\/noticias\\\/presentada-la-candidatura-de-foro-carreno\\\/#breadcrumblist\",\"itemListElement\":[{\"@type\":\"ListItem\",\"@id\":\"https:\\\/\\\/candas365.es\\\/noticias#listItem\",\"position\":1,\"name\":\"Home\",\"item\":\"https:\\\/\\\/candas365.es\\\/noticias\",\"nextItem\":{\"@type\":\"ListItem\",\"@id\":\"https:\\\/\\\/candas365.es\\\/noticias\\\/category\\\/noticias-carreno\\\/#listItem\",\"name\":\"Noticias Carre\\u00f1o\"}},{\"@type\":\"ListItem\",\"@id\":\"https:\\\/\\\/candas365.es\\\/noticias\\\/category\\\/noticias-carreno\\\/#listItem\",\"position\":2,\"name\":\"Noticias Carre\\u00f1o\",\"item\":\"https:\\\/\\\/candas365.es\\\/noticias\\\/category\\\/noticias-carreno\\\/\",\"nextItem\":{\"@type\":\"ListItem\",\"@id\":\"https:\\\/\\\/candas365.es\\\/noticias\\\/presentada-la-candidatura-de-foro-carreno\\\/#listItem\",\"name\":\"Presentada la candidatura de FORO Carre\\u00f1o\"},\"previousItem\":{\"@type\":\"ListItem\",\"@id\":\"https:\\\/\\\/candas365.es\\\/noticias#listItem\",\"name\":\"Home\"}},{\"@type\":\"ListItem\",\"@id\":\"https:\\\/\\\/candas365.es\\\/noticias\\\/presentada-la-candidatura-de-foro-carreno\\\/#listItem\",\"position\":3,\"name\":\"Presentada la candidatura de FORO Carre\\u00f1o\",\"previousItem\":{\"@type\":\"ListItem\",\"@id\":\"https:\\\/\\\/candas365.es\\\/noticias\\\/category\\\/noticias-carreno\\\/#listItem\",\"name\":\"Noticias Carre\\u00f1o\"}}]},{\"@type\":\"NewsArticle\",\"@id\":\"https:\\\/\\\/candas365.es\\\/noticias\\\/presentada-la-candidatura-de-foro-carreno\\\/#newsarticle\",\"name\":\"Presentada la candidatura de FORO Carre\\u00f1o | Cand\\u00e1s 365\",\"headline\":\"Presentada la candidatura de FORO Carre\\u00f1o\",\"author\":{\"@id\":\"https:\\\/\\\/candas365.es\\\/noticias\\\/author\\\/admin\\\/#author\"},\"publisher\":{\"@id\":\"https:\\\/\\\/candas365.es\\\/noticias\\\/#organization\"},\"image\":{\"@type\":\"ImageObject\",\"url\":\"https:\\\/\\\/candas365.es\\\/noticias\\\/wp-content\\\/uploads\\\/2019\\\/05\\\/presentacion-candidatura-carre\\u00f1o.jpg\",\"width\":1280,\"height\":846},\"datePublished\":\"2019-05-05T21:35:34+02:00\",\"dateModified\":\"2019-05-05T21:35:34+02:00\",\"inLanguage\":\"es-ES\",\"mainEntityOfPage\":{\"@id\":\"https:\\\/\\\/candas365.es\\\/noticias\\\/presentada-la-candidatura-de-foro-carreno\\\/#webpage\"},\"isPartOf\":{\"@id\":\"https:\\\/\\\/candas365.es\\\/noticias\\\/presentada-la-candidatura-de-foro-carreno\\\/#webpage\"},\"articleSection\":\"Noticias Carre\\u00f1o\",\"dateline\":\"Publicado el mayo 5, 2019.\"},{\"@type\":\"Organization\",\"@id\":\"https:\\\/\\\/candas365.es\\\/noticias\\\/#organization\",\"name\":\"Cand\\u00e1s 365\",\"description\":\"Cand\\u00e1s 365 es un diario digital independiente, fundado en 2012, con base en Asturias. Informamos con rigor sobre actualidad, sociedad, cultura y ocio, con una mirada local y global.\",\"url\":\"https:\\\/\\\/candas365.es\\\/noticias\\\/\",\"email\":\"info@candas365.es\",\"telephone\":\"+34652131393\",\"foundingDate\":\"2012-06-10\",\"logo\":{\"@type\":\"ImageObject\",\"url\":\"https:\\\/\\\/candas365.es\\\/noticias\\\/wp-content\\\/uploads\\\/2024\\\/09\\\/Candas-365-Redes.jpg\",\"@id\":\"https:\\\/\\\/candas365.es\\\/noticias\\\/presentada-la-candidatura-de-foro-carreno\\\/#organizationLogo\",\"width\":1152,\"height\":864,\"caption\":\"Cand\\u00e1s 365 Redes\"},\"image\":{\"@id\":\"https:\\\/\\\/candas365.es\\\/noticias\\\/presentada-la-candidatura-de-foro-carreno\\\/#organizationLogo\"},\"sameAs\":[\"https:\\\/\\\/www.facebook.com\\\/Nachofdezber\",\"https:\\\/\\\/x.com\\\/NabercoDigital\",\"https:\\\/\\\/www.instagram.com\\\/nachofdezber\\\/\",\"https:\\\/\\\/www.youtube.com\\\/channel\\\/UCZP-2wLEB9Rv6erhFmqVnvg\"],\"address\":{\"@id\":\"https:\\\/\\\/candas365.es\\\/noticias\\\/#postaladdress\",\"@type\":\"PostalAddress\",\"streetAddress\":\"san antonio 4, san antonio 4\",\"postalCode\":\"33430\",\"addressLocality\":\"Cand\\u00e1s\",\"addressRegion\":\"Asturias\",\"addressCountry\":\"ES\"}},{\"@type\":\"Person\",\"@id\":\"https:\\\/\\\/candas365.es\\\/noticias\\\/author\\\/admin\\\/#author\",\"url\":\"https:\\\/\\\/candas365.es\\\/noticias\\\/author\\\/admin\\\/\",\"name\":\"Cand\\u00e1s 365\",\"image\":{\"@type\":\"ImageObject\",\"@id\":\"https:\\\/\\\/candas365.es\\\/noticias\\\/presentada-la-candidatura-de-foro-carreno\\\/#authorImage\",\"url\":\"https:\\\/\\\/secure.gravatar.com\\\/avatar\\\/496a8e03d0c493ede1718b7934145dbdf8d89be1036b0eec9544e1094c9de390?s=96&d=mm&r=g\",\"width\":96,\"height\":96,\"caption\":\"Cand\\u00e1s 365\"},\"sameAs\":[\"https:\\\/\\\/www.facebook.com\\\/carrenoactualidad\",\"https:\\\/\\\/twitter.com\\\/nbasturias\",\"https:\\\/\\\/www.instagram.com\\\/nachofdezber\\\/\",\"https:\\\/\\\/www.youtube.com\\\/channel\\\/UCZP-2wLEB9Rv6erhFmqVnvg\"]},{\"@type\":\"WebPage\",\"@id\":\"https:\\\/\\\/candas365.es\\\/noticias\\\/presentada-la-candidatura-de-foro-carreno\\\/#webpage\",\"url\":\"https:\\\/\\\/candas365.es\\\/noticias\\\/presentada-la-candidatura-de-foro-carreno\\\/\",\"name\":\"Presentada la candidatura de FORO Carre\\u00f1o | Cand\\u00e1s 365\",\"description\":\"La presidenta de FORO Carre\\u00f1o y candidata a la alcald\\u00eda, Alejandra Mart\\u00ednez, ha presentado hoy a los miembros de la candidatura local ante los medios de comunicaci\\u00f3n. Estuvo acompa\\u00f1ada por secretario general, Adri\\u00e1n Pumares, y los diputados auton\\u00f3micos Pedro Leal y Carmen Fern\\u00e1ndez. Sandra, como es conocida en el concejo, se mostr\\u00f3 feliz y orgullosa\",\"inLanguage\":\"es-ES\",\"isPartOf\":{\"@id\":\"https:\\\/\\\/candas365.es\\\/noticias\\\/#website\"},\"breadcrumb\":{\"@id\":\"https:\\\/\\\/candas365.es\\\/noticias\\\/presentada-la-candidatura-de-foro-carreno\\\/#breadcrumblist\"},\"author\":{\"@id\":\"https:\\\/\\\/candas365.es\\\/noticias\\\/author\\\/admin\\\/#author\"},\"creator\":{\"@id\":\"https:\\\/\\\/candas365.es\\\/noticias\\\/author\\\/admin\\\/#author\"},\"image\":{\"@type\":\"ImageObject\",\"url\":\"https:\\\/\\\/candas365.es\\\/noticias\\\/wp-content\\\/uploads\\\/2019\\\/05\\\/presentacion-candidatura-carre\\u00f1o.jpg\",\"@id\":\"https:\\\/\\\/candas365.es\\\/noticias\\\/presentada-la-candidatura-de-foro-carreno\\\/#mainImage\",\"width\":1280,\"height\":846},\"primaryImageOfPage\":{\"@id\":\"https:\\\/\\\/candas365.es\\\/noticias\\\/presentada-la-candidatura-de-foro-carreno\\\/#mainImage\"},\"datePublished\":\"2019-05-05T21:35:34+02:00\",\"dateModified\":\"2019-05-05T21:35:34+02:00\"},{\"@type\":\"WebSite\",\"@id\":\"https:\\\/\\\/candas365.es\\\/noticias\\\/#website\",\"url\":\"https:\\\/\\\/candas365.es\\\/noticias\\\/\",\"name\":\"Cand\\u00e1s 365\",\"alternateName\":\"Cand\\u00e1s 365 Noticias\",\"description\":\"Actualidad desde Carre\\u00f1o para el mundo\",\"inLanguage\":\"es-ES\",\"publisher\":{\"@id\":\"https:\\\/\\\/candas365.es\\\/noticias\\\/#organization\"}}]}\n\t\t<\/script>\n\t\t<!-- All in One SEO Pro -->\r\n\t\t<title>Presentada la candidatura de FORO Carre\u00f1o | Cand\u00e1s 365<\/title>\n\n","aioseo_head_json":{"title":"Presentada la candidatura de FORO Carre\u00f1o | Cand\u00e1s 365","description":"La presidenta de FORO Carre\u00f1o y candidata a la alcald\u00eda, Alejandra Mart\u00ednez, ha presentado hoy a los miembros de la candidatura local ante los medios de comunicaci\u00f3n. Estuvo acompa\u00f1ada por secretario general, Adri\u00e1n Pumares, y los diputados auton\u00f3micos Pedro Leal y Carmen Fern\u00e1ndez. Sandra, como es conocida en el concejo, se mostr\u00f3 feliz y orgullosa","canonical_url":"https:\/\/candas365.es\/noticias\/presentada-la-candidatura-de-foro-carreno\/","robots":"max-image-preview:large","keywords":"noticias carre\u00f1o","webmasterTools":{"google-site-verification":"UA-32230408-1","msvalidate.01":"354F3CDFB2DA171B47FBE9ABF1F88D5","miscellaneous":""},"schema":{"@context":"https:\/\/schema.org","@graph":[{"@type":"BreadcrumbList","@id":"https:\/\/candas365.es\/noticias\/presentada-la-candidatura-de-foro-carreno\/#breadcrumblist","itemListElement":[{"@type":"ListItem","@id":"https:\/\/candas365.es\/noticias#listItem","position":1,"name":"Home","item":"https:\/\/candas365.es\/noticias","nextItem":{"@type":"ListItem","@id":"https:\/\/candas365.es\/noticias\/category\/noticias-carreno\/#listItem","name":"Noticias Carre\u00f1o"}},{"@type":"ListItem","@id":"https:\/\/candas365.es\/noticias\/category\/noticias-carreno\/#listItem","position":2,"name":"Noticias Carre\u00f1o","item":"https:\/\/candas365.es\/noticias\/category\/noticias-carreno\/","nextItem":{"@type":"ListItem","@id":"https:\/\/candas365.es\/noticias\/presentada-la-candidatura-de-foro-carreno\/#listItem","name":"Presentada la candidatura de FORO Carre\u00f1o"},"previousItem":{"@type":"ListItem","@id":"https:\/\/candas365.es\/noticias#listItem","name":"Home"}},{"@type":"ListItem","@id":"https:\/\/candas365.es\/noticias\/presentada-la-candidatura-de-foro-carreno\/#listItem","position":3,"name":"Presentada la candidatura de FORO Carre\u00f1o","previousItem":{"@type":"ListItem","@id":"https:\/\/candas365.es\/noticias\/category\/noticias-carreno\/#listItem","name":"Noticias Carre\u00f1o"}}]},{"@type":"NewsArticle","@id":"https:\/\/candas365.es\/noticias\/presentada-la-candidatura-de-foro-carreno\/#newsarticle","name":"Presentada la candidatura de FORO Carre\u00f1o | Cand\u00e1s 365","headline":"Presentada la candidatura de FORO Carre\u00f1o","author":{"@id":"https:\/\/candas365.es\/noticias\/author\/admin\/#author"},"publisher":{"@id":"https:\/\/candas365.es\/noticias\/#organization"},"image":{"@type":"ImageObject","url":"https:\/\/candas365.es\/noticias\/wp-content\/uploads\/2019\/05\/presentacion-candidatura-carre\u00f1o.jpg","width":1280,"height":846},"datePublished":"2019-05-05T21:35:34+02:00","dateModified":"2019-05-05T21:35:34+02:00","inLanguage":"es-ES","mainEntityOfPage":{"@id":"https:\/\/candas365.es\/noticias\/presentada-la-candidatura-de-foro-carreno\/#webpage"},"isPartOf":{"@id":"https:\/\/candas365.es\/noticias\/presentada-la-candidatura-de-foro-carreno\/#webpage"},"articleSection":"Noticias Carre\u00f1o","dateline":"Publicado el mayo 5, 2019."},{"@type":"Organization","@id":"https:\/\/candas365.es\/noticias\/#organization","name":"Cand\u00e1s 365","description":"Cand\u00e1s 365 es un diario digital independiente, fundado en 2012, con base en Asturias. Informamos con rigor sobre actualidad, sociedad, cultura y ocio, con una mirada local y global.","url":"https:\/\/candas365.es\/noticias\/","email":"info@candas365.es","telephone":"+34652131393","foundingDate":"2012-06-10","logo":{"@type":"ImageObject","url":"https:\/\/candas365.es\/noticias\/wp-content\/uploads\/2024\/09\/Candas-365-Redes.jpg","@id":"https:\/\/candas365.es\/noticias\/presentada-la-candidatura-de-foro-carreno\/#organizationLogo","width":1152,"height":864,"caption":"Cand\u00e1s 365 Redes"},"image":{"@id":"https:\/\/candas365.es\/noticias\/presentada-la-candidatura-de-foro-carreno\/#organizationLogo"},"sameAs":["https:\/\/www.facebook.com\/Nachofdezber","https:\/\/x.com\/NabercoDigital","https:\/\/www.instagram.com\/nachofdezber\/","https:\/\/www.youtube.com\/channel\/UCZP-2wLEB9Rv6erhFmqVnvg"],"address":{"@id":"https:\/\/candas365.es\/noticias\/#postaladdress","@type":"PostalAddress","streetAddress":"san antonio 4, san antonio 4","postalCode":"33430","addressLocality":"Cand\u00e1s","addressRegion":"Asturias","addressCountry":"ES"}},{"@type":"Person","@id":"https:\/\/candas365.es\/noticias\/author\/admin\/#author","url":"https:\/\/candas365.es\/noticias\/author\/admin\/","name":"Cand\u00e1s 365","image":{"@type":"ImageObject","@id":"https:\/\/candas365.es\/noticias\/presentada-la-candidatura-de-foro-carreno\/#authorImage","url":"https:\/\/secure.gravatar.com\/avatar\/496a8e03d0c493ede1718b7934145dbdf8d89be1036b0eec9544e1094c9de390?s=96&d=mm&r=g","width":96,"height":96,"caption":"Cand\u00e1s 365"},"sameAs":["https:\/\/www.facebook.com\/carrenoactualidad","https:\/\/twitter.com\/nbasturias","https:\/\/www.instagram.com\/nachofdezber\/","https:\/\/www.youtube.com\/channel\/UCZP-2wLEB9Rv6erhFmqVnvg"]},{"@type":"WebPage","@id":"https:\/\/candas365.es\/noticias\/presentada-la-candidatura-de-foro-carreno\/#webpage","url":"https:\/\/candas365.es\/noticias\/presentada-la-candidatura-de-foro-carreno\/","name":"Presentada la candidatura de FORO Carre\u00f1o | Cand\u00e1s 365","description":"La presidenta de FORO Carre\u00f1o y candidata a la alcald\u00eda, Alejandra Mart\u00ednez, ha presentado hoy a los miembros de la candidatura local ante los medios de comunicaci\u00f3n. Estuvo acompa\u00f1ada por secretario general, Adri\u00e1n Pumares, y los diputados auton\u00f3micos Pedro Leal y Carmen Fern\u00e1ndez. Sandra, como es conocida en el concejo, se mostr\u00f3 feliz y orgullosa","inLanguage":"es-ES","isPartOf":{"@id":"https:\/\/candas365.es\/noticias\/#website"},"breadcrumb":{"@id":"https:\/\/candas365.es\/noticias\/presentada-la-candidatura-de-foro-carreno\/#breadcrumblist"},"author":{"@id":"https:\/\/candas365.es\/noticias\/author\/admin\/#author"},"creator":{"@id":"https:\/\/candas365.es\/noticias\/author\/admin\/#author"},"image":{"@type":"ImageObject","url":"https:\/\/candas365.es\/noticias\/wp-content\/uploads\/2019\/05\/presentacion-candidatura-carre\u00f1o.jpg","@id":"https:\/\/candas365.es\/noticias\/presentada-la-candidatura-de-foro-carreno\/#mainImage","width":1280,"height":846},"primaryImageOfPage":{"@id":"https:\/\/candas365.es\/noticias\/presentada-la-candidatura-de-foro-carreno\/#mainImage"},"datePublished":"2019-05-05T21:35:34+02:00","dateModified":"2019-05-05T21:35:34+02:00"},{"@type":"WebSite","@id":"https:\/\/candas365.es\/noticias\/#website","url":"https:\/\/candas365.es\/noticias\/","name":"Cand\u00e1s 365","alternateName":"Cand\u00e1s 365 Noticias","description":"Actualidad desde Carre\u00f1o para el mundo","inLanguage":"es-ES","publisher":{"@id":"https:\/\/candas365.es\/noticias\/#organization"}}]},"og:locale":"es_ES","og:site_name":"Cand\u00e1s 365","og:type":"article","og:title":"Presentada la candidatura de FORO Carre\u00f1o | Cand\u00e1s 365","og:description":"La presidenta de FORO Carre\u00f1o y candidata a la alcald\u00eda, Alejandra Mart\u00ednez, ha presentado hoy a los miembros de la candidatura local ante los medios de comunicaci\u00f3n. Estuvo acompa\u00f1ada por secretario general, Adri\u00e1n Pumares, y los diputados auton\u00f3micos Pedro Leal y Carmen Fern\u00e1ndez. Sandra, como es conocida en el concejo, se mostr\u00f3 feliz y orgullosa","og:url":"https:\/\/candas365.es\/noticias\/presentada-la-candidatura-de-foro-carreno\/","og:image":"https:\/\/candas365.es\/noticias\/wp-content\/uploads\/2019\/05\/presentacion-candidatura-carre\u00f1o.jpg","og:image:secure_url":"https:\/\/candas365.es\/noticias\/wp-content\/uploads\/2019\/05\/presentacion-candidatura-carre\u00f1o.jpg","og:image:width":1280,"og:image:height":846,"article:published_time":"2019-05-05T21:35:34+00:00","article:modified_time":"2019-05-05T21:35:34+00:00","article:publisher":"https:\/\/www.facebook.com\/Nachofdezber","article:author":"https:\/\/www.facebook.com\/carrenoactualidad","twitter:card":"summary_large_image","twitter:site":"@NabercoDigital","twitter:title":"Presentada la candidatura de FORO Carre\u00f1o | Cand\u00e1s 365","twitter:description":"La presidenta de FORO Carre\u00f1o y candidata a la alcald\u00eda, Alejandra Mart\u00ednez, ha presentado hoy a los miembros de la candidatura local ante los medios de comunicaci\u00f3n. Estuvo acompa\u00f1ada por secretario general, Adri\u00e1n Pumares, y los diputados auton\u00f3micos Pedro Leal y Carmen Fern\u00e1ndez. Sandra, como es conocida en el concejo, se mostr\u00f3 feliz y orgullosa","twitter:creator":"@nbasturias","twitter:image":"https:\/\/candas365.es\/noticias\/wp-content\/uploads\/2019\/05\/presentacion-candidatura-carre\u00f1o.jpg","twitter:label1":"Escrito por","twitter:data1":"Cand\u00e1s 365","twitter:label2":"Tiempo de lectura estimado","twitter:data2":"2 minutos"},"aioseo_meta_data":{"post_id":"121962","title":null,"description":null,"keywords":null,"keyphrases":null,"primary_term":null,"canonical_url":null,"og_title":null,"og_description":null,"og_object_type":"default","og_image_type":"default","og_image_url":null,"og_image_width":null,"og_image_height":null,"og_image_custom_url":null,"og_image_custom_fields":null,"og_video":null,"og_custom_url":null,"og_article_section":null,"og_article_tags":null,"twitter_use_og":false,"twitter_card":"default","twitter_image_type":"default","twitter_image_url":null,"twitter_image_custom_url":null,"twitter_image_custom_fields":null,"twitter_title":null,"twitter_description":null,"schema":{"blockGraphs":[],"customGraphs":[],"default":{"data":{"Article":[],"Course":[],"Dataset":[],"FAQPage":[],"Movie":[],"Person":[],"Product":[],"ProductReview":[],"Car":[],"Recipe":[],"Service":[],"SoftwareApplication":[],"WebPage":[]},"graphName":"","isEnabled":true},"graphs":[],"defaultGraph":"","defaultPostTypeGraph":""},"schema_type":null,"schema_type_options":null,"pillar_content":false,"robots_default":true,"robots_noindex":false,"robots_noarchive":false,"robots_nosnippet":false,"robots_nofollow":false,"robots_noimageindex":false,"robots_noodp":false,"robots_notranslate":false,"robots_max_snippet":null,"robots_max_videopreview":null,"robots_max_imagepreview":"large","priority":null,"frequency":null,"location":null,"local_seo":null,"seo_analyzer_scan_date":"2025-08-29 21:30:29","breadcrumb_settings":null,"limit_modified_date":false,"reviewed_by":null,"open_ai":null,"ai":null,"created":"2020-12-21 10:57:50","updated":"2025-08-29 21:30:29"},"aioseo_breadcrumb":"<div class=\"aioseo-breadcrumbs\"><span class=\"aioseo-breadcrumb\">\n\t<a href=\"https:\/\/candas365.es\/noticias\" title=\"Home\">Home<\/a>\n<\/span><span class=\"aioseo-breadcrumb-separator\">&ndash;<\/span><span class=\"aioseo-breadcrumb\">\n\t<a href=\"https:\/\/candas365.es\/noticias\/category\/noticias-carreno\/\" title=\"Noticias Carre\u00f1o\">Noticias Carre\u00f1o<\/a>\n<\/span><span class=\"aioseo-breadcrumb-separator\">&ndash;<\/span><span class=\"aioseo-breadcrumb\">\n\tPresentada la candidatura de FORO Carre\u00f1o\n<\/span><\/div>","aioseo_breadcrumb_json":[{"label":"Home","link":"https:\/\/candas365.es\/noticias"},{"label":"Noticias Carre\u00f1o","link":"https:\/\/candas365.es\/noticias\/category\/noticias-carreno\/"},{"label":"Presentada la candidatura de FORO Carre\u00f1o","link":"https:\/\/candas365.es\/noticias\/presentada-la-candidatura-de-foro-carreno\/"}],"_links":{"self":[{"href":"https:\/\/candas365.es\/noticias\/wp-json\/wp\/v2\/posts\/121962","targetHints":{"allow":["GET"]}}],"collection":[{"href":"https:\/\/candas365.es\/noticias\/wp-json\/wp\/v2\/posts"}],"about":[{"href":"https:\/\/candas365.es\/noticias\/wp-json\/wp\/v2\/types\/post"}],"author":[{"embeddable":true,"href":"https:\/\/candas365.es\/noticias\/wp-json\/wp\/v2\/users\/1"}],"replies":[{"embeddable":true,"href":"https:\/\/candas365.es\/noticias\/wp-json\/wp\/v2\/comments?post=121962"}],"version-history":[{"count":0,"href":"https:\/\/candas365.es\/noticias\/wp-json\/wp\/v2\/posts\/121962\/revisions"}],"wp:featuredmedia":[{"embeddable":true,"href":"https:\/\/candas365.es\/noticias\/wp-json\/wp\/v2\/media\/121963"}],"wp:attachment":[{"href":"https:\/\/candas365.es\/noticias\/wp-json\/wp\/v2\/media?parent=121962"}],"wp:term":[{"taxonomy":"category","embeddable":true,"href":"https:\/\/candas365.es\/noticias\/wp-json\/wp\/v2\/categories?post=121962"},{"taxonomy":"post_tag","embeddable":true,"href":"https:\/\/candas365.es\/noticias\/wp-json\/wp\/v2\/tags?post=121962"}],"curies":[{"name":"wp","href":"https:\/\/api.w.org\/{rel}","templated":true}]}}