{"id":121957,"date":"2019-05-05T21:16:17","date_gmt":"2019-05-05T21:16:17","guid":{"rendered":"http:\/\/candas365.es\/noticias\/?p=121957"},"modified":"2019-05-05T21:16:17","modified_gmt":"2019-05-05T21:16:17","slug":"el-club-de-patin-candas-se-alza-con-dos-medallas-de-plata","status":"publish","type":"post","link":"https:\/\/candas365.es\/noticias\/el-club-de-patin-candas-se-alza-con-dos-medallas-de-plata\/","title":{"rendered":"El Club de Pat\u00edn Cand\u00e1s se alza con dos medallas de plata"},"content":{"rendered":"<p><img fetchpriority=\"high\" decoding=\"async\" class=\"alignleft size-medium wp-image-121958\" src=\"https:\/\/candas365.es\/noticias\/wp-content\/uploads\/2019\/05\/c5c9dec9-b99f-360x270.jpg\" alt=\"\" width=\"360\" height=\"270\" srcset=\"https:\/\/candas365.es\/noticias\/wp-content\/uploads\/2019\/05\/c5c9dec9-b99f-360x270.jpg 360w, https:\/\/candas365.es\/noticias\/wp-content\/uploads\/2019\/05\/c5c9dec9-b99f-768x576.jpg 768w, https:\/\/candas365.es\/noticias\/wp-content\/uploads\/2019\/05\/c5c9dec9-b99f-640x480.jpg 640w, https:\/\/candas365.es\/noticias\/wp-content\/uploads\/2019\/05\/c5c9dec9-b99f-80x60.jpg 80w, https:\/\/candas365.es\/noticias\/wp-content\/uploads\/2019\/05\/c5c9dec9-b99f-265x198.jpg 265w, https:\/\/candas365.es\/noticias\/wp-content\/uploads\/2019\/05\/c5c9dec9-b99f-696x522.jpg 696w, https:\/\/candas365.es\/noticias\/wp-content\/uploads\/2019\/05\/c5c9dec9-b99f-1068x801.jpg 1068w, https:\/\/candas365.es\/noticias\/wp-content\/uploads\/2019\/05\/c5c9dec9-b99f-560x420.jpg 560w, https:\/\/candas365.es\/noticias\/wp-content\/uploads\/2019\/05\/c5c9dec9-b99f.jpg 1600w\" sizes=\"(max-width: 360px) 100vw, 360px\" \/>El Club de Pat\u00edn Cand\u00e1s gan\u00f3 2 medallas de plata y una de sus patinadores se alz\u00f3 con el t\u00edtulo de subcampeona de Espa\u00f1a.<\/p>\n<p>Participaron en el Campeonato de Espa\u00f1a de las categor\u00edas alev\u00edn, infantil y juvenil. Mar\u00eda patinadora corri\u00f3 en la primera jornada la carrera de 3000 mts puntos y en la segunda jornada la carrera de 1500 mts puntos. Quedando en ambas segunda. En la categor\u00eda alev\u00edn femenino, que es la categor\u00eda con mas patinadoras en Espa\u00f1a 83. Por parte del club tambi\u00e9n fueron a dispurarlo Claudia Pupatello tambi\u00e9n alev\u00edn femenino y Santiago Garcia categor\u00eda infantil masculino. Les quedan las carreras de la tercera jornada que se celebran hoy, domingo por la ma\u00f1ana.<\/p>\n<p>En el trofeo de Terras do Infante ( copa de Europa de Portugal) Mar\u00eda Balsa Fanjul tambi\u00e9n consiguieron un tercer puesto en la general. En Portugal corrieron Nerea Garcia Rodriguez, Claudia Pupatello Solla y Christian Cueto.<\/p>\n","protected":false},"excerpt":{"rendered":"<p>El Club de Pat\u00edn Cand\u00e1s gan\u00f3 2 medallas de plata y una de sus patinadores se alz\u00f3 con el t\u00edtulo de subcampeona de Espa\u00f1a. Participaron en el Campeonato de Espa\u00f1a de las categor\u00edas alev\u00edn, infantil y juvenil. Mar\u00eda patinadora corri\u00f3 en la primera jornada la carrera de 3000 mts puntos y en la segunda jornada<\/p>\n","protected":false},"author":1,"featured_media":121958,"comment_status":"closed","ping_status":"closed","sticky":false,"template":"","format":"standard","meta":{"footnotes":""},"categories":[319],"tags":[],"class_list":{"0":"post-121957","1":"post","2":"type-post","3":"status-publish","4":"format-standard","5":"has-post-thumbnail","7":"category-deporte"},"aioseo_notices":[],"aioseo_head":"\n\t\t<!-- All in One SEO Pro 4.9.6.2 - aioseo.com -->\n\t<meta name=\"description\" content=\"El Club de Pat\u00edn Cand\u00e1s gan\u00f3 2 medallas de plata y una de sus patinadores se alz\u00f3 con el t\u00edtulo de subcampeona de Espa\u00f1a. Participaron en el Campeonato de Espa\u00f1a de las categor\u00edas alev\u00edn, infantil y juvenil. Mar\u00eda patinadora corri\u00f3 en la primera jornada la carrera de 3000 mts puntos y en la segunda jornada\" \/>\n\t<meta name=\"robots\" content=\"max-image-preview:large\" \/>\n\t<meta name=\"author\" content=\"Cand\u00e1s 365\"\/>\n\t<meta name=\"google-site-verification\" content=\"UA-32230408-1\" \/>\n\t<meta name=\"msvalidate.01\" content=\"354F3CDFB2DA171B47FBE9ABF1F88D5\" \/>\n\t<meta name=\"keywords\" content=\"deporte\" \/>\n\t<link rel=\"canonical\" href=\"https:\/\/candas365.es\/noticias\/el-club-de-patin-candas-se-alza-con-dos-medallas-de-plata\/\" \/>\n\t<meta name=\"generator\" content=\"All in One SEO Pro (AIOSEO) 4.9.6.2\" \/>\n\t\t<meta property=\"og:locale\" content=\"es_ES\" \/>\n\t\t<meta property=\"og:site_name\" content=\"Cand\u00e1s 365\" \/>\n\t\t<meta property=\"og:type\" content=\"article\" \/>\n\t\t<meta property=\"og:title\" content=\"El Club de Pat\u00edn Cand\u00e1s se alza con dos medallas de plata | Cand\u00e1s 365\" \/>\n\t\t<meta property=\"og:description\" content=\"El Club de Pat\u00edn Cand\u00e1s gan\u00f3 2 medallas de plata y una de sus patinadores se alz\u00f3 con el t\u00edtulo de subcampeona de Espa\u00f1a. Participaron en el Campeonato de Espa\u00f1a de las categor\u00edas alev\u00edn, infantil y juvenil. Mar\u00eda patinadora corri\u00f3 en la primera jornada la carrera de 3000 mts puntos y en la segunda jornada\" \/>\n\t\t<meta property=\"og:url\" content=\"https:\/\/candas365.es\/noticias\/el-club-de-patin-candas-se-alza-con-dos-medallas-de-plata\/\" \/>\n\t\t<meta property=\"og:image\" content=\"https:\/\/candas365.es\/noticias\/wp-content\/uploads\/2019\/05\/c5c9dec9-b99f.jpg\" \/>\n\t\t<meta property=\"og:image:secure_url\" content=\"https:\/\/candas365.es\/noticias\/wp-content\/uploads\/2019\/05\/c5c9dec9-b99f.jpg\" \/>\n\t\t<meta property=\"og:image:width\" content=\"1600\" \/>\n\t\t<meta property=\"og:image:height\" content=\"1200\" \/>\n\t\t<meta property=\"article:published_time\" content=\"2019-05-05T21:16:17+00:00\" \/>\n\t\t<meta property=\"article:modified_time\" content=\"2019-05-05T21:16:17+00:00\" \/>\n\t\t<meta property=\"article:publisher\" content=\"https:\/\/www.facebook.com\/Nachofdezber\" \/>\n\t\t<meta property=\"article:author\" content=\"https:\/\/www.facebook.com\/carrenoactualidad\" \/>\n\t\t<meta name=\"twitter:card\" content=\"summary_large_image\" \/>\n\t\t<meta name=\"twitter:site\" content=\"@NabercoDigital\" \/>\n\t\t<meta name=\"twitter:title\" content=\"El Club de Pat\u00edn Cand\u00e1s se alza con dos medallas de plata | Cand\u00e1s 365\" \/>\n\t\t<meta name=\"twitter:description\" content=\"El Club de Pat\u00edn Cand\u00e1s gan\u00f3 2 medallas de plata y una de sus patinadores se alz\u00f3 con el t\u00edtulo de subcampeona de Espa\u00f1a. Participaron en el Campeonato de Espa\u00f1a de las categor\u00edas alev\u00edn, infantil y juvenil. Mar\u00eda patinadora corri\u00f3 en la primera jornada la carrera de 3000 mts puntos y en la segunda jornada\" \/>\n\t\t<meta name=\"twitter:creator\" content=\"@nbasturias\" \/>\n\t\t<meta name=\"twitter:image\" content=\"https:\/\/candas365.es\/noticias\/wp-content\/uploads\/2019\/05\/c5c9dec9-b99f.jpg\" \/>\n\t\t<meta name=\"twitter:label1\" content=\"Escrito por\" \/>\n\t\t<meta name=\"twitter:data1\" content=\"Cand\u00e1s 365\" \/>\n\t\t<meta name=\"twitter:label2\" content=\"Tiempo de lectura estimado\" \/>\n\t\t<meta name=\"twitter:data2\" content=\"1 minuto\" \/>\n\t\t<script type=\"application\/ld+json\" class=\"aioseo-schema\">\n\t\t\t{\"@context\":\"https:\\\/\\\/schema.org\",\"@graph\":[{\"@type\":\"BreadcrumbList\",\"@id\":\"https:\\\/\\\/candas365.es\\\/noticias\\\/el-club-de-patin-candas-se-alza-con-dos-medallas-de-plata\\\/#breadcrumblist\",\"itemListElement\":[{\"@type\":\"ListItem\",\"@id\":\"https:\\\/\\\/candas365.es\\\/noticias#listItem\",\"position\":1,\"name\":\"Home\",\"item\":\"https:\\\/\\\/candas365.es\\\/noticias\",\"nextItem\":{\"@type\":\"ListItem\",\"@id\":\"https:\\\/\\\/candas365.es\\\/noticias\\\/category\\\/deporte\\\/#listItem\",\"name\":\"Deporte\"}},{\"@type\":\"ListItem\",\"@id\":\"https:\\\/\\\/candas365.es\\\/noticias\\\/category\\\/deporte\\\/#listItem\",\"position\":2,\"name\":\"Deporte\",\"item\":\"https:\\\/\\\/candas365.es\\\/noticias\\\/category\\\/deporte\\\/\",\"nextItem\":{\"@type\":\"ListItem\",\"@id\":\"https:\\\/\\\/candas365.es\\\/noticias\\\/el-club-de-patin-candas-se-alza-con-dos-medallas-de-plata\\\/#listItem\",\"name\":\"El Club de Pat\\u00edn Cand\\u00e1s se alza con dos medallas de plata\"},\"previousItem\":{\"@type\":\"ListItem\",\"@id\":\"https:\\\/\\\/candas365.es\\\/noticias#listItem\",\"name\":\"Home\"}},{\"@type\":\"ListItem\",\"@id\":\"https:\\\/\\\/candas365.es\\\/noticias\\\/el-club-de-patin-candas-se-alza-con-dos-medallas-de-plata\\\/#listItem\",\"position\":3,\"name\":\"El Club de Pat\\u00edn Cand\\u00e1s se alza con dos medallas de plata\",\"previousItem\":{\"@type\":\"ListItem\",\"@id\":\"https:\\\/\\\/candas365.es\\\/noticias\\\/category\\\/deporte\\\/#listItem\",\"name\":\"Deporte\"}}]},{\"@type\":\"NewsArticle\",\"@id\":\"https:\\\/\\\/candas365.es\\\/noticias\\\/el-club-de-patin-candas-se-alza-con-dos-medallas-de-plata\\\/#newsarticle\",\"name\":\"El Club de Pat\\u00edn Cand\\u00e1s se alza con dos medallas de plata | Cand\\u00e1s 365\",\"headline\":\"El Club de Pat\\u00edn Cand\\u00e1s se alza con dos medallas de plata\",\"author\":{\"@id\":\"https:\\\/\\\/candas365.es\\\/noticias\\\/author\\\/admin\\\/#author\"},\"publisher\":{\"@id\":\"https:\\\/\\\/candas365.es\\\/noticias\\\/#organization\"},\"image\":{\"@type\":\"ImageObject\",\"url\":\"https:\\\/\\\/candas365.es\\\/noticias\\\/wp-content\\\/uploads\\\/2019\\\/05\\\/c5c9dec9-b99f.jpg\",\"width\":1600,\"height\":1200},\"datePublished\":\"2019-05-05T21:16:17+02:00\",\"dateModified\":\"2019-05-05T21:16:17+02:00\",\"inLanguage\":\"es-ES\",\"mainEntityOfPage\":{\"@id\":\"https:\\\/\\\/candas365.es\\\/noticias\\\/el-club-de-patin-candas-se-alza-con-dos-medallas-de-plata\\\/#webpage\"},\"isPartOf\":{\"@id\":\"https:\\\/\\\/candas365.es\\\/noticias\\\/el-club-de-patin-candas-se-alza-con-dos-medallas-de-plata\\\/#webpage\"},\"articleSection\":\"Deporte\",\"dateline\":\"Publicado el mayo 5, 2019.\"},{\"@type\":\"Organization\",\"@id\":\"https:\\\/\\\/candas365.es\\\/noticias\\\/#organization\",\"name\":\"Cand\\u00e1s 365\",\"description\":\"Cand\\u00e1s 365 es un diario digital independiente, fundado en 2012, con base en Asturias. Informamos con rigor sobre actualidad, sociedad, cultura y ocio, con una mirada local y global.\",\"url\":\"https:\\\/\\\/candas365.es\\\/noticias\\\/\",\"email\":\"info@candas365.es\",\"telephone\":\"+34652131393\",\"foundingDate\":\"2012-06-10\",\"logo\":{\"@type\":\"ImageObject\",\"url\":\"https:\\\/\\\/candas365.es\\\/noticias\\\/wp-content\\\/uploads\\\/2024\\\/09\\\/Candas-365-Redes.jpg\",\"@id\":\"https:\\\/\\\/candas365.es\\\/noticias\\\/el-club-de-patin-candas-se-alza-con-dos-medallas-de-plata\\\/#organizationLogo\",\"width\":1152,\"height\":864,\"caption\":\"Cand\\u00e1s 365 Redes\"},\"image\":{\"@id\":\"https:\\\/\\\/candas365.es\\\/noticias\\\/el-club-de-patin-candas-se-alza-con-dos-medallas-de-plata\\\/#organizationLogo\"},\"sameAs\":[\"https:\\\/\\\/www.facebook.com\\\/Nachofdezber\",\"https:\\\/\\\/x.com\\\/NabercoDigital\",\"https:\\\/\\\/www.instagram.com\\\/nachofdezber\\\/\",\"https:\\\/\\\/www.youtube.com\\\/channel\\\/UCZP-2wLEB9Rv6erhFmqVnvg\"],\"address\":{\"@id\":\"https:\\\/\\\/candas365.es\\\/noticias\\\/#postaladdress\",\"@type\":\"PostalAddress\",\"streetAddress\":\"san antonio 4, san antonio 4\",\"postalCode\":\"33430\",\"addressLocality\":\"Cand\\u00e1s\",\"addressRegion\":\"Asturias\",\"addressCountry\":\"ES\"}},{\"@type\":\"Person\",\"@id\":\"https:\\\/\\\/candas365.es\\\/noticias\\\/author\\\/admin\\\/#author\",\"url\":\"https:\\\/\\\/candas365.es\\\/noticias\\\/author\\\/admin\\\/\",\"name\":\"Cand\\u00e1s 365\",\"image\":{\"@type\":\"ImageObject\",\"@id\":\"https:\\\/\\\/candas365.es\\\/noticias\\\/el-club-de-patin-candas-se-alza-con-dos-medallas-de-plata\\\/#authorImage\",\"url\":\"https:\\\/\\\/secure.gravatar.com\\\/avatar\\\/496a8e03d0c493ede1718b7934145dbdf8d89be1036b0eec9544e1094c9de390?s=96&d=mm&r=g\",\"width\":96,\"height\":96,\"caption\":\"Cand\\u00e1s 365\"},\"sameAs\":[\"https:\\\/\\\/www.facebook.com\\\/carrenoactualidad\",\"https:\\\/\\\/twitter.com\\\/nbasturias\",\"https:\\\/\\\/www.instagram.com\\\/nachofdezber\\\/\",\"https:\\\/\\\/www.youtube.com\\\/channel\\\/UCZP-2wLEB9Rv6erhFmqVnvg\"]},{\"@type\":\"WebPage\",\"@id\":\"https:\\\/\\\/candas365.es\\\/noticias\\\/el-club-de-patin-candas-se-alza-con-dos-medallas-de-plata\\\/#webpage\",\"url\":\"https:\\\/\\\/candas365.es\\\/noticias\\\/el-club-de-patin-candas-se-alza-con-dos-medallas-de-plata\\\/\",\"name\":\"El Club de Pat\\u00edn Cand\\u00e1s se alza con dos medallas de plata | Cand\\u00e1s 365\",\"description\":\"El Club de Pat\\u00edn Cand\\u00e1s gan\\u00f3 2 medallas de plata y una de sus patinadores se alz\\u00f3 con el t\\u00edtulo de subcampeona de Espa\\u00f1a. Participaron en el Campeonato de Espa\\u00f1a de las categor\\u00edas alev\\u00edn, infantil y juvenil. Mar\\u00eda patinadora corri\\u00f3 en la primera jornada la carrera de 3000 mts puntos y en la segunda jornada\",\"inLanguage\":\"es-ES\",\"isPartOf\":{\"@id\":\"https:\\\/\\\/candas365.es\\\/noticias\\\/#website\"},\"breadcrumb\":{\"@id\":\"https:\\\/\\\/candas365.es\\\/noticias\\\/el-club-de-patin-candas-se-alza-con-dos-medallas-de-plata\\\/#breadcrumblist\"},\"author\":{\"@id\":\"https:\\\/\\\/candas365.es\\\/noticias\\\/author\\\/admin\\\/#author\"},\"creator\":{\"@id\":\"https:\\\/\\\/candas365.es\\\/noticias\\\/author\\\/admin\\\/#author\"},\"image\":{\"@type\":\"ImageObject\",\"url\":\"https:\\\/\\\/candas365.es\\\/noticias\\\/wp-content\\\/uploads\\\/2019\\\/05\\\/c5c9dec9-b99f.jpg\",\"@id\":\"https:\\\/\\\/candas365.es\\\/noticias\\\/el-club-de-patin-candas-se-alza-con-dos-medallas-de-plata\\\/#mainImage\",\"width\":1600,\"height\":1200},\"primaryImageOfPage\":{\"@id\":\"https:\\\/\\\/candas365.es\\\/noticias\\\/el-club-de-patin-candas-se-alza-con-dos-medallas-de-plata\\\/#mainImage\"},\"datePublished\":\"2019-05-05T21:16:17+02:00\",\"dateModified\":\"2019-05-05T21:16:17+02:00\"},{\"@type\":\"WebSite\",\"@id\":\"https:\\\/\\\/candas365.es\\\/noticias\\\/#website\",\"url\":\"https:\\\/\\\/candas365.es\\\/noticias\\\/\",\"name\":\"Cand\\u00e1s 365\",\"alternateName\":\"Cand\\u00e1s 365 Noticias\",\"description\":\"Actualidad desde Carre\\u00f1o para el mundo\",\"inLanguage\":\"es-ES\",\"publisher\":{\"@id\":\"https:\\\/\\\/candas365.es\\\/noticias\\\/#organization\"}}]}\n\t\t<\/script>\n\t\t<!-- All in One SEO Pro -->\r\n\t\t<title>El Club de Pat\u00edn Cand\u00e1s se alza con dos medallas de plata | Cand\u00e1s 365<\/title>\n\n","aioseo_head_json":{"title":"El Club de Pat\u00edn Cand\u00e1s se alza con dos medallas de plata | Cand\u00e1s 365","description":"El Club de Pat\u00edn Cand\u00e1s gan\u00f3 2 medallas de plata y una de sus patinadores se alz\u00f3 con el t\u00edtulo de subcampeona de Espa\u00f1a. Participaron en el Campeonato de Espa\u00f1a de las categor\u00edas alev\u00edn, infantil y juvenil. Mar\u00eda patinadora corri\u00f3 en la primera jornada la carrera de 3000 mts puntos y en la segunda jornada","canonical_url":"https:\/\/candas365.es\/noticias\/el-club-de-patin-candas-se-alza-con-dos-medallas-de-plata\/","robots":"max-image-preview:large","keywords":"deporte","webmasterTools":{"google-site-verification":"UA-32230408-1","msvalidate.01":"354F3CDFB2DA171B47FBE9ABF1F88D5","miscellaneous":""},"schema":{"@context":"https:\/\/schema.org","@graph":[{"@type":"BreadcrumbList","@id":"https:\/\/candas365.es\/noticias\/el-club-de-patin-candas-se-alza-con-dos-medallas-de-plata\/#breadcrumblist","itemListElement":[{"@type":"ListItem","@id":"https:\/\/candas365.es\/noticias#listItem","position":1,"name":"Home","item":"https:\/\/candas365.es\/noticias","nextItem":{"@type":"ListItem","@id":"https:\/\/candas365.es\/noticias\/category\/deporte\/#listItem","name":"Deporte"}},{"@type":"ListItem","@id":"https:\/\/candas365.es\/noticias\/category\/deporte\/#listItem","position":2,"name":"Deporte","item":"https:\/\/candas365.es\/noticias\/category\/deporte\/","nextItem":{"@type":"ListItem","@id":"https:\/\/candas365.es\/noticias\/el-club-de-patin-candas-se-alza-con-dos-medallas-de-plata\/#listItem","name":"El Club de Pat\u00edn Cand\u00e1s se alza con dos medallas de plata"},"previousItem":{"@type":"ListItem","@id":"https:\/\/candas365.es\/noticias#listItem","name":"Home"}},{"@type":"ListItem","@id":"https:\/\/candas365.es\/noticias\/el-club-de-patin-candas-se-alza-con-dos-medallas-de-plata\/#listItem","position":3,"name":"El Club de Pat\u00edn Cand\u00e1s se alza con dos medallas de plata","previousItem":{"@type":"ListItem","@id":"https:\/\/candas365.es\/noticias\/category\/deporte\/#listItem","name":"Deporte"}}]},{"@type":"NewsArticle","@id":"https:\/\/candas365.es\/noticias\/el-club-de-patin-candas-se-alza-con-dos-medallas-de-plata\/#newsarticle","name":"El Club de Pat\u00edn Cand\u00e1s se alza con dos medallas de plata | Cand\u00e1s 365","headline":"El Club de Pat\u00edn Cand\u00e1s se alza con dos medallas de plata","author":{"@id":"https:\/\/candas365.es\/noticias\/author\/admin\/#author"},"publisher":{"@id":"https:\/\/candas365.es\/noticias\/#organization"},"image":{"@type":"ImageObject","url":"https:\/\/candas365.es\/noticias\/wp-content\/uploads\/2019\/05\/c5c9dec9-b99f.jpg","width":1600,"height":1200},"datePublished":"2019-05-05T21:16:17+02:00","dateModified":"2019-05-05T21:16:17+02:00","inLanguage":"es-ES","mainEntityOfPage":{"@id":"https:\/\/candas365.es\/noticias\/el-club-de-patin-candas-se-alza-con-dos-medallas-de-plata\/#webpage"},"isPartOf":{"@id":"https:\/\/candas365.es\/noticias\/el-club-de-patin-candas-se-alza-con-dos-medallas-de-plata\/#webpage"},"articleSection":"Deporte","dateline":"Publicado el mayo 5, 2019."},{"@type":"Organization","@id":"https:\/\/candas365.es\/noticias\/#organization","name":"Cand\u00e1s 365","description":"Cand\u00e1s 365 es un diario digital independiente, fundado en 2012, con base en Asturias. Informamos con rigor sobre actualidad, sociedad, cultura y ocio, con una mirada local y global.","url":"https:\/\/candas365.es\/noticias\/","email":"info@candas365.es","telephone":"+34652131393","foundingDate":"2012-06-10","logo":{"@type":"ImageObject","url":"https:\/\/candas365.es\/noticias\/wp-content\/uploads\/2024\/09\/Candas-365-Redes.jpg","@id":"https:\/\/candas365.es\/noticias\/el-club-de-patin-candas-se-alza-con-dos-medallas-de-plata\/#organizationLogo","width":1152,"height":864,"caption":"Cand\u00e1s 365 Redes"},"image":{"@id":"https:\/\/candas365.es\/noticias\/el-club-de-patin-candas-se-alza-con-dos-medallas-de-plata\/#organizationLogo"},"sameAs":["https:\/\/www.facebook.com\/Nachofdezber","https:\/\/x.com\/NabercoDigital","https:\/\/www.instagram.com\/nachofdezber\/","https:\/\/www.youtube.com\/channel\/UCZP-2wLEB9Rv6erhFmqVnvg"],"address":{"@id":"https:\/\/candas365.es\/noticias\/#postaladdress","@type":"PostalAddress","streetAddress":"san antonio 4, san antonio 4","postalCode":"33430","addressLocality":"Cand\u00e1s","addressRegion":"Asturias","addressCountry":"ES"}},{"@type":"Person","@id":"https:\/\/candas365.es\/noticias\/author\/admin\/#author","url":"https:\/\/candas365.es\/noticias\/author\/admin\/","name":"Cand\u00e1s 365","image":{"@type":"ImageObject","@id":"https:\/\/candas365.es\/noticias\/el-club-de-patin-candas-se-alza-con-dos-medallas-de-plata\/#authorImage","url":"https:\/\/secure.gravatar.com\/avatar\/496a8e03d0c493ede1718b7934145dbdf8d89be1036b0eec9544e1094c9de390?s=96&d=mm&r=g","width":96,"height":96,"caption":"Cand\u00e1s 365"},"sameAs":["https:\/\/www.facebook.com\/carrenoactualidad","https:\/\/twitter.com\/nbasturias","https:\/\/www.instagram.com\/nachofdezber\/","https:\/\/www.youtube.com\/channel\/UCZP-2wLEB9Rv6erhFmqVnvg"]},{"@type":"WebPage","@id":"https:\/\/candas365.es\/noticias\/el-club-de-patin-candas-se-alza-con-dos-medallas-de-plata\/#webpage","url":"https:\/\/candas365.es\/noticias\/el-club-de-patin-candas-se-alza-con-dos-medallas-de-plata\/","name":"El Club de Pat\u00edn Cand\u00e1s se alza con dos medallas de plata | Cand\u00e1s 365","description":"El Club de Pat\u00edn Cand\u00e1s gan\u00f3 2 medallas de plata y una de sus patinadores se alz\u00f3 con el t\u00edtulo de subcampeona de Espa\u00f1a. Participaron en el Campeonato de Espa\u00f1a de las categor\u00edas alev\u00edn, infantil y juvenil. Mar\u00eda patinadora corri\u00f3 en la primera jornada la carrera de 3000 mts puntos y en la segunda jornada","inLanguage":"es-ES","isPartOf":{"@id":"https:\/\/candas365.es\/noticias\/#website"},"breadcrumb":{"@id":"https:\/\/candas365.es\/noticias\/el-club-de-patin-candas-se-alza-con-dos-medallas-de-plata\/#breadcrumblist"},"author":{"@id":"https:\/\/candas365.es\/noticias\/author\/admin\/#author"},"creator":{"@id":"https:\/\/candas365.es\/noticias\/author\/admin\/#author"},"image":{"@type":"ImageObject","url":"https:\/\/candas365.es\/noticias\/wp-content\/uploads\/2019\/05\/c5c9dec9-b99f.jpg","@id":"https:\/\/candas365.es\/noticias\/el-club-de-patin-candas-se-alza-con-dos-medallas-de-plata\/#mainImage","width":1600,"height":1200},"primaryImageOfPage":{"@id":"https:\/\/candas365.es\/noticias\/el-club-de-patin-candas-se-alza-con-dos-medallas-de-plata\/#mainImage"},"datePublished":"2019-05-05T21:16:17+02:00","dateModified":"2019-05-05T21:16:17+02:00"},{"@type":"WebSite","@id":"https:\/\/candas365.es\/noticias\/#website","url":"https:\/\/candas365.es\/noticias\/","name":"Cand\u00e1s 365","alternateName":"Cand\u00e1s 365 Noticias","description":"Actualidad desde Carre\u00f1o para el mundo","inLanguage":"es-ES","publisher":{"@id":"https:\/\/candas365.es\/noticias\/#organization"}}]},"og:locale":"es_ES","og:site_name":"Cand\u00e1s 365","og:type":"article","og:title":"El Club de Pat\u00edn Cand\u00e1s se alza con dos medallas de plata | Cand\u00e1s 365","og:description":"El Club de Pat\u00edn Cand\u00e1s gan\u00f3 2 medallas de plata y una de sus patinadores se alz\u00f3 con el t\u00edtulo de subcampeona de Espa\u00f1a. Participaron en el Campeonato de Espa\u00f1a de las categor\u00edas alev\u00edn, infantil y juvenil. Mar\u00eda patinadora corri\u00f3 en la primera jornada la carrera de 3000 mts puntos y en la segunda jornada","og:url":"https:\/\/candas365.es\/noticias\/el-club-de-patin-candas-se-alza-con-dos-medallas-de-plata\/","og:image":"https:\/\/candas365.es\/noticias\/wp-content\/uploads\/2019\/05\/c5c9dec9-b99f.jpg","og:image:secure_url":"https:\/\/candas365.es\/noticias\/wp-content\/uploads\/2019\/05\/c5c9dec9-b99f.jpg","og:image:width":1600,"og:image:height":1200,"article:published_time":"2019-05-05T21:16:17+00:00","article:modified_time":"2019-05-05T21:16:17+00:00","article:publisher":"https:\/\/www.facebook.com\/Nachofdezber","article:author":"https:\/\/www.facebook.com\/carrenoactualidad","twitter:card":"summary_large_image","twitter:site":"@NabercoDigital","twitter:title":"El Club de Pat\u00edn Cand\u00e1s se alza con dos medallas de plata | Cand\u00e1s 365","twitter:description":"El Club de Pat\u00edn Cand\u00e1s gan\u00f3 2 medallas de plata y una de sus patinadores se alz\u00f3 con el t\u00edtulo de subcampeona de Espa\u00f1a. Participaron en el Campeonato de Espa\u00f1a de las categor\u00edas alev\u00edn, infantil y juvenil. Mar\u00eda patinadora corri\u00f3 en la primera jornada la carrera de 3000 mts puntos y en la segunda jornada","twitter:creator":"@nbasturias","twitter:image":"https:\/\/candas365.es\/noticias\/wp-content\/uploads\/2019\/05\/c5c9dec9-b99f.jpg","twitter:label1":"Escrito por","twitter:data1":"Cand\u00e1s 365","twitter:label2":"Tiempo de lectura estimado","twitter:data2":"1 minuto"},"aioseo_meta_data":{"post_id":"121957","title":null,"description":null,"keywords":null,"keyphrases":null,"primary_term":null,"canonical_url":null,"og_title":null,"og_description":null,"og_object_type":"default","og_image_type":"default","og_image_url":null,"og_image_width":null,"og_image_height":null,"og_image_custom_url":null,"og_image_custom_fields":null,"og_video":null,"og_custom_url":null,"og_article_section":null,"og_article_tags":null,"twitter_use_og":false,"twitter_card":"default","twitter_image_type":"default","twitter_image_url":null,"twitter_image_custom_url":null,"twitter_image_custom_fields":null,"twitter_title":null,"twitter_description":null,"schema":{"blockGraphs":[],"customGraphs":[],"default":{"data":{"Article":[],"Course":[],"Dataset":[],"FAQPage":[],"Movie":[],"Person":[],"Product":[],"ProductReview":[],"Car":[],"Recipe":[],"Service":[],"SoftwareApplication":[],"WebPage":[]},"graphName":"","isEnabled":true},"graphs":[]},"schema_type":null,"schema_type_options":null,"pillar_content":false,"robots_default":true,"robots_noindex":false,"robots_noarchive":false,"robots_nosnippet":false,"robots_nofollow":false,"robots_noimageindex":false,"robots_noodp":false,"robots_notranslate":false,"robots_max_snippet":null,"robots_max_videopreview":null,"robots_max_imagepreview":"large","priority":null,"frequency":null,"location":null,"local_seo":null,"seo_analyzer_scan_date":"2025-08-29 21:30:26","breadcrumb_settings":null,"limit_modified_date":false,"reviewed_by":null,"open_ai":null,"ai":null,"created":"2020-12-21 10:57:51","updated":"2025-08-29 21:30:26"},"aioseo_breadcrumb":"<div class=\"aioseo-breadcrumbs\"><span class=\"aioseo-breadcrumb\">\n\t<a href=\"https:\/\/candas365.es\/noticias\" title=\"Home\">Home<\/a>\n<\/span><span class=\"aioseo-breadcrumb-separator\">&ndash;<\/span><span class=\"aioseo-breadcrumb\">\n\t<a href=\"https:\/\/candas365.es\/noticias\/category\/deporte\/\" title=\"Deporte\">Deporte<\/a>\n<\/span><span class=\"aioseo-breadcrumb-separator\">&ndash;<\/span><span class=\"aioseo-breadcrumb\">\n\tEl Club de Pat\u00edn Cand\u00e1s se alza con dos medallas de plata\n<\/span><\/div>","aioseo_breadcrumb_json":[{"label":"Home","link":"https:\/\/candas365.es\/noticias"},{"label":"Deporte","link":"https:\/\/candas365.es\/noticias\/category\/deporte\/"},{"label":"El Club de Pat\u00edn Cand\u00e1s se alza con dos medallas de plata","link":"https:\/\/candas365.es\/noticias\/el-club-de-patin-candas-se-alza-con-dos-medallas-de-plata\/"}],"_links":{"self":[{"href":"https:\/\/candas365.es\/noticias\/wp-json\/wp\/v2\/posts\/121957","targetHints":{"allow":["GET"]}}],"collection":[{"href":"https:\/\/candas365.es\/noticias\/wp-json\/wp\/v2\/posts"}],"about":[{"href":"https:\/\/candas365.es\/noticias\/wp-json\/wp\/v2\/types\/post"}],"author":[{"embeddable":true,"href":"https:\/\/candas365.es\/noticias\/wp-json\/wp\/v2\/users\/1"}],"replies":[{"embeddable":true,"href":"https:\/\/candas365.es\/noticias\/wp-json\/wp\/v2\/comments?post=121957"}],"version-history":[{"count":0,"href":"https:\/\/candas365.es\/noticias\/wp-json\/wp\/v2\/posts\/121957\/revisions"}],"wp:featuredmedia":[{"embeddable":true,"href":"https:\/\/candas365.es\/noticias\/wp-json\/wp\/v2\/media\/121958"}],"wp:attachment":[{"href":"https:\/\/candas365.es\/noticias\/wp-json\/wp\/v2\/media?parent=121957"}],"wp:term":[{"taxonomy":"category","embeddable":true,"href":"https:\/\/candas365.es\/noticias\/wp-json\/wp\/v2\/categories?post=121957"},{"taxonomy":"post_tag","embeddable":true,"href":"https:\/\/candas365.es\/noticias\/wp-json\/wp\/v2\/tags?post=121957"}],"curies":[{"name":"wp","href":"https:\/\/api.w.org\/{rel}","templated":true}]}}