{"id":121933,"date":"2019-05-05T20:36:14","date_gmt":"2019-05-05T20:36:14","guid":{"rendered":"http:\/\/candas365.es\/noticias\/?p=121933"},"modified":"2019-05-05T20:36:55","modified_gmt":"2019-05-05T20:36:55","slug":"alejandra-martinez-la-residencia-de-perlora-debe-ser-un-referente-turistico","status":"publish","type":"post","link":"https:\/\/candas365.es\/noticias\/alejandra-martinez-la-residencia-de-perlora-debe-ser-un-referente-turistico\/","title":{"rendered":"Alejandra Mart\u00ednez: \u201cLa Residencia de Perlora debe ser un referente tur\u00edstico\u201d"},"content":{"rendered":"<p><img fetchpriority=\"high\" decoding=\"async\" class=\"alignleft size-medium wp-image-6463\" src=\"https:\/\/candas365.es\/noticias\/wp-content\/uploads\/2015\/02\/MiradorPerlora-306x300.jpg\" alt=\"\" width=\"306\" height=\"300\" srcset=\"https:\/\/candas365.es\/noticias\/wp-content\/uploads\/2015\/02\/MiradorPerlora-306x300.jpg 306w, https:\/\/candas365.es\/noticias\/wp-content\/uploads\/2015\/02\/MiradorPerlora-489x480.jpg 489w, https:\/\/candas365.es\/noticias\/wp-content\/uploads\/2015\/02\/MiradorPerlora-768x754.jpg 768w, https:\/\/candas365.es\/noticias\/wp-content\/uploads\/2015\/02\/MiradorPerlora-1536x1507.jpg 1536w, https:\/\/candas365.es\/noticias\/wp-content\/uploads\/2015\/02\/MiradorPerlora-150x147.jpg 150w, https:\/\/candas365.es\/noticias\/wp-content\/uploads\/2015\/02\/MiradorPerlora-450x442.jpg 450w, https:\/\/candas365.es\/noticias\/wp-content\/uploads\/2015\/02\/MiradorPerlora-1200x1178.jpg 1200w, https:\/\/candas365.es\/noticias\/wp-content\/uploads\/2015\/02\/MiradorPerlora-696x683.jpg 696w, https:\/\/candas365.es\/noticias\/wp-content\/uploads\/2015\/02\/MiradorPerlora-1068x1048.jpg 1068w, https:\/\/candas365.es\/noticias\/wp-content\/uploads\/2015\/02\/MiradorPerlora-428x420.jpg 428w, https:\/\/candas365.es\/noticias\/wp-content\/uploads\/2015\/02\/MiradorPerlora-50x50.jpg 50w, https:\/\/candas365.es\/noticias\/wp-content\/uploads\/2015\/02\/MiradorPerlora.jpg 1600w\" sizes=\"(max-width: 306px) 100vw, 306px\" \/>La presidenta de FORO Carre\u00f1o y candidata a la Alcald\u00eda, Alejandra Mart\u00ednez, ha destacado que \u201cno podemos entender como, en el transcurso de los a\u00f1os, ni el Gobierno socialista del Principado de Asturias, ni el gobierno socialista del Ayuntamiento de Carre\u00f1o han sido capaces de dar una soluci\u00f3n para el desarrollo de la Ciudad Residencial de Perlora en favor de la riqueza de nuestro concejo\u201d. Insisti\u00f3 en que \u201cdesde FORO lucharemos para convertir la Ciudad Residencial de Perlora en un referente del turismo en Carre\u00f1o\u201d.<\/p>\n<p>\u201cNo podemos dejar pasar el tiempo sin poner una soluci\u00f3n coordinada con su actual titular, que no es otro que el gobierno del Principado de Asturias. Se trata de un lugar de belleza incalculable, considerado uno de los lugares m\u00e1s bonitos de Espa\u00f1a y Europa\u201d, aclar\u00f3. Explic\u00f3 que el equipo de FORO Carre\u00f1o insiste en la \u201cprioridad del desarrollo tur\u00edstico, cultural, educacional y deportivo de la ciudad Residencial de Perlora, para reducir de manera sensible la tasa de paro del concejo (actualmente cifrada en 741 personas) que podr\u00edan encontrar en el proyecto un lugar de trabajo estable. Del mismo modo, este desarrollo favorecer\u00eda el aumento de la capacidad tur\u00edstica del concejo en un 50%, fomentando el conocimiento de Carre\u00f1o en Espa\u00f1a y Europa, con los consiguientes beneficios que esto reportar\u00eda al concejo y sus habitantes\u201d.<\/p>\n<p>Por otra parte, a\u00f1adi\u00f3 que \u201cser\u00eda el lugar ideal para un centro deportivo de alto rendimiento, fomentando la presencia de competidores de primer nivel a nivel nacional e internacional\u201d. La presidenta de FORO Carre\u00f1o y candidata a la Alcald\u00eda resalt\u00f3 que \u201cotro de los usos posibles deber\u00eda ser el educacional, con la instalaci\u00f3n de una escuela de formaci\u00f3n profesional de cualquier rama que facilite la educaci\u00f3n dentro de nuestro concejo\u201d.<\/p>\n","protected":false},"excerpt":{"rendered":"<p>La presidenta de FORO Carre\u00f1o y candidata a la Alcald\u00eda, Alejandra Mart\u00ednez, ha destacado que \u201cno podemos entender como, en el transcurso de los a\u00f1os, ni el Gobierno socialista del Principado de Asturias, ni el gobierno socialista del Ayuntamiento de Carre\u00f1o han sido capaces de dar una soluci\u00f3n para el desarrollo de la Ciudad Residencial<\/p>\n","protected":false},"author":1,"featured_media":6463,"comment_status":"closed","ping_status":"closed","sticky":false,"template":"","format":"standard","meta":{"footnotes":""},"categories":[2],"tags":[],"class_list":{"0":"post-121933","1":"post","2":"type-post","3":"status-publish","4":"format-standard","5":"has-post-thumbnail","7":"category-noticias-carreno"},"aioseo_notices":[],"aioseo_head":"\n\t\t<!-- All in One SEO Pro 4.9.6.2 - aioseo.com -->\n\t<meta name=\"description\" content=\"La presidenta de FORO Carre\u00f1o y candidata a la Alcald\u00eda, Alejandra Mart\u00ednez, ha destacado que \u201cno podemos entender como, en el transcurso de los a\u00f1os, ni el Gobierno socialista del Principado de Asturias, ni el gobierno socialista del Ayuntamiento de Carre\u00f1o han sido capaces de dar una soluci\u00f3n para el desarrollo de la Ciudad Residencial\" \/>\n\t<meta name=\"robots\" content=\"max-image-preview:large\" \/>\n\t<meta name=\"author\" content=\"Cand\u00e1s 365\"\/>\n\t<meta name=\"google-site-verification\" content=\"UA-32230408-1\" \/>\n\t<meta name=\"msvalidate.01\" content=\"354F3CDFB2DA171B47FBE9ABF1F88D5\" \/>\n\t<meta name=\"keywords\" content=\"noticias carre\u00f1o\" \/>\n\t<link rel=\"canonical\" href=\"https:\/\/candas365.es\/noticias\/alejandra-martinez-la-residencia-de-perlora-debe-ser-un-referente-turistico\/\" \/>\n\t<meta name=\"generator\" content=\"All in One SEO Pro (AIOSEO) 4.9.6.2\" \/>\n\t\t<meta property=\"og:locale\" content=\"es_ES\" \/>\n\t\t<meta property=\"og:site_name\" content=\"Cand\u00e1s 365\" \/>\n\t\t<meta property=\"og:type\" content=\"article\" \/>\n\t\t<meta property=\"og:title\" content=\"Alejandra Mart\u00ednez: \u201cLa Residencia de Perlora debe ser un referente tur\u00edstico\u201d | Cand\u00e1s 365\" \/>\n\t\t<meta property=\"og:description\" content=\"La presidenta de FORO Carre\u00f1o y candidata a la Alcald\u00eda, Alejandra Mart\u00ednez, ha destacado que \u201cno podemos entender como, en el transcurso de los a\u00f1os, ni el Gobierno socialista del Principado de Asturias, ni el gobierno socialista del Ayuntamiento de Carre\u00f1o han sido capaces de dar una soluci\u00f3n para el desarrollo de la Ciudad Residencial\" \/>\n\t\t<meta property=\"og:url\" content=\"https:\/\/candas365.es\/noticias\/alejandra-martinez-la-residencia-de-perlora-debe-ser-un-referente-turistico\/\" \/>\n\t\t<meta property=\"og:image\" content=\"https:\/\/candas365.es\/noticias\/wp-content\/uploads\/2015\/02\/MiradorPerlora.jpg\" \/>\n\t\t<meta property=\"og:image:secure_url\" content=\"https:\/\/candas365.es\/noticias\/wp-content\/uploads\/2015\/02\/MiradorPerlora.jpg\" \/>\n\t\t<meta property=\"og:image:width\" content=\"1600\" \/>\n\t\t<meta property=\"og:image:height\" content=\"1570\" \/>\n\t\t<meta property=\"article:published_time\" content=\"2019-05-05T20:36:14+00:00\" \/>\n\t\t<meta property=\"article:modified_time\" content=\"2019-05-05T20:36:55+00:00\" \/>\n\t\t<meta property=\"article:publisher\" content=\"https:\/\/www.facebook.com\/Nachofdezber\" \/>\n\t\t<meta property=\"article:author\" content=\"https:\/\/www.facebook.com\/carrenoactualidad\" \/>\n\t\t<meta name=\"twitter:card\" content=\"summary_large_image\" \/>\n\t\t<meta name=\"twitter:site\" content=\"@NabercoDigital\" \/>\n\t\t<meta name=\"twitter:title\" content=\"Alejandra Mart\u00ednez: \u201cLa Residencia de Perlora debe ser un referente tur\u00edstico\u201d | Cand\u00e1s 365\" \/>\n\t\t<meta name=\"twitter:description\" content=\"La presidenta de FORO Carre\u00f1o y candidata a la Alcald\u00eda, Alejandra Mart\u00ednez, ha destacado que \u201cno podemos entender como, en el transcurso de los a\u00f1os, ni el Gobierno socialista del Principado de Asturias, ni el gobierno socialista del Ayuntamiento de Carre\u00f1o han sido capaces de dar una soluci\u00f3n para el desarrollo de la Ciudad Residencial\" \/>\n\t\t<meta name=\"twitter:creator\" content=\"@nbasturias\" \/>\n\t\t<meta name=\"twitter:image\" content=\"https:\/\/candas365.es\/noticias\/wp-content\/uploads\/2015\/02\/MiradorPerlora.jpg\" \/>\n\t\t<meta name=\"twitter:label1\" content=\"Escrito por\" \/>\n\t\t<meta name=\"twitter:data1\" content=\"Cand\u00e1s 365\" \/>\n\t\t<meta name=\"twitter:label2\" content=\"Tiempo de lectura estimado\" \/>\n\t\t<meta name=\"twitter:data2\" content=\"2 minutos\" \/>\n\t\t<script type=\"application\/ld+json\" class=\"aioseo-schema\">\n\t\t\t{\"@context\":\"https:\\\/\\\/schema.org\",\"@graph\":[{\"@type\":\"BreadcrumbList\",\"@id\":\"https:\\\/\\\/candas365.es\\\/noticias\\\/alejandra-martinez-la-residencia-de-perlora-debe-ser-un-referente-turistico\\\/#breadcrumblist\",\"itemListElement\":[{\"@type\":\"ListItem\",\"@id\":\"https:\\\/\\\/candas365.es\\\/noticias#listItem\",\"position\":1,\"name\":\"Home\",\"item\":\"https:\\\/\\\/candas365.es\\\/noticias\",\"nextItem\":{\"@type\":\"ListItem\",\"@id\":\"https:\\\/\\\/candas365.es\\\/noticias\\\/category\\\/noticias-carreno\\\/#listItem\",\"name\":\"Noticias Carre\\u00f1o\"}},{\"@type\":\"ListItem\",\"@id\":\"https:\\\/\\\/candas365.es\\\/noticias\\\/category\\\/noticias-carreno\\\/#listItem\",\"position\":2,\"name\":\"Noticias Carre\\u00f1o\",\"item\":\"https:\\\/\\\/candas365.es\\\/noticias\\\/category\\\/noticias-carreno\\\/\",\"nextItem\":{\"@type\":\"ListItem\",\"@id\":\"https:\\\/\\\/candas365.es\\\/noticias\\\/alejandra-martinez-la-residencia-de-perlora-debe-ser-un-referente-turistico\\\/#listItem\",\"name\":\"Alejandra Mart\\u00ednez: \\u201cLa Residencia de Perlora debe ser un referente tur\\u00edstico\\u201d\"},\"previousItem\":{\"@type\":\"ListItem\",\"@id\":\"https:\\\/\\\/candas365.es\\\/noticias#listItem\",\"name\":\"Home\"}},{\"@type\":\"ListItem\",\"@id\":\"https:\\\/\\\/candas365.es\\\/noticias\\\/alejandra-martinez-la-residencia-de-perlora-debe-ser-un-referente-turistico\\\/#listItem\",\"position\":3,\"name\":\"Alejandra Mart\\u00ednez: \\u201cLa Residencia de Perlora debe ser un referente tur\\u00edstico\\u201d\",\"previousItem\":{\"@type\":\"ListItem\",\"@id\":\"https:\\\/\\\/candas365.es\\\/noticias\\\/category\\\/noticias-carreno\\\/#listItem\",\"name\":\"Noticias Carre\\u00f1o\"}}]},{\"@type\":\"NewsArticle\",\"@id\":\"https:\\\/\\\/candas365.es\\\/noticias\\\/alejandra-martinez-la-residencia-de-perlora-debe-ser-un-referente-turistico\\\/#newsarticle\",\"name\":\"Alejandra Mart\\u00ednez: \\u201cLa Residencia de Perlora debe ser un referente tur\\u00edstico\\u201d | Cand\\u00e1s 365\",\"headline\":\"Alejandra Mart\\u00ednez: \\u201cLa Residencia de Perlora debe ser un referente tur\\u00edstico\\u201d\",\"author\":{\"@id\":\"https:\\\/\\\/candas365.es\\\/noticias\\\/author\\\/admin\\\/#author\"},\"publisher\":{\"@id\":\"https:\\\/\\\/candas365.es\\\/noticias\\\/#organization\"},\"image\":{\"@type\":\"ImageObject\",\"url\":\"https:\\\/\\\/candas365.es\\\/noticias\\\/wp-content\\\/uploads\\\/2015\\\/02\\\/MiradorPerlora.jpg\",\"width\":1600,\"height\":1570},\"datePublished\":\"2019-05-05T20:36:14+02:00\",\"dateModified\":\"2019-05-05T20:36:55+02:00\",\"inLanguage\":\"es-ES\",\"mainEntityOfPage\":{\"@id\":\"https:\\\/\\\/candas365.es\\\/noticias\\\/alejandra-martinez-la-residencia-de-perlora-debe-ser-un-referente-turistico\\\/#webpage\"},\"isPartOf\":{\"@id\":\"https:\\\/\\\/candas365.es\\\/noticias\\\/alejandra-martinez-la-residencia-de-perlora-debe-ser-un-referente-turistico\\\/#webpage\"},\"articleSection\":\"Noticias Carre\\u00f1o\",\"dateline\":\"Publicado el mayo 5, 2019.\"},{\"@type\":\"Organization\",\"@id\":\"https:\\\/\\\/candas365.es\\\/noticias\\\/#organization\",\"name\":\"Cand\\u00e1s 365\",\"description\":\"Cand\\u00e1s 365 es un diario digital independiente, fundado en 2012, con base en Asturias. Informamos con rigor sobre actualidad, sociedad, cultura y ocio, con una mirada local y global.\",\"url\":\"https:\\\/\\\/candas365.es\\\/noticias\\\/\",\"email\":\"info@candas365.es\",\"telephone\":\"+34652131393\",\"foundingDate\":\"2012-06-10\",\"logo\":{\"@type\":\"ImageObject\",\"url\":\"https:\\\/\\\/candas365.es\\\/noticias\\\/wp-content\\\/uploads\\\/2024\\\/09\\\/Candas-365-Redes.jpg\",\"@id\":\"https:\\\/\\\/candas365.es\\\/noticias\\\/alejandra-martinez-la-residencia-de-perlora-debe-ser-un-referente-turistico\\\/#organizationLogo\",\"width\":1152,\"height\":864,\"caption\":\"Cand\\u00e1s 365 Redes\"},\"image\":{\"@id\":\"https:\\\/\\\/candas365.es\\\/noticias\\\/alejandra-martinez-la-residencia-de-perlora-debe-ser-un-referente-turistico\\\/#organizationLogo\"},\"sameAs\":[\"https:\\\/\\\/www.facebook.com\\\/Nachofdezber\",\"https:\\\/\\\/x.com\\\/NabercoDigital\",\"https:\\\/\\\/www.instagram.com\\\/nachofdezber\\\/\",\"https:\\\/\\\/www.youtube.com\\\/channel\\\/UCZP-2wLEB9Rv6erhFmqVnvg\"],\"address\":{\"@id\":\"https:\\\/\\\/candas365.es\\\/noticias\\\/#postaladdress\",\"@type\":\"PostalAddress\",\"streetAddress\":\"san antonio 4, san antonio 4\",\"postalCode\":\"33430\",\"addressLocality\":\"Cand\\u00e1s\",\"addressRegion\":\"Asturias\",\"addressCountry\":\"ES\"}},{\"@type\":\"Person\",\"@id\":\"https:\\\/\\\/candas365.es\\\/noticias\\\/author\\\/admin\\\/#author\",\"url\":\"https:\\\/\\\/candas365.es\\\/noticias\\\/author\\\/admin\\\/\",\"name\":\"Cand\\u00e1s 365\",\"image\":{\"@type\":\"ImageObject\",\"@id\":\"https:\\\/\\\/candas365.es\\\/noticias\\\/alejandra-martinez-la-residencia-de-perlora-debe-ser-un-referente-turistico\\\/#authorImage\",\"url\":\"https:\\\/\\\/secure.gravatar.com\\\/avatar\\\/496a8e03d0c493ede1718b7934145dbdf8d89be1036b0eec9544e1094c9de390?s=96&d=mm&r=g\",\"width\":96,\"height\":96,\"caption\":\"Cand\\u00e1s 365\"},\"sameAs\":[\"https:\\\/\\\/www.facebook.com\\\/carrenoactualidad\",\"https:\\\/\\\/twitter.com\\\/nbasturias\",\"https:\\\/\\\/www.instagram.com\\\/nachofdezber\\\/\",\"https:\\\/\\\/www.youtube.com\\\/channel\\\/UCZP-2wLEB9Rv6erhFmqVnvg\"]},{\"@type\":\"WebPage\",\"@id\":\"https:\\\/\\\/candas365.es\\\/noticias\\\/alejandra-martinez-la-residencia-de-perlora-debe-ser-un-referente-turistico\\\/#webpage\",\"url\":\"https:\\\/\\\/candas365.es\\\/noticias\\\/alejandra-martinez-la-residencia-de-perlora-debe-ser-un-referente-turistico\\\/\",\"name\":\"Alejandra Mart\\u00ednez: \\u201cLa Residencia de Perlora debe ser un referente tur\\u00edstico\\u201d | Cand\\u00e1s 365\",\"description\":\"La presidenta de FORO Carre\\u00f1o y candidata a la Alcald\\u00eda, Alejandra Mart\\u00ednez, ha destacado que \\u201cno podemos entender como, en el transcurso de los a\\u00f1os, ni el Gobierno socialista del Principado de Asturias, ni el gobierno socialista del Ayuntamiento de Carre\\u00f1o han sido capaces de dar una soluci\\u00f3n para el desarrollo de la Ciudad Residencial\",\"inLanguage\":\"es-ES\",\"isPartOf\":{\"@id\":\"https:\\\/\\\/candas365.es\\\/noticias\\\/#website\"},\"breadcrumb\":{\"@id\":\"https:\\\/\\\/candas365.es\\\/noticias\\\/alejandra-martinez-la-residencia-de-perlora-debe-ser-un-referente-turistico\\\/#breadcrumblist\"},\"author\":{\"@id\":\"https:\\\/\\\/candas365.es\\\/noticias\\\/author\\\/admin\\\/#author\"},\"creator\":{\"@id\":\"https:\\\/\\\/candas365.es\\\/noticias\\\/author\\\/admin\\\/#author\"},\"image\":{\"@type\":\"ImageObject\",\"url\":\"https:\\\/\\\/candas365.es\\\/noticias\\\/wp-content\\\/uploads\\\/2015\\\/02\\\/MiradorPerlora.jpg\",\"@id\":\"https:\\\/\\\/candas365.es\\\/noticias\\\/alejandra-martinez-la-residencia-de-perlora-debe-ser-un-referente-turistico\\\/#mainImage\",\"width\":1600,\"height\":1570},\"primaryImageOfPage\":{\"@id\":\"https:\\\/\\\/candas365.es\\\/noticias\\\/alejandra-martinez-la-residencia-de-perlora-debe-ser-un-referente-turistico\\\/#mainImage\"},\"datePublished\":\"2019-05-05T20:36:14+02:00\",\"dateModified\":\"2019-05-05T20:36:55+02:00\"},{\"@type\":\"WebSite\",\"@id\":\"https:\\\/\\\/candas365.es\\\/noticias\\\/#website\",\"url\":\"https:\\\/\\\/candas365.es\\\/noticias\\\/\",\"name\":\"Cand\\u00e1s 365\",\"alternateName\":\"Cand\\u00e1s 365 Noticias\",\"description\":\"Actualidad desde Carre\\u00f1o para el mundo\",\"inLanguage\":\"es-ES\",\"publisher\":{\"@id\":\"https:\\\/\\\/candas365.es\\\/noticias\\\/#organization\"}}]}\n\t\t<\/script>\n\t\t<!-- All in One SEO Pro -->\r\n\t\t<title>Alejandra Mart\u00ednez: \u201cLa Residencia de Perlora debe ser un referente tur\u00edstico\u201d | Cand\u00e1s 365<\/title>\n\n","aioseo_head_json":{"title":"Alejandra Mart\u00ednez: \u201cLa Residencia de Perlora debe ser un referente tur\u00edstico\u201d | Cand\u00e1s 365","description":"La presidenta de FORO Carre\u00f1o y candidata a la Alcald\u00eda, Alejandra Mart\u00ednez, ha destacado que \u201cno podemos entender como, en el transcurso de los a\u00f1os, ni el Gobierno socialista del Principado de Asturias, ni el gobierno socialista del Ayuntamiento de Carre\u00f1o han sido capaces de dar una soluci\u00f3n para el desarrollo de la Ciudad Residencial","canonical_url":"https:\/\/candas365.es\/noticias\/alejandra-martinez-la-residencia-de-perlora-debe-ser-un-referente-turistico\/","robots":"max-image-preview:large","keywords":"noticias carre\u00f1o","webmasterTools":{"google-site-verification":"UA-32230408-1","msvalidate.01":"354F3CDFB2DA171B47FBE9ABF1F88D5","miscellaneous":""},"schema":{"@context":"https:\/\/schema.org","@graph":[{"@type":"BreadcrumbList","@id":"https:\/\/candas365.es\/noticias\/alejandra-martinez-la-residencia-de-perlora-debe-ser-un-referente-turistico\/#breadcrumblist","itemListElement":[{"@type":"ListItem","@id":"https:\/\/candas365.es\/noticias#listItem","position":1,"name":"Home","item":"https:\/\/candas365.es\/noticias","nextItem":{"@type":"ListItem","@id":"https:\/\/candas365.es\/noticias\/category\/noticias-carreno\/#listItem","name":"Noticias Carre\u00f1o"}},{"@type":"ListItem","@id":"https:\/\/candas365.es\/noticias\/category\/noticias-carreno\/#listItem","position":2,"name":"Noticias Carre\u00f1o","item":"https:\/\/candas365.es\/noticias\/category\/noticias-carreno\/","nextItem":{"@type":"ListItem","@id":"https:\/\/candas365.es\/noticias\/alejandra-martinez-la-residencia-de-perlora-debe-ser-un-referente-turistico\/#listItem","name":"Alejandra Mart\u00ednez: \u201cLa Residencia de Perlora debe ser un referente tur\u00edstico\u201d"},"previousItem":{"@type":"ListItem","@id":"https:\/\/candas365.es\/noticias#listItem","name":"Home"}},{"@type":"ListItem","@id":"https:\/\/candas365.es\/noticias\/alejandra-martinez-la-residencia-de-perlora-debe-ser-un-referente-turistico\/#listItem","position":3,"name":"Alejandra Mart\u00ednez: \u201cLa Residencia de Perlora debe ser un referente tur\u00edstico\u201d","previousItem":{"@type":"ListItem","@id":"https:\/\/candas365.es\/noticias\/category\/noticias-carreno\/#listItem","name":"Noticias Carre\u00f1o"}}]},{"@type":"NewsArticle","@id":"https:\/\/candas365.es\/noticias\/alejandra-martinez-la-residencia-de-perlora-debe-ser-un-referente-turistico\/#newsarticle","name":"Alejandra Mart\u00ednez: \u201cLa Residencia de Perlora debe ser un referente tur\u00edstico\u201d | Cand\u00e1s 365","headline":"Alejandra Mart\u00ednez: \u201cLa Residencia de Perlora debe ser un referente tur\u00edstico\u201d","author":{"@id":"https:\/\/candas365.es\/noticias\/author\/admin\/#author"},"publisher":{"@id":"https:\/\/candas365.es\/noticias\/#organization"},"image":{"@type":"ImageObject","url":"https:\/\/candas365.es\/noticias\/wp-content\/uploads\/2015\/02\/MiradorPerlora.jpg","width":1600,"height":1570},"datePublished":"2019-05-05T20:36:14+02:00","dateModified":"2019-05-05T20:36:55+02:00","inLanguage":"es-ES","mainEntityOfPage":{"@id":"https:\/\/candas365.es\/noticias\/alejandra-martinez-la-residencia-de-perlora-debe-ser-un-referente-turistico\/#webpage"},"isPartOf":{"@id":"https:\/\/candas365.es\/noticias\/alejandra-martinez-la-residencia-de-perlora-debe-ser-un-referente-turistico\/#webpage"},"articleSection":"Noticias Carre\u00f1o","dateline":"Publicado el mayo 5, 2019."},{"@type":"Organization","@id":"https:\/\/candas365.es\/noticias\/#organization","name":"Cand\u00e1s 365","description":"Cand\u00e1s 365 es un diario digital independiente, fundado en 2012, con base en Asturias. Informamos con rigor sobre actualidad, sociedad, cultura y ocio, con una mirada local y global.","url":"https:\/\/candas365.es\/noticias\/","email":"info@candas365.es","telephone":"+34652131393","foundingDate":"2012-06-10","logo":{"@type":"ImageObject","url":"https:\/\/candas365.es\/noticias\/wp-content\/uploads\/2024\/09\/Candas-365-Redes.jpg","@id":"https:\/\/candas365.es\/noticias\/alejandra-martinez-la-residencia-de-perlora-debe-ser-un-referente-turistico\/#organizationLogo","width":1152,"height":864,"caption":"Cand\u00e1s 365 Redes"},"image":{"@id":"https:\/\/candas365.es\/noticias\/alejandra-martinez-la-residencia-de-perlora-debe-ser-un-referente-turistico\/#organizationLogo"},"sameAs":["https:\/\/www.facebook.com\/Nachofdezber","https:\/\/x.com\/NabercoDigital","https:\/\/www.instagram.com\/nachofdezber\/","https:\/\/www.youtube.com\/channel\/UCZP-2wLEB9Rv6erhFmqVnvg"],"address":{"@id":"https:\/\/candas365.es\/noticias\/#postaladdress","@type":"PostalAddress","streetAddress":"san antonio 4, san antonio 4","postalCode":"33430","addressLocality":"Cand\u00e1s","addressRegion":"Asturias","addressCountry":"ES"}},{"@type":"Person","@id":"https:\/\/candas365.es\/noticias\/author\/admin\/#author","url":"https:\/\/candas365.es\/noticias\/author\/admin\/","name":"Cand\u00e1s 365","image":{"@type":"ImageObject","@id":"https:\/\/candas365.es\/noticias\/alejandra-martinez-la-residencia-de-perlora-debe-ser-un-referente-turistico\/#authorImage","url":"https:\/\/secure.gravatar.com\/avatar\/496a8e03d0c493ede1718b7934145dbdf8d89be1036b0eec9544e1094c9de390?s=96&d=mm&r=g","width":96,"height":96,"caption":"Cand\u00e1s 365"},"sameAs":["https:\/\/www.facebook.com\/carrenoactualidad","https:\/\/twitter.com\/nbasturias","https:\/\/www.instagram.com\/nachofdezber\/","https:\/\/www.youtube.com\/channel\/UCZP-2wLEB9Rv6erhFmqVnvg"]},{"@type":"WebPage","@id":"https:\/\/candas365.es\/noticias\/alejandra-martinez-la-residencia-de-perlora-debe-ser-un-referente-turistico\/#webpage","url":"https:\/\/candas365.es\/noticias\/alejandra-martinez-la-residencia-de-perlora-debe-ser-un-referente-turistico\/","name":"Alejandra Mart\u00ednez: \u201cLa Residencia de Perlora debe ser un referente tur\u00edstico\u201d | Cand\u00e1s 365","description":"La presidenta de FORO Carre\u00f1o y candidata a la Alcald\u00eda, Alejandra Mart\u00ednez, ha destacado que \u201cno podemos entender como, en el transcurso de los a\u00f1os, ni el Gobierno socialista del Principado de Asturias, ni el gobierno socialista del Ayuntamiento de Carre\u00f1o han sido capaces de dar una soluci\u00f3n para el desarrollo de la Ciudad Residencial","inLanguage":"es-ES","isPartOf":{"@id":"https:\/\/candas365.es\/noticias\/#website"},"breadcrumb":{"@id":"https:\/\/candas365.es\/noticias\/alejandra-martinez-la-residencia-de-perlora-debe-ser-un-referente-turistico\/#breadcrumblist"},"author":{"@id":"https:\/\/candas365.es\/noticias\/author\/admin\/#author"},"creator":{"@id":"https:\/\/candas365.es\/noticias\/author\/admin\/#author"},"image":{"@type":"ImageObject","url":"https:\/\/candas365.es\/noticias\/wp-content\/uploads\/2015\/02\/MiradorPerlora.jpg","@id":"https:\/\/candas365.es\/noticias\/alejandra-martinez-la-residencia-de-perlora-debe-ser-un-referente-turistico\/#mainImage","width":1600,"height":1570},"primaryImageOfPage":{"@id":"https:\/\/candas365.es\/noticias\/alejandra-martinez-la-residencia-de-perlora-debe-ser-un-referente-turistico\/#mainImage"},"datePublished":"2019-05-05T20:36:14+02:00","dateModified":"2019-05-05T20:36:55+02:00"},{"@type":"WebSite","@id":"https:\/\/candas365.es\/noticias\/#website","url":"https:\/\/candas365.es\/noticias\/","name":"Cand\u00e1s 365","alternateName":"Cand\u00e1s 365 Noticias","description":"Actualidad desde Carre\u00f1o para el mundo","inLanguage":"es-ES","publisher":{"@id":"https:\/\/candas365.es\/noticias\/#organization"}}]},"og:locale":"es_ES","og:site_name":"Cand\u00e1s 365","og:type":"article","og:title":"Alejandra Mart\u00ednez: \u201cLa Residencia de Perlora debe ser un referente tur\u00edstico\u201d | Cand\u00e1s 365","og:description":"La presidenta de FORO Carre\u00f1o y candidata a la Alcald\u00eda, Alejandra Mart\u00ednez, ha destacado que \u201cno podemos entender como, en el transcurso de los a\u00f1os, ni el Gobierno socialista del Principado de Asturias, ni el gobierno socialista del Ayuntamiento de Carre\u00f1o han sido capaces de dar una soluci\u00f3n para el desarrollo de la Ciudad Residencial","og:url":"https:\/\/candas365.es\/noticias\/alejandra-martinez-la-residencia-de-perlora-debe-ser-un-referente-turistico\/","og:image":"https:\/\/candas365.es\/noticias\/wp-content\/uploads\/2015\/02\/MiradorPerlora.jpg","og:image:secure_url":"https:\/\/candas365.es\/noticias\/wp-content\/uploads\/2015\/02\/MiradorPerlora.jpg","og:image:width":1600,"og:image:height":1570,"article:published_time":"2019-05-05T20:36:14+00:00","article:modified_time":"2019-05-05T20:36:55+00:00","article:publisher":"https:\/\/www.facebook.com\/Nachofdezber","article:author":"https:\/\/www.facebook.com\/carrenoactualidad","twitter:card":"summary_large_image","twitter:site":"@NabercoDigital","twitter:title":"Alejandra Mart\u00ednez: \u201cLa Residencia de Perlora debe ser un referente tur\u00edstico\u201d | Cand\u00e1s 365","twitter:description":"La presidenta de FORO Carre\u00f1o y candidata a la Alcald\u00eda, Alejandra Mart\u00ednez, ha destacado que \u201cno podemos entender como, en el transcurso de los a\u00f1os, ni el Gobierno socialista del Principado de Asturias, ni el gobierno socialista del Ayuntamiento de Carre\u00f1o han sido capaces de dar una soluci\u00f3n para el desarrollo de la Ciudad Residencial","twitter:creator":"@nbasturias","twitter:image":"https:\/\/candas365.es\/noticias\/wp-content\/uploads\/2015\/02\/MiradorPerlora.jpg","twitter:label1":"Escrito por","twitter:data1":"Cand\u00e1s 365","twitter:label2":"Tiempo de lectura estimado","twitter:data2":"2 minutos"},"aioseo_meta_data":{"post_id":"121933","title":null,"description":null,"keywords":null,"keyphrases":null,"primary_term":null,"canonical_url":null,"og_title":null,"og_description":null,"og_object_type":"default","og_image_type":"default","og_image_url":null,"og_image_width":null,"og_image_height":null,"og_image_custom_url":null,"og_image_custom_fields":null,"og_video":null,"og_custom_url":null,"og_article_section":null,"og_article_tags":null,"twitter_use_og":false,"twitter_card":"default","twitter_image_type":"default","twitter_image_url":null,"twitter_image_custom_url":null,"twitter_image_custom_fields":null,"twitter_title":null,"twitter_description":null,"schema":{"blockGraphs":[],"customGraphs":[],"default":{"data":{"Article":[],"Course":[],"Dataset":[],"FAQPage":[],"Movie":[],"Person":[],"Product":[],"ProductReview":[],"Car":[],"Recipe":[],"Service":[],"SoftwareApplication":[],"WebPage":[]},"graphName":"","isEnabled":true},"graphs":[],"defaultGraph":"","defaultPostTypeGraph":""},"schema_type":null,"schema_type_options":null,"pillar_content":false,"robots_default":true,"robots_noindex":false,"robots_noarchive":false,"robots_nosnippet":false,"robots_nofollow":false,"robots_noimageindex":false,"robots_noodp":false,"robots_notranslate":false,"robots_max_snippet":null,"robots_max_videopreview":null,"robots_max_imagepreview":"large","priority":null,"frequency":null,"location":null,"local_seo":null,"seo_analyzer_scan_date":"2025-08-29 21:26:17","breadcrumb_settings":null,"limit_modified_date":false,"reviewed_by":null,"open_ai":null,"ai":null,"created":"2020-12-21 10:57:58","updated":"2025-08-29 21:26:17"},"aioseo_breadcrumb":"<div class=\"aioseo-breadcrumbs\"><span class=\"aioseo-breadcrumb\">\n\t<a href=\"https:\/\/candas365.es\/noticias\" title=\"Home\">Home<\/a>\n<\/span><span class=\"aioseo-breadcrumb-separator\">&ndash;<\/span><span class=\"aioseo-breadcrumb\">\n\t<a href=\"https:\/\/candas365.es\/noticias\/category\/noticias-carreno\/\" title=\"Noticias Carre\u00f1o\">Noticias Carre\u00f1o<\/a>\n<\/span><span class=\"aioseo-breadcrumb-separator\">&ndash;<\/span><span class=\"aioseo-breadcrumb\">\n\tAlejandra Mart\u00ednez: \u201cLa Residencia de Perlora debe ser un referente tur\u00edstico\u201d\n<\/span><\/div>","aioseo_breadcrumb_json":[{"label":"Home","link":"https:\/\/candas365.es\/noticias"},{"label":"Noticias Carre\u00f1o","link":"https:\/\/candas365.es\/noticias\/category\/noticias-carreno\/"},{"label":"Alejandra Mart\u00ednez: \u201cLa Residencia de Perlora debe ser un referente tur\u00edstico\u201d","link":"https:\/\/candas365.es\/noticias\/alejandra-martinez-la-residencia-de-perlora-debe-ser-un-referente-turistico\/"}],"_links":{"self":[{"href":"https:\/\/candas365.es\/noticias\/wp-json\/wp\/v2\/posts\/121933","targetHints":{"allow":["GET"]}}],"collection":[{"href":"https:\/\/candas365.es\/noticias\/wp-json\/wp\/v2\/posts"}],"about":[{"href":"https:\/\/candas365.es\/noticias\/wp-json\/wp\/v2\/types\/post"}],"author":[{"embeddable":true,"href":"https:\/\/candas365.es\/noticias\/wp-json\/wp\/v2\/users\/1"}],"replies":[{"embeddable":true,"href":"https:\/\/candas365.es\/noticias\/wp-json\/wp\/v2\/comments?post=121933"}],"version-history":[{"count":0,"href":"https:\/\/candas365.es\/noticias\/wp-json\/wp\/v2\/posts\/121933\/revisions"}],"wp:featuredmedia":[{"embeddable":true,"href":"https:\/\/candas365.es\/noticias\/wp-json\/wp\/v2\/media\/6463"}],"wp:attachment":[{"href":"https:\/\/candas365.es\/noticias\/wp-json\/wp\/v2\/media?parent=121933"}],"wp:term":[{"taxonomy":"category","embeddable":true,"href":"https:\/\/candas365.es\/noticias\/wp-json\/wp\/v2\/categories?post=121933"},{"taxonomy":"post_tag","embeddable":true,"href":"https:\/\/candas365.es\/noticias\/wp-json\/wp\/v2\/tags?post=121933"}],"curies":[{"name":"wp","href":"https:\/\/api.w.org\/{rel}","templated":true}]}}