{"id":121908,"date":"2019-05-05T06:01:49","date_gmt":"2019-05-05T06:01:49","guid":{"rendered":"http:\/\/candas365.es\/noticias\/?p=121908"},"modified":"2019-05-05T06:01:49","modified_gmt":"2019-05-05T06:01:49","slug":"vettel-me-gustaria-que-mis-compatriotas-fuesen-mas-leales-y-relajados","status":"publish","type":"post","link":"https:\/\/candas365.es\/noticias\/vettel-me-gustaria-que-mis-compatriotas-fuesen-mas-leales-y-relajados\/","title":{"rendered":"Vettel: \u201cMe gustar\u00eda que mis compatriotas fuesen m\u00e1s leales y relajados\u201d"},"content":{"rendered":"<figure id=\"attachment_121909\" aria-describedby=\"caption-attachment-121909\" style=\"width: 360px\" class=\"wp-caption alignleft\"><img fetchpriority=\"high\" decoding=\"async\" class=\"size-medium wp-image-121909\" src=\"https:\/\/candas365.es\/noticias\/wp-content\/uploads\/2019\/05\/Vettel-LH-360x207.jpg\" alt=\"\" width=\"360\" height=\"207\" srcset=\"https:\/\/candas365.es\/noticias\/wp-content\/uploads\/2019\/05\/Vettel-LH-360x207.jpg 360w, https:\/\/candas365.es\/noticias\/wp-content\/uploads\/2019\/05\/Vettel-LH-768x441.jpg 768w, https:\/\/candas365.es\/noticias\/wp-content\/uploads\/2019\/05\/Vettel-LH-655x376.jpg 655w, https:\/\/candas365.es\/noticias\/wp-content\/uploads\/2019\/05\/Vettel-LH-696x399.jpg 696w, https:\/\/candas365.es\/noticias\/wp-content\/uploads\/2019\/05\/Vettel-LH-1068x613.jpg 1068w, https:\/\/candas365.es\/noticias\/wp-content\/uploads\/2019\/05\/Vettel-LH-732x420.jpg 732w, https:\/\/candas365.es\/noticias\/wp-content\/uploads\/2019\/05\/Vettel-LH.jpg 1152w\" sizes=\"(max-width: 360px) 100vw, 360px\" \/><figcaption id=\"caption-attachment-121909\" class=\"wp-caption-text\">Los pilotos de F\u00f3rmula 1 Lewis Hamilton y Sebastian Vettel (izq.). Foto: Jens B\u00fcttner\/dpa<\/figcaption><\/figure>\n<p>Berl\u00edn, 4 may (dpa) &#8211; Al piloto alem\u00e1n de F\u00f3rmula 1 Sebastian Vettel le gustar\u00eda que sus compatriotas fuesen m\u00e1s leales y relajados, coment\u00f3 la estrella de Ferrari en una entrevista que publica hoy el semanario \u00abDer Spiegel\u00bb.<\/p>\n<p>\u00abEn lo que se refiere a la valoraci\u00f3n de las personas, ser\u00eda m\u00e1s bonito (demostrar) m\u00e1s tranquilidad y lealtad\u00bb, coment\u00f3 el germano de 31 a\u00f1os.<\/p>\n<p>Vettel se\u00f1al\u00f3 que concuerda por completo con el legendario ex jugador alem\u00e1n de baloncesto Dirk Nowitzki, quien dijo tener la impresi\u00f3n de que los alemanes buscan cualquier motivo para regodearse maliciosamente con sus \u00eddolos deportivos.<\/p>\n<p>El piloto a\u00f1adi\u00f3 que durante sus a\u00f1os en el equipo ingl\u00e9s Red Bull y en su actual escuder\u00eda italiana not\u00f3 cu\u00e1l es la imagen que se tiene de los alemanes: \u00abQuisquillosos, nunca satisfechos, siempre buscando lo negativo\u00bb, coment\u00f3.<\/p>\n<p>Vettel quisiera que hubiese m\u00e1s respeto hacia los logros de los dem\u00e1s. \u00abDedicamos demasiado tiempo a quejarnos y luchar (contra las circunstancias) y poco tiempo a los elogios\u00bb, enfatiz\u00f3.<\/p>\n<p>Por otra parte, el piloto asegur\u00f3 que si bien le molesta que su eterno competidor Lewis Hamilton llegue primero a la meta, su reconocimiento por su colega brit\u00e1nico del equipo Mercedes es real.<\/p>\n<p>\u00abHoy en d\u00eda siento que falta a menudo hacer una pausa, admirar lo logrado. Eso no solo vale para quienes ganan en la F\u00f3rmula 1. La velocidad de nuestra vida no deja espacio para reflexionar y admirar. Todo se olvida demasiado r\u00e1pido, de inmediato ya se escribe la pr\u00f3xima historia\u00bb, observ\u00f3.<\/p>\n<p>Vettel participa en la F\u00f3rmula 1 desde 2007, donde se inici\u00f3 en los equipos de BMW y Toro Rosso. Luego corri\u00f3 para Red Bull y es piloto de la escuder\u00eda Ferrari desde 2015. El piloto alem\u00e1n se consagr\u00f3 campe\u00f3n con Red Bull por cuatro veces consecutivas entre 2010 y 2013.<\/p>\n","protected":false},"excerpt":{"rendered":"<p>Berl\u00edn, 4 may (dpa) &#8211; Al piloto alem\u00e1n de F\u00f3rmula 1 Sebastian Vettel le gustar\u00eda que sus compatriotas fuesen m\u00e1s leales y relajados, coment\u00f3 la estrella de Ferrari en una entrevista que publica hoy el semanario \u00abDer Spiegel\u00bb. \u00abEn lo que se refiere a la valoraci\u00f3n de las personas, ser\u00eda m\u00e1s bonito (demostrar) m\u00e1s tranquilidad<\/p>\n","protected":false},"author":1,"featured_media":121909,"comment_status":"closed","ping_status":"closed","sticky":false,"template":"","format":"standard","meta":{"footnotes":""},"categories":[319],"tags":[],"class_list":{"0":"post-121908","1":"post","2":"type-post","3":"status-publish","4":"format-standard","5":"has-post-thumbnail","7":"category-deporte"},"aioseo_notices":[],"aioseo_head":"\n\t\t<!-- All in One SEO Pro 4.9.6.2 - aioseo.com -->\n\t<meta name=\"description\" content=\"Berl\u00edn, 4 may (dpa) - Al piloto alem\u00e1n de F\u00f3rmula 1 Sebastian Vettel le gustar\u00eda que sus compatriotas fuesen m\u00e1s leales y relajados, coment\u00f3 la estrella de Ferrari en una entrevista que publica hoy el semanario &quot;Der Spiegel&quot;. &quot;En lo que se refiere a la valoraci\u00f3n de las personas, ser\u00eda m\u00e1s bonito (demostrar) m\u00e1s tranquilidad\" \/>\n\t<meta name=\"robots\" content=\"max-image-preview:large\" \/>\n\t<meta name=\"author\" content=\"Cand\u00e1s 365\"\/>\n\t<meta name=\"google-site-verification\" content=\"UA-32230408-1\" \/>\n\t<meta name=\"msvalidate.01\" content=\"354F3CDFB2DA171B47FBE9ABF1F88D5\" \/>\n\t<meta name=\"keywords\" content=\"deporte\" \/>\n\t<link rel=\"canonical\" href=\"https:\/\/candas365.es\/noticias\/vettel-me-gustaria-que-mis-compatriotas-fuesen-mas-leales-y-relajados\/\" \/>\n\t<meta name=\"generator\" content=\"All in One SEO Pro (AIOSEO) 4.9.6.2\" \/>\n\t\t<meta property=\"og:locale\" content=\"es_ES\" \/>\n\t\t<meta property=\"og:site_name\" content=\"Cand\u00e1s 365\" \/>\n\t\t<meta property=\"og:type\" content=\"article\" \/>\n\t\t<meta property=\"og:title\" content=\"Vettel: \u201cMe gustar\u00eda que mis compatriotas fuesen m\u00e1s leales y relajados\u201d | Cand\u00e1s 365\" \/>\n\t\t<meta property=\"og:description\" content=\"Berl\u00edn, 4 may (dpa) - Al piloto alem\u00e1n de F\u00f3rmula 1 Sebastian Vettel le gustar\u00eda que sus compatriotas fuesen m\u00e1s leales y relajados, coment\u00f3 la estrella de Ferrari en una entrevista que publica hoy el semanario &quot;Der Spiegel&quot;. &quot;En lo que se refiere a la valoraci\u00f3n de las personas, ser\u00eda m\u00e1s bonito (demostrar) m\u00e1s tranquilidad\" \/>\n\t\t<meta property=\"og:url\" content=\"https:\/\/candas365.es\/noticias\/vettel-me-gustaria-que-mis-compatriotas-fuesen-mas-leales-y-relajados\/\" \/>\n\t\t<meta property=\"og:image\" content=\"https:\/\/candas365.es\/noticias\/wp-content\/uploads\/2019\/05\/Vettel-LH.jpg\" \/>\n\t\t<meta property=\"og:image:secure_url\" content=\"https:\/\/candas365.es\/noticias\/wp-content\/uploads\/2019\/05\/Vettel-LH.jpg\" \/>\n\t\t<meta property=\"og:image:width\" content=\"1152\" \/>\n\t\t<meta property=\"og:image:height\" content=\"661\" \/>\n\t\t<meta property=\"article:published_time\" content=\"2019-05-05T06:01:49+00:00\" \/>\n\t\t<meta property=\"article:modified_time\" content=\"2019-05-05T06:01:49+00:00\" \/>\n\t\t<meta property=\"article:publisher\" content=\"https:\/\/www.facebook.com\/Nachofdezber\" \/>\n\t\t<meta property=\"article:author\" content=\"https:\/\/www.facebook.com\/carrenoactualidad\" \/>\n\t\t<meta name=\"twitter:card\" content=\"summary_large_image\" \/>\n\t\t<meta name=\"twitter:site\" content=\"@NabercoDigital\" \/>\n\t\t<meta name=\"twitter:title\" content=\"Vettel: \u201cMe gustar\u00eda que mis compatriotas fuesen m\u00e1s leales y relajados\u201d | Cand\u00e1s 365\" \/>\n\t\t<meta name=\"twitter:description\" content=\"Berl\u00edn, 4 may (dpa) - Al piloto alem\u00e1n de F\u00f3rmula 1 Sebastian Vettel le gustar\u00eda que sus compatriotas fuesen m\u00e1s leales y relajados, coment\u00f3 la estrella de Ferrari en una entrevista que publica hoy el semanario &quot;Der Spiegel&quot;. &quot;En lo que se refiere a la valoraci\u00f3n de las personas, ser\u00eda m\u00e1s bonito (demostrar) m\u00e1s tranquilidad\" \/>\n\t\t<meta name=\"twitter:creator\" content=\"@nbasturias\" \/>\n\t\t<meta name=\"twitter:image\" content=\"https:\/\/candas365.es\/noticias\/wp-content\/uploads\/2019\/05\/Vettel-LH.jpg\" \/>\n\t\t<meta name=\"twitter:label1\" content=\"Escrito por\" \/>\n\t\t<meta name=\"twitter:data1\" content=\"Cand\u00e1s 365\" \/>\n\t\t<meta name=\"twitter:label2\" content=\"Tiempo de lectura estimado\" \/>\n\t\t<meta name=\"twitter:data2\" content=\"2 minutos\" \/>\n\t\t<script type=\"application\/ld+json\" class=\"aioseo-schema\">\n\t\t\t{\"@context\":\"https:\\\/\\\/schema.org\",\"@graph\":[{\"@type\":\"BreadcrumbList\",\"@id\":\"https:\\\/\\\/candas365.es\\\/noticias\\\/vettel-me-gustaria-que-mis-compatriotas-fuesen-mas-leales-y-relajados\\\/#breadcrumblist\",\"itemListElement\":[{\"@type\":\"ListItem\",\"@id\":\"https:\\\/\\\/candas365.es\\\/noticias#listItem\",\"position\":1,\"name\":\"Home\",\"item\":\"https:\\\/\\\/candas365.es\\\/noticias\",\"nextItem\":{\"@type\":\"ListItem\",\"@id\":\"https:\\\/\\\/candas365.es\\\/noticias\\\/category\\\/deporte\\\/#listItem\",\"name\":\"Deporte\"}},{\"@type\":\"ListItem\",\"@id\":\"https:\\\/\\\/candas365.es\\\/noticias\\\/category\\\/deporte\\\/#listItem\",\"position\":2,\"name\":\"Deporte\",\"item\":\"https:\\\/\\\/candas365.es\\\/noticias\\\/category\\\/deporte\\\/\",\"nextItem\":{\"@type\":\"ListItem\",\"@id\":\"https:\\\/\\\/candas365.es\\\/noticias\\\/vettel-me-gustaria-que-mis-compatriotas-fuesen-mas-leales-y-relajados\\\/#listItem\",\"name\":\"Vettel: \\u201cMe gustar\\u00eda que mis compatriotas fuesen m\\u00e1s leales y relajados\\u201d\"},\"previousItem\":{\"@type\":\"ListItem\",\"@id\":\"https:\\\/\\\/candas365.es\\\/noticias#listItem\",\"name\":\"Home\"}},{\"@type\":\"ListItem\",\"@id\":\"https:\\\/\\\/candas365.es\\\/noticias\\\/vettel-me-gustaria-que-mis-compatriotas-fuesen-mas-leales-y-relajados\\\/#listItem\",\"position\":3,\"name\":\"Vettel: \\u201cMe gustar\\u00eda que mis compatriotas fuesen m\\u00e1s leales y relajados\\u201d\",\"previousItem\":{\"@type\":\"ListItem\",\"@id\":\"https:\\\/\\\/candas365.es\\\/noticias\\\/category\\\/deporte\\\/#listItem\",\"name\":\"Deporte\"}}]},{\"@type\":\"NewsArticle\",\"@id\":\"https:\\\/\\\/candas365.es\\\/noticias\\\/vettel-me-gustaria-que-mis-compatriotas-fuesen-mas-leales-y-relajados\\\/#newsarticle\",\"name\":\"Vettel: \\u201cMe gustar\\u00eda que mis compatriotas fuesen m\\u00e1s leales y relajados\\u201d | Cand\\u00e1s 365\",\"headline\":\"Vettel: \\u201cMe gustar\\u00eda que mis compatriotas fuesen m\\u00e1s leales y relajados\\u201d\",\"author\":{\"@id\":\"https:\\\/\\\/candas365.es\\\/noticias\\\/author\\\/admin\\\/#author\"},\"publisher\":{\"@id\":\"https:\\\/\\\/candas365.es\\\/noticias\\\/#organization\"},\"image\":{\"@type\":\"ImageObject\",\"url\":\"https:\\\/\\\/candas365.es\\\/noticias\\\/wp-content\\\/uploads\\\/2019\\\/05\\\/Vettel-LH.jpg\",\"width\":1152,\"height\":661,\"caption\":\"Los pilotos de F\\u00f3rmula 1 Lewis Hamilton y Sebastian Vettel (izq.). Foto: Jens B\\u00fcttner\\\/dpa\"},\"datePublished\":\"2019-05-05T06:01:49+02:00\",\"dateModified\":\"2019-05-05T06:01:49+02:00\",\"inLanguage\":\"es-ES\",\"mainEntityOfPage\":{\"@id\":\"https:\\\/\\\/candas365.es\\\/noticias\\\/vettel-me-gustaria-que-mis-compatriotas-fuesen-mas-leales-y-relajados\\\/#webpage\"},\"isPartOf\":{\"@id\":\"https:\\\/\\\/candas365.es\\\/noticias\\\/vettel-me-gustaria-que-mis-compatriotas-fuesen-mas-leales-y-relajados\\\/#webpage\"},\"articleSection\":\"Deporte\",\"dateline\":\"Publicado el mayo 5, 2019.\"},{\"@type\":\"Organization\",\"@id\":\"https:\\\/\\\/candas365.es\\\/noticias\\\/#organization\",\"name\":\"Cand\\u00e1s 365\",\"description\":\"Cand\\u00e1s 365 es un diario digital independiente, fundado en 2012, con base en Asturias. Informamos con rigor sobre actualidad, sociedad, cultura y ocio, con una mirada local y global.\",\"url\":\"https:\\\/\\\/candas365.es\\\/noticias\\\/\",\"email\":\"info@candas365.es\",\"telephone\":\"+34652131393\",\"foundingDate\":\"2012-06-10\",\"logo\":{\"@type\":\"ImageObject\",\"url\":\"https:\\\/\\\/candas365.es\\\/noticias\\\/wp-content\\\/uploads\\\/2024\\\/09\\\/Candas-365-Redes.jpg\",\"@id\":\"https:\\\/\\\/candas365.es\\\/noticias\\\/vettel-me-gustaria-que-mis-compatriotas-fuesen-mas-leales-y-relajados\\\/#organizationLogo\",\"width\":1152,\"height\":864,\"caption\":\"Cand\\u00e1s 365 Redes\"},\"image\":{\"@id\":\"https:\\\/\\\/candas365.es\\\/noticias\\\/vettel-me-gustaria-que-mis-compatriotas-fuesen-mas-leales-y-relajados\\\/#organizationLogo\"},\"sameAs\":[\"https:\\\/\\\/www.facebook.com\\\/Nachofdezber\",\"https:\\\/\\\/x.com\\\/NabercoDigital\",\"https:\\\/\\\/www.instagram.com\\\/nachofdezber\\\/\",\"https:\\\/\\\/www.youtube.com\\\/channel\\\/UCZP-2wLEB9Rv6erhFmqVnvg\"],\"address\":{\"@id\":\"https:\\\/\\\/candas365.es\\\/noticias\\\/#postaladdress\",\"@type\":\"PostalAddress\",\"streetAddress\":\"san antonio 4, san antonio 4\",\"postalCode\":\"33430\",\"addressLocality\":\"Cand\\u00e1s\",\"addressRegion\":\"Asturias\",\"addressCountry\":\"ES\"}},{\"@type\":\"Person\",\"@id\":\"https:\\\/\\\/candas365.es\\\/noticias\\\/author\\\/admin\\\/#author\",\"url\":\"https:\\\/\\\/candas365.es\\\/noticias\\\/author\\\/admin\\\/\",\"name\":\"Cand\\u00e1s 365\",\"image\":{\"@type\":\"ImageObject\",\"@id\":\"https:\\\/\\\/candas365.es\\\/noticias\\\/vettel-me-gustaria-que-mis-compatriotas-fuesen-mas-leales-y-relajados\\\/#authorImage\",\"url\":\"https:\\\/\\\/secure.gravatar.com\\\/avatar\\\/496a8e03d0c493ede1718b7934145dbdf8d89be1036b0eec9544e1094c9de390?s=96&d=mm&r=g\",\"width\":96,\"height\":96,\"caption\":\"Cand\\u00e1s 365\"},\"sameAs\":[\"https:\\\/\\\/www.facebook.com\\\/carrenoactualidad\",\"https:\\\/\\\/twitter.com\\\/nbasturias\",\"https:\\\/\\\/www.instagram.com\\\/nachofdezber\\\/\",\"https:\\\/\\\/www.youtube.com\\\/channel\\\/UCZP-2wLEB9Rv6erhFmqVnvg\"]},{\"@type\":\"WebPage\",\"@id\":\"https:\\\/\\\/candas365.es\\\/noticias\\\/vettel-me-gustaria-que-mis-compatriotas-fuesen-mas-leales-y-relajados\\\/#webpage\",\"url\":\"https:\\\/\\\/candas365.es\\\/noticias\\\/vettel-me-gustaria-que-mis-compatriotas-fuesen-mas-leales-y-relajados\\\/\",\"name\":\"Vettel: \\u201cMe gustar\\u00eda que mis compatriotas fuesen m\\u00e1s leales y relajados\\u201d | Cand\\u00e1s 365\",\"description\":\"Berl\\u00edn, 4 may (dpa) - Al piloto alem\\u00e1n de F\\u00f3rmula 1 Sebastian Vettel le gustar\\u00eda que sus compatriotas fuesen m\\u00e1s leales y relajados, coment\\u00f3 la estrella de Ferrari en una entrevista que publica hoy el semanario \\\"Der Spiegel\\\". \\\"En lo que se refiere a la valoraci\\u00f3n de las personas, ser\\u00eda m\\u00e1s bonito (demostrar) m\\u00e1s tranquilidad\",\"inLanguage\":\"es-ES\",\"isPartOf\":{\"@id\":\"https:\\\/\\\/candas365.es\\\/noticias\\\/#website\"},\"breadcrumb\":{\"@id\":\"https:\\\/\\\/candas365.es\\\/noticias\\\/vettel-me-gustaria-que-mis-compatriotas-fuesen-mas-leales-y-relajados\\\/#breadcrumblist\"},\"author\":{\"@id\":\"https:\\\/\\\/candas365.es\\\/noticias\\\/author\\\/admin\\\/#author\"},\"creator\":{\"@id\":\"https:\\\/\\\/candas365.es\\\/noticias\\\/author\\\/admin\\\/#author\"},\"image\":{\"@type\":\"ImageObject\",\"url\":\"https:\\\/\\\/candas365.es\\\/noticias\\\/wp-content\\\/uploads\\\/2019\\\/05\\\/Vettel-LH.jpg\",\"@id\":\"https:\\\/\\\/candas365.es\\\/noticias\\\/vettel-me-gustaria-que-mis-compatriotas-fuesen-mas-leales-y-relajados\\\/#mainImage\",\"width\":1152,\"height\":661,\"caption\":\"Los pilotos de F\\u00f3rmula 1 Lewis Hamilton y Sebastian Vettel (izq.). Foto: Jens B\\u00fcttner\\\/dpa\"},\"primaryImageOfPage\":{\"@id\":\"https:\\\/\\\/candas365.es\\\/noticias\\\/vettel-me-gustaria-que-mis-compatriotas-fuesen-mas-leales-y-relajados\\\/#mainImage\"},\"datePublished\":\"2019-05-05T06:01:49+02:00\",\"dateModified\":\"2019-05-05T06:01:49+02:00\"},{\"@type\":\"WebSite\",\"@id\":\"https:\\\/\\\/candas365.es\\\/noticias\\\/#website\",\"url\":\"https:\\\/\\\/candas365.es\\\/noticias\\\/\",\"name\":\"Cand\\u00e1s 365\",\"alternateName\":\"Cand\\u00e1s 365 Noticias\",\"description\":\"Actualidad desde Carre\\u00f1o para el mundo\",\"inLanguage\":\"es-ES\",\"publisher\":{\"@id\":\"https:\\\/\\\/candas365.es\\\/noticias\\\/#organization\"}}]}\n\t\t<\/script>\n\t\t<!-- All in One SEO Pro -->\r\n\t\t<title>Vettel: \u201cMe gustar\u00eda que mis compatriotas fuesen m\u00e1s leales y relajados\u201d | Cand\u00e1s 365<\/title>\n\n","aioseo_head_json":{"title":"Vettel: \u201cMe gustar\u00eda que mis compatriotas fuesen m\u00e1s leales y relajados\u201d | Cand\u00e1s 365","description":"Berl\u00edn, 4 may (dpa) - Al piloto alem\u00e1n de F\u00f3rmula 1 Sebastian Vettel le gustar\u00eda que sus compatriotas fuesen m\u00e1s leales y relajados, coment\u00f3 la estrella de Ferrari en una entrevista que publica hoy el semanario \"Der Spiegel\". \"En lo que se refiere a la valoraci\u00f3n de las personas, ser\u00eda m\u00e1s bonito (demostrar) m\u00e1s tranquilidad","canonical_url":"https:\/\/candas365.es\/noticias\/vettel-me-gustaria-que-mis-compatriotas-fuesen-mas-leales-y-relajados\/","robots":"max-image-preview:large","keywords":"deporte","webmasterTools":{"google-site-verification":"UA-32230408-1","msvalidate.01":"354F3CDFB2DA171B47FBE9ABF1F88D5","miscellaneous":""},"schema":{"@context":"https:\/\/schema.org","@graph":[{"@type":"BreadcrumbList","@id":"https:\/\/candas365.es\/noticias\/vettel-me-gustaria-que-mis-compatriotas-fuesen-mas-leales-y-relajados\/#breadcrumblist","itemListElement":[{"@type":"ListItem","@id":"https:\/\/candas365.es\/noticias#listItem","position":1,"name":"Home","item":"https:\/\/candas365.es\/noticias","nextItem":{"@type":"ListItem","@id":"https:\/\/candas365.es\/noticias\/category\/deporte\/#listItem","name":"Deporte"}},{"@type":"ListItem","@id":"https:\/\/candas365.es\/noticias\/category\/deporte\/#listItem","position":2,"name":"Deporte","item":"https:\/\/candas365.es\/noticias\/category\/deporte\/","nextItem":{"@type":"ListItem","@id":"https:\/\/candas365.es\/noticias\/vettel-me-gustaria-que-mis-compatriotas-fuesen-mas-leales-y-relajados\/#listItem","name":"Vettel: \u201cMe gustar\u00eda que mis compatriotas fuesen m\u00e1s leales y relajados\u201d"},"previousItem":{"@type":"ListItem","@id":"https:\/\/candas365.es\/noticias#listItem","name":"Home"}},{"@type":"ListItem","@id":"https:\/\/candas365.es\/noticias\/vettel-me-gustaria-que-mis-compatriotas-fuesen-mas-leales-y-relajados\/#listItem","position":3,"name":"Vettel: \u201cMe gustar\u00eda que mis compatriotas fuesen m\u00e1s leales y relajados\u201d","previousItem":{"@type":"ListItem","@id":"https:\/\/candas365.es\/noticias\/category\/deporte\/#listItem","name":"Deporte"}}]},{"@type":"NewsArticle","@id":"https:\/\/candas365.es\/noticias\/vettel-me-gustaria-que-mis-compatriotas-fuesen-mas-leales-y-relajados\/#newsarticle","name":"Vettel: \u201cMe gustar\u00eda que mis compatriotas fuesen m\u00e1s leales y relajados\u201d | Cand\u00e1s 365","headline":"Vettel: \u201cMe gustar\u00eda que mis compatriotas fuesen m\u00e1s leales y relajados\u201d","author":{"@id":"https:\/\/candas365.es\/noticias\/author\/admin\/#author"},"publisher":{"@id":"https:\/\/candas365.es\/noticias\/#organization"},"image":{"@type":"ImageObject","url":"https:\/\/candas365.es\/noticias\/wp-content\/uploads\/2019\/05\/Vettel-LH.jpg","width":1152,"height":661,"caption":"Los pilotos de F\u00f3rmula 1 Lewis Hamilton y Sebastian Vettel (izq.). Foto: Jens B\u00fcttner\/dpa"},"datePublished":"2019-05-05T06:01:49+02:00","dateModified":"2019-05-05T06:01:49+02:00","inLanguage":"es-ES","mainEntityOfPage":{"@id":"https:\/\/candas365.es\/noticias\/vettel-me-gustaria-que-mis-compatriotas-fuesen-mas-leales-y-relajados\/#webpage"},"isPartOf":{"@id":"https:\/\/candas365.es\/noticias\/vettel-me-gustaria-que-mis-compatriotas-fuesen-mas-leales-y-relajados\/#webpage"},"articleSection":"Deporte","dateline":"Publicado el mayo 5, 2019."},{"@type":"Organization","@id":"https:\/\/candas365.es\/noticias\/#organization","name":"Cand\u00e1s 365","description":"Cand\u00e1s 365 es un diario digital independiente, fundado en 2012, con base en Asturias. Informamos con rigor sobre actualidad, sociedad, cultura y ocio, con una mirada local y global.","url":"https:\/\/candas365.es\/noticias\/","email":"info@candas365.es","telephone":"+34652131393","foundingDate":"2012-06-10","logo":{"@type":"ImageObject","url":"https:\/\/candas365.es\/noticias\/wp-content\/uploads\/2024\/09\/Candas-365-Redes.jpg","@id":"https:\/\/candas365.es\/noticias\/vettel-me-gustaria-que-mis-compatriotas-fuesen-mas-leales-y-relajados\/#organizationLogo","width":1152,"height":864,"caption":"Cand\u00e1s 365 Redes"},"image":{"@id":"https:\/\/candas365.es\/noticias\/vettel-me-gustaria-que-mis-compatriotas-fuesen-mas-leales-y-relajados\/#organizationLogo"},"sameAs":["https:\/\/www.facebook.com\/Nachofdezber","https:\/\/x.com\/NabercoDigital","https:\/\/www.instagram.com\/nachofdezber\/","https:\/\/www.youtube.com\/channel\/UCZP-2wLEB9Rv6erhFmqVnvg"],"address":{"@id":"https:\/\/candas365.es\/noticias\/#postaladdress","@type":"PostalAddress","streetAddress":"san antonio 4, san antonio 4","postalCode":"33430","addressLocality":"Cand\u00e1s","addressRegion":"Asturias","addressCountry":"ES"}},{"@type":"Person","@id":"https:\/\/candas365.es\/noticias\/author\/admin\/#author","url":"https:\/\/candas365.es\/noticias\/author\/admin\/","name":"Cand\u00e1s 365","image":{"@type":"ImageObject","@id":"https:\/\/candas365.es\/noticias\/vettel-me-gustaria-que-mis-compatriotas-fuesen-mas-leales-y-relajados\/#authorImage","url":"https:\/\/secure.gravatar.com\/avatar\/496a8e03d0c493ede1718b7934145dbdf8d89be1036b0eec9544e1094c9de390?s=96&d=mm&r=g","width":96,"height":96,"caption":"Cand\u00e1s 365"},"sameAs":["https:\/\/www.facebook.com\/carrenoactualidad","https:\/\/twitter.com\/nbasturias","https:\/\/www.instagram.com\/nachofdezber\/","https:\/\/www.youtube.com\/channel\/UCZP-2wLEB9Rv6erhFmqVnvg"]},{"@type":"WebPage","@id":"https:\/\/candas365.es\/noticias\/vettel-me-gustaria-que-mis-compatriotas-fuesen-mas-leales-y-relajados\/#webpage","url":"https:\/\/candas365.es\/noticias\/vettel-me-gustaria-que-mis-compatriotas-fuesen-mas-leales-y-relajados\/","name":"Vettel: \u201cMe gustar\u00eda que mis compatriotas fuesen m\u00e1s leales y relajados\u201d | Cand\u00e1s 365","description":"Berl\u00edn, 4 may (dpa) - Al piloto alem\u00e1n de F\u00f3rmula 1 Sebastian Vettel le gustar\u00eda que sus compatriotas fuesen m\u00e1s leales y relajados, coment\u00f3 la estrella de Ferrari en una entrevista que publica hoy el semanario \"Der Spiegel\". \"En lo que se refiere a la valoraci\u00f3n de las personas, ser\u00eda m\u00e1s bonito (demostrar) m\u00e1s tranquilidad","inLanguage":"es-ES","isPartOf":{"@id":"https:\/\/candas365.es\/noticias\/#website"},"breadcrumb":{"@id":"https:\/\/candas365.es\/noticias\/vettel-me-gustaria-que-mis-compatriotas-fuesen-mas-leales-y-relajados\/#breadcrumblist"},"author":{"@id":"https:\/\/candas365.es\/noticias\/author\/admin\/#author"},"creator":{"@id":"https:\/\/candas365.es\/noticias\/author\/admin\/#author"},"image":{"@type":"ImageObject","url":"https:\/\/candas365.es\/noticias\/wp-content\/uploads\/2019\/05\/Vettel-LH.jpg","@id":"https:\/\/candas365.es\/noticias\/vettel-me-gustaria-que-mis-compatriotas-fuesen-mas-leales-y-relajados\/#mainImage","width":1152,"height":661,"caption":"Los pilotos de F\u00f3rmula 1 Lewis Hamilton y Sebastian Vettel (izq.). Foto: Jens B\u00fcttner\/dpa"},"primaryImageOfPage":{"@id":"https:\/\/candas365.es\/noticias\/vettel-me-gustaria-que-mis-compatriotas-fuesen-mas-leales-y-relajados\/#mainImage"},"datePublished":"2019-05-05T06:01:49+02:00","dateModified":"2019-05-05T06:01:49+02:00"},{"@type":"WebSite","@id":"https:\/\/candas365.es\/noticias\/#website","url":"https:\/\/candas365.es\/noticias\/","name":"Cand\u00e1s 365","alternateName":"Cand\u00e1s 365 Noticias","description":"Actualidad desde Carre\u00f1o para el mundo","inLanguage":"es-ES","publisher":{"@id":"https:\/\/candas365.es\/noticias\/#organization"}}]},"og:locale":"es_ES","og:site_name":"Cand\u00e1s 365","og:type":"article","og:title":"Vettel: \u201cMe gustar\u00eda que mis compatriotas fuesen m\u00e1s leales y relajados\u201d | Cand\u00e1s 365","og:description":"Berl\u00edn, 4 may (dpa) - Al piloto alem\u00e1n de F\u00f3rmula 1 Sebastian Vettel le gustar\u00eda que sus compatriotas fuesen m\u00e1s leales y relajados, coment\u00f3 la estrella de Ferrari en una entrevista que publica hoy el semanario &quot;Der Spiegel&quot;. &quot;En lo que se refiere a la valoraci\u00f3n de las personas, ser\u00eda m\u00e1s bonito (demostrar) m\u00e1s tranquilidad","og:url":"https:\/\/candas365.es\/noticias\/vettel-me-gustaria-que-mis-compatriotas-fuesen-mas-leales-y-relajados\/","og:image":"https:\/\/candas365.es\/noticias\/wp-content\/uploads\/2019\/05\/Vettel-LH.jpg","og:image:secure_url":"https:\/\/candas365.es\/noticias\/wp-content\/uploads\/2019\/05\/Vettel-LH.jpg","og:image:width":1152,"og:image:height":661,"article:published_time":"2019-05-05T06:01:49+00:00","article:modified_time":"2019-05-05T06:01:49+00:00","article:publisher":"https:\/\/www.facebook.com\/Nachofdezber","article:author":"https:\/\/www.facebook.com\/carrenoactualidad","twitter:card":"summary_large_image","twitter:site":"@NabercoDigital","twitter:title":"Vettel: \u201cMe gustar\u00eda que mis compatriotas fuesen m\u00e1s leales y relajados\u201d | Cand\u00e1s 365","twitter:description":"Berl\u00edn, 4 may (dpa) - Al piloto alem\u00e1n de F\u00f3rmula 1 Sebastian Vettel le gustar\u00eda que sus compatriotas fuesen m\u00e1s leales y relajados, coment\u00f3 la estrella de Ferrari en una entrevista que publica hoy el semanario &quot;Der Spiegel&quot;. &quot;En lo que se refiere a la valoraci\u00f3n de las personas, ser\u00eda m\u00e1s bonito (demostrar) m\u00e1s tranquilidad","twitter:creator":"@nbasturias","twitter:image":"https:\/\/candas365.es\/noticias\/wp-content\/uploads\/2019\/05\/Vettel-LH.jpg","twitter:label1":"Escrito por","twitter:data1":"Cand\u00e1s 365","twitter:label2":"Tiempo de lectura estimado","twitter:data2":"2 minutos"},"aioseo_meta_data":{"post_id":"121908","title":null,"description":null,"keywords":null,"keyphrases":null,"primary_term":null,"canonical_url":null,"og_title":null,"og_description":null,"og_object_type":"default","og_image_type":"default","og_image_url":null,"og_image_width":null,"og_image_height":null,"og_image_custom_url":null,"og_image_custom_fields":null,"og_video":null,"og_custom_url":null,"og_article_section":null,"og_article_tags":null,"twitter_use_og":false,"twitter_card":"default","twitter_image_type":"default","twitter_image_url":null,"twitter_image_custom_url":null,"twitter_image_custom_fields":null,"twitter_title":null,"twitter_description":null,"schema":{"blockGraphs":[],"customGraphs":[],"default":{"data":{"Article":[],"Course":[],"Dataset":[],"FAQPage":[],"Movie":[],"Person":[],"Product":[],"ProductReview":[],"Car":[],"Recipe":[],"Service":[],"SoftwareApplication":[],"WebPage":[]},"graphName":"","isEnabled":true},"graphs":[],"defaultGraph":"","defaultPostTypeGraph":""},"schema_type":null,"schema_type_options":null,"pillar_content":false,"robots_default":true,"robots_noindex":false,"robots_noarchive":false,"robots_nosnippet":false,"robots_nofollow":false,"robots_noimageindex":false,"robots_noodp":false,"robots_notranslate":false,"robots_max_snippet":null,"robots_max_videopreview":null,"robots_max_imagepreview":"large","priority":null,"frequency":null,"location":null,"local_seo":null,"seo_analyzer_scan_date":"2025-08-29 21:22:24","breadcrumb_settings":null,"limit_modified_date":false,"reviewed_by":null,"open_ai":null,"ai":null,"created":"2020-12-21 10:57:58","updated":"2025-08-29 21:22:24"},"aioseo_breadcrumb":"<div class=\"aioseo-breadcrumbs\"><span class=\"aioseo-breadcrumb\">\n\t<a href=\"https:\/\/candas365.es\/noticias\" title=\"Home\">Home<\/a>\n<\/span><span class=\"aioseo-breadcrumb-separator\">&ndash;<\/span><span class=\"aioseo-breadcrumb\">\n\t<a href=\"https:\/\/candas365.es\/noticias\/category\/deporte\/\" title=\"Deporte\">Deporte<\/a>\n<\/span><span class=\"aioseo-breadcrumb-separator\">&ndash;<\/span><span class=\"aioseo-breadcrumb\">\n\tVettel: \u201cMe gustar\u00eda que mis compatriotas fuesen m\u00e1s leales y relajados\u201d\n<\/span><\/div>","aioseo_breadcrumb_json":[{"label":"Home","link":"https:\/\/candas365.es\/noticias"},{"label":"Deporte","link":"https:\/\/candas365.es\/noticias\/category\/deporte\/"},{"label":"Vettel: \u201cMe gustar\u00eda que mis compatriotas fuesen m\u00e1s leales y relajados\u201d","link":"https:\/\/candas365.es\/noticias\/vettel-me-gustaria-que-mis-compatriotas-fuesen-mas-leales-y-relajados\/"}],"_links":{"self":[{"href":"https:\/\/candas365.es\/noticias\/wp-json\/wp\/v2\/posts\/121908","targetHints":{"allow":["GET"]}}],"collection":[{"href":"https:\/\/candas365.es\/noticias\/wp-json\/wp\/v2\/posts"}],"about":[{"href":"https:\/\/candas365.es\/noticias\/wp-json\/wp\/v2\/types\/post"}],"author":[{"embeddable":true,"href":"https:\/\/candas365.es\/noticias\/wp-json\/wp\/v2\/users\/1"}],"replies":[{"embeddable":true,"href":"https:\/\/candas365.es\/noticias\/wp-json\/wp\/v2\/comments?post=121908"}],"version-history":[{"count":0,"href":"https:\/\/candas365.es\/noticias\/wp-json\/wp\/v2\/posts\/121908\/revisions"}],"wp:featuredmedia":[{"embeddable":true,"href":"https:\/\/candas365.es\/noticias\/wp-json\/wp\/v2\/media\/121909"}],"wp:attachment":[{"href":"https:\/\/candas365.es\/noticias\/wp-json\/wp\/v2\/media?parent=121908"}],"wp:term":[{"taxonomy":"category","embeddable":true,"href":"https:\/\/candas365.es\/noticias\/wp-json\/wp\/v2\/categories?post=121908"},{"taxonomy":"post_tag","embeddable":true,"href":"https:\/\/candas365.es\/noticias\/wp-json\/wp\/v2\/tags?post=121908"}],"curies":[{"name":"wp","href":"https:\/\/api.w.org\/{rel}","templated":true}]}}