{"id":121844,"date":"2019-05-03T13:00:04","date_gmt":"2019-05-03T13:00:04","guid":{"rendered":"http:\/\/candas365.es\/noticias\/?p=121844"},"modified":"2019-05-03T13:00:04","modified_gmt":"2019-05-03T13:00:04","slug":"carreno-trabaja-para-solucionar-problemas-de-sanidad-en-el-colegio-san-felix","status":"publish","type":"post","link":"https:\/\/candas365.es\/noticias\/carreno-trabaja-para-solucionar-problemas-de-sanidad-en-el-colegio-san-felix\/","title":{"rendered":"Carre\u00f1o trabaja para solucionar problemas de sanidad en el Colegio San F\u00e9lix"},"content":{"rendered":"<p><img fetchpriority=\"high\" decoding=\"async\" class=\"alignleft size-medium wp-image-121845\" src=\"https:\/\/candas365.es\/noticias\/wp-content\/uploads\/2019\/05\/patio-360x270.jpg\" alt=\"\" width=\"360\" height=\"270\" srcset=\"https:\/\/candas365.es\/noticias\/wp-content\/uploads\/2019\/05\/patio-360x270.jpg 360w, https:\/\/candas365.es\/noticias\/wp-content\/uploads\/2019\/05\/patio-768x576.jpg 768w, https:\/\/candas365.es\/noticias\/wp-content\/uploads\/2019\/05\/patio-640x480.jpg 640w, https:\/\/candas365.es\/noticias\/wp-content\/uploads\/2019\/05\/patio-80x60.jpg 80w, https:\/\/candas365.es\/noticias\/wp-content\/uploads\/2019\/05\/patio-265x198.jpg 265w, https:\/\/candas365.es\/noticias\/wp-content\/uploads\/2019\/05\/patio-696x522.jpg 696w, https:\/\/candas365.es\/noticias\/wp-content\/uploads\/2019\/05\/patio-1068x801.jpg 1068w, https:\/\/candas365.es\/noticias\/wp-content\/uploads\/2019\/05\/patio-560x420.jpg 560w, https:\/\/candas365.es\/noticias\/wp-content\/uploads\/2019\/05\/patio.jpg 1600w\" sizes=\"(max-width: 360px) 100vw, 360px\" \/>La alcaldesa de Carre\u00f1o, Amelia Fern\u00e1ndez, anunci\u00f3 este viernes mediante un comunicado de prensa que el Ayuntamiento de Carre\u00f1o est\u00e1 trabajando incansablemente para solucionar el problema sanitario que afecta al Colegio San F\u00e9lix, debido al exceso de excremento de p\u00e1jaro que cae diariamente en el patio de la instituci\u00f3n escolar.<\/p>\n<p>El comunicado de prensa completo recoge la siguiente informaci\u00f3n:<\/p>\n<p>\u201cEl exceso de heces de p\u00e1jaros que sufre el patio escolar no es nuevo. La estructura que cubre el patio del San F\u00e9lix ya tiene colocados un sistema ahuyenta aves. \u00c9sta fue la primera medida que se adopt\u00f3 desde el consistorio ante la problem\u00e1tica que originaban los excrementos de las aves. Con el paso de los a\u00f1os y al haberse habituado las aves a la misma, ha perdido su efectividad. Es por ello, que actualmente los p\u00e1jaros se posan sobre la estructura generando problemas de suciedad en el patio escolar. La instalaci\u00f3n que se realiz\u00f3 ya no es suficiente ni efectiva para impedir la presencia especialmente de las palomas y su anidamiento.<\/p>\n<p>Para combatir esta acumulaci\u00f3n de excrementos, el Ayuntamiento, con los medios que dispone, trata de eliminarlas y realiza peri\u00f3dicamente labores especiales de lavado y saneamiento de los espacios afectados.<\/p>\n<p>Las obras por realizar consistir\u00edan en la colocaci\u00f3n de una red de poliamida de 3 mil\u00edmetros de espesor, en medida de cuadricula de 45X45, colocada sobre cable de acero perimetral con tensores. A su vez estos se dispondr\u00e1n atornillados sobre la estructura met\u00e1lica que soporta la techumbre, por su parte inferior, dispuestos perimetralmente y en la diagonal larga m\u00e1s vertical.<\/p>\n<p>Previo a esta acci\u00f3n se requerir\u00e1 abordar la limpieza integral de la estructura del patio sobre la que se posan y tratan de anidar. Para la adquisici\u00f3n de la red ya se han solicitado ofertas a tres proveedores. Hasta la fecha, s\u00f3lo se ha recibido la oferta de uno, y asciende a 2.920 euros + IVA. Una vez finalice el plazo para presentar ofertas para este suministro se realizar\u00e1 la adjudicaci\u00f3n, se limpiar\u00e1 la estructura definitivamente para el pintado y posteriormente se realizar\u00e1 la colocaci\u00f3n de la soluci\u00f3n t\u00e9cnica adoptada\u201d, concluye el comunicado de prensa.<\/p>\n","protected":false},"excerpt":{"rendered":"<p>La alcaldesa de Carre\u00f1o, Amelia Fern\u00e1ndez, anunci\u00f3 este viernes mediante un comunicado de prensa que el Ayuntamiento de Carre\u00f1o est\u00e1 trabajando incansablemente para solucionar el problema sanitario que afecta al Colegio San F\u00e9lix, debido al exceso de excremento de p\u00e1jaro que cae diariamente en el patio de la instituci\u00f3n escolar. El comunicado de prensa completo<\/p>\n","protected":false},"author":1,"featured_media":121845,"comment_status":"closed","ping_status":"closed","sticky":false,"template":"","format":"standard","meta":{"footnotes":""},"categories":[2],"tags":[],"class_list":{"0":"post-121844","1":"post","2":"type-post","3":"status-publish","4":"format-standard","5":"has-post-thumbnail","7":"category-noticias-carreno"},"aioseo_notices":[],"aioseo_head":"\n\t\t<!-- All in One SEO Pro 4.9.6.2 - aioseo.com -->\n\t<meta name=\"description\" content=\"La alcaldesa de Carre\u00f1o, Amelia Fern\u00e1ndez, anunci\u00f3 este viernes mediante un comunicado de prensa que el Ayuntamiento de Carre\u00f1o est\u00e1 trabajando incansablemente para solucionar el problema sanitario que afecta al Colegio San F\u00e9lix, debido al exceso de excremento de p\u00e1jaro que cae diariamente en el patio de la instituci\u00f3n escolar. El comunicado de prensa completo\" \/>\n\t<meta name=\"robots\" content=\"max-image-preview:large\" \/>\n\t<meta name=\"author\" content=\"Cand\u00e1s 365\"\/>\n\t<meta name=\"google-site-verification\" content=\"UA-32230408-1\" \/>\n\t<meta name=\"msvalidate.01\" content=\"354F3CDFB2DA171B47FBE9ABF1F88D5\" \/>\n\t<meta name=\"keywords\" content=\"noticias carre\u00f1o\" \/>\n\t<link rel=\"canonical\" href=\"https:\/\/candas365.es\/noticias\/carreno-trabaja-para-solucionar-problemas-de-sanidad-en-el-colegio-san-felix\/\" \/>\n\t<meta name=\"generator\" content=\"All in One SEO Pro (AIOSEO) 4.9.6.2\" \/>\n\t\t<meta property=\"og:locale\" content=\"es_ES\" \/>\n\t\t<meta property=\"og:site_name\" content=\"Cand\u00e1s 365\" \/>\n\t\t<meta property=\"og:type\" content=\"article\" \/>\n\t\t<meta property=\"og:title\" content=\"Carre\u00f1o trabaja para solucionar problemas de sanidad en el Colegio San F\u00e9lix | Cand\u00e1s 365\" \/>\n\t\t<meta property=\"og:description\" content=\"La alcaldesa de Carre\u00f1o, Amelia Fern\u00e1ndez, anunci\u00f3 este viernes mediante un comunicado de prensa que el Ayuntamiento de Carre\u00f1o est\u00e1 trabajando incansablemente para solucionar el problema sanitario que afecta al Colegio San F\u00e9lix, debido al exceso de excremento de p\u00e1jaro que cae diariamente en el patio de la instituci\u00f3n escolar. El comunicado de prensa completo\" \/>\n\t\t<meta property=\"og:url\" content=\"https:\/\/candas365.es\/noticias\/carreno-trabaja-para-solucionar-problemas-de-sanidad-en-el-colegio-san-felix\/\" \/>\n\t\t<meta property=\"og:image\" content=\"https:\/\/candas365.es\/noticias\/wp-content\/uploads\/2019\/05\/patio.jpg\" \/>\n\t\t<meta property=\"og:image:secure_url\" content=\"https:\/\/candas365.es\/noticias\/wp-content\/uploads\/2019\/05\/patio.jpg\" \/>\n\t\t<meta property=\"og:image:width\" content=\"1600\" \/>\n\t\t<meta property=\"og:image:height\" content=\"1200\" \/>\n\t\t<meta property=\"article:published_time\" content=\"2019-05-03T13:00:04+00:00\" \/>\n\t\t<meta property=\"article:modified_time\" content=\"2019-05-03T13:00:04+00:00\" \/>\n\t\t<meta property=\"article:publisher\" content=\"https:\/\/www.facebook.com\/Nachofdezber\" \/>\n\t\t<meta property=\"article:author\" content=\"https:\/\/www.facebook.com\/carrenoactualidad\" \/>\n\t\t<meta name=\"twitter:card\" content=\"summary_large_image\" \/>\n\t\t<meta name=\"twitter:site\" content=\"@NabercoDigital\" \/>\n\t\t<meta name=\"twitter:title\" content=\"Carre\u00f1o trabaja para solucionar problemas de sanidad en el Colegio San F\u00e9lix | Cand\u00e1s 365\" \/>\n\t\t<meta name=\"twitter:description\" content=\"La alcaldesa de Carre\u00f1o, Amelia Fern\u00e1ndez, anunci\u00f3 este viernes mediante un comunicado de prensa que el Ayuntamiento de Carre\u00f1o est\u00e1 trabajando incansablemente para solucionar el problema sanitario que afecta al Colegio San F\u00e9lix, debido al exceso de excremento de p\u00e1jaro que cae diariamente en el patio de la instituci\u00f3n escolar. El comunicado de prensa completo\" \/>\n\t\t<meta name=\"twitter:creator\" content=\"@nbasturias\" \/>\n\t\t<meta name=\"twitter:image\" content=\"https:\/\/candas365.es\/noticias\/wp-content\/uploads\/2019\/05\/patio.jpg\" \/>\n\t\t<meta name=\"twitter:label1\" content=\"Escrito por\" \/>\n\t\t<meta name=\"twitter:data1\" content=\"Cand\u00e1s 365\" \/>\n\t\t<meta name=\"twitter:label2\" content=\"Tiempo de lectura estimado\" \/>\n\t\t<meta name=\"twitter:data2\" content=\"2 minutos\" \/>\n\t\t<script type=\"application\/ld+json\" class=\"aioseo-schema\">\n\t\t\t{\"@context\":\"https:\\\/\\\/schema.org\",\"@graph\":[{\"@type\":\"BreadcrumbList\",\"@id\":\"https:\\\/\\\/candas365.es\\\/noticias\\\/carreno-trabaja-para-solucionar-problemas-de-sanidad-en-el-colegio-san-felix\\\/#breadcrumblist\",\"itemListElement\":[{\"@type\":\"ListItem\",\"@id\":\"https:\\\/\\\/candas365.es\\\/noticias#listItem\",\"position\":1,\"name\":\"Home\",\"item\":\"https:\\\/\\\/candas365.es\\\/noticias\",\"nextItem\":{\"@type\":\"ListItem\",\"@id\":\"https:\\\/\\\/candas365.es\\\/noticias\\\/category\\\/noticias-carreno\\\/#listItem\",\"name\":\"Noticias Carre\\u00f1o\"}},{\"@type\":\"ListItem\",\"@id\":\"https:\\\/\\\/candas365.es\\\/noticias\\\/category\\\/noticias-carreno\\\/#listItem\",\"position\":2,\"name\":\"Noticias Carre\\u00f1o\",\"item\":\"https:\\\/\\\/candas365.es\\\/noticias\\\/category\\\/noticias-carreno\\\/\",\"nextItem\":{\"@type\":\"ListItem\",\"@id\":\"https:\\\/\\\/candas365.es\\\/noticias\\\/carreno-trabaja-para-solucionar-problemas-de-sanidad-en-el-colegio-san-felix\\\/#listItem\",\"name\":\"Carre\\u00f1o trabaja para solucionar problemas de sanidad en el Colegio San F\\u00e9lix\"},\"previousItem\":{\"@type\":\"ListItem\",\"@id\":\"https:\\\/\\\/candas365.es\\\/noticias#listItem\",\"name\":\"Home\"}},{\"@type\":\"ListItem\",\"@id\":\"https:\\\/\\\/candas365.es\\\/noticias\\\/carreno-trabaja-para-solucionar-problemas-de-sanidad-en-el-colegio-san-felix\\\/#listItem\",\"position\":3,\"name\":\"Carre\\u00f1o trabaja para solucionar problemas de sanidad en el Colegio San F\\u00e9lix\",\"previousItem\":{\"@type\":\"ListItem\",\"@id\":\"https:\\\/\\\/candas365.es\\\/noticias\\\/category\\\/noticias-carreno\\\/#listItem\",\"name\":\"Noticias Carre\\u00f1o\"}}]},{\"@type\":\"NewsArticle\",\"@id\":\"https:\\\/\\\/candas365.es\\\/noticias\\\/carreno-trabaja-para-solucionar-problemas-de-sanidad-en-el-colegio-san-felix\\\/#newsarticle\",\"name\":\"Carre\\u00f1o trabaja para solucionar problemas de sanidad en el Colegio San F\\u00e9lix | Cand\\u00e1s 365\",\"headline\":\"Carre\\u00f1o trabaja para solucionar problemas de sanidad en el Colegio San F\\u00e9lix\",\"author\":{\"@id\":\"https:\\\/\\\/candas365.es\\\/noticias\\\/author\\\/admin\\\/#author\"},\"publisher\":{\"@id\":\"https:\\\/\\\/candas365.es\\\/noticias\\\/#organization\"},\"image\":{\"@type\":\"ImageObject\",\"url\":\"https:\\\/\\\/candas365.es\\\/noticias\\\/wp-content\\\/uploads\\\/2019\\\/05\\\/patio.jpg\",\"width\":1600,\"height\":1200},\"datePublished\":\"2019-05-03T13:00:04+02:00\",\"dateModified\":\"2019-05-03T13:00:04+02:00\",\"inLanguage\":\"es-ES\",\"mainEntityOfPage\":{\"@id\":\"https:\\\/\\\/candas365.es\\\/noticias\\\/carreno-trabaja-para-solucionar-problemas-de-sanidad-en-el-colegio-san-felix\\\/#webpage\"},\"isPartOf\":{\"@id\":\"https:\\\/\\\/candas365.es\\\/noticias\\\/carreno-trabaja-para-solucionar-problemas-de-sanidad-en-el-colegio-san-felix\\\/#webpage\"},\"articleSection\":\"Noticias Carre\\u00f1o\",\"dateline\":\"Publicado el mayo 3, 2019.\"},{\"@type\":\"Organization\",\"@id\":\"https:\\\/\\\/candas365.es\\\/noticias\\\/#organization\",\"name\":\"Cand\\u00e1s 365\",\"description\":\"Cand\\u00e1s 365 es un diario digital independiente, fundado en 2012, con base en Asturias. Informamos con rigor sobre actualidad, sociedad, cultura y ocio, con una mirada local y global.\",\"url\":\"https:\\\/\\\/candas365.es\\\/noticias\\\/\",\"email\":\"info@candas365.es\",\"telephone\":\"+34652131393\",\"foundingDate\":\"2012-06-10\",\"logo\":{\"@type\":\"ImageObject\",\"url\":\"https:\\\/\\\/candas365.es\\\/noticias\\\/wp-content\\\/uploads\\\/2024\\\/09\\\/Candas-365-Redes.jpg\",\"@id\":\"https:\\\/\\\/candas365.es\\\/noticias\\\/carreno-trabaja-para-solucionar-problemas-de-sanidad-en-el-colegio-san-felix\\\/#organizationLogo\",\"width\":1152,\"height\":864,\"caption\":\"Cand\\u00e1s 365 Redes\"},\"image\":{\"@id\":\"https:\\\/\\\/candas365.es\\\/noticias\\\/carreno-trabaja-para-solucionar-problemas-de-sanidad-en-el-colegio-san-felix\\\/#organizationLogo\"},\"sameAs\":[\"https:\\\/\\\/www.facebook.com\\\/Nachofdezber\",\"https:\\\/\\\/x.com\\\/NabercoDigital\",\"https:\\\/\\\/www.instagram.com\\\/nachofdezber\\\/\",\"https:\\\/\\\/www.youtube.com\\\/channel\\\/UCZP-2wLEB9Rv6erhFmqVnvg\"],\"address\":{\"@id\":\"https:\\\/\\\/candas365.es\\\/noticias\\\/#postaladdress\",\"@type\":\"PostalAddress\",\"streetAddress\":\"san antonio 4, san antonio 4\",\"postalCode\":\"33430\",\"addressLocality\":\"Cand\\u00e1s\",\"addressRegion\":\"Asturias\",\"addressCountry\":\"ES\"}},{\"@type\":\"Person\",\"@id\":\"https:\\\/\\\/candas365.es\\\/noticias\\\/author\\\/admin\\\/#author\",\"url\":\"https:\\\/\\\/candas365.es\\\/noticias\\\/author\\\/admin\\\/\",\"name\":\"Cand\\u00e1s 365\",\"image\":{\"@type\":\"ImageObject\",\"@id\":\"https:\\\/\\\/candas365.es\\\/noticias\\\/carreno-trabaja-para-solucionar-problemas-de-sanidad-en-el-colegio-san-felix\\\/#authorImage\",\"url\":\"https:\\\/\\\/secure.gravatar.com\\\/avatar\\\/496a8e03d0c493ede1718b7934145dbdf8d89be1036b0eec9544e1094c9de390?s=96&d=mm&r=g\",\"width\":96,\"height\":96,\"caption\":\"Cand\\u00e1s 365\"},\"sameAs\":[\"https:\\\/\\\/www.facebook.com\\\/carrenoactualidad\",\"https:\\\/\\\/twitter.com\\\/nbasturias\",\"https:\\\/\\\/www.instagram.com\\\/nachofdezber\\\/\",\"https:\\\/\\\/www.youtube.com\\\/channel\\\/UCZP-2wLEB9Rv6erhFmqVnvg\"]},{\"@type\":\"WebPage\",\"@id\":\"https:\\\/\\\/candas365.es\\\/noticias\\\/carreno-trabaja-para-solucionar-problemas-de-sanidad-en-el-colegio-san-felix\\\/#webpage\",\"url\":\"https:\\\/\\\/candas365.es\\\/noticias\\\/carreno-trabaja-para-solucionar-problemas-de-sanidad-en-el-colegio-san-felix\\\/\",\"name\":\"Carre\\u00f1o trabaja para solucionar problemas de sanidad en el Colegio San F\\u00e9lix | Cand\\u00e1s 365\",\"description\":\"La alcaldesa de Carre\\u00f1o, Amelia Fern\\u00e1ndez, anunci\\u00f3 este viernes mediante un comunicado de prensa que el Ayuntamiento de Carre\\u00f1o est\\u00e1 trabajando incansablemente para solucionar el problema sanitario que afecta al Colegio San F\\u00e9lix, debido al exceso de excremento de p\\u00e1jaro que cae diariamente en el patio de la instituci\\u00f3n escolar. El comunicado de prensa completo\",\"inLanguage\":\"es-ES\",\"isPartOf\":{\"@id\":\"https:\\\/\\\/candas365.es\\\/noticias\\\/#website\"},\"breadcrumb\":{\"@id\":\"https:\\\/\\\/candas365.es\\\/noticias\\\/carreno-trabaja-para-solucionar-problemas-de-sanidad-en-el-colegio-san-felix\\\/#breadcrumblist\"},\"author\":{\"@id\":\"https:\\\/\\\/candas365.es\\\/noticias\\\/author\\\/admin\\\/#author\"},\"creator\":{\"@id\":\"https:\\\/\\\/candas365.es\\\/noticias\\\/author\\\/admin\\\/#author\"},\"image\":{\"@type\":\"ImageObject\",\"url\":\"https:\\\/\\\/candas365.es\\\/noticias\\\/wp-content\\\/uploads\\\/2019\\\/05\\\/patio.jpg\",\"@id\":\"https:\\\/\\\/candas365.es\\\/noticias\\\/carreno-trabaja-para-solucionar-problemas-de-sanidad-en-el-colegio-san-felix\\\/#mainImage\",\"width\":1600,\"height\":1200},\"primaryImageOfPage\":{\"@id\":\"https:\\\/\\\/candas365.es\\\/noticias\\\/carreno-trabaja-para-solucionar-problemas-de-sanidad-en-el-colegio-san-felix\\\/#mainImage\"},\"datePublished\":\"2019-05-03T13:00:04+02:00\",\"dateModified\":\"2019-05-03T13:00:04+02:00\"},{\"@type\":\"WebSite\",\"@id\":\"https:\\\/\\\/candas365.es\\\/noticias\\\/#website\",\"url\":\"https:\\\/\\\/candas365.es\\\/noticias\\\/\",\"name\":\"Cand\\u00e1s 365\",\"alternateName\":\"Cand\\u00e1s 365 Noticias\",\"description\":\"Actualidad desde Carre\\u00f1o para el mundo\",\"inLanguage\":\"es-ES\",\"publisher\":{\"@id\":\"https:\\\/\\\/candas365.es\\\/noticias\\\/#organization\"}}]}\n\t\t<\/script>\n\t\t<!-- All in One SEO Pro -->\r\n\t\t<title>Carre\u00f1o trabaja para solucionar problemas de sanidad en el Colegio San F\u00e9lix | Cand\u00e1s 365<\/title>\n\n","aioseo_head_json":{"title":"Carre\u00f1o trabaja para solucionar problemas de sanidad en el Colegio San F\u00e9lix | Cand\u00e1s 365","description":"La alcaldesa de Carre\u00f1o, Amelia Fern\u00e1ndez, anunci\u00f3 este viernes mediante un comunicado de prensa que el Ayuntamiento de Carre\u00f1o est\u00e1 trabajando incansablemente para solucionar el problema sanitario que afecta al Colegio San F\u00e9lix, debido al exceso de excremento de p\u00e1jaro que cae diariamente en el patio de la instituci\u00f3n escolar. El comunicado de prensa completo","canonical_url":"https:\/\/candas365.es\/noticias\/carreno-trabaja-para-solucionar-problemas-de-sanidad-en-el-colegio-san-felix\/","robots":"max-image-preview:large","keywords":"noticias carre\u00f1o","webmasterTools":{"google-site-verification":"UA-32230408-1","msvalidate.01":"354F3CDFB2DA171B47FBE9ABF1F88D5","miscellaneous":""},"schema":{"@context":"https:\/\/schema.org","@graph":[{"@type":"BreadcrumbList","@id":"https:\/\/candas365.es\/noticias\/carreno-trabaja-para-solucionar-problemas-de-sanidad-en-el-colegio-san-felix\/#breadcrumblist","itemListElement":[{"@type":"ListItem","@id":"https:\/\/candas365.es\/noticias#listItem","position":1,"name":"Home","item":"https:\/\/candas365.es\/noticias","nextItem":{"@type":"ListItem","@id":"https:\/\/candas365.es\/noticias\/category\/noticias-carreno\/#listItem","name":"Noticias Carre\u00f1o"}},{"@type":"ListItem","@id":"https:\/\/candas365.es\/noticias\/category\/noticias-carreno\/#listItem","position":2,"name":"Noticias Carre\u00f1o","item":"https:\/\/candas365.es\/noticias\/category\/noticias-carreno\/","nextItem":{"@type":"ListItem","@id":"https:\/\/candas365.es\/noticias\/carreno-trabaja-para-solucionar-problemas-de-sanidad-en-el-colegio-san-felix\/#listItem","name":"Carre\u00f1o trabaja para solucionar problemas de sanidad en el Colegio San F\u00e9lix"},"previousItem":{"@type":"ListItem","@id":"https:\/\/candas365.es\/noticias#listItem","name":"Home"}},{"@type":"ListItem","@id":"https:\/\/candas365.es\/noticias\/carreno-trabaja-para-solucionar-problemas-de-sanidad-en-el-colegio-san-felix\/#listItem","position":3,"name":"Carre\u00f1o trabaja para solucionar problemas de sanidad en el Colegio San F\u00e9lix","previousItem":{"@type":"ListItem","@id":"https:\/\/candas365.es\/noticias\/category\/noticias-carreno\/#listItem","name":"Noticias Carre\u00f1o"}}]},{"@type":"NewsArticle","@id":"https:\/\/candas365.es\/noticias\/carreno-trabaja-para-solucionar-problemas-de-sanidad-en-el-colegio-san-felix\/#newsarticle","name":"Carre\u00f1o trabaja para solucionar problemas de sanidad en el Colegio San F\u00e9lix | Cand\u00e1s 365","headline":"Carre\u00f1o trabaja para solucionar problemas de sanidad en el Colegio San F\u00e9lix","author":{"@id":"https:\/\/candas365.es\/noticias\/author\/admin\/#author"},"publisher":{"@id":"https:\/\/candas365.es\/noticias\/#organization"},"image":{"@type":"ImageObject","url":"https:\/\/candas365.es\/noticias\/wp-content\/uploads\/2019\/05\/patio.jpg","width":1600,"height":1200},"datePublished":"2019-05-03T13:00:04+02:00","dateModified":"2019-05-03T13:00:04+02:00","inLanguage":"es-ES","mainEntityOfPage":{"@id":"https:\/\/candas365.es\/noticias\/carreno-trabaja-para-solucionar-problemas-de-sanidad-en-el-colegio-san-felix\/#webpage"},"isPartOf":{"@id":"https:\/\/candas365.es\/noticias\/carreno-trabaja-para-solucionar-problemas-de-sanidad-en-el-colegio-san-felix\/#webpage"},"articleSection":"Noticias Carre\u00f1o","dateline":"Publicado el mayo 3, 2019."},{"@type":"Organization","@id":"https:\/\/candas365.es\/noticias\/#organization","name":"Cand\u00e1s 365","description":"Cand\u00e1s 365 es un diario digital independiente, fundado en 2012, con base en Asturias. Informamos con rigor sobre actualidad, sociedad, cultura y ocio, con una mirada local y global.","url":"https:\/\/candas365.es\/noticias\/","email":"info@candas365.es","telephone":"+34652131393","foundingDate":"2012-06-10","logo":{"@type":"ImageObject","url":"https:\/\/candas365.es\/noticias\/wp-content\/uploads\/2024\/09\/Candas-365-Redes.jpg","@id":"https:\/\/candas365.es\/noticias\/carreno-trabaja-para-solucionar-problemas-de-sanidad-en-el-colegio-san-felix\/#organizationLogo","width":1152,"height":864,"caption":"Cand\u00e1s 365 Redes"},"image":{"@id":"https:\/\/candas365.es\/noticias\/carreno-trabaja-para-solucionar-problemas-de-sanidad-en-el-colegio-san-felix\/#organizationLogo"},"sameAs":["https:\/\/www.facebook.com\/Nachofdezber","https:\/\/x.com\/NabercoDigital","https:\/\/www.instagram.com\/nachofdezber\/","https:\/\/www.youtube.com\/channel\/UCZP-2wLEB9Rv6erhFmqVnvg"],"address":{"@id":"https:\/\/candas365.es\/noticias\/#postaladdress","@type":"PostalAddress","streetAddress":"san antonio 4, san antonio 4","postalCode":"33430","addressLocality":"Cand\u00e1s","addressRegion":"Asturias","addressCountry":"ES"}},{"@type":"Person","@id":"https:\/\/candas365.es\/noticias\/author\/admin\/#author","url":"https:\/\/candas365.es\/noticias\/author\/admin\/","name":"Cand\u00e1s 365","image":{"@type":"ImageObject","@id":"https:\/\/candas365.es\/noticias\/carreno-trabaja-para-solucionar-problemas-de-sanidad-en-el-colegio-san-felix\/#authorImage","url":"https:\/\/secure.gravatar.com\/avatar\/496a8e03d0c493ede1718b7934145dbdf8d89be1036b0eec9544e1094c9de390?s=96&d=mm&r=g","width":96,"height":96,"caption":"Cand\u00e1s 365"},"sameAs":["https:\/\/www.facebook.com\/carrenoactualidad","https:\/\/twitter.com\/nbasturias","https:\/\/www.instagram.com\/nachofdezber\/","https:\/\/www.youtube.com\/channel\/UCZP-2wLEB9Rv6erhFmqVnvg"]},{"@type":"WebPage","@id":"https:\/\/candas365.es\/noticias\/carreno-trabaja-para-solucionar-problemas-de-sanidad-en-el-colegio-san-felix\/#webpage","url":"https:\/\/candas365.es\/noticias\/carreno-trabaja-para-solucionar-problemas-de-sanidad-en-el-colegio-san-felix\/","name":"Carre\u00f1o trabaja para solucionar problemas de sanidad en el Colegio San F\u00e9lix | Cand\u00e1s 365","description":"La alcaldesa de Carre\u00f1o, Amelia Fern\u00e1ndez, anunci\u00f3 este viernes mediante un comunicado de prensa que el Ayuntamiento de Carre\u00f1o est\u00e1 trabajando incansablemente para solucionar el problema sanitario que afecta al Colegio San F\u00e9lix, debido al exceso de excremento de p\u00e1jaro que cae diariamente en el patio de la instituci\u00f3n escolar. El comunicado de prensa completo","inLanguage":"es-ES","isPartOf":{"@id":"https:\/\/candas365.es\/noticias\/#website"},"breadcrumb":{"@id":"https:\/\/candas365.es\/noticias\/carreno-trabaja-para-solucionar-problemas-de-sanidad-en-el-colegio-san-felix\/#breadcrumblist"},"author":{"@id":"https:\/\/candas365.es\/noticias\/author\/admin\/#author"},"creator":{"@id":"https:\/\/candas365.es\/noticias\/author\/admin\/#author"},"image":{"@type":"ImageObject","url":"https:\/\/candas365.es\/noticias\/wp-content\/uploads\/2019\/05\/patio.jpg","@id":"https:\/\/candas365.es\/noticias\/carreno-trabaja-para-solucionar-problemas-de-sanidad-en-el-colegio-san-felix\/#mainImage","width":1600,"height":1200},"primaryImageOfPage":{"@id":"https:\/\/candas365.es\/noticias\/carreno-trabaja-para-solucionar-problemas-de-sanidad-en-el-colegio-san-felix\/#mainImage"},"datePublished":"2019-05-03T13:00:04+02:00","dateModified":"2019-05-03T13:00:04+02:00"},{"@type":"WebSite","@id":"https:\/\/candas365.es\/noticias\/#website","url":"https:\/\/candas365.es\/noticias\/","name":"Cand\u00e1s 365","alternateName":"Cand\u00e1s 365 Noticias","description":"Actualidad desde Carre\u00f1o para el mundo","inLanguage":"es-ES","publisher":{"@id":"https:\/\/candas365.es\/noticias\/#organization"}}]},"og:locale":"es_ES","og:site_name":"Cand\u00e1s 365","og:type":"article","og:title":"Carre\u00f1o trabaja para solucionar problemas de sanidad en el Colegio San F\u00e9lix | Cand\u00e1s 365","og:description":"La alcaldesa de Carre\u00f1o, Amelia Fern\u00e1ndez, anunci\u00f3 este viernes mediante un comunicado de prensa que el Ayuntamiento de Carre\u00f1o est\u00e1 trabajando incansablemente para solucionar el problema sanitario que afecta al Colegio San F\u00e9lix, debido al exceso de excremento de p\u00e1jaro que cae diariamente en el patio de la instituci\u00f3n escolar. El comunicado de prensa completo","og:url":"https:\/\/candas365.es\/noticias\/carreno-trabaja-para-solucionar-problemas-de-sanidad-en-el-colegio-san-felix\/","og:image":"https:\/\/candas365.es\/noticias\/wp-content\/uploads\/2019\/05\/patio.jpg","og:image:secure_url":"https:\/\/candas365.es\/noticias\/wp-content\/uploads\/2019\/05\/patio.jpg","og:image:width":1600,"og:image:height":1200,"article:published_time":"2019-05-03T13:00:04+00:00","article:modified_time":"2019-05-03T13:00:04+00:00","article:publisher":"https:\/\/www.facebook.com\/Nachofdezber","article:author":"https:\/\/www.facebook.com\/carrenoactualidad","twitter:card":"summary_large_image","twitter:site":"@NabercoDigital","twitter:title":"Carre\u00f1o trabaja para solucionar problemas de sanidad en el Colegio San F\u00e9lix | Cand\u00e1s 365","twitter:description":"La alcaldesa de Carre\u00f1o, Amelia Fern\u00e1ndez, anunci\u00f3 este viernes mediante un comunicado de prensa que el Ayuntamiento de Carre\u00f1o est\u00e1 trabajando incansablemente para solucionar el problema sanitario que afecta al Colegio San F\u00e9lix, debido al exceso de excremento de p\u00e1jaro que cae diariamente en el patio de la instituci\u00f3n escolar. El comunicado de prensa completo","twitter:creator":"@nbasturias","twitter:image":"https:\/\/candas365.es\/noticias\/wp-content\/uploads\/2019\/05\/patio.jpg","twitter:label1":"Escrito por","twitter:data1":"Cand\u00e1s 365","twitter:label2":"Tiempo de lectura estimado","twitter:data2":"2 minutos"},"aioseo_meta_data":{"post_id":"121844","title":null,"description":null,"keywords":null,"keyphrases":null,"primary_term":null,"canonical_url":null,"og_title":null,"og_description":null,"og_object_type":"default","og_image_type":"default","og_image_url":null,"og_image_width":null,"og_image_height":null,"og_image_custom_url":null,"og_image_custom_fields":null,"og_video":null,"og_custom_url":null,"og_article_section":null,"og_article_tags":null,"twitter_use_og":false,"twitter_card":"default","twitter_image_type":"default","twitter_image_url":null,"twitter_image_custom_url":null,"twitter_image_custom_fields":null,"twitter_title":null,"twitter_description":null,"schema":{"blockGraphs":[],"customGraphs":[],"default":{"data":{"Article":[],"Course":[],"Dataset":[],"FAQPage":[],"Movie":[],"Person":[],"Product":[],"ProductReview":[],"Car":[],"Recipe":[],"Service":[],"SoftwareApplication":[],"WebPage":[]},"graphName":"","isEnabled":true},"graphs":[],"defaultGraph":"","defaultPostTypeGraph":""},"schema_type":null,"schema_type_options":null,"pillar_content":false,"robots_default":true,"robots_noindex":false,"robots_noarchive":false,"robots_nosnippet":false,"robots_nofollow":false,"robots_noimageindex":false,"robots_noodp":false,"robots_notranslate":false,"robots_max_snippet":null,"robots_max_videopreview":null,"robots_max_imagepreview":"large","priority":null,"frequency":null,"location":null,"local_seo":null,"seo_analyzer_scan_date":"2025-08-29 21:10:27","breadcrumb_settings":null,"limit_modified_date":false,"reviewed_by":null,"open_ai":null,"ai":null,"created":"2020-12-21 10:57:58","updated":"2025-08-29 21:10:27"},"aioseo_breadcrumb":"<div class=\"aioseo-breadcrumbs\"><span class=\"aioseo-breadcrumb\">\n\t<a href=\"https:\/\/candas365.es\/noticias\" title=\"Home\">Home<\/a>\n<\/span><span class=\"aioseo-breadcrumb-separator\">&ndash;<\/span><span class=\"aioseo-breadcrumb\">\n\t<a href=\"https:\/\/candas365.es\/noticias\/category\/noticias-carreno\/\" title=\"Noticias Carre\u00f1o\">Noticias Carre\u00f1o<\/a>\n<\/span><span class=\"aioseo-breadcrumb-separator\">&ndash;<\/span><span class=\"aioseo-breadcrumb\">\n\tCarre\u00f1o trabaja para solucionar problemas de sanidad en el Colegio San F\u00e9lix\n<\/span><\/div>","aioseo_breadcrumb_json":[{"label":"Home","link":"https:\/\/candas365.es\/noticias"},{"label":"Noticias Carre\u00f1o","link":"https:\/\/candas365.es\/noticias\/category\/noticias-carreno\/"},{"label":"Carre\u00f1o trabaja para solucionar problemas de sanidad en el Colegio San F\u00e9lix","link":"https:\/\/candas365.es\/noticias\/carreno-trabaja-para-solucionar-problemas-de-sanidad-en-el-colegio-san-felix\/"}],"_links":{"self":[{"href":"https:\/\/candas365.es\/noticias\/wp-json\/wp\/v2\/posts\/121844","targetHints":{"allow":["GET"]}}],"collection":[{"href":"https:\/\/candas365.es\/noticias\/wp-json\/wp\/v2\/posts"}],"about":[{"href":"https:\/\/candas365.es\/noticias\/wp-json\/wp\/v2\/types\/post"}],"author":[{"embeddable":true,"href":"https:\/\/candas365.es\/noticias\/wp-json\/wp\/v2\/users\/1"}],"replies":[{"embeddable":true,"href":"https:\/\/candas365.es\/noticias\/wp-json\/wp\/v2\/comments?post=121844"}],"version-history":[{"count":0,"href":"https:\/\/candas365.es\/noticias\/wp-json\/wp\/v2\/posts\/121844\/revisions"}],"wp:featuredmedia":[{"embeddable":true,"href":"https:\/\/candas365.es\/noticias\/wp-json\/wp\/v2\/media\/121845"}],"wp:attachment":[{"href":"https:\/\/candas365.es\/noticias\/wp-json\/wp\/v2\/media?parent=121844"}],"wp:term":[{"taxonomy":"category","embeddable":true,"href":"https:\/\/candas365.es\/noticias\/wp-json\/wp\/v2\/categories?post=121844"},{"taxonomy":"post_tag","embeddable":true,"href":"https:\/\/candas365.es\/noticias\/wp-json\/wp\/v2\/tags?post=121844"}],"curies":[{"name":"wp","href":"https:\/\/api.w.org\/{rel}","templated":true}]}}