{"id":121837,"date":"2019-05-03T12:37:00","date_gmt":"2019-05-03T12:37:00","guid":{"rendered":"http:\/\/candas365.es\/noticias\/?p=121837"},"modified":"2019-05-03T12:37:00","modified_gmt":"2019-05-03T12:37:00","slug":"west-side-story-y-circlassica-en-el-teatro-de-la-laboral","status":"publish","type":"post","link":"https:\/\/candas365.es\/noticias\/west-side-story-y-circlassica-en-el-teatro-de-la-laboral\/","title":{"rendered":"West Side Story y Circlassica, en el Teatro de la Laboral"},"content":{"rendered":"<p><img fetchpriority=\"high\" decoding=\"async\" class=\"alignleft size-medium wp-image-80268\" src=\"https:\/\/candas365.es\/noticias\/wp-content\/uploads\/2017\/09\/Laboral-360x239.jpg\" alt=\"\" width=\"360\" height=\"239\" srcset=\"https:\/\/candas365.es\/noticias\/wp-content\/uploads\/2017\/09\/Laboral-360x239.jpg 360w, https:\/\/candas365.es\/noticias\/wp-content\/uploads\/2017\/09\/Laboral-768x511.jpg 768w, https:\/\/candas365.es\/noticias\/wp-content\/uploads\/2017\/09\/Laboral-655x435.jpg 655w, https:\/\/candas365.es\/noticias\/wp-content\/uploads\/2017\/09\/Laboral-696x463.jpg 696w, https:\/\/candas365.es\/noticias\/wp-content\/uploads\/2017\/09\/Laboral-1068x710.jpg 1068w, https:\/\/candas365.es\/noticias\/wp-content\/uploads\/2017\/09\/Laboral-632x420.jpg 632w, https:\/\/candas365.es\/noticias\/wp-content\/uploads\/2017\/09\/Laboral-84x55.jpg 84w, https:\/\/candas365.es\/noticias\/wp-content\/uploads\/2017\/09\/Laboral.jpg 1280w\" sizes=\"(max-width: 360px) 100vw, 360px\" \/>Del 26 al 29 de septiembre el espect\u00e1culo Circlassica har\u00e1 so\u00f1ar a toda la familia con sorprendentes n\u00fameros de circo, una incre\u00edble puesta en escena y m\u00fasica en directo. De la mano de Emilio Arag\u00f3n, Productores de Sonrisas ha querido rendir homenaje en este show al circo moderno, con m\u00e1s de 250 a\u00f1os de historia, recordando que el sue\u00f1o de muchos artistas de circo fue hacer felices a los dem\u00e1s, desafiando las leyes de Newton y convirtiendo lo imposible en posible.<\/p>\n<p>Funambulistas, trapecistas y malabaristas trasladar\u00e1n al espectador al m\u00e1gico y circense mundo de Nim y Margot, con seis funciones de Circlassica en el Teatro de la Laboral.<\/p>\n<p>West Side Story, uno de los musicales m\u00e1s importantes y representativos del teatro universal, llega a Laboral Ciudad de la Cultura con siete pases del 28 de noviembre al 1 de diciembre.<\/p>\n<p>En West Side Story, el libreto de Arthur Laurens transporta el Romeo y Julieta de Shakespeare a la ciudad de Nueva York, donde dos j\u00f3venes enamorados se ven atrapados por el enfrentamiento entre dos bandas callejeras, los \u201cAmericanos\u201d Jets y los Puertorrique\u00f1os Sharks. Su lucha por sobrevivir en un ambiente de odio, violencia y prejuicios se transforma en una de las historias m\u00e1s conocidas del teatro musical, con partitura de Leonard Bernstein y Stephen Sondheim y coreograf\u00edas de Jerome Robbins.<\/p>\n<p>De la mano de SOM Produce, responsable de Billy Elliot, Priscilla o Cabaret, llega por primera vez a Espa\u00f1a la versi\u00f3n original \u00edntegra con la que este musical m\u00edtico debut\u00f3 en el Winter Garden Theatre (Broadway, 1957).<\/p>\n<p>Las entradas para ambos espect\u00e1culos ya est\u00e1n a la venta en la Recepci\u00f3n de la Laboral, en el Centro Niemeyer en Avil\u00e9s, en la Oficina de Informaci\u00f3n Tur\u00edstica de Asturias en Oviedo, en la web entradas.liberbank.es, en el tel\u00e9fono 902 106 601 y en la red de cajeros Liberbank.<\/p>\n","protected":false},"excerpt":{"rendered":"<p>Del 26 al 29 de septiembre el espect\u00e1culo Circlassica har\u00e1 so\u00f1ar a toda la familia con sorprendentes n\u00fameros de circo, una incre\u00edble puesta en escena y m\u00fasica en directo. De la mano de Emilio Arag\u00f3n, Productores de Sonrisas ha querido rendir homenaje en este show al circo moderno, con m\u00e1s de 250 a\u00f1os de historia,<\/p>\n","protected":false},"author":1,"featured_media":80268,"comment_status":"closed","ping_status":"closed","sticky":false,"template":"","format":"standard","meta":{"footnotes":""},"categories":[1],"tags":[],"class_list":{"0":"post-121837","1":"post","2":"type-post","3":"status-publish","4":"format-standard","5":"has-post-thumbnail","7":"category-agenda"},"aioseo_notices":[],"aioseo_head":"\n\t\t<!-- All in One SEO Pro 4.9.6.2 - aioseo.com -->\n\t<meta name=\"description\" content=\"Del 26 al 29 de septiembre el espect\u00e1culo Circlassica har\u00e1 so\u00f1ar a toda la familia con sorprendentes n\u00fameros de circo, una incre\u00edble puesta en escena y m\u00fasica en directo. De la mano de Emilio Arag\u00f3n, Productores de Sonrisas ha querido rendir homenaje en este show al circo moderno, con m\u00e1s de 250 a\u00f1os de historia,\" \/>\n\t<meta name=\"robots\" content=\"max-image-preview:large\" \/>\n\t<meta name=\"author\" content=\"Cand\u00e1s 365\"\/>\n\t<meta name=\"google-site-verification\" content=\"UA-32230408-1\" \/>\n\t<meta name=\"msvalidate.01\" content=\"354F3CDFB2DA171B47FBE9ABF1F88D5\" \/>\n\t<meta name=\"keywords\" content=\"agenda\" \/>\n\t<link rel=\"canonical\" href=\"https:\/\/candas365.es\/noticias\/west-side-story-y-circlassica-en-el-teatro-de-la-laboral\/\" \/>\n\t<meta name=\"generator\" content=\"All in One SEO Pro (AIOSEO) 4.9.6.2\" \/>\n\t\t<meta property=\"og:locale\" content=\"es_ES\" \/>\n\t\t<meta property=\"og:site_name\" content=\"Cand\u00e1s 365\" \/>\n\t\t<meta property=\"og:type\" content=\"article\" \/>\n\t\t<meta property=\"og:title\" content=\"West Side Story y Circlassica, en el Teatro de la Laboral | Cand\u00e1s 365\" \/>\n\t\t<meta property=\"og:description\" content=\"Del 26 al 29 de septiembre el espect\u00e1culo Circlassica har\u00e1 so\u00f1ar a toda la familia con sorprendentes n\u00fameros de circo, una incre\u00edble puesta en escena y m\u00fasica en directo. De la mano de Emilio Arag\u00f3n, Productores de Sonrisas ha querido rendir homenaje en este show al circo moderno, con m\u00e1s de 250 a\u00f1os de historia,\" \/>\n\t\t<meta property=\"og:url\" content=\"https:\/\/candas365.es\/noticias\/west-side-story-y-circlassica-en-el-teatro-de-la-laboral\/\" \/>\n\t\t<meta property=\"og:image\" content=\"https:\/\/candas365.es\/noticias\/wp-content\/uploads\/2017\/09\/Laboral.jpg\" \/>\n\t\t<meta property=\"og:image:secure_url\" content=\"https:\/\/candas365.es\/noticias\/wp-content\/uploads\/2017\/09\/Laboral.jpg\" \/>\n\t\t<meta property=\"og:image:width\" content=\"1280\" \/>\n\t\t<meta property=\"og:image:height\" content=\"851\" \/>\n\t\t<meta property=\"article:published_time\" content=\"2019-05-03T12:37:00+00:00\" \/>\n\t\t<meta property=\"article:modified_time\" content=\"2019-05-03T12:37:00+00:00\" \/>\n\t\t<meta property=\"article:publisher\" content=\"https:\/\/www.facebook.com\/Nachofdezber\" \/>\n\t\t<meta property=\"article:author\" content=\"https:\/\/www.facebook.com\/carrenoactualidad\" \/>\n\t\t<meta name=\"twitter:card\" content=\"summary_large_image\" \/>\n\t\t<meta name=\"twitter:site\" content=\"@NabercoDigital\" \/>\n\t\t<meta name=\"twitter:title\" content=\"West Side Story y Circlassica, en el Teatro de la Laboral | Cand\u00e1s 365\" \/>\n\t\t<meta name=\"twitter:description\" content=\"Del 26 al 29 de septiembre el espect\u00e1culo Circlassica har\u00e1 so\u00f1ar a toda la familia con sorprendentes n\u00fameros de circo, una incre\u00edble puesta en escena y m\u00fasica en directo. De la mano de Emilio Arag\u00f3n, Productores de Sonrisas ha querido rendir homenaje en este show al circo moderno, con m\u00e1s de 250 a\u00f1os de historia,\" \/>\n\t\t<meta name=\"twitter:creator\" content=\"@nbasturias\" \/>\n\t\t<meta name=\"twitter:image\" content=\"https:\/\/candas365.es\/noticias\/wp-content\/uploads\/2017\/09\/Laboral.jpg\" \/>\n\t\t<meta name=\"twitter:label1\" content=\"Escrito por\" \/>\n\t\t<meta name=\"twitter:data1\" content=\"Cand\u00e1s 365\" \/>\n\t\t<meta name=\"twitter:label2\" content=\"Tiempo de lectura estimado\" \/>\n\t\t<meta name=\"twitter:data2\" content=\"2 minutos\" \/>\n\t\t<script type=\"application\/ld+json\" class=\"aioseo-schema\">\n\t\t\t{\"@context\":\"https:\\\/\\\/schema.org\",\"@graph\":[{\"@type\":\"BreadcrumbList\",\"@id\":\"https:\\\/\\\/candas365.es\\\/noticias\\\/west-side-story-y-circlassica-en-el-teatro-de-la-laboral\\\/#breadcrumblist\",\"itemListElement\":[{\"@type\":\"ListItem\",\"@id\":\"https:\\\/\\\/candas365.es\\\/noticias#listItem\",\"position\":1,\"name\":\"Home\",\"item\":\"https:\\\/\\\/candas365.es\\\/noticias\",\"nextItem\":{\"@type\":\"ListItem\",\"@id\":\"https:\\\/\\\/candas365.es\\\/noticias\\\/category\\\/agenda\\\/#listItem\",\"name\":\"Agenda\"}},{\"@type\":\"ListItem\",\"@id\":\"https:\\\/\\\/candas365.es\\\/noticias\\\/category\\\/agenda\\\/#listItem\",\"position\":2,\"name\":\"Agenda\",\"item\":\"https:\\\/\\\/candas365.es\\\/noticias\\\/category\\\/agenda\\\/\",\"nextItem\":{\"@type\":\"ListItem\",\"@id\":\"https:\\\/\\\/candas365.es\\\/noticias\\\/west-side-story-y-circlassica-en-el-teatro-de-la-laboral\\\/#listItem\",\"name\":\"West Side Story y Circlassica, en el Teatro de la Laboral\"},\"previousItem\":{\"@type\":\"ListItem\",\"@id\":\"https:\\\/\\\/candas365.es\\\/noticias#listItem\",\"name\":\"Home\"}},{\"@type\":\"ListItem\",\"@id\":\"https:\\\/\\\/candas365.es\\\/noticias\\\/west-side-story-y-circlassica-en-el-teatro-de-la-laboral\\\/#listItem\",\"position\":3,\"name\":\"West Side Story y Circlassica, en el Teatro de la Laboral\",\"previousItem\":{\"@type\":\"ListItem\",\"@id\":\"https:\\\/\\\/candas365.es\\\/noticias\\\/category\\\/agenda\\\/#listItem\",\"name\":\"Agenda\"}}]},{\"@type\":\"NewsArticle\",\"@id\":\"https:\\\/\\\/candas365.es\\\/noticias\\\/west-side-story-y-circlassica-en-el-teatro-de-la-laboral\\\/#newsarticle\",\"name\":\"West Side Story y Circlassica, en el Teatro de la Laboral | Cand\\u00e1s 365\",\"headline\":\"West Side Story y Circlassica, en el Teatro de la Laboral\",\"author\":{\"@id\":\"https:\\\/\\\/candas365.es\\\/noticias\\\/author\\\/admin\\\/#author\"},\"publisher\":{\"@id\":\"https:\\\/\\\/candas365.es\\\/noticias\\\/#organization\"},\"image\":{\"@type\":\"ImageObject\",\"url\":\"https:\\\/\\\/candas365.es\\\/noticias\\\/wp-content\\\/uploads\\\/2017\\\/09\\\/Laboral.jpg\",\"width\":1280,\"height\":851},\"datePublished\":\"2019-05-03T12:37:00+02:00\",\"dateModified\":\"2019-05-03T12:37:00+02:00\",\"inLanguage\":\"es-ES\",\"mainEntityOfPage\":{\"@id\":\"https:\\\/\\\/candas365.es\\\/noticias\\\/west-side-story-y-circlassica-en-el-teatro-de-la-laboral\\\/#webpage\"},\"isPartOf\":{\"@id\":\"https:\\\/\\\/candas365.es\\\/noticias\\\/west-side-story-y-circlassica-en-el-teatro-de-la-laboral\\\/#webpage\"},\"articleSection\":\"Agenda\",\"dateline\":\"Publicado el mayo 3, 2019.\"},{\"@type\":\"Organization\",\"@id\":\"https:\\\/\\\/candas365.es\\\/noticias\\\/#organization\",\"name\":\"Cand\\u00e1s 365\",\"description\":\"Cand\\u00e1s 365 es un diario digital independiente, fundado en 2012, con base en Asturias. Informamos con rigor sobre actualidad, sociedad, cultura y ocio, con una mirada local y global.\",\"url\":\"https:\\\/\\\/candas365.es\\\/noticias\\\/\",\"email\":\"info@candas365.es\",\"telephone\":\"+34652131393\",\"foundingDate\":\"2012-06-10\",\"logo\":{\"@type\":\"ImageObject\",\"url\":\"https:\\\/\\\/candas365.es\\\/noticias\\\/wp-content\\\/uploads\\\/2024\\\/09\\\/Candas-365-Redes.jpg\",\"@id\":\"https:\\\/\\\/candas365.es\\\/noticias\\\/west-side-story-y-circlassica-en-el-teatro-de-la-laboral\\\/#organizationLogo\",\"width\":1152,\"height\":864,\"caption\":\"Cand\\u00e1s 365 Redes\"},\"image\":{\"@id\":\"https:\\\/\\\/candas365.es\\\/noticias\\\/west-side-story-y-circlassica-en-el-teatro-de-la-laboral\\\/#organizationLogo\"},\"sameAs\":[\"https:\\\/\\\/www.facebook.com\\\/Nachofdezber\",\"https:\\\/\\\/x.com\\\/NabercoDigital\",\"https:\\\/\\\/www.instagram.com\\\/nachofdezber\\\/\",\"https:\\\/\\\/www.youtube.com\\\/channel\\\/UCZP-2wLEB9Rv6erhFmqVnvg\"],\"address\":{\"@id\":\"https:\\\/\\\/candas365.es\\\/noticias\\\/#postaladdress\",\"@type\":\"PostalAddress\",\"streetAddress\":\"san antonio 4, san antonio 4\",\"postalCode\":\"33430\",\"addressLocality\":\"Cand\\u00e1s\",\"addressRegion\":\"Asturias\",\"addressCountry\":\"ES\"}},{\"@type\":\"Person\",\"@id\":\"https:\\\/\\\/candas365.es\\\/noticias\\\/author\\\/admin\\\/#author\",\"url\":\"https:\\\/\\\/candas365.es\\\/noticias\\\/author\\\/admin\\\/\",\"name\":\"Cand\\u00e1s 365\",\"image\":{\"@type\":\"ImageObject\",\"@id\":\"https:\\\/\\\/candas365.es\\\/noticias\\\/west-side-story-y-circlassica-en-el-teatro-de-la-laboral\\\/#authorImage\",\"url\":\"https:\\\/\\\/secure.gravatar.com\\\/avatar\\\/496a8e03d0c493ede1718b7934145dbdf8d89be1036b0eec9544e1094c9de390?s=96&d=mm&r=g\",\"width\":96,\"height\":96,\"caption\":\"Cand\\u00e1s 365\"},\"sameAs\":[\"https:\\\/\\\/www.facebook.com\\\/carrenoactualidad\",\"https:\\\/\\\/twitter.com\\\/nbasturias\",\"https:\\\/\\\/www.instagram.com\\\/nachofdezber\\\/\",\"https:\\\/\\\/www.youtube.com\\\/channel\\\/UCZP-2wLEB9Rv6erhFmqVnvg\"]},{\"@type\":\"WebPage\",\"@id\":\"https:\\\/\\\/candas365.es\\\/noticias\\\/west-side-story-y-circlassica-en-el-teatro-de-la-laboral\\\/#webpage\",\"url\":\"https:\\\/\\\/candas365.es\\\/noticias\\\/west-side-story-y-circlassica-en-el-teatro-de-la-laboral\\\/\",\"name\":\"West Side Story y Circlassica, en el Teatro de la Laboral | Cand\\u00e1s 365\",\"description\":\"Del 26 al 29 de septiembre el espect\\u00e1culo Circlassica har\\u00e1 so\\u00f1ar a toda la familia con sorprendentes n\\u00fameros de circo, una incre\\u00edble puesta en escena y m\\u00fasica en directo. De la mano de Emilio Arag\\u00f3n, Productores de Sonrisas ha querido rendir homenaje en este show al circo moderno, con m\\u00e1s de 250 a\\u00f1os de historia,\",\"inLanguage\":\"es-ES\",\"isPartOf\":{\"@id\":\"https:\\\/\\\/candas365.es\\\/noticias\\\/#website\"},\"breadcrumb\":{\"@id\":\"https:\\\/\\\/candas365.es\\\/noticias\\\/west-side-story-y-circlassica-en-el-teatro-de-la-laboral\\\/#breadcrumblist\"},\"author\":{\"@id\":\"https:\\\/\\\/candas365.es\\\/noticias\\\/author\\\/admin\\\/#author\"},\"creator\":{\"@id\":\"https:\\\/\\\/candas365.es\\\/noticias\\\/author\\\/admin\\\/#author\"},\"image\":{\"@type\":\"ImageObject\",\"url\":\"https:\\\/\\\/candas365.es\\\/noticias\\\/wp-content\\\/uploads\\\/2017\\\/09\\\/Laboral.jpg\",\"@id\":\"https:\\\/\\\/candas365.es\\\/noticias\\\/west-side-story-y-circlassica-en-el-teatro-de-la-laboral\\\/#mainImage\",\"width\":1280,\"height\":851},\"primaryImageOfPage\":{\"@id\":\"https:\\\/\\\/candas365.es\\\/noticias\\\/west-side-story-y-circlassica-en-el-teatro-de-la-laboral\\\/#mainImage\"},\"datePublished\":\"2019-05-03T12:37:00+02:00\",\"dateModified\":\"2019-05-03T12:37:00+02:00\"},{\"@type\":\"WebSite\",\"@id\":\"https:\\\/\\\/candas365.es\\\/noticias\\\/#website\",\"url\":\"https:\\\/\\\/candas365.es\\\/noticias\\\/\",\"name\":\"Cand\\u00e1s 365\",\"alternateName\":\"Cand\\u00e1s 365 Noticias\",\"description\":\"Actualidad desde Carre\\u00f1o para el mundo\",\"inLanguage\":\"es-ES\",\"publisher\":{\"@id\":\"https:\\\/\\\/candas365.es\\\/noticias\\\/#organization\"}}]}\n\t\t<\/script>\n\t\t<!-- All in One SEO Pro -->\r\n\t\t<title>West Side Story y Circlassica, en el Teatro de la Laboral | Cand\u00e1s 365<\/title>\n\n","aioseo_head_json":{"title":"West Side Story y Circlassica, en el Teatro de la Laboral | Cand\u00e1s 365","description":"Del 26 al 29 de septiembre el espect\u00e1culo Circlassica har\u00e1 so\u00f1ar a toda la familia con sorprendentes n\u00fameros de circo, una incre\u00edble puesta en escena y m\u00fasica en directo. De la mano de Emilio Arag\u00f3n, Productores de Sonrisas ha querido rendir homenaje en este show al circo moderno, con m\u00e1s de 250 a\u00f1os de historia,","canonical_url":"https:\/\/candas365.es\/noticias\/west-side-story-y-circlassica-en-el-teatro-de-la-laboral\/","robots":"max-image-preview:large","keywords":"agenda","webmasterTools":{"google-site-verification":"UA-32230408-1","msvalidate.01":"354F3CDFB2DA171B47FBE9ABF1F88D5","miscellaneous":""},"schema":{"@context":"https:\/\/schema.org","@graph":[{"@type":"BreadcrumbList","@id":"https:\/\/candas365.es\/noticias\/west-side-story-y-circlassica-en-el-teatro-de-la-laboral\/#breadcrumblist","itemListElement":[{"@type":"ListItem","@id":"https:\/\/candas365.es\/noticias#listItem","position":1,"name":"Home","item":"https:\/\/candas365.es\/noticias","nextItem":{"@type":"ListItem","@id":"https:\/\/candas365.es\/noticias\/category\/agenda\/#listItem","name":"Agenda"}},{"@type":"ListItem","@id":"https:\/\/candas365.es\/noticias\/category\/agenda\/#listItem","position":2,"name":"Agenda","item":"https:\/\/candas365.es\/noticias\/category\/agenda\/","nextItem":{"@type":"ListItem","@id":"https:\/\/candas365.es\/noticias\/west-side-story-y-circlassica-en-el-teatro-de-la-laboral\/#listItem","name":"West Side Story y Circlassica, en el Teatro de la Laboral"},"previousItem":{"@type":"ListItem","@id":"https:\/\/candas365.es\/noticias#listItem","name":"Home"}},{"@type":"ListItem","@id":"https:\/\/candas365.es\/noticias\/west-side-story-y-circlassica-en-el-teatro-de-la-laboral\/#listItem","position":3,"name":"West Side Story y Circlassica, en el Teatro de la Laboral","previousItem":{"@type":"ListItem","@id":"https:\/\/candas365.es\/noticias\/category\/agenda\/#listItem","name":"Agenda"}}]},{"@type":"NewsArticle","@id":"https:\/\/candas365.es\/noticias\/west-side-story-y-circlassica-en-el-teatro-de-la-laboral\/#newsarticle","name":"West Side Story y Circlassica, en el Teatro de la Laboral | Cand\u00e1s 365","headline":"West Side Story y Circlassica, en el Teatro de la Laboral","author":{"@id":"https:\/\/candas365.es\/noticias\/author\/admin\/#author"},"publisher":{"@id":"https:\/\/candas365.es\/noticias\/#organization"},"image":{"@type":"ImageObject","url":"https:\/\/candas365.es\/noticias\/wp-content\/uploads\/2017\/09\/Laboral.jpg","width":1280,"height":851},"datePublished":"2019-05-03T12:37:00+02:00","dateModified":"2019-05-03T12:37:00+02:00","inLanguage":"es-ES","mainEntityOfPage":{"@id":"https:\/\/candas365.es\/noticias\/west-side-story-y-circlassica-en-el-teatro-de-la-laboral\/#webpage"},"isPartOf":{"@id":"https:\/\/candas365.es\/noticias\/west-side-story-y-circlassica-en-el-teatro-de-la-laboral\/#webpage"},"articleSection":"Agenda","dateline":"Publicado el mayo 3, 2019."},{"@type":"Organization","@id":"https:\/\/candas365.es\/noticias\/#organization","name":"Cand\u00e1s 365","description":"Cand\u00e1s 365 es un diario digital independiente, fundado en 2012, con base en Asturias. Informamos con rigor sobre actualidad, sociedad, cultura y ocio, con una mirada local y global.","url":"https:\/\/candas365.es\/noticias\/","email":"info@candas365.es","telephone":"+34652131393","foundingDate":"2012-06-10","logo":{"@type":"ImageObject","url":"https:\/\/candas365.es\/noticias\/wp-content\/uploads\/2024\/09\/Candas-365-Redes.jpg","@id":"https:\/\/candas365.es\/noticias\/west-side-story-y-circlassica-en-el-teatro-de-la-laboral\/#organizationLogo","width":1152,"height":864,"caption":"Cand\u00e1s 365 Redes"},"image":{"@id":"https:\/\/candas365.es\/noticias\/west-side-story-y-circlassica-en-el-teatro-de-la-laboral\/#organizationLogo"},"sameAs":["https:\/\/www.facebook.com\/Nachofdezber","https:\/\/x.com\/NabercoDigital","https:\/\/www.instagram.com\/nachofdezber\/","https:\/\/www.youtube.com\/channel\/UCZP-2wLEB9Rv6erhFmqVnvg"],"address":{"@id":"https:\/\/candas365.es\/noticias\/#postaladdress","@type":"PostalAddress","streetAddress":"san antonio 4, san antonio 4","postalCode":"33430","addressLocality":"Cand\u00e1s","addressRegion":"Asturias","addressCountry":"ES"}},{"@type":"Person","@id":"https:\/\/candas365.es\/noticias\/author\/admin\/#author","url":"https:\/\/candas365.es\/noticias\/author\/admin\/","name":"Cand\u00e1s 365","image":{"@type":"ImageObject","@id":"https:\/\/candas365.es\/noticias\/west-side-story-y-circlassica-en-el-teatro-de-la-laboral\/#authorImage","url":"https:\/\/secure.gravatar.com\/avatar\/496a8e03d0c493ede1718b7934145dbdf8d89be1036b0eec9544e1094c9de390?s=96&d=mm&r=g","width":96,"height":96,"caption":"Cand\u00e1s 365"},"sameAs":["https:\/\/www.facebook.com\/carrenoactualidad","https:\/\/twitter.com\/nbasturias","https:\/\/www.instagram.com\/nachofdezber\/","https:\/\/www.youtube.com\/channel\/UCZP-2wLEB9Rv6erhFmqVnvg"]},{"@type":"WebPage","@id":"https:\/\/candas365.es\/noticias\/west-side-story-y-circlassica-en-el-teatro-de-la-laboral\/#webpage","url":"https:\/\/candas365.es\/noticias\/west-side-story-y-circlassica-en-el-teatro-de-la-laboral\/","name":"West Side Story y Circlassica, en el Teatro de la Laboral | Cand\u00e1s 365","description":"Del 26 al 29 de septiembre el espect\u00e1culo Circlassica har\u00e1 so\u00f1ar a toda la familia con sorprendentes n\u00fameros de circo, una incre\u00edble puesta en escena y m\u00fasica en directo. De la mano de Emilio Arag\u00f3n, Productores de Sonrisas ha querido rendir homenaje en este show al circo moderno, con m\u00e1s de 250 a\u00f1os de historia,","inLanguage":"es-ES","isPartOf":{"@id":"https:\/\/candas365.es\/noticias\/#website"},"breadcrumb":{"@id":"https:\/\/candas365.es\/noticias\/west-side-story-y-circlassica-en-el-teatro-de-la-laboral\/#breadcrumblist"},"author":{"@id":"https:\/\/candas365.es\/noticias\/author\/admin\/#author"},"creator":{"@id":"https:\/\/candas365.es\/noticias\/author\/admin\/#author"},"image":{"@type":"ImageObject","url":"https:\/\/candas365.es\/noticias\/wp-content\/uploads\/2017\/09\/Laboral.jpg","@id":"https:\/\/candas365.es\/noticias\/west-side-story-y-circlassica-en-el-teatro-de-la-laboral\/#mainImage","width":1280,"height":851},"primaryImageOfPage":{"@id":"https:\/\/candas365.es\/noticias\/west-side-story-y-circlassica-en-el-teatro-de-la-laboral\/#mainImage"},"datePublished":"2019-05-03T12:37:00+02:00","dateModified":"2019-05-03T12:37:00+02:00"},{"@type":"WebSite","@id":"https:\/\/candas365.es\/noticias\/#website","url":"https:\/\/candas365.es\/noticias\/","name":"Cand\u00e1s 365","alternateName":"Cand\u00e1s 365 Noticias","description":"Actualidad desde Carre\u00f1o para el mundo","inLanguage":"es-ES","publisher":{"@id":"https:\/\/candas365.es\/noticias\/#organization"}}]},"og:locale":"es_ES","og:site_name":"Cand\u00e1s 365","og:type":"article","og:title":"West Side Story y Circlassica, en el Teatro de la Laboral | Cand\u00e1s 365","og:description":"Del 26 al 29 de septiembre el espect\u00e1culo Circlassica har\u00e1 so\u00f1ar a toda la familia con sorprendentes n\u00fameros de circo, una incre\u00edble puesta en escena y m\u00fasica en directo. De la mano de Emilio Arag\u00f3n, Productores de Sonrisas ha querido rendir homenaje en este show al circo moderno, con m\u00e1s de 250 a\u00f1os de historia,","og:url":"https:\/\/candas365.es\/noticias\/west-side-story-y-circlassica-en-el-teatro-de-la-laboral\/","og:image":"https:\/\/candas365.es\/noticias\/wp-content\/uploads\/2017\/09\/Laboral.jpg","og:image:secure_url":"https:\/\/candas365.es\/noticias\/wp-content\/uploads\/2017\/09\/Laboral.jpg","og:image:width":1280,"og:image:height":851,"article:published_time":"2019-05-03T12:37:00+00:00","article:modified_time":"2019-05-03T12:37:00+00:00","article:publisher":"https:\/\/www.facebook.com\/Nachofdezber","article:author":"https:\/\/www.facebook.com\/carrenoactualidad","twitter:card":"summary_large_image","twitter:site":"@NabercoDigital","twitter:title":"West Side Story y Circlassica, en el Teatro de la Laboral | Cand\u00e1s 365","twitter:description":"Del 26 al 29 de septiembre el espect\u00e1culo Circlassica har\u00e1 so\u00f1ar a toda la familia con sorprendentes n\u00fameros de circo, una incre\u00edble puesta en escena y m\u00fasica en directo. De la mano de Emilio Arag\u00f3n, Productores de Sonrisas ha querido rendir homenaje en este show al circo moderno, con m\u00e1s de 250 a\u00f1os de historia,","twitter:creator":"@nbasturias","twitter:image":"https:\/\/candas365.es\/noticias\/wp-content\/uploads\/2017\/09\/Laboral.jpg","twitter:label1":"Escrito por","twitter:data1":"Cand\u00e1s 365","twitter:label2":"Tiempo de lectura estimado","twitter:data2":"2 minutos"},"aioseo_meta_data":{"post_id":"121837","title":null,"description":null,"keywords":null,"keyphrases":null,"primary_term":null,"canonical_url":null,"og_title":null,"og_description":null,"og_object_type":"default","og_image_type":"default","og_image_url":null,"og_image_width":null,"og_image_height":null,"og_image_custom_url":null,"og_image_custom_fields":null,"og_video":null,"og_custom_url":null,"og_article_section":null,"og_article_tags":null,"twitter_use_og":false,"twitter_card":"default","twitter_image_type":"default","twitter_image_url":null,"twitter_image_custom_url":null,"twitter_image_custom_fields":null,"twitter_title":null,"twitter_description":null,"schema":{"blockGraphs":[],"customGraphs":[],"default":{"data":{"Article":[],"Course":[],"Dataset":[],"FAQPage":[],"Movie":[],"Person":[],"Product":[],"ProductReview":[],"Car":[],"Recipe":[],"Service":[],"SoftwareApplication":[],"WebPage":[]},"graphName":"","isEnabled":true},"graphs":[]},"schema_type":null,"schema_type_options":null,"pillar_content":false,"robots_default":true,"robots_noindex":false,"robots_noarchive":false,"robots_nosnippet":false,"robots_nofollow":false,"robots_noimageindex":false,"robots_noodp":false,"robots_notranslate":false,"robots_max_snippet":null,"robots_max_videopreview":null,"robots_max_imagepreview":"large","priority":null,"frequency":null,"location":null,"local_seo":null,"seo_analyzer_scan_date":"2025-08-29 21:08:33","breadcrumb_settings":null,"limit_modified_date":false,"reviewed_by":null,"open_ai":null,"ai":null,"created":"2020-12-21 10:57:58","updated":"2025-08-29 21:08:33"},"aioseo_breadcrumb":"<div class=\"aioseo-breadcrumbs\"><span class=\"aioseo-breadcrumb\">\n\t<a href=\"https:\/\/candas365.es\/noticias\" title=\"Home\">Home<\/a>\n<\/span><span class=\"aioseo-breadcrumb-separator\">&ndash;<\/span><span class=\"aioseo-breadcrumb\">\n\t<a href=\"https:\/\/candas365.es\/noticias\/category\/agenda\/\" title=\"Agenda\">Agenda<\/a>\n<\/span><span class=\"aioseo-breadcrumb-separator\">&ndash;<\/span><span class=\"aioseo-breadcrumb\">\n\tWest Side Story y Circlassica, en el Teatro de la Laboral\n<\/span><\/div>","aioseo_breadcrumb_json":[{"label":"Home","link":"https:\/\/candas365.es\/noticias"},{"label":"Agenda","link":"https:\/\/candas365.es\/noticias\/category\/agenda\/"},{"label":"West Side Story y Circlassica, en el Teatro de la Laboral","link":"https:\/\/candas365.es\/noticias\/west-side-story-y-circlassica-en-el-teatro-de-la-laboral\/"}],"_links":{"self":[{"href":"https:\/\/candas365.es\/noticias\/wp-json\/wp\/v2\/posts\/121837","targetHints":{"allow":["GET"]}}],"collection":[{"href":"https:\/\/candas365.es\/noticias\/wp-json\/wp\/v2\/posts"}],"about":[{"href":"https:\/\/candas365.es\/noticias\/wp-json\/wp\/v2\/types\/post"}],"author":[{"embeddable":true,"href":"https:\/\/candas365.es\/noticias\/wp-json\/wp\/v2\/users\/1"}],"replies":[{"embeddable":true,"href":"https:\/\/candas365.es\/noticias\/wp-json\/wp\/v2\/comments?post=121837"}],"version-history":[{"count":0,"href":"https:\/\/candas365.es\/noticias\/wp-json\/wp\/v2\/posts\/121837\/revisions"}],"wp:featuredmedia":[{"embeddable":true,"href":"https:\/\/candas365.es\/noticias\/wp-json\/wp\/v2\/media\/80268"}],"wp:attachment":[{"href":"https:\/\/candas365.es\/noticias\/wp-json\/wp\/v2\/media?parent=121837"}],"wp:term":[{"taxonomy":"category","embeddable":true,"href":"https:\/\/candas365.es\/noticias\/wp-json\/wp\/v2\/categories?post=121837"},{"taxonomy":"post_tag","embeddable":true,"href":"https:\/\/candas365.es\/noticias\/wp-json\/wp\/v2\/tags?post=121837"}],"curies":[{"name":"wp","href":"https:\/\/api.w.org\/{rel}","templated":true}]}}