{"id":121695,"date":"2019-04-30T14:15:09","date_gmt":"2019-04-30T14:15:09","guid":{"rendered":"http:\/\/candas365.es\/noticias\/?p=121695"},"modified":"2019-04-30T14:15:09","modified_gmt":"2019-04-30T14:15:09","slug":"nuevo-acuerdo-entre-fasad-y-el-ayuntamiento-de-carreno","status":"publish","type":"post","link":"https:\/\/candas365.es\/noticias\/nuevo-acuerdo-entre-fasad-y-el-ayuntamiento-de-carreno\/","title":{"rendered":"Nuevo acuerdo entre Fasad y el Ayuntamiento de Carre\u00f1o"},"content":{"rendered":"<p><img fetchpriority=\"high\" decoding=\"async\" class=\"alignleft size-medium wp-image-2364\" src=\"https:\/\/candas365.es\/noticias\/wp-content\/uploads\/2014\/10\/Polivalente-360x270.jpg\" alt=\"\" width=\"360\" height=\"270\" srcset=\"https:\/\/candas365.es\/noticias\/wp-content\/uploads\/2014\/10\/Polivalente-360x270.jpg 360w, https:\/\/candas365.es\/noticias\/wp-content\/uploads\/2014\/10\/Polivalente-640x480.jpg 640w, https:\/\/candas365.es\/noticias\/wp-content\/uploads\/2014\/10\/Polivalente-768x576.jpg 768w, https:\/\/candas365.es\/noticias\/wp-content\/uploads\/2014\/10\/Polivalente-150x113.jpg 150w, https:\/\/candas365.es\/noticias\/wp-content\/uploads\/2014\/10\/Polivalente-450x338.jpg 450w, https:\/\/candas365.es\/noticias\/wp-content\/uploads\/2014\/10\/Polivalente-80x60.jpg 80w, https:\/\/candas365.es\/noticias\/wp-content\/uploads\/2014\/10\/Polivalente-265x198.jpg 265w, https:\/\/candas365.es\/noticias\/wp-content\/uploads\/2014\/10\/Polivalente-696x522.jpg 696w, https:\/\/candas365.es\/noticias\/wp-content\/uploads\/2014\/10\/Polivalente-560x420.jpg 560w, https:\/\/candas365.es\/noticias\/wp-content\/uploads\/2014\/10\/Polivalente-90x67.jpg 90w, https:\/\/candas365.es\/noticias\/wp-content\/uploads\/2014\/10\/Polivalente.jpg 1024w\" sizes=\"(max-width: 360px) 100vw, 360px\" \/>La consejera de Servicios y Derechos Sociales y presidenta de la Fundaci\u00f3n Asturiana de Atenci\u00f3n y Protecci\u00f3n a Personas con Discapacidades y\/o Dependencias (Fasad), Pilar Varela, y la alcaldesa de Carre\u00f1o, Amelia Fern\u00e1ndez, han rubricado la pr\u00f3rroga del convenio que, desde 2015, permite a los usuarios del centro que la entidad gestiona en Cand\u00e1s participar en las actividades culturales, tecnol\u00f3gicas y deportivas que ofrece el Ayuntamiento a trav\u00e9s de sus servicios municipales.<\/p>\n<p>Como novedad, al listado actual de instalaciones con las que se mantiene la colaboraci\u00f3n, este a\u00f1o se sumar\u00e1 la Biblioteca Municipal Carlos Gonz\u00e1lez Posada, en la que se organizar\u00e1n talleres did\u00e1cticos, a la vez que se facilitar\u00e1 el pr\u00e9stamo de libros y material audiovisual. Hasta ahora, los usuarios disfrutan de actividades en el Patronato Deportivo, el Teatro Prendes, el Centro de Dinamizaci\u00f3n Tecnol\u00f3gica Local, el Museo Ant\u00f3n, la Casa de Cultura, la Oficina de Informaci\u00f3n Juvenil y el Centro Polivalente La Baraga\u00f1a.<\/p>\n<p>Asimismo, el nuevo acuerdo incorpora el desarrollo de un taller de teatro espec\u00edfico en el centro polivalente y facilita mayor apoyo profesional a las personas beneficiarias, con el fin de mejorar la integraci\u00f3n y el aprovechamiento de las actividades previstas.<\/p>\n<p>El objetivo es promover el desarrollo de las personas con discapacidad o dependencia a quienes Fasad presta apoyo en el centro situado en las inmediaciones de La Baraga\u00f1a, as\u00ed como favorecer su participaci\u00f3n en la vida del concejo.<\/p>\n<p>El equipamiento cuenta con un centro de apoyo a la integraci\u00f3n en el que se atiende actualmente a 20 personas. Se trata de un recurso especializado, con programas personalizados de atenci\u00f3n integral y formaci\u00f3n para adultos de 18 a 50 a\u00f1os con discapacidad. Tambi\u00e9n dispone de un centro de d\u00eda, donde ofrece asistencia diurna a mayores en situaci\u00f3n de dependencia, concretamente a 18 usuarios en estos momentos.<\/p>\n<p><strong>Fundaci\u00f3n Fasad<\/strong><\/p>\n<p>Fasad es una entidad sin \u00e1nimo de lucro, dependiente de la Consejer\u00eda de Servicios y Derechos Sociales, que atiende a m\u00e1s de mil personas. Gestiona cinco centros de apoyo a la integraci\u00f3n: La Arboleya, en Meres (Siero); Villalegre (Avil\u00e9s), Arriondas, Cand\u00e1s y Navia; dos centros de d\u00eda para personas mayores en Cand\u00e1s y Navia, y otros dos para mayores con discapacidad intelectual en el Fundoma (Oviedo) y Ria\u00f1o (Langreo).<\/p>\n<p>Asimismo, se encarga de cinco recursos de alojamiento: la Unidad Residencial de Meres (Siero); el Centro de Atenci\u00f3n a la Dependencia de Tur\u00f3n (Mieres); la Unidad Residencial de Cangas del Narcea, una vivienda tutelada para personas con discapacidad intelectual en Avil\u00e9s y un alojamiento tutelar en el Fundoma.<\/p>\n<p>Entre las labores de la entidad figura la supervisi\u00f3n, junto con la Consejer\u00eda de Sanidad, de las viviendas destinadas a personas con enfermedad mental en distintas zonas de Asturias.<\/p>\n<p>Adem\u00e1s, desarrolla diversos programas de apoyo, como el residencial para afectados por trastornos mentales graves en Oviedo; el de estimulaci\u00f3n en el medio acu\u00e1tico para menores de 0 a 3 a\u00f1os, en colaboraci\u00f3n con las Unidades de Atenci\u00f3n Infantil Temprana, y el proyecto Ma\u00f1ana, tambi\u00e9n, de apoyo a padres mayores de 60 a\u00f1os que tienen hijos discapacitados a su cargo.<\/p>\n<p>Por otro lado, realiza el seguimiento de 469 personas incapacitadas judicialmente, funci\u00f3n que tiene encomendada por la Administraci\u00f3n auton\u00f3mica y que lleva a cabo de acuerdo con el decreto 21\/2006, de 2 de marzo, que regula la constituci\u00f3n y el funcionamiento de la Comisi\u00f3n de Tutelas del Principado.<\/p>\n","protected":false},"excerpt":{"rendered":"<p>La consejera de Servicios y Derechos Sociales y presidenta de la Fundaci\u00f3n Asturiana de Atenci\u00f3n y Protecci\u00f3n a Personas con Discapacidades y\/o Dependencias (Fasad), Pilar Varela, y la alcaldesa de Carre\u00f1o, Amelia Fern\u00e1ndez, han rubricado la pr\u00f3rroga del convenio que, desde 2015, permite a los usuarios del centro que la entidad gestiona en Cand\u00e1s participar<\/p>\n","protected":false},"author":1,"featured_media":2364,"comment_status":"closed","ping_status":"closed","sticky":false,"template":"","format":"standard","meta":{"footnotes":""},"categories":[2],"tags":[],"class_list":{"0":"post-121695","1":"post","2":"type-post","3":"status-publish","4":"format-standard","5":"has-post-thumbnail","7":"category-noticias-carreno"},"aioseo_notices":[],"aioseo_head":"\n\t\t<!-- All in One SEO Pro 4.9.6.2 - aioseo.com -->\n\t<meta name=\"description\" content=\"La consejera de Servicios y Derechos Sociales y presidenta de la Fundaci\u00f3n Asturiana de Atenci\u00f3n y Protecci\u00f3n a Personas con Discapacidades y\/o Dependencias (Fasad), Pilar Varela, y la alcaldesa de Carre\u00f1o, Amelia Fern\u00e1ndez, han rubricado la pr\u00f3rroga del convenio que, desde 2015, permite a los usuarios del centro que la entidad gestiona en Cand\u00e1s participar\" \/>\n\t<meta name=\"robots\" content=\"max-image-preview:large\" \/>\n\t<meta name=\"author\" content=\"Cand\u00e1s 365\"\/>\n\t<meta name=\"google-site-verification\" content=\"UA-32230408-1\" \/>\n\t<meta name=\"msvalidate.01\" content=\"354F3CDFB2DA171B47FBE9ABF1F88D5\" \/>\n\t<meta name=\"keywords\" content=\"noticias carre\u00f1o\" \/>\n\t<link rel=\"canonical\" href=\"https:\/\/candas365.es\/noticias\/nuevo-acuerdo-entre-fasad-y-el-ayuntamiento-de-carreno\/\" \/>\n\t<meta name=\"generator\" content=\"All in One SEO Pro (AIOSEO) 4.9.6.2\" \/>\n\t\t<meta property=\"og:locale\" content=\"es_ES\" \/>\n\t\t<meta property=\"og:site_name\" content=\"Cand\u00e1s 365\" \/>\n\t\t<meta property=\"og:type\" content=\"article\" \/>\n\t\t<meta property=\"og:title\" content=\"Nuevo acuerdo entre Fasad y el Ayuntamiento de Carre\u00f1o | Cand\u00e1s 365\" \/>\n\t\t<meta property=\"og:description\" content=\"La consejera de Servicios y Derechos Sociales y presidenta de la Fundaci\u00f3n Asturiana de Atenci\u00f3n y Protecci\u00f3n a Personas con Discapacidades y\/o Dependencias (Fasad), Pilar Varela, y la alcaldesa de Carre\u00f1o, Amelia Fern\u00e1ndez, han rubricado la pr\u00f3rroga del convenio que, desde 2015, permite a los usuarios del centro que la entidad gestiona en Cand\u00e1s participar\" \/>\n\t\t<meta property=\"og:url\" content=\"https:\/\/candas365.es\/noticias\/nuevo-acuerdo-entre-fasad-y-el-ayuntamiento-de-carreno\/\" \/>\n\t\t<meta property=\"og:image\" content=\"https:\/\/candas365.es\/noticias\/wp-content\/uploads\/2014\/10\/Polivalente.jpg\" \/>\n\t\t<meta property=\"og:image:secure_url\" content=\"https:\/\/candas365.es\/noticias\/wp-content\/uploads\/2014\/10\/Polivalente.jpg\" \/>\n\t\t<meta property=\"og:image:width\" content=\"1024\" \/>\n\t\t<meta property=\"og:image:height\" content=\"768\" \/>\n\t\t<meta property=\"article:published_time\" content=\"2019-04-30T14:15:09+00:00\" \/>\n\t\t<meta property=\"article:modified_time\" content=\"2019-04-30T14:15:09+00:00\" \/>\n\t\t<meta property=\"article:publisher\" content=\"https:\/\/www.facebook.com\/Nachofdezber\" \/>\n\t\t<meta property=\"article:author\" content=\"https:\/\/www.facebook.com\/carrenoactualidad\" \/>\n\t\t<meta name=\"twitter:card\" content=\"summary_large_image\" \/>\n\t\t<meta name=\"twitter:site\" content=\"@NabercoDigital\" \/>\n\t\t<meta name=\"twitter:title\" content=\"Nuevo acuerdo entre Fasad y el Ayuntamiento de Carre\u00f1o | Cand\u00e1s 365\" \/>\n\t\t<meta name=\"twitter:description\" content=\"La consejera de Servicios y Derechos Sociales y presidenta de la Fundaci\u00f3n Asturiana de Atenci\u00f3n y Protecci\u00f3n a Personas con Discapacidades y\/o Dependencias (Fasad), Pilar Varela, y la alcaldesa de Carre\u00f1o, Amelia Fern\u00e1ndez, han rubricado la pr\u00f3rroga del convenio que, desde 2015, permite a los usuarios del centro que la entidad gestiona en Cand\u00e1s participar\" \/>\n\t\t<meta name=\"twitter:creator\" content=\"@nbasturias\" \/>\n\t\t<meta name=\"twitter:image\" content=\"https:\/\/candas365.es\/noticias\/wp-content\/uploads\/2014\/10\/Polivalente.jpg\" \/>\n\t\t<meta name=\"twitter:label1\" content=\"Escrito por\" \/>\n\t\t<meta name=\"twitter:data1\" content=\"Cand\u00e1s 365\" \/>\n\t\t<meta name=\"twitter:label2\" content=\"Tiempo de lectura estimado\" \/>\n\t\t<meta name=\"twitter:data2\" content=\"3 minutos\" \/>\n\t\t<script type=\"application\/ld+json\" class=\"aioseo-schema\">\n\t\t\t{\"@context\":\"https:\\\/\\\/schema.org\",\"@graph\":[{\"@type\":\"BreadcrumbList\",\"@id\":\"https:\\\/\\\/candas365.es\\\/noticias\\\/nuevo-acuerdo-entre-fasad-y-el-ayuntamiento-de-carreno\\\/#breadcrumblist\",\"itemListElement\":[{\"@type\":\"ListItem\",\"@id\":\"https:\\\/\\\/candas365.es\\\/noticias#listItem\",\"position\":1,\"name\":\"Home\",\"item\":\"https:\\\/\\\/candas365.es\\\/noticias\",\"nextItem\":{\"@type\":\"ListItem\",\"@id\":\"https:\\\/\\\/candas365.es\\\/noticias\\\/category\\\/noticias-carreno\\\/#listItem\",\"name\":\"Noticias Carre\\u00f1o\"}},{\"@type\":\"ListItem\",\"@id\":\"https:\\\/\\\/candas365.es\\\/noticias\\\/category\\\/noticias-carreno\\\/#listItem\",\"position\":2,\"name\":\"Noticias Carre\\u00f1o\",\"item\":\"https:\\\/\\\/candas365.es\\\/noticias\\\/category\\\/noticias-carreno\\\/\",\"nextItem\":{\"@type\":\"ListItem\",\"@id\":\"https:\\\/\\\/candas365.es\\\/noticias\\\/nuevo-acuerdo-entre-fasad-y-el-ayuntamiento-de-carreno\\\/#listItem\",\"name\":\"Nuevo acuerdo entre Fasad y el Ayuntamiento de Carre\\u00f1o\"},\"previousItem\":{\"@type\":\"ListItem\",\"@id\":\"https:\\\/\\\/candas365.es\\\/noticias#listItem\",\"name\":\"Home\"}},{\"@type\":\"ListItem\",\"@id\":\"https:\\\/\\\/candas365.es\\\/noticias\\\/nuevo-acuerdo-entre-fasad-y-el-ayuntamiento-de-carreno\\\/#listItem\",\"position\":3,\"name\":\"Nuevo acuerdo entre Fasad y el Ayuntamiento de Carre\\u00f1o\",\"previousItem\":{\"@type\":\"ListItem\",\"@id\":\"https:\\\/\\\/candas365.es\\\/noticias\\\/category\\\/noticias-carreno\\\/#listItem\",\"name\":\"Noticias Carre\\u00f1o\"}}]},{\"@type\":\"NewsArticle\",\"@id\":\"https:\\\/\\\/candas365.es\\\/noticias\\\/nuevo-acuerdo-entre-fasad-y-el-ayuntamiento-de-carreno\\\/#newsarticle\",\"name\":\"Nuevo acuerdo entre Fasad y el Ayuntamiento de Carre\\u00f1o | Cand\\u00e1s 365\",\"headline\":\"Nuevo acuerdo entre Fasad y el Ayuntamiento de Carre\\u00f1o\",\"author\":{\"@id\":\"https:\\\/\\\/candas365.es\\\/noticias\\\/author\\\/admin\\\/#author\"},\"publisher\":{\"@id\":\"https:\\\/\\\/candas365.es\\\/noticias\\\/#organization\"},\"image\":{\"@type\":\"ImageObject\",\"url\":\"https:\\\/\\\/candas365.es\\\/noticias\\\/wp-content\\\/uploads\\\/2014\\\/10\\\/Polivalente.jpg\",\"width\":1024,\"height\":768},\"datePublished\":\"2019-04-30T14:15:09+02:00\",\"dateModified\":\"2019-04-30T14:15:09+02:00\",\"inLanguage\":\"es-ES\",\"mainEntityOfPage\":{\"@id\":\"https:\\\/\\\/candas365.es\\\/noticias\\\/nuevo-acuerdo-entre-fasad-y-el-ayuntamiento-de-carreno\\\/#webpage\"},\"isPartOf\":{\"@id\":\"https:\\\/\\\/candas365.es\\\/noticias\\\/nuevo-acuerdo-entre-fasad-y-el-ayuntamiento-de-carreno\\\/#webpage\"},\"articleSection\":\"Noticias Carre\\u00f1o\",\"dateline\":\"Publicado el abril 30, 2019.\"},{\"@type\":\"Organization\",\"@id\":\"https:\\\/\\\/candas365.es\\\/noticias\\\/#organization\",\"name\":\"Cand\\u00e1s 365\",\"description\":\"Cand\\u00e1s 365 es un diario digital independiente, fundado en 2012, con base en Asturias. Informamos con rigor sobre actualidad, sociedad, cultura y ocio, con una mirada local y global.\",\"url\":\"https:\\\/\\\/candas365.es\\\/noticias\\\/\",\"email\":\"info@candas365.es\",\"telephone\":\"+34652131393\",\"foundingDate\":\"2012-06-10\",\"logo\":{\"@type\":\"ImageObject\",\"url\":\"https:\\\/\\\/candas365.es\\\/noticias\\\/wp-content\\\/uploads\\\/2024\\\/09\\\/Candas-365-Redes.jpg\",\"@id\":\"https:\\\/\\\/candas365.es\\\/noticias\\\/nuevo-acuerdo-entre-fasad-y-el-ayuntamiento-de-carreno\\\/#organizationLogo\",\"width\":1152,\"height\":864,\"caption\":\"Cand\\u00e1s 365 Redes\"},\"image\":{\"@id\":\"https:\\\/\\\/candas365.es\\\/noticias\\\/nuevo-acuerdo-entre-fasad-y-el-ayuntamiento-de-carreno\\\/#organizationLogo\"},\"sameAs\":[\"https:\\\/\\\/www.facebook.com\\\/Nachofdezber\",\"https:\\\/\\\/x.com\\\/NabercoDigital\",\"https:\\\/\\\/www.instagram.com\\\/nachofdezber\\\/\",\"https:\\\/\\\/www.youtube.com\\\/channel\\\/UCZP-2wLEB9Rv6erhFmqVnvg\"],\"address\":{\"@id\":\"https:\\\/\\\/candas365.es\\\/noticias\\\/#postaladdress\",\"@type\":\"PostalAddress\",\"streetAddress\":\"san antonio 4, san antonio 4\",\"postalCode\":\"33430\",\"addressLocality\":\"Cand\\u00e1s\",\"addressRegion\":\"Asturias\",\"addressCountry\":\"ES\"}},{\"@type\":\"Person\",\"@id\":\"https:\\\/\\\/candas365.es\\\/noticias\\\/author\\\/admin\\\/#author\",\"url\":\"https:\\\/\\\/candas365.es\\\/noticias\\\/author\\\/admin\\\/\",\"name\":\"Cand\\u00e1s 365\",\"image\":{\"@type\":\"ImageObject\",\"@id\":\"https:\\\/\\\/candas365.es\\\/noticias\\\/nuevo-acuerdo-entre-fasad-y-el-ayuntamiento-de-carreno\\\/#authorImage\",\"url\":\"https:\\\/\\\/secure.gravatar.com\\\/avatar\\\/496a8e03d0c493ede1718b7934145dbdf8d89be1036b0eec9544e1094c9de390?s=96&d=mm&r=g\",\"width\":96,\"height\":96,\"caption\":\"Cand\\u00e1s 365\"},\"sameAs\":[\"https:\\\/\\\/www.facebook.com\\\/carrenoactualidad\",\"https:\\\/\\\/twitter.com\\\/nbasturias\",\"https:\\\/\\\/www.instagram.com\\\/nachofdezber\\\/\",\"https:\\\/\\\/www.youtube.com\\\/channel\\\/UCZP-2wLEB9Rv6erhFmqVnvg\"]},{\"@type\":\"WebPage\",\"@id\":\"https:\\\/\\\/candas365.es\\\/noticias\\\/nuevo-acuerdo-entre-fasad-y-el-ayuntamiento-de-carreno\\\/#webpage\",\"url\":\"https:\\\/\\\/candas365.es\\\/noticias\\\/nuevo-acuerdo-entre-fasad-y-el-ayuntamiento-de-carreno\\\/\",\"name\":\"Nuevo acuerdo entre Fasad y el Ayuntamiento de Carre\\u00f1o | Cand\\u00e1s 365\",\"description\":\"La consejera de Servicios y Derechos Sociales y presidenta de la Fundaci\\u00f3n Asturiana de Atenci\\u00f3n y Protecci\\u00f3n a Personas con Discapacidades y\\\/o Dependencias (Fasad), Pilar Varela, y la alcaldesa de Carre\\u00f1o, Amelia Fern\\u00e1ndez, han rubricado la pr\\u00f3rroga del convenio que, desde 2015, permite a los usuarios del centro que la entidad gestiona en Cand\\u00e1s participar\",\"inLanguage\":\"es-ES\",\"isPartOf\":{\"@id\":\"https:\\\/\\\/candas365.es\\\/noticias\\\/#website\"},\"breadcrumb\":{\"@id\":\"https:\\\/\\\/candas365.es\\\/noticias\\\/nuevo-acuerdo-entre-fasad-y-el-ayuntamiento-de-carreno\\\/#breadcrumblist\"},\"author\":{\"@id\":\"https:\\\/\\\/candas365.es\\\/noticias\\\/author\\\/admin\\\/#author\"},\"creator\":{\"@id\":\"https:\\\/\\\/candas365.es\\\/noticias\\\/author\\\/admin\\\/#author\"},\"image\":{\"@type\":\"ImageObject\",\"url\":\"https:\\\/\\\/candas365.es\\\/noticias\\\/wp-content\\\/uploads\\\/2014\\\/10\\\/Polivalente.jpg\",\"@id\":\"https:\\\/\\\/candas365.es\\\/noticias\\\/nuevo-acuerdo-entre-fasad-y-el-ayuntamiento-de-carreno\\\/#mainImage\",\"width\":1024,\"height\":768},\"primaryImageOfPage\":{\"@id\":\"https:\\\/\\\/candas365.es\\\/noticias\\\/nuevo-acuerdo-entre-fasad-y-el-ayuntamiento-de-carreno\\\/#mainImage\"},\"datePublished\":\"2019-04-30T14:15:09+02:00\",\"dateModified\":\"2019-04-30T14:15:09+02:00\"},{\"@type\":\"WebSite\",\"@id\":\"https:\\\/\\\/candas365.es\\\/noticias\\\/#website\",\"url\":\"https:\\\/\\\/candas365.es\\\/noticias\\\/\",\"name\":\"Cand\\u00e1s 365\",\"alternateName\":\"Cand\\u00e1s 365 Noticias\",\"description\":\"Actualidad desde Carre\\u00f1o para el mundo\",\"inLanguage\":\"es-ES\",\"publisher\":{\"@id\":\"https:\\\/\\\/candas365.es\\\/noticias\\\/#organization\"}}]}\n\t\t<\/script>\n\t\t<!-- All in One SEO Pro -->\r\n\t\t<title>Nuevo acuerdo entre Fasad y el Ayuntamiento de Carre\u00f1o | Cand\u00e1s 365<\/title>\n\n","aioseo_head_json":{"title":"Nuevo acuerdo entre Fasad y el Ayuntamiento de Carre\u00f1o | Cand\u00e1s 365","description":"La consejera de Servicios y Derechos Sociales y presidenta de la Fundaci\u00f3n Asturiana de Atenci\u00f3n y Protecci\u00f3n a Personas con Discapacidades y\/o Dependencias (Fasad), Pilar Varela, y la alcaldesa de Carre\u00f1o, Amelia Fern\u00e1ndez, han rubricado la pr\u00f3rroga del convenio que, desde 2015, permite a los usuarios del centro que la entidad gestiona en Cand\u00e1s participar","canonical_url":"https:\/\/candas365.es\/noticias\/nuevo-acuerdo-entre-fasad-y-el-ayuntamiento-de-carreno\/","robots":"max-image-preview:large","keywords":"noticias carre\u00f1o","webmasterTools":{"google-site-verification":"UA-32230408-1","msvalidate.01":"354F3CDFB2DA171B47FBE9ABF1F88D5","miscellaneous":""},"schema":{"@context":"https:\/\/schema.org","@graph":[{"@type":"BreadcrumbList","@id":"https:\/\/candas365.es\/noticias\/nuevo-acuerdo-entre-fasad-y-el-ayuntamiento-de-carreno\/#breadcrumblist","itemListElement":[{"@type":"ListItem","@id":"https:\/\/candas365.es\/noticias#listItem","position":1,"name":"Home","item":"https:\/\/candas365.es\/noticias","nextItem":{"@type":"ListItem","@id":"https:\/\/candas365.es\/noticias\/category\/noticias-carreno\/#listItem","name":"Noticias Carre\u00f1o"}},{"@type":"ListItem","@id":"https:\/\/candas365.es\/noticias\/category\/noticias-carreno\/#listItem","position":2,"name":"Noticias Carre\u00f1o","item":"https:\/\/candas365.es\/noticias\/category\/noticias-carreno\/","nextItem":{"@type":"ListItem","@id":"https:\/\/candas365.es\/noticias\/nuevo-acuerdo-entre-fasad-y-el-ayuntamiento-de-carreno\/#listItem","name":"Nuevo acuerdo entre Fasad y el Ayuntamiento de Carre\u00f1o"},"previousItem":{"@type":"ListItem","@id":"https:\/\/candas365.es\/noticias#listItem","name":"Home"}},{"@type":"ListItem","@id":"https:\/\/candas365.es\/noticias\/nuevo-acuerdo-entre-fasad-y-el-ayuntamiento-de-carreno\/#listItem","position":3,"name":"Nuevo acuerdo entre Fasad y el Ayuntamiento de Carre\u00f1o","previousItem":{"@type":"ListItem","@id":"https:\/\/candas365.es\/noticias\/category\/noticias-carreno\/#listItem","name":"Noticias Carre\u00f1o"}}]},{"@type":"NewsArticle","@id":"https:\/\/candas365.es\/noticias\/nuevo-acuerdo-entre-fasad-y-el-ayuntamiento-de-carreno\/#newsarticle","name":"Nuevo acuerdo entre Fasad y el Ayuntamiento de Carre\u00f1o | Cand\u00e1s 365","headline":"Nuevo acuerdo entre Fasad y el Ayuntamiento de Carre\u00f1o","author":{"@id":"https:\/\/candas365.es\/noticias\/author\/admin\/#author"},"publisher":{"@id":"https:\/\/candas365.es\/noticias\/#organization"},"image":{"@type":"ImageObject","url":"https:\/\/candas365.es\/noticias\/wp-content\/uploads\/2014\/10\/Polivalente.jpg","width":1024,"height":768},"datePublished":"2019-04-30T14:15:09+02:00","dateModified":"2019-04-30T14:15:09+02:00","inLanguage":"es-ES","mainEntityOfPage":{"@id":"https:\/\/candas365.es\/noticias\/nuevo-acuerdo-entre-fasad-y-el-ayuntamiento-de-carreno\/#webpage"},"isPartOf":{"@id":"https:\/\/candas365.es\/noticias\/nuevo-acuerdo-entre-fasad-y-el-ayuntamiento-de-carreno\/#webpage"},"articleSection":"Noticias Carre\u00f1o","dateline":"Publicado el abril 30, 2019."},{"@type":"Organization","@id":"https:\/\/candas365.es\/noticias\/#organization","name":"Cand\u00e1s 365","description":"Cand\u00e1s 365 es un diario digital independiente, fundado en 2012, con base en Asturias. Informamos con rigor sobre actualidad, sociedad, cultura y ocio, con una mirada local y global.","url":"https:\/\/candas365.es\/noticias\/","email":"info@candas365.es","telephone":"+34652131393","foundingDate":"2012-06-10","logo":{"@type":"ImageObject","url":"https:\/\/candas365.es\/noticias\/wp-content\/uploads\/2024\/09\/Candas-365-Redes.jpg","@id":"https:\/\/candas365.es\/noticias\/nuevo-acuerdo-entre-fasad-y-el-ayuntamiento-de-carreno\/#organizationLogo","width":1152,"height":864,"caption":"Cand\u00e1s 365 Redes"},"image":{"@id":"https:\/\/candas365.es\/noticias\/nuevo-acuerdo-entre-fasad-y-el-ayuntamiento-de-carreno\/#organizationLogo"},"sameAs":["https:\/\/www.facebook.com\/Nachofdezber","https:\/\/x.com\/NabercoDigital","https:\/\/www.instagram.com\/nachofdezber\/","https:\/\/www.youtube.com\/channel\/UCZP-2wLEB9Rv6erhFmqVnvg"],"address":{"@id":"https:\/\/candas365.es\/noticias\/#postaladdress","@type":"PostalAddress","streetAddress":"san antonio 4, san antonio 4","postalCode":"33430","addressLocality":"Cand\u00e1s","addressRegion":"Asturias","addressCountry":"ES"}},{"@type":"Person","@id":"https:\/\/candas365.es\/noticias\/author\/admin\/#author","url":"https:\/\/candas365.es\/noticias\/author\/admin\/","name":"Cand\u00e1s 365","image":{"@type":"ImageObject","@id":"https:\/\/candas365.es\/noticias\/nuevo-acuerdo-entre-fasad-y-el-ayuntamiento-de-carreno\/#authorImage","url":"https:\/\/secure.gravatar.com\/avatar\/496a8e03d0c493ede1718b7934145dbdf8d89be1036b0eec9544e1094c9de390?s=96&d=mm&r=g","width":96,"height":96,"caption":"Cand\u00e1s 365"},"sameAs":["https:\/\/www.facebook.com\/carrenoactualidad","https:\/\/twitter.com\/nbasturias","https:\/\/www.instagram.com\/nachofdezber\/","https:\/\/www.youtube.com\/channel\/UCZP-2wLEB9Rv6erhFmqVnvg"]},{"@type":"WebPage","@id":"https:\/\/candas365.es\/noticias\/nuevo-acuerdo-entre-fasad-y-el-ayuntamiento-de-carreno\/#webpage","url":"https:\/\/candas365.es\/noticias\/nuevo-acuerdo-entre-fasad-y-el-ayuntamiento-de-carreno\/","name":"Nuevo acuerdo entre Fasad y el Ayuntamiento de Carre\u00f1o | Cand\u00e1s 365","description":"La consejera de Servicios y Derechos Sociales y presidenta de la Fundaci\u00f3n Asturiana de Atenci\u00f3n y Protecci\u00f3n a Personas con Discapacidades y\/o Dependencias (Fasad), Pilar Varela, y la alcaldesa de Carre\u00f1o, Amelia Fern\u00e1ndez, han rubricado la pr\u00f3rroga del convenio que, desde 2015, permite a los usuarios del centro que la entidad gestiona en Cand\u00e1s participar","inLanguage":"es-ES","isPartOf":{"@id":"https:\/\/candas365.es\/noticias\/#website"},"breadcrumb":{"@id":"https:\/\/candas365.es\/noticias\/nuevo-acuerdo-entre-fasad-y-el-ayuntamiento-de-carreno\/#breadcrumblist"},"author":{"@id":"https:\/\/candas365.es\/noticias\/author\/admin\/#author"},"creator":{"@id":"https:\/\/candas365.es\/noticias\/author\/admin\/#author"},"image":{"@type":"ImageObject","url":"https:\/\/candas365.es\/noticias\/wp-content\/uploads\/2014\/10\/Polivalente.jpg","@id":"https:\/\/candas365.es\/noticias\/nuevo-acuerdo-entre-fasad-y-el-ayuntamiento-de-carreno\/#mainImage","width":1024,"height":768},"primaryImageOfPage":{"@id":"https:\/\/candas365.es\/noticias\/nuevo-acuerdo-entre-fasad-y-el-ayuntamiento-de-carreno\/#mainImage"},"datePublished":"2019-04-30T14:15:09+02:00","dateModified":"2019-04-30T14:15:09+02:00"},{"@type":"WebSite","@id":"https:\/\/candas365.es\/noticias\/#website","url":"https:\/\/candas365.es\/noticias\/","name":"Cand\u00e1s 365","alternateName":"Cand\u00e1s 365 Noticias","description":"Actualidad desde Carre\u00f1o para el mundo","inLanguage":"es-ES","publisher":{"@id":"https:\/\/candas365.es\/noticias\/#organization"}}]},"og:locale":"es_ES","og:site_name":"Cand\u00e1s 365","og:type":"article","og:title":"Nuevo acuerdo entre Fasad y el Ayuntamiento de Carre\u00f1o | Cand\u00e1s 365","og:description":"La consejera de Servicios y Derechos Sociales y presidenta de la Fundaci\u00f3n Asturiana de Atenci\u00f3n y Protecci\u00f3n a Personas con Discapacidades y\/o Dependencias (Fasad), Pilar Varela, y la alcaldesa de Carre\u00f1o, Amelia Fern\u00e1ndez, han rubricado la pr\u00f3rroga del convenio que, desde 2015, permite a los usuarios del centro que la entidad gestiona en Cand\u00e1s participar","og:url":"https:\/\/candas365.es\/noticias\/nuevo-acuerdo-entre-fasad-y-el-ayuntamiento-de-carreno\/","og:image":"https:\/\/candas365.es\/noticias\/wp-content\/uploads\/2014\/10\/Polivalente.jpg","og:image:secure_url":"https:\/\/candas365.es\/noticias\/wp-content\/uploads\/2014\/10\/Polivalente.jpg","og:image:width":1024,"og:image:height":768,"article:published_time":"2019-04-30T14:15:09+00:00","article:modified_time":"2019-04-30T14:15:09+00:00","article:publisher":"https:\/\/www.facebook.com\/Nachofdezber","article:author":"https:\/\/www.facebook.com\/carrenoactualidad","twitter:card":"summary_large_image","twitter:site":"@NabercoDigital","twitter:title":"Nuevo acuerdo entre Fasad y el Ayuntamiento de Carre\u00f1o | Cand\u00e1s 365","twitter:description":"La consejera de Servicios y Derechos Sociales y presidenta de la Fundaci\u00f3n Asturiana de Atenci\u00f3n y Protecci\u00f3n a Personas con Discapacidades y\/o Dependencias (Fasad), Pilar Varela, y la alcaldesa de Carre\u00f1o, Amelia Fern\u00e1ndez, han rubricado la pr\u00f3rroga del convenio que, desde 2015, permite a los usuarios del centro que la entidad gestiona en Cand\u00e1s participar","twitter:creator":"@nbasturias","twitter:image":"https:\/\/candas365.es\/noticias\/wp-content\/uploads\/2014\/10\/Polivalente.jpg","twitter:label1":"Escrito por","twitter:data1":"Cand\u00e1s 365","twitter:label2":"Tiempo de lectura estimado","twitter:data2":"3 minutos"},"aioseo_meta_data":{"post_id":"121695","title":null,"description":null,"keywords":null,"keyphrases":null,"primary_term":null,"canonical_url":null,"og_title":null,"og_description":null,"og_object_type":"default","og_image_type":"default","og_image_url":null,"og_image_width":null,"og_image_height":null,"og_image_custom_url":null,"og_image_custom_fields":null,"og_video":null,"og_custom_url":null,"og_article_section":null,"og_article_tags":null,"twitter_use_og":false,"twitter_card":"default","twitter_image_type":"default","twitter_image_url":null,"twitter_image_custom_url":null,"twitter_image_custom_fields":null,"twitter_title":null,"twitter_description":null,"schema":{"blockGraphs":[],"customGraphs":[],"default":{"data":{"Article":[],"Course":[],"Dataset":[],"FAQPage":[],"Movie":[],"Person":[],"Product":[],"ProductReview":[],"Car":[],"Recipe":[],"Service":[],"SoftwareApplication":[],"WebPage":[]},"graphName":"","isEnabled":true},"graphs":[],"defaultGraph":"","defaultPostTypeGraph":""},"schema_type":null,"schema_type_options":null,"pillar_content":false,"robots_default":true,"robots_noindex":false,"robots_noarchive":false,"robots_nosnippet":false,"robots_nofollow":false,"robots_noimageindex":false,"robots_noodp":false,"robots_notranslate":false,"robots_max_snippet":null,"robots_max_videopreview":null,"robots_max_imagepreview":"large","priority":null,"frequency":null,"location":null,"local_seo":null,"seo_analyzer_scan_date":"2025-08-29 20:44:33","breadcrumb_settings":null,"limit_modified_date":false,"reviewed_by":null,"open_ai":null,"ai":null,"created":"2020-12-21 10:58:06","updated":"2025-08-29 20:44:33"},"aioseo_breadcrumb":"<div class=\"aioseo-breadcrumbs\"><span class=\"aioseo-breadcrumb\">\n\t<a href=\"https:\/\/candas365.es\/noticias\" title=\"Home\">Home<\/a>\n<\/span><span class=\"aioseo-breadcrumb-separator\">&ndash;<\/span><span class=\"aioseo-breadcrumb\">\n\t<a href=\"https:\/\/candas365.es\/noticias\/category\/noticias-carreno\/\" title=\"Noticias Carre\u00f1o\">Noticias Carre\u00f1o<\/a>\n<\/span><span class=\"aioseo-breadcrumb-separator\">&ndash;<\/span><span class=\"aioseo-breadcrumb\">\n\tNuevo acuerdo entre Fasad y el Ayuntamiento de Carre\u00f1o\n<\/span><\/div>","aioseo_breadcrumb_json":[{"label":"Home","link":"https:\/\/candas365.es\/noticias"},{"label":"Noticias Carre\u00f1o","link":"https:\/\/candas365.es\/noticias\/category\/noticias-carreno\/"},{"label":"Nuevo acuerdo entre Fasad y el Ayuntamiento de Carre\u00f1o","link":"https:\/\/candas365.es\/noticias\/nuevo-acuerdo-entre-fasad-y-el-ayuntamiento-de-carreno\/"}],"_links":{"self":[{"href":"https:\/\/candas365.es\/noticias\/wp-json\/wp\/v2\/posts\/121695","targetHints":{"allow":["GET"]}}],"collection":[{"href":"https:\/\/candas365.es\/noticias\/wp-json\/wp\/v2\/posts"}],"about":[{"href":"https:\/\/candas365.es\/noticias\/wp-json\/wp\/v2\/types\/post"}],"author":[{"embeddable":true,"href":"https:\/\/candas365.es\/noticias\/wp-json\/wp\/v2\/users\/1"}],"replies":[{"embeddable":true,"href":"https:\/\/candas365.es\/noticias\/wp-json\/wp\/v2\/comments?post=121695"}],"version-history":[{"count":0,"href":"https:\/\/candas365.es\/noticias\/wp-json\/wp\/v2\/posts\/121695\/revisions"}],"wp:featuredmedia":[{"embeddable":true,"href":"https:\/\/candas365.es\/noticias\/wp-json\/wp\/v2\/media\/2364"}],"wp:attachment":[{"href":"https:\/\/candas365.es\/noticias\/wp-json\/wp\/v2\/media?parent=121695"}],"wp:term":[{"taxonomy":"category","embeddable":true,"href":"https:\/\/candas365.es\/noticias\/wp-json\/wp\/v2\/categories?post=121695"},{"taxonomy":"post_tag","embeddable":true,"href":"https:\/\/candas365.es\/noticias\/wp-json\/wp\/v2\/tags?post=121695"}],"curies":[{"name":"wp","href":"https:\/\/api.w.org\/{rel}","templated":true}]}}