{"id":121596,"date":"2019-04-29T02:02:38","date_gmt":"2019-04-29T02:02:38","guid":{"rendered":"http:\/\/candas365.es\/noticias\/?p=121596"},"modified":"2019-04-29T02:02:38","modified_gmt":"2019-04-29T02:02:38","slug":"el-dortmund-da-por-perdida-la-bundesliga","status":"publish","type":"post","link":"https:\/\/candas365.es\/noticias\/el-dortmund-da-por-perdida-la-bundesliga\/","title":{"rendered":"El Dortmund da por perdida la Bundesliga"},"content":{"rendered":"<figure id=\"attachment_121597\" aria-describedby=\"caption-attachment-121597\" style=\"width: 360px\" class=\"wp-caption alignleft\"><img fetchpriority=\"high\" decoding=\"async\" class=\"size-medium wp-image-121597\" src=\"https:\/\/candas365.es\/noticias\/wp-content\/uploads\/2019\/04\/Bundesliga-BD-360x239.jpg\" alt=\"\" width=\"360\" height=\"239\" srcset=\"https:\/\/candas365.es\/noticias\/wp-content\/uploads\/2019\/04\/Bundesliga-BD-360x239.jpg 360w, https:\/\/candas365.es\/noticias\/wp-content\/uploads\/2019\/04\/Bundesliga-BD-768x511.jpg 768w, https:\/\/candas365.es\/noticias\/wp-content\/uploads\/2019\/04\/Bundesliga-BD-655x436.jpg 655w, https:\/\/candas365.es\/noticias\/wp-content\/uploads\/2019\/04\/Bundesliga-BD-696x463.jpg 696w, https:\/\/candas365.es\/noticias\/wp-content\/uploads\/2019\/04\/Bundesliga-BD-632x420.jpg 632w, https:\/\/candas365.es\/noticias\/wp-content\/uploads\/2019\/04\/Bundesliga-BD.jpg 1012w\" sizes=\"(max-width: 360px) 100vw, 360px\" \/><figcaption id=\"caption-attachment-121597\" class=\"wp-caption-text\">Foto: Bernd Thissen\/dpa<\/figcaption><\/figure>\n<p>Dortmund (Alemania), 28 abr (dpa) &#8211; Tras la humillante derrota por 4-2 a manos del archirrival y vecino Schalke, el t\u00e9cnico del Borussia Dortmund, Lucien Favre, dej\u00f3 de lado su caracter\u00edstica cautela y habl\u00f3 claro: \u00abEl t\u00edtulo est\u00e1 perdido\u00bb, dijo y coron\u00f3 de forma anticipada al puntero Bayern M\u00fanich campe\u00f3n del f\u00fatbol germano.<\/p>\n<p>A falta de tres fechas del final del campeonato, el Dortmund sigue segundo, a un punto del Bayern, pero los b\u00e1varos pueden aumentar hoy a cuatro la diferencia en su visita al N\u00faremberg y dar otro paso hacia el s\u00e9ptimo t\u00edtulo de Liga consecutivo.<\/p>\n<p>El memorable partido con cuatro goles del Schalke, un penal pol\u00e9mico y dos tarjetas rojas fue uno de los peores en la carrera del entrenador suizo: \u00abNunca hab\u00eda experimentado esto antes. Sobre todo, de la forma en que ocurri\u00f3. Es muy dif\u00edcil de digerir\u00bb.<\/p>\n<p>El inesperado rev\u00e9s contra el Schalke, que est\u00e1 no lejos de la zona de descenso, result\u00f3 un duro golpe no solamente para el t\u00e9cnico. El hecho de que la derrota en este derbi tan importante haya significado el fin de las aspiraciones al t\u00edtulo es algo que no olvidar\u00e1n tan r\u00e1pido en Dortmund.<\/p>\n<p>\u00abLas derrotas de derbi son siempre muy amargas, hoy un poco m\u00e1s. Eso duele mucho, mucho\u00bb, dijo el dirigente Sebastian Kehl.<\/p>\n<p>Los goles de Daniel Caligiuri (18&#8242;, penal por mano, y 62&#8242;), Salif San\u00e9 (28&#8242;.) y Breel Embolo (86&#8242;) y las expulsiones de Marco Reus (60&#8242;) y Marius Wolf (65&#8242;) echaron por tierra las ilusiones del Dortmund.<\/p>\n<p>Cuando el partido iba 2-1, el internacional germano y el lateral perdieron los nervios. Sus faltas en el lapso de cinco minutos sellaron la primera derrota local del Dortmund en esta campa\u00f1a.<\/p>\n<p>Por primera vez en la historia de la Bundesliga, dos jugadores del Dortmund vieron la tarjeta roja. \u00abCon once hubi\u00e9ramos ganado el partido. O por lo menos hubi\u00e9semos empatado\u00bb, coment\u00f3 el portero Roman B\u00fcrki.<\/p>\n<p>Adem\u00e1s, Reus y Wolf faltar\u00e1n por lo menos en el complicado duelo del s\u00e1bado pr\u00f3ximo en campo del Werder Bremen y por otro partido m\u00e1s. El capit\u00e1n Reus se mostr\u00f3 arrepentido: \u00abNo hace falta discutir, fue una tarjeta roja\u00bb.<\/p>\n<p>Favre casi no habl\u00f3 de las expulsiones, pero s\u00ed se mostr\u00f3 indignado sobre el penal por juego de mano. \u00abEs el mayor esc\u00e1ndalo del f\u00fatbol en a\u00f1os, es una verg\u00fcenza. El f\u00fatbol se pone en rid\u00edculo\u00bb, sostuvo sobre la decisi\u00f3n del \u00e1rbitro Felix Zwayer de cobrar penal por una mano involuntaria de Julian Weigl con ayuda del videoasistente.<\/p>\n<p>El Dortmund ven\u00eda ganando entonces por 1-0 con gol de Mario G\u00f6tze en el minuto 14 y el empate por penal gener\u00f3 caos en las filas de los anfitriones.<\/p>\n<p>\u00abLa gente que invent\u00f3 esta regla ya no puede mirarse en el espejo. No tienen ni idea de lo que es el f\u00fatbol. Basta con que te disparen al brazo y te castiguen. Necesitas los brazos para mantener el equilibrio\u00bb, se lament\u00f3 el entrenador.<\/p>\n<p>Zwayer se defendi\u00f3: \u00abLas grabaciones demostraron claramente que, seg\u00fan la interpretaci\u00f3n internacional y nacional actual, se trataba de un juego de mano punible\u00bb.<\/p>\n<p>Sin embargo, el refer\u00ed no quiso emitir juicios sobre la regla: \u00abEsa no es una pregunta que se me deber\u00eda hacer a m\u00ed. Si los expertos en f\u00fatbol no est\u00e1n de acuerdo con esta regla, es su derecho. Pero los \u00e1rbitros somos los \u00faltimos en la cola. Aplicamos las reglas\u00bb.<\/p>\n<p>El Schalke, por su parte, festej\u00f3 el inesperado resultado como si hubiese ganado el campeonato. Los jugadores posaron para una foto frente a la jubilosa hinchada y el presidente de la junta directiva del club, Clemens T\u00f6nnies, bes\u00f3 en la frente al t\u00e9cnico Huub Stevens.<\/p>\n<p>El entrenador holand\u00e9s se mostr\u00f3 m\u00e1s que satisfecho pese a que el plantel sigue a seis puntos del puesto de promoci\u00f3n. \u00abSe puede estar satisfecho en Schalke cuando se gana por 4-2 en Dortmund\u00bb.<\/p>\n<p><strong><em>Por Heinz B\u00fcse y Holger Schmidt (dpa)<\/em><\/strong><\/p>\n","protected":false},"excerpt":{"rendered":"<p>Dortmund (Alemania), 28 abr (dpa) &#8211; Tras la humillante derrota por 4-2 a manos del archirrival y vecino Schalke, el t\u00e9cnico del Borussia Dortmund, Lucien Favre, dej\u00f3 de lado su caracter\u00edstica cautela y habl\u00f3 claro: \u00abEl t\u00edtulo est\u00e1 perdido\u00bb, dijo y coron\u00f3 de forma anticipada al puntero Bayern M\u00fanich campe\u00f3n del f\u00fatbol germano. A falta<\/p>\n","protected":false},"author":1,"featured_media":121597,"comment_status":"closed","ping_status":"closed","sticky":false,"template":"","format":"standard","meta":{"footnotes":""},"categories":[319],"tags":[],"class_list":{"0":"post-121596","1":"post","2":"type-post","3":"status-publish","4":"format-standard","5":"has-post-thumbnail","7":"category-deporte"},"aioseo_notices":[],"aioseo_head":"\n\t\t<!-- All in One SEO Pro 4.9.6.2 - aioseo.com -->\n\t<meta name=\"description\" content=\"Dortmund (Alemania), 28 abr (dpa) - Tras la humillante derrota por 4-2 a manos del archirrival y vecino Schalke, el t\u00e9cnico del Borussia Dortmund, Lucien Favre, dej\u00f3 de lado su caracter\u00edstica cautela y habl\u00f3 claro: &quot;El t\u00edtulo est\u00e1 perdido&quot;, dijo y coron\u00f3 de forma anticipada al puntero Bayern M\u00fanich campe\u00f3n del f\u00fatbol germano. A falta\" \/>\n\t<meta name=\"robots\" content=\"max-image-preview:large\" \/>\n\t<meta name=\"author\" content=\"Cand\u00e1s 365\"\/>\n\t<meta name=\"google-site-verification\" content=\"UA-32230408-1\" \/>\n\t<meta name=\"msvalidate.01\" content=\"354F3CDFB2DA171B47FBE9ABF1F88D5\" \/>\n\t<meta name=\"keywords\" content=\"deporte\" \/>\n\t<link rel=\"canonical\" href=\"https:\/\/candas365.es\/noticias\/el-dortmund-da-por-perdida-la-bundesliga\/\" \/>\n\t<meta name=\"generator\" content=\"All in One SEO Pro (AIOSEO) 4.9.6.2\" \/>\n\t\t<meta property=\"og:locale\" content=\"es_ES\" \/>\n\t\t<meta property=\"og:site_name\" content=\"Cand\u00e1s 365\" \/>\n\t\t<meta property=\"og:type\" content=\"article\" \/>\n\t\t<meta property=\"og:title\" content=\"El Dortmund da por perdida la Bundesliga | Cand\u00e1s 365\" \/>\n\t\t<meta property=\"og:description\" content=\"Dortmund (Alemania), 28 abr (dpa) - Tras la humillante derrota por 4-2 a manos del archirrival y vecino Schalke, el t\u00e9cnico del Borussia Dortmund, Lucien Favre, dej\u00f3 de lado su caracter\u00edstica cautela y habl\u00f3 claro: &quot;El t\u00edtulo est\u00e1 perdido&quot;, dijo y coron\u00f3 de forma anticipada al puntero Bayern M\u00fanich campe\u00f3n del f\u00fatbol germano. A falta\" \/>\n\t\t<meta property=\"og:url\" content=\"https:\/\/candas365.es\/noticias\/el-dortmund-da-por-perdida-la-bundesliga\/\" \/>\n\t\t<meta property=\"og:image\" content=\"https:\/\/candas365.es\/noticias\/wp-content\/uploads\/2019\/04\/Bundesliga-BD.jpg\" \/>\n\t\t<meta property=\"og:image:secure_url\" content=\"https:\/\/candas365.es\/noticias\/wp-content\/uploads\/2019\/04\/Bundesliga-BD.jpg\" \/>\n\t\t<meta property=\"og:image:width\" content=\"1012\" \/>\n\t\t<meta property=\"og:image:height\" content=\"673\" \/>\n\t\t<meta property=\"article:published_time\" content=\"2019-04-29T02:02:38+00:00\" \/>\n\t\t<meta property=\"article:modified_time\" content=\"2019-04-29T02:02:38+00:00\" \/>\n\t\t<meta property=\"article:publisher\" content=\"https:\/\/www.facebook.com\/Nachofdezber\" \/>\n\t\t<meta property=\"article:author\" content=\"https:\/\/www.facebook.com\/carrenoactualidad\" \/>\n\t\t<meta name=\"twitter:card\" content=\"summary_large_image\" \/>\n\t\t<meta name=\"twitter:site\" content=\"@NabercoDigital\" \/>\n\t\t<meta name=\"twitter:title\" content=\"El Dortmund da por perdida la Bundesliga | Cand\u00e1s 365\" \/>\n\t\t<meta name=\"twitter:description\" content=\"Dortmund (Alemania), 28 abr (dpa) - Tras la humillante derrota por 4-2 a manos del archirrival y vecino Schalke, el t\u00e9cnico del Borussia Dortmund, Lucien Favre, dej\u00f3 de lado su caracter\u00edstica cautela y habl\u00f3 claro: &quot;El t\u00edtulo est\u00e1 perdido&quot;, dijo y coron\u00f3 de forma anticipada al puntero Bayern M\u00fanich campe\u00f3n del f\u00fatbol germano. A falta\" \/>\n\t\t<meta name=\"twitter:creator\" content=\"@nbasturias\" \/>\n\t\t<meta name=\"twitter:image\" content=\"https:\/\/candas365.es\/noticias\/wp-content\/uploads\/2019\/04\/Bundesliga-BD.jpg\" \/>\n\t\t<meta name=\"twitter:label1\" content=\"Escrito por\" \/>\n\t\t<meta name=\"twitter:data1\" content=\"Cand\u00e1s 365\" \/>\n\t\t<meta name=\"twitter:label2\" content=\"Tiempo de lectura estimado\" \/>\n\t\t<meta name=\"twitter:data2\" content=\"4 minutos\" \/>\n\t\t<script type=\"application\/ld+json\" class=\"aioseo-schema\">\n\t\t\t{\"@context\":\"https:\\\/\\\/schema.org\",\"@graph\":[{\"@type\":\"BreadcrumbList\",\"@id\":\"https:\\\/\\\/candas365.es\\\/noticias\\\/el-dortmund-da-por-perdida-la-bundesliga\\\/#breadcrumblist\",\"itemListElement\":[{\"@type\":\"ListItem\",\"@id\":\"https:\\\/\\\/candas365.es\\\/noticias#listItem\",\"position\":1,\"name\":\"Home\",\"item\":\"https:\\\/\\\/candas365.es\\\/noticias\",\"nextItem\":{\"@type\":\"ListItem\",\"@id\":\"https:\\\/\\\/candas365.es\\\/noticias\\\/category\\\/deporte\\\/#listItem\",\"name\":\"Deporte\"}},{\"@type\":\"ListItem\",\"@id\":\"https:\\\/\\\/candas365.es\\\/noticias\\\/category\\\/deporte\\\/#listItem\",\"position\":2,\"name\":\"Deporte\",\"item\":\"https:\\\/\\\/candas365.es\\\/noticias\\\/category\\\/deporte\\\/\",\"nextItem\":{\"@type\":\"ListItem\",\"@id\":\"https:\\\/\\\/candas365.es\\\/noticias\\\/el-dortmund-da-por-perdida-la-bundesliga\\\/#listItem\",\"name\":\"El Dortmund da por perdida la Bundesliga\"},\"previousItem\":{\"@type\":\"ListItem\",\"@id\":\"https:\\\/\\\/candas365.es\\\/noticias#listItem\",\"name\":\"Home\"}},{\"@type\":\"ListItem\",\"@id\":\"https:\\\/\\\/candas365.es\\\/noticias\\\/el-dortmund-da-por-perdida-la-bundesliga\\\/#listItem\",\"position\":3,\"name\":\"El Dortmund da por perdida la Bundesliga\",\"previousItem\":{\"@type\":\"ListItem\",\"@id\":\"https:\\\/\\\/candas365.es\\\/noticias\\\/category\\\/deporte\\\/#listItem\",\"name\":\"Deporte\"}}]},{\"@type\":\"NewsArticle\",\"@id\":\"https:\\\/\\\/candas365.es\\\/noticias\\\/el-dortmund-da-por-perdida-la-bundesliga\\\/#newsarticle\",\"name\":\"El Dortmund da por perdida la Bundesliga | Cand\\u00e1s 365\",\"headline\":\"El Dortmund da por perdida la Bundesliga\",\"author\":{\"@id\":\"https:\\\/\\\/candas365.es\\\/noticias\\\/author\\\/admin\\\/#author\"},\"publisher\":{\"@id\":\"https:\\\/\\\/candas365.es\\\/noticias\\\/#organization\"},\"image\":{\"@type\":\"ImageObject\",\"url\":\"https:\\\/\\\/candas365.es\\\/noticias\\\/wp-content\\\/uploads\\\/2019\\\/04\\\/Bundesliga-BD.jpg\",\"width\":1012,\"height\":673,\"caption\":\"Foto: Bernd Thissen\\\/dpa\"},\"datePublished\":\"2019-04-29T02:02:38+02:00\",\"dateModified\":\"2019-04-29T02:02:38+02:00\",\"inLanguage\":\"es-ES\",\"mainEntityOfPage\":{\"@id\":\"https:\\\/\\\/candas365.es\\\/noticias\\\/el-dortmund-da-por-perdida-la-bundesliga\\\/#webpage\"},\"isPartOf\":{\"@id\":\"https:\\\/\\\/candas365.es\\\/noticias\\\/el-dortmund-da-por-perdida-la-bundesliga\\\/#webpage\"},\"articleSection\":\"Deporte\",\"dateline\":\"Publicado el abril 29, 2019.\"},{\"@type\":\"Organization\",\"@id\":\"https:\\\/\\\/candas365.es\\\/noticias\\\/#organization\",\"name\":\"Cand\\u00e1s 365\",\"description\":\"Cand\\u00e1s 365 es un diario digital independiente, fundado en 2012, con base en Asturias. Informamos con rigor sobre actualidad, sociedad, cultura y ocio, con una mirada local y global.\",\"url\":\"https:\\\/\\\/candas365.es\\\/noticias\\\/\",\"email\":\"info@candas365.es\",\"telephone\":\"+34652131393\",\"foundingDate\":\"2012-06-10\",\"logo\":{\"@type\":\"ImageObject\",\"url\":\"https:\\\/\\\/candas365.es\\\/noticias\\\/wp-content\\\/uploads\\\/2024\\\/09\\\/Candas-365-Redes.jpg\",\"@id\":\"https:\\\/\\\/candas365.es\\\/noticias\\\/el-dortmund-da-por-perdida-la-bundesliga\\\/#organizationLogo\",\"width\":1152,\"height\":864,\"caption\":\"Cand\\u00e1s 365 Redes\"},\"image\":{\"@id\":\"https:\\\/\\\/candas365.es\\\/noticias\\\/el-dortmund-da-por-perdida-la-bundesliga\\\/#organizationLogo\"},\"sameAs\":[\"https:\\\/\\\/www.facebook.com\\\/Nachofdezber\",\"https:\\\/\\\/x.com\\\/NabercoDigital\",\"https:\\\/\\\/www.instagram.com\\\/nachofdezber\\\/\",\"https:\\\/\\\/www.youtube.com\\\/channel\\\/UCZP-2wLEB9Rv6erhFmqVnvg\"],\"address\":{\"@id\":\"https:\\\/\\\/candas365.es\\\/noticias\\\/#postaladdress\",\"@type\":\"PostalAddress\",\"streetAddress\":\"san antonio 4, san antonio 4\",\"postalCode\":\"33430\",\"addressLocality\":\"Cand\\u00e1s\",\"addressRegion\":\"Asturias\",\"addressCountry\":\"ES\"}},{\"@type\":\"Person\",\"@id\":\"https:\\\/\\\/candas365.es\\\/noticias\\\/author\\\/admin\\\/#author\",\"url\":\"https:\\\/\\\/candas365.es\\\/noticias\\\/author\\\/admin\\\/\",\"name\":\"Cand\\u00e1s 365\",\"image\":{\"@type\":\"ImageObject\",\"@id\":\"https:\\\/\\\/candas365.es\\\/noticias\\\/el-dortmund-da-por-perdida-la-bundesliga\\\/#authorImage\",\"url\":\"https:\\\/\\\/secure.gravatar.com\\\/avatar\\\/496a8e03d0c493ede1718b7934145dbdf8d89be1036b0eec9544e1094c9de390?s=96&d=mm&r=g\",\"width\":96,\"height\":96,\"caption\":\"Cand\\u00e1s 365\"},\"sameAs\":[\"https:\\\/\\\/www.facebook.com\\\/carrenoactualidad\",\"https:\\\/\\\/twitter.com\\\/nbasturias\",\"https:\\\/\\\/www.instagram.com\\\/nachofdezber\\\/\",\"https:\\\/\\\/www.youtube.com\\\/channel\\\/UCZP-2wLEB9Rv6erhFmqVnvg\"]},{\"@type\":\"WebPage\",\"@id\":\"https:\\\/\\\/candas365.es\\\/noticias\\\/el-dortmund-da-por-perdida-la-bundesliga\\\/#webpage\",\"url\":\"https:\\\/\\\/candas365.es\\\/noticias\\\/el-dortmund-da-por-perdida-la-bundesliga\\\/\",\"name\":\"El Dortmund da por perdida la Bundesliga | Cand\\u00e1s 365\",\"description\":\"Dortmund (Alemania), 28 abr (dpa) - Tras la humillante derrota por 4-2 a manos del archirrival y vecino Schalke, el t\\u00e9cnico del Borussia Dortmund, Lucien Favre, dej\\u00f3 de lado su caracter\\u00edstica cautela y habl\\u00f3 claro: \\\"El t\\u00edtulo est\\u00e1 perdido\\\", dijo y coron\\u00f3 de forma anticipada al puntero Bayern M\\u00fanich campe\\u00f3n del f\\u00fatbol germano. A falta\",\"inLanguage\":\"es-ES\",\"isPartOf\":{\"@id\":\"https:\\\/\\\/candas365.es\\\/noticias\\\/#website\"},\"breadcrumb\":{\"@id\":\"https:\\\/\\\/candas365.es\\\/noticias\\\/el-dortmund-da-por-perdida-la-bundesliga\\\/#breadcrumblist\"},\"author\":{\"@id\":\"https:\\\/\\\/candas365.es\\\/noticias\\\/author\\\/admin\\\/#author\"},\"creator\":{\"@id\":\"https:\\\/\\\/candas365.es\\\/noticias\\\/author\\\/admin\\\/#author\"},\"image\":{\"@type\":\"ImageObject\",\"url\":\"https:\\\/\\\/candas365.es\\\/noticias\\\/wp-content\\\/uploads\\\/2019\\\/04\\\/Bundesliga-BD.jpg\",\"@id\":\"https:\\\/\\\/candas365.es\\\/noticias\\\/el-dortmund-da-por-perdida-la-bundesliga\\\/#mainImage\",\"width\":1012,\"height\":673,\"caption\":\"Foto: Bernd Thissen\\\/dpa\"},\"primaryImageOfPage\":{\"@id\":\"https:\\\/\\\/candas365.es\\\/noticias\\\/el-dortmund-da-por-perdida-la-bundesliga\\\/#mainImage\"},\"datePublished\":\"2019-04-29T02:02:38+02:00\",\"dateModified\":\"2019-04-29T02:02:38+02:00\"},{\"@type\":\"WebSite\",\"@id\":\"https:\\\/\\\/candas365.es\\\/noticias\\\/#website\",\"url\":\"https:\\\/\\\/candas365.es\\\/noticias\\\/\",\"name\":\"Cand\\u00e1s 365\",\"alternateName\":\"Cand\\u00e1s 365 Noticias\",\"description\":\"Actualidad desde Carre\\u00f1o para el mundo\",\"inLanguage\":\"es-ES\",\"publisher\":{\"@id\":\"https:\\\/\\\/candas365.es\\\/noticias\\\/#organization\"}}]}\n\t\t<\/script>\n\t\t<!-- All in One SEO Pro -->\r\n\t\t<title>El Dortmund da por perdida la Bundesliga | Cand\u00e1s 365<\/title>\n\n","aioseo_head_json":{"title":"El Dortmund da por perdida la Bundesliga | Cand\u00e1s 365","description":"Dortmund (Alemania), 28 abr (dpa) - Tras la humillante derrota por 4-2 a manos del archirrival y vecino Schalke, el t\u00e9cnico del Borussia Dortmund, Lucien Favre, dej\u00f3 de lado su caracter\u00edstica cautela y habl\u00f3 claro: \"El t\u00edtulo est\u00e1 perdido\", dijo y coron\u00f3 de forma anticipada al puntero Bayern M\u00fanich campe\u00f3n del f\u00fatbol germano. A falta","canonical_url":"https:\/\/candas365.es\/noticias\/el-dortmund-da-por-perdida-la-bundesliga\/","robots":"max-image-preview:large","keywords":"deporte","webmasterTools":{"google-site-verification":"UA-32230408-1","msvalidate.01":"354F3CDFB2DA171B47FBE9ABF1F88D5","miscellaneous":""},"schema":{"@context":"https:\/\/schema.org","@graph":[{"@type":"BreadcrumbList","@id":"https:\/\/candas365.es\/noticias\/el-dortmund-da-por-perdida-la-bundesliga\/#breadcrumblist","itemListElement":[{"@type":"ListItem","@id":"https:\/\/candas365.es\/noticias#listItem","position":1,"name":"Home","item":"https:\/\/candas365.es\/noticias","nextItem":{"@type":"ListItem","@id":"https:\/\/candas365.es\/noticias\/category\/deporte\/#listItem","name":"Deporte"}},{"@type":"ListItem","@id":"https:\/\/candas365.es\/noticias\/category\/deporte\/#listItem","position":2,"name":"Deporte","item":"https:\/\/candas365.es\/noticias\/category\/deporte\/","nextItem":{"@type":"ListItem","@id":"https:\/\/candas365.es\/noticias\/el-dortmund-da-por-perdida-la-bundesliga\/#listItem","name":"El Dortmund da por perdida la Bundesliga"},"previousItem":{"@type":"ListItem","@id":"https:\/\/candas365.es\/noticias#listItem","name":"Home"}},{"@type":"ListItem","@id":"https:\/\/candas365.es\/noticias\/el-dortmund-da-por-perdida-la-bundesliga\/#listItem","position":3,"name":"El Dortmund da por perdida la Bundesliga","previousItem":{"@type":"ListItem","@id":"https:\/\/candas365.es\/noticias\/category\/deporte\/#listItem","name":"Deporte"}}]},{"@type":"NewsArticle","@id":"https:\/\/candas365.es\/noticias\/el-dortmund-da-por-perdida-la-bundesliga\/#newsarticle","name":"El Dortmund da por perdida la Bundesliga | Cand\u00e1s 365","headline":"El Dortmund da por perdida la Bundesliga","author":{"@id":"https:\/\/candas365.es\/noticias\/author\/admin\/#author"},"publisher":{"@id":"https:\/\/candas365.es\/noticias\/#organization"},"image":{"@type":"ImageObject","url":"https:\/\/candas365.es\/noticias\/wp-content\/uploads\/2019\/04\/Bundesliga-BD.jpg","width":1012,"height":673,"caption":"Foto: Bernd Thissen\/dpa"},"datePublished":"2019-04-29T02:02:38+02:00","dateModified":"2019-04-29T02:02:38+02:00","inLanguage":"es-ES","mainEntityOfPage":{"@id":"https:\/\/candas365.es\/noticias\/el-dortmund-da-por-perdida-la-bundesliga\/#webpage"},"isPartOf":{"@id":"https:\/\/candas365.es\/noticias\/el-dortmund-da-por-perdida-la-bundesliga\/#webpage"},"articleSection":"Deporte","dateline":"Publicado el abril 29, 2019."},{"@type":"Organization","@id":"https:\/\/candas365.es\/noticias\/#organization","name":"Cand\u00e1s 365","description":"Cand\u00e1s 365 es un diario digital independiente, fundado en 2012, con base en Asturias. Informamos con rigor sobre actualidad, sociedad, cultura y ocio, con una mirada local y global.","url":"https:\/\/candas365.es\/noticias\/","email":"info@candas365.es","telephone":"+34652131393","foundingDate":"2012-06-10","logo":{"@type":"ImageObject","url":"https:\/\/candas365.es\/noticias\/wp-content\/uploads\/2024\/09\/Candas-365-Redes.jpg","@id":"https:\/\/candas365.es\/noticias\/el-dortmund-da-por-perdida-la-bundesliga\/#organizationLogo","width":1152,"height":864,"caption":"Cand\u00e1s 365 Redes"},"image":{"@id":"https:\/\/candas365.es\/noticias\/el-dortmund-da-por-perdida-la-bundesliga\/#organizationLogo"},"sameAs":["https:\/\/www.facebook.com\/Nachofdezber","https:\/\/x.com\/NabercoDigital","https:\/\/www.instagram.com\/nachofdezber\/","https:\/\/www.youtube.com\/channel\/UCZP-2wLEB9Rv6erhFmqVnvg"],"address":{"@id":"https:\/\/candas365.es\/noticias\/#postaladdress","@type":"PostalAddress","streetAddress":"san antonio 4, san antonio 4","postalCode":"33430","addressLocality":"Cand\u00e1s","addressRegion":"Asturias","addressCountry":"ES"}},{"@type":"Person","@id":"https:\/\/candas365.es\/noticias\/author\/admin\/#author","url":"https:\/\/candas365.es\/noticias\/author\/admin\/","name":"Cand\u00e1s 365","image":{"@type":"ImageObject","@id":"https:\/\/candas365.es\/noticias\/el-dortmund-da-por-perdida-la-bundesliga\/#authorImage","url":"https:\/\/secure.gravatar.com\/avatar\/496a8e03d0c493ede1718b7934145dbdf8d89be1036b0eec9544e1094c9de390?s=96&d=mm&r=g","width":96,"height":96,"caption":"Cand\u00e1s 365"},"sameAs":["https:\/\/www.facebook.com\/carrenoactualidad","https:\/\/twitter.com\/nbasturias","https:\/\/www.instagram.com\/nachofdezber\/","https:\/\/www.youtube.com\/channel\/UCZP-2wLEB9Rv6erhFmqVnvg"]},{"@type":"WebPage","@id":"https:\/\/candas365.es\/noticias\/el-dortmund-da-por-perdida-la-bundesliga\/#webpage","url":"https:\/\/candas365.es\/noticias\/el-dortmund-da-por-perdida-la-bundesliga\/","name":"El Dortmund da por perdida la Bundesliga | Cand\u00e1s 365","description":"Dortmund (Alemania), 28 abr (dpa) - Tras la humillante derrota por 4-2 a manos del archirrival y vecino Schalke, el t\u00e9cnico del Borussia Dortmund, Lucien Favre, dej\u00f3 de lado su caracter\u00edstica cautela y habl\u00f3 claro: \"El t\u00edtulo est\u00e1 perdido\", dijo y coron\u00f3 de forma anticipada al puntero Bayern M\u00fanich campe\u00f3n del f\u00fatbol germano. A falta","inLanguage":"es-ES","isPartOf":{"@id":"https:\/\/candas365.es\/noticias\/#website"},"breadcrumb":{"@id":"https:\/\/candas365.es\/noticias\/el-dortmund-da-por-perdida-la-bundesliga\/#breadcrumblist"},"author":{"@id":"https:\/\/candas365.es\/noticias\/author\/admin\/#author"},"creator":{"@id":"https:\/\/candas365.es\/noticias\/author\/admin\/#author"},"image":{"@type":"ImageObject","url":"https:\/\/candas365.es\/noticias\/wp-content\/uploads\/2019\/04\/Bundesliga-BD.jpg","@id":"https:\/\/candas365.es\/noticias\/el-dortmund-da-por-perdida-la-bundesliga\/#mainImage","width":1012,"height":673,"caption":"Foto: Bernd Thissen\/dpa"},"primaryImageOfPage":{"@id":"https:\/\/candas365.es\/noticias\/el-dortmund-da-por-perdida-la-bundesliga\/#mainImage"},"datePublished":"2019-04-29T02:02:38+02:00","dateModified":"2019-04-29T02:02:38+02:00"},{"@type":"WebSite","@id":"https:\/\/candas365.es\/noticias\/#website","url":"https:\/\/candas365.es\/noticias\/","name":"Cand\u00e1s 365","alternateName":"Cand\u00e1s 365 Noticias","description":"Actualidad desde Carre\u00f1o para el mundo","inLanguage":"es-ES","publisher":{"@id":"https:\/\/candas365.es\/noticias\/#organization"}}]},"og:locale":"es_ES","og:site_name":"Cand\u00e1s 365","og:type":"article","og:title":"El Dortmund da por perdida la Bundesliga | Cand\u00e1s 365","og:description":"Dortmund (Alemania), 28 abr (dpa) - Tras la humillante derrota por 4-2 a manos del archirrival y vecino Schalke, el t\u00e9cnico del Borussia Dortmund, Lucien Favre, dej\u00f3 de lado su caracter\u00edstica cautela y habl\u00f3 claro: &quot;El t\u00edtulo est\u00e1 perdido&quot;, dijo y coron\u00f3 de forma anticipada al puntero Bayern M\u00fanich campe\u00f3n del f\u00fatbol germano. A falta","og:url":"https:\/\/candas365.es\/noticias\/el-dortmund-da-por-perdida-la-bundesliga\/","og:image":"https:\/\/candas365.es\/noticias\/wp-content\/uploads\/2019\/04\/Bundesliga-BD.jpg","og:image:secure_url":"https:\/\/candas365.es\/noticias\/wp-content\/uploads\/2019\/04\/Bundesliga-BD.jpg","og:image:width":1012,"og:image:height":673,"article:published_time":"2019-04-29T02:02:38+00:00","article:modified_time":"2019-04-29T02:02:38+00:00","article:publisher":"https:\/\/www.facebook.com\/Nachofdezber","article:author":"https:\/\/www.facebook.com\/carrenoactualidad","twitter:card":"summary_large_image","twitter:site":"@NabercoDigital","twitter:title":"El Dortmund da por perdida la Bundesliga | Cand\u00e1s 365","twitter:description":"Dortmund (Alemania), 28 abr (dpa) - Tras la humillante derrota por 4-2 a manos del archirrival y vecino Schalke, el t\u00e9cnico del Borussia Dortmund, Lucien Favre, dej\u00f3 de lado su caracter\u00edstica cautela y habl\u00f3 claro: &quot;El t\u00edtulo est\u00e1 perdido&quot;, dijo y coron\u00f3 de forma anticipada al puntero Bayern M\u00fanich campe\u00f3n del f\u00fatbol germano. A falta","twitter:creator":"@nbasturias","twitter:image":"https:\/\/candas365.es\/noticias\/wp-content\/uploads\/2019\/04\/Bundesliga-BD.jpg","twitter:label1":"Escrito por","twitter:data1":"Cand\u00e1s 365","twitter:label2":"Tiempo de lectura estimado","twitter:data2":"4 minutos"},"aioseo_meta_data":{"post_id":"121596","title":null,"description":null,"keywords":null,"keyphrases":null,"primary_term":null,"canonical_url":null,"og_title":null,"og_description":null,"og_object_type":"default","og_image_type":"default","og_image_url":null,"og_image_width":null,"og_image_height":null,"og_image_custom_url":null,"og_image_custom_fields":null,"og_video":null,"og_custom_url":null,"og_article_section":null,"og_article_tags":null,"twitter_use_og":false,"twitter_card":"default","twitter_image_type":"default","twitter_image_url":null,"twitter_image_custom_url":null,"twitter_image_custom_fields":null,"twitter_title":null,"twitter_description":null,"schema":{"blockGraphs":[],"customGraphs":[],"default":{"data":{"Article":[],"Course":[],"Dataset":[],"FAQPage":[],"Movie":[],"Person":[],"Product":[],"ProductReview":[],"Car":[],"Recipe":[],"Service":[],"SoftwareApplication":[],"WebPage":[]},"graphName":"","isEnabled":true},"graphs":[],"defaultGraph":"","defaultPostTypeGraph":""},"schema_type":null,"schema_type_options":null,"pillar_content":false,"robots_default":true,"robots_noindex":false,"robots_noarchive":false,"robots_nosnippet":false,"robots_nofollow":false,"robots_noimageindex":false,"robots_noodp":false,"robots_notranslate":false,"robots_max_snippet":null,"robots_max_videopreview":null,"robots_max_imagepreview":"large","priority":null,"frequency":null,"location":null,"local_seo":null,"seo_analyzer_scan_date":"2025-08-29 20:30:18","breadcrumb_settings":null,"limit_modified_date":false,"reviewed_by":null,"open_ai":null,"ai":null,"created":"2020-12-21 10:58:06","updated":"2025-08-29 20:30:18"},"aioseo_breadcrumb":"<div class=\"aioseo-breadcrumbs\"><span class=\"aioseo-breadcrumb\">\n\t<a href=\"https:\/\/candas365.es\/noticias\" title=\"Home\">Home<\/a>\n<\/span><span class=\"aioseo-breadcrumb-separator\">&ndash;<\/span><span class=\"aioseo-breadcrumb\">\n\t<a href=\"https:\/\/candas365.es\/noticias\/category\/deporte\/\" title=\"Deporte\">Deporte<\/a>\n<\/span><span class=\"aioseo-breadcrumb-separator\">&ndash;<\/span><span class=\"aioseo-breadcrumb\">\n\tEl Dortmund da por perdida la Bundesliga\n<\/span><\/div>","aioseo_breadcrumb_json":[{"label":"Home","link":"https:\/\/candas365.es\/noticias"},{"label":"Deporte","link":"https:\/\/candas365.es\/noticias\/category\/deporte\/"},{"label":"El Dortmund da por perdida la Bundesliga","link":"https:\/\/candas365.es\/noticias\/el-dortmund-da-por-perdida-la-bundesliga\/"}],"_links":{"self":[{"href":"https:\/\/candas365.es\/noticias\/wp-json\/wp\/v2\/posts\/121596","targetHints":{"allow":["GET"]}}],"collection":[{"href":"https:\/\/candas365.es\/noticias\/wp-json\/wp\/v2\/posts"}],"about":[{"href":"https:\/\/candas365.es\/noticias\/wp-json\/wp\/v2\/types\/post"}],"author":[{"embeddable":true,"href":"https:\/\/candas365.es\/noticias\/wp-json\/wp\/v2\/users\/1"}],"replies":[{"embeddable":true,"href":"https:\/\/candas365.es\/noticias\/wp-json\/wp\/v2\/comments?post=121596"}],"version-history":[{"count":0,"href":"https:\/\/candas365.es\/noticias\/wp-json\/wp\/v2\/posts\/121596\/revisions"}],"wp:featuredmedia":[{"embeddable":true,"href":"https:\/\/candas365.es\/noticias\/wp-json\/wp\/v2\/media\/121597"}],"wp:attachment":[{"href":"https:\/\/candas365.es\/noticias\/wp-json\/wp\/v2\/media?parent=121596"}],"wp:term":[{"taxonomy":"category","embeddable":true,"href":"https:\/\/candas365.es\/noticias\/wp-json\/wp\/v2\/categories?post=121596"},{"taxonomy":"post_tag","embeddable":true,"href":"https:\/\/candas365.es\/noticias\/wp-json\/wp\/v2\/tags?post=121596"}],"curies":[{"name":"wp","href":"https:\/\/api.w.org\/{rel}","templated":true}]}}