{"id":121568,"date":"2019-04-28T16:10:44","date_gmt":"2019-04-28T16:10:44","guid":{"rendered":"http:\/\/candas365.es\/noticias\/?p=121568"},"modified":"2019-04-28T16:10:44","modified_gmt":"2019-04-28T16:10:44","slug":"rummenigge-quiere-a-xabi-alonso-como-tecnico-del-bayern","status":"publish","type":"post","link":"https:\/\/candas365.es\/noticias\/rummenigge-quiere-a-xabi-alonso-como-tecnico-del-bayern\/","title":{"rendered":"Rummenigge quiere a Xabi Alonso como t\u00e9cnico del Bayern"},"content":{"rendered":"<figure id=\"attachment_121569\" aria-describedby=\"caption-attachment-121569\" style=\"width: 360px\" class=\"wp-caption alignleft\"><img fetchpriority=\"high\" decoding=\"async\" class=\"size-medium wp-image-121569\" src=\"https:\/\/candas365.es\/noticias\/wp-content\/uploads\/2019\/04\/Xabi-Alonso-360x222.jpg\" alt=\"\" width=\"360\" height=\"222\" srcset=\"https:\/\/candas365.es\/noticias\/wp-content\/uploads\/2019\/04\/Xabi-Alonso-360x222.jpg 360w, https:\/\/candas365.es\/noticias\/wp-content\/uploads\/2019\/04\/Xabi-Alonso-768x474.jpg 768w, https:\/\/candas365.es\/noticias\/wp-content\/uploads\/2019\/04\/Xabi-Alonso-655x405.jpg 655w, https:\/\/candas365.es\/noticias\/wp-content\/uploads\/2019\/04\/Xabi-Alonso-356x220.jpg 356w, https:\/\/candas365.es\/noticias\/wp-content\/uploads\/2019\/04\/Xabi-Alonso-696x430.jpg 696w, https:\/\/candas365.es\/noticias\/wp-content\/uploads\/2019\/04\/Xabi-Alonso-1068x660.jpg 1068w, https:\/\/candas365.es\/noticias\/wp-content\/uploads\/2019\/04\/Xabi-Alonso-680x420.jpg 680w, https:\/\/candas365.es\/noticias\/wp-content\/uploads\/2019\/04\/Xabi-Alonso.jpg 1070w\" sizes=\"(max-width: 360px) 100vw, 360px\" \/><figcaption id=\"caption-attachment-121569\" class=\"wp-caption-text\">Foto: Andreas Gebert\/dpa<\/figcaption><\/figure>\n<p>M\u00fanich, 28 abr (dpa) &#8211; El presidente de la junta directiva del Bayern M\u00fanich, Karl-Heinz Rummenigge, quisiera volver a contar con los servicios del retirado centrocampista espa\u00f1ol Xabi Alonso, revel\u00f3 en una entrevista que publica hoy el dominical \u00abBild am Sonntag\u00bb.<\/p>\n<p>\u00abEl mejor armador que tuvimos en los \u00faltimos a\u00f1os en el mediocampo fue Xabi Alonso. No era el m\u00e1s r\u00e1pido, pero s\u00ed el mejor estratega y el m\u00e1s inteligente que jam\u00e1s he visto en nuestro mediocampo. Un jugador maravilloso, que habla cuatro idiomas y el alem\u00e1n con fluidez. Una verdadera personalidad\u00bb, lo elogi\u00f3 Rummenigge.<\/p>\n<p>\u00abQuisiese que regresase un d\u00eda al Bayern. Un verdadero caballero\u00bb.<\/p>\n<p>Preguntado sobre si el espa\u00f1ol de 37 a\u00f1os deber\u00eda volver para ocupar un cargo directivo, Rummenigge respondi\u00f3: \u00abNo, como t\u00e9cnico. Est\u00e1 form\u00e1ndose como entrenador en Espa\u00f1a. Dirigir\u00e1 al parecer al equipo sub19 del Real Madrid la pr\u00f3xima temporada. Creo que nos tenemos que esforzar para que en alg\u00fan momento vuelva al Bayern\u00bb.<\/p>\n<p>El ex internacional de Espa\u00f1a fich\u00f3 en 2014 por el Bayern procedente del Real Madrid despu\u00e9s de jugar en equipos como la Real Sociedad o el Liverpool.<\/p>\n<p>El centrocampista alz\u00f3 hasta 2017 con los b\u00e1varos una Copa Alemana y tres Ensaladeras de la Bundesliga, adem\u00e1s de una Supercopa Alemana.<\/p>\n","protected":false},"excerpt":{"rendered":"<p>M\u00fanich, 28 abr (dpa) &#8211; El presidente de la junta directiva del Bayern M\u00fanich, Karl-Heinz Rummenigge, quisiera volver a contar con los servicios del retirado centrocampista espa\u00f1ol Xabi Alonso, revel\u00f3 en una entrevista que publica hoy el dominical \u00abBild am Sonntag\u00bb. \u00abEl mejor armador que tuvimos en los \u00faltimos a\u00f1os en el mediocampo fue Xabi<\/p>\n","protected":false},"author":1,"featured_media":121569,"comment_status":"closed","ping_status":"closed","sticky":false,"template":"","format":"standard","meta":{"footnotes":""},"categories":[319],"tags":[],"class_list":{"0":"post-121568","1":"post","2":"type-post","3":"status-publish","4":"format-standard","5":"has-post-thumbnail","7":"category-deporte"},"aioseo_notices":[],"aioseo_head":"\n\t\t<!-- All in One SEO Pro 4.9.6.2 - aioseo.com -->\n\t<meta name=\"description\" content=\"M\u00fanich, 28 abr (dpa) - El presidente de la junta directiva del Bayern M\u00fanich, Karl-Heinz Rummenigge, quisiera volver a contar con los servicios del retirado centrocampista espa\u00f1ol Xabi Alonso, revel\u00f3 en una entrevista que publica hoy el dominical &quot;Bild am Sonntag&quot;. &quot;El mejor armador que tuvimos en los \u00faltimos a\u00f1os en el mediocampo fue Xabi\" \/>\n\t<meta name=\"robots\" content=\"max-image-preview:large\" \/>\n\t<meta name=\"author\" content=\"Cand\u00e1s 365\"\/>\n\t<meta name=\"google-site-verification\" content=\"UA-32230408-1\" \/>\n\t<meta name=\"msvalidate.01\" content=\"354F3CDFB2DA171B47FBE9ABF1F88D5\" \/>\n\t<meta name=\"keywords\" content=\"deporte\" \/>\n\t<link rel=\"canonical\" href=\"https:\/\/candas365.es\/noticias\/rummenigge-quiere-a-xabi-alonso-como-tecnico-del-bayern\/\" \/>\n\t<meta name=\"generator\" content=\"All in One SEO Pro (AIOSEO) 4.9.6.2\" \/>\n\t\t<meta property=\"og:locale\" content=\"es_ES\" \/>\n\t\t<meta property=\"og:site_name\" content=\"Cand\u00e1s 365\" \/>\n\t\t<meta property=\"og:type\" content=\"article\" \/>\n\t\t<meta property=\"og:title\" content=\"Rummenigge quiere a Xabi Alonso como t\u00e9cnico del Bayern | Cand\u00e1s 365\" \/>\n\t\t<meta property=\"og:description\" content=\"M\u00fanich, 28 abr (dpa) - El presidente de la junta directiva del Bayern M\u00fanich, Karl-Heinz Rummenigge, quisiera volver a contar con los servicios del retirado centrocampista espa\u00f1ol Xabi Alonso, revel\u00f3 en una entrevista que publica hoy el dominical &quot;Bild am Sonntag&quot;. &quot;El mejor armador que tuvimos en los \u00faltimos a\u00f1os en el mediocampo fue Xabi\" \/>\n\t\t<meta property=\"og:url\" content=\"https:\/\/candas365.es\/noticias\/rummenigge-quiere-a-xabi-alonso-como-tecnico-del-bayern\/\" \/>\n\t\t<meta property=\"og:image\" content=\"https:\/\/candas365.es\/noticias\/wp-content\/uploads\/2019\/04\/Xabi-Alonso.jpg\" \/>\n\t\t<meta property=\"og:image:secure_url\" content=\"https:\/\/candas365.es\/noticias\/wp-content\/uploads\/2019\/04\/Xabi-Alonso.jpg\" \/>\n\t\t<meta property=\"og:image:width\" content=\"1070\" \/>\n\t\t<meta property=\"og:image:height\" content=\"661\" \/>\n\t\t<meta property=\"article:published_time\" content=\"2019-04-28T16:10:44+00:00\" \/>\n\t\t<meta property=\"article:modified_time\" content=\"2019-04-28T16:10:44+00:00\" \/>\n\t\t<meta property=\"article:publisher\" content=\"https:\/\/www.facebook.com\/Nachofdezber\" \/>\n\t\t<meta property=\"article:author\" content=\"https:\/\/www.facebook.com\/carrenoactualidad\" \/>\n\t\t<meta name=\"twitter:card\" content=\"summary_large_image\" \/>\n\t\t<meta name=\"twitter:site\" content=\"@NabercoDigital\" \/>\n\t\t<meta name=\"twitter:title\" content=\"Rummenigge quiere a Xabi Alonso como t\u00e9cnico del Bayern | Cand\u00e1s 365\" \/>\n\t\t<meta name=\"twitter:description\" content=\"M\u00fanich, 28 abr (dpa) - El presidente de la junta directiva del Bayern M\u00fanich, Karl-Heinz Rummenigge, quisiera volver a contar con los servicios del retirado centrocampista espa\u00f1ol Xabi Alonso, revel\u00f3 en una entrevista que publica hoy el dominical &quot;Bild am Sonntag&quot;. &quot;El mejor armador que tuvimos en los \u00faltimos a\u00f1os en el mediocampo fue Xabi\" \/>\n\t\t<meta name=\"twitter:creator\" content=\"@nbasturias\" \/>\n\t\t<meta name=\"twitter:image\" content=\"https:\/\/candas365.es\/noticias\/wp-content\/uploads\/2019\/04\/Xabi-Alonso.jpg\" \/>\n\t\t<meta name=\"twitter:label1\" content=\"Escrito por\" \/>\n\t\t<meta name=\"twitter:data1\" content=\"Cand\u00e1s 365\" \/>\n\t\t<meta name=\"twitter:label2\" content=\"Tiempo de lectura estimado\" \/>\n\t\t<meta name=\"twitter:data2\" content=\"1 minuto\" \/>\n\t\t<script type=\"application\/ld+json\" class=\"aioseo-schema\">\n\t\t\t{\"@context\":\"https:\\\/\\\/schema.org\",\"@graph\":[{\"@type\":\"BreadcrumbList\",\"@id\":\"https:\\\/\\\/candas365.es\\\/noticias\\\/rummenigge-quiere-a-xabi-alonso-como-tecnico-del-bayern\\\/#breadcrumblist\",\"itemListElement\":[{\"@type\":\"ListItem\",\"@id\":\"https:\\\/\\\/candas365.es\\\/noticias#listItem\",\"position\":1,\"name\":\"Home\",\"item\":\"https:\\\/\\\/candas365.es\\\/noticias\",\"nextItem\":{\"@type\":\"ListItem\",\"@id\":\"https:\\\/\\\/candas365.es\\\/noticias\\\/category\\\/deporte\\\/#listItem\",\"name\":\"Deporte\"}},{\"@type\":\"ListItem\",\"@id\":\"https:\\\/\\\/candas365.es\\\/noticias\\\/category\\\/deporte\\\/#listItem\",\"position\":2,\"name\":\"Deporte\",\"item\":\"https:\\\/\\\/candas365.es\\\/noticias\\\/category\\\/deporte\\\/\",\"nextItem\":{\"@type\":\"ListItem\",\"@id\":\"https:\\\/\\\/candas365.es\\\/noticias\\\/rummenigge-quiere-a-xabi-alonso-como-tecnico-del-bayern\\\/#listItem\",\"name\":\"Rummenigge quiere a Xabi Alonso como t\\u00e9cnico del Bayern\"},\"previousItem\":{\"@type\":\"ListItem\",\"@id\":\"https:\\\/\\\/candas365.es\\\/noticias#listItem\",\"name\":\"Home\"}},{\"@type\":\"ListItem\",\"@id\":\"https:\\\/\\\/candas365.es\\\/noticias\\\/rummenigge-quiere-a-xabi-alonso-como-tecnico-del-bayern\\\/#listItem\",\"position\":3,\"name\":\"Rummenigge quiere a Xabi Alonso como t\\u00e9cnico del Bayern\",\"previousItem\":{\"@type\":\"ListItem\",\"@id\":\"https:\\\/\\\/candas365.es\\\/noticias\\\/category\\\/deporte\\\/#listItem\",\"name\":\"Deporte\"}}]},{\"@type\":\"NewsArticle\",\"@id\":\"https:\\\/\\\/candas365.es\\\/noticias\\\/rummenigge-quiere-a-xabi-alonso-como-tecnico-del-bayern\\\/#newsarticle\",\"name\":\"Rummenigge quiere a Xabi Alonso como t\\u00e9cnico del Bayern | Cand\\u00e1s 365\",\"headline\":\"Rummenigge quiere a Xabi Alonso como t\\u00e9cnico del Bayern\",\"author\":{\"@id\":\"https:\\\/\\\/candas365.es\\\/noticias\\\/author\\\/admin\\\/#author\"},\"publisher\":{\"@id\":\"https:\\\/\\\/candas365.es\\\/noticias\\\/#organization\"},\"image\":{\"@type\":\"ImageObject\",\"url\":\"https:\\\/\\\/candas365.es\\\/noticias\\\/wp-content\\\/uploads\\\/2019\\\/04\\\/Xabi-Alonso.jpg\",\"width\":1070,\"height\":661,\"caption\":\"Foto: Andreas Gebert\\\/dpa\"},\"datePublished\":\"2019-04-28T16:10:44+02:00\",\"dateModified\":\"2019-04-28T16:10:44+02:00\",\"inLanguage\":\"es-ES\",\"mainEntityOfPage\":{\"@id\":\"https:\\\/\\\/candas365.es\\\/noticias\\\/rummenigge-quiere-a-xabi-alonso-como-tecnico-del-bayern\\\/#webpage\"},\"isPartOf\":{\"@id\":\"https:\\\/\\\/candas365.es\\\/noticias\\\/rummenigge-quiere-a-xabi-alonso-como-tecnico-del-bayern\\\/#webpage\"},\"articleSection\":\"Deporte\",\"dateline\":\"Publicado el abril 28, 2019.\"},{\"@type\":\"Organization\",\"@id\":\"https:\\\/\\\/candas365.es\\\/noticias\\\/#organization\",\"name\":\"Cand\\u00e1s 365\",\"description\":\"Cand\\u00e1s 365 es un diario digital independiente, fundado en 2012, con base en Asturias. Informamos con rigor sobre actualidad, sociedad, cultura y ocio, con una mirada local y global.\",\"url\":\"https:\\\/\\\/candas365.es\\\/noticias\\\/\",\"email\":\"info@candas365.es\",\"telephone\":\"+34652131393\",\"foundingDate\":\"2012-06-10\",\"logo\":{\"@type\":\"ImageObject\",\"url\":\"https:\\\/\\\/candas365.es\\\/noticias\\\/wp-content\\\/uploads\\\/2024\\\/09\\\/Candas-365-Redes.jpg\",\"@id\":\"https:\\\/\\\/candas365.es\\\/noticias\\\/rummenigge-quiere-a-xabi-alonso-como-tecnico-del-bayern\\\/#organizationLogo\",\"width\":1152,\"height\":864,\"caption\":\"Cand\\u00e1s 365 Redes\"},\"image\":{\"@id\":\"https:\\\/\\\/candas365.es\\\/noticias\\\/rummenigge-quiere-a-xabi-alonso-como-tecnico-del-bayern\\\/#organizationLogo\"},\"sameAs\":[\"https:\\\/\\\/www.facebook.com\\\/Nachofdezber\",\"https:\\\/\\\/x.com\\\/NabercoDigital\",\"https:\\\/\\\/www.instagram.com\\\/nachofdezber\\\/\",\"https:\\\/\\\/www.youtube.com\\\/channel\\\/UCZP-2wLEB9Rv6erhFmqVnvg\"],\"address\":{\"@id\":\"https:\\\/\\\/candas365.es\\\/noticias\\\/#postaladdress\",\"@type\":\"PostalAddress\",\"streetAddress\":\"san antonio 4, san antonio 4\",\"postalCode\":\"33430\",\"addressLocality\":\"Cand\\u00e1s\",\"addressRegion\":\"Asturias\",\"addressCountry\":\"ES\"}},{\"@type\":\"Person\",\"@id\":\"https:\\\/\\\/candas365.es\\\/noticias\\\/author\\\/admin\\\/#author\",\"url\":\"https:\\\/\\\/candas365.es\\\/noticias\\\/author\\\/admin\\\/\",\"name\":\"Cand\\u00e1s 365\",\"image\":{\"@type\":\"ImageObject\",\"@id\":\"https:\\\/\\\/candas365.es\\\/noticias\\\/rummenigge-quiere-a-xabi-alonso-como-tecnico-del-bayern\\\/#authorImage\",\"url\":\"https:\\\/\\\/secure.gravatar.com\\\/avatar\\\/496a8e03d0c493ede1718b7934145dbdf8d89be1036b0eec9544e1094c9de390?s=96&d=mm&r=g\",\"width\":96,\"height\":96,\"caption\":\"Cand\\u00e1s 365\"},\"sameAs\":[\"https:\\\/\\\/www.facebook.com\\\/carrenoactualidad\",\"https:\\\/\\\/twitter.com\\\/nbasturias\",\"https:\\\/\\\/www.instagram.com\\\/nachofdezber\\\/\",\"https:\\\/\\\/www.youtube.com\\\/channel\\\/UCZP-2wLEB9Rv6erhFmqVnvg\"]},{\"@type\":\"WebPage\",\"@id\":\"https:\\\/\\\/candas365.es\\\/noticias\\\/rummenigge-quiere-a-xabi-alonso-como-tecnico-del-bayern\\\/#webpage\",\"url\":\"https:\\\/\\\/candas365.es\\\/noticias\\\/rummenigge-quiere-a-xabi-alonso-como-tecnico-del-bayern\\\/\",\"name\":\"Rummenigge quiere a Xabi Alonso como t\\u00e9cnico del Bayern | Cand\\u00e1s 365\",\"description\":\"M\\u00fanich, 28 abr (dpa) - El presidente de la junta directiva del Bayern M\\u00fanich, Karl-Heinz Rummenigge, quisiera volver a contar con los servicios del retirado centrocampista espa\\u00f1ol Xabi Alonso, revel\\u00f3 en una entrevista que publica hoy el dominical \\\"Bild am Sonntag\\\". \\\"El mejor armador que tuvimos en los \\u00faltimos a\\u00f1os en el mediocampo fue Xabi\",\"inLanguage\":\"es-ES\",\"isPartOf\":{\"@id\":\"https:\\\/\\\/candas365.es\\\/noticias\\\/#website\"},\"breadcrumb\":{\"@id\":\"https:\\\/\\\/candas365.es\\\/noticias\\\/rummenigge-quiere-a-xabi-alonso-como-tecnico-del-bayern\\\/#breadcrumblist\"},\"author\":{\"@id\":\"https:\\\/\\\/candas365.es\\\/noticias\\\/author\\\/admin\\\/#author\"},\"creator\":{\"@id\":\"https:\\\/\\\/candas365.es\\\/noticias\\\/author\\\/admin\\\/#author\"},\"image\":{\"@type\":\"ImageObject\",\"url\":\"https:\\\/\\\/candas365.es\\\/noticias\\\/wp-content\\\/uploads\\\/2019\\\/04\\\/Xabi-Alonso.jpg\",\"@id\":\"https:\\\/\\\/candas365.es\\\/noticias\\\/rummenigge-quiere-a-xabi-alonso-como-tecnico-del-bayern\\\/#mainImage\",\"width\":1070,\"height\":661,\"caption\":\"Foto: Andreas Gebert\\\/dpa\"},\"primaryImageOfPage\":{\"@id\":\"https:\\\/\\\/candas365.es\\\/noticias\\\/rummenigge-quiere-a-xabi-alonso-como-tecnico-del-bayern\\\/#mainImage\"},\"datePublished\":\"2019-04-28T16:10:44+02:00\",\"dateModified\":\"2019-04-28T16:10:44+02:00\"},{\"@type\":\"WebSite\",\"@id\":\"https:\\\/\\\/candas365.es\\\/noticias\\\/#website\",\"url\":\"https:\\\/\\\/candas365.es\\\/noticias\\\/\",\"name\":\"Cand\\u00e1s 365\",\"alternateName\":\"Cand\\u00e1s 365 Noticias\",\"description\":\"Actualidad desde Carre\\u00f1o para el mundo\",\"inLanguage\":\"es-ES\",\"publisher\":{\"@id\":\"https:\\\/\\\/candas365.es\\\/noticias\\\/#organization\"}}]}\n\t\t<\/script>\n\t\t<!-- All in One SEO Pro -->\r\n\t\t<title>Rummenigge quiere a Xabi Alonso como t\u00e9cnico del Bayern | Cand\u00e1s 365<\/title>\n\n","aioseo_head_json":{"title":"Rummenigge quiere a Xabi Alonso como t\u00e9cnico del Bayern | Cand\u00e1s 365","description":"M\u00fanich, 28 abr (dpa) - El presidente de la junta directiva del Bayern M\u00fanich, Karl-Heinz Rummenigge, quisiera volver a contar con los servicios del retirado centrocampista espa\u00f1ol Xabi Alonso, revel\u00f3 en una entrevista que publica hoy el dominical \"Bild am Sonntag\". \"El mejor armador que tuvimos en los \u00faltimos a\u00f1os en el mediocampo fue Xabi","canonical_url":"https:\/\/candas365.es\/noticias\/rummenigge-quiere-a-xabi-alonso-como-tecnico-del-bayern\/","robots":"max-image-preview:large","keywords":"deporte","webmasterTools":{"google-site-verification":"UA-32230408-1","msvalidate.01":"354F3CDFB2DA171B47FBE9ABF1F88D5","miscellaneous":""},"schema":{"@context":"https:\/\/schema.org","@graph":[{"@type":"BreadcrumbList","@id":"https:\/\/candas365.es\/noticias\/rummenigge-quiere-a-xabi-alonso-como-tecnico-del-bayern\/#breadcrumblist","itemListElement":[{"@type":"ListItem","@id":"https:\/\/candas365.es\/noticias#listItem","position":1,"name":"Home","item":"https:\/\/candas365.es\/noticias","nextItem":{"@type":"ListItem","@id":"https:\/\/candas365.es\/noticias\/category\/deporte\/#listItem","name":"Deporte"}},{"@type":"ListItem","@id":"https:\/\/candas365.es\/noticias\/category\/deporte\/#listItem","position":2,"name":"Deporte","item":"https:\/\/candas365.es\/noticias\/category\/deporte\/","nextItem":{"@type":"ListItem","@id":"https:\/\/candas365.es\/noticias\/rummenigge-quiere-a-xabi-alonso-como-tecnico-del-bayern\/#listItem","name":"Rummenigge quiere a Xabi Alonso como t\u00e9cnico del Bayern"},"previousItem":{"@type":"ListItem","@id":"https:\/\/candas365.es\/noticias#listItem","name":"Home"}},{"@type":"ListItem","@id":"https:\/\/candas365.es\/noticias\/rummenigge-quiere-a-xabi-alonso-como-tecnico-del-bayern\/#listItem","position":3,"name":"Rummenigge quiere a Xabi Alonso como t\u00e9cnico del Bayern","previousItem":{"@type":"ListItem","@id":"https:\/\/candas365.es\/noticias\/category\/deporte\/#listItem","name":"Deporte"}}]},{"@type":"NewsArticle","@id":"https:\/\/candas365.es\/noticias\/rummenigge-quiere-a-xabi-alonso-como-tecnico-del-bayern\/#newsarticle","name":"Rummenigge quiere a Xabi Alonso como t\u00e9cnico del Bayern | Cand\u00e1s 365","headline":"Rummenigge quiere a Xabi Alonso como t\u00e9cnico del Bayern","author":{"@id":"https:\/\/candas365.es\/noticias\/author\/admin\/#author"},"publisher":{"@id":"https:\/\/candas365.es\/noticias\/#organization"},"image":{"@type":"ImageObject","url":"https:\/\/candas365.es\/noticias\/wp-content\/uploads\/2019\/04\/Xabi-Alonso.jpg","width":1070,"height":661,"caption":"Foto: Andreas Gebert\/dpa"},"datePublished":"2019-04-28T16:10:44+02:00","dateModified":"2019-04-28T16:10:44+02:00","inLanguage":"es-ES","mainEntityOfPage":{"@id":"https:\/\/candas365.es\/noticias\/rummenigge-quiere-a-xabi-alonso-como-tecnico-del-bayern\/#webpage"},"isPartOf":{"@id":"https:\/\/candas365.es\/noticias\/rummenigge-quiere-a-xabi-alonso-como-tecnico-del-bayern\/#webpage"},"articleSection":"Deporte","dateline":"Publicado el abril 28, 2019."},{"@type":"Organization","@id":"https:\/\/candas365.es\/noticias\/#organization","name":"Cand\u00e1s 365","description":"Cand\u00e1s 365 es un diario digital independiente, fundado en 2012, con base en Asturias. Informamos con rigor sobre actualidad, sociedad, cultura y ocio, con una mirada local y global.","url":"https:\/\/candas365.es\/noticias\/","email":"info@candas365.es","telephone":"+34652131393","foundingDate":"2012-06-10","logo":{"@type":"ImageObject","url":"https:\/\/candas365.es\/noticias\/wp-content\/uploads\/2024\/09\/Candas-365-Redes.jpg","@id":"https:\/\/candas365.es\/noticias\/rummenigge-quiere-a-xabi-alonso-como-tecnico-del-bayern\/#organizationLogo","width":1152,"height":864,"caption":"Cand\u00e1s 365 Redes"},"image":{"@id":"https:\/\/candas365.es\/noticias\/rummenigge-quiere-a-xabi-alonso-como-tecnico-del-bayern\/#organizationLogo"},"sameAs":["https:\/\/www.facebook.com\/Nachofdezber","https:\/\/x.com\/NabercoDigital","https:\/\/www.instagram.com\/nachofdezber\/","https:\/\/www.youtube.com\/channel\/UCZP-2wLEB9Rv6erhFmqVnvg"],"address":{"@id":"https:\/\/candas365.es\/noticias\/#postaladdress","@type":"PostalAddress","streetAddress":"san antonio 4, san antonio 4","postalCode":"33430","addressLocality":"Cand\u00e1s","addressRegion":"Asturias","addressCountry":"ES"}},{"@type":"Person","@id":"https:\/\/candas365.es\/noticias\/author\/admin\/#author","url":"https:\/\/candas365.es\/noticias\/author\/admin\/","name":"Cand\u00e1s 365","image":{"@type":"ImageObject","@id":"https:\/\/candas365.es\/noticias\/rummenigge-quiere-a-xabi-alonso-como-tecnico-del-bayern\/#authorImage","url":"https:\/\/secure.gravatar.com\/avatar\/496a8e03d0c493ede1718b7934145dbdf8d89be1036b0eec9544e1094c9de390?s=96&d=mm&r=g","width":96,"height":96,"caption":"Cand\u00e1s 365"},"sameAs":["https:\/\/www.facebook.com\/carrenoactualidad","https:\/\/twitter.com\/nbasturias","https:\/\/www.instagram.com\/nachofdezber\/","https:\/\/www.youtube.com\/channel\/UCZP-2wLEB9Rv6erhFmqVnvg"]},{"@type":"WebPage","@id":"https:\/\/candas365.es\/noticias\/rummenigge-quiere-a-xabi-alonso-como-tecnico-del-bayern\/#webpage","url":"https:\/\/candas365.es\/noticias\/rummenigge-quiere-a-xabi-alonso-como-tecnico-del-bayern\/","name":"Rummenigge quiere a Xabi Alonso como t\u00e9cnico del Bayern | Cand\u00e1s 365","description":"M\u00fanich, 28 abr (dpa) - El presidente de la junta directiva del Bayern M\u00fanich, Karl-Heinz Rummenigge, quisiera volver a contar con los servicios del retirado centrocampista espa\u00f1ol Xabi Alonso, revel\u00f3 en una entrevista que publica hoy el dominical \"Bild am Sonntag\". \"El mejor armador que tuvimos en los \u00faltimos a\u00f1os en el mediocampo fue Xabi","inLanguage":"es-ES","isPartOf":{"@id":"https:\/\/candas365.es\/noticias\/#website"},"breadcrumb":{"@id":"https:\/\/candas365.es\/noticias\/rummenigge-quiere-a-xabi-alonso-como-tecnico-del-bayern\/#breadcrumblist"},"author":{"@id":"https:\/\/candas365.es\/noticias\/author\/admin\/#author"},"creator":{"@id":"https:\/\/candas365.es\/noticias\/author\/admin\/#author"},"image":{"@type":"ImageObject","url":"https:\/\/candas365.es\/noticias\/wp-content\/uploads\/2019\/04\/Xabi-Alonso.jpg","@id":"https:\/\/candas365.es\/noticias\/rummenigge-quiere-a-xabi-alonso-como-tecnico-del-bayern\/#mainImage","width":1070,"height":661,"caption":"Foto: Andreas Gebert\/dpa"},"primaryImageOfPage":{"@id":"https:\/\/candas365.es\/noticias\/rummenigge-quiere-a-xabi-alonso-como-tecnico-del-bayern\/#mainImage"},"datePublished":"2019-04-28T16:10:44+02:00","dateModified":"2019-04-28T16:10:44+02:00"},{"@type":"WebSite","@id":"https:\/\/candas365.es\/noticias\/#website","url":"https:\/\/candas365.es\/noticias\/","name":"Cand\u00e1s 365","alternateName":"Cand\u00e1s 365 Noticias","description":"Actualidad desde Carre\u00f1o para el mundo","inLanguage":"es-ES","publisher":{"@id":"https:\/\/candas365.es\/noticias\/#organization"}}]},"og:locale":"es_ES","og:site_name":"Cand\u00e1s 365","og:type":"article","og:title":"Rummenigge quiere a Xabi Alonso como t\u00e9cnico del Bayern | Cand\u00e1s 365","og:description":"M\u00fanich, 28 abr (dpa) - El presidente de la junta directiva del Bayern M\u00fanich, Karl-Heinz Rummenigge, quisiera volver a contar con los servicios del retirado centrocampista espa\u00f1ol Xabi Alonso, revel\u00f3 en una entrevista que publica hoy el dominical &quot;Bild am Sonntag&quot;. &quot;El mejor armador que tuvimos en los \u00faltimos a\u00f1os en el mediocampo fue Xabi","og:url":"https:\/\/candas365.es\/noticias\/rummenigge-quiere-a-xabi-alonso-como-tecnico-del-bayern\/","og:image":"https:\/\/candas365.es\/noticias\/wp-content\/uploads\/2019\/04\/Xabi-Alonso.jpg","og:image:secure_url":"https:\/\/candas365.es\/noticias\/wp-content\/uploads\/2019\/04\/Xabi-Alonso.jpg","og:image:width":1070,"og:image:height":661,"article:published_time":"2019-04-28T16:10:44+00:00","article:modified_time":"2019-04-28T16:10:44+00:00","article:publisher":"https:\/\/www.facebook.com\/Nachofdezber","article:author":"https:\/\/www.facebook.com\/carrenoactualidad","twitter:card":"summary_large_image","twitter:site":"@NabercoDigital","twitter:title":"Rummenigge quiere a Xabi Alonso como t\u00e9cnico del Bayern | Cand\u00e1s 365","twitter:description":"M\u00fanich, 28 abr (dpa) - El presidente de la junta directiva del Bayern M\u00fanich, Karl-Heinz Rummenigge, quisiera volver a contar con los servicios del retirado centrocampista espa\u00f1ol Xabi Alonso, revel\u00f3 en una entrevista que publica hoy el dominical &quot;Bild am Sonntag&quot;. &quot;El mejor armador que tuvimos en los \u00faltimos a\u00f1os en el mediocampo fue Xabi","twitter:creator":"@nbasturias","twitter:image":"https:\/\/candas365.es\/noticias\/wp-content\/uploads\/2019\/04\/Xabi-Alonso.jpg","twitter:label1":"Escrito por","twitter:data1":"Cand\u00e1s 365","twitter:label2":"Tiempo de lectura estimado","twitter:data2":"1 minuto"},"aioseo_meta_data":{"post_id":"121568","title":null,"description":null,"keywords":null,"keyphrases":null,"primary_term":null,"canonical_url":null,"og_title":null,"og_description":null,"og_object_type":"default","og_image_type":"default","og_image_url":null,"og_image_width":null,"og_image_height":null,"og_image_custom_url":null,"og_image_custom_fields":null,"og_video":null,"og_custom_url":null,"og_article_section":null,"og_article_tags":null,"twitter_use_og":false,"twitter_card":"default","twitter_image_type":"default","twitter_image_url":null,"twitter_image_custom_url":null,"twitter_image_custom_fields":null,"twitter_title":null,"twitter_description":null,"schema":{"blockGraphs":[],"customGraphs":[],"default":{"data":{"Article":[],"Course":[],"Dataset":[],"FAQPage":[],"Movie":[],"Person":[],"Product":[],"ProductReview":[],"Car":[],"Recipe":[],"Service":[],"SoftwareApplication":[],"WebPage":[]},"graphName":"","isEnabled":true},"graphs":[]},"schema_type":null,"schema_type_options":null,"pillar_content":false,"robots_default":true,"robots_noindex":false,"robots_noarchive":false,"robots_nosnippet":false,"robots_nofollow":false,"robots_noimageindex":false,"robots_noodp":false,"robots_notranslate":false,"robots_max_snippet":null,"robots_max_videopreview":null,"robots_max_imagepreview":"large","priority":null,"frequency":null,"location":null,"local_seo":null,"seo_analyzer_scan_date":"2025-08-29 20:26:13","breadcrumb_settings":null,"limit_modified_date":false,"reviewed_by":null,"open_ai":null,"ai":null,"created":"2020-12-21 10:58:13","updated":"2025-08-29 20:26:13"},"aioseo_breadcrumb":"<div class=\"aioseo-breadcrumbs\"><span class=\"aioseo-breadcrumb\">\n\t<a href=\"https:\/\/candas365.es\/noticias\" title=\"Home\">Home<\/a>\n<\/span><span class=\"aioseo-breadcrumb-separator\">&ndash;<\/span><span class=\"aioseo-breadcrumb\">\n\t<a href=\"https:\/\/candas365.es\/noticias\/category\/deporte\/\" title=\"Deporte\">Deporte<\/a>\n<\/span><span class=\"aioseo-breadcrumb-separator\">&ndash;<\/span><span class=\"aioseo-breadcrumb\">\n\tRummenigge quiere a Xabi Alonso como t\u00e9cnico del Bayern\n<\/span><\/div>","aioseo_breadcrumb_json":[{"label":"Home","link":"https:\/\/candas365.es\/noticias"},{"label":"Deporte","link":"https:\/\/candas365.es\/noticias\/category\/deporte\/"},{"label":"Rummenigge quiere a Xabi Alonso como t\u00e9cnico del Bayern","link":"https:\/\/candas365.es\/noticias\/rummenigge-quiere-a-xabi-alonso-como-tecnico-del-bayern\/"}],"_links":{"self":[{"href":"https:\/\/candas365.es\/noticias\/wp-json\/wp\/v2\/posts\/121568","targetHints":{"allow":["GET"]}}],"collection":[{"href":"https:\/\/candas365.es\/noticias\/wp-json\/wp\/v2\/posts"}],"about":[{"href":"https:\/\/candas365.es\/noticias\/wp-json\/wp\/v2\/types\/post"}],"author":[{"embeddable":true,"href":"https:\/\/candas365.es\/noticias\/wp-json\/wp\/v2\/users\/1"}],"replies":[{"embeddable":true,"href":"https:\/\/candas365.es\/noticias\/wp-json\/wp\/v2\/comments?post=121568"}],"version-history":[{"count":0,"href":"https:\/\/candas365.es\/noticias\/wp-json\/wp\/v2\/posts\/121568\/revisions"}],"wp:featuredmedia":[{"embeddable":true,"href":"https:\/\/candas365.es\/noticias\/wp-json\/wp\/v2\/media\/121569"}],"wp:attachment":[{"href":"https:\/\/candas365.es\/noticias\/wp-json\/wp\/v2\/media?parent=121568"}],"wp:term":[{"taxonomy":"category","embeddable":true,"href":"https:\/\/candas365.es\/noticias\/wp-json\/wp\/v2\/categories?post=121568"},{"taxonomy":"post_tag","embeddable":true,"href":"https:\/\/candas365.es\/noticias\/wp-json\/wp\/v2\/tags?post=121568"}],"curies":[{"name":"wp","href":"https:\/\/api.w.org\/{rel}","templated":true}]}}