{"id":121525,"date":"2019-04-27T08:27:19","date_gmt":"2019-04-27T08:27:19","guid":{"rendered":"http:\/\/candas365.es\/noticias\/?p=121525"},"modified":"2019-04-30T13:52:27","modified_gmt":"2019-04-30T13:52:27","slug":"exposicion-de-los-curos-de-extension-cultural-en-candas","status":"publish","type":"post","link":"https:\/\/candas365.es\/noticias\/exposicion-de-los-curos-de-extension-cultural-en-candas\/","title":{"rendered":"Exposici\u00f3n de los Cursos de Extensi\u00f3n Cultural en Cand\u00e1s"},"content":{"rendered":"<p><img fetchpriority=\"high\" decoding=\"async\" class=\"alignleft size-medium wp-image-121526\" src=\"https:\/\/candas365.es\/noticias\/wp-content\/uploads\/2019\/04\/Expo-en-Cand\u00e1s-360x203.jpg\" alt=\"\" width=\"360\" height=\"203\" srcset=\"https:\/\/candas365.es\/noticias\/wp-content\/uploads\/2019\/04\/Expo-en-Cand\u00e1s-360x203.jpg 360w, https:\/\/candas365.es\/noticias\/wp-content\/uploads\/2019\/04\/Expo-en-Cand\u00e1s-768x432.jpg 768w, https:\/\/candas365.es\/noticias\/wp-content\/uploads\/2019\/04\/Expo-en-Cand\u00e1s-655x368.jpg 655w, https:\/\/candas365.es\/noticias\/wp-content\/uploads\/2019\/04\/Expo-en-Cand\u00e1s-696x392.jpg 696w, https:\/\/candas365.es\/noticias\/wp-content\/uploads\/2019\/04\/Expo-en-Cand\u00e1s-1068x601.jpg 1068w, https:\/\/candas365.es\/noticias\/wp-content\/uploads\/2019\/04\/Expo-en-Cand\u00e1s-747x420.jpg 747w, https:\/\/candas365.es\/noticias\/wp-content\/uploads\/2019\/04\/Expo-en-Cand\u00e1s.jpg 1600w\" sizes=\"(max-width: 360px) 100vw, 360px\" \/>En la antigua F\u00e1brica de conservas Ortiz de Cand\u00e1s abri\u00f3 al p\u00fablico la EXPOSICI\u00d3N de los trabajos realizados por el alumnado de los CURSOS de EXTENSI\u00d3N CULTURAL, curso 2018-2019, que promueve el Ayuntamiento de Carre\u00f1o a trav\u00e9s de la Concejal\u00eda de Cultura.<\/p>\n<p>Para esta edici\u00f3n, se han ofertado 30 acciones formativas de 17 tem\u00e1ticas distintas. Manteniendo la oferta de cursos y plazas para personas de todas las edades (se ofertaron 450 plazas). Distribuidas en 2.065 horas lectivas de formaci\u00f3n. Llegando as\u00ed cada vez m\u00e1s lejos en su objetivo de promover la participaci\u00f3n social, la educaci\u00f3n, la formaci\u00f3n y la cultura, y mejorar la calidad de vida de las personas en el \u00e1mbito municipal.<\/p>\n<p>Se ha diversificado la oferta para todos los colectivos. Se ha intentado acercar la oferta formativa a un colectivo m\u00e1s amplio de personas. Como es el caso de la juventud. Y, por quinto a\u00f1o consecutivo, se ha mantenido la oferta para personas con diversidad funcional.<\/p>\n<p>La tem\u00e1tica de los cursos ha sido amplia y variada, as\u00ed por ejemplo nos encontramos con cursos dedicados a la recuperaci\u00f3n de la cultura tradicional: Danza prima y cancionero candas\u00edn, as\u00ed como confecci\u00f3n de mantas candasinas o pasando por los cl\u00e1sicos de Cocina, Cer\u00e1mica para personas adultas, Artesan\u00eda Decorativa, Talla de Madera, Pintura,..<\/p>\n<p>Adem\u00e1s se ha ofertado una mayor amplitud de horario. Atendiendo a las peticiones de la ciudadan\u00eda se han programado cursos en horario de ma\u00f1anas. La programaci\u00f3n de anteriores ediciones se concentraba en las tardes. En esta edici\u00f3n se ofertaron 4 acciones formativas en el turno de ma\u00f1ana, con la intenci\u00f3n dar oportunidades a personas que, por circunstancias personales, no pueden acudir de tarde.<\/p>\n<p>En el acto inaugural de la exposici\u00f3n se procedi\u00f3 a la entrega de los diplomas de asistencia, y el colof\u00f3n lleg\u00f3 de la mano del curso de Danza Prima y Cancionero Popular Candas\u00edn con una peque\u00f1a demostraci\u00f3n de su reportorio, bajo la direcci\u00f3n de Mar\u00eda Esther Vega.<\/p>\n<p>\u201cCon la participaci\u00f3n de este grupo en la inauguraci\u00f3n, queremos visibilizar la labor que se desarrolla en aquelloscursos que dadas sus caracter\u00edsticas, los trabajos no se puede mostrar a la ciudadan\u00eda en una exposici\u00f3n, pero existen otras formas en las que se puede dar a conocer y hacer que todos y todas disfrutemos de ellos. Adem\u00e1s de ser una forma de mostrar al p\u00fablico las tradiciones de nuestro pueblo\u201d coment\u00f3 Cecilia Tasc\u00f3n-Concejala de Cultura-:<\/p>\n<p>\u201cOtra de las novedades de la exposici\u00f3n de este a\u00f1o, es el cambio de ubicaci\u00f3n de la muestra. Cuando se program\u00f3 el calendario de los cursos, la exposici\u00f3n estaba proyectada en la Casa de la Cultura, pero debido a que ese espacio es Colegio Electoral la misma tuvo que trasladarse a la F\u00e1brica de Ortiz\u201c relat\u00f3 Tasc\u00f3n<\/p>\n<p>La Exposici\u00f3n de los Trabajos se podr\u00e1 visitar desde el viernes 26 de abril hasta el jueves 9 de mayo, ambos inclusive en la Antigua F\u00e1brica de Ortiz.<\/p>\n<p>Siendo el horario:<\/p>\n<p>\u2022 De martes a s\u00e1bado de 17.30 a 20:00 horas.<br \/>\n\u2022 Domingos y festivos de 12:00 a 14:00 horas y de 17:30 a 20:00 horas.<\/p>\n","protected":false},"excerpt":{"rendered":"<p>En la antigua F\u00e1brica de conservas Ortiz de Cand\u00e1s abri\u00f3 al p\u00fablico la EXPOSICI\u00d3N de los trabajos realizados por el alumnado de los CURSOS de EXTENSI\u00d3N CULTURAL, curso 2018-2019, que promueve el Ayuntamiento de Carre\u00f1o a trav\u00e9s de la Concejal\u00eda de Cultura. Para esta edici\u00f3n, se han ofertado 30 acciones formativas de 17 tem\u00e1ticas distintas.<\/p>\n","protected":false},"author":1,"featured_media":121526,"comment_status":"closed","ping_status":"closed","sticky":false,"template":"","format":"standard","meta":{"footnotes":""},"categories":[2],"tags":[],"class_list":{"0":"post-121525","1":"post","2":"type-post","3":"status-publish","4":"format-standard","5":"has-post-thumbnail","7":"category-noticias-carreno"},"aioseo_notices":[],"aioseo_head":"\n\t\t<!-- All in One SEO Pro 4.9.6.2 - aioseo.com -->\n\t<meta name=\"description\" content=\"En la antigua F\u00e1brica de conservas Ortiz de Cand\u00e1s abri\u00f3 al p\u00fablico la EXPOSICI\u00d3N de los trabajos realizados por el alumnado de los CURSOS de EXTENSI\u00d3N CULTURAL, curso 2018-2019, que promueve el Ayuntamiento de Carre\u00f1o a trav\u00e9s de la Concejal\u00eda de Cultura. Para esta edici\u00f3n, se han ofertado 30 acciones formativas de 17 tem\u00e1ticas distintas.\" \/>\n\t<meta name=\"robots\" content=\"max-image-preview:large\" \/>\n\t<meta name=\"author\" content=\"Cand\u00e1s 365\"\/>\n\t<meta name=\"google-site-verification\" content=\"UA-32230408-1\" \/>\n\t<meta name=\"msvalidate.01\" content=\"354F3CDFB2DA171B47FBE9ABF1F88D5\" \/>\n\t<meta name=\"keywords\" content=\"noticias carre\u00f1o\" \/>\n\t<link rel=\"canonical\" href=\"https:\/\/candas365.es\/noticias\/exposicion-de-los-curos-de-extension-cultural-en-candas\/\" \/>\n\t<meta name=\"generator\" content=\"All in One SEO Pro (AIOSEO) 4.9.6.2\" \/>\n\t\t<meta property=\"og:locale\" content=\"es_ES\" \/>\n\t\t<meta property=\"og:site_name\" content=\"Cand\u00e1s 365\" \/>\n\t\t<meta property=\"og:type\" content=\"article\" \/>\n\t\t<meta property=\"og:title\" content=\"Exposici\u00f3n de los Cursos de Extensi\u00f3n Cultural en Cand\u00e1s | Cand\u00e1s 365\" \/>\n\t\t<meta property=\"og:description\" content=\"En la antigua F\u00e1brica de conservas Ortiz de Cand\u00e1s abri\u00f3 al p\u00fablico la EXPOSICI\u00d3N de los trabajos realizados por el alumnado de los CURSOS de EXTENSI\u00d3N CULTURAL, curso 2018-2019, que promueve el Ayuntamiento de Carre\u00f1o a trav\u00e9s de la Concejal\u00eda de Cultura. Para esta edici\u00f3n, se han ofertado 30 acciones formativas de 17 tem\u00e1ticas distintas.\" \/>\n\t\t<meta property=\"og:url\" content=\"https:\/\/candas365.es\/noticias\/exposicion-de-los-curos-de-extension-cultural-en-candas\/\" \/>\n\t\t<meta property=\"og:image\" content=\"https:\/\/candas365.es\/noticias\/wp-content\/uploads\/2019\/04\/Expo-en-Cand\u00e1s.jpg\" \/>\n\t\t<meta property=\"og:image:secure_url\" content=\"https:\/\/candas365.es\/noticias\/wp-content\/uploads\/2019\/04\/Expo-en-Cand\u00e1s.jpg\" \/>\n\t\t<meta property=\"og:image:width\" content=\"1600\" \/>\n\t\t<meta property=\"og:image:height\" content=\"900\" \/>\n\t\t<meta property=\"article:published_time\" content=\"2019-04-27T08:27:19+00:00\" \/>\n\t\t<meta property=\"article:modified_time\" content=\"2019-04-30T13:52:27+00:00\" \/>\n\t\t<meta property=\"article:publisher\" content=\"https:\/\/www.facebook.com\/Nachofdezber\" \/>\n\t\t<meta property=\"article:author\" content=\"https:\/\/www.facebook.com\/carrenoactualidad\" \/>\n\t\t<meta name=\"twitter:card\" content=\"summary_large_image\" \/>\n\t\t<meta name=\"twitter:site\" content=\"@NabercoDigital\" \/>\n\t\t<meta name=\"twitter:title\" content=\"Exposici\u00f3n de los Cursos de Extensi\u00f3n Cultural en Cand\u00e1s | Cand\u00e1s 365\" \/>\n\t\t<meta name=\"twitter:description\" content=\"En la antigua F\u00e1brica de conservas Ortiz de Cand\u00e1s abri\u00f3 al p\u00fablico la EXPOSICI\u00d3N de los trabajos realizados por el alumnado de los CURSOS de EXTENSI\u00d3N CULTURAL, curso 2018-2019, que promueve el Ayuntamiento de Carre\u00f1o a trav\u00e9s de la Concejal\u00eda de Cultura. Para esta edici\u00f3n, se han ofertado 30 acciones formativas de 17 tem\u00e1ticas distintas.\" \/>\n\t\t<meta name=\"twitter:creator\" content=\"@nbasturias\" \/>\n\t\t<meta name=\"twitter:image\" content=\"https:\/\/candas365.es\/noticias\/wp-content\/uploads\/2019\/04\/Expo-en-Cand\u00e1s.jpg\" \/>\n\t\t<meta name=\"twitter:label1\" content=\"Escrito por\" \/>\n\t\t<meta name=\"twitter:data1\" content=\"Cand\u00e1s 365\" \/>\n\t\t<meta name=\"twitter:label2\" content=\"Tiempo de lectura estimado\" \/>\n\t\t<meta name=\"twitter:data2\" content=\"3 minutos\" \/>\n\t\t<script type=\"application\/ld+json\" class=\"aioseo-schema\">\n\t\t\t{\"@context\":\"https:\\\/\\\/schema.org\",\"@graph\":[{\"@type\":\"BreadcrumbList\",\"@id\":\"https:\\\/\\\/candas365.es\\\/noticias\\\/exposicion-de-los-curos-de-extension-cultural-en-candas\\\/#breadcrumblist\",\"itemListElement\":[{\"@type\":\"ListItem\",\"@id\":\"https:\\\/\\\/candas365.es\\\/noticias#listItem\",\"position\":1,\"name\":\"Home\",\"item\":\"https:\\\/\\\/candas365.es\\\/noticias\",\"nextItem\":{\"@type\":\"ListItem\",\"@id\":\"https:\\\/\\\/candas365.es\\\/noticias\\\/category\\\/noticias-carreno\\\/#listItem\",\"name\":\"Noticias Carre\\u00f1o\"}},{\"@type\":\"ListItem\",\"@id\":\"https:\\\/\\\/candas365.es\\\/noticias\\\/category\\\/noticias-carreno\\\/#listItem\",\"position\":2,\"name\":\"Noticias Carre\\u00f1o\",\"item\":\"https:\\\/\\\/candas365.es\\\/noticias\\\/category\\\/noticias-carreno\\\/\",\"nextItem\":{\"@type\":\"ListItem\",\"@id\":\"https:\\\/\\\/candas365.es\\\/noticias\\\/exposicion-de-los-curos-de-extension-cultural-en-candas\\\/#listItem\",\"name\":\"Exposici\\u00f3n de los Cursos de Extensi\\u00f3n Cultural en Cand\\u00e1s\"},\"previousItem\":{\"@type\":\"ListItem\",\"@id\":\"https:\\\/\\\/candas365.es\\\/noticias#listItem\",\"name\":\"Home\"}},{\"@type\":\"ListItem\",\"@id\":\"https:\\\/\\\/candas365.es\\\/noticias\\\/exposicion-de-los-curos-de-extension-cultural-en-candas\\\/#listItem\",\"position\":3,\"name\":\"Exposici\\u00f3n de los Cursos de Extensi\\u00f3n Cultural en Cand\\u00e1s\",\"previousItem\":{\"@type\":\"ListItem\",\"@id\":\"https:\\\/\\\/candas365.es\\\/noticias\\\/category\\\/noticias-carreno\\\/#listItem\",\"name\":\"Noticias Carre\\u00f1o\"}}]},{\"@type\":\"NewsArticle\",\"@id\":\"https:\\\/\\\/candas365.es\\\/noticias\\\/exposicion-de-los-curos-de-extension-cultural-en-candas\\\/#newsarticle\",\"name\":\"Exposici\\u00f3n de los Cursos de Extensi\\u00f3n Cultural en Cand\\u00e1s | Cand\\u00e1s 365\",\"headline\":\"Exposici\\u00f3n de los Cursos de Extensi\\u00f3n Cultural en Cand\\u00e1s\",\"author\":{\"@id\":\"https:\\\/\\\/candas365.es\\\/noticias\\\/author\\\/admin\\\/#author\"},\"publisher\":{\"@id\":\"https:\\\/\\\/candas365.es\\\/noticias\\\/#organization\"},\"image\":{\"@type\":\"ImageObject\",\"url\":\"https:\\\/\\\/candas365.es\\\/noticias\\\/wp-content\\\/uploads\\\/2019\\\/04\\\/Expo-en-Cand\\u00e1s.jpg\",\"width\":1600,\"height\":900},\"datePublished\":\"2019-04-27T08:27:19+02:00\",\"dateModified\":\"2019-04-30T13:52:27+02:00\",\"inLanguage\":\"es-ES\",\"mainEntityOfPage\":{\"@id\":\"https:\\\/\\\/candas365.es\\\/noticias\\\/exposicion-de-los-curos-de-extension-cultural-en-candas\\\/#webpage\"},\"isPartOf\":{\"@id\":\"https:\\\/\\\/candas365.es\\\/noticias\\\/exposicion-de-los-curos-de-extension-cultural-en-candas\\\/#webpage\"},\"articleSection\":\"Noticias Carre\\u00f1o\",\"dateline\":\"Publicado el abril 27, 2019.\"},{\"@type\":\"Organization\",\"@id\":\"https:\\\/\\\/candas365.es\\\/noticias\\\/#organization\",\"name\":\"Cand\\u00e1s 365\",\"description\":\"Cand\\u00e1s 365 es un diario digital independiente, fundado en 2012, con base en Asturias. Informamos con rigor sobre actualidad, sociedad, cultura y ocio, con una mirada local y global.\",\"url\":\"https:\\\/\\\/candas365.es\\\/noticias\\\/\",\"email\":\"info@candas365.es\",\"telephone\":\"+34652131393\",\"foundingDate\":\"2012-06-10\",\"logo\":{\"@type\":\"ImageObject\",\"url\":\"https:\\\/\\\/candas365.es\\\/noticias\\\/wp-content\\\/uploads\\\/2024\\\/09\\\/Candas-365-Redes.jpg\",\"@id\":\"https:\\\/\\\/candas365.es\\\/noticias\\\/exposicion-de-los-curos-de-extension-cultural-en-candas\\\/#organizationLogo\",\"width\":1152,\"height\":864,\"caption\":\"Cand\\u00e1s 365 Redes\"},\"image\":{\"@id\":\"https:\\\/\\\/candas365.es\\\/noticias\\\/exposicion-de-los-curos-de-extension-cultural-en-candas\\\/#organizationLogo\"},\"sameAs\":[\"https:\\\/\\\/www.facebook.com\\\/Nachofdezber\",\"https:\\\/\\\/x.com\\\/NabercoDigital\",\"https:\\\/\\\/www.instagram.com\\\/nachofdezber\\\/\",\"https:\\\/\\\/www.youtube.com\\\/channel\\\/UCZP-2wLEB9Rv6erhFmqVnvg\"],\"address\":{\"@id\":\"https:\\\/\\\/candas365.es\\\/noticias\\\/#postaladdress\",\"@type\":\"PostalAddress\",\"streetAddress\":\"san antonio 4, san antonio 4\",\"postalCode\":\"33430\",\"addressLocality\":\"Cand\\u00e1s\",\"addressRegion\":\"Asturias\",\"addressCountry\":\"ES\"}},{\"@type\":\"Person\",\"@id\":\"https:\\\/\\\/candas365.es\\\/noticias\\\/author\\\/admin\\\/#author\",\"url\":\"https:\\\/\\\/candas365.es\\\/noticias\\\/author\\\/admin\\\/\",\"name\":\"Cand\\u00e1s 365\",\"image\":{\"@type\":\"ImageObject\",\"@id\":\"https:\\\/\\\/candas365.es\\\/noticias\\\/exposicion-de-los-curos-de-extension-cultural-en-candas\\\/#authorImage\",\"url\":\"https:\\\/\\\/secure.gravatar.com\\\/avatar\\\/496a8e03d0c493ede1718b7934145dbdf8d89be1036b0eec9544e1094c9de390?s=96&d=mm&r=g\",\"width\":96,\"height\":96,\"caption\":\"Cand\\u00e1s 365\"},\"sameAs\":[\"https:\\\/\\\/www.facebook.com\\\/carrenoactualidad\",\"https:\\\/\\\/twitter.com\\\/nbasturias\",\"https:\\\/\\\/www.instagram.com\\\/nachofdezber\\\/\",\"https:\\\/\\\/www.youtube.com\\\/channel\\\/UCZP-2wLEB9Rv6erhFmqVnvg\"]},{\"@type\":\"WebPage\",\"@id\":\"https:\\\/\\\/candas365.es\\\/noticias\\\/exposicion-de-los-curos-de-extension-cultural-en-candas\\\/#webpage\",\"url\":\"https:\\\/\\\/candas365.es\\\/noticias\\\/exposicion-de-los-curos-de-extension-cultural-en-candas\\\/\",\"name\":\"Exposici\\u00f3n de los Cursos de Extensi\\u00f3n Cultural en Cand\\u00e1s | Cand\\u00e1s 365\",\"description\":\"En la antigua F\\u00e1brica de conservas Ortiz de Cand\\u00e1s abri\\u00f3 al p\\u00fablico la EXPOSICI\\u00d3N de los trabajos realizados por el alumnado de los CURSOS de EXTENSI\\u00d3N CULTURAL, curso 2018-2019, que promueve el Ayuntamiento de Carre\\u00f1o a trav\\u00e9s de la Concejal\\u00eda de Cultura. Para esta edici\\u00f3n, se han ofertado 30 acciones formativas de 17 tem\\u00e1ticas distintas.\",\"inLanguage\":\"es-ES\",\"isPartOf\":{\"@id\":\"https:\\\/\\\/candas365.es\\\/noticias\\\/#website\"},\"breadcrumb\":{\"@id\":\"https:\\\/\\\/candas365.es\\\/noticias\\\/exposicion-de-los-curos-de-extension-cultural-en-candas\\\/#breadcrumblist\"},\"author\":{\"@id\":\"https:\\\/\\\/candas365.es\\\/noticias\\\/author\\\/admin\\\/#author\"},\"creator\":{\"@id\":\"https:\\\/\\\/candas365.es\\\/noticias\\\/author\\\/admin\\\/#author\"},\"image\":{\"@type\":\"ImageObject\",\"url\":\"https:\\\/\\\/candas365.es\\\/noticias\\\/wp-content\\\/uploads\\\/2019\\\/04\\\/Expo-en-Cand\\u00e1s.jpg\",\"@id\":\"https:\\\/\\\/candas365.es\\\/noticias\\\/exposicion-de-los-curos-de-extension-cultural-en-candas\\\/#mainImage\",\"width\":1600,\"height\":900},\"primaryImageOfPage\":{\"@id\":\"https:\\\/\\\/candas365.es\\\/noticias\\\/exposicion-de-los-curos-de-extension-cultural-en-candas\\\/#mainImage\"},\"datePublished\":\"2019-04-27T08:27:19+02:00\",\"dateModified\":\"2019-04-30T13:52:27+02:00\"},{\"@type\":\"WebSite\",\"@id\":\"https:\\\/\\\/candas365.es\\\/noticias\\\/#website\",\"url\":\"https:\\\/\\\/candas365.es\\\/noticias\\\/\",\"name\":\"Cand\\u00e1s 365\",\"alternateName\":\"Cand\\u00e1s 365 Noticias\",\"description\":\"Actualidad desde Carre\\u00f1o para el mundo\",\"inLanguage\":\"es-ES\",\"publisher\":{\"@id\":\"https:\\\/\\\/candas365.es\\\/noticias\\\/#organization\"}}]}\n\t\t<\/script>\n\t\t<!-- All in One SEO Pro -->\r\n\t\t<title>Exposici\u00f3n de los Cursos de Extensi\u00f3n Cultural en Cand\u00e1s | Cand\u00e1s 365<\/title>\n\n","aioseo_head_json":{"title":"Exposici\u00f3n de los Cursos de Extensi\u00f3n Cultural en Cand\u00e1s | Cand\u00e1s 365","description":"En la antigua F\u00e1brica de conservas Ortiz de Cand\u00e1s abri\u00f3 al p\u00fablico la EXPOSICI\u00d3N de los trabajos realizados por el alumnado de los CURSOS de EXTENSI\u00d3N CULTURAL, curso 2018-2019, que promueve el Ayuntamiento de Carre\u00f1o a trav\u00e9s de la Concejal\u00eda de Cultura. Para esta edici\u00f3n, se han ofertado 30 acciones formativas de 17 tem\u00e1ticas distintas.","canonical_url":"https:\/\/candas365.es\/noticias\/exposicion-de-los-curos-de-extension-cultural-en-candas\/","robots":"max-image-preview:large","keywords":"noticias carre\u00f1o","webmasterTools":{"google-site-verification":"UA-32230408-1","msvalidate.01":"354F3CDFB2DA171B47FBE9ABF1F88D5","miscellaneous":""},"schema":{"@context":"https:\/\/schema.org","@graph":[{"@type":"BreadcrumbList","@id":"https:\/\/candas365.es\/noticias\/exposicion-de-los-curos-de-extension-cultural-en-candas\/#breadcrumblist","itemListElement":[{"@type":"ListItem","@id":"https:\/\/candas365.es\/noticias#listItem","position":1,"name":"Home","item":"https:\/\/candas365.es\/noticias","nextItem":{"@type":"ListItem","@id":"https:\/\/candas365.es\/noticias\/category\/noticias-carreno\/#listItem","name":"Noticias Carre\u00f1o"}},{"@type":"ListItem","@id":"https:\/\/candas365.es\/noticias\/category\/noticias-carreno\/#listItem","position":2,"name":"Noticias Carre\u00f1o","item":"https:\/\/candas365.es\/noticias\/category\/noticias-carreno\/","nextItem":{"@type":"ListItem","@id":"https:\/\/candas365.es\/noticias\/exposicion-de-los-curos-de-extension-cultural-en-candas\/#listItem","name":"Exposici\u00f3n de los Cursos de Extensi\u00f3n Cultural en Cand\u00e1s"},"previousItem":{"@type":"ListItem","@id":"https:\/\/candas365.es\/noticias#listItem","name":"Home"}},{"@type":"ListItem","@id":"https:\/\/candas365.es\/noticias\/exposicion-de-los-curos-de-extension-cultural-en-candas\/#listItem","position":3,"name":"Exposici\u00f3n de los Cursos de Extensi\u00f3n Cultural en Cand\u00e1s","previousItem":{"@type":"ListItem","@id":"https:\/\/candas365.es\/noticias\/category\/noticias-carreno\/#listItem","name":"Noticias Carre\u00f1o"}}]},{"@type":"NewsArticle","@id":"https:\/\/candas365.es\/noticias\/exposicion-de-los-curos-de-extension-cultural-en-candas\/#newsarticle","name":"Exposici\u00f3n de los Cursos de Extensi\u00f3n Cultural en Cand\u00e1s | Cand\u00e1s 365","headline":"Exposici\u00f3n de los Cursos de Extensi\u00f3n Cultural en Cand\u00e1s","author":{"@id":"https:\/\/candas365.es\/noticias\/author\/admin\/#author"},"publisher":{"@id":"https:\/\/candas365.es\/noticias\/#organization"},"image":{"@type":"ImageObject","url":"https:\/\/candas365.es\/noticias\/wp-content\/uploads\/2019\/04\/Expo-en-Cand\u00e1s.jpg","width":1600,"height":900},"datePublished":"2019-04-27T08:27:19+02:00","dateModified":"2019-04-30T13:52:27+02:00","inLanguage":"es-ES","mainEntityOfPage":{"@id":"https:\/\/candas365.es\/noticias\/exposicion-de-los-curos-de-extension-cultural-en-candas\/#webpage"},"isPartOf":{"@id":"https:\/\/candas365.es\/noticias\/exposicion-de-los-curos-de-extension-cultural-en-candas\/#webpage"},"articleSection":"Noticias Carre\u00f1o","dateline":"Publicado el abril 27, 2019."},{"@type":"Organization","@id":"https:\/\/candas365.es\/noticias\/#organization","name":"Cand\u00e1s 365","description":"Cand\u00e1s 365 es un diario digital independiente, fundado en 2012, con base en Asturias. Informamos con rigor sobre actualidad, sociedad, cultura y ocio, con una mirada local y global.","url":"https:\/\/candas365.es\/noticias\/","email":"info@candas365.es","telephone":"+34652131393","foundingDate":"2012-06-10","logo":{"@type":"ImageObject","url":"https:\/\/candas365.es\/noticias\/wp-content\/uploads\/2024\/09\/Candas-365-Redes.jpg","@id":"https:\/\/candas365.es\/noticias\/exposicion-de-los-curos-de-extension-cultural-en-candas\/#organizationLogo","width":1152,"height":864,"caption":"Cand\u00e1s 365 Redes"},"image":{"@id":"https:\/\/candas365.es\/noticias\/exposicion-de-los-curos-de-extension-cultural-en-candas\/#organizationLogo"},"sameAs":["https:\/\/www.facebook.com\/Nachofdezber","https:\/\/x.com\/NabercoDigital","https:\/\/www.instagram.com\/nachofdezber\/","https:\/\/www.youtube.com\/channel\/UCZP-2wLEB9Rv6erhFmqVnvg"],"address":{"@id":"https:\/\/candas365.es\/noticias\/#postaladdress","@type":"PostalAddress","streetAddress":"san antonio 4, san antonio 4","postalCode":"33430","addressLocality":"Cand\u00e1s","addressRegion":"Asturias","addressCountry":"ES"}},{"@type":"Person","@id":"https:\/\/candas365.es\/noticias\/author\/admin\/#author","url":"https:\/\/candas365.es\/noticias\/author\/admin\/","name":"Cand\u00e1s 365","image":{"@type":"ImageObject","@id":"https:\/\/candas365.es\/noticias\/exposicion-de-los-curos-de-extension-cultural-en-candas\/#authorImage","url":"https:\/\/secure.gravatar.com\/avatar\/496a8e03d0c493ede1718b7934145dbdf8d89be1036b0eec9544e1094c9de390?s=96&d=mm&r=g","width":96,"height":96,"caption":"Cand\u00e1s 365"},"sameAs":["https:\/\/www.facebook.com\/carrenoactualidad","https:\/\/twitter.com\/nbasturias","https:\/\/www.instagram.com\/nachofdezber\/","https:\/\/www.youtube.com\/channel\/UCZP-2wLEB9Rv6erhFmqVnvg"]},{"@type":"WebPage","@id":"https:\/\/candas365.es\/noticias\/exposicion-de-los-curos-de-extension-cultural-en-candas\/#webpage","url":"https:\/\/candas365.es\/noticias\/exposicion-de-los-curos-de-extension-cultural-en-candas\/","name":"Exposici\u00f3n de los Cursos de Extensi\u00f3n Cultural en Cand\u00e1s | Cand\u00e1s 365","description":"En la antigua F\u00e1brica de conservas Ortiz de Cand\u00e1s abri\u00f3 al p\u00fablico la EXPOSICI\u00d3N de los trabajos realizados por el alumnado de los CURSOS de EXTENSI\u00d3N CULTURAL, curso 2018-2019, que promueve el Ayuntamiento de Carre\u00f1o a trav\u00e9s de la Concejal\u00eda de Cultura. Para esta edici\u00f3n, se han ofertado 30 acciones formativas de 17 tem\u00e1ticas distintas.","inLanguage":"es-ES","isPartOf":{"@id":"https:\/\/candas365.es\/noticias\/#website"},"breadcrumb":{"@id":"https:\/\/candas365.es\/noticias\/exposicion-de-los-curos-de-extension-cultural-en-candas\/#breadcrumblist"},"author":{"@id":"https:\/\/candas365.es\/noticias\/author\/admin\/#author"},"creator":{"@id":"https:\/\/candas365.es\/noticias\/author\/admin\/#author"},"image":{"@type":"ImageObject","url":"https:\/\/candas365.es\/noticias\/wp-content\/uploads\/2019\/04\/Expo-en-Cand\u00e1s.jpg","@id":"https:\/\/candas365.es\/noticias\/exposicion-de-los-curos-de-extension-cultural-en-candas\/#mainImage","width":1600,"height":900},"primaryImageOfPage":{"@id":"https:\/\/candas365.es\/noticias\/exposicion-de-los-curos-de-extension-cultural-en-candas\/#mainImage"},"datePublished":"2019-04-27T08:27:19+02:00","dateModified":"2019-04-30T13:52:27+02:00"},{"@type":"WebSite","@id":"https:\/\/candas365.es\/noticias\/#website","url":"https:\/\/candas365.es\/noticias\/","name":"Cand\u00e1s 365","alternateName":"Cand\u00e1s 365 Noticias","description":"Actualidad desde Carre\u00f1o para el mundo","inLanguage":"es-ES","publisher":{"@id":"https:\/\/candas365.es\/noticias\/#organization"}}]},"og:locale":"es_ES","og:site_name":"Cand\u00e1s 365","og:type":"article","og:title":"Exposici\u00f3n de los Cursos de Extensi\u00f3n Cultural en Cand\u00e1s | Cand\u00e1s 365","og:description":"En la antigua F\u00e1brica de conservas Ortiz de Cand\u00e1s abri\u00f3 al p\u00fablico la EXPOSICI\u00d3N de los trabajos realizados por el alumnado de los CURSOS de EXTENSI\u00d3N CULTURAL, curso 2018-2019, que promueve el Ayuntamiento de Carre\u00f1o a trav\u00e9s de la Concejal\u00eda de Cultura. Para esta edici\u00f3n, se han ofertado 30 acciones formativas de 17 tem\u00e1ticas distintas.","og:url":"https:\/\/candas365.es\/noticias\/exposicion-de-los-curos-de-extension-cultural-en-candas\/","og:image":"https:\/\/candas365.es\/noticias\/wp-content\/uploads\/2019\/04\/Expo-en-Cand\u00e1s.jpg","og:image:secure_url":"https:\/\/candas365.es\/noticias\/wp-content\/uploads\/2019\/04\/Expo-en-Cand\u00e1s.jpg","og:image:width":1600,"og:image:height":900,"article:published_time":"2019-04-27T08:27:19+00:00","article:modified_time":"2019-04-30T13:52:27+00:00","article:publisher":"https:\/\/www.facebook.com\/Nachofdezber","article:author":"https:\/\/www.facebook.com\/carrenoactualidad","twitter:card":"summary_large_image","twitter:site":"@NabercoDigital","twitter:title":"Exposici\u00f3n de los Cursos de Extensi\u00f3n Cultural en Cand\u00e1s | Cand\u00e1s 365","twitter:description":"En la antigua F\u00e1brica de conservas Ortiz de Cand\u00e1s abri\u00f3 al p\u00fablico la EXPOSICI\u00d3N de los trabajos realizados por el alumnado de los CURSOS de EXTENSI\u00d3N CULTURAL, curso 2018-2019, que promueve el Ayuntamiento de Carre\u00f1o a trav\u00e9s de la Concejal\u00eda de Cultura. Para esta edici\u00f3n, se han ofertado 30 acciones formativas de 17 tem\u00e1ticas distintas.","twitter:creator":"@nbasturias","twitter:image":"https:\/\/candas365.es\/noticias\/wp-content\/uploads\/2019\/04\/Expo-en-Cand\u00e1s.jpg","twitter:label1":"Escrito por","twitter:data1":"Cand\u00e1s 365","twitter:label2":"Tiempo de lectura estimado","twitter:data2":"3 minutos"},"aioseo_meta_data":{"post_id":"121525","title":null,"description":null,"keywords":null,"keyphrases":null,"primary_term":null,"canonical_url":null,"og_title":null,"og_description":null,"og_object_type":"default","og_image_type":"default","og_image_url":null,"og_image_width":null,"og_image_height":null,"og_image_custom_url":null,"og_image_custom_fields":null,"og_video":null,"og_custom_url":null,"og_article_section":null,"og_article_tags":null,"twitter_use_og":false,"twitter_card":"default","twitter_image_type":"default","twitter_image_url":null,"twitter_image_custom_url":null,"twitter_image_custom_fields":null,"twitter_title":null,"twitter_description":null,"schema":{"blockGraphs":[],"customGraphs":[],"default":{"data":{"Article":[],"Course":[],"Dataset":[],"FAQPage":[],"Movie":[],"Person":[],"Product":[],"ProductReview":[],"Car":[],"Recipe":[],"Service":[],"SoftwareApplication":[],"WebPage":[]},"graphName":"","isEnabled":true},"graphs":[]},"schema_type":null,"schema_type_options":null,"pillar_content":false,"robots_default":true,"robots_noindex":false,"robots_noarchive":false,"robots_nosnippet":false,"robots_nofollow":false,"robots_noimageindex":false,"robots_noodp":false,"robots_notranslate":false,"robots_max_snippet":null,"robots_max_videopreview":null,"robots_max_imagepreview":"large","priority":null,"frequency":null,"location":null,"local_seo":null,"seo_analyzer_scan_date":"2025-08-29 20:18:12","breadcrumb_settings":null,"limit_modified_date":false,"reviewed_by":null,"open_ai":null,"ai":null,"created":"2020-12-21 10:58:13","updated":"2025-08-29 20:18:12"},"aioseo_breadcrumb":"<div class=\"aioseo-breadcrumbs\"><span class=\"aioseo-breadcrumb\">\n\t<a href=\"https:\/\/candas365.es\/noticias\" title=\"Home\">Home<\/a>\n<\/span><span class=\"aioseo-breadcrumb-separator\">&ndash;<\/span><span class=\"aioseo-breadcrumb\">\n\t<a href=\"https:\/\/candas365.es\/noticias\/category\/noticias-carreno\/\" title=\"Noticias Carre\u00f1o\">Noticias Carre\u00f1o<\/a>\n<\/span><span class=\"aioseo-breadcrumb-separator\">&ndash;<\/span><span class=\"aioseo-breadcrumb\">\n\tExposici\u00f3n de los Cursos de Extensi\u00f3n Cultural en Cand\u00e1s\n<\/span><\/div>","aioseo_breadcrumb_json":[{"label":"Home","link":"https:\/\/candas365.es\/noticias"},{"label":"Noticias Carre\u00f1o","link":"https:\/\/candas365.es\/noticias\/category\/noticias-carreno\/"},{"label":"Exposici\u00f3n de los Cursos de Extensi\u00f3n Cultural en Cand\u00e1s","link":"https:\/\/candas365.es\/noticias\/exposicion-de-los-curos-de-extension-cultural-en-candas\/"}],"_links":{"self":[{"href":"https:\/\/candas365.es\/noticias\/wp-json\/wp\/v2\/posts\/121525","targetHints":{"allow":["GET"]}}],"collection":[{"href":"https:\/\/candas365.es\/noticias\/wp-json\/wp\/v2\/posts"}],"about":[{"href":"https:\/\/candas365.es\/noticias\/wp-json\/wp\/v2\/types\/post"}],"author":[{"embeddable":true,"href":"https:\/\/candas365.es\/noticias\/wp-json\/wp\/v2\/users\/1"}],"replies":[{"embeddable":true,"href":"https:\/\/candas365.es\/noticias\/wp-json\/wp\/v2\/comments?post=121525"}],"version-history":[{"count":0,"href":"https:\/\/candas365.es\/noticias\/wp-json\/wp\/v2\/posts\/121525\/revisions"}],"wp:featuredmedia":[{"embeddable":true,"href":"https:\/\/candas365.es\/noticias\/wp-json\/wp\/v2\/media\/121526"}],"wp:attachment":[{"href":"https:\/\/candas365.es\/noticias\/wp-json\/wp\/v2\/media?parent=121525"}],"wp:term":[{"taxonomy":"category","embeddable":true,"href":"https:\/\/candas365.es\/noticias\/wp-json\/wp\/v2\/categories?post=121525"},{"taxonomy":"post_tag","embeddable":true,"href":"https:\/\/candas365.es\/noticias\/wp-json\/wp\/v2\/tags?post=121525"}],"curies":[{"name":"wp","href":"https:\/\/api.w.org\/{rel}","templated":true}]}}