{"id":121484,"date":"2019-04-26T06:23:17","date_gmt":"2019-04-26T06:23:17","guid":{"rendered":"http:\/\/candas365.es\/noticias\/?p=121484"},"modified":"2019-04-26T06:23:17","modified_gmt":"2019-04-26T06:23:17","slug":"segunda-alborada-poetica-en-llorgozana","status":"publish","type":"post","link":"https:\/\/candas365.es\/noticias\/segunda-alborada-poetica-en-llorgozana\/","title":{"rendered":"Segunda Alborada Po\u00e9tica en Llorgozana"},"content":{"rendered":"<p><img fetchpriority=\"high\" decoding=\"async\" class=\"alignleft size-medium wp-image-121485\" src=\"https:\/\/candas365.es\/noticias\/wp-content\/uploads\/2019\/04\/jornadas-poeticas-de-logrezana-212x300.jpg\" alt=\"\" width=\"212\" height=\"300\" srcset=\"https:\/\/candas365.es\/noticias\/wp-content\/uploads\/2019\/04\/jornadas-poeticas-de-logrezana-212x300.jpg 212w, https:\/\/candas365.es\/noticias\/wp-content\/uploads\/2019\/04\/jornadas-poeticas-de-logrezana-768x1086.jpg 768w, https:\/\/candas365.es\/noticias\/wp-content\/uploads\/2019\/04\/jornadas-poeticas-de-logrezana-339x480.jpg 339w, https:\/\/candas365.es\/noticias\/wp-content\/uploads\/2019\/04\/jornadas-poeticas-de-logrezana-696x984.jpg 696w, https:\/\/candas365.es\/noticias\/wp-content\/uploads\/2019\/04\/jornadas-poeticas-de-logrezana-297x420.jpg 297w, https:\/\/candas365.es\/noticias\/wp-content\/uploads\/2019\/04\/jornadas-poeticas-de-logrezana.jpg 905w\" sizes=\"(max-width: 212px) 100vw, 212px\" \/>El Concejo de Carre\u00f1o vuelve a ser el escenario escogido por la Consejer\u00eda de Educaci\u00f3n y Cultura para inaugurar la XL edici\u00f3n de las Selmana de les LLetres Asturianes con una \u201cAlborada Po\u00e9tica en la que se rendir\u00e1 homenaje al poeta carre\u00f1ense Ant\u00f3n de Mariarreguera.<\/p>\n<p>La imagen de la persona de Ant\u00f3n de Marirreguera cobra especial importancia en el Concejo de Carre\u00f1o, por ser el lugar de nacimiento de \u00e9ste y por ser el autor de la que se considera la primera obra literaria conservada en asturiano. Motivo por el cual la celebraci\u00f3n de la Selmana de les Lletres Asturianes da comienzo en la parroquia de Llorgozana, lugar de nacimiento del poeta.<\/p>\n<p>El Director de la Direcci\u00f3n Regional de Planificaci\u00f3n Ling\u00fc\u00edstica, Fernando Padilla junto con la Alcaldesa de Carre\u00f1o, Amelia Fern\u00e1ndez L\u00f3pez ser\u00e1n las personas encargadas de inaugurar una Selmana en la que este edici\u00f3n la Consejer\u00eda de Cultura ha querido dedicarla a la m\u00fasica asturiana.<\/p>\n<p>La cita tendr\u00e1 en las Escuelas de la parroquia de Llorgozana al amanecer del viernes 26 de abril a las 7:00 horas de la ma\u00f1ana. Un acto que estar\u00e1 presentado por una de las voces m\u00e1s representativas de la canci\u00f3n asturiana Silvia Su\u00e1rez y en el que poeta asturiano ganador de la \u00faltima edici\u00f3n del premio de poes\u00eda asturiana, que concede la Consejer\u00eda de Cultura, \u201cXuan Mar\u00eda Acebal\u201d Pablo Tex\u00f3n Casta\u00f1\u00f3n recitar\u00e1 una selecci\u00f3n de los poemas incluidos en la obra ganadora \u201cAllumamientu\u201d.<\/p>\n<p>Entre la totalidad de las obras presentadas al certamen de poes\u00eda \u201cXuan Acebal\u201d el jurado decidi\u00f3 premiar esta obra destacando la originalidad de la tem\u00e1tica, as\u00ed como la destreza r\u00edtmica y la variedad estil\u00edstica de los poemas, que permiten construir una voz po\u00e9tica singular para reflexionar sobre la paternidad desde una concepci\u00f3n experiencia. \u201cAllamamientu\u201d es un poemario en el sentido m\u00e1s estricto del t\u00e9rmino, no es una colecci\u00f3n de poemas sueltos, en el que hay poemas llenos de miedo, de dudas, de esperanza, de alegr\u00eda.<\/p>\n<p>Pablo Tex\u00f3n Casta\u00f1\u00f3n es profesor de ense\u00f1anza secundaria. Licenciado en Filolog\u00eda Espa\u00f1ola, especialista en Filolog\u00eda Asturiana. Es colaborador habitual en distintos diarios asturianos. Ganador de los premios de poes\u00eda Nen\u00e9 Losada Rico en el 2005 con la obra \u201cToles siendes\u201d y Teodoro Cuesta en el 2007 con \u201cLa culpa y la lluz\u201d.<\/p>\n<p>Adem\u00e1s es letrista de los grupos musicales, Dixebra, Verdasca, Alfredo Gonz\u00e1lez, Toli Morilla y responsable de la versi\u00f3n asturiana de \u201cXulia\u201dde August Strindberg que realiz\u00f3 para Teatro Margen.<\/p>\n<p>Bajo el lema \u201c40 a\u00f1os al son de la nuestra m\u00fasica\u201d, la Consejer\u00eda de Cultura, durante la XL edici\u00f3n de la Selmana de les Llestres Asturianes quiere homenajear y dar protagonismo a la m\u00fasica asturiana de los \u00faltimos cuarenta a\u00f1os, a la creaci\u00f3n art\u00edstica como elemento fundamental en la promoci\u00f3n del lenguaje vern\u00e1culo.<\/p>\n<p>Tras la finalizaci\u00f3n de la \u201cAlborada Po\u00e9tica\u201d el alumnado de las dos Escuelas Rurales del Concejo, Llorgozana y Guimar\u00e1n- El Valle participar\u00e1n en el Taller D\u2019Ant\u00f3n de Marirreguera. Con esta actividad se pretende acercar la literatura y los libros en llingua asturiana a trav\u00e9s de la figura de Ant\u00f3n a los ni\u00f1os y a las ni\u00f1as, el primer autor asturiano del que se tiene conocimiento.<\/p>\n","protected":false},"excerpt":{"rendered":"<p>El Concejo de Carre\u00f1o vuelve a ser el escenario escogido por la Consejer\u00eda de Educaci\u00f3n y Cultura para inaugurar la XL edici\u00f3n de las Selmana de les LLetres Asturianes con una \u201cAlborada Po\u00e9tica en la que se rendir\u00e1 homenaje al poeta carre\u00f1ense Ant\u00f3n de Mariarreguera. La imagen de la persona de Ant\u00f3n de Marirreguera cobra<\/p>\n","protected":false},"author":1,"featured_media":121485,"comment_status":"closed","ping_status":"closed","sticky":false,"template":"","format":"standard","meta":{"footnotes":""},"categories":[2],"tags":[],"class_list":{"0":"post-121484","1":"post","2":"type-post","3":"status-publish","4":"format-standard","5":"has-post-thumbnail","7":"category-noticias-carreno"},"aioseo_notices":[],"aioseo_head":"\n\t\t<!-- All in One SEO Pro 4.9.6.2 - aioseo.com -->\n\t<meta name=\"description\" content=\"El Concejo de Carre\u00f1o vuelve a ser el escenario escogido por la Consejer\u00eda de Educaci\u00f3n y Cultura para inaugurar la XL edici\u00f3n de las Selmana de les LLetres Asturianes con una \u201cAlborada Po\u00e9tica en la que se rendir\u00e1 homenaje al poeta carre\u00f1ense Ant\u00f3n de Mariarreguera. La imagen de la persona de Ant\u00f3n de Marirreguera cobra\" \/>\n\t<meta name=\"robots\" content=\"max-image-preview:large\" \/>\n\t<meta name=\"author\" content=\"Cand\u00e1s 365\"\/>\n\t<meta name=\"google-site-verification\" content=\"UA-32230408-1\" \/>\n\t<meta name=\"msvalidate.01\" content=\"354F3CDFB2DA171B47FBE9ABF1F88D5\" \/>\n\t<meta name=\"keywords\" content=\"noticias carre\u00f1o\" \/>\n\t<link rel=\"canonical\" href=\"https:\/\/candas365.es\/noticias\/segunda-alborada-poetica-en-llorgozana\/\" \/>\n\t<meta name=\"generator\" content=\"All in One SEO Pro (AIOSEO) 4.9.6.2\" \/>\n\t\t<meta property=\"og:locale\" content=\"es_ES\" \/>\n\t\t<meta property=\"og:site_name\" content=\"Cand\u00e1s 365\" \/>\n\t\t<meta property=\"og:type\" content=\"article\" \/>\n\t\t<meta property=\"og:title\" content=\"Segunda Alborada Po\u00e9tica en Llorgozana | Cand\u00e1s 365\" \/>\n\t\t<meta property=\"og:description\" content=\"El Concejo de Carre\u00f1o vuelve a ser el escenario escogido por la Consejer\u00eda de Educaci\u00f3n y Cultura para inaugurar la XL edici\u00f3n de las Selmana de les LLetres Asturianes con una \u201cAlborada Po\u00e9tica en la que se rendir\u00e1 homenaje al poeta carre\u00f1ense Ant\u00f3n de Mariarreguera. La imagen de la persona de Ant\u00f3n de Marirreguera cobra\" \/>\n\t\t<meta property=\"og:url\" content=\"https:\/\/candas365.es\/noticias\/segunda-alborada-poetica-en-llorgozana\/\" \/>\n\t\t<meta property=\"og:image\" content=\"https:\/\/candas365.es\/noticias\/wp-content\/uploads\/2019\/04\/jornadas-poeticas-de-logrezana.jpg\" \/>\n\t\t<meta property=\"og:image:secure_url\" content=\"https:\/\/candas365.es\/noticias\/wp-content\/uploads\/2019\/04\/jornadas-poeticas-de-logrezana.jpg\" \/>\n\t\t<meta property=\"og:image:width\" content=\"905\" \/>\n\t\t<meta property=\"og:image:height\" content=\"1280\" \/>\n\t\t<meta property=\"article:published_time\" content=\"2019-04-26T06:23:17+00:00\" \/>\n\t\t<meta property=\"article:modified_time\" content=\"2019-04-26T06:23:17+00:00\" \/>\n\t\t<meta property=\"article:publisher\" content=\"https:\/\/www.facebook.com\/Nachofdezber\" \/>\n\t\t<meta property=\"article:author\" content=\"https:\/\/www.facebook.com\/carrenoactualidad\" \/>\n\t\t<meta name=\"twitter:card\" content=\"summary_large_image\" \/>\n\t\t<meta name=\"twitter:site\" content=\"@NabercoDigital\" \/>\n\t\t<meta name=\"twitter:title\" content=\"Segunda Alborada Po\u00e9tica en Llorgozana | Cand\u00e1s 365\" \/>\n\t\t<meta name=\"twitter:description\" content=\"El Concejo de Carre\u00f1o vuelve a ser el escenario escogido por la Consejer\u00eda de Educaci\u00f3n y Cultura para inaugurar la XL edici\u00f3n de las Selmana de les LLetres Asturianes con una \u201cAlborada Po\u00e9tica en la que se rendir\u00e1 homenaje al poeta carre\u00f1ense Ant\u00f3n de Mariarreguera. La imagen de la persona de Ant\u00f3n de Marirreguera cobra\" \/>\n\t\t<meta name=\"twitter:creator\" content=\"@nbasturias\" \/>\n\t\t<meta name=\"twitter:image\" content=\"https:\/\/candas365.es\/noticias\/wp-content\/uploads\/2019\/04\/jornadas-poeticas-de-logrezana.jpg\" \/>\n\t\t<meta name=\"twitter:label1\" content=\"Escrito por\" \/>\n\t\t<meta name=\"twitter:data1\" content=\"Cand\u00e1s 365\" \/>\n\t\t<meta name=\"twitter:label2\" content=\"Tiempo de lectura estimado\" \/>\n\t\t<meta name=\"twitter:data2\" content=\"3 minutos\" \/>\n\t\t<script type=\"application\/ld+json\" class=\"aioseo-schema\">\n\t\t\t{\"@context\":\"https:\\\/\\\/schema.org\",\"@graph\":[{\"@type\":\"BreadcrumbList\",\"@id\":\"https:\\\/\\\/candas365.es\\\/noticias\\\/segunda-alborada-poetica-en-llorgozana\\\/#breadcrumblist\",\"itemListElement\":[{\"@type\":\"ListItem\",\"@id\":\"https:\\\/\\\/candas365.es\\\/noticias#listItem\",\"position\":1,\"name\":\"Home\",\"item\":\"https:\\\/\\\/candas365.es\\\/noticias\",\"nextItem\":{\"@type\":\"ListItem\",\"@id\":\"https:\\\/\\\/candas365.es\\\/noticias\\\/category\\\/noticias-carreno\\\/#listItem\",\"name\":\"Noticias Carre\\u00f1o\"}},{\"@type\":\"ListItem\",\"@id\":\"https:\\\/\\\/candas365.es\\\/noticias\\\/category\\\/noticias-carreno\\\/#listItem\",\"position\":2,\"name\":\"Noticias Carre\\u00f1o\",\"item\":\"https:\\\/\\\/candas365.es\\\/noticias\\\/category\\\/noticias-carreno\\\/\",\"nextItem\":{\"@type\":\"ListItem\",\"@id\":\"https:\\\/\\\/candas365.es\\\/noticias\\\/segunda-alborada-poetica-en-llorgozana\\\/#listItem\",\"name\":\"Segunda Alborada Po\\u00e9tica en Llorgozana\"},\"previousItem\":{\"@type\":\"ListItem\",\"@id\":\"https:\\\/\\\/candas365.es\\\/noticias#listItem\",\"name\":\"Home\"}},{\"@type\":\"ListItem\",\"@id\":\"https:\\\/\\\/candas365.es\\\/noticias\\\/segunda-alborada-poetica-en-llorgozana\\\/#listItem\",\"position\":3,\"name\":\"Segunda Alborada Po\\u00e9tica en Llorgozana\",\"previousItem\":{\"@type\":\"ListItem\",\"@id\":\"https:\\\/\\\/candas365.es\\\/noticias\\\/category\\\/noticias-carreno\\\/#listItem\",\"name\":\"Noticias Carre\\u00f1o\"}}]},{\"@type\":\"NewsArticle\",\"@id\":\"https:\\\/\\\/candas365.es\\\/noticias\\\/segunda-alborada-poetica-en-llorgozana\\\/#newsarticle\",\"name\":\"Segunda Alborada Po\\u00e9tica en Llorgozana | Cand\\u00e1s 365\",\"headline\":\"Segunda Alborada Po\\u00e9tica en Llorgozana\",\"author\":{\"@id\":\"https:\\\/\\\/candas365.es\\\/noticias\\\/author\\\/admin\\\/#author\"},\"publisher\":{\"@id\":\"https:\\\/\\\/candas365.es\\\/noticias\\\/#organization\"},\"image\":{\"@type\":\"ImageObject\",\"url\":\"https:\\\/\\\/candas365.es\\\/noticias\\\/wp-content\\\/uploads\\\/2019\\\/04\\\/jornadas-poeticas-de-logrezana.jpg\",\"width\":905,\"height\":1280},\"datePublished\":\"2019-04-26T06:23:17+02:00\",\"dateModified\":\"2019-04-26T06:23:17+02:00\",\"inLanguage\":\"es-ES\",\"mainEntityOfPage\":{\"@id\":\"https:\\\/\\\/candas365.es\\\/noticias\\\/segunda-alborada-poetica-en-llorgozana\\\/#webpage\"},\"isPartOf\":{\"@id\":\"https:\\\/\\\/candas365.es\\\/noticias\\\/segunda-alborada-poetica-en-llorgozana\\\/#webpage\"},\"articleSection\":\"Noticias Carre\\u00f1o\",\"dateline\":\"Publicado el abril 26, 2019.\"},{\"@type\":\"Organization\",\"@id\":\"https:\\\/\\\/candas365.es\\\/noticias\\\/#organization\",\"name\":\"Cand\\u00e1s 365\",\"description\":\"Cand\\u00e1s 365 es un diario digital independiente, fundado en 2012, con base en Asturias. Informamos con rigor sobre actualidad, sociedad, cultura y ocio, con una mirada local y global.\",\"url\":\"https:\\\/\\\/candas365.es\\\/noticias\\\/\",\"email\":\"info@candas365.es\",\"telephone\":\"+34652131393\",\"foundingDate\":\"2012-06-10\",\"logo\":{\"@type\":\"ImageObject\",\"url\":\"https:\\\/\\\/candas365.es\\\/noticias\\\/wp-content\\\/uploads\\\/2024\\\/09\\\/Candas-365-Redes.jpg\",\"@id\":\"https:\\\/\\\/candas365.es\\\/noticias\\\/segunda-alborada-poetica-en-llorgozana\\\/#organizationLogo\",\"width\":1152,\"height\":864,\"caption\":\"Cand\\u00e1s 365 Redes\"},\"image\":{\"@id\":\"https:\\\/\\\/candas365.es\\\/noticias\\\/segunda-alborada-poetica-en-llorgozana\\\/#organizationLogo\"},\"sameAs\":[\"https:\\\/\\\/www.facebook.com\\\/Nachofdezber\",\"https:\\\/\\\/x.com\\\/NabercoDigital\",\"https:\\\/\\\/www.instagram.com\\\/nachofdezber\\\/\",\"https:\\\/\\\/www.youtube.com\\\/channel\\\/UCZP-2wLEB9Rv6erhFmqVnvg\"],\"address\":{\"@id\":\"https:\\\/\\\/candas365.es\\\/noticias\\\/#postaladdress\",\"@type\":\"PostalAddress\",\"streetAddress\":\"san antonio 4, san antonio 4\",\"postalCode\":\"33430\",\"addressLocality\":\"Cand\\u00e1s\",\"addressRegion\":\"Asturias\",\"addressCountry\":\"ES\"}},{\"@type\":\"Person\",\"@id\":\"https:\\\/\\\/candas365.es\\\/noticias\\\/author\\\/admin\\\/#author\",\"url\":\"https:\\\/\\\/candas365.es\\\/noticias\\\/author\\\/admin\\\/\",\"name\":\"Cand\\u00e1s 365\",\"image\":{\"@type\":\"ImageObject\",\"@id\":\"https:\\\/\\\/candas365.es\\\/noticias\\\/segunda-alborada-poetica-en-llorgozana\\\/#authorImage\",\"url\":\"https:\\\/\\\/secure.gravatar.com\\\/avatar\\\/496a8e03d0c493ede1718b7934145dbdf8d89be1036b0eec9544e1094c9de390?s=96&d=mm&r=g\",\"width\":96,\"height\":96,\"caption\":\"Cand\\u00e1s 365\"},\"sameAs\":[\"https:\\\/\\\/www.facebook.com\\\/carrenoactualidad\",\"https:\\\/\\\/twitter.com\\\/nbasturias\",\"https:\\\/\\\/www.instagram.com\\\/nachofdezber\\\/\",\"https:\\\/\\\/www.youtube.com\\\/channel\\\/UCZP-2wLEB9Rv6erhFmqVnvg\"]},{\"@type\":\"WebPage\",\"@id\":\"https:\\\/\\\/candas365.es\\\/noticias\\\/segunda-alborada-poetica-en-llorgozana\\\/#webpage\",\"url\":\"https:\\\/\\\/candas365.es\\\/noticias\\\/segunda-alborada-poetica-en-llorgozana\\\/\",\"name\":\"Segunda Alborada Po\\u00e9tica en Llorgozana | Cand\\u00e1s 365\",\"description\":\"El Concejo de Carre\\u00f1o vuelve a ser el escenario escogido por la Consejer\\u00eda de Educaci\\u00f3n y Cultura para inaugurar la XL edici\\u00f3n de las Selmana de les LLetres Asturianes con una \\u201cAlborada Po\\u00e9tica en la que se rendir\\u00e1 homenaje al poeta carre\\u00f1ense Ant\\u00f3n de Mariarreguera. La imagen de la persona de Ant\\u00f3n de Marirreguera cobra\",\"inLanguage\":\"es-ES\",\"isPartOf\":{\"@id\":\"https:\\\/\\\/candas365.es\\\/noticias\\\/#website\"},\"breadcrumb\":{\"@id\":\"https:\\\/\\\/candas365.es\\\/noticias\\\/segunda-alborada-poetica-en-llorgozana\\\/#breadcrumblist\"},\"author\":{\"@id\":\"https:\\\/\\\/candas365.es\\\/noticias\\\/author\\\/admin\\\/#author\"},\"creator\":{\"@id\":\"https:\\\/\\\/candas365.es\\\/noticias\\\/author\\\/admin\\\/#author\"},\"image\":{\"@type\":\"ImageObject\",\"url\":\"https:\\\/\\\/candas365.es\\\/noticias\\\/wp-content\\\/uploads\\\/2019\\\/04\\\/jornadas-poeticas-de-logrezana.jpg\",\"@id\":\"https:\\\/\\\/candas365.es\\\/noticias\\\/segunda-alborada-poetica-en-llorgozana\\\/#mainImage\",\"width\":905,\"height\":1280},\"primaryImageOfPage\":{\"@id\":\"https:\\\/\\\/candas365.es\\\/noticias\\\/segunda-alborada-poetica-en-llorgozana\\\/#mainImage\"},\"datePublished\":\"2019-04-26T06:23:17+02:00\",\"dateModified\":\"2019-04-26T06:23:17+02:00\"},{\"@type\":\"WebSite\",\"@id\":\"https:\\\/\\\/candas365.es\\\/noticias\\\/#website\",\"url\":\"https:\\\/\\\/candas365.es\\\/noticias\\\/\",\"name\":\"Cand\\u00e1s 365\",\"alternateName\":\"Cand\\u00e1s 365 Noticias\",\"description\":\"Actualidad desde Carre\\u00f1o para el mundo\",\"inLanguage\":\"es-ES\",\"publisher\":{\"@id\":\"https:\\\/\\\/candas365.es\\\/noticias\\\/#organization\"}}]}\n\t\t<\/script>\n\t\t<!-- All in One SEO Pro -->\r\n\t\t<title>Segunda Alborada Po\u00e9tica en Llorgozana | Cand\u00e1s 365<\/title>\n\n","aioseo_head_json":{"title":"Segunda Alborada Po\u00e9tica en Llorgozana | Cand\u00e1s 365","description":"El Concejo de Carre\u00f1o vuelve a ser el escenario escogido por la Consejer\u00eda de Educaci\u00f3n y Cultura para inaugurar la XL edici\u00f3n de las Selmana de les LLetres Asturianes con una \u201cAlborada Po\u00e9tica en la que se rendir\u00e1 homenaje al poeta carre\u00f1ense Ant\u00f3n de Mariarreguera. La imagen de la persona de Ant\u00f3n de Marirreguera cobra","canonical_url":"https:\/\/candas365.es\/noticias\/segunda-alborada-poetica-en-llorgozana\/","robots":"max-image-preview:large","keywords":"noticias carre\u00f1o","webmasterTools":{"google-site-verification":"UA-32230408-1","msvalidate.01":"354F3CDFB2DA171B47FBE9ABF1F88D5","miscellaneous":""},"schema":{"@context":"https:\/\/schema.org","@graph":[{"@type":"BreadcrumbList","@id":"https:\/\/candas365.es\/noticias\/segunda-alborada-poetica-en-llorgozana\/#breadcrumblist","itemListElement":[{"@type":"ListItem","@id":"https:\/\/candas365.es\/noticias#listItem","position":1,"name":"Home","item":"https:\/\/candas365.es\/noticias","nextItem":{"@type":"ListItem","@id":"https:\/\/candas365.es\/noticias\/category\/noticias-carreno\/#listItem","name":"Noticias Carre\u00f1o"}},{"@type":"ListItem","@id":"https:\/\/candas365.es\/noticias\/category\/noticias-carreno\/#listItem","position":2,"name":"Noticias Carre\u00f1o","item":"https:\/\/candas365.es\/noticias\/category\/noticias-carreno\/","nextItem":{"@type":"ListItem","@id":"https:\/\/candas365.es\/noticias\/segunda-alborada-poetica-en-llorgozana\/#listItem","name":"Segunda Alborada Po\u00e9tica en Llorgozana"},"previousItem":{"@type":"ListItem","@id":"https:\/\/candas365.es\/noticias#listItem","name":"Home"}},{"@type":"ListItem","@id":"https:\/\/candas365.es\/noticias\/segunda-alborada-poetica-en-llorgozana\/#listItem","position":3,"name":"Segunda Alborada Po\u00e9tica en Llorgozana","previousItem":{"@type":"ListItem","@id":"https:\/\/candas365.es\/noticias\/category\/noticias-carreno\/#listItem","name":"Noticias Carre\u00f1o"}}]},{"@type":"NewsArticle","@id":"https:\/\/candas365.es\/noticias\/segunda-alborada-poetica-en-llorgozana\/#newsarticle","name":"Segunda Alborada Po\u00e9tica en Llorgozana | Cand\u00e1s 365","headline":"Segunda Alborada Po\u00e9tica en Llorgozana","author":{"@id":"https:\/\/candas365.es\/noticias\/author\/admin\/#author"},"publisher":{"@id":"https:\/\/candas365.es\/noticias\/#organization"},"image":{"@type":"ImageObject","url":"https:\/\/candas365.es\/noticias\/wp-content\/uploads\/2019\/04\/jornadas-poeticas-de-logrezana.jpg","width":905,"height":1280},"datePublished":"2019-04-26T06:23:17+02:00","dateModified":"2019-04-26T06:23:17+02:00","inLanguage":"es-ES","mainEntityOfPage":{"@id":"https:\/\/candas365.es\/noticias\/segunda-alborada-poetica-en-llorgozana\/#webpage"},"isPartOf":{"@id":"https:\/\/candas365.es\/noticias\/segunda-alborada-poetica-en-llorgozana\/#webpage"},"articleSection":"Noticias Carre\u00f1o","dateline":"Publicado el abril 26, 2019."},{"@type":"Organization","@id":"https:\/\/candas365.es\/noticias\/#organization","name":"Cand\u00e1s 365","description":"Cand\u00e1s 365 es un diario digital independiente, fundado en 2012, con base en Asturias. Informamos con rigor sobre actualidad, sociedad, cultura y ocio, con una mirada local y global.","url":"https:\/\/candas365.es\/noticias\/","email":"info@candas365.es","telephone":"+34652131393","foundingDate":"2012-06-10","logo":{"@type":"ImageObject","url":"https:\/\/candas365.es\/noticias\/wp-content\/uploads\/2024\/09\/Candas-365-Redes.jpg","@id":"https:\/\/candas365.es\/noticias\/segunda-alborada-poetica-en-llorgozana\/#organizationLogo","width":1152,"height":864,"caption":"Cand\u00e1s 365 Redes"},"image":{"@id":"https:\/\/candas365.es\/noticias\/segunda-alborada-poetica-en-llorgozana\/#organizationLogo"},"sameAs":["https:\/\/www.facebook.com\/Nachofdezber","https:\/\/x.com\/NabercoDigital","https:\/\/www.instagram.com\/nachofdezber\/","https:\/\/www.youtube.com\/channel\/UCZP-2wLEB9Rv6erhFmqVnvg"],"address":{"@id":"https:\/\/candas365.es\/noticias\/#postaladdress","@type":"PostalAddress","streetAddress":"san antonio 4, san antonio 4","postalCode":"33430","addressLocality":"Cand\u00e1s","addressRegion":"Asturias","addressCountry":"ES"}},{"@type":"Person","@id":"https:\/\/candas365.es\/noticias\/author\/admin\/#author","url":"https:\/\/candas365.es\/noticias\/author\/admin\/","name":"Cand\u00e1s 365","image":{"@type":"ImageObject","@id":"https:\/\/candas365.es\/noticias\/segunda-alborada-poetica-en-llorgozana\/#authorImage","url":"https:\/\/secure.gravatar.com\/avatar\/496a8e03d0c493ede1718b7934145dbdf8d89be1036b0eec9544e1094c9de390?s=96&d=mm&r=g","width":96,"height":96,"caption":"Cand\u00e1s 365"},"sameAs":["https:\/\/www.facebook.com\/carrenoactualidad","https:\/\/twitter.com\/nbasturias","https:\/\/www.instagram.com\/nachofdezber\/","https:\/\/www.youtube.com\/channel\/UCZP-2wLEB9Rv6erhFmqVnvg"]},{"@type":"WebPage","@id":"https:\/\/candas365.es\/noticias\/segunda-alborada-poetica-en-llorgozana\/#webpage","url":"https:\/\/candas365.es\/noticias\/segunda-alborada-poetica-en-llorgozana\/","name":"Segunda Alborada Po\u00e9tica en Llorgozana | Cand\u00e1s 365","description":"El Concejo de Carre\u00f1o vuelve a ser el escenario escogido por la Consejer\u00eda de Educaci\u00f3n y Cultura para inaugurar la XL edici\u00f3n de las Selmana de les LLetres Asturianes con una \u201cAlborada Po\u00e9tica en la que se rendir\u00e1 homenaje al poeta carre\u00f1ense Ant\u00f3n de Mariarreguera. La imagen de la persona de Ant\u00f3n de Marirreguera cobra","inLanguage":"es-ES","isPartOf":{"@id":"https:\/\/candas365.es\/noticias\/#website"},"breadcrumb":{"@id":"https:\/\/candas365.es\/noticias\/segunda-alborada-poetica-en-llorgozana\/#breadcrumblist"},"author":{"@id":"https:\/\/candas365.es\/noticias\/author\/admin\/#author"},"creator":{"@id":"https:\/\/candas365.es\/noticias\/author\/admin\/#author"},"image":{"@type":"ImageObject","url":"https:\/\/candas365.es\/noticias\/wp-content\/uploads\/2019\/04\/jornadas-poeticas-de-logrezana.jpg","@id":"https:\/\/candas365.es\/noticias\/segunda-alborada-poetica-en-llorgozana\/#mainImage","width":905,"height":1280},"primaryImageOfPage":{"@id":"https:\/\/candas365.es\/noticias\/segunda-alborada-poetica-en-llorgozana\/#mainImage"},"datePublished":"2019-04-26T06:23:17+02:00","dateModified":"2019-04-26T06:23:17+02:00"},{"@type":"WebSite","@id":"https:\/\/candas365.es\/noticias\/#website","url":"https:\/\/candas365.es\/noticias\/","name":"Cand\u00e1s 365","alternateName":"Cand\u00e1s 365 Noticias","description":"Actualidad desde Carre\u00f1o para el mundo","inLanguage":"es-ES","publisher":{"@id":"https:\/\/candas365.es\/noticias\/#organization"}}]},"og:locale":"es_ES","og:site_name":"Cand\u00e1s 365","og:type":"article","og:title":"Segunda Alborada Po\u00e9tica en Llorgozana | Cand\u00e1s 365","og:description":"El Concejo de Carre\u00f1o vuelve a ser el escenario escogido por la Consejer\u00eda de Educaci\u00f3n y Cultura para inaugurar la XL edici\u00f3n de las Selmana de les LLetres Asturianes con una \u201cAlborada Po\u00e9tica en la que se rendir\u00e1 homenaje al poeta carre\u00f1ense Ant\u00f3n de Mariarreguera. La imagen de la persona de Ant\u00f3n de Marirreguera cobra","og:url":"https:\/\/candas365.es\/noticias\/segunda-alborada-poetica-en-llorgozana\/","og:image":"https:\/\/candas365.es\/noticias\/wp-content\/uploads\/2019\/04\/jornadas-poeticas-de-logrezana.jpg","og:image:secure_url":"https:\/\/candas365.es\/noticias\/wp-content\/uploads\/2019\/04\/jornadas-poeticas-de-logrezana.jpg","og:image:width":905,"og:image:height":1280,"article:published_time":"2019-04-26T06:23:17+00:00","article:modified_time":"2019-04-26T06:23:17+00:00","article:publisher":"https:\/\/www.facebook.com\/Nachofdezber","article:author":"https:\/\/www.facebook.com\/carrenoactualidad","twitter:card":"summary_large_image","twitter:site":"@NabercoDigital","twitter:title":"Segunda Alborada Po\u00e9tica en Llorgozana | Cand\u00e1s 365","twitter:description":"El Concejo de Carre\u00f1o vuelve a ser el escenario escogido por la Consejer\u00eda de Educaci\u00f3n y Cultura para inaugurar la XL edici\u00f3n de las Selmana de les LLetres Asturianes con una \u201cAlborada Po\u00e9tica en la que se rendir\u00e1 homenaje al poeta carre\u00f1ense Ant\u00f3n de Mariarreguera. La imagen de la persona de Ant\u00f3n de Marirreguera cobra","twitter:creator":"@nbasturias","twitter:image":"https:\/\/candas365.es\/noticias\/wp-content\/uploads\/2019\/04\/jornadas-poeticas-de-logrezana.jpg","twitter:label1":"Escrito por","twitter:data1":"Cand\u00e1s 365","twitter:label2":"Tiempo de lectura estimado","twitter:data2":"3 minutos"},"aioseo_meta_data":{"post_id":"121484","title":null,"description":null,"keywords":null,"keyphrases":null,"primary_term":null,"canonical_url":null,"og_title":null,"og_description":null,"og_object_type":"default","og_image_type":"default","og_image_url":null,"og_image_width":null,"og_image_height":null,"og_image_custom_url":null,"og_image_custom_fields":null,"og_video":null,"og_custom_url":null,"og_article_section":null,"og_article_tags":null,"twitter_use_og":false,"twitter_card":"default","twitter_image_type":"default","twitter_image_url":null,"twitter_image_custom_url":null,"twitter_image_custom_fields":null,"twitter_title":null,"twitter_description":null,"schema":{"blockGraphs":[],"customGraphs":[],"default":{"data":{"Article":[],"Course":[],"Dataset":[],"FAQPage":[],"Movie":[],"Person":[],"Product":[],"ProductReview":[],"Car":[],"Recipe":[],"Service":[],"SoftwareApplication":[],"WebPage":[]},"graphName":"","isEnabled":true},"graphs":[]},"schema_type":null,"schema_type_options":null,"pillar_content":false,"robots_default":true,"robots_noindex":false,"robots_noarchive":false,"robots_nosnippet":false,"robots_nofollow":false,"robots_noimageindex":false,"robots_noodp":false,"robots_notranslate":false,"robots_max_snippet":null,"robots_max_videopreview":null,"robots_max_imagepreview":"large","priority":null,"frequency":null,"location":null,"local_seo":null,"seo_analyzer_scan_date":"2025-08-29 20:12:18","breadcrumb_settings":null,"limit_modified_date":false,"reviewed_by":null,"open_ai":null,"ai":null,"created":"2020-12-21 10:58:13","updated":"2025-08-29 20:12:18"},"aioseo_breadcrumb":"<div class=\"aioseo-breadcrumbs\"><span class=\"aioseo-breadcrumb\">\n\t<a href=\"https:\/\/candas365.es\/noticias\" title=\"Home\">Home<\/a>\n<\/span><span class=\"aioseo-breadcrumb-separator\">&ndash;<\/span><span class=\"aioseo-breadcrumb\">\n\t<a href=\"https:\/\/candas365.es\/noticias\/category\/noticias-carreno\/\" title=\"Noticias Carre\u00f1o\">Noticias Carre\u00f1o<\/a>\n<\/span><span class=\"aioseo-breadcrumb-separator\">&ndash;<\/span><span class=\"aioseo-breadcrumb\">\n\tSegunda Alborada Po\u00e9tica en Llorgozana\n<\/span><\/div>","aioseo_breadcrumb_json":[{"label":"Home","link":"https:\/\/candas365.es\/noticias"},{"label":"Noticias Carre\u00f1o","link":"https:\/\/candas365.es\/noticias\/category\/noticias-carreno\/"},{"label":"Segunda Alborada Po\u00e9tica en Llorgozana","link":"https:\/\/candas365.es\/noticias\/segunda-alborada-poetica-en-llorgozana\/"}],"_links":{"self":[{"href":"https:\/\/candas365.es\/noticias\/wp-json\/wp\/v2\/posts\/121484","targetHints":{"allow":["GET"]}}],"collection":[{"href":"https:\/\/candas365.es\/noticias\/wp-json\/wp\/v2\/posts"}],"about":[{"href":"https:\/\/candas365.es\/noticias\/wp-json\/wp\/v2\/types\/post"}],"author":[{"embeddable":true,"href":"https:\/\/candas365.es\/noticias\/wp-json\/wp\/v2\/users\/1"}],"replies":[{"embeddable":true,"href":"https:\/\/candas365.es\/noticias\/wp-json\/wp\/v2\/comments?post=121484"}],"version-history":[{"count":0,"href":"https:\/\/candas365.es\/noticias\/wp-json\/wp\/v2\/posts\/121484\/revisions"}],"wp:featuredmedia":[{"embeddable":true,"href":"https:\/\/candas365.es\/noticias\/wp-json\/wp\/v2\/media\/121485"}],"wp:attachment":[{"href":"https:\/\/candas365.es\/noticias\/wp-json\/wp\/v2\/media?parent=121484"}],"wp:term":[{"taxonomy":"category","embeddable":true,"href":"https:\/\/candas365.es\/noticias\/wp-json\/wp\/v2\/categories?post=121484"},{"taxonomy":"post_tag","embeddable":true,"href":"https:\/\/candas365.es\/noticias\/wp-json\/wp\/v2\/tags?post=121484"}],"curies":[{"name":"wp","href":"https:\/\/api.w.org\/{rel}","templated":true}]}}