{"id":121479,"date":"2019-04-26T06:13:57","date_gmt":"2019-04-26T06:13:57","guid":{"rendered":"http:\/\/candas365.es\/noticias\/?p=121479"},"modified":"2019-04-26T06:13:57","modified_gmt":"2019-04-26T06:13:57","slug":"teatro-de-sombras-en-el-centro-tito-bustillo-y-la-cuevona-de-ardines","status":"publish","type":"post","link":"https:\/\/candas365.es\/noticias\/teatro-de-sombras-en-el-centro-tito-bustillo-y-la-cuevona-de-ardines\/","title":{"rendered":"Teatro de Sombras en el Centro Tito Bustillo y la Cuevona de Ardines"},"content":{"rendered":"<p><img fetchpriority=\"high\" decoding=\"async\" class=\"alignleft size-medium wp-image-92505\" src=\"https:\/\/candas365.es\/noticias\/wp-content\/uploads\/2018\/03\/Centro-Tito-Bustillo-360x254.jpg\" alt=\"\" width=\"360\" height=\"254\" srcset=\"https:\/\/candas365.es\/noticias\/wp-content\/uploads\/2018\/03\/Centro-Tito-Bustillo-360x254.jpg 360w, https:\/\/candas365.es\/noticias\/wp-content\/uploads\/2018\/03\/Centro-Tito-Bustillo-100x70.jpg 100w, https:\/\/candas365.es\/noticias\/wp-content\/uploads\/2018\/03\/Centro-Tito-Bustillo-696x492.jpg 696w, https:\/\/candas365.es\/noticias\/wp-content\/uploads\/2018\/03\/Centro-Tito-Bustillo-1068x754.jpg 1068w, https:\/\/candas365.es\/noticias\/wp-content\/uploads\/2018\/03\/Centro-Tito-Bustillo-595x420.jpg 595w, https:\/\/candas365.es\/noticias\/wp-content\/uploads\/2018\/03\/Centro-Tito-Bustillo-768x542.jpg 768w, https:\/\/candas365.es\/noticias\/wp-content\/uploads\/2018\/03\/Centro-Tito-Bustillo-655x463.jpg 655w, https:\/\/candas365.es\/noticias\/wp-content\/uploads\/2018\/03\/Centro-Tito-Bustillo.jpg 1280w\" sizes=\"(max-width: 360px) 100vw, 360px\" \/>El Centro de Arte Rupestre de Tito Bustillo organiza un taller y un espect\u00e1culo de sombras este s\u00e1bado 27 de abril.<\/p>\n<p>El grupo Turneb\u00eds del Tribil\u00edn utilizar\u00e1 las sombras para contar grandes historias con el p\u00fablico infantil de 4 a 11 a\u00f1os en el taller de las 16:00 horas en el Centro de Arte Rupestre.<\/p>\n<p>A continuaci\u00f3n, a las 17:30 horas, Turneb\u00eds del Tribil\u00edn trasladar\u00e1 las historias a la Cuevona de Ardines, con un espect\u00e1culo en el que conseguir\u00e1 introducir al p\u00fablico familiar en las narraciones como si fueran los protagonistas. En una de ellas descubrir\u00e1 incluso c\u00f3mo se produjo la extinci\u00f3n de los neandertales.<\/p>\n<p>Las plazas para el taller est\u00e1n disponibles a un precio general de 3 euros y reducida de 2,50 euros para socios del Club Cultura Asturias, Pasaporte Cultural, Fnac y Carn\u00e9 Joven. Las entradas para el espect\u00e1culo, a punto de agotarse, se pueden adquirir a un precio general de 3,50 euros y reducido de 3 euros en la Recepci\u00f3n del Centro de Arte Rupestre o a trav\u00e9s de la web www.centrotitobustillo.com.<\/p>\n","protected":false},"excerpt":{"rendered":"<p>El Centro de Arte Rupestre de Tito Bustillo organiza un taller y un espect\u00e1culo de sombras este s\u00e1bado 27 de abril. El grupo Turneb\u00eds del Tribil\u00edn utilizar\u00e1 las sombras para contar grandes historias con el p\u00fablico infantil de 4 a 11 a\u00f1os en el taller de las 16:00 horas en el Centro de Arte Rupestre.<\/p>\n","protected":false},"author":1,"featured_media":92505,"comment_status":"closed","ping_status":"closed","sticky":false,"template":"","format":"standard","meta":{"footnotes":""},"categories":[1],"tags":[],"class_list":{"0":"post-121479","1":"post","2":"type-post","3":"status-publish","4":"format-standard","5":"has-post-thumbnail","7":"category-agenda"},"aioseo_notices":[],"aioseo_head":"\n\t\t<!-- All in One SEO Pro 4.9.6.2 - aioseo.com -->\n\t<meta name=\"description\" content=\"El Centro de Arte Rupestre de Tito Bustillo organiza un taller y un espect\u00e1culo de sombras este s\u00e1bado 27 de abril. El grupo Turneb\u00eds del Tribil\u00edn utilizar\u00e1 las sombras para contar grandes historias con el p\u00fablico infantil de 4 a 11 a\u00f1os en el taller de las 16:00 horas en el Centro de Arte Rupestre.\" \/>\n\t<meta name=\"robots\" content=\"max-image-preview:large\" \/>\n\t<meta name=\"author\" content=\"Cand\u00e1s 365\"\/>\n\t<meta name=\"google-site-verification\" content=\"UA-32230408-1\" \/>\n\t<meta name=\"msvalidate.01\" content=\"354F3CDFB2DA171B47FBE9ABF1F88D5\" \/>\n\t<meta name=\"keywords\" content=\"agenda\" \/>\n\t<link rel=\"canonical\" href=\"https:\/\/candas365.es\/noticias\/teatro-de-sombras-en-el-centro-tito-bustillo-y-la-cuevona-de-ardines\/\" \/>\n\t<meta name=\"generator\" content=\"All in One SEO Pro (AIOSEO) 4.9.6.2\" \/>\n\t\t<meta property=\"og:locale\" content=\"es_ES\" \/>\n\t\t<meta property=\"og:site_name\" content=\"Cand\u00e1s 365\" \/>\n\t\t<meta property=\"og:type\" content=\"article\" \/>\n\t\t<meta property=\"og:title\" content=\"Teatro de Sombras en el Centro Tito Bustillo y la Cuevona de Ardines | Cand\u00e1s 365\" \/>\n\t\t<meta property=\"og:description\" content=\"El Centro de Arte Rupestre de Tito Bustillo organiza un taller y un espect\u00e1culo de sombras este s\u00e1bado 27 de abril. El grupo Turneb\u00eds del Tribil\u00edn utilizar\u00e1 las sombras para contar grandes historias con el p\u00fablico infantil de 4 a 11 a\u00f1os en el taller de las 16:00 horas en el Centro de Arte Rupestre.\" \/>\n\t\t<meta property=\"og:url\" content=\"https:\/\/candas365.es\/noticias\/teatro-de-sombras-en-el-centro-tito-bustillo-y-la-cuevona-de-ardines\/\" \/>\n\t\t<meta property=\"og:image\" content=\"https:\/\/candas365.es\/noticias\/wp-content\/uploads\/2018\/03\/Centro-Tito-Bustillo.jpg\" \/>\n\t\t<meta property=\"og:image:secure_url\" content=\"https:\/\/candas365.es\/noticias\/wp-content\/uploads\/2018\/03\/Centro-Tito-Bustillo.jpg\" \/>\n\t\t<meta property=\"og:image:width\" content=\"1280\" \/>\n\t\t<meta property=\"og:image:height\" content=\"904\" \/>\n\t\t<meta property=\"article:published_time\" content=\"2019-04-26T06:13:57+00:00\" \/>\n\t\t<meta property=\"article:modified_time\" content=\"2019-04-26T06:13:57+00:00\" \/>\n\t\t<meta property=\"article:publisher\" content=\"https:\/\/www.facebook.com\/Nachofdezber\" \/>\n\t\t<meta property=\"article:author\" content=\"https:\/\/www.facebook.com\/carrenoactualidad\" \/>\n\t\t<meta name=\"twitter:card\" content=\"summary_large_image\" \/>\n\t\t<meta name=\"twitter:site\" content=\"@NabercoDigital\" \/>\n\t\t<meta name=\"twitter:title\" content=\"Teatro de Sombras en el Centro Tito Bustillo y la Cuevona de Ardines | Cand\u00e1s 365\" \/>\n\t\t<meta name=\"twitter:description\" content=\"El Centro de Arte Rupestre de Tito Bustillo organiza un taller y un espect\u00e1culo de sombras este s\u00e1bado 27 de abril. El grupo Turneb\u00eds del Tribil\u00edn utilizar\u00e1 las sombras para contar grandes historias con el p\u00fablico infantil de 4 a 11 a\u00f1os en el taller de las 16:00 horas en el Centro de Arte Rupestre.\" \/>\n\t\t<meta name=\"twitter:creator\" content=\"@nbasturias\" \/>\n\t\t<meta name=\"twitter:image\" content=\"https:\/\/candas365.es\/noticias\/wp-content\/uploads\/2018\/03\/Centro-Tito-Bustillo.jpg\" \/>\n\t\t<meta name=\"twitter:label1\" content=\"Escrito por\" \/>\n\t\t<meta name=\"twitter:data1\" content=\"Cand\u00e1s 365\" \/>\n\t\t<meta name=\"twitter:label2\" content=\"Tiempo de lectura estimado\" \/>\n\t\t<meta name=\"twitter:data2\" content=\"1 minuto\" \/>\n\t\t<script type=\"application\/ld+json\" class=\"aioseo-schema\">\n\t\t\t{\"@context\":\"https:\\\/\\\/schema.org\",\"@graph\":[{\"@type\":\"BreadcrumbList\",\"@id\":\"https:\\\/\\\/candas365.es\\\/noticias\\\/teatro-de-sombras-en-el-centro-tito-bustillo-y-la-cuevona-de-ardines\\\/#breadcrumblist\",\"itemListElement\":[{\"@type\":\"ListItem\",\"@id\":\"https:\\\/\\\/candas365.es\\\/noticias#listItem\",\"position\":1,\"name\":\"Home\",\"item\":\"https:\\\/\\\/candas365.es\\\/noticias\",\"nextItem\":{\"@type\":\"ListItem\",\"@id\":\"https:\\\/\\\/candas365.es\\\/noticias\\\/category\\\/agenda\\\/#listItem\",\"name\":\"Agenda\"}},{\"@type\":\"ListItem\",\"@id\":\"https:\\\/\\\/candas365.es\\\/noticias\\\/category\\\/agenda\\\/#listItem\",\"position\":2,\"name\":\"Agenda\",\"item\":\"https:\\\/\\\/candas365.es\\\/noticias\\\/category\\\/agenda\\\/\",\"nextItem\":{\"@type\":\"ListItem\",\"@id\":\"https:\\\/\\\/candas365.es\\\/noticias\\\/teatro-de-sombras-en-el-centro-tito-bustillo-y-la-cuevona-de-ardines\\\/#listItem\",\"name\":\"Teatro de Sombras en el Centro Tito Bustillo y la Cuevona de Ardines\"},\"previousItem\":{\"@type\":\"ListItem\",\"@id\":\"https:\\\/\\\/candas365.es\\\/noticias#listItem\",\"name\":\"Home\"}},{\"@type\":\"ListItem\",\"@id\":\"https:\\\/\\\/candas365.es\\\/noticias\\\/teatro-de-sombras-en-el-centro-tito-bustillo-y-la-cuevona-de-ardines\\\/#listItem\",\"position\":3,\"name\":\"Teatro de Sombras en el Centro Tito Bustillo y la Cuevona de Ardines\",\"previousItem\":{\"@type\":\"ListItem\",\"@id\":\"https:\\\/\\\/candas365.es\\\/noticias\\\/category\\\/agenda\\\/#listItem\",\"name\":\"Agenda\"}}]},{\"@type\":\"NewsArticle\",\"@id\":\"https:\\\/\\\/candas365.es\\\/noticias\\\/teatro-de-sombras-en-el-centro-tito-bustillo-y-la-cuevona-de-ardines\\\/#newsarticle\",\"name\":\"Teatro de Sombras en el Centro Tito Bustillo y la Cuevona de Ardines | Cand\\u00e1s 365\",\"headline\":\"Teatro de Sombras en el Centro Tito Bustillo y la Cuevona de Ardines\",\"author\":{\"@id\":\"https:\\\/\\\/candas365.es\\\/noticias\\\/author\\\/admin\\\/#author\"},\"publisher\":{\"@id\":\"https:\\\/\\\/candas365.es\\\/noticias\\\/#organization\"},\"image\":{\"@type\":\"ImageObject\",\"url\":\"https:\\\/\\\/candas365.es\\\/noticias\\\/wp-content\\\/uploads\\\/2018\\\/03\\\/Centro-Tito-Bustillo.jpg\",\"width\":1280,\"height\":904},\"datePublished\":\"2019-04-26T06:13:57+02:00\",\"dateModified\":\"2019-04-26T06:13:57+02:00\",\"inLanguage\":\"es-ES\",\"mainEntityOfPage\":{\"@id\":\"https:\\\/\\\/candas365.es\\\/noticias\\\/teatro-de-sombras-en-el-centro-tito-bustillo-y-la-cuevona-de-ardines\\\/#webpage\"},\"isPartOf\":{\"@id\":\"https:\\\/\\\/candas365.es\\\/noticias\\\/teatro-de-sombras-en-el-centro-tito-bustillo-y-la-cuevona-de-ardines\\\/#webpage\"},\"articleSection\":\"Agenda\",\"dateline\":\"Publicado el abril 26, 2019.\"},{\"@type\":\"Organization\",\"@id\":\"https:\\\/\\\/candas365.es\\\/noticias\\\/#organization\",\"name\":\"Cand\\u00e1s 365\",\"description\":\"Cand\\u00e1s 365 es un diario digital independiente, fundado en 2012, con base en Asturias. Informamos con rigor sobre actualidad, sociedad, cultura y ocio, con una mirada local y global.\",\"url\":\"https:\\\/\\\/candas365.es\\\/noticias\\\/\",\"email\":\"info@candas365.es\",\"telephone\":\"+34652131393\",\"foundingDate\":\"2012-06-10\",\"logo\":{\"@type\":\"ImageObject\",\"url\":\"https:\\\/\\\/candas365.es\\\/noticias\\\/wp-content\\\/uploads\\\/2024\\\/09\\\/Candas-365-Redes.jpg\",\"@id\":\"https:\\\/\\\/candas365.es\\\/noticias\\\/teatro-de-sombras-en-el-centro-tito-bustillo-y-la-cuevona-de-ardines\\\/#organizationLogo\",\"width\":1152,\"height\":864,\"caption\":\"Cand\\u00e1s 365 Redes\"},\"image\":{\"@id\":\"https:\\\/\\\/candas365.es\\\/noticias\\\/teatro-de-sombras-en-el-centro-tito-bustillo-y-la-cuevona-de-ardines\\\/#organizationLogo\"},\"sameAs\":[\"https:\\\/\\\/www.facebook.com\\\/Nachofdezber\",\"https:\\\/\\\/x.com\\\/NabercoDigital\",\"https:\\\/\\\/www.instagram.com\\\/nachofdezber\\\/\",\"https:\\\/\\\/www.youtube.com\\\/channel\\\/UCZP-2wLEB9Rv6erhFmqVnvg\"],\"address\":{\"@id\":\"https:\\\/\\\/candas365.es\\\/noticias\\\/#postaladdress\",\"@type\":\"PostalAddress\",\"streetAddress\":\"san antonio 4, san antonio 4\",\"postalCode\":\"33430\",\"addressLocality\":\"Cand\\u00e1s\",\"addressRegion\":\"Asturias\",\"addressCountry\":\"ES\"}},{\"@type\":\"Person\",\"@id\":\"https:\\\/\\\/candas365.es\\\/noticias\\\/author\\\/admin\\\/#author\",\"url\":\"https:\\\/\\\/candas365.es\\\/noticias\\\/author\\\/admin\\\/\",\"name\":\"Cand\\u00e1s 365\",\"image\":{\"@type\":\"ImageObject\",\"@id\":\"https:\\\/\\\/candas365.es\\\/noticias\\\/teatro-de-sombras-en-el-centro-tito-bustillo-y-la-cuevona-de-ardines\\\/#authorImage\",\"url\":\"https:\\\/\\\/secure.gravatar.com\\\/avatar\\\/496a8e03d0c493ede1718b7934145dbdf8d89be1036b0eec9544e1094c9de390?s=96&d=mm&r=g\",\"width\":96,\"height\":96,\"caption\":\"Cand\\u00e1s 365\"},\"sameAs\":[\"https:\\\/\\\/www.facebook.com\\\/carrenoactualidad\",\"https:\\\/\\\/twitter.com\\\/nbasturias\",\"https:\\\/\\\/www.instagram.com\\\/nachofdezber\\\/\",\"https:\\\/\\\/www.youtube.com\\\/channel\\\/UCZP-2wLEB9Rv6erhFmqVnvg\"]},{\"@type\":\"WebPage\",\"@id\":\"https:\\\/\\\/candas365.es\\\/noticias\\\/teatro-de-sombras-en-el-centro-tito-bustillo-y-la-cuevona-de-ardines\\\/#webpage\",\"url\":\"https:\\\/\\\/candas365.es\\\/noticias\\\/teatro-de-sombras-en-el-centro-tito-bustillo-y-la-cuevona-de-ardines\\\/\",\"name\":\"Teatro de Sombras en el Centro Tito Bustillo y la Cuevona de Ardines | Cand\\u00e1s 365\",\"description\":\"El Centro de Arte Rupestre de Tito Bustillo organiza un taller y un espect\\u00e1culo de sombras este s\\u00e1bado 27 de abril. El grupo Turneb\\u00eds del Tribil\\u00edn utilizar\\u00e1 las sombras para contar grandes historias con el p\\u00fablico infantil de 4 a 11 a\\u00f1os en el taller de las 16:00 horas en el Centro de Arte Rupestre.\",\"inLanguage\":\"es-ES\",\"isPartOf\":{\"@id\":\"https:\\\/\\\/candas365.es\\\/noticias\\\/#website\"},\"breadcrumb\":{\"@id\":\"https:\\\/\\\/candas365.es\\\/noticias\\\/teatro-de-sombras-en-el-centro-tito-bustillo-y-la-cuevona-de-ardines\\\/#breadcrumblist\"},\"author\":{\"@id\":\"https:\\\/\\\/candas365.es\\\/noticias\\\/author\\\/admin\\\/#author\"},\"creator\":{\"@id\":\"https:\\\/\\\/candas365.es\\\/noticias\\\/author\\\/admin\\\/#author\"},\"image\":{\"@type\":\"ImageObject\",\"url\":\"https:\\\/\\\/candas365.es\\\/noticias\\\/wp-content\\\/uploads\\\/2018\\\/03\\\/Centro-Tito-Bustillo.jpg\",\"@id\":\"https:\\\/\\\/candas365.es\\\/noticias\\\/teatro-de-sombras-en-el-centro-tito-bustillo-y-la-cuevona-de-ardines\\\/#mainImage\",\"width\":1280,\"height\":904},\"primaryImageOfPage\":{\"@id\":\"https:\\\/\\\/candas365.es\\\/noticias\\\/teatro-de-sombras-en-el-centro-tito-bustillo-y-la-cuevona-de-ardines\\\/#mainImage\"},\"datePublished\":\"2019-04-26T06:13:57+02:00\",\"dateModified\":\"2019-04-26T06:13:57+02:00\"},{\"@type\":\"WebSite\",\"@id\":\"https:\\\/\\\/candas365.es\\\/noticias\\\/#website\",\"url\":\"https:\\\/\\\/candas365.es\\\/noticias\\\/\",\"name\":\"Cand\\u00e1s 365\",\"alternateName\":\"Cand\\u00e1s 365 Noticias\",\"description\":\"Actualidad desde Carre\\u00f1o para el mundo\",\"inLanguage\":\"es-ES\",\"publisher\":{\"@id\":\"https:\\\/\\\/candas365.es\\\/noticias\\\/#organization\"}}]}\n\t\t<\/script>\n\t\t<!-- All in One SEO Pro -->\r\n\t\t<title>Teatro de Sombras en el Centro Tito Bustillo y la Cuevona de Ardines | Cand\u00e1s 365<\/title>\n\n","aioseo_head_json":{"title":"Teatro de Sombras en el Centro Tito Bustillo y la Cuevona de Ardines | Cand\u00e1s 365","description":"El Centro de Arte Rupestre de Tito Bustillo organiza un taller y un espect\u00e1culo de sombras este s\u00e1bado 27 de abril. El grupo Turneb\u00eds del Tribil\u00edn utilizar\u00e1 las sombras para contar grandes historias con el p\u00fablico infantil de 4 a 11 a\u00f1os en el taller de las 16:00 horas en el Centro de Arte Rupestre.","canonical_url":"https:\/\/candas365.es\/noticias\/teatro-de-sombras-en-el-centro-tito-bustillo-y-la-cuevona-de-ardines\/","robots":"max-image-preview:large","keywords":"agenda","webmasterTools":{"google-site-verification":"UA-32230408-1","msvalidate.01":"354F3CDFB2DA171B47FBE9ABF1F88D5","miscellaneous":""},"schema":{"@context":"https:\/\/schema.org","@graph":[{"@type":"BreadcrumbList","@id":"https:\/\/candas365.es\/noticias\/teatro-de-sombras-en-el-centro-tito-bustillo-y-la-cuevona-de-ardines\/#breadcrumblist","itemListElement":[{"@type":"ListItem","@id":"https:\/\/candas365.es\/noticias#listItem","position":1,"name":"Home","item":"https:\/\/candas365.es\/noticias","nextItem":{"@type":"ListItem","@id":"https:\/\/candas365.es\/noticias\/category\/agenda\/#listItem","name":"Agenda"}},{"@type":"ListItem","@id":"https:\/\/candas365.es\/noticias\/category\/agenda\/#listItem","position":2,"name":"Agenda","item":"https:\/\/candas365.es\/noticias\/category\/agenda\/","nextItem":{"@type":"ListItem","@id":"https:\/\/candas365.es\/noticias\/teatro-de-sombras-en-el-centro-tito-bustillo-y-la-cuevona-de-ardines\/#listItem","name":"Teatro de Sombras en el Centro Tito Bustillo y la Cuevona de Ardines"},"previousItem":{"@type":"ListItem","@id":"https:\/\/candas365.es\/noticias#listItem","name":"Home"}},{"@type":"ListItem","@id":"https:\/\/candas365.es\/noticias\/teatro-de-sombras-en-el-centro-tito-bustillo-y-la-cuevona-de-ardines\/#listItem","position":3,"name":"Teatro de Sombras en el Centro Tito Bustillo y la Cuevona de Ardines","previousItem":{"@type":"ListItem","@id":"https:\/\/candas365.es\/noticias\/category\/agenda\/#listItem","name":"Agenda"}}]},{"@type":"NewsArticle","@id":"https:\/\/candas365.es\/noticias\/teatro-de-sombras-en-el-centro-tito-bustillo-y-la-cuevona-de-ardines\/#newsarticle","name":"Teatro de Sombras en el Centro Tito Bustillo y la Cuevona de Ardines | Cand\u00e1s 365","headline":"Teatro de Sombras en el Centro Tito Bustillo y la Cuevona de Ardines","author":{"@id":"https:\/\/candas365.es\/noticias\/author\/admin\/#author"},"publisher":{"@id":"https:\/\/candas365.es\/noticias\/#organization"},"image":{"@type":"ImageObject","url":"https:\/\/candas365.es\/noticias\/wp-content\/uploads\/2018\/03\/Centro-Tito-Bustillo.jpg","width":1280,"height":904},"datePublished":"2019-04-26T06:13:57+02:00","dateModified":"2019-04-26T06:13:57+02:00","inLanguage":"es-ES","mainEntityOfPage":{"@id":"https:\/\/candas365.es\/noticias\/teatro-de-sombras-en-el-centro-tito-bustillo-y-la-cuevona-de-ardines\/#webpage"},"isPartOf":{"@id":"https:\/\/candas365.es\/noticias\/teatro-de-sombras-en-el-centro-tito-bustillo-y-la-cuevona-de-ardines\/#webpage"},"articleSection":"Agenda","dateline":"Publicado el abril 26, 2019."},{"@type":"Organization","@id":"https:\/\/candas365.es\/noticias\/#organization","name":"Cand\u00e1s 365","description":"Cand\u00e1s 365 es un diario digital independiente, fundado en 2012, con base en Asturias. Informamos con rigor sobre actualidad, sociedad, cultura y ocio, con una mirada local y global.","url":"https:\/\/candas365.es\/noticias\/","email":"info@candas365.es","telephone":"+34652131393","foundingDate":"2012-06-10","logo":{"@type":"ImageObject","url":"https:\/\/candas365.es\/noticias\/wp-content\/uploads\/2024\/09\/Candas-365-Redes.jpg","@id":"https:\/\/candas365.es\/noticias\/teatro-de-sombras-en-el-centro-tito-bustillo-y-la-cuevona-de-ardines\/#organizationLogo","width":1152,"height":864,"caption":"Cand\u00e1s 365 Redes"},"image":{"@id":"https:\/\/candas365.es\/noticias\/teatro-de-sombras-en-el-centro-tito-bustillo-y-la-cuevona-de-ardines\/#organizationLogo"},"sameAs":["https:\/\/www.facebook.com\/Nachofdezber","https:\/\/x.com\/NabercoDigital","https:\/\/www.instagram.com\/nachofdezber\/","https:\/\/www.youtube.com\/channel\/UCZP-2wLEB9Rv6erhFmqVnvg"],"address":{"@id":"https:\/\/candas365.es\/noticias\/#postaladdress","@type":"PostalAddress","streetAddress":"san antonio 4, san antonio 4","postalCode":"33430","addressLocality":"Cand\u00e1s","addressRegion":"Asturias","addressCountry":"ES"}},{"@type":"Person","@id":"https:\/\/candas365.es\/noticias\/author\/admin\/#author","url":"https:\/\/candas365.es\/noticias\/author\/admin\/","name":"Cand\u00e1s 365","image":{"@type":"ImageObject","@id":"https:\/\/candas365.es\/noticias\/teatro-de-sombras-en-el-centro-tito-bustillo-y-la-cuevona-de-ardines\/#authorImage","url":"https:\/\/secure.gravatar.com\/avatar\/496a8e03d0c493ede1718b7934145dbdf8d89be1036b0eec9544e1094c9de390?s=96&d=mm&r=g","width":96,"height":96,"caption":"Cand\u00e1s 365"},"sameAs":["https:\/\/www.facebook.com\/carrenoactualidad","https:\/\/twitter.com\/nbasturias","https:\/\/www.instagram.com\/nachofdezber\/","https:\/\/www.youtube.com\/channel\/UCZP-2wLEB9Rv6erhFmqVnvg"]},{"@type":"WebPage","@id":"https:\/\/candas365.es\/noticias\/teatro-de-sombras-en-el-centro-tito-bustillo-y-la-cuevona-de-ardines\/#webpage","url":"https:\/\/candas365.es\/noticias\/teatro-de-sombras-en-el-centro-tito-bustillo-y-la-cuevona-de-ardines\/","name":"Teatro de Sombras en el Centro Tito Bustillo y la Cuevona de Ardines | Cand\u00e1s 365","description":"El Centro de Arte Rupestre de Tito Bustillo organiza un taller y un espect\u00e1culo de sombras este s\u00e1bado 27 de abril. El grupo Turneb\u00eds del Tribil\u00edn utilizar\u00e1 las sombras para contar grandes historias con el p\u00fablico infantil de 4 a 11 a\u00f1os en el taller de las 16:00 horas en el Centro de Arte Rupestre.","inLanguage":"es-ES","isPartOf":{"@id":"https:\/\/candas365.es\/noticias\/#website"},"breadcrumb":{"@id":"https:\/\/candas365.es\/noticias\/teatro-de-sombras-en-el-centro-tito-bustillo-y-la-cuevona-de-ardines\/#breadcrumblist"},"author":{"@id":"https:\/\/candas365.es\/noticias\/author\/admin\/#author"},"creator":{"@id":"https:\/\/candas365.es\/noticias\/author\/admin\/#author"},"image":{"@type":"ImageObject","url":"https:\/\/candas365.es\/noticias\/wp-content\/uploads\/2018\/03\/Centro-Tito-Bustillo.jpg","@id":"https:\/\/candas365.es\/noticias\/teatro-de-sombras-en-el-centro-tito-bustillo-y-la-cuevona-de-ardines\/#mainImage","width":1280,"height":904},"primaryImageOfPage":{"@id":"https:\/\/candas365.es\/noticias\/teatro-de-sombras-en-el-centro-tito-bustillo-y-la-cuevona-de-ardines\/#mainImage"},"datePublished":"2019-04-26T06:13:57+02:00","dateModified":"2019-04-26T06:13:57+02:00"},{"@type":"WebSite","@id":"https:\/\/candas365.es\/noticias\/#website","url":"https:\/\/candas365.es\/noticias\/","name":"Cand\u00e1s 365","alternateName":"Cand\u00e1s 365 Noticias","description":"Actualidad desde Carre\u00f1o para el mundo","inLanguage":"es-ES","publisher":{"@id":"https:\/\/candas365.es\/noticias\/#organization"}}]},"og:locale":"es_ES","og:site_name":"Cand\u00e1s 365","og:type":"article","og:title":"Teatro de Sombras en el Centro Tito Bustillo y la Cuevona de Ardines | Cand\u00e1s 365","og:description":"El Centro de Arte Rupestre de Tito Bustillo organiza un taller y un espect\u00e1culo de sombras este s\u00e1bado 27 de abril. El grupo Turneb\u00eds del Tribil\u00edn utilizar\u00e1 las sombras para contar grandes historias con el p\u00fablico infantil de 4 a 11 a\u00f1os en el taller de las 16:00 horas en el Centro de Arte Rupestre.","og:url":"https:\/\/candas365.es\/noticias\/teatro-de-sombras-en-el-centro-tito-bustillo-y-la-cuevona-de-ardines\/","og:image":"https:\/\/candas365.es\/noticias\/wp-content\/uploads\/2018\/03\/Centro-Tito-Bustillo.jpg","og:image:secure_url":"https:\/\/candas365.es\/noticias\/wp-content\/uploads\/2018\/03\/Centro-Tito-Bustillo.jpg","og:image:width":1280,"og:image:height":904,"article:published_time":"2019-04-26T06:13:57+00:00","article:modified_time":"2019-04-26T06:13:57+00:00","article:publisher":"https:\/\/www.facebook.com\/Nachofdezber","article:author":"https:\/\/www.facebook.com\/carrenoactualidad","twitter:card":"summary_large_image","twitter:site":"@NabercoDigital","twitter:title":"Teatro de Sombras en el Centro Tito Bustillo y la Cuevona de Ardines | Cand\u00e1s 365","twitter:description":"El Centro de Arte Rupestre de Tito Bustillo organiza un taller y un espect\u00e1culo de sombras este s\u00e1bado 27 de abril. El grupo Turneb\u00eds del Tribil\u00edn utilizar\u00e1 las sombras para contar grandes historias con el p\u00fablico infantil de 4 a 11 a\u00f1os en el taller de las 16:00 horas en el Centro de Arte Rupestre.","twitter:creator":"@nbasturias","twitter:image":"https:\/\/candas365.es\/noticias\/wp-content\/uploads\/2018\/03\/Centro-Tito-Bustillo.jpg","twitter:label1":"Escrito por","twitter:data1":"Cand\u00e1s 365","twitter:label2":"Tiempo de lectura estimado","twitter:data2":"1 minuto"},"aioseo_meta_data":{"post_id":"121479","title":null,"description":null,"keywords":null,"keyphrases":null,"primary_term":null,"canonical_url":null,"og_title":null,"og_description":null,"og_object_type":"default","og_image_type":"default","og_image_url":null,"og_image_width":null,"og_image_height":null,"og_image_custom_url":null,"og_image_custom_fields":null,"og_video":null,"og_custom_url":null,"og_article_section":null,"og_article_tags":null,"twitter_use_og":false,"twitter_card":"default","twitter_image_type":"default","twitter_image_url":null,"twitter_image_custom_url":null,"twitter_image_custom_fields":null,"twitter_title":null,"twitter_description":null,"schema":{"blockGraphs":[],"customGraphs":[],"default":{"data":{"Article":[],"Course":[],"Dataset":[],"FAQPage":[],"Movie":[],"Person":[],"Product":[],"ProductReview":[],"Car":[],"Recipe":[],"Service":[],"SoftwareApplication":[],"WebPage":[]},"graphName":"","isEnabled":true},"graphs":[]},"schema_type":null,"schema_type_options":null,"pillar_content":false,"robots_default":true,"robots_noindex":false,"robots_noarchive":false,"robots_nosnippet":false,"robots_nofollow":false,"robots_noimageindex":false,"robots_noodp":false,"robots_notranslate":false,"robots_max_snippet":null,"robots_max_videopreview":null,"robots_max_imagepreview":"large","priority":null,"frequency":null,"location":null,"local_seo":null,"seo_analyzer_scan_date":"2025-08-29 20:10:19","breadcrumb_settings":null,"limit_modified_date":false,"reviewed_by":null,"open_ai":null,"ai":null,"created":"2020-12-21 10:58:13","updated":"2025-08-29 20:10:19"},"aioseo_breadcrumb":"<div class=\"aioseo-breadcrumbs\"><span class=\"aioseo-breadcrumb\">\n\t<a href=\"https:\/\/candas365.es\/noticias\" title=\"Home\">Home<\/a>\n<\/span><span class=\"aioseo-breadcrumb-separator\">&ndash;<\/span><span class=\"aioseo-breadcrumb\">\n\t<a href=\"https:\/\/candas365.es\/noticias\/category\/agenda\/\" title=\"Agenda\">Agenda<\/a>\n<\/span><span class=\"aioseo-breadcrumb-separator\">&ndash;<\/span><span class=\"aioseo-breadcrumb\">\n\tTeatro de Sombras en el Centro Tito Bustillo y la Cuevona de Ardines\n<\/span><\/div>","aioseo_breadcrumb_json":[{"label":"Home","link":"https:\/\/candas365.es\/noticias"},{"label":"Agenda","link":"https:\/\/candas365.es\/noticias\/category\/agenda\/"},{"label":"Teatro de Sombras en el Centro Tito Bustillo y la Cuevona de Ardines","link":"https:\/\/candas365.es\/noticias\/teatro-de-sombras-en-el-centro-tito-bustillo-y-la-cuevona-de-ardines\/"}],"_links":{"self":[{"href":"https:\/\/candas365.es\/noticias\/wp-json\/wp\/v2\/posts\/121479","targetHints":{"allow":["GET"]}}],"collection":[{"href":"https:\/\/candas365.es\/noticias\/wp-json\/wp\/v2\/posts"}],"about":[{"href":"https:\/\/candas365.es\/noticias\/wp-json\/wp\/v2\/types\/post"}],"author":[{"embeddable":true,"href":"https:\/\/candas365.es\/noticias\/wp-json\/wp\/v2\/users\/1"}],"replies":[{"embeddable":true,"href":"https:\/\/candas365.es\/noticias\/wp-json\/wp\/v2\/comments?post=121479"}],"version-history":[{"count":0,"href":"https:\/\/candas365.es\/noticias\/wp-json\/wp\/v2\/posts\/121479\/revisions"}],"wp:featuredmedia":[{"embeddable":true,"href":"https:\/\/candas365.es\/noticias\/wp-json\/wp\/v2\/media\/92505"}],"wp:attachment":[{"href":"https:\/\/candas365.es\/noticias\/wp-json\/wp\/v2\/media?parent=121479"}],"wp:term":[{"taxonomy":"category","embeddable":true,"href":"https:\/\/candas365.es\/noticias\/wp-json\/wp\/v2\/categories?post=121479"},{"taxonomy":"post_tag","embeddable":true,"href":"https:\/\/candas365.es\/noticias\/wp-json\/wp\/v2\/tags?post=121479"}],"curies":[{"name":"wp","href":"https:\/\/api.w.org\/{rel}","templated":true}]}}